{"id":50156,"date":"2022-04-05T22:06:14","date_gmt":"2022-04-05T21:06:14","guid":{"rendered":"https:\/\/jazairhope.org\/?p=50156"},"modified":"2022-04-05T22:06:39","modified_gmt":"2022-04-05T21:06:39","slug":"lelection-presidentielle-francaise-et-lalgerie-lopinion-otage-de-la-propagande-macroniste","status":"publish","type":"post","link":"https:\/\/jazairhope.org\/fr\/lelection-presidentielle-francaise-et-lalgerie-lopinion-otage-de-la-propagande-macroniste\/","title":{"rendered":"L\u2019\u00e9lection pr\u00e9sidentielle fran\u00e7aise et l\u2019Alg\u00e9rie : l\u2019opinion otage de la propagande macroniste"},"content":{"rendered":"<p><em><strong>Par Yazid Ben Hounet<\/strong><\/em><\/p>\n<p>\u00abL\u2019Alg\u00e9rie est le grand \u00e9lecteur dans les \u00e9lections pr\u00e9sidentielles fran\u00e7aises\u00bb, titrait Amin Zaoui dans sa chronique au quotidien Libert\u00e9 (30.12.2021). Et il n\u2019a pas tort. D\u2019une mani\u00e8re ou d\u2019une autre, l\u2019Alg\u00e9rie est convoqu\u00e9e, voire courtis\u00e9e, \u00e0 l\u2019approche de cette \u00e9ch\u00e9ance politique majeure. On se souvient de la visite \u00e9lectorale de l\u2019actuel pr\u00e9sident fran\u00e7ais Emmanuel Macron, en f\u00e9vrier 2017, et de sa fameuse r\u00e9ponse \u00abla colonisation est un crime contre l\u2019humanit\u00e9\u00bb au micro de Khaled Drareni (15 f\u00e9vrier 2017, Echorouk). Mais peu se souviennent qu\u2019il \u00e9tait accompagn\u00e9, durant sa visite, de deux criminels notoires : Alexandre Benalla, son garde du corps, condamn\u00e9, depuis, pour violences et poursuivi par la justice fran\u00e7aise pour corruption ; Ali Haddad, que le lectorat alg\u00e9rien conna\u00eet bien, actuellement en prison en Alg\u00e9rie, condamn\u00e9 pour corruption.<\/p>\n<p>Peu savent qu\u2019une fois devenu pr\u00e9sident, Emmanuel Macron a favoris\u00e9 la poursuite de la colonisation au Sahara occidental(1), en autorisant l\u2019installation d\u2019une d\u00e9l\u00e9gation de la Chambre fran\u00e7aise de commerce et d\u2019industrie \u00e0 Dakhla, dans la partie ill\u00e9galement occup\u00e9e par le Maroc (1er mars 2019), en permettant la mise en place, via l\u2019Institut de recherche pour le d\u00e9veloppement (IRD), de partenariats scientifiques maroco-fran\u00e7ais couvrant le Sahara occidental, en ouvrant une antenne du parti pr\u00e9sidentiel, LREM, \u00e0 Dakhla \u00e9galement (8 avril 2021) et en soutenant le pillage des ressources naturelles au Sahara occidental (comme en t\u00e9moignent les arr\u00eat\u00e9s de la Cour de justice de l\u2019Union europ\u00e9enne du 29 septembre dernier ; la France apparaissant avec le Maroc dans la partie d\u00e9fenderesse)(2). La colonisation est-elle donc vraiment un crime contre l\u2019humanit\u00e9 ou une entreprise capitaliste comme une autre, aux yeux d\u2019Emmanuel Macron ?<br \/>\nUne fois \u00e9lu \u00e0 la magistrature supr\u00eame, et s\u2019agissant de l\u2019Alg\u00e9rie, plut\u00f4t que d\u2019agir en cons\u00e9quence (reconnaissance et excuses s\u2019agissant du crime contre l\u2019humanit\u00e9 qu\u2019a constitu\u00e9 la colonisation, \u00e9ventuellement r\u00e9parations), il s\u2019est aventur\u00e9 dans une sorte de marchandisation des m\u00e9moires, en \u00e9change d\u2019une \u00abmeilleure coop\u00e9ration avec l\u2019Alg\u00e9rie\u00bb : \u00e0 savoir une plus grande ouverture de l\u2019Alg\u00e9rie aux entreprises fran\u00e7aises, en particulier celles du CAC 40. Il faut vraiment avoir une mentalit\u00e9 de banquier (ou d\u2019ex-banquier) pour penser que m\u00eame le crime se monnaye. Face \u00e0 l\u2019intransigeance des autorit\u00e9s alg\u00e9riennes, il s\u2019est laiss\u00e9 aller \u00e0 quelques propos peu am\u00e8nes (fin septembre 2021), attestant par l\u00e0 de son profond m\u00e9pris pour l\u2019Alg\u00e9rie, nation et \u00c9tat. On conna\u00eet la suite. \u00c0 ma connaissance, rarement les relations entre la France et l\u2019Alg\u00e9rie n\u2019ont \u00e9t\u00e9 aussi ex\u00e9crables que lors de ces derniers mois.<\/p>\n<p>L\u2019\u00e9lection pr\u00e9sidentielle fran\u00e7aise approchant, voil\u00e0 donc que l\u2019Alg\u00e9rie et les Franco-Alg\u00e9riens de nouveau convoqu\u00e9s, courtis\u00e9s, voire pris en otage par la propagande macroniste. Le site web en ligne TSA (Tout sur l\u2019Alg\u00e9rie, entreprise localis\u00e9e \u00e0 Paris)(3) a, par exemple, ouvert ses colonnes au macroniste Karim Amellal, d\u00e9l\u00e9gu\u00e9 interminist\u00e9riel \u00e0 la M\u00e9diterran\u00e9e. On y apprend, rien de moins, qu\u2019\u00abEmmanuel Macron aime l\u2019Alg\u00e9rie et les Alg\u00e9riens\u00bb (TSA, 15 f\u00e9vrier 2022). L\u2019op\u00e9ration s\u00e9duction s\u2019est poursuivie dans les pages du quotidien alg\u00e9rien L\u2019Expression (16 f\u00e9vrier 2022). \u00c0 la question du journaliste sur les attaques contre l\u2019Alg\u00e9rie lors de la campagne \u00e9lectorale, Karim Amellal r\u00e9pond ainsi : \u00abD&#8217;abord, il faut bien noter que ce n&#8217;est pas nouveau et que l&#8217;Alg\u00e9rie \u2013 comme l&#8217;islam ou les musulmans d&#8217;ailleurs \u2013 est r\u00e9guli\u00e8rement instrumentalis\u00e9e dans le d\u00e9bat politique fran\u00e7ais, en particulier par l&#8217;extr\u00eame droite, avec la complicit\u00e9 de certains m\u00e9dias qui en font leurs choux gras. Le surgissement de Monsieur Zemmour, compte tenu de son parcours, mais aussi de la violence de ses positions, accro\u00eet encore ce ph\u00e9nom\u00e8ne. L&#8217;Alg\u00e9rie est donc, plus que jamais, de ce c\u00f4t\u00e9-l\u00e0 du spectre politique, un gri-gri \u00e9lectoral.\u00bb On est abasourdi par l\u2019hypocrisie et l\u2019ind\u00e9cence de la r\u00e9ponse, une sp\u00e9cialit\u00e9 de la macronie. Peut-\u00eatre faudrait-il rappeler \u00e0 Karim Amellal et au lectorat alg\u00e9rien que c\u2019est sous la pr\u00e9sidence Macron qu\u2019une loi islamophobe et d\u2019inspiration n\u00e9o-coloniale \u2013 la loi s\u00e9paratiste \u2013 a \u00e9t\u00e9 mise en place.(4) On pr\u00e9cisera que le terme \u00abislamophobie\u00bb, contrairement \u00e0 ce qu\u2019avance la propagande m\u00e9diatique, existe depuis plus d&#8217;un si\u00e8cle. Il a \u00e9t\u00e9 \u00e9labor\u00e9 justement dans le contexte de l\u2019Alg\u00e9rie coloniale et en raison du traitement discriminatoire que subissaient les populations musulmanes (Hajjat Mohammed, 2012 ; Ruscio, 2016).(5) C\u2019est aussi un ministre d\u2019Emmanuel Macron, G\u00e9rald Moussa Darmanin, qui a d\u00e9cid\u00e9 de dissoudre le Collectif contre l\u2019islamophobie en France (CCIF), comme il a dissous r\u00e9cemment le collectif toulousain \u00abPalestine vaincra\u00bb. Ce sont \u00e9galement des ministres d\u2019Emmanuel Macron \u2013 Fr\u00e9d\u00e9rique Vidal et Jean-Michel Blanquer (entres autres) \u2013 qui ont entrepris la traque \u00e0 \u00abl\u2019islamo-gauchisme\u00bb, nouvelle forme de maccarthysme. Disons-le donc franchement : c\u2019est bien Emmanuel Macron et ses ministres qui ont fait de la question alg\u00e9rienne et de celle de l\u2019Islam des gris-gris \u00e9lectoraux !<\/p>\n<p>On n\u2019oubliera pas \u00e9galement, pour notre part, le sort de notre compatriote Zineb Redouane (que j\u2019\u00e9voquais dans des pr\u00e9c\u00e9dents textes), tu\u00e9e le 2 d\u00e9cembre 2018 \u00e0 Marseille, \u00e0 l\u2019\u00e2ge de 80 ans. Les policiers \u00e0 l\u2019origine de l\u2019homicide n\u2019ont pas encore \u00e9t\u00e9 condamn\u00e9s, ni m\u00eame identifi\u00e9s, obligeant la fille de Zineb Redouane \u00e0 porter plainte contre l\u2019ancien ministre de l\u2019Int\u00e9rieur et actuel pr\u00e9sident du groupe LREM (parti pr\u00e9sidentiel) \u00e0 l\u2019Assembl\u00e9e nationale, Christophe Castaner. Viennent alors en m\u00e9moire les ann\u00e9es 1970, et plus particuli\u00e8rement l\u2019ann\u00e9e 1973, avec l\u2019attentat du consulat alg\u00e9rien \u00e0 Marseille, et les autres meurtres d\u2019Alg\u00e9riens attribu\u00e9s au groupe d\u2019extr\u00eame droite Charles-Martel. Beaucoup de ces meurtres sont, faut-il le rappeler, rest\u00e9s impunis.<\/p>\n<p>\u00c0 l\u2019approche de l\u2019\u00e9lection pr\u00e9sidentielle, la macronie et le parti m\u00e9diatique fran\u00e7ais th\u00e9saurisent donc sur les gestes m\u00e9moriaux d\u00e9cid\u00e9s unilat\u00e9ralement par Emmanuel Macron. Les Alg\u00e9riens et l\u2019opinion publique sont comme somm\u00e9s d\u2019acquiescer et de t\u00e9moigner reconnaissance devant ces gestes de mansu\u00e9tude du \u00abmonarque pr\u00e9sidentiel\u00bb aux accents \u00abjupit\u00e9riens\u00bb. Emmanuel Macron d\u00e9cide du tempo et les Alg\u00e9riens sont intim\u00e9s de le suivre\u2026 comme au bon vieux temps des colonies. M\u00eame Xavier Driencourt, ancien ambassadeur en Alg\u00e9rie, y est all\u00e9 de sa contribution, avec son ouvrage L\u2019\u00e9nigme alg\u00e9rienne, qu\u2019il conviendrait de rebaptiser \u00abL\u2019\u00e9vidence fran\u00e7aise\u00bb.<\/p>\n<p>Il est paru aux \u00e9ditions de l\u2019Observatoire (cr\u00e9\u00e9es en d\u00e9cembre 2016), antre de la sph\u00e8re politico-m\u00e9diatique fran\u00e7aise, la maison d\u2019\u00e9dition du bloc bourgeois par excellence ! Plus qu\u2019une ouverture vers l\u2019Alg\u00e9rie, cet ouvrage relaie la propagande et les th\u00e8ses macronistes, s\u2019agissant de l\u2019Alg\u00e9rie, \u00e0 quelques semaines de l\u2019\u00e9lection pr\u00e9sidentielle. On n\u2019est donc pas surpris de voir que l\u2019auteur ne mentionne aucune recherche en arabe ou en tamazight \u2013 qui sont quand m\u00eame les langues officielles en Alg\u00e9rie \u2013, ni m\u00eame aucun texte de chercheur alg\u00e9rien francophone (il n\u2019en manque pas !), pr\u00e9f\u00e9rant la compagnie d\u2019entrepreneurs ou d\u2019\u00e9crivains francophones islamophobes (comme Boualem Sansal) et\/ou publiant dans le magazine Le Point (comme Kamel Daoud et Adl\u00e8ne Meddi). Ce dernier magazine, outre d\u2019\u00eatre un peu obs\u00e9d\u00e9 par l\u2019islam(6), est \u00e9galement une r\u00e9f\u00e9rence du bloc bourgeois fran\u00e7ais. M\u00eame Adl\u00e8ne Meddi y a donn\u00e9 du sien, en nous expliquant pourquoi \u00abvu d\u2019Alger\u00bb, \u00able pouvoir \u2018\u2019votera\u2019\u2019 Macron\u00bb (Le Point, 18\/02\/2022). Le Point nous avait fait le m\u00eame coup en 2017 (16\/02\/217). Vue de Paris, l\u2019Alg\u00e9rie semble donc bien un terrain conquis. Il semblerait, en effet, qu\u2019une certaine France ait encore du mal \u00e0 consid\u00e9rer l\u2019Alg\u00e9rie autrement que fran\u00e7aise\u2026 ou du moins sous influence fran\u00e7aise.<\/p>\n<p>\u00c0 l\u2019approche du premier tour de l\u2019\u00e9lection pr\u00e9sidentielle fran\u00e7aise, il convient donc de r\u00e9tablir un peu la balance et de vous parler d\u2019un autre candidat susceptible d\u2019\u00eatre en face du pr\u00e9sident sortant. Il ne s\u2019agit pas de Marine Le Pen. D\u2019elle, il n\u2019y a rien \u00e0 dire, si ce n\u2019est que du p\u00e8re, elle a h\u00e9rit\u00e9 un parti politique et une obsession maladive pour l\u2019Alg\u00e9rie et le drapeau alg\u00e9rien. Non, je veux parler de celui qui a une affection sinc\u00e8re pour la rive sud de la M\u00e9diterran\u00e9e et pour les pays du Sud : Jean-Luc M\u00e9lenchon.<\/p>\n<p><strong>M\u00e9lenchon, la constance du jardinier<\/strong><\/p>\n<p>\u00abL\u2019harmonie des \u00eatres humains est avec la nature\u00bb, r\u00e9sume le projet philosophique et politique du programme \u00abL\u2019Avenir en commun\u00bb, incarn\u00e9 par Jean-Luc M\u00e9lenchon, soutenu par la France insoumise et l\u2019Union populaire, ce vaste mouvement initi\u00e9 il y a quelques mois pour soutenir ce programme de rupture.<\/p>\n<p>Contrairement \u00e0 Macron et \u00e0 Le Pen, Jean-Luc M\u00e9lenchon n\u2019est pas un h\u00e9ritier. N\u00e9 \u00e0 Tanger en 1951, son histoire familiale est celle de gens simples que les vicissitudes de l\u2019Histoire ont amen\u00e9s en Alg\u00e9rie, puis au Maroc, enfin en France. Ses racines espagnole, sicilienne, maghr\u00e9bine ancrent le personnage dans cette aire m\u00e9diterran\u00e9enne \u00e0 laquelle il est profond\u00e9ment attach\u00e9. Son enfance en Normandie, puis dans le Jura le lie \u00e9galement au terroir fran\u00e7ais (Hexagone).<br \/>\nSa ma\u00eetrise de l\u2019espagnol le projette, plus tard, en Am\u00e9rique du Sud, ce vaste terrain des luttes sociales, anti-imp\u00e9rialistes et internationalistes. Premier bachelier de sa famille, en 1969, Jean-Luc M\u00e9lenchon a, de loin, la carri\u00e8re politique la plus riche de tous les candidats \u00e0 l\u2019\u00e9lection pr\u00e9sidentielle. Une vie faite aussi d\u2019engagements et de qu\u00eate de dignit\u00e9, qui lui ont valu, entre autres, d\u2019\u00eatre d\u00e9cor\u00e9 Grand officier de l\u2019ordre national du m\u00e9rite argentin.<\/p>\n<p>En 2009, il quitte le Parti socialiste en d\u00e9rive centriste et lib\u00e9rale pour fonder le Parti de gauche. Il cr\u00e9e le mouvement la France insoumise en 2016, quelques mois avant l\u2019\u00e9lection pr\u00e9sidentielle de 2017, o\u00f9 il obtient pr\u00e8s de 19,5% des voix exprim\u00e9es. Patiemment, au plus proche des luttes militantes (d\u00e9mocratiques, sociales, \u00e9cologiques, f\u00e9ministes, anti-racistes, etc.), \u00e0 l\u2019\u00e9coute des r\u00e9volutions citoyennes, il \u00e9labore, avec d\u2019autres, un programme de rupture avec le capitalisme financier : \u00abL\u2019Avenir en commun\u00bb. C\u2019est ce m\u00eame programme, enrichi et d\u00e9velopp\u00e9 depuis 2017, que Jean-Luc M\u00e9lenchon, la France insoumise et l\u2019Union populaire proposent aux Fran\u00e7ais \u00e0 l\u2019occasion de la future \u00e9lection pr\u00e9sidentielle (https:\/\/melenchon2022.fr\/programme\/).<\/p>\n<p>En septembre 2019, je publiais dans le quotidien Lib\u00e9ration un texte intitul\u00e9 \u00ab\u2018\u2019Lawfare\u2019\u2019 : pourquoi il faut prendre Jean-Luc M\u00e9lenchon au s\u00e9rieux\u00bb.(7) Les perquisitions de grande ampleur de la France insoumise (en octobre 2018) n\u2019ont d\u00e9bouch\u00e9, depuis, sur aucune mise en examen s\u00e9rieuse, attestant de leur nature essentiellement politique. Les grands m\u00e9dias fran\u00e7ais s\u2019en sont donn\u00e9s pourtant \u00e0 c\u0153ur joie lorsqu\u2019il s\u2019est agi de d\u00e9truire l\u2019image de Jean-Luc M\u00e9lenchon (rediffusant en boucle sa col\u00e8re l\u00e9gitime) sans s\u2019interroger sur le fond du probl\u00e8me : l\u2019instrumentalisation de la justice \u00e0 des fins politiques, en somme le \u00ablawfare\u00bb. Longtemps, le M\u00e9lenchon-bashing a \u00e9t\u00e9 le sport pr\u00e9f\u00e9r\u00e9 des grands m\u00e9dias fran\u00e7ais (et le reste encore). Comment donc ne pas admirer la combativit\u00e9 et la constance de Jean-Luc M\u00e9lenchon face \u00e0 l\u2019hydre m\u00e9diatique fran\u00e7ais, d\u00e9tenu \u00e0 pr\u00e8s de 80-90% par dix milliardaires ?<\/p>\n<p>Patiemment, \u00e0 l\u2019\u00e9coute des soubresauts de la France et du monde, comme le jardinier, avec constance et malgr\u00e9 la temp\u00eate et la gr\u00eale, entour\u00e9 de camarades, il a b\u00e2ti un nouveau mouvement de gauche, populaire, humaniste, \u00e9cologiste, susceptible de gagner la prochaine \u00e9lection pr\u00e9sidentielle et de gouverner la France. Chacun des \u00e9lus qui l\u2019accompagnent pourraient faire en soi l\u2019objet d\u2019un portrait. On y verrait, \u00e0 chaque fois, beaucoup de cette France que l\u2019Alg\u00e9rie aime vraiment, sinc\u00e8rement. Il y a par exemple du Ren\u00e9 Vautier(8) chez le d\u00e9put\u00e9 Fran\u00e7ois Ruffin (et son co-r\u00e9alisateur Gilles Perret). Le premier, sourire en coin, d\u00e9non\u00e7ait dans ses films les ravages du colonialisme dans les pays du tiers-monde. Le second, avec autant d\u2019humour, fustige les effets du capitalisme financier dans le quart-monde fran\u00e7ais. Il y a aussi beaucoup de Frantz Fanon chez la d\u00e9put\u00e9e Dani\u00e8le Obono ; et \u00e9norm\u00e9ment de Gis\u00e8le Halimi chez la d\u00e9put\u00e9e Cl\u00e9mentine Autain et plusieurs autres repr\u00e9sentant.e.s de la France insoumise et de l\u2019Union populaire.<\/p>\n<p>S\u2019agissant de l\u2019Alg\u00e9rie, et de ses int\u00e9r\u00eats, force est de constater qu\u2019une France non align\u00e9e, soucieuse du droit international et de renforcer le r\u00f4le de l\u2019ONU, une France mettant la dimension humaine avant les int\u00e9r\u00eats financiers, une France non paternaliste et internationaliste est nettement pr\u00e9f\u00e9rable. Des trois en lice, seul un pr\u00e9sident comme Jean-Luc M\u00e9lenchon serait susceptible d\u2019avancer dans cette voie\u2026 et, r\u00eavons un peu, de b\u00e2tir un partenariat d\u2019exception entre la France et l\u2019Alg\u00e9rie, et plus largement le Maghreb. Pour lui, en effet, et contrairement au pr\u00e9sident fran\u00e7ais Emmanuel Macron, \u00abl\u2019Alg\u00e9rie n\u2019est pas seulement un march\u00e9, c\u2019est un peuple et une nation\u00bb (https:\/\/ www.youtube. com\/watch?v=rEIbHP4NvDk).<\/p>\n<p>Enfin, des trois en lice, seul Jean-Luc M\u00e9lenchon a r\u00e9clam\u00e9 justice pour Zineb Redouane (et les autres victimes des violences du quinquennat Macron). Et cela compte pour celles et ceux qui mettent la dignit\u00e9 humaine au fondement des relations sociales et politiques !<\/p>\n<p><em><strong>Y. B. H.<\/strong><\/em><\/p>\n","protected":false},"excerpt":{"rendered":"<p>Par Yazid Ben Hounet \u00abL\u2019Alg\u00e9rie est le grand \u00e9lecteur dans les \u00e9lections pr\u00e9sidentielles fran\u00e7aises\u00bb, titrait Amin Zaoui dans sa chronique au quotidien&hellip;<\/p>\n","protected":false},"author":50,"featured_media":50157,"comment_status":"open","ping_status":"open","sticky":false,"template":"","format":"standard","meta":{"_lmt_disableupdate":"","_lmt_disable":"","footnotes":""},"categories":[39,49],"tags":[],"class_list":["post-50156","post","type-post","status-publish","format-standard","has-post-thumbnail","hentry","category-articles-en-vedette","category-politique"],"yoast_head":"<!-- This site is optimized with the Yoast SEO plugin v27.3 - https:\/\/yoast.com\/product\/yoast-seo-wordpress\/ -->\n<title>L\u2019\u00e9lection pr\u00e9sidentielle fran\u00e7aise et l\u2019Alg\u00e9rie : l\u2019opinion otage de la propagande macroniste - AAH.JZR<\/title>\n<meta name=\"robots\" content=\"index, follow, max-snippet:-1, max-image-preview:large, max-video-preview:-1\" \/>\n<link rel=\"canonical\" href=\"https:\/\/jazairhope.org\/fr\/lelection-presidentielle-francaise-et-lalgerie-lopinion-otage-de-la-propagande-macroniste\/\" \/>\n<meta property=\"og:locale\" content=\"fr_FR\" \/>\n<meta property=\"og:type\" content=\"article\" \/>\n<meta property=\"og:title\" content=\"L\u2019\u00e9lection pr\u00e9sidentielle fran\u00e7aise et l\u2019Alg\u00e9rie : l\u2019opinion otage de la propagande macroniste - AAH.JZR\" \/>\n<meta property=\"og:description\" content=\"Par Yazid Ben Hounet \u00abL\u2019Alg\u00e9rie est le grand \u00e9lecteur dans les \u00e9lections pr\u00e9sidentielles fran\u00e7aises\u00bb, titrait Amin Zaoui dans sa chronique au quotidien&hellip;\" \/>\n<meta property=\"og:url\" content=\"https:\/\/jazairhope.org\/fr\/lelection-presidentielle-francaise-et-lalgerie-lopinion-otage-de-la-propagande-macroniste\/\" \/>\n<meta property=\"og:site_name\" content=\"AAH.JZR\" \/>\n<meta property=\"article:publisher\" content=\"https:\/\/www.facebook.com\/jazairhope\" \/>\n<meta property=\"article:published_time\" content=\"2022-04-05T21:06:14+00:00\" \/>\n<meta property=\"article:modified_time\" content=\"2022-04-05T21:06:39+00:00\" \/>\n<meta property=\"og:image\" content=\"https:\/\/jazairhope.org\/wp-content\/uploads\/2022\/04\/melonchon.jpg\" \/>\n\t<meta property=\"og:image:width\" content=\"850\" \/>\n\t<meta property=\"og:image:height\" content=\"480\" \/>\n\t<meta property=\"og:image:type\" content=\"image\/jpeg\" \/>\n<meta name=\"author\" content=\"Hope Jzr\" \/>\n<meta name=\"twitter:card\" content=\"summary_large_image\" \/>\n<meta name=\"twitter:label1\" content=\"\u00c9crit par\" \/>\n\t<meta name=\"twitter:data1\" content=\"Hope Jzr\" \/>\n\t<meta name=\"twitter:label2\" content=\"Dur\u00e9e de lecture estim\u00e9e\" \/>\n\t<meta name=\"twitter:data2\" content=\"9 minutes\" \/>\n<script type=\"application\/ld+json\" class=\"yoast-schema-graph\">{\"@context\":\"https:\\\/\\\/schema.org\",\"@graph\":[{\"@type\":\"Article\",\"@id\":\"https:\\\/\\\/jazairhope.org\\\/fr\\\/lelection-presidentielle-francaise-et-lalgerie-lopinion-otage-de-la-propagande-macroniste\\\/#article\",\"isPartOf\":{\"@id\":\"https:\\\/\\\/jazairhope.org\\\/fr\\\/lelection-presidentielle-francaise-et-lalgerie-lopinion-otage-de-la-propagande-macroniste\\\/\"},\"author\":{\"name\":\"Hope Jzr\",\"@id\":\"https:\\\/\\\/jazairhope.org\\\/fr\\\/#\\\/schema\\\/person\\\/0b50f60fad840cf92313307e38c9d20d\"},\"headline\":\"L\u2019\u00e9lection pr\u00e9sidentielle fran\u00e7aise et l\u2019Alg\u00e9rie : l\u2019opinion otage de la propagande macroniste\",\"datePublished\":\"2022-04-05T21:06:14+00:00\",\"dateModified\":\"2022-04-05T21:06:39+00:00\",\"mainEntityOfPage\":{\"@id\":\"https:\\\/\\\/jazairhope.org\\\/fr\\\/lelection-presidentielle-francaise-et-lalgerie-lopinion-otage-de-la-propagande-macroniste\\\/\"},\"wordCount\":2395,\"commentCount\":1,\"image\":{\"@id\":\"https:\\\/\\\/jazairhope.org\\\/fr\\\/lelection-presidentielle-francaise-et-lalgerie-lopinion-otage-de-la-propagande-macroniste\\\/#primaryimage\"},\"thumbnailUrl\":\"https:\\\/\\\/jazairhope.org\\\/wp-content\\\/uploads\\\/2022\\\/04\\\/melonchon.jpg\",\"articleSection\":[\"Articles en vedette\",\"Politique\"],\"inLanguage\":\"fr-FR\",\"potentialAction\":[{\"@type\":\"CommentAction\",\"name\":\"Comment\",\"target\":[\"https:\\\/\\\/jazairhope.org\\\/fr\\\/lelection-presidentielle-francaise-et-lalgerie-lopinion-otage-de-la-propagande-macroniste\\\/#respond\"]}]},{\"@type\":\"WebPage\",\"@id\":\"https:\\\/\\\/jazairhope.org\\\/fr\\\/lelection-presidentielle-francaise-et-lalgerie-lopinion-otage-de-la-propagande-macroniste\\\/\",\"url\":\"https:\\\/\\\/jazairhope.org\\\/fr\\\/lelection-presidentielle-francaise-et-lalgerie-lopinion-otage-de-la-propagande-macroniste\\\/\",\"name\":\"L\u2019\u00e9lection pr\u00e9sidentielle fran\u00e7aise et l\u2019Alg\u00e9rie : l\u2019opinion otage de la propagande macroniste - AAH.JZR\",\"isPartOf\":{\"@id\":\"https:\\\/\\\/jazairhope.org\\\/fr\\\/#website\"},\"primaryImageOfPage\":{\"@id\":\"https:\\\/\\\/jazairhope.org\\\/fr\\\/lelection-presidentielle-francaise-et-lalgerie-lopinion-otage-de-la-propagande-macroniste\\\/#primaryimage\"},\"image\":{\"@id\":\"https:\\\/\\\/jazairhope.org\\\/fr\\\/lelection-presidentielle-francaise-et-lalgerie-lopinion-otage-de-la-propagande-macroniste\\\/#primaryimage\"},\"thumbnailUrl\":\"https:\\\/\\\/jazairhope.org\\\/wp-content\\\/uploads\\\/2022\\\/04\\\/melonchon.jpg\",\"datePublished\":\"2022-04-05T21:06:14+00:00\",\"dateModified\":\"2022-04-05T21:06:39+00:00\",\"author\":{\"@id\":\"https:\\\/\\\/jazairhope.org\\\/fr\\\/#\\\/schema\\\/person\\\/0b50f60fad840cf92313307e38c9d20d\"},\"breadcrumb\":{\"@id\":\"https:\\\/\\\/jazairhope.org\\\/fr\\\/lelection-presidentielle-francaise-et-lalgerie-lopinion-otage-de-la-propagande-macroniste\\\/#breadcrumb\"},\"inLanguage\":\"fr-FR\",\"potentialAction\":[{\"@type\":\"ReadAction\",\"target\":[\"https:\\\/\\\/jazairhope.org\\\/fr\\\/lelection-presidentielle-francaise-et-lalgerie-lopinion-otage-de-la-propagande-macroniste\\\/\"]}]},{\"@type\":\"ImageObject\",\"inLanguage\":\"fr-FR\",\"@id\":\"https:\\\/\\\/jazairhope.org\\\/fr\\\/lelection-presidentielle-francaise-et-lalgerie-lopinion-otage-de-la-propagande-macroniste\\\/#primaryimage\",\"url\":\"https:\\\/\\\/jazairhope.org\\\/wp-content\\\/uploads\\\/2022\\\/04\\\/melonchon.jpg\",\"contentUrl\":\"https:\\\/\\\/jazairhope.org\\\/wp-content\\\/uploads\\\/2022\\\/04\\\/melonchon.jpg\",\"width\":850,\"height\":480},{\"@type\":\"BreadcrumbList\",\"@id\":\"https:\\\/\\\/jazairhope.org\\\/fr\\\/lelection-presidentielle-francaise-et-lalgerie-lopinion-otage-de-la-propagande-macroniste\\\/#breadcrumb\",\"itemListElement\":[{\"@type\":\"ListItem\",\"position\":1,\"name\":\"Accueil\",\"item\":\"https:\\\/\\\/jazairhope.org\\\/fr\\\/\"},{\"@type\":\"ListItem\",\"position\":2,\"name\":\"L\u2019\u00e9lection pr\u00e9sidentielle fran\u00e7aise et l\u2019Alg\u00e9rie : l\u2019opinion otage de la propagande macroniste\"}]},{\"@type\":\"WebSite\",\"@id\":\"https:\\\/\\\/jazairhope.org\\\/fr\\\/#website\",\"url\":\"https:\\\/\\\/jazairhope.org\\\/fr\\\/\",\"name\":\"AAH.JZR\",\"description\":\"Environment, Health, Science, Art, Economics\",\"potentialAction\":[{\"@type\":\"SearchAction\",\"target\":{\"@type\":\"EntryPoint\",\"urlTemplate\":\"https:\\\/\\\/jazairhope.org\\\/fr\\\/?s={search_term_string}\"},\"query-input\":{\"@type\":\"PropertyValueSpecification\",\"valueRequired\":true,\"valueName\":\"search_term_string\"}}],\"inLanguage\":\"fr-FR\"},{\"@type\":\"Person\",\"@id\":\"https:\\\/\\\/jazairhope.org\\\/fr\\\/#\\\/schema\\\/person\\\/0b50f60fad840cf92313307e38c9d20d\",\"name\":\"Hope Jzr\",\"image\":{\"@type\":\"ImageObject\",\"inLanguage\":\"fr-FR\",\"@id\":\"https:\\\/\\\/secure.gravatar.com\\\/avatar\\\/0a42f66f14ba94b77f351f3bb2f3b9389c4063acb1697ffb32f5d3944782d3e7?s=96&d=mm&r=g\",\"url\":\"https:\\\/\\\/secure.gravatar.com\\\/avatar\\\/0a42f66f14ba94b77f351f3bb2f3b9389c4063acb1697ffb32f5d3944782d3e7?s=96&d=mm&r=g\",\"contentUrl\":\"https:\\\/\\\/secure.gravatar.com\\\/avatar\\\/0a42f66f14ba94b77f351f3bb2f3b9389c4063acb1697ffb32f5d3944782d3e7?s=96&d=mm&r=g\",\"caption\":\"Hope Jzr\"},\"description\":\"\u00c0 propos de Hope&amp;ChaDia Hope&amp;ChaDia n\u2019est pas un pseudonyme, mais une m\u00e9thode de travail. Hope : l\u2019id\u00e9e, l\u2019esprit, la structure, la vision. C\u2019est l\u2019impulsion humaine qui choisit l\u2019angle, trace la ligne \u00e9ditoriale et donne le sens. ChaDia : l\u2019assistante, qui met en forme, d\u00e9veloppe, affine le style et v\u00e9rifie les faits. Une aide technologique qui amplifie mais ne cr\u00e9e pas. Ensemble, Hope&amp;ChaDia produisent des textes hybrides : profond\u00e9ment humains dans leur inspiration, rigoureux et pr\u00e9cis dans leur r\u00e9alisation. . . SUPPORTEZ JAZAIRHOPE ET FAITES CONNA\u00ceTRE LE PATRIMOINE ET L\u2019HISTOIRE DE L\u2019ALG\u00c9RIE, EN ACHETANT LE LIVRE DE JAZAIRHOPE POUR VOUS OU POUR L\u2019OFFRIR A VOS PROCHES, ICI : https:\\\/\\\/jazairhope.org\\\/fr\\\/ebook\\\/ CEUX EN ALG\u00c9RIE ET CEUX QUI PEUVENT PAS L\u2019ACHETER ON OFFRE UNE COPIE DIGITALE GRATUITE, POUR CELA ENVOYEZ UN EMAIL \u00c0 : INFO@JAZAIRHOPE.ORG\",\"url\":\"https:\\\/\\\/jazairhope.org\\\/fr\\\/author\\\/hope-jazair\\\/\"}]}<\/script>\n<!-- \/ Yoast SEO plugin. -->","yoast_head_json":{"title":"L\u2019\u00e9lection pr\u00e9sidentielle fran\u00e7aise et l\u2019Alg\u00e9rie : l\u2019opinion otage de la propagande macroniste - AAH.JZR","robots":{"index":"index","follow":"follow","max-snippet":"max-snippet:-1","max-image-preview":"max-image-preview:large","max-video-preview":"max-video-preview:-1"},"canonical":"https:\/\/jazairhope.org\/fr\/lelection-presidentielle-francaise-et-lalgerie-lopinion-otage-de-la-propagande-macroniste\/","og_locale":"fr_FR","og_type":"article","og_title":"L\u2019\u00e9lection pr\u00e9sidentielle fran\u00e7aise et l\u2019Alg\u00e9rie : l\u2019opinion otage de la propagande macroniste - AAH.JZR","og_description":"Par Yazid Ben Hounet \u00abL\u2019Alg\u00e9rie est le grand \u00e9lecteur dans les \u00e9lections pr\u00e9sidentielles fran\u00e7aises\u00bb, titrait Amin Zaoui dans sa chronique au quotidien&hellip;","og_url":"https:\/\/jazairhope.org\/fr\/lelection-presidentielle-francaise-et-lalgerie-lopinion-otage-de-la-propagande-macroniste\/","og_site_name":"AAH.JZR","article_publisher":"https:\/\/www.facebook.com\/jazairhope","article_published_time":"2022-04-05T21:06:14+00:00","article_modified_time":"2022-04-05T21:06:39+00:00","og_image":[{"width":850,"height":480,"url":"https:\/\/jazairhope.org\/wp-content\/uploads\/2022\/04\/melonchon.jpg","type":"image\/jpeg"}],"author":"Hope Jzr","twitter_card":"summary_large_image","twitter_misc":{"\u00c9crit par":"Hope Jzr","Dur\u00e9e de lecture estim\u00e9e":"9 minutes"},"schema":{"@context":"https:\/\/schema.org","@graph":[{"@type":"Article","@id":"https:\/\/jazairhope.org\/fr\/lelection-presidentielle-francaise-et-lalgerie-lopinion-otage-de-la-propagande-macroniste\/#article","isPartOf":{"@id":"https:\/\/jazairhope.org\/fr\/lelection-presidentielle-francaise-et-lalgerie-lopinion-otage-de-la-propagande-macroniste\/"},"author":{"name":"Hope Jzr","@id":"https:\/\/jazairhope.org\/fr\/#\/schema\/person\/0b50f60fad840cf92313307e38c9d20d"},"headline":"L\u2019\u00e9lection pr\u00e9sidentielle fran\u00e7aise et l\u2019Alg\u00e9rie : l\u2019opinion otage de la propagande macroniste","datePublished":"2022-04-05T21:06:14+00:00","dateModified":"2022-04-05T21:06:39+00:00","mainEntityOfPage":{"@id":"https:\/\/jazairhope.org\/fr\/lelection-presidentielle-francaise-et-lalgerie-lopinion-otage-de-la-propagande-macroniste\/"},"wordCount":2395,"commentCount":1,"image":{"@id":"https:\/\/jazairhope.org\/fr\/lelection-presidentielle-francaise-et-lalgerie-lopinion-otage-de-la-propagande-macroniste\/#primaryimage"},"thumbnailUrl":"https:\/\/jazairhope.org\/wp-content\/uploads\/2022\/04\/melonchon.jpg","articleSection":["Articles en vedette","Politique"],"inLanguage":"fr-FR","potentialAction":[{"@type":"CommentAction","name":"Comment","target":["https:\/\/jazairhope.org\/fr\/lelection-presidentielle-francaise-et-lalgerie-lopinion-otage-de-la-propagande-macroniste\/#respond"]}]},{"@type":"WebPage","@id":"https:\/\/jazairhope.org\/fr\/lelection-presidentielle-francaise-et-lalgerie-lopinion-otage-de-la-propagande-macroniste\/","url":"https:\/\/jazairhope.org\/fr\/lelection-presidentielle-francaise-et-lalgerie-lopinion-otage-de-la-propagande-macroniste\/","name":"L\u2019\u00e9lection pr\u00e9sidentielle fran\u00e7aise et l\u2019Alg\u00e9rie : l\u2019opinion otage de la propagande macroniste - AAH.JZR","isPartOf":{"@id":"https:\/\/jazairhope.org\/fr\/#website"},"primaryImageOfPage":{"@id":"https:\/\/jazairhope.org\/fr\/lelection-presidentielle-francaise-et-lalgerie-lopinion-otage-de-la-propagande-macroniste\/#primaryimage"},"image":{"@id":"https:\/\/jazairhope.org\/fr\/lelection-presidentielle-francaise-et-lalgerie-lopinion-otage-de-la-propagande-macroniste\/#primaryimage"},"thumbnailUrl":"https:\/\/jazairhope.org\/wp-content\/uploads\/2022\/04\/melonchon.jpg","datePublished":"2022-04-05T21:06:14+00:00","dateModified":"2022-04-05T21:06:39+00:00","author":{"@id":"https:\/\/jazairhope.org\/fr\/#\/schema\/person\/0b50f60fad840cf92313307e38c9d20d"},"breadcrumb":{"@id":"https:\/\/jazairhope.org\/fr\/lelection-presidentielle-francaise-et-lalgerie-lopinion-otage-de-la-propagande-macroniste\/#breadcrumb"},"inLanguage":"fr-FR","potentialAction":[{"@type":"ReadAction","target":["https:\/\/jazairhope.org\/fr\/lelection-presidentielle-francaise-et-lalgerie-lopinion-otage-de-la-propagande-macroniste\/"]}]},{"@type":"ImageObject","inLanguage":"fr-FR","@id":"https:\/\/jazairhope.org\/fr\/lelection-presidentielle-francaise-et-lalgerie-lopinion-otage-de-la-propagande-macroniste\/#primaryimage","url":"https:\/\/jazairhope.org\/wp-content\/uploads\/2022\/04\/melonchon.jpg","contentUrl":"https:\/\/jazairhope.org\/wp-content\/uploads\/2022\/04\/melonchon.jpg","width":850,"height":480},{"@type":"BreadcrumbList","@id":"https:\/\/jazairhope.org\/fr\/lelection-presidentielle-francaise-et-lalgerie-lopinion-otage-de-la-propagande-macroniste\/#breadcrumb","itemListElement":[{"@type":"ListItem","position":1,"name":"Accueil","item":"https:\/\/jazairhope.org\/fr\/"},{"@type":"ListItem","position":2,"name":"L\u2019\u00e9lection pr\u00e9sidentielle fran\u00e7aise et l\u2019Alg\u00e9rie : l\u2019opinion otage de la propagande macroniste"}]},{"@type":"WebSite","@id":"https:\/\/jazairhope.org\/fr\/#website","url":"https:\/\/jazairhope.org\/fr\/","name":"AAH.JZR","description":"Environment, Health, Science, Art, Economics","potentialAction":[{"@type":"SearchAction","target":{"@type":"EntryPoint","urlTemplate":"https:\/\/jazairhope.org\/fr\/?s={search_term_string}"},"query-input":{"@type":"PropertyValueSpecification","valueRequired":true,"valueName":"search_term_string"}}],"inLanguage":"fr-FR"},{"@type":"Person","@id":"https:\/\/jazairhope.org\/fr\/#\/schema\/person\/0b50f60fad840cf92313307e38c9d20d","name":"Hope Jzr","image":{"@type":"ImageObject","inLanguage":"fr-FR","@id":"https:\/\/secure.gravatar.com\/avatar\/0a42f66f14ba94b77f351f3bb2f3b9389c4063acb1697ffb32f5d3944782d3e7?s=96&d=mm&r=g","url":"https:\/\/secure.gravatar.com\/avatar\/0a42f66f14ba94b77f351f3bb2f3b9389c4063acb1697ffb32f5d3944782d3e7?s=96&d=mm&r=g","contentUrl":"https:\/\/secure.gravatar.com\/avatar\/0a42f66f14ba94b77f351f3bb2f3b9389c4063acb1697ffb32f5d3944782d3e7?s=96&d=mm&r=g","caption":"Hope Jzr"},"description":"\u00c0 propos de Hope&amp;ChaDia Hope&amp;ChaDia n\u2019est pas un pseudonyme, mais une m\u00e9thode de travail. Hope : l\u2019id\u00e9e, l\u2019esprit, la structure, la vision. C\u2019est l\u2019impulsion humaine qui choisit l\u2019angle, trace la ligne \u00e9ditoriale et donne le sens. ChaDia : l\u2019assistante, qui met en forme, d\u00e9veloppe, affine le style et v\u00e9rifie les faits. Une aide technologique qui amplifie mais ne cr\u00e9e pas. Ensemble, Hope&amp;ChaDia produisent des textes hybrides : profond\u00e9ment humains dans leur inspiration, rigoureux et pr\u00e9cis dans leur r\u00e9alisation. . . SUPPORTEZ JAZAIRHOPE ET FAITES CONNA\u00ceTRE LE PATRIMOINE ET L\u2019HISTOIRE DE L\u2019ALG\u00c9RIE, EN ACHETANT LE LIVRE DE JAZAIRHOPE POUR VOUS OU POUR L\u2019OFFRIR A VOS PROCHES, ICI : https:\/\/jazairhope.org\/fr\/ebook\/ CEUX EN ALG\u00c9RIE ET CEUX QUI PEUVENT PAS L\u2019ACHETER ON OFFRE UNE COPIE DIGITALE GRATUITE, POUR CELA ENVOYEZ UN EMAIL \u00c0 : INFO@JAZAIRHOPE.ORG","url":"https:\/\/jazairhope.org\/fr\/author\/hope-jazair\/"}]}},"views":1040,"_links":{"self":[{"href":"https:\/\/jazairhope.org\/fr\/wp-json\/wp\/v2\/posts\/50156","targetHints":{"allow":["GET"]}}],"collection":[{"href":"https:\/\/jazairhope.org\/fr\/wp-json\/wp\/v2\/posts"}],"about":[{"href":"https:\/\/jazairhope.org\/fr\/wp-json\/wp\/v2\/types\/post"}],"author":[{"embeddable":true,"href":"https:\/\/jazairhope.org\/fr\/wp-json\/wp\/v2\/users\/50"}],"replies":[{"embeddable":true,"href":"https:\/\/jazairhope.org\/fr\/wp-json\/wp\/v2\/comments?post=50156"}],"version-history":[{"count":0,"href":"https:\/\/jazairhope.org\/fr\/wp-json\/wp\/v2\/posts\/50156\/revisions"}],"wp:featuredmedia":[{"embeddable":true,"href":"https:\/\/jazairhope.org\/fr\/wp-json\/wp\/v2\/media\/50157"}],"wp:attachment":[{"href":"https:\/\/jazairhope.org\/fr\/wp-json\/wp\/v2\/media?parent=50156"}],"wp:term":[{"taxonomy":"category","embeddable":true,"href":"https:\/\/jazairhope.org\/fr\/wp-json\/wp\/v2\/categories?post=50156"},{"taxonomy":"post_tag","embeddable":true,"href":"https:\/\/jazairhope.org\/fr\/wp-json\/wp\/v2\/tags?post=50156"}],"curies":[{"name":"wp","href":"https:\/\/api.w.org\/{rel}","templated":true}]}}