{"id":55251,"date":"2022-06-17T16:08:35","date_gmt":"2022-06-17T15:08:35","guid":{"rendered":"https:\/\/jazairhope.org\/?p=55251"},"modified":"2022-06-17T16:09:15","modified_gmt":"2022-06-17T15:09:15","slug":"des-juristes-espagnols-enfoncent-sanchez-lalgerie-a-le-droit-international-de-son-cote","status":"publish","type":"post","link":"https:\/\/jazairhope.org\/fr\/des-juristes-espagnols-enfoncent-sanchez-lalgerie-a-le-droit-international-de-son-cote\/","title":{"rendered":"Des juristes espagnols enfoncent Sanchez: \u00abL\u2019Alg\u00e9rie a le droit international de son c\u00f4t\u00e9\u00bb"},"content":{"rendered":"<p>L\u2019Alg\u00e9rie a la l\u00e9gislation internationale de son c\u00f4t\u00e9, puisque la suspension du Trait\u00e9 d\u2019amiti\u00e9, de bon voisinage et de coop\u00e9ration est une mesure l\u00e9gale, apr\u00e8s le changement de position du gouvernement Sanchez, a indiqu\u00e9 l\u2019Association espagnole des professeurs de droit international public et de relations internationales (AEPDIRI).<\/p>\n<p>Le changement de la position du gouvernement de Pedro Sanchez au sujet de la question du Sahara occidental n\u2019affecte pas la nature du territoire du Sahara occidental en tant que territoire non autonome, ni le statut des parties. Cependant, cela implique un \u00e9loignement du gouvernement espagnol du droit international et des responsabilit\u00e9s juridiques en tant que puissance administrante du territoire, ont rappel\u00e9 les juristes espagnols dans un article publi\u00e9 par le site publico.<\/p>\n<p>Cette association a fait remarquer que ce changement suppose plusieurs manquements au droit international applicable au cas sahraoui du fait, notamment du non respect du droit \u00e0 l\u2019autod\u00e9termination du peuple sahraoui, inscrit dans de multiples r\u00e9solutions des Nations Unies, du non respect de l\u2019obligation de garantir la tenue du r\u00e9f\u00e9rendum d\u2019autod\u00e9termination et de l\u2019ignorance des violations des droits de l\u2019homme perp\u00e9tr\u00e9es par le Maroc dans les territoires sahraouis, document\u00e9es et d\u00e9nonc\u00e9es par diff\u00e9rentes organisations internationales.<\/p>\n<h4>Double violation du droit international<\/h4>\n<p>Ce changement de position du gouvernement Sanchez n\u2019affecte pas la nature du territoire du Sahara occidental en tant que territoire non autonome, ni le statut des parties. Cependant, cela implique un \u00e9loignement du gouvernement espagnol du droit international et des responsabilit\u00e9s juridiques en tant que puissance administrante du territoire, a rappel\u00e9 l\u2019Association espagnole des professeurs de droit international public et de relations internationales (AEPDIRI).<\/p>\n<p>Cette derni\u00e8re estime que la d\u00e9cision du gouvernement espagnol de reconna\u00eetre la souverainet\u00e9 du Maroc sur le Sahara occidental est une double violation du droit international. Aussi, la violation flagrante et grave du droit \u00e0 l\u2019autod\u00e9termination du peuple sahraoui par l\u2019Espagne, ainsi que la reconnaissance des cons\u00e9quences de l\u2019invasion militaire du r\u00e9gime marocain, obligent tous les \u00c9tats \u00e0 exiger que l\u2019Espagne revienne \u00e0 la l\u00e9galit\u00e9.<\/p>\n<p>Etant donn\u00e9 que l\u2019Espagne n\u2019a pas r\u00e9pondu aux demandes de retour \u00e0 la l\u00e9galit\u00e9 de l\u2019Alg\u00e9rie, la suspension du Trait\u00e9 d\u2019amiti\u00e9, de bon voisinage et de coop\u00e9ration avec l\u2019Espagne est une contre-mesure aussi l\u00e9gale que n\u00e9cessaire et attendue.<\/p>\n<p>Dans ce contexte, les juristes et professeurs espagnols confirment que l\u2019Alg\u00e9rie a agi rationnellement dans le strict respect du droit international. Apr\u00e8s que l\u2019Espagne a gravement viol\u00e9 le droit international.<br \/>\nDans ce conflit, l\u2019UE et l\u2019Espagne sont plac\u00e9es du c\u00f4t\u00e9 de la violation du droit international et l\u2019Alg\u00e9rie se positionne comme son d\u00e9fenseur, conclut la m\u00eame source.<\/p>\n<h4>La pire chose est de s\u2019opposer \u00e0 l\u2019Alg\u00e9rie<\/h4>\n<p>Le gouvernement de Sanchez est aussi sous les critiques en Espagne, comme en t\u00e9moigne la sortie de Javier Fernandez-Lasquetty, ministre de l\u2019\u00c9conomie et des Finances de la Communaut\u00e9 de Madrid, qui a bl\u00e2m\u00e9 Pedro Sanchez pour le conflit avec l\u2019Alg\u00e9rie en assurant que \u00abla pire des choses est que l\u2019Espagne puisse faire est de s\u2019opposer, et comme l\u2019a fait Pedro Sanchez, au principal fournisseur de gaz de l\u2019Espagne, qui est l\u2019Alg\u00e9rie\u00bb.<br \/>\nPour Lasquetty a estim\u00e9 que \u00abl\u2019irresponsabilit\u00e9 de Sanchez avec l\u2019Alg\u00e9rie co\u00fbte tr\u00e8s cher aux personnes, aux entreprises et aux familles\u00bb.<br \/>\n\u00abJe pense que cette d\u00e9cision absolument irresponsable du gouvernement de Pedro Sanchez avec l\u2019Alg\u00e9rie dans un dossier qui est de la plus haute importance, co\u00fbte beaucoup d\u2019argent aux gens, aux entreprises\u00bb, a-t-il d\u00e9clar\u00e9 lors d\u2019une interview \u00e0 Telemadrid.<\/p>\n<h4>Sanchez somm\u00e9 d\u2019indemniser 1400 entreprises valenciennes<\/h4>\n<p>Pour sa part, Joan Baldovi, porte-parole de la coalition Compromis, a demand\u00e9 au gouvernement de Sanchez une indemnisation pour les entreprises touch\u00e9es par la crise avec l\u2019Alg\u00e9rie<br \/>\nBaldovi rappelle que 25% des ventes espagnoles au pays d\u2019Afrique du Nord proviennent de la Communaut\u00e9 valencienne et a demand\u00e9 au gouvernement d\u2019activer une compensation pour les 1.400 entreprises valenciennes qui exportent des produits vers l\u2019Alg\u00e9rie et qui vont \u00eatre affect\u00e9es par la rupture des relations commerciales avec le pays.<\/p>\n<p>La demande a \u00e9t\u00e9 exprim\u00e9e par son d\u00e9put\u00e9 Joan Baldovi, qui a pr\u00e9sent\u00e9 une initiative pour savoir si l\u2019ex\u00e9cutif a l\u2019intention d\u2019adopter une mesure \u00e0 cet \u00e9gard.<br \/>\n\u00abAvoir c\u00e9d\u00e9 au chantage et aux menaces du Maroc g\u00e9n\u00e8re actuellement une crise diplomatique avec l\u2019Alg\u00e9rie de grande ampleur\u00bb, d\u00e9nonce le d\u00e9put\u00e9 valencien, qui fustige \u00e0 nouveau le virage \u00abunilat\u00e9ral\u00bb de Pedro Sanchez sur le Sahara occidental.<\/p>\n<p>Dans ce contexte, Baldovi demande \u00e0 l\u2019ex\u00e9cutif d\u2019avancer quelles autres implications \u00e9conomiques et sociales cette crise diplomatique avec l\u2019Alg\u00e9rie entra\u00eenera pour les entreprises et l\u2019ensemble du territoire valencien.<\/p>\n<p>Source : https:\/\/lalgerieaujourdhui.dz\/des-juristes-espagnols-enfoncent-sanchez-lalgerie-a-le-droit-international-de-son-cote\/<\/p>\n","protected":false},"excerpt":{"rendered":"<p>L\u2019Alg\u00e9rie a la l\u00e9gislation internationale de son c\u00f4t\u00e9, puisque la suspension du Trait\u00e9 d\u2019amiti\u00e9, de bon voisinage et de coop\u00e9ration est une&hellip;<\/p>\n","protected":false},"author":50,"featured_media":55252,"comment_status":"open","ping_status":"open","sticky":false,"template":"","format":"standard","meta":{"_lmt_disableupdate":"","_lmt_disable":"","footnotes":""},"categories":[32,49],"tags":[],"class_list":["post-55251","post","type-post","status-publish","format-standard","has-post-thumbnail","hentry","category-algerie","category-politique"],"yoast_head":"<!-- This site is optimized with the Yoast SEO plugin v27.3 - https:\/\/yoast.com\/product\/yoast-seo-wordpress\/ -->\n<title>Des juristes espagnols enfoncent Sanchez: \u00abL\u2019Alg\u00e9rie a le droit international de son c\u00f4t\u00e9\u00bb - AAH.JZR<\/title>\n<meta name=\"robots\" content=\"index, follow, max-snippet:-1, max-image-preview:large, max-video-preview:-1\" \/>\n<link rel=\"canonical\" href=\"https:\/\/jazairhope.org\/fr\/des-juristes-espagnols-enfoncent-sanchez-lalgerie-a-le-droit-international-de-son-cote\/\" \/>\n<meta property=\"og:locale\" content=\"fr_FR\" \/>\n<meta property=\"og:type\" content=\"article\" \/>\n<meta property=\"og:title\" content=\"Des juristes espagnols enfoncent Sanchez: \u00abL\u2019Alg\u00e9rie a le droit international de son c\u00f4t\u00e9\u00bb - AAH.JZR\" \/>\n<meta property=\"og:description\" content=\"L\u2019Alg\u00e9rie a la l\u00e9gislation internationale de son c\u00f4t\u00e9, puisque la suspension du Trait\u00e9 d\u2019amiti\u00e9, de bon voisinage et de coop\u00e9ration est une&hellip;\" \/>\n<meta property=\"og:url\" content=\"https:\/\/jazairhope.org\/fr\/des-juristes-espagnols-enfoncent-sanchez-lalgerie-a-le-droit-international-de-son-cote\/\" \/>\n<meta property=\"og:site_name\" content=\"AAH.JZR\" \/>\n<meta property=\"article:publisher\" content=\"https:\/\/www.facebook.com\/jazairhope\" \/>\n<meta property=\"article:published_time\" content=\"2022-06-17T15:08:35+00:00\" \/>\n<meta property=\"article:modified_time\" content=\"2022-06-17T15:09:15+00:00\" \/>\n<meta property=\"og:image\" content=\"https:\/\/jazairhope.org\/wp-content\/uploads\/2022\/06\/Capture-18.png\" \/>\n\t<meta property=\"og:image:width\" content=\"717\" \/>\n\t<meta property=\"og:image:height\" content=\"397\" \/>\n\t<meta property=\"og:image:type\" content=\"image\/png\" \/>\n<meta name=\"author\" content=\"Hope Jzr\" \/>\n<meta name=\"twitter:card\" content=\"summary_large_image\" \/>\n<meta name=\"twitter:label1\" content=\"\u00c9crit par\" \/>\n\t<meta name=\"twitter:data1\" content=\"Hope Jzr\" \/>\n\t<meta name=\"twitter:label2\" content=\"Dur\u00e9e de lecture estim\u00e9e\" \/>\n\t<meta name=\"twitter:data2\" content=\"4 minutes\" \/>\n<script type=\"application\/ld+json\" class=\"yoast-schema-graph\">{\"@context\":\"https:\\\/\\\/schema.org\",\"@graph\":[{\"@type\":\"Article\",\"@id\":\"https:\\\/\\\/jazairhope.org\\\/fr\\\/des-juristes-espagnols-enfoncent-sanchez-lalgerie-a-le-droit-international-de-son-cote\\\/#article\",\"isPartOf\":{\"@id\":\"https:\\\/\\\/jazairhope.org\\\/fr\\\/des-juristes-espagnols-enfoncent-sanchez-lalgerie-a-le-droit-international-de-son-cote\\\/\"},\"author\":{\"name\":\"Hope Jzr\",\"@id\":\"https:\\\/\\\/jazairhope.org\\\/fr\\\/#\\\/schema\\\/person\\\/0b50f60fad840cf92313307e38c9d20d\"},\"headline\":\"Des juristes espagnols enfoncent Sanchez: \u00abL\u2019Alg\u00e9rie a le droit international de son c\u00f4t\u00e9\u00bb\",\"datePublished\":\"2022-06-17T15:08:35+00:00\",\"dateModified\":\"2022-06-17T15:09:15+00:00\",\"mainEntityOfPage\":{\"@id\":\"https:\\\/\\\/jazairhope.org\\\/fr\\\/des-juristes-espagnols-enfoncent-sanchez-lalgerie-a-le-droit-international-de-son-cote\\\/\"},\"wordCount\":865,\"commentCount\":0,\"image\":{\"@id\":\"https:\\\/\\\/jazairhope.org\\\/fr\\\/des-juristes-espagnols-enfoncent-sanchez-lalgerie-a-le-droit-international-de-son-cote\\\/#primaryimage\"},\"thumbnailUrl\":\"https:\\\/\\\/jazairhope.org\\\/wp-content\\\/uploads\\\/2022\\\/06\\\/Capture-18.png\",\"articleSection\":[\"Alg\u00e9rie Alg\u00e9rienne\",\"Politique\"],\"inLanguage\":\"fr-FR\",\"potentialAction\":[{\"@type\":\"CommentAction\",\"name\":\"Comment\",\"target\":[\"https:\\\/\\\/jazairhope.org\\\/fr\\\/des-juristes-espagnols-enfoncent-sanchez-lalgerie-a-le-droit-international-de-son-cote\\\/#respond\"]}]},{\"@type\":\"WebPage\",\"@id\":\"https:\\\/\\\/jazairhope.org\\\/fr\\\/des-juristes-espagnols-enfoncent-sanchez-lalgerie-a-le-droit-international-de-son-cote\\\/\",\"url\":\"https:\\\/\\\/jazairhope.org\\\/fr\\\/des-juristes-espagnols-enfoncent-sanchez-lalgerie-a-le-droit-international-de-son-cote\\\/\",\"name\":\"Des juristes espagnols enfoncent Sanchez: \u00abL\u2019Alg\u00e9rie a le droit international de son c\u00f4t\u00e9\u00bb - AAH.JZR\",\"isPartOf\":{\"@id\":\"https:\\\/\\\/jazairhope.org\\\/fr\\\/#website\"},\"primaryImageOfPage\":{\"@id\":\"https:\\\/\\\/jazairhope.org\\\/fr\\\/des-juristes-espagnols-enfoncent-sanchez-lalgerie-a-le-droit-international-de-son-cote\\\/#primaryimage\"},\"image\":{\"@id\":\"https:\\\/\\\/jazairhope.org\\\/fr\\\/des-juristes-espagnols-enfoncent-sanchez-lalgerie-a-le-droit-international-de-son-cote\\\/#primaryimage\"},\"thumbnailUrl\":\"https:\\\/\\\/jazairhope.org\\\/wp-content\\\/uploads\\\/2022\\\/06\\\/Capture-18.png\",\"datePublished\":\"2022-06-17T15:08:35+00:00\",\"dateModified\":\"2022-06-17T15:09:15+00:00\",\"author\":{\"@id\":\"https:\\\/\\\/jazairhope.org\\\/fr\\\/#\\\/schema\\\/person\\\/0b50f60fad840cf92313307e38c9d20d\"},\"breadcrumb\":{\"@id\":\"https:\\\/\\\/jazairhope.org\\\/fr\\\/des-juristes-espagnols-enfoncent-sanchez-lalgerie-a-le-droit-international-de-son-cote\\\/#breadcrumb\"},\"inLanguage\":\"fr-FR\",\"potentialAction\":[{\"@type\":\"ReadAction\",\"target\":[\"https:\\\/\\\/jazairhope.org\\\/fr\\\/des-juristes-espagnols-enfoncent-sanchez-lalgerie-a-le-droit-international-de-son-cote\\\/\"]}]},{\"@type\":\"ImageObject\",\"inLanguage\":\"fr-FR\",\"@id\":\"https:\\\/\\\/jazairhope.org\\\/fr\\\/des-juristes-espagnols-enfoncent-sanchez-lalgerie-a-le-droit-international-de-son-cote\\\/#primaryimage\",\"url\":\"https:\\\/\\\/jazairhope.org\\\/wp-content\\\/uploads\\\/2022\\\/06\\\/Capture-18.png\",\"contentUrl\":\"https:\\\/\\\/jazairhope.org\\\/wp-content\\\/uploads\\\/2022\\\/06\\\/Capture-18.png\",\"width\":717,\"height\":397},{\"@type\":\"BreadcrumbList\",\"@id\":\"https:\\\/\\\/jazairhope.org\\\/fr\\\/des-juristes-espagnols-enfoncent-sanchez-lalgerie-a-le-droit-international-de-son-cote\\\/#breadcrumb\",\"itemListElement\":[{\"@type\":\"ListItem\",\"position\":1,\"name\":\"Accueil\",\"item\":\"https:\\\/\\\/jazairhope.org\\\/fr\\\/\"},{\"@type\":\"ListItem\",\"position\":2,\"name\":\"Des juristes espagnols enfoncent Sanchez: \u00abL\u2019Alg\u00e9rie a le droit international de son c\u00f4t\u00e9\u00bb\"}]},{\"@type\":\"WebSite\",\"@id\":\"https:\\\/\\\/jazairhope.org\\\/fr\\\/#website\",\"url\":\"https:\\\/\\\/jazairhope.org\\\/fr\\\/\",\"name\":\"AAH.JZR\",\"description\":\"Environment, Health, Science, Art, Economics\",\"potentialAction\":[{\"@type\":\"SearchAction\",\"target\":{\"@type\":\"EntryPoint\",\"urlTemplate\":\"https:\\\/\\\/jazairhope.org\\\/fr\\\/?s={search_term_string}\"},\"query-input\":{\"@type\":\"PropertyValueSpecification\",\"valueRequired\":true,\"valueName\":\"search_term_string\"}}],\"inLanguage\":\"fr-FR\"},{\"@type\":\"Person\",\"@id\":\"https:\\\/\\\/jazairhope.org\\\/fr\\\/#\\\/schema\\\/person\\\/0b50f60fad840cf92313307e38c9d20d\",\"name\":\"Hope Jzr\",\"image\":{\"@type\":\"ImageObject\",\"inLanguage\":\"fr-FR\",\"@id\":\"https:\\\/\\\/secure.gravatar.com\\\/avatar\\\/0a42f66f14ba94b77f351f3bb2f3b9389c4063acb1697ffb32f5d3944782d3e7?s=96&d=mm&r=g\",\"url\":\"https:\\\/\\\/secure.gravatar.com\\\/avatar\\\/0a42f66f14ba94b77f351f3bb2f3b9389c4063acb1697ffb32f5d3944782d3e7?s=96&d=mm&r=g\",\"contentUrl\":\"https:\\\/\\\/secure.gravatar.com\\\/avatar\\\/0a42f66f14ba94b77f351f3bb2f3b9389c4063acb1697ffb32f5d3944782d3e7?s=96&d=mm&r=g\",\"caption\":\"Hope Jzr\"},\"description\":\"\u00c0 propos de Hope&amp;ChaDia Hope&amp;ChaDia n\u2019est pas un pseudonyme, mais une m\u00e9thode de travail. Hope : l\u2019id\u00e9e, l\u2019esprit, la structure, la vision. C\u2019est l\u2019impulsion humaine qui choisit l\u2019angle, trace la ligne \u00e9ditoriale et donne le sens. ChaDia : l\u2019assistante, qui met en forme, d\u00e9veloppe, affine le style et v\u00e9rifie les faits. Une aide technologique qui amplifie mais ne cr\u00e9e pas. Ensemble, Hope&amp;ChaDia produisent des textes hybrides : profond\u00e9ment humains dans leur inspiration, rigoureux et pr\u00e9cis dans leur r\u00e9alisation. . . SUPPORTEZ JAZAIRHOPE ET FAITES CONNA\u00ceTRE LE PATRIMOINE ET L\u2019HISTOIRE DE L\u2019ALG\u00c9RIE, EN ACHETANT LE LIVRE DE JAZAIRHOPE POUR VOUS OU POUR L\u2019OFFRIR A VOS PROCHES, ICI : https:\\\/\\\/jazairhope.org\\\/fr\\\/ebook\\\/ CEUX EN ALG\u00c9RIE ET CEUX QUI PEUVENT PAS L\u2019ACHETER ON OFFRE UNE COPIE DIGITALE GRATUITE, POUR CELA ENVOYEZ UN EMAIL \u00c0 : INFO@JAZAIRHOPE.ORG\",\"url\":\"https:\\\/\\\/jazairhope.org\\\/fr\\\/author\\\/hope-jazair\\\/\"}]}<\/script>\n<!-- \/ Yoast SEO plugin. -->","yoast_head_json":{"title":"Des juristes espagnols enfoncent Sanchez: \u00abL\u2019Alg\u00e9rie a le droit international de son c\u00f4t\u00e9\u00bb - AAH.JZR","robots":{"index":"index","follow":"follow","max-snippet":"max-snippet:-1","max-image-preview":"max-image-preview:large","max-video-preview":"max-video-preview:-1"},"canonical":"https:\/\/jazairhope.org\/fr\/des-juristes-espagnols-enfoncent-sanchez-lalgerie-a-le-droit-international-de-son-cote\/","og_locale":"fr_FR","og_type":"article","og_title":"Des juristes espagnols enfoncent Sanchez: \u00abL\u2019Alg\u00e9rie a le droit international de son c\u00f4t\u00e9\u00bb - AAH.JZR","og_description":"L\u2019Alg\u00e9rie a la l\u00e9gislation internationale de son c\u00f4t\u00e9, puisque la suspension du Trait\u00e9 d\u2019amiti\u00e9, de bon voisinage et de coop\u00e9ration est une&hellip;","og_url":"https:\/\/jazairhope.org\/fr\/des-juristes-espagnols-enfoncent-sanchez-lalgerie-a-le-droit-international-de-son-cote\/","og_site_name":"AAH.JZR","article_publisher":"https:\/\/www.facebook.com\/jazairhope","article_published_time":"2022-06-17T15:08:35+00:00","article_modified_time":"2022-06-17T15:09:15+00:00","og_image":[{"width":717,"height":397,"url":"https:\/\/jazairhope.org\/wp-content\/uploads\/2022\/06\/Capture-18.png","type":"image\/png"}],"author":"Hope Jzr","twitter_card":"summary_large_image","twitter_misc":{"\u00c9crit par":"Hope Jzr","Dur\u00e9e de lecture estim\u00e9e":"4 minutes"},"schema":{"@context":"https:\/\/schema.org","@graph":[{"@type":"Article","@id":"https:\/\/jazairhope.org\/fr\/des-juristes-espagnols-enfoncent-sanchez-lalgerie-a-le-droit-international-de-son-cote\/#article","isPartOf":{"@id":"https:\/\/jazairhope.org\/fr\/des-juristes-espagnols-enfoncent-sanchez-lalgerie-a-le-droit-international-de-son-cote\/"},"author":{"name":"Hope Jzr","@id":"https:\/\/jazairhope.org\/fr\/#\/schema\/person\/0b50f60fad840cf92313307e38c9d20d"},"headline":"Des juristes espagnols enfoncent Sanchez: \u00abL\u2019Alg\u00e9rie a le droit international de son c\u00f4t\u00e9\u00bb","datePublished":"2022-06-17T15:08:35+00:00","dateModified":"2022-06-17T15:09:15+00:00","mainEntityOfPage":{"@id":"https:\/\/jazairhope.org\/fr\/des-juristes-espagnols-enfoncent-sanchez-lalgerie-a-le-droit-international-de-son-cote\/"},"wordCount":865,"commentCount":0,"image":{"@id":"https:\/\/jazairhope.org\/fr\/des-juristes-espagnols-enfoncent-sanchez-lalgerie-a-le-droit-international-de-son-cote\/#primaryimage"},"thumbnailUrl":"https:\/\/jazairhope.org\/wp-content\/uploads\/2022\/06\/Capture-18.png","articleSection":["Alg\u00e9rie Alg\u00e9rienne","Politique"],"inLanguage":"fr-FR","potentialAction":[{"@type":"CommentAction","name":"Comment","target":["https:\/\/jazairhope.org\/fr\/des-juristes-espagnols-enfoncent-sanchez-lalgerie-a-le-droit-international-de-son-cote\/#respond"]}]},{"@type":"WebPage","@id":"https:\/\/jazairhope.org\/fr\/des-juristes-espagnols-enfoncent-sanchez-lalgerie-a-le-droit-international-de-son-cote\/","url":"https:\/\/jazairhope.org\/fr\/des-juristes-espagnols-enfoncent-sanchez-lalgerie-a-le-droit-international-de-son-cote\/","name":"Des juristes espagnols enfoncent Sanchez: \u00abL\u2019Alg\u00e9rie a le droit international de son c\u00f4t\u00e9\u00bb - AAH.JZR","isPartOf":{"@id":"https:\/\/jazairhope.org\/fr\/#website"},"primaryImageOfPage":{"@id":"https:\/\/jazairhope.org\/fr\/des-juristes-espagnols-enfoncent-sanchez-lalgerie-a-le-droit-international-de-son-cote\/#primaryimage"},"image":{"@id":"https:\/\/jazairhope.org\/fr\/des-juristes-espagnols-enfoncent-sanchez-lalgerie-a-le-droit-international-de-son-cote\/#primaryimage"},"thumbnailUrl":"https:\/\/jazairhope.org\/wp-content\/uploads\/2022\/06\/Capture-18.png","datePublished":"2022-06-17T15:08:35+00:00","dateModified":"2022-06-17T15:09:15+00:00","author":{"@id":"https:\/\/jazairhope.org\/fr\/#\/schema\/person\/0b50f60fad840cf92313307e38c9d20d"},"breadcrumb":{"@id":"https:\/\/jazairhope.org\/fr\/des-juristes-espagnols-enfoncent-sanchez-lalgerie-a-le-droit-international-de-son-cote\/#breadcrumb"},"inLanguage":"fr-FR","potentialAction":[{"@type":"ReadAction","target":["https:\/\/jazairhope.org\/fr\/des-juristes-espagnols-enfoncent-sanchez-lalgerie-a-le-droit-international-de-son-cote\/"]}]},{"@type":"ImageObject","inLanguage":"fr-FR","@id":"https:\/\/jazairhope.org\/fr\/des-juristes-espagnols-enfoncent-sanchez-lalgerie-a-le-droit-international-de-son-cote\/#primaryimage","url":"https:\/\/jazairhope.org\/wp-content\/uploads\/2022\/06\/Capture-18.png","contentUrl":"https:\/\/jazairhope.org\/wp-content\/uploads\/2022\/06\/Capture-18.png","width":717,"height":397},{"@type":"BreadcrumbList","@id":"https:\/\/jazairhope.org\/fr\/des-juristes-espagnols-enfoncent-sanchez-lalgerie-a-le-droit-international-de-son-cote\/#breadcrumb","itemListElement":[{"@type":"ListItem","position":1,"name":"Accueil","item":"https:\/\/jazairhope.org\/fr\/"},{"@type":"ListItem","position":2,"name":"Des juristes espagnols enfoncent Sanchez: \u00abL\u2019Alg\u00e9rie a le droit international de son c\u00f4t\u00e9\u00bb"}]},{"@type":"WebSite","@id":"https:\/\/jazairhope.org\/fr\/#website","url":"https:\/\/jazairhope.org\/fr\/","name":"AAH.JZR","description":"Environment, Health, Science, Art, Economics","potentialAction":[{"@type":"SearchAction","target":{"@type":"EntryPoint","urlTemplate":"https:\/\/jazairhope.org\/fr\/?s={search_term_string}"},"query-input":{"@type":"PropertyValueSpecification","valueRequired":true,"valueName":"search_term_string"}}],"inLanguage":"fr-FR"},{"@type":"Person","@id":"https:\/\/jazairhope.org\/fr\/#\/schema\/person\/0b50f60fad840cf92313307e38c9d20d","name":"Hope Jzr","image":{"@type":"ImageObject","inLanguage":"fr-FR","@id":"https:\/\/secure.gravatar.com\/avatar\/0a42f66f14ba94b77f351f3bb2f3b9389c4063acb1697ffb32f5d3944782d3e7?s=96&d=mm&r=g","url":"https:\/\/secure.gravatar.com\/avatar\/0a42f66f14ba94b77f351f3bb2f3b9389c4063acb1697ffb32f5d3944782d3e7?s=96&d=mm&r=g","contentUrl":"https:\/\/secure.gravatar.com\/avatar\/0a42f66f14ba94b77f351f3bb2f3b9389c4063acb1697ffb32f5d3944782d3e7?s=96&d=mm&r=g","caption":"Hope Jzr"},"description":"\u00c0 propos de Hope&amp;ChaDia Hope&amp;ChaDia n\u2019est pas un pseudonyme, mais une m\u00e9thode de travail. Hope : l\u2019id\u00e9e, l\u2019esprit, la structure, la vision. C\u2019est l\u2019impulsion humaine qui choisit l\u2019angle, trace la ligne \u00e9ditoriale et donne le sens. ChaDia : l\u2019assistante, qui met en forme, d\u00e9veloppe, affine le style et v\u00e9rifie les faits. Une aide technologique qui amplifie mais ne cr\u00e9e pas. Ensemble, Hope&amp;ChaDia produisent des textes hybrides : profond\u00e9ment humains dans leur inspiration, rigoureux et pr\u00e9cis dans leur r\u00e9alisation. . . SUPPORTEZ JAZAIRHOPE ET FAITES CONNA\u00ceTRE LE PATRIMOINE ET L\u2019HISTOIRE DE L\u2019ALG\u00c9RIE, EN ACHETANT LE LIVRE DE JAZAIRHOPE POUR VOUS OU POUR L\u2019OFFRIR A VOS PROCHES, ICI : https:\/\/jazairhope.org\/fr\/ebook\/ CEUX EN ALG\u00c9RIE ET CEUX QUI PEUVENT PAS L\u2019ACHETER ON OFFRE UNE COPIE DIGITALE GRATUITE, POUR CELA ENVOYEZ UN EMAIL \u00c0 : INFO@JAZAIRHOPE.ORG","url":"https:\/\/jazairhope.org\/fr\/author\/hope-jazair\/"}]}},"views":417,"_links":{"self":[{"href":"https:\/\/jazairhope.org\/fr\/wp-json\/wp\/v2\/posts\/55251","targetHints":{"allow":["GET"]}}],"collection":[{"href":"https:\/\/jazairhope.org\/fr\/wp-json\/wp\/v2\/posts"}],"about":[{"href":"https:\/\/jazairhope.org\/fr\/wp-json\/wp\/v2\/types\/post"}],"author":[{"embeddable":true,"href":"https:\/\/jazairhope.org\/fr\/wp-json\/wp\/v2\/users\/50"}],"replies":[{"embeddable":true,"href":"https:\/\/jazairhope.org\/fr\/wp-json\/wp\/v2\/comments?post=55251"}],"version-history":[{"count":0,"href":"https:\/\/jazairhope.org\/fr\/wp-json\/wp\/v2\/posts\/55251\/revisions"}],"wp:featuredmedia":[{"embeddable":true,"href":"https:\/\/jazairhope.org\/fr\/wp-json\/wp\/v2\/media\/55252"}],"wp:attachment":[{"href":"https:\/\/jazairhope.org\/fr\/wp-json\/wp\/v2\/media?parent=55251"}],"wp:term":[{"taxonomy":"category","embeddable":true,"href":"https:\/\/jazairhope.org\/fr\/wp-json\/wp\/v2\/categories?post=55251"},{"taxonomy":"post_tag","embeddable":true,"href":"https:\/\/jazairhope.org\/fr\/wp-json\/wp\/v2\/tags?post=55251"}],"curies":[{"name":"wp","href":"https:\/\/api.w.org\/{rel}","templated":true}]}}