{"id":55320,"date":"2022-06-20T15:00:09","date_gmt":"2022-06-20T14:00:09","guid":{"rendered":"https:\/\/jazairhope.org\/?p=55320"},"modified":"2022-06-19T15:41:07","modified_gmt":"2022-06-19T14:41:07","slug":"dr-abderrahmane-mebtoul-les-jeux-mediterraneens-2022-a-oran-vitrine-civilisationnelle-du-pays","status":"publish","type":"post","link":"https:\/\/jazairhope.org\/fr\/dr-abderrahmane-mebtoul-les-jeux-mediterraneens-2022-a-oran-vitrine-civilisationnelle-du-pays\/","title":{"rendered":"Dr. Abderrahmane MEBTOUL : Les Jeux m\u00e9diterran\u00e9ens-2022 \u00e0 Oran  Vitrine Civilisationnelle du Pays"},"content":{"rendered":"<p><img decoding=\"async\" class=\"alignleft\" src=\"https:\/\/mohsenabdelmoumen.files.wordpress.com\/2018\/08\/a-mebtoul3.jpg\" alt=\"Dr. Abderrahmane Mebtoul: \u201cAlgeria still faces significant challenges\u201d \u00ab  Alg\u00e9rie R\u00e9sistance\" width=\"165\" height=\"109\" \/><\/p>\n<p>Par <a href=\"https:\/\/www.lexpressiondz.com\/profile\/abderrahmane-mebtoul\">Abderrahmane MEBTOUL<\/a><\/p>\n<p>Les Jeux m\u00e9diterran\u00e9ens-2022 se d\u00e9rouleront \u00e0 Oran du 25 juin au 05 juillet 2022 &#8211; un grand honneur pour l&#8217;Alg\u00e9rie \u00e0 la veille de la f\u00eate de l&#8217;ind\u00e9pendance. Au total, 26 pays participeront \u00e0 cette \u00e9dition des Jeux m\u00e9diterran\u00e9ens: l&#8217;Albanie, l&#8217;Alg\u00e9rie, Andorre, la Bosnie-Herz\u00e9govine, Chypre, la Croatie, l&#8217;\u00c9gypte, l&#8217;Espagne, la France, la Gr\u00e8ce, l&#8217;Italie, le Kosovo, le Liban, la Libye, la Mac\u00e9doine du Nord, Malte, le Maroc, Monaco, le Mont\u00e9n\u00e9gro, le Portugal, Saint-Marin, la Serbie, la Slov\u00e9nie, la Syrie, la Tunisie et la Turquie.<\/p>\n<p><strong>Une longue histoire m\u00e9diterran\u00e9enne<\/strong><br \/>\nOran (en arabe Wahr\u00e2an), surnomm\u00e9e \u00b4\u00b4la radieuse\u00b4\u00b4 (en arabe El-Bahia), est une ville portuaire de la M\u00e9diterran\u00e9e, au nord-ouest de l&#8217;Alg\u00e9rie, et le chef-lieu de la wilaya du m\u00eame nom, en bordure du golfe d&#8217;Oran, se trouvant \u00e0 432 km \u00e0 l&#8217;ouest de la capitale Alger. Bon nombre d&#8217;historiens rappellent que le nom \u00b4\u00b4Wahran\u00b4\u00b4 (Oran) vient du mot arabe \u00b4\u00b4wahr\u00b4\u00b4 (lion) et de son duel (deux) Wahran (deux lions). La l\u00e9gende dit qu&#8217;\u00e0 l&#8217;\u00e9poque (vers l&#8217;an 900), il y avait encore des lions sur la montagne pr\u00e8s d&#8217;Oran et qui, d&#8217;ailleurs, s&#8217;appelle \u00b4\u00b4la Montagne des lions\u00b4\u00b4. Il existe devant la mairie d&#8217;Oran deux grandes statues symbolisant les deux lions en question. Oran aurait \u00e9t\u00e9 cr\u00e9\u00e9e en 902 par les marins andalous et a connu diff\u00e9rentes occupations. D&#8217;o\u00f9 les conflits entre Omeyyades d&#8217;Espagne et Fatimides de Kairouan. En 1016, la ville devient Omeyyade, et en 1081, c&#8217;est l&#8217;av\u00e8nement de l&#8217;Empire almoravide. Avec le d\u00e9but du XIIIe si\u00e8cle, c&#8217;est la constitution des royaumes de l&#8217;Est et de Tlemcen sur le corps de l&#8217;Empire almohade, tandis qu&#8217;au Maroc, les M\u00e9rinides commencent \u00e0 prendre du terrain sur l&#8217;autorit\u00e9 de l&#8217;Empire. Le royaume ziyanide de Tlemcen, dont font partie Oran et sa province, est alors pris en \u00e9tau entre les Hafcides de l&#8217;Est et les M\u00e9rinides de l&#8217;Ouest. Les M\u00e9rinides vont, \u00e0 un certain moment, jusqu&#8217;\u00e0 proposer la paix avec Tlemcen \u00e0 condition de continuer de garder Oran. Durant toute cette p\u00e9riode aussi, la ville d&#8217;Oran sera, tour \u00e0 tour et plusieurs fois de suite, ziyanide, m\u00e9rinide, hafcide. Le premier si\u00e8ge m\u00e9rinide d&#8217;Oran a lieu en 1296, et la derni\u00e8re tentative des rois de l&#8217;Ouest de reprendre Oran a lieu en 1368 sous le roi ziyanide, Abou Hammou Moussa I. S&#8217;ensuit alors une longue p\u00e9riode tragique marqu\u00e9e par des luttes intestines au sein du royaume de Tlemcen pour la succession au tr\u00f4ne jusqu&#8217;en 1425, p\u00e9riode du sultan hafcide Abou Far\u00e8s, qui reprend tout le Maghreb central&#8230; C&#8217;est sans doute \u00e0 la faveur de ces dissensions et de ces d\u00e9chirements continus, qui affaiblissent le royaume, que se fait la prise d&#8217;Oran par les Espagnols en 1509 apr\u00e8s l&#8217;occupation de Mers el-K\u00e9bir. La premi\u00e8re lib\u00e9ration d&#8217;Oran s&#8217;est faite en 1705 par le bey Bouchelagham qui en fit le si\u00e8ge du beylick. Mais cette lib\u00e9ration est de courte dur\u00e9e &#8211; puisque les Espagnols reprennent la ville &#8211; et prend fin le 8 octobre 1792. La ville est assi\u00e9g\u00e9e par Mohamed ben Othman, dit Mohamed El-K\u00e9bir, mais au cours de la premi\u00e8re nuit du si\u00e8ge, un tremblement de terre d\u00e9truit Oran. Le bey propose un trait\u00e9 au roi Charles IV, et d\u00e8s 1792, les Espagnols quittent d\u00e9finitivement Oran. En 1831, la ville, comme le reste du pays, devint colonie fran\u00e7aise. La ville a \u00e9t\u00e9 pr\u00e9fecture du d\u00e9partement d&#8217;Oran qui occupait tout l&#8217;Ouest. Pendant la Seconde Guerre mondiale, le 3 Juillet 1940, la flotte fran\u00e7aise du gouvernement de Vichy, bas\u00e9e \u00e0 Mers el-K\u00e9bir, fut bombard\u00e9e par la flotte anglaise venant de Gibraltar. Le 8 novembre 1942, c&#8217;est au tour des Anglais et des Am\u00e9ricains de d\u00e9barquer, pr\u00e9lude au d\u00e9barquement en Italie. Durant la guerre de Lib\u00e9ration nationale, Oran, \u00e0 l&#8217;instar de toutes les wilayas du pays, a pay\u00e9 un lourd tribut pour que l&#8217;Alg\u00e9rie retrouve sa souverainet\u00e9.<br \/>\n<strong>Une wilaya \u00e0 fortes potentialit\u00e9s<\/strong><br \/>\nL&#8217;ambition d&#8217;Oran est de figurer au rang des grandes m\u00e9tropoles qui comptent \u00e0 travers la M\u00e9diterran\u00e9e, une ville attractive et cr\u00e9ative. Le r\u00f4le d&#8217;Oran dans l&#8217;\u00e9conomie alg\u00e9rienne et dans la r\u00e9gion Ouest est crucial, avec les nouvelles mutations mondiales o\u00f9 la concurrence internationale est vivace. La wilaya d&#8217;Oran compte 9 da\u00efras avec une superficie de 2 114 km2, elle est bord\u00e9e \u00e0 l&#8217;Est par la wilaya de Mostaganem, au Sud-Est par celle de Mascara, au Sud-Ouest par celle de Sidi Bel-Abb\u00e8s et \u00e0 l&#8217;Ouest par celle d&#8217;A\u00efn T\u00e9mouchent. La wilaya a un climat m\u00e9diterran\u00e9en, son relief \u00e9tant marqu\u00e9, notamment par une fa\u00e7ade maritime compos\u00e9e de c\u00f4tes rocheuses s&#8217;\u00e9talant des monts d&#8217;Arzew jusqu&#8217;\u00e0 Mers el-Kebir \u00e0 l&#8217;Ouest et du cap Lindles jusqu&#8217;\u00e0 cap Sigal, limite administrative de la wilaya avec des plages sableuses de la basse plaine de Bousfer, les Andalouses et la baie d&#8217;Arzew. Le plateau d&#8217;Oran-Gdyel s&#8217;\u00e9tend sur une vaste superficie, des pi\u00e9monts du Murdjadjo jusqu&#8217;au Sahel d&#8217;Arzew, et la partie orientale de la plaine de la M&#8217;leta entre les pi\u00e9monts sud de Tessala, les coteaux de la for\u00eat de Moulay Isma\u00efl et la bordure imm\u00e9diate de la grande Sebkha constitu\u00e9e par une d\u00e9pression situ\u00e9e \u00e0 80 m d&#8217;altitude d&#8217;une \u00e9tendue d\u00e9passant les 30 000 ha (pr\u00e8s du 6e de la surface de la wilaya). La wilaya rec\u00e8le une superficie agricole utile de 90 271 ha, la superficie foresti\u00e8re s&#8217;\u00e9tendant sur 41 260 ha et ses potentialit\u00e9s \u00e9conomiques sont l&#8217;agriculture, l&#8217;industrie, la p\u00eache, les nouvelles technologies et le tourisme. Des campus comme l&#8217;Usto Mohamed-Boudiaf d&#8217;Oran, le p\u00f4le de Belga\u00efd ou encore l&#8217;universit\u00e9 Abou-Bakr-Belka\u00efd peuvent servir de segment dynamisant pour la wilaya pour peu que la qualit\u00e9 l&#8217;emporte sur la quantit\u00e9. C&#8217;est que la wilaya d&#8217;Oran aspire \u00e0 se hisser au rang des grandes m\u00e9tropoles; elle en a les potentialit\u00e9s. Elle est dot\u00e9e d&#8217;infrastructures de base non n\u00e9gligeables (routes, ports, a\u00e9roport), abrite les plus grands complexes p\u00e9troliers et gaziers du pays, une c\u00f4te attrayante sur la mer; ce qui lui permet, sous condition d&#8217;une gestion optimale, d&#8217;offrir des conditions satisfaisantes \u00e0 l&#8217;activit\u00e9 \u00e9conomique et commerciale.Les extensions du port d&#8217;Arzew, p\u00f4le p\u00e9trochimique, et de l&#8217;a\u00e9roport Ahmed-Ben-Bella, o\u00f9 de grands projets sont en cours, devraient permettre une meilleure fluidit\u00e9 de la circulation des personnes et des marchandises. Son attractivit\u00e9 peut lui faire jouer le r\u00f4le de p\u00f4le d&#8217;excellence et de comp\u00e9titivit\u00e9 sur lequel s&#8217;appuient les villes-relais du Tell telles que Tlemcen, Sidi Bel Abb\u00e8s, Mascara et Relizane. Avec ses infrastructures portuaires, a\u00e9roportuaires, ferroviaires et routi\u00e8res, Oran peut attirer de nombreux investissements, sous r\u00e9serve d&#8217;une nouvelle gouvernance locale.<br \/>\n<strong>\u00c9tat r\u00e9gulateur<\/strong><br \/>\nL&#8217;Alg\u00e9rie en face de l&#8217;Europe, c\u00f4toyant la Tunisie, l&#8217;Atlantique (Maroc, Mauritanie), la Libye, le Mali et le Niger comme point d&#8217;appui de l&#8217;Afrique subsaharienne s&#8217;\u00e9tendant sur 2 380 000 km2 dont 2 100 000 km2 d&#8217;espace saharien. La densit\u00e9 para\u00eet faible, mais les 9\/10e de la population sont concentr\u00e9s sur les terres du Nord. Apr\u00e8s la \u00b4\u00b4commune providence\u00b4\u00b4 du tout-\u00c9tat, l&#8217;heure est au partenariat entre les acteurs de la vie \u00e9conomique et sociale, \u00e0 la solidarit\u00e9, \u00e0 la recherche de toutes formes de synergie et \u00e0 l&#8217;ing\u00e9nierie territoriale. Ce n&#8217;est pas propre \u00e0 Oran, mais \u00e0 toutes les grandes agglom\u00e9rations, ce qui implique une r\u00e9elle d\u00e9centralisation autour de six \u00e0 sept grands p\u00f4les r\u00e9gionaux \u00e9conomiques (Est, Centre, Ouest, Sud-Est, Sud-Ouest&#8230;). L&#8217;objectif strat\u00e9gique \u00e0 l&#8217;horizon 2022-2025 est d&#8217;avoir une autre vision de l&#8217;am\u00e9nagement de l&#8217;espace afin de rapprocher l&#8217;\u00c9tat du citoyen pour sa participation \u00e0 la gestion de la cit\u00e9, ce qui suppose une profonde r\u00e9forme de l&#8217;\u00c9tat et une d\u00e9mocratisation de la soci\u00e9t\u00e9 tenant compte de son anthropologie culturelle. En tant que responsable de la politique \u00e9conomique et animateur-r\u00e9gulateur, l&#8217;\u00c9tat aura vraisemblablement \u00e0 se dessaisir des charges d&#8217;administration en rapport avec la gestion des territoires des communes, pour permettre \u00e0 ces derni\u00e8res d&#8217;assumer pleinement leurs missions de managers de leurs espaces respectifs. Les transferts de comp\u00e9tences de l&#8217;\u00c9tat vers les collectivit\u00e9s territoriales doivent \u00eatre accompagn\u00e9s d&#8217;un abandon effectif de la mission correspondante par les services de l&#8217;\u00c9tat et du red\u00e9ploiement de l&#8217;int\u00e9gralit\u00e9 des agents de l&#8217;\u00c9tat concern\u00e9s pour \u00e9viter les doublants entre les actions de l&#8217;\u00c9tat et des collectivit\u00e9s territoriales. L&#8217;on pourrait imaginer de grands p\u00f4les r\u00e9gionaux. C&#8217;est pourquoi la fonction de wali &#8211; dont le r\u00f4le essentiel est l&#8217;animation et la coordination des communes &#8211; ne doit plus r\u00e9pondre aux crit\u00e8res actuels o\u00f9 l&#8217;administratif prime, mais \u00e0 des hommes managers d&#8217;un niveau intellectuel \u00e9lev\u00e9 et d&#8217;une haute moralit\u00e9. Les exp\u00e9riences nous enseignent que les technopoles sont de v\u00e9ritables moteurs de croissance pour les pays, si tant est que les d\u00e9cideurs r\u00e9alisent le bon choix de mod\u00e8le en fonction du contexte du pays.<br \/>\n<strong>Les conditions de l&#8217;\u00e9mergence<\/strong><br \/>\nPremi\u00e8rement, pour cr\u00e9er les conditions qui permettront \u00e0 la fois d&#8217;attirer les investissements, de cr\u00e9er de l&#8217;emploi et de stimuler les innovations, la m\u00e9tropole doit \u00eatre assise sur les technopoles. Elle doit \u00eatre soutenue \u00e0 la fois par les acteurs publics, notamment dans le domaine des incitations fiscales, des subventions temporaires, du foncier avec toutes les utilit\u00e9s et commodit\u00e9s (\u00c9tat, banques publiques, universit\u00e9s&#8230;) et priv\u00e9s (entreprises, banques priv\u00e9es, Chambre de commerce, syndicats patronaux..).<br \/>\nDeuxi\u00e8mement, l&#8217;efficacit\u00e9 doit reposer sur un mod\u00e8le op\u00e9rationnel performant. En mati\u00e8re de gouvernance, la p\u00e9rennit\u00e9 de la technopole repose sur une autonomie de gestion et une autonomie financi\u00e8re qui lui permettent de dynamiser la recherche de clients entreprises et pour des partenariats avec des entreprises externes. Pour contribuer durablement \u00e0 la cr\u00e9ation d&#8217;emplois dans le pays, la technopole doit s&#8217;inscrire dans le cadre d&#8217;une politique d&#8217;innovation nationale d\u00e9finissant les secteurs prioritaires (industrie, \u00e9nergie, agroalimentaire, services, etc.).<br \/>\nTroisi\u00e8mement, le mod\u00e8le de financement et d&#8217;exploitation de la technopole doit \u00eatre construit en y associant plusieurs partenaires dans le cadre d&#8217;un partenariat public-priv\u00e9. Un cadre r\u00e9glementaire incitatif doit \u00eatre mis en place afin de faciliter le financement des jeunes entreprises.<br \/>\nQuatri\u00e8mement, les technopoles doivent s&#8217;ins\u00e9rer dans le cadre de la concurrence internationale. Il s&#8217;agit de faire le marketing de l&#8217;offre en mati\u00e8re de prestations offertes aux entreprises (centres de conf\u00e9rences, biblioth\u00e8que, salles de r\u00e9unions, helpdesk&#8230;).<br \/>\nCes quatre actions n\u00e9cessitent une nouvelle politique de l&#8217;am\u00e9nagement du territoire,. L&#8217;image de la commune-manager repose sur la n\u00e9cessit\u00e9 de faire plus et mieux avec des ressources restreintes, en \u00e9vitant le gaspillage, ce qui exclut obligatoirement le pilotage \u00e0 vue par des perspectives de long terme d&#8217;une part, et les arbitrages coh\u00e9rents, d&#8217;autre part, qu&#8217;implique la rigueur de l&#8217;acte de gestion.<br \/>\nEn r\u00e9sum\u00e9, le r\u00f4le du Cijm est de promouvoir le sport et l&#8217;olympisme ainsi que les id\u00e9aux et les valeurs dont ils sont porteurs dans les pays du Bassin m\u00e9diterran\u00e9en, s&#8217;engageant \u00e0 promouvoir l&#8217;esprit de paix, d&#8217;amiti\u00e9, d&#8217;excellence, d&#8217;ouverture d&#8217;esprit et d&#8217;unit\u00e9 entre les pays du pourtour m\u00e9diterran\u00e9en. Une mer qui, depuis 3000 ans, a vu la naissance de grandes civilisations, religions, cultures et traditions, ainsi que les valeurs et l&#8217;esprit de l&#8217;olympisme. C&#8217;est que l&#8217;\u00e8re des confrontations n&#8217;a eu cours que parce que les extr\u00e9mismes ont pr\u00e9valu dans un environnement fait de suspicion et d&#8217;exclusion. Conna\u00eetre l&#8217;Autre, c&#8217;est aller vers lui, c&#8217;est le comprendre, mieux le conna\u00eetre. L&#8217;Alg\u00e9rie a toujours \u00e9t\u00e9 au carrefour des \u00e9changes en M\u00e9diterran\u00e9e. De saint Augustin \u00e0 l&#8217;\u00c9mir Abdelkader, les apports de l&#8217;Alg\u00e9rie \u00e0 la spiritualit\u00e9, \u00e0 la tol\u00e9rance et \u00e0 la culture universelle ne peuvent que nous pr\u00e9disposer \u00e0 \u00eatre attentifs aux fractures contemporaines.<\/p>\n<p>Source : https:\/\/www.lexpressiondz.com\/economie\/vitrine-civilisationnelle-du-pays-357629<\/p>\n","protected":false},"excerpt":{"rendered":"<p>Par Abderrahmane MEBTOUL Les Jeux m\u00e9diterran\u00e9ens-2022 se d\u00e9rouleront \u00e0 Oran du 25 juin au 05 juillet 2022 &#8211; un grand honneur pour&hellip;<\/p>\n","protected":false},"author":50,"featured_media":54528,"comment_status":"open","ping_status":"open","sticky":false,"template":"","format":"standard","meta":{"_lmt_disableupdate":"","_lmt_disable":"","footnotes":""},"categories":[32,52],"tags":[],"class_list":["post-55320","post","type-post","status-publish","format-standard","has-post-thumbnail","hentry","category-algerie","category-sport-fr"],"yoast_head":"<!-- This site is optimized with the Yoast SEO plugin v27.3 - https:\/\/yoast.com\/product\/yoast-seo-wordpress\/ -->\n<title>Dr. Abderrahmane MEBTOUL : Les Jeux m\u00e9diterran\u00e9ens-2022 \u00e0 Oran Vitrine Civilisationnelle du Pays - AAH.JZR<\/title>\n<meta name=\"robots\" content=\"index, follow, max-snippet:-1, max-image-preview:large, max-video-preview:-1\" \/>\n<link rel=\"canonical\" href=\"https:\/\/jazairhope.org\/fr\/dr-abderrahmane-mebtoul-les-jeux-mediterraneens-2022-a-oran-vitrine-civilisationnelle-du-pays\/\" \/>\n<meta property=\"og:locale\" content=\"fr_FR\" \/>\n<meta property=\"og:type\" content=\"article\" \/>\n<meta property=\"og:title\" content=\"Dr. Abderrahmane MEBTOUL : Les Jeux m\u00e9diterran\u00e9ens-2022 \u00e0 Oran Vitrine Civilisationnelle du Pays - AAH.JZR\" \/>\n<meta property=\"og:description\" content=\"Par Abderrahmane MEBTOUL Les Jeux m\u00e9diterran\u00e9ens-2022 se d\u00e9rouleront \u00e0 Oran du 25 juin au 05 juillet 2022 &#8211; un grand honneur pour&hellip;\" \/>\n<meta property=\"og:url\" content=\"https:\/\/jazairhope.org\/fr\/dr-abderrahmane-mebtoul-les-jeux-mediterraneens-2022-a-oran-vitrine-civilisationnelle-du-pays\/\" \/>\n<meta property=\"og:site_name\" content=\"AAH.JZR\" \/>\n<meta property=\"article:publisher\" content=\"https:\/\/www.facebook.com\/jazairhope\" \/>\n<meta property=\"article:published_time\" content=\"2022-06-20T14:00:09+00:00\" \/>\n<meta property=\"og:image\" content=\"https:\/\/jazairhope.org\/wp-content\/uploads\/2022\/06\/8607a1e9269d1e4c59adde42a74d55a0.jpg\" \/>\n\t<meta property=\"og:image:width\" content=\"850\" \/>\n\t<meta property=\"og:image:height\" content=\"480\" \/>\n\t<meta property=\"og:image:type\" content=\"image\/jpeg\" \/>\n<meta name=\"author\" content=\"Hope Jzr\" \/>\n<meta name=\"twitter:card\" content=\"summary_large_image\" \/>\n<meta name=\"twitter:label1\" content=\"\u00c9crit par\" \/>\n\t<meta name=\"twitter:data1\" content=\"Hope Jzr\" \/>\n\t<meta name=\"twitter:label2\" content=\"Dur\u00e9e de lecture estim\u00e9e\" \/>\n\t<meta name=\"twitter:data2\" content=\"9 minutes\" \/>\n<script type=\"application\/ld+json\" class=\"yoast-schema-graph\">{\"@context\":\"https:\\\/\\\/schema.org\",\"@graph\":[{\"@type\":\"Article\",\"@id\":\"https:\\\/\\\/jazairhope.org\\\/fr\\\/dr-abderrahmane-mebtoul-les-jeux-mediterraneens-2022-a-oran-vitrine-civilisationnelle-du-pays\\\/#article\",\"isPartOf\":{\"@id\":\"https:\\\/\\\/jazairhope.org\\\/fr\\\/dr-abderrahmane-mebtoul-les-jeux-mediterraneens-2022-a-oran-vitrine-civilisationnelle-du-pays\\\/\"},\"author\":{\"name\":\"Hope Jzr\",\"@id\":\"https:\\\/\\\/jazairhope.org\\\/fr\\\/#\\\/schema\\\/person\\\/0b50f60fad840cf92313307e38c9d20d\"},\"headline\":\"Dr. Abderrahmane MEBTOUL : Les Jeux m\u00e9diterran\u00e9ens-2022 \u00e0 Oran Vitrine Civilisationnelle du Pays\",\"datePublished\":\"2022-06-20T14:00:09+00:00\",\"mainEntityOfPage\":{\"@id\":\"https:\\\/\\\/jazairhope.org\\\/fr\\\/dr-abderrahmane-mebtoul-les-jeux-mediterraneens-2022-a-oran-vitrine-civilisationnelle-du-pays\\\/\"},\"wordCount\":2145,\"commentCount\":0,\"image\":{\"@id\":\"https:\\\/\\\/jazairhope.org\\\/fr\\\/dr-abderrahmane-mebtoul-les-jeux-mediterraneens-2022-a-oran-vitrine-civilisationnelle-du-pays\\\/#primaryimage\"},\"thumbnailUrl\":\"https:\\\/\\\/jazairhope.org\\\/wp-content\\\/uploads\\\/2022\\\/06\\\/8607a1e9269d1e4c59adde42a74d55a0.jpg\",\"articleSection\":[\"Alg\u00e9rie Alg\u00e9rienne\",\"Sport &amp; Soci\u00e9t\u00e9\"],\"inLanguage\":\"fr-FR\",\"potentialAction\":[{\"@type\":\"CommentAction\",\"name\":\"Comment\",\"target\":[\"https:\\\/\\\/jazairhope.org\\\/fr\\\/dr-abderrahmane-mebtoul-les-jeux-mediterraneens-2022-a-oran-vitrine-civilisationnelle-du-pays\\\/#respond\"]}]},{\"@type\":\"WebPage\",\"@id\":\"https:\\\/\\\/jazairhope.org\\\/fr\\\/dr-abderrahmane-mebtoul-les-jeux-mediterraneens-2022-a-oran-vitrine-civilisationnelle-du-pays\\\/\",\"url\":\"https:\\\/\\\/jazairhope.org\\\/fr\\\/dr-abderrahmane-mebtoul-les-jeux-mediterraneens-2022-a-oran-vitrine-civilisationnelle-du-pays\\\/\",\"name\":\"Dr. Abderrahmane MEBTOUL : Les Jeux m\u00e9diterran\u00e9ens-2022 \u00e0 Oran Vitrine Civilisationnelle du Pays - AAH.JZR\",\"isPartOf\":{\"@id\":\"https:\\\/\\\/jazairhope.org\\\/fr\\\/#website\"},\"primaryImageOfPage\":{\"@id\":\"https:\\\/\\\/jazairhope.org\\\/fr\\\/dr-abderrahmane-mebtoul-les-jeux-mediterraneens-2022-a-oran-vitrine-civilisationnelle-du-pays\\\/#primaryimage\"},\"image\":{\"@id\":\"https:\\\/\\\/jazairhope.org\\\/fr\\\/dr-abderrahmane-mebtoul-les-jeux-mediterraneens-2022-a-oran-vitrine-civilisationnelle-du-pays\\\/#primaryimage\"},\"thumbnailUrl\":\"https:\\\/\\\/jazairhope.org\\\/wp-content\\\/uploads\\\/2022\\\/06\\\/8607a1e9269d1e4c59adde42a74d55a0.jpg\",\"datePublished\":\"2022-06-20T14:00:09+00:00\",\"author\":{\"@id\":\"https:\\\/\\\/jazairhope.org\\\/fr\\\/#\\\/schema\\\/person\\\/0b50f60fad840cf92313307e38c9d20d\"},\"breadcrumb\":{\"@id\":\"https:\\\/\\\/jazairhope.org\\\/fr\\\/dr-abderrahmane-mebtoul-les-jeux-mediterraneens-2022-a-oran-vitrine-civilisationnelle-du-pays\\\/#breadcrumb\"},\"inLanguage\":\"fr-FR\",\"potentialAction\":[{\"@type\":\"ReadAction\",\"target\":[\"https:\\\/\\\/jazairhope.org\\\/fr\\\/dr-abderrahmane-mebtoul-les-jeux-mediterraneens-2022-a-oran-vitrine-civilisationnelle-du-pays\\\/\"]}]},{\"@type\":\"ImageObject\",\"inLanguage\":\"fr-FR\",\"@id\":\"https:\\\/\\\/jazairhope.org\\\/fr\\\/dr-abderrahmane-mebtoul-les-jeux-mediterraneens-2022-a-oran-vitrine-civilisationnelle-du-pays\\\/#primaryimage\",\"url\":\"https:\\\/\\\/jazairhope.org\\\/wp-content\\\/uploads\\\/2022\\\/06\\\/8607a1e9269d1e4c59adde42a74d55a0.jpg\",\"contentUrl\":\"https:\\\/\\\/jazairhope.org\\\/wp-content\\\/uploads\\\/2022\\\/06\\\/8607a1e9269d1e4c59adde42a74d55a0.jpg\",\"width\":850,\"height\":480},{\"@type\":\"BreadcrumbList\",\"@id\":\"https:\\\/\\\/jazairhope.org\\\/fr\\\/dr-abderrahmane-mebtoul-les-jeux-mediterraneens-2022-a-oran-vitrine-civilisationnelle-du-pays\\\/#breadcrumb\",\"itemListElement\":[{\"@type\":\"ListItem\",\"position\":1,\"name\":\"Accueil\",\"item\":\"https:\\\/\\\/jazairhope.org\\\/fr\\\/\"},{\"@type\":\"ListItem\",\"position\":2,\"name\":\"Dr. Abderrahmane MEBTOUL : Les Jeux m\u00e9diterran\u00e9ens-2022 \u00e0 Oran Vitrine Civilisationnelle du Pays\"}]},{\"@type\":\"WebSite\",\"@id\":\"https:\\\/\\\/jazairhope.org\\\/fr\\\/#website\",\"url\":\"https:\\\/\\\/jazairhope.org\\\/fr\\\/\",\"name\":\"AAH.JZR\",\"description\":\"Environment, Health, Science, Art, Economics\",\"potentialAction\":[{\"@type\":\"SearchAction\",\"target\":{\"@type\":\"EntryPoint\",\"urlTemplate\":\"https:\\\/\\\/jazairhope.org\\\/fr\\\/?s={search_term_string}\"},\"query-input\":{\"@type\":\"PropertyValueSpecification\",\"valueRequired\":true,\"valueName\":\"search_term_string\"}}],\"inLanguage\":\"fr-FR\"},{\"@type\":\"Person\",\"@id\":\"https:\\\/\\\/jazairhope.org\\\/fr\\\/#\\\/schema\\\/person\\\/0b50f60fad840cf92313307e38c9d20d\",\"name\":\"Hope Jzr\",\"image\":{\"@type\":\"ImageObject\",\"inLanguage\":\"fr-FR\",\"@id\":\"https:\\\/\\\/secure.gravatar.com\\\/avatar\\\/0a42f66f14ba94b77f351f3bb2f3b9389c4063acb1697ffb32f5d3944782d3e7?s=96&d=mm&r=g\",\"url\":\"https:\\\/\\\/secure.gravatar.com\\\/avatar\\\/0a42f66f14ba94b77f351f3bb2f3b9389c4063acb1697ffb32f5d3944782d3e7?s=96&d=mm&r=g\",\"contentUrl\":\"https:\\\/\\\/secure.gravatar.com\\\/avatar\\\/0a42f66f14ba94b77f351f3bb2f3b9389c4063acb1697ffb32f5d3944782d3e7?s=96&d=mm&r=g\",\"caption\":\"Hope Jzr\"},\"description\":\"\u00c0 propos de Hope&amp;ChaDia Hope&amp;ChaDia n\u2019est pas un pseudonyme, mais une m\u00e9thode de travail. Hope : l\u2019id\u00e9e, l\u2019esprit, la structure, la vision. C\u2019est l\u2019impulsion humaine qui choisit l\u2019angle, trace la ligne \u00e9ditoriale et donne le sens. ChaDia : l\u2019assistante, qui met en forme, d\u00e9veloppe, affine le style et v\u00e9rifie les faits. Une aide technologique qui amplifie mais ne cr\u00e9e pas. Ensemble, Hope&amp;ChaDia produisent des textes hybrides : profond\u00e9ment humains dans leur inspiration, rigoureux et pr\u00e9cis dans leur r\u00e9alisation. . . SUPPORTEZ JAZAIRHOPE ET FAITES CONNA\u00ceTRE LE PATRIMOINE ET L\u2019HISTOIRE DE L\u2019ALG\u00c9RIE, EN ACHETANT LE LIVRE DE JAZAIRHOPE POUR VOUS OU POUR L\u2019OFFRIR A VOS PROCHES, ICI : https:\\\/\\\/jazairhope.org\\\/fr\\\/ebook\\\/ CEUX EN ALG\u00c9RIE ET CEUX QUI PEUVENT PAS L\u2019ACHETER ON OFFRE UNE COPIE DIGITALE GRATUITE, POUR CELA ENVOYEZ UN EMAIL \u00c0 : INFO@JAZAIRHOPE.ORG\",\"url\":\"https:\\\/\\\/jazairhope.org\\\/fr\\\/author\\\/hope-jazair\\\/\"}]}<\/script>\n<!-- \/ Yoast SEO plugin. -->","yoast_head_json":{"title":"Dr. Abderrahmane MEBTOUL : Les Jeux m\u00e9diterran\u00e9ens-2022 \u00e0 Oran Vitrine Civilisationnelle du Pays - AAH.JZR","robots":{"index":"index","follow":"follow","max-snippet":"max-snippet:-1","max-image-preview":"max-image-preview:large","max-video-preview":"max-video-preview:-1"},"canonical":"https:\/\/jazairhope.org\/fr\/dr-abderrahmane-mebtoul-les-jeux-mediterraneens-2022-a-oran-vitrine-civilisationnelle-du-pays\/","og_locale":"fr_FR","og_type":"article","og_title":"Dr. Abderrahmane MEBTOUL : Les Jeux m\u00e9diterran\u00e9ens-2022 \u00e0 Oran Vitrine Civilisationnelle du Pays - AAH.JZR","og_description":"Par Abderrahmane MEBTOUL Les Jeux m\u00e9diterran\u00e9ens-2022 se d\u00e9rouleront \u00e0 Oran du 25 juin au 05 juillet 2022 &#8211; un grand honneur pour&hellip;","og_url":"https:\/\/jazairhope.org\/fr\/dr-abderrahmane-mebtoul-les-jeux-mediterraneens-2022-a-oran-vitrine-civilisationnelle-du-pays\/","og_site_name":"AAH.JZR","article_publisher":"https:\/\/www.facebook.com\/jazairhope","article_published_time":"2022-06-20T14:00:09+00:00","og_image":[{"width":850,"height":480,"url":"https:\/\/jazairhope.org\/wp-content\/uploads\/2022\/06\/8607a1e9269d1e4c59adde42a74d55a0.jpg","type":"image\/jpeg"}],"author":"Hope Jzr","twitter_card":"summary_large_image","twitter_misc":{"\u00c9crit par":"Hope Jzr","Dur\u00e9e de lecture estim\u00e9e":"9 minutes"},"schema":{"@context":"https:\/\/schema.org","@graph":[{"@type":"Article","@id":"https:\/\/jazairhope.org\/fr\/dr-abderrahmane-mebtoul-les-jeux-mediterraneens-2022-a-oran-vitrine-civilisationnelle-du-pays\/#article","isPartOf":{"@id":"https:\/\/jazairhope.org\/fr\/dr-abderrahmane-mebtoul-les-jeux-mediterraneens-2022-a-oran-vitrine-civilisationnelle-du-pays\/"},"author":{"name":"Hope Jzr","@id":"https:\/\/jazairhope.org\/fr\/#\/schema\/person\/0b50f60fad840cf92313307e38c9d20d"},"headline":"Dr. Abderrahmane MEBTOUL : Les Jeux m\u00e9diterran\u00e9ens-2022 \u00e0 Oran Vitrine Civilisationnelle du Pays","datePublished":"2022-06-20T14:00:09+00:00","mainEntityOfPage":{"@id":"https:\/\/jazairhope.org\/fr\/dr-abderrahmane-mebtoul-les-jeux-mediterraneens-2022-a-oran-vitrine-civilisationnelle-du-pays\/"},"wordCount":2145,"commentCount":0,"image":{"@id":"https:\/\/jazairhope.org\/fr\/dr-abderrahmane-mebtoul-les-jeux-mediterraneens-2022-a-oran-vitrine-civilisationnelle-du-pays\/#primaryimage"},"thumbnailUrl":"https:\/\/jazairhope.org\/wp-content\/uploads\/2022\/06\/8607a1e9269d1e4c59adde42a74d55a0.jpg","articleSection":["Alg\u00e9rie Alg\u00e9rienne","Sport &amp; Soci\u00e9t\u00e9"],"inLanguage":"fr-FR","potentialAction":[{"@type":"CommentAction","name":"Comment","target":["https:\/\/jazairhope.org\/fr\/dr-abderrahmane-mebtoul-les-jeux-mediterraneens-2022-a-oran-vitrine-civilisationnelle-du-pays\/#respond"]}]},{"@type":"WebPage","@id":"https:\/\/jazairhope.org\/fr\/dr-abderrahmane-mebtoul-les-jeux-mediterraneens-2022-a-oran-vitrine-civilisationnelle-du-pays\/","url":"https:\/\/jazairhope.org\/fr\/dr-abderrahmane-mebtoul-les-jeux-mediterraneens-2022-a-oran-vitrine-civilisationnelle-du-pays\/","name":"Dr. Abderrahmane MEBTOUL : Les Jeux m\u00e9diterran\u00e9ens-2022 \u00e0 Oran Vitrine Civilisationnelle du Pays - AAH.JZR","isPartOf":{"@id":"https:\/\/jazairhope.org\/fr\/#website"},"primaryImageOfPage":{"@id":"https:\/\/jazairhope.org\/fr\/dr-abderrahmane-mebtoul-les-jeux-mediterraneens-2022-a-oran-vitrine-civilisationnelle-du-pays\/#primaryimage"},"image":{"@id":"https:\/\/jazairhope.org\/fr\/dr-abderrahmane-mebtoul-les-jeux-mediterraneens-2022-a-oran-vitrine-civilisationnelle-du-pays\/#primaryimage"},"thumbnailUrl":"https:\/\/jazairhope.org\/wp-content\/uploads\/2022\/06\/8607a1e9269d1e4c59adde42a74d55a0.jpg","datePublished":"2022-06-20T14:00:09+00:00","author":{"@id":"https:\/\/jazairhope.org\/fr\/#\/schema\/person\/0b50f60fad840cf92313307e38c9d20d"},"breadcrumb":{"@id":"https:\/\/jazairhope.org\/fr\/dr-abderrahmane-mebtoul-les-jeux-mediterraneens-2022-a-oran-vitrine-civilisationnelle-du-pays\/#breadcrumb"},"inLanguage":"fr-FR","potentialAction":[{"@type":"ReadAction","target":["https:\/\/jazairhope.org\/fr\/dr-abderrahmane-mebtoul-les-jeux-mediterraneens-2022-a-oran-vitrine-civilisationnelle-du-pays\/"]}]},{"@type":"ImageObject","inLanguage":"fr-FR","@id":"https:\/\/jazairhope.org\/fr\/dr-abderrahmane-mebtoul-les-jeux-mediterraneens-2022-a-oran-vitrine-civilisationnelle-du-pays\/#primaryimage","url":"https:\/\/jazairhope.org\/wp-content\/uploads\/2022\/06\/8607a1e9269d1e4c59adde42a74d55a0.jpg","contentUrl":"https:\/\/jazairhope.org\/wp-content\/uploads\/2022\/06\/8607a1e9269d1e4c59adde42a74d55a0.jpg","width":850,"height":480},{"@type":"BreadcrumbList","@id":"https:\/\/jazairhope.org\/fr\/dr-abderrahmane-mebtoul-les-jeux-mediterraneens-2022-a-oran-vitrine-civilisationnelle-du-pays\/#breadcrumb","itemListElement":[{"@type":"ListItem","position":1,"name":"Accueil","item":"https:\/\/jazairhope.org\/fr\/"},{"@type":"ListItem","position":2,"name":"Dr. Abderrahmane MEBTOUL : Les Jeux m\u00e9diterran\u00e9ens-2022 \u00e0 Oran Vitrine Civilisationnelle du Pays"}]},{"@type":"WebSite","@id":"https:\/\/jazairhope.org\/fr\/#website","url":"https:\/\/jazairhope.org\/fr\/","name":"AAH.JZR","description":"Environment, Health, Science, Art, Economics","potentialAction":[{"@type":"SearchAction","target":{"@type":"EntryPoint","urlTemplate":"https:\/\/jazairhope.org\/fr\/?s={search_term_string}"},"query-input":{"@type":"PropertyValueSpecification","valueRequired":true,"valueName":"search_term_string"}}],"inLanguage":"fr-FR"},{"@type":"Person","@id":"https:\/\/jazairhope.org\/fr\/#\/schema\/person\/0b50f60fad840cf92313307e38c9d20d","name":"Hope Jzr","image":{"@type":"ImageObject","inLanguage":"fr-FR","@id":"https:\/\/secure.gravatar.com\/avatar\/0a42f66f14ba94b77f351f3bb2f3b9389c4063acb1697ffb32f5d3944782d3e7?s=96&d=mm&r=g","url":"https:\/\/secure.gravatar.com\/avatar\/0a42f66f14ba94b77f351f3bb2f3b9389c4063acb1697ffb32f5d3944782d3e7?s=96&d=mm&r=g","contentUrl":"https:\/\/secure.gravatar.com\/avatar\/0a42f66f14ba94b77f351f3bb2f3b9389c4063acb1697ffb32f5d3944782d3e7?s=96&d=mm&r=g","caption":"Hope Jzr"},"description":"\u00c0 propos de Hope&amp;ChaDia Hope&amp;ChaDia n\u2019est pas un pseudonyme, mais une m\u00e9thode de travail. Hope : l\u2019id\u00e9e, l\u2019esprit, la structure, la vision. C\u2019est l\u2019impulsion humaine qui choisit l\u2019angle, trace la ligne \u00e9ditoriale et donne le sens. ChaDia : l\u2019assistante, qui met en forme, d\u00e9veloppe, affine le style et v\u00e9rifie les faits. Une aide technologique qui amplifie mais ne cr\u00e9e pas. Ensemble, Hope&amp;ChaDia produisent des textes hybrides : profond\u00e9ment humains dans leur inspiration, rigoureux et pr\u00e9cis dans leur r\u00e9alisation. . . SUPPORTEZ JAZAIRHOPE ET FAITES CONNA\u00ceTRE LE PATRIMOINE ET L\u2019HISTOIRE DE L\u2019ALG\u00c9RIE, EN ACHETANT LE LIVRE DE JAZAIRHOPE POUR VOUS OU POUR L\u2019OFFRIR A VOS PROCHES, ICI : https:\/\/jazairhope.org\/fr\/ebook\/ CEUX EN ALG\u00c9RIE ET CEUX QUI PEUVENT PAS L\u2019ACHETER ON OFFRE UNE COPIE DIGITALE GRATUITE, POUR CELA ENVOYEZ UN EMAIL \u00c0 : INFO@JAZAIRHOPE.ORG","url":"https:\/\/jazairhope.org\/fr\/author\/hope-jazair\/"}]}},"views":366,"_links":{"self":[{"href":"https:\/\/jazairhope.org\/fr\/wp-json\/wp\/v2\/posts\/55320","targetHints":{"allow":["GET"]}}],"collection":[{"href":"https:\/\/jazairhope.org\/fr\/wp-json\/wp\/v2\/posts"}],"about":[{"href":"https:\/\/jazairhope.org\/fr\/wp-json\/wp\/v2\/types\/post"}],"author":[{"embeddable":true,"href":"https:\/\/jazairhope.org\/fr\/wp-json\/wp\/v2\/users\/50"}],"replies":[{"embeddable":true,"href":"https:\/\/jazairhope.org\/fr\/wp-json\/wp\/v2\/comments?post=55320"}],"version-history":[{"count":0,"href":"https:\/\/jazairhope.org\/fr\/wp-json\/wp\/v2\/posts\/55320\/revisions"}],"wp:featuredmedia":[{"embeddable":true,"href":"https:\/\/jazairhope.org\/fr\/wp-json\/wp\/v2\/media\/54528"}],"wp:attachment":[{"href":"https:\/\/jazairhope.org\/fr\/wp-json\/wp\/v2\/media?parent=55320"}],"wp:term":[{"taxonomy":"category","embeddable":true,"href":"https:\/\/jazairhope.org\/fr\/wp-json\/wp\/v2\/categories?post=55320"},{"taxonomy":"post_tag","embeddable":true,"href":"https:\/\/jazairhope.org\/fr\/wp-json\/wp\/v2\/tags?post=55320"}],"curies":[{"name":"wp","href":"https:\/\/api.w.org\/{rel}","templated":true}]}}