{"id":55917,"date":"2022-06-27T16:26:32","date_gmt":"2022-06-27T15:26:32","guid":{"rendered":"https:\/\/jazairhope.org\/?p=55917"},"modified":"2022-06-27T16:31:43","modified_gmt":"2022-06-27T15:31:43","slug":"ceremonie-douverture-des-jeux-mediterraneens-djamel-belmadi-ovationne","status":"publish","type":"post","link":"https:\/\/jazairhope.org\/fr\/ceremonie-douverture-des-jeux-mediterraneens-djamel-belmadi-ovationne\/","title":{"rendered":"C\u00c9R\u00c9MONIE D\u2019OUVERTURE DES JEUX M\u00c9DITERRAN\u00c9ENS : DJAMEL BELMADI OVATIONN\u00c9"},"content":{"rendered":"<div class=\"td-post-author-name\"><\/div>\n<div class=\"td-post-views\"><\/div>\n<p>&nbsp;<\/p>\n<p><strong>Imm\u00e9diatement apr\u00e8s son arriv\u00e9e dans les tribunes d\u2019honneur du stade Miloud Hadefi d\u2019Oran, l\u2019entra\u00eeneur de l\u2019\u00e9quipe d\u2019Alg\u00e9rie Djamel Belmadi a re\u00e7u un accueil fabuleux de la part des supporters alg\u00e9riens.<\/strong><\/p>\n<p><a href=\"https:\/\/youtube.com\/shorts\/6OZ6MgEv3yE?feature=share\">https:\/\/youtube.com\/shorts\/6OZ6MgEv3yE?feature=share<\/a><\/p>\n<p>Apr\u00e8s les chaleureuses salutations des supporters, le coach des Guerriers du Sahara a partag\u00e9 l\u2019amour avec ses fans.<\/p>\n<p>&nbsp;<\/p>\n<div class=\"ose-twitter ose-uid-754c9245f6c39d8bc7be18c01a27b00c ose-embedpress-responsive\" style=\"width:600px; height:550px; max-height:550px; max-width:100%; display:inline-block;\" data-embed-type=\"Twitter\"><blockquote class=\"twitter-tweet\" data-width=\"600\" data-dnt=\"true\"><p lang=\"ht\" dir=\"ltr\">Coach Belmadi \ud83d\udc9a\ud83c\udde9\ud83c\uddff <a href=\"https:\/\/t.co\/ZyTT06rxWJ\">pic.twitter.com\/ZyTT06rxWJ<\/a><\/p>&mdash; La Vague Verte \u2b50\ufe0f\ud83c\udde9\ud83c\uddff\u2b50\ufe0f (@la_vagueverte) <a href=\"https:\/\/twitter.com\/la_vagueverte\/status\/1540787663845830657?ref_src=twsrc%5Etfw\">June 25, 2022<\/a><\/blockquote><script async src=\"https:\/\/platform.twitter.com\/widgets.js\" charset=\"utf-8\"><\/script><\/div>\n<div class=\"ose-twitter ose-uid-bb746f5be921cfd951dff2f31fc9c9b2 ose-embedpress-responsive\" style=\"width:600px; height:550px; max-height:550px; max-width:100%; display:inline-block;\" data-embed-type=\"Twitter\"><blockquote class=\"twitter-tweet\" data-width=\"600\" data-dnt=\"true\"><p lang=\"fr\" dir=\"ltr\">Djamel Belmadi ovationn\u00e9 dans les tribunes du stade Olympique d\u2019Oran ! \ud83c\udde9\ud83c\uddff\u2764\ufe0f <a href=\"https:\/\/t.co\/iYcboS7jnx\">pic.twitter.com\/iYcboS7jnx<\/a><\/p>&mdash; La Vague Verte \u2b50\ufe0f\ud83c\udde9\ud83c\uddff\u2b50\ufe0f (@la_vagueverte) <a href=\"https:\/\/twitter.com\/la_vagueverte\/status\/1540782049556054017?ref_src=twsrc%5Etfw\">June 25, 2022<\/a><\/blockquote><script async src=\"https:\/\/platform.twitter.com\/widgets.js\" charset=\"utf-8\"><\/script><\/div>\n<p>&nbsp;<\/p>\n<h1>Accueil grandiose de Belmadi par le public de la c\u00e9r\u00e9monie d\u2019ouverture des JM Oran 2022<\/h1>\n<div class=\"td_block_wrap tdb_single_author tdi_58 td-pb-border-top td_block_template_1 tdb-post-meta\" data-td-block-uid=\"tdi_58\">\n<div class=\"tdb-block-inner td-fix-index\">\n<div class=\"tdb-author-name-wrap\"><span class=\"tdb-author-by\">PAR<\/span><a class=\"tdb-author-name\" href=\"https:\/\/www.dzairdaily.com\/author\/tinhinane\/\">THINHINANE L.<\/a><span style=\"text-transform: initial;\">26 JUIN 2022<\/span><\/div>\n<\/div>\n<\/div>\n<p>&nbsp;<\/p>\n<h3><b><a href=\"https:\/\/news.google.com\/publications\/CAAiECuSGEXb5K4WjaOyPj1PctMqFAgKIhArkhhF2-SuFo2jsj49T3LT?hl=fr&amp;gl=FR&amp;ceid=FR%3Afr\" target=\"_blank\" rel=\"noopener\">Alg\u00e9rie<\/a> \u2013 Djamel Belmadi a re\u00e7u un accueil digne de son statut de star du football africain pendant la c\u00e9r\u00e9monie d\u2019ouverture des JM d\u2019Oran 2022. D\u00e9couvrez, dans ce nouveau num\u00e9ro de Dzair Daily, plus de d\u00e9tails \u00e0 ce sujet.<\/b><\/h3>\n<p>La c\u00e9r\u00e9monie d\u2019ouverture des Jeux m\u00e9diterran\u00e9ens (JM) a eu lieu, hier, \u00e0 Oran avec l\u2019accueil et la pr\u00e9sence de plusieurs personnalit\u00e9s, telles que Djamel Belmadi ou encore le pr\u00e9sident de la R\u00e9publique, Abdelmadjid Tebboune, qui a prononc\u00e9 un petit discours pour l\u2019occasion.<\/p>\n<p>Entre la danse artistique des drones, les chanteurs de tous les styles et des danseurs talentueux, le public a assist\u00e9 \u00e0 une majestueuse c\u00e9r\u00e9monie.\u00a0Celle-ci a, d\u2019ailleurs, laiss\u00e9 beaucoup de personnes sans voix.\u00a0Et l\u2019un des moments les plus marquants de la soir\u00e9e est donc la remarquable entr\u00e9e du s\u00e9lectionneur national Djamel Belmadi au stade olympique d\u2019Oran.<\/p>\n<div class=\"google-auto-placed ap_container\"><\/div>\n<p>En effet, l\u2019entra\u00eeneur a \u00e9t\u00e9 accueilli telle une star par le public alg\u00e9rien. Entre chants, applaudissements et ces centaines de personnes qui criaient haut et fort son nom, on peut dire que le driver des Verts a eu un accueil tr\u00e8s chaleureux.<\/p>\n<div class=\"google-auto-placed ap_container\"><\/div>\n<p>Ce qui n\u2019est pas tant surprenant que \u00e7a. Et pour cause, Belmadi est, pour rappel, surnomm\u00e9 \u00ab ministre du bonheur \u00bb par les supporteurs alg\u00e9riens. Un titre qu\u2019il a m\u00e9rit\u00e9 amplement apr\u00e8s ses nombreux succ\u00e8s et accomplissements au sein de l\u2019\u00e9quipe nationale. Pour les curieux, on vous laisse la vid\u00e9o qui illustre ce moment intense, juste ci-dessous.<\/p>\n<h4><b>Jeux m\u00e9diterran\u00e9ens : Djamel Belmadi tr\u00e8s honor\u00e9 d\u2019assister \u00e0 cet \u00e9v\u00e9nement\u00a0<\/b><\/h4>\n<p>Invit\u00e9 d\u2019honneur,\u00a0<a href=\"https:\/\/www.dzairdaily.com\/algerie-enfant-americain-matthew-rencontre-djamel-belmadi-video\/\" target=\"_blank\" rel=\"noopener\">Djamel Belmadi\u00a0<\/a>a eu droit \u00e0 une standing ovation d\u00e8s son entr\u00e9e au stade d\u2019Oran \u00e0 l\u2019occasion de la c\u00e9r\u00e9monie d\u2019ouverture des JM 2022. Et cela gr\u00e2ce \u00e0 l\u2019accueil m\u00e9morable qu\u2019ont r\u00e9serv\u00e9 que lui ont r\u00e9serv\u00e9 les citoyens alg\u00e9riens. \u00c0 cet \u00e9gard, le s\u00e9lectionneur national a d\u00e9clar\u00e9\u00a0<a href=\"https:\/\/www.dzairdaily.com\/voici-accueil-reserve-par-algeriens-athletes-marocains-oran\/\" target=\"_blank\" rel=\"noopener\">\u00e0 l\u2019a\u00e9roport juste apr\u00e8s son arriv\u00e9e sur le territoire alg\u00e9rien<\/a>\u00a0: \u00ab Je suis tr\u00e8s heureux de participer \u00e0 \u00e7a \u00bb.<\/p>\n<p>Avant de poursuivre : \u00ab Je suis quasi convaincu qu\u2019on va vivre de bons moments, de belles rencontres ici et l\u00e0. Que ce soit dans le football ou dans d\u2019autres sports \u00bb. Ce n\u2019est pas tout !\u00a0<a href=\"https:\/\/www.dzairdaily.com\/zidane-rapproche-psg-qataris-demordent-pas\/\" target=\"_blank\" rel=\"noopener\">Le tacticien franco-alg\u00e9rien<\/a>\u00a0a notamment tenu \u00e0 souhaiter, par la m\u00eame occasion, bonne chance \u00e0 tous les sportifs alg\u00e9riens pour cette 19e \u00e9dition des Jeux m\u00e9diterran\u00e9ens (JM).<\/p>\n<p>&nbsp;<\/p>\n<p>&nbsp;<\/p>\n","protected":false},"excerpt":{"rendered":"<p>&nbsp; Imm\u00e9diatement apr\u00e8s son arriv\u00e9e dans les tribunes d\u2019honneur du stade Miloud Hadefi d\u2019Oran, l\u2019entra\u00eeneur de l\u2019\u00e9quipe d\u2019Alg\u00e9rie Djamel Belmadi a re\u00e7u&hellip;<\/p>\n","protected":false},"author":70,"featured_media":55925,"comment_status":"open","ping_status":"open","sticky":false,"template":"","format":"standard","meta":{"_lmt_disableupdate":"","_lmt_disable":"","footnotes":""},"categories":[32,39,45,52],"tags":[],"class_list":["post-55917","post","type-post","status-publish","format-standard","has-post-thumbnail","hentry","category-algerie","category-articles-en-vedette","category-derniers-articles","category-sport-fr"],"yoast_head":"<!-- This site is optimized with the Yoast SEO plugin v27.3 - https:\/\/yoast.com\/product\/yoast-seo-wordpress\/ -->\n<title>C\u00c9R\u00c9MONIE D\u2019OUVERTURE DES JEUX M\u00c9DITERRAN\u00c9ENS : DJAMEL BELMADI OVATIONN\u00c9 - AAH.JZR<\/title>\n<meta name=\"robots\" content=\"index, follow, max-snippet:-1, max-image-preview:large, max-video-preview:-1\" \/>\n<link rel=\"canonical\" href=\"https:\/\/jazairhope.org\/fr\/ceremonie-douverture-des-jeux-mediterraneens-djamel-belmadi-ovationne\/\" \/>\n<meta property=\"og:locale\" content=\"fr_FR\" \/>\n<meta property=\"og:type\" content=\"article\" \/>\n<meta property=\"og:title\" content=\"C\u00c9R\u00c9MONIE D\u2019OUVERTURE DES JEUX M\u00c9DITERRAN\u00c9ENS : DJAMEL BELMADI OVATIONN\u00c9 - AAH.JZR\" \/>\n<meta property=\"og:description\" content=\"&nbsp; Imm\u00e9diatement apr\u00e8s son arriv\u00e9e dans les tribunes d\u2019honneur du stade Miloud Hadefi d\u2019Oran, l\u2019entra\u00eeneur de l\u2019\u00e9quipe d\u2019Alg\u00e9rie Djamel Belmadi a re\u00e7u&hellip;\" \/>\n<meta property=\"og:url\" content=\"https:\/\/jazairhope.org\/fr\/ceremonie-douverture-des-jeux-mediterraneens-djamel-belmadi-ovationne\/\" \/>\n<meta property=\"og:site_name\" content=\"AAH.JZR\" \/>\n<meta property=\"article:publisher\" content=\"https:\/\/www.facebook.com\/jazairhope\" \/>\n<meta property=\"article:published_time\" content=\"2022-06-27T15:26:32+00:00\" \/>\n<meta property=\"article:modified_time\" content=\"2022-06-27T15:31:43+00:00\" \/>\n<meta property=\"og:image\" content=\"https:\/\/jazairhope.org\/wp-content\/uploads\/2022\/06\/20220625_223447-696x928-2.jpg\" \/>\n\t<meta property=\"og:image:width\" content=\"348\" \/>\n\t<meta property=\"og:image:height\" content=\"464\" \/>\n\t<meta property=\"og:image:type\" content=\"image\/jpeg\" \/>\n<meta name=\"author\" content=\"CHRYSALIDE\" \/>\n<meta name=\"twitter:card\" content=\"summary_large_image\" \/>\n<meta name=\"twitter:label1\" content=\"\u00c9crit par\" \/>\n\t<meta name=\"twitter:data1\" content=\"CHRYSALIDE\" \/>\n\t<meta name=\"twitter:label2\" content=\"Dur\u00e9e de lecture estim\u00e9e\" \/>\n\t<meta name=\"twitter:data2\" content=\"2 minutes\" \/>\n<script type=\"application\/ld+json\" class=\"yoast-schema-graph\">{\"@context\":\"https:\\\/\\\/schema.org\",\"@graph\":[{\"@type\":\"Article\",\"@id\":\"https:\\\/\\\/jazairhope.org\\\/fr\\\/ceremonie-douverture-des-jeux-mediterraneens-djamel-belmadi-ovationne\\\/#article\",\"isPartOf\":{\"@id\":\"https:\\\/\\\/jazairhope.org\\\/fr\\\/ceremonie-douverture-des-jeux-mediterraneens-djamel-belmadi-ovationne\\\/\"},\"author\":{\"name\":\"CHRYSALIDE\",\"@id\":\"https:\\\/\\\/jazairhope.org\\\/fr\\\/#\\\/schema\\\/person\\\/f1c3341bc57ca2fc53f3a9ab568335be\"},\"headline\":\"C\u00c9R\u00c9MONIE D\u2019OUVERTURE DES JEUX M\u00c9DITERRAN\u00c9ENS : DJAMEL BELMADI OVATIONN\u00c9\",\"datePublished\":\"2022-06-27T15:26:32+00:00\",\"dateModified\":\"2022-06-27T15:31:43+00:00\",\"mainEntityOfPage\":{\"@id\":\"https:\\\/\\\/jazairhope.org\\\/fr\\\/ceremonie-douverture-des-jeux-mediterraneens-djamel-belmadi-ovationne\\\/\"},\"wordCount\":610,\"commentCount\":0,\"image\":{\"@id\":\"https:\\\/\\\/jazairhope.org\\\/fr\\\/ceremonie-douverture-des-jeux-mediterraneens-djamel-belmadi-ovationne\\\/#primaryimage\"},\"thumbnailUrl\":\"https:\\\/\\\/jazairhope.org\\\/wp-content\\\/uploads\\\/2022\\\/06\\\/20220625_223447-696x928-2.jpg\",\"articleSection\":[\"Alg\u00e9rie Alg\u00e9rienne\",\"Articles en vedette\",\"Derniers articles\",\"Sport &amp; Soci\u00e9t\u00e9\"],\"inLanguage\":\"fr-FR\",\"potentialAction\":[{\"@type\":\"CommentAction\",\"name\":\"Comment\",\"target\":[\"https:\\\/\\\/jazairhope.org\\\/fr\\\/ceremonie-douverture-des-jeux-mediterraneens-djamel-belmadi-ovationne\\\/#respond\"]}]},{\"@type\":\"WebPage\",\"@id\":\"https:\\\/\\\/jazairhope.org\\\/fr\\\/ceremonie-douverture-des-jeux-mediterraneens-djamel-belmadi-ovationne\\\/\",\"url\":\"https:\\\/\\\/jazairhope.org\\\/fr\\\/ceremonie-douverture-des-jeux-mediterraneens-djamel-belmadi-ovationne\\\/\",\"name\":\"C\u00c9R\u00c9MONIE D\u2019OUVERTURE DES JEUX M\u00c9DITERRAN\u00c9ENS : DJAMEL BELMADI OVATIONN\u00c9 - AAH.JZR\",\"isPartOf\":{\"@id\":\"https:\\\/\\\/jazairhope.org\\\/fr\\\/#website\"},\"primaryImageOfPage\":{\"@id\":\"https:\\\/\\\/jazairhope.org\\\/fr\\\/ceremonie-douverture-des-jeux-mediterraneens-djamel-belmadi-ovationne\\\/#primaryimage\"},\"image\":{\"@id\":\"https:\\\/\\\/jazairhope.org\\\/fr\\\/ceremonie-douverture-des-jeux-mediterraneens-djamel-belmadi-ovationne\\\/#primaryimage\"},\"thumbnailUrl\":\"https:\\\/\\\/jazairhope.org\\\/wp-content\\\/uploads\\\/2022\\\/06\\\/20220625_223447-696x928-2.jpg\",\"datePublished\":\"2022-06-27T15:26:32+00:00\",\"dateModified\":\"2022-06-27T15:31:43+00:00\",\"author\":{\"@id\":\"https:\\\/\\\/jazairhope.org\\\/fr\\\/#\\\/schema\\\/person\\\/f1c3341bc57ca2fc53f3a9ab568335be\"},\"breadcrumb\":{\"@id\":\"https:\\\/\\\/jazairhope.org\\\/fr\\\/ceremonie-douverture-des-jeux-mediterraneens-djamel-belmadi-ovationne\\\/#breadcrumb\"},\"inLanguage\":\"fr-FR\",\"potentialAction\":[{\"@type\":\"ReadAction\",\"target\":[\"https:\\\/\\\/jazairhope.org\\\/fr\\\/ceremonie-douverture-des-jeux-mediterraneens-djamel-belmadi-ovationne\\\/\"]}]},{\"@type\":\"ImageObject\",\"inLanguage\":\"fr-FR\",\"@id\":\"https:\\\/\\\/jazairhope.org\\\/fr\\\/ceremonie-douverture-des-jeux-mediterraneens-djamel-belmadi-ovationne\\\/#primaryimage\",\"url\":\"https:\\\/\\\/jazairhope.org\\\/wp-content\\\/uploads\\\/2022\\\/06\\\/20220625_223447-696x928-2.jpg\",\"contentUrl\":\"https:\\\/\\\/jazairhope.org\\\/wp-content\\\/uploads\\\/2022\\\/06\\\/20220625_223447-696x928-2.jpg\",\"width\":348,\"height\":464},{\"@type\":\"BreadcrumbList\",\"@id\":\"https:\\\/\\\/jazairhope.org\\\/fr\\\/ceremonie-douverture-des-jeux-mediterraneens-djamel-belmadi-ovationne\\\/#breadcrumb\",\"itemListElement\":[{\"@type\":\"ListItem\",\"position\":1,\"name\":\"Accueil\",\"item\":\"https:\\\/\\\/jazairhope.org\\\/fr\\\/\"},{\"@type\":\"ListItem\",\"position\":2,\"name\":\"C\u00c9R\u00c9MONIE D\u2019OUVERTURE DES JEUX M\u00c9DITERRAN\u00c9ENS : DJAMEL BELMADI OVATIONN\u00c9\"}]},{\"@type\":\"WebSite\",\"@id\":\"https:\\\/\\\/jazairhope.org\\\/fr\\\/#website\",\"url\":\"https:\\\/\\\/jazairhope.org\\\/fr\\\/\",\"name\":\"AAH.JZR\",\"description\":\"Environment, Health, Science, Art, Economics\",\"potentialAction\":[{\"@type\":\"SearchAction\",\"target\":{\"@type\":\"EntryPoint\",\"urlTemplate\":\"https:\\\/\\\/jazairhope.org\\\/fr\\\/?s={search_term_string}\"},\"query-input\":{\"@type\":\"PropertyValueSpecification\",\"valueRequired\":true,\"valueName\":\"search_term_string\"}}],\"inLanguage\":\"fr-FR\"},{\"@type\":\"Person\",\"@id\":\"https:\\\/\\\/jazairhope.org\\\/fr\\\/#\\\/schema\\\/person\\\/f1c3341bc57ca2fc53f3a9ab568335be\",\"name\":\"CHRYSALIDE\",\"image\":{\"@type\":\"ImageObject\",\"inLanguage\":\"fr-FR\",\"@id\":\"https:\\\/\\\/secure.gravatar.com\\\/avatar\\\/8689a2780b185ffd50584cebbeb934253e26ca1844d28eea3f737bc38cba889f?s=96&d=mm&r=g\",\"url\":\"https:\\\/\\\/secure.gravatar.com\\\/avatar\\\/8689a2780b185ffd50584cebbeb934253e26ca1844d28eea3f737bc38cba889f?s=96&d=mm&r=g\",\"contentUrl\":\"https:\\\/\\\/secure.gravatar.com\\\/avatar\\\/8689a2780b185ffd50584cebbeb934253e26ca1844d28eea3f737bc38cba889f?s=96&d=mm&r=g\",\"caption\":\"CHRYSALIDE\"},\"url\":\"https:\\\/\\\/jazairhope.org\\\/fr\\\/author\\\/chrysalide\\\/\"}]}<\/script>\n<!-- \/ Yoast SEO plugin. -->","yoast_head_json":{"title":"C\u00c9R\u00c9MONIE D\u2019OUVERTURE DES JEUX M\u00c9DITERRAN\u00c9ENS : DJAMEL BELMADI OVATIONN\u00c9 - AAH.JZR","robots":{"index":"index","follow":"follow","max-snippet":"max-snippet:-1","max-image-preview":"max-image-preview:large","max-video-preview":"max-video-preview:-1"},"canonical":"https:\/\/jazairhope.org\/fr\/ceremonie-douverture-des-jeux-mediterraneens-djamel-belmadi-ovationne\/","og_locale":"fr_FR","og_type":"article","og_title":"C\u00c9R\u00c9MONIE D\u2019OUVERTURE DES JEUX M\u00c9DITERRAN\u00c9ENS : DJAMEL BELMADI OVATIONN\u00c9 - AAH.JZR","og_description":"&nbsp; Imm\u00e9diatement apr\u00e8s son arriv\u00e9e dans les tribunes d\u2019honneur du stade Miloud Hadefi d\u2019Oran, l\u2019entra\u00eeneur de l\u2019\u00e9quipe d\u2019Alg\u00e9rie Djamel Belmadi a re\u00e7u&hellip;","og_url":"https:\/\/jazairhope.org\/fr\/ceremonie-douverture-des-jeux-mediterraneens-djamel-belmadi-ovationne\/","og_site_name":"AAH.JZR","article_publisher":"https:\/\/www.facebook.com\/jazairhope","article_published_time":"2022-06-27T15:26:32+00:00","article_modified_time":"2022-06-27T15:31:43+00:00","og_image":[{"width":348,"height":464,"url":"https:\/\/jazairhope.org\/wp-content\/uploads\/2022\/06\/20220625_223447-696x928-2.jpg","type":"image\/jpeg"}],"author":"CHRYSALIDE","twitter_card":"summary_large_image","twitter_misc":{"\u00c9crit par":"CHRYSALIDE","Dur\u00e9e de lecture estim\u00e9e":"2 minutes"},"schema":{"@context":"https:\/\/schema.org","@graph":[{"@type":"Article","@id":"https:\/\/jazairhope.org\/fr\/ceremonie-douverture-des-jeux-mediterraneens-djamel-belmadi-ovationne\/#article","isPartOf":{"@id":"https:\/\/jazairhope.org\/fr\/ceremonie-douverture-des-jeux-mediterraneens-djamel-belmadi-ovationne\/"},"author":{"name":"CHRYSALIDE","@id":"https:\/\/jazairhope.org\/fr\/#\/schema\/person\/f1c3341bc57ca2fc53f3a9ab568335be"},"headline":"C\u00c9R\u00c9MONIE D\u2019OUVERTURE DES JEUX M\u00c9DITERRAN\u00c9ENS : DJAMEL BELMADI OVATIONN\u00c9","datePublished":"2022-06-27T15:26:32+00:00","dateModified":"2022-06-27T15:31:43+00:00","mainEntityOfPage":{"@id":"https:\/\/jazairhope.org\/fr\/ceremonie-douverture-des-jeux-mediterraneens-djamel-belmadi-ovationne\/"},"wordCount":610,"commentCount":0,"image":{"@id":"https:\/\/jazairhope.org\/fr\/ceremonie-douverture-des-jeux-mediterraneens-djamel-belmadi-ovationne\/#primaryimage"},"thumbnailUrl":"https:\/\/jazairhope.org\/wp-content\/uploads\/2022\/06\/20220625_223447-696x928-2.jpg","articleSection":["Alg\u00e9rie Alg\u00e9rienne","Articles en vedette","Derniers articles","Sport &amp; Soci\u00e9t\u00e9"],"inLanguage":"fr-FR","potentialAction":[{"@type":"CommentAction","name":"Comment","target":["https:\/\/jazairhope.org\/fr\/ceremonie-douverture-des-jeux-mediterraneens-djamel-belmadi-ovationne\/#respond"]}]},{"@type":"WebPage","@id":"https:\/\/jazairhope.org\/fr\/ceremonie-douverture-des-jeux-mediterraneens-djamel-belmadi-ovationne\/","url":"https:\/\/jazairhope.org\/fr\/ceremonie-douverture-des-jeux-mediterraneens-djamel-belmadi-ovationne\/","name":"C\u00c9R\u00c9MONIE D\u2019OUVERTURE DES JEUX M\u00c9DITERRAN\u00c9ENS : DJAMEL BELMADI OVATIONN\u00c9 - AAH.JZR","isPartOf":{"@id":"https:\/\/jazairhope.org\/fr\/#website"},"primaryImageOfPage":{"@id":"https:\/\/jazairhope.org\/fr\/ceremonie-douverture-des-jeux-mediterraneens-djamel-belmadi-ovationne\/#primaryimage"},"image":{"@id":"https:\/\/jazairhope.org\/fr\/ceremonie-douverture-des-jeux-mediterraneens-djamel-belmadi-ovationne\/#primaryimage"},"thumbnailUrl":"https:\/\/jazairhope.org\/wp-content\/uploads\/2022\/06\/20220625_223447-696x928-2.jpg","datePublished":"2022-06-27T15:26:32+00:00","dateModified":"2022-06-27T15:31:43+00:00","author":{"@id":"https:\/\/jazairhope.org\/fr\/#\/schema\/person\/f1c3341bc57ca2fc53f3a9ab568335be"},"breadcrumb":{"@id":"https:\/\/jazairhope.org\/fr\/ceremonie-douverture-des-jeux-mediterraneens-djamel-belmadi-ovationne\/#breadcrumb"},"inLanguage":"fr-FR","potentialAction":[{"@type":"ReadAction","target":["https:\/\/jazairhope.org\/fr\/ceremonie-douverture-des-jeux-mediterraneens-djamel-belmadi-ovationne\/"]}]},{"@type":"ImageObject","inLanguage":"fr-FR","@id":"https:\/\/jazairhope.org\/fr\/ceremonie-douverture-des-jeux-mediterraneens-djamel-belmadi-ovationne\/#primaryimage","url":"https:\/\/jazairhope.org\/wp-content\/uploads\/2022\/06\/20220625_223447-696x928-2.jpg","contentUrl":"https:\/\/jazairhope.org\/wp-content\/uploads\/2022\/06\/20220625_223447-696x928-2.jpg","width":348,"height":464},{"@type":"BreadcrumbList","@id":"https:\/\/jazairhope.org\/fr\/ceremonie-douverture-des-jeux-mediterraneens-djamel-belmadi-ovationne\/#breadcrumb","itemListElement":[{"@type":"ListItem","position":1,"name":"Accueil","item":"https:\/\/jazairhope.org\/fr\/"},{"@type":"ListItem","position":2,"name":"C\u00c9R\u00c9MONIE D\u2019OUVERTURE DES JEUX M\u00c9DITERRAN\u00c9ENS : DJAMEL BELMADI OVATIONN\u00c9"}]},{"@type":"WebSite","@id":"https:\/\/jazairhope.org\/fr\/#website","url":"https:\/\/jazairhope.org\/fr\/","name":"AAH.JZR","description":"Environment, Health, Science, Art, Economics","potentialAction":[{"@type":"SearchAction","target":{"@type":"EntryPoint","urlTemplate":"https:\/\/jazairhope.org\/fr\/?s={search_term_string}"},"query-input":{"@type":"PropertyValueSpecification","valueRequired":true,"valueName":"search_term_string"}}],"inLanguage":"fr-FR"},{"@type":"Person","@id":"https:\/\/jazairhope.org\/fr\/#\/schema\/person\/f1c3341bc57ca2fc53f3a9ab568335be","name":"CHRYSALIDE","image":{"@type":"ImageObject","inLanguage":"fr-FR","@id":"https:\/\/secure.gravatar.com\/avatar\/8689a2780b185ffd50584cebbeb934253e26ca1844d28eea3f737bc38cba889f?s=96&d=mm&r=g","url":"https:\/\/secure.gravatar.com\/avatar\/8689a2780b185ffd50584cebbeb934253e26ca1844d28eea3f737bc38cba889f?s=96&d=mm&r=g","contentUrl":"https:\/\/secure.gravatar.com\/avatar\/8689a2780b185ffd50584cebbeb934253e26ca1844d28eea3f737bc38cba889f?s=96&d=mm&r=g","caption":"CHRYSALIDE"},"url":"https:\/\/jazairhope.org\/fr\/author\/chrysalide\/"}]}},"views":407,"_links":{"self":[{"href":"https:\/\/jazairhope.org\/fr\/wp-json\/wp\/v2\/posts\/55917","targetHints":{"allow":["GET"]}}],"collection":[{"href":"https:\/\/jazairhope.org\/fr\/wp-json\/wp\/v2\/posts"}],"about":[{"href":"https:\/\/jazairhope.org\/fr\/wp-json\/wp\/v2\/types\/post"}],"author":[{"embeddable":true,"href":"https:\/\/jazairhope.org\/fr\/wp-json\/wp\/v2\/users\/70"}],"replies":[{"embeddable":true,"href":"https:\/\/jazairhope.org\/fr\/wp-json\/wp\/v2\/comments?post=55917"}],"version-history":[{"count":0,"href":"https:\/\/jazairhope.org\/fr\/wp-json\/wp\/v2\/posts\/55917\/revisions"}],"wp:featuredmedia":[{"embeddable":true,"href":"https:\/\/jazairhope.org\/fr\/wp-json\/wp\/v2\/media\/55925"}],"wp:attachment":[{"href":"https:\/\/jazairhope.org\/fr\/wp-json\/wp\/v2\/media?parent=55917"}],"wp:term":[{"taxonomy":"category","embeddable":true,"href":"https:\/\/jazairhope.org\/fr\/wp-json\/wp\/v2\/categories?post=55917"},{"taxonomy":"post_tag","embeddable":true,"href":"https:\/\/jazairhope.org\/fr\/wp-json\/wp\/v2\/tags?post=55917"}],"curies":[{"name":"wp","href":"https:\/\/api.w.org\/{rel}","templated":true}]}}