{"id":55946,"date":"2022-06-28T08:22:53","date_gmt":"2022-06-28T07:22:53","guid":{"rendered":"https:\/\/jazairhope.org\/?p=55946"},"modified":"2022-06-28T08:22:53","modified_gmt":"2022-06-28T07:22:53","slug":"mtember-exposition-collective-dartistes-inauguree-a-alger","status":"publish","type":"post","link":"https:\/\/jazairhope.org\/fr\/mtember-exposition-collective-dartistes-inauguree-a-alger\/","title":{"rendered":"&#8220;M&#8217;tember&#8221;, exposition collective d&#8217;artistes inaugur\u00e9e \u00e0 Alger"},"content":{"rendered":"<div class=\"itemIntroText col-xs-hidden  selectionShareable\">\n<p><strong>ALGER &#8211; &#8220;M&#8217;tember&#8221;, une exposition mettant en valeur le timbre &#8220;d\u00e9tourn\u00e9&#8221; comme un m\u00e9dium artistique pour repr\u00e9senter des r\u00e9cits et des souvenirs qui racontent des exp\u00e9riences communes, a \u00e9t\u00e9 inaugur\u00e9e dimanche \u00e0 Alger.<\/strong><\/p>\n<\/div>\n<div class=\"itemFullText selectionShareable\">\n<p>Organis\u00e9e \u00e0 la Villa Abdeltif par le collectif artistique &#8220;Les Timbr\u00e9s&#8221; en partenariat avec l&#8217;Agence alg\u00e9rienne pour le rayonnement culturel (Aarc), l&#8217;exposition r\u00e9unit une trentaine d&#8217;\u0153uvres de jeunes artistes issus de plusieurs r\u00e9gions du pays, qui ont interrog\u00e9 leur m\u00e9moire sur des th\u00e8mes comme le nomadisme, les villages agricoles et la toponymie des villes.<\/p>\n<p>A travers des photographies d&#8217;objets d&#8217;art, peintures et graphismes, les artistes ont explor\u00e9, chacun un th\u00e8me, une d\u00e9marche qui consiste \u00e0 &#8220;d\u00e9tourner la fonction premi\u00e8re du timbre, pour le transformer, en une cr\u00e9ation singuli\u00e8re pour raconter une m\u00e9moire collective&#8221;, a expliqu\u00e9 Kawther Benlakhdar, membre du collectif &#8220;Les timbr\u00e9s&#8221;.<\/p>\n<p>Sous le th\u00e8me &#8220;Nomades-s\u00e9dentaires, m\u00e9moires crois\u00e9es&#8221;, le plasticien Abdelghani Babi, met en valeur \u00e0 travers ses \u0153uvres la s\u00e9dentarisation des nomades du Grand sud alg\u00e9rien. Dans un de ses tableaux composant son diptyque r\u00e9alis\u00e9 \u00e0 la peinture acrylique sur toile, cet artiste dipl\u00f4m\u00e9 des Beaux-arts, \u00e9voque la vie nomade et les sources d&#8217;\u00e9nergie notamment l&#8217;eau, un des facteurs d\u00e9terminants de la vie s\u00e9dentaire.<\/p>\n<p>Pour sa part, le jeune Ahmed Bou\u00e2aza, explore le nomadisme \u00e0 travers l&#8217;histoire de sa tante dont l&#8217;existence est partag\u00e9e entre un mode de vie nomade et s\u00e9dentaire, entre Ouargla et Djanet, avec ses dromadaires.<\/p>\n<p>Le plasticien Aziz Ayachine, met en avant la ville d&#8217;El Asnam (Chlef), un lieu de m\u00e9moire collective qui continue de v\u00e9hiculer un pan d&#8217;histoire de cette ville, secou\u00e9e par plusieurs tremblements de terre \u00e0 travers les temps.<\/p>\n<p>Sur le m\u00eame th\u00e8me, Chahinez Kachaa, ressuscite cette ville , secou\u00e9e en 1980 par un violent s\u00e9isme que ses habitants ont v\u00e9cu comme un traumatisme &#8220;pas encore gu\u00e9ri&#8221;.<\/p>\n<p>Asma Moulgara, Nouredine Azouz, Ahmed Zerkaoui, Nadjem Nouicer et Fatiha Habnassi, eux, \u00e9voquent la r\u00e9volution agraire et les villages socialistes r\u00e9alis\u00e9s dans le cadre de la R\u00e9volution agraire entreprise en 1972.<\/p>\n<p>Nadjem Nouicer propose une photo de l&#8217;int\u00e9rieur d&#8217;une maison du village targui Amsel (Tamanrasset), connu pour l&#8217;\u00e9levage du b\u00e9tail et l&#8217;agriculture, alors que Fatiha Habnassi a choisi de mettre en valeur les femmes laboureuses de Boughimouz (Jijel), force ouvri\u00e8re aux cot\u00e9s des hommes.<\/p>\n<p>Dans la partie &#8220;Racont&#8217;Arts&#8221;, un festival itin\u00e9rant dans les villages de Kabylie, quatre artistes revisitent le patrimoine de la r\u00e9gion \u00e0 travers les \u00e9ditions de cet \u00e9v\u00e8nement culturel qui se distingue par son organisation impliquant les habitants qui prennent en charge l&#8217;accueil des artistes et des festivaliers.<\/p>\n<p>Cr\u00e9\u00e9 en 2020, &#8220;Les Timbr\u00e9s&#8221; est un collectif de cinq membres issus de diff\u00e9rents horizons de des artistes. Son objectif consiste \u00e0 &#8220;faire des m\u00e9moires communes un espace commun o\u00f9 les acteurs oubli\u00e9s de la soci\u00e9t\u00e9 peuvent s&#8217;exprimer et cr\u00e9er&#8221;, rel\u00e8ve Kawther Benlakhdar.<\/p>\n<p>L&#8217;exposition &#8220;M&#8217;tember&#8221; est visible jusqu&#8217;au 30 juin \u00e0 la Villa Abdeltif.<\/p>\n<p><em>APS<\/em><\/p>\n<\/div>\n","protected":false},"excerpt":{"rendered":"<p>ALGER &#8211; &#8220;M&#8217;tember&#8221;, une exposition mettant en valeur le timbre &#8220;d\u00e9tourn\u00e9&#8221; comme un m\u00e9dium artistique pour repr\u00e9senter des r\u00e9cits et des souvenirs&hellip;<\/p>\n","protected":false},"author":61,"featured_media":55947,"comment_status":"open","ping_status":"open","sticky":false,"template":"","format":"standard","meta":{"_lmt_disableupdate":"","_lmt_disable":"","footnotes":""},"categories":[32,34],"tags":[],"class_list":["post-55946","post","type-post","status-publish","format-standard","has-post-thumbnail","hentry","category-algerie","category-art-fr"],"yoast_head":"<!-- This site is optimized with the Yoast SEO plugin v27.3 - https:\/\/yoast.com\/product\/yoast-seo-wordpress\/ -->\n<title>&quot;M&#039;tember&quot;, exposition collective d&#039;artistes inaugur\u00e9e \u00e0 Alger - AAH.JZR<\/title>\n<meta name=\"robots\" content=\"index, follow, max-snippet:-1, max-image-preview:large, max-video-preview:-1\" \/>\n<link rel=\"canonical\" href=\"https:\/\/jazairhope.org\/fr\/mtember-exposition-collective-dartistes-inauguree-a-alger\/\" \/>\n<meta property=\"og:locale\" content=\"fr_FR\" \/>\n<meta property=\"og:type\" content=\"article\" \/>\n<meta property=\"og:title\" content=\"&quot;M&#039;tember&quot;, exposition collective d&#039;artistes inaugur\u00e9e \u00e0 Alger - AAH.JZR\" \/>\n<meta property=\"og:description\" content=\"ALGER &#8211; &#8220;M&#8217;tember&#8221;, une exposition mettant en valeur le timbre &#8220;d\u00e9tourn\u00e9&#8221; comme un m\u00e9dium artistique pour repr\u00e9senter des r\u00e9cits et des souvenirs&hellip;\" \/>\n<meta property=\"og:url\" content=\"https:\/\/jazairhope.org\/fr\/mtember-exposition-collective-dartistes-inauguree-a-alger\/\" \/>\n<meta property=\"og:site_name\" content=\"AAH.JZR\" \/>\n<meta property=\"article:publisher\" content=\"https:\/\/www.facebook.com\/jazairhope\" \/>\n<meta property=\"article:published_time\" content=\"2022-06-28T07:22:53+00:00\" \/>\n<meta property=\"og:image\" content=\"https:\/\/jazairhope.org\/wp-content\/uploads\/2022\/06\/mtember.jpg\" \/>\n\t<meta property=\"og:image:width\" content=\"580\" \/>\n\t<meta property=\"og:image:height\" content=\"350\" \/>\n\t<meta property=\"og:image:type\" content=\"image\/jpeg\" \/>\n<meta name=\"author\" content=\"Toufan\" \/>\n<meta name=\"twitter:card\" content=\"summary_large_image\" \/>\n<meta name=\"twitter:label1\" content=\"\u00c9crit par\" \/>\n\t<meta name=\"twitter:data1\" content=\"Toufan\" \/>\n\t<meta name=\"twitter:label2\" content=\"Dur\u00e9e de lecture estim\u00e9e\" \/>\n\t<meta name=\"twitter:data2\" content=\"3 minutes\" \/>\n<script type=\"application\/ld+json\" class=\"yoast-schema-graph\">{\"@context\":\"https:\\\/\\\/schema.org\",\"@graph\":[{\"@type\":\"Article\",\"@id\":\"https:\\\/\\\/jazairhope.org\\\/fr\\\/mtember-exposition-collective-dartistes-inauguree-a-alger\\\/#article\",\"isPartOf\":{\"@id\":\"https:\\\/\\\/jazairhope.org\\\/fr\\\/mtember-exposition-collective-dartistes-inauguree-a-alger\\\/\"},\"author\":{\"name\":\"Toufan\",\"@id\":\"https:\\\/\\\/jazairhope.org\\\/fr\\\/#\\\/schema\\\/person\\\/7307bafab49aeb129fb6fc80d18d5a4f\"},\"headline\":\"&#8220;M&#8217;tember&#8221;, exposition collective d&#8217;artistes inaugur\u00e9e \u00e0 Alger\",\"datePublished\":\"2022-06-28T07:22:53+00:00\",\"mainEntityOfPage\":{\"@id\":\"https:\\\/\\\/jazairhope.org\\\/fr\\\/mtember-exposition-collective-dartistes-inauguree-a-alger\\\/\"},\"wordCount\":551,\"commentCount\":0,\"image\":{\"@id\":\"https:\\\/\\\/jazairhope.org\\\/fr\\\/mtember-exposition-collective-dartistes-inauguree-a-alger\\\/#primaryimage\"},\"thumbnailUrl\":\"https:\\\/\\\/jazairhope.org\\\/wp-content\\\/uploads\\\/2022\\\/06\\\/mtember.jpg\",\"articleSection\":[\"Alg\u00e9rie Alg\u00e9rienne\",\"Art &amp; Culture\"],\"inLanguage\":\"fr-FR\",\"potentialAction\":[{\"@type\":\"CommentAction\",\"name\":\"Comment\",\"target\":[\"https:\\\/\\\/jazairhope.org\\\/fr\\\/mtember-exposition-collective-dartistes-inauguree-a-alger\\\/#respond\"]}]},{\"@type\":\"WebPage\",\"@id\":\"https:\\\/\\\/jazairhope.org\\\/fr\\\/mtember-exposition-collective-dartistes-inauguree-a-alger\\\/\",\"url\":\"https:\\\/\\\/jazairhope.org\\\/fr\\\/mtember-exposition-collective-dartistes-inauguree-a-alger\\\/\",\"name\":\"\\\"M'tember\\\", exposition collective d'artistes inaugur\u00e9e \u00e0 Alger - AAH.JZR\",\"isPartOf\":{\"@id\":\"https:\\\/\\\/jazairhope.org\\\/fr\\\/#website\"},\"primaryImageOfPage\":{\"@id\":\"https:\\\/\\\/jazairhope.org\\\/fr\\\/mtember-exposition-collective-dartistes-inauguree-a-alger\\\/#primaryimage\"},\"image\":{\"@id\":\"https:\\\/\\\/jazairhope.org\\\/fr\\\/mtember-exposition-collective-dartistes-inauguree-a-alger\\\/#primaryimage\"},\"thumbnailUrl\":\"https:\\\/\\\/jazairhope.org\\\/wp-content\\\/uploads\\\/2022\\\/06\\\/mtember.jpg\",\"datePublished\":\"2022-06-28T07:22:53+00:00\",\"author\":{\"@id\":\"https:\\\/\\\/jazairhope.org\\\/fr\\\/#\\\/schema\\\/person\\\/7307bafab49aeb129fb6fc80d18d5a4f\"},\"breadcrumb\":{\"@id\":\"https:\\\/\\\/jazairhope.org\\\/fr\\\/mtember-exposition-collective-dartistes-inauguree-a-alger\\\/#breadcrumb\"},\"inLanguage\":\"fr-FR\",\"potentialAction\":[{\"@type\":\"ReadAction\",\"target\":[\"https:\\\/\\\/jazairhope.org\\\/fr\\\/mtember-exposition-collective-dartistes-inauguree-a-alger\\\/\"]}]},{\"@type\":\"ImageObject\",\"inLanguage\":\"fr-FR\",\"@id\":\"https:\\\/\\\/jazairhope.org\\\/fr\\\/mtember-exposition-collective-dartistes-inauguree-a-alger\\\/#primaryimage\",\"url\":\"https:\\\/\\\/jazairhope.org\\\/wp-content\\\/uploads\\\/2022\\\/06\\\/mtember.jpg\",\"contentUrl\":\"https:\\\/\\\/jazairhope.org\\\/wp-content\\\/uploads\\\/2022\\\/06\\\/mtember.jpg\",\"width\":580,\"height\":350},{\"@type\":\"BreadcrumbList\",\"@id\":\"https:\\\/\\\/jazairhope.org\\\/fr\\\/mtember-exposition-collective-dartistes-inauguree-a-alger\\\/#breadcrumb\",\"itemListElement\":[{\"@type\":\"ListItem\",\"position\":1,\"name\":\"Accueil\",\"item\":\"https:\\\/\\\/jazairhope.org\\\/fr\\\/\"},{\"@type\":\"ListItem\",\"position\":2,\"name\":\"\u00ab\u00a0M&rsquo;tember\u00a0\u00bb, exposition collective d&rsquo;artistes inaugur\u00e9e \u00e0 Alger\"}]},{\"@type\":\"WebSite\",\"@id\":\"https:\\\/\\\/jazairhope.org\\\/fr\\\/#website\",\"url\":\"https:\\\/\\\/jazairhope.org\\\/fr\\\/\",\"name\":\"AAH.JZR\",\"description\":\"Environment, Health, Science, Art, Economics\",\"potentialAction\":[{\"@type\":\"SearchAction\",\"target\":{\"@type\":\"EntryPoint\",\"urlTemplate\":\"https:\\\/\\\/jazairhope.org\\\/fr\\\/?s={search_term_string}\"},\"query-input\":{\"@type\":\"PropertyValueSpecification\",\"valueRequired\":true,\"valueName\":\"search_term_string\"}}],\"inLanguage\":\"fr-FR\"},{\"@type\":\"Person\",\"@id\":\"https:\\\/\\\/jazairhope.org\\\/fr\\\/#\\\/schema\\\/person\\\/7307bafab49aeb129fb6fc80d18d5a4f\",\"name\":\"Toufan\",\"image\":{\"@type\":\"ImageObject\",\"inLanguage\":\"fr-FR\",\"@id\":\"https:\\\/\\\/secure.gravatar.com\\\/avatar\\\/f6356c3a1b9302a43412244ff56ef2d8361d6ade233460e836f432cc74fa7c2f?s=96&d=mm&r=g\",\"url\":\"https:\\\/\\\/secure.gravatar.com\\\/avatar\\\/f6356c3a1b9302a43412244ff56ef2d8361d6ade233460e836f432cc74fa7c2f?s=96&d=mm&r=g\",\"contentUrl\":\"https:\\\/\\\/secure.gravatar.com\\\/avatar\\\/f6356c3a1b9302a43412244ff56ef2d8361d6ade233460e836f432cc74fa7c2f?s=96&d=mm&r=g\",\"caption\":\"Toufan\"},\"url\":\"https:\\\/\\\/jazairhope.org\\\/fr\\\/author\\\/toufan\\\/\"}]}<\/script>\n<!-- \/ Yoast SEO plugin. -->","yoast_head_json":{"title":"\"M'tember\", exposition collective d'artistes inaugur\u00e9e \u00e0 Alger - AAH.JZR","robots":{"index":"index","follow":"follow","max-snippet":"max-snippet:-1","max-image-preview":"max-image-preview:large","max-video-preview":"max-video-preview:-1"},"canonical":"https:\/\/jazairhope.org\/fr\/mtember-exposition-collective-dartistes-inauguree-a-alger\/","og_locale":"fr_FR","og_type":"article","og_title":"\"M'tember\", exposition collective d'artistes inaugur\u00e9e \u00e0 Alger - AAH.JZR","og_description":"ALGER &#8211; &#8220;M&#8217;tember&#8221;, une exposition mettant en valeur le timbre &#8220;d\u00e9tourn\u00e9&#8221; comme un m\u00e9dium artistique pour repr\u00e9senter des r\u00e9cits et des souvenirs&hellip;","og_url":"https:\/\/jazairhope.org\/fr\/mtember-exposition-collective-dartistes-inauguree-a-alger\/","og_site_name":"AAH.JZR","article_publisher":"https:\/\/www.facebook.com\/jazairhope","article_published_time":"2022-06-28T07:22:53+00:00","og_image":[{"width":580,"height":350,"url":"https:\/\/jazairhope.org\/wp-content\/uploads\/2022\/06\/mtember.jpg","type":"image\/jpeg"}],"author":"Toufan","twitter_card":"summary_large_image","twitter_misc":{"\u00c9crit par":"Toufan","Dur\u00e9e de lecture estim\u00e9e":"3 minutes"},"schema":{"@context":"https:\/\/schema.org","@graph":[{"@type":"Article","@id":"https:\/\/jazairhope.org\/fr\/mtember-exposition-collective-dartistes-inauguree-a-alger\/#article","isPartOf":{"@id":"https:\/\/jazairhope.org\/fr\/mtember-exposition-collective-dartistes-inauguree-a-alger\/"},"author":{"name":"Toufan","@id":"https:\/\/jazairhope.org\/fr\/#\/schema\/person\/7307bafab49aeb129fb6fc80d18d5a4f"},"headline":"&#8220;M&#8217;tember&#8221;, exposition collective d&#8217;artistes inaugur\u00e9e \u00e0 Alger","datePublished":"2022-06-28T07:22:53+00:00","mainEntityOfPage":{"@id":"https:\/\/jazairhope.org\/fr\/mtember-exposition-collective-dartistes-inauguree-a-alger\/"},"wordCount":551,"commentCount":0,"image":{"@id":"https:\/\/jazairhope.org\/fr\/mtember-exposition-collective-dartistes-inauguree-a-alger\/#primaryimage"},"thumbnailUrl":"https:\/\/jazairhope.org\/wp-content\/uploads\/2022\/06\/mtember.jpg","articleSection":["Alg\u00e9rie Alg\u00e9rienne","Art &amp; Culture"],"inLanguage":"fr-FR","potentialAction":[{"@type":"CommentAction","name":"Comment","target":["https:\/\/jazairhope.org\/fr\/mtember-exposition-collective-dartistes-inauguree-a-alger\/#respond"]}]},{"@type":"WebPage","@id":"https:\/\/jazairhope.org\/fr\/mtember-exposition-collective-dartistes-inauguree-a-alger\/","url":"https:\/\/jazairhope.org\/fr\/mtember-exposition-collective-dartistes-inauguree-a-alger\/","name":"\"M'tember\", exposition collective d'artistes inaugur\u00e9e \u00e0 Alger - AAH.JZR","isPartOf":{"@id":"https:\/\/jazairhope.org\/fr\/#website"},"primaryImageOfPage":{"@id":"https:\/\/jazairhope.org\/fr\/mtember-exposition-collective-dartistes-inauguree-a-alger\/#primaryimage"},"image":{"@id":"https:\/\/jazairhope.org\/fr\/mtember-exposition-collective-dartistes-inauguree-a-alger\/#primaryimage"},"thumbnailUrl":"https:\/\/jazairhope.org\/wp-content\/uploads\/2022\/06\/mtember.jpg","datePublished":"2022-06-28T07:22:53+00:00","author":{"@id":"https:\/\/jazairhope.org\/fr\/#\/schema\/person\/7307bafab49aeb129fb6fc80d18d5a4f"},"breadcrumb":{"@id":"https:\/\/jazairhope.org\/fr\/mtember-exposition-collective-dartistes-inauguree-a-alger\/#breadcrumb"},"inLanguage":"fr-FR","potentialAction":[{"@type":"ReadAction","target":["https:\/\/jazairhope.org\/fr\/mtember-exposition-collective-dartistes-inauguree-a-alger\/"]}]},{"@type":"ImageObject","inLanguage":"fr-FR","@id":"https:\/\/jazairhope.org\/fr\/mtember-exposition-collective-dartistes-inauguree-a-alger\/#primaryimage","url":"https:\/\/jazairhope.org\/wp-content\/uploads\/2022\/06\/mtember.jpg","contentUrl":"https:\/\/jazairhope.org\/wp-content\/uploads\/2022\/06\/mtember.jpg","width":580,"height":350},{"@type":"BreadcrumbList","@id":"https:\/\/jazairhope.org\/fr\/mtember-exposition-collective-dartistes-inauguree-a-alger\/#breadcrumb","itemListElement":[{"@type":"ListItem","position":1,"name":"Accueil","item":"https:\/\/jazairhope.org\/fr\/"},{"@type":"ListItem","position":2,"name":"\u00ab\u00a0M&rsquo;tember\u00a0\u00bb, exposition collective d&rsquo;artistes inaugur\u00e9e \u00e0 Alger"}]},{"@type":"WebSite","@id":"https:\/\/jazairhope.org\/fr\/#website","url":"https:\/\/jazairhope.org\/fr\/","name":"AAH.JZR","description":"Environment, Health, Science, Art, Economics","potentialAction":[{"@type":"SearchAction","target":{"@type":"EntryPoint","urlTemplate":"https:\/\/jazairhope.org\/fr\/?s={search_term_string}"},"query-input":{"@type":"PropertyValueSpecification","valueRequired":true,"valueName":"search_term_string"}}],"inLanguage":"fr-FR"},{"@type":"Person","@id":"https:\/\/jazairhope.org\/fr\/#\/schema\/person\/7307bafab49aeb129fb6fc80d18d5a4f","name":"Toufan","image":{"@type":"ImageObject","inLanguage":"fr-FR","@id":"https:\/\/secure.gravatar.com\/avatar\/f6356c3a1b9302a43412244ff56ef2d8361d6ade233460e836f432cc74fa7c2f?s=96&d=mm&r=g","url":"https:\/\/secure.gravatar.com\/avatar\/f6356c3a1b9302a43412244ff56ef2d8361d6ade233460e836f432cc74fa7c2f?s=96&d=mm&r=g","contentUrl":"https:\/\/secure.gravatar.com\/avatar\/f6356c3a1b9302a43412244ff56ef2d8361d6ade233460e836f432cc74fa7c2f?s=96&d=mm&r=g","caption":"Toufan"},"url":"https:\/\/jazairhope.org\/fr\/author\/toufan\/"}]}},"views":287,"_links":{"self":[{"href":"https:\/\/jazairhope.org\/fr\/wp-json\/wp\/v2\/posts\/55946","targetHints":{"allow":["GET"]}}],"collection":[{"href":"https:\/\/jazairhope.org\/fr\/wp-json\/wp\/v2\/posts"}],"about":[{"href":"https:\/\/jazairhope.org\/fr\/wp-json\/wp\/v2\/types\/post"}],"author":[{"embeddable":true,"href":"https:\/\/jazairhope.org\/fr\/wp-json\/wp\/v2\/users\/61"}],"replies":[{"embeddable":true,"href":"https:\/\/jazairhope.org\/fr\/wp-json\/wp\/v2\/comments?post=55946"}],"version-history":[{"count":0,"href":"https:\/\/jazairhope.org\/fr\/wp-json\/wp\/v2\/posts\/55946\/revisions"}],"wp:featuredmedia":[{"embeddable":true,"href":"https:\/\/jazairhope.org\/fr\/wp-json\/wp\/v2\/media\/55947"}],"wp:attachment":[{"href":"https:\/\/jazairhope.org\/fr\/wp-json\/wp\/v2\/media?parent=55946"}],"wp:term":[{"taxonomy":"category","embeddable":true,"href":"https:\/\/jazairhope.org\/fr\/wp-json\/wp\/v2\/categories?post=55946"},{"taxonomy":"post_tag","embeddable":true,"href":"https:\/\/jazairhope.org\/fr\/wp-json\/wp\/v2\/tags?post=55946"}],"curies":[{"name":"wp","href":"https:\/\/api.w.org\/{rel}","templated":true}]}}