{"id":56111,"date":"2022-06-30T08:51:21","date_gmt":"2022-06-30T07:51:21","guid":{"rendered":"https:\/\/jazairhope.org\/?p=56111"},"modified":"2022-06-30T09:32:01","modified_gmt":"2022-06-30T08:32:01","slug":"le-massacre-de-migrants-subsahariens-au-maroc-transforme-en-plate-forme-de-destabilisation","status":"publish","type":"post","link":"https:\/\/jazairhope.org\/fr\/le-massacre-de-migrants-subsahariens-au-maroc-transforme-en-plate-forme-de-destabilisation\/","title":{"rendered":"Le Massacre De Migrants Subsahariens Au Maroc, Transform\u00e9 En Plateforme De D\u00e9stabilisation"},"content":{"rendered":"<div>\n<h6><img decoding=\"async\" class=\"alignleft\" src=\"https:\/\/jazairhope.org\/wp-content\/uploads\/2022\/05\/Capture-16-300x297.png\" width=\"85\" height=\"84\" \/>Par <a href=\"https:\/\/www.facebook.com\/hassen.kacimi.1\">Mr Hassen Kacimi<\/a><\/h6>\n<h4><span style=\"color: #4a4a4a; font-size: 15px; text-transform: initial;\">Il n&#8217;est pas n\u00e9cessaire, maintenant, de prouver que le roi du Maroc Mohamed 6 a fait de son pays, une plate forme de p\u00e9n\u00e9tration coloniale en Afrique et de destabilisation r\u00e9gionale.<\/span><\/h4>\n<\/div>\n<div><span style=\"font-family: .SFUIText;\">\u00a0<\/span><\/div>\n<div><span style=\"font-family: .SFUIText;\">Tout le monde le sait, et m\u00eame plus, les plus sceptiques et les plus r\u00e9ticents, sont convaincus que le Maroc a \u00e9t\u00e9 transform\u00e9, h\u00e9las, en province et arri\u00e8re cour de lobbys subversifs .<\/span><\/div>\n<div><span style=\"font-family: .SFUIText;\">\u00a0<\/span><\/div>\n<div><span style=\"font-family: .SFUIText;\">Le roi du Maroc, aux abois, et retranch\u00e9 dans ses derni\u00e8res barricades de survie, tente, par d\u00e9sespoir,\u00a0<\/span><span style=\"font-family: .SFUIText;\">c<\/span><span style=\"font-family: .SFUIText;\">omme l&#8217;ont fait\u00a0<\/span><span style=\"font-family: .SFUIText;\">les rois<\/span><span style=\"font-family: .SFUIText;\">\u00a0qui l&#8217;ont\u00a0<\/span><span style=\"font-family: .SFUIText;\">pr\u00e9c\u00e9d\u00e9<\/span><span style=\"font-family: .SFUIText;\">, de s&#8217;allier \u00e0 des entit\u00e9s coloniales, pour garder en survie la famille royale au Maroc .<\/span><\/div>\n<div><span style=\"font-family: .SFUIText;\">\u00a0<\/span><\/div>\n<div><span style=\"font-family: .SFUIText;\">Les Lobbys Franco-sionistes, l&#8217;Espagne et l&#8217;OTAN, ont \u00e9t\u00e9 appel\u00e9s \u00e0 la rescousse<\/span><span style=\"font-family: .SFUIText;\">,<\/span><span style=\"font-family: .SFUIText;\">\u00a0pour le sauvetage d&#8217;une famille royale en fin de\u00a0<\/span><span style=\"font-family: .SFUIText;\">r\u00e8gne<\/span><span style=\"font-family: .SFUIText;\">, rejet\u00e9e et honnie par la population Marocaine, qui demande, en guise de d\u00e9sespoir, son d\u00e9part et la proclamation de la r\u00e9publique.<\/span><\/div>\n<div><span style=\"font-family: .SFUIText;\">\u00a0<\/span><\/div>\n<div><span style=\"font-family: .SFUIText;\">Les ex puissances et empires coloniaux, arriveront ils \u00e0 sauver Mohamed 6 qui a disparu des radars et qui se cache quelque part, sous bonne escorte sioniste.<\/span><\/div>\n<div><span style=\"font-family: .SFUIText;\">\u00a0<\/span><\/div>\n<div><span style=\"font-family: .SFUIText;\">Le roi Mohamed 6 a \u00e9t\u00e9, enfin, d\u00e9masqu\u00e9, et il ne pourra plus faire avaler la blague de l&#8217;Emir des croyants.<\/span><\/div>\n<div><span style=\"font-family: .SFUIText;\">\u00a0<\/span><\/div>\n<div><span style=\"font-family: .SFUIText;\">Pour \u00eatre l&#8217;Emir des croyants, il faut d&#8217;abord \u00eatre une autorit\u00e9 morale, accept\u00e9e par tous. Or dans ce cas, Mohamed 6 est connu pour \u00eatre une autorit\u00e9 immorale, qui baigne dans le vice , la d\u00e9bauche et la d\u00e9pravation.<\/span><\/div>\n<div><span style=\"font-family: .SFUIText;\">\u00a0<\/span><\/div>\n<div><span style=\"font-family: .SFUIText;\">Un roi immoral qui fait beaucoup parler de lui, dans ses nombreuses escapades nocturnes, dans les milieux gays et travestis.<\/span><\/div>\n<div><span style=\"font-family: .SFUIText;\">\u00a0<\/span><\/div>\n<div><span style=\"font-family: .SFUIText;\">C&#8217;est<\/span><span style=\"font-family: .SFUIText;\">\u00a0<\/span><span style=\"font-family: .SFUIText;\">ce qui explique pourquoi il a encourag\u00e9 le tourisme sexuel , transformant son pays, en royaume des p\u00e9dophiles.<\/span><\/div>\n<div><span style=\"font-family: .SFUIText;\">\u00a0<\/span><\/div>\n<div><span style=\"font-family: .SFUIText;\">Le roi est pass\u00e9 de la subversion sexuelle \u00e0 la subversion politique, en tentant d&#8217;installer le d\u00e9sordre et le chaos au Maghreb, avec l&#8217;aide de l&#8217;entit\u00e9 sioniste, pass\u00e9e ma\u00eetre dans les trahisons et les coups bas, dans la pure tradition de judas.<\/span><\/div>\n<div><span style=\"font-family: .SFUIText;\">\u00a0<\/span><\/div>\n<div><span style=\"font-family: .SFUIText;\">Mohamed 6 a fait de son pays<\/span><span style=\"font-family: .SFUIText;\">,<\/span><span style=\"font-family: .SFUIText;\">\u00a0le royaume de la drogue, dont les revenus sont utilis\u00e9s pour acheter le silence et l\u00e0 complicit\u00e9s des dirigeants de l&#8217;Union Europ\u00e9enne, arros\u00e9s, sous table, par des commissions,\u00a0<\/span><span style=\"font-family: .SFUIText;\">e<\/span><span style=\"font-family: .SFUIText;\">t des\u00a0<\/span><span style=\"font-family: .SFUIText;\">harems<\/span><span style=\"font-family: .SFUIText;\">\/riads \u00e0 Marrakech, en guise de loyaux services, rendus \u00e0 sa majest\u00e9.<\/span><\/div>\n<div><span style=\"font-family: .SFUIText;\">\u00a0<\/span><\/div>\n<div><span style=\"font-family: .SFUIText;\">Celui ci s\u00e9vit aussi en Afrique, et cela lui a valu de nombreux soutiens et complicit\u00e9s.<\/span><\/div>\n<div><span style=\"font-family: .SFUIText;\">\u00a0<\/span><\/div>\n<div><span style=\"font-family: .SFUIText;\">Cela explique les nombreux silences, coupables, de l&#8217;Union Europ\u00e9enne et de l&#8217;UA, dans plusieurs scandales, o\u00f9 est directement impliqu\u00e9 le roi Mohamed 6 .<\/span><\/div>\n<div><span style=\"font-family: .SFUIText;\">\u00a0<\/span><\/div>\n<div><span style=\"font-family: .SFUIText;\">Le Maroc a \u00e9t\u00e9 transform\u00e9 en territoire de man\u0153uvres militaires de l&#8217;OTAN et de l&#8217;entit\u00e9 sioniste, en vue de faire croire que la famille royale marocaine est puissante et solidement prot\u00e9g\u00e9e.<\/span><\/div>\n<div><span style=\"font-family: .SFUIText;\">\u00a0<\/span><\/div>\n<div><span style=\"font-family: .SFUIText;\">Ces man\u0153uvres militaires sont, pour le roi du Maroc, dirig\u00e9es contre l&#8217;Algerie, en guise de dissuasion et de pression, exprimant un chantage\u00a0<\/span><span style=\"font-family: .SFUIText;\">mafieux<\/span><span style=\"font-family: .SFUIText;\">\u00a0qui se fait fort de l&#8217;alliance militaire avec l&#8217;occident.<\/span><\/div>\n<div><span style=\"font-family: .SFUIText;\">\u00a0<\/span><\/div>\n<div><span style=\"font-family: .SFUIText;\">Le roi du Maroc fait une tr\u00e8s mauvaise lecture de l&#8217;\u00e9volution du poids \u00e9conomique de l&#8217;Algerie, qui approfondit, notamment, ses relations \u00e9conomiques avec l&#8217;Am\u00e9rique .<\/span><\/div>\n<div><span style=\"font-family: .SFUIText;\">\u00a0<\/span><\/div>\n<div><span style=\"font-family: .SFUIText;\">Les plus hautes autorit\u00e9s Am\u00e9ricaines savent tr\u00e8s bien que l&#8217;Algerie n&#8217;est pas l&#8217;ennemi de l&#8217;Am\u00e9rique.<\/span><\/div>\n<div><span style=\"font-family: .SFUIText;\">\u00a0<\/span><\/div>\n<div><span style=\"font-family: .SFUIText;\">Les IDE Am\u00e9ricains en Alg\u00e9rie, sont selon le FMI, de l&#8217;ordre de 6,2 milliards de dollars, faisant de ce pays le plus grand investisseur en Alg\u00e9rie.<\/span><\/div>\n<div><span style=\"font-family: .SFUIText;\">\u00a0<\/span><\/div>\n<div><span style=\"font-family: .SFUIText;\">Parall\u00e8lement \u00e0 cela, des man\u0153uvres de diversions se d\u00e9veloppent tout autour de nos fronti\u00e8res.<\/span><\/div>\n<div><span style=\"font-family: .SFUIText;\">\u00a0<\/span><\/div>\n<div><span style=\"font-family: .SFUIText;\">Sous le couvert de la monarchie royale, l&#8217;entit\u00e9 sioniste a d\u00e9ploy\u00e9 un syst\u00e8me d&#8217;\u00e9coute et d&#8217;espionnage, Pegasus, ayant mis sous \u00e9coute, tous les dirigeants de l&#8217;Union Europ\u00e9enne, qui ont \u00e9t\u00e9 humili\u00e9s, et qui n&#8217;ont pas eu le courage d&#8217;ouvrir des proc\u00e9dures judiciaires, pour impliquer la responsabilit\u00e9 du roi f\u00e9lon<\/span><span style=\"font-family: .SFUIText;\">,<\/span><span style=\"font-family: .SFUIText;\">\u00a0Mohamed six, et de sa museli\u00e8re sioniste.<\/span><\/div>\n<div><span style=\"font-family: .SFUIText;\">\u00a0<\/span><\/div>\n<div><span style=\"font-family: .SFUIText;\">Au Maghreb, le vent de la subversion est tr\u00e8s fort \u00e0 l&#8217;ouest, et l&#8217;Algerie s&#8217;est bien organis\u00e9e pour que le vent de la discorde du roi, se transforme en tornade, qui soufflera sur le Maroc .<\/span><\/div>\n<div><span style=\"font-family: .SFUIText;\">\u00a0<\/span><\/div>\n<div><span style=\"font-family: .SFUIText;\">Des tentatives d&#8217;alliances avec l&#8217;entit\u00e9 sioniste, sont men\u00e9es dans les coulisses, pour f\u00e9derer au Maghreb, des forces politiques, devant pousser vers la normalisation, avec l&#8217;entit\u00e9 sioniste, au nom de la lutte contre le terrorisme.<\/span><\/div>\n<div><span style=\"font-family: .SFUIText;\">\u00a0<\/span><\/div>\n<div><span style=\"font-family: .SFUIText;\">Dans ce sillage , la Tunisie vacille et risque de trahir l&#8217;Algerie, qui met en garde contre une normalisation sournoise et rampante avec l&#8217;entit\u00e9 sioniste.<\/span><\/div>\n<div><span style=\"font-family: .SFUIText;\">\u00a0<\/span><\/div>\n<div><span style=\"font-family: .SFUIText;\">Le pr\u00e9sident Kaies Saied cherche \u00e0 incarner en Tunisie, le nouveau monarque Ataturk, qui pense<\/span><span style=\"font-family: .SFUIText;\">,<\/span><span style=\"font-family: .SFUIText;\">\u00a0maladroitement<\/span><span style=\"font-family: .SFUIText;\">,<\/span><span style=\"font-family: .SFUIText;\">\u00a0exclure du champ politique<\/span><span style=\"font-family: .SFUIText;\">,<\/span><span style=\"font-family: .SFUIText;\">\u00a0des courants politiques importantes et qui risque de mener son pays vers une autre aventure, de nature \u00e0 installer, pour une longue dur\u00e9e, le d\u00e9sordre que la Tunisie ne pourra pas supporter.<\/span><\/div>\n<div><span style=\"font-family: .SFUIText;\">\u00a0<\/span><\/div>\n<div><span style=\"font-family: .SFUIText;\">C&#8217;est le m\u00eame processus qui se d\u00e9veloppe en force<\/span><span style=\"font-family: .SFUIText;\">,<\/span><span style=\"font-family: .SFUIText;\">\u00a0au moyen, au nom de la lutte contre l&#8217;Iran.<\/span><\/div>\n<div><span style=\"font-family: .SFUIText;\">\u00a0<\/span><\/div>\n<div><span style=\"font-family: .SFUIText;\">L&#8217;occident cherche \u00e0 d\u00e9terrer un vieux projet de construction d&#8217;un OTAN bis, au Moyen Orient, sous la direction de l&#8217;Am\u00e9rique et de l&#8217;entit\u00e9 sioniste.<\/span><\/div>\n<div><span style=\"font-family: .SFUIText;\">\u00a0<\/span><\/div>\n<div><span style=\"font-family: .SFUIText;\">Ce projet ne semble pas \u00eatre entour\u00e9 d&#8217;un consensus, puisqu&#8217;il risque de menacer l&#8217;autonomie et la souverainet\u00e9 des pays du golf.<\/span><\/div>\n<div><span style=\"font-family: .SFUIText;\">\u00a0<\/span><\/div>\n<div><span style=\"font-family: .SFUIText;\">Le massacre de migrants subsahariens a Melila n&#8217;est rien d&#8217;autre que l&#8217;externalisation de la gestion des fronti\u00e8res ext\u00e9rieures de l&#8217;UE au Maroc, qui a \u00e9t\u00e9 transform\u00e9 en bras arm\u00e9 de frontex, pour s\u00e9vir contre les migrants Africains .<\/span><\/div>\n<div><span style=\"font-family: .SFUIText;\">\u00a0<\/span><\/div>\n<div><span style=\"font-family: .SFUIText;\">Les migrants U<\/span><span style=\"font-family: .SFUIText;\">krainiens\u00a0<\/span><span style=\"font-family: .SFUIText;\">ont\u00a0<\/span><span style=\"font-family: .SFUIText;\">\u00e9t\u00e9 re\u00e7us\u00a0<\/span><span style=\"font-family: .SFUIText;\">par l&#8217;UE avec des roses et\u00a0<\/span><span style=\"font-family: .SFUIText;\">des c\u00e9r\u00e9monies\u00a0<\/span><span style=\"font-family: .SFUIText;\">d&#8217;accueil\u00a0<\/span><span style=\"font-family: .SFUIText;\">et de<\/span><span style=\"font-family: .SFUIText;\">\u00a0prise en charge, tout en\u00a0<\/span><span style=\"font-family: .SFUIText;\">r\u00e9servant<\/span><span style=\"font-family: .SFUIText;\">\u00a0le\u00a0<\/span><span style=\"font-family: .SFUIText;\">pire ch\u00e2timent<\/span><span style=\"font-family: .SFUIText;\">\u00a0aux migrants\u00a0<\/span><span style=\"font-family: .SFUIText;\">subsahariens<\/span><span style=\"font-family: .SFUIText;\">.<\/span><\/div>\n<div><span style=\"font-family: .SFUIText;\">\u00a0<\/span><\/div>\n<div><span style=\"font-family: .SFUIText;\">L&#8217;UE est\u00a0<\/span><span style=\"font-family: .SFUIText;\">coupable\u00a0<\/span><span style=\"font-family: .SFUIText;\">de profilage ethnique\u00a0<\/span><span style=\"font-family: .SFUIText;\">et de<\/span><span style=\"font-family: .SFUIText;\">\u00a0<\/span><span style=\"font-family: .SFUIText;\">traitement<\/span><span style=\"font-family: .SFUIText;\">\u00a0<\/span><span style=\"font-family: .SFUIText;\">d<\/span><span style=\"font-family: .SFUIText;\">iscriminatoire et\u00a0<\/span><span style=\"font-family: .SFUIText;\">raciale, e<\/span><span style=\"font-family: .SFUIText;\">nvers les migrants\u00a0<\/span><span style=\"font-family: .SFUIText;\">subsahariens<\/span><span style=\"font-family: .SFUIText;\">, avec le consentement coupable du comit\u00e9 des droits de l&#8217;homme de l&#8217;UE.<\/span><\/div>\n<div><span style=\"font-family: .SFUIText;\">\u00a0<\/span><\/div>\n<div><span style=\"font-family: .SFUIText;\">Encore une fois, le roi Mohamed 6 vient de prouver qu&#8217;il a \u00e9t\u00e9 transform\u00e9 en sentinelle d\u00e9gradante de l&#8217;Espagne et de l&#8217;Union Europ\u00e9enne.<\/span><b><br \/>\n<\/b><\/div>\n<div><span style=\"font-family: .SFUIText;\">\u00a0<\/span><\/div>\n<div><span style=\"font-family: .SFUIText;\">Frontex ne peut exprimer que des satisf\u00e9cits au roi Mohamed six, pour avoir violemment s\u00e9vi contre des r\u00e9fugi\u00e9s et des demandeurs d&#8217;asile subsahariens.<\/span><\/div>\n<div><span style=\"font-family: .SFUIText;\">\u00a0<\/span><\/div>\n<div><span style=\"font-family: .SFUIText;\">En occident, des voix ind\u00e9pendantes se sont \u00e9lev\u00e9es pour demander \u00e0 l&#8217;Union Europ\u00e9enne, d&#8217;ouvrir une enqu\u00eate ind\u00e9pendante sur ces crimes.<\/span><\/div>\n<div><span style=\"font-family: .SFUIText;\">\u00a0<\/span><\/div>\n<div><span style=\"font-family: .SFUIText;\">Mais en pareille circonstance, il est malhonn\u00eate de demander au bourreau, d&#8217;enqu\u00eater sur les crimes qu&#8217;il a commis.<\/span><\/div>\n<div><\/div>\n<p><img fetchpriority=\"high\" decoding=\"async\" class=\"alignleft\" src=\"https:\/\/assets.change.org\/photos\/5\/jq\/bg\/xKJQBgNSoZLyiFC-800x450-noPad.jpg?1571420033\" alt=\"See the source image\" width=\"416\" height=\"234\" \/><\/p>\n<div><span style=\"font-family: .SFUIText;\">L&#8217;Union Africaine, \u00e0 travers son pr\u00e9sident de la commission, mahamed Faki , tr\u00e8s proche de l&#8217;entit\u00e9 sioniste et un ami du roi mohamed 6, n&#8217;a pas condamn\u00e9 ce massacre, mais a plut\u00f4t demand\u00e9 timidement l&#8217;ouverture d&#8217;une enqu\u00eate .<\/span><\/div>\n<div><span style=\"font-family: .SFUIText;\">\u00a0<\/span><\/div>\n<div><span style=\"font-family: .SFUIText;\">On ne peut pas accepter que l&#8217;UA ne s&#8217;implique pas \u00e9nergiquement, pour condamner les crimes commis par le roi Mohamed 6, contre des migrants subsahariens, au nom de la protection des fronti\u00e8res ext\u00e9rieures de l&#8217;UE.<\/span><\/div>\n<div><span style=\"font-family: .SFUIText;\">\u00a0<\/span><\/div>\n<div><span style=\"font-family: .SFUIText;\">La position du pr\u00e9sident de la commission de l&#8217;Union Africaine<\/span><span style=\"font-family: .SFUIText;\">,<\/span><span style=\"font-family: .SFUIText;\">\u00a0Mahamad Faki, doit \u00eatre condamn\u00e9e, pour \u00e9viter une division mortelle des rangs de cette organisation continentale.<\/span><\/div>\n<div><span style=\"font-family: .SFUIText;\">\u00a0<\/span><\/div>\n<div><span style=\"font-family: .SFUIText;\">C&#8217;est lui qui a accord\u00e9<\/span><span style=\"font-family: .SFUIText;\">,<\/span><span style=\"font-family: .SFUIText;\">\u00a0<\/span><span style=\"font-family: .SFUIText;\">d<\/span><span style=\"font-family: .SFUIText;\">e\u00a0<\/span><span style=\"font-family: .SFUIText;\">mani\u00e8re irr\u00e9guli\u00e8re<\/span><span style=\"font-family: .SFUIText;\">,le statut d&#8217;observateur \u00e0 l&#8217;entit\u00e9 sioniste, au sein de l&#8217;UA, sans consulter les chefs d&#8217;\u00c9tats, remettant gravement en cause le statut de cette organisation continentale.<\/span><\/div>\n<div><span style=\"font-family: .SFUIText;\">\u00a0<\/span><\/div>\n<div><span style=\"font-family: .SFUIText;\">La commission de l&#8217;Union Africaine doit se r\u00e9unir au plus vite, pour examiner cette question et rappeler\u00a0<\/span><span style=\"font-family: .SFUIText;\">\u00e0<\/span><span style=\"font-family: .SFUIText;\">\u00a0l&#8217;ordre,encore une fois<\/span><span style=\"font-family: .SFUIText;\">,<\/span><span style=\"font-family: .SFUIText;\">\u00a0son pr\u00e9sident, qui ne doit plus continuer \u00e0 manipuler, \u00e0 sa guise, une institution continentale, qui doit retrouver son autonomie et la souverainet\u00e9 de sa d\u00e9cision.<\/span><\/div>\n<div><span style=\"font-family: .SFUIText;\">\u00a0<\/span><\/div>\n<div><span style=\"font-family: .SFUIText;\">Le roi du\u00a0<\/span><span style=\"font-family: .SFUIText;\">Maroc\u00a0<\/span><span style=\"font-family: .SFUIText;\">s&#8217;est\u00a0<\/span><span style=\"font-family: .SFUIText;\">empress\u00e9\u00a0<\/span><span style=\"font-family: .SFUIText;\">d&#8217;enterrer les victimes\u00a0<\/span><span style=\"font-family: .SFUIText;\">des s\u00e9vices<\/span><span style=\"font-family: .SFUIText;\">\u00a0de sa police, pour faire\u00a0<\/span><span style=\"font-family: .SFUIText;\">dispara\u00eetre\u00a0<\/span><span style=\"font-family: .SFUIText;\">les preuves\u00a0<\/span><span style=\"font-family: .SFUIText;\">mat\u00e9rielles du<\/span><span style=\"font-family: .SFUIText;\">\u00a0crime contre\u00a0<\/span><span style=\"font-family: .SFUIText;\">l&#8217;humanit\u00e9<\/span><span style=\"font-family: .SFUIText;\">.<\/span><span style=\"font-family: .SFUIText;\"><br \/>\n<\/span><\/div>\n<div><span style=\"font-family: .SFUIText;\">\u00a0<\/span><\/div>\n<div><span style=\"font-family: .SFUIText;\">Le\u00a0<\/span><span style=\"font-family: .SFUIText;\">roi\u00a0<\/span><span style=\"font-family: .SFUIText;\">tyran\u00a0<\/span><span style=\"font-family: .SFUIText;\">a d\u00e9fendu<\/span><span style=\"font-family: .SFUIText;\">\u00a0les\u00a0<\/span><span style=\"font-family: .SFUIText;\">fronti\u00e8res<\/span><span style=\"font-family: .SFUIText;\">\u00a0<\/span><span style=\"font-family: .SFUIText;\">ext\u00e9rieures\u00a0<\/span><span style=\"font-family: .SFUIText;\">de l&#8217;UE<\/span><span style=\"font-family: .SFUIText;\">,<\/span><span style=\"font-family: .SFUIText;\">\u00a0en\u00a0<\/span><span style=\"font-family: .SFUIText;\">o<\/span><span style=\"font-family: .SFUIText;\">rdonnant de faire feu sans sommation\u00a0<\/span><span style=\"font-family: .SFUIText;\">s<\/span><span style=\"font-family: .SFUIText;\">ur des\u00a0<\/span><span style=\"font-family: .SFUIText;\">r\u00e9fugi\u00e9s\u00a0<\/span><span style=\"font-family: .SFUIText;\">et des demandeurs d&#8217;asile.<\/span><\/div>\n<div><span style=\"font-family: .SFUIText;\">\u00a0<\/span><\/div>\n<div><span style=\"font-family: .SFUIText;\">Les plans sordides du roi Mohamed 6 et de sa meute, sont tomb\u00e9s lamentablement \u00e0 l&#8217;eau.\u00a0<\/span><span style=\"font-family: .SFUIText;\">\u00c0 sa\u00a0<\/span><span style=\"font-family: .SFUIText;\">grande\u00a0<\/span><span style=\"font-family: .SFUIText;\">d\u00e9convenue<\/span><span style=\"font-family: .SFUIText;\">, Il n&#8217;a pas r\u00e9ussi \u00e0 parasiter la c\u00e9r\u00e9monie d&#8217;ouverture des jeux m\u00e9diterran\u00e9ens, pour ternir le prestige de l&#8217;Algerie, sur le plan r\u00e9gional et mondial.<\/span><\/div>\n<div><span style=\"font-family: .SFUIText;\">\u00a0<\/span><\/div>\n<div><span style=\"font-family: .SFUIText;\">Les autorit\u00e9s Alg\u00e9riennes ont plac\u00e9 la barre tr\u00e8s haute, en r\u00e9alisant une c\u00e9r\u00e9monie d&#8217;ouverture grandiose, aux standards internationaux, donnant ainsi une racl\u00e9e \u00e0 ses d\u00e9tracteurs, qui ont fortement mis\u00e9 sur des ratages, lors de cette c\u00e9r\u00e9monie d&#8217;un niveau mondial.<\/span><\/div>\n<div><span style=\"font-family: .SFUIText;\">\u00a0<\/span><\/div>\n<div><span style=\"font-family: .SFUIText;\">Les invit\u00e9s \u00e9trangers<\/span><span style=\"font-family: .SFUIText;\">,<\/span><span style=\"font-family: .SFUIText;\">\u00a0aux jeux m\u00e9diterran\u00e9ens, ont confirm\u00e9 la tr\u00e8s bonne organisation et le tr\u00e8s bon accueil<\/span><span style=\"font-family: .SFUIText;\">\u00a0<\/span><span style=\"font-family: .SFUIText;\">qui leur ont\u00a0<\/span><span style=\"font-family: .SFUIText;\">\u00e9t\u00e9 r\u00e9serv\u00e9s<\/span><span style=\"font-family: .SFUIText;\">, et\u00a0<\/span><span style=\"font-family: .SFUIText;\">i<\/span><span style=\"font-family: .SFUIText;\">ls ont, de plus, exprim\u00e9 leur \u00e9merveillement, au sujet de la beaut\u00e9 de l&#8217;Algerie, qui a\u00a0<\/span><span style=\"font-family: .SFUIText;\">,<\/span><span style=\"font-family: .SFUIText;\">\u00a0selon ces derniers, le plus de potentialit\u00e9s touristiques, que beaucoup d&#8217;autres pays, dont la destination est mondialement connue.<\/span><\/div>\n<div><span style=\"font-family: .SFUIText;\">\u00a0<\/span><\/div>\n<div>\n<h4>Si on doit sortir de la logique du Makhzan, de la promotion de la subversion, il faut dire, a contrario, que l&#8217;Algerie ne s&#8217;est jamais inscrite dans cette d\u00e9marche, en faisant, \u00e0 l&#8217;inverse, la promotion du d\u00e9veloppement de la paix et de la stabilit\u00e9.<\/h4>\n<\/div>\n<div><span style=\"font-family: .SFUIText;\">Tous les experts de renoms, reconnaissent que l&#8217;Algerie est une force tranquille qui r\u00e9alise des infrastructures grandioses, devant la placer, dans quelques ann\u00e9es, dans le giron des nations \u00e9mergeantes.<\/span><\/div>\n<div><span style=\"font-family: .SFUIText;\">\u00a0<\/span><\/div>\n<div><span style=\"font-family: .SFUIText;\">La route transsaharienne, la fibre ontique, le\u00a0<\/span><span style=\"font-family: .SFUIText;\">p<\/span><span style=\"font-family: .SFUIText;\">lus grand port\u00a0<\/span><span style=\"font-family: .SFUIText;\">Mediterraneen<\/span><span style=\"font-family: .SFUIText;\">\u00a0de hamadania et le gazoduc Lagos\/Alger, sont des projets strat\u00e9giques, devant r\u00e9aliser un d\u00e9veloppement inclusif, de tous les \u00c9tats subsahariens.<\/span><span style=\"font-family: .SFUIText;\"><br \/>\n<\/span><\/div>\n<div><span style=\"font-family: .SFUIText;\">\u00a0<\/span><\/div>\n<div><span style=\"font-family: .SFUIText;\">L&#8217;Algerie est sur le point\u00a0<\/span><span style=\"font-family: .SFUIText;\">d&#8217;achever\u00a0<\/span><span style=\"font-family: .SFUIText;\">la\u00a0<\/span><span style=\"font-family: .SFUIText;\">transsaharien<\/span><span style=\"font-family: .SFUIText;\">ne, sur une distance de plus\u00a0<\/span><span style=\"font-family: .SFUIText;\">de\u00a0<\/span><span style=\"font-family: .SFUIText;\">3000 km, avec\u00a0<\/span><span style=\"font-family: .SFUIText;\">des\u00a0<\/span><span style=\"font-family: .SFUIText;\">radiales, devant relier,\u00a0<\/span><span style=\"font-family: .SFUIText;\">l<\/span><span style=\"font-family: .SFUIText;\">e Nigeria, le Tchad, le Niger, le Mali et la Mauritanie<\/span><span style=\"font-family: .SFUIText;\">.<\/span><span style=\"font-family: .SFUIText;\"><br \/>\n<\/span><\/div>\n<div><span style=\"font-family: .SFUIText;\">\u00a0<\/span><\/div>\n<div><span style=\"font-family: .SFUIText;\">Un projet grandiose qui ne manquera pas de relier l&#8217;Europe a<\/span><span style=\"font-family: .SFUIText;\">\u00a0<\/span><span style=\"font-family: .SFUIText;\">l&#8217;Afrique, r\u00e9duisant de mani\u00e8re substantielle<\/span><span style=\"font-family: .SFUIText;\">,<\/span><span style=\"font-family: .SFUIText;\">\u00a0les d\u00e9lais de livraison des marchandises et leur prix de revient.<\/span><\/div>\n<div><span style=\"font-family: .SFUIText;\">\u00a0<\/span><\/div>\n<div><span style=\"font-family: .SFUIText;\">Bient\u00f4t\u00a0<\/span><span style=\"font-family: .SFUIText;\">l&#8217;Algerie sera un grand pays exportateur\u00a0<\/span><span style=\"font-family: .SFUIText;\">de c\u00e9r\u00e9ales<\/span><span style=\"font-family: .SFUIText;\">, pour devenir comme\u00a0<\/span><span style=\"font-family: .SFUIText;\">dans\u00a0<\/span><span style=\"font-family: .SFUIText;\">le\u00a0<\/span><span style=\"font-family: .SFUIText;\">pass\u00e9<\/span><span style=\"font-family: .SFUIText;\">, le silo de l&#8217;Europe et de l&#8217;Afrique.<\/span><\/div>\n<div><span style=\"font-family: .SFUIText;\">\u00a0<\/span><\/div>\n<div><span style=\"font-family: .SFUIText;\">Dans le sillage de cette strat\u00e9gie, l&#8217;Algerie doit r\u00e9aliser un Aeroport, d&#8217;un niveau international, \u00e0 Tamanrasset, pour la transformer en p\u00f4le logistique de tous les vols internationaux, \u00e0 destination de l&#8217;Afrique, de l&#8217;Europe, du Moyen Orient, de l&#8217;Asie et de l&#8217;Am\u00e9rique.<\/span><\/div>\n<div><span style=\"font-family: .SFUIText;\">\u00a0<\/span><\/div>\n<div><span style=\"font-family: .SFUIText;\">L&#8217;objectif est de faire de Tamanrasset une m\u00e9gapole et un relais continental incontournable, dans le domaine de l&#8217;aviation civile.<\/span><\/div>\n<div><span style=\"font-family: .SFUIText;\">\u00a0<\/span><\/div>\n<div>Dans le domaine de l&#8217;am\u00e9nagement urbain, si les pouvoirs publics ont r\u00e9ussi de faire de la ville d&#8217;Oran une m\u00e9gapole, aux standards internationaux, il y&#8217;a lieu de continuer cet effort pour mettre \u00e0 niveau les autres villes du pays.<\/div>\n<div><span style=\"font-family: .SFUIText;\">\u00a0<\/span><\/div>\n<div><span style=\"font-family: .SFUIText;\">De nouvelles d\u00e9couvertes importantes de gaz ont \u00e9t\u00e9 faites en Alg\u00e9rie, devant donner beaucoup plus de poids et d&#8217;influence \u00e0 Alg\u00e9rie, qui aura des cartes, \u00e0 l&#8217;avenir, plus importantes \u00e0 faire-valoir, dans les relations internationales.<\/span><\/div>\n<div><\/div>\n<div>\n<h6 id=\":qj\" class=\"hP\" tabindex=\"-1\" data-thread-perm-id=\"thread-f:1679747815238234137\" data-legacy-thread-id=\"174fa9bcff837019\"><strong>Biographie M. <a href=\"https:\/\/www.facebook.com\/hassen.kacimi.1\">Hassen Kacimi<\/a> :<\/strong><\/h6>\n<div dir=\"ltr\">\n<p><img decoding=\"async\" class=\"wp-image-52647 alignright\" src=\"https:\/\/jazairhope.org\/wp-content\/uploads\/2022\/05\/Capture-16-300x297.png\" alt=\"\" width=\"166\" height=\"164\" srcset=\"https:\/\/jazairhope.org\/wp-content\/uploads\/2022\/05\/Capture-16-300x297.png 300w, https:\/\/jazairhope.org\/wp-content\/uploads\/2022\/05\/Capture-16.png 330w\" sizes=\"(max-width: 166px) 100vw, 166px\" \/><\/p>\n<ul>\n<li aria-level=\"1\">Charg\u00e9 de mission wilaya Tamanrasset, 1980 &#8211; 1984 .<\/li>\n<li aria-level=\"1\">1984 &#8211; 1998 &#8211; directeur administration territoriale<\/li>\n<li aria-level=\"1\">Sous directeur de la circulation des personnes, ministere de l\u2019inte\u0301rieur , 1998- 2008.<\/li>\n<li aria-level=\"1\">Directeur ministe\u0300re de l\u2019inte\u0301rieur, 2008 &#8211; premier trimestre 2020.<\/li>\n<li style=\"font-weight: 400;\" aria-level=\"1\">Pre\u0301sident du comite\u0301 interministe\u0301riel , charge\u0301 de l\u2019e\u0301tude et du suivi des proble\u0301matiques migratoires ( 2015 &#8211; premier trimestre 2020)<\/li>\n<li style=\"font-weight: 400;\" aria-level=\"1\">Gestion des crises au sein du centre op\u00e9rationnel ( 2015 &#8211; premier trimestre 2020)<\/li>\n<li>Repr\u00e9sentation de l&#8217;Alg\u00e9rie , \u00e0 l\u2019\u00e9tranger , en tant qu\u2019expert.<\/li>\n<li style=\"font-weight: 400;\" aria-level=\"1\"><span style=\"font-weight: 400;\">Expert international des flux migratoires, reconnu par des organisations onusiennes. <\/span><span style=\"font-weight: 400;\">Expert du Sahel et de la gestion des crises .<\/span><\/li>\n<li><span style=\"font-weight: 400;\">Plusieurs communications, \u00e0 l\u2019universit\u00e9 de sciences politiques et l\u2019\u00e9cole des sciences politiques, ainsi qu&#8217;<\/span><span style=\"font-weight: 400;\">\u00e0\u00a0 l\u2019\u00e9cole de guerre de Tamentfoust et l\u2019institut des \u00e9tudes strat\u00e9giques globales ( INESG )<\/span><\/li>\n<li><span style=\"font-weight: 400;\">Distinction de l\u2019institut f\u00e9d\u00e9ral allemand des hautes \u00e9tudes de s\u00e9curit\u00e9 .<\/span><\/li>\n<\/ul>\n<\/div>\n<p>&nbsp;<\/p>\n<\/div>\n","protected":false},"excerpt":{"rendered":"<p>Par Mr Hassen Kacimi Il n&#8217;est pas n\u00e9cessaire, maintenant, de prouver que le roi du Maroc Mohamed 6 a fait de son&hellip;<\/p>\n","protected":false},"author":50,"featured_media":56115,"comment_status":"open","ping_status":"open","sticky":false,"template":"","format":"standard","meta":{"_lmt_disableupdate":"","_lmt_disable":"","footnotes":""},"categories":[32,49],"tags":[],"class_list":["post-56111","post","type-post","status-publish","format-standard","has-post-thumbnail","hentry","category-algerie","category-politique"],"yoast_head":"<!-- This site is optimized with the Yoast SEO plugin v27.3 - https:\/\/yoast.com\/product\/yoast-seo-wordpress\/ -->\n<title>Le Massacre De Migrants Subsahariens Au Maroc, Transform\u00e9 En Plateforme De D\u00e9stabilisation - AAH.JZR<\/title>\n<meta name=\"robots\" content=\"index, follow, max-snippet:-1, max-image-preview:large, max-video-preview:-1\" \/>\n<link rel=\"canonical\" href=\"https:\/\/jazairhope.org\/fr\/le-massacre-de-migrants-subsahariens-au-maroc-transforme-en-plate-forme-de-destabilisation\/\" \/>\n<meta property=\"og:locale\" content=\"fr_FR\" \/>\n<meta property=\"og:type\" content=\"article\" \/>\n<meta property=\"og:title\" content=\"Le Massacre De Migrants Subsahariens Au Maroc, Transform\u00e9 En Plateforme De D\u00e9stabilisation - AAH.JZR\" \/>\n<meta property=\"og:description\" content=\"Par Mr Hassen Kacimi Il n&#8217;est pas n\u00e9cessaire, maintenant, de prouver que le roi du Maroc Mohamed 6 a fait de son&hellip;\" \/>\n<meta property=\"og:url\" content=\"https:\/\/jazairhope.org\/fr\/le-massacre-de-migrants-subsahariens-au-maroc-transforme-en-plate-forme-de-destabilisation\/\" \/>\n<meta property=\"og:site_name\" content=\"AAH.JZR\" \/>\n<meta property=\"article:publisher\" content=\"https:\/\/www.facebook.com\/jazairhope\" \/>\n<meta property=\"article:published_time\" content=\"2022-06-30T07:51:21+00:00\" \/>\n<meta property=\"article:modified_time\" content=\"2022-06-30T08:32:01+00:00\" \/>\n<meta property=\"og:image\" content=\"https:\/\/jazairhope.org\/wp-content\/uploads\/2022\/06\/Capture-37.png\" \/>\n\t<meta property=\"og:image:width\" content=\"839\" \/>\n\t<meta property=\"og:image:height\" content=\"599\" \/>\n\t<meta property=\"og:image:type\" content=\"image\/png\" \/>\n<meta name=\"author\" content=\"Hope Jzr\" \/>\n<meta name=\"twitter:card\" content=\"summary_large_image\" \/>\n<meta name=\"twitter:label1\" content=\"\u00c9crit par\" \/>\n\t<meta name=\"twitter:data1\" content=\"Hope Jzr\" \/>\n\t<meta name=\"twitter:label2\" content=\"Dur\u00e9e de lecture estim\u00e9e\" \/>\n\t<meta name=\"twitter:data2\" content=\"9 minutes\" \/>\n<script type=\"application\/ld+json\" class=\"yoast-schema-graph\">{\"@context\":\"https:\\\/\\\/schema.org\",\"@graph\":[{\"@type\":\"Article\",\"@id\":\"https:\\\/\\\/jazairhope.org\\\/fr\\\/le-massacre-de-migrants-subsahariens-au-maroc-transforme-en-plate-forme-de-destabilisation\\\/#article\",\"isPartOf\":{\"@id\":\"https:\\\/\\\/jazairhope.org\\\/fr\\\/le-massacre-de-migrants-subsahariens-au-maroc-transforme-en-plate-forme-de-destabilisation\\\/\"},\"author\":{\"name\":\"Hope Jzr\",\"@id\":\"https:\\\/\\\/jazairhope.org\\\/fr\\\/#\\\/schema\\\/person\\\/0b50f60fad840cf92313307e38c9d20d\"},\"headline\":\"Le Massacre De Migrants Subsahariens Au Maroc, Transform\u00e9 En Plateforme De D\u00e9stabilisation\",\"datePublished\":\"2022-06-30T07:51:21+00:00\",\"dateModified\":\"2022-06-30T08:32:01+00:00\",\"mainEntityOfPage\":{\"@id\":\"https:\\\/\\\/jazairhope.org\\\/fr\\\/le-massacre-de-migrants-subsahariens-au-maroc-transforme-en-plate-forme-de-destabilisation\\\/\"},\"wordCount\":2093,\"commentCount\":0,\"image\":{\"@id\":\"https:\\\/\\\/jazairhope.org\\\/fr\\\/le-massacre-de-migrants-subsahariens-au-maroc-transforme-en-plate-forme-de-destabilisation\\\/#primaryimage\"},\"thumbnailUrl\":\"https:\\\/\\\/jazairhope.org\\\/wp-content\\\/uploads\\\/2022\\\/06\\\/Capture-37.png\",\"articleSection\":[\"Alg\u00e9rie Alg\u00e9rienne\",\"Politique\"],\"inLanguage\":\"fr-FR\",\"potentialAction\":[{\"@type\":\"CommentAction\",\"name\":\"Comment\",\"target\":[\"https:\\\/\\\/jazairhope.org\\\/fr\\\/le-massacre-de-migrants-subsahariens-au-maroc-transforme-en-plate-forme-de-destabilisation\\\/#respond\"]}]},{\"@type\":\"WebPage\",\"@id\":\"https:\\\/\\\/jazairhope.org\\\/fr\\\/le-massacre-de-migrants-subsahariens-au-maroc-transforme-en-plate-forme-de-destabilisation\\\/\",\"url\":\"https:\\\/\\\/jazairhope.org\\\/fr\\\/le-massacre-de-migrants-subsahariens-au-maroc-transforme-en-plate-forme-de-destabilisation\\\/\",\"name\":\"Le Massacre De Migrants Subsahariens Au Maroc, Transform\u00e9 En Plateforme De D\u00e9stabilisation - AAH.JZR\",\"isPartOf\":{\"@id\":\"https:\\\/\\\/jazairhope.org\\\/fr\\\/#website\"},\"primaryImageOfPage\":{\"@id\":\"https:\\\/\\\/jazairhope.org\\\/fr\\\/le-massacre-de-migrants-subsahariens-au-maroc-transforme-en-plate-forme-de-destabilisation\\\/#primaryimage\"},\"image\":{\"@id\":\"https:\\\/\\\/jazairhope.org\\\/fr\\\/le-massacre-de-migrants-subsahariens-au-maroc-transforme-en-plate-forme-de-destabilisation\\\/#primaryimage\"},\"thumbnailUrl\":\"https:\\\/\\\/jazairhope.org\\\/wp-content\\\/uploads\\\/2022\\\/06\\\/Capture-37.png\",\"datePublished\":\"2022-06-30T07:51:21+00:00\",\"dateModified\":\"2022-06-30T08:32:01+00:00\",\"author\":{\"@id\":\"https:\\\/\\\/jazairhope.org\\\/fr\\\/#\\\/schema\\\/person\\\/0b50f60fad840cf92313307e38c9d20d\"},\"breadcrumb\":{\"@id\":\"https:\\\/\\\/jazairhope.org\\\/fr\\\/le-massacre-de-migrants-subsahariens-au-maroc-transforme-en-plate-forme-de-destabilisation\\\/#breadcrumb\"},\"inLanguage\":\"fr-FR\",\"potentialAction\":[{\"@type\":\"ReadAction\",\"target\":[\"https:\\\/\\\/jazairhope.org\\\/fr\\\/le-massacre-de-migrants-subsahariens-au-maroc-transforme-en-plate-forme-de-destabilisation\\\/\"]}]},{\"@type\":\"ImageObject\",\"inLanguage\":\"fr-FR\",\"@id\":\"https:\\\/\\\/jazairhope.org\\\/fr\\\/le-massacre-de-migrants-subsahariens-au-maroc-transforme-en-plate-forme-de-destabilisation\\\/#primaryimage\",\"url\":\"https:\\\/\\\/jazairhope.org\\\/wp-content\\\/uploads\\\/2022\\\/06\\\/Capture-37.png\",\"contentUrl\":\"https:\\\/\\\/jazairhope.org\\\/wp-content\\\/uploads\\\/2022\\\/06\\\/Capture-37.png\",\"width\":839,\"height\":599},{\"@type\":\"BreadcrumbList\",\"@id\":\"https:\\\/\\\/jazairhope.org\\\/fr\\\/le-massacre-de-migrants-subsahariens-au-maroc-transforme-en-plate-forme-de-destabilisation\\\/#breadcrumb\",\"itemListElement\":[{\"@type\":\"ListItem\",\"position\":1,\"name\":\"Accueil\",\"item\":\"https:\\\/\\\/jazairhope.org\\\/fr\\\/\"},{\"@type\":\"ListItem\",\"position\":2,\"name\":\"Le Massacre De Migrants Subsahariens Au Maroc, Transform\u00e9 En Plateforme De D\u00e9stabilisation\"}]},{\"@type\":\"WebSite\",\"@id\":\"https:\\\/\\\/jazairhope.org\\\/fr\\\/#website\",\"url\":\"https:\\\/\\\/jazairhope.org\\\/fr\\\/\",\"name\":\"AAH.JZR\",\"description\":\"Environment, Health, Science, Art, Economics\",\"potentialAction\":[{\"@type\":\"SearchAction\",\"target\":{\"@type\":\"EntryPoint\",\"urlTemplate\":\"https:\\\/\\\/jazairhope.org\\\/fr\\\/?s={search_term_string}\"},\"query-input\":{\"@type\":\"PropertyValueSpecification\",\"valueRequired\":true,\"valueName\":\"search_term_string\"}}],\"inLanguage\":\"fr-FR\"},{\"@type\":\"Person\",\"@id\":\"https:\\\/\\\/jazairhope.org\\\/fr\\\/#\\\/schema\\\/person\\\/0b50f60fad840cf92313307e38c9d20d\",\"name\":\"Hope Jzr\",\"image\":{\"@type\":\"ImageObject\",\"inLanguage\":\"fr-FR\",\"@id\":\"https:\\\/\\\/secure.gravatar.com\\\/avatar\\\/0a42f66f14ba94b77f351f3bb2f3b9389c4063acb1697ffb32f5d3944782d3e7?s=96&d=mm&r=g\",\"url\":\"https:\\\/\\\/secure.gravatar.com\\\/avatar\\\/0a42f66f14ba94b77f351f3bb2f3b9389c4063acb1697ffb32f5d3944782d3e7?s=96&d=mm&r=g\",\"contentUrl\":\"https:\\\/\\\/secure.gravatar.com\\\/avatar\\\/0a42f66f14ba94b77f351f3bb2f3b9389c4063acb1697ffb32f5d3944782d3e7?s=96&d=mm&r=g\",\"caption\":\"Hope Jzr\"},\"description\":\"\u00c0 propos de Hope&amp;ChaDia Hope&amp;ChaDia n\u2019est pas un pseudonyme, mais une m\u00e9thode de travail. Hope : l\u2019id\u00e9e, l\u2019esprit, la structure, la vision. C\u2019est l\u2019impulsion humaine qui choisit l\u2019angle, trace la ligne \u00e9ditoriale et donne le sens. ChaDia : l\u2019assistante, qui met en forme, d\u00e9veloppe, affine le style et v\u00e9rifie les faits. Une aide technologique qui amplifie mais ne cr\u00e9e pas. Ensemble, Hope&amp;ChaDia produisent des textes hybrides : profond\u00e9ment humains dans leur inspiration, rigoureux et pr\u00e9cis dans leur r\u00e9alisation. . . SUPPORTEZ JAZAIRHOPE ET FAITES CONNA\u00ceTRE LE PATRIMOINE ET L\u2019HISTOIRE DE L\u2019ALG\u00c9RIE, EN ACHETANT LE LIVRE DE JAZAIRHOPE POUR VOUS OU POUR L\u2019OFFRIR A VOS PROCHES, ICI : https:\\\/\\\/jazairhope.org\\\/fr\\\/ebook\\\/ CEUX EN ALG\u00c9RIE ET CEUX QUI PEUVENT PAS L\u2019ACHETER ON OFFRE UNE COPIE DIGITALE GRATUITE, POUR CELA ENVOYEZ UN EMAIL \u00c0 : INFO@JAZAIRHOPE.ORG\",\"url\":\"https:\\\/\\\/jazairhope.org\\\/fr\\\/author\\\/hope-jazair\\\/\"}]}<\/script>\n<!-- \/ Yoast SEO plugin. -->","yoast_head_json":{"title":"Le Massacre De Migrants Subsahariens Au Maroc, Transform\u00e9 En Plateforme De D\u00e9stabilisation - AAH.JZR","robots":{"index":"index","follow":"follow","max-snippet":"max-snippet:-1","max-image-preview":"max-image-preview:large","max-video-preview":"max-video-preview:-1"},"canonical":"https:\/\/jazairhope.org\/fr\/le-massacre-de-migrants-subsahariens-au-maroc-transforme-en-plate-forme-de-destabilisation\/","og_locale":"fr_FR","og_type":"article","og_title":"Le Massacre De Migrants Subsahariens Au Maroc, Transform\u00e9 En Plateforme De D\u00e9stabilisation - AAH.JZR","og_description":"Par Mr Hassen Kacimi Il n&#8217;est pas n\u00e9cessaire, maintenant, de prouver que le roi du Maroc Mohamed 6 a fait de son&hellip;","og_url":"https:\/\/jazairhope.org\/fr\/le-massacre-de-migrants-subsahariens-au-maroc-transforme-en-plate-forme-de-destabilisation\/","og_site_name":"AAH.JZR","article_publisher":"https:\/\/www.facebook.com\/jazairhope","article_published_time":"2022-06-30T07:51:21+00:00","article_modified_time":"2022-06-30T08:32:01+00:00","og_image":[{"width":839,"height":599,"url":"https:\/\/jazairhope.org\/wp-content\/uploads\/2022\/06\/Capture-37.png","type":"image\/png"}],"author":"Hope Jzr","twitter_card":"summary_large_image","twitter_misc":{"\u00c9crit par":"Hope Jzr","Dur\u00e9e de lecture estim\u00e9e":"9 minutes"},"schema":{"@context":"https:\/\/schema.org","@graph":[{"@type":"Article","@id":"https:\/\/jazairhope.org\/fr\/le-massacre-de-migrants-subsahariens-au-maroc-transforme-en-plate-forme-de-destabilisation\/#article","isPartOf":{"@id":"https:\/\/jazairhope.org\/fr\/le-massacre-de-migrants-subsahariens-au-maroc-transforme-en-plate-forme-de-destabilisation\/"},"author":{"name":"Hope Jzr","@id":"https:\/\/jazairhope.org\/fr\/#\/schema\/person\/0b50f60fad840cf92313307e38c9d20d"},"headline":"Le Massacre De Migrants Subsahariens Au Maroc, Transform\u00e9 En Plateforme De D\u00e9stabilisation","datePublished":"2022-06-30T07:51:21+00:00","dateModified":"2022-06-30T08:32:01+00:00","mainEntityOfPage":{"@id":"https:\/\/jazairhope.org\/fr\/le-massacre-de-migrants-subsahariens-au-maroc-transforme-en-plate-forme-de-destabilisation\/"},"wordCount":2093,"commentCount":0,"image":{"@id":"https:\/\/jazairhope.org\/fr\/le-massacre-de-migrants-subsahariens-au-maroc-transforme-en-plate-forme-de-destabilisation\/#primaryimage"},"thumbnailUrl":"https:\/\/jazairhope.org\/wp-content\/uploads\/2022\/06\/Capture-37.png","articleSection":["Alg\u00e9rie Alg\u00e9rienne","Politique"],"inLanguage":"fr-FR","potentialAction":[{"@type":"CommentAction","name":"Comment","target":["https:\/\/jazairhope.org\/fr\/le-massacre-de-migrants-subsahariens-au-maroc-transforme-en-plate-forme-de-destabilisation\/#respond"]}]},{"@type":"WebPage","@id":"https:\/\/jazairhope.org\/fr\/le-massacre-de-migrants-subsahariens-au-maroc-transforme-en-plate-forme-de-destabilisation\/","url":"https:\/\/jazairhope.org\/fr\/le-massacre-de-migrants-subsahariens-au-maroc-transforme-en-plate-forme-de-destabilisation\/","name":"Le Massacre De Migrants Subsahariens Au Maroc, Transform\u00e9 En Plateforme De D\u00e9stabilisation - AAH.JZR","isPartOf":{"@id":"https:\/\/jazairhope.org\/fr\/#website"},"primaryImageOfPage":{"@id":"https:\/\/jazairhope.org\/fr\/le-massacre-de-migrants-subsahariens-au-maroc-transforme-en-plate-forme-de-destabilisation\/#primaryimage"},"image":{"@id":"https:\/\/jazairhope.org\/fr\/le-massacre-de-migrants-subsahariens-au-maroc-transforme-en-plate-forme-de-destabilisation\/#primaryimage"},"thumbnailUrl":"https:\/\/jazairhope.org\/wp-content\/uploads\/2022\/06\/Capture-37.png","datePublished":"2022-06-30T07:51:21+00:00","dateModified":"2022-06-30T08:32:01+00:00","author":{"@id":"https:\/\/jazairhope.org\/fr\/#\/schema\/person\/0b50f60fad840cf92313307e38c9d20d"},"breadcrumb":{"@id":"https:\/\/jazairhope.org\/fr\/le-massacre-de-migrants-subsahariens-au-maroc-transforme-en-plate-forme-de-destabilisation\/#breadcrumb"},"inLanguage":"fr-FR","potentialAction":[{"@type":"ReadAction","target":["https:\/\/jazairhope.org\/fr\/le-massacre-de-migrants-subsahariens-au-maroc-transforme-en-plate-forme-de-destabilisation\/"]}]},{"@type":"ImageObject","inLanguage":"fr-FR","@id":"https:\/\/jazairhope.org\/fr\/le-massacre-de-migrants-subsahariens-au-maroc-transforme-en-plate-forme-de-destabilisation\/#primaryimage","url":"https:\/\/jazairhope.org\/wp-content\/uploads\/2022\/06\/Capture-37.png","contentUrl":"https:\/\/jazairhope.org\/wp-content\/uploads\/2022\/06\/Capture-37.png","width":839,"height":599},{"@type":"BreadcrumbList","@id":"https:\/\/jazairhope.org\/fr\/le-massacre-de-migrants-subsahariens-au-maroc-transforme-en-plate-forme-de-destabilisation\/#breadcrumb","itemListElement":[{"@type":"ListItem","position":1,"name":"Accueil","item":"https:\/\/jazairhope.org\/fr\/"},{"@type":"ListItem","position":2,"name":"Le Massacre De Migrants Subsahariens Au Maroc, Transform\u00e9 En Plateforme De D\u00e9stabilisation"}]},{"@type":"WebSite","@id":"https:\/\/jazairhope.org\/fr\/#website","url":"https:\/\/jazairhope.org\/fr\/","name":"AAH.JZR","description":"Environment, Health, Science, Art, Economics","potentialAction":[{"@type":"SearchAction","target":{"@type":"EntryPoint","urlTemplate":"https:\/\/jazairhope.org\/fr\/?s={search_term_string}"},"query-input":{"@type":"PropertyValueSpecification","valueRequired":true,"valueName":"search_term_string"}}],"inLanguage":"fr-FR"},{"@type":"Person","@id":"https:\/\/jazairhope.org\/fr\/#\/schema\/person\/0b50f60fad840cf92313307e38c9d20d","name":"Hope Jzr","image":{"@type":"ImageObject","inLanguage":"fr-FR","@id":"https:\/\/secure.gravatar.com\/avatar\/0a42f66f14ba94b77f351f3bb2f3b9389c4063acb1697ffb32f5d3944782d3e7?s=96&d=mm&r=g","url":"https:\/\/secure.gravatar.com\/avatar\/0a42f66f14ba94b77f351f3bb2f3b9389c4063acb1697ffb32f5d3944782d3e7?s=96&d=mm&r=g","contentUrl":"https:\/\/secure.gravatar.com\/avatar\/0a42f66f14ba94b77f351f3bb2f3b9389c4063acb1697ffb32f5d3944782d3e7?s=96&d=mm&r=g","caption":"Hope Jzr"},"description":"\u00c0 propos de Hope&amp;ChaDia Hope&amp;ChaDia n\u2019est pas un pseudonyme, mais une m\u00e9thode de travail. Hope : l\u2019id\u00e9e, l\u2019esprit, la structure, la vision. C\u2019est l\u2019impulsion humaine qui choisit l\u2019angle, trace la ligne \u00e9ditoriale et donne le sens. ChaDia : l\u2019assistante, qui met en forme, d\u00e9veloppe, affine le style et v\u00e9rifie les faits. Une aide technologique qui amplifie mais ne cr\u00e9e pas. Ensemble, Hope&amp;ChaDia produisent des textes hybrides : profond\u00e9ment humains dans leur inspiration, rigoureux et pr\u00e9cis dans leur r\u00e9alisation. . . SUPPORTEZ JAZAIRHOPE ET FAITES CONNA\u00ceTRE LE PATRIMOINE ET L\u2019HISTOIRE DE L\u2019ALG\u00c9RIE, EN ACHETANT LE LIVRE DE JAZAIRHOPE POUR VOUS OU POUR L\u2019OFFRIR A VOS PROCHES, ICI : https:\/\/jazairhope.org\/fr\/ebook\/ CEUX EN ALG\u00c9RIE ET CEUX QUI PEUVENT PAS L\u2019ACHETER ON OFFRE UNE COPIE DIGITALE GRATUITE, POUR CELA ENVOYEZ UN EMAIL \u00c0 : INFO@JAZAIRHOPE.ORG","url":"https:\/\/jazairhope.org\/fr\/author\/hope-jazair\/"}]}},"views":547,"_links":{"self":[{"href":"https:\/\/jazairhope.org\/fr\/wp-json\/wp\/v2\/posts\/56111","targetHints":{"allow":["GET"]}}],"collection":[{"href":"https:\/\/jazairhope.org\/fr\/wp-json\/wp\/v2\/posts"}],"about":[{"href":"https:\/\/jazairhope.org\/fr\/wp-json\/wp\/v2\/types\/post"}],"author":[{"embeddable":true,"href":"https:\/\/jazairhope.org\/fr\/wp-json\/wp\/v2\/users\/50"}],"replies":[{"embeddable":true,"href":"https:\/\/jazairhope.org\/fr\/wp-json\/wp\/v2\/comments?post=56111"}],"version-history":[{"count":0,"href":"https:\/\/jazairhope.org\/fr\/wp-json\/wp\/v2\/posts\/56111\/revisions"}],"wp:featuredmedia":[{"embeddable":true,"href":"https:\/\/jazairhope.org\/fr\/wp-json\/wp\/v2\/media\/56115"}],"wp:attachment":[{"href":"https:\/\/jazairhope.org\/fr\/wp-json\/wp\/v2\/media?parent=56111"}],"wp:term":[{"taxonomy":"category","embeddable":true,"href":"https:\/\/jazairhope.org\/fr\/wp-json\/wp\/v2\/categories?post=56111"},{"taxonomy":"post_tag","embeddable":true,"href":"https:\/\/jazairhope.org\/fr\/wp-json\/wp\/v2\/tags?post=56111"}],"curies":[{"name":"wp","href":"https:\/\/api.w.org\/{rel}","templated":true}]}}