{"id":57060,"date":"2022-07-12T02:30:22","date_gmt":"2022-07-12T01:30:22","guid":{"rendered":"https:\/\/jazairhope.org\/?p=57060"},"modified":"2022-07-11T22:34:48","modified_gmt":"2022-07-11T21:34:48","slug":"le-festival-peuples-sans-frontieres-sous-le-theme-sahara-occidental-derniere-colonie-en-afrique","status":"publish","type":"post","link":"https:\/\/jazairhope.org\/fr\/le-festival-peuples-sans-frontieres-sous-le-theme-sahara-occidental-derniere-colonie-en-afrique\/","title":{"rendered":"Le Festival &#8220;Peuples sans fronti\u00e8res&#8221; sous le th\u00e8me &#8220;Sahara occidental, derni\u00e8re colonie en Afrique&#8221;"},"content":{"rendered":"<p>La 13e \u00e9dition du Festival &#8220;Peuples sans fronti\u00e8res&#8221;, organis\u00e9 sous le th\u00e8me &#8220;Sahara occidental, derni\u00e8re colonie en Afrique&#8221;, a d\u00e9but\u00e9 samedi \u00e0 Gen\u00e8ve (Suisse), avec la participation de la repr\u00e9sentation du Front Polisario en Suisse et aupr\u00e8s des organisations internationales \u00e0 Gen\u00e8ve, de la communaut\u00e9 sahraouie et du Mouvement suisse de solidarit\u00e9 avec le peuple sahraoui.<\/p>\n<p>Le festival accueille plusieurs expositions culturelles des diff\u00e9rents continents, dont l&#8217;exposition sahraouie, un espace qui a permis aux participants au Festival de mieux conna\u00eetre l&#8217;histoire du Front Polisario (Front populaire de lib\u00e9ration de Saguiet el-Hamra et Oued Eddahab) et son parcours militant pour recouvrer la pleine souverainet\u00e9 de la R\u00e9publique arabe sahraouie d\u00e9mocratique (RASD) sur l&#8217;ensemble de son territoire national.<\/p>\n<p>Dans une allocution prononc\u00e9e \u00e0 l&#8217;occasion, M. Alexander Eniline, pr\u00e9sident du Parti suisse du travail (PST-POP), a pr\u00e9sent\u00e9 un aper\u00e7u historique sur le Sahara occidental et les complots internationaux ourdis contre les Sahraouis tout au long de leur lutte pour exercer leur droit \u00e0 l&#8217;autod\u00e9termination, relevant &#8220;la politique du fait accompli que le r\u00e9gime de l&#8217;occupant marocain tente, avec le soutien de certaines puissances internationales au sein du Conseil de s\u00e9curit\u00e9 international, d&#8217;imposer au peuple sahraoui&#8221;.<\/p>\n<p>Dans son intervention, La repr\u00e9sentante du Front Polisario en Suisse et aupr\u00e8s des organisations internationales \u00e0 Gen\u00e8ve, Oumeima Mahmoud Abdessalem a, quant \u00e0 elle, soulign\u00e9 que &#8220;le peuple sahraoui est d\u00e9termin\u00e9 \u00e0 se sacrifier et \u00e0 combattre pour son droit \u00e0 la libert\u00e9 et \u00e0 l&#8217;ind\u00e9pendance&#8221;, mettant en avant, \u00e0 ce propos, &#8220;l&#8217;importance de la solidarit\u00e9 internationale avec la cause sahraouie et le soutien des Sahraouis dans divers domaines, en vue de r\u00e9aliser la justice internationale et pr\u00e9server la l\u00e9galit\u00e9 internationale, le droit international et le Droit international humanitaire.<\/p>\n<p>Pour sa part, la Pr\u00e9sidente du Mouvement suisse de solidarit\u00e9 avec le peuple sahraoui, a mis en exergue l&#8217;importance de la &#8220;sensibilisation&#8221; et de la &#8220;conscientisation&#8221; de la soci\u00e9t\u00e9 suisse autour de la cause sahraouie et des souffrances endur\u00e9es par son peuple, en vue de mobiliser davantage de soutien et de sympathie en sa faveur.<br \/>\nOrganis\u00e9 par le Parti suisse du travail (PST-POP), la 13e \u00e9dition du Festival &#8220;Peuples sans fronti\u00e8res&#8221; qui s&#8217;\u00e9talera sur trois jours, conna\u00eet la participation de plusieurs organisations internationales, notamment d&#8217;Afrique et d&#8217;Am\u00e9rique latine.<\/p>\n<p>APS<\/p>\n","protected":false},"excerpt":{"rendered":"<p>La 13e \u00e9dition du Festival &#8220;Peuples sans fronti\u00e8res&#8221;, organis\u00e9 sous le th\u00e8me &#8220;Sahara occidental, derni\u00e8re colonie en Afrique&#8221;, a d\u00e9but\u00e9 samedi \u00e0&hellip;<\/p>\n","protected":false},"author":50,"featured_media":57061,"comment_status":"open","ping_status":"open","sticky":false,"template":"","format":"standard","meta":{"_lmt_disableupdate":"","_lmt_disable":"","footnotes":""},"categories":[32,49],"tags":[],"class_list":["post-57060","post","type-post","status-publish","format-standard","has-post-thumbnail","hentry","category-algerie","category-politique"],"yoast_head":"<!-- This site is optimized with the Yoast SEO plugin v27.3 - https:\/\/yoast.com\/product\/yoast-seo-wordpress\/ -->\n<title>Le Festival &quot;Peuples sans fronti\u00e8res&quot; sous le th\u00e8me &quot;Sahara occidental, derni\u00e8re colonie en Afrique&quot; - AAH.JZR<\/title>\n<meta name=\"robots\" content=\"index, follow, max-snippet:-1, max-image-preview:large, max-video-preview:-1\" \/>\n<link rel=\"canonical\" href=\"https:\/\/jazairhope.org\/fr\/le-festival-peuples-sans-frontieres-sous-le-theme-sahara-occidental-derniere-colonie-en-afrique\/\" \/>\n<meta property=\"og:locale\" content=\"fr_FR\" \/>\n<meta property=\"og:type\" content=\"article\" \/>\n<meta property=\"og:title\" content=\"Le Festival &quot;Peuples sans fronti\u00e8res&quot; sous le th\u00e8me &quot;Sahara occidental, derni\u00e8re colonie en Afrique&quot; - AAH.JZR\" \/>\n<meta property=\"og:description\" content=\"La 13e \u00e9dition du Festival &#8220;Peuples sans fronti\u00e8res&#8221;, organis\u00e9 sous le th\u00e8me &#8220;Sahara occidental, derni\u00e8re colonie en Afrique&#8221;, a d\u00e9but\u00e9 samedi \u00e0&hellip;\" \/>\n<meta property=\"og:url\" content=\"https:\/\/jazairhope.org\/fr\/le-festival-peuples-sans-frontieres-sous-le-theme-sahara-occidental-derniere-colonie-en-afrique\/\" \/>\n<meta property=\"og:site_name\" content=\"AAH.JZR\" \/>\n<meta property=\"article:publisher\" content=\"https:\/\/www.facebook.com\/jazairhope\" \/>\n<meta property=\"article:published_time\" content=\"2022-07-12T01:30:22+00:00\" \/>\n<meta property=\"og:image\" content=\"https:\/\/jazairhope.org\/wp-content\/uploads\/2022\/07\/up-27.jpg\" \/>\n\t<meta property=\"og:image:width\" content=\"850\" \/>\n\t<meta property=\"og:image:height\" content=\"480\" \/>\n\t<meta property=\"og:image:type\" content=\"image\/jpeg\" \/>\n<meta name=\"author\" content=\"Hope Jzr\" \/>\n<meta name=\"twitter:card\" content=\"summary_large_image\" \/>\n<meta name=\"twitter:label1\" content=\"\u00c9crit par\" \/>\n\t<meta name=\"twitter:data1\" content=\"Hope Jzr\" \/>\n\t<meta name=\"twitter:label2\" content=\"Dur\u00e9e de lecture estim\u00e9e\" \/>\n\t<meta name=\"twitter:data2\" content=\"2 minutes\" \/>\n<script type=\"application\/ld+json\" class=\"yoast-schema-graph\">{\"@context\":\"https:\\\/\\\/schema.org\",\"@graph\":[{\"@type\":\"Article\",\"@id\":\"https:\\\/\\\/jazairhope.org\\\/fr\\\/le-festival-peuples-sans-frontieres-sous-le-theme-sahara-occidental-derniere-colonie-en-afrique\\\/#article\",\"isPartOf\":{\"@id\":\"https:\\\/\\\/jazairhope.org\\\/fr\\\/le-festival-peuples-sans-frontieres-sous-le-theme-sahara-occidental-derniere-colonie-en-afrique\\\/\"},\"author\":{\"name\":\"Hope Jzr\",\"@id\":\"https:\\\/\\\/jazairhope.org\\\/fr\\\/#\\\/schema\\\/person\\\/0b50f60fad840cf92313307e38c9d20d\"},\"headline\":\"Le Festival &#8220;Peuples sans fronti\u00e8res&#8221; sous le th\u00e8me &#8220;Sahara occidental, derni\u00e8re colonie en Afrique&#8221;\",\"datePublished\":\"2022-07-12T01:30:22+00:00\",\"mainEntityOfPage\":{\"@id\":\"https:\\\/\\\/jazairhope.org\\\/fr\\\/le-festival-peuples-sans-frontieres-sous-le-theme-sahara-occidental-derniere-colonie-en-afrique\\\/\"},\"wordCount\":423,\"commentCount\":0,\"image\":{\"@id\":\"https:\\\/\\\/jazairhope.org\\\/fr\\\/le-festival-peuples-sans-frontieres-sous-le-theme-sahara-occidental-derniere-colonie-en-afrique\\\/#primaryimage\"},\"thumbnailUrl\":\"https:\\\/\\\/jazairhope.org\\\/wp-content\\\/uploads\\\/2022\\\/07\\\/up-27.jpg\",\"articleSection\":[\"Alg\u00e9rie Alg\u00e9rienne\",\"Politique\"],\"inLanguage\":\"fr-FR\",\"potentialAction\":[{\"@type\":\"CommentAction\",\"name\":\"Comment\",\"target\":[\"https:\\\/\\\/jazairhope.org\\\/fr\\\/le-festival-peuples-sans-frontieres-sous-le-theme-sahara-occidental-derniere-colonie-en-afrique\\\/#respond\"]}]},{\"@type\":\"WebPage\",\"@id\":\"https:\\\/\\\/jazairhope.org\\\/fr\\\/le-festival-peuples-sans-frontieres-sous-le-theme-sahara-occidental-derniere-colonie-en-afrique\\\/\",\"url\":\"https:\\\/\\\/jazairhope.org\\\/fr\\\/le-festival-peuples-sans-frontieres-sous-le-theme-sahara-occidental-derniere-colonie-en-afrique\\\/\",\"name\":\"Le Festival \\\"Peuples sans fronti\u00e8res\\\" sous le th\u00e8me \\\"Sahara occidental, derni\u00e8re colonie en Afrique\\\" - AAH.JZR\",\"isPartOf\":{\"@id\":\"https:\\\/\\\/jazairhope.org\\\/fr\\\/#website\"},\"primaryImageOfPage\":{\"@id\":\"https:\\\/\\\/jazairhope.org\\\/fr\\\/le-festival-peuples-sans-frontieres-sous-le-theme-sahara-occidental-derniere-colonie-en-afrique\\\/#primaryimage\"},\"image\":{\"@id\":\"https:\\\/\\\/jazairhope.org\\\/fr\\\/le-festival-peuples-sans-frontieres-sous-le-theme-sahara-occidental-derniere-colonie-en-afrique\\\/#primaryimage\"},\"thumbnailUrl\":\"https:\\\/\\\/jazairhope.org\\\/wp-content\\\/uploads\\\/2022\\\/07\\\/up-27.jpg\",\"datePublished\":\"2022-07-12T01:30:22+00:00\",\"author\":{\"@id\":\"https:\\\/\\\/jazairhope.org\\\/fr\\\/#\\\/schema\\\/person\\\/0b50f60fad840cf92313307e38c9d20d\"},\"breadcrumb\":{\"@id\":\"https:\\\/\\\/jazairhope.org\\\/fr\\\/le-festival-peuples-sans-frontieres-sous-le-theme-sahara-occidental-derniere-colonie-en-afrique\\\/#breadcrumb\"},\"inLanguage\":\"fr-FR\",\"potentialAction\":[{\"@type\":\"ReadAction\",\"target\":[\"https:\\\/\\\/jazairhope.org\\\/fr\\\/le-festival-peuples-sans-frontieres-sous-le-theme-sahara-occidental-derniere-colonie-en-afrique\\\/\"]}]},{\"@type\":\"ImageObject\",\"inLanguage\":\"fr-FR\",\"@id\":\"https:\\\/\\\/jazairhope.org\\\/fr\\\/le-festival-peuples-sans-frontieres-sous-le-theme-sahara-occidental-derniere-colonie-en-afrique\\\/#primaryimage\",\"url\":\"https:\\\/\\\/jazairhope.org\\\/wp-content\\\/uploads\\\/2022\\\/07\\\/up-27.jpg\",\"contentUrl\":\"https:\\\/\\\/jazairhope.org\\\/wp-content\\\/uploads\\\/2022\\\/07\\\/up-27.jpg\",\"width\":850,\"height\":480},{\"@type\":\"BreadcrumbList\",\"@id\":\"https:\\\/\\\/jazairhope.org\\\/fr\\\/le-festival-peuples-sans-frontieres-sous-le-theme-sahara-occidental-derniere-colonie-en-afrique\\\/#breadcrumb\",\"itemListElement\":[{\"@type\":\"ListItem\",\"position\":1,\"name\":\"Accueil\",\"item\":\"https:\\\/\\\/jazairhope.org\\\/fr\\\/\"},{\"@type\":\"ListItem\",\"position\":2,\"name\":\"Le Festival \u00ab\u00a0Peuples sans fronti\u00e8res\u00a0\u00bb sous le th\u00e8me \u00ab\u00a0Sahara occidental, derni\u00e8re colonie en Afrique\u00a0\u00bb\"}]},{\"@type\":\"WebSite\",\"@id\":\"https:\\\/\\\/jazairhope.org\\\/fr\\\/#website\",\"url\":\"https:\\\/\\\/jazairhope.org\\\/fr\\\/\",\"name\":\"AAH.JZR\",\"description\":\"Environment, Health, Science, Art, Economics\",\"potentialAction\":[{\"@type\":\"SearchAction\",\"target\":{\"@type\":\"EntryPoint\",\"urlTemplate\":\"https:\\\/\\\/jazairhope.org\\\/fr\\\/?s={search_term_string}\"},\"query-input\":{\"@type\":\"PropertyValueSpecification\",\"valueRequired\":true,\"valueName\":\"search_term_string\"}}],\"inLanguage\":\"fr-FR\"},{\"@type\":\"Person\",\"@id\":\"https:\\\/\\\/jazairhope.org\\\/fr\\\/#\\\/schema\\\/person\\\/0b50f60fad840cf92313307e38c9d20d\",\"name\":\"Hope Jzr\",\"image\":{\"@type\":\"ImageObject\",\"inLanguage\":\"fr-FR\",\"@id\":\"https:\\\/\\\/secure.gravatar.com\\\/avatar\\\/0a42f66f14ba94b77f351f3bb2f3b9389c4063acb1697ffb32f5d3944782d3e7?s=96&d=mm&r=g\",\"url\":\"https:\\\/\\\/secure.gravatar.com\\\/avatar\\\/0a42f66f14ba94b77f351f3bb2f3b9389c4063acb1697ffb32f5d3944782d3e7?s=96&d=mm&r=g\",\"contentUrl\":\"https:\\\/\\\/secure.gravatar.com\\\/avatar\\\/0a42f66f14ba94b77f351f3bb2f3b9389c4063acb1697ffb32f5d3944782d3e7?s=96&d=mm&r=g\",\"caption\":\"Hope Jzr\"},\"description\":\"\u00c0 propos de Hope&amp;ChaDia Hope&amp;ChaDia n\u2019est pas un pseudonyme, mais une m\u00e9thode de travail. Hope : l\u2019id\u00e9e, l\u2019esprit, la structure, la vision. C\u2019est l\u2019impulsion humaine qui choisit l\u2019angle, trace la ligne \u00e9ditoriale et donne le sens. ChaDia : l\u2019assistante, qui met en forme, d\u00e9veloppe, affine le style et v\u00e9rifie les faits. Une aide technologique qui amplifie mais ne cr\u00e9e pas. Ensemble, Hope&amp;ChaDia produisent des textes hybrides : profond\u00e9ment humains dans leur inspiration, rigoureux et pr\u00e9cis dans leur r\u00e9alisation. . . SUPPORTEZ JAZAIRHOPE ET FAITES CONNA\u00ceTRE LE PATRIMOINE ET L\u2019HISTOIRE DE L\u2019ALG\u00c9RIE, EN ACHETANT LE LIVRE DE JAZAIRHOPE POUR VOUS OU POUR L\u2019OFFRIR A VOS PROCHES, ICI : https:\\\/\\\/jazairhope.org\\\/fr\\\/ebook\\\/ CEUX EN ALG\u00c9RIE ET CEUX QUI PEUVENT PAS L\u2019ACHETER ON OFFRE UNE COPIE DIGITALE GRATUITE, POUR CELA ENVOYEZ UN EMAIL \u00c0 : INFO@JAZAIRHOPE.ORG\",\"url\":\"https:\\\/\\\/jazairhope.org\\\/fr\\\/author\\\/hope-jazair\\\/\"}]}<\/script>\n<!-- \/ Yoast SEO plugin. -->","yoast_head_json":{"title":"Le Festival \"Peuples sans fronti\u00e8res\" sous le th\u00e8me \"Sahara occidental, derni\u00e8re colonie en Afrique\" - AAH.JZR","robots":{"index":"index","follow":"follow","max-snippet":"max-snippet:-1","max-image-preview":"max-image-preview:large","max-video-preview":"max-video-preview:-1"},"canonical":"https:\/\/jazairhope.org\/fr\/le-festival-peuples-sans-frontieres-sous-le-theme-sahara-occidental-derniere-colonie-en-afrique\/","og_locale":"fr_FR","og_type":"article","og_title":"Le Festival \"Peuples sans fronti\u00e8res\" sous le th\u00e8me \"Sahara occidental, derni\u00e8re colonie en Afrique\" - AAH.JZR","og_description":"La 13e \u00e9dition du Festival &#8220;Peuples sans fronti\u00e8res&#8221;, organis\u00e9 sous le th\u00e8me &#8220;Sahara occidental, derni\u00e8re colonie en Afrique&#8221;, a d\u00e9but\u00e9 samedi \u00e0&hellip;","og_url":"https:\/\/jazairhope.org\/fr\/le-festival-peuples-sans-frontieres-sous-le-theme-sahara-occidental-derniere-colonie-en-afrique\/","og_site_name":"AAH.JZR","article_publisher":"https:\/\/www.facebook.com\/jazairhope","article_published_time":"2022-07-12T01:30:22+00:00","og_image":[{"width":850,"height":480,"url":"https:\/\/jazairhope.org\/wp-content\/uploads\/2022\/07\/up-27.jpg","type":"image\/jpeg"}],"author":"Hope Jzr","twitter_card":"summary_large_image","twitter_misc":{"\u00c9crit par":"Hope Jzr","Dur\u00e9e de lecture estim\u00e9e":"2 minutes"},"schema":{"@context":"https:\/\/schema.org","@graph":[{"@type":"Article","@id":"https:\/\/jazairhope.org\/fr\/le-festival-peuples-sans-frontieres-sous-le-theme-sahara-occidental-derniere-colonie-en-afrique\/#article","isPartOf":{"@id":"https:\/\/jazairhope.org\/fr\/le-festival-peuples-sans-frontieres-sous-le-theme-sahara-occidental-derniere-colonie-en-afrique\/"},"author":{"name":"Hope Jzr","@id":"https:\/\/jazairhope.org\/fr\/#\/schema\/person\/0b50f60fad840cf92313307e38c9d20d"},"headline":"Le Festival &#8220;Peuples sans fronti\u00e8res&#8221; sous le th\u00e8me &#8220;Sahara occidental, derni\u00e8re colonie en Afrique&#8221;","datePublished":"2022-07-12T01:30:22+00:00","mainEntityOfPage":{"@id":"https:\/\/jazairhope.org\/fr\/le-festival-peuples-sans-frontieres-sous-le-theme-sahara-occidental-derniere-colonie-en-afrique\/"},"wordCount":423,"commentCount":0,"image":{"@id":"https:\/\/jazairhope.org\/fr\/le-festival-peuples-sans-frontieres-sous-le-theme-sahara-occidental-derniere-colonie-en-afrique\/#primaryimage"},"thumbnailUrl":"https:\/\/jazairhope.org\/wp-content\/uploads\/2022\/07\/up-27.jpg","articleSection":["Alg\u00e9rie Alg\u00e9rienne","Politique"],"inLanguage":"fr-FR","potentialAction":[{"@type":"CommentAction","name":"Comment","target":["https:\/\/jazairhope.org\/fr\/le-festival-peuples-sans-frontieres-sous-le-theme-sahara-occidental-derniere-colonie-en-afrique\/#respond"]}]},{"@type":"WebPage","@id":"https:\/\/jazairhope.org\/fr\/le-festival-peuples-sans-frontieres-sous-le-theme-sahara-occidental-derniere-colonie-en-afrique\/","url":"https:\/\/jazairhope.org\/fr\/le-festival-peuples-sans-frontieres-sous-le-theme-sahara-occidental-derniere-colonie-en-afrique\/","name":"Le Festival \"Peuples sans fronti\u00e8res\" sous le th\u00e8me \"Sahara occidental, derni\u00e8re colonie en Afrique\" - AAH.JZR","isPartOf":{"@id":"https:\/\/jazairhope.org\/fr\/#website"},"primaryImageOfPage":{"@id":"https:\/\/jazairhope.org\/fr\/le-festival-peuples-sans-frontieres-sous-le-theme-sahara-occidental-derniere-colonie-en-afrique\/#primaryimage"},"image":{"@id":"https:\/\/jazairhope.org\/fr\/le-festival-peuples-sans-frontieres-sous-le-theme-sahara-occidental-derniere-colonie-en-afrique\/#primaryimage"},"thumbnailUrl":"https:\/\/jazairhope.org\/wp-content\/uploads\/2022\/07\/up-27.jpg","datePublished":"2022-07-12T01:30:22+00:00","author":{"@id":"https:\/\/jazairhope.org\/fr\/#\/schema\/person\/0b50f60fad840cf92313307e38c9d20d"},"breadcrumb":{"@id":"https:\/\/jazairhope.org\/fr\/le-festival-peuples-sans-frontieres-sous-le-theme-sahara-occidental-derniere-colonie-en-afrique\/#breadcrumb"},"inLanguage":"fr-FR","potentialAction":[{"@type":"ReadAction","target":["https:\/\/jazairhope.org\/fr\/le-festival-peuples-sans-frontieres-sous-le-theme-sahara-occidental-derniere-colonie-en-afrique\/"]}]},{"@type":"ImageObject","inLanguage":"fr-FR","@id":"https:\/\/jazairhope.org\/fr\/le-festival-peuples-sans-frontieres-sous-le-theme-sahara-occidental-derniere-colonie-en-afrique\/#primaryimage","url":"https:\/\/jazairhope.org\/wp-content\/uploads\/2022\/07\/up-27.jpg","contentUrl":"https:\/\/jazairhope.org\/wp-content\/uploads\/2022\/07\/up-27.jpg","width":850,"height":480},{"@type":"BreadcrumbList","@id":"https:\/\/jazairhope.org\/fr\/le-festival-peuples-sans-frontieres-sous-le-theme-sahara-occidental-derniere-colonie-en-afrique\/#breadcrumb","itemListElement":[{"@type":"ListItem","position":1,"name":"Accueil","item":"https:\/\/jazairhope.org\/fr\/"},{"@type":"ListItem","position":2,"name":"Le Festival \u00ab\u00a0Peuples sans fronti\u00e8res\u00a0\u00bb sous le th\u00e8me \u00ab\u00a0Sahara occidental, derni\u00e8re colonie en Afrique\u00a0\u00bb"}]},{"@type":"WebSite","@id":"https:\/\/jazairhope.org\/fr\/#website","url":"https:\/\/jazairhope.org\/fr\/","name":"AAH.JZR","description":"Environment, Health, Science, Art, Economics","potentialAction":[{"@type":"SearchAction","target":{"@type":"EntryPoint","urlTemplate":"https:\/\/jazairhope.org\/fr\/?s={search_term_string}"},"query-input":{"@type":"PropertyValueSpecification","valueRequired":true,"valueName":"search_term_string"}}],"inLanguage":"fr-FR"},{"@type":"Person","@id":"https:\/\/jazairhope.org\/fr\/#\/schema\/person\/0b50f60fad840cf92313307e38c9d20d","name":"Hope Jzr","image":{"@type":"ImageObject","inLanguage":"fr-FR","@id":"https:\/\/secure.gravatar.com\/avatar\/0a42f66f14ba94b77f351f3bb2f3b9389c4063acb1697ffb32f5d3944782d3e7?s=96&d=mm&r=g","url":"https:\/\/secure.gravatar.com\/avatar\/0a42f66f14ba94b77f351f3bb2f3b9389c4063acb1697ffb32f5d3944782d3e7?s=96&d=mm&r=g","contentUrl":"https:\/\/secure.gravatar.com\/avatar\/0a42f66f14ba94b77f351f3bb2f3b9389c4063acb1697ffb32f5d3944782d3e7?s=96&d=mm&r=g","caption":"Hope Jzr"},"description":"\u00c0 propos de Hope&amp;ChaDia Hope&amp;ChaDia n\u2019est pas un pseudonyme, mais une m\u00e9thode de travail. Hope : l\u2019id\u00e9e, l\u2019esprit, la structure, la vision. C\u2019est l\u2019impulsion humaine qui choisit l\u2019angle, trace la ligne \u00e9ditoriale et donne le sens. ChaDia : l\u2019assistante, qui met en forme, d\u00e9veloppe, affine le style et v\u00e9rifie les faits. Une aide technologique qui amplifie mais ne cr\u00e9e pas. Ensemble, Hope&amp;ChaDia produisent des textes hybrides : profond\u00e9ment humains dans leur inspiration, rigoureux et pr\u00e9cis dans leur r\u00e9alisation. . . SUPPORTEZ JAZAIRHOPE ET FAITES CONNA\u00ceTRE LE PATRIMOINE ET L\u2019HISTOIRE DE L\u2019ALG\u00c9RIE, EN ACHETANT LE LIVRE DE JAZAIRHOPE POUR VOUS OU POUR L\u2019OFFRIR A VOS PROCHES, ICI : https:\/\/jazairhope.org\/fr\/ebook\/ CEUX EN ALG\u00c9RIE ET CEUX QUI PEUVENT PAS L\u2019ACHETER ON OFFRE UNE COPIE DIGITALE GRATUITE, POUR CELA ENVOYEZ UN EMAIL \u00c0 : INFO@JAZAIRHOPE.ORG","url":"https:\/\/jazairhope.org\/fr\/author\/hope-jazair\/"}]}},"views":291,"_links":{"self":[{"href":"https:\/\/jazairhope.org\/fr\/wp-json\/wp\/v2\/posts\/57060","targetHints":{"allow":["GET"]}}],"collection":[{"href":"https:\/\/jazairhope.org\/fr\/wp-json\/wp\/v2\/posts"}],"about":[{"href":"https:\/\/jazairhope.org\/fr\/wp-json\/wp\/v2\/types\/post"}],"author":[{"embeddable":true,"href":"https:\/\/jazairhope.org\/fr\/wp-json\/wp\/v2\/users\/50"}],"replies":[{"embeddable":true,"href":"https:\/\/jazairhope.org\/fr\/wp-json\/wp\/v2\/comments?post=57060"}],"version-history":[{"count":0,"href":"https:\/\/jazairhope.org\/fr\/wp-json\/wp\/v2\/posts\/57060\/revisions"}],"wp:featuredmedia":[{"embeddable":true,"href":"https:\/\/jazairhope.org\/fr\/wp-json\/wp\/v2\/media\/57061"}],"wp:attachment":[{"href":"https:\/\/jazairhope.org\/fr\/wp-json\/wp\/v2\/media?parent=57060"}],"wp:term":[{"taxonomy":"category","embeddable":true,"href":"https:\/\/jazairhope.org\/fr\/wp-json\/wp\/v2\/categories?post=57060"},{"taxonomy":"post_tag","embeddable":true,"href":"https:\/\/jazairhope.org\/fr\/wp-json\/wp\/v2\/tags?post=57060"}],"curies":[{"name":"wp","href":"https:\/\/api.w.org\/{rel}","templated":true}]}}