{"id":57245,"date":"2022-07-13T15:18:40","date_gmt":"2022-07-13T14:18:40","guid":{"rendered":"https:\/\/jazairhope.org\/?p=57245"},"modified":"2022-07-13T15:18:40","modified_gmt":"2022-07-13T14:18:40","slug":"a-coeur-ouvert-avec-soufiane-djilali-president-de-jil-jadid-le-dialogue-et-lecoute-sinceres-sont-la-meilleure-voie-pour-le-pays","status":"publish","type":"post","link":"https:\/\/jazairhope.org\/fr\/a-coeur-ouvert-avec-soufiane-djilali-president-de-jil-jadid-le-dialogue-et-lecoute-sinceres-sont-la-meilleure-voie-pour-le-pays\/","title":{"rendered":"A c\u0153ur ouvert avec Soufiane Djilali, pr\u00e9sident de Jil Jadid : \u00abLe dialogue et l\u2019\u00e9coute sinc\u00e8res sont la meilleure voie pour le pays\u00bb"},"content":{"rendered":"<p><strong>Quelle place Jil Jadid occupe-t-il dans le champ politique national ? Quelles sont ses positions par rapport aux grandes questions politiques, \u00e9conomiques, sociales et g\u00e9opolitiques qui s\u2019imposent aujourd\u2019hui \u00e0 l\u2019Alg\u00e9rie ? Comment le parti appr\u00e9cie-t-il l\u2019action gouvernementale en ce temps de crise ? Comment voit-il les relations du pays avec ses voisins imm\u00e9diats et ses partenaires traditionnels dans un contexte international chamboul\u00e9 ? Son leader, Djilali Soufiane, qui ne s\u2019est jamais exprim\u00e9 ainsi depuis le congr\u00e8s de fin juin dernier au moins, r\u00e9pond avec clart\u00e9 et sans d\u00e9tour aux questions de Reporters. Entretien.<\/strong><\/p>\n<p><strong><em>Reporters : Lors de votre discours inaugural du dernier congr\u00e8s du parti, on a retenu de vous la phrase suivante : \u00abJil Jadid a trac\u00e9 sa route.\u00bb De quelle route s\u2019agit-il ?<br \/>\n<\/em>Soufiane Djilali :<\/strong>\u00a0Vous savez, en Alg\u00e9rie, un parti politique est une aventure. Certains y voient juste une enseigne pour les \u00e9lections, d\u2019autres une tribune pour exprimer une col\u00e8re, une revendication ou une ambition. Jil Jadid, lui, a fait le choix de porter un projet de soci\u00e9t\u00e9, autrement dit une vision politique \u00e0 proposer au pays. C\u2019est ainsi que nous avions fait d\u2019abord une description anthropologique et sociologique de la soci\u00e9t\u00e9 alg\u00e9rienne sur laquelle nous avons construit une proposition de d\u00e9marche pour r\u00e9soudre une probl\u00e9matique de fond, c\u2019est-\u00e0-dire la contradiction formelle de nos valeurs traditionnelles avec une modernit\u00e9 in\u00e9luctable.<br \/>\nEn r\u00e9alit\u00e9, nous sommes en pleine probl\u00e9matique de la dualit\u00e9 tradition-modernit\u00e9 telle qu\u2019elle avait \u00e9t\u00e9 abord\u00e9e par plusieurs auteurs qui s\u2019\u00e9taient int\u00e9ress\u00e9s \u00e0 la dimension civilisationnelle du monde arabo-islamique. Il faut comprendre que la modernit\u00e9 n\u2019est pas un kit complet qu\u2019il s\u2019agit d\u2019appliquer par d\u00e9cret. Il nous faut, au contraire, la d\u00e9finir de mani\u00e8re endog\u00e8ne \u00e0 partir de nos constituants identitaires et historiques et de nos valeurs intrins\u00e8ques pour aboutir \u00e0 une soci\u00e9t\u00e9 moderne \u00e9quilibr\u00e9e et fonctionnelle.<br \/>\nJil Jadid s\u2019est donc engag\u00e9 sur une voie difficile qui demande beaucoup d\u2019efforts et de sacrifices et dont les dimensions \u00abpoliticienne\u00bb et \u00e9lectoraliste deviennent secondaires par rapport \u00e0 l\u2019objectif strat\u00e9gique, celui de construire un parti politique qui soit le reflet de son projet.<\/p>\n<p><strong><em>Au sujet du parcours politique de Jil Jadid, peut-on justement consid\u00e9rer qu\u2019il y a un avant et un apr\u00e8s-congr\u00e8s de 2022 ?<br \/>\n<\/em><\/strong>Si je devais identifier des phases de d\u00e9veloppement du discours de Jil Jadid, je dirais qu\u2019il y a eu la p\u00e9riode pr\u00e9-Hirak et celle post-Hirak. Chacun sait que Jil Jadid avait men\u00e9 une opposition sans concession au r\u00e9gime Bouteflika. Une fois la protestation populaire d\u00e9clench\u00e9e et le r\u00e9gime pr\u00e9c\u00e9dent effondr\u00e9, Jil Jadid, tout en accompagnant le Hirak, s\u2019est engag\u00e9 sur la voie du dialogue et sur la logique de la reconstruction des institutions. Si l\u2019on devait \u00e9valuer ces choix, je crois que personne ne peut contester le fait que les \u00e9v\u00e9nements nous ont totalement donn\u00e9 raison sur la premi\u00e8re phase, puisque l\u2019ex-pouvoir a \u00e9t\u00e9 finalement condamn\u00e9 par le peuple, par l\u2019histoire et par la justice !<br \/>\nQuant \u00e0 la deuxi\u00e8me phase, nous n\u2019en sommes qu\u2019aux balbutiements. Jil Jadid a un projet et j\u2019essaie en tant que son premier responsable de le faire avancer.<\/p>\n<p><strong><em>Pour bon nombre d\u2019observateurs de la vie politique alg\u00e9rienne, on a du mal \u00e0 cerner le positionnement de Jil Jadid. Serait-il une formation de droite, de gauche ou du centre ?<br \/>\n<\/em><\/strong>Oui, vous avez raison, Jil Jadid ne r\u00e9pond pas aux cat\u00e9gorisations classiques. Lorsque le message concernant notre projet de soci\u00e9t\u00e9 sera saisi, il deviendra tr\u00e8s facile \u00e0 chacun de percevoir notre positionnement. Nous sommes pour une modernisation effective de notre soci\u00e9t\u00e9 en s\u2019appropriant des valeurs et des outils devenus incontournables dans le monde d\u2019aujourd\u2019hui. Nous avons besoin d\u2019une \u00e9conomie moderne et productive qui nous assure la s\u00e9curit\u00e9 et un confort de vie convenable. Pour y arriver, il faut mettre en place des m\u00e9canismes institutionnels efficaces. Ces objectifs resteront de simples mots si derri\u00e8re l\u2019action des autorit\u00e9s il n\u2019y a pas l\u2019id\u00e9e d\u2019instituer des r\u00e8gles de droit et de d\u00e9mocratie. Car sans l\u2019assentiment d\u2019une grande majorit\u00e9 de nos compatriotes, nous ne pourrons pas faire face aux difficult\u00e9s ni aux sacrifices n\u00e9cessaires \u00e0 notre d\u00e9veloppement. Il faut donc que l\u2019action publique instaure la justice devant les efforts \u00e0 fournir et prot\u00e8ge les plus faibles. D\u2019un autre c\u00f4t\u00e9, il faut lib\u00e9raliser l\u2019investissement et le fonctionnement \u00e9conomique. Justement, lors de notre congr\u00e8s, nous avons donn\u00e9 la parole \u00e0 deux honorables invit\u00e9s dont les positions sont sur les deux p\u00f4les, Noureddine Bouderba, ancien syndicaliste, ayant appartenu \u00e0 un parti de gauche, qui a d\u00e9fendu dans son intervention la dimension sociale de l\u2019Etat, et Mahfoud Kaoubi, \u00e9conomiste et financier, qui a d\u00e9fendu l\u2019entreprise. C\u2019est \u00e0 nous, en tant que politiques, de trouver le bon \u00e9quilibre qui favorise la croissance \u00e9conomique tout en offrant une qualit\u00e9 de vie convenable \u00e0 tous.<\/p>\n<p><strong><em>A propos de la difficult\u00e9 \u00e0 suivre la ligne directrice du parti, ces m\u00eames observateurs disent ne pas la comprendre s\u2019agissant de son rapport au gouvernement de M. Tebboune. Ils ne saisissent pas pourquoi Jil Jadid produit-il une critique parfois accentu\u00e9e du syst\u00e8me de gouvernance en place tout en acceptant le jeu des participations aux \u00e9lections ? On parle de vous comme d\u2019un courant d\u2019opposition \u00absoft\u00bb ou \u00abbon chic bon genre\u00bb\u2026<br \/>\n<\/em><\/strong>J\u2019admets ces remarques. Apr\u00e8s 2019, le pays \u00e9tait dans un \u00e9tat de d\u00e9labrement avanc\u00e9. Le Pr\u00e9sident Tebboune a voulu un apaisement g\u00e9n\u00e9ral et un dialogue pour reconstruire les institutions. Il y avait \u00e0 faire un choix sur la stabilit\u00e9 du pays. Au vu de notre propre histoire depuis 1962 et surtout de ce qui se passe dans le monde, l\u2019Alg\u00e9rie se devait de maintenir en place un Etat fort. Notre r\u00f4le n\u2019est pas de pousser aux contradictions et \u00e0 la mont\u00e9e des tensions. Cela ne m\u00e8nera \u00e0 rien de bon, sinon \u00e0 aggraver la situation. Au contraire, je reste persuad\u00e9 que le dialogue et l\u2019\u00e9coute, \u00e0 condition qu\u2019ils soient sinc\u00e8res, sont la meilleure voie \u00e0 emprunter pour le pays.<br \/>\nIl reste que Jil Jadid a son programme politique, \u00e9conomique et social. C\u2019est ce programme que nous d\u00e9fendons. Nous sommes en droit de critiquer ce qui nous semble s\u2019\u00e9carter du bon sens et de l\u2019int\u00e9r\u00eat collectif et nous sommes aussi en devoir de contribuer \u00e0 redresser le pays. Concernant notre participation aux \u00e9lections, il s\u2019agit pour nous de faire avancer nos id\u00e9es, et pour cela, nous devons \u00eatre en mesure de l\u2019assumer. Les \u00e9lections locales ou l\u00e9gislatives sont une \u00e9tape importante pour nous. Je sais que toutes les conditions ne sont pas encore r\u00e9unies pour une vraie d\u00e9mocratie et le processus \u00e9lectoral est loin d\u2019\u00eatre parfait. Il faut un peu de temps pour que cela soit construit. Ce qui m\u2019\u00e9tonne, c\u2019est que les critiques quant \u00e0 notre participation aux \u00e9lections viennent de ceux qui avaient toujours accept\u00e9 de si\u00e9ger dans les Assembl\u00e9es locales ou nationales. C\u2019est donc hallal quand cela les arrange et haram quand cela ne les arrange pas ?<br \/>\nDe toutes les fa\u00e7ons, comme je l\u2019ai dit au d\u00e9but de notre entretien, nous sommes au tout d\u00e9but de cette p\u00e9riode post-Hirak. Je comprends l\u2019impatience du simple citoyen devant la persistance de ses difficult\u00e9s quotidiennes, mais je crois que l\u2019\u00e9lite doit avoir conscience que les destructions qu\u2019a subies le pays durant trente ans ne se r\u00e9parent pas en deux ou trois ans. Maintenant, malgr\u00e9 la complexit\u00e9 de la situation, il est ind\u00e9niable que l\u2019Alg\u00e9rie est en train de reprendre sa place dans le concert des nations. Sa politique ext\u00e9rieure est de nouveau vigoureuse et exprime une souverainet\u00e9 retrouv\u00e9e. La conjoncture internationale nous procure quelques atouts g\u00e9opolitiques. Je me r\u00e9jouis que l\u2019Alg\u00e9rie ait opt\u00e9 pour une politique \u00e9quilibr\u00e9e et qui anticipe, \u00e0 mon avis, le sens de l\u2019histoire. Je ne suis pas aux affaires, Jil Jadid est dans l\u2019opposition, mais cela ne m\u2019emp\u00eache pas de me r\u00e9jouir des r\u00e9ussites, m\u00eame relatives, de mon pays. Je suis heureux lorsque l\u2019Alg\u00e9rie se fait respecter et qu\u2019elle rehausse son image. Les derniers Jeux M\u00e9diterran\u00e9ens et la c\u00e9r\u00e9monie du 5 Juillet ainsi que les actions diplomatiques de ces derniers mois en sont de bons exemples.<\/p>\n<p><strong><em>Y aurait-il au sein de votre parti une culture de la \u00abcomposition\u00bb et du pragmatisme qui lui interdirait la logique de la chaise vide, \u00e0 supposer qu\u2019il y en ait une dans un syst\u00e8me hyper pr\u00e9sidentialiste ?<br \/>\n<\/em><\/strong>Jil Jadid se construit sur un id\u00e9al sans toutefois perdre de vue la r\u00e9alit\u00e9. Nous ne d\u00e9tenons pas la v\u00e9rit\u00e9 absolue et de ce fait nous essayons d\u2019agir avec une dose de pragmatisme et de r\u00e9alisme. Nous avons pratiqu\u00e9 la \u00abchaise vide\u00bb en 2017. C\u2019\u00e9tait pour de bonnes raisons et nous ne le regrettons pas. Les choses ayant chang\u00e9 significativement, notre position s\u2019adapte. Je pr\u00e9cise que sous le r\u00e9gime pr\u00e9c\u00e9dent, il n\u2019y avait rien \u00e0 attendre du pouvoir qui n\u2019avait qu\u2019un seul et unique but, celui de persister quel qu\u2019en soit le co\u00fbt pour l\u2019Alg\u00e9rie. A quoi bon alors faire semblant de si\u00e9ger dans une Assembl\u00e9e dont l\u2019\u00e9lection n\u2019\u00e9tait qu\u2019une distribution de quotas ?<br \/>\nAujourd\u2019hui, le pouvoir est dans une autre configuration. Bien s\u00fbr, la nature du syst\u00e8me de fonctionnement n\u2019a pas fondamentalement chang\u00e9, cela rel\u00e8ve d\u2019ailleurs plus de la mentalit\u00e9 en vigueur dans notre soci\u00e9t\u00e9 que d\u2019un choix m\u00fbrement r\u00e9fl\u00e9chi. Toutefois, un nouvel esprit bien plus positif est en voie de s\u2019installer. Il est de mon devoir de contribuer \u00e0 l\u2019encourager au lieu de l\u2019acculer et de le pousser de nouveau \u00e0 la fermeture et au blocage.<br \/>\nQuel que soit le poids de ma parole, il reste que je peux la faire parvenir au Pr\u00e9sident de la R\u00e9publique. Je crois que c\u2019est bien plus efficace que de critiquer les choses sans pouvoir proposer de solutions en \u00e9tant dans une posture de d\u00e9fiance permanente.<br \/>\nConcernant l\u2019hyper pr\u00e9sidentialisme de nos institutions, vous le savez, j\u2019ai toujours \u00e9t\u00e9 pour un Etat de droit, une d\u00e9mocratie r\u00e9elle, mais en m\u00eame temps d\u2019un pouvoir fort. Je ne crois absolument pas au parlementarisme qui finit toujours par sombrer dans une forme de d\u00e9sordre politique. Les multiples exp\u00e9riences \u00e0 travers le monde et l\u2019histoire sont l\u00e0 pour pouvoir en tirer quelques bonnes le\u00e7ons. Maintenant, un Pr\u00e9sident fort ne doit pas se transformer en autocrate. La limitation des mandats est une bonne clef prophylactique. Il faut la faire respecter. Un Pr\u00e9sident fort peut faire des r\u00e9formes puissantes. Un Pr\u00e9sident ligot\u00e9 sera, par contre, d\u00e9sarm\u00e9 lorsqu\u2019il aura \u00e0 faire des arbitrages douloureux.<\/p>\n<p><strong><em>Cette culture ne serait-elle pas une strat\u00e9gie qui aurait \u00e9t\u00e9 davantage marqu\u00e9e et confirm\u00e9e par l\u2019appr\u00e9ciation, plut\u00f4t critique pour ne pas dire n\u00e9gative, que vous avez fini par avoir du Hirak apr\u00e8s la pr\u00e9sidentielle de d\u00e9cembre 2019 ?<br \/>\n<\/em><\/strong>Il ne vous a pas \u00e9chapp\u00e9 que Jil Jadid s\u2019\u00e9tait beaucoup investi pour aboutir \u00e0 ce jour m\u00e9morable qu\u2019est le 22 f\u00e9vrier 2019. Ce jour-l\u00e0, le peuple s\u2019est mis \u00e0 scander \u00e0 l\u2019unisson dans la rue, ce que nous disions depuis des ann\u00e9es. Durant six mois, le Hirak a \u00e9t\u00e9 une fabuleuse exp\u00e9rience. Mais comme toute chose, m\u00eame les plus belles aventures, elle a une fin. Peu \u00e0 peu, le mouvement populaire a \u00e9t\u00e9 infiltr\u00e9, troubl\u00e9, d\u00e9stabilis\u00e9, travesti et finalement \u00e9parpill\u00e9. Les r\u00e9seaux sociaux \u00e9taient devenus subversifs et les discours politiques un monopole pour opportunistes de tous poils.<br \/>\nLa grande majorit\u00e9 des Alg\u00e9riens avaient compris les manigances et s\u2019\u00e9tait retir\u00e9e petit \u00e0 petit du mouvement, le laissant entre les mains de gens aux objectifs douteux. Cette tournure d\u00e9testable du cours des \u00e9v\u00e9nements a fait que Jil Jadid a choisi alors une autre voie.<br \/>\nJe reconnais que sur le moment, nous n\u2019avons pas toujours \u00e9t\u00e9 compris et que parfois nous avons m\u00eame focalis\u00e9 sur nous toutes les critiques qui auraient d\u00fb \u00eatre adress\u00e9es aux responsables de la crise et non pas \u00e0 Jil Jadid. Dans cette situation, nous avons probablement une part de responsabilit\u00e9. Jusqu\u2019au Hirak, nous avions port\u00e9 tr\u00e8s haut le niveau de critique du pouvoir et nous repr\u00e9sentions dans l\u2019imaginaire populaire, une voie de changement radical. Notre position dialoguiste et en opposition par rapport \u00e0 des revendications pseudo r\u00e9volutionnaires d\u2019une frange populaire, a probablement d\u00e9\u00e7u les concitoyens. Nous \u00e9tions absolument conscients de ce trouble que nous avions introduit dans la perception de l\u2019opinion publique quant \u00e0 nos positions. En mon \u00e2me et conscience, j\u2019ai assum\u00e9 totalement ce risque. Il faut comprendre que l\u2019Alg\u00e9rie \u00e9tait dans une situation exceptionnelle. Il fallait du changement sans tomber dans l\u2019effondrement de l\u2019Etat. Si une partie des hirakistes n\u2019avait pas conscience du danger r\u00e9el, des organisations politiques par contre y travaillaient avec acharnement. Elles ont r\u00e9ussi \u00e0 surfer sur les \u00e9motions populaires tout en infiltrant dangereusement le mouvement.<br \/>\nA Jil Jadid, nous voulions le changement mais pas la destruction de l\u2019Etat. Je crois sinc\u00e8rement que c\u2019est aussi la position de l\u2019\u00e9crasante majorit\u00e9 des Alg\u00e9riens. Le probl\u00e8me est que dans des situations exceptionnelles, c\u2019est aux hommes politiques d\u2019\u00e9valuer la situation et non pas aux faiseurs d\u2019opinion de d\u00e9cider du sort de la nation. L\u2019opinion publique est par d\u00e9finition influen\u00e7able. Les moyens de communication de l\u2019Etat et m\u00eame du priv\u00e9 \u00e9tant discr\u00e9dit\u00e9s, ce sont les voix subversives qui ont eu le dessus.<br \/>\nCeux qui avaient organis\u00e9 les campagnes de d\u00e9nigrement de Jil Jadid savaient pertinemment que nous ne m\u00e9ritions en aucun cas ces attaques, puisque nous n\u2019avions jamais \u00e9t\u00e9 au pouvoir. En fait, leur objectif strat\u00e9gique, largement atteint, \u00e9tait de briser tout acteur qui aurait pu jouer un r\u00f4le dans cette phase cruciale en dehors d\u2019eux-m\u00eames. D\u2019ailleurs, rappelez-vous, toute personne ayant accept\u00e9 d\u2019aller au dialogue en \u00e9tait rapidement dissuad\u00e9e par l\u2019invective, la diffamation et m\u00eame les menaces physiques.<br \/>\nJil Jadid a r\u00e9sist\u00e9 parce que sa position \u00e9tait li\u00e9e \u00e0 une conviction et \u00e0 une analyse fine de ce qui se d\u00e9roulait dans le Hirak. Aujourd\u2019hui, il y a un d\u00e9but de d\u00e9cantation, les esprits retrouvent leur lucidit\u00e9 et le recul donne \u00e0 chacun les moyens de mieux juger de la pertinence des positions des uns et des autres. Finalement, chacun sera jug\u00e9 sur sa conduite.<\/p>\n<p><strong><em>Vous avez \u00e9t\u00e9 re\u00e7u par le chef de l\u2019Etat. Dans quel esprit \u00eates-vous sorti de cette audience ? A-t-elle modifi\u00e9 les \u00e9l\u00e9ments de l\u2019analyse que vous faites depuis des mois de la conjoncture nationale ?<br \/>\n<\/em><\/strong>Le Pr\u00e9sident de la R\u00e9publique a entam\u00e9 un dialogue avec, en arri\u00e8re fond, l\u2019id\u00e9e de ressouder les fractures dans la soci\u00e9t\u00e9 politique. C\u2019est une bonne chose. Pour le moment, il y a une conduite des affaires qui a sa coh\u00e9rence. Le Pr\u00e9sident est plut\u00f4t dans une logique calme, mais d\u00e9termin\u00e9e. Il est important d\u2019apaiser les tensions et de donner des gages \u00e0 la soci\u00e9t\u00e9 pour \u00e9liminer progressivement les soubresauts qui l\u2019agitent. Je ne sais pas s\u2019il r\u00e9ussira son pari de remettre le pays sur les rails, mais il a le m\u00e9rite de le tenter. Nous verrons quelles seront ses prochaines d\u00e9cisions et quelle port\u00e9e pourront-elles avoir. Nous jugerons au cas par cas, l\u2019essentiel \u00e9tant de pr\u00e9parer les bonnes conditions pour red\u00e9marrer le d\u00e9veloppement du pays.<\/p>\n<p><strong><em>Si l\u2019on vous demande de r\u00e9sumer en quelques mots cette conjoncture, que diriez-vous ?<br \/>\n<\/em><\/strong>Mon sentiment est que le pouvoir est en train de retrouver une coh\u00e9rence interne sans laquelle, de toutes les fa\u00e7ons, rien ne peut se faire. Il y a du coup, beaucoup moins de tensions et les esprits sont en voie de se calmer. C\u2019est une premi\u00e8re phase. Maintenant, il s\u2019agit de prendre des d\u00e9cisions claires et de manager correctement le gouvernement. Je d\u00e9plore que celui-ci n\u2019arrive pas \u00e0 incarner un r\u00f4le politique plus dynamique. Il y a un manque flagrant dans la communication et le secteur de l\u2019\u00e9conomie semble totalement inhib\u00e9, tant par la crise \u00e9conomique qui secoue le monde entier que par les retomb\u00e9es de la crise politique que nous avons travers\u00e9e. L\u2019appareil de l\u2019Etat est l\u00e9thargique pour ne pas dire en \u00e9tat de paralysie. A tel point d\u2019ailleurs que des soup\u00e7ons de sabotage interne fleurissent.<br \/>\nA mon sens, un changement technique au niveau gouvernemental s\u2019impose. Il faut une dose politique plus importante et une dynamique inscrite dans une perspective \u00e9conomique claire. Les r\u00e9formes ne doivent plus \u00eatre diff\u00e9r\u00e9es.<\/p>\n<p><strong><em>Il n\u2019y a pas longtemps, une politiste et juriste de renom nous disait l\u2019impossibilit\u00e9 du fait d\u00e9mocratique r\u00e9el en Alg\u00e9rie \u00e0 court et moyen termes. Elle ajoutait que la violence (r\u00e9elle ou symbolique) resterait le r\u00e9gulateur politique dans le pays. Qu\u2019en pensez-vous ?<br \/>\n<\/em><\/strong>Cette question nous renvoie justement au c\u0153ur de notre projet de soci\u00e9t\u00e9. Vous savez, notre soci\u00e9t\u00e9 s\u2019est construite le long des si\u00e8cles sur un socle traditionnel qui lui donnait une coh\u00e9rence interne et un sens existentiel. Dans cette architecture, l\u2019autorit\u00e9 sociale provenait des fonctions naturelles de chaque acteur de la soci\u00e9t\u00e9. Or, celle-ci, asym\u00e9trique dans ses rapports (homme\/femme, parents\/enfants, adulte\/jeunes\u2026), n\u2019a pu s\u2019adapter \u00e0 la modernit\u00e9 qui, elle, fonctionne sur d\u2019autres crit\u00e8res (individualisme, autonomie, autorit\u00e9 de la loi\u2026). Pour emp\u00eacher son effondrement, la soci\u00e9t\u00e9 a d\u00fb maintenir sa structure en transformant la nature de l\u2019autorit\u00e9, qui allait de soi, en un rapport de force permanent. L\u2019autorit\u00e9 n\u2019avait plus de l\u00e9gitimit\u00e9 naturelle dont elle jouissait, il ne lui restait donc plus que le rapport de force entre les dominants et les domin\u00e9s pour maintenir la structure soci\u00e9tale.<br \/>\nC\u2019est donc la perte de l\u00e9gitimit\u00e9 de l\u2019autorit\u00e9 naturelle par la transformation des structures anthropologiques qui est \u00e0 l\u2019origine du d\u00e9sordre que nous vivons et qui a men\u00e9 une partie de la population \u00e0 se r\u00e9fugier dans l\u2019islamisme ou dans l\u2019identitarisme pour r\u00e9futer toute \u00e9volution de la tradition et garder une zone de confort s\u00e9curisante.<br \/>\nLa pratique d\u00e9mocratique signifie au fond des rapports pacifi\u00e9s et surtout rationnels entre les concitoyens. Remplacer le rapport de force par le rapport de raison en est une des conditions requises. Tant que la dimension \u00e9motionnelle domine la psych\u00e9 des individus, il ne peut y avoir de d\u00e9mocratie stable et productive.<br \/>\nIl est donc logique que dans les soci\u00e9t\u00e9s en transition comme la n\u00f4tre, celles qui sortent d\u2019un syst\u00e8me traditionnel mais qui n\u2019ont pas encore produit et int\u00e9gr\u00e9 leur propre modernit\u00e9, une forme de d\u00e9sordre, de troubles et de crises devient r\u00e9currente. D\u2019o\u00f9 la n\u00e9cessit\u00e9 d\u2019avoir un r\u00e9gime politique suffisamment fort pour accompagner une \u00e9volution n\u00e9cessaire mais en m\u00eame temps risqu\u00e9e vers cette modernit\u00e9 qu\u2019il s\u2019agit par ailleurs de d\u00e9finir.<br \/>\nIl faut donc aller d\u2019abord vers l\u2019Etat de droit et pr\u00e9parer les esprits, depuis l\u2019\u00e9cole, \u00e0 la d\u00e9mocratie. Cela suppose l\u2019int\u00e9gration de nouvelles valeurs par les jeunes pour leur permettre ensuite de vivre la libert\u00e9 dans le respect des autres. En r\u00e9sum\u00e9, la personne que vous avez cit\u00e9e dans votre question a, \u00e0 l\u2019\u00e9vidence, raison. Maintenant, une fois le constat fait, il faut apporter des solutions. C\u2019est justement le r\u00f4le du politique.<\/p>\n<p><strong><em>A la parade militaire du 5 Juillet, le chef de l\u2019Etat a sembl\u00e9 symboliquement appara\u00eetre plus ancr\u00e9 dans son incarnation du pouvoir et des fonctions de pr\u00e9sident de la R\u00e9publique. Y aurait-il, selon vous, apr\u00e8s cet \u00e9v\u00e8nement historique, un nouveau moment politique dans la carri\u00e8re du Pr\u00e9sident alors qu\u2019il est d\u00e9j\u00e0 \u00e0 mi-mandat ?<br \/>\n<\/em><\/strong>Comme le dit le proverbe \u00abc\u2019est en forgeant que l\u2019on devient forgeron\u00bb, l\u2019exp\u00e9rience de Chef de l\u2019Etat s\u2019acquiert et n\u2019est pas inn\u00e9e. Il est donc tout \u00e0 fait naturel qu\u2019apr\u00e8s ces deux ann\u00e9es pass\u00e9es \u00e0 la pr\u00e9sidence, M. Tebboune puisse porter avec plus d\u2019aisance ses charges. Maintenant, je ne saurai vous dire les intentions du Pr\u00e9sident pour la suite. Il ne peut pas ne pas penser \u00e0 l\u2019avenir du pays, non seulement c\u2019est l\u00e9gitime, mais c\u2019est \u00e9galement un devoir pour lui. C\u2019est donc \u00e0 lui de tirer les conclusions de son exp\u00e9rience et de d\u00e9cider, dans le cadre constitutionnel, la meilleure d\u00e9cision \u00e0 prendre pour le bien du pays.<\/p>\n<p><strong><em>Les mesures de gr\u00e2ce et d\u2019\u00abapaisement\u00bb prises par M. Tebboune sont-elles suffisantes \u00e0 vos yeux ?<br \/>\n<\/em><\/strong>Il est ind\u00e9niable qu\u2019il vient de faire un geste de bonne volont\u00e9. La majorit\u00e9 des b\u00e9n\u00e9ficiaires sont des d\u00e9tenus de droit commun et cela est une tradition. Cette fois, les d\u00e9tenus du Hirak sont \u00e9galement concern\u00e9s. Cela est tr\u00e8s bien. Nous les avons toujours d\u00e9fendus m\u00eame si nous le faisons discr\u00e8tement. Il faut tourner la page des dissensions, cela ne peut que favoriser le dialogue et le renforcement de la coh\u00e9sion nationale.<\/p>\n<p><strong><em>Le communiqu\u00e9 de la pr\u00e9sidence sur ces mesures annonce, \u00e9galement, une \u00abloi sp\u00e9ciale\u00bb en compl\u00e9ment de celles promulgu\u00e9es jadis dans le cadre de la \u00abrahma\u00bb et de la charte pour la paix et la r\u00e9conciliation. Quel sens politique a, pour vous, cette annonce ?<br \/>\n<\/em><\/strong>Pour le moment, il est difficile d\u2019\u00e9valuer cette mesure. Je sais par contre qu\u2019un certain nombre d\u2019Alg\u00e9riens exil\u00e9s, qui avaient quitt\u00e9 le pays dans les ann\u00e9es 1990, ont pu de nouveau rentrer malgr\u00e9 leur condamnation pass\u00e9e. Leur mandat d\u2019arr\u00eat a \u00e9t\u00e9 vid\u00e9 et ils ont pu de ce fait retrouver leurs familles. Il faut en finir avec les s\u00e9quelles de ces ann\u00e9es de malheur et se tourner vers l\u2019avenir.<\/p>\n<p><strong><em>Quid de l\u2019initiative du Pr\u00e9sident de \u00abrassembler\u00bb les forces vives du pays ?<br \/>\n<\/em><\/strong>C\u2019est un projet politique strat\u00e9gique. Rassembler les forces vives ne signifie pas distribuer des postes ou des avantages, mais de cr\u00e9er les conditions de l\u2019\u00e9coute, de l\u2019\u00e9change, de la possibilit\u00e9 du d\u00e9bat serein. L\u2019initiative appartient au Pr\u00e9sident de la R\u00e9publique, mais il ne peut la concr\u00e9tiser si de l\u2019autre c\u00f4t\u00e9 il y a de la r\u00e9ticence. Nous revenons donc \u00e0 cette id\u00e9e que la p\u00e9dagogie peut amener au rapport de raison. C\u2019est la seule voie qui peut entra\u00eener \u00e0 terme l\u2019entente et la coh\u00e9sion.<\/p>\n<p><strong><em>Le croyez-vous capable de mener les r\u00e9formes surtout \u00e9conomiques qu\u2019il a annonc\u00e9es et prendre le risque de sortir d\u2019un statu quo qu\u2019encourage aussi bien la situation politique interne que la conjoncture p\u00e9troli\u00e8re rendue favorable par la guerre en Ukraine ?<br \/>\n<\/em><\/strong>Le risque est de rester dans le statu quo et non pas d\u2019en sortir. L\u2019Alg\u00e9rie est tr\u00e8s en retard sur ce qui se d\u00e9roule dans le monde. Dans les ann\u00e9es 1980, le syst\u00e8me \u00e0 parti unique s\u2019\u00e9tait \u00e9croul\u00e9 en Alg\u00e9rie et dans le monde. Les anciens pays communistes se sont alors engag\u00e9s sur une voie lib\u00e9rale. M\u00eame la Russie ou la Chine ont alors jou\u00e9 le jeu de la globalisation et de la mondialisation. Ils en ont tir\u00e9 d\u2019\u00e9normes b\u00e9n\u00e9fices. L\u2019Alg\u00e9rie, durant cette p\u00e9riode, avait sombr\u00e9 dans ses contradictions internes et r\u00e9gress\u00e9 gravement.<br \/>\nTrente ans apr\u00e8s, le cycle de la mondialisation se referme. Nous entrons maintenant dans une d\u00e9mondialisation. Les r\u00e8gles du jeu sont en cours de transformation. Nous ne devons pas rater le coche une deuxi\u00e8me fois. Il faut bien saisir le sens de ce qui est en train de se passer pour ne pas faire de faux pas.<br \/>\nLa guerre en Ukraine est un sympt\u00f4me local violent d\u2019une reconfiguration du jeu des puissances mondiales. L\u2019incontestable d\u00e9clin de l\u2019Occident pose de graves questions sur l\u2019avenir du monde. L\u2019Alg\u00e9rie a des atouts de premier ordre dans cette phase historique. Au-del\u00e0 de la conjoncture p\u00e9troli\u00e8re favorable, il faut percevoir une perspective \u00e0 plus long terme, celle qui positionne l\u2019Alg\u00e9rie entre les deux mondes qui se dessinent. Nous pouvons \u00eatre l\u2019un des points de contact fertile entre ces deux mondes, un n\u0153ud g\u00e9ostrat\u00e9gique.<\/p>\n<p><strong><em>Jil Jadid a un avis sur les \u00abop\u00e9rations sp\u00e9ciales\u00bb en Ukraine\u2026<br \/>\n<\/em><\/strong>Bien s\u00fbr. Nous avions tr\u00e8s t\u00f4t r\u00e9agi \u00e0 cet \u00e9v\u00e9nement. J\u2019ai fais une contribution dans un quotidien national pour placer cette crise dans sa v\u00e9ritable perspective. Mon sentiment est que l\u2019\u00e9volution de ce conflit a confort\u00e9 notre point de vue. Par ailleurs, le Conseil scientifique de Jil Jadid avait organis\u00e9 une conf\u00e9rence publique sur ce sujet. C\u2019est vous dire l\u2019importance que nous accordons \u00e0 ce conflit.<\/p>\n<p><strong><em>Quelle analyse avez-vous des situations politiques et \u00e9conomiques au Maghreb ?<br \/>\n<\/em><\/strong>Lorsque vous regardez une carte g\u00e9ographique du monde, vous verrez tr\u00e8s rapidement que le Maghreb, au Sud de la M\u00e9diterran\u00e9e, a une position tr\u00e8s sensible. Malheureusement, sa faiblesse \u00e9conomique, sociale et politique en fait un point mou sur le flanc d\u2019une Europe qui a longtemps \u00e9t\u00e9 le centre du monde.<br \/>\nSans avoir \u00e0 reprendre la th\u00e9orie de McKinder du heartland et du rimmeland, reprise ensuite entre autres, Brezinski et de mani\u00e8re plus subtile Huntington, il est \u00e9vident que le Maghreb forme, avec les Proche et Moyen-Orient un cercle ext\u00e9rieur tr\u00e8s expos\u00e9 sur l\u2019\u00e9chiquier mondial. Ce n\u2019est pas pour rien que les conflits en Palestine, en Syrie, au Liban, etc. ne se calment pas. Ces conflits peuvent s\u2019\u00e9tendre tr\u00e8s facilement \u00e0 notre r\u00e9gion d\u2019autant plus que le Sahel est tr\u00e8s largement d\u00e9stabilis\u00e9, que la Tunisie est menac\u00e9e et que notre voisin de l\u2019Ouest s\u2019est engag\u00e9 dans une politique douteuse.<\/p>\n<p><strong><em>La relation avec le Maroc est au stade d\u2019une \u00abguerre froide\u00bb susceptible de passer \u00e0 une \u00abguerre chaude\u00bb. Quelle appr\u00e9ciation Jil Jadid fait-il des raisons et des cons\u00e9quences de la d\u00e9t\u00e9rioration du climat entre les deux pays ? Votre parti a-t-il une proposition de sortie de crise ?<br \/>\n<\/em><\/strong>Les Alg\u00e9riens et les Marocains sont deux peuples voisins et proches sur beaucoup de points. Cependant, l\u2019histoire de ces deux Etats les s\u00e9pare profond\u00e9ment. L\u2019Alg\u00e9rie a r\u00e9cup\u00e9r\u00e9 sa souverainet\u00e9 apr\u00e8s avoir \u00e9t\u00e9 annihil\u00e9e par une longue colonisation, et ce, gr\u00e2ce \u00e0 une r\u00e9volution arm\u00e9e populaire. L\u2019Etat alg\u00e9rien en est le produit. Cela a d\u2019\u00e9normes cons\u00e9quences sur sa formation, sa composition, sa doctrine, sa repr\u00e9sentativit\u00e9 et sa logique. L\u2019Etat marocain, lui, s\u2019est construit sur le Makhzen en opposition \u00e0 la majorit\u00e9 populaire du \u00abbled essiba\u00bb. Etant constamment menac\u00e9 par une remise en cause par le peuple, le pouvoir marocain s\u2019est toujours appuy\u00e9 sur des puissances \u00e9trang\u00e8res pour se maintenir. Il n\u2019a aucun scrupule \u00e0 utiliser tous les moyens, y compris des concessions sur sa propre souverainet\u00e9, pour sa survie. Cela vous explique l\u2019influence de certains lobbies \u00e9trangers ou la pr\u00e9sence directe d\u2019Isra\u00ebl dans le pays.<br \/>\nNous sommes donc face \u00e0 un s\u00e9rieux probl\u00e8me. Si l\u2019Alg\u00e9rie c\u00e8de face aux ambitions du Maroc, elle finira par \u00eatre engloutie dans des strat\u00e9gies antinomiques avec notre id\u00e9al constitutif. Si, au contraire, elle r\u00e9siste, elle risque d\u2019\u00eatre entra\u00een\u00e9e dans une \u00abguerre chaude\u00bb, comme vous dites.<br \/>\nAu vu de la reconfiguration mondiale des enjeux, il vaut mieux s\u2019en tenir \u00e0 nos positions de toujours et mieux se pr\u00e9parer \u00e0 toutes les \u00e9ventualit\u00e9s. Ceci ne doit pas non plus, nous priver de l\u2019espoir que des changements structurels au Maroc peuvent survenir \u00e0 tout moment. Esp\u00e9rons que cela se fera en faveur du peuple marocain et de ceux du Grand-Maghreb.<\/p>\n<p><strong><em>Quel regard portez-vous sur la situation que vivent nos voisins des pays du Sahel ?<br \/>\n<\/em><\/strong>La r\u00e9gion vit une situation extr\u00eamement difficile. Du point de vue humanitaire, nous ne pouvons qu\u2019\u00eatre tr\u00e8s vigilants tout en exprimant par les actes notre compassion et notre fraternit\u00e9. Il reste que ce que fait le Mali, le Burkina Faso et d\u2019autres r\u00e9v\u00e8le une tr\u00e8s grande volont\u00e9 de s\u2019affranchir des diff\u00e9rentes tutelles \u00e9trang\u00e8res. Le paradoxe est que non seulement le Sahel est pauvre, mais en plus il est exploit\u00e9 sans vergogne. Les derni\u00e8res d\u00e9cisions de la Cedeao pour lever les sanctions contre le Mali est une \u00e9volution positive. L\u2019Alg\u00e9rie doit rester tr\u00e8s attentive et tr\u00e8s impliqu\u00e9e dans les processus politiques qui s\u2019y d\u00e9veloppent. La stabilit\u00e9 de cette r\u00e9gion est strat\u00e9gique pour l\u2019Alg\u00e9rie.<\/p>\n<p><strong><em>La relation avec la France, un partenaire important \u00e0 plus d\u2019un titre, reste marqu\u00e9e par un processus de \u00abd\u00e9gel laborieux\u00bb, selon les termes du chef de la diplomatie Ramtane Lamamra. Qu\u2019en pensez-vous et que propose Jil Jadid pour la renouveler sur des bases moins conflictuelles ?<br \/>\n<\/em><\/strong>Oui, l\u2019Alg\u00e9rie et la France sont des partenaires tr\u00e8s importants. Sans avoir \u00e0 \u00e9num\u00e9rer les int\u00e9r\u00eats de chacun dans cette relation, qu\u2019ils soient humains, \u00e9conomiques, historiques, politiques\u2026 chacun comprend qu\u2019une coop\u00e9ration bilat\u00e9rale de qualit\u00e9 peut \u00eatre d\u2019un tr\u00e8s grand avantage pour les deux parties, alors qu\u2019une m\u00e9sentente peut devenir ing\u00e9rable. Il faut dire aussi que la communaut\u00e9 alg\u00e9rienne en France est tr\u00e8s importante et qu\u2019elle peut devenir un facteur d\u2019entente et de coop\u00e9ration entre nos deux pays au lieu de constituer un motif de tensions.<br \/>\nPar ailleurs, l\u2019Alg\u00e9rie est bien pourvue en ressources \u00e9nerg\u00e9tiques, mais a besoin d\u2019investissements ext\u00e9rieurs cons\u00e9quents dans l\u2019industrie et les services. Dans l\u2019autre sens, la France a besoin d\u2019\u00e9nergie, mais a les moyens d\u2019investir dans de nombreux domaines tels l\u2019agroalimentaire ou la PME\/PMI en d\u00e9localisant certaines de ses activit\u00e9s \u00e9nergivores hors de son territoire. C\u2019est en recherchant les bonnes fili\u00e8res o\u00f9 cette coop\u00e9ration peut aboutir \u00e0 une production concurrentielle que de nouveaux liens peuvent s\u2019\u00e9tablir en s\u2019affranchissant des freins du pass\u00e9.<br \/>\nTous ces \u00e9l\u00e9ments sont de nature objective. Le probl\u00e8me est que les rapports alg\u00e9ro-fran\u00e7ais sont d\u2019une nature \u00e9motionnelle et rel\u00e8vent d\u2019un pass\u00e9 excessivement douloureux. Mon sentiment est qu\u2019en France, la classe politico-m\u00e9diatique traite une s\u00e9rie de questions li\u00e9es d\u2019une fa\u00e7on ou d\u2019une autre \u00e0 l\u2019Alg\u00e9rie, avec d\u00e9tachement, pour ne pas dire avec d\u00e9sinvolture ou m\u00eame cynisme. Des responsables politiques r\u00e9futent trop facilement la nation alg\u00e9rienne, d\u2019autres encensent le colonialisme dans les enceintes des assembl\u00e9es ou sur les colonnes des journaux. Les discours amplifi\u00e9s d\u2019un certain candidat \u00e0 la pr\u00e9sidentielle ont un impact catastrophique sur notre opinion publique. Je sais que, par ailleurs, il y a d\u2019autres courants politiques qui d\u00e9fendent des th\u00e8ses oppos\u00e9es.<br \/>\nPourtant, juste apr\u00e8s l\u2019Ind\u00e9pendance et jusqu\u2019aux \u00e9v\u00e9nements des ann\u00e9es 1990, une communaut\u00e9 fran\u00e7aise vivait paisiblement ici en toute harmonie avec les Alg\u00e9riens. La page coloniale avait \u00e9t\u00e9 tourn\u00e9e et les Alg\u00e9riens voulaient regarder l\u2019avenir. Aujourd\u2019hui, il y a un ressentiment tr\u00e8s vif chez eux parce qu\u2019ils ont le sentiment que la France n\u2019a finalement pas accept\u00e9 leur ind\u00e9pendance et qu\u2019elle n\u2019arr\u00eate pas de les juger, de condamner leur religion, de les m\u00e9priser avec des caricatures ou dans les meetings politiques.<br \/>\nLa m\u00e9moire des peuples peut \u00eatre tr\u00e8s oublieuse pour certaines choses, mais extraordinairement puissante et r\u00e9manente pour d\u2019autres. Et les Alg\u00e9riens savent se faire d\u00e9sagr\u00e9ables lorsqu\u2019ils le veulent.<br \/>\nLa France officielle devrait \u00e0 mon sens rester tr\u00e8s discr\u00e8te sur tout ce qui concerne les affaires int\u00e9rieures des Alg\u00e9riens et laisser la soci\u00e9t\u00e9 civile, les hommes d\u2019affaires, les femmes et les hommes de culture et de bonne volont\u00e9, tisser des relations d\u2019int\u00e9r\u00eats mutuels dans le respect et l\u2019amiti\u00e9. L\u2019erreur fatale serait d\u2019engager un rapport de force, comme l\u2019a laiss\u00e9 entendre un ancien ambassadeur \u00e0 Alger.<br \/>\nLes obstacles sont nombreux, souvent irrationnels mais les atouts pour un meilleur avenir sont incontestables. Aux deux peuples de d\u00e9passer leurs diff\u00e9rends et d\u2019aller vers un partenariat \u00e9quilibr\u00e9, respectueux et fructueux ! Cela est largement \u00e0 notre port\u00e9e.<\/p>\n<p><strong><em>Une derni\u00e8re question sur la relation avec l\u2019Europe, en direction de laquelle il y a le souhait de ren\u00e9gocier l\u2019accord d\u2019association. Est-ce une priorit\u00e9, selon vous ?<br \/>\n<\/em><\/strong>Il n\u2019y a pas de doute que cet accord devra \u00eatre ren\u00e9goci\u00e9, non pas qu\u2019il soit intrins\u00e8quement mauvais mais parce que l\u2019Alg\u00e9rie n\u2019a pas les moyens de b\u00e9n\u00e9ficier de ses dispositions. Cet accord aurait \u00e9t\u00e9 bon si l\u2019Alg\u00e9rie avait des capacit\u00e9s de production et d\u2019exportation cons\u00e9quentes. Finalement, le commerce se fait dans un seul sens. C\u2019est gr\u00e2ce aux hydrocarbures que la balance commerciale a tenu la route.<br \/>\nEn r\u00e9alit\u00e9, la conjoncture mondiale est en passe de changer la donne et l\u2019\u00e9quilibre commercial et financier mondial est en pleine reconfiguration, ce qui suppose ipso facto une r\u00e9\u00e9valuation des accords, en g\u00e9n\u00e9ral, et celui avec l\u2019UE, en particulier.<br \/>\nJe ne veux pas jouer les Cassandre, mais je pense que la construction europ\u00e9enne sera bient\u00f4t en question, en tous les cas, telle qu\u2019elle est actuellement, elle ne semble plus pertinente. Les tensions internes qu\u2019a mises en lumi\u00e8re la guerre en Ukraine et le d\u00e9s\u00e9quilibre mon\u00e9taire flagrant entre le Nord et le Sud de l\u2019Europe reposent la question de la viabilit\u00e9 de l\u2019Euro et du syst\u00e8me \u00e9conomique mis en place.<\/p>\n<p>L\u2019Alg\u00e9rie, doit en tous les cas, repenser ses relations \u00e9conomiques \u00e0 la faveur des nouvelles donnes.<\/p>\n<p>Source : https:\/\/www.reporters.dz\/entretien-avec-soufiane-djilali-president-de-jil-jadid-le-dialogue-et-lecoute-sinceres-sont-la-meilleure-voie-pour-le-pays\/<\/p>\n","protected":false},"excerpt":{"rendered":"<p>Quelle place Jil Jadid occupe-t-il dans le champ politique national ? Quelles sont ses positions par rapport aux grandes questions politiques, \u00e9conomiques,&hellip;<\/p>\n","protected":false},"author":50,"featured_media":57246,"comment_status":"open","ping_status":"open","sticky":false,"template":"","format":"standard","meta":{"_lmt_disableupdate":"","_lmt_disable":"","footnotes":""},"categories":[32,49],"tags":[],"class_list":["post-57245","post","type-post","status-publish","format-standard","has-post-thumbnail","hentry","category-algerie","category-politique"],"yoast_head":"<!-- This site is optimized with the Yoast SEO plugin v27.3 - https:\/\/yoast.com\/product\/yoast-seo-wordpress\/ -->\n<title>A c\u0153ur ouvert avec Soufiane Djilali, pr\u00e9sident de Jil Jadid : \u00abLe dialogue et l\u2019\u00e9coute sinc\u00e8res sont la meilleure voie pour le pays\u00bb - AAH.JZR<\/title>\n<meta name=\"robots\" content=\"index, follow, max-snippet:-1, max-image-preview:large, max-video-preview:-1\" \/>\n<link rel=\"canonical\" href=\"https:\/\/jazairhope.org\/fr\/a-coeur-ouvert-avec-soufiane-djilali-president-de-jil-jadid-le-dialogue-et-lecoute-sinceres-sont-la-meilleure-voie-pour-le-pays\/\" \/>\n<meta property=\"og:locale\" content=\"fr_FR\" \/>\n<meta property=\"og:type\" content=\"article\" \/>\n<meta property=\"og:title\" content=\"A c\u0153ur ouvert avec Soufiane Djilali, pr\u00e9sident de Jil Jadid : \u00abLe dialogue et l\u2019\u00e9coute sinc\u00e8res sont la meilleure voie pour le pays\u00bb - AAH.JZR\" \/>\n<meta property=\"og:description\" content=\"Quelle place Jil Jadid occupe-t-il dans le champ politique national ? Quelles sont ses positions par rapport aux grandes questions politiques, \u00e9conomiques,&hellip;\" \/>\n<meta property=\"og:url\" content=\"https:\/\/jazairhope.org\/fr\/a-coeur-ouvert-avec-soufiane-djilali-president-de-jil-jadid-le-dialogue-et-lecoute-sinceres-sont-la-meilleure-voie-pour-le-pays\/\" \/>\n<meta property=\"og:site_name\" content=\"AAH.JZR\" \/>\n<meta property=\"article:publisher\" content=\"https:\/\/www.facebook.com\/jazairhope\" \/>\n<meta property=\"article:published_time\" content=\"2022-07-13T14:18:40+00:00\" \/>\n<meta property=\"og:image\" content=\"https:\/\/jazairhope.org\/wp-content\/uploads\/2022\/07\/Capture-21.png\" \/>\n\t<meta property=\"og:image:width\" content=\"703\" \/>\n\t<meta property=\"og:image:height\" content=\"482\" \/>\n\t<meta property=\"og:image:type\" content=\"image\/png\" \/>\n<meta name=\"author\" content=\"Hope Jzr\" \/>\n<meta name=\"twitter:card\" content=\"summary_large_image\" \/>\n<meta name=\"twitter:label1\" content=\"\u00c9crit par\" \/>\n\t<meta name=\"twitter:data1\" content=\"Hope Jzr\" \/>\n\t<meta name=\"twitter:label2\" content=\"Dur\u00e9e de lecture estim\u00e9e\" \/>\n\t<meta name=\"twitter:data2\" content=\"23 minutes\" \/>\n<script type=\"application\/ld+json\" class=\"yoast-schema-graph\">{\"@context\":\"https:\\\/\\\/schema.org\",\"@graph\":[{\"@type\":\"Article\",\"@id\":\"https:\\\/\\\/jazairhope.org\\\/fr\\\/a-coeur-ouvert-avec-soufiane-djilali-president-de-jil-jadid-le-dialogue-et-lecoute-sinceres-sont-la-meilleure-voie-pour-le-pays\\\/#article\",\"isPartOf\":{\"@id\":\"https:\\\/\\\/jazairhope.org\\\/fr\\\/a-coeur-ouvert-avec-soufiane-djilali-president-de-jil-jadid-le-dialogue-et-lecoute-sinceres-sont-la-meilleure-voie-pour-le-pays\\\/\"},\"author\":{\"name\":\"Hope Jzr\",\"@id\":\"https:\\\/\\\/jazairhope.org\\\/fr\\\/#\\\/schema\\\/person\\\/0b50f60fad840cf92313307e38c9d20d\"},\"headline\":\"A c\u0153ur ouvert avec Soufiane Djilali, pr\u00e9sident de Jil Jadid : \u00abLe dialogue et l\u2019\u00e9coute sinc\u00e8res sont la meilleure voie pour le pays\u00bb\",\"datePublished\":\"2022-07-13T14:18:40+00:00\",\"mainEntityOfPage\":{\"@id\":\"https:\\\/\\\/jazairhope.org\\\/fr\\\/a-coeur-ouvert-avec-soufiane-djilali-president-de-jil-jadid-le-dialogue-et-lecoute-sinceres-sont-la-meilleure-voie-pour-le-pays\\\/\"},\"wordCount\":5969,\"commentCount\":0,\"image\":{\"@id\":\"https:\\\/\\\/jazairhope.org\\\/fr\\\/a-coeur-ouvert-avec-soufiane-djilali-president-de-jil-jadid-le-dialogue-et-lecoute-sinceres-sont-la-meilleure-voie-pour-le-pays\\\/#primaryimage\"},\"thumbnailUrl\":\"https:\\\/\\\/jazairhope.org\\\/wp-content\\\/uploads\\\/2022\\\/07\\\/Capture-21.png\",\"articleSection\":[\"Alg\u00e9rie Alg\u00e9rienne\",\"Politique\"],\"inLanguage\":\"fr-FR\",\"potentialAction\":[{\"@type\":\"CommentAction\",\"name\":\"Comment\",\"target\":[\"https:\\\/\\\/jazairhope.org\\\/fr\\\/a-coeur-ouvert-avec-soufiane-djilali-president-de-jil-jadid-le-dialogue-et-lecoute-sinceres-sont-la-meilleure-voie-pour-le-pays\\\/#respond\"]}]},{\"@type\":\"WebPage\",\"@id\":\"https:\\\/\\\/jazairhope.org\\\/fr\\\/a-coeur-ouvert-avec-soufiane-djilali-president-de-jil-jadid-le-dialogue-et-lecoute-sinceres-sont-la-meilleure-voie-pour-le-pays\\\/\",\"url\":\"https:\\\/\\\/jazairhope.org\\\/fr\\\/a-coeur-ouvert-avec-soufiane-djilali-president-de-jil-jadid-le-dialogue-et-lecoute-sinceres-sont-la-meilleure-voie-pour-le-pays\\\/\",\"name\":\"A c\u0153ur ouvert avec Soufiane Djilali, pr\u00e9sident de Jil Jadid : \u00abLe dialogue et l\u2019\u00e9coute sinc\u00e8res sont la meilleure voie pour le pays\u00bb - AAH.JZR\",\"isPartOf\":{\"@id\":\"https:\\\/\\\/jazairhope.org\\\/fr\\\/#website\"},\"primaryImageOfPage\":{\"@id\":\"https:\\\/\\\/jazairhope.org\\\/fr\\\/a-coeur-ouvert-avec-soufiane-djilali-president-de-jil-jadid-le-dialogue-et-lecoute-sinceres-sont-la-meilleure-voie-pour-le-pays\\\/#primaryimage\"},\"image\":{\"@id\":\"https:\\\/\\\/jazairhope.org\\\/fr\\\/a-coeur-ouvert-avec-soufiane-djilali-president-de-jil-jadid-le-dialogue-et-lecoute-sinceres-sont-la-meilleure-voie-pour-le-pays\\\/#primaryimage\"},\"thumbnailUrl\":\"https:\\\/\\\/jazairhope.org\\\/wp-content\\\/uploads\\\/2022\\\/07\\\/Capture-21.png\",\"datePublished\":\"2022-07-13T14:18:40+00:00\",\"author\":{\"@id\":\"https:\\\/\\\/jazairhope.org\\\/fr\\\/#\\\/schema\\\/person\\\/0b50f60fad840cf92313307e38c9d20d\"},\"breadcrumb\":{\"@id\":\"https:\\\/\\\/jazairhope.org\\\/fr\\\/a-coeur-ouvert-avec-soufiane-djilali-president-de-jil-jadid-le-dialogue-et-lecoute-sinceres-sont-la-meilleure-voie-pour-le-pays\\\/#breadcrumb\"},\"inLanguage\":\"fr-FR\",\"potentialAction\":[{\"@type\":\"ReadAction\",\"target\":[\"https:\\\/\\\/jazairhope.org\\\/fr\\\/a-coeur-ouvert-avec-soufiane-djilali-president-de-jil-jadid-le-dialogue-et-lecoute-sinceres-sont-la-meilleure-voie-pour-le-pays\\\/\"]}]},{\"@type\":\"ImageObject\",\"inLanguage\":\"fr-FR\",\"@id\":\"https:\\\/\\\/jazairhope.org\\\/fr\\\/a-coeur-ouvert-avec-soufiane-djilali-president-de-jil-jadid-le-dialogue-et-lecoute-sinceres-sont-la-meilleure-voie-pour-le-pays\\\/#primaryimage\",\"url\":\"https:\\\/\\\/jazairhope.org\\\/wp-content\\\/uploads\\\/2022\\\/07\\\/Capture-21.png\",\"contentUrl\":\"https:\\\/\\\/jazairhope.org\\\/wp-content\\\/uploads\\\/2022\\\/07\\\/Capture-21.png\",\"width\":703,\"height\":482},{\"@type\":\"BreadcrumbList\",\"@id\":\"https:\\\/\\\/jazairhope.org\\\/fr\\\/a-coeur-ouvert-avec-soufiane-djilali-president-de-jil-jadid-le-dialogue-et-lecoute-sinceres-sont-la-meilleure-voie-pour-le-pays\\\/#breadcrumb\",\"itemListElement\":[{\"@type\":\"ListItem\",\"position\":1,\"name\":\"Accueil\",\"item\":\"https:\\\/\\\/jazairhope.org\\\/fr\\\/\"},{\"@type\":\"ListItem\",\"position\":2,\"name\":\"A c\u0153ur ouvert avec Soufiane Djilali, pr\u00e9sident de Jil Jadid : \u00abLe dialogue et l\u2019\u00e9coute sinc\u00e8res sont la meilleure voie pour le pays\u00bb\"}]},{\"@type\":\"WebSite\",\"@id\":\"https:\\\/\\\/jazairhope.org\\\/fr\\\/#website\",\"url\":\"https:\\\/\\\/jazairhope.org\\\/fr\\\/\",\"name\":\"AAH.JZR\",\"description\":\"Environment, Health, Science, Art, Economics\",\"potentialAction\":[{\"@type\":\"SearchAction\",\"target\":{\"@type\":\"EntryPoint\",\"urlTemplate\":\"https:\\\/\\\/jazairhope.org\\\/fr\\\/?s={search_term_string}\"},\"query-input\":{\"@type\":\"PropertyValueSpecification\",\"valueRequired\":true,\"valueName\":\"search_term_string\"}}],\"inLanguage\":\"fr-FR\"},{\"@type\":\"Person\",\"@id\":\"https:\\\/\\\/jazairhope.org\\\/fr\\\/#\\\/schema\\\/person\\\/0b50f60fad840cf92313307e38c9d20d\",\"name\":\"Hope Jzr\",\"image\":{\"@type\":\"ImageObject\",\"inLanguage\":\"fr-FR\",\"@id\":\"https:\\\/\\\/secure.gravatar.com\\\/avatar\\\/0a42f66f14ba94b77f351f3bb2f3b9389c4063acb1697ffb32f5d3944782d3e7?s=96&d=mm&r=g\",\"url\":\"https:\\\/\\\/secure.gravatar.com\\\/avatar\\\/0a42f66f14ba94b77f351f3bb2f3b9389c4063acb1697ffb32f5d3944782d3e7?s=96&d=mm&r=g\",\"contentUrl\":\"https:\\\/\\\/secure.gravatar.com\\\/avatar\\\/0a42f66f14ba94b77f351f3bb2f3b9389c4063acb1697ffb32f5d3944782d3e7?s=96&d=mm&r=g\",\"caption\":\"Hope Jzr\"},\"description\":\"\u00c0 propos de Hope&amp;ChaDia Hope&amp;ChaDia n\u2019est pas un pseudonyme, mais une m\u00e9thode de travail. Hope : l\u2019id\u00e9e, l\u2019esprit, la structure, la vision. C\u2019est l\u2019impulsion humaine qui choisit l\u2019angle, trace la ligne \u00e9ditoriale et donne le sens. ChaDia : l\u2019assistante, qui met en forme, d\u00e9veloppe, affine le style et v\u00e9rifie les faits. Une aide technologique qui amplifie mais ne cr\u00e9e pas. Ensemble, Hope&amp;ChaDia produisent des textes hybrides : profond\u00e9ment humains dans leur inspiration, rigoureux et pr\u00e9cis dans leur r\u00e9alisation. . . SUPPORTEZ JAZAIRHOPE ET FAITES CONNA\u00ceTRE LE PATRIMOINE ET L\u2019HISTOIRE DE L\u2019ALG\u00c9RIE, EN ACHETANT LE LIVRE DE JAZAIRHOPE POUR VOUS OU POUR L\u2019OFFRIR A VOS PROCHES, ICI : https:\\\/\\\/jazairhope.org\\\/fr\\\/ebook\\\/ CEUX EN ALG\u00c9RIE ET CEUX QUI PEUVENT PAS L\u2019ACHETER ON OFFRE UNE COPIE DIGITALE GRATUITE, POUR CELA ENVOYEZ UN EMAIL \u00c0 : INFO@JAZAIRHOPE.ORG\",\"url\":\"https:\\\/\\\/jazairhope.org\\\/fr\\\/author\\\/hope-jazair\\\/\"}]}<\/script>\n<!-- \/ Yoast SEO plugin. -->","yoast_head_json":{"title":"A c\u0153ur ouvert avec Soufiane Djilali, pr\u00e9sident de Jil Jadid : \u00abLe dialogue et l\u2019\u00e9coute sinc\u00e8res sont la meilleure voie pour le pays\u00bb - AAH.JZR","robots":{"index":"index","follow":"follow","max-snippet":"max-snippet:-1","max-image-preview":"max-image-preview:large","max-video-preview":"max-video-preview:-1"},"canonical":"https:\/\/jazairhope.org\/fr\/a-coeur-ouvert-avec-soufiane-djilali-president-de-jil-jadid-le-dialogue-et-lecoute-sinceres-sont-la-meilleure-voie-pour-le-pays\/","og_locale":"fr_FR","og_type":"article","og_title":"A c\u0153ur ouvert avec Soufiane Djilali, pr\u00e9sident de Jil Jadid : \u00abLe dialogue et l\u2019\u00e9coute sinc\u00e8res sont la meilleure voie pour le pays\u00bb - AAH.JZR","og_description":"Quelle place Jil Jadid occupe-t-il dans le champ politique national ? Quelles sont ses positions par rapport aux grandes questions politiques, \u00e9conomiques,&hellip;","og_url":"https:\/\/jazairhope.org\/fr\/a-coeur-ouvert-avec-soufiane-djilali-president-de-jil-jadid-le-dialogue-et-lecoute-sinceres-sont-la-meilleure-voie-pour-le-pays\/","og_site_name":"AAH.JZR","article_publisher":"https:\/\/www.facebook.com\/jazairhope","article_published_time":"2022-07-13T14:18:40+00:00","og_image":[{"width":703,"height":482,"url":"https:\/\/jazairhope.org\/wp-content\/uploads\/2022\/07\/Capture-21.png","type":"image\/png"}],"author":"Hope Jzr","twitter_card":"summary_large_image","twitter_misc":{"\u00c9crit par":"Hope Jzr","Dur\u00e9e de lecture estim\u00e9e":"23 minutes"},"schema":{"@context":"https:\/\/schema.org","@graph":[{"@type":"Article","@id":"https:\/\/jazairhope.org\/fr\/a-coeur-ouvert-avec-soufiane-djilali-president-de-jil-jadid-le-dialogue-et-lecoute-sinceres-sont-la-meilleure-voie-pour-le-pays\/#article","isPartOf":{"@id":"https:\/\/jazairhope.org\/fr\/a-coeur-ouvert-avec-soufiane-djilali-president-de-jil-jadid-le-dialogue-et-lecoute-sinceres-sont-la-meilleure-voie-pour-le-pays\/"},"author":{"name":"Hope Jzr","@id":"https:\/\/jazairhope.org\/fr\/#\/schema\/person\/0b50f60fad840cf92313307e38c9d20d"},"headline":"A c\u0153ur ouvert avec Soufiane Djilali, pr\u00e9sident de Jil Jadid : \u00abLe dialogue et l\u2019\u00e9coute sinc\u00e8res sont la meilleure voie pour le pays\u00bb","datePublished":"2022-07-13T14:18:40+00:00","mainEntityOfPage":{"@id":"https:\/\/jazairhope.org\/fr\/a-coeur-ouvert-avec-soufiane-djilali-president-de-jil-jadid-le-dialogue-et-lecoute-sinceres-sont-la-meilleure-voie-pour-le-pays\/"},"wordCount":5969,"commentCount":0,"image":{"@id":"https:\/\/jazairhope.org\/fr\/a-coeur-ouvert-avec-soufiane-djilali-president-de-jil-jadid-le-dialogue-et-lecoute-sinceres-sont-la-meilleure-voie-pour-le-pays\/#primaryimage"},"thumbnailUrl":"https:\/\/jazairhope.org\/wp-content\/uploads\/2022\/07\/Capture-21.png","articleSection":["Alg\u00e9rie Alg\u00e9rienne","Politique"],"inLanguage":"fr-FR","potentialAction":[{"@type":"CommentAction","name":"Comment","target":["https:\/\/jazairhope.org\/fr\/a-coeur-ouvert-avec-soufiane-djilali-president-de-jil-jadid-le-dialogue-et-lecoute-sinceres-sont-la-meilleure-voie-pour-le-pays\/#respond"]}]},{"@type":"WebPage","@id":"https:\/\/jazairhope.org\/fr\/a-coeur-ouvert-avec-soufiane-djilali-president-de-jil-jadid-le-dialogue-et-lecoute-sinceres-sont-la-meilleure-voie-pour-le-pays\/","url":"https:\/\/jazairhope.org\/fr\/a-coeur-ouvert-avec-soufiane-djilali-president-de-jil-jadid-le-dialogue-et-lecoute-sinceres-sont-la-meilleure-voie-pour-le-pays\/","name":"A c\u0153ur ouvert avec Soufiane Djilali, pr\u00e9sident de Jil Jadid : \u00abLe dialogue et l\u2019\u00e9coute sinc\u00e8res sont la meilleure voie pour le pays\u00bb - AAH.JZR","isPartOf":{"@id":"https:\/\/jazairhope.org\/fr\/#website"},"primaryImageOfPage":{"@id":"https:\/\/jazairhope.org\/fr\/a-coeur-ouvert-avec-soufiane-djilali-president-de-jil-jadid-le-dialogue-et-lecoute-sinceres-sont-la-meilleure-voie-pour-le-pays\/#primaryimage"},"image":{"@id":"https:\/\/jazairhope.org\/fr\/a-coeur-ouvert-avec-soufiane-djilali-president-de-jil-jadid-le-dialogue-et-lecoute-sinceres-sont-la-meilleure-voie-pour-le-pays\/#primaryimage"},"thumbnailUrl":"https:\/\/jazairhope.org\/wp-content\/uploads\/2022\/07\/Capture-21.png","datePublished":"2022-07-13T14:18:40+00:00","author":{"@id":"https:\/\/jazairhope.org\/fr\/#\/schema\/person\/0b50f60fad840cf92313307e38c9d20d"},"breadcrumb":{"@id":"https:\/\/jazairhope.org\/fr\/a-coeur-ouvert-avec-soufiane-djilali-president-de-jil-jadid-le-dialogue-et-lecoute-sinceres-sont-la-meilleure-voie-pour-le-pays\/#breadcrumb"},"inLanguage":"fr-FR","potentialAction":[{"@type":"ReadAction","target":["https:\/\/jazairhope.org\/fr\/a-coeur-ouvert-avec-soufiane-djilali-president-de-jil-jadid-le-dialogue-et-lecoute-sinceres-sont-la-meilleure-voie-pour-le-pays\/"]}]},{"@type":"ImageObject","inLanguage":"fr-FR","@id":"https:\/\/jazairhope.org\/fr\/a-coeur-ouvert-avec-soufiane-djilali-president-de-jil-jadid-le-dialogue-et-lecoute-sinceres-sont-la-meilleure-voie-pour-le-pays\/#primaryimage","url":"https:\/\/jazairhope.org\/wp-content\/uploads\/2022\/07\/Capture-21.png","contentUrl":"https:\/\/jazairhope.org\/wp-content\/uploads\/2022\/07\/Capture-21.png","width":703,"height":482},{"@type":"BreadcrumbList","@id":"https:\/\/jazairhope.org\/fr\/a-coeur-ouvert-avec-soufiane-djilali-president-de-jil-jadid-le-dialogue-et-lecoute-sinceres-sont-la-meilleure-voie-pour-le-pays\/#breadcrumb","itemListElement":[{"@type":"ListItem","position":1,"name":"Accueil","item":"https:\/\/jazairhope.org\/fr\/"},{"@type":"ListItem","position":2,"name":"A c\u0153ur ouvert avec Soufiane Djilali, pr\u00e9sident de Jil Jadid : \u00abLe dialogue et l\u2019\u00e9coute sinc\u00e8res sont la meilleure voie pour le pays\u00bb"}]},{"@type":"WebSite","@id":"https:\/\/jazairhope.org\/fr\/#website","url":"https:\/\/jazairhope.org\/fr\/","name":"AAH.JZR","description":"Environment, Health, Science, Art, Economics","potentialAction":[{"@type":"SearchAction","target":{"@type":"EntryPoint","urlTemplate":"https:\/\/jazairhope.org\/fr\/?s={search_term_string}"},"query-input":{"@type":"PropertyValueSpecification","valueRequired":true,"valueName":"search_term_string"}}],"inLanguage":"fr-FR"},{"@type":"Person","@id":"https:\/\/jazairhope.org\/fr\/#\/schema\/person\/0b50f60fad840cf92313307e38c9d20d","name":"Hope Jzr","image":{"@type":"ImageObject","inLanguage":"fr-FR","@id":"https:\/\/secure.gravatar.com\/avatar\/0a42f66f14ba94b77f351f3bb2f3b9389c4063acb1697ffb32f5d3944782d3e7?s=96&d=mm&r=g","url":"https:\/\/secure.gravatar.com\/avatar\/0a42f66f14ba94b77f351f3bb2f3b9389c4063acb1697ffb32f5d3944782d3e7?s=96&d=mm&r=g","contentUrl":"https:\/\/secure.gravatar.com\/avatar\/0a42f66f14ba94b77f351f3bb2f3b9389c4063acb1697ffb32f5d3944782d3e7?s=96&d=mm&r=g","caption":"Hope Jzr"},"description":"\u00c0 propos de Hope&amp;ChaDia Hope&amp;ChaDia n\u2019est pas un pseudonyme, mais une m\u00e9thode de travail. Hope : l\u2019id\u00e9e, l\u2019esprit, la structure, la vision. C\u2019est l\u2019impulsion humaine qui choisit l\u2019angle, trace la ligne \u00e9ditoriale et donne le sens. ChaDia : l\u2019assistante, qui met en forme, d\u00e9veloppe, affine le style et v\u00e9rifie les faits. Une aide technologique qui amplifie mais ne cr\u00e9e pas. Ensemble, Hope&amp;ChaDia produisent des textes hybrides : profond\u00e9ment humains dans leur inspiration, rigoureux et pr\u00e9cis dans leur r\u00e9alisation. . . SUPPORTEZ JAZAIRHOPE ET FAITES CONNA\u00ceTRE LE PATRIMOINE ET L\u2019HISTOIRE DE L\u2019ALG\u00c9RIE, EN ACHETANT LE LIVRE DE JAZAIRHOPE POUR VOUS OU POUR L\u2019OFFRIR A VOS PROCHES, ICI : https:\/\/jazairhope.org\/fr\/ebook\/ CEUX EN ALG\u00c9RIE ET CEUX QUI PEUVENT PAS L\u2019ACHETER ON OFFRE UNE COPIE DIGITALE GRATUITE, POUR CELA ENVOYEZ UN EMAIL \u00c0 : INFO@JAZAIRHOPE.ORG","url":"https:\/\/jazairhope.org\/fr\/author\/hope-jazair\/"}]}},"views":289,"_links":{"self":[{"href":"https:\/\/jazairhope.org\/fr\/wp-json\/wp\/v2\/posts\/57245","targetHints":{"allow":["GET"]}}],"collection":[{"href":"https:\/\/jazairhope.org\/fr\/wp-json\/wp\/v2\/posts"}],"about":[{"href":"https:\/\/jazairhope.org\/fr\/wp-json\/wp\/v2\/types\/post"}],"author":[{"embeddable":true,"href":"https:\/\/jazairhope.org\/fr\/wp-json\/wp\/v2\/users\/50"}],"replies":[{"embeddable":true,"href":"https:\/\/jazairhope.org\/fr\/wp-json\/wp\/v2\/comments?post=57245"}],"version-history":[{"count":0,"href":"https:\/\/jazairhope.org\/fr\/wp-json\/wp\/v2\/posts\/57245\/revisions"}],"wp:featuredmedia":[{"embeddable":true,"href":"https:\/\/jazairhope.org\/fr\/wp-json\/wp\/v2\/media\/57246"}],"wp:attachment":[{"href":"https:\/\/jazairhope.org\/fr\/wp-json\/wp\/v2\/media?parent=57245"}],"wp:term":[{"taxonomy":"category","embeddable":true,"href":"https:\/\/jazairhope.org\/fr\/wp-json\/wp\/v2\/categories?post=57245"},{"taxonomy":"post_tag","embeddable":true,"href":"https:\/\/jazairhope.org\/fr\/wp-json\/wp\/v2\/tags?post=57245"}],"curies":[{"name":"wp","href":"https:\/\/api.w.org\/{rel}","templated":true}]}}