{"id":57999,"date":"2022-07-25T12:04:19","date_gmt":"2022-07-25T11:04:19","guid":{"rendered":"https:\/\/jazairhope.org\/?p=57999"},"modified":"2022-07-25T12:04:19","modified_gmt":"2022-07-25T11:04:19","slug":"amar-belani-le-mur-des-rejouissances-marocain-se-transforme-en-mur-des-lamentations","status":"publish","type":"post","link":"https:\/\/jazairhope.org\/fr\/amar-belani-le-mur-des-rejouissances-marocain-se-transforme-en-mur-des-lamentations\/","title":{"rendered":"Amar Belani : Le \u00ab mur des r\u00e9jouissances marocain se transforme en mur des lamentations \u00bb"},"content":{"rendered":"<p>ans cet entretien, l\u2019envoy\u00e9 sp\u00e9cial charg\u00e9 du dossier sharoui au minist\u00e8re alg\u00e9rien des Affaires \u00e9trang\u00e8res Amar Belani revient sur les tentatives du Maroc d\u2019acter son occupation du Sahara occidental et sur la derni\u00e8re visite de l\u2019envoy\u00e9 personnel du SG de l\u2019ONU dans la r\u00e9gion.<\/p>\n<p><strong>Le ministre des affaires \u00e9trang\u00e8res du Maroc se f\u00e9licite r\u00e9guli\u00e8rement de l\u2019ouverture de consulats dans les territoires sahraouis occup\u00e9s. Pour lui,\u00a0 le nombre de consulats finira par paver la voie \u00e0 l\u2019exclusion de la RASD de l\u2019Union africaine.\u00a0Comment appr\u00e9ciez-vous ces prises de position ?<\/strong><\/p>\n<p>Nous avions d\u00e9j\u00e0 qualifi\u00e9 ces consulats de \u00ab consulats fant\u00f4mes \u00bb car financ\u00e9s par les autorit\u00e9s marocaines sur le budget du minist\u00e8re des Affaires \u00e9trang\u00e8res dans le cadre d\u2019un racolage ind\u00e9cent qui a choqu\u00e9 certains pays africains que le ministre en question a poursuivi de ses avances soutenues.<\/p>\n<p>En effet, certains des Etats concern\u00e9s par ces ouvertures de \u00ab postes consulaires \u00bb n\u2019arrivent m\u00eame pas \u00e0 s\u2019acquitter de leurs cotisations obligatoires dans les organisations internationales ou r\u00e9gionales dont ils sont membres.<\/p>\n<p>C\u2019est \u00e0 dire que la supercherie maniganc\u00e9e par le ministre des Affaires \u00e9trang\u00e8res marocain finira par exploser comme un vulgaire ballon de baudruche.<\/p>\n<p>En fait, ce mur de r\u00e9jouissances qui arbore plusieurs plaques de \u00ab \u00abconsulats \u00bb sur la fa\u00e7ade du m\u00eame immeuble et dont le ministre est si fier finira par se transformer en mur des lamentations lorsque son ccef de l\u2019Etat s\u2019apercevra (enfin ?) que cette politique pu\u00e9rile de l\u2019arithm\u00e9tique est un non starter en ce qui concerne le statut du territoire non autonome du Sahara Occidental dont le vaillant peuple finira par exercer, vaille que vaille, son droit inali\u00e9nable et imprescriptible \u00e0 l\u2019autod\u00e9termination, conform\u00e9ment \u00e0 la l\u00e9galit\u00e9 internationale.<\/p>\n<p>Quant \u00e0 l\u2019objectif chim\u00e9rique visant \u00ab l\u2019exclusion \u00bb de la RASD de l\u2019Union africaine, le Maroc a d\u00e9j\u00e0 essay\u00e9 par le pass\u00e9 et il s\u2019\u00e9tait lamentablement cass\u00e9 les dents, d\u2019autant que rien dans les textes fondateurs de l\u2019UA ne pr\u00e9voit le recours \u00e0 une telle option.<\/p>\n<p>\u00c0 moins de vouloir dynamiter l\u2019organisation continentale et danser sur ses cendres, les hauts responsables du Maroc ne devraient pas laisser les pyromanes irresponsables jouer avec le feu.<\/p>\n<p><strong>Lors de sa r\u00e9cente visite dans la r\u00e9gion, l\u2019envoy\u00e9 personnel du SG de l\u2019ONU pour le Sahara Occidental, Staffan de Mistura, n\u2019a pas \u00e9t\u00e9 en mesure de se rendre dans les villes sahraouies occup\u00e9es,\u00a0 Laayoune et Dakhla, comme pr\u00e9vu initialement. Pourquoi il n\u2019a pas pu le faire ?<\/strong><\/p>\n<p>Les raisons sont \u00e9videntes et connues. Apres avoir \u00e9t\u00e9 tr\u00e8s r\u00e9ticentes \u00e0 organiser cette visite dans les territoires sahraouis occup\u00e9s, les autorit\u00e9s marocaines ont voulu imposer \u00e0 M. de Mistura des interlocuteurs fantoches choisis arbitrairement par la puissance occupante ; il s\u2019agit en fait de colons d\u00e9guis\u00e9s en \u00ab \u00e9lus \u00bb ou d\u2019organisations vassales et satellites \u00e0 l\u2019instar du fameux CNDH dont on a pu mesurer le degr\u00e9 d\u2019ind\u00e9pendance \u00e0 la lecture de son rapport confondant et consternant sur le meurtre abject et le lynchage sauvage de dizaines de migrants \u00e0 Nador.<\/p>\n<p>La d\u00e9cision de M. De Mistura d\u2019ajourner ce d\u00e9placement, dans de telles conditions inacceptables et offensantes, l\u2019honore \u00e0 juste titre et elle mettra immanquablement la pression sur le Maroc qui est pris ainsi en flagrant d\u00e9lit de sabotage des efforts de l\u2019envoy\u00e9 personnel du Secretaire g\u00e9n\u00e9ral de l\u2019ONU.<\/p>\n<p>La pression de la part de certains membres influents du Conseil de s\u00e9curit\u00e9 devrait pouvoir s\u2019exercer \u00e0 un certain moment (notamment de la part de ceux qui ont r\u00e9ussi \u00ab difficilement \u00e0 persuader \u00bb, le Maroc d\u2019accepter\u00a0 finalement, au bout de cinq mois,\u00a0 la d\u00e9signation de M. Mistura \u00e0 ce poste).<\/p>\n<p>Le communiqu\u00e9 rendu public \u00e0 l\u2019issue des entretiens entre De Mistura et le ministre des Affaires \u00e9trang\u00e8res marocain \u00e9voque une solution bas\u00e9e exclusivement sur l\u2019initiative marocaine d\u2019autonomie.<\/p>\n<p><strong>Cette position ferm\u00e9e a-t-elle aider l\u2019envoy\u00e9 personnel du SG\u00a0 de l\u2019ONU dans ses efforts pour trouver une solution au conflit Sahara occidental ?<\/strong><\/p>\n<p>Effectivement, il s\u2019agit d\u2019une position dogmatique et \u00e9minemment obstructionniste qui est pens\u00e9e et con\u00e7ue pour faire perdurer le statu quo actuel.<\/p>\n<p>Cette position, telle qu\u2019exprim\u00e9e par ledit communiqu\u00e9, est une entrave s\u00e9rieuse aux efforts de M. De Mistura car ces fameuses constantes de la position du Makhzen institutionnel sont tout simplement l\u2019expression d\u2019un ultimatum inacceptable qui ne laisse aucun espace \u00e0 la n\u00e9gociation et que ni le Front Polisario ni la communaut\u00e9 internationale ne cautionneront un jour.<\/p>\n<p>En effet, toutes les r\u00e9solutions du Conseil de s\u00e9curit\u00e9 appellent les deux parties (le Front Polisario et le Maroc)\u00a0 \u00e0 examiner leurs propositions respectives qui sont sur la table des Nations Unies, depuis 2007, et de n\u00e9gocier de bonne foi et sans conditions pr\u00e9alables ;\u00a0 le fait de postuler l\u2019exclusivit\u00e9 de l\u2019initiative d\u2019autonomie de la part de la puissance occupante qui n\u2019a pas, au regard du droit international,\u00a0 les attributs de souverainet\u00e9 sur un territoire \u00ab s\u00e9par\u00e9 et distinct \u00bb pour s\u2019octroyer indument la pr\u00e9rogative r\u00e9galienne de proposer l\u2019autonomie, est un non starter qui fera irr\u00e9m\u00e9diablement capoter les efforts du secr\u00e9taire g\u00e9n\u00e9ral de l\u2019ONU et de son envoy\u00e9 personnel.<\/p>\n<p>Les cons\u00e9quences d\u2019une telle impasse devront \u00eatre assum\u00e9es par la partie qui met d\u00e9lib\u00e9r\u00e9ment les b\u00e2tons dans les roues de la mission de facilitation onusienne et les derni\u00e8res d\u00e9clarations de l\u2019ancien envoy\u00e9 personnel, l\u2019Ambassadeur Christopher Ross sont \u00e9clairantes \u00e0 ce propos.<\/p>\n<p>Enfin, cette fixation obsessionnelle sur les \u00ab tables rondes \u00bb ne r\u00e9ussira jamais \u00e0 donner corps au fantasme du \u00ab conflit r\u00e9gional \u00bb tant il est reconnu, que la question du Sahara Occidental est une question de d\u00e9colonisation dont le processus doit \u00eatre parachev\u00e9 par l\u2019exercice du droit du peuple sahraoui \u00e0 l\u2019autod\u00e9termination et \u00e0 l\u2019ind\u00e9pendance conform\u00e9ment au droit international.<\/p>\n<p>La responsabilit\u00e9 des Nations Unies, \u00e0 cet \u00e9gard, est pleinement et durablement engag\u00e9e.<\/p>\n<p>La proc\u00e9dure judiciaire engag\u00e9e aupr\u00e8s de la Cour de justice de l\u2019Union Europ\u00e9enne, en vue de l\u2019annulation d\u00e9finitive des accords sc\u00e9l\u00e9rats en mati\u00e8re de p\u00eache et de tarifs pr\u00e9f\u00e9rentiels pour les produits agricoles, ruinera d\u00e9finitivement, en mai ou juin de l\u2019ann\u00e9e prochaine, les faux calculs et les vis\u00e9es expansionnistes de la puissance occupante marocaine.<\/p>\n<p>Il en sera de m\u00eame en ce qui concerne la d\u00e9limitation de l\u2019espace maritime entre le Maroc et l\u2019Espagne parce que le Maroc n\u2019est pas l\u2019Etat c\u00f4tier du Sahara Occidental et qu\u2019il ne peut donc, en aucune circonstance, avoir la qualit\u00e9 juridique pour d\u00e9limiter les fronti\u00e8res de l\u2019espace maritime sahraoui.<\/p>\n<p>TSA<\/p>\n","protected":false},"excerpt":{"rendered":"<p>ans cet entretien, l\u2019envoy\u00e9 sp\u00e9cial charg\u00e9 du dossier sharoui au minist\u00e8re alg\u00e9rien des Affaires \u00e9trang\u00e8res Amar Belani revient sur les tentatives du&hellip;<\/p>\n","protected":false},"author":50,"featured_media":58000,"comment_status":"open","ping_status":"open","sticky":false,"template":"","format":"standard","meta":{"_lmt_disableupdate":"","_lmt_disable":"","footnotes":""},"categories":[32,49],"tags":[],"class_list":["post-57999","post","type-post","status-publish","format-standard","has-post-thumbnail","hentry","category-algerie","category-politique"],"yoast_head":"<!-- This site is optimized with the Yoast SEO plugin v27.3 - https:\/\/yoast.com\/product\/yoast-seo-wordpress\/ -->\n<title>Amar Belani : Le \u00ab mur des r\u00e9jouissances marocain se transforme en mur des lamentations \u00bb - AAH.JZR<\/title>\n<meta name=\"robots\" content=\"index, follow, max-snippet:-1, max-image-preview:large, max-video-preview:-1\" \/>\n<link rel=\"canonical\" href=\"https:\/\/jazairhope.org\/fr\/amar-belani-le-mur-des-rejouissances-marocain-se-transforme-en-mur-des-lamentations\/\" \/>\n<meta property=\"og:locale\" content=\"fr_FR\" \/>\n<meta property=\"og:type\" content=\"article\" \/>\n<meta property=\"og:title\" content=\"Amar Belani : Le \u00ab mur des r\u00e9jouissances marocain se transforme en mur des lamentations \u00bb - AAH.JZR\" \/>\n<meta property=\"og:description\" content=\"ans cet entretien, l\u2019envoy\u00e9 sp\u00e9cial charg\u00e9 du dossier sharoui au minist\u00e8re alg\u00e9rien des Affaires \u00e9trang\u00e8res Amar Belani revient sur les tentatives du&hellip;\" \/>\n<meta property=\"og:url\" content=\"https:\/\/jazairhope.org\/fr\/amar-belani-le-mur-des-rejouissances-marocain-se-transforme-en-mur-des-lamentations\/\" \/>\n<meta property=\"og:site_name\" content=\"AAH.JZR\" \/>\n<meta property=\"article:publisher\" content=\"https:\/\/www.facebook.com\/jazairhope\" \/>\n<meta property=\"article:published_time\" content=\"2022-07-25T11:04:19+00:00\" \/>\n<meta property=\"og:image\" content=\"https:\/\/jazairhope.org\/wp-content\/uploads\/2022\/07\/up-49.jpg\" \/>\n\t<meta property=\"og:image:width\" content=\"900\" \/>\n\t<meta property=\"og:image:height\" content=\"504\" \/>\n\t<meta property=\"og:image:type\" content=\"image\/jpeg\" \/>\n<meta name=\"author\" content=\"Hope Jzr\" \/>\n<meta name=\"twitter:card\" content=\"summary_large_image\" \/>\n<meta name=\"twitter:label1\" content=\"\u00c9crit par\" \/>\n\t<meta name=\"twitter:data1\" content=\"Hope Jzr\" \/>\n\t<meta name=\"twitter:label2\" content=\"Dur\u00e9e de lecture estim\u00e9e\" \/>\n\t<meta name=\"twitter:data2\" content=\"5 minutes\" \/>\n<script type=\"application\/ld+json\" class=\"yoast-schema-graph\">{\"@context\":\"https:\\\/\\\/schema.org\",\"@graph\":[{\"@type\":\"Article\",\"@id\":\"https:\\\/\\\/jazairhope.org\\\/fr\\\/amar-belani-le-mur-des-rejouissances-marocain-se-transforme-en-mur-des-lamentations\\\/#article\",\"isPartOf\":{\"@id\":\"https:\\\/\\\/jazairhope.org\\\/fr\\\/amar-belani-le-mur-des-rejouissances-marocain-se-transforme-en-mur-des-lamentations\\\/\"},\"author\":{\"name\":\"Hope Jzr\",\"@id\":\"https:\\\/\\\/jazairhope.org\\\/fr\\\/#\\\/schema\\\/person\\\/0b50f60fad840cf92313307e38c9d20d\"},\"headline\":\"Amar Belani : Le \u00ab mur des r\u00e9jouissances marocain se transforme en mur des lamentations \u00bb\",\"datePublished\":\"2022-07-25T11:04:19+00:00\",\"mainEntityOfPage\":{\"@id\":\"https:\\\/\\\/jazairhope.org\\\/fr\\\/amar-belani-le-mur-des-rejouissances-marocain-se-transforme-en-mur-des-lamentations\\\/\"},\"wordCount\":1190,\"commentCount\":0,\"image\":{\"@id\":\"https:\\\/\\\/jazairhope.org\\\/fr\\\/amar-belani-le-mur-des-rejouissances-marocain-se-transforme-en-mur-des-lamentations\\\/#primaryimage\"},\"thumbnailUrl\":\"https:\\\/\\\/jazairhope.org\\\/wp-content\\\/uploads\\\/2022\\\/07\\\/up-49.jpg\",\"articleSection\":[\"Alg\u00e9rie Alg\u00e9rienne\",\"Politique\"],\"inLanguage\":\"fr-FR\",\"potentialAction\":[{\"@type\":\"CommentAction\",\"name\":\"Comment\",\"target\":[\"https:\\\/\\\/jazairhope.org\\\/fr\\\/amar-belani-le-mur-des-rejouissances-marocain-se-transforme-en-mur-des-lamentations\\\/#respond\"]}]},{\"@type\":\"WebPage\",\"@id\":\"https:\\\/\\\/jazairhope.org\\\/fr\\\/amar-belani-le-mur-des-rejouissances-marocain-se-transforme-en-mur-des-lamentations\\\/\",\"url\":\"https:\\\/\\\/jazairhope.org\\\/fr\\\/amar-belani-le-mur-des-rejouissances-marocain-se-transforme-en-mur-des-lamentations\\\/\",\"name\":\"Amar Belani : Le \u00ab mur des r\u00e9jouissances marocain se transforme en mur des lamentations \u00bb - AAH.JZR\",\"isPartOf\":{\"@id\":\"https:\\\/\\\/jazairhope.org\\\/fr\\\/#website\"},\"primaryImageOfPage\":{\"@id\":\"https:\\\/\\\/jazairhope.org\\\/fr\\\/amar-belani-le-mur-des-rejouissances-marocain-se-transforme-en-mur-des-lamentations\\\/#primaryimage\"},\"image\":{\"@id\":\"https:\\\/\\\/jazairhope.org\\\/fr\\\/amar-belani-le-mur-des-rejouissances-marocain-se-transforme-en-mur-des-lamentations\\\/#primaryimage\"},\"thumbnailUrl\":\"https:\\\/\\\/jazairhope.org\\\/wp-content\\\/uploads\\\/2022\\\/07\\\/up-49.jpg\",\"datePublished\":\"2022-07-25T11:04:19+00:00\",\"author\":{\"@id\":\"https:\\\/\\\/jazairhope.org\\\/fr\\\/#\\\/schema\\\/person\\\/0b50f60fad840cf92313307e38c9d20d\"},\"breadcrumb\":{\"@id\":\"https:\\\/\\\/jazairhope.org\\\/fr\\\/amar-belani-le-mur-des-rejouissances-marocain-se-transforme-en-mur-des-lamentations\\\/#breadcrumb\"},\"inLanguage\":\"fr-FR\",\"potentialAction\":[{\"@type\":\"ReadAction\",\"target\":[\"https:\\\/\\\/jazairhope.org\\\/fr\\\/amar-belani-le-mur-des-rejouissances-marocain-se-transforme-en-mur-des-lamentations\\\/\"]}]},{\"@type\":\"ImageObject\",\"inLanguage\":\"fr-FR\",\"@id\":\"https:\\\/\\\/jazairhope.org\\\/fr\\\/amar-belani-le-mur-des-rejouissances-marocain-se-transforme-en-mur-des-lamentations\\\/#primaryimage\",\"url\":\"https:\\\/\\\/jazairhope.org\\\/wp-content\\\/uploads\\\/2022\\\/07\\\/up-49.jpg\",\"contentUrl\":\"https:\\\/\\\/jazairhope.org\\\/wp-content\\\/uploads\\\/2022\\\/07\\\/up-49.jpg\",\"width\":900,\"height\":504},{\"@type\":\"BreadcrumbList\",\"@id\":\"https:\\\/\\\/jazairhope.org\\\/fr\\\/amar-belani-le-mur-des-rejouissances-marocain-se-transforme-en-mur-des-lamentations\\\/#breadcrumb\",\"itemListElement\":[{\"@type\":\"ListItem\",\"position\":1,\"name\":\"Accueil\",\"item\":\"https:\\\/\\\/jazairhope.org\\\/fr\\\/\"},{\"@type\":\"ListItem\",\"position\":2,\"name\":\"Amar Belani : Le \u00ab mur des r\u00e9jouissances marocain se transforme en mur des lamentations \u00bb\"}]},{\"@type\":\"WebSite\",\"@id\":\"https:\\\/\\\/jazairhope.org\\\/fr\\\/#website\",\"url\":\"https:\\\/\\\/jazairhope.org\\\/fr\\\/\",\"name\":\"AAH.JZR\",\"description\":\"Environment, Health, Science, Art, Economics\",\"potentialAction\":[{\"@type\":\"SearchAction\",\"target\":{\"@type\":\"EntryPoint\",\"urlTemplate\":\"https:\\\/\\\/jazairhope.org\\\/fr\\\/?s={search_term_string}\"},\"query-input\":{\"@type\":\"PropertyValueSpecification\",\"valueRequired\":true,\"valueName\":\"search_term_string\"}}],\"inLanguage\":\"fr-FR\"},{\"@type\":\"Person\",\"@id\":\"https:\\\/\\\/jazairhope.org\\\/fr\\\/#\\\/schema\\\/person\\\/0b50f60fad840cf92313307e38c9d20d\",\"name\":\"Hope Jzr\",\"image\":{\"@type\":\"ImageObject\",\"inLanguage\":\"fr-FR\",\"@id\":\"https:\\\/\\\/secure.gravatar.com\\\/avatar\\\/0a42f66f14ba94b77f351f3bb2f3b9389c4063acb1697ffb32f5d3944782d3e7?s=96&d=mm&r=g\",\"url\":\"https:\\\/\\\/secure.gravatar.com\\\/avatar\\\/0a42f66f14ba94b77f351f3bb2f3b9389c4063acb1697ffb32f5d3944782d3e7?s=96&d=mm&r=g\",\"contentUrl\":\"https:\\\/\\\/secure.gravatar.com\\\/avatar\\\/0a42f66f14ba94b77f351f3bb2f3b9389c4063acb1697ffb32f5d3944782d3e7?s=96&d=mm&r=g\",\"caption\":\"Hope Jzr\"},\"description\":\"\u00c0 propos de Hope&amp;ChaDia Hope&amp;ChaDia n\u2019est pas un pseudonyme, mais une m\u00e9thode de travail. Hope : l\u2019id\u00e9e, l\u2019esprit, la structure, la vision. C\u2019est l\u2019impulsion humaine qui choisit l\u2019angle, trace la ligne \u00e9ditoriale et donne le sens. ChaDia : l\u2019assistante, qui met en forme, d\u00e9veloppe, affine le style et v\u00e9rifie les faits. Une aide technologique qui amplifie mais ne cr\u00e9e pas. Ensemble, Hope&amp;ChaDia produisent des textes hybrides : profond\u00e9ment humains dans leur inspiration, rigoureux et pr\u00e9cis dans leur r\u00e9alisation. . . SUPPORTEZ JAZAIRHOPE ET FAITES CONNA\u00ceTRE LE PATRIMOINE ET L\u2019HISTOIRE DE L\u2019ALG\u00c9RIE, EN ACHETANT LE LIVRE DE JAZAIRHOPE POUR VOUS OU POUR L\u2019OFFRIR A VOS PROCHES, ICI : https:\\\/\\\/jazairhope.org\\\/fr\\\/ebook\\\/ CEUX EN ALG\u00c9RIE ET CEUX QUI PEUVENT PAS L\u2019ACHETER ON OFFRE UNE COPIE DIGITALE GRATUITE, POUR CELA ENVOYEZ UN EMAIL \u00c0 : INFO@JAZAIRHOPE.ORG\",\"url\":\"https:\\\/\\\/jazairhope.org\\\/fr\\\/author\\\/hope-jazair\\\/\"}]}<\/script>\n<!-- \/ Yoast SEO plugin. -->","yoast_head_json":{"title":"Amar Belani : Le \u00ab mur des r\u00e9jouissances marocain se transforme en mur des lamentations \u00bb - AAH.JZR","robots":{"index":"index","follow":"follow","max-snippet":"max-snippet:-1","max-image-preview":"max-image-preview:large","max-video-preview":"max-video-preview:-1"},"canonical":"https:\/\/jazairhope.org\/fr\/amar-belani-le-mur-des-rejouissances-marocain-se-transforme-en-mur-des-lamentations\/","og_locale":"fr_FR","og_type":"article","og_title":"Amar Belani : Le \u00ab mur des r\u00e9jouissances marocain se transforme en mur des lamentations \u00bb - AAH.JZR","og_description":"ans cet entretien, l\u2019envoy\u00e9 sp\u00e9cial charg\u00e9 du dossier sharoui au minist\u00e8re alg\u00e9rien des Affaires \u00e9trang\u00e8res Amar Belani revient sur les tentatives du&hellip;","og_url":"https:\/\/jazairhope.org\/fr\/amar-belani-le-mur-des-rejouissances-marocain-se-transforme-en-mur-des-lamentations\/","og_site_name":"AAH.JZR","article_publisher":"https:\/\/www.facebook.com\/jazairhope","article_published_time":"2022-07-25T11:04:19+00:00","og_image":[{"width":900,"height":504,"url":"https:\/\/jazairhope.org\/wp-content\/uploads\/2022\/07\/up-49.jpg","type":"image\/jpeg"}],"author":"Hope Jzr","twitter_card":"summary_large_image","twitter_misc":{"\u00c9crit par":"Hope Jzr","Dur\u00e9e de lecture estim\u00e9e":"5 minutes"},"schema":{"@context":"https:\/\/schema.org","@graph":[{"@type":"Article","@id":"https:\/\/jazairhope.org\/fr\/amar-belani-le-mur-des-rejouissances-marocain-se-transforme-en-mur-des-lamentations\/#article","isPartOf":{"@id":"https:\/\/jazairhope.org\/fr\/amar-belani-le-mur-des-rejouissances-marocain-se-transforme-en-mur-des-lamentations\/"},"author":{"name":"Hope Jzr","@id":"https:\/\/jazairhope.org\/fr\/#\/schema\/person\/0b50f60fad840cf92313307e38c9d20d"},"headline":"Amar Belani : Le \u00ab mur des r\u00e9jouissances marocain se transforme en mur des lamentations \u00bb","datePublished":"2022-07-25T11:04:19+00:00","mainEntityOfPage":{"@id":"https:\/\/jazairhope.org\/fr\/amar-belani-le-mur-des-rejouissances-marocain-se-transforme-en-mur-des-lamentations\/"},"wordCount":1190,"commentCount":0,"image":{"@id":"https:\/\/jazairhope.org\/fr\/amar-belani-le-mur-des-rejouissances-marocain-se-transforme-en-mur-des-lamentations\/#primaryimage"},"thumbnailUrl":"https:\/\/jazairhope.org\/wp-content\/uploads\/2022\/07\/up-49.jpg","articleSection":["Alg\u00e9rie Alg\u00e9rienne","Politique"],"inLanguage":"fr-FR","potentialAction":[{"@type":"CommentAction","name":"Comment","target":["https:\/\/jazairhope.org\/fr\/amar-belani-le-mur-des-rejouissances-marocain-se-transforme-en-mur-des-lamentations\/#respond"]}]},{"@type":"WebPage","@id":"https:\/\/jazairhope.org\/fr\/amar-belani-le-mur-des-rejouissances-marocain-se-transforme-en-mur-des-lamentations\/","url":"https:\/\/jazairhope.org\/fr\/amar-belani-le-mur-des-rejouissances-marocain-se-transforme-en-mur-des-lamentations\/","name":"Amar Belani : Le \u00ab mur des r\u00e9jouissances marocain se transforme en mur des lamentations \u00bb - AAH.JZR","isPartOf":{"@id":"https:\/\/jazairhope.org\/fr\/#website"},"primaryImageOfPage":{"@id":"https:\/\/jazairhope.org\/fr\/amar-belani-le-mur-des-rejouissances-marocain-se-transforme-en-mur-des-lamentations\/#primaryimage"},"image":{"@id":"https:\/\/jazairhope.org\/fr\/amar-belani-le-mur-des-rejouissances-marocain-se-transforme-en-mur-des-lamentations\/#primaryimage"},"thumbnailUrl":"https:\/\/jazairhope.org\/wp-content\/uploads\/2022\/07\/up-49.jpg","datePublished":"2022-07-25T11:04:19+00:00","author":{"@id":"https:\/\/jazairhope.org\/fr\/#\/schema\/person\/0b50f60fad840cf92313307e38c9d20d"},"breadcrumb":{"@id":"https:\/\/jazairhope.org\/fr\/amar-belani-le-mur-des-rejouissances-marocain-se-transforme-en-mur-des-lamentations\/#breadcrumb"},"inLanguage":"fr-FR","potentialAction":[{"@type":"ReadAction","target":["https:\/\/jazairhope.org\/fr\/amar-belani-le-mur-des-rejouissances-marocain-se-transforme-en-mur-des-lamentations\/"]}]},{"@type":"ImageObject","inLanguage":"fr-FR","@id":"https:\/\/jazairhope.org\/fr\/amar-belani-le-mur-des-rejouissances-marocain-se-transforme-en-mur-des-lamentations\/#primaryimage","url":"https:\/\/jazairhope.org\/wp-content\/uploads\/2022\/07\/up-49.jpg","contentUrl":"https:\/\/jazairhope.org\/wp-content\/uploads\/2022\/07\/up-49.jpg","width":900,"height":504},{"@type":"BreadcrumbList","@id":"https:\/\/jazairhope.org\/fr\/amar-belani-le-mur-des-rejouissances-marocain-se-transforme-en-mur-des-lamentations\/#breadcrumb","itemListElement":[{"@type":"ListItem","position":1,"name":"Accueil","item":"https:\/\/jazairhope.org\/fr\/"},{"@type":"ListItem","position":2,"name":"Amar Belani : Le \u00ab mur des r\u00e9jouissances marocain se transforme en mur des lamentations \u00bb"}]},{"@type":"WebSite","@id":"https:\/\/jazairhope.org\/fr\/#website","url":"https:\/\/jazairhope.org\/fr\/","name":"AAH.JZR","description":"Environment, Health, Science, Art, Economics","potentialAction":[{"@type":"SearchAction","target":{"@type":"EntryPoint","urlTemplate":"https:\/\/jazairhope.org\/fr\/?s={search_term_string}"},"query-input":{"@type":"PropertyValueSpecification","valueRequired":true,"valueName":"search_term_string"}}],"inLanguage":"fr-FR"},{"@type":"Person","@id":"https:\/\/jazairhope.org\/fr\/#\/schema\/person\/0b50f60fad840cf92313307e38c9d20d","name":"Hope Jzr","image":{"@type":"ImageObject","inLanguage":"fr-FR","@id":"https:\/\/secure.gravatar.com\/avatar\/0a42f66f14ba94b77f351f3bb2f3b9389c4063acb1697ffb32f5d3944782d3e7?s=96&d=mm&r=g","url":"https:\/\/secure.gravatar.com\/avatar\/0a42f66f14ba94b77f351f3bb2f3b9389c4063acb1697ffb32f5d3944782d3e7?s=96&d=mm&r=g","contentUrl":"https:\/\/secure.gravatar.com\/avatar\/0a42f66f14ba94b77f351f3bb2f3b9389c4063acb1697ffb32f5d3944782d3e7?s=96&d=mm&r=g","caption":"Hope Jzr"},"description":"\u00c0 propos de Hope&amp;ChaDia Hope&amp;ChaDia n\u2019est pas un pseudonyme, mais une m\u00e9thode de travail. Hope : l\u2019id\u00e9e, l\u2019esprit, la structure, la vision. C\u2019est l\u2019impulsion humaine qui choisit l\u2019angle, trace la ligne \u00e9ditoriale et donne le sens. ChaDia : l\u2019assistante, qui met en forme, d\u00e9veloppe, affine le style et v\u00e9rifie les faits. Une aide technologique qui amplifie mais ne cr\u00e9e pas. Ensemble, Hope&amp;ChaDia produisent des textes hybrides : profond\u00e9ment humains dans leur inspiration, rigoureux et pr\u00e9cis dans leur r\u00e9alisation. . . SUPPORTEZ JAZAIRHOPE ET FAITES CONNA\u00ceTRE LE PATRIMOINE ET L\u2019HISTOIRE DE L\u2019ALG\u00c9RIE, EN ACHETANT LE LIVRE DE JAZAIRHOPE POUR VOUS OU POUR L\u2019OFFRIR A VOS PROCHES, ICI : https:\/\/jazairhope.org\/fr\/ebook\/ CEUX EN ALG\u00c9RIE ET CEUX QUI PEUVENT PAS L\u2019ACHETER ON OFFRE UNE COPIE DIGITALE GRATUITE, POUR CELA ENVOYEZ UN EMAIL \u00c0 : INFO@JAZAIRHOPE.ORG","url":"https:\/\/jazairhope.org\/fr\/author\/hope-jazair\/"}]}},"views":316,"_links":{"self":[{"href":"https:\/\/jazairhope.org\/fr\/wp-json\/wp\/v2\/posts\/57999","targetHints":{"allow":["GET"]}}],"collection":[{"href":"https:\/\/jazairhope.org\/fr\/wp-json\/wp\/v2\/posts"}],"about":[{"href":"https:\/\/jazairhope.org\/fr\/wp-json\/wp\/v2\/types\/post"}],"author":[{"embeddable":true,"href":"https:\/\/jazairhope.org\/fr\/wp-json\/wp\/v2\/users\/50"}],"replies":[{"embeddable":true,"href":"https:\/\/jazairhope.org\/fr\/wp-json\/wp\/v2\/comments?post=57999"}],"version-history":[{"count":0,"href":"https:\/\/jazairhope.org\/fr\/wp-json\/wp\/v2\/posts\/57999\/revisions"}],"wp:featuredmedia":[{"embeddable":true,"href":"https:\/\/jazairhope.org\/fr\/wp-json\/wp\/v2\/media\/58000"}],"wp:attachment":[{"href":"https:\/\/jazairhope.org\/fr\/wp-json\/wp\/v2\/media?parent=57999"}],"wp:term":[{"taxonomy":"category","embeddable":true,"href":"https:\/\/jazairhope.org\/fr\/wp-json\/wp\/v2\/categories?post=57999"},{"taxonomy":"post_tag","embeddable":true,"href":"https:\/\/jazairhope.org\/fr\/wp-json\/wp\/v2\/tags?post=57999"}],"curies":[{"name":"wp","href":"https:\/\/api.w.org\/{rel}","templated":true}]}}