{"id":58714,"date":"2022-08-02T19:43:38","date_gmt":"2022-08-02T18:43:38","guid":{"rendered":"https:\/\/jazairhope.org\/?p=58714"},"modified":"2022-08-02T19:43:38","modified_gmt":"2022-08-02T18:43:38","slug":"macron-lafricain-ses-suppletifs-et-nous","status":"publish","type":"post","link":"https:\/\/jazairhope.org\/fr\/macron-lafricain-ses-suppletifs-et-nous\/","title":{"rendered":"Macron l&#8217;Africain, ses Suppl\u00e9tifs et Nous"},"content":{"rendered":"<p><span style=\"font-weight: 400;\"><img decoding=\"async\" class=\"alignleft\" src=\"https:\/\/observalgerie.com\/wp-content\/uploads\/2021\/06\/lancien-ministre-ferhat-ait-ali-a-nouveau-devant-la-justice-2021-06-21-www.observalgerie.com.jpg\" alt=\"L'ancien ministre Ferhat A\u00eft Ali \u00e0 nouveau devant la justice\" width=\"119\" height=\"72\" \/>Par <a href=\"https:\/\/www.facebook.com\/ferhat.aitali.56\">Ferhat Ait Ali<\/a><\/span><\/p>\n<p><span style=\"font-weight: 400;\">Je viens d&#8217;\u00e9couter un discours de monsieur Macron adress\u00e9 aux africains dans un pays africain il y a une semaine.<\/span><\/p>\n<p><span style=\"font-weight: 400;\">Je ne vais pas y aller par quatre chemins, ni faire preuve ni de diplomatie ni de r\u00e9serve.<\/span><\/p>\n<p><span style=\"font-weight: 400;\">Ce monsieur prend ses interlocuteurs pour des imb\u00e9ciles incurables, fait preuve d&#8217;un culot illimit\u00e9, probablement parce que c&#8217;est son unique comp\u00e9tence politique, et d&#8217;une mauvaise foi qui ne s&#8217;acquiert pas quand elle n&#8217;est pas g\u00e9n\u00e9tique.<\/span><\/p>\n<p><span style=\"font-weight: 400;\">De ce fait, quiconque chez nous pourrait se piquer d&#8217;avoir arrach\u00e9 quoi que ce soit d&#8217;utile pour nous, sans avoir fait preuve de fermet\u00e9 et de pressions bien positionn\u00e9es sur lui.<\/span><\/p>\n<p><span style=\"font-weight: 400;\">Mais juste du fait d&#8217;une suppos\u00e9e amiti\u00e9 ou bienveillance du personnage envers les ex indig\u00e8nes que nous sommes pour lui au m\u00eame titre que tous les Africains.<\/span><\/p>\n<p><span style=\"font-weight: 400;\">Est soit un grand na\u00eff qui se pique de conna\u00eetre la nature humaine, soit une copie locale de ce personnage qui se pique de nous vendre en interne ce que ce gouvernement pr\u00e9dateur n&#8217;a pu \u00e9couler sans suppl\u00e9tifs indig\u00e8nes.<\/span><\/p>\n<p><span style=\"font-weight: 400;\">Pour la m\u00e9moire commune, on peut repasser, nous n&#8217;avons aucune m\u00e9moire qui puisse se discuter en commun.<\/span><\/p>\n<p><span style=\"font-weight: 400;\">Lui a une m\u00e9moire intacte dans laquelle nous avons toujours le m\u00eame profil de gibier que nos a\u00efeux, et nous une m\u00e9moire qui emp\u00eache toute discussion future avec ce genre de vision du monde.<\/span><\/p>\n<p><span style=\"font-weight: 400;\">Et pour lui les discussions m\u00e9morielles consistent tout simplement \u00e0 \u00e9dulcorer\u00a0 la sienne et \u00e0 empoisonner la n\u00f4tre par le doute sur les faits et actes, pour finir par le doute sur la finalit\u00e9 et la l\u00e9gitimit\u00e9 de nos actes dont la guerre de lib\u00e9ration.<\/span><\/p>\n<p><span style=\"font-weight: 400;\">Mais quand les histoires de m\u00e9moire pr\u00e9tendue commune , se m\u00e9langent avec des dossiers \u00e9conomiques sens\u00e9s \u00eatre \u00e0 ses yeux notre obole oblig\u00e9e pour la r\u00e9conciliation.<\/span><\/p>\n<p><span style=\"font-weight: 400;\">Je pense qu&#8217;il y a lieu de fermer les deux dossiers et les deux volets, du moins jusqu&#8217;\u00e0 ce qu&#8217;il\u00a0 comprenne que sur les deux volets il a tout faux, et que le culot n&#8217;est pas un module en sciences politiques, mais une tare cong\u00e9nitale difficile \u00e0 imposer \u00e0 ses pairs.<\/span><\/p>\n<p><span style=\"font-weight: 400;\">Bien que je doute fort qu&#8217;un \u00e9ventuel successeur \u00e0 ce personnage soit plus rationnel dans sa vision du monde que lui.<\/span><\/p>\n<p><span style=\"font-weight: 400;\">Traiter les Russes de Colonialistes et imp\u00e9rialistes, et en Afrique francophone s&#8217;il vous pla\u00eet, et par le pr\u00e9sident d&#8217;une puissance coloniale, qui se comporte comme telle, la ou c&#8217;est possible, et active ses suppl\u00e9tifs pour ce faire la ou c&#8217;est un peu plus difficile.<\/span><\/p>\n<p><span style=\"font-weight: 400;\">Est au mieux une mauvaise plaisanterie, au pire une t\u00e9nacit\u00e9 dans la morsure sur les proies du pass\u00e9.<\/span><\/p>\n<p><span style=\"font-weight: 400;\">Avis aux na\u00effs et aux suppl\u00e9tifs, cette pilule ne passe plus, et si elle passe c&#8217;est la preuve qu&#8217;on n&#8217;est plus.<\/span><\/p>\n<p>Source : <a href=\"https:\/\/www.facebook.com\/100046003941317\/posts\/645207687022690\/\">https:\/\/www.facebook.com\/100046003941317\/posts\/645207687022690\/<\/a><\/p>\n","protected":false},"excerpt":{"rendered":"<p>Par Ferhat Ait Ali Je viens d&#8217;\u00e9couter un discours de monsieur Macron adress\u00e9 aux africains dans un pays africain il y a&hellip;<\/p>\n","protected":false},"author":50,"featured_media":58715,"comment_status":"open","ping_status":"open","sticky":false,"template":"","format":"standard","meta":{"_lmt_disableupdate":"","_lmt_disable":"","footnotes":""},"categories":[49],"tags":[],"class_list":["post-58714","post","type-post","status-publish","format-standard","has-post-thumbnail","hentry","category-politique"],"yoast_head":"<!-- This site is optimized with the Yoast SEO plugin v27.3 - https:\/\/yoast.com\/product\/yoast-seo-wordpress\/ -->\n<title>Macron l&#039;Africain, ses Suppl\u00e9tifs et Nous - AAH.JZR<\/title>\n<meta name=\"robots\" content=\"index, follow, max-snippet:-1, max-image-preview:large, max-video-preview:-1\" \/>\n<link rel=\"canonical\" href=\"https:\/\/jazairhope.org\/fr\/macron-lafricain-ses-suppletifs-et-nous\/\" \/>\n<meta property=\"og:locale\" content=\"fr_FR\" \/>\n<meta property=\"og:type\" content=\"article\" \/>\n<meta property=\"og:title\" content=\"Macron l&#039;Africain, ses Suppl\u00e9tifs et Nous - AAH.JZR\" \/>\n<meta property=\"og:description\" content=\"Par Ferhat Ait Ali Je viens d&#8217;\u00e9couter un discours de monsieur Macron adress\u00e9 aux africains dans un pays africain il y a&hellip;\" \/>\n<meta property=\"og:url\" content=\"https:\/\/jazairhope.org\/fr\/macron-lafricain-ses-suppletifs-et-nous\/\" \/>\n<meta property=\"og:site_name\" content=\"AAH.JZR\" \/>\n<meta property=\"article:publisher\" content=\"https:\/\/www.facebook.com\/jazairhope\" \/>\n<meta property=\"article:published_time\" content=\"2022-08-02T18:43:38+00:00\" \/>\n<meta property=\"og:image\" content=\"https:\/\/jazairhope.org\/wp-content\/uploads\/2022\/08\/up-5.jpg\" \/>\n\t<meta property=\"og:image:width\" content=\"729\" \/>\n\t<meta property=\"og:image:height\" content=\"419\" \/>\n\t<meta property=\"og:image:type\" content=\"image\/jpeg\" \/>\n<meta name=\"author\" content=\"Hope Jzr\" \/>\n<meta name=\"twitter:card\" content=\"summary_large_image\" \/>\n<meta name=\"twitter:label1\" content=\"\u00c9crit par\" \/>\n\t<meta name=\"twitter:data1\" content=\"Hope Jzr\" \/>\n\t<meta name=\"twitter:label2\" content=\"Dur\u00e9e de lecture estim\u00e9e\" \/>\n\t<meta name=\"twitter:data2\" content=\"3 minutes\" \/>\n<script type=\"application\/ld+json\" class=\"yoast-schema-graph\">{\"@context\":\"https:\\\/\\\/schema.org\",\"@graph\":[{\"@type\":\"Article\",\"@id\":\"https:\\\/\\\/jazairhope.org\\\/fr\\\/macron-lafricain-ses-suppletifs-et-nous\\\/#article\",\"isPartOf\":{\"@id\":\"https:\\\/\\\/jazairhope.org\\\/fr\\\/macron-lafricain-ses-suppletifs-et-nous\\\/\"},\"author\":{\"name\":\"Hope Jzr\",\"@id\":\"https:\\\/\\\/jazairhope.org\\\/fr\\\/#\\\/schema\\\/person\\\/0b50f60fad840cf92313307e38c9d20d\"},\"headline\":\"Macron l&#8217;Africain, ses Suppl\u00e9tifs et Nous\",\"datePublished\":\"2022-08-02T18:43:38+00:00\",\"mainEntityOfPage\":{\"@id\":\"https:\\\/\\\/jazairhope.org\\\/fr\\\/macron-lafricain-ses-suppletifs-et-nous\\\/\"},\"wordCount\":519,\"commentCount\":1,\"image\":{\"@id\":\"https:\\\/\\\/jazairhope.org\\\/fr\\\/macron-lafricain-ses-suppletifs-et-nous\\\/#primaryimage\"},\"thumbnailUrl\":\"https:\\\/\\\/jazairhope.org\\\/wp-content\\\/uploads\\\/2022\\\/08\\\/up-5.jpg\",\"articleSection\":[\"Politique\"],\"inLanguage\":\"fr-FR\",\"potentialAction\":[{\"@type\":\"CommentAction\",\"name\":\"Comment\",\"target\":[\"https:\\\/\\\/jazairhope.org\\\/fr\\\/macron-lafricain-ses-suppletifs-et-nous\\\/#respond\"]}]},{\"@type\":\"WebPage\",\"@id\":\"https:\\\/\\\/jazairhope.org\\\/fr\\\/macron-lafricain-ses-suppletifs-et-nous\\\/\",\"url\":\"https:\\\/\\\/jazairhope.org\\\/fr\\\/macron-lafricain-ses-suppletifs-et-nous\\\/\",\"name\":\"Macron l'Africain, ses Suppl\u00e9tifs et Nous - AAH.JZR\",\"isPartOf\":{\"@id\":\"https:\\\/\\\/jazairhope.org\\\/fr\\\/#website\"},\"primaryImageOfPage\":{\"@id\":\"https:\\\/\\\/jazairhope.org\\\/fr\\\/macron-lafricain-ses-suppletifs-et-nous\\\/#primaryimage\"},\"image\":{\"@id\":\"https:\\\/\\\/jazairhope.org\\\/fr\\\/macron-lafricain-ses-suppletifs-et-nous\\\/#primaryimage\"},\"thumbnailUrl\":\"https:\\\/\\\/jazairhope.org\\\/wp-content\\\/uploads\\\/2022\\\/08\\\/up-5.jpg\",\"datePublished\":\"2022-08-02T18:43:38+00:00\",\"author\":{\"@id\":\"https:\\\/\\\/jazairhope.org\\\/fr\\\/#\\\/schema\\\/person\\\/0b50f60fad840cf92313307e38c9d20d\"},\"breadcrumb\":{\"@id\":\"https:\\\/\\\/jazairhope.org\\\/fr\\\/macron-lafricain-ses-suppletifs-et-nous\\\/#breadcrumb\"},\"inLanguage\":\"fr-FR\",\"potentialAction\":[{\"@type\":\"ReadAction\",\"target\":[\"https:\\\/\\\/jazairhope.org\\\/fr\\\/macron-lafricain-ses-suppletifs-et-nous\\\/\"]}]},{\"@type\":\"ImageObject\",\"inLanguage\":\"fr-FR\",\"@id\":\"https:\\\/\\\/jazairhope.org\\\/fr\\\/macron-lafricain-ses-suppletifs-et-nous\\\/#primaryimage\",\"url\":\"https:\\\/\\\/jazairhope.org\\\/wp-content\\\/uploads\\\/2022\\\/08\\\/up-5.jpg\",\"contentUrl\":\"https:\\\/\\\/jazairhope.org\\\/wp-content\\\/uploads\\\/2022\\\/08\\\/up-5.jpg\",\"width\":729,\"height\":419},{\"@type\":\"BreadcrumbList\",\"@id\":\"https:\\\/\\\/jazairhope.org\\\/fr\\\/macron-lafricain-ses-suppletifs-et-nous\\\/#breadcrumb\",\"itemListElement\":[{\"@type\":\"ListItem\",\"position\":1,\"name\":\"Accueil\",\"item\":\"https:\\\/\\\/jazairhope.org\\\/fr\\\/\"},{\"@type\":\"ListItem\",\"position\":2,\"name\":\"Macron l&rsquo;Africain, ses Suppl\u00e9tifs et Nous\"}]},{\"@type\":\"WebSite\",\"@id\":\"https:\\\/\\\/jazairhope.org\\\/fr\\\/#website\",\"url\":\"https:\\\/\\\/jazairhope.org\\\/fr\\\/\",\"name\":\"AAH.JZR\",\"description\":\"Environment, Health, Science, Art, Economics\",\"potentialAction\":[{\"@type\":\"SearchAction\",\"target\":{\"@type\":\"EntryPoint\",\"urlTemplate\":\"https:\\\/\\\/jazairhope.org\\\/fr\\\/?s={search_term_string}\"},\"query-input\":{\"@type\":\"PropertyValueSpecification\",\"valueRequired\":true,\"valueName\":\"search_term_string\"}}],\"inLanguage\":\"fr-FR\"},{\"@type\":\"Person\",\"@id\":\"https:\\\/\\\/jazairhope.org\\\/fr\\\/#\\\/schema\\\/person\\\/0b50f60fad840cf92313307e38c9d20d\",\"name\":\"Hope Jzr\",\"image\":{\"@type\":\"ImageObject\",\"inLanguage\":\"fr-FR\",\"@id\":\"https:\\\/\\\/secure.gravatar.com\\\/avatar\\\/0a42f66f14ba94b77f351f3bb2f3b9389c4063acb1697ffb32f5d3944782d3e7?s=96&d=mm&r=g\",\"url\":\"https:\\\/\\\/secure.gravatar.com\\\/avatar\\\/0a42f66f14ba94b77f351f3bb2f3b9389c4063acb1697ffb32f5d3944782d3e7?s=96&d=mm&r=g\",\"contentUrl\":\"https:\\\/\\\/secure.gravatar.com\\\/avatar\\\/0a42f66f14ba94b77f351f3bb2f3b9389c4063acb1697ffb32f5d3944782d3e7?s=96&d=mm&r=g\",\"caption\":\"Hope Jzr\"},\"description\":\"\u00c0 propos de Hope&amp;ChaDia Hope&amp;ChaDia n\u2019est pas un pseudonyme, mais une m\u00e9thode de travail. Hope : l\u2019id\u00e9e, l\u2019esprit, la structure, la vision. C\u2019est l\u2019impulsion humaine qui choisit l\u2019angle, trace la ligne \u00e9ditoriale et donne le sens. ChaDia : l\u2019assistante, qui met en forme, d\u00e9veloppe, affine le style et v\u00e9rifie les faits. Une aide technologique qui amplifie mais ne cr\u00e9e pas. Ensemble, Hope&amp;ChaDia produisent des textes hybrides : profond\u00e9ment humains dans leur inspiration, rigoureux et pr\u00e9cis dans leur r\u00e9alisation. . . SUPPORTEZ JAZAIRHOPE ET FAITES CONNA\u00ceTRE LE PATRIMOINE ET L\u2019HISTOIRE DE L\u2019ALG\u00c9RIE, EN ACHETANT LE LIVRE DE JAZAIRHOPE POUR VOUS OU POUR L\u2019OFFRIR A VOS PROCHES, ICI : https:\\\/\\\/jazairhope.org\\\/fr\\\/ebook\\\/ CEUX EN ALG\u00c9RIE ET CEUX QUI PEUVENT PAS L\u2019ACHETER ON OFFRE UNE COPIE DIGITALE GRATUITE, POUR CELA ENVOYEZ UN EMAIL \u00c0 : INFO@JAZAIRHOPE.ORG\",\"url\":\"https:\\\/\\\/jazairhope.org\\\/fr\\\/author\\\/hope-jazair\\\/\"}]}<\/script>\n<!-- \/ Yoast SEO plugin. -->","yoast_head_json":{"title":"Macron l'Africain, ses Suppl\u00e9tifs et Nous - AAH.JZR","robots":{"index":"index","follow":"follow","max-snippet":"max-snippet:-1","max-image-preview":"max-image-preview:large","max-video-preview":"max-video-preview:-1"},"canonical":"https:\/\/jazairhope.org\/fr\/macron-lafricain-ses-suppletifs-et-nous\/","og_locale":"fr_FR","og_type":"article","og_title":"Macron l'Africain, ses Suppl\u00e9tifs et Nous - AAH.JZR","og_description":"Par Ferhat Ait Ali Je viens d&#8217;\u00e9couter un discours de monsieur Macron adress\u00e9 aux africains dans un pays africain il y a&hellip;","og_url":"https:\/\/jazairhope.org\/fr\/macron-lafricain-ses-suppletifs-et-nous\/","og_site_name":"AAH.JZR","article_publisher":"https:\/\/www.facebook.com\/jazairhope","article_published_time":"2022-08-02T18:43:38+00:00","og_image":[{"width":729,"height":419,"url":"https:\/\/jazairhope.org\/wp-content\/uploads\/2022\/08\/up-5.jpg","type":"image\/jpeg"}],"author":"Hope Jzr","twitter_card":"summary_large_image","twitter_misc":{"\u00c9crit par":"Hope Jzr","Dur\u00e9e de lecture estim\u00e9e":"3 minutes"},"schema":{"@context":"https:\/\/schema.org","@graph":[{"@type":"Article","@id":"https:\/\/jazairhope.org\/fr\/macron-lafricain-ses-suppletifs-et-nous\/#article","isPartOf":{"@id":"https:\/\/jazairhope.org\/fr\/macron-lafricain-ses-suppletifs-et-nous\/"},"author":{"name":"Hope Jzr","@id":"https:\/\/jazairhope.org\/fr\/#\/schema\/person\/0b50f60fad840cf92313307e38c9d20d"},"headline":"Macron l&#8217;Africain, ses Suppl\u00e9tifs et Nous","datePublished":"2022-08-02T18:43:38+00:00","mainEntityOfPage":{"@id":"https:\/\/jazairhope.org\/fr\/macron-lafricain-ses-suppletifs-et-nous\/"},"wordCount":519,"commentCount":1,"image":{"@id":"https:\/\/jazairhope.org\/fr\/macron-lafricain-ses-suppletifs-et-nous\/#primaryimage"},"thumbnailUrl":"https:\/\/jazairhope.org\/wp-content\/uploads\/2022\/08\/up-5.jpg","articleSection":["Politique"],"inLanguage":"fr-FR","potentialAction":[{"@type":"CommentAction","name":"Comment","target":["https:\/\/jazairhope.org\/fr\/macron-lafricain-ses-suppletifs-et-nous\/#respond"]}]},{"@type":"WebPage","@id":"https:\/\/jazairhope.org\/fr\/macron-lafricain-ses-suppletifs-et-nous\/","url":"https:\/\/jazairhope.org\/fr\/macron-lafricain-ses-suppletifs-et-nous\/","name":"Macron l'Africain, ses Suppl\u00e9tifs et Nous - AAH.JZR","isPartOf":{"@id":"https:\/\/jazairhope.org\/fr\/#website"},"primaryImageOfPage":{"@id":"https:\/\/jazairhope.org\/fr\/macron-lafricain-ses-suppletifs-et-nous\/#primaryimage"},"image":{"@id":"https:\/\/jazairhope.org\/fr\/macron-lafricain-ses-suppletifs-et-nous\/#primaryimage"},"thumbnailUrl":"https:\/\/jazairhope.org\/wp-content\/uploads\/2022\/08\/up-5.jpg","datePublished":"2022-08-02T18:43:38+00:00","author":{"@id":"https:\/\/jazairhope.org\/fr\/#\/schema\/person\/0b50f60fad840cf92313307e38c9d20d"},"breadcrumb":{"@id":"https:\/\/jazairhope.org\/fr\/macron-lafricain-ses-suppletifs-et-nous\/#breadcrumb"},"inLanguage":"fr-FR","potentialAction":[{"@type":"ReadAction","target":["https:\/\/jazairhope.org\/fr\/macron-lafricain-ses-suppletifs-et-nous\/"]}]},{"@type":"ImageObject","inLanguage":"fr-FR","@id":"https:\/\/jazairhope.org\/fr\/macron-lafricain-ses-suppletifs-et-nous\/#primaryimage","url":"https:\/\/jazairhope.org\/wp-content\/uploads\/2022\/08\/up-5.jpg","contentUrl":"https:\/\/jazairhope.org\/wp-content\/uploads\/2022\/08\/up-5.jpg","width":729,"height":419},{"@type":"BreadcrumbList","@id":"https:\/\/jazairhope.org\/fr\/macron-lafricain-ses-suppletifs-et-nous\/#breadcrumb","itemListElement":[{"@type":"ListItem","position":1,"name":"Accueil","item":"https:\/\/jazairhope.org\/fr\/"},{"@type":"ListItem","position":2,"name":"Macron l&rsquo;Africain, ses Suppl\u00e9tifs et Nous"}]},{"@type":"WebSite","@id":"https:\/\/jazairhope.org\/fr\/#website","url":"https:\/\/jazairhope.org\/fr\/","name":"AAH.JZR","description":"Environment, Health, Science, Art, Economics","potentialAction":[{"@type":"SearchAction","target":{"@type":"EntryPoint","urlTemplate":"https:\/\/jazairhope.org\/fr\/?s={search_term_string}"},"query-input":{"@type":"PropertyValueSpecification","valueRequired":true,"valueName":"search_term_string"}}],"inLanguage":"fr-FR"},{"@type":"Person","@id":"https:\/\/jazairhope.org\/fr\/#\/schema\/person\/0b50f60fad840cf92313307e38c9d20d","name":"Hope Jzr","image":{"@type":"ImageObject","inLanguage":"fr-FR","@id":"https:\/\/secure.gravatar.com\/avatar\/0a42f66f14ba94b77f351f3bb2f3b9389c4063acb1697ffb32f5d3944782d3e7?s=96&d=mm&r=g","url":"https:\/\/secure.gravatar.com\/avatar\/0a42f66f14ba94b77f351f3bb2f3b9389c4063acb1697ffb32f5d3944782d3e7?s=96&d=mm&r=g","contentUrl":"https:\/\/secure.gravatar.com\/avatar\/0a42f66f14ba94b77f351f3bb2f3b9389c4063acb1697ffb32f5d3944782d3e7?s=96&d=mm&r=g","caption":"Hope Jzr"},"description":"\u00c0 propos de Hope&amp;ChaDia Hope&amp;ChaDia n\u2019est pas un pseudonyme, mais une m\u00e9thode de travail. Hope : l\u2019id\u00e9e, l\u2019esprit, la structure, la vision. C\u2019est l\u2019impulsion humaine qui choisit l\u2019angle, trace la ligne \u00e9ditoriale et donne le sens. ChaDia : l\u2019assistante, qui met en forme, d\u00e9veloppe, affine le style et v\u00e9rifie les faits. Une aide technologique qui amplifie mais ne cr\u00e9e pas. Ensemble, Hope&amp;ChaDia produisent des textes hybrides : profond\u00e9ment humains dans leur inspiration, rigoureux et pr\u00e9cis dans leur r\u00e9alisation. . . SUPPORTEZ JAZAIRHOPE ET FAITES CONNA\u00ceTRE LE PATRIMOINE ET L\u2019HISTOIRE DE L\u2019ALG\u00c9RIE, EN ACHETANT LE LIVRE DE JAZAIRHOPE POUR VOUS OU POUR L\u2019OFFRIR A VOS PROCHES, ICI : https:\/\/jazairhope.org\/fr\/ebook\/ CEUX EN ALG\u00c9RIE ET CEUX QUI PEUVENT PAS L\u2019ACHETER ON OFFRE UNE COPIE DIGITALE GRATUITE, POUR CELA ENVOYEZ UN EMAIL \u00c0 : INFO@JAZAIRHOPE.ORG","url":"https:\/\/jazairhope.org\/fr\/author\/hope-jazair\/"}]}},"views":502,"_links":{"self":[{"href":"https:\/\/jazairhope.org\/fr\/wp-json\/wp\/v2\/posts\/58714","targetHints":{"allow":["GET"]}}],"collection":[{"href":"https:\/\/jazairhope.org\/fr\/wp-json\/wp\/v2\/posts"}],"about":[{"href":"https:\/\/jazairhope.org\/fr\/wp-json\/wp\/v2\/types\/post"}],"author":[{"embeddable":true,"href":"https:\/\/jazairhope.org\/fr\/wp-json\/wp\/v2\/users\/50"}],"replies":[{"embeddable":true,"href":"https:\/\/jazairhope.org\/fr\/wp-json\/wp\/v2\/comments?post=58714"}],"version-history":[{"count":0,"href":"https:\/\/jazairhope.org\/fr\/wp-json\/wp\/v2\/posts\/58714\/revisions"}],"wp:featuredmedia":[{"embeddable":true,"href":"https:\/\/jazairhope.org\/fr\/wp-json\/wp\/v2\/media\/58715"}],"wp:attachment":[{"href":"https:\/\/jazairhope.org\/fr\/wp-json\/wp\/v2\/media?parent=58714"}],"wp:term":[{"taxonomy":"category","embeddable":true,"href":"https:\/\/jazairhope.org\/fr\/wp-json\/wp\/v2\/categories?post=58714"},{"taxonomy":"post_tag","embeddable":true,"href":"https:\/\/jazairhope.org\/fr\/wp-json\/wp\/v2\/tags?post=58714"}],"curies":[{"name":"wp","href":"https:\/\/api.w.org\/{rel}","templated":true}]}}