{"id":59358,"date":"2022-08-10T14:06:42","date_gmt":"2022-08-10T13:06:42","guid":{"rendered":"https:\/\/jazairhope.org\/?p=59358"},"modified":"2022-08-10T14:06:42","modified_gmt":"2022-08-10T13:06:42","slug":"lalgerie-doit-elle-craindre-des-sanctions-ou-un-embargo","status":"publish","type":"post","link":"https:\/\/jazairhope.org\/fr\/lalgerie-doit-elle-craindre-des-sanctions-ou-un-embargo\/","title":{"rendered":"L&#8217;Alg\u00e9rie doit-elle craindre des sanctions ou un embargo ?"},"content":{"rendered":"<div dir=\"auto\">&#8220;<i>Il ne saurait y avoir de grandes r\u00e9ussites sans de grandes ambitions<\/i>&#8221; Professeur Mourad Preure.<\/div>\n<div dir=\"auto\"><\/div>\n<div dir=\"auto\">Pense-t-on un instant que le monde occidental, qui conna\u00eet aujourd&#8217;hui une crise existentielle, verrait d&#8217;un oeil complaisant et d\u00e9bonnaire l&#8217;\u00e9mergence de nouvelles puissances dont on sait pertinemment qu&#8217;elles contestent l&#8217;h\u00e9g\u00e9monisme imp\u00e9rialiste ? A plus forte raison d&#8217;un pays comme l&#8217;Alg\u00e9rie qui l&#8217;a combattu de toutes ses forces pour simplement vivre libre et qui r\u00e9siste \u00e0 des vell\u00e9it\u00e9s revanchardes depuis la 1\u00e8re heure de son ind\u00e9pendance \u00e0 ce jour.<\/div>\n<div dir=\"auto\"><\/div>\n<div dir=\"auto\">Et croit-on r\u00e9ellement que la d\u00e9cennie noire que nous avons connue est le fruit d&#8217;un malencontreux hasard ?<\/div>\n<div dir=\"auto\"><\/div>\n<div dir=\"auto\">https:\/\/jazairhope.org\/qui-tue-qui-et-la-main-de-letranger-quelle-realite\/<\/div>\n<div dir=\"auto\"><\/div>\n<div dir=\"auto\">Or malgr\u00e9 toutes les difficult\u00e9s, toutes les vicissitudes et tragiques p\u00e9riodes travers\u00e9es par notre jeune nation, l&#8217;Alg\u00e9rie est rest\u00e9e fid\u00e8le \u00e0 ses valeurs de novembre 54 et aux causes justes. Aucune catastrophe, aucune attaque ou pression n&#8217;a pu nous en d\u00e9vier. L&#8217;\u00e2me et la fiert\u00e9 alg\u00e9riennes ne sont pas marchandables et ne seront jamais \u00e0 vendre.<\/div>\n<div dir=\"auto\"><\/div>\n<div dir=\"auto\"><b>L&#8217;Alg\u00e9rie \u00e9ternelle des chouhadas\u00a0<\/b><\/div>\n<div dir=\"auto\"><\/div>\n<div dir=\"auto\">On se souviendra que c&#8217;est \u00e0 Alger qu&#8217;a \u00e9t\u00e9 d\u00e9clar\u00e9e l&#8217;ind\u00e9pendance de l&#8217;\u00c9tat palestinien le 15 novembre 1988. Un pied de nez \u00e0 tout ce monde occidental, sponsor du sionisme international et un affront qu&#8217;on lui a fait pay\u00e9 d&#8217;une d\u00e9cennie de terrorisme sanguinaire qui a failli faire dispara\u00eetre la nation alg\u00e9rienne.<\/div>\n<div dir=\"auto\"><\/div>\n<div dir=\"auto\">Et apr\u00e8s avoir appuy\u00e9 les mouvements d&#8217;ind\u00e9pendance africains, et oeuvr\u00e9 \u00e0 l&#8217;\u00e9mancipation d&#8217;autres peuples, c&#8217;est encore l&#8217;Alg\u00e9rie que l&#8217;on retrouve dans les dossiers br\u00fblants du continent (Lybie, Mali, etc) pour des solutions de paix et lutter contre l&#8217;imp\u00e9rialisme.<\/div>\n<div dir=\"auto\"><\/div>\n<div dir=\"auto\">Et qui d&#8217;autre que l&#8217;Alg\u00e9rie aurait pu r\u00e9unir dans sa capitale Mahmoud Abbas et Isma\u00efl Anyieh du Hamas ?<\/div>\n<div dir=\"auto\"><\/div>\n<div dir=\"auto\">Or, ce qui a \u00e9t\u00e9 qualifi\u00e9e de rencontre historique par nombre de quotidiens, et d&#8217;autre part l&#8217;action de la diplomatie alg\u00e9rienne en faveur de la paix dans le continent sont loin d&#8217;\u00eatre applaudis par la &#8220;communaut\u00e9 internationale&#8221;, mais plut\u00f4t vus comme une menace existentielle par certaines parties. C&#8217;est pourquoi une extr\u00eame vigilance reste de rigueur pour parer \u00e0 d&#8217;\u00e9ventuelles mesures de r\u00e9torsion.<\/div>\n<div dir=\"auto\"><\/div>\n<div dir=\"auto\"><b>N\u00e9cessit\u00e9 est m\u00e8re d&#8217;invention<\/b><\/div>\n<div dir=\"auto\"><\/div>\n<div dir=\"auto\">Quelles cons\u00e9quences ont produit les sanctions et embargos sur des nations ayant un haut sens de la souverainet\u00e9 et du patriotisme ?<\/div>\n<div dir=\"auto\"><\/div>\n<div dir=\"auto\">&#8211;\u00a0<b>Iran<\/b>\u00a0: Ce pays, qui a d\u00e9velopp\u00e9 une industrie solide, est devenu en relativement peu de temps une puissance r\u00e9gionale, qui p\u00e8se d\u00e9sormais dans l&#8217;\u00e9chiquier mondial.<\/div>\n<div dir=\"auto\"><\/div>\n<div dir=\"auto\">&#8211;\u00a0<b>Cuba<\/b>\u00a0: Sous embargo depuis des d\u00e9cennies, ce pays a con\u00e7u l&#8217;un des meilleurs syst\u00e8me de sant\u00e9 au monde. Il est d&#8217;ailleurs parvenu \u00e0 produire des vaccins anti-covid, que certains pays du G7 se sont escrim\u00e9s en vain de fabriquer.<\/div>\n<div dir=\"auto\"><\/div>\n<div dir=\"auto\">&#8211;\u00a0<b>Russie<\/b>\u00a0: D\u00e9pendante avant les sanctions d&#8217;un grand nombre de produits, elle est aujourd&#8217;hui autosuffisante de telle mani\u00e8re qu&#8217;elle peut, de l&#8217;avis m\u00eame d&#8217;analystes europ\u00e9ens, vivre en autarcie durant plusieurs ann\u00e9es.<\/div>\n<div dir=\"auto\"><\/div>\n<div dir=\"auto\">Au passage, nous citerons, uniquement en guise de parenth\u00e8se, les exemples r\u00e9guli\u00e8rement \u00e9voqu\u00e9s par certains de nos experts comme mod\u00e8les de d\u00e9veloppement<\/div>\n<div dir=\"auto\"><\/div>\n<div dir=\"auto\">&#8211;\u00a0<b>Cor\u00e9e du Sud<\/b>\u00a0: Bien souvent la Cor\u00e9e du Sud est cit\u00e9e en exemple, sans savoir combien la comparaison est fallacieuse, car on occulte g\u00e9n\u00e9ralement le fait que ce pays, d&#8217;une part, a b\u00e9n\u00e9fici\u00e9 d&#8217;une aide massive des USA dans sa lutte id\u00e9ologique et strat\u00e9gique contre les pays socialistes, et que d&#8217;autre part, cette aide a \u00e9t\u00e9 octroy\u00e9e au d\u00e9triment de sa souverainet\u00e9 : l&#8217;une des plus grandes bases US se trouve dans ce pays qui a \u00e9t\u00e9 l&#8217;un des plus aid\u00e9s au monde, et qui cherche aujourd&#8217;hui, vainement, \u00e0 faire partir toute cette soldatesque US. De plus son \u00e9conomie totalement extravertie la rend totalement d\u00e9pendante des exportations et donc extr\u00eamement vuln\u00e9rable aux al\u00e9as internationaux.<\/div>\n<div dir=\"auto\"><\/div>\n<div dir=\"auto\">Par ailleurs, la Cor\u00e9e du Sud a eu l&#8217;insigne honneur d&#8217;\u00eatre class\u00e9e comme le pays le plus corrompu de la plan\u00e8te dans les ann\u00e9es 80-90, avec des conflits d&#8217;int\u00e9r\u00eats g\u00e9n\u00e9ralis\u00e9s o\u00f9 politique-arm\u00e9e-business \u00e9taient totalement intriqu\u00e9s, en somme la forme la moins \u00e9dulcor\u00e9e, la plus brutale du capitalisme.<\/div>\n<div dir=\"auto\"><\/div>\n<div dir=\"auto\">&#8211;\u00a0<b>Chine<\/b>\u00a0: Tout d&#8217;abord les dimensions hors normes rendent fantaisiste toute comparaison avec ce pays, qui, d&#8217;une part b\u00e9n\u00e9ficiait d&#8217;une base industrielle assez ancienne et d&#8217;autre part, d&#8217;une aide massive de l&#8217;URSS.<\/div>\n<div dir=\"auto\"><\/div>\n<div dir=\"auto\">Ensuite, contrairement \u00e0 l&#8217;Alg\u00e9rie qui a connu des d\u00e9buts prometteurs avec sa politique de l&#8217;industrie industrialisante, la Chine n&#8217;a pas marqu\u00e9 de brusque coup d&#8217;arr\u00eat \u00e0 cette strat\u00e9gie.<\/div>\n<div dir=\"auto\"><\/div>\n<div dir=\"auto\">Pour ce qui est des dimensions, il suffit de consid\u00e9rer par exemple le rapport : 1% de dipl\u00f4m\u00e9s chercheurs sur la population estudiantine (ne serait-ce qu&#8217;en sciences) !<\/div>\n<div dir=\"auto\"><\/div>\n<div dir=\"auto\">Autre facteur que nous omettons bien souvent : la diff\u00e9rence culturelle qui fait qu&#8217;un Sud Cor\u00e9en, par exemple, est pr\u00eat \u00e0 consentir un moyenne de 54h de travail hebdomadaire.<\/div>\n<div dir=\"auto\"><\/div>\n<div dir=\"auto\">Ce trait de caract\u00e8re peut s&#8217;expliquer par le fait que la culture du riz \u00e9tant traditionnellement la base de l&#8217;alimentation des soci\u00e9t\u00e9s asiatiques, celle-ci n\u00e9cessite une main-d&#8217;\u0153uvre abondante et une organisation originale de ces soci\u00e9t\u00e9s. A comparer \u00e0 nos soci\u00e9t\u00e9s &#8220;tribales&#8221;.<\/div>\n<div dir=\"auto\"><\/div>\n<div dir=\"auto\">Par ailleurs, ces 2 pays, tout comme l&#8217;Inde du reste, ont su attirer et compter sur leur diaspora,\u00a0 notamment ceux de la Silicon Valley, qui compte aujourd&#8217;hui un important contingent&#8230; d&#8217;Alg\u00e9riens.<\/div>\n<div dir=\"auto\"><\/div>\n<div dir=\"auto\"><b>Quel mod\u00e8le pour l&#8217;Alg\u00e9rie ?\u00a0<\/b><\/div>\n<div dir=\"auto\"><\/div>\n<div dir=\"auto\">En r\u00e9alit\u00e9, il ne peut y avoir de mod\u00e8le transposable \u00e0 la lettre d&#8217;un pays \u00e0 l&#8217;autre, car chacun, en fonction de son histoire, de son environnement, de ses forces et faiblesses a apport\u00e9 ses propres solutions \u00e0 ses d\u00e9fis propres.<\/div>\n<div dir=\"auto\"><\/div>\n<div dir=\"auto\">Une chose est s\u00fbre cependant : leur r\u00e9ussite r\u00e9side dans l&#8217;accent mis par ces pays sur le savoir et l&#8217;\u00e9ducation, et &#8230; le travail, beaucoup de travail.<\/div>\n<div dir=\"auto\"><\/div>\n<div dir=\"auto\">C&#8217;est \u00e0 ces conditions que nous pourrons d\u00e9velopper nos comp\u00e9tences, leur faire confiance et nous appuyer sur celles-ci pour envisager l&#8217;avenir avec confiance et s\u00e9r\u00e9nit\u00e9, tout en restant ancr\u00e9s dans nos traditions et nos valeurs.<\/div>\n<div dir=\"auto\"><\/div>\n<div dir=\"auto\"><b>Un patriotisme scientifique, civique et culturel<\/b><\/div>\n<div dir=\"auto\"><\/div>\n<div dir=\"auto\">Ainsi, pour r\u00e9pondre \u00e0 la question en objet, aucune sanction ou embargo ne saurait venir \u00e0 bout de la d\u00e9termination, de la solidarit\u00e9 d&#8217;un peuple uni et p\u00e9tri de patriotisme. Et nous n&#8217;en manquons pas. Pas plus que nous manquons de fiert\u00e9, n&#8217;est-ce pas ?<\/div>\n<div dir=\"auto\"><\/div>\n<div dir=\"auto\">Nous vivons une heure historique et une occasion unique pour hisser notre pays au rang des grandes nations. D&#8217;autant que les comp\u00e9tences existent. Il suffit ou plut\u00f4t il s&#8217;agit de les mobiliser.<\/div>\n<div dir=\"auto\"><\/div>\n<div dir=\"auto\">Pour ce faire, nos autorit\u00e9s pourraient lancer de grands projets, des projets qui conf\u00e8rent un certain prestige et font r\u00eaver, car ce sont les utopies, les r\u00eaves qui galvanisent les peuples et leur font d\u00e9placer des montagnes (\u00e0 l&#8217;instar du barrage vert lanc\u00e9 d\u00e8s la fin des ann\u00e9es 60).<\/div>\n<div dir=\"auto\"><\/div>\n<div dir=\"auto\">&#8211; Un programme spatial pour concevoir et lancer, \u00e0 partir de notre territoire, nos satellites par nos propres moyens. Ici, m\u00eame les plus r\u00e9tifs et les plus d\u00e9nigreurs parmi nos demokhrates ne pourront que s&#8217;incliner et \u00eatre fiers (si une telle chose est possible) devant pareille r\u00e9ussite. Ainsi la recherche spatiale, eu \u00e9gard en outre \u00e0 ses multiples applications, doit \u00eatre inscrite comme priorit\u00e9 et fer de lance dans l&#8217;\u00e9dification de la nouvelle Alg\u00e9rie. Construction d&#8217;au moins un observatoire astronomique<\/div>\n<div dir=\"auto\"><\/div>\n<div dir=\"auto\">&#8211; cr\u00e9ation d&#8217;une (ou plusieurs) v\u00e9ritable mer au coeur du d\u00e9sert alg\u00e9rien. Celle-ci pourrait \u00eatre aliment\u00e9e par une station de d\u00e9salinisation d&#8217;eau de mer qui lui serait d\u00e9di\u00e9e. Des stations d&#8217;\u00e9puration des eaux us\u00e9es approvisionneraient la rivi\u00e8re (ou les rivi\u00e8res) traversant tout le territoire du nord au sud et en maintiendraient le d\u00e9bit, au lieu que leurs eaux soient rejet\u00e9es dans la M\u00e9diterran\u00e9e ou dans la nature. Cette eau qui pourrait \u00e9galement \u00eatre achemin\u00e9e aux champs gaziers servirait, d&#8217;une part, \u00e0 optimiser la r\u00e9cup\u00e9ration du gaz et d&#8217;autre part \u00e0 constituer une nappe d&#8217;eau souterraine dans ces r\u00e9serves. En outre, en approvisionnant les pays voisins (Mali, Niger, voire d&#8217;autres pays), l&#8217;UA pourrait en financer une partie, ce qui en outre ajouterait \u00e0 l&#8217;influence de l&#8217;Alg\u00e9rie, notamment en terme de soft power. Cr\u00e9ation d&#8217;\u00e9coles d&#8217;agronomie en milieu saharien pour accompagner le d\u00e9veloppement de l&#8217;agriculture saharienne, notamment pour la production de plantes halophiles, etc.<\/div>\n<div dir=\"auto\"><\/div>\n<div dir=\"auto\">&#8211; chemin de fer transsaharien, dont une partie du trac\u00e9 pourrait \u00eatre \u00e9tay\u00e9 de ponts pour les zones ensablables. Pour en acc\u00e9l\u00e9rer la mise en oeuvre, les chantiers devraient sans doute \u00eatre initi\u00e9s (si cela est techniquement faisable) \u00e0 partir de chacune des principales localit\u00e9s travers\u00e9es par le r\u00e9seau ferroviaire et se rejoindre \u00e0 mi-parcours.<\/div>\n<div dir=\"auto\"><\/div>\n<div dir=\"auto\">&#8211; un p\u00f4le biotechnologique de classe mondiale en Alg\u00e9rie pour la r\u00e9gion Afrique et Moyen Orient.<\/div>\n<div dir=\"auto\"><\/div>\n<div dir=\"auto\">&#8211; une Silicon Valley alg\u00e9rienne jouxtant le technoparc de Sidi Abdallah.<\/div>\n<div dir=\"auto\"><\/div>\n<div dir=\"auto\">&#8211; des p\u00f4les \u00e9nergies renouvelables r\u00e9partis dans le territoire national en fonction des sp\u00e9cificit\u00e9s locales. P\u00f4le photovolta\u00efque, p\u00f4le fission nucl\u00e9aire, hydrog\u00e8ne, g\u00e9othermie, \u00e9olien, fusion nucl\u00e9aire, moteur quantique, etc.<\/div>\n<div dir=\"auto\"><\/div>\n<div dir=\"auto\">&#8211; industrie cin\u00e9matographique, studios de doublage, \u00e9coles sp\u00e9cialis\u00e9es dans l&#8217;audiovisuel. Tout un chacun reconna\u00eet l&#8217;extr\u00eame importance de l&#8217;image et son impact notamment en terme de soft power.<\/div>\n<div dir=\"auto\"><\/div>\n<div dir=\"auto\">&#8211; des manifestations artistiques et litt\u00e9raires, qui doivent \u00eatre organis\u00e9es en ext\u00e9rieur pour, d&#8217;une part attirer un plus grand nombre de visiteurs et d&#8217;autre part peut-\u00eatre susciter des vocations. Les expositions d&#8217;oeuvres, d\u00e9clamation de po\u00e8mes, goupes musicaux, etc en ext\u00e9rieur auraient en outre l&#8217;avantage de cr\u00e9er un climat de festivit\u00e9s et par l\u00e0-m\u00eame de vivre ensemble. Du reste notre climat est plut\u00f4t propice \u00e0 ce type d&#8217;\u00e9v\u00e9nement.<\/div>\n<div dir=\"auto\"><\/div>\n<div dir=\"auto\">\n<div dir=\"auto\">\n<div dir=\"auto\">Et pour appuyer ce renouveau \u00e9conomique, cette r\u00e9volution culturelle, ceux-ci devront \u00eatre accompagn\u00e9s de cr\u00e9ations d&#8217;universit\u00e9s, \u00e9coles, instituts dans les divers domaines du savoir : \u00e9coles de math\u00e9matiques dans chaque wilaya, nanotechnologie, \u00e9coles de gastronomie, d&#8217;art vestimentaire et musical traditionnels, etc.<\/div>\n<div dir=\"auto\"><\/div>\n<div dir=\"auto\">Et dans une optique non seulement de souverainet\u00e9 nationale mais \u00e9galement de retomb\u00e9es \u00e9conomiques consid\u00e9rables, il y aurait sans doute une r\u00e9elle opportunit\u00e9 \u00e0 saisir dans le d\u00e9veloppement des semi-conducteurs, microprocesseurs de base nanom\u00e9trique, dont on constate une p\u00e9nurie mondiale en raison, dit-on, des conflits ukrainiens et ta\u00efwanais. D&#8217;autant que nous disposons d&#8217;avantages comparatifs non n\u00e9gligeables : disponibilit\u00e9 de terres rares en abondance, proximit\u00e9 des march\u00e9s, etc.<\/div>\n<\/div>\n<div dir=\"auto\"><\/div>\n<div dir=\"auto\">\n<div dir=\"auto\">Ces projets, nous en sommes convaincus, ne rel\u00e8vent pas de la pure utopie. Ils ne requi\u00e8rent en v\u00e9rit\u00e9 que travail, ing\u00e9niosit\u00e9, et appellent \u00e0 la solidarit\u00e9 et au patriotisme culturel, civique et scientifique propre \u00e0 mobiliser et f\u00e9d\u00e9rer les comp\u00e9tences et les volont\u00e9s de tous les horizons.<\/div>\n<div dir=\"auto\"><\/div>\n<div dir=\"auto\">Nous sommes \u00e0 un tournant historique, qui exige une r\u00e9ponse imm\u00e9diate et la mobilisation de tous les Alg\u00e9riens et Alg\u00e9riennes tant \u00e0 l&#8217;int\u00e9rieur qu&#8217;\u00e0 l&#8217;ext\u00e9rieur du pays. L&#8217;Alg\u00e9rie a besoin de tous ses enfants pour prendre part \u00e0 ce rendez-vous avec l&#8217;Histoire. Et il est de notre devoir de r\u00e9pondre \u00e0 son appel, loin de consid\u00e9rations mat\u00e9rielles ou mat\u00e9rialistes (nos chouhadas n&#8217;avaient certes pas conditionn\u00e9 leur participation dans la r\u00e9volution \u00e0 un salaire, n&#8217;est-ce pas ?\u00a0 tels de vulgaires mercenaires), ou encore de calculs ou de consid\u00e9rations revanchardes de politique politicienne (pour des postes convoit\u00e9s et non octroy\u00e9s), car si nous sommes arriv\u00e9s l\u00e0 o\u00f9 chacun de nous se trouve, c&#8217;est \u00e0 l&#8217;Alg\u00e9rie et \u00e0 elle seule que nous le devons.<\/div>\n<div dir=\"auto\"><\/div>\n<div dir=\"auto\">Et quoi qu&#8217;on en dise, force est de reconna\u00eetre qu&#8217;il n&#8217;y a de meilleur endroit o\u00f9 il fait bon vivre qu&#8217;au sein de sa m\u00e8re-patrie et au milieu des siens avec leurs d\u00e9fauts et leurs qualit\u00e9s.<\/div>\n<\/div>\n<div dir=\"auto\"><\/div>\n<\/div>\n","protected":false},"excerpt":{"rendered":"<p>&#8220;Il ne saurait y avoir de grandes r\u00e9ussites sans de grandes ambitions&#8221; Professeur Mourad Preure. Pense-t-on un instant que le monde occidental,&hellip;<\/p>\n","protected":false},"author":1,"featured_media":59360,"comment_status":"open","ping_status":"open","sticky":false,"template":"","format":"standard","meta":{"_lmt_disableupdate":"","_lmt_disable":"","footnotes":""},"categories":[32,49],"tags":[],"class_list":["post-59358","post","type-post","status-publish","format-standard","has-post-thumbnail","hentry","category-algerie","category-politique"],"yoast_head":"<!-- This site is optimized with the Yoast SEO plugin v27.3 - https:\/\/yoast.com\/product\/yoast-seo-wordpress\/ -->\n<title>L&#039;Alg\u00e9rie doit-elle craindre des sanctions ou un embargo ? - AAH.JZR<\/title>\n<meta name=\"robots\" content=\"index, follow, max-snippet:-1, max-image-preview:large, max-video-preview:-1\" \/>\n<link rel=\"canonical\" href=\"https:\/\/jazairhope.org\/fr\/lalgerie-doit-elle-craindre-des-sanctions-ou-un-embargo\/\" \/>\n<meta property=\"og:locale\" content=\"fr_FR\" \/>\n<meta property=\"og:type\" content=\"article\" \/>\n<meta property=\"og:title\" content=\"L&#039;Alg\u00e9rie doit-elle craindre des sanctions ou un embargo ? - AAH.JZR\" \/>\n<meta property=\"og:description\" content=\"&#8220;Il ne saurait y avoir de grandes r\u00e9ussites sans de grandes ambitions&#8221; Professeur Mourad Preure. Pense-t-on un instant que le monde occidental,&hellip;\" \/>\n<meta property=\"og:url\" content=\"https:\/\/jazairhope.org\/fr\/lalgerie-doit-elle-craindre-des-sanctions-ou-un-embargo\/\" \/>\n<meta property=\"og:site_name\" content=\"AAH.JZR\" \/>\n<meta property=\"article:publisher\" content=\"https:\/\/www.facebook.com\/jazairhope\" \/>\n<meta property=\"article:published_time\" content=\"2022-08-10T13:06:42+00:00\" \/>\n<meta property=\"og:image\" content=\"https:\/\/jazairhope.org\/wp-content\/uploads\/2022\/08\/embargo.png\" \/>\n\t<meta property=\"og:image:width\" content=\"940\" \/>\n\t<meta property=\"og:image:height\" content=\"788\" \/>\n\t<meta property=\"og:image:type\" content=\"image\/png\" \/>\n<meta name=\"author\" content=\"Ssuperadmin\" \/>\n<meta name=\"twitter:card\" content=\"summary_large_image\" \/>\n<meta name=\"twitter:label1\" content=\"\u00c9crit par\" \/>\n\t<meta name=\"twitter:data1\" content=\"Ssuperadmin\" \/>\n\t<meta name=\"twitter:label2\" content=\"Dur\u00e9e de lecture estim\u00e9e\" \/>\n\t<meta name=\"twitter:data2\" content=\"10 minutes\" \/>\n<script type=\"application\/ld+json\" class=\"yoast-schema-graph\">{\"@context\":\"https:\\\/\\\/schema.org\",\"@graph\":[{\"@type\":\"Article\",\"@id\":\"https:\\\/\\\/jazairhope.org\\\/fr\\\/lalgerie-doit-elle-craindre-des-sanctions-ou-un-embargo\\\/#article\",\"isPartOf\":{\"@id\":\"https:\\\/\\\/jazairhope.org\\\/fr\\\/lalgerie-doit-elle-craindre-des-sanctions-ou-un-embargo\\\/\"},\"author\":{\"name\":\"Ssuperadmin\",\"@id\":\"https:\\\/\\\/jazairhope.org\\\/fr\\\/#\\\/schema\\\/person\\\/43650ebd889d8960700b5456ed9264c4\"},\"headline\":\"L&#8217;Alg\u00e9rie doit-elle craindre des sanctions ou un embargo ?\",\"datePublished\":\"2022-08-10T13:06:42+00:00\",\"mainEntityOfPage\":{\"@id\":\"https:\\\/\\\/jazairhope.org\\\/fr\\\/lalgerie-doit-elle-craindre-des-sanctions-ou-un-embargo\\\/\"},\"wordCount\":2138,\"commentCount\":1,\"image\":{\"@id\":\"https:\\\/\\\/jazairhope.org\\\/fr\\\/lalgerie-doit-elle-craindre-des-sanctions-ou-un-embargo\\\/#primaryimage\"},\"thumbnailUrl\":\"https:\\\/\\\/jazairhope.org\\\/wp-content\\\/uploads\\\/2022\\\/08\\\/embargo.png\",\"articleSection\":[\"Alg\u00e9rie Alg\u00e9rienne\",\"Politique\"],\"inLanguage\":\"fr-FR\",\"potentialAction\":[{\"@type\":\"CommentAction\",\"name\":\"Comment\",\"target\":[\"https:\\\/\\\/jazairhope.org\\\/fr\\\/lalgerie-doit-elle-craindre-des-sanctions-ou-un-embargo\\\/#respond\"]}]},{\"@type\":\"WebPage\",\"@id\":\"https:\\\/\\\/jazairhope.org\\\/fr\\\/lalgerie-doit-elle-craindre-des-sanctions-ou-un-embargo\\\/\",\"url\":\"https:\\\/\\\/jazairhope.org\\\/fr\\\/lalgerie-doit-elle-craindre-des-sanctions-ou-un-embargo\\\/\",\"name\":\"L'Alg\u00e9rie doit-elle craindre des sanctions ou un embargo ? - AAH.JZR\",\"isPartOf\":{\"@id\":\"https:\\\/\\\/jazairhope.org\\\/fr\\\/#website\"},\"primaryImageOfPage\":{\"@id\":\"https:\\\/\\\/jazairhope.org\\\/fr\\\/lalgerie-doit-elle-craindre-des-sanctions-ou-un-embargo\\\/#primaryimage\"},\"image\":{\"@id\":\"https:\\\/\\\/jazairhope.org\\\/fr\\\/lalgerie-doit-elle-craindre-des-sanctions-ou-un-embargo\\\/#primaryimage\"},\"thumbnailUrl\":\"https:\\\/\\\/jazairhope.org\\\/wp-content\\\/uploads\\\/2022\\\/08\\\/embargo.png\",\"datePublished\":\"2022-08-10T13:06:42+00:00\",\"author\":{\"@id\":\"https:\\\/\\\/jazairhope.org\\\/fr\\\/#\\\/schema\\\/person\\\/43650ebd889d8960700b5456ed9264c4\"},\"breadcrumb\":{\"@id\":\"https:\\\/\\\/jazairhope.org\\\/fr\\\/lalgerie-doit-elle-craindre-des-sanctions-ou-un-embargo\\\/#breadcrumb\"},\"inLanguage\":\"fr-FR\",\"potentialAction\":[{\"@type\":\"ReadAction\",\"target\":[\"https:\\\/\\\/jazairhope.org\\\/fr\\\/lalgerie-doit-elle-craindre-des-sanctions-ou-un-embargo\\\/\"]}]},{\"@type\":\"ImageObject\",\"inLanguage\":\"fr-FR\",\"@id\":\"https:\\\/\\\/jazairhope.org\\\/fr\\\/lalgerie-doit-elle-craindre-des-sanctions-ou-un-embargo\\\/#primaryimage\",\"url\":\"https:\\\/\\\/jazairhope.org\\\/wp-content\\\/uploads\\\/2022\\\/08\\\/embargo.png\",\"contentUrl\":\"https:\\\/\\\/jazairhope.org\\\/wp-content\\\/uploads\\\/2022\\\/08\\\/embargo.png\",\"width\":940,\"height\":788},{\"@type\":\"BreadcrumbList\",\"@id\":\"https:\\\/\\\/jazairhope.org\\\/fr\\\/lalgerie-doit-elle-craindre-des-sanctions-ou-un-embargo\\\/#breadcrumb\",\"itemListElement\":[{\"@type\":\"ListItem\",\"position\":1,\"name\":\"Accueil\",\"item\":\"https:\\\/\\\/jazairhope.org\\\/fr\\\/\"},{\"@type\":\"ListItem\",\"position\":2,\"name\":\"L&rsquo;Alg\u00e9rie doit-elle craindre des sanctions ou un embargo ?\"}]},{\"@type\":\"WebSite\",\"@id\":\"https:\\\/\\\/jazairhope.org\\\/fr\\\/#website\",\"url\":\"https:\\\/\\\/jazairhope.org\\\/fr\\\/\",\"name\":\"AAH.JZR\",\"description\":\"Environment, Health, Science, Art, Economics\",\"potentialAction\":[{\"@type\":\"SearchAction\",\"target\":{\"@type\":\"EntryPoint\",\"urlTemplate\":\"https:\\\/\\\/jazairhope.org\\\/fr\\\/?s={search_term_string}\"},\"query-input\":{\"@type\":\"PropertyValueSpecification\",\"valueRequired\":true,\"valueName\":\"search_term_string\"}}],\"inLanguage\":\"fr-FR\"},{\"@type\":\"Person\",\"@id\":\"https:\\\/\\\/jazairhope.org\\\/fr\\\/#\\\/schema\\\/person\\\/43650ebd889d8960700b5456ed9264c4\",\"name\":\"Ssuperadmin\",\"image\":{\"@type\":\"ImageObject\",\"inLanguage\":\"fr-FR\",\"@id\":\"https:\\\/\\\/secure.gravatar.com\\\/avatar\\\/b4068e88b9c557952c81ca0efc4e11e19a2ed480173b8cef95a240894b16bf22?s=96&d=mm&r=g\",\"url\":\"https:\\\/\\\/secure.gravatar.com\\\/avatar\\\/b4068e88b9c557952c81ca0efc4e11e19a2ed480173b8cef95a240894b16bf22?s=96&d=mm&r=g\",\"contentUrl\":\"https:\\\/\\\/secure.gravatar.com\\\/avatar\\\/b4068e88b9c557952c81ca0efc4e11e19a2ed480173b8cef95a240894b16bf22?s=96&d=mm&r=g\",\"caption\":\"Ssuperadmin\"},\"sameAs\":[\"https:\\\/\\\/jazairhope.org\"],\"url\":\"https:\\\/\\\/jazairhope.org\\\/fr\\\/author\\\/superadmin\\\/\"}]}<\/script>\n<!-- \/ Yoast SEO plugin. -->","yoast_head_json":{"title":"L'Alg\u00e9rie doit-elle craindre des sanctions ou un embargo ? - AAH.JZR","robots":{"index":"index","follow":"follow","max-snippet":"max-snippet:-1","max-image-preview":"max-image-preview:large","max-video-preview":"max-video-preview:-1"},"canonical":"https:\/\/jazairhope.org\/fr\/lalgerie-doit-elle-craindre-des-sanctions-ou-un-embargo\/","og_locale":"fr_FR","og_type":"article","og_title":"L'Alg\u00e9rie doit-elle craindre des sanctions ou un embargo ? - AAH.JZR","og_description":"&#8220;Il ne saurait y avoir de grandes r\u00e9ussites sans de grandes ambitions&#8221; Professeur Mourad Preure. Pense-t-on un instant que le monde occidental,&hellip;","og_url":"https:\/\/jazairhope.org\/fr\/lalgerie-doit-elle-craindre-des-sanctions-ou-un-embargo\/","og_site_name":"AAH.JZR","article_publisher":"https:\/\/www.facebook.com\/jazairhope","article_published_time":"2022-08-10T13:06:42+00:00","og_image":[{"width":940,"height":788,"url":"https:\/\/jazairhope.org\/wp-content\/uploads\/2022\/08\/embargo.png","type":"image\/png"}],"author":"Ssuperadmin","twitter_card":"summary_large_image","twitter_misc":{"\u00c9crit par":"Ssuperadmin","Dur\u00e9e de lecture estim\u00e9e":"10 minutes"},"schema":{"@context":"https:\/\/schema.org","@graph":[{"@type":"Article","@id":"https:\/\/jazairhope.org\/fr\/lalgerie-doit-elle-craindre-des-sanctions-ou-un-embargo\/#article","isPartOf":{"@id":"https:\/\/jazairhope.org\/fr\/lalgerie-doit-elle-craindre-des-sanctions-ou-un-embargo\/"},"author":{"name":"Ssuperadmin","@id":"https:\/\/jazairhope.org\/fr\/#\/schema\/person\/43650ebd889d8960700b5456ed9264c4"},"headline":"L&#8217;Alg\u00e9rie doit-elle craindre des sanctions ou un embargo ?","datePublished":"2022-08-10T13:06:42+00:00","mainEntityOfPage":{"@id":"https:\/\/jazairhope.org\/fr\/lalgerie-doit-elle-craindre-des-sanctions-ou-un-embargo\/"},"wordCount":2138,"commentCount":1,"image":{"@id":"https:\/\/jazairhope.org\/fr\/lalgerie-doit-elle-craindre-des-sanctions-ou-un-embargo\/#primaryimage"},"thumbnailUrl":"https:\/\/jazairhope.org\/wp-content\/uploads\/2022\/08\/embargo.png","articleSection":["Alg\u00e9rie Alg\u00e9rienne","Politique"],"inLanguage":"fr-FR","potentialAction":[{"@type":"CommentAction","name":"Comment","target":["https:\/\/jazairhope.org\/fr\/lalgerie-doit-elle-craindre-des-sanctions-ou-un-embargo\/#respond"]}]},{"@type":"WebPage","@id":"https:\/\/jazairhope.org\/fr\/lalgerie-doit-elle-craindre-des-sanctions-ou-un-embargo\/","url":"https:\/\/jazairhope.org\/fr\/lalgerie-doit-elle-craindre-des-sanctions-ou-un-embargo\/","name":"L'Alg\u00e9rie doit-elle craindre des sanctions ou un embargo ? - AAH.JZR","isPartOf":{"@id":"https:\/\/jazairhope.org\/fr\/#website"},"primaryImageOfPage":{"@id":"https:\/\/jazairhope.org\/fr\/lalgerie-doit-elle-craindre-des-sanctions-ou-un-embargo\/#primaryimage"},"image":{"@id":"https:\/\/jazairhope.org\/fr\/lalgerie-doit-elle-craindre-des-sanctions-ou-un-embargo\/#primaryimage"},"thumbnailUrl":"https:\/\/jazairhope.org\/wp-content\/uploads\/2022\/08\/embargo.png","datePublished":"2022-08-10T13:06:42+00:00","author":{"@id":"https:\/\/jazairhope.org\/fr\/#\/schema\/person\/43650ebd889d8960700b5456ed9264c4"},"breadcrumb":{"@id":"https:\/\/jazairhope.org\/fr\/lalgerie-doit-elle-craindre-des-sanctions-ou-un-embargo\/#breadcrumb"},"inLanguage":"fr-FR","potentialAction":[{"@type":"ReadAction","target":["https:\/\/jazairhope.org\/fr\/lalgerie-doit-elle-craindre-des-sanctions-ou-un-embargo\/"]}]},{"@type":"ImageObject","inLanguage":"fr-FR","@id":"https:\/\/jazairhope.org\/fr\/lalgerie-doit-elle-craindre-des-sanctions-ou-un-embargo\/#primaryimage","url":"https:\/\/jazairhope.org\/wp-content\/uploads\/2022\/08\/embargo.png","contentUrl":"https:\/\/jazairhope.org\/wp-content\/uploads\/2022\/08\/embargo.png","width":940,"height":788},{"@type":"BreadcrumbList","@id":"https:\/\/jazairhope.org\/fr\/lalgerie-doit-elle-craindre-des-sanctions-ou-un-embargo\/#breadcrumb","itemListElement":[{"@type":"ListItem","position":1,"name":"Accueil","item":"https:\/\/jazairhope.org\/fr\/"},{"@type":"ListItem","position":2,"name":"L&rsquo;Alg\u00e9rie doit-elle craindre des sanctions ou un embargo ?"}]},{"@type":"WebSite","@id":"https:\/\/jazairhope.org\/fr\/#website","url":"https:\/\/jazairhope.org\/fr\/","name":"AAH.JZR","description":"Environment, Health, Science, Art, Economics","potentialAction":[{"@type":"SearchAction","target":{"@type":"EntryPoint","urlTemplate":"https:\/\/jazairhope.org\/fr\/?s={search_term_string}"},"query-input":{"@type":"PropertyValueSpecification","valueRequired":true,"valueName":"search_term_string"}}],"inLanguage":"fr-FR"},{"@type":"Person","@id":"https:\/\/jazairhope.org\/fr\/#\/schema\/person\/43650ebd889d8960700b5456ed9264c4","name":"Ssuperadmin","image":{"@type":"ImageObject","inLanguage":"fr-FR","@id":"https:\/\/secure.gravatar.com\/avatar\/b4068e88b9c557952c81ca0efc4e11e19a2ed480173b8cef95a240894b16bf22?s=96&d=mm&r=g","url":"https:\/\/secure.gravatar.com\/avatar\/b4068e88b9c557952c81ca0efc4e11e19a2ed480173b8cef95a240894b16bf22?s=96&d=mm&r=g","contentUrl":"https:\/\/secure.gravatar.com\/avatar\/b4068e88b9c557952c81ca0efc4e11e19a2ed480173b8cef95a240894b16bf22?s=96&d=mm&r=g","caption":"Ssuperadmin"},"sameAs":["https:\/\/jazairhope.org"],"url":"https:\/\/jazairhope.org\/fr\/author\/superadmin\/"}]}},"views":340,"_links":{"self":[{"href":"https:\/\/jazairhope.org\/fr\/wp-json\/wp\/v2\/posts\/59358","targetHints":{"allow":["GET"]}}],"collection":[{"href":"https:\/\/jazairhope.org\/fr\/wp-json\/wp\/v2\/posts"}],"about":[{"href":"https:\/\/jazairhope.org\/fr\/wp-json\/wp\/v2\/types\/post"}],"author":[{"embeddable":true,"href":"https:\/\/jazairhope.org\/fr\/wp-json\/wp\/v2\/users\/1"}],"replies":[{"embeddable":true,"href":"https:\/\/jazairhope.org\/fr\/wp-json\/wp\/v2\/comments?post=59358"}],"version-history":[{"count":0,"href":"https:\/\/jazairhope.org\/fr\/wp-json\/wp\/v2\/posts\/59358\/revisions"}],"wp:featuredmedia":[{"embeddable":true,"href":"https:\/\/jazairhope.org\/fr\/wp-json\/wp\/v2\/media\/59360"}],"wp:attachment":[{"href":"https:\/\/jazairhope.org\/fr\/wp-json\/wp\/v2\/media?parent=59358"}],"wp:term":[{"taxonomy":"category","embeddable":true,"href":"https:\/\/jazairhope.org\/fr\/wp-json\/wp\/v2\/categories?post=59358"},{"taxonomy":"post_tag","embeddable":true,"href":"https:\/\/jazairhope.org\/fr\/wp-json\/wp\/v2\/tags?post=59358"}],"curies":[{"name":"wp","href":"https:\/\/api.w.org\/{rel}","templated":true}]}}