{"id":59624,"date":"2022-08-13T02:08:12","date_gmt":"2022-08-13T01:08:12","guid":{"rendered":"https:\/\/jazairhope.org\/?p=59624"},"modified":"2022-08-13T02:08:12","modified_gmt":"2022-08-13T01:08:12","slug":"pourquoi-la-communaute-internationale-ne-considere-pas-les-palestiniens-comme-des-humains","status":"publish","type":"post","link":"https:\/\/jazairhope.org\/fr\/pourquoi-la-communaute-internationale-ne-considere-pas-les-palestiniens-comme-des-humains\/","title":{"rendered":"Pourquoi la &#8220;communaut\u00e9 internationale&#8221; ne consid\u00e8re pas les Palestiniens comme des humains"},"content":{"rendered":"<p>Au commencement Abraham naquit \u00e0 Ur (ville irakienne \u00e0 15 km de Baghdad) et, selon la tradition biblique, \u00e9tait soit d&#8217;origine aram\u00e9ene (correspondant \u00e0 l&#8217;actuelle Syrie), soit chald\u00e9enne (Irak actuel). Au commencement donc, Abraham n&#8217;\u00e9tait pas h\u00e9breux, mais &#8220;arabe&#8221; pourrait-on dire.<\/p>\n<div dir=\"auto\">Du reste, l&#8217;origine du peuple h\u00e9breux demeure probl\u00e9matique pour les chercheurs, car celui-ci n&#8217;est mentionn\u00e9 dans aucun document arch\u00e9ologique, notamment \u00e9gyptien. Les sources \u00e9gyptiennes constituent en effet, pour les arch\u00e9ologues, le principal mat\u00e9riau de recherches et de reconstitution historique concernant cette p\u00e9riode, car les \u00c9gyptiens du temps des pharaons, consignaient tous les \u00e9v\u00e9nements, leurs transactions, relations diplomatiques, etc, se d\u00e9roulant dans les territoires sous leur domination et les royaumes limitrophes.<\/div>\n<div dir=\"auto\"><\/div>\n<div dir=\"auto\"><b>Les Palestiniens selon le r\u00e9cit biblique<\/b><\/div>\n<div dir=\"auto\"><\/div>\n<div dir=\"auto\">Abraham, apr\u00e8s qu&#8217;il en re\u00e7ut l&#8217;ordre de Dieu, quitta sa ville natale Ur pour se rendre en Palestine, que l&#8217;on nommait par ailleurs pays de Canaan :<\/div>\n<div dir=\"auto\"><\/div>\n<div dir=\"auto\">Gen\u00e8se, chapitre 12, verset 6 et 7 : &#8220;<i>Abram passa au travers du pays jusqu&#8217;au lieu appel\u00e9 Sichem, et jusqu&#8217;\u00e0 la vall\u00e9e illustre.\u00a0<b>Les Chanan\u00e9ens occupaient alors ce pays-l\u00e0<\/b>. Or le Seigneur apparut \u00e0 Abram, et lui dit &#8221; Je donnerai ce pays \u00e0 votre post\u00e9rit\u00e9&#8221;. Abram dressa en ce lieu-l\u00e0 un autel au Seigneur, qui lui \u00e9tait apparu.<\/i>&#8220;<\/div>\n<div dir=\"auto\"><\/div>\n<div dir=\"auto\">Abraham fit ensuite alliance avec Abim\u00e9lech, roi des Philistins, jurant qu&#8217;il ne sera fait aucun mal \u00e0 ce souverain, ni \u00e0 son peuple. Apr\u00e8s quoi :<\/div>\n<div dir=\"auto\"><\/div>\n<div dir=\"auto\">Gen\u00e8se, chapitre 21, verset 33 et 34 : &#8220;<i>Abim\u00e9lech s&#8217;en alla ensuite avec Phicol, g\u00e9n\u00e9ral de son arm\u00e9e ; et\u00a0<b>ils retourn\u00e8rent dans la Palestine<\/b>. Mais Abraham planta un bois \u00e0 Bersab\u00e9e, et il invoqua en ce lieu-l\u00e0 le nom du Seigneur le Dieu \u00e9ternel. Et il demeura longtemps au\u00a0<\/i><b><i>pays des Philistins.<\/i><\/b>&#8220;<\/div>\n<div dir=\"auto\"><\/div>\n<div dir=\"auto\">Ainsi, suivant la narration biblique, la Palestine et son voisinage \u00e9taient peupl\u00e9es de Canan\u00e9ens et de Philistins avant l&#8217;arriv\u00e9e d&#8217;Abraham avec sa famille.<\/div>\n<div dir=\"auto\"><\/div>\n<div dir=\"auto\"><b>Les Palestiniens selon les preuves arch\u00e9ologiques<\/b>\u00a0<b>et scientifiques<\/b><\/div>\n<div dir=\"auto\"><\/div>\n<div dir=\"auto\">Or les Canan\u00e9ens ne sont autres que les descendants des Ph\u00e9niciens, aussi peut-on les consid\u00e9rer comme les anc\u00eatres des Arabes vivant actuellement dans la r\u00e9gion.<\/div>\n<div dir=\"auto\"><\/div>\n<div dir=\"auto\">Les Philistins, \u00e9galement a\u00efeux des Arabes locaux, repr\u00e9sentaient, quant \u00e0 eux\u00a0semble-t-il, les principaux adversaires et obstacles \u00e0 la mainmise de ces nouveaux colons sur le territoire. En outre ils ont cela de particulier que, contrairement aux autres peuples ayant v\u00e9cu \u00e0 la m\u00eame p\u00e9riode, ils ont conserv\u00e9 leur nom \u00e0 ce jour.<\/div>\n<div dir=\"auto\"><\/div>\n<div dir=\"auto\">Les occidentaux se sont efforc\u00e9s d&#8217;en occulter toute trace en transmutant le son &#8220;f&#8221; en &#8220;p&#8221; ; cependant, pour les populations de culture s\u00e9mitique la supercherie ne saurait prendre, car pour ces derni\u00e8res, &#8220;Palestine&#8221; s&#8217;est toujours prononc\u00e9 &#8220;Philistine&#8221;. Preuve linguistique, s&#8217;il en est, que les Philistins ont, depuis la nuit des temps, occup\u00e9 cette terre (Liban compris, Jordanie, etc), mais qui correspondait, selon les sources bibliques, aux territoires de &#8230; Gaza.<\/div>\n<div dir=\"auto\"><\/div>\n<div dir=\"auto\">Par ailleurs la pr\u00e9sence des Philistins est attest\u00e9e, d\u00e8s la plus hautes antiquit\u00e9, par les d\u00e9couvertes arch\u00e9ologiques, notamment des bas-reliefs \u00e9gyptiens o\u00f9 l&#8217;on raconte que leur puissance aurait m\u00eame menac\u00e9 le pouvoir de M\u00e9renptah et de Rams\u00e8s III, ou encore dans d&#8217;autres inscriptions o\u00f9 l&#8217;on d\u00e9crit le raffinement de leur art. On y indique par exemple que leur poterie \u00e9tait tr\u00e8s pris\u00e9e des \u00c9gyptiens.<\/div>\n<div dir=\"auto\"><\/div>\n<div dir=\"auto\">En revanche, la pr\u00e9sence d&#8217;un peuple h\u00e9breux n&#8217;est mentionn\u00e9e nulle part dans la consid\u00e9rable somme de documents arch\u00e9ologiques disponibles \u00e0 ce jour. Ce qui probl\u00e8me quant \u00e0 leur existence historique. A telle enseigne que des auteurs (que nous avons d\u00e9lib\u00e9r\u00e9ment choisis dans la communaut\u00e9 juive dans un objectif d&#8217;impartialit\u00e9) tels Shlomo Sand, dans son ouvrage, &#8220;<i>Comment le Peuple Juif fut invent\u00e9<\/i>&#8220;, ou encore Arthur Koestler dans &#8220;<i>La Treizi\u00e8me Tribu<\/i>&#8221; en sont venus \u00e0 la conclusion que le &#8220;peuple juif&#8221; est une pure et simple fabrication. Nous recommanderons \u00e9galement, au passage, l&#8217;excellent ouvrage d&#8217;Isra\u00ebl Finkelstein, &#8220;<i>La Bible D\u00e9voil\u00e9e<\/i>&#8220;.<\/div>\n<div dir=\"auto\"><\/div>\n<div dir=\"auto\">Quant \u00e0 Eran Elhaik, g\u00e9n\u00e9ticien et bioinformaticien, les r\u00e9sultats de son \u00e9tude (pour le\u00a0<i>Genographic project<\/i>) , publi\u00e9e dans la revue Genome Biology and Evolution, sont sans appel : les plus de 90% de la population juive de Palestine sont d&#8217;origine Khazare, un empire qui s&#8217;\u00e9tendait sur les territoires actuels du Khazakhstan (Khazarstan) G\u00e9orgie, Ukraine, Arm\u00e9nie, etc, et dont les populations se seraient converties au juda\u00efsme entre les 8\u00e8me et 9\u00e8me si\u00e8cle. Aussi, le pr\u00e9tendu retour \u00e0 la terre promise est-il irr\u00e9m\u00e9diablement d\u00e9mystifi\u00e9 et d\u00e9mont\u00e9 par des auteurs et chercheurs isra\u00e9liens.<\/div>\n<div dir=\"auto\"><\/div>\n<div dir=\"auto\">Ainsi la cr\u00e9ation d&#8217;Isra\u00ebl ne repose-t-elle sur aucune justification historique, ethnique ou g\u00e9n\u00e9tique, ni m\u00eame religieuse, car, de ce point de vue, elle ne doit avoir lieu qu&#8217;apr\u00e8s que Dieu ait envoy\u00e9 le messie et que celui-ci remplisse certaines conditions.<\/div>\n<div dir=\"auto\"><\/div>\n<div dir=\"auto\">Or sauf \u00e0 consid\u00e9rer Th\u00e9odore Hertzel ou encore Ben Gourion comme le messie tant attendu des \u00e9critures, il ne nous semble pas que ce dernier ait manifest\u00e9 sa pr\u00e9sence ni avant, ni pendant 1948, date de la cr\u00e9ation de l&#8217;Etat d&#8217;Isra\u00ebl, aussi celle-ci s&#8217;est-elle faite en totale contravention et opposition \u00e0 la volont\u00e9 de Dieu.<\/div>\n<div dir=\"auto\"><\/div>\n<div dir=\"auto\">Quoi qu&#8217;il en soit, nonobstant toutes les preuves historiques, arch\u00e9ologiques, g\u00e9n\u00e9tiques et en d\u00e9pit du fait qu&#8217;il y avait d\u00e9j\u00e0 un peuple qui vivait l\u00e0 depuis l&#8217;aube des temps, l&#8217;on a fait violence sur tout un peuple pour lui prendre de force sa terre.<\/div>\n<div dir=\"auto\"><\/div>\n<div dir=\"auto\"><b>Une religion pr\u00f4nant le g\u00e9nocide ?<\/b><\/div>\n<div dir=\"auto\"><\/div>\n<div dir=\"auto\">Or cette violence, cette barbarie remonte aux temps bibliques. De nombreux passages de la Bible narrent la lutte des Isra\u00e9lites contre leurs plus grands ennemis, les Philistins, que Dieu, dans l&#8217;Ancien Testament, demande de combattre en perp\u00e9trant un v\u00e9ritable g\u00e9nocide pour s&#8217;emparer de leurs terres, la Terre Promise :<\/div>\n<div dir=\"auto\"><\/div>\n<div dir=\"auto\">&#8211; Nombres, chapitre 31, verset 17 et 18 : &#8220;<i>Tuez donc tous les m\u00e2les d&#8217;entre les enfants m\u00eame, et faites mourir les femmes dont les hommes se sont approch\u00e9s ; Mais r\u00e9servez pour vous toutes les petites filles, et toutes les autres femmes vierges<\/i>&#8220;<\/div>\n<div dir=\"auto\"><\/div>\n<div dir=\"auto\">&#8211; Deut\u00e9ronome, chapitre 2, verset 34 : &#8220;<i>Nous pr\u00eemes en m\u00eame temps toutes ses villes, nous tu\u00e2mes tous les habitants, hommes femmes et petits enfants, et nous n&#8217;y laiss\u00e2mes rien du tout<\/i>&#8220;<\/div>\n<div dir=\"auto\"><\/div>\n<div dir=\"auto\">&#8211; Deut\u00e9ronome, chapitre 3, verset 6 : &#8220;<i>Nous extermin\u00e2mes ces peuples, comme nous avions fait de S\u00e9hon, roi d&#8217;H\u00e9s\u00e9bon, en ruinant toutes leurs villes, en tuant les hommes, les femmes et les petits enfants<\/i>&#8220;<\/div>\n<div dir=\"auto\"><\/div>\n<div dir=\"auto\">&#8211; Rois, chapitre 15, verset 3 : &#8220;<i>C&#8217;est pourquoi marchez contre Amalec, taillez-le en pi\u00e8ces, et d\u00e9truisez tour ce qui est \u00e0 lui. Ne lui pardonnez point ; ne d\u00e9sirez rien de ce qui lui appartient ;\u00a0 mais tuez tout, depuis l&#8217;homme jusqu&#8217;\u00e0 la femme, jusqu&#8217;aux petits enfants, et ceux qui sont encore \u00e0 la mamelle, jusqu&#8217;aux boeufs, aux brebis, aux chameaux et aux \u00e2nes<\/i>.&#8221;<\/div>\n<div dir=\"auto\"><\/div>\n<div dir=\"auto\">Quant \u00e0 ce passage, il semblerait d\u00e9crire une des nombreuses sc\u00e8nes de colons juifs expulsant les familles palestiniennes et squattant leurs maisons (quand il ne les d\u00e9truisent pas) ainsi que leurs propri\u00e9t\u00e9s :<\/div>\n<div dir=\"auto\"><\/div>\n<div dir=\"auto\">Deut\u00e9ronome, chapitre 6, verset 10 et 11 : &#8220;<i>Et lorsque le Seigneur votre Dieu vous aura fait entrer dans la terre qu&#8217;il a promise avec serment \u00e0 vos p\u00e8res Abraham, Isaac et Jacob, et qu&#8217;il vous aura donn\u00e9 de grandes et de tr\u00e8s bonnes villes que vous n&#8217;aurez point fait b\u00e2tir, Des maisons pleines de toutes sortes de biens que vous n&#8217;aurez point creus\u00e9es, des vignes et des plants d&#8217;olivier que vous n&#8217;aurez point plant\u00e9s<\/i>&#8220;<\/div>\n<div dir=\"auto\"><\/div>\n<div dir=\"auto\"><b>La cause palestinienne ou le degr\u00e9 z\u00e9ro des valeurs humaines.<\/b><\/div>\n<div dir=\"auto\"><\/div>\n<div dir=\"auto\">Voil\u00e0 sans doute l&#8217;une des raisons expliquant cette insensibilit\u00e9 de la &#8220;communaut\u00e9 internationale&#8221; \u00e0 l&#8217;endroit des souffrances palestiniennes.<\/div>\n<div dir=\"auto\"><\/div>\n<div dir=\"auto\">Comment en serait-il autrement lorsque c&#8217;est Dieu lui-m\u00eame qui vous enjoint, dans son livre saint, d&#8217;exterminer toute cette engeance, toute cette vermine, hommes, femmes, enfants, jusqu&#8217;aux nourrissons ? Ainsi, si vous \u00eates chr\u00e9tien ou juif, m\u00eame un g\u00e9nocide ne saurait ou ne devrait vous \u00e9mouvoir, car il s&#8217;agit d&#8217;un commandement de Dieu.<\/div>\n<div dir=\"auto\"><\/div>\n<div dir=\"auto\">Fort heureusement, il existe encore une humanit\u00e9 dans une certaine partie du monde, celle qui a subi jadis les affres, la violence et la barbarie du colonialisme. Ainsi pour cette partie de l&#8217;humanit\u00e9, le cas palestinien constitue une r\u00e9miniscence de cette p\u00e9riode de leur histoire, aussi cette humanit\u00e9-l\u00e0 a-t-elle plus de propension \u00e0 compatir aux souffrances du peuple palestinien et se montrer solidaire de leur cause.<\/div>\n<div dir=\"auto\"><\/div>\n<div dir=\"auto\">On comprendra alors les r\u00e9ticences des occidentaux ou plut\u00f4t leur c\u00e9cit\u00e9 \u00e0 l&#8217;\u00e9gard de ces souffrances car, outre les raisons \u00e9voqu\u00e9es plus haut, cela \u00e9quivaudrait \u00e0 reconna\u00eetre et condamner leurs propres turpitudes et leurs exactions durant la p\u00e9riode coloniale. Nous consid\u00e9raient-ils seulement comme des humains \u00e0 cette \u00e9poque ?<\/div>\n<div dir=\"auto\"><\/div>\n<div dir=\"auto\">C&#8217;est suivant ce sch\u00e9ma psychologique, sous ce prisme ethnocentrique que des membres du conseil de s\u00e9curit\u00e9 (toujours les m\u00eames) rejettent les r\u00e9solutions de l&#8217;ONU condamnant ces crimes de l&#8217;entit\u00e9 ainsi que celles relatives aux droits des Palestiniens.<\/div>\n<div dir=\"auto\"><\/div>\n<div dir=\"auto\">On refuse et l&#8217;on nie donc des droits humains aux Palestiniens ? Qu&#8217;est-ce \u00e0 dire ? Les Palestiniens ne sont donc pas des humains ?! Cela est-il acceptable alors qu&#8217;en Europe et ailleurs, m\u00eame des chiens ont des droits et m\u00eame parfois des droits d&#8217;h\u00e9ritage ?<\/div>\n<div dir=\"auto\"><\/div>\n<div dir=\"auto\">Les Palestiniens ont-ils donc moins de valeurs que des animaux ? Quant aux Saharouis, ceux-ci ne sont m\u00eame pas dans les radars de la &#8220;communaut\u00e9 internationale&#8221;, il n&#8217;existent tout simplement pas : c&#8217;est un non-peuple.<\/div>\n<div dir=\"auto\"><\/div>\n<div dir=\"auto\"><b>L&#8217;Alg\u00e9rie, l&#8217;alli\u00e9 ind\u00e9fectible<\/b><\/div>\n<div dir=\"auto\"><\/div>\n<div dir=\"auto\">L&#8217;Histoire pourra t\u00e9moigner que l&#8217;Alg\u00e9rie, malgr\u00e9 les pressions et les agressions qu&#8217;elle a subies, s&#8217;est toujours tenue aux c\u00f4t\u00e9s de ses fr\u00e8res Palestiniens et Sahraouis, qu&#8217;elle appuie de toutes ses forces, diplomatiquement, financi\u00e8rement, etc.<\/div>\n<div dir=\"auto\"><\/div>\n<div dir=\"auto\">On se souviendra que l&#8217;Alg\u00e9rie avait offert une tribune \u00e0 Yasser Arafat, pour la 1\u00e8re fois de l&#8217;histoire devant l&#8217;assembl\u00e9e des nations unies. Et c&#8217;est encore l&#8217;Alg\u00e9rie qui a permis aux autorit\u00e9s palestiniennes, r\u00e9unies \u00e0 Alger, de proclamer l&#8217;ind\u00e9pendance de la Palestine le 15 novembre 1988. Un camouflet et un outrage inflig\u00e9s \u00e0 toutes ces nations occidentales, sponsors inconditionnels du sionisme, et que l&#8217;on nous a fait payer cher. Ainsi une d\u00e9cennie de terrorisme barbare s&#8217;est abattue sur notre jeune r\u00e9publique r\u00e9volutionnaire d\u00e8s le lendemain de cette d\u00e9claration\u00a0et a failli faire dispara\u00eetre la nation alg\u00e9rienne \u00e0 jamais.<\/div>\n<div dir=\"auto\"><\/div>\n<div dir=\"auto\">On ne peut ignorer les gesticulations de l&#8217;entit\u00e9 ainsi que celles du makhzen \u00e0 mesure des victoires diplomatiques sous les auspices et les efforts de l&#8217;Alg\u00e9rie, \u00e0 l&#8217;exemple de la poign\u00e9e de main historique de Mahmoud Abbas et d&#8217;Isma\u00ebl Haniyeh, r\u00e9unis \u00e0 Alger, ou encore du sommet arabe de novembre dans la capitale alg\u00e9rienne, qui promet des surprises, mais qui suscite un v\u00e9ritable affolement chez ces \u00e9tats aux abois.<\/div>\n<div dir=\"auto\"><\/div>\n<div dir=\"auto\">Ceux-ci pr\u00e9tendent impressionner le pays des chouhadas par une alliance de sc\u00e9l\u00e9rats et des annonces de bases militaires aux fronti\u00e8res alg\u00e9riennes, dont personne ne se soucie et ne s&#8217;\u00e9meut de ce c\u00f4t\u00e9 de la fronti\u00e8re. Que peuvent, en effet, de l\u00e2ches \u00e9tats, dont les seuls faits d&#8217;armes sont des agressions sur des populations sans d\u00e9fense, contre la grande et valeureuse Alg\u00e9rie ?<\/div>\n<div dir=\"auto\"><\/div>\n<div dir=\"auto\">Pour ce qui est du sommet de novembre, la pr\u00e9sence \u00e0 elle seule des dirigeants arabes t\u00e9moignera, \u00e0 la face du monde, de l&#8217;importance qu&#8217;ils accordent \u00e0 la cause palestinienne. Aucun pr\u00e9texte sp\u00e9cieux, dilatoire ou fallacieux ne saurait les en excuser ou les en dispenser. L&#8217;heure est assez grave et l&#8217;urgence assez imp\u00e9rieuse pour mettre de c\u00f4t\u00e9 toute divergence, toute broutille d&#8217;\u00e9go et saisir la main tendue du peuple palestinien et des Alg\u00e9riens pour redonner la dignit\u00e9 aux peuples arabes. Il est temps que ceux-ci, au lieu de toujours subir, participent enfin \u00e0 l&#8217;\u00e9criture de l&#8217;histoire de ce monde.<\/div>\n<div dir=\"auto\"><\/div>\n<div dir=\"auto\"><\/div>\n","protected":false},"excerpt":{"rendered":"<p>Au commencement Abraham naquit \u00e0 Ur (ville irakienne \u00e0 15 km de Baghdad) et, selon la tradition biblique, \u00e9tait soit d&#8217;origine aram\u00e9ene&hellip;<\/p>\n","protected":false},"author":1,"featured_media":59628,"comment_status":"open","ping_status":"open","sticky":false,"template":"","format":"standard","meta":{"_lmt_disableupdate":"","_lmt_disable":"","footnotes":""},"categories":[32,49],"tags":[],"class_list":["post-59624","post","type-post","status-publish","format-standard","has-post-thumbnail","hentry","category-algerie","category-politique"],"yoast_head":"<!-- This site is optimized with the Yoast SEO plugin v27.3 - https:\/\/yoast.com\/product\/yoast-seo-wordpress\/ -->\n<title>Pourquoi la &quot;communaut\u00e9 internationale&quot; ne consid\u00e8re pas les Palestiniens comme des humains - AAH.JZR<\/title>\n<meta name=\"robots\" content=\"index, follow, max-snippet:-1, max-image-preview:large, max-video-preview:-1\" \/>\n<link rel=\"canonical\" href=\"https:\/\/jazairhope.org\/fr\/pourquoi-la-communaute-internationale-ne-considere-pas-les-palestiniens-comme-des-humains\/\" \/>\n<meta property=\"og:locale\" content=\"fr_FR\" \/>\n<meta property=\"og:type\" content=\"article\" \/>\n<meta property=\"og:title\" content=\"Pourquoi la &quot;communaut\u00e9 internationale&quot; ne consid\u00e8re pas les Palestiniens comme des humains - AAH.JZR\" \/>\n<meta property=\"og:description\" content=\"Au commencement Abraham naquit \u00e0 Ur (ville irakienne \u00e0 15 km de Baghdad) et, selon la tradition biblique, \u00e9tait soit d&#8217;origine aram\u00e9ene&hellip;\" \/>\n<meta property=\"og:url\" content=\"https:\/\/jazairhope.org\/fr\/pourquoi-la-communaute-internationale-ne-considere-pas-les-palestiniens-comme-des-humains\/\" \/>\n<meta property=\"og:site_name\" content=\"AAH.JZR\" \/>\n<meta property=\"article:publisher\" content=\"https:\/\/www.facebook.com\/jazairhope\" \/>\n<meta property=\"article:published_time\" content=\"2022-08-13T01:08:12+00:00\" \/>\n<meta property=\"og:image\" content=\"https:\/\/jazairhope.org\/wp-content\/uploads\/2022\/08\/up-23.jpg\" \/>\n\t<meta property=\"og:image:width\" content=\"1600\" \/>\n\t<meta property=\"og:image:height\" content=\"1067\" \/>\n\t<meta property=\"og:image:type\" content=\"image\/jpeg\" \/>\n<meta name=\"author\" content=\"Ssuperadmin\" \/>\n<meta name=\"twitter:card\" content=\"summary_large_image\" \/>\n<meta name=\"twitter:label1\" content=\"\u00c9crit par\" \/>\n\t<meta name=\"twitter:data1\" content=\"Ssuperadmin\" \/>\n\t<meta name=\"twitter:label2\" content=\"Dur\u00e9e de lecture estim\u00e9e\" \/>\n\t<meta name=\"twitter:data2\" content=\"9 minutes\" \/>\n<script type=\"application\/ld+json\" class=\"yoast-schema-graph\">{\"@context\":\"https:\\\/\\\/schema.org\",\"@graph\":[{\"@type\":\"Article\",\"@id\":\"https:\\\/\\\/jazairhope.org\\\/fr\\\/pourquoi-la-communaute-internationale-ne-considere-pas-les-palestiniens-comme-des-humains\\\/#article\",\"isPartOf\":{\"@id\":\"https:\\\/\\\/jazairhope.org\\\/fr\\\/pourquoi-la-communaute-internationale-ne-considere-pas-les-palestiniens-comme-des-humains\\\/\"},\"author\":{\"name\":\"Ssuperadmin\",\"@id\":\"https:\\\/\\\/jazairhope.org\\\/fr\\\/#\\\/schema\\\/person\\\/43650ebd889d8960700b5456ed9264c4\"},\"headline\":\"Pourquoi la &#8220;communaut\u00e9 internationale&#8221; ne consid\u00e8re pas les Palestiniens comme des humains\",\"datePublished\":\"2022-08-13T01:08:12+00:00\",\"mainEntityOfPage\":{\"@id\":\"https:\\\/\\\/jazairhope.org\\\/fr\\\/pourquoi-la-communaute-internationale-ne-considere-pas-les-palestiniens-comme-des-humains\\\/\"},\"wordCount\":2085,\"commentCount\":0,\"image\":{\"@id\":\"https:\\\/\\\/jazairhope.org\\\/fr\\\/pourquoi-la-communaute-internationale-ne-considere-pas-les-palestiniens-comme-des-humains\\\/#primaryimage\"},\"thumbnailUrl\":\"https:\\\/\\\/jazairhope.org\\\/wp-content\\\/uploads\\\/2022\\\/08\\\/up-23.jpg\",\"articleSection\":[\"Alg\u00e9rie Alg\u00e9rienne\",\"Politique\"],\"inLanguage\":\"fr-FR\",\"potentialAction\":[{\"@type\":\"CommentAction\",\"name\":\"Comment\",\"target\":[\"https:\\\/\\\/jazairhope.org\\\/fr\\\/pourquoi-la-communaute-internationale-ne-considere-pas-les-palestiniens-comme-des-humains\\\/#respond\"]}]},{\"@type\":\"WebPage\",\"@id\":\"https:\\\/\\\/jazairhope.org\\\/fr\\\/pourquoi-la-communaute-internationale-ne-considere-pas-les-palestiniens-comme-des-humains\\\/\",\"url\":\"https:\\\/\\\/jazairhope.org\\\/fr\\\/pourquoi-la-communaute-internationale-ne-considere-pas-les-palestiniens-comme-des-humains\\\/\",\"name\":\"Pourquoi la \\\"communaut\u00e9 internationale\\\" ne consid\u00e8re pas les Palestiniens comme des humains - AAH.JZR\",\"isPartOf\":{\"@id\":\"https:\\\/\\\/jazairhope.org\\\/fr\\\/#website\"},\"primaryImageOfPage\":{\"@id\":\"https:\\\/\\\/jazairhope.org\\\/fr\\\/pourquoi-la-communaute-internationale-ne-considere-pas-les-palestiniens-comme-des-humains\\\/#primaryimage\"},\"image\":{\"@id\":\"https:\\\/\\\/jazairhope.org\\\/fr\\\/pourquoi-la-communaute-internationale-ne-considere-pas-les-palestiniens-comme-des-humains\\\/#primaryimage\"},\"thumbnailUrl\":\"https:\\\/\\\/jazairhope.org\\\/wp-content\\\/uploads\\\/2022\\\/08\\\/up-23.jpg\",\"datePublished\":\"2022-08-13T01:08:12+00:00\",\"author\":{\"@id\":\"https:\\\/\\\/jazairhope.org\\\/fr\\\/#\\\/schema\\\/person\\\/43650ebd889d8960700b5456ed9264c4\"},\"breadcrumb\":{\"@id\":\"https:\\\/\\\/jazairhope.org\\\/fr\\\/pourquoi-la-communaute-internationale-ne-considere-pas-les-palestiniens-comme-des-humains\\\/#breadcrumb\"},\"inLanguage\":\"fr-FR\",\"potentialAction\":[{\"@type\":\"ReadAction\",\"target\":[\"https:\\\/\\\/jazairhope.org\\\/fr\\\/pourquoi-la-communaute-internationale-ne-considere-pas-les-palestiniens-comme-des-humains\\\/\"]}]},{\"@type\":\"ImageObject\",\"inLanguage\":\"fr-FR\",\"@id\":\"https:\\\/\\\/jazairhope.org\\\/fr\\\/pourquoi-la-communaute-internationale-ne-considere-pas-les-palestiniens-comme-des-humains\\\/#primaryimage\",\"url\":\"https:\\\/\\\/jazairhope.org\\\/wp-content\\\/uploads\\\/2022\\\/08\\\/up-23.jpg\",\"contentUrl\":\"https:\\\/\\\/jazairhope.org\\\/wp-content\\\/uploads\\\/2022\\\/08\\\/up-23.jpg\",\"width\":1600,\"height\":1067},{\"@type\":\"BreadcrumbList\",\"@id\":\"https:\\\/\\\/jazairhope.org\\\/fr\\\/pourquoi-la-communaute-internationale-ne-considere-pas-les-palestiniens-comme-des-humains\\\/#breadcrumb\",\"itemListElement\":[{\"@type\":\"ListItem\",\"position\":1,\"name\":\"Accueil\",\"item\":\"https:\\\/\\\/jazairhope.org\\\/fr\\\/\"},{\"@type\":\"ListItem\",\"position\":2,\"name\":\"Pourquoi la \u00ab\u00a0communaut\u00e9 internationale\u00a0\u00bb ne consid\u00e8re pas les Palestiniens comme des humains\"}]},{\"@type\":\"WebSite\",\"@id\":\"https:\\\/\\\/jazairhope.org\\\/fr\\\/#website\",\"url\":\"https:\\\/\\\/jazairhope.org\\\/fr\\\/\",\"name\":\"AAH.JZR\",\"description\":\"Environment, Health, Science, Art, Economics\",\"potentialAction\":[{\"@type\":\"SearchAction\",\"target\":{\"@type\":\"EntryPoint\",\"urlTemplate\":\"https:\\\/\\\/jazairhope.org\\\/fr\\\/?s={search_term_string}\"},\"query-input\":{\"@type\":\"PropertyValueSpecification\",\"valueRequired\":true,\"valueName\":\"search_term_string\"}}],\"inLanguage\":\"fr-FR\"},{\"@type\":\"Person\",\"@id\":\"https:\\\/\\\/jazairhope.org\\\/fr\\\/#\\\/schema\\\/person\\\/43650ebd889d8960700b5456ed9264c4\",\"name\":\"Ssuperadmin\",\"image\":{\"@type\":\"ImageObject\",\"inLanguage\":\"fr-FR\",\"@id\":\"https:\\\/\\\/secure.gravatar.com\\\/avatar\\\/b4068e88b9c557952c81ca0efc4e11e19a2ed480173b8cef95a240894b16bf22?s=96&d=mm&r=g\",\"url\":\"https:\\\/\\\/secure.gravatar.com\\\/avatar\\\/b4068e88b9c557952c81ca0efc4e11e19a2ed480173b8cef95a240894b16bf22?s=96&d=mm&r=g\",\"contentUrl\":\"https:\\\/\\\/secure.gravatar.com\\\/avatar\\\/b4068e88b9c557952c81ca0efc4e11e19a2ed480173b8cef95a240894b16bf22?s=96&d=mm&r=g\",\"caption\":\"Ssuperadmin\"},\"sameAs\":[\"https:\\\/\\\/jazairhope.org\"],\"url\":\"https:\\\/\\\/jazairhope.org\\\/fr\\\/author\\\/superadmin\\\/\"}]}<\/script>\n<!-- \/ Yoast SEO plugin. -->","yoast_head_json":{"title":"Pourquoi la \"communaut\u00e9 internationale\" ne consid\u00e8re pas les Palestiniens comme des humains - AAH.JZR","robots":{"index":"index","follow":"follow","max-snippet":"max-snippet:-1","max-image-preview":"max-image-preview:large","max-video-preview":"max-video-preview:-1"},"canonical":"https:\/\/jazairhope.org\/fr\/pourquoi-la-communaute-internationale-ne-considere-pas-les-palestiniens-comme-des-humains\/","og_locale":"fr_FR","og_type":"article","og_title":"Pourquoi la \"communaut\u00e9 internationale\" ne consid\u00e8re pas les Palestiniens comme des humains - AAH.JZR","og_description":"Au commencement Abraham naquit \u00e0 Ur (ville irakienne \u00e0 15 km de Baghdad) et, selon la tradition biblique, \u00e9tait soit d&#8217;origine aram\u00e9ene&hellip;","og_url":"https:\/\/jazairhope.org\/fr\/pourquoi-la-communaute-internationale-ne-considere-pas-les-palestiniens-comme-des-humains\/","og_site_name":"AAH.JZR","article_publisher":"https:\/\/www.facebook.com\/jazairhope","article_published_time":"2022-08-13T01:08:12+00:00","og_image":[{"width":1600,"height":1067,"url":"https:\/\/jazairhope.org\/wp-content\/uploads\/2022\/08\/up-23.jpg","type":"image\/jpeg"}],"author":"Ssuperadmin","twitter_card":"summary_large_image","twitter_misc":{"\u00c9crit par":"Ssuperadmin","Dur\u00e9e de lecture estim\u00e9e":"9 minutes"},"schema":{"@context":"https:\/\/schema.org","@graph":[{"@type":"Article","@id":"https:\/\/jazairhope.org\/fr\/pourquoi-la-communaute-internationale-ne-considere-pas-les-palestiniens-comme-des-humains\/#article","isPartOf":{"@id":"https:\/\/jazairhope.org\/fr\/pourquoi-la-communaute-internationale-ne-considere-pas-les-palestiniens-comme-des-humains\/"},"author":{"name":"Ssuperadmin","@id":"https:\/\/jazairhope.org\/fr\/#\/schema\/person\/43650ebd889d8960700b5456ed9264c4"},"headline":"Pourquoi la &#8220;communaut\u00e9 internationale&#8221; ne consid\u00e8re pas les Palestiniens comme des humains","datePublished":"2022-08-13T01:08:12+00:00","mainEntityOfPage":{"@id":"https:\/\/jazairhope.org\/fr\/pourquoi-la-communaute-internationale-ne-considere-pas-les-palestiniens-comme-des-humains\/"},"wordCount":2085,"commentCount":0,"image":{"@id":"https:\/\/jazairhope.org\/fr\/pourquoi-la-communaute-internationale-ne-considere-pas-les-palestiniens-comme-des-humains\/#primaryimage"},"thumbnailUrl":"https:\/\/jazairhope.org\/wp-content\/uploads\/2022\/08\/up-23.jpg","articleSection":["Alg\u00e9rie Alg\u00e9rienne","Politique"],"inLanguage":"fr-FR","potentialAction":[{"@type":"CommentAction","name":"Comment","target":["https:\/\/jazairhope.org\/fr\/pourquoi-la-communaute-internationale-ne-considere-pas-les-palestiniens-comme-des-humains\/#respond"]}]},{"@type":"WebPage","@id":"https:\/\/jazairhope.org\/fr\/pourquoi-la-communaute-internationale-ne-considere-pas-les-palestiniens-comme-des-humains\/","url":"https:\/\/jazairhope.org\/fr\/pourquoi-la-communaute-internationale-ne-considere-pas-les-palestiniens-comme-des-humains\/","name":"Pourquoi la \"communaut\u00e9 internationale\" ne consid\u00e8re pas les Palestiniens comme des humains - AAH.JZR","isPartOf":{"@id":"https:\/\/jazairhope.org\/fr\/#website"},"primaryImageOfPage":{"@id":"https:\/\/jazairhope.org\/fr\/pourquoi-la-communaute-internationale-ne-considere-pas-les-palestiniens-comme-des-humains\/#primaryimage"},"image":{"@id":"https:\/\/jazairhope.org\/fr\/pourquoi-la-communaute-internationale-ne-considere-pas-les-palestiniens-comme-des-humains\/#primaryimage"},"thumbnailUrl":"https:\/\/jazairhope.org\/wp-content\/uploads\/2022\/08\/up-23.jpg","datePublished":"2022-08-13T01:08:12+00:00","author":{"@id":"https:\/\/jazairhope.org\/fr\/#\/schema\/person\/43650ebd889d8960700b5456ed9264c4"},"breadcrumb":{"@id":"https:\/\/jazairhope.org\/fr\/pourquoi-la-communaute-internationale-ne-considere-pas-les-palestiniens-comme-des-humains\/#breadcrumb"},"inLanguage":"fr-FR","potentialAction":[{"@type":"ReadAction","target":["https:\/\/jazairhope.org\/fr\/pourquoi-la-communaute-internationale-ne-considere-pas-les-palestiniens-comme-des-humains\/"]}]},{"@type":"ImageObject","inLanguage":"fr-FR","@id":"https:\/\/jazairhope.org\/fr\/pourquoi-la-communaute-internationale-ne-considere-pas-les-palestiniens-comme-des-humains\/#primaryimage","url":"https:\/\/jazairhope.org\/wp-content\/uploads\/2022\/08\/up-23.jpg","contentUrl":"https:\/\/jazairhope.org\/wp-content\/uploads\/2022\/08\/up-23.jpg","width":1600,"height":1067},{"@type":"BreadcrumbList","@id":"https:\/\/jazairhope.org\/fr\/pourquoi-la-communaute-internationale-ne-considere-pas-les-palestiniens-comme-des-humains\/#breadcrumb","itemListElement":[{"@type":"ListItem","position":1,"name":"Accueil","item":"https:\/\/jazairhope.org\/fr\/"},{"@type":"ListItem","position":2,"name":"Pourquoi la \u00ab\u00a0communaut\u00e9 internationale\u00a0\u00bb ne consid\u00e8re pas les Palestiniens comme des humains"}]},{"@type":"WebSite","@id":"https:\/\/jazairhope.org\/fr\/#website","url":"https:\/\/jazairhope.org\/fr\/","name":"AAH.JZR","description":"Environment, Health, Science, Art, Economics","potentialAction":[{"@type":"SearchAction","target":{"@type":"EntryPoint","urlTemplate":"https:\/\/jazairhope.org\/fr\/?s={search_term_string}"},"query-input":{"@type":"PropertyValueSpecification","valueRequired":true,"valueName":"search_term_string"}}],"inLanguage":"fr-FR"},{"@type":"Person","@id":"https:\/\/jazairhope.org\/fr\/#\/schema\/person\/43650ebd889d8960700b5456ed9264c4","name":"Ssuperadmin","image":{"@type":"ImageObject","inLanguage":"fr-FR","@id":"https:\/\/secure.gravatar.com\/avatar\/b4068e88b9c557952c81ca0efc4e11e19a2ed480173b8cef95a240894b16bf22?s=96&d=mm&r=g","url":"https:\/\/secure.gravatar.com\/avatar\/b4068e88b9c557952c81ca0efc4e11e19a2ed480173b8cef95a240894b16bf22?s=96&d=mm&r=g","contentUrl":"https:\/\/secure.gravatar.com\/avatar\/b4068e88b9c557952c81ca0efc4e11e19a2ed480173b8cef95a240894b16bf22?s=96&d=mm&r=g","caption":"Ssuperadmin"},"sameAs":["https:\/\/jazairhope.org"],"url":"https:\/\/jazairhope.org\/fr\/author\/superadmin\/"}]}},"views":326,"_links":{"self":[{"href":"https:\/\/jazairhope.org\/fr\/wp-json\/wp\/v2\/posts\/59624","targetHints":{"allow":["GET"]}}],"collection":[{"href":"https:\/\/jazairhope.org\/fr\/wp-json\/wp\/v2\/posts"}],"about":[{"href":"https:\/\/jazairhope.org\/fr\/wp-json\/wp\/v2\/types\/post"}],"author":[{"embeddable":true,"href":"https:\/\/jazairhope.org\/fr\/wp-json\/wp\/v2\/users\/1"}],"replies":[{"embeddable":true,"href":"https:\/\/jazairhope.org\/fr\/wp-json\/wp\/v2\/comments?post=59624"}],"version-history":[{"count":0,"href":"https:\/\/jazairhope.org\/fr\/wp-json\/wp\/v2\/posts\/59624\/revisions"}],"wp:featuredmedia":[{"embeddable":true,"href":"https:\/\/jazairhope.org\/fr\/wp-json\/wp\/v2\/media\/59628"}],"wp:attachment":[{"href":"https:\/\/jazairhope.org\/fr\/wp-json\/wp\/v2\/media?parent=59624"}],"wp:term":[{"taxonomy":"category","embeddable":true,"href":"https:\/\/jazairhope.org\/fr\/wp-json\/wp\/v2\/categories?post=59624"},{"taxonomy":"post_tag","embeddable":true,"href":"https:\/\/jazairhope.org\/fr\/wp-json\/wp\/v2\/tags?post=59624"}],"curies":[{"name":"wp","href":"https:\/\/api.w.org\/{rel}","templated":true}]}}