{"id":59673,"date":"2022-08-13T20:10:01","date_gmt":"2022-08-13T19:10:01","guid":{"rendered":"https:\/\/jazairhope.org\/?p=59673"},"modified":"2022-08-13T18:11:53","modified_gmt":"2022-08-13T17:11:53","slug":"les-enjeux-du-voyage-de-macron-a-alger","status":"publish","type":"post","link":"https:\/\/jazairhope.org\/fr\/les-enjeux-du-voyage-de-macron-a-alger\/","title":{"rendered":"Les enjeux du voyage de Macron \u00e0 Alger"},"content":{"rendered":"<h2 style=\"text-align: center;\"><strong>Les enjeux du voyage de Macron \u00e0 Alger<\/strong><\/h2>\n<p><strong>Par \u00a0<a href=\"https:\/\/algerie54.dz\/author\/mehdi-m\/\">Mehdi Messaoudi<\/a><\/strong><\/p>\n<p><strong><em>Le pr\u00e9sident fran\u00e7ais Emmanuel Macron est attendu le 25 ao\u00fbt\u00a0 \u00e0 Alger, dans le cadre des tentatives fran\u00e7aises de regagner la confiance de la Nouvelle Alg\u00e9rie, qui avait \u00e0 maintes reprises, exprim\u00e9 par le biais de sa haute autorit\u00e9, sa rupture avec l\u2019attitude des anciens dirigeants au sujet des relations alg\u00e9ro-fran\u00e7aises.<\/em><\/strong><\/p>\n<p><strong>La souverainet\u00e9 nationale, avant tout<\/strong><\/p>\n<p>Le pr\u00e9sident Tebboune, intronis\u00e9 \u00e0 la magistrature supr\u00eame, \u00e0 l\u2019issue des \u00e9lections d\u00e9mocratiques et libres du 12 d\u00e9cembre 2019, post-hirak b\u00e9ni, avait exprim\u00e9 \u00e0 ses interlocuteurs fran\u00e7ais, que l\u2019Alg\u00e9rie nouvelle ne badine pas avec sa souverainet\u00e9 nationale, et l\u2019interdiction du survol de l\u2019espace a\u00e9rien alg\u00e9rien par les avions fran\u00e7ais en activit\u00e9 au Mali, dans le cadre de l\u2019op\u00e9ration Barkhane, signe la premi\u00e8re action digne de nom de remettre les pendules \u00e0 l\u2019heure au sujet de la souverainet\u00e9 nationale, ch\u00e8rement acquise et legs des sacrifices de nos glorieux martyrs. Cette action avait \u00e9t\u00e9 d\u2019ailleurs accompagn\u00e9e par un rappel \u00e0 l\u2019ordre de l\u2019ancien ambassadeur fran\u00e7ais \u00e0 Alger, Xavier Driencourt, qui se comportait \u00e0 l\u2019instar de ses pr\u00e9d\u00e9cesseurs Bernard Bajolet et Bernard Emi\u00e9, comme si l\u2019Alg\u00e9rie \u00e9tait un \u00ab d\u00e9partement \u00bb d\u2019outre-mer. Ces diplomates b\u00e9n\u00e9ficiaient durant les derni\u00e8res d\u00e9cennies de toutes les largesses et facilit\u00e9s leur permettant de foutre leurs nez dans les activit\u00e9s politiques, \u00e9conomiques, culturelles, sportives, m\u00e9diatiques et soci\u00e9t\u00e9 civile, soutenus, il faut bien le pr\u00e9ciser par les n\u00e9ocolonis\u00e9s de la 5\u00e8me colonne. L\u2019establishment fran\u00e7ais \u00e9tait impliqu\u00e9 dans toutes les tentatives de d\u00e9stabilisation du pays visant \u00e0 maintenir son tutorat. La volont\u00e9 politique des nouveaux dirigeants du pays et la d\u00e9termination de tout un Peuple, en ont d\u00e9cid\u00e9 autrement. Le retour \u00e0 l\u2019ordre constitutionnel via des \u00e9lections l\u00e9gislatives locales, l\u2019amendement de la constitution permettant la s\u00e9paration du pouvoir politique de celui de l\u2019argent, et la mise en \u0153uvre d\u2019une nouvelle strat\u00e9gie de d\u00e9veloppement des capacit\u00e9s intrins\u00e8ques du pays, devan\u00e7aient les plans concoct\u00e9s et \u00e9labor\u00e9s dans les officines n\u00e9ocoloniales et des nostalgiques de l\u2019Alg\u00e9rie fran\u00e7aise.<\/p>\n<p><strong>La nouvelle Alg\u00e9rie n\u2019est plus la vache \u00e0 traire<\/strong><\/p>\n<p>La France a \u00e9t\u00e9 le grand b\u00e9n\u00e9ficiaire sur le plan \u00e9conomique des deux derni\u00e8res d\u00e9cennies, via ses entreprises et son Medef, en ratissant large en mati\u00e8re d\u2019octroi de projets, et via un accord d\u2019association avec l\u2019Union Europ\u00e9enne qui a l\u00e9gitim\u00e9 le bradage des richesses nationales et favoris\u00e9 le transfert \u00e0 la limite de la l\u00e9galit\u00e9 de l\u2019argent des alg\u00e9riens issu des revenus des hydrocarbures. Les lois adopt\u00e9es par les diff\u00e9rents gouvernements \u00e9taient faites conform\u00e9ment aux plans de pillage r\u00e8glement\u00e9, mis en service au profit des entreprises fran\u00e7aises et des cabinets de consulting et d\u2019expertises.<\/p>\n<p>Aujourd\u2019hui, l\u2019Alg\u00e9rie revient en force sur la sc\u00e8ne internationale, gr\u00e2ce \u00e0 son engagement pour un nouvel ordre mondial multipolaire, et les partenaires se bousculent pour conclure des accords de partenariat avec l\u2019Alg\u00e9rie. Compte tenu de l\u2019exp\u00e9rience v\u00e9cue avec la France, Paris a peu de chance de r\u00e9ussir la conclusion de faramineux contrats pour sauver les entreprises fran\u00e7aises. Paris n\u2019inspire plus confiance, car les exp\u00e9riences v\u00e9cues nous r\u00e9v\u00e9laient que la France veut maintenir l\u2019Alg\u00e9rie comme un march\u00e9 pour \u00e9couler ses produits, et n\u2019est jamais pr\u00eates \u00e0 aller b\u00e2tir un partenariat \u00e9conomique gagnant-gagnant. La redynamisation de l\u2019appareil propagandiste, du lobby tr\u00e8s actif au niveau des administrations et le lancement de l\u2019offensive culturelle maquill\u00e9e en activit\u00e9s litt\u00e9raires et artistiques pour ressusciter les symboles de la colonisation, comme Yves Saint-Laurent et Albert Camus, ont peu de chance d\u2019aboutir devant la d\u00e9termination des nouveaux dirigeants alg\u00e9riens soucieux de mettre l\u2019Alg\u00e9rie, dans la place qu\u2019elle lui sied dans le concert des nations, conform\u00e9ment \u00e0 la fid\u00e9lit\u00e9 du serment de nos glorieux martyrs.<\/p>\n<p><strong>Les engagements non tenus de Macron<\/strong><\/p>\n<p>Comme l\u2019ont bien soulign\u00e9 les ukrainiens, Macron promet la chose et fait son contraire. Pour mieux illustrer cela, ils viennent d\u2019enrichir la langue fran\u00e7aise du verbe \u00ab <em>macroner<\/em>\u00a0\u00bb. Emmanuel Macron s\u2019est rendu deux fois en Alg\u00e9rie, une fois en tant que candidat de la pr\u00e9sidentielle fran\u00e7aise de 2017 et une autre en tant que locataire de l\u2019Elys\u00e9e. Et \u00e0 chaque fois, il d\u00e9\u00e7oit les Alg\u00e9riens, sa promesse de proclamer la colonisation fran\u00e7aise de l\u2019Alg\u00e9rie comme un crime contre l\u2019humanit\u00e9, n\u2019\u00e9tait qu\u2019une chim\u00e8re et de la poudre aux yeux, d\u00e9mentie par sa d\u00e9claration d\u2019effacer l\u2019histoire d\u2019une nation appel\u00e9e l\u2019Alg\u00e9rie.<\/p>\n<p><strong>Le dossier de l\u2019\u00e9nergie sur la table<\/strong><\/p>\n<p>Il n\u2019est pas exclu, que le pr\u00e9sident fran\u00e7ais abordera avec les dirigeants Alg\u00e9riens, le dossier \u00e9nerg\u00e9tique li\u00e9 \u00e0 l\u2019approvisionnement de l\u2019Europe en gaz Alg\u00e9rien. Si rien n\u2019a \u00e9t\u00e9 dit sur les dossiers qui seront mis sur la table des discussions et n\u00e9gociations entre les deux parties, il en demeure que certains indices plaident pour la reprise de l\u2019approvisionnement via le GME, desservant l\u2019Espagne, via le Maroc. Une reprise indispensable pour la relance du gazoduc MidCat (Midi-Catalogne), reliant l\u2019Espagne \u00e0 la France et qui int\u00e9resse en premier lieu l\u2019Allemagne dont le chancelier Olaf Scholz, en a fait allusion, il y a quelques jours, en \u00e9voquant la strat\u00e9gie \u00e0 court terme de son pays, pour faire face \u00e0 la d\u00e9pendance de Berlin au gaz russe.<\/p>\n<p>Pour s\u2019affranchir du gaz russe, comme le souhaite L\u2019Union Europ\u00e9enne, Bruxelles est favorable \u00e0 la relance du projet MidCat, ce gazoduc reliant l\u2019Espagne \u00e0 la France, lanc\u00e9 en 2013 puis abandonn\u00e9 en 2019. Il pr\u00e9voit un tuyau de 230 kilom\u00e8tres partant d\u2019Hostalric, au nord de Barcelone, pour rejoindre Barbaira, \u00e0 l\u2019est de Carcassonne, en traversant les Pyr\u00e9n\u00e9es. L\u2019Espagne pousse \u00e0 fond le projet. \u00c0 la faveur de la crise ukrainienne, le pays s\u2019imagine devenir un grand \u00ab hub gazier \u00bb reliant le sud et le nord de l\u2019Europe. Les infrastructures sont d\u00e9j\u00e0 l\u00e0, avec sept terminaux de GNL, soit un quart des capacit\u00e9s de l\u2019UE, o\u00f9 accostent des m\u00e9thaniers en provenance d\u2019une quinzaine de pays, et deux gazoducs reli\u00e9s \u00e0 l\u2019Alg\u00e9rie, dont l\u2019un a toutefois \u00e9t\u00e9 arr\u00eat\u00e9 en novembre par le gouvernement alg\u00e9rien, en raison des tensions avec le Maroc.<\/p>\n<p>Mais l\u2019Espagne manque d\u2019interconnexions avec la France, au point que 60 % de la capacit\u00e9 disponible dans les terminaux espagnols n\u2019est pas utilis\u00e9e. Aujourd\u2019hui, l\u2019Espagne peut repr\u00e9senter jusqu\u2019\u00e0 6 % de l\u2019alimentation en gaz de la France. Avec cette nouvelle infrastructure, les volumes de transit seraient doubl\u00e9s, permettant de r\u00e9duire significativement la d\u00e9pendance de la France au gaz russe.\u00a0D\u00e9but 2019, les r\u00e9gulateurs fran\u00e7ais et espagnols avaient pourtant contribu\u00e9 \u00e0 l\u2019enterrement du projet. \u00c9valu\u00e9 \u00e0 440 millions d\u2019euros, il \u00e9tait alors jug\u00e9 \u00e0 la fois trop cher et non indispensable.<\/p>\n<p>A priori, les alg\u00e9riens sont peu int\u00e9ress\u00e9s par les soucis franco-espagnols d\u2019approvisionnement en gaz, pr\u00e9f\u00e9rant renforcer leur partenariat strat\u00e9gique avec l\u2019Italie, un partenariat loin des alliances de connivence comme ce f\u00fbt le cas avec Madrid, dont le gouvernement de Pedro Sanchez avait trahi la confiance d\u2019Alger et des int\u00e9r\u00eats de son peuple pour s\u2019aligner sur la position coloniale du Maroc dans le dossier du Sahara Occidental. Sur ce registre, il est clair que Paris s\u2019aligne aussi sur la position marocaine, comme l\u2019illustre bien son v\u00e9to p\u00e9rennis\u00e9 au sein du Conseil de s\u00e9curit\u00e9 de l\u2019ONU, \u00e9vitant \u00e0 Rabat des sanctions internationales et privant un peuple de b\u00e9n\u00e9ficier du droit d\u2019autod\u00e9termination.<\/p>\n<p><strong>Les dossiers du Mali et la Libye<\/strong><\/p>\n<p>Les deux pr\u00e9sidents \u00e9voqueront certainement les questions des crises au Mali et la Libye. Sur ce plan, il est clair que la France tente de trouver une sortie honorable du bourbier malien, dont les dirigeants sont d\u00e9termin\u00e9s \u00e0 mettre fin \u00e0 l\u2019influence fran\u00e7aise. Les derniers actes terroristes n\u2019ont fait que renforcer la conviction des maliens, \u00e0 chasser la France de leur territoire. La relance du processus d\u2019Alger via l\u2019int\u00e9gration de 26000 combattants rebelles au sein des Fama, et la redynamisation du processus politique pour se doter d\u2019institutions \u00e9lues au cours de l\u2019ann\u00e9e 2024, ont mis fin aux vell\u00e9it\u00e9s n\u00e9ocoloniales de la France de maintenir le Mali sous son joug. Le dossier libyen sera aussi sur la table et la France est point\u00e9e du doigt comme la premi\u00e8re puissance ayant organis\u00e9 la chute et l\u2019assassinat du leader libyen Mouammar El Gueddafi. Comme \u00e0 l\u2019accoutum\u00e9e, l\u2019Alg\u00e9rie r\u00e9clame la fin de la pr\u00e9sence \u00e9trang\u00e8re et le d\u00e9part des milices \u00e9trang\u00e8res, comme condition premi\u00e8re favorisant le dialogue inter-libyen, pour une solution libo-libyenne, allant dans le sens de la tenue d\u2019\u00e9lections pr\u00e9sidentielles et l\u00e9gislatives permettant \u00e0 la Libye de se doter d\u2019institutions \u00e9lues et libres, conform\u00e9ment aux r\u00e9solutions onusiennes.<\/p>\n<p><strong><a href=\"https:\/\/algerie54.dz\/2022\/08\/13\/algerie-france-41\/?fbclid=IwAR2Ga9S-N1zeCwRLIHQcEw2vabmpCwOtqdltDfuYEJTV2tApPaMINuo_wUw\">Algerie54<\/a><\/strong><\/p>\n<p>&nbsp;<\/p>\n","protected":false},"excerpt":{"rendered":"<p>Les enjeux du voyage de Macron \u00e0 Alger Par \u00a0Mehdi Messaoudi Le pr\u00e9sident fran\u00e7ais Emmanuel Macron est attendu le 25 ao\u00fbt\u00a0 \u00e0&hellip;<\/p>\n","protected":false},"author":1,"featured_media":59675,"comment_status":"open","ping_status":"open","sticky":false,"template":"","format":"standard","meta":{"_lmt_disableupdate":"","_lmt_disable":"","footnotes":""},"categories":[32,49],"tags":[],"class_list":["post-59673","post","type-post","status-publish","format-standard","has-post-thumbnail","hentry","category-algerie","category-politique"],"yoast_head":"<!-- This site is optimized with the Yoast SEO plugin v27.3 - https:\/\/yoast.com\/product\/yoast-seo-wordpress\/ -->\n<title>Les enjeux du voyage de Macron \u00e0 Alger - AAH.JZR<\/title>\n<meta name=\"robots\" content=\"index, follow, max-snippet:-1, max-image-preview:large, max-video-preview:-1\" \/>\n<link rel=\"canonical\" href=\"https:\/\/jazairhope.org\/fr\/les-enjeux-du-voyage-de-macron-a-alger\/\" \/>\n<meta property=\"og:locale\" content=\"fr_FR\" \/>\n<meta property=\"og:type\" content=\"article\" \/>\n<meta property=\"og:title\" content=\"Les enjeux du voyage de Macron \u00e0 Alger - AAH.JZR\" \/>\n<meta property=\"og:description\" content=\"Les enjeux du voyage de Macron \u00e0 Alger Par \u00a0Mehdi Messaoudi Le pr\u00e9sident fran\u00e7ais Emmanuel Macron est attendu le 25 ao\u00fbt\u00a0 \u00e0&hellip;\" \/>\n<meta property=\"og:url\" content=\"https:\/\/jazairhope.org\/fr\/les-enjeux-du-voyage-de-macron-a-alger\/\" \/>\n<meta property=\"og:site_name\" content=\"AAH.JZR\" \/>\n<meta property=\"article:publisher\" content=\"https:\/\/www.facebook.com\/jazairhope\" \/>\n<meta property=\"article:published_time\" content=\"2022-08-13T19:10:01+00:00\" \/>\n<meta property=\"og:image\" content=\"https:\/\/jazairhope.org\/wp-content\/uploads\/2022\/08\/Capture-27.png\" \/>\n\t<meta property=\"og:image:width\" content=\"1023\" \/>\n\t<meta property=\"og:image:height\" content=\"778\" \/>\n\t<meta property=\"og:image:type\" content=\"image\/png\" \/>\n<meta name=\"author\" content=\"Ssuperadmin\" \/>\n<meta name=\"twitter:card\" content=\"summary_large_image\" \/>\n<meta name=\"twitter:label1\" content=\"\u00c9crit par\" \/>\n\t<meta name=\"twitter:data1\" content=\"Ssuperadmin\" \/>\n\t<meta name=\"twitter:label2\" content=\"Dur\u00e9e de lecture estim\u00e9e\" \/>\n\t<meta name=\"twitter:data2\" content=\"8 minutes\" \/>\n<script type=\"application\/ld+json\" class=\"yoast-schema-graph\">{\"@context\":\"https:\\\/\\\/schema.org\",\"@graph\":[{\"@type\":\"Article\",\"@id\":\"https:\\\/\\\/jazairhope.org\\\/fr\\\/les-enjeux-du-voyage-de-macron-a-alger\\\/#article\",\"isPartOf\":{\"@id\":\"https:\\\/\\\/jazairhope.org\\\/fr\\\/les-enjeux-du-voyage-de-macron-a-alger\\\/\"},\"author\":{\"name\":\"Ssuperadmin\",\"@id\":\"https:\\\/\\\/jazairhope.org\\\/fr\\\/#\\\/schema\\\/person\\\/43650ebd889d8960700b5456ed9264c4\"},\"headline\":\"Les enjeux du voyage de Macron \u00e0 Alger\",\"datePublished\":\"2022-08-13T19:10:01+00:00\",\"mainEntityOfPage\":{\"@id\":\"https:\\\/\\\/jazairhope.org\\\/fr\\\/les-enjeux-du-voyage-de-macron-a-alger\\\/\"},\"wordCount\":1595,\"commentCount\":2,\"image\":{\"@id\":\"https:\\\/\\\/jazairhope.org\\\/fr\\\/les-enjeux-du-voyage-de-macron-a-alger\\\/#primaryimage\"},\"thumbnailUrl\":\"https:\\\/\\\/jazairhope.org\\\/wp-content\\\/uploads\\\/2022\\\/08\\\/Capture-27.png\",\"articleSection\":[\"Alg\u00e9rie Alg\u00e9rienne\",\"Politique\"],\"inLanguage\":\"fr-FR\",\"potentialAction\":[{\"@type\":\"CommentAction\",\"name\":\"Comment\",\"target\":[\"https:\\\/\\\/jazairhope.org\\\/fr\\\/les-enjeux-du-voyage-de-macron-a-alger\\\/#respond\"]}]},{\"@type\":\"WebPage\",\"@id\":\"https:\\\/\\\/jazairhope.org\\\/fr\\\/les-enjeux-du-voyage-de-macron-a-alger\\\/\",\"url\":\"https:\\\/\\\/jazairhope.org\\\/fr\\\/les-enjeux-du-voyage-de-macron-a-alger\\\/\",\"name\":\"Les enjeux du voyage de Macron \u00e0 Alger - AAH.JZR\",\"isPartOf\":{\"@id\":\"https:\\\/\\\/jazairhope.org\\\/fr\\\/#website\"},\"primaryImageOfPage\":{\"@id\":\"https:\\\/\\\/jazairhope.org\\\/fr\\\/les-enjeux-du-voyage-de-macron-a-alger\\\/#primaryimage\"},\"image\":{\"@id\":\"https:\\\/\\\/jazairhope.org\\\/fr\\\/les-enjeux-du-voyage-de-macron-a-alger\\\/#primaryimage\"},\"thumbnailUrl\":\"https:\\\/\\\/jazairhope.org\\\/wp-content\\\/uploads\\\/2022\\\/08\\\/Capture-27.png\",\"datePublished\":\"2022-08-13T19:10:01+00:00\",\"author\":{\"@id\":\"https:\\\/\\\/jazairhope.org\\\/fr\\\/#\\\/schema\\\/person\\\/43650ebd889d8960700b5456ed9264c4\"},\"breadcrumb\":{\"@id\":\"https:\\\/\\\/jazairhope.org\\\/fr\\\/les-enjeux-du-voyage-de-macron-a-alger\\\/#breadcrumb\"},\"inLanguage\":\"fr-FR\",\"potentialAction\":[{\"@type\":\"ReadAction\",\"target\":[\"https:\\\/\\\/jazairhope.org\\\/fr\\\/les-enjeux-du-voyage-de-macron-a-alger\\\/\"]}]},{\"@type\":\"ImageObject\",\"inLanguage\":\"fr-FR\",\"@id\":\"https:\\\/\\\/jazairhope.org\\\/fr\\\/les-enjeux-du-voyage-de-macron-a-alger\\\/#primaryimage\",\"url\":\"https:\\\/\\\/jazairhope.org\\\/wp-content\\\/uploads\\\/2022\\\/08\\\/Capture-27.png\",\"contentUrl\":\"https:\\\/\\\/jazairhope.org\\\/wp-content\\\/uploads\\\/2022\\\/08\\\/Capture-27.png\",\"width\":1023,\"height\":778},{\"@type\":\"BreadcrumbList\",\"@id\":\"https:\\\/\\\/jazairhope.org\\\/fr\\\/les-enjeux-du-voyage-de-macron-a-alger\\\/#breadcrumb\",\"itemListElement\":[{\"@type\":\"ListItem\",\"position\":1,\"name\":\"Accueil\",\"item\":\"https:\\\/\\\/jazairhope.org\\\/fr\\\/\"},{\"@type\":\"ListItem\",\"position\":2,\"name\":\"Les enjeux du voyage de Macron \u00e0 Alger\"}]},{\"@type\":\"WebSite\",\"@id\":\"https:\\\/\\\/jazairhope.org\\\/fr\\\/#website\",\"url\":\"https:\\\/\\\/jazairhope.org\\\/fr\\\/\",\"name\":\"AAH.JZR\",\"description\":\"Environment, Health, Science, Art, Economics\",\"potentialAction\":[{\"@type\":\"SearchAction\",\"target\":{\"@type\":\"EntryPoint\",\"urlTemplate\":\"https:\\\/\\\/jazairhope.org\\\/fr\\\/?s={search_term_string}\"},\"query-input\":{\"@type\":\"PropertyValueSpecification\",\"valueRequired\":true,\"valueName\":\"search_term_string\"}}],\"inLanguage\":\"fr-FR\"},{\"@type\":\"Person\",\"@id\":\"https:\\\/\\\/jazairhope.org\\\/fr\\\/#\\\/schema\\\/person\\\/43650ebd889d8960700b5456ed9264c4\",\"name\":\"Ssuperadmin\",\"image\":{\"@type\":\"ImageObject\",\"inLanguage\":\"fr-FR\",\"@id\":\"https:\\\/\\\/secure.gravatar.com\\\/avatar\\\/b4068e88b9c557952c81ca0efc4e11e19a2ed480173b8cef95a240894b16bf22?s=96&d=mm&r=g\",\"url\":\"https:\\\/\\\/secure.gravatar.com\\\/avatar\\\/b4068e88b9c557952c81ca0efc4e11e19a2ed480173b8cef95a240894b16bf22?s=96&d=mm&r=g\",\"contentUrl\":\"https:\\\/\\\/secure.gravatar.com\\\/avatar\\\/b4068e88b9c557952c81ca0efc4e11e19a2ed480173b8cef95a240894b16bf22?s=96&d=mm&r=g\",\"caption\":\"Ssuperadmin\"},\"sameAs\":[\"https:\\\/\\\/jazairhope.org\"],\"url\":\"https:\\\/\\\/jazairhope.org\\\/fr\\\/author\\\/superadmin\\\/\"}]}<\/script>\n<!-- \/ Yoast SEO plugin. -->","yoast_head_json":{"title":"Les enjeux du voyage de Macron \u00e0 Alger - AAH.JZR","robots":{"index":"index","follow":"follow","max-snippet":"max-snippet:-1","max-image-preview":"max-image-preview:large","max-video-preview":"max-video-preview:-1"},"canonical":"https:\/\/jazairhope.org\/fr\/les-enjeux-du-voyage-de-macron-a-alger\/","og_locale":"fr_FR","og_type":"article","og_title":"Les enjeux du voyage de Macron \u00e0 Alger - AAH.JZR","og_description":"Les enjeux du voyage de Macron \u00e0 Alger Par \u00a0Mehdi Messaoudi Le pr\u00e9sident fran\u00e7ais Emmanuel Macron est attendu le 25 ao\u00fbt\u00a0 \u00e0&hellip;","og_url":"https:\/\/jazairhope.org\/fr\/les-enjeux-du-voyage-de-macron-a-alger\/","og_site_name":"AAH.JZR","article_publisher":"https:\/\/www.facebook.com\/jazairhope","article_published_time":"2022-08-13T19:10:01+00:00","og_image":[{"width":1023,"height":778,"url":"https:\/\/jazairhope.org\/wp-content\/uploads\/2022\/08\/Capture-27.png","type":"image\/png"}],"author":"Ssuperadmin","twitter_card":"summary_large_image","twitter_misc":{"\u00c9crit par":"Ssuperadmin","Dur\u00e9e de lecture estim\u00e9e":"8 minutes"},"schema":{"@context":"https:\/\/schema.org","@graph":[{"@type":"Article","@id":"https:\/\/jazairhope.org\/fr\/les-enjeux-du-voyage-de-macron-a-alger\/#article","isPartOf":{"@id":"https:\/\/jazairhope.org\/fr\/les-enjeux-du-voyage-de-macron-a-alger\/"},"author":{"name":"Ssuperadmin","@id":"https:\/\/jazairhope.org\/fr\/#\/schema\/person\/43650ebd889d8960700b5456ed9264c4"},"headline":"Les enjeux du voyage de Macron \u00e0 Alger","datePublished":"2022-08-13T19:10:01+00:00","mainEntityOfPage":{"@id":"https:\/\/jazairhope.org\/fr\/les-enjeux-du-voyage-de-macron-a-alger\/"},"wordCount":1595,"commentCount":2,"image":{"@id":"https:\/\/jazairhope.org\/fr\/les-enjeux-du-voyage-de-macron-a-alger\/#primaryimage"},"thumbnailUrl":"https:\/\/jazairhope.org\/wp-content\/uploads\/2022\/08\/Capture-27.png","articleSection":["Alg\u00e9rie Alg\u00e9rienne","Politique"],"inLanguage":"fr-FR","potentialAction":[{"@type":"CommentAction","name":"Comment","target":["https:\/\/jazairhope.org\/fr\/les-enjeux-du-voyage-de-macron-a-alger\/#respond"]}]},{"@type":"WebPage","@id":"https:\/\/jazairhope.org\/fr\/les-enjeux-du-voyage-de-macron-a-alger\/","url":"https:\/\/jazairhope.org\/fr\/les-enjeux-du-voyage-de-macron-a-alger\/","name":"Les enjeux du voyage de Macron \u00e0 Alger - AAH.JZR","isPartOf":{"@id":"https:\/\/jazairhope.org\/fr\/#website"},"primaryImageOfPage":{"@id":"https:\/\/jazairhope.org\/fr\/les-enjeux-du-voyage-de-macron-a-alger\/#primaryimage"},"image":{"@id":"https:\/\/jazairhope.org\/fr\/les-enjeux-du-voyage-de-macron-a-alger\/#primaryimage"},"thumbnailUrl":"https:\/\/jazairhope.org\/wp-content\/uploads\/2022\/08\/Capture-27.png","datePublished":"2022-08-13T19:10:01+00:00","author":{"@id":"https:\/\/jazairhope.org\/fr\/#\/schema\/person\/43650ebd889d8960700b5456ed9264c4"},"breadcrumb":{"@id":"https:\/\/jazairhope.org\/fr\/les-enjeux-du-voyage-de-macron-a-alger\/#breadcrumb"},"inLanguage":"fr-FR","potentialAction":[{"@type":"ReadAction","target":["https:\/\/jazairhope.org\/fr\/les-enjeux-du-voyage-de-macron-a-alger\/"]}]},{"@type":"ImageObject","inLanguage":"fr-FR","@id":"https:\/\/jazairhope.org\/fr\/les-enjeux-du-voyage-de-macron-a-alger\/#primaryimage","url":"https:\/\/jazairhope.org\/wp-content\/uploads\/2022\/08\/Capture-27.png","contentUrl":"https:\/\/jazairhope.org\/wp-content\/uploads\/2022\/08\/Capture-27.png","width":1023,"height":778},{"@type":"BreadcrumbList","@id":"https:\/\/jazairhope.org\/fr\/les-enjeux-du-voyage-de-macron-a-alger\/#breadcrumb","itemListElement":[{"@type":"ListItem","position":1,"name":"Accueil","item":"https:\/\/jazairhope.org\/fr\/"},{"@type":"ListItem","position":2,"name":"Les enjeux du voyage de Macron \u00e0 Alger"}]},{"@type":"WebSite","@id":"https:\/\/jazairhope.org\/fr\/#website","url":"https:\/\/jazairhope.org\/fr\/","name":"AAH.JZR","description":"Environment, Health, Science, Art, Economics","potentialAction":[{"@type":"SearchAction","target":{"@type":"EntryPoint","urlTemplate":"https:\/\/jazairhope.org\/fr\/?s={search_term_string}"},"query-input":{"@type":"PropertyValueSpecification","valueRequired":true,"valueName":"search_term_string"}}],"inLanguage":"fr-FR"},{"@type":"Person","@id":"https:\/\/jazairhope.org\/fr\/#\/schema\/person\/43650ebd889d8960700b5456ed9264c4","name":"Ssuperadmin","image":{"@type":"ImageObject","inLanguage":"fr-FR","@id":"https:\/\/secure.gravatar.com\/avatar\/b4068e88b9c557952c81ca0efc4e11e19a2ed480173b8cef95a240894b16bf22?s=96&d=mm&r=g","url":"https:\/\/secure.gravatar.com\/avatar\/b4068e88b9c557952c81ca0efc4e11e19a2ed480173b8cef95a240894b16bf22?s=96&d=mm&r=g","contentUrl":"https:\/\/secure.gravatar.com\/avatar\/b4068e88b9c557952c81ca0efc4e11e19a2ed480173b8cef95a240894b16bf22?s=96&d=mm&r=g","caption":"Ssuperadmin"},"sameAs":["https:\/\/jazairhope.org"],"url":"https:\/\/jazairhope.org\/fr\/author\/superadmin\/"}]}},"views":379,"_links":{"self":[{"href":"https:\/\/jazairhope.org\/fr\/wp-json\/wp\/v2\/posts\/59673","targetHints":{"allow":["GET"]}}],"collection":[{"href":"https:\/\/jazairhope.org\/fr\/wp-json\/wp\/v2\/posts"}],"about":[{"href":"https:\/\/jazairhope.org\/fr\/wp-json\/wp\/v2\/types\/post"}],"author":[{"embeddable":true,"href":"https:\/\/jazairhope.org\/fr\/wp-json\/wp\/v2\/users\/1"}],"replies":[{"embeddable":true,"href":"https:\/\/jazairhope.org\/fr\/wp-json\/wp\/v2\/comments?post=59673"}],"version-history":[{"count":0,"href":"https:\/\/jazairhope.org\/fr\/wp-json\/wp\/v2\/posts\/59673\/revisions"}],"wp:featuredmedia":[{"embeddable":true,"href":"https:\/\/jazairhope.org\/fr\/wp-json\/wp\/v2\/media\/59675"}],"wp:attachment":[{"href":"https:\/\/jazairhope.org\/fr\/wp-json\/wp\/v2\/media?parent=59673"}],"wp:term":[{"taxonomy":"category","embeddable":true,"href":"https:\/\/jazairhope.org\/fr\/wp-json\/wp\/v2\/categories?post=59673"},{"taxonomy":"post_tag","embeddable":true,"href":"https:\/\/jazairhope.org\/fr\/wp-json\/wp\/v2\/tags?post=59673"}],"curies":[{"name":"wp","href":"https:\/\/api.w.org\/{rel}","templated":true}]}}