{"id":59792,"date":"2022-08-15T08:23:30","date_gmt":"2022-08-15T07:23:30","guid":{"rendered":"https:\/\/jazairhope.org\/?p=59792"},"modified":"2022-08-15T08:23:30","modified_gmt":"2022-08-15T07:23:30","slug":"decoloniser-la-prehistoire-algerienne-et-reecrire-lhistoire-de-cette-periode","status":"publish","type":"post","link":"https:\/\/jazairhope.org\/fr\/decoloniser-la-prehistoire-algerienne-et-reecrire-lhistoire-de-cette-periode\/","title":{"rendered":"D\u00e9coloniser la pr\u00e9histoire alg\u00e9rienne et r\u00e9\u00e9crire l&#8217;histoire de cette p\u00e9riode"},"content":{"rendered":"<div class=\"itemIntroText col-xs-hidden  selectionShareable\">\n<p><strong>ALGER &#8211; Les projets de recherche innovants en Alg\u00e9rie dans le domaine de la pr\u00e9histoire, dont ceux du complexe Ain Lahneche-Ain Boucherit \u00e0 S\u00e9tif et du site de Tighennif \u00e0 Mascara, visent \u00e0 &#8220;d\u00e9coloniser la pr\u00e9histoire alg\u00e9rienne et \u00e0 r\u00e9\u00e9crire l&#8217;histoire de cette p\u00e9riode de mani\u00e8re scientifique, moderne et objective&#8221;, affirme l&#8217;imminent arch\u00e9ologue alg\u00e9rien Mohamed Sahnouni.<\/strong><\/p>\n<\/div>\n<div class=\"itemFullText selectionShareable\">\n<p>Dans un entretien accord\u00e9 \u00e0 l&#8217;APS, Mohamed Sahnouni, Professeur associ\u00e9 au Cnrpah (Centre national de recherche pr\u00e9historique, anthropologique et historique), a confi\u00e9 que la France coloniale avait \u00e9crit l&#8217;histoire de la pr\u00e9histoire en Alg\u00e9rie avec &#8220;une id\u00e9ologie coloniale&#8221;, aujourd&#8217;hui, en cette ann\u00e9e de c\u00e9l\u00e9bration du 60e anniversaire du recouvrement de l&#8217;ind\u00e9pendance, &#8220;il est de notre devoir de r\u00e9\u00e9crire cette p\u00e9riode avec une vision alg\u00e9rienne&#8221;, estime-t-il.<\/p>\n<p>Cet universitaire de renom, \u00e9galement associ\u00e9 \u00e0 un centre de recherche en Espagne, a insist\u00e9 sur l&#8217;obligation de &#8220;sortir de la vision coloniale, qui avait pour objectif de contr\u00f4ler l&#8217;histoire et le patrimoine de l&#8217;Alg\u00e9rie, pour r\u00e9\u00e9crire cette p\u00e9riode en toute objectivit\u00e9&#8221;.<\/p>\n<p>Chapeautant les projets du complexe Ain Lahneche-Ain Boucherit et celui du site de Tighennif, Mohamed Sahnouni a indiqu\u00e9 que son \u00e9quipe s&#8217;est bas\u00e9e sur les fouilles et sur les \u00e9tudes de laboratoire pour montrer \u00e0 la communaut\u00e9 scientifique &#8220;l&#8217;\u00e9norme potentiel arch\u00e9ologique alg\u00e9rien&#8221;, mais aussi pour mettre en avant les sites alg\u00e9riens pouvant participer \u00e0 r\u00e9soudre la grande question arch\u00e9ologique sur le berceau de l&#8217;humanit\u00e9.<\/p>\n<p>Dirigeant les recherches \u00e0 Ain Lahneche-Ain Boucherit depuis 1992, l&#8217;arch\u00e9ologue est revenu sur les d\u00e9couvertes annonc\u00e9e en 2018 dans la prestigieuse revue am\u00e9ricaine &#8220;Science&#8221; et qui confirment que le bassin d\u2019Ain Boucherit remonte \u00e0 2,4 millions d&#8217;ann\u00e9es et devient, donc, le deuxi\u00e8me plus ancien site peupl\u00e9 sur terre apr\u00e8s celui de Gona en Ethiopie, dat\u00e9 de 2,6 millions d&#8217;ann\u00e9es.<\/p>\n<p>Cette d\u00e9couverte majeure confirme, selon lui, que l&#8217;Afrique du nord est aussi une &#8220;r\u00e9gion de r\u00e9f\u00e9rence&#8221; dans les recherches sur le berceau, pr\u00e9cisant que les recherches &#8220;sont toujours en cours \u00e0 S\u00e9tif et qu&#8217;elles promettent des r\u00e9sultats importants&#8221;.<\/p>\n<p><strong>30 ans de recherches assidues sous la coupe de chercheurs alg\u00e9riens<\/strong><\/p>\n<p>Mohamed Sahnouni a rappel\u00e9 que le point de d\u00e9part de cette aventure \u00e9tait Ain Lahnech, un site arch\u00e9ologique d\u00e9couvert par le chercheur fran\u00e7ais Camille Arambourg en 1947, et qui avait laiss\u00e9 de grandes zones d&#8217;ombre que l&#8217;\u00e9quipe de recherche alg\u00e9rienne a commenc\u00e9 \u00e0 traiter dont la datation du site, sa g\u00e9ologie, la reconstitution des conditions d&#8217;\u00e9poque et l&#8217;\u00e9tude et l&#8217;interpr\u00e9tation des vestiges et objets d\u00e9couverts.<\/p>\n<p>Les premiers r\u00e9sultats publi\u00e9s avancent un site dat\u00e9 de 1,8 millions d&#8217;ann\u00e9es, ce qui a encourag\u00e9 l&#8217;\u00e9quipe du Pr Sahnouni \u00e0 chercher des traces de peuplement humain plus ancien et entamer d&#8217;autres recherches entre 2004 et 2005 qui ont r\u00e9v\u00e9l\u00e9 des outils en pierre.<\/p>\n<p>Ces r\u00e9sultats qui ont n\u00e9cessit\u00e9 plus de 10 ans de travaux sur le terrain et dans les laboratoires, ont permis d&#8217;attester que le plus ancien site d\u2019Ain Boucherit remonte \u00e0 2,4 millions d&#8217;ann\u00e9es et le second \u00e0 1,9 millions d&#8217;ann\u00e9es. Ces d\u00e9couvertes ont \u00e9t\u00e9 publi\u00e9es dans la revue &#8220;Science&#8221; pour devenir une r\u00e9f\u00e9rence scientifique mondiale.<\/p>\n<p>Mohamed Sahnouni a pr\u00e9cis\u00e9 que ces r\u00e9sultats sont le fruit de 30 ann\u00e9es de recherches assidues inscrites dans le cadre du Cnrpah qui a fourni tout le soutien financier et logistique n\u00e9cessaire.<\/p>\n<p>Abordant la revue am\u00e9ricaine, Mohamed Sahnouni a argument\u00e9 son choix par l&#8217;importance de cette publication et par le leadership scientifique des anglo-saxons, ajoutant que ce choix a &#8220;renforc\u00e9 la cr\u00e9dibilit\u00e9 de la recherche et l&#8217;\u00e9cho que lui ont r\u00e9serv\u00e9 les m\u00e9dias internationaux&#8221;.<\/p>\n<p>Il a \u00e9galement pr\u00e9cis\u00e9 que le projet a \u00e9t\u00e9 r\u00e9alis\u00e9 en collaboration avec des chercheurs \u00e9trangers, plus comp\u00e9tents dans le volet laboratoire, et qui renforcent la cr\u00e9dibilit\u00e9 de la recherche.<\/p>\n<p>Les d\u00e9couvertes d\u2019Ain Boucherit se trouvent actuellement au mus\u00e9e national du Bardo, au mus\u00e9e de S\u00e9tif et au Cnrpah.<\/p>\n<p><strong>De nouveaux r\u00e9sultats sur le site de Tighennif publi\u00e9s en 2023<\/strong><\/p>\n<p>Dans sa d\u00e9marche de r\u00e9\u00e9criture et de recherche, Pr Sahnouni a \u00e9galement abord\u00e9 son projet sur le site de Tighennif \u00e0 Mascara, qu&#8217;il consid\u00e8re comme un projet compl\u00e9mentaire \u00e0 celui de S\u00e9tif, et o\u00f9 il a entam\u00e9 des recherches en 2013 effectuant 7 campagnes de fouilles arch\u00e9ologiques.<\/p>\n<p>Ce projet a \u00e9t\u00e9 initi\u00e9, avec le Cnrpah, avec l&#8217;objectif de lancer un nouveau projet de recherche avec des moyens scientifiques modernes et de fouiller de nouveau les lieux \u00e0 la recherche de nouvelles d\u00e9couvertes pour enrichir les mus\u00e9es alg\u00e9riens, puisque toutes les d\u00e9couvertes de Tighennif (restes humains, ossements, mandibules, outils,&#8230;) ont \u00e9t\u00e9 transf\u00e9r\u00e9es en France, du temps de la colonisation.<\/p>\n<p>Le chercheur a indiqu\u00e9 que le projet conna\u00eet de grandes avanc\u00e9es et de nouveaux r\u00e9sultats sur le site et sur &#8220;l&#8217;homme de Tighennif&#8221;, soulignant que la premi\u00e8re datation de 500.000 ans \u00e9tait loin d&#8217;\u00eatre pr\u00e9cise et que son \u00e9quipe de recherche \u00e9tait arriv\u00e9e \u00e0 de &#8220;nouvelles d\u00e9couvertes qui seront publi\u00e9es au d\u00e9but de l&#8217;ann\u00e9e 2023&#8221;.<\/p>\n<p>Driv\u00e9e par des chercheurs alg\u00e9riens, l&#8217;\u00e9quipe du projet de Tighennif compte \u00e9galement des scientifiques n\u00e9erlandais, italiens, espagnols ou encore fran\u00e7ais qui disposent d&#8217;une grande exp\u00e9rience.<\/p>\n<p>En conclusion, Pr Sahnouni a insist\u00e9 sur la n\u00e9cessit\u00e9 de pr\u00e9server ce genre de sites de grande importance des affres de l&#8217;urbanisation anarchique pour en faire une r\u00e9serve nationale, ajoutant qu&#8217;il existe une volont\u00e9 de l&#8217;Unesco pour les classer comme site arch\u00e9ologique de valeur universelle.<\/p>\n<p>aps.dz<\/p>\n<\/div>\n","protected":false},"excerpt":{"rendered":"<p>ALGER &#8211; Les projets de recherche innovants en Alg\u00e9rie dans le domaine de la pr\u00e9histoire, dont ceux du complexe Ain Lahneche-Ain Boucherit&hellip;<\/p>\n","protected":false},"author":61,"featured_media":59793,"comment_status":"open","ping_status":"open","sticky":false,"template":"","format":"standard","meta":{"_lmt_disableupdate":"","_lmt_disable":"","footnotes":""},"categories":[32,42],"tags":[],"class_list":["post-59792","post","type-post","status-publish","format-standard","has-post-thumbnail","hentry","category-algerie","category-histoire-et-patrimoine"],"yoast_head":"<!-- This site is optimized with the Yoast SEO plugin v27.3 - https:\/\/yoast.com\/product\/yoast-seo-wordpress\/ -->\n<title>D\u00e9coloniser la pr\u00e9histoire alg\u00e9rienne et r\u00e9\u00e9crire l&#039;histoire de cette p\u00e9riode - AAH.JZR<\/title>\n<meta name=\"robots\" content=\"index, follow, max-snippet:-1, max-image-preview:large, max-video-preview:-1\" \/>\n<link rel=\"canonical\" href=\"https:\/\/jazairhope.org\/fr\/decoloniser-la-prehistoire-algerienne-et-reecrire-lhistoire-de-cette-periode\/\" \/>\n<meta property=\"og:locale\" content=\"fr_FR\" \/>\n<meta property=\"og:type\" content=\"article\" \/>\n<meta property=\"og:title\" content=\"D\u00e9coloniser la pr\u00e9histoire alg\u00e9rienne et r\u00e9\u00e9crire l&#039;histoire de cette p\u00e9riode - AAH.JZR\" \/>\n<meta property=\"og:description\" content=\"ALGER &#8211; Les projets de recherche innovants en Alg\u00e9rie dans le domaine de la pr\u00e9histoire, dont ceux du complexe Ain Lahneche-Ain Boucherit&hellip;\" \/>\n<meta property=\"og:url\" content=\"https:\/\/jazairhope.org\/fr\/decoloniser-la-prehistoire-algerienne-et-reecrire-lhistoire-de-cette-periode\/\" \/>\n<meta property=\"og:site_name\" content=\"AAH.JZR\" \/>\n<meta property=\"article:publisher\" content=\"https:\/\/www.facebook.com\/jazairhope\" \/>\n<meta property=\"article:published_time\" content=\"2022-08-15T07:23:30+00:00\" \/>\n<meta property=\"og:image\" content=\"https:\/\/jazairhope.org\/wp-content\/uploads\/2022\/08\/histoire.jpg\" \/>\n\t<meta property=\"og:image:width\" content=\"580\" \/>\n\t<meta property=\"og:image:height\" content=\"350\" \/>\n\t<meta property=\"og:image:type\" content=\"image\/jpeg\" \/>\n<meta name=\"author\" content=\"Toufan\" \/>\n<meta name=\"twitter:card\" content=\"summary_large_image\" \/>\n<meta name=\"twitter:label1\" content=\"\u00c9crit par\" \/>\n\t<meta name=\"twitter:data1\" content=\"Toufan\" \/>\n\t<meta name=\"twitter:label2\" content=\"Dur\u00e9e de lecture estim\u00e9e\" \/>\n\t<meta name=\"twitter:data2\" content=\"4 minutes\" \/>\n<script type=\"application\/ld+json\" class=\"yoast-schema-graph\">{\"@context\":\"https:\\\/\\\/schema.org\",\"@graph\":[{\"@type\":\"Article\",\"@id\":\"https:\\\/\\\/jazairhope.org\\\/fr\\\/decoloniser-la-prehistoire-algerienne-et-reecrire-lhistoire-de-cette-periode\\\/#article\",\"isPartOf\":{\"@id\":\"https:\\\/\\\/jazairhope.org\\\/fr\\\/decoloniser-la-prehistoire-algerienne-et-reecrire-lhistoire-de-cette-periode\\\/\"},\"author\":{\"name\":\"Toufan\",\"@id\":\"https:\\\/\\\/jazairhope.org\\\/fr\\\/#\\\/schema\\\/person\\\/7307bafab49aeb129fb6fc80d18d5a4f\"},\"headline\":\"D\u00e9coloniser la pr\u00e9histoire alg\u00e9rienne et r\u00e9\u00e9crire l&#8217;histoire de cette p\u00e9riode\",\"datePublished\":\"2022-08-15T07:23:30+00:00\",\"mainEntityOfPage\":{\"@id\":\"https:\\\/\\\/jazairhope.org\\\/fr\\\/decoloniser-la-prehistoire-algerienne-et-reecrire-lhistoire-de-cette-periode\\\/\"},\"wordCount\":1008,\"commentCount\":0,\"image\":{\"@id\":\"https:\\\/\\\/jazairhope.org\\\/fr\\\/decoloniser-la-prehistoire-algerienne-et-reecrire-lhistoire-de-cette-periode\\\/#primaryimage\"},\"thumbnailUrl\":\"https:\\\/\\\/jazairhope.org\\\/wp-content\\\/uploads\\\/2022\\\/08\\\/histoire.jpg\",\"articleSection\":[\"Alg\u00e9rie Alg\u00e9rienne\",\"Histoire et Patrimoine\"],\"inLanguage\":\"fr-FR\",\"potentialAction\":[{\"@type\":\"CommentAction\",\"name\":\"Comment\",\"target\":[\"https:\\\/\\\/jazairhope.org\\\/fr\\\/decoloniser-la-prehistoire-algerienne-et-reecrire-lhistoire-de-cette-periode\\\/#respond\"]}]},{\"@type\":\"WebPage\",\"@id\":\"https:\\\/\\\/jazairhope.org\\\/fr\\\/decoloniser-la-prehistoire-algerienne-et-reecrire-lhistoire-de-cette-periode\\\/\",\"url\":\"https:\\\/\\\/jazairhope.org\\\/fr\\\/decoloniser-la-prehistoire-algerienne-et-reecrire-lhistoire-de-cette-periode\\\/\",\"name\":\"D\u00e9coloniser la pr\u00e9histoire alg\u00e9rienne et r\u00e9\u00e9crire l'histoire de cette p\u00e9riode - AAH.JZR\",\"isPartOf\":{\"@id\":\"https:\\\/\\\/jazairhope.org\\\/fr\\\/#website\"},\"primaryImageOfPage\":{\"@id\":\"https:\\\/\\\/jazairhope.org\\\/fr\\\/decoloniser-la-prehistoire-algerienne-et-reecrire-lhistoire-de-cette-periode\\\/#primaryimage\"},\"image\":{\"@id\":\"https:\\\/\\\/jazairhope.org\\\/fr\\\/decoloniser-la-prehistoire-algerienne-et-reecrire-lhistoire-de-cette-periode\\\/#primaryimage\"},\"thumbnailUrl\":\"https:\\\/\\\/jazairhope.org\\\/wp-content\\\/uploads\\\/2022\\\/08\\\/histoire.jpg\",\"datePublished\":\"2022-08-15T07:23:30+00:00\",\"author\":{\"@id\":\"https:\\\/\\\/jazairhope.org\\\/fr\\\/#\\\/schema\\\/person\\\/7307bafab49aeb129fb6fc80d18d5a4f\"},\"breadcrumb\":{\"@id\":\"https:\\\/\\\/jazairhope.org\\\/fr\\\/decoloniser-la-prehistoire-algerienne-et-reecrire-lhistoire-de-cette-periode\\\/#breadcrumb\"},\"inLanguage\":\"fr-FR\",\"potentialAction\":[{\"@type\":\"ReadAction\",\"target\":[\"https:\\\/\\\/jazairhope.org\\\/fr\\\/decoloniser-la-prehistoire-algerienne-et-reecrire-lhistoire-de-cette-periode\\\/\"]}]},{\"@type\":\"ImageObject\",\"inLanguage\":\"fr-FR\",\"@id\":\"https:\\\/\\\/jazairhope.org\\\/fr\\\/decoloniser-la-prehistoire-algerienne-et-reecrire-lhistoire-de-cette-periode\\\/#primaryimage\",\"url\":\"https:\\\/\\\/jazairhope.org\\\/wp-content\\\/uploads\\\/2022\\\/08\\\/histoire.jpg\",\"contentUrl\":\"https:\\\/\\\/jazairhope.org\\\/wp-content\\\/uploads\\\/2022\\\/08\\\/histoire.jpg\",\"width\":580,\"height\":350},{\"@type\":\"BreadcrumbList\",\"@id\":\"https:\\\/\\\/jazairhope.org\\\/fr\\\/decoloniser-la-prehistoire-algerienne-et-reecrire-lhistoire-de-cette-periode\\\/#breadcrumb\",\"itemListElement\":[{\"@type\":\"ListItem\",\"position\":1,\"name\":\"Accueil\",\"item\":\"https:\\\/\\\/jazairhope.org\\\/fr\\\/\"},{\"@type\":\"ListItem\",\"position\":2,\"name\":\"D\u00e9coloniser la pr\u00e9histoire alg\u00e9rienne et r\u00e9\u00e9crire l&rsquo;histoire de cette p\u00e9riode\"}]},{\"@type\":\"WebSite\",\"@id\":\"https:\\\/\\\/jazairhope.org\\\/fr\\\/#website\",\"url\":\"https:\\\/\\\/jazairhope.org\\\/fr\\\/\",\"name\":\"AAH.JZR\",\"description\":\"Environment, Health, Science, Art, Economics\",\"potentialAction\":[{\"@type\":\"SearchAction\",\"target\":{\"@type\":\"EntryPoint\",\"urlTemplate\":\"https:\\\/\\\/jazairhope.org\\\/fr\\\/?s={search_term_string}\"},\"query-input\":{\"@type\":\"PropertyValueSpecification\",\"valueRequired\":true,\"valueName\":\"search_term_string\"}}],\"inLanguage\":\"fr-FR\"},{\"@type\":\"Person\",\"@id\":\"https:\\\/\\\/jazairhope.org\\\/fr\\\/#\\\/schema\\\/person\\\/7307bafab49aeb129fb6fc80d18d5a4f\",\"name\":\"Toufan\",\"image\":{\"@type\":\"ImageObject\",\"inLanguage\":\"fr-FR\",\"@id\":\"https:\\\/\\\/secure.gravatar.com\\\/avatar\\\/f6356c3a1b9302a43412244ff56ef2d8361d6ade233460e836f432cc74fa7c2f?s=96&d=mm&r=g\",\"url\":\"https:\\\/\\\/secure.gravatar.com\\\/avatar\\\/f6356c3a1b9302a43412244ff56ef2d8361d6ade233460e836f432cc74fa7c2f?s=96&d=mm&r=g\",\"contentUrl\":\"https:\\\/\\\/secure.gravatar.com\\\/avatar\\\/f6356c3a1b9302a43412244ff56ef2d8361d6ade233460e836f432cc74fa7c2f?s=96&d=mm&r=g\",\"caption\":\"Toufan\"},\"url\":\"https:\\\/\\\/jazairhope.org\\\/fr\\\/author\\\/toufan\\\/\"}]}<\/script>\n<!-- \/ Yoast SEO plugin. -->","yoast_head_json":{"title":"D\u00e9coloniser la pr\u00e9histoire alg\u00e9rienne et r\u00e9\u00e9crire l'histoire de cette p\u00e9riode - AAH.JZR","robots":{"index":"index","follow":"follow","max-snippet":"max-snippet:-1","max-image-preview":"max-image-preview:large","max-video-preview":"max-video-preview:-1"},"canonical":"https:\/\/jazairhope.org\/fr\/decoloniser-la-prehistoire-algerienne-et-reecrire-lhistoire-de-cette-periode\/","og_locale":"fr_FR","og_type":"article","og_title":"D\u00e9coloniser la pr\u00e9histoire alg\u00e9rienne et r\u00e9\u00e9crire l'histoire de cette p\u00e9riode - AAH.JZR","og_description":"ALGER &#8211; Les projets de recherche innovants en Alg\u00e9rie dans le domaine de la pr\u00e9histoire, dont ceux du complexe Ain Lahneche-Ain Boucherit&hellip;","og_url":"https:\/\/jazairhope.org\/fr\/decoloniser-la-prehistoire-algerienne-et-reecrire-lhistoire-de-cette-periode\/","og_site_name":"AAH.JZR","article_publisher":"https:\/\/www.facebook.com\/jazairhope","article_published_time":"2022-08-15T07:23:30+00:00","og_image":[{"width":580,"height":350,"url":"https:\/\/jazairhope.org\/wp-content\/uploads\/2022\/08\/histoire.jpg","type":"image\/jpeg"}],"author":"Toufan","twitter_card":"summary_large_image","twitter_misc":{"\u00c9crit par":"Toufan","Dur\u00e9e de lecture estim\u00e9e":"4 minutes"},"schema":{"@context":"https:\/\/schema.org","@graph":[{"@type":"Article","@id":"https:\/\/jazairhope.org\/fr\/decoloniser-la-prehistoire-algerienne-et-reecrire-lhistoire-de-cette-periode\/#article","isPartOf":{"@id":"https:\/\/jazairhope.org\/fr\/decoloniser-la-prehistoire-algerienne-et-reecrire-lhistoire-de-cette-periode\/"},"author":{"name":"Toufan","@id":"https:\/\/jazairhope.org\/fr\/#\/schema\/person\/7307bafab49aeb129fb6fc80d18d5a4f"},"headline":"D\u00e9coloniser la pr\u00e9histoire alg\u00e9rienne et r\u00e9\u00e9crire l&#8217;histoire de cette p\u00e9riode","datePublished":"2022-08-15T07:23:30+00:00","mainEntityOfPage":{"@id":"https:\/\/jazairhope.org\/fr\/decoloniser-la-prehistoire-algerienne-et-reecrire-lhistoire-de-cette-periode\/"},"wordCount":1008,"commentCount":0,"image":{"@id":"https:\/\/jazairhope.org\/fr\/decoloniser-la-prehistoire-algerienne-et-reecrire-lhistoire-de-cette-periode\/#primaryimage"},"thumbnailUrl":"https:\/\/jazairhope.org\/wp-content\/uploads\/2022\/08\/histoire.jpg","articleSection":["Alg\u00e9rie Alg\u00e9rienne","Histoire et Patrimoine"],"inLanguage":"fr-FR","potentialAction":[{"@type":"CommentAction","name":"Comment","target":["https:\/\/jazairhope.org\/fr\/decoloniser-la-prehistoire-algerienne-et-reecrire-lhistoire-de-cette-periode\/#respond"]}]},{"@type":"WebPage","@id":"https:\/\/jazairhope.org\/fr\/decoloniser-la-prehistoire-algerienne-et-reecrire-lhistoire-de-cette-periode\/","url":"https:\/\/jazairhope.org\/fr\/decoloniser-la-prehistoire-algerienne-et-reecrire-lhistoire-de-cette-periode\/","name":"D\u00e9coloniser la pr\u00e9histoire alg\u00e9rienne et r\u00e9\u00e9crire l'histoire de cette p\u00e9riode - AAH.JZR","isPartOf":{"@id":"https:\/\/jazairhope.org\/fr\/#website"},"primaryImageOfPage":{"@id":"https:\/\/jazairhope.org\/fr\/decoloniser-la-prehistoire-algerienne-et-reecrire-lhistoire-de-cette-periode\/#primaryimage"},"image":{"@id":"https:\/\/jazairhope.org\/fr\/decoloniser-la-prehistoire-algerienne-et-reecrire-lhistoire-de-cette-periode\/#primaryimage"},"thumbnailUrl":"https:\/\/jazairhope.org\/wp-content\/uploads\/2022\/08\/histoire.jpg","datePublished":"2022-08-15T07:23:30+00:00","author":{"@id":"https:\/\/jazairhope.org\/fr\/#\/schema\/person\/7307bafab49aeb129fb6fc80d18d5a4f"},"breadcrumb":{"@id":"https:\/\/jazairhope.org\/fr\/decoloniser-la-prehistoire-algerienne-et-reecrire-lhistoire-de-cette-periode\/#breadcrumb"},"inLanguage":"fr-FR","potentialAction":[{"@type":"ReadAction","target":["https:\/\/jazairhope.org\/fr\/decoloniser-la-prehistoire-algerienne-et-reecrire-lhistoire-de-cette-periode\/"]}]},{"@type":"ImageObject","inLanguage":"fr-FR","@id":"https:\/\/jazairhope.org\/fr\/decoloniser-la-prehistoire-algerienne-et-reecrire-lhistoire-de-cette-periode\/#primaryimage","url":"https:\/\/jazairhope.org\/wp-content\/uploads\/2022\/08\/histoire.jpg","contentUrl":"https:\/\/jazairhope.org\/wp-content\/uploads\/2022\/08\/histoire.jpg","width":580,"height":350},{"@type":"BreadcrumbList","@id":"https:\/\/jazairhope.org\/fr\/decoloniser-la-prehistoire-algerienne-et-reecrire-lhistoire-de-cette-periode\/#breadcrumb","itemListElement":[{"@type":"ListItem","position":1,"name":"Accueil","item":"https:\/\/jazairhope.org\/fr\/"},{"@type":"ListItem","position":2,"name":"D\u00e9coloniser la pr\u00e9histoire alg\u00e9rienne et r\u00e9\u00e9crire l&rsquo;histoire de cette p\u00e9riode"}]},{"@type":"WebSite","@id":"https:\/\/jazairhope.org\/fr\/#website","url":"https:\/\/jazairhope.org\/fr\/","name":"AAH.JZR","description":"Environment, Health, Science, Art, Economics","potentialAction":[{"@type":"SearchAction","target":{"@type":"EntryPoint","urlTemplate":"https:\/\/jazairhope.org\/fr\/?s={search_term_string}"},"query-input":{"@type":"PropertyValueSpecification","valueRequired":true,"valueName":"search_term_string"}}],"inLanguage":"fr-FR"},{"@type":"Person","@id":"https:\/\/jazairhope.org\/fr\/#\/schema\/person\/7307bafab49aeb129fb6fc80d18d5a4f","name":"Toufan","image":{"@type":"ImageObject","inLanguage":"fr-FR","@id":"https:\/\/secure.gravatar.com\/avatar\/f6356c3a1b9302a43412244ff56ef2d8361d6ade233460e836f432cc74fa7c2f?s=96&d=mm&r=g","url":"https:\/\/secure.gravatar.com\/avatar\/f6356c3a1b9302a43412244ff56ef2d8361d6ade233460e836f432cc74fa7c2f?s=96&d=mm&r=g","contentUrl":"https:\/\/secure.gravatar.com\/avatar\/f6356c3a1b9302a43412244ff56ef2d8361d6ade233460e836f432cc74fa7c2f?s=96&d=mm&r=g","caption":"Toufan"},"url":"https:\/\/jazairhope.org\/fr\/author\/toufan\/"}]}},"views":360,"_links":{"self":[{"href":"https:\/\/jazairhope.org\/fr\/wp-json\/wp\/v2\/posts\/59792","targetHints":{"allow":["GET"]}}],"collection":[{"href":"https:\/\/jazairhope.org\/fr\/wp-json\/wp\/v2\/posts"}],"about":[{"href":"https:\/\/jazairhope.org\/fr\/wp-json\/wp\/v2\/types\/post"}],"author":[{"embeddable":true,"href":"https:\/\/jazairhope.org\/fr\/wp-json\/wp\/v2\/users\/61"}],"replies":[{"embeddable":true,"href":"https:\/\/jazairhope.org\/fr\/wp-json\/wp\/v2\/comments?post=59792"}],"version-history":[{"count":0,"href":"https:\/\/jazairhope.org\/fr\/wp-json\/wp\/v2\/posts\/59792\/revisions"}],"wp:featuredmedia":[{"embeddable":true,"href":"https:\/\/jazairhope.org\/fr\/wp-json\/wp\/v2\/media\/59793"}],"wp:attachment":[{"href":"https:\/\/jazairhope.org\/fr\/wp-json\/wp\/v2\/media?parent=59792"}],"wp:term":[{"taxonomy":"category","embeddable":true,"href":"https:\/\/jazairhope.org\/fr\/wp-json\/wp\/v2\/categories?post=59792"},{"taxonomy":"post_tag","embeddable":true,"href":"https:\/\/jazairhope.org\/fr\/wp-json\/wp\/v2\/tags?post=59792"}],"curies":[{"name":"wp","href":"https:\/\/api.w.org\/{rel}","templated":true}]}}