{"id":60511,"date":"2022-08-19T16:22:04","date_gmt":"2022-08-19T15:22:04","guid":{"rendered":"https:\/\/jazairhope.org\/?p=60511"},"modified":"2022-08-19T17:14:32","modified_gmt":"2022-08-19T16:14:32","slug":"les-incendies-declares-dans-plusieurs-wilayas-du-pays-totalement-eteints-protection-civile","status":"publish","type":"post","link":"https:\/\/jazairhope.org\/fr\/les-incendies-declares-dans-plusieurs-wilayas-du-pays-totalement-eteints-protection-civile\/","title":{"rendered":"Les incendies d\u00e9clar\u00e9s dans plusieurs wilayas du pays &#8220;totalement \u00e9teints&#8221; (Protection civile)"},"content":{"rendered":"<p><strong>ALGER- Les incendies d\u00e9clar\u00e9s \u00e0 travers plusieurs wilayas du nord du pays ont \u00e9t\u00e9 &#8220;totalement \u00e9teints&#8221;, avec 73 foyers totalement ma\u00eetris\u00e9s dans les derni\u00e8res 24 heures, a affirm\u00e9 vendredi \u00e0 l&#8217;APS, le sous-directeur des Statistiques et de l&#8217;Information \u00e0 la Direction g\u00e9n\u00e9rale de la Protection civile, le colonel Farouk Achour.<\/strong><!--more--><\/p>\n<p>&#8220;Aujourd&#8217;hui, vers 4h00 du matin, on a r\u00e9ussi \u00e0 \u00e9teindre tous les incendies&#8221;, a-t-il d\u00e9clar\u00e9. Par wilaya, 26 foyers d&#8217;incendie ont \u00e9t\u00e9 \u00e9teints dans la wilaya d&#8217;El Tarf, 18 foyers \u00e0 Souk Ahras, 4 foyers \u00e0 Tizi Ouzou, 4 Skikda, 4 \u00e0 Tipaza, 4 \u00e0 Guelma, 4 \u00e0 Constantine, 2 \u00e0 S\u00e9tif, 2 \u00e0 Bejaia, un foyer \u00e0 Jijel, 1 foyer \u00e0 Tebessa, un \u00e0 Chlef, un \u00e0 Blida et un \u00e0 Tlemcen, selon le colonel Achour.<br \/>\nUn autre foyer dans la wilaya de Skida a \u00e9t\u00e9 \u00e9teint mais reste toujours sous surveillance, selon lui. Trente-sept (37) personnes ont perdu la vie et 183 autres ont \u00e9t\u00e9 bless\u00e9es dans ces feux de for\u00eat, selon le dernier bilan de la Protection civile.<br \/>\nDans la wilaya d&#8217;El-Tarf, 30 personnes sont d\u00e9c\u00e9d\u00e9es dans ces incendies, 5 \u00e0 Souk Ahras, et 2 autres personnes ayant succomb\u00e9 \u00e0 leurs blessures \u00e0 S\u00e9tif, selon la m\u00eame source.<\/p>\n<p>APS- 19 ao\u00fbt 2022<\/p>\n","protected":false},"excerpt":{"rendered":"<p>ALGER- Les incendies d\u00e9clar\u00e9s \u00e0 travers plusieurs wilayas du nord du pays ont \u00e9t\u00e9 &#8220;totalement \u00e9teints&#8221;, avec 73 foyers totalement ma\u00eetris\u00e9s dans&hellip;<\/p>\n","protected":false},"author":1,"featured_media":60513,"comment_status":"open","ping_status":"open","sticky":false,"template":"","format":"standard","meta":{"_lmt_disableupdate":"","_lmt_disable":"","footnotes":""},"categories":[32],"tags":[],"class_list":["post-60511","post","type-post","status-publish","format-standard","has-post-thumbnail","hentry","category-algerie"],"yoast_head":"<!-- This site is optimized with the Yoast SEO plugin v27.3 - https:\/\/yoast.com\/product\/yoast-seo-wordpress\/ -->\n<title>Les incendies d\u00e9clar\u00e9s dans plusieurs wilayas du pays &quot;totalement \u00e9teints&quot; (Protection civile) - AAH.JZR<\/title>\n<meta name=\"robots\" content=\"index, follow, max-snippet:-1, max-image-preview:large, max-video-preview:-1\" \/>\n<link rel=\"canonical\" href=\"https:\/\/jazairhope.org\/fr\/les-incendies-declares-dans-plusieurs-wilayas-du-pays-totalement-eteints-protection-civile\/\" \/>\n<meta property=\"og:locale\" content=\"fr_FR\" \/>\n<meta property=\"og:type\" content=\"article\" \/>\n<meta property=\"og:title\" content=\"Les incendies d\u00e9clar\u00e9s dans plusieurs wilayas du pays &quot;totalement \u00e9teints&quot; (Protection civile) - AAH.JZR\" \/>\n<meta property=\"og:description\" content=\"ALGER- Les incendies d\u00e9clar\u00e9s \u00e0 travers plusieurs wilayas du nord du pays ont \u00e9t\u00e9 &#8220;totalement \u00e9teints&#8221;, avec 73 foyers totalement ma\u00eetris\u00e9s dans&hellip;\" \/>\n<meta property=\"og:url\" content=\"https:\/\/jazairhope.org\/fr\/les-incendies-declares-dans-plusieurs-wilayas-du-pays-totalement-eteints-protection-civile\/\" \/>\n<meta property=\"og:site_name\" content=\"AAH.JZR\" \/>\n<meta property=\"article:publisher\" content=\"https:\/\/www.facebook.com\/jazairhope\" \/>\n<meta property=\"article:published_time\" content=\"2022-08-19T15:22:04+00:00\" \/>\n<meta property=\"article:modified_time\" content=\"2022-08-19T16:14:32+00:00\" \/>\n<meta property=\"og:image\" content=\"https:\/\/jazairhope.org\/wp-content\/uploads\/2022\/08\/Feux-Algerie.jpg\" \/>\n\t<meta property=\"og:image:width\" content=\"580\" \/>\n\t<meta property=\"og:image:height\" content=\"435\" \/>\n\t<meta property=\"og:image:type\" content=\"image\/jpeg\" \/>\n<meta name=\"author\" content=\"Ssuperadmin\" \/>\n<meta name=\"twitter:card\" content=\"summary_large_image\" \/>\n<meta name=\"twitter:label1\" content=\"\u00c9crit par\" \/>\n\t<meta name=\"twitter:data1\" content=\"Ssuperadmin\" \/>\n\t<meta name=\"twitter:label2\" content=\"Dur\u00e9e de lecture estim\u00e9e\" \/>\n\t<meta name=\"twitter:data2\" content=\"1 minute\" \/>\n<script type=\"application\/ld+json\" class=\"yoast-schema-graph\">{\"@context\":\"https:\\\/\\\/schema.org\",\"@graph\":[{\"@type\":\"Article\",\"@id\":\"https:\\\/\\\/jazairhope.org\\\/fr\\\/les-incendies-declares-dans-plusieurs-wilayas-du-pays-totalement-eteints-protection-civile\\\/#article\",\"isPartOf\":{\"@id\":\"https:\\\/\\\/jazairhope.org\\\/fr\\\/les-incendies-declares-dans-plusieurs-wilayas-du-pays-totalement-eteints-protection-civile\\\/\"},\"author\":{\"name\":\"Ssuperadmin\",\"@id\":\"https:\\\/\\\/jazairhope.org\\\/fr\\\/#\\\/schema\\\/person\\\/43650ebd889d8960700b5456ed9264c4\"},\"headline\":\"Les incendies d\u00e9clar\u00e9s dans plusieurs wilayas du pays &#8220;totalement \u00e9teints&#8221; (Protection civile)\",\"datePublished\":\"2022-08-19T15:22:04+00:00\",\"dateModified\":\"2022-08-19T16:14:32+00:00\",\"mainEntityOfPage\":{\"@id\":\"https:\\\/\\\/jazairhope.org\\\/fr\\\/les-incendies-declares-dans-plusieurs-wilayas-du-pays-totalement-eteints-protection-civile\\\/\"},\"wordCount\":205,\"commentCount\":0,\"image\":{\"@id\":\"https:\\\/\\\/jazairhope.org\\\/fr\\\/les-incendies-declares-dans-plusieurs-wilayas-du-pays-totalement-eteints-protection-civile\\\/#primaryimage\"},\"thumbnailUrl\":\"https:\\\/\\\/jazairhope.org\\\/wp-content\\\/uploads\\\/2022\\\/08\\\/Feux-Algerie.jpg\",\"articleSection\":[\"Alg\u00e9rie Alg\u00e9rienne\"],\"inLanguage\":\"fr-FR\",\"potentialAction\":[{\"@type\":\"CommentAction\",\"name\":\"Comment\",\"target\":[\"https:\\\/\\\/jazairhope.org\\\/fr\\\/les-incendies-declares-dans-plusieurs-wilayas-du-pays-totalement-eteints-protection-civile\\\/#respond\"]}]},{\"@type\":\"WebPage\",\"@id\":\"https:\\\/\\\/jazairhope.org\\\/fr\\\/les-incendies-declares-dans-plusieurs-wilayas-du-pays-totalement-eteints-protection-civile\\\/\",\"url\":\"https:\\\/\\\/jazairhope.org\\\/fr\\\/les-incendies-declares-dans-plusieurs-wilayas-du-pays-totalement-eteints-protection-civile\\\/\",\"name\":\"Les incendies d\u00e9clar\u00e9s dans plusieurs wilayas du pays \\\"totalement \u00e9teints\\\" (Protection civile) - AAH.JZR\",\"isPartOf\":{\"@id\":\"https:\\\/\\\/jazairhope.org\\\/fr\\\/#website\"},\"primaryImageOfPage\":{\"@id\":\"https:\\\/\\\/jazairhope.org\\\/fr\\\/les-incendies-declares-dans-plusieurs-wilayas-du-pays-totalement-eteints-protection-civile\\\/#primaryimage\"},\"image\":{\"@id\":\"https:\\\/\\\/jazairhope.org\\\/fr\\\/les-incendies-declares-dans-plusieurs-wilayas-du-pays-totalement-eteints-protection-civile\\\/#primaryimage\"},\"thumbnailUrl\":\"https:\\\/\\\/jazairhope.org\\\/wp-content\\\/uploads\\\/2022\\\/08\\\/Feux-Algerie.jpg\",\"datePublished\":\"2022-08-19T15:22:04+00:00\",\"dateModified\":\"2022-08-19T16:14:32+00:00\",\"author\":{\"@id\":\"https:\\\/\\\/jazairhope.org\\\/fr\\\/#\\\/schema\\\/person\\\/43650ebd889d8960700b5456ed9264c4\"},\"breadcrumb\":{\"@id\":\"https:\\\/\\\/jazairhope.org\\\/fr\\\/les-incendies-declares-dans-plusieurs-wilayas-du-pays-totalement-eteints-protection-civile\\\/#breadcrumb\"},\"inLanguage\":\"fr-FR\",\"potentialAction\":[{\"@type\":\"ReadAction\",\"target\":[\"https:\\\/\\\/jazairhope.org\\\/fr\\\/les-incendies-declares-dans-plusieurs-wilayas-du-pays-totalement-eteints-protection-civile\\\/\"]}]},{\"@type\":\"ImageObject\",\"inLanguage\":\"fr-FR\",\"@id\":\"https:\\\/\\\/jazairhope.org\\\/fr\\\/les-incendies-declares-dans-plusieurs-wilayas-du-pays-totalement-eteints-protection-civile\\\/#primaryimage\",\"url\":\"https:\\\/\\\/jazairhope.org\\\/wp-content\\\/uploads\\\/2022\\\/08\\\/Feux-Algerie.jpg\",\"contentUrl\":\"https:\\\/\\\/jazairhope.org\\\/wp-content\\\/uploads\\\/2022\\\/08\\\/Feux-Algerie.jpg\",\"width\":580,\"height\":435},{\"@type\":\"BreadcrumbList\",\"@id\":\"https:\\\/\\\/jazairhope.org\\\/fr\\\/les-incendies-declares-dans-plusieurs-wilayas-du-pays-totalement-eteints-protection-civile\\\/#breadcrumb\",\"itemListElement\":[{\"@type\":\"ListItem\",\"position\":1,\"name\":\"Accueil\",\"item\":\"https:\\\/\\\/jazairhope.org\\\/fr\\\/\"},{\"@type\":\"ListItem\",\"position\":2,\"name\":\"Les incendies d\u00e9clar\u00e9s dans plusieurs wilayas du pays \u00ab\u00a0totalement \u00e9teints\u00a0\u00bb (Protection civile)\"}]},{\"@type\":\"WebSite\",\"@id\":\"https:\\\/\\\/jazairhope.org\\\/fr\\\/#website\",\"url\":\"https:\\\/\\\/jazairhope.org\\\/fr\\\/\",\"name\":\"AAH.JZR\",\"description\":\"Environment, Health, Science, Art, Economics\",\"potentialAction\":[{\"@type\":\"SearchAction\",\"target\":{\"@type\":\"EntryPoint\",\"urlTemplate\":\"https:\\\/\\\/jazairhope.org\\\/fr\\\/?s={search_term_string}\"},\"query-input\":{\"@type\":\"PropertyValueSpecification\",\"valueRequired\":true,\"valueName\":\"search_term_string\"}}],\"inLanguage\":\"fr-FR\"},{\"@type\":\"Person\",\"@id\":\"https:\\\/\\\/jazairhope.org\\\/fr\\\/#\\\/schema\\\/person\\\/43650ebd889d8960700b5456ed9264c4\",\"name\":\"Ssuperadmin\",\"image\":{\"@type\":\"ImageObject\",\"inLanguage\":\"fr-FR\",\"@id\":\"https:\\\/\\\/secure.gravatar.com\\\/avatar\\\/b4068e88b9c557952c81ca0efc4e11e19a2ed480173b8cef95a240894b16bf22?s=96&d=mm&r=g\",\"url\":\"https:\\\/\\\/secure.gravatar.com\\\/avatar\\\/b4068e88b9c557952c81ca0efc4e11e19a2ed480173b8cef95a240894b16bf22?s=96&d=mm&r=g\",\"contentUrl\":\"https:\\\/\\\/secure.gravatar.com\\\/avatar\\\/b4068e88b9c557952c81ca0efc4e11e19a2ed480173b8cef95a240894b16bf22?s=96&d=mm&r=g\",\"caption\":\"Ssuperadmin\"},\"sameAs\":[\"https:\\\/\\\/jazairhope.org\"],\"url\":\"https:\\\/\\\/jazairhope.org\\\/fr\\\/author\\\/superadmin\\\/\"}]}<\/script>\n<!-- \/ Yoast SEO plugin. -->","yoast_head_json":{"title":"Les incendies d\u00e9clar\u00e9s dans plusieurs wilayas du pays \"totalement \u00e9teints\" (Protection civile) - AAH.JZR","robots":{"index":"index","follow":"follow","max-snippet":"max-snippet:-1","max-image-preview":"max-image-preview:large","max-video-preview":"max-video-preview:-1"},"canonical":"https:\/\/jazairhope.org\/fr\/les-incendies-declares-dans-plusieurs-wilayas-du-pays-totalement-eteints-protection-civile\/","og_locale":"fr_FR","og_type":"article","og_title":"Les incendies d\u00e9clar\u00e9s dans plusieurs wilayas du pays \"totalement \u00e9teints\" (Protection civile) - AAH.JZR","og_description":"ALGER- Les incendies d\u00e9clar\u00e9s \u00e0 travers plusieurs wilayas du nord du pays ont \u00e9t\u00e9 &#8220;totalement \u00e9teints&#8221;, avec 73 foyers totalement ma\u00eetris\u00e9s dans&hellip;","og_url":"https:\/\/jazairhope.org\/fr\/les-incendies-declares-dans-plusieurs-wilayas-du-pays-totalement-eteints-protection-civile\/","og_site_name":"AAH.JZR","article_publisher":"https:\/\/www.facebook.com\/jazairhope","article_published_time":"2022-08-19T15:22:04+00:00","article_modified_time":"2022-08-19T16:14:32+00:00","og_image":[{"width":580,"height":435,"url":"https:\/\/jazairhope.org\/wp-content\/uploads\/2022\/08\/Feux-Algerie.jpg","type":"image\/jpeg"}],"author":"Ssuperadmin","twitter_card":"summary_large_image","twitter_misc":{"\u00c9crit par":"Ssuperadmin","Dur\u00e9e de lecture estim\u00e9e":"1 minute"},"schema":{"@context":"https:\/\/schema.org","@graph":[{"@type":"Article","@id":"https:\/\/jazairhope.org\/fr\/les-incendies-declares-dans-plusieurs-wilayas-du-pays-totalement-eteints-protection-civile\/#article","isPartOf":{"@id":"https:\/\/jazairhope.org\/fr\/les-incendies-declares-dans-plusieurs-wilayas-du-pays-totalement-eteints-protection-civile\/"},"author":{"name":"Ssuperadmin","@id":"https:\/\/jazairhope.org\/fr\/#\/schema\/person\/43650ebd889d8960700b5456ed9264c4"},"headline":"Les incendies d\u00e9clar\u00e9s dans plusieurs wilayas du pays &#8220;totalement \u00e9teints&#8221; (Protection civile)","datePublished":"2022-08-19T15:22:04+00:00","dateModified":"2022-08-19T16:14:32+00:00","mainEntityOfPage":{"@id":"https:\/\/jazairhope.org\/fr\/les-incendies-declares-dans-plusieurs-wilayas-du-pays-totalement-eteints-protection-civile\/"},"wordCount":205,"commentCount":0,"image":{"@id":"https:\/\/jazairhope.org\/fr\/les-incendies-declares-dans-plusieurs-wilayas-du-pays-totalement-eteints-protection-civile\/#primaryimage"},"thumbnailUrl":"https:\/\/jazairhope.org\/wp-content\/uploads\/2022\/08\/Feux-Algerie.jpg","articleSection":["Alg\u00e9rie Alg\u00e9rienne"],"inLanguage":"fr-FR","potentialAction":[{"@type":"CommentAction","name":"Comment","target":["https:\/\/jazairhope.org\/fr\/les-incendies-declares-dans-plusieurs-wilayas-du-pays-totalement-eteints-protection-civile\/#respond"]}]},{"@type":"WebPage","@id":"https:\/\/jazairhope.org\/fr\/les-incendies-declares-dans-plusieurs-wilayas-du-pays-totalement-eteints-protection-civile\/","url":"https:\/\/jazairhope.org\/fr\/les-incendies-declares-dans-plusieurs-wilayas-du-pays-totalement-eteints-protection-civile\/","name":"Les incendies d\u00e9clar\u00e9s dans plusieurs wilayas du pays \"totalement \u00e9teints\" (Protection civile) - AAH.JZR","isPartOf":{"@id":"https:\/\/jazairhope.org\/fr\/#website"},"primaryImageOfPage":{"@id":"https:\/\/jazairhope.org\/fr\/les-incendies-declares-dans-plusieurs-wilayas-du-pays-totalement-eteints-protection-civile\/#primaryimage"},"image":{"@id":"https:\/\/jazairhope.org\/fr\/les-incendies-declares-dans-plusieurs-wilayas-du-pays-totalement-eteints-protection-civile\/#primaryimage"},"thumbnailUrl":"https:\/\/jazairhope.org\/wp-content\/uploads\/2022\/08\/Feux-Algerie.jpg","datePublished":"2022-08-19T15:22:04+00:00","dateModified":"2022-08-19T16:14:32+00:00","author":{"@id":"https:\/\/jazairhope.org\/fr\/#\/schema\/person\/43650ebd889d8960700b5456ed9264c4"},"breadcrumb":{"@id":"https:\/\/jazairhope.org\/fr\/les-incendies-declares-dans-plusieurs-wilayas-du-pays-totalement-eteints-protection-civile\/#breadcrumb"},"inLanguage":"fr-FR","potentialAction":[{"@type":"ReadAction","target":["https:\/\/jazairhope.org\/fr\/les-incendies-declares-dans-plusieurs-wilayas-du-pays-totalement-eteints-protection-civile\/"]}]},{"@type":"ImageObject","inLanguage":"fr-FR","@id":"https:\/\/jazairhope.org\/fr\/les-incendies-declares-dans-plusieurs-wilayas-du-pays-totalement-eteints-protection-civile\/#primaryimage","url":"https:\/\/jazairhope.org\/wp-content\/uploads\/2022\/08\/Feux-Algerie.jpg","contentUrl":"https:\/\/jazairhope.org\/wp-content\/uploads\/2022\/08\/Feux-Algerie.jpg","width":580,"height":435},{"@type":"BreadcrumbList","@id":"https:\/\/jazairhope.org\/fr\/les-incendies-declares-dans-plusieurs-wilayas-du-pays-totalement-eteints-protection-civile\/#breadcrumb","itemListElement":[{"@type":"ListItem","position":1,"name":"Accueil","item":"https:\/\/jazairhope.org\/fr\/"},{"@type":"ListItem","position":2,"name":"Les incendies d\u00e9clar\u00e9s dans plusieurs wilayas du pays \u00ab\u00a0totalement \u00e9teints\u00a0\u00bb (Protection civile)"}]},{"@type":"WebSite","@id":"https:\/\/jazairhope.org\/fr\/#website","url":"https:\/\/jazairhope.org\/fr\/","name":"AAH.JZR","description":"Environment, Health, Science, Art, Economics","potentialAction":[{"@type":"SearchAction","target":{"@type":"EntryPoint","urlTemplate":"https:\/\/jazairhope.org\/fr\/?s={search_term_string}"},"query-input":{"@type":"PropertyValueSpecification","valueRequired":true,"valueName":"search_term_string"}}],"inLanguage":"fr-FR"},{"@type":"Person","@id":"https:\/\/jazairhope.org\/fr\/#\/schema\/person\/43650ebd889d8960700b5456ed9264c4","name":"Ssuperadmin","image":{"@type":"ImageObject","inLanguage":"fr-FR","@id":"https:\/\/secure.gravatar.com\/avatar\/b4068e88b9c557952c81ca0efc4e11e19a2ed480173b8cef95a240894b16bf22?s=96&d=mm&r=g","url":"https:\/\/secure.gravatar.com\/avatar\/b4068e88b9c557952c81ca0efc4e11e19a2ed480173b8cef95a240894b16bf22?s=96&d=mm&r=g","contentUrl":"https:\/\/secure.gravatar.com\/avatar\/b4068e88b9c557952c81ca0efc4e11e19a2ed480173b8cef95a240894b16bf22?s=96&d=mm&r=g","caption":"Ssuperadmin"},"sameAs":["https:\/\/jazairhope.org"],"url":"https:\/\/jazairhope.org\/fr\/author\/superadmin\/"}]}},"views":245,"_links":{"self":[{"href":"https:\/\/jazairhope.org\/fr\/wp-json\/wp\/v2\/posts\/60511","targetHints":{"allow":["GET"]}}],"collection":[{"href":"https:\/\/jazairhope.org\/fr\/wp-json\/wp\/v2\/posts"}],"about":[{"href":"https:\/\/jazairhope.org\/fr\/wp-json\/wp\/v2\/types\/post"}],"author":[{"embeddable":true,"href":"https:\/\/jazairhope.org\/fr\/wp-json\/wp\/v2\/users\/1"}],"replies":[{"embeddable":true,"href":"https:\/\/jazairhope.org\/fr\/wp-json\/wp\/v2\/comments?post=60511"}],"version-history":[{"count":0,"href":"https:\/\/jazairhope.org\/fr\/wp-json\/wp\/v2\/posts\/60511\/revisions"}],"wp:featuredmedia":[{"embeddable":true,"href":"https:\/\/jazairhope.org\/fr\/wp-json\/wp\/v2\/media\/60513"}],"wp:attachment":[{"href":"https:\/\/jazairhope.org\/fr\/wp-json\/wp\/v2\/media?parent=60511"}],"wp:term":[{"taxonomy":"category","embeddable":true,"href":"https:\/\/jazairhope.org\/fr\/wp-json\/wp\/v2\/categories?post=60511"},{"taxonomy":"post_tag","embeddable":true,"href":"https:\/\/jazairhope.org\/fr\/wp-json\/wp\/v2\/tags?post=60511"}],"curies":[{"name":"wp","href":"https:\/\/api.w.org\/{rel}","templated":true}]}}