{"id":60681,"date":"2022-08-20T23:36:06","date_gmt":"2022-08-20T22:36:06","guid":{"rendered":"https:\/\/jazairhope.org\/?p=60681"},"modified":"2022-08-20T23:36:06","modified_gmt":"2022-08-20T22:36:06","slug":"eveline-safir-lavalette-moudjahida-combattante-de-la-cause-et-de-la-revolution-algerienne-est-decedee-a-lage-de-87-ans","status":"publish","type":"post","link":"https:\/\/jazairhope.org\/fr\/eveline-safir-lavalette-moudjahida-combattante-de-la-cause-et-de-la-revolution-algerienne-est-decedee-a-lage-de-87-ans\/","title":{"rendered":"Eveline Safir Lavalette, moudjahida, combattante de la cause et de la R\u00e9volution alg\u00e9rienne, est d\u00e9c\u00e9d\u00e9e , \u00e0 l\u2019\u00e2ge de 87 ans"},"content":{"rendered":"<p>En son domicile, \u00e0 M\u00e9d\u00e9a. Elle a \u00e9t\u00e9 enterr\u00e9e , au cimeti\u00e8re chr\u00e9tien d\u2019El Madania, \u00e0 Alger.<\/p>\n<p>La d\u00e9funte avait, de son vivant, souhait\u00e9 \u00eatre enterr\u00e9e \u00e0 c\u00f4t\u00e9 d\u2019Henri Maillot et de Chaulet. \u00abNous avons exauc\u00e9 son v\u0153u\u00bb, t\u00e9moignent ses proches amis. N\u00e9 en 1927, cette femme exemplaire, est issue d\u2019une famille de pieds-noirs, vivant en Alg\u00e9rie depuis trois g\u00e9n\u00e9rations. La d\u00e9funte, amie du professeur Pierre Chaulet, a grandi \u00e0 Rouiba. En 1951 elle adh\u00e8re \u00e0 l\u2019Association de la jeunesse alg\u00e9rienne pour l\u2019action sociale (Ajaas), \u00e0 travers laquelle elle m\u00e8ne des actions de solidarit\u00e9 en faveur des populations rurales. Elle c\u00f4toie juifs, musulmans, catholiques et la\u00efcs dans ce mouvement disparate o\u00f9 l\u2019objectif ultime est l\u2019aide aux jeunes qui vivent dans des conditions pr\u00e9caires. Eveline \u00e9pouse la cause nationale de lib\u00e9ration en 1955. Elle se bat aupr\u00e8s des grands qui ont fait l\u2019histoire de l\u2019Alg\u00e9rie.<\/p>\n<p>Elle t\u00e9moigne d\u2019ailleurs de son amour pour cette Alg\u00e9rie en 2013, lorsqu\u2019elle pr\u00e9sente \u00e0 la librairie Chihab son ouvrage intitul\u00e9 Juste Alg\u00e9rienne, comme une tissure, une biographie retra\u00e7ant son parcours militant au sein du FLN et des institutions officielles du pays. Ce 2 juillet 2013, elle explique \u00e0 la foule, venue nombreuse assister \u00e0 sa conf\u00e9rence, qu\u2019elle n\u2019a pas publi\u00e9 cet ouvrage pour d\u00e9cliner son identit\u00e9 ou justifier sa nationalit\u00e9 et encore moins prouver son \u00abalg\u00e9rianit\u00e9\u00bb, bien au contraire, le but \u00e9tait juste de dire qu\u2019elle est issue du tissu familial, ombilical, voire biologique de son humus natal, l\u2019Alg\u00e9rie.<\/p>\n<p>Une Alg\u00e9rie qu\u2019elle porte dans son c\u0153ur et pour que nul ne l\u2019oublie. Eveline \u00e9tait non seulement une combattante, mais une battante. En s\u2019engageant pour l\u2019ind\u00e9pendance de l\u2019Alg\u00e9rie en 1955, elle c\u00f4toie Benkhedda, Ben M\u2019hidi et d\u2019autres. Ses activit\u00e9s au sein du FLN sont nombreuses : elle \u00e9tait charg\u00e9e de l\u2019impression des tracts, du transport de mat\u00e9riel, de l\u2019acheminement des colis sp\u00e9ciaux et de l\u2019h\u00e9bergement de certains grands chefs de la R\u00e9volution, parmi lesquels le colonel Ouamrane, Slimane Dehilis, Krim Belkacem, Larbi Ben M&#8217;hidi, Mohamed Seddik Benyahia, Abane Ramdane et Benyoucef Benkhedda. Elle participa, en 1956, \u00e0 l\u2019impression du premier num\u00e9ro du journal El Moudjahid et assura \u00e9galement la transcription du communiqu\u00e9 final du Congr\u00e8s de la Soummam, de \u00abL\u2019Appel \u00e0 la gr\u00e8ve des \u00e9tudiants\u00bb, ainsi que de la \u00abLettre du chahid Zabana \u00e0 ses parents\u00bb avant d\u2019\u00eatre guillotin\u00e9, en juin de la m\u00eame ann\u00e9e.<\/p>\n<p>Arr\u00eat\u00e9e le 23 novembre 1956 par la police fran\u00e7aise, tortur\u00e9e, elle est lib\u00e9r\u00e9e en 1959. A l\u2019ind\u00e9pendance, en 1962, Eveline est \u00e9lue \u00e0 l\u2019Assembl\u00e9e constituante, puis \u00e0 la premi\u00e8re Assembl\u00e9e nationale en 1964. En 1967, elle \u00e9pouse le doyen des journalistes, Abdelkader Safir. Elle participe \u00e0 l\u2019\u00e9tude et \u00e0 la mise en place du syst\u00e8me \u00e9ducatif avant d\u2019int\u00e9grer le minist\u00e8re du Travail en qualit\u00e9 de conseill\u00e8re et occupe par la suite le poste de directrice de l\u2019action sociale \u00e0 M\u00e9d\u00e9a jusqu\u2019\u00e0 la fin des ann\u00e9es 1970. Retrait\u00e9e, elle s\u2019installe \u00e0 Benchicao, \u00e0 l\u2019est de M\u00e9d\u00e9a, avec son d\u00e9funt \u00e9poux, puis d\u00e9m\u00e9nage, pour des raisons s\u00e9curitaires \u00e0 M\u00e9d\u00e9a en 1993, o\u00f9 elle passa le restant de sa vie.<\/p>\n<p>Source : <a href=\"https:\/\/www.facebook.com\/Tamazgha.Land.of.imazighen\/posts\/pfbid02QZYeZBkb6wrYwWmg6yNzHqUGYgpziC8M4k6yMiztB7LNzUECeMoDUJkpE4jiVsX1l\">https:\/\/www.facebook.com\/Tamazgha.Land.of.imazighen\/posts\/pfbid02QZYeZBkb6wrYwWmg6yNzHqUGYgpziC8M4k6yMiztB7LNzUECeMoDUJkpE4jiVsX1l<\/a><\/p>\n","protected":false},"excerpt":{"rendered":"<p>En son domicile, \u00e0 M\u00e9d\u00e9a. Elle a \u00e9t\u00e9 enterr\u00e9e , au cimeti\u00e8re chr\u00e9tien d\u2019El Madania, \u00e0 Alger. La d\u00e9funte avait, de son&hellip;<\/p>\n","protected":false},"author":50,"featured_media":60682,"comment_status":"open","ping_status":"open","sticky":false,"template":"","format":"standard","meta":{"_lmt_disableupdate":"","_lmt_disable":"","footnotes":""},"categories":[32],"tags":[],"class_list":["post-60681","post","type-post","status-publish","format-standard","has-post-thumbnail","hentry","category-algerie"],"yoast_head":"<!-- This site is optimized with the Yoast SEO plugin v27.3 - https:\/\/yoast.com\/product\/yoast-seo-wordpress\/ -->\n<title>Eveline Safir Lavalette, moudjahida, combattante de la cause et de la R\u00e9volution alg\u00e9rienne, est d\u00e9c\u00e9d\u00e9e , \u00e0 l\u2019\u00e2ge de 87 ans - AAH.JZR<\/title>\n<meta name=\"robots\" content=\"index, follow, max-snippet:-1, max-image-preview:large, max-video-preview:-1\" \/>\n<link rel=\"canonical\" href=\"https:\/\/jazairhope.org\/fr\/eveline-safir-lavalette-moudjahida-combattante-de-la-cause-et-de-la-revolution-algerienne-est-decedee-a-lage-de-87-ans\/\" \/>\n<meta property=\"og:locale\" content=\"fr_FR\" \/>\n<meta property=\"og:type\" content=\"article\" \/>\n<meta property=\"og:title\" content=\"Eveline Safir Lavalette, moudjahida, combattante de la cause et de la R\u00e9volution alg\u00e9rienne, est d\u00e9c\u00e9d\u00e9e , \u00e0 l\u2019\u00e2ge de 87 ans - AAH.JZR\" \/>\n<meta property=\"og:description\" content=\"En son domicile, \u00e0 M\u00e9d\u00e9a. Elle a \u00e9t\u00e9 enterr\u00e9e , au cimeti\u00e8re chr\u00e9tien d\u2019El Madania, \u00e0 Alger. La d\u00e9funte avait, de son&hellip;\" \/>\n<meta property=\"og:url\" content=\"https:\/\/jazairhope.org\/fr\/eveline-safir-lavalette-moudjahida-combattante-de-la-cause-et-de-la-revolution-algerienne-est-decedee-a-lage-de-87-ans\/\" \/>\n<meta property=\"og:site_name\" content=\"AAH.JZR\" \/>\n<meta property=\"article:publisher\" content=\"https:\/\/www.facebook.com\/jazairhope\" \/>\n<meta property=\"article:published_time\" content=\"2022-08-20T22:36:06+00:00\" \/>\n<meta property=\"og:image\" content=\"https:\/\/jazairhope.org\/wp-content\/uploads\/2022\/08\/Capture-47.png\" \/>\n\t<meta property=\"og:image:width\" content=\"849\" \/>\n\t<meta property=\"og:image:height\" content=\"800\" \/>\n\t<meta property=\"og:image:type\" content=\"image\/png\" \/>\n<meta name=\"author\" content=\"Hope Jzr\" \/>\n<meta name=\"twitter:card\" content=\"summary_large_image\" \/>\n<meta name=\"twitter:label1\" content=\"\u00c9crit par\" \/>\n\t<meta name=\"twitter:data1\" content=\"Hope Jzr\" \/>\n\t<meta name=\"twitter:label2\" content=\"Dur\u00e9e de lecture estim\u00e9e\" \/>\n\t<meta name=\"twitter:data2\" content=\"3 minutes\" \/>\n<script type=\"application\/ld+json\" class=\"yoast-schema-graph\">{\"@context\":\"https:\\\/\\\/schema.org\",\"@graph\":[{\"@type\":\"Article\",\"@id\":\"https:\\\/\\\/jazairhope.org\\\/fr\\\/eveline-safir-lavalette-moudjahida-combattante-de-la-cause-et-de-la-revolution-algerienne-est-decedee-a-lage-de-87-ans\\\/#article\",\"isPartOf\":{\"@id\":\"https:\\\/\\\/jazairhope.org\\\/fr\\\/eveline-safir-lavalette-moudjahida-combattante-de-la-cause-et-de-la-revolution-algerienne-est-decedee-a-lage-de-87-ans\\\/\"},\"author\":{\"name\":\"Hope Jzr\",\"@id\":\"https:\\\/\\\/jazairhope.org\\\/fr\\\/#\\\/schema\\\/person\\\/0b50f60fad840cf92313307e38c9d20d\"},\"headline\":\"Eveline Safir Lavalette, moudjahida, combattante de la cause et de la R\u00e9volution alg\u00e9rienne, est d\u00e9c\u00e9d\u00e9e , \u00e0 l\u2019\u00e2ge de 87 ans\",\"datePublished\":\"2022-08-20T22:36:06+00:00\",\"mainEntityOfPage\":{\"@id\":\"https:\\\/\\\/jazairhope.org\\\/fr\\\/eveline-safir-lavalette-moudjahida-combattante-de-la-cause-et-de-la-revolution-algerienne-est-decedee-a-lage-de-87-ans\\\/\"},\"wordCount\":621,\"commentCount\":0,\"image\":{\"@id\":\"https:\\\/\\\/jazairhope.org\\\/fr\\\/eveline-safir-lavalette-moudjahida-combattante-de-la-cause-et-de-la-revolution-algerienne-est-decedee-a-lage-de-87-ans\\\/#primaryimage\"},\"thumbnailUrl\":\"https:\\\/\\\/jazairhope.org\\\/wp-content\\\/uploads\\\/2022\\\/08\\\/Capture-47.png\",\"articleSection\":[\"Alg\u00e9rie Alg\u00e9rienne\"],\"inLanguage\":\"fr-FR\",\"potentialAction\":[{\"@type\":\"CommentAction\",\"name\":\"Comment\",\"target\":[\"https:\\\/\\\/jazairhope.org\\\/fr\\\/eveline-safir-lavalette-moudjahida-combattante-de-la-cause-et-de-la-revolution-algerienne-est-decedee-a-lage-de-87-ans\\\/#respond\"]}]},{\"@type\":\"WebPage\",\"@id\":\"https:\\\/\\\/jazairhope.org\\\/fr\\\/eveline-safir-lavalette-moudjahida-combattante-de-la-cause-et-de-la-revolution-algerienne-est-decedee-a-lage-de-87-ans\\\/\",\"url\":\"https:\\\/\\\/jazairhope.org\\\/fr\\\/eveline-safir-lavalette-moudjahida-combattante-de-la-cause-et-de-la-revolution-algerienne-est-decedee-a-lage-de-87-ans\\\/\",\"name\":\"Eveline Safir Lavalette, moudjahida, combattante de la cause et de la R\u00e9volution alg\u00e9rienne, est d\u00e9c\u00e9d\u00e9e , \u00e0 l\u2019\u00e2ge de 87 ans - AAH.JZR\",\"isPartOf\":{\"@id\":\"https:\\\/\\\/jazairhope.org\\\/fr\\\/#website\"},\"primaryImageOfPage\":{\"@id\":\"https:\\\/\\\/jazairhope.org\\\/fr\\\/eveline-safir-lavalette-moudjahida-combattante-de-la-cause-et-de-la-revolution-algerienne-est-decedee-a-lage-de-87-ans\\\/#primaryimage\"},\"image\":{\"@id\":\"https:\\\/\\\/jazairhope.org\\\/fr\\\/eveline-safir-lavalette-moudjahida-combattante-de-la-cause-et-de-la-revolution-algerienne-est-decedee-a-lage-de-87-ans\\\/#primaryimage\"},\"thumbnailUrl\":\"https:\\\/\\\/jazairhope.org\\\/wp-content\\\/uploads\\\/2022\\\/08\\\/Capture-47.png\",\"datePublished\":\"2022-08-20T22:36:06+00:00\",\"author\":{\"@id\":\"https:\\\/\\\/jazairhope.org\\\/fr\\\/#\\\/schema\\\/person\\\/0b50f60fad840cf92313307e38c9d20d\"},\"breadcrumb\":{\"@id\":\"https:\\\/\\\/jazairhope.org\\\/fr\\\/eveline-safir-lavalette-moudjahida-combattante-de-la-cause-et-de-la-revolution-algerienne-est-decedee-a-lage-de-87-ans\\\/#breadcrumb\"},\"inLanguage\":\"fr-FR\",\"potentialAction\":[{\"@type\":\"ReadAction\",\"target\":[\"https:\\\/\\\/jazairhope.org\\\/fr\\\/eveline-safir-lavalette-moudjahida-combattante-de-la-cause-et-de-la-revolution-algerienne-est-decedee-a-lage-de-87-ans\\\/\"]}]},{\"@type\":\"ImageObject\",\"inLanguage\":\"fr-FR\",\"@id\":\"https:\\\/\\\/jazairhope.org\\\/fr\\\/eveline-safir-lavalette-moudjahida-combattante-de-la-cause-et-de-la-revolution-algerienne-est-decedee-a-lage-de-87-ans\\\/#primaryimage\",\"url\":\"https:\\\/\\\/jazairhope.org\\\/wp-content\\\/uploads\\\/2022\\\/08\\\/Capture-47.png\",\"contentUrl\":\"https:\\\/\\\/jazairhope.org\\\/wp-content\\\/uploads\\\/2022\\\/08\\\/Capture-47.png\",\"width\":849,\"height\":800},{\"@type\":\"BreadcrumbList\",\"@id\":\"https:\\\/\\\/jazairhope.org\\\/fr\\\/eveline-safir-lavalette-moudjahida-combattante-de-la-cause-et-de-la-revolution-algerienne-est-decedee-a-lage-de-87-ans\\\/#breadcrumb\",\"itemListElement\":[{\"@type\":\"ListItem\",\"position\":1,\"name\":\"Accueil\",\"item\":\"https:\\\/\\\/jazairhope.org\\\/fr\\\/\"},{\"@type\":\"ListItem\",\"position\":2,\"name\":\"Eveline Safir Lavalette, moudjahida, combattante de la cause et de la R\u00e9volution alg\u00e9rienne, est d\u00e9c\u00e9d\u00e9e , \u00e0 l\u2019\u00e2ge de 87 ans\"}]},{\"@type\":\"WebSite\",\"@id\":\"https:\\\/\\\/jazairhope.org\\\/fr\\\/#website\",\"url\":\"https:\\\/\\\/jazairhope.org\\\/fr\\\/\",\"name\":\"AAH.JZR\",\"description\":\"Environment, Health, Science, Art, Economics\",\"potentialAction\":[{\"@type\":\"SearchAction\",\"target\":{\"@type\":\"EntryPoint\",\"urlTemplate\":\"https:\\\/\\\/jazairhope.org\\\/fr\\\/?s={search_term_string}\"},\"query-input\":{\"@type\":\"PropertyValueSpecification\",\"valueRequired\":true,\"valueName\":\"search_term_string\"}}],\"inLanguage\":\"fr-FR\"},{\"@type\":\"Person\",\"@id\":\"https:\\\/\\\/jazairhope.org\\\/fr\\\/#\\\/schema\\\/person\\\/0b50f60fad840cf92313307e38c9d20d\",\"name\":\"Hope Jzr\",\"image\":{\"@type\":\"ImageObject\",\"inLanguage\":\"fr-FR\",\"@id\":\"https:\\\/\\\/secure.gravatar.com\\\/avatar\\\/0a42f66f14ba94b77f351f3bb2f3b9389c4063acb1697ffb32f5d3944782d3e7?s=96&d=mm&r=g\",\"url\":\"https:\\\/\\\/secure.gravatar.com\\\/avatar\\\/0a42f66f14ba94b77f351f3bb2f3b9389c4063acb1697ffb32f5d3944782d3e7?s=96&d=mm&r=g\",\"contentUrl\":\"https:\\\/\\\/secure.gravatar.com\\\/avatar\\\/0a42f66f14ba94b77f351f3bb2f3b9389c4063acb1697ffb32f5d3944782d3e7?s=96&d=mm&r=g\",\"caption\":\"Hope Jzr\"},\"description\":\"\u00c0 propos de Hope&amp;ChaDia Hope&amp;ChaDia n\u2019est pas un pseudonyme, mais une m\u00e9thode de travail. Hope : l\u2019id\u00e9e, l\u2019esprit, la structure, la vision. C\u2019est l\u2019impulsion humaine qui choisit l\u2019angle, trace la ligne \u00e9ditoriale et donne le sens. ChaDia : l\u2019assistante, qui met en forme, d\u00e9veloppe, affine le style et v\u00e9rifie les faits. Une aide technologique qui amplifie mais ne cr\u00e9e pas. Ensemble, Hope&amp;ChaDia produisent des textes hybrides : profond\u00e9ment humains dans leur inspiration, rigoureux et pr\u00e9cis dans leur r\u00e9alisation. . . SUPPORTEZ JAZAIRHOPE ET FAITES CONNA\u00ceTRE LE PATRIMOINE ET L\u2019HISTOIRE DE L\u2019ALG\u00c9RIE, EN ACHETANT LE LIVRE DE JAZAIRHOPE POUR VOUS OU POUR L\u2019OFFRIR A VOS PROCHES, ICI : https:\\\/\\\/jazairhope.org\\\/fr\\\/ebook\\\/ CEUX EN ALG\u00c9RIE ET CEUX QUI PEUVENT PAS L\u2019ACHETER ON OFFRE UNE COPIE DIGITALE GRATUITE, POUR CELA ENVOYEZ UN EMAIL \u00c0 : INFO@JAZAIRHOPE.ORG\",\"url\":\"https:\\\/\\\/jazairhope.org\\\/fr\\\/author\\\/hope-jazair\\\/\"}]}<\/script>\n<!-- \/ Yoast SEO plugin. -->","yoast_head_json":{"title":"Eveline Safir Lavalette, moudjahida, combattante de la cause et de la R\u00e9volution alg\u00e9rienne, est d\u00e9c\u00e9d\u00e9e , \u00e0 l\u2019\u00e2ge de 87 ans - AAH.JZR","robots":{"index":"index","follow":"follow","max-snippet":"max-snippet:-1","max-image-preview":"max-image-preview:large","max-video-preview":"max-video-preview:-1"},"canonical":"https:\/\/jazairhope.org\/fr\/eveline-safir-lavalette-moudjahida-combattante-de-la-cause-et-de-la-revolution-algerienne-est-decedee-a-lage-de-87-ans\/","og_locale":"fr_FR","og_type":"article","og_title":"Eveline Safir Lavalette, moudjahida, combattante de la cause et de la R\u00e9volution alg\u00e9rienne, est d\u00e9c\u00e9d\u00e9e , \u00e0 l\u2019\u00e2ge de 87 ans - AAH.JZR","og_description":"En son domicile, \u00e0 M\u00e9d\u00e9a. Elle a \u00e9t\u00e9 enterr\u00e9e , au cimeti\u00e8re chr\u00e9tien d\u2019El Madania, \u00e0 Alger. La d\u00e9funte avait, de son&hellip;","og_url":"https:\/\/jazairhope.org\/fr\/eveline-safir-lavalette-moudjahida-combattante-de-la-cause-et-de-la-revolution-algerienne-est-decedee-a-lage-de-87-ans\/","og_site_name":"AAH.JZR","article_publisher":"https:\/\/www.facebook.com\/jazairhope","article_published_time":"2022-08-20T22:36:06+00:00","og_image":[{"width":849,"height":800,"url":"https:\/\/jazairhope.org\/wp-content\/uploads\/2022\/08\/Capture-47.png","type":"image\/png"}],"author":"Hope Jzr","twitter_card":"summary_large_image","twitter_misc":{"\u00c9crit par":"Hope Jzr","Dur\u00e9e de lecture estim\u00e9e":"3 minutes"},"schema":{"@context":"https:\/\/schema.org","@graph":[{"@type":"Article","@id":"https:\/\/jazairhope.org\/fr\/eveline-safir-lavalette-moudjahida-combattante-de-la-cause-et-de-la-revolution-algerienne-est-decedee-a-lage-de-87-ans\/#article","isPartOf":{"@id":"https:\/\/jazairhope.org\/fr\/eveline-safir-lavalette-moudjahida-combattante-de-la-cause-et-de-la-revolution-algerienne-est-decedee-a-lage-de-87-ans\/"},"author":{"name":"Hope Jzr","@id":"https:\/\/jazairhope.org\/fr\/#\/schema\/person\/0b50f60fad840cf92313307e38c9d20d"},"headline":"Eveline Safir Lavalette, moudjahida, combattante de la cause et de la R\u00e9volution alg\u00e9rienne, est d\u00e9c\u00e9d\u00e9e , \u00e0 l\u2019\u00e2ge de 87 ans","datePublished":"2022-08-20T22:36:06+00:00","mainEntityOfPage":{"@id":"https:\/\/jazairhope.org\/fr\/eveline-safir-lavalette-moudjahida-combattante-de-la-cause-et-de-la-revolution-algerienne-est-decedee-a-lage-de-87-ans\/"},"wordCount":621,"commentCount":0,"image":{"@id":"https:\/\/jazairhope.org\/fr\/eveline-safir-lavalette-moudjahida-combattante-de-la-cause-et-de-la-revolution-algerienne-est-decedee-a-lage-de-87-ans\/#primaryimage"},"thumbnailUrl":"https:\/\/jazairhope.org\/wp-content\/uploads\/2022\/08\/Capture-47.png","articleSection":["Alg\u00e9rie Alg\u00e9rienne"],"inLanguage":"fr-FR","potentialAction":[{"@type":"CommentAction","name":"Comment","target":["https:\/\/jazairhope.org\/fr\/eveline-safir-lavalette-moudjahida-combattante-de-la-cause-et-de-la-revolution-algerienne-est-decedee-a-lage-de-87-ans\/#respond"]}]},{"@type":"WebPage","@id":"https:\/\/jazairhope.org\/fr\/eveline-safir-lavalette-moudjahida-combattante-de-la-cause-et-de-la-revolution-algerienne-est-decedee-a-lage-de-87-ans\/","url":"https:\/\/jazairhope.org\/fr\/eveline-safir-lavalette-moudjahida-combattante-de-la-cause-et-de-la-revolution-algerienne-est-decedee-a-lage-de-87-ans\/","name":"Eveline Safir Lavalette, moudjahida, combattante de la cause et de la R\u00e9volution alg\u00e9rienne, est d\u00e9c\u00e9d\u00e9e , \u00e0 l\u2019\u00e2ge de 87 ans - AAH.JZR","isPartOf":{"@id":"https:\/\/jazairhope.org\/fr\/#website"},"primaryImageOfPage":{"@id":"https:\/\/jazairhope.org\/fr\/eveline-safir-lavalette-moudjahida-combattante-de-la-cause-et-de-la-revolution-algerienne-est-decedee-a-lage-de-87-ans\/#primaryimage"},"image":{"@id":"https:\/\/jazairhope.org\/fr\/eveline-safir-lavalette-moudjahida-combattante-de-la-cause-et-de-la-revolution-algerienne-est-decedee-a-lage-de-87-ans\/#primaryimage"},"thumbnailUrl":"https:\/\/jazairhope.org\/wp-content\/uploads\/2022\/08\/Capture-47.png","datePublished":"2022-08-20T22:36:06+00:00","author":{"@id":"https:\/\/jazairhope.org\/fr\/#\/schema\/person\/0b50f60fad840cf92313307e38c9d20d"},"breadcrumb":{"@id":"https:\/\/jazairhope.org\/fr\/eveline-safir-lavalette-moudjahida-combattante-de-la-cause-et-de-la-revolution-algerienne-est-decedee-a-lage-de-87-ans\/#breadcrumb"},"inLanguage":"fr-FR","potentialAction":[{"@type":"ReadAction","target":["https:\/\/jazairhope.org\/fr\/eveline-safir-lavalette-moudjahida-combattante-de-la-cause-et-de-la-revolution-algerienne-est-decedee-a-lage-de-87-ans\/"]}]},{"@type":"ImageObject","inLanguage":"fr-FR","@id":"https:\/\/jazairhope.org\/fr\/eveline-safir-lavalette-moudjahida-combattante-de-la-cause-et-de-la-revolution-algerienne-est-decedee-a-lage-de-87-ans\/#primaryimage","url":"https:\/\/jazairhope.org\/wp-content\/uploads\/2022\/08\/Capture-47.png","contentUrl":"https:\/\/jazairhope.org\/wp-content\/uploads\/2022\/08\/Capture-47.png","width":849,"height":800},{"@type":"BreadcrumbList","@id":"https:\/\/jazairhope.org\/fr\/eveline-safir-lavalette-moudjahida-combattante-de-la-cause-et-de-la-revolution-algerienne-est-decedee-a-lage-de-87-ans\/#breadcrumb","itemListElement":[{"@type":"ListItem","position":1,"name":"Accueil","item":"https:\/\/jazairhope.org\/fr\/"},{"@type":"ListItem","position":2,"name":"Eveline Safir Lavalette, moudjahida, combattante de la cause et de la R\u00e9volution alg\u00e9rienne, est d\u00e9c\u00e9d\u00e9e , \u00e0 l\u2019\u00e2ge de 87 ans"}]},{"@type":"WebSite","@id":"https:\/\/jazairhope.org\/fr\/#website","url":"https:\/\/jazairhope.org\/fr\/","name":"AAH.JZR","description":"Environment, Health, Science, Art, Economics","potentialAction":[{"@type":"SearchAction","target":{"@type":"EntryPoint","urlTemplate":"https:\/\/jazairhope.org\/fr\/?s={search_term_string}"},"query-input":{"@type":"PropertyValueSpecification","valueRequired":true,"valueName":"search_term_string"}}],"inLanguage":"fr-FR"},{"@type":"Person","@id":"https:\/\/jazairhope.org\/fr\/#\/schema\/person\/0b50f60fad840cf92313307e38c9d20d","name":"Hope Jzr","image":{"@type":"ImageObject","inLanguage":"fr-FR","@id":"https:\/\/secure.gravatar.com\/avatar\/0a42f66f14ba94b77f351f3bb2f3b9389c4063acb1697ffb32f5d3944782d3e7?s=96&d=mm&r=g","url":"https:\/\/secure.gravatar.com\/avatar\/0a42f66f14ba94b77f351f3bb2f3b9389c4063acb1697ffb32f5d3944782d3e7?s=96&d=mm&r=g","contentUrl":"https:\/\/secure.gravatar.com\/avatar\/0a42f66f14ba94b77f351f3bb2f3b9389c4063acb1697ffb32f5d3944782d3e7?s=96&d=mm&r=g","caption":"Hope Jzr"},"description":"\u00c0 propos de Hope&amp;ChaDia Hope&amp;ChaDia n\u2019est pas un pseudonyme, mais une m\u00e9thode de travail. Hope : l\u2019id\u00e9e, l\u2019esprit, la structure, la vision. C\u2019est l\u2019impulsion humaine qui choisit l\u2019angle, trace la ligne \u00e9ditoriale et donne le sens. ChaDia : l\u2019assistante, qui met en forme, d\u00e9veloppe, affine le style et v\u00e9rifie les faits. Une aide technologique qui amplifie mais ne cr\u00e9e pas. Ensemble, Hope&amp;ChaDia produisent des textes hybrides : profond\u00e9ment humains dans leur inspiration, rigoureux et pr\u00e9cis dans leur r\u00e9alisation. . . SUPPORTEZ JAZAIRHOPE ET FAITES CONNA\u00ceTRE LE PATRIMOINE ET L\u2019HISTOIRE DE L\u2019ALG\u00c9RIE, EN ACHETANT LE LIVRE DE JAZAIRHOPE POUR VOUS OU POUR L\u2019OFFRIR A VOS PROCHES, ICI : https:\/\/jazairhope.org\/fr\/ebook\/ CEUX EN ALG\u00c9RIE ET CEUX QUI PEUVENT PAS L\u2019ACHETER ON OFFRE UNE COPIE DIGITALE GRATUITE, POUR CELA ENVOYEZ UN EMAIL \u00c0 : INFO@JAZAIRHOPE.ORG","url":"https:\/\/jazairhope.org\/fr\/author\/hope-jazair\/"}]}},"views":357,"_links":{"self":[{"href":"https:\/\/jazairhope.org\/fr\/wp-json\/wp\/v2\/posts\/60681","targetHints":{"allow":["GET"]}}],"collection":[{"href":"https:\/\/jazairhope.org\/fr\/wp-json\/wp\/v2\/posts"}],"about":[{"href":"https:\/\/jazairhope.org\/fr\/wp-json\/wp\/v2\/types\/post"}],"author":[{"embeddable":true,"href":"https:\/\/jazairhope.org\/fr\/wp-json\/wp\/v2\/users\/50"}],"replies":[{"embeddable":true,"href":"https:\/\/jazairhope.org\/fr\/wp-json\/wp\/v2\/comments?post=60681"}],"version-history":[{"count":0,"href":"https:\/\/jazairhope.org\/fr\/wp-json\/wp\/v2\/posts\/60681\/revisions"}],"wp:featuredmedia":[{"embeddable":true,"href":"https:\/\/jazairhope.org\/fr\/wp-json\/wp\/v2\/media\/60682"}],"wp:attachment":[{"href":"https:\/\/jazairhope.org\/fr\/wp-json\/wp\/v2\/media?parent=60681"}],"wp:term":[{"taxonomy":"category","embeddable":true,"href":"https:\/\/jazairhope.org\/fr\/wp-json\/wp\/v2\/categories?post=60681"},{"taxonomy":"post_tag","embeddable":true,"href":"https:\/\/jazairhope.org\/fr\/wp-json\/wp\/v2\/tags?post=60681"}],"curies":[{"name":"wp","href":"https:\/\/api.w.org\/{rel}","templated":true}]}}