{"id":60940,"date":"2022-08-23T13:30:33","date_gmt":"2022-08-23T12:30:33","guid":{"rendered":"https:\/\/jazairhope.org\/?p=60940"},"modified":"2022-08-23T14:04:03","modified_gmt":"2022-08-23T13:04:03","slug":"artistes-algeriens-en-residence-a-la-cite-des-arts-de-paris","status":"publish","type":"post","link":"https:\/\/jazairhope.org\/fr\/artistes-algeriens-en-residence-a-la-cite-des-arts-de-paris\/","title":{"rendered":"Artistes Alg\u00e9riens en r\u00e9sidence \u00e0 la Cit\u00e9 des Arts de Paris"},"content":{"rendered":"<p>Six artistes alg\u00e9riens ont \u00e9t\u00e9 laur\u00e9ats d&#8217;un programme de r\u00e9sidence d&#8217;artistes \u00e0 la Cit\u00e9 des Arts de Paris apr\u00e8s une rude s\u00e9lection aupr\u00e8s de jurys constitu\u00e9s d&#8217;experts et de professionnels du monde artistique.<\/p>\n<p>C<span id=\"page350R_mcid14\" class=\"markedContent\"><span dir=\"ltr\">e programme de r\u00e9sidences crois\u00e9es, de cr\u00e9ation et de recherche, s\u2019adressait aux<\/span><\/span><span id=\"page350R_mcid15\" class=\"markedContent\"><br \/><span dir=\"ltr\">artistes visuels, musiciens, et \u00e9crivains alg\u00e9riens travaillant et r\u00e9sidant en Alg\u00e9rie.<\/span><\/span><\/p>\n<p><span id=\"page350R_mcid16\" class=\"markedContent\"><span dir=\"ltr\">Les heureux \u00e9lus du programme b\u00e9n\u00e9ficieront pendant quatre mois d\u2019une r\u00e9sidence de recherche<\/span><\/span><span id=\"page350R_mcid17\" class=\"markedContent\"><br \/><span dir=\"ltr\">entre la Cit\u00e9 internationale des arts \u00e0 Paris et la Friche la Belle de Mai \u00e0 Marseille \u2013 en<\/span><\/span><span id=\"page350R_mcid18\" class=\"markedContent\"><br \/><span dir=\"ltr\">collaboration avec l\u2019AM.I, Triangle &#8211; Ast\u00e9rides, centre d\u2019art contemporain d\u2019int\u00e9r\u00eat national et<\/span><\/span><span id=\"page350R_mcid19\" class=\"markedContent\"><br \/><span dir=\"ltr\">Fraeme \u2013 ou la Fondation Camargo \u00e0 Cassis, d\u2019un accompagnement professionnel et artistique,<\/span><\/span><span id=\"page350R_mcid20\" class=\"markedContent\"><br \/><span dir=\"ltr\">d\u2019une bourse de vie, d\u2019une prise en charge des frais de transport durant la r\u00e9sidence et d\u2019une<\/span><\/span> aide \u00e0 la production.<\/p>\n<h2><span id=\"page1R_mcid50\" class=\"markedContent\"><span dir=\"ltr\">Arts visuels<\/span><\/span><span id=\"page1R_mcid39\" class=\"markedContent\"><\/span><\/h2>\n<h4 class=\"single__title\">Ahmed Merzagui<\/h4>\n<p>N\u00e9 en 1993 \u00e0 Tlemcen, Ahmed Merzagui est un artiste visuel alg\u00e9rien qui d\u00e9veloppe une pratique multidisciplinaire, esth\u00e9tiquement \u00e9clat\u00e9e et h\u00e9t\u00e9roclite bas\u00e9e sur la photographie, la vid\u00e9ographie et les m\u00e9dias mixtes, souvent port\u00e9e par une approche r\u00e9flexive philosophique, psychologique et introspective.<\/p>\n<p>Au fil d\u2019un parcours hybride (m\u00e9decin, artiste et administrateur de projets de d\u00e9veloppement) et de diverses pratiques expressives, l\u2019artiste questionne une r\u00e9alit\u00e9 consid\u00e9r\u00e9e prima facie comme multiple, diverse et dissonante. La r\u00e9alit\u00e9 d\u2019un monde apparent\u00e9 \u00e0 une sc\u00e8ne en perp\u00e9tuel changement, que nous devons en tant qu&#8217;\u00eatres humains, documenter, reporter, d\u00e9crire ou raconter \u00e0 nos semblables \u00e0 des fins existentielles, donnant ainsi notre vision, indubitablement subjective, mais toujours unique et int\u00e9ressante, de cette peinture aux infinies facettes qu\u2019est la R\u00e9alit\u00e9.<\/p>\n<p>Ahmed Merzagui travaille actuellement sur divers projets autour de r\u00e9flexions personnelles, sociales, historiques et identitaires. Il tentera lors de sa r\u00e9sidence \u00e0 la Cit\u00e9 internationale des arts de questionner la vision, la perception et la relation entre l\u2019Alg\u00e9rie et la France \u00e0 travers les multiples r\u00e9alit\u00e9s humaines qu\u2019elle implique.<\/p>\n<h4><span id=\"page1R_mcid40\" class=\"markedContent\"><br \/><\/span><span id=\"page1R_mcid41\" class=\"markedContent\"><span dir=\"ltr\">Mouna Sara BENNAMANI AGRAIN<\/span><\/span><\/h4>\n<p>N\u00e9e en 1989, \u00e0 Alger, Mouna Bennamani est une artiste plasticienne pluridisciplinaire. Initialement dipl\u00f4m\u00e9e de l\u2019Ecole Nationale Sup\u00e9rieur du Tourisme et Sauvegarde du Patrimoine d\u2019Alger, elle poursuit ses \u00e9tudes en licence en arts visuels \u00e0 l\u2019Ecole Sup\u00e9rieure des M\u00e9tiers des Arts et de la Culture d\u2019Aix en Provence. En 2017, elle est s\u00e9lectionn\u00e9e par SciencesPo Paris pour le programme \u00ab Femmes d\u2019Avenir en M\u00e9diterran\u00e9e \u00bb ou elle y d\u00e9veloppe ses connaissances sur les questions du rapport des arts \u00e0 la politique et \u00e0 la soci\u00e9t\u00e9 ainsi que la place des femmes dans cette derni\u00e8re. En f\u00e9vrier 2022, elle est finaliste de la troisi\u00e8me \u00e9dition du concours d\u2019art international \u00ab Emerging painting invitational prize (EPI) \u00bb \u00e0 Cap Town en Afrique du sud.<\/p>\n<p>Son parcours artistique se traduit par plusieurs expositions en Alg\u00e9rie et dans le monde entier, comme l\u2019Encuentra Internacional del Arte Mediterraneo d\u2019Alicante, \u00e0 New York, pour l\u2019exposition <em>Waiting for Omar Gattlato<\/em>\u00a0\u00e0 la Wallash Art Gallery, ou encore, en Afrique du Sud, en France et au Japon. Ses pr\u00e9occupations artistiques tournent autour de l\u2019\u00e9tude du corps au prisme de la question du genre, de sa repr\u00e9sentativit\u00e9, et de son interaction avec son espace physique et social.<\/p>\n<p>A l\u2019occasion de sa r\u00e9sidence \u00e0 la Cit\u00e9 internationale des arts, Mouna Bennamani pr\u00e9sentera le projet <em>Retour \u00e0 l\u2019anormal<\/em>\u00a0qui se veut reportage plastique, t\u00e9moignage visuel de sa propre exp\u00e9rience m\u00e9dicale et sociale, interrogeant la question de la norme, mais aussi, tentant de se r\u00e9approprier son nouveau corps, une normalit\u00e9 qui lui est encore inconnue.<\/p>\n<p>Au cours de cette r\u00e9sidence, elle d\u00e9veloppera, dans sa cr\u00e9ation, un<\/p>\n<p>nouvel espace narratif \u00e0 travers le champ de l\u2019immersion, une d\u00e9marche transversale croisant l\u2019image, l\u2019objet et l\u2019espace. Des \u0153uvres fronti\u00e8res, hybrides.<\/p>\n<p>A travers ce projet, l\u2019artiste cherche \u00e0 explorer la connexion \u00e9trange entre ses \u0153uvres ant\u00e9rieures et sa malformation. En transformant cette \u00e9preuve en une exp\u00e9rience artistique dans un geste cathartique.<\/p>\n<h2><span id=\"page1R_mcid67\" class=\"markedContent\"><span dir=\"ltr\">Ecritures<\/span><\/span><\/h2>\n<h4><span id=\"page1R_mcid64\" class=\"markedContent\"><span dir=\"ltr\">Samira NEGROUCHE<\/span><\/span><span id=\"page1R_mcid65\" class=\"markedContent\"><\/span><span id=\"page1R_mcid66\" class=\"markedContent\"><\/span><\/h4>\n<p>Samira Negrouche est po\u00e8te et traductrice de po\u00e9sie arabe. Elle a publi\u00e9 plusieurs livres dont L\u2019op\u00e9ra cosmique en 2003 et Iridienne en 2005. Elle est \u00e9galement m\u00e9decin.<\/p>\n<p>N\u00e9e \u00e0 Alger , le 13\/09\/1980, Samira Negrouche est une jeune po\u00e8te vivant \u00e0 Alger o\u00f9 elle travaille dans le milieu m\u00e9dical et milite au sein d&#8217;associations culturelles et litt\u00e9raires. Auteure de trois recueils de po\u00e9sie Faiblesse n&#8217;est pas de dire, L&#8217;Op\u00e9ra cosmique et \u00c0 l&#8217;ombre de Grenade, elle a aussi assur\u00e9 diverses traductions de l&#8217;arabe vers le fran\u00e7ais en po\u00e9sie, nouvelles et roman. Elle a \u00e9galement r\u00e9alis\u00e9 des essais de travaux interdisciplinaires avec le th\u00e9\u00e2tre, la vid\u00e9o, la photo et les arts plastiques. Ses textes sont traduits dans une vingtaine de langues et publi\u00e9s dans plusieurs pays.<\/p>\n<p>Samira Negrouche a publi\u00e9 le 05\/04\/2019 &#8221; Quai 2|1, Partition \u00e0 trois axes &#8221; aux \u00e9ditions Mazette.<\/p>\n<h4><span id=\"page1R_mcid66\" class=\"markedContent\"><span dir=\"ltr\">Lynda CHOUITEN<\/span><\/span><\/h4>\n<p>En septembre 2009, Lynda Chouiten d\u00e9croche une bourse du gouvernement irlandais et part \u00e0 Galway (Irlande) pr\u00e9parer une th\u00e8se de doctorat en litt\u00e9rature. Apr\u00e8s un s\u00e9jour de trois ans, elle rentre, dipl\u00f4me en poche, \u00e0 Tizi-Ouzou, sa ville natale et reprend son poste d\u2019enseignante \u00e0 l\u2019universit\u00e9 de Boumerdes. Elle est l\u2019auteur de plusieurs articles et de deux livres \u00e0 caract\u00e8re acad\u00e9mique : une \u00e9tude de l\u2019oeuvre d\u2019Isabelle Eberhardt et un ouvrage collectif sur l\u2019autorit\u00e9. Son premier roman, Le Roman des P\u00f4v\u2019Cheveux, paru en 2017, a \u00e9t\u00e9 finaliste des prix litt\u00e9raires Mohammed Dib et L\u2019Escale d\u2019Alger.<\/p>\n<p>Elle a \u00e9t\u00e9 laur\u00e9ate du grand prix Assia Djebar 2019 avec son roman &#8220;Une Valse&#8221;.<\/p>\n<h2><span id=\"page1R_mcid60\" class=\"markedContent\"><span dir=\"ltr\">Musiques<\/span><\/span><\/h2>\n<h4><span id=\"page1R_mcid57\" class=\"markedContent\"><span dir=\"ltr\">Aboubakr MAATALLAH<\/span><\/span><\/h4>\n<p><span id=\"page1R_mcid58\" class=\"markedContent\"><span id=\"page13R_mcid43\" class=\"markedContent\"><span dir=\"ltr\">Boubakr Maatalla est musicien compositeur <\/span><span dir=\"ltr\">arrangeur et directeur<\/span><\/span><span id=\"page13R_mcid44\" class=\"markedContent\"> <span dir=\"ltr\">musical<\/span><\/span><span id=\"page13R_mcid45\" class=\"markedContent\"><span dir=\"ltr\">, avec un <\/span><span dir=\"ltr\">parcours assez atypique, mi acad\u00e9mique mi <\/span><span dir=\"ltr\">autodidacte<\/span> <span dir=\"ltr\">ce qu\u2019il lui a donn\u00e9 une <\/span><span dir=\"ltr\">polyvalence et<\/span> <span dir=\"ltr\">a<\/span> <span dir=\"ltr\">forg\u00e9 sa personnalit\u00e9 <\/span><span dir=\"ltr\">artistique<\/span><span dir=\"ltr\">,<\/span> <span dir=\"ltr\">il commence par une formation en <\/span><span dir=\"ltr\">guitare Cla<\/span><span dir=\"ltr\">ssique en 1999<\/span> <span dir=\"ltr\">a l\u2019\u00e9cole <\/span><span dir=\"ltr\">FOUNOUN a Blida puis le conservatoire<\/span><br \/><span dir=\"ltr\">d\u2019Alger et enfin une ann\u00e9e de clarinette \u00e0 <\/span><span dir=\"ltr\">l\u2019IRFM<\/span> <span dir=\"ltr\">d\u2019Alger, pour<\/span> <span dir=\"ltr\">continuer apr\u00e8s en <\/span><span dir=\"ltr\">autodidacte.<\/span> <span dir=\"ltr\">Convaincu que l\u2019\u00e9motion est le <\/span><span dir=\"ltr\">moteur du langage musical et c\u2019est ce qui <\/span><span dir=\"ltr\">fait son universalit\u00e9, i<\/span><span dir=\"ltr\">l<\/span> <span dir=\"ltr\">la place au c\u0153ur de<\/span><br \/><span dir=\"ltr\">ses projets et recherches, pour aborder <\/span><span dir=\"ltr\">plusieurs th\u00e8mes<\/span><\/span><span id=\"page13R_mcid46\" class=\"markedContent\"> <span dir=\"ltr\">comme la libert\u00e9<\/span><\/span><span id=\"page13R_mcid47\" class=\"markedContent\"><span dir=\"ltr\">,<\/span><\/span><span id=\"page13R_mcid48\" class=\"markedContent\"> <span dir=\"ltr\">l\u2019identit\u00e9 <\/span><span dir=\"ltr\">et le vivre ensemble.<\/span><\/span><span id=\"page13R_mcid49\" class=\"markedContent\"><\/span><span id=\"page13R_mcid50\" class=\"markedContent\"> <span dir=\"ltr\">E<\/span><\/span><span id=\"page13R_mcid51\" class=\"markedContent\"><span dir=\"ltr\">n 2013 il sort avec <\/span><span dir=\"ltr\">son groupe TARBA3T l\u2019album<\/span> <span dir=\"ltr\">\u00ab<\/span> <span dir=\"ltr\">mina el <\/span><span dir=\"ltr\">chaab w aila chaab<\/span> <span dir=\"ltr\">\u00bb<\/span> <span dir=\"ltr\">(par<\/span> <span dir=\"ltr\">le peuple et pour le peuple), il enchaine apr\u00e8s plusieurs projets et collaborations avec des artistes et musiciens de diff\u00e9rents horizons, ces rencontres et \u00e9changes ont nourri et continuent de nourrir ses propres r\u00e9flexions et sont souvent l\u2019occasion de d\u00e9couvrir de nouvelles mani\u00e8res d\u2019aborder ses propres projets artistiques.<br \/>\n<\/span><\/span><\/span><\/p>\n<p>Il a par ailleurs r\u00e9alis\u00e9 le clip pour Mobilis \u00e0 l&#8217;occasion des jeux m\u00e9diterran\u00e9ens.<\/p>\n<p><div class=\"ose-wrapper ose-uid-26bd2c818b48adb5fed4dfb03dfdad13 ose-embedpress-responsive\" style=\"width:600px; height:550px; max-height:550px; max-width:100%; display:inline-block;\" data-embed-type=\"document_pdf\"><iframe allowFullScreen=\"true\" width=\"600\" height=\"550\" src=\"https:\/\/www.lafriche.org\/app\/uploads\/2022\/05\/MAATALLA_BOUBAKR_PORTFOLIO-aboubakr-maatallah.pdf\" > <\/iframe><\/div><\/p>\n<h3><span id=\"page1R_mcid59\" class=\"markedContent\"><span dir=\"ltr\">Nazim BAKOUR<\/span><\/span><\/h3>\n<p>&nbsp;<\/p>\n<p>Nazim Bakour est un musicien de session, guitariste, compositeur et arrangeur tr\u00e8s implique\u0301 et engage\u0301 dans la promotion de l&#8217;Afro-culture et de la cre\u0301ation \u00e9manant du continent africain.<\/p>\n<p>Multi instrumentiste autodidacte, Nazim Bakour est devenu musicien professionnel depuis 2010, a\u0300 la fois dans la vie et en session. Il a collabore\u0301 dans divers projets artistiques alge\u0301riens et internationaux,<\/p>\n<p>ayant tourne\u0301 plusieurs fois en Alge\u0301rie et sur le continent Africain (Ouest, Est et Nord Afrique) ainsi que dans d&#8217;autres parties du monde.<\/p>\n<p>Musicien ouvert d&#8217;esprit et e\u0301clectique, Nazim Bakour ne se de\u0301finit pas par un style de musique sp\u00e9cifique, bien qu&#8217;il ait e\u0301te\u0301 tre\u0300s to\u0302t sensible aux musiques de son continent, notamment la musique sub- saharienne et ouest-africaine, puis a\u0300 la musique afro-bre\u0301silienne et ensuite au jazz, ainsi qu&#8217;a\u0300 la passion de l&#8217;improvisation. Il a toujours suivi la musique qu&#8217;il conside\u0300re comme pure, authentique et since\u0300re.<\/p>\n<p>&nbsp;<\/p>\n<p>By OUSSA Nam,<\/p>\n<p>sources:<\/p>\n<p>Babelio, https:\/\/www.babelio.com\/auteur\/Lynda-Chouiten\/490058; https:\/\/www.babelio.com\/auteur\/Samira-Negrouche\/102467<\/p>\n<p>Cit\u00e9 des Arts de Paris,<\/p>\n<p><div class=\"ose-wrapper ose-uid-26bd2c818b48adb5fed4dfb03dfdad13 ose-embedpress-responsive\" style=\"width:600px; height:550px; max-height:550px; max-width:100%; display:inline-block;\" data-embed-type=\"document_pdf\"><iframe allowFullScreen=\"true\" width=\"600\" height=\"550\" src=\"https:\/\/www.lafriche.org\/app\/uploads\/2022\/05\/MAATALLA_BOUBAKR_PORTFOLIO-aboubakr-maatallah.pdf\" > <\/iframe><\/div><\/p>\n","protected":false},"excerpt":{"rendered":"<p>Six artistes alg\u00e9riens ont \u00e9t\u00e9 laur\u00e9ats d&#8217;un programme de r\u00e9sidence d&#8217;artistes \u00e0 la Cit\u00e9 des Arts de Paris apr\u00e8s une rude s\u00e9lection&hellip;<\/p>\n","protected":false},"author":1,"featured_media":60942,"comment_status":"open","ping_status":"open","sticky":false,"template":"","format":"standard","meta":{"_lmt_disableupdate":"","_lmt_disable":"","footnotes":""},"categories":[32,34],"tags":[],"class_list":["post-60940","post","type-post","status-publish","format-standard","has-post-thumbnail","hentry","category-algerie","category-art-fr"],"yoast_head":"<!-- This site is optimized with the Yoast SEO plugin v27.3 - https:\/\/yoast.com\/product\/yoast-seo-wordpress\/ -->\n<title>Artistes Alg\u00e9riens en r\u00e9sidence \u00e0 la Cit\u00e9 des Arts de Paris - AAH.JZR<\/title>\n<meta name=\"robots\" content=\"index, follow, max-snippet:-1, max-image-preview:large, max-video-preview:-1\" \/>\n<link rel=\"canonical\" href=\"https:\/\/jazairhope.org\/fr\/artistes-algeriens-en-residence-a-la-cite-des-arts-de-paris\/\" \/>\n<meta property=\"og:locale\" content=\"fr_FR\" \/>\n<meta property=\"og:type\" content=\"article\" \/>\n<meta property=\"og:title\" content=\"Artistes Alg\u00e9riens en r\u00e9sidence \u00e0 la Cit\u00e9 des Arts de Paris - AAH.JZR\" \/>\n<meta property=\"og:description\" content=\"Six artistes alg\u00e9riens ont \u00e9t\u00e9 laur\u00e9ats d&#8217;un programme de r\u00e9sidence d&#8217;artistes \u00e0 la Cit\u00e9 des Arts de Paris apr\u00e8s une rude s\u00e9lection&hellip;\" \/>\n<meta property=\"og:url\" content=\"https:\/\/jazairhope.org\/fr\/artistes-algeriens-en-residence-a-la-cite-des-arts-de-paris\/\" \/>\n<meta property=\"og:site_name\" content=\"AAH.JZR\" \/>\n<meta property=\"article:publisher\" content=\"https:\/\/www.facebook.com\/jazairhope\" \/>\n<meta property=\"article:published_time\" content=\"2022-08-23T12:30:33+00:00\" \/>\n<meta property=\"article:modified_time\" content=\"2022-08-23T13:04:03+00:00\" \/>\n<meta property=\"og:image\" content=\"https:\/\/jazairhope.org\/wp-content\/uploads\/2022\/08\/Ahmed-MERZAGUI-0.jpg\" \/>\n\t<meta property=\"og:image:width\" content=\"216\" \/>\n\t<meta property=\"og:image:height\" content=\"176\" \/>\n\t<meta property=\"og:image:type\" content=\"image\/jpeg\" \/>\n<meta name=\"author\" content=\"Ssuperadmin\" \/>\n<meta name=\"twitter:card\" content=\"summary_large_image\" \/>\n<meta name=\"twitter:label1\" content=\"\u00c9crit par\" \/>\n\t<meta name=\"twitter:data1\" content=\"Ssuperadmin\" \/>\n\t<meta name=\"twitter:label2\" content=\"Dur\u00e9e de lecture estim\u00e9e\" \/>\n\t<meta name=\"twitter:data2\" content=\"7 minutes\" \/>\n<script type=\"application\/ld+json\" class=\"yoast-schema-graph\">{\"@context\":\"https:\\\/\\\/schema.org\",\"@graph\":[{\"@type\":\"Article\",\"@id\":\"https:\\\/\\\/jazairhope.org\\\/fr\\\/artistes-algeriens-en-residence-a-la-cite-des-arts-de-paris\\\/#article\",\"isPartOf\":{\"@id\":\"https:\\\/\\\/jazairhope.org\\\/fr\\\/artistes-algeriens-en-residence-a-la-cite-des-arts-de-paris\\\/\"},\"author\":{\"name\":\"Ssuperadmin\",\"@id\":\"https:\\\/\\\/jazairhope.org\\\/fr\\\/#\\\/schema\\\/person\\\/43650ebd889d8960700b5456ed9264c4\"},\"headline\":\"Artistes Alg\u00e9riens en r\u00e9sidence \u00e0 la Cit\u00e9 des Arts de Paris\",\"datePublished\":\"2022-08-23T12:30:33+00:00\",\"dateModified\":\"2022-08-23T13:04:03+00:00\",\"mainEntityOfPage\":{\"@id\":\"https:\\\/\\\/jazairhope.org\\\/fr\\\/artistes-algeriens-en-residence-a-la-cite-des-arts-de-paris\\\/\"},\"wordCount\":1421,\"commentCount\":0,\"image\":{\"@id\":\"https:\\\/\\\/jazairhope.org\\\/fr\\\/artistes-algeriens-en-residence-a-la-cite-des-arts-de-paris\\\/#primaryimage\"},\"thumbnailUrl\":\"https:\\\/\\\/jazairhope.org\\\/wp-content\\\/uploads\\\/2022\\\/08\\\/Ahmed-MERZAGUI-0.jpg\",\"articleSection\":[\"Alg\u00e9rie Alg\u00e9rienne\",\"Art &amp; Culture\"],\"inLanguage\":\"fr-FR\",\"potentialAction\":[{\"@type\":\"CommentAction\",\"name\":\"Comment\",\"target\":[\"https:\\\/\\\/jazairhope.org\\\/fr\\\/artistes-algeriens-en-residence-a-la-cite-des-arts-de-paris\\\/#respond\"]}]},{\"@type\":\"WebPage\",\"@id\":\"https:\\\/\\\/jazairhope.org\\\/fr\\\/artistes-algeriens-en-residence-a-la-cite-des-arts-de-paris\\\/\",\"url\":\"https:\\\/\\\/jazairhope.org\\\/fr\\\/artistes-algeriens-en-residence-a-la-cite-des-arts-de-paris\\\/\",\"name\":\"Artistes Alg\u00e9riens en r\u00e9sidence \u00e0 la Cit\u00e9 des Arts de Paris - AAH.JZR\",\"isPartOf\":{\"@id\":\"https:\\\/\\\/jazairhope.org\\\/fr\\\/#website\"},\"primaryImageOfPage\":{\"@id\":\"https:\\\/\\\/jazairhope.org\\\/fr\\\/artistes-algeriens-en-residence-a-la-cite-des-arts-de-paris\\\/#primaryimage\"},\"image\":{\"@id\":\"https:\\\/\\\/jazairhope.org\\\/fr\\\/artistes-algeriens-en-residence-a-la-cite-des-arts-de-paris\\\/#primaryimage\"},\"thumbnailUrl\":\"https:\\\/\\\/jazairhope.org\\\/wp-content\\\/uploads\\\/2022\\\/08\\\/Ahmed-MERZAGUI-0.jpg\",\"datePublished\":\"2022-08-23T12:30:33+00:00\",\"dateModified\":\"2022-08-23T13:04:03+00:00\",\"author\":{\"@id\":\"https:\\\/\\\/jazairhope.org\\\/fr\\\/#\\\/schema\\\/person\\\/43650ebd889d8960700b5456ed9264c4\"},\"breadcrumb\":{\"@id\":\"https:\\\/\\\/jazairhope.org\\\/fr\\\/artistes-algeriens-en-residence-a-la-cite-des-arts-de-paris\\\/#breadcrumb\"},\"inLanguage\":\"fr-FR\",\"potentialAction\":[{\"@type\":\"ReadAction\",\"target\":[\"https:\\\/\\\/jazairhope.org\\\/fr\\\/artistes-algeriens-en-residence-a-la-cite-des-arts-de-paris\\\/\"]}]},{\"@type\":\"ImageObject\",\"inLanguage\":\"fr-FR\",\"@id\":\"https:\\\/\\\/jazairhope.org\\\/fr\\\/artistes-algeriens-en-residence-a-la-cite-des-arts-de-paris\\\/#primaryimage\",\"url\":\"https:\\\/\\\/jazairhope.org\\\/wp-content\\\/uploads\\\/2022\\\/08\\\/Ahmed-MERZAGUI-0.jpg\",\"contentUrl\":\"https:\\\/\\\/jazairhope.org\\\/wp-content\\\/uploads\\\/2022\\\/08\\\/Ahmed-MERZAGUI-0.jpg\",\"width\":216,\"height\":176},{\"@type\":\"BreadcrumbList\",\"@id\":\"https:\\\/\\\/jazairhope.org\\\/fr\\\/artistes-algeriens-en-residence-a-la-cite-des-arts-de-paris\\\/#breadcrumb\",\"itemListElement\":[{\"@type\":\"ListItem\",\"position\":1,\"name\":\"Accueil\",\"item\":\"https:\\\/\\\/jazairhope.org\\\/fr\\\/\"},{\"@type\":\"ListItem\",\"position\":2,\"name\":\"Artistes Alg\u00e9riens en r\u00e9sidence \u00e0 la Cit\u00e9 des Arts de Paris\"}]},{\"@type\":\"WebSite\",\"@id\":\"https:\\\/\\\/jazairhope.org\\\/fr\\\/#website\",\"url\":\"https:\\\/\\\/jazairhope.org\\\/fr\\\/\",\"name\":\"AAH.JZR\",\"description\":\"Environment, Health, Science, Art, Economics\",\"potentialAction\":[{\"@type\":\"SearchAction\",\"target\":{\"@type\":\"EntryPoint\",\"urlTemplate\":\"https:\\\/\\\/jazairhope.org\\\/fr\\\/?s={search_term_string}\"},\"query-input\":{\"@type\":\"PropertyValueSpecification\",\"valueRequired\":true,\"valueName\":\"search_term_string\"}}],\"inLanguage\":\"fr-FR\"},{\"@type\":\"Person\",\"@id\":\"https:\\\/\\\/jazairhope.org\\\/fr\\\/#\\\/schema\\\/person\\\/43650ebd889d8960700b5456ed9264c4\",\"name\":\"Ssuperadmin\",\"image\":{\"@type\":\"ImageObject\",\"inLanguage\":\"fr-FR\",\"@id\":\"https:\\\/\\\/secure.gravatar.com\\\/avatar\\\/b4068e88b9c557952c81ca0efc4e11e19a2ed480173b8cef95a240894b16bf22?s=96&d=mm&r=g\",\"url\":\"https:\\\/\\\/secure.gravatar.com\\\/avatar\\\/b4068e88b9c557952c81ca0efc4e11e19a2ed480173b8cef95a240894b16bf22?s=96&d=mm&r=g\",\"contentUrl\":\"https:\\\/\\\/secure.gravatar.com\\\/avatar\\\/b4068e88b9c557952c81ca0efc4e11e19a2ed480173b8cef95a240894b16bf22?s=96&d=mm&r=g\",\"caption\":\"Ssuperadmin\"},\"sameAs\":[\"https:\\\/\\\/jazairhope.org\"],\"url\":\"https:\\\/\\\/jazairhope.org\\\/fr\\\/author\\\/superadmin\\\/\"}]}<\/script>\n<!-- \/ Yoast SEO plugin. -->","yoast_head_json":{"title":"Artistes Alg\u00e9riens en r\u00e9sidence \u00e0 la Cit\u00e9 des Arts de Paris - AAH.JZR","robots":{"index":"index","follow":"follow","max-snippet":"max-snippet:-1","max-image-preview":"max-image-preview:large","max-video-preview":"max-video-preview:-1"},"canonical":"https:\/\/jazairhope.org\/fr\/artistes-algeriens-en-residence-a-la-cite-des-arts-de-paris\/","og_locale":"fr_FR","og_type":"article","og_title":"Artistes Alg\u00e9riens en r\u00e9sidence \u00e0 la Cit\u00e9 des Arts de Paris - AAH.JZR","og_description":"Six artistes alg\u00e9riens ont \u00e9t\u00e9 laur\u00e9ats d&#8217;un programme de r\u00e9sidence d&#8217;artistes \u00e0 la Cit\u00e9 des Arts de Paris apr\u00e8s une rude s\u00e9lection&hellip;","og_url":"https:\/\/jazairhope.org\/fr\/artistes-algeriens-en-residence-a-la-cite-des-arts-de-paris\/","og_site_name":"AAH.JZR","article_publisher":"https:\/\/www.facebook.com\/jazairhope","article_published_time":"2022-08-23T12:30:33+00:00","article_modified_time":"2022-08-23T13:04:03+00:00","og_image":[{"width":216,"height":176,"url":"https:\/\/jazairhope.org\/wp-content\/uploads\/2022\/08\/Ahmed-MERZAGUI-0.jpg","type":"image\/jpeg"}],"author":"Ssuperadmin","twitter_card":"summary_large_image","twitter_misc":{"\u00c9crit par":"Ssuperadmin","Dur\u00e9e de lecture estim\u00e9e":"7 minutes"},"schema":{"@context":"https:\/\/schema.org","@graph":[{"@type":"Article","@id":"https:\/\/jazairhope.org\/fr\/artistes-algeriens-en-residence-a-la-cite-des-arts-de-paris\/#article","isPartOf":{"@id":"https:\/\/jazairhope.org\/fr\/artistes-algeriens-en-residence-a-la-cite-des-arts-de-paris\/"},"author":{"name":"Ssuperadmin","@id":"https:\/\/jazairhope.org\/fr\/#\/schema\/person\/43650ebd889d8960700b5456ed9264c4"},"headline":"Artistes Alg\u00e9riens en r\u00e9sidence \u00e0 la Cit\u00e9 des Arts de Paris","datePublished":"2022-08-23T12:30:33+00:00","dateModified":"2022-08-23T13:04:03+00:00","mainEntityOfPage":{"@id":"https:\/\/jazairhope.org\/fr\/artistes-algeriens-en-residence-a-la-cite-des-arts-de-paris\/"},"wordCount":1421,"commentCount":0,"image":{"@id":"https:\/\/jazairhope.org\/fr\/artistes-algeriens-en-residence-a-la-cite-des-arts-de-paris\/#primaryimage"},"thumbnailUrl":"https:\/\/jazairhope.org\/wp-content\/uploads\/2022\/08\/Ahmed-MERZAGUI-0.jpg","articleSection":["Alg\u00e9rie Alg\u00e9rienne","Art &amp; Culture"],"inLanguage":"fr-FR","potentialAction":[{"@type":"CommentAction","name":"Comment","target":["https:\/\/jazairhope.org\/fr\/artistes-algeriens-en-residence-a-la-cite-des-arts-de-paris\/#respond"]}]},{"@type":"WebPage","@id":"https:\/\/jazairhope.org\/fr\/artistes-algeriens-en-residence-a-la-cite-des-arts-de-paris\/","url":"https:\/\/jazairhope.org\/fr\/artistes-algeriens-en-residence-a-la-cite-des-arts-de-paris\/","name":"Artistes Alg\u00e9riens en r\u00e9sidence \u00e0 la Cit\u00e9 des Arts de Paris - AAH.JZR","isPartOf":{"@id":"https:\/\/jazairhope.org\/fr\/#website"},"primaryImageOfPage":{"@id":"https:\/\/jazairhope.org\/fr\/artistes-algeriens-en-residence-a-la-cite-des-arts-de-paris\/#primaryimage"},"image":{"@id":"https:\/\/jazairhope.org\/fr\/artistes-algeriens-en-residence-a-la-cite-des-arts-de-paris\/#primaryimage"},"thumbnailUrl":"https:\/\/jazairhope.org\/wp-content\/uploads\/2022\/08\/Ahmed-MERZAGUI-0.jpg","datePublished":"2022-08-23T12:30:33+00:00","dateModified":"2022-08-23T13:04:03+00:00","author":{"@id":"https:\/\/jazairhope.org\/fr\/#\/schema\/person\/43650ebd889d8960700b5456ed9264c4"},"breadcrumb":{"@id":"https:\/\/jazairhope.org\/fr\/artistes-algeriens-en-residence-a-la-cite-des-arts-de-paris\/#breadcrumb"},"inLanguage":"fr-FR","potentialAction":[{"@type":"ReadAction","target":["https:\/\/jazairhope.org\/fr\/artistes-algeriens-en-residence-a-la-cite-des-arts-de-paris\/"]}]},{"@type":"ImageObject","inLanguage":"fr-FR","@id":"https:\/\/jazairhope.org\/fr\/artistes-algeriens-en-residence-a-la-cite-des-arts-de-paris\/#primaryimage","url":"https:\/\/jazairhope.org\/wp-content\/uploads\/2022\/08\/Ahmed-MERZAGUI-0.jpg","contentUrl":"https:\/\/jazairhope.org\/wp-content\/uploads\/2022\/08\/Ahmed-MERZAGUI-0.jpg","width":216,"height":176},{"@type":"BreadcrumbList","@id":"https:\/\/jazairhope.org\/fr\/artistes-algeriens-en-residence-a-la-cite-des-arts-de-paris\/#breadcrumb","itemListElement":[{"@type":"ListItem","position":1,"name":"Accueil","item":"https:\/\/jazairhope.org\/fr\/"},{"@type":"ListItem","position":2,"name":"Artistes Alg\u00e9riens en r\u00e9sidence \u00e0 la Cit\u00e9 des Arts de Paris"}]},{"@type":"WebSite","@id":"https:\/\/jazairhope.org\/fr\/#website","url":"https:\/\/jazairhope.org\/fr\/","name":"AAH.JZR","description":"Environment, Health, Science, Art, Economics","potentialAction":[{"@type":"SearchAction","target":{"@type":"EntryPoint","urlTemplate":"https:\/\/jazairhope.org\/fr\/?s={search_term_string}"},"query-input":{"@type":"PropertyValueSpecification","valueRequired":true,"valueName":"search_term_string"}}],"inLanguage":"fr-FR"},{"@type":"Person","@id":"https:\/\/jazairhope.org\/fr\/#\/schema\/person\/43650ebd889d8960700b5456ed9264c4","name":"Ssuperadmin","image":{"@type":"ImageObject","inLanguage":"fr-FR","@id":"https:\/\/secure.gravatar.com\/avatar\/b4068e88b9c557952c81ca0efc4e11e19a2ed480173b8cef95a240894b16bf22?s=96&d=mm&r=g","url":"https:\/\/secure.gravatar.com\/avatar\/b4068e88b9c557952c81ca0efc4e11e19a2ed480173b8cef95a240894b16bf22?s=96&d=mm&r=g","contentUrl":"https:\/\/secure.gravatar.com\/avatar\/b4068e88b9c557952c81ca0efc4e11e19a2ed480173b8cef95a240894b16bf22?s=96&d=mm&r=g","caption":"Ssuperadmin"},"sameAs":["https:\/\/jazairhope.org"],"url":"https:\/\/jazairhope.org\/fr\/author\/superadmin\/"}]}},"views":322,"_links":{"self":[{"href":"https:\/\/jazairhope.org\/fr\/wp-json\/wp\/v2\/posts\/60940","targetHints":{"allow":["GET"]}}],"collection":[{"href":"https:\/\/jazairhope.org\/fr\/wp-json\/wp\/v2\/posts"}],"about":[{"href":"https:\/\/jazairhope.org\/fr\/wp-json\/wp\/v2\/types\/post"}],"author":[{"embeddable":true,"href":"https:\/\/jazairhope.org\/fr\/wp-json\/wp\/v2\/users\/1"}],"replies":[{"embeddable":true,"href":"https:\/\/jazairhope.org\/fr\/wp-json\/wp\/v2\/comments?post=60940"}],"version-history":[{"count":0,"href":"https:\/\/jazairhope.org\/fr\/wp-json\/wp\/v2\/posts\/60940\/revisions"}],"wp:featuredmedia":[{"embeddable":true,"href":"https:\/\/jazairhope.org\/fr\/wp-json\/wp\/v2\/media\/60942"}],"wp:attachment":[{"href":"https:\/\/jazairhope.org\/fr\/wp-json\/wp\/v2\/media?parent=60940"}],"wp:term":[{"taxonomy":"category","embeddable":true,"href":"https:\/\/jazairhope.org\/fr\/wp-json\/wp\/v2\/categories?post=60940"},{"taxonomy":"post_tag","embeddable":true,"href":"https:\/\/jazairhope.org\/fr\/wp-json\/wp\/v2\/tags?post=60940"}],"curies":[{"name":"wp","href":"https:\/\/api.w.org\/{rel}","templated":true}]}}