{"id":61042,"date":"2022-08-24T11:10:17","date_gmt":"2022-08-24T10:10:17","guid":{"rendered":"https:\/\/jazairhope.org\/?p=61042"},"modified":"2022-08-24T12:41:07","modified_gmt":"2022-08-24T11:41:07","slug":"georges-ibrahim-abdallah-otage-des-americano-sionistes-la-france-sous-le-veto-des-princes-qui-la-pilote","status":"publish","type":"post","link":"https:\/\/jazairhope.org\/fr\/georges-ibrahim-abdallah-otage-des-americano-sionistes-la-france-sous-le-veto-des-princes-qui-la-pilote\/","title":{"rendered":"Georges Ibrahim Abdallah, otage des am\u00e9ricano-sionistes. La France sous le v\u00e9to des \u2018princes\u2019 qui la pilotent !"},"content":{"rendered":"<h1 class=\"entry-title\" style=\"text-align: center;\">Georges Ibrahim Abdallah, otage des am\u00e9ricano-sionistes. La France sous le v\u00e9to des \u2018princes\u2019 qui la pilotent !<\/h1>\n<h4 class=\"has-text-align-center\" style=\"text-align: center;\"><strong>Par DJERRAD Amar<\/strong><\/h4>\n<p>&nbsp;<\/p>\n<p>C\u2019est que qui se d\u00e9roule\u00a0en France ! Nous sommes \u00e0 une \u00e9poque o\u00f9 le puissant dicte sa loi dans ce qu\u2019il croit la jungle, o\u00f9 l\u2019immoralit\u00e9 devient morale et vice-versa, ou l\u2019agresseur se dit victime, o\u00f9 les d\u00e9rives de la raison font des droits des citoyens des faveurs, leurs devoirs de la soumission, le respect compris comme de la peur, la loi servant d\u2019instrument pour subjuguer !<\/p>\n<p>Plus on s\u2019efforce \u00e0 consoler nos sentiments que cela va changer, que les choses vont s\u2019apaiser, plus les diables, s\u2019imposant dirigeants du Monde, affinent leur d\u00e9lire\u00a0ravageur ! Ils se croient tout permis, m\u00eame l\u2019absurdit\u00e9.<\/p>\n<p>Le monde est b\u00e2ti sur les droits et les devoirs, la justice et l\u2019humanit\u00e9,\u00a0selon des r\u00e8gles admises et convenues ; y d\u00e9roger ne suscite que des antagonismes et des conflits.<\/p>\n<p>M\u00eame cette France de De Gaule \u2013 avilie par des gouvernances proxy \u00e9quivoques et antid\u00e9mocratiques \u2013 n\u2019est plus qu\u2019une p\u00e2le R\u00e9publique, d\u00e9cr\u00e9pie, sans soubassement, sans attrait, sans aura, qui a perdu toute consid\u00e9ration.<\/p>\n<p>Quand un pays comme le Mali ose la chasser de ses terres (apr\u00e8s l\u2019y avoir invit\u00e9), tout en l\u2019accusant de servir en armant les terrorismes qu\u2019elle pr\u00e9tend venir combattre \u2013 en saisissant l\u2019ONU \u2013 c\u2019est non seulement que le curseur de l\u2019\u00e9gard est au plus bas, mais c\u2019est le comble de l\u2019humiliation qui remet en cause tous ses fondements historiques\u00a0! Tout montre que les Maliens poss\u00e8dent des preuves tangibles et irr\u00e9futables qui vont mettre les gouvernants fran\u00e7ais dans une \u00e9prouvante position. Dos au mur\u00a0!<\/p>\n<p>La France est devenue un pays franchouillard souvent x\u00e9nophobe au m\u00eame degr\u00e9 que les sionistes qui la dominent au sein m\u00eame de ses propres Institutions. Elle n\u2019agit, in\u00e9vitablement, que dans les sens qui satisfont les USA et Isra\u00ebl. Ses lois sont \u00e9rig\u00e9es sur ce principe cardinal au risque d\u2019\u00eatre accus\u00e9e \u00ab\u00a0d\u2019antis\u00e9mite\u00a0\u00bb ; un n\u00e9ologisme construit d\u00e9lib\u00e9r\u00e9ment ambigu\u00eb, \u00e9rig\u00e9 en loi impos\u00e9e par les lobbys, qui permet de dompter les adversaires et de rendre silencieux le critique le plus patriote.<\/p>\n<p>Comment un Isra\u00ebl, petit pays factice cr\u00e9\u00e9 par l\u2019occident, de toute pi\u00e8ce, au sein d\u2019un pays qui n\u2019est pas le sien, arrive \u00e0 dicter au monde des puissants ses desideratas et m\u00eame \u00e0 faire changer leurs lois ! Comment depuis 1948, Isra\u00ebl qui spolie les terres palestiniennes, les bombarde, les assassine par milliers (vieillards, femmes et enfants) qui m\u00e8ne une guerre ill\u00e9gale de conqu\u00eate, d\u00e9fiant les r\u00e9solutions de l\u2019ONU, et personne en Occident, en particulier la France, ne trouve rien \u00e0 dire\u00a0; que des sermons, s\u00fbrement \u00ab\u00a0autoris\u00e9s\u00a0\u00bb, sur le bout des l\u00e8vres.<\/p>\n<p>Que peut bien opposer cette France rendue impure face \u00e0 une injustice des plus crasse, pi\u00e9tinant dans la crotte ses fondements moraux humanistes, face \u00e0 ce prisonnier atypique qui purge la perp\u00e9tuit\u00e9 et qui est \u00e0 sa trenti\u00e8me huiti\u00e8me ann\u00e9es\u00a0(38) de d\u00e9tention !\u00a0 Georges Ibrahim Abdallah est l\u2019arch\u00e9type du prisonnier rebelle, r\u00e9volutionnaire et patriote \u00e0 subir, en France, une injustice sans \u00e9quivalent.<\/p>\n<p>Condamn\u00e9 en 1984 \u00e0 deux et plus tard \u00e0 quatre ann\u00e9es de prison pour d\u00e9tention d\u2019armes, puis \u00e9cope en 1987 de la r\u00e9clusion \u00e0 perp\u00e9tuit\u00e9 pour complicit\u00e9 dans les assassinats \u00e0 Paris d\u2019un agent du Mossad isra\u00e9lien et d\u2019un attach\u00e9 militaire am\u00e9ricain agent de la CIA ; crimes qu\u2019il a toujours ni\u00e9s. Lib\u00e9rable en 1999, il se voit refuser sa dizaine de demandes, sauf deux. Malgr\u00e9 ces deux avis favorables ce militant libanais, chantre de la cause palestinienne et ennemi acharn\u00e9 de l\u2019imp\u00e9rialisme, la France le laisse injustement d\u00e9p\u00e9rir dans ses prisons.\u00a0 Ces refus r\u00e9it\u00e9r\u00e9s confirment que la justice fran\u00e7aise, loin d\u2019\u00eatre ind\u00e9pendante, se heurte au diktat am\u00e9ricano-sioniste derri\u00e8re cette d\u00e9cision ill\u00e9gale de priver de libert\u00e9 le d\u00e9tenu le plus embarrassant.<\/p>\n<p>Aucune des hautes personnalit\u00e9s politiques et judiciaires fran\u00e7aises (y compris le Pr\u00e9sident) ne s\u2019est autoris\u00e9e, jusque-l\u00e0, d\u2019\u00e9voquer son cas et l\u2019injustice dont-il est victime\u00a0; oubliant qu\u2019\u00ab\u00a0<em>une injustice faite \u00e0 un seul est une menace faite \u00e0 tous<\/em>\u00a0\u00bb (Montesquieu). Aucun homme sens\u00e9 et raisonnable ne peut assister sans r\u00e9agir \u00e0 une iniquit\u00e9, sinon ce serait de l\u2019ali\u00e9nation mentale ! Abdallah est bien un \u00ab otage \u00bb d\u00e9tenu \u00e9ternellement par la France, sans droit \u00e0 sa libert\u00e9 pourtant reconnu, afin de ne pas d\u00e9sobliger les tuteurs qui auraient certainement souhait\u00e9 qu\u2019il soit mort.<\/p>\n<p>Il faut reconnaitre toutefois que des milieux fran\u00e7ais patriotes s\u2019\u00e9vertuent depuis des ann\u00e9es \u00e0 rappeler son cas en osant interpeller leurs dirigeants sur cette grave injustice aberrante. \u00c0 qui s\u2019adressent-ils\u00a0? \u00c0 une race plus pr\u00e9occup\u00e9e par leur \u00ab\u00a0nouvel ordre mondial\u00a0\u00bb, leurs int\u00e9r\u00eats personnels, leur objectif de transhumaniser le monde suivant leurs r\u00e8gles dans un syst\u00e8me unipolaire gouvern\u00e9 par eux. En fait, par les Anglo-saxons et les sionistes\u00a0; l\u2019Europe, dont la France, n\u2019\u00e9tant qu\u2019un faire-valoir\u00a0!<\/p>\n<p>Pauvre France ! Ses officiels et ses institutions suppos\u00e9es \u00ab ind\u00e9pendantes \u00bb sont incapables d\u2019appliquer en toute souverainet\u00e9 leurs propres lois sans un quitus des lobbys qui la dominent en particulier sionistes et\/ou am\u00e9ricaines au risque de se voir mise au banc des ren\u00e9gats ! Leur libert\u00e9 d\u2019actions est soumise au v\u00e9to des \u2018princes\u2019 qui la pilotent !<\/p>\n<p>Avec toutes leurs compromissions dans des affaires douteuses, dans leurs mensonges et manipulations, dans leurs pratiques et m\u00e9thodes les plus viles et dangereuses, dignes des bandits \u2013 qui viendraient d\u2019un atavisme colonial pas si lointain \u2013 ces sc\u00e9l\u00e9rats de dirigeants osent encore le culot, comme si de rien n\u2019\u00e9tait, de donner des le\u00e7ons sur les droits de l\u2019homme et les libert\u00e9s au reste de la plan\u00e8te en se consid\u00e9rant hautainement comme r\u00e9f\u00e9rence universelle en la mati\u00e8re, pendant que le peuple fran\u00e7ais subit la censure,\u00a0le refoulement, la coercition, voire la r\u00e9pression\u00a0!<\/p>\n<p>L\u2019affaire Georges Ibrahim Abdallah restera, malgr\u00e9 toutes les cachoteries et diversions, un caillou dans le soulier des dirigeants fran\u00e7ais. M\u00eame mort en prison, l\u2019injustice dont-il aura fait l\u2019objet l\u2019agrandira, stimulera ses partisans et soutiens en attendant que les auteurs paient leurs actes barbares t\u00f4t ou tard\u00a0!<\/p>\n<p>A.D<\/p>\n","protected":false},"excerpt":{"rendered":"<p>Georges Ibrahim Abdallah, otage des am\u00e9ricano-sionistes. La France sous le v\u00e9to des \u2018princes\u2019 qui la pilotent ! Par DJERRAD Amar &nbsp; C\u2019est&hellip;<\/p>\n","protected":false},"author":1,"featured_media":61044,"comment_status":"open","ping_status":"open","sticky":false,"template":"","format":"standard","meta":{"_lmt_disableupdate":"","_lmt_disable":"","footnotes":""},"categories":[32,49],"tags":[],"class_list":["post-61042","post","type-post","status-publish","format-standard","has-post-thumbnail","hentry","category-algerie","category-politique"],"yoast_head":"<!-- This site is optimized with the Yoast SEO plugin v27.3 - https:\/\/yoast.com\/product\/yoast-seo-wordpress\/ -->\n<title>Georges Ibrahim Abdallah, otage des am\u00e9ricano-sionistes. La France sous le v\u00e9to des \u2018princes\u2019 qui la pilotent ! - AAH.JZR<\/title>\n<meta name=\"robots\" content=\"index, follow, max-snippet:-1, max-image-preview:large, max-video-preview:-1\" \/>\n<link rel=\"canonical\" href=\"https:\/\/jazairhope.org\/fr\/georges-ibrahim-abdallah-otage-des-americano-sionistes-la-france-sous-le-veto-des-princes-qui-la-pilote\/\" \/>\n<meta property=\"og:locale\" content=\"fr_FR\" \/>\n<meta property=\"og:type\" content=\"article\" \/>\n<meta property=\"og:title\" content=\"Georges Ibrahim Abdallah, otage des am\u00e9ricano-sionistes. La France sous le v\u00e9to des \u2018princes\u2019 qui la pilotent ! - AAH.JZR\" \/>\n<meta property=\"og:description\" content=\"Georges Ibrahim Abdallah, otage des am\u00e9ricano-sionistes. La France sous le v\u00e9to des \u2018princes\u2019 qui la pilotent ! Par DJERRAD Amar &nbsp; C\u2019est&hellip;\" \/>\n<meta property=\"og:url\" content=\"https:\/\/jazairhope.org\/fr\/georges-ibrahim-abdallah-otage-des-americano-sionistes-la-france-sous-le-veto-des-princes-qui-la-pilote\/\" \/>\n<meta property=\"og:site_name\" content=\"AAH.JZR\" \/>\n<meta property=\"article:publisher\" content=\"https:\/\/www.facebook.com\/jazairhope\" \/>\n<meta property=\"article:published_time\" content=\"2022-08-24T10:10:17+00:00\" \/>\n<meta property=\"article:modified_time\" content=\"2022-08-24T11:41:07+00:00\" \/>\n<meta property=\"og:image\" content=\"https:\/\/jazairhope.org\/wp-content\/uploads\/2022\/08\/up-40.jpg\" \/>\n\t<meta property=\"og:image:width\" content=\"800\" \/>\n\t<meta property=\"og:image:height\" content=\"445\" \/>\n\t<meta property=\"og:image:type\" content=\"image\/jpeg\" \/>\n<meta name=\"author\" content=\"Ssuperadmin\" \/>\n<meta name=\"twitter:card\" content=\"summary_large_image\" \/>\n<meta name=\"twitter:label1\" content=\"\u00c9crit par\" \/>\n\t<meta name=\"twitter:data1\" content=\"Ssuperadmin\" \/>\n\t<meta name=\"twitter:label2\" content=\"Dur\u00e9e de lecture estim\u00e9e\" \/>\n\t<meta name=\"twitter:data2\" content=\"5 minutes\" \/>\n<script type=\"application\/ld+json\" class=\"yoast-schema-graph\">{\"@context\":\"https:\\\/\\\/schema.org\",\"@graph\":[{\"@type\":\"Article\",\"@id\":\"https:\\\/\\\/jazairhope.org\\\/fr\\\/georges-ibrahim-abdallah-otage-des-americano-sionistes-la-france-sous-le-veto-des-princes-qui-la-pilote\\\/#article\",\"isPartOf\":{\"@id\":\"https:\\\/\\\/jazairhope.org\\\/fr\\\/georges-ibrahim-abdallah-otage-des-americano-sionistes-la-france-sous-le-veto-des-princes-qui-la-pilote\\\/\"},\"author\":{\"name\":\"Ssuperadmin\",\"@id\":\"https:\\\/\\\/jazairhope.org\\\/fr\\\/#\\\/schema\\\/person\\\/43650ebd889d8960700b5456ed9264c4\"},\"headline\":\"Georges Ibrahim Abdallah, otage des am\u00e9ricano-sionistes. La France sous le v\u00e9to des \u2018princes\u2019 qui la pilotent !\",\"datePublished\":\"2022-08-24T10:10:17+00:00\",\"dateModified\":\"2022-08-24T11:41:07+00:00\",\"mainEntityOfPage\":{\"@id\":\"https:\\\/\\\/jazairhope.org\\\/fr\\\/georges-ibrahim-abdallah-otage-des-americano-sionistes-la-france-sous-le-veto-des-princes-qui-la-pilote\\\/\"},\"wordCount\":1125,\"commentCount\":1,\"image\":{\"@id\":\"https:\\\/\\\/jazairhope.org\\\/fr\\\/georges-ibrahim-abdallah-otage-des-americano-sionistes-la-france-sous-le-veto-des-princes-qui-la-pilote\\\/#primaryimage\"},\"thumbnailUrl\":\"https:\\\/\\\/jazairhope.org\\\/wp-content\\\/uploads\\\/2022\\\/08\\\/up-40.jpg\",\"articleSection\":[\"Alg\u00e9rie Alg\u00e9rienne\",\"Politique\"],\"inLanguage\":\"fr-FR\",\"potentialAction\":[{\"@type\":\"CommentAction\",\"name\":\"Comment\",\"target\":[\"https:\\\/\\\/jazairhope.org\\\/fr\\\/georges-ibrahim-abdallah-otage-des-americano-sionistes-la-france-sous-le-veto-des-princes-qui-la-pilote\\\/#respond\"]}]},{\"@type\":\"WebPage\",\"@id\":\"https:\\\/\\\/jazairhope.org\\\/fr\\\/georges-ibrahim-abdallah-otage-des-americano-sionistes-la-france-sous-le-veto-des-princes-qui-la-pilote\\\/\",\"url\":\"https:\\\/\\\/jazairhope.org\\\/fr\\\/georges-ibrahim-abdallah-otage-des-americano-sionistes-la-france-sous-le-veto-des-princes-qui-la-pilote\\\/\",\"name\":\"Georges Ibrahim Abdallah, otage des am\u00e9ricano-sionistes. La France sous le v\u00e9to des \u2018princes\u2019 qui la pilotent ! - AAH.JZR\",\"isPartOf\":{\"@id\":\"https:\\\/\\\/jazairhope.org\\\/fr\\\/#website\"},\"primaryImageOfPage\":{\"@id\":\"https:\\\/\\\/jazairhope.org\\\/fr\\\/georges-ibrahim-abdallah-otage-des-americano-sionistes-la-france-sous-le-veto-des-princes-qui-la-pilote\\\/#primaryimage\"},\"image\":{\"@id\":\"https:\\\/\\\/jazairhope.org\\\/fr\\\/georges-ibrahim-abdallah-otage-des-americano-sionistes-la-france-sous-le-veto-des-princes-qui-la-pilote\\\/#primaryimage\"},\"thumbnailUrl\":\"https:\\\/\\\/jazairhope.org\\\/wp-content\\\/uploads\\\/2022\\\/08\\\/up-40.jpg\",\"datePublished\":\"2022-08-24T10:10:17+00:00\",\"dateModified\":\"2022-08-24T11:41:07+00:00\",\"author\":{\"@id\":\"https:\\\/\\\/jazairhope.org\\\/fr\\\/#\\\/schema\\\/person\\\/43650ebd889d8960700b5456ed9264c4\"},\"breadcrumb\":{\"@id\":\"https:\\\/\\\/jazairhope.org\\\/fr\\\/georges-ibrahim-abdallah-otage-des-americano-sionistes-la-france-sous-le-veto-des-princes-qui-la-pilote\\\/#breadcrumb\"},\"inLanguage\":\"fr-FR\",\"potentialAction\":[{\"@type\":\"ReadAction\",\"target\":[\"https:\\\/\\\/jazairhope.org\\\/fr\\\/georges-ibrahim-abdallah-otage-des-americano-sionistes-la-france-sous-le-veto-des-princes-qui-la-pilote\\\/\"]}]},{\"@type\":\"ImageObject\",\"inLanguage\":\"fr-FR\",\"@id\":\"https:\\\/\\\/jazairhope.org\\\/fr\\\/georges-ibrahim-abdallah-otage-des-americano-sionistes-la-france-sous-le-veto-des-princes-qui-la-pilote\\\/#primaryimage\",\"url\":\"https:\\\/\\\/jazairhope.org\\\/wp-content\\\/uploads\\\/2022\\\/08\\\/up-40.jpg\",\"contentUrl\":\"https:\\\/\\\/jazairhope.org\\\/wp-content\\\/uploads\\\/2022\\\/08\\\/up-40.jpg\",\"width\":800,\"height\":445},{\"@type\":\"BreadcrumbList\",\"@id\":\"https:\\\/\\\/jazairhope.org\\\/fr\\\/georges-ibrahim-abdallah-otage-des-americano-sionistes-la-france-sous-le-veto-des-princes-qui-la-pilote\\\/#breadcrumb\",\"itemListElement\":[{\"@type\":\"ListItem\",\"position\":1,\"name\":\"Accueil\",\"item\":\"https:\\\/\\\/jazairhope.org\\\/fr\\\/\"},{\"@type\":\"ListItem\",\"position\":2,\"name\":\"Georges Ibrahim Abdallah, otage des am\u00e9ricano-sionistes. La France sous le v\u00e9to des \u2018princes\u2019 qui la pilotent !\"}]},{\"@type\":\"WebSite\",\"@id\":\"https:\\\/\\\/jazairhope.org\\\/fr\\\/#website\",\"url\":\"https:\\\/\\\/jazairhope.org\\\/fr\\\/\",\"name\":\"AAH.JZR\",\"description\":\"Environment, Health, Science, Art, Economics\",\"potentialAction\":[{\"@type\":\"SearchAction\",\"target\":{\"@type\":\"EntryPoint\",\"urlTemplate\":\"https:\\\/\\\/jazairhope.org\\\/fr\\\/?s={search_term_string}\"},\"query-input\":{\"@type\":\"PropertyValueSpecification\",\"valueRequired\":true,\"valueName\":\"search_term_string\"}}],\"inLanguage\":\"fr-FR\"},{\"@type\":\"Person\",\"@id\":\"https:\\\/\\\/jazairhope.org\\\/fr\\\/#\\\/schema\\\/person\\\/43650ebd889d8960700b5456ed9264c4\",\"name\":\"Ssuperadmin\",\"image\":{\"@type\":\"ImageObject\",\"inLanguage\":\"fr-FR\",\"@id\":\"https:\\\/\\\/secure.gravatar.com\\\/avatar\\\/b4068e88b9c557952c81ca0efc4e11e19a2ed480173b8cef95a240894b16bf22?s=96&d=mm&r=g\",\"url\":\"https:\\\/\\\/secure.gravatar.com\\\/avatar\\\/b4068e88b9c557952c81ca0efc4e11e19a2ed480173b8cef95a240894b16bf22?s=96&d=mm&r=g\",\"contentUrl\":\"https:\\\/\\\/secure.gravatar.com\\\/avatar\\\/b4068e88b9c557952c81ca0efc4e11e19a2ed480173b8cef95a240894b16bf22?s=96&d=mm&r=g\",\"caption\":\"Ssuperadmin\"},\"sameAs\":[\"https:\\\/\\\/jazairhope.org\"],\"url\":\"https:\\\/\\\/jazairhope.org\\\/fr\\\/author\\\/superadmin\\\/\"}]}<\/script>\n<!-- \/ Yoast SEO plugin. -->","yoast_head_json":{"title":"Georges Ibrahim Abdallah, otage des am\u00e9ricano-sionistes. La France sous le v\u00e9to des \u2018princes\u2019 qui la pilotent ! - AAH.JZR","robots":{"index":"index","follow":"follow","max-snippet":"max-snippet:-1","max-image-preview":"max-image-preview:large","max-video-preview":"max-video-preview:-1"},"canonical":"https:\/\/jazairhope.org\/fr\/georges-ibrahim-abdallah-otage-des-americano-sionistes-la-france-sous-le-veto-des-princes-qui-la-pilote\/","og_locale":"fr_FR","og_type":"article","og_title":"Georges Ibrahim Abdallah, otage des am\u00e9ricano-sionistes. La France sous le v\u00e9to des \u2018princes\u2019 qui la pilotent ! - AAH.JZR","og_description":"Georges Ibrahim Abdallah, otage des am\u00e9ricano-sionistes. La France sous le v\u00e9to des \u2018princes\u2019 qui la pilotent ! Par DJERRAD Amar &nbsp; C\u2019est&hellip;","og_url":"https:\/\/jazairhope.org\/fr\/georges-ibrahim-abdallah-otage-des-americano-sionistes-la-france-sous-le-veto-des-princes-qui-la-pilote\/","og_site_name":"AAH.JZR","article_publisher":"https:\/\/www.facebook.com\/jazairhope","article_published_time":"2022-08-24T10:10:17+00:00","article_modified_time":"2022-08-24T11:41:07+00:00","og_image":[{"width":800,"height":445,"url":"https:\/\/jazairhope.org\/wp-content\/uploads\/2022\/08\/up-40.jpg","type":"image\/jpeg"}],"author":"Ssuperadmin","twitter_card":"summary_large_image","twitter_misc":{"\u00c9crit par":"Ssuperadmin","Dur\u00e9e de lecture estim\u00e9e":"5 minutes"},"schema":{"@context":"https:\/\/schema.org","@graph":[{"@type":"Article","@id":"https:\/\/jazairhope.org\/fr\/georges-ibrahim-abdallah-otage-des-americano-sionistes-la-france-sous-le-veto-des-princes-qui-la-pilote\/#article","isPartOf":{"@id":"https:\/\/jazairhope.org\/fr\/georges-ibrahim-abdallah-otage-des-americano-sionistes-la-france-sous-le-veto-des-princes-qui-la-pilote\/"},"author":{"name":"Ssuperadmin","@id":"https:\/\/jazairhope.org\/fr\/#\/schema\/person\/43650ebd889d8960700b5456ed9264c4"},"headline":"Georges Ibrahim Abdallah, otage des am\u00e9ricano-sionistes. La France sous le v\u00e9to des \u2018princes\u2019 qui la pilotent !","datePublished":"2022-08-24T10:10:17+00:00","dateModified":"2022-08-24T11:41:07+00:00","mainEntityOfPage":{"@id":"https:\/\/jazairhope.org\/fr\/georges-ibrahim-abdallah-otage-des-americano-sionistes-la-france-sous-le-veto-des-princes-qui-la-pilote\/"},"wordCount":1125,"commentCount":1,"image":{"@id":"https:\/\/jazairhope.org\/fr\/georges-ibrahim-abdallah-otage-des-americano-sionistes-la-france-sous-le-veto-des-princes-qui-la-pilote\/#primaryimage"},"thumbnailUrl":"https:\/\/jazairhope.org\/wp-content\/uploads\/2022\/08\/up-40.jpg","articleSection":["Alg\u00e9rie Alg\u00e9rienne","Politique"],"inLanguage":"fr-FR","potentialAction":[{"@type":"CommentAction","name":"Comment","target":["https:\/\/jazairhope.org\/fr\/georges-ibrahim-abdallah-otage-des-americano-sionistes-la-france-sous-le-veto-des-princes-qui-la-pilote\/#respond"]}]},{"@type":"WebPage","@id":"https:\/\/jazairhope.org\/fr\/georges-ibrahim-abdallah-otage-des-americano-sionistes-la-france-sous-le-veto-des-princes-qui-la-pilote\/","url":"https:\/\/jazairhope.org\/fr\/georges-ibrahim-abdallah-otage-des-americano-sionistes-la-france-sous-le-veto-des-princes-qui-la-pilote\/","name":"Georges Ibrahim Abdallah, otage des am\u00e9ricano-sionistes. La France sous le v\u00e9to des \u2018princes\u2019 qui la pilotent ! - AAH.JZR","isPartOf":{"@id":"https:\/\/jazairhope.org\/fr\/#website"},"primaryImageOfPage":{"@id":"https:\/\/jazairhope.org\/fr\/georges-ibrahim-abdallah-otage-des-americano-sionistes-la-france-sous-le-veto-des-princes-qui-la-pilote\/#primaryimage"},"image":{"@id":"https:\/\/jazairhope.org\/fr\/georges-ibrahim-abdallah-otage-des-americano-sionistes-la-france-sous-le-veto-des-princes-qui-la-pilote\/#primaryimage"},"thumbnailUrl":"https:\/\/jazairhope.org\/wp-content\/uploads\/2022\/08\/up-40.jpg","datePublished":"2022-08-24T10:10:17+00:00","dateModified":"2022-08-24T11:41:07+00:00","author":{"@id":"https:\/\/jazairhope.org\/fr\/#\/schema\/person\/43650ebd889d8960700b5456ed9264c4"},"breadcrumb":{"@id":"https:\/\/jazairhope.org\/fr\/georges-ibrahim-abdallah-otage-des-americano-sionistes-la-france-sous-le-veto-des-princes-qui-la-pilote\/#breadcrumb"},"inLanguage":"fr-FR","potentialAction":[{"@type":"ReadAction","target":["https:\/\/jazairhope.org\/fr\/georges-ibrahim-abdallah-otage-des-americano-sionistes-la-france-sous-le-veto-des-princes-qui-la-pilote\/"]}]},{"@type":"ImageObject","inLanguage":"fr-FR","@id":"https:\/\/jazairhope.org\/fr\/georges-ibrahim-abdallah-otage-des-americano-sionistes-la-france-sous-le-veto-des-princes-qui-la-pilote\/#primaryimage","url":"https:\/\/jazairhope.org\/wp-content\/uploads\/2022\/08\/up-40.jpg","contentUrl":"https:\/\/jazairhope.org\/wp-content\/uploads\/2022\/08\/up-40.jpg","width":800,"height":445},{"@type":"BreadcrumbList","@id":"https:\/\/jazairhope.org\/fr\/georges-ibrahim-abdallah-otage-des-americano-sionistes-la-france-sous-le-veto-des-princes-qui-la-pilote\/#breadcrumb","itemListElement":[{"@type":"ListItem","position":1,"name":"Accueil","item":"https:\/\/jazairhope.org\/fr\/"},{"@type":"ListItem","position":2,"name":"Georges Ibrahim Abdallah, otage des am\u00e9ricano-sionistes. La France sous le v\u00e9to des \u2018princes\u2019 qui la pilotent !"}]},{"@type":"WebSite","@id":"https:\/\/jazairhope.org\/fr\/#website","url":"https:\/\/jazairhope.org\/fr\/","name":"AAH.JZR","description":"Environment, Health, Science, Art, Economics","potentialAction":[{"@type":"SearchAction","target":{"@type":"EntryPoint","urlTemplate":"https:\/\/jazairhope.org\/fr\/?s={search_term_string}"},"query-input":{"@type":"PropertyValueSpecification","valueRequired":true,"valueName":"search_term_string"}}],"inLanguage":"fr-FR"},{"@type":"Person","@id":"https:\/\/jazairhope.org\/fr\/#\/schema\/person\/43650ebd889d8960700b5456ed9264c4","name":"Ssuperadmin","image":{"@type":"ImageObject","inLanguage":"fr-FR","@id":"https:\/\/secure.gravatar.com\/avatar\/b4068e88b9c557952c81ca0efc4e11e19a2ed480173b8cef95a240894b16bf22?s=96&d=mm&r=g","url":"https:\/\/secure.gravatar.com\/avatar\/b4068e88b9c557952c81ca0efc4e11e19a2ed480173b8cef95a240894b16bf22?s=96&d=mm&r=g","contentUrl":"https:\/\/secure.gravatar.com\/avatar\/b4068e88b9c557952c81ca0efc4e11e19a2ed480173b8cef95a240894b16bf22?s=96&d=mm&r=g","caption":"Ssuperadmin"},"sameAs":["https:\/\/jazairhope.org"],"url":"https:\/\/jazairhope.org\/fr\/author\/superadmin\/"}]}},"views":257,"_links":{"self":[{"href":"https:\/\/jazairhope.org\/fr\/wp-json\/wp\/v2\/posts\/61042","targetHints":{"allow":["GET"]}}],"collection":[{"href":"https:\/\/jazairhope.org\/fr\/wp-json\/wp\/v2\/posts"}],"about":[{"href":"https:\/\/jazairhope.org\/fr\/wp-json\/wp\/v2\/types\/post"}],"author":[{"embeddable":true,"href":"https:\/\/jazairhope.org\/fr\/wp-json\/wp\/v2\/users\/1"}],"replies":[{"embeddable":true,"href":"https:\/\/jazairhope.org\/fr\/wp-json\/wp\/v2\/comments?post=61042"}],"version-history":[{"count":0,"href":"https:\/\/jazairhope.org\/fr\/wp-json\/wp\/v2\/posts\/61042\/revisions"}],"wp:featuredmedia":[{"embeddable":true,"href":"https:\/\/jazairhope.org\/fr\/wp-json\/wp\/v2\/media\/61044"}],"wp:attachment":[{"href":"https:\/\/jazairhope.org\/fr\/wp-json\/wp\/v2\/media?parent=61042"}],"wp:term":[{"taxonomy":"category","embeddable":true,"href":"https:\/\/jazairhope.org\/fr\/wp-json\/wp\/v2\/categories?post=61042"},{"taxonomy":"post_tag","embeddable":true,"href":"https:\/\/jazairhope.org\/fr\/wp-json\/wp\/v2\/tags?post=61042"}],"curies":[{"name":"wp","href":"https:\/\/api.w.org\/{rel}","templated":true}]}}