{"id":61533,"date":"2022-08-26T19:00:35","date_gmt":"2022-08-26T18:00:35","guid":{"rendered":"https:\/\/jazairhope.org\/?p=61533"},"modified":"2022-08-26T17:24:32","modified_gmt":"2022-08-26T16:24:32","slug":"lue-accuse-lespagne-victoire-de-lalgerie","status":"publish","type":"post","link":"https:\/\/jazairhope.org\/fr\/lue-accuse-lespagne-victoire-de-lalgerie\/","title":{"rendered":"L&#8217;UE accuse l&#8217;Espagne: Victoire de l&#8217;Alg\u00e9rie"},"content":{"rendered":"<p>L\u2019Europe accuse l\u2019Espagne d\u2019avoir dynamit\u00e9 les accords de gaz avec l\u2019Alg\u00e9rie et ordonne au premier ministre espagnol Pedro Sanchez de reprendre le dialogue \u00e9nerg\u00e9tique et avec Alger<\/p>\n<p>L\u2019Union Europ\u00e9enne accuse le premier ministre espagnol Sanchez d\u2019avoir dynamit\u00e9 les accords de gaz avec l\u2019Alg\u00e9rie et lui ordonne de reprendre le dialogue \u00e9nerg\u00e9tique avec Alg\u00e9rie, note le journal espagnol le Libre Mercado.<\/p>\n<p>Une position qui consacre la cr\u00e9dibilit\u00e9 dont b\u00e9n\u00e9ficie l\u2019Alg\u00e9rie dans la communaut\u00e9 internationale et atteste de la non-conformit\u00e9 de la politique du premier ministre espagnol avec la l\u00e9galit\u00e9 internationale.<\/p>\n<p>Le premier ministre espagnol Pedro Sanchez qui a saisi l\u2019Union Europ\u00e9enne contre l\u2019Alg\u00e9rie est accus\u00e9 de non respect de la l\u00e9galit\u00e9 internationale.<\/p>\n<p>L\u2019UE l\u2019accuse d\u2019\u0153uvrer contre les int\u00e9r\u00eats de l\u2019Europe en menant une politique hostile \u00e0 l\u2019Alg\u00e9rie.<\/p>\n<p>Une politique pro marocaine et qui accorde la caution \u00e0 la continuit\u00e9 de la colonisation du Sahara Occidental par le Maroc.<\/p>\n<p>Le non respect est caract\u00e9ris\u00e9 par le soutien ill\u00e9gal au plan marocain pour le Sahara Occidental.<\/p>\n<p>Le revirement de l\u2019Espagne pour le dossier du Sahara Occidental revient cher \u00e0 ce pays.<\/p>\n<p>L\u2019ancienne colonie de ce territoire, a pris la position du Maroc, en contradiction avec la l\u00e9galit\u00e9 internationale.<\/p>\n<p>L\u2019Alg\u00e9rie, a us\u00e9 de son droit pour revoir les accords avec l\u2019Espagne en mati\u00e8re de fourniture du gaz.<\/p>\n<p>Les hydrocarbures \u00e9tant r\u00e9gis par un contrat particulier, ces derniers continuent \u00e0 \u00eatre livr\u00e9s de l\u2019autre c\u00f4t\u00e9 de la M\u00e9diterran\u00e9e, mais \u00e0 une quantit\u00e9 bien inf\u00e9rieure et \u00e0 un prix plus cons\u00e9quent.<\/p>\n<p>Cependant, Madrid a enregistr\u00e9 une augmentation importante de sa facture \u00e9nerg\u00e9tique. Effectivement, l\u2019Espagne n\u2019a pas beaucoup d\u2019alternatives au gaz alg\u00e9rien contrairement \u00e0 quelques-uns de ses voisins europ\u00e9ens.<\/p>\n<p>D\u2019apr\u00e8s les sp\u00e9cialistes, la hausse a atteint les 300 % par rapport aux ann\u00e9es pr\u00e9c\u00e9dentes. Contraint d\u2019acheter du gaz naturel liqu\u00e9fi\u00e9, les d\u00e9penses s\u2019\u00e9l\u00e8veraient \u00e0 43 millions d\u2019euros pour les six mois \u00e9coul\u00e9s. Selon les pr\u00e9visions, la d\u00e9pense \u00e9nerg\u00e9tique de cette ann\u00e9e serait de plus de 40 milliards.<\/p>\n<p>L\u2019Alg\u00e9rie remporte une victoire. Le premier ministre espagnol, Pedro Sanchez, d\u00e9nonc\u00e9 dans son pays pour sa politique colonialiste contre le Sahara Occidental, est accus\u00e9 par l\u2019Europe qui ne veut pas la confrontation avec l\u2019Alg\u00e9rie en la conjoncture caract\u00e9ris\u00e9e par la crise du gaz.<\/p>\n<p>Source: AL24NEWS<\/p>\n","protected":false},"excerpt":{"rendered":"<p>L\u2019Europe accuse l\u2019Espagne d\u2019avoir dynamit\u00e9 les accords de gaz avec l\u2019Alg\u00e9rie et ordonne au premier ministre espagnol Pedro Sanchez de reprendre le&hellip;<\/p>\n","protected":false},"author":1,"featured_media":61535,"comment_status":"open","ping_status":"open","sticky":false,"template":"","format":"standard","meta":{"_lmt_disableupdate":"","_lmt_disable":"","footnotes":""},"categories":[49],"tags":[],"class_list":["post-61533","post","type-post","status-publish","format-standard","has-post-thumbnail","hentry","category-politique"],"yoast_head":"<!-- This site is optimized with the Yoast SEO plugin v27.3 - https:\/\/yoast.com\/product\/yoast-seo-wordpress\/ -->\n<title>L&#039;UE accuse l&#039;Espagne: Victoire de l&#039;Alg\u00e9rie - AAH.JZR<\/title>\n<meta name=\"robots\" content=\"index, follow, max-snippet:-1, max-image-preview:large, max-video-preview:-1\" \/>\n<link rel=\"canonical\" href=\"https:\/\/jazairhope.org\/fr\/lue-accuse-lespagne-victoire-de-lalgerie\/\" \/>\n<meta property=\"og:locale\" content=\"fr_FR\" \/>\n<meta property=\"og:type\" content=\"article\" \/>\n<meta property=\"og:title\" content=\"L&#039;UE accuse l&#039;Espagne: Victoire de l&#039;Alg\u00e9rie - AAH.JZR\" \/>\n<meta property=\"og:description\" content=\"L\u2019Europe accuse l\u2019Espagne d\u2019avoir dynamit\u00e9 les accords de gaz avec l\u2019Alg\u00e9rie et ordonne au premier ministre espagnol Pedro Sanchez de reprendre le&hellip;\" \/>\n<meta property=\"og:url\" content=\"https:\/\/jazairhope.org\/fr\/lue-accuse-lespagne-victoire-de-lalgerie\/\" \/>\n<meta property=\"og:site_name\" content=\"AAH.JZR\" \/>\n<meta property=\"article:publisher\" content=\"https:\/\/www.facebook.com\/jazairhope\" \/>\n<meta property=\"article:published_time\" content=\"2022-08-26T18:00:35+00:00\" \/>\n<meta property=\"og:image\" content=\"https:\/\/jazairhope.org\/wp-content\/uploads\/2022\/08\/telechargement-Sv9JZRHGLxti.jpg\" \/>\n\t<meta property=\"og:image:width\" content=\"285\" \/>\n\t<meta property=\"og:image:height\" content=\"160\" \/>\n\t<meta property=\"og:image:type\" content=\"image\/jpeg\" \/>\n<meta name=\"author\" content=\"Ssuperadmin\" \/>\n<meta name=\"twitter:card\" content=\"summary_large_image\" \/>\n<meta name=\"twitter:label1\" content=\"\u00c9crit par\" \/>\n\t<meta name=\"twitter:data1\" content=\"Ssuperadmin\" \/>\n\t<meta name=\"twitter:label2\" content=\"Dur\u00e9e de lecture estim\u00e9e\" \/>\n\t<meta name=\"twitter:data2\" content=\"2 minutes\" \/>\n<script type=\"application\/ld+json\" class=\"yoast-schema-graph\">{\"@context\":\"https:\\\/\\\/schema.org\",\"@graph\":[{\"@type\":\"Article\",\"@id\":\"https:\\\/\\\/jazairhope.org\\\/fr\\\/lue-accuse-lespagne-victoire-de-lalgerie\\\/#article\",\"isPartOf\":{\"@id\":\"https:\\\/\\\/jazairhope.org\\\/fr\\\/lue-accuse-lespagne-victoire-de-lalgerie\\\/\"},\"author\":{\"name\":\"Ssuperadmin\",\"@id\":\"https:\\\/\\\/jazairhope.org\\\/fr\\\/#\\\/schema\\\/person\\\/43650ebd889d8960700b5456ed9264c4\"},\"headline\":\"L&#8217;UE accuse l&#8217;Espagne: Victoire de l&#8217;Alg\u00e9rie\",\"datePublished\":\"2022-08-26T18:00:35+00:00\",\"mainEntityOfPage\":{\"@id\":\"https:\\\/\\\/jazairhope.org\\\/fr\\\/lue-accuse-lespagne-victoire-de-lalgerie\\\/\"},\"wordCount\":444,\"commentCount\":1,\"image\":{\"@id\":\"https:\\\/\\\/jazairhope.org\\\/fr\\\/lue-accuse-lespagne-victoire-de-lalgerie\\\/#primaryimage\"},\"thumbnailUrl\":\"https:\\\/\\\/jazairhope.org\\\/wp-content\\\/uploads\\\/2022\\\/08\\\/telechargement-Sv9JZRHGLxti.jpg\",\"articleSection\":[\"Politique\"],\"inLanguage\":\"fr-FR\",\"potentialAction\":[{\"@type\":\"CommentAction\",\"name\":\"Comment\",\"target\":[\"https:\\\/\\\/jazairhope.org\\\/fr\\\/lue-accuse-lespagne-victoire-de-lalgerie\\\/#respond\"]}]},{\"@type\":\"WebPage\",\"@id\":\"https:\\\/\\\/jazairhope.org\\\/fr\\\/lue-accuse-lespagne-victoire-de-lalgerie\\\/\",\"url\":\"https:\\\/\\\/jazairhope.org\\\/fr\\\/lue-accuse-lespagne-victoire-de-lalgerie\\\/\",\"name\":\"L'UE accuse l'Espagne: Victoire de l'Alg\u00e9rie - AAH.JZR\",\"isPartOf\":{\"@id\":\"https:\\\/\\\/jazairhope.org\\\/fr\\\/#website\"},\"primaryImageOfPage\":{\"@id\":\"https:\\\/\\\/jazairhope.org\\\/fr\\\/lue-accuse-lespagne-victoire-de-lalgerie\\\/#primaryimage\"},\"image\":{\"@id\":\"https:\\\/\\\/jazairhope.org\\\/fr\\\/lue-accuse-lespagne-victoire-de-lalgerie\\\/#primaryimage\"},\"thumbnailUrl\":\"https:\\\/\\\/jazairhope.org\\\/wp-content\\\/uploads\\\/2022\\\/08\\\/telechargement-Sv9JZRHGLxti.jpg\",\"datePublished\":\"2022-08-26T18:00:35+00:00\",\"author\":{\"@id\":\"https:\\\/\\\/jazairhope.org\\\/fr\\\/#\\\/schema\\\/person\\\/43650ebd889d8960700b5456ed9264c4\"},\"breadcrumb\":{\"@id\":\"https:\\\/\\\/jazairhope.org\\\/fr\\\/lue-accuse-lespagne-victoire-de-lalgerie\\\/#breadcrumb\"},\"inLanguage\":\"fr-FR\",\"potentialAction\":[{\"@type\":\"ReadAction\",\"target\":[\"https:\\\/\\\/jazairhope.org\\\/fr\\\/lue-accuse-lespagne-victoire-de-lalgerie\\\/\"]}]},{\"@type\":\"ImageObject\",\"inLanguage\":\"fr-FR\",\"@id\":\"https:\\\/\\\/jazairhope.org\\\/fr\\\/lue-accuse-lespagne-victoire-de-lalgerie\\\/#primaryimage\",\"url\":\"https:\\\/\\\/jazairhope.org\\\/wp-content\\\/uploads\\\/2022\\\/08\\\/telechargement-Sv9JZRHGLxti.jpg\",\"contentUrl\":\"https:\\\/\\\/jazairhope.org\\\/wp-content\\\/uploads\\\/2022\\\/08\\\/telechargement-Sv9JZRHGLxti.jpg\",\"width\":285,\"height\":160},{\"@type\":\"BreadcrumbList\",\"@id\":\"https:\\\/\\\/jazairhope.org\\\/fr\\\/lue-accuse-lespagne-victoire-de-lalgerie\\\/#breadcrumb\",\"itemListElement\":[{\"@type\":\"ListItem\",\"position\":1,\"name\":\"Accueil\",\"item\":\"https:\\\/\\\/jazairhope.org\\\/fr\\\/\"},{\"@type\":\"ListItem\",\"position\":2,\"name\":\"L&rsquo;UE accuse l&rsquo;Espagne: Victoire de l&rsquo;Alg\u00e9rie\"}]},{\"@type\":\"WebSite\",\"@id\":\"https:\\\/\\\/jazairhope.org\\\/fr\\\/#website\",\"url\":\"https:\\\/\\\/jazairhope.org\\\/fr\\\/\",\"name\":\"AAH.JZR\",\"description\":\"Environment, Health, Science, Art, Economics\",\"potentialAction\":[{\"@type\":\"SearchAction\",\"target\":{\"@type\":\"EntryPoint\",\"urlTemplate\":\"https:\\\/\\\/jazairhope.org\\\/fr\\\/?s={search_term_string}\"},\"query-input\":{\"@type\":\"PropertyValueSpecification\",\"valueRequired\":true,\"valueName\":\"search_term_string\"}}],\"inLanguage\":\"fr-FR\"},{\"@type\":\"Person\",\"@id\":\"https:\\\/\\\/jazairhope.org\\\/fr\\\/#\\\/schema\\\/person\\\/43650ebd889d8960700b5456ed9264c4\",\"name\":\"Ssuperadmin\",\"image\":{\"@type\":\"ImageObject\",\"inLanguage\":\"fr-FR\",\"@id\":\"https:\\\/\\\/secure.gravatar.com\\\/avatar\\\/b4068e88b9c557952c81ca0efc4e11e19a2ed480173b8cef95a240894b16bf22?s=96&d=mm&r=g\",\"url\":\"https:\\\/\\\/secure.gravatar.com\\\/avatar\\\/b4068e88b9c557952c81ca0efc4e11e19a2ed480173b8cef95a240894b16bf22?s=96&d=mm&r=g\",\"contentUrl\":\"https:\\\/\\\/secure.gravatar.com\\\/avatar\\\/b4068e88b9c557952c81ca0efc4e11e19a2ed480173b8cef95a240894b16bf22?s=96&d=mm&r=g\",\"caption\":\"Ssuperadmin\"},\"sameAs\":[\"https:\\\/\\\/jazairhope.org\"],\"url\":\"https:\\\/\\\/jazairhope.org\\\/fr\\\/author\\\/superadmin\\\/\"}]}<\/script>\n<!-- \/ Yoast SEO plugin. -->","yoast_head_json":{"title":"L'UE accuse l'Espagne: Victoire de l'Alg\u00e9rie - AAH.JZR","robots":{"index":"index","follow":"follow","max-snippet":"max-snippet:-1","max-image-preview":"max-image-preview:large","max-video-preview":"max-video-preview:-1"},"canonical":"https:\/\/jazairhope.org\/fr\/lue-accuse-lespagne-victoire-de-lalgerie\/","og_locale":"fr_FR","og_type":"article","og_title":"L'UE accuse l'Espagne: Victoire de l'Alg\u00e9rie - AAH.JZR","og_description":"L\u2019Europe accuse l\u2019Espagne d\u2019avoir dynamit\u00e9 les accords de gaz avec l\u2019Alg\u00e9rie et ordonne au premier ministre espagnol Pedro Sanchez de reprendre le&hellip;","og_url":"https:\/\/jazairhope.org\/fr\/lue-accuse-lespagne-victoire-de-lalgerie\/","og_site_name":"AAH.JZR","article_publisher":"https:\/\/www.facebook.com\/jazairhope","article_published_time":"2022-08-26T18:00:35+00:00","og_image":[{"width":285,"height":160,"url":"https:\/\/jazairhope.org\/wp-content\/uploads\/2022\/08\/telechargement-Sv9JZRHGLxti.jpg","type":"image\/jpeg"}],"author":"Ssuperadmin","twitter_card":"summary_large_image","twitter_misc":{"\u00c9crit par":"Ssuperadmin","Dur\u00e9e de lecture estim\u00e9e":"2 minutes"},"schema":{"@context":"https:\/\/schema.org","@graph":[{"@type":"Article","@id":"https:\/\/jazairhope.org\/fr\/lue-accuse-lespagne-victoire-de-lalgerie\/#article","isPartOf":{"@id":"https:\/\/jazairhope.org\/fr\/lue-accuse-lespagne-victoire-de-lalgerie\/"},"author":{"name":"Ssuperadmin","@id":"https:\/\/jazairhope.org\/fr\/#\/schema\/person\/43650ebd889d8960700b5456ed9264c4"},"headline":"L&#8217;UE accuse l&#8217;Espagne: Victoire de l&#8217;Alg\u00e9rie","datePublished":"2022-08-26T18:00:35+00:00","mainEntityOfPage":{"@id":"https:\/\/jazairhope.org\/fr\/lue-accuse-lespagne-victoire-de-lalgerie\/"},"wordCount":444,"commentCount":1,"image":{"@id":"https:\/\/jazairhope.org\/fr\/lue-accuse-lespagne-victoire-de-lalgerie\/#primaryimage"},"thumbnailUrl":"https:\/\/jazairhope.org\/wp-content\/uploads\/2022\/08\/telechargement-Sv9JZRHGLxti.jpg","articleSection":["Politique"],"inLanguage":"fr-FR","potentialAction":[{"@type":"CommentAction","name":"Comment","target":["https:\/\/jazairhope.org\/fr\/lue-accuse-lespagne-victoire-de-lalgerie\/#respond"]}]},{"@type":"WebPage","@id":"https:\/\/jazairhope.org\/fr\/lue-accuse-lespagne-victoire-de-lalgerie\/","url":"https:\/\/jazairhope.org\/fr\/lue-accuse-lespagne-victoire-de-lalgerie\/","name":"L'UE accuse l'Espagne: Victoire de l'Alg\u00e9rie - AAH.JZR","isPartOf":{"@id":"https:\/\/jazairhope.org\/fr\/#website"},"primaryImageOfPage":{"@id":"https:\/\/jazairhope.org\/fr\/lue-accuse-lespagne-victoire-de-lalgerie\/#primaryimage"},"image":{"@id":"https:\/\/jazairhope.org\/fr\/lue-accuse-lespagne-victoire-de-lalgerie\/#primaryimage"},"thumbnailUrl":"https:\/\/jazairhope.org\/wp-content\/uploads\/2022\/08\/telechargement-Sv9JZRHGLxti.jpg","datePublished":"2022-08-26T18:00:35+00:00","author":{"@id":"https:\/\/jazairhope.org\/fr\/#\/schema\/person\/43650ebd889d8960700b5456ed9264c4"},"breadcrumb":{"@id":"https:\/\/jazairhope.org\/fr\/lue-accuse-lespagne-victoire-de-lalgerie\/#breadcrumb"},"inLanguage":"fr-FR","potentialAction":[{"@type":"ReadAction","target":["https:\/\/jazairhope.org\/fr\/lue-accuse-lespagne-victoire-de-lalgerie\/"]}]},{"@type":"ImageObject","inLanguage":"fr-FR","@id":"https:\/\/jazairhope.org\/fr\/lue-accuse-lespagne-victoire-de-lalgerie\/#primaryimage","url":"https:\/\/jazairhope.org\/wp-content\/uploads\/2022\/08\/telechargement-Sv9JZRHGLxti.jpg","contentUrl":"https:\/\/jazairhope.org\/wp-content\/uploads\/2022\/08\/telechargement-Sv9JZRHGLxti.jpg","width":285,"height":160},{"@type":"BreadcrumbList","@id":"https:\/\/jazairhope.org\/fr\/lue-accuse-lespagne-victoire-de-lalgerie\/#breadcrumb","itemListElement":[{"@type":"ListItem","position":1,"name":"Accueil","item":"https:\/\/jazairhope.org\/fr\/"},{"@type":"ListItem","position":2,"name":"L&rsquo;UE accuse l&rsquo;Espagne: Victoire de l&rsquo;Alg\u00e9rie"}]},{"@type":"WebSite","@id":"https:\/\/jazairhope.org\/fr\/#website","url":"https:\/\/jazairhope.org\/fr\/","name":"AAH.JZR","description":"Environment, Health, Science, Art, Economics","potentialAction":[{"@type":"SearchAction","target":{"@type":"EntryPoint","urlTemplate":"https:\/\/jazairhope.org\/fr\/?s={search_term_string}"},"query-input":{"@type":"PropertyValueSpecification","valueRequired":true,"valueName":"search_term_string"}}],"inLanguage":"fr-FR"},{"@type":"Person","@id":"https:\/\/jazairhope.org\/fr\/#\/schema\/person\/43650ebd889d8960700b5456ed9264c4","name":"Ssuperadmin","image":{"@type":"ImageObject","inLanguage":"fr-FR","@id":"https:\/\/secure.gravatar.com\/avatar\/b4068e88b9c557952c81ca0efc4e11e19a2ed480173b8cef95a240894b16bf22?s=96&d=mm&r=g","url":"https:\/\/secure.gravatar.com\/avatar\/b4068e88b9c557952c81ca0efc4e11e19a2ed480173b8cef95a240894b16bf22?s=96&d=mm&r=g","contentUrl":"https:\/\/secure.gravatar.com\/avatar\/b4068e88b9c557952c81ca0efc4e11e19a2ed480173b8cef95a240894b16bf22?s=96&d=mm&r=g","caption":"Ssuperadmin"},"sameAs":["https:\/\/jazairhope.org"],"url":"https:\/\/jazairhope.org\/fr\/author\/superadmin\/"}]}},"views":500,"_links":{"self":[{"href":"https:\/\/jazairhope.org\/fr\/wp-json\/wp\/v2\/posts\/61533","targetHints":{"allow":["GET"]}}],"collection":[{"href":"https:\/\/jazairhope.org\/fr\/wp-json\/wp\/v2\/posts"}],"about":[{"href":"https:\/\/jazairhope.org\/fr\/wp-json\/wp\/v2\/types\/post"}],"author":[{"embeddable":true,"href":"https:\/\/jazairhope.org\/fr\/wp-json\/wp\/v2\/users\/1"}],"replies":[{"embeddable":true,"href":"https:\/\/jazairhope.org\/fr\/wp-json\/wp\/v2\/comments?post=61533"}],"version-history":[{"count":0,"href":"https:\/\/jazairhope.org\/fr\/wp-json\/wp\/v2\/posts\/61533\/revisions"}],"wp:featuredmedia":[{"embeddable":true,"href":"https:\/\/jazairhope.org\/fr\/wp-json\/wp\/v2\/media\/61535"}],"wp:attachment":[{"href":"https:\/\/jazairhope.org\/fr\/wp-json\/wp\/v2\/media?parent=61533"}],"wp:term":[{"taxonomy":"category","embeddable":true,"href":"https:\/\/jazairhope.org\/fr\/wp-json\/wp\/v2\/categories?post=61533"},{"taxonomy":"post_tag","embeddable":true,"href":"https:\/\/jazairhope.org\/fr\/wp-json\/wp\/v2\/tags?post=61533"}],"curies":[{"name":"wp","href":"https:\/\/api.w.org\/{rel}","templated":true}]}}