{"id":61555,"date":"2022-08-27T08:30:30","date_gmt":"2022-08-27T07:30:30","guid":{"rendered":"https:\/\/jazairhope.org\/?p=61555"},"modified":"2022-08-26T22:39:33","modified_gmt":"2022-08-26T21:39:33","slug":"pourquoi-le-president-francais-se-depeche-en-algerie","status":"publish","type":"post","link":"https:\/\/jazairhope.org\/fr\/pourquoi-le-president-francais-se-depeche-en-algerie\/","title":{"rendered":"Pourquoi le pr\u00e9sident fran\u00e7ais se d\u00e9p\u00eache en Alg\u00e9rie ?"},"content":{"rendered":"<h1 class=\"news-title-container\">Pourquoi le pr\u00e9sident fran\u00e7ais se d\u00e9p\u00eache en Alg\u00e9rie ?<\/h1>\n<div class=\"news-detail-top\">\n<div class=\"news-detail\">Friday, 26 August 2022 10:17 AM<\/div>\n<div class=\"clear\"><\/div>\n<\/div>\n<div class=\"news-body-container\">\n<div class=\"news-attachment-container\">\n<div id=\"mediaplayer\"><\/div>\n<p>Le pr\u00e9sident fran\u00e7ais Emmanuel Macron (G), accueilli par son homologue alg\u00e9rien Abdelmadjid Tebboune, passent en revue la garde d&#8217;honneur \u00e0 l&#8217;a\u00e9roport d&#8217;Alger, le 25 ao\u00fbt 2022. \u00a9AFP<\/p>\n<p>&nbsp;<\/p>\n<\/div>\n<div>\n<p><strong>Le pr\u00e9sident fran\u00e7ais Emmanuel Macron poursuit vendredi une visite de trois jours en Alg\u00e9rie, destin\u00e9e \u00e0 &#8220;b\u00e2tir l&#8217;avenir&#8221; sans rien occulter du pass\u00e9 colonial !\u00a0Depuis le 25 ao\u00fbt, le pr\u00e9sident fran\u00e7ais se trouve en Alg\u00e9rie. Pour l&#8217;analyste\u00a0pro-R\u00e9sistance,\u00a0cette visite ne peut ne pas avoir de liens avec cette extraordinaire inversion de tendance qui se pr\u00e9pare au Sahel ou le Mali qui\u00a0apr\u00e8s avoir mis \u00e0 la porte l&#8217;arm\u00e9e d\u2019occupation Barkhane, se pr\u00e9pare, preuve \u00e0 la main, \u00e0 tra\u00eener en justice la France atlantiste pour ses crimes de guerre et surtout sa complicit\u00e9 avec le terrorisme takfiriste. Cette visite est d&#8217;autant plus urgente que la R\u00e9sistance est appel\u00e9e par l&#8217;\u00e9tat malien \u00e0 prendre directement part \u00e0 cette guerre anti-Daech,\u00a0anti-OTAN, anti-US, bref anti terrorisme rien qu&#8217;\u00e0 en juger les acquis de la premi\u00e8re visite du ministre iranien des Affaires \u00e9trang\u00e8res au Mali. Le Sahel se trouve-t-il au seuil d&#8217;une guerre o\u00f9 l&#8217;axe anti colonialiste s&#8217;oppose aux n\u00e9o-colonisateurs? Une chose est s\u00fbre, l&#8217;Alg\u00e9rie est la cl\u00e9 de succ\u00e8s de cette guerre et comme toujours la t\u00eate de pont de la R\u00e9sistance\u2026 Pour le reste, les m\u00e9dias alg\u00e9riens n&#8217;attendent rien de Jupiter sinon qu&#8217;il booste la cause de normalisation pro-sioniste et qu&#8217;il qu\u00e9mande du gaz. Qu&#8217;en dit la presse alg\u00e9rienne ?<\/strong><\/p>\n<p>\u00ab<strong>\u00a0Qu\u2019attend l\u2019Alg\u00e9rie de Macron ?\u00a0\u00bb : ces m\u00e9dias fran\u00e7ais imbus et paternalistes<\/strong><\/p>\n<p>\u00ab\u00a0En Alg\u00e9rie, il n\u2019y a pas de travail, pas d\u2019avenir.\u00a0\u00bb Sentence d\u2019un Alg\u00e9rien lambda au micro d\u2019une cha\u00eene d\u2019information fran\u00e7aise, concomitamment \u00e0 la visite d\u2019Emmanuel Macron en Alg\u00e9rie.<\/p>\n<p>Voil\u00e0 donc le fond de la pens\u00e9e des m\u00e9dias fran\u00e7ais qui inversent les r\u00f4les et peinent \u00e0 se d\u00e9partir de leur paternalisme coutumier.<\/p>\n<p>Le locataire de l\u2019Elys\u00e9e aurait atterri \u00e0 l\u2019a\u00e9roport international Houari-Boumediene en \u00ab homme providence \u00bb venu sauver une Alg\u00e9rie naufrag\u00e9e. Les commentaires des m\u00e9dias fran\u00e7ais abondent tous dans le m\u00eame sens, celui d\u2019un pr\u00e9sident fran\u00e7ais flanqu\u00e9 d\u2019une arm\u00e9e de quatre-vingt-dix accompagnateurs de divers secteurs dont l\u2019offensive vise \u00e0 \u00ab venir en aide \u00bb au pays h\u00f4te, lit-on sur les colonnes du site Web alg\u00e9rien Alg\u00e9rie patriotique.<\/p>\n<div data-oembed-url=\"https:\/\/french.presstv.ir\/Detail\/2022\/08\/21\/687775\/D%C3%A9sempar%C3%A9-au-Sahel,-Macron-frappe-%C3%A0-la-porte-de-l-Alg%C3%A9rie--\"><\/div>\n<p>\u00ab\u00a0Macron voudra certainement colmater les br\u00e8ches caus\u00e9es par le retournement total du Mali, le sentiment antifran\u00e7ais qui se r\u00e9pand dans la r\u00e9gion et l\u2019influence grandissante de la Russie et de la Chine. Il cherchera \u00e0 consolider les livraisons de gaz et de p\u00e9trole apr\u00e8s les sanctions d\u00e9sastreuses prises contre la Russie et qui se retournent contre les Europ\u00e9ens. Il se fera le porte-parole de l\u2019OTAN, qui craint de voir l\u2019Alg\u00e9rie rejoindre les BRICS. Il vient donc en demandeur et devra donner des gages qui iront dans l\u2019int\u00e9r\u00eat de l\u2019Alg\u00e9rie. Cela n\u2019est pas dans sa nature, mais il devra faire preuve d\u2019humilit\u00e9\u00a0\u00bb, corrige l\u2019\u00e9crivain franco-marocain Jacob Cohen dans l\u2019interview qu\u2019il a accord\u00e9e \u00e0 Alg\u00e9rie patriotique.<\/p>\n<p>\u00ab\u00a0Les Alg\u00e9riens n\u2019attendent rien de Macron\u00a0\u00bb, r\u00e9agissent des sources proches du dossier qui rappellent que \u00ab\u00a0les changements qui s\u2019op\u00e8rent dans le monde depuis le lancement de l\u2019op\u00e9ration militaire sp\u00e9ciale russe en Ukraine montrent que les rapports de force sont en train de tourner en d\u00e9faveur de ce qui \u00e9tait consid\u00e9r\u00e9 jusqu\u2019\u00e0 r\u00e9cemment encore comme les puissances \u00e9conomiques et militaires mondiales\u00a0\u00bb.<\/p>\n<p>\u00ab\u00a0Lorsque les autorit\u00e9s fran\u00e7aises ont d\u00e9cid\u00e9 de punir les Alg\u00e9riens demandeurs de visas pour forcer le gouvernement alg\u00e9rien \u00e0 accepter d\u2019accueillir des sans-papiers dont il n\u2019est pas toujours certain qu\u2019ils soient de nationalit\u00e9 alg\u00e9rienne, les demandeurs d\u00e9bout\u00e9s n\u2019en sont pas morts\u00a0\u00bb, ironisent nos sources qui font remarquer que cette \u00ab\u00a0mesure de r\u00e9torsion boiteuse va finalement se retourner contre la France qui verra les cerveaux alg\u00e9riens lui pr\u00e9f\u00e9rer d\u2019autres destinations autrement plus attractives, comme le Canada, les Etats-Unis, la Grande-Bretagne, les pays situ\u00e9s du littoral du golfe Persique, la Turquie, etc.\u00a0\u00bb.<\/p>\n<p>\u00ab\u00a0Quant aux jeunes qui croient encore au r\u00eave europ\u00e9en, ils ont depuis longtemps trouv\u00e9 un autre moyen de se rendre sur la rive nord de la M\u00e9diterran\u00e9e, celui de l\u2019\u00e9migration clandestine. Ces jeunes ont compris depuis longtemps que risquer leur vie est quelque part moins intol\u00e9rable que l\u2019humiliation du refus de visa dont la justification est souvent humiliante\u00a0\u00bb, d\u00e9plorent nos sources, selon lesquelles \u00ab\u00a0les ann\u00e9es \u00e0 venir verront un flux inverse au regard des graves difficult\u00e9s \u00e9conomiques qui pointent \u00e0 l\u2019horizon en Occident\u00a0\u00bb.<\/p>\n<p>\u00ab\u00a0Les Alg\u00e9riens \u00e9tablis en France et ailleurs en Europe subissent de plein fouet les contrecoups de la crise prot\u00e9iforme qui \u00e9trangle jusque dans les classes moyennes dont le pouvoir d\u2019achat s\u2019\u00e9rode \u00e9galement\u00a0\u00bb, notent nos sources qui expliquent que \u00ab\u00a0ce renversement de situation qui n\u2019en est qu\u2019\u00e0 ses d\u00e9buts tord le cou au mythe d\u2019une France \u00e0 l\u2019abri du besoin, un mythe que le pr\u00e9sident fran\u00e7ais lui-m\u00eame vient de briser en affirmant que le temps de l\u2019abondance et de l\u2019insouciance \u00e9tait r\u00e9volu\u00a0\u00bb.<\/p>\n<p>La France a soif, suffoque, grelotera d\u00e8s cet hiver sans gaz russe et aura sans doute m\u00eame bient\u00f4t faim. Les queues de plus en plus longues devant les Restos du C\u0153ur et autres associations caritatives en sont le signe avant-coureur. Les m\u00e9dias fran\u00e7ais ont beau essayer de cacher cette v\u00e9rit\u00e9, elle s\u2019affiche par d\u2019autres canaux.<\/p>\n<\/div>\n<\/div>\n<div><\/div>\n<div class=\"div-share\">\u00a9AFP<\/div>\n","protected":false},"excerpt":{"rendered":"<p>Pourquoi le pr\u00e9sident fran\u00e7ais se d\u00e9p\u00eache en Alg\u00e9rie ? Friday, 26 August 2022 10:17 AM Le pr\u00e9sident fran\u00e7ais Emmanuel Macron (G), accueilli&hellip;<\/p>\n","protected":false},"author":1,"featured_media":61557,"comment_status":"open","ping_status":"open","sticky":false,"template":"","format":"standard","meta":{"_lmt_disableupdate":"","_lmt_disable":"","footnotes":""},"categories":[49],"tags":[],"class_list":["post-61555","post","type-post","status-publish","format-standard","has-post-thumbnail","hentry","category-politique"],"yoast_head":"<!-- This site is optimized with the Yoast SEO plugin v27.3 - https:\/\/yoast.com\/product\/yoast-seo-wordpress\/ -->\n<title>Pourquoi le pr\u00e9sident fran\u00e7ais se d\u00e9p\u00eache en Alg\u00e9rie ? - AAH.JZR<\/title>\n<meta name=\"robots\" content=\"index, follow, max-snippet:-1, max-image-preview:large, max-video-preview:-1\" \/>\n<link rel=\"canonical\" href=\"https:\/\/jazairhope.org\/fr\/pourquoi-le-president-francais-se-depeche-en-algerie\/\" \/>\n<meta property=\"og:locale\" content=\"fr_FR\" \/>\n<meta property=\"og:type\" content=\"article\" \/>\n<meta property=\"og:title\" content=\"Pourquoi le pr\u00e9sident fran\u00e7ais se d\u00e9p\u00eache en Alg\u00e9rie ? - AAH.JZR\" \/>\n<meta property=\"og:description\" content=\"Pourquoi le pr\u00e9sident fran\u00e7ais se d\u00e9p\u00eache en Alg\u00e9rie ? Friday, 26 August 2022 10:17 AM Le pr\u00e9sident fran\u00e7ais Emmanuel Macron (G), accueilli&hellip;\" \/>\n<meta property=\"og:url\" content=\"https:\/\/jazairhope.org\/fr\/pourquoi-le-president-francais-se-depeche-en-algerie\/\" \/>\n<meta property=\"og:site_name\" content=\"AAH.JZR\" \/>\n<meta property=\"article:publisher\" content=\"https:\/\/www.facebook.com\/jazairhope\" \/>\n<meta property=\"article:published_time\" content=\"2022-08-27T07:30:30+00:00\" \/>\n<meta property=\"og:image\" content=\"https:\/\/jazairhope.org\/wp-content\/uploads\/2022\/08\/90d85a2e-5a00-44cf-90f3-0680e32fb509.png\" \/>\n\t<meta property=\"og:image:width\" content=\"1000\" \/>\n\t<meta property=\"og:image:height\" content=\"563\" \/>\n\t<meta property=\"og:image:type\" content=\"image\/png\" \/>\n<meta name=\"author\" content=\"Ssuperadmin\" \/>\n<meta name=\"twitter:card\" content=\"summary_large_image\" \/>\n<meta name=\"twitter:label1\" content=\"\u00c9crit par\" \/>\n\t<meta name=\"twitter:data1\" content=\"Ssuperadmin\" \/>\n\t<meta name=\"twitter:label2\" content=\"Dur\u00e9e de lecture estim\u00e9e\" \/>\n\t<meta name=\"twitter:data2\" content=\"4 minutes\" \/>\n<script type=\"application\/ld+json\" class=\"yoast-schema-graph\">{\"@context\":\"https:\\\/\\\/schema.org\",\"@graph\":[{\"@type\":\"Article\",\"@id\":\"https:\\\/\\\/jazairhope.org\\\/fr\\\/pourquoi-le-president-francais-se-depeche-en-algerie\\\/#article\",\"isPartOf\":{\"@id\":\"https:\\\/\\\/jazairhope.org\\\/fr\\\/pourquoi-le-president-francais-se-depeche-en-algerie\\\/\"},\"author\":{\"name\":\"Ssuperadmin\",\"@id\":\"https:\\\/\\\/jazairhope.org\\\/fr\\\/#\\\/schema\\\/person\\\/43650ebd889d8960700b5456ed9264c4\"},\"headline\":\"Pourquoi le pr\u00e9sident fran\u00e7ais se d\u00e9p\u00eache en Alg\u00e9rie ?\",\"datePublished\":\"2022-08-27T07:30:30+00:00\",\"mainEntityOfPage\":{\"@id\":\"https:\\\/\\\/jazairhope.org\\\/fr\\\/pourquoi-le-president-francais-se-depeche-en-algerie\\\/\"},\"wordCount\":1030,\"commentCount\":0,\"image\":{\"@id\":\"https:\\\/\\\/jazairhope.org\\\/fr\\\/pourquoi-le-president-francais-se-depeche-en-algerie\\\/#primaryimage\"},\"thumbnailUrl\":\"https:\\\/\\\/jazairhope.org\\\/wp-content\\\/uploads\\\/2022\\\/08\\\/90d85a2e-5a00-44cf-90f3-0680e32fb509.png\",\"articleSection\":[\"Politique\"],\"inLanguage\":\"fr-FR\",\"potentialAction\":[{\"@type\":\"CommentAction\",\"name\":\"Comment\",\"target\":[\"https:\\\/\\\/jazairhope.org\\\/fr\\\/pourquoi-le-president-francais-se-depeche-en-algerie\\\/#respond\"]}]},{\"@type\":\"WebPage\",\"@id\":\"https:\\\/\\\/jazairhope.org\\\/fr\\\/pourquoi-le-president-francais-se-depeche-en-algerie\\\/\",\"url\":\"https:\\\/\\\/jazairhope.org\\\/fr\\\/pourquoi-le-president-francais-se-depeche-en-algerie\\\/\",\"name\":\"Pourquoi le pr\u00e9sident fran\u00e7ais se d\u00e9p\u00eache en Alg\u00e9rie ? - AAH.JZR\",\"isPartOf\":{\"@id\":\"https:\\\/\\\/jazairhope.org\\\/fr\\\/#website\"},\"primaryImageOfPage\":{\"@id\":\"https:\\\/\\\/jazairhope.org\\\/fr\\\/pourquoi-le-president-francais-se-depeche-en-algerie\\\/#primaryimage\"},\"image\":{\"@id\":\"https:\\\/\\\/jazairhope.org\\\/fr\\\/pourquoi-le-president-francais-se-depeche-en-algerie\\\/#primaryimage\"},\"thumbnailUrl\":\"https:\\\/\\\/jazairhope.org\\\/wp-content\\\/uploads\\\/2022\\\/08\\\/90d85a2e-5a00-44cf-90f3-0680e32fb509.png\",\"datePublished\":\"2022-08-27T07:30:30+00:00\",\"author\":{\"@id\":\"https:\\\/\\\/jazairhope.org\\\/fr\\\/#\\\/schema\\\/person\\\/43650ebd889d8960700b5456ed9264c4\"},\"breadcrumb\":{\"@id\":\"https:\\\/\\\/jazairhope.org\\\/fr\\\/pourquoi-le-president-francais-se-depeche-en-algerie\\\/#breadcrumb\"},\"inLanguage\":\"fr-FR\",\"potentialAction\":[{\"@type\":\"ReadAction\",\"target\":[\"https:\\\/\\\/jazairhope.org\\\/fr\\\/pourquoi-le-president-francais-se-depeche-en-algerie\\\/\"]}]},{\"@type\":\"ImageObject\",\"inLanguage\":\"fr-FR\",\"@id\":\"https:\\\/\\\/jazairhope.org\\\/fr\\\/pourquoi-le-president-francais-se-depeche-en-algerie\\\/#primaryimage\",\"url\":\"https:\\\/\\\/jazairhope.org\\\/wp-content\\\/uploads\\\/2022\\\/08\\\/90d85a2e-5a00-44cf-90f3-0680e32fb509.png\",\"contentUrl\":\"https:\\\/\\\/jazairhope.org\\\/wp-content\\\/uploads\\\/2022\\\/08\\\/90d85a2e-5a00-44cf-90f3-0680e32fb509.png\",\"width\":1000,\"height\":563},{\"@type\":\"BreadcrumbList\",\"@id\":\"https:\\\/\\\/jazairhope.org\\\/fr\\\/pourquoi-le-president-francais-se-depeche-en-algerie\\\/#breadcrumb\",\"itemListElement\":[{\"@type\":\"ListItem\",\"position\":1,\"name\":\"Accueil\",\"item\":\"https:\\\/\\\/jazairhope.org\\\/fr\\\/\"},{\"@type\":\"ListItem\",\"position\":2,\"name\":\"Pourquoi le pr\u00e9sident fran\u00e7ais se d\u00e9p\u00eache en Alg\u00e9rie ?\"}]},{\"@type\":\"WebSite\",\"@id\":\"https:\\\/\\\/jazairhope.org\\\/fr\\\/#website\",\"url\":\"https:\\\/\\\/jazairhope.org\\\/fr\\\/\",\"name\":\"AAH.JZR\",\"description\":\"Environment, Health, Science, Art, Economics\",\"potentialAction\":[{\"@type\":\"SearchAction\",\"target\":{\"@type\":\"EntryPoint\",\"urlTemplate\":\"https:\\\/\\\/jazairhope.org\\\/fr\\\/?s={search_term_string}\"},\"query-input\":{\"@type\":\"PropertyValueSpecification\",\"valueRequired\":true,\"valueName\":\"search_term_string\"}}],\"inLanguage\":\"fr-FR\"},{\"@type\":\"Person\",\"@id\":\"https:\\\/\\\/jazairhope.org\\\/fr\\\/#\\\/schema\\\/person\\\/43650ebd889d8960700b5456ed9264c4\",\"name\":\"Ssuperadmin\",\"image\":{\"@type\":\"ImageObject\",\"inLanguage\":\"fr-FR\",\"@id\":\"https:\\\/\\\/secure.gravatar.com\\\/avatar\\\/b4068e88b9c557952c81ca0efc4e11e19a2ed480173b8cef95a240894b16bf22?s=96&d=mm&r=g\",\"url\":\"https:\\\/\\\/secure.gravatar.com\\\/avatar\\\/b4068e88b9c557952c81ca0efc4e11e19a2ed480173b8cef95a240894b16bf22?s=96&d=mm&r=g\",\"contentUrl\":\"https:\\\/\\\/secure.gravatar.com\\\/avatar\\\/b4068e88b9c557952c81ca0efc4e11e19a2ed480173b8cef95a240894b16bf22?s=96&d=mm&r=g\",\"caption\":\"Ssuperadmin\"},\"sameAs\":[\"https:\\\/\\\/jazairhope.org\"],\"url\":\"https:\\\/\\\/jazairhope.org\\\/fr\\\/author\\\/superadmin\\\/\"}]}<\/script>\n<!-- \/ Yoast SEO plugin. -->","yoast_head_json":{"title":"Pourquoi le pr\u00e9sident fran\u00e7ais se d\u00e9p\u00eache en Alg\u00e9rie ? - AAH.JZR","robots":{"index":"index","follow":"follow","max-snippet":"max-snippet:-1","max-image-preview":"max-image-preview:large","max-video-preview":"max-video-preview:-1"},"canonical":"https:\/\/jazairhope.org\/fr\/pourquoi-le-president-francais-se-depeche-en-algerie\/","og_locale":"fr_FR","og_type":"article","og_title":"Pourquoi le pr\u00e9sident fran\u00e7ais se d\u00e9p\u00eache en Alg\u00e9rie ? - AAH.JZR","og_description":"Pourquoi le pr\u00e9sident fran\u00e7ais se d\u00e9p\u00eache en Alg\u00e9rie ? Friday, 26 August 2022 10:17 AM Le pr\u00e9sident fran\u00e7ais Emmanuel Macron (G), accueilli&hellip;","og_url":"https:\/\/jazairhope.org\/fr\/pourquoi-le-president-francais-se-depeche-en-algerie\/","og_site_name":"AAH.JZR","article_publisher":"https:\/\/www.facebook.com\/jazairhope","article_published_time":"2022-08-27T07:30:30+00:00","og_image":[{"width":1000,"height":563,"url":"https:\/\/jazairhope.org\/wp-content\/uploads\/2022\/08\/90d85a2e-5a00-44cf-90f3-0680e32fb509.png","type":"image\/png"}],"author":"Ssuperadmin","twitter_card":"summary_large_image","twitter_misc":{"\u00c9crit par":"Ssuperadmin","Dur\u00e9e de lecture estim\u00e9e":"4 minutes"},"schema":{"@context":"https:\/\/schema.org","@graph":[{"@type":"Article","@id":"https:\/\/jazairhope.org\/fr\/pourquoi-le-president-francais-se-depeche-en-algerie\/#article","isPartOf":{"@id":"https:\/\/jazairhope.org\/fr\/pourquoi-le-president-francais-se-depeche-en-algerie\/"},"author":{"name":"Ssuperadmin","@id":"https:\/\/jazairhope.org\/fr\/#\/schema\/person\/43650ebd889d8960700b5456ed9264c4"},"headline":"Pourquoi le pr\u00e9sident fran\u00e7ais se d\u00e9p\u00eache en Alg\u00e9rie ?","datePublished":"2022-08-27T07:30:30+00:00","mainEntityOfPage":{"@id":"https:\/\/jazairhope.org\/fr\/pourquoi-le-president-francais-se-depeche-en-algerie\/"},"wordCount":1030,"commentCount":0,"image":{"@id":"https:\/\/jazairhope.org\/fr\/pourquoi-le-president-francais-se-depeche-en-algerie\/#primaryimage"},"thumbnailUrl":"https:\/\/jazairhope.org\/wp-content\/uploads\/2022\/08\/90d85a2e-5a00-44cf-90f3-0680e32fb509.png","articleSection":["Politique"],"inLanguage":"fr-FR","potentialAction":[{"@type":"CommentAction","name":"Comment","target":["https:\/\/jazairhope.org\/fr\/pourquoi-le-president-francais-se-depeche-en-algerie\/#respond"]}]},{"@type":"WebPage","@id":"https:\/\/jazairhope.org\/fr\/pourquoi-le-president-francais-se-depeche-en-algerie\/","url":"https:\/\/jazairhope.org\/fr\/pourquoi-le-president-francais-se-depeche-en-algerie\/","name":"Pourquoi le pr\u00e9sident fran\u00e7ais se d\u00e9p\u00eache en Alg\u00e9rie ? - AAH.JZR","isPartOf":{"@id":"https:\/\/jazairhope.org\/fr\/#website"},"primaryImageOfPage":{"@id":"https:\/\/jazairhope.org\/fr\/pourquoi-le-president-francais-se-depeche-en-algerie\/#primaryimage"},"image":{"@id":"https:\/\/jazairhope.org\/fr\/pourquoi-le-president-francais-se-depeche-en-algerie\/#primaryimage"},"thumbnailUrl":"https:\/\/jazairhope.org\/wp-content\/uploads\/2022\/08\/90d85a2e-5a00-44cf-90f3-0680e32fb509.png","datePublished":"2022-08-27T07:30:30+00:00","author":{"@id":"https:\/\/jazairhope.org\/fr\/#\/schema\/person\/43650ebd889d8960700b5456ed9264c4"},"breadcrumb":{"@id":"https:\/\/jazairhope.org\/fr\/pourquoi-le-president-francais-se-depeche-en-algerie\/#breadcrumb"},"inLanguage":"fr-FR","potentialAction":[{"@type":"ReadAction","target":["https:\/\/jazairhope.org\/fr\/pourquoi-le-president-francais-se-depeche-en-algerie\/"]}]},{"@type":"ImageObject","inLanguage":"fr-FR","@id":"https:\/\/jazairhope.org\/fr\/pourquoi-le-president-francais-se-depeche-en-algerie\/#primaryimage","url":"https:\/\/jazairhope.org\/wp-content\/uploads\/2022\/08\/90d85a2e-5a00-44cf-90f3-0680e32fb509.png","contentUrl":"https:\/\/jazairhope.org\/wp-content\/uploads\/2022\/08\/90d85a2e-5a00-44cf-90f3-0680e32fb509.png","width":1000,"height":563},{"@type":"BreadcrumbList","@id":"https:\/\/jazairhope.org\/fr\/pourquoi-le-president-francais-se-depeche-en-algerie\/#breadcrumb","itemListElement":[{"@type":"ListItem","position":1,"name":"Accueil","item":"https:\/\/jazairhope.org\/fr\/"},{"@type":"ListItem","position":2,"name":"Pourquoi le pr\u00e9sident fran\u00e7ais se d\u00e9p\u00eache en Alg\u00e9rie ?"}]},{"@type":"WebSite","@id":"https:\/\/jazairhope.org\/fr\/#website","url":"https:\/\/jazairhope.org\/fr\/","name":"AAH.JZR","description":"Environment, Health, Science, Art, Economics","potentialAction":[{"@type":"SearchAction","target":{"@type":"EntryPoint","urlTemplate":"https:\/\/jazairhope.org\/fr\/?s={search_term_string}"},"query-input":{"@type":"PropertyValueSpecification","valueRequired":true,"valueName":"search_term_string"}}],"inLanguage":"fr-FR"},{"@type":"Person","@id":"https:\/\/jazairhope.org\/fr\/#\/schema\/person\/43650ebd889d8960700b5456ed9264c4","name":"Ssuperadmin","image":{"@type":"ImageObject","inLanguage":"fr-FR","@id":"https:\/\/secure.gravatar.com\/avatar\/b4068e88b9c557952c81ca0efc4e11e19a2ed480173b8cef95a240894b16bf22?s=96&d=mm&r=g","url":"https:\/\/secure.gravatar.com\/avatar\/b4068e88b9c557952c81ca0efc4e11e19a2ed480173b8cef95a240894b16bf22?s=96&d=mm&r=g","contentUrl":"https:\/\/secure.gravatar.com\/avatar\/b4068e88b9c557952c81ca0efc4e11e19a2ed480173b8cef95a240894b16bf22?s=96&d=mm&r=g","caption":"Ssuperadmin"},"sameAs":["https:\/\/jazairhope.org"],"url":"https:\/\/jazairhope.org\/fr\/author\/superadmin\/"}]}},"views":365,"_links":{"self":[{"href":"https:\/\/jazairhope.org\/fr\/wp-json\/wp\/v2\/posts\/61555","targetHints":{"allow":["GET"]}}],"collection":[{"href":"https:\/\/jazairhope.org\/fr\/wp-json\/wp\/v2\/posts"}],"about":[{"href":"https:\/\/jazairhope.org\/fr\/wp-json\/wp\/v2\/types\/post"}],"author":[{"embeddable":true,"href":"https:\/\/jazairhope.org\/fr\/wp-json\/wp\/v2\/users\/1"}],"replies":[{"embeddable":true,"href":"https:\/\/jazairhope.org\/fr\/wp-json\/wp\/v2\/comments?post=61555"}],"version-history":[{"count":0,"href":"https:\/\/jazairhope.org\/fr\/wp-json\/wp\/v2\/posts\/61555\/revisions"}],"wp:featuredmedia":[{"embeddable":true,"href":"https:\/\/jazairhope.org\/fr\/wp-json\/wp\/v2\/media\/61557"}],"wp:attachment":[{"href":"https:\/\/jazairhope.org\/fr\/wp-json\/wp\/v2\/media?parent=61555"}],"wp:term":[{"taxonomy":"category","embeddable":true,"href":"https:\/\/jazairhope.org\/fr\/wp-json\/wp\/v2\/categories?post=61555"},{"taxonomy":"post_tag","embeddable":true,"href":"https:\/\/jazairhope.org\/fr\/wp-json\/wp\/v2\/tags?post=61555"}],"curies":[{"name":"wp","href":"https:\/\/api.w.org\/{rel}","templated":true}]}}