{"id":62065,"date":"2022-08-31T19:00:30","date_gmt":"2022-08-31T18:00:30","guid":{"rendered":"https:\/\/jazairhope.org\/?p=62065"},"modified":"2023-10-27T20:51:07","modified_gmt":"2023-10-27T19:51:07","slug":"algerie-france-on-sait-tres-bien-que-ce-pays-nous-deteste-depuis-1962-declare-michel-onfray","status":"publish","type":"post","link":"https:\/\/jazairhope.org\/fr\/algerie-france-on-sait-tres-bien-que-ce-pays-nous-deteste-depuis-1962-declare-michel-onfray\/","title":{"rendered":"Alg\u00e9rie-France : \u00ab On sait tr\u00e8s bien que ce pays nous d\u00e9teste depuis 1962 \u00bb, d\u00e9clare Michel Onfray"},"content":{"rendered":"\t\t<div data-elementor-type=\"wp-post\" data-elementor-id=\"62065\" class=\"elementor elementor-62065\">\n\t\t\t\t\t\t<section class=\"penci-section penci-disSticky penci-structure-10 elementor-section elementor-top-section elementor-element elementor-element-33541695 elementor-section-boxed elementor-section-height-default elementor-section-height-default\" data-id=\"33541695\" data-element_type=\"section\" data-e-type=\"section\">\n\t\t\t\t\t\t<div class=\"elementor-container elementor-column-gap-default\">\n\t\t\t\t\t<div class=\"penci-ercol-100 penci-ercol-order-1 penci-sticky-ct    elementor-column elementor-col-100 elementor-top-column elementor-element elementor-element-3bd62a5e\" data-id=\"3bd62a5e\" data-element_type=\"column\" data-e-type=\"column\">\n\t\t\t<div class=\"elementor-widget-wrap elementor-element-populated\">\n\t\t\t\t\t\t<div class=\"elementor-element elementor-element-460bc2c2 elementor-widget elementor-widget-text-editor\" data-id=\"460bc2c2\" data-element_type=\"widget\" data-e-type=\"widget\" data-widget_type=\"text-editor.default\">\n\t\t\t\t<div class=\"elementor-widget-container\">\n\t\t\t\t\t\t\t\t\t<em>La derni\u00e8re visite d&#8217;Emmanuel Macron en Alg\u00e9rie continue de faire r\u00e9agir les Alg\u00e9riens et les Fran\u00e7ais. En effet, ils sont nombreux \u00e0 ne pas partager l&#8217;enthousiasme d&#8217;Emmanuel Macron et de Abdelmadjid Tebboune. C&#8217;est le cas du philosophe fran\u00e7ais Michel Onfray, qui s&#8217;est exprim\u00e9 dans la matinale de la chaine de t\u00e9l\u00e9vision CNews, ce mardi 30 ao\u00fbt.<\/em>\r\n\r\nLe philosophe est donc revenu sur la visite du pr\u00e9sident fran\u00e7ais en Alg\u00e9rie. Fid\u00e8le \u00e0 ses positions, Michel Onfray n\u2019a pas m\u00e2ch\u00e9 ses mots. Il a affirm\u00e9 qu&#8217; \u00ab il y a un probl\u00e8me avec l&#8217;Alg\u00e9rie, car on les laisse tenir un discours fautif \u00bb, en ajoutant : \u00ab on sait tr\u00e8s bien que ce pays nous d\u00e9teste depuis 1962 \u00bb. Le philosophe reproche donc \u00e0 l&#8217;Alg\u00e9rie de d\u00e9signer la France comme responsable de ses maux, allant jusqu&#8217;\u00e0 ajouter qu&#8217;\u00ab ils [les Alg\u00e9riens] n&#8217;ont rien fait de leur r\u00e9volution, ils ont voil\u00e9 les femmes, et se sont effondr\u00e9s intellectuellement \u00bb.\r\n\r\nCependant, le philosophe ne fait pas r\u00e9f\u00e9rence aux ann\u00e9es de colonisation \u00e0 l&#8217;origine de la situation actuelle. Faisant fi d&#8217;une longue p\u00e9riode de pers\u00e9cution et de pillage des richesses alg\u00e9riennes suivie d&#8217;une guerre ou l&#8217;arm\u00e9e fran\u00e7aise a utilis\u00e9 tous les moyens pour dompter un peuple qui s&#8217;est battu pour son ind\u00e9pendance, le philosophe fait preuve de r\u00e9flexions dignes de celles l&#8217;extr\u00eame droite fran\u00e7aise.\r\n\r\n\u00ab Nous allons couler parce que nous, Fran\u00e7ais, nous ne nous aimons plus, et que nous ne ch\u00e9rissons que ce qui nous salit, nous souille, nous corrompt, nous humilie, nous d\u00e9truit \u00bb, a \u00e9crit le philosophe dans son nouveau livre. Pour illustrer ses propos, Onfrey donne donc l\u2019exemple de la position d\u2019<a href=\"https:\/\/observalgerie.com\/2022\/08\/28\/politique\/visite-macron-algerie-resume\/\" rel=\"noopener\">Emmanuel Macron vis-\u00e0-vis de l\u2019Alg\u00e9rie<\/a>. Revenant sur la visite de Macron en Alg\u00e9rie Michel Onfray a qualifi\u00e9 de \u00ab d\u00e9lire \u00bb les propos du pr\u00e9sident de la R\u00e9publique, fran\u00e7aise. \u00ab Entre la France et l\u2019Alg\u00e9rie, ce qui reste c&#8217;est une histoire de respect, et d&#8217;amiti\u00e9, et j&#8217;ose, une histoire d\u2019amour \u00bb, se sont les propos dont il est question. Il conclut en parlant d&#8217;Emmanuel Macron : \u00ab une histoire d\u2019amour, il ne sait pas ce que c\u2019est. Il n\u2019a pas aim\u00e9, ce monsieur, pour parler d\u2019amour entre ces deux pays o\u00f9 nous sommes dans la domination \u00bb.\r\n\r\nSource: ObserAlg\u00e9rie 30\/08\/22\t\t\t\t\t\t\t\t<\/div>\n\t\t\t\t<\/div>\n\t\t\t\t\t<\/div>\n\t\t<\/div>\n\t\t\t\t\t<\/div>\n\t\t<\/section>\n\t\t\t\t<section class=\"penci-section penci-disSticky penci-structure-10 elementor-section elementor-top-section elementor-element elementor-element-93461b5 elementor-section-boxed elementor-section-height-default elementor-section-height-default\" data-id=\"93461b5\" data-element_type=\"section\" data-e-type=\"section\">\n\t\t\t\t\t\t<div class=\"elementor-container elementor-column-gap-default\">\n\t\t\t\t\t<div class=\"penci-ercol-100 penci-ercol-order-1 penci-sticky-ct    elementor-column elementor-col-100 elementor-top-column elementor-element elementor-element-221f7c5\" data-id=\"221f7c5\" data-element_type=\"column\" data-e-type=\"column\">\n\t\t\t<div class=\"elementor-widget-wrap elementor-element-populated\">\n\t\t\t\t\t\t<div class=\"elementor-element elementor-element-bc6a05e elementor-widget elementor-widget-penci-latest-posts\" data-id=\"bc6a05e\" data-element_type=\"widget\" data-e-type=\"widget\" data-widget_type=\"penci-latest-posts.default\">\n\t\t\t\t<div class=\"elementor-widget-container\">\n\t\t\t\t\t                <div id=\"pencilatest_posts_22910\" class=\"penci-latest-posts-sc penci-latest-posts-grid penci-latest-posts-el penci-el-mixed-s1 penci-std-continue-center penci-std-excerpt-center penci-grid-excerpt-left\">\n\t\t\t\t\t\t\t\t\t\t\t                        <div class=\"penci-border-arrow penci-homepage-title penci-home-latest-posts style-6 pcalign-left pciconp-right pcicon-right\">\n                            <h3 class=\"inner-arrow\">\n                                <span>\n\t\t\t\t\t\t\t\t<span>Heading Title<\/span>                                <\/span>\n                            <\/h3>\n\t\t\t\t\t\t\t                        <\/div>\n\t\t\t\t\t                    <div class=\"penci-wrapper-posts-ajax\">\n\n                        <div class=\"penci-wrapper-posts-content pwid-default\">\n\n\t\t\t\t\t\t\t\t\t\t\t\t\t\t\t                                <ul data-cols=\"3\" data-tcols=\"3\" data-mcols=\"2\" data-layout=\"grid\"\n                                    class=\"has-d-cols has-t-cols has-m-cols penci-wrapper-data penci-grid penci-shortcode-render\">\t\t\t\t\t\t\t\t\t\t\t\t\t\t\t\t\t\t\t\t<li class=\"grid-style\">\n    <article id=\"post-117764\" class=\"item hentry\">\n\t\t            <div class=\"thumbnail\">\n\t\t\t\t\t\t\t\t                    <a class=\"penci-image-holder penci-lazy\"\n                       data-bgset=\"https:\/\/jazairhope.org\/wp-content\/uploads\/2026\/04\/1jh-2-585x390.jpg\"\n                       href=\"https:\/\/jazairhope.org\/fr\/lapn-aux-competences-pas-aux-reseaux-briser-la-barriere-des-signatures\/\" title=\"R\u00e9flexion : L\u2019APN AUX COMP\u00c9TENCES, PAS AUX R\u00c9SEAUX OU COMMENT BRISER LA BARRI\u00c8RE DES SIGNATURES\">\n                    <\/a>\n\t\t\t\t\n\t\t\t\t\t\t\t\t\t\t\t\t\t\t\t\t\t\t\t\t\t\t\t\t\t\t\t\t\t\t\t\t\t            <\/div>\n\t\t\n        <div class=\"grid-header-box\">\n\t\t\t                <span class=\"cat\"><a style=\"\" class=\"penci-cat-name penci-cat-32\" href=\"https:\/\/jazairhope.org\/fr\/category\/algerie\/\"  rel=\"category tag\"><span style=\"\">Alg\u00e9rie Alg\u00e9rienne<\/span><\/a><a style=\"\" class=\"penci-cat-name penci-cat-39\" href=\"https:\/\/jazairhope.org\/fr\/category\/articles-en-vedette\/\"  rel=\"category tag\"><span style=\"\">Articles en vedette<\/span><\/a><a style=\"\" class=\"penci-cat-name penci-cat-49\" href=\"https:\/\/jazairhope.org\/fr\/category\/politique\/\"  rel=\"category tag\"><span style=\"\">Politique<\/span><\/a><\/span>\n\t\t\t\n            <h2 class=\"penci-entry-title entry-title grid-title\"><a\n                        href=\"https:\/\/jazairhope.org\/fr\/lapn-aux-competences-pas-aux-reseaux-briser-la-barriere-des-signatures\/\">R\u00e9flexion : L\u2019APN AUX COMP\u00c9TENCES, PAS AUX R\u00c9SEAUX OU COMMENT BRISER LA BARRI\u00c8RE DES SIGNATURES<\/a>\n            <\/h2>\n\t\t\t\t\t<div class=\"penci-hide-tagupdated\">\n\t\t\t<span class=\"author-italic author vcard\">by \t\t\t\t\t\t\t\t\t\t<a class=\"author-url url fn n\"\n\t\t\t\t\t\t\t\t\t\t\thref=\"https:\/\/jazairhope.org\/fr\/author\/hope-jazair\/\">Hope Jzr<\/a>\n\t\t\t\t\t\t\t\t\t<\/span>\n\t\t\t<time class=\"entry-date published\" datetime=\"2026-04-23T19:05:25+01:00\">avril 23, 2026<\/time>\t\t<\/div>\n\t\t\t\t\t\t                <div class=\"grid-post-box-meta\">\n\t\t\t\t\t                        <span class=\"otherl-date-author author-italic author vcard\">by                                 <a class=\"author-url url fn n\"\n                                   href=\"https:\/\/jazairhope.org\/fr\/author\/hope-jazair\/\">Hope Jzr<\/a>\n\t\t\t\t\t\t\t<\/span>\n\t\t\t\t\t\t\t\t\t\t                        <span class=\"otherl-date\"><time class=\"entry-date published\" datetime=\"2026-04-23T19:05:25+01:00\">avril 23, 2026<\/time><\/span>\n\t\t\t\t\t\t\t\t\t\t\t\t\t\t\t\t\t\t\t\t\t\t\t\t\t                <\/div>\n\t\t\t        <\/div>\n\n\t\t            <div class=\"item-content entry-content\">\n\t\t\t\t<p>Par Hope&amp;ChaDia Le principe des signatures pour se pr\u00e9senter \u00e0 une \u00e9lection repose sur une id\u00e9e simple : s\u2019assurer qu\u2019un candidat ne surgit pas sans ancrage r\u00e9el dans la soci\u00e9t\u00e9. &#8230;<\/p>\n            <\/div>\n\t\t\n\t\t\n\t\t            <div class=\"penci-post-box-meta penci-post-box-grid\">\n                <div class=\"penci-post-share-box\">\n\t\t\t\t\t<a href=\"#\" class=\"penci-post-like\" aria-label=\"Like this post\" data-post_id=\"117764\" title=\"Like\" data-like=\"Like\" data-unlike=\"Unlike\"><i class=\"penci-faicon fa fa-heart-o\" ><\/i><span class=\"dt-share\">0<\/span><\/a>\t\t\t\t\t<a class=\"new-ver-share post-share-item post-share-facebook\" aria-label=\"Share on Facebook\" target=\"_blank\"  rel=\"noreferrer\" href=\"https:\/\/www.facebook.com\/sharer\/sharer.php?u=https:\/\/jazairhope.org\/fr\/lapn-aux-competences-pas-aux-reseaux-briser-la-barriere-des-signatures\/\"><i class=\"penci-faicon fa fa-facebook\" ><\/i><span class=\"dt-share\">Facebook<\/span><\/a><a class=\"new-ver-share post-share-item post-share-twitter\" aria-label=\"Share on Twitter\" target=\"_blank\"  rel=\"noreferrer\" href=\"https:\/\/twitter.com\/intent\/tweet?text=Check%20out%20this%20article:%20R%C3%A9flexion%20%3A%20L%E2%80%99APN%20AUX%20COMP%C3%89TENCES%2C%20PAS%20AUX%20R%C3%89SEAUX%20OU%20COMMENT%20BRISER%20LA%20BARRI%C3%88RE%20DES%20SIGNATURES%20-%20https:\/\/jazairhope.org\/fr\/lapn-aux-competences-pas-aux-reseaux-briser-la-barriere-des-signatures\/\"><i class=\"penci-faicon penciicon-x-twitter\" ><\/i><span class=\"dt-share\">Twitter<\/span><\/a><a class=\"new-ver-share post-share-item post-share-pinterest\" aria-label=\"Pin to Pinterest\" data-pin-do=\"none\"  rel=\"noreferrer\" target=\"_blank\" href=\"https:\/\/www.pinterest.com\/pin\/create\/button\/?url=https%3A%2F%2Fjazairhope.org%2Ffr%2Flapn-aux-competences-pas-aux-reseaux-briser-la-barriere-des-signatures%2F&media=https%3A%2F%2Fjazairhope.org%2Fwp-content%2Fuploads%2F2026%2F04%2F1jh-2.jpg&description=R%C3%A9flexion+%3A+L%E2%80%99APN+AUX+COMP%C3%89TENCES%2C+PAS+AUX+R%C3%89SEAUX+OU+COMMENT+BRISER+LA+BARRI%C3%88RE+DES+SIGNATURES\"><i class=\"penci-faicon fa fa-pinterest\" ><\/i><span class=\"dt-share\">Pinterest<\/span><\/a><a class=\"new-ver-share post-share-item post-share-email\" target=\"_blank\" aria-label=\"Share via Email\"  rel=\"noreferrer\" href=\"mailto:?subject=R\u00e9flexion%20:%20L\u2019APN%20AUX%20COMP\u00c9TENCES,%20PAS%20AUX%20R\u00c9SEAUX%20OU%20COMMENT%20BRISER%20LA%20BARRI\u00c8RE%20DES%20SIGNATURES&#038;BODY=https:\/\/jazairhope.org\/fr\/lapn-aux-competences-pas-aux-reseaux-briser-la-barriere-des-signatures\/\"><i class=\"penci-faicon fa fa-envelope\" ><\/i><span class=\"dt-share\">Email<\/span><\/a>                <\/div>\n            <\/div>\n\t\t    <\/article>\n<\/li>\n<li class=\"grid-style\">\n    <article id=\"post-117759\" class=\"item hentry\">\n\t\t            <div class=\"thumbnail\">\n\t\t\t\t\t\t\t\t                    <a class=\"penci-image-holder penci-lazy\"\n                       data-bgset=\"https:\/\/jazairhope.org\/wp-content\/uploads\/2026\/04\/1JH-585x390.webp\"\n                       href=\"https:\/\/jazairhope.org\/fr\/le-president-tebboune-et-la-diplomatie-algerienne-frappent-un-grand-coup\/\" title=\"LE PR\u00c9SIDENT TEBBOUNE ET LA DIPLOMATIE ALG\u00c9RIENNE FRAPPENT UN GRAND COUP\">\n                    <\/a>\n\t\t\t\t\n\t\t\t\t\t\t\t\t\t\t\t\t\t\t\t\t\t\t\t\t\t\t\t\t\t\t\t\t\t\t\t\t\t            <\/div>\n\t\t\n        <div class=\"grid-header-box\">\n\t\t\t                <span class=\"cat\"><a style=\"\" class=\"penci-cat-name penci-cat-39\" href=\"https:\/\/jazairhope.org\/fr\/category\/articles-en-vedette\/\"  rel=\"category tag\"><span style=\"\">Articles en vedette<\/span><\/a><a style=\"\" class=\"penci-cat-name penci-cat-49\" href=\"https:\/\/jazairhope.org\/fr\/category\/politique\/\"  rel=\"category tag\"><span style=\"\">Politique<\/span><\/a><\/span>\n\t\t\t\n            <h2 class=\"penci-entry-title entry-title grid-title\"><a\n                        href=\"https:\/\/jazairhope.org\/fr\/le-president-tebboune-et-la-diplomatie-algerienne-frappent-un-grand-coup\/\">LE PR\u00c9SIDENT TEBBOUNE ET LA DIPLOMATIE ALG\u00c9RIENNE FRAPPENT UN GRAND COUP<\/a>\n            <\/h2>\n\t\t\t\t\t<div class=\"penci-hide-tagupdated\">\n\t\t\t<span class=\"author-italic author vcard\">by \t\t\t\t\t\t\t\t\t\t<a class=\"author-url url fn n\"\n\t\t\t\t\t\t\t\t\t\t\thref=\"https:\/\/jazairhope.org\/fr\/author\/hope-jazair\/\">Hope Jzr<\/a>\n\t\t\t\t\t\t\t\t\t<\/span>\n\t\t\t<time class=\"entry-date published\" datetime=\"2026-04-13T22:57:47+01:00\">avril 13, 2026<\/time>\t\t<\/div>\n\t\t\t\t\t\t                <div class=\"grid-post-box-meta\">\n\t\t\t\t\t                        <span class=\"otherl-date-author author-italic author vcard\">by                                 <a class=\"author-url url fn n\"\n                                   href=\"https:\/\/jazairhope.org\/fr\/author\/hope-jazair\/\">Hope Jzr<\/a>\n\t\t\t\t\t\t\t<\/span>\n\t\t\t\t\t\t\t\t\t\t                        <span class=\"otherl-date\"><time class=\"entry-date published\" datetime=\"2026-04-13T22:57:47+01:00\">avril 13, 2026<\/time><\/span>\n\t\t\t\t\t\t\t\t\t\t\t\t\t\t\t\t\t\t\t\t\t\t\t\t\t                <\/div>\n\t\t\t        <\/div>\n\n\t\t            <div class=\"item-content entry-content\">\n\t\t\t\t<p>La sc\u00e8ne est forte. Elle est m\u00eame rare. Une visite \u00e0 la fois spirituelle et \u00e9tatique, une pr\u00e9sence hautement symbolique sur le sol alg\u00e9rien, et un protocole ma\u00eetris\u00e9 dans les &#8230;<\/p>\n            <\/div>\n\t\t\n\t\t\n\t\t            <div class=\"penci-post-box-meta penci-post-box-grid\">\n                <div class=\"penci-post-share-box\">\n\t\t\t\t\t<a href=\"#\" class=\"penci-post-like\" aria-label=\"Like this post\" data-post_id=\"117759\" title=\"Like\" data-like=\"Like\" data-unlike=\"Unlike\"><i class=\"penci-faicon fa fa-heart-o\" ><\/i><span class=\"dt-share\">2<\/span><\/a>\t\t\t\t\t<a class=\"new-ver-share post-share-item post-share-facebook\" aria-label=\"Share on Facebook\" target=\"_blank\"  rel=\"noreferrer\" href=\"https:\/\/www.facebook.com\/sharer\/sharer.php?u=https:\/\/jazairhope.org\/fr\/le-president-tebboune-et-la-diplomatie-algerienne-frappent-un-grand-coup\/\"><i class=\"penci-faicon fa fa-facebook\" ><\/i><span class=\"dt-share\">Facebook<\/span><\/a><a class=\"new-ver-share post-share-item post-share-twitter\" aria-label=\"Share on Twitter\" target=\"_blank\"  rel=\"noreferrer\" href=\"https:\/\/twitter.com\/intent\/tweet?text=Check%20out%20this%20article:%20LE%20PR%C3%89SIDENT%20TEBBOUNE%20ET%20LA%20DIPLOMATIE%20ALG%C3%89RIENNE%20FRAPPENT%20UN%20GRAND%20COUP%20-%20https:\/\/jazairhope.org\/fr\/le-president-tebboune-et-la-diplomatie-algerienne-frappent-un-grand-coup\/\"><i class=\"penci-faicon penciicon-x-twitter\" ><\/i><span class=\"dt-share\">Twitter<\/span><\/a><a class=\"new-ver-share post-share-item post-share-pinterest\" aria-label=\"Pin to Pinterest\" data-pin-do=\"none\"  rel=\"noreferrer\" target=\"_blank\" href=\"https:\/\/www.pinterest.com\/pin\/create\/button\/?url=https%3A%2F%2Fjazairhope.org%2Ffr%2Fle-president-tebboune-et-la-diplomatie-algerienne-frappent-un-grand-coup%2F&media=https%3A%2F%2Fjazairhope.org%2Fwp-content%2Fuploads%2F2026%2F04%2F1JH.webp&description=LE+PR%C3%89SIDENT+TEBBOUNE+ET+LA+DIPLOMATIE+ALG%C3%89RIENNE+FRAPPENT+UN+GRAND+COUP\"><i class=\"penci-faicon fa fa-pinterest\" ><\/i><span class=\"dt-share\">Pinterest<\/span><\/a><a class=\"new-ver-share post-share-item post-share-email\" target=\"_blank\" aria-label=\"Share via Email\"  rel=\"noreferrer\" href=\"mailto:?subject=LE%20PR\u00c9SIDENT%20TEBBOUNE%20ET%20LA%20DIPLOMATIE%20ALG\u00c9RIENNE%20FRAPPENT%20UN%20GRAND%20COUP&#038;BODY=https:\/\/jazairhope.org\/fr\/le-president-tebboune-et-la-diplomatie-algerienne-frappent-un-grand-coup\/\"><i class=\"penci-faicon fa fa-envelope\" ><\/i><span class=\"dt-share\">Email<\/span><\/a>                <\/div>\n            <\/div>\n\t\t    <\/article>\n<\/li>\n<li class=\"grid-style\">\n    <article id=\"post-117741\" class=\"item hentry\">\n\t\t            <div class=\"thumbnail\">\n\t\t\t\t\t\t\t\t                    <a class=\"penci-image-holder penci-lazy\"\n                       data-bgset=\"https:\/\/jazairhope.org\/wp-content\/uploads\/2026\/04\/1jh-585x390.jpg\"\n                       href=\"https:\/\/jazairhope.org\/fr\/reflexion-algerie-entre-langage-diplomatique-et-coherence-doctrinale\/\" title=\"R\u00e9flexion \u2014 Alg\u00e9rie : entre Langage Diplomatique et Coh\u00e9rence Doctrinale\">\n                    <\/a>\n\t\t\t\t\n\t\t\t\t\t\t\t\t\t\t\t\t\t\t\t\t\t\t\t\t\t\t\t\t\t\t\t\t\t\t\t\t\t            <\/div>\n\t\t\n        <div class=\"grid-header-box\">\n\t\t\t                <span class=\"cat\"><a style=\"\" class=\"penci-cat-name penci-cat-39\" href=\"https:\/\/jazairhope.org\/fr\/category\/articles-en-vedette\/\"  rel=\"category tag\"><span style=\"\">Articles en vedette<\/span><\/a><a style=\"\" class=\"penci-cat-name penci-cat-49\" href=\"https:\/\/jazairhope.org\/fr\/category\/politique\/\"  rel=\"category tag\"><span style=\"\">Politique<\/span><\/a><\/span>\n\t\t\t\n            <h2 class=\"penci-entry-title entry-title grid-title\"><a\n                        href=\"https:\/\/jazairhope.org\/fr\/reflexion-algerie-entre-langage-diplomatique-et-coherence-doctrinale\/\">R\u00e9flexion \u2014 Alg\u00e9rie : entre Langage Diplomatique et Coh\u00e9rence Doctrinale<\/a>\n            <\/h2>\n\t\t\t\t\t<div class=\"penci-hide-tagupdated\">\n\t\t\t<span class=\"author-italic author vcard\">by \t\t\t\t\t\t\t\t\t\t<a class=\"author-url url fn n\"\n\t\t\t\t\t\t\t\t\t\t\thref=\"https:\/\/jazairhope.org\/fr\/author\/hope-jazair\/\">Hope Jzr<\/a>\n\t\t\t\t\t\t\t\t\t<\/span>\n\t\t\t<time class=\"entry-date published\" datetime=\"2026-04-03T23:23:42+01:00\">avril 3, 2026<\/time>\t\t<\/div>\n\t\t\t\t\t\t                <div class=\"grid-post-box-meta\">\n\t\t\t\t\t                        <span class=\"otherl-date-author author-italic author vcard\">by                                 <a class=\"author-url url fn n\"\n                                   href=\"https:\/\/jazairhope.org\/fr\/author\/hope-jazair\/\">Hope Jzr<\/a>\n\t\t\t\t\t\t\t<\/span>\n\t\t\t\t\t\t\t\t\t\t                        <span class=\"otherl-date\"><time class=\"entry-date published\" datetime=\"2026-04-03T23:23:42+01:00\">avril 3, 2026<\/time><\/span>\n\t\t\t\t\t\t\t\t\t\t\t\t\t\t\t\t\t\t\t\t\t\t\t\t\t                <\/div>\n\t\t\t        <\/div>\n\n\t\t            <div class=\"item-content entry-content\">\n\t\t\t\t<p>La phrase n\u2019a dur\u00e9 que quelques secondes. Mais elle a suffi \u00e0 installer un doute durable. En qualifiant certaines frappes d\u2019\u00ab agressions militaires iraniennes \u00bb, le discours officiel alg\u00e9rien a &#8230;<\/p>\n            <\/div>\n\t\t\n\t\t\n\t\t            <div class=\"penci-post-box-meta penci-post-box-grid\">\n                <div class=\"penci-post-share-box\">\n\t\t\t\t\t<a href=\"#\" class=\"penci-post-like\" aria-label=\"Like this post\" data-post_id=\"117741\" title=\"Like\" data-like=\"Like\" data-unlike=\"Unlike\"><i class=\"penci-faicon fa fa-heart-o\" ><\/i><span class=\"dt-share\">2<\/span><\/a>\t\t\t\t\t<a class=\"new-ver-share post-share-item post-share-facebook\" aria-label=\"Share on Facebook\" target=\"_blank\"  rel=\"noreferrer\" href=\"https:\/\/www.facebook.com\/sharer\/sharer.php?u=https:\/\/jazairhope.org\/fr\/reflexion-algerie-entre-langage-diplomatique-et-coherence-doctrinale\/\"><i class=\"penci-faicon fa fa-facebook\" ><\/i><span class=\"dt-share\">Facebook<\/span><\/a><a class=\"new-ver-share post-share-item post-share-twitter\" aria-label=\"Share on Twitter\" target=\"_blank\"  rel=\"noreferrer\" href=\"https:\/\/twitter.com\/intent\/tweet?text=Check%20out%20this%20article:%20R%C3%A9flexion%20%E2%80%94%20Alg%C3%A9rie%20%3A%20entre%20Langage%20Diplomatique%20et%20Coh%C3%A9rence%20Doctrinale%20-%20https:\/\/jazairhope.org\/fr\/reflexion-algerie-entre-langage-diplomatique-et-coherence-doctrinale\/\"><i class=\"penci-faicon penciicon-x-twitter\" ><\/i><span class=\"dt-share\">Twitter<\/span><\/a><a class=\"new-ver-share post-share-item post-share-pinterest\" aria-label=\"Pin to Pinterest\" data-pin-do=\"none\"  rel=\"noreferrer\" target=\"_blank\" href=\"https:\/\/www.pinterest.com\/pin\/create\/button\/?url=https%3A%2F%2Fjazairhope.org%2Ffr%2Freflexion-algerie-entre-langage-diplomatique-et-coherence-doctrinale%2F&media=https%3A%2F%2Fjazairhope.org%2Fwp-content%2Fuploads%2F2026%2F04%2F1jh.jpg&description=R%C3%A9flexion+%E2%80%94+Alg%C3%A9rie+%3A+entre+Langage+Diplomatique+et+Coh%C3%A9rence+Doctrinale\"><i class=\"penci-faicon fa fa-pinterest\" ><\/i><span class=\"dt-share\">Pinterest<\/span><\/a><a class=\"new-ver-share post-share-item post-share-email\" target=\"_blank\" aria-label=\"Share via Email\"  rel=\"noreferrer\" href=\"mailto:?subject=R\u00e9flexion%20\u2014%20Alg\u00e9rie%20:%20entre%20Langage%20Diplomatique%20et%20Coh\u00e9rence%20Doctrinale&#038;BODY=https:\/\/jazairhope.org\/fr\/reflexion-algerie-entre-langage-diplomatique-et-coherence-doctrinale\/\"><i class=\"penci-faicon fa fa-envelope\" ><\/i><span class=\"dt-share\">Email<\/span><\/a>                <\/div>\n            <\/div>\n\t\t    <\/article>\n<\/li>\n<li class=\"grid-style\">\n    <article id=\"post-117734\" class=\"item hentry\">\n\t\t            <div class=\"thumbnail\">\n\t\t\t\t\t\t\t\t                    <a class=\"penci-image-holder penci-lazy\"\n                       data-bgset=\"https:\/\/jazairhope.org\/wp-content\/uploads\/2026\/03\/1jh-1-585x390.jpg\"\n                       href=\"https:\/\/jazairhope.org\/fr\/la-pierre-angulaire-dune-modernisation-bancaire-en-algerie\/\" title=\"R\u00e9flexion : La Pierre Angulaire d\u2019une Mod\u00e9rnisation Bancaire en Alg\u00e9rie\">\n                    <\/a>\n\t\t\t\t\n\t\t\t\t\t\t\t\t\t\t\t\t\t\t\t\t\t\t\t\t\t\t\t\t\t\t\t\t\t\t\t\t\t            <\/div>\n\t\t\n        <div class=\"grid-header-box\">\n\t\t\t                <span class=\"cat\"><a style=\"\" class=\"penci-cat-name penci-cat-39\" href=\"https:\/\/jazairhope.org\/fr\/category\/articles-en-vedette\/\"  rel=\"category tag\"><span style=\"\">Articles en vedette<\/span><\/a><a style=\"\" class=\"penci-cat-name penci-cat-35\" href=\"https:\/\/jazairhope.org\/fr\/category\/economie\/\"  rel=\"category tag\"><span style=\"\">\u00c9conomie<\/span><\/a><\/span>\n\t\t\t\n            <h2 class=\"penci-entry-title entry-title grid-title\"><a\n                        href=\"https:\/\/jazairhope.org\/fr\/la-pierre-angulaire-dune-modernisation-bancaire-en-algerie\/\">R\u00e9flexion : La Pierre Angulaire d\u2019une Mod\u00e9rnisation Bancaire en Alg\u00e9rie<\/a>\n            <\/h2>\n\t\t\t\t\t<div class=\"penci-hide-tagupdated\">\n\t\t\t<span class=\"author-italic author vcard\">by \t\t\t\t\t\t\t\t\t\t<a class=\"author-url url fn n\"\n\t\t\t\t\t\t\t\t\t\t\thref=\"https:\/\/jazairhope.org\/fr\/author\/hope-jazair\/\">Hope Jzr<\/a>\n\t\t\t\t\t\t\t\t\t<\/span>\n\t\t\t<time class=\"entry-date published\" datetime=\"2026-03-17T03:25:50+01:00\">mars 17, 2026<\/time>\t\t<\/div>\n\t\t\t\t\t\t                <div class=\"grid-post-box-meta\">\n\t\t\t\t\t                        <span class=\"otherl-date-author author-italic author vcard\">by                                 <a class=\"author-url url fn n\"\n                                   href=\"https:\/\/jazairhope.org\/fr\/author\/hope-jazair\/\">Hope Jzr<\/a>\n\t\t\t\t\t\t\t<\/span>\n\t\t\t\t\t\t\t\t\t\t                        <span class=\"otherl-date\"><time class=\"entry-date published\" datetime=\"2026-03-17T03:25:50+01:00\">mars 17, 2026<\/time><\/span>\n\t\t\t\t\t\t\t\t\t\t\t\t\t\t\t\t\t\t\t\t\t\t\t\t\t                <\/div>\n\t\t\t        <\/div>\n\n\t\t            <div class=\"item-content entry-content\">\n\t\t\t\t<p>Le d\u00e9bat sur la r\u00e9forme du syst\u00e8me bancaire alg\u00e9rien revient r\u00e9guli\u00e8rement dans l\u2019espace public. On \u00e9voque la lenteur des proc\u00e9dures, le manque de comp\u00e9titivit\u00e9 des banques, la faiblesse de l\u2019innovation &#8230;<\/p>\n            <\/div>\n\t\t\n\t\t\n\t\t            <div class=\"penci-post-box-meta penci-post-box-grid\">\n                <div class=\"penci-post-share-box\">\n\t\t\t\t\t<a href=\"#\" class=\"penci-post-like\" aria-label=\"Like this post\" data-post_id=\"117734\" title=\"Like\" data-like=\"Like\" data-unlike=\"Unlike\"><i class=\"penci-faicon fa fa-heart-o\" ><\/i><span class=\"dt-share\">0<\/span><\/a>\t\t\t\t\t<a class=\"new-ver-share post-share-item post-share-facebook\" aria-label=\"Share on Facebook\" target=\"_blank\"  rel=\"noreferrer\" href=\"https:\/\/www.facebook.com\/sharer\/sharer.php?u=https:\/\/jazairhope.org\/fr\/la-pierre-angulaire-dune-modernisation-bancaire-en-algerie\/\"><i class=\"penci-faicon fa fa-facebook\" ><\/i><span class=\"dt-share\">Facebook<\/span><\/a><a class=\"new-ver-share post-share-item post-share-twitter\" aria-label=\"Share on Twitter\" target=\"_blank\"  rel=\"noreferrer\" href=\"https:\/\/twitter.com\/intent\/tweet?text=Check%20out%20this%20article:%20R%C3%A9flexion%20%3A%20La%20Pierre%20Angulaire%20d%E2%80%99une%20Mod%C3%A9rnisation%20Bancaire%20en%20Alg%C3%A9rie%20-%20https:\/\/jazairhope.org\/fr\/la-pierre-angulaire-dune-modernisation-bancaire-en-algerie\/\"><i class=\"penci-faicon penciicon-x-twitter\" ><\/i><span class=\"dt-share\">Twitter<\/span><\/a><a class=\"new-ver-share post-share-item post-share-pinterest\" aria-label=\"Pin to Pinterest\" data-pin-do=\"none\"  rel=\"noreferrer\" target=\"_blank\" href=\"https:\/\/www.pinterest.com\/pin\/create\/button\/?url=https%3A%2F%2Fjazairhope.org%2Ffr%2Fla-pierre-angulaire-dune-modernisation-bancaire-en-algerie%2F&media=https%3A%2F%2Fjazairhope.org%2Fwp-content%2Fuploads%2F2026%2F03%2F1jh-1.jpg&description=R%C3%A9flexion+%3A+La+Pierre+Angulaire+d%E2%80%99une+Mod%C3%A9rnisation+Bancaire+en+Alg%C3%A9rie\"><i class=\"penci-faicon fa fa-pinterest\" ><\/i><span class=\"dt-share\">Pinterest<\/span><\/a><a class=\"new-ver-share post-share-item post-share-email\" target=\"_blank\" aria-label=\"Share via Email\"  rel=\"noreferrer\" href=\"mailto:?subject=R\u00e9flexion%20:%20La%20Pierre%20Angulaire%20d\u2019une%20Mod\u00e9rnisation%20Bancaire%20en%20Alg\u00e9rie&#038;BODY=https:\/\/jazairhope.org\/fr\/la-pierre-angulaire-dune-modernisation-bancaire-en-algerie\/\"><i class=\"penci-faicon fa fa-envelope\" ><\/i><span class=\"dt-share\">Email<\/span><\/a>                <\/div>\n            <\/div>\n\t\t    <\/article>\n<\/li>\n<li class=\"grid-style\">\n    <article id=\"post-117729\" class=\"item hentry\">\n\t\t            <div class=\"thumbnail\">\n\t\t\t\t\t\t\t\t                    <a class=\"penci-image-holder penci-lazy\"\n                       data-bgset=\"https:\/\/jazairhope.org\/wp-content\/uploads\/2026\/03\/1jh-585x390.jpg\"\n                       href=\"https:\/\/jazairhope.org\/fr\/reflexion-iran-vs-usa-israel-decapitation-du-leadership-vs-ciblage-des-capacites-counterforce\/\" title=\"REFLEXION : IRAN vs USA\/ISRA\u00cbL \u2014 D\u00e9capitation du leadership vs Ciblage des capacit\u00e9s (Counterforce)\">\n                    <\/a>\n\t\t\t\t\n\t\t\t\t\t\t\t\t\t\t\t\t\t\t\t\t\t\t\t\t\t\t\t\t\t\t\t\t\t\t\t\t\t            <\/div>\n\t\t\n        <div class=\"grid-header-box\">\n\t\t\t                <span class=\"cat\"><a style=\"\" class=\"penci-cat-name penci-cat-39\" href=\"https:\/\/jazairhope.org\/fr\/category\/articles-en-vedette\/\"  rel=\"category tag\"><span style=\"\">Articles en vedette<\/span><\/a><a style=\"\" class=\"penci-cat-name penci-cat-49\" href=\"https:\/\/jazairhope.org\/fr\/category\/politique\/\"  rel=\"category tag\"><span style=\"\">Politique<\/span><\/a><\/span>\n\t\t\t\n            <h2 class=\"penci-entry-title entry-title grid-title\"><a\n                        href=\"https:\/\/jazairhope.org\/fr\/reflexion-iran-vs-usa-israel-decapitation-du-leadership-vs-ciblage-des-capacites-counterforce\/\">REFLEXION : IRAN vs USA\/ISRA\u00cbL \u2014 D\u00e9capitation du leadership vs Ciblage des capacit\u00e9s (Counterforce)<\/a>\n            <\/h2>\n\t\t\t\t\t<div class=\"penci-hide-tagupdated\">\n\t\t\t<span class=\"author-italic author vcard\">by \t\t\t\t\t\t\t\t\t\t<a class=\"author-url url fn n\"\n\t\t\t\t\t\t\t\t\t\t\thref=\"https:\/\/jazairhope.org\/fr\/author\/hope-jazair\/\">Hope Jzr<\/a>\n\t\t\t\t\t\t\t\t\t<\/span>\n\t\t\t<time class=\"entry-date published\" datetime=\"2026-03-01T16:41:29+01:00\">mars 1, 2026<\/time>\t\t<\/div>\n\t\t\t\t\t\t                <div class=\"grid-post-box-meta\">\n\t\t\t\t\t                        <span class=\"otherl-date-author author-italic author vcard\">by                                 <a class=\"author-url url fn n\"\n                                   href=\"https:\/\/jazairhope.org\/fr\/author\/hope-jazair\/\">Hope Jzr<\/a>\n\t\t\t\t\t\t\t<\/span>\n\t\t\t\t\t\t\t\t\t\t                        <span class=\"otherl-date\"><time class=\"entry-date published\" datetime=\"2026-03-01T16:41:29+01:00\">mars 1, 2026<\/time><\/span>\n\t\t\t\t\t\t\t\t\t\t\t\t\t\t\t\t\t\t\t\t\t\t\t\t\t                <\/div>\n\t\t\t        <\/div>\n\n\t\t            <div class=\"item-content entry-content\">\n\t\t\t\t<p>Dans les conflits modernes, les strat\u00e9gies militaires et politiques adopt\u00e9es par des \u00c9tats comme les \u00c9tats-Unis, Isra\u00ebl ou l\u2019Iran diff\u00e8rent profond\u00e9ment selon les objectifs poursuivis et les types de cibles &#8230;<\/p>\n            <\/div>\n\t\t\n\t\t\n\t\t            <div class=\"penci-post-box-meta penci-post-box-grid\">\n                <div class=\"penci-post-share-box\">\n\t\t\t\t\t<a href=\"#\" class=\"penci-post-like\" aria-label=\"Like this post\" data-post_id=\"117729\" title=\"Like\" data-like=\"Like\" data-unlike=\"Unlike\"><i class=\"penci-faicon fa fa-heart-o\" ><\/i><span class=\"dt-share\">0<\/span><\/a>\t\t\t\t\t<a class=\"new-ver-share post-share-item post-share-facebook\" aria-label=\"Share on Facebook\" target=\"_blank\"  rel=\"noreferrer\" href=\"https:\/\/www.facebook.com\/sharer\/sharer.php?u=https:\/\/jazairhope.org\/fr\/reflexion-iran-vs-usa-israel-decapitation-du-leadership-vs-ciblage-des-capacites-counterforce\/\"><i class=\"penci-faicon fa fa-facebook\" ><\/i><span class=\"dt-share\">Facebook<\/span><\/a><a class=\"new-ver-share post-share-item post-share-twitter\" aria-label=\"Share on Twitter\" target=\"_blank\"  rel=\"noreferrer\" href=\"https:\/\/twitter.com\/intent\/tweet?text=Check%20out%20this%20article:%20REFLEXION%20%3A%20IRAN%20vs%20USA%2FISRA%C3%8BL%20%E2%80%94%20D%C3%A9capitation%20du%20leadership%20vs%20Ciblage%20des%20capacit%C3%A9s%20%28Counterforce%29%20-%20https:\/\/jazairhope.org\/fr\/reflexion-iran-vs-usa-israel-decapitation-du-leadership-vs-ciblage-des-capacites-counterforce\/\"><i class=\"penci-faicon penciicon-x-twitter\" ><\/i><span class=\"dt-share\">Twitter<\/span><\/a><a class=\"new-ver-share post-share-item post-share-pinterest\" aria-label=\"Pin to Pinterest\" data-pin-do=\"none\"  rel=\"noreferrer\" target=\"_blank\" href=\"https:\/\/www.pinterest.com\/pin\/create\/button\/?url=https%3A%2F%2Fjazairhope.org%2Ffr%2Freflexion-iran-vs-usa-israel-decapitation-du-leadership-vs-ciblage-des-capacites-counterforce%2F&media=https%3A%2F%2Fjazairhope.org%2Fwp-content%2Fuploads%2F2026%2F03%2F1jh.jpg&description=REFLEXION+%3A+IRAN+vs+USA%2FISRA%C3%8BL+%E2%80%94+D%C3%A9capitation+du+leadership+vs+Ciblage+des+capacit%C3%A9s+%28Counterforce%29\"><i class=\"penci-faicon fa fa-pinterest\" ><\/i><span class=\"dt-share\">Pinterest<\/span><\/a><a class=\"new-ver-share post-share-item post-share-email\" target=\"_blank\" aria-label=\"Share via Email\"  rel=\"noreferrer\" href=\"mailto:?subject=REFLEXION%20:%20IRAN%20vs%20USA\/ISRA\u00cbL%20\u2014%20D\u00e9capitation%20du%20leadership%20vs%20Ciblage%20des%20capacit\u00e9s%20(Counterforce)&#038;BODY=https:\/\/jazairhope.org\/fr\/reflexion-iran-vs-usa-israel-decapitation-du-leadership-vs-ciblage-des-capacites-counterforce\/\"><i class=\"penci-faicon fa fa-envelope\" ><\/i><span class=\"dt-share\">Email<\/span><\/a>                <\/div>\n            <\/div>\n\t\t    <\/article>\n<\/li>\n<li class=\"grid-style\">\n    <article id=\"post-117721\" class=\"item hentry\">\n\t\t            <div class=\"thumbnail\">\n\t\t\t\t\t\t\t\t                    <a class=\"penci-image-holder penci-lazy\"\n                       data-bgset=\"https:\/\/jazairhope.org\/wp-content\/uploads\/2026\/02\/1jh-1-585x390.jpg\"\n                       href=\"https:\/\/jazairhope.org\/fr\/reflexion-justice-monetaire-reduire-linformel-elargir-la-fiscalite-proteger-les-plus-faibles\/\" title=\"R\u00c9FLEXION : Justice mon\u00e9taire \u2014 R\u00e9duire l&#8217;Informel, \u00c9largir la Fiscalit\u00e9, Prot\u00e9ger les plus Faibles\">\n                    <\/a>\n\t\t\t\t\n\t\t\t\t\t\t\t\t\t\t\t\t\t\t\t\t\t\t\t\t\t\t\t\t\t\t\t\t\t\t\t\t\t            <\/div>\n\t\t\n        <div class=\"grid-header-box\">\n\t\t\t                <span class=\"cat\"><a style=\"\" class=\"penci-cat-name penci-cat-39\" href=\"https:\/\/jazairhope.org\/fr\/category\/articles-en-vedette\/\"  rel=\"category tag\"><span style=\"\">Articles en vedette<\/span><\/a><a style=\"\" class=\"penci-cat-name penci-cat-45\" href=\"https:\/\/jazairhope.org\/fr\/category\/derniers-articles\/\"  rel=\"category tag\"><span style=\"\">Derniers articles<\/span><\/a><a style=\"\" class=\"penci-cat-name penci-cat-35\" href=\"https:\/\/jazairhope.org\/fr\/category\/economie\/\"  rel=\"category tag\"><span style=\"\">\u00c9conomie<\/span><\/a><\/span>\n\t\t\t\n            <h2 class=\"penci-entry-title entry-title grid-title\"><a\n                        href=\"https:\/\/jazairhope.org\/fr\/reflexion-justice-monetaire-reduire-linformel-elargir-la-fiscalite-proteger-les-plus-faibles\/\">R\u00c9FLEXION : Justice mon\u00e9taire \u2014 R\u00e9duire l&#8217;Informel, \u00c9largir la Fiscalit\u00e9, Prot\u00e9ger les plus Faibles<\/a>\n            <\/h2>\n\t\t\t\t\t<div class=\"penci-hide-tagupdated\">\n\t\t\t<span class=\"author-italic author vcard\">by \t\t\t\t\t\t\t\t\t\t<a class=\"author-url url fn n\"\n\t\t\t\t\t\t\t\t\t\t\thref=\"https:\/\/jazairhope.org\/fr\/author\/hope-jazair\/\">Hope Jzr<\/a>\n\t\t\t\t\t\t\t\t\t<\/span>\n\t\t\t<time class=\"entry-date published\" datetime=\"2026-02-20T01:29:37+01:00\">f\u00e9vrier 20, 2026<\/time>\t\t<\/div>\n\t\t\t\t\t\t                <div class=\"grid-post-box-meta\">\n\t\t\t\t\t                        <span class=\"otherl-date-author author-italic author vcard\">by                                 <a class=\"author-url url fn n\"\n                                   href=\"https:\/\/jazairhope.org\/fr\/author\/hope-jazair\/\">Hope Jzr<\/a>\n\t\t\t\t\t\t\t<\/span>\n\t\t\t\t\t\t\t\t\t\t                        <span class=\"otherl-date\"><time class=\"entry-date published\" datetime=\"2026-02-20T01:29:37+01:00\">f\u00e9vrier 20, 2026<\/time><\/span>\n\t\t\t\t\t\t\t\t\t\t\t\t\t\t\t\t\t\t\t\t\t\t\t\t\t                <\/div>\n\t\t\t        <\/div>\n\n\t\t            <div class=\"item-content entry-content\">\n\t\t\t\t<p>\u00c0 LIRE ET \u00c0 PARTAGER AVEC LE MINISTRE DES FINANCES, LE GOUVERNEUR DE LA BANQUE D\u2019ALG\u00c9RIE, AINSI QUE TOUS LES BANQUIERS ET EXPERTS MON\u00c9TAIRES POUR DISCUSSION ET CRITIQUE. CETTE R\u00c9FLEXION &#8230;<\/p>\n            <\/div>\n\t\t\n\t\t\n\t\t            <div class=\"penci-post-box-meta penci-post-box-grid\">\n                <div class=\"penci-post-share-box\">\n\t\t\t\t\t<a href=\"#\" class=\"penci-post-like\" aria-label=\"Like this post\" data-post_id=\"117721\" title=\"Like\" data-like=\"Like\" data-unlike=\"Unlike\"><i class=\"penci-faicon fa fa-heart-o\" ><\/i><span class=\"dt-share\">0<\/span><\/a>\t\t\t\t\t<a class=\"new-ver-share post-share-item post-share-facebook\" aria-label=\"Share on Facebook\" target=\"_blank\"  rel=\"noreferrer\" href=\"https:\/\/www.facebook.com\/sharer\/sharer.php?u=https:\/\/jazairhope.org\/fr\/reflexion-justice-monetaire-reduire-linformel-elargir-la-fiscalite-proteger-les-plus-faibles\/\"><i class=\"penci-faicon fa fa-facebook\" ><\/i><span class=\"dt-share\">Facebook<\/span><\/a><a class=\"new-ver-share post-share-item post-share-twitter\" aria-label=\"Share on Twitter\" target=\"_blank\"  rel=\"noreferrer\" href=\"https:\/\/twitter.com\/intent\/tweet?text=Check%20out%20this%20article:%20R%C3%89FLEXION%20%3A%20Justice%20mon%C3%A9taire%20%E2%80%94%20R%C3%A9duire%20l%27Informel%2C%20%C3%89largir%20la%20Fiscalit%C3%A9%2C%20Prot%C3%A9ger%20les%20plus%20Faibles%20-%20https:\/\/jazairhope.org\/fr\/reflexion-justice-monetaire-reduire-linformel-elargir-la-fiscalite-proteger-les-plus-faibles\/\"><i class=\"penci-faicon penciicon-x-twitter\" ><\/i><span class=\"dt-share\">Twitter<\/span><\/a><a class=\"new-ver-share post-share-item post-share-pinterest\" aria-label=\"Pin to Pinterest\" data-pin-do=\"none\"  rel=\"noreferrer\" target=\"_blank\" href=\"https:\/\/www.pinterest.com\/pin\/create\/button\/?url=https%3A%2F%2Fjazairhope.org%2Ffr%2Freflexion-justice-monetaire-reduire-linformel-elargir-la-fiscalite-proteger-les-plus-faibles%2F&media=https%3A%2F%2Fjazairhope.org%2Fwp-content%2Fuploads%2F2026%2F02%2F1jh-1.jpg&description=R%C3%89FLEXION+%3A+Justice+mon%C3%A9taire+%E2%80%94+R%C3%A9duire+l%27Informel%2C+%C3%89largir+la+Fiscalit%C3%A9%2C+Prot%C3%A9ger+les+plus+Faibles\"><i class=\"penci-faicon fa fa-pinterest\" ><\/i><span class=\"dt-share\">Pinterest<\/span><\/a><a class=\"new-ver-share post-share-item post-share-email\" target=\"_blank\" aria-label=\"Share via Email\"  rel=\"noreferrer\" href=\"mailto:?subject=R\u00c9FLEXION%20:%20Justice%20mon\u00e9taire%20\u2014%20R\u00e9duire%20l&#039;Informel,%20\u00c9largir%20la%20Fiscalit\u00e9,%20Prot\u00e9ger%20les%20plus%20Faibles&#038;BODY=https:\/\/jazairhope.org\/fr\/reflexion-justice-monetaire-reduire-linformel-elargir-la-fiscalite-proteger-les-plus-faibles\/\"><i class=\"penci-faicon fa fa-envelope\" ><\/i><span class=\"dt-share\">Email<\/span><\/a>                <\/div>\n            <\/div>\n\t\t    <\/article>\n<\/li>\n\n\t\t\t\t\t\t\t\t\t\t\t\t\t\t\t\t\t\t\t\t\t\t\t\t\t\t\t\t<\/ul>\n\t\t\t\t\t\t\t\t\t\t\t\t\t\t<div class=\"penci-pagination align-left\"><ul class='page-numbers'>\n\t<li><span aria-current=\"page\" class=\"page-numbers current\">1<\/span><\/li>\n\t<li><a class=\"page-numbers\" href=\"https:\/\/jazairhope.org\/fr\/wp-json\/wp\/v2\/posts\/62065\/page\/2\/\">2<\/a><\/li>\n\t<li><a class=\"page-numbers\" href=\"https:\/\/jazairhope.org\/fr\/wp-json\/wp\/v2\/posts\/62065\/page\/3\/\">3<\/a><\/li>\n\t<li><span class=\"page-numbers dots\">\u2026<\/span><\/li>\n\t<li><a class=\"page-numbers\" href=\"https:\/\/jazairhope.org\/fr\/wp-json\/wp\/v2\/posts\/62065\/page\/1360\/\">1\u00a0360<\/a><\/li>\n\t<li><a class=\"next page-numbers\" href=\"https:\/\/jazairhope.org\/fr\/wp-json\/wp\/v2\/posts\/62065\/page\/2\/\"><i class=\"penci-faicon fa fa-angle-right\" ><\/i><\/a><\/li>\n<\/ul>\n<\/div>\t\t\t\t\t\t\t                        <\/div>\n\n\t\t\t\t\t\t                    <\/div>\n                <\/div>\n\t\t\t            <style>\n                                                                                                                                                                            <\/style>\n\t\t\t\t\t\t\t<\/div>\n\t\t\t\t<\/div>\n\t\t\t\t<div class=\"elementor-element elementor-element-f6a3829 elementor-widget elementor-widget-penci-popular-posts\" data-id=\"f6a3829\" data-element_type=\"widget\" data-e-type=\"widget\" data-widget_type=\"penci-popular-posts.default\">\n\t\t\t\t<div class=\"elementor-widget-container\">\n\t\t\t\t\t            <div id=\"pencipopular_posts_83580\" class=\"penci-popular-posts-sc\">\n                <div class=\"penci-home-popular-posts use-heading-default\">\n\t\t\t\t\t\t\t\t\t\t\t                            <h2 class=\"home-pupular-posts-title \">\n\t\t\t\t\t\t\t\t<span>Heading Title<\/span>                            <\/h2>\n\t\t\t\t\t\t\t\t\t\t\t\n                    <div class=\"swiper penci-owl-carousel penci-owl-carousel-slider penci-related-carousel penci-home-popular-post\"                         data-lazy=\"true\" data-item=\"4\" data-desktop=\"4\"\n                         data-tablet=\"3\" data-tabsmall=\"2\" data-auto=\"false\" data-speed=\"300\"\n                         data-dots=\"true\" data-nav=\"false\">\n                        <div class=\"swiper-wrapper\">\n\t\t\t\t\t\t\t                                <div class=\"item-related swiper-slide\">\n                                    <div class=\"item-related-inner\">\n\t\t\t\t\t\t\t\t\t\t\t\t\t\t\t\t\t\t\t\t\t\n                                            <a  data-bgset=\"https:\/\/jazairhope.org\/wp-content\/uploads\/2026\/02\/ChatGPT-Image-Feb-14-2026-12_24_18-PM-585x390.png\"                                                    class=\"penci-lazy related-thumb penci-image-holder penci-lazy\"\n                                                    href=\"https:\/\/jazairhope.org\/fr\/pourquoi-epstein-maintenant-les-deux-hypotheses-trump-et-consequences-sur-la-guerre-ou-pas-contre-liran\/\"\n                                                    title=\"Pourquoi Epstein Maintenant ? Les Deux hypotheses Trump, et Consequences sur la Guerre ou pas contre l\u2019Iran.\">\n\n\t\t\t\t\t\t\t\t\t\t\t\t\n\t\t\t\t\t\t\t\t\t\t\t\t                                            <\/a>\n\t\t\t\t\t\t\t\t\t\t\n                                        <h3><a title=\"Pourquoi Epstein Maintenant ? Les Deux hypotheses Trump, et Consequences sur la Guerre ou pas contre l\u2019Iran.\"\n                                               href=\"https:\/\/jazairhope.org\/fr\/pourquoi-epstein-maintenant-les-deux-hypotheses-trump-et-consequences-sur-la-guerre-ou-pas-contre-liran\/\">Pourquoi Epstein Maintenant ? Les Deux hypotheses Trump, et Consequences...<\/a>\n                                        <\/h3>\n\t\t\t\t\t\t\t\t\t\t                                            <span class=\"date\"><time class=\"entry-date published\" datetime=\"2026-02-14T13:40:35+01:00\">f\u00e9vrier 14, 2026<\/time><\/span>\n\t\t\t\t\t\t\t\t\t\t                                    <\/div>\n                                <\/div>\n\t\t\t\t\t\t\t                                <div class=\"item-related swiper-slide\">\n                                    <div class=\"item-related-inner\">\n\t\t\t\t\t\t\t\t\t\t\t\t\t\t\t\t\t\t\t\t\t\n                                            <a  data-bgset=\"https:\/\/jazairhope.org\/wp-content\/uploads\/2026\/02\/1jh-585x390.png\"                                                    class=\"penci-lazy related-thumb penci-image-holder penci-lazy\"\n                                                    href=\"https:\/\/jazairhope.org\/fr\/coup-denvoi-la-numerisation-dans-sa-phase-decisive-linfrastructure-de-la-donnee-et-la-loi-en-place\/\"\n                                                    title=\"COUP D&#8217;ENVOI : LA NUM\u00c9RISATION DANS SA PHASE D\u00c9CISIVE \u2014 L\u2019INFRASTRUCTURE DE LA DONN\u00c9E ET LA LOI EN PLACE\">\n\n\t\t\t\t\t\t\t\t\t\t\t\t\n\t\t\t\t\t\t\t\t\t\t\t\t                                            <\/a>\n\t\t\t\t\t\t\t\t\t\t\n                                        <h3><a title=\"COUP D&#8217;ENVOI : LA NUM\u00c9RISATION DANS SA PHASE D\u00c9CISIVE \u2014 L\u2019INFRASTRUCTURE DE LA DONN\u00c9E ET LA LOI EN PLACE\"\n                                               href=\"https:\/\/jazairhope.org\/fr\/coup-denvoi-la-numerisation-dans-sa-phase-decisive-linfrastructure-de-la-donnee-et-la-loi-en-place\/\">COUP D&#8217;ENVOI : LA NUM\u00c9RISATION DANS SA PHASE D\u00c9CISIVE \u2014...<\/a>\n                                        <\/h3>\n\t\t\t\t\t\t\t\t\t\t                                            <span class=\"date\"><time class=\"entry-date published\" datetime=\"2026-02-10T20:49:55+01:00\">f\u00e9vrier 10, 2026<\/time><\/span>\n\t\t\t\t\t\t\t\t\t\t                                    <\/div>\n                                <\/div>\n\t\t\t\t\t\t\t                                <div class=\"item-related swiper-slide\">\n                                    <div class=\"item-related-inner\">\n\t\t\t\t\t\t\t\t\t\t\t\t\t\t\t\t\t\t\t\t\t\n                                            <a  data-bgset=\"https:\/\/jazairhope.org\/wp-content\/uploads\/2026\/02\/featured-51-585x390.jpg\"                                                    class=\"penci-lazy related-thumb penci-image-holder penci-lazy\"\n                                                    href=\"https:\/\/jazairhope.org\/fr\/vous-navez-pas-un-office-national-des-statistiques-dans-votre-cerveau\/\"\n                                                    title=\"Reflexion: Vous n\u2019avez pas un office national des statistiques dans votre cerveau\">\n\n\t\t\t\t\t\t\t\t\t\t\t\t\n\t\t\t\t\t\t\t\t\t\t\t\t                                            <\/a>\n\t\t\t\t\t\t\t\t\t\t\n                                        <h3><a title=\"Reflexion: Vous n\u2019avez pas un office national des statistiques dans votre cerveau\"\n                                               href=\"https:\/\/jazairhope.org\/fr\/vous-navez-pas-un-office-national-des-statistiques-dans-votre-cerveau\/\">Reflexion: Vous n\u2019avez pas un office national des statistiques dans...<\/a>\n                                        <\/h3>\n\t\t\t\t\t\t\t\t\t\t                                            <span class=\"date\"><time class=\"entry-date published\" datetime=\"2026-02-08T10:53:12+01:00\">f\u00e9vrier 8, 2026<\/time><\/span>\n\t\t\t\t\t\t\t\t\t\t                                    <\/div>\n                                <\/div>\n\t\t\t\t\t\t\t                                <div class=\"item-related swiper-slide\">\n                                    <div class=\"item-related-inner\">\n\t\t\t\t\t\t\t\t\t\t\t\t\t\t\t\t\t\t\t\t\t\n                                            <a  data-bgset=\"https:\/\/jazairhope.org\/wp-content\/uploads\/2026\/02\/imports-585x390.webp\"                                                    class=\"penci-lazy related-thumb penci-image-holder penci-lazy\"\n                                                    href=\"https:\/\/jazairhope.org\/fr\/importations-la-position-structurellement-autonome-de-lalgerie-revelee-par-les-donnees-mondiales\/\"\n                                                    title=\"Importations : la Position Structurellement Autonome de l\u2019Alg\u00e9rie R\u00e9v\u00e9l\u00e9e par les Donn\u00e9es Mondiales\">\n\n\t\t\t\t\t\t\t\t\t\t\t\t\n\t\t\t\t\t\t\t\t\t\t\t\t                                            <\/a>\n\t\t\t\t\t\t\t\t\t\t\n                                        <h3><a title=\"Importations : la Position Structurellement Autonome de l\u2019Alg\u00e9rie R\u00e9v\u00e9l\u00e9e par les Donn\u00e9es Mondiales\"\n                                               href=\"https:\/\/jazairhope.org\/fr\/importations-la-position-structurellement-autonome-de-lalgerie-revelee-par-les-donnees-mondiales\/\">Importations : la Position Structurellement Autonome de l\u2019Alg\u00e9rie R\u00e9v\u00e9l\u00e9e par...<\/a>\n                                        <\/h3>\n\t\t\t\t\t\t\t\t\t\t                                            <span class=\"date\"><time class=\"entry-date published\" datetime=\"2026-02-06T16:23:26+01:00\">f\u00e9vrier 6, 2026<\/time><\/span>\n\t\t\t\t\t\t\t\t\t\t                                    <\/div>\n                                <\/div>\n\t\t\t\t\t\t\t                                <div class=\"item-related swiper-slide\">\n                                    <div class=\"item-related-inner\">\n\t\t\t\t\t\t\t\t\t\t\t\t\t\t\t\t\t\t\t\t\t\n                                            <a  data-bgset=\"https:\/\/jazairhope.org\/wp-content\/uploads\/2026\/02\/featured-49-585x390.jpg\"                                                    class=\"penci-lazy related-thumb penci-image-holder penci-lazy\"\n                                                    href=\"https:\/\/jazairhope.org\/fr\/ghara-djebilet-ou-la-naissance-dune-puissance-industrielle-de-classe-mondiale\/\"\n                                                    title=\"Ghara Djebilet ou la naissance d&#8217;une puissance industrielle de classe mondiale\">\n\n\t\t\t\t\t\t\t\t\t\t\t\t\n\t\t\t\t\t\t\t\t\t\t\t\t                                            <\/a>\n\t\t\t\t\t\t\t\t\t\t\n                                        <h3><a title=\"Ghara Djebilet ou la naissance d&#8217;une puissance industrielle de classe mondiale\"\n                                               href=\"https:\/\/jazairhope.org\/fr\/ghara-djebilet-ou-la-naissance-dune-puissance-industrielle-de-classe-mondiale\/\">Ghara Djebilet ou la naissance d&#8217;une puissance industrielle de classe...<\/a>\n                                        <\/h3>\n\t\t\t\t\t\t\t\t\t\t                                            <span class=\"date\"><time class=\"entry-date published\" datetime=\"2026-02-03T19:50:53+01:00\">f\u00e9vrier 3, 2026<\/time><\/span>\n\t\t\t\t\t\t\t\t\t\t                                    <\/div>\n                                <\/div>\n\t\t\t\t\t\t\t                                <div class=\"item-related swiper-slide\">\n                                    <div class=\"item-related-inner\">\n\t\t\t\t\t\t\t\t\t\t\t\t\t\t\t\t\t\t\t\t\t\n                                            <a  data-bgset=\"https:\/\/jazairhope.org\/wp-content\/uploads\/2026\/02\/1jh-585x390.jpg\"                                                    class=\"penci-lazy related-thumb penci-image-holder penci-lazy\"\n                                                    href=\"https:\/\/jazairhope.org\/fr\/lallemagne-se-detourne-de-la-france-pour-rejoindre-laxe-alger-rome\/\"\n                                                    title=\"L\u2019ALLEMAGNE SE DETOURNE DE LA FRANCE POUR REJOINDRE L\u2019AXE ALGER\u2013ROME?\">\n\n\t\t\t\t\t\t\t\t\t\t\t\t\n\t\t\t\t\t\t\t\t\t\t\t\t                                            <\/a>\n\t\t\t\t\t\t\t\t\t\t\n                                        <h3><a title=\"L\u2019ALLEMAGNE SE DETOURNE DE LA FRANCE POUR REJOINDRE L\u2019AXE ALGER\u2013ROME?\"\n                                               href=\"https:\/\/jazairhope.org\/fr\/lallemagne-se-detourne-de-la-france-pour-rejoindre-laxe-alger-rome\/\">L\u2019ALLEMAGNE SE DETOURNE DE LA FRANCE POUR REJOINDRE L\u2019AXE ALGER\u2013ROME?<\/a>\n                                        <\/h3>\n\t\t\t\t\t\t\t\t\t\t                                            <span class=\"date\"><time class=\"entry-date published\" datetime=\"2026-02-02T13:03:34+01:00\">f\u00e9vrier 2, 2026<\/time><\/span>\n\t\t\t\t\t\t\t\t\t\t                                    <\/div>\n                                <\/div>\n\t\t\t\t\t\t\t                        <\/div>\n                    <\/div>\n                <\/div>\n            <\/div><!-- penci-popular_posts-sc -->\n\t\t\t\t\t\t\t<\/div>\n\t\t\t\t<\/div>\n\t\t\t\t\t<\/div>\n\t\t<\/div>\n\t\t\t\t\t<\/div>\n\t\t<\/section>\n\t\t\t\t<section class=\"penci-section penci-disSticky penci-structure-10 elementor-section elementor-top-section elementor-element elementor-element-86b326b elementor-section-boxed elementor-section-height-default elementor-section-height-default\" data-id=\"86b326b\" data-element_type=\"section\" data-e-type=\"section\">\n\t\t\t\t\t\t<div class=\"elementor-container elementor-column-gap-default\">\n\t\t\t\t\t<div class=\"penci-ercol-100 penci-ercol-order-1 penci-sticky-ct    elementor-column elementor-col-100 elementor-top-column elementor-element elementor-element-99eb15c\" data-id=\"99eb15c\" data-element_type=\"column\" data-e-type=\"column\">\n\t\t\t<div class=\"elementor-widget-wrap elementor-element-populated\">\n\t\t\t\t\t\t<div class=\"elementor-element elementor-element-afd0134 elementor-widget elementor-widget-penci-popular-posts\" data-id=\"afd0134\" data-element_type=\"widget\" data-e-type=\"widget\" data-widget_type=\"penci-popular-posts.default\">\n\t\t\t\t<div class=\"elementor-widget-container\">\n\t\t\t\t\t            <div id=\"pencipopular_posts_35181\" class=\"penci-popular-posts-sc\">\n                <div class=\"penci-home-popular-posts use-heading-default\">\n\t\t\t\t\t\t\t\t\t\t\t                            <h2 class=\"home-pupular-posts-title \">\n\t\t\t\t\t\t\t\t<span>Heading Title<\/span>                            <\/h2>\n\t\t\t\t\t\t\t\t\t\t\t\n                    <div class=\"swiper penci-owl-carousel penci-owl-carousel-slider penci-related-carousel penci-home-popular-post\"                         data-lazy=\"true\" data-item=\"4\" data-desktop=\"4\"\n                         data-tablet=\"3\" data-tabsmall=\"2\" data-auto=\"false\" data-speed=\"300\"\n                         data-dots=\"true\" data-nav=\"false\">\n                        <div class=\"swiper-wrapper\">\n\t\t\t\t\t\t\t                                <div class=\"item-related swiper-slide\">\n                                    <div class=\"item-related-inner\">\n\t\t\t\t\t\t\t\t\t\t\t\t\t\t\t\t\t\t\t\t\t\n                                            <a  data-bgset=\"https:\/\/jazairhope.org\/wp-content\/uploads\/2024\/01\/Capture-1-5-585x383.jpg\"                                                    class=\"penci-lazy related-thumb penci-image-holder penci-lazy\"\n                                                    href=\"https:\/\/jazairhope.org\/fr\/communique-justice-selective-et-double-standard\/\"\n                                                    title=\"Communiqu\u00e9 : Justice s\u00e9lective et double standard\">\n\n\t\t\t\t\t\t\t\t\t\t\t\t\n\t\t\t\t\t\t\t\t\t\t\t\t                                            <\/a>\n\t\t\t\t\t\t\t\t\t\t\n                                        <h3><a title=\"Communiqu\u00e9 : Justice s\u00e9lective et double standard\"\n                                               href=\"https:\/\/jazairhope.org\/fr\/communique-justice-selective-et-double-standard\/\">Communiqu\u00e9 : Justice s\u00e9lective et double standard<\/a>\n                                        <\/h3>\n\t\t\t\t\t\t\t\t\t\t                                            <span class=\"date\"><time class=\"entry-date published\" datetime=\"2024-01-09T11:54:51+01:00\">janvier 9, 2024<\/time><\/span>\n\t\t\t\t\t\t\t\t\t\t                                    <\/div>\n                                <\/div>\n\t\t\t\t\t\t\t                                <div class=\"item-related swiper-slide\">\n                                    <div class=\"item-related-inner\">\n\t\t\t\t\t\t\t\t\t\t\t\t\t\t\t\t\t\t\t\t\t\n                                            <a  data-bgset=\"https:\/\/jazairhope.org\/wp-content\/uploads\/2021\/04\/Litterature-algerienne-france.jpg\"                                                    class=\"penci-lazy related-thumb penci-image-holder penci-lazy\"\n                                                    href=\"https:\/\/jazairhope.org\/fr\/litterature-et-nuisance-nationaux-algeriens-et-bi-nationaux-franco-algeriens-contre-letat-sous-legide-de-la-france\/\"\n                                                    title=\"Litt\u00e9rature et nuisance : Nationaux alg\u00e9riens et bi-nationaux franco-alg\u00e9riens contre l\u2019\u00c9tat sous l\u2019\u00e9gide de la France\">\n\n\t\t\t\t\t\t\t\t\t\t\t\t\n\t\t\t\t\t\t\t\t\t\t\t\t                                            <\/a>\n\t\t\t\t\t\t\t\t\t\t\n                                        <h3><a title=\"Litt\u00e9rature et nuisance : Nationaux alg\u00e9riens et bi-nationaux franco-alg\u00e9riens contre l\u2019\u00c9tat sous l\u2019\u00e9gide de la France\"\n                                               href=\"https:\/\/jazairhope.org\/fr\/litterature-et-nuisance-nationaux-algeriens-et-bi-nationaux-franco-algeriens-contre-letat-sous-legide-de-la-france\/\">Litt\u00e9rature et nuisance : Nationaux alg\u00e9riens et bi-nationaux franco-alg\u00e9riens contre...<\/a>\n                                        <\/h3>\n\t\t\t\t\t\t\t\t\t\t                                            <span class=\"date\"><time class=\"entry-date published\" datetime=\"2021-04-25T15:07:55+01:00\">avril 25, 2021<\/time><\/span>\n\t\t\t\t\t\t\t\t\t\t                                    <\/div>\n                                <\/div>\n\t\t\t\t\t\t\t                                <div class=\"item-related swiper-slide\">\n                                    <div class=\"item-related-inner\">\n\t\t\t\t\t\t\t\t\t\t\t\t\t\t\t\t\t\t\t\t\t\n                                            <a  data-bgset=\"https:\/\/jazairhope.org\/wp-content\/uploads\/2021\/12\/Ain_Madhi-scaled.jpg\"                                                    class=\"penci-lazy related-thumb penci-image-holder penci-lazy\"\n                                                    href=\"https:\/\/jazairhope.org\/fr\/la-tidjania-enjeu-strategique-entre-lalgerie-et-le-maroc\/\"\n                                                    title=\"La Tidjania enjeu strat\u00e9gique entre l&#8217;Alg\u00e9rie et le Maroc\">\n\n\t\t\t\t\t\t\t\t\t\t\t\t\n\t\t\t\t\t\t\t\t\t\t\t\t                                            <\/a>\n\t\t\t\t\t\t\t\t\t\t\n                                        <h3><a title=\"La Tidjania enjeu strat\u00e9gique entre l&#8217;Alg\u00e9rie et le Maroc\"\n                                               href=\"https:\/\/jazairhope.org\/fr\/la-tidjania-enjeu-strategique-entre-lalgerie-et-le-maroc\/\">La Tidjania enjeu strat\u00e9gique entre l&#8217;Alg\u00e9rie et le Maroc<\/a>\n                                        <\/h3>\n\t\t\t\t\t\t\t\t\t\t                                            <span class=\"date\"><time class=\"entry-date published\" datetime=\"2021-12-10T09:02:25+01:00\">d\u00e9cembre 10, 2021<\/time><\/span>\n\t\t\t\t\t\t\t\t\t\t                                    <\/div>\n                                <\/div>\n\t\t\t\t\t\t\t                                <div class=\"item-related swiper-slide\">\n                                    <div class=\"item-related-inner\">\n\t\t\t\t\t\t\t\t\t\t\t\t\t\t\t\t\t\t\t\t\t\n                                            <a  data-bgset=\"https:\/\/jazairhope.org\/wp-content\/uploads\/2023\/12\/jh-1-WhUoBNnPrzvV-400x390.jpg\"                                                    class=\"penci-lazy related-thumb penci-image-holder penci-lazy\"\n                                                    href=\"https:\/\/jazairhope.org\/fr\/le-bulletin-de-lex-general-delawarde-du-6-janvier-2024-information-occultee-par-les-medias-mainstream\/\"\n                                                    title=\"Le Bulletin De l&#8217;Ex G\u00e9n\u00e9ral Delawarde &#8211; du 6 janvier 2024 &#8211; Information occult\u00e9e par les m\u00e9dias mainstream  \u00a0\">\n\n\t\t\t\t\t\t\t\t\t\t\t\t\n\t\t\t\t\t\t\t\t\t\t\t\t                                            <\/a>\n\t\t\t\t\t\t\t\t\t\t\n                                        <h3><a title=\"Le Bulletin De l&#8217;Ex G\u00e9n\u00e9ral Delawarde &#8211; du 6 janvier 2024 &#8211; Information occult\u00e9e par les m\u00e9dias mainstream  \u00a0\"\n                                               href=\"https:\/\/jazairhope.org\/fr\/le-bulletin-de-lex-general-delawarde-du-6-janvier-2024-information-occultee-par-les-medias-mainstream\/\">Le Bulletin De l&#8217;Ex G\u00e9n\u00e9ral Delawarde &#8211; du 6 janvier...<\/a>\n                                        <\/h3>\n\t\t\t\t\t\t\t\t\t\t                                            <span class=\"date\"><time class=\"entry-date published\" datetime=\"2024-01-06T12:28:36+01:00\">janvier 6, 2024<\/time><\/span>\n\t\t\t\t\t\t\t\t\t\t                                    <\/div>\n                                <\/div>\n\t\t\t\t\t\t\t                                <div class=\"item-related swiper-slide\">\n                                    <div class=\"item-related-inner\">\n\t\t\t\t\t\t\t\t\t\t\t\t\t\t\t\t\t\t\t\t\t\n                                            <a  data-bgset=\"https:\/\/jazairhope.org\/wp-content\/uploads\/2021\/06\/france-algerie.jpg\"                                                    class=\"penci-lazy related-thumb penci-image-holder penci-lazy\"\n                                                    href=\"https:\/\/jazairhope.org\/fr\/la-francalgerie-des-mallettes-comment-les-reseaux-francais-ont-pourri-leconomie-algerienne\/\"\n                                                    title=\"La fran\u00e7alg\u00e9rie des mallettes: Comment les r\u00e9seaux fran\u00e7ais ont pourri l\u2019\u00e9conomie alg\u00e9rienne\u2026\">\n\n\t\t\t\t\t\t\t\t\t\t\t\t\n\t\t\t\t\t\t\t\t\t\t\t\t                                            <\/a>\n\t\t\t\t\t\t\t\t\t\t\n                                        <h3><a title=\"La fran\u00e7alg\u00e9rie des mallettes: Comment les r\u00e9seaux fran\u00e7ais ont pourri l\u2019\u00e9conomie alg\u00e9rienne\u2026\"\n                                               href=\"https:\/\/jazairhope.org\/fr\/la-francalgerie-des-mallettes-comment-les-reseaux-francais-ont-pourri-leconomie-algerienne\/\">La fran\u00e7alg\u00e9rie des mallettes: Comment les r\u00e9seaux fran\u00e7ais ont pourri...<\/a>\n                                        <\/h3>\n\t\t\t\t\t\t\t\t\t\t                                            <span class=\"date\"><time class=\"entry-date published\" datetime=\"2021-06-14T00:51:55+01:00\">juin 14, 2021<\/time><\/span>\n\t\t\t\t\t\t\t\t\t\t                                    <\/div>\n                                <\/div>\n\t\t\t\t\t\t\t                                <div class=\"item-related swiper-slide\">\n                                    <div class=\"item-related-inner\">\n\t\t\t\t\t\t\t\t\t\t\t\t\t\t\t\t\t\t\t\t\t\n                                            <a  data-bgset=\"https:\/\/jazairhope.org\/wp-content\/uploads\/2024\/01\/gomis-585x390.jpg\"                                                    class=\"penci-lazy related-thumb penci-image-holder penci-lazy\"\n                                                    href=\"https:\/\/jazairhope.org\/fr\/le-sport-en-france-sous-tutorat-sioniste-emilie-gomis-condamnee-pour-cette-photo\/\"\n                                                    title=\"Le sport en France sous tutorat sioniste: Emilie Gomis condamn\u00e9e pour cette photo !!!\">\n\n\t\t\t\t\t\t\t\t\t\t\t\t\n\t\t\t\t\t\t\t\t\t\t\t\t                                            <\/a>\n\t\t\t\t\t\t\t\t\t\t\n                                        <h3><a title=\"Le sport en France sous tutorat sioniste: Emilie Gomis condamn\u00e9e pour cette photo !!!\"\n                                               href=\"https:\/\/jazairhope.org\/fr\/le-sport-en-france-sous-tutorat-sioniste-emilie-gomis-condamnee-pour-cette-photo\/\">Le sport en France sous tutorat sioniste: Emilie Gomis condamn\u00e9e...<\/a>\n                                        <\/h3>\n\t\t\t\t\t\t\t\t\t\t                                            <span class=\"date\"><time class=\"entry-date published\" datetime=\"2024-01-03T23:15:03+01:00\">janvier 3, 2024<\/time><\/span>\n\t\t\t\t\t\t\t\t\t\t                                    <\/div>\n                                <\/div>\n\t\t\t\t\t\t\t                        <\/div>\n                    <\/div>\n                <\/div>\n            <\/div><!-- penci-popular_posts-sc -->\n\t\t\t\t\t\t\t<\/div>\n\t\t\t\t<\/div>\n\t\t\t\t\t<\/div>\n\t\t<\/div>\n\t\t\t\t\t<\/div>\n\t\t<\/section>\n\t\t\t\t<\/div>\n\t\t","protected":false},"excerpt":{"rendered":"<p>La derni\u00e8re visite d&#8217;Emmanuel Macron en Alg\u00e9rie continue de faire r\u00e9agir les Alg\u00e9riens et les Fran\u00e7ais. En effet, ils sont nombreux \u00e0&hellip;<\/p>\n","protected":false},"author":1,"featured_media":62067,"comment_status":"open","ping_status":"open","sticky":true,"template":"","format":"standard","meta":{"_lmt_disableupdate":"","_lmt_disable":"","footnotes":""},"categories":[49],"tags":[],"class_list":["post-62065","post","type-post","status-publish","format-standard","has-post-thumbnail","hentry","category-politique"],"yoast_head":"<!-- This site is optimized with the Yoast SEO plugin v27.3 - https:\/\/yoast.com\/product\/yoast-seo-wordpress\/ -->\n<title>Alg\u00e9rie-France : \u00ab On sait tr\u00e8s bien que ce pays nous d\u00e9teste depuis 1962 \u00bb, d\u00e9clare Michel Onfray - AAH.JZR<\/title>\n<meta name=\"robots\" content=\"index, follow, max-snippet:-1, max-image-preview:large, max-video-preview:-1\" \/>\n<link rel=\"canonical\" href=\"https:\/\/jazairhope.org\/fr\/algerie-france-on-sait-tres-bien-que-ce-pays-nous-deteste-depuis-1962-declare-michel-onfray\/\" \/>\n<meta property=\"og:locale\" content=\"fr_FR\" \/>\n<meta property=\"og:type\" content=\"article\" \/>\n<meta property=\"og:title\" content=\"Alg\u00e9rie-France : \u00ab On sait tr\u00e8s bien que ce pays nous d\u00e9teste depuis 1962 \u00bb, d\u00e9clare Michel Onfray - AAH.JZR\" \/>\n<meta property=\"og:description\" content=\"La derni\u00e8re visite d&#8217;Emmanuel Macron en Alg\u00e9rie continue de faire r\u00e9agir les Alg\u00e9riens et les Fran\u00e7ais. En effet, ils sont nombreux \u00e0&hellip;\" \/>\n<meta property=\"og:url\" content=\"https:\/\/jazairhope.org\/fr\/algerie-france-on-sait-tres-bien-que-ce-pays-nous-deteste-depuis-1962-declare-michel-onfray\/\" \/>\n<meta property=\"og:site_name\" content=\"AAH.JZR\" \/>\n<meta property=\"article:publisher\" content=\"https:\/\/www.facebook.com\/jazairhope\" \/>\n<meta property=\"article:published_time\" content=\"2022-08-31T18:00:30+00:00\" \/>\n<meta property=\"article:modified_time\" content=\"2023-10-27T19:51:07+00:00\" \/>\n<meta property=\"og:image\" content=\"https:\/\/jazairhope.org\/wp-content\/uploads\/2022\/08\/telechargement-1-NV9nIU0Wbc7r.jpg\" \/>\n\t<meta property=\"og:image:width\" content=\"300\" \/>\n\t<meta property=\"og:image:height\" content=\"168\" \/>\n\t<meta property=\"og:image:type\" content=\"image\/jpeg\" \/>\n<meta name=\"author\" content=\"Ssuperadmin\" \/>\n<meta name=\"twitter:card\" content=\"summary_large_image\" \/>\n<meta name=\"twitter:label1\" content=\"\u00c9crit par\" \/>\n\t<meta name=\"twitter:data1\" content=\"Ssuperadmin\" \/>\n\t<meta name=\"twitter:label2\" content=\"Dur\u00e9e de lecture estim\u00e9e\" \/>\n\t<meta name=\"twitter:data2\" content=\"6 minutes\" \/>\n<script type=\"application\/ld+json\" class=\"yoast-schema-graph\">{\"@context\":\"https:\\\/\\\/schema.org\",\"@graph\":[{\"@type\":\"Article\",\"@id\":\"https:\\\/\\\/jazairhope.org\\\/fr\\\/algerie-france-on-sait-tres-bien-que-ce-pays-nous-deteste-depuis-1962-declare-michel-onfray\\\/#article\",\"isPartOf\":{\"@id\":\"https:\\\/\\\/jazairhope.org\\\/fr\\\/algerie-france-on-sait-tres-bien-que-ce-pays-nous-deteste-depuis-1962-declare-michel-onfray\\\/\"},\"author\":{\"name\":\"Ssuperadmin\",\"@id\":\"https:\\\/\\\/jazairhope.org\\\/fr\\\/#\\\/schema\\\/person\\\/43650ebd889d8960700b5456ed9264c4\"},\"headline\":\"Alg\u00e9rie-France : \u00ab On sait tr\u00e8s bien que ce pays nous d\u00e9teste depuis 1962 \u00bb, d\u00e9clare Michel Onfray\",\"datePublished\":\"2022-08-31T18:00:30+00:00\",\"dateModified\":\"2023-10-27T19:51:07+00:00\",\"mainEntityOfPage\":{\"@id\":\"https:\\\/\\\/jazairhope.org\\\/fr\\\/algerie-france-on-sait-tres-bien-que-ce-pays-nous-deteste-depuis-1962-declare-michel-onfray\\\/\"},\"wordCount\":977,\"commentCount\":7,\"image\":{\"@id\":\"https:\\\/\\\/jazairhope.org\\\/fr\\\/algerie-france-on-sait-tres-bien-que-ce-pays-nous-deteste-depuis-1962-declare-michel-onfray\\\/#primaryimage\"},\"thumbnailUrl\":\"https:\\\/\\\/jazairhope.org\\\/wp-content\\\/uploads\\\/2022\\\/08\\\/telechargement-1-NV9nIU0Wbc7r.jpg\",\"articleSection\":[\"Politique\"],\"inLanguage\":\"fr-FR\",\"potentialAction\":[{\"@type\":\"CommentAction\",\"name\":\"Comment\",\"target\":[\"https:\\\/\\\/jazairhope.org\\\/fr\\\/algerie-france-on-sait-tres-bien-que-ce-pays-nous-deteste-depuis-1962-declare-michel-onfray\\\/#respond\"]}]},{\"@type\":\"WebPage\",\"@id\":\"https:\\\/\\\/jazairhope.org\\\/fr\\\/algerie-france-on-sait-tres-bien-que-ce-pays-nous-deteste-depuis-1962-declare-michel-onfray\\\/\",\"url\":\"https:\\\/\\\/jazairhope.org\\\/fr\\\/algerie-france-on-sait-tres-bien-que-ce-pays-nous-deteste-depuis-1962-declare-michel-onfray\\\/\",\"name\":\"Alg\u00e9rie-France : \u00ab On sait tr\u00e8s bien que ce pays nous d\u00e9teste depuis 1962 \u00bb, d\u00e9clare Michel Onfray - AAH.JZR\",\"isPartOf\":{\"@id\":\"https:\\\/\\\/jazairhope.org\\\/fr\\\/#website\"},\"primaryImageOfPage\":{\"@id\":\"https:\\\/\\\/jazairhope.org\\\/fr\\\/algerie-france-on-sait-tres-bien-que-ce-pays-nous-deteste-depuis-1962-declare-michel-onfray\\\/#primaryimage\"},\"image\":{\"@id\":\"https:\\\/\\\/jazairhope.org\\\/fr\\\/algerie-france-on-sait-tres-bien-que-ce-pays-nous-deteste-depuis-1962-declare-michel-onfray\\\/#primaryimage\"},\"thumbnailUrl\":\"https:\\\/\\\/jazairhope.org\\\/wp-content\\\/uploads\\\/2022\\\/08\\\/telechargement-1-NV9nIU0Wbc7r.jpg\",\"datePublished\":\"2022-08-31T18:00:30+00:00\",\"dateModified\":\"2023-10-27T19:51:07+00:00\",\"author\":{\"@id\":\"https:\\\/\\\/jazairhope.org\\\/fr\\\/#\\\/schema\\\/person\\\/43650ebd889d8960700b5456ed9264c4\"},\"breadcrumb\":{\"@id\":\"https:\\\/\\\/jazairhope.org\\\/fr\\\/algerie-france-on-sait-tres-bien-que-ce-pays-nous-deteste-depuis-1962-declare-michel-onfray\\\/#breadcrumb\"},\"inLanguage\":\"fr-FR\",\"potentialAction\":[{\"@type\":\"ReadAction\",\"target\":[\"https:\\\/\\\/jazairhope.org\\\/fr\\\/algerie-france-on-sait-tres-bien-que-ce-pays-nous-deteste-depuis-1962-declare-michel-onfray\\\/\"]}]},{\"@type\":\"ImageObject\",\"inLanguage\":\"fr-FR\",\"@id\":\"https:\\\/\\\/jazairhope.org\\\/fr\\\/algerie-france-on-sait-tres-bien-que-ce-pays-nous-deteste-depuis-1962-declare-michel-onfray\\\/#primaryimage\",\"url\":\"https:\\\/\\\/jazairhope.org\\\/wp-content\\\/uploads\\\/2022\\\/08\\\/telechargement-1-NV9nIU0Wbc7r.jpg\",\"contentUrl\":\"https:\\\/\\\/jazairhope.org\\\/wp-content\\\/uploads\\\/2022\\\/08\\\/telechargement-1-NV9nIU0Wbc7r.jpg\",\"width\":300,\"height\":168},{\"@type\":\"BreadcrumbList\",\"@id\":\"https:\\\/\\\/jazairhope.org\\\/fr\\\/algerie-france-on-sait-tres-bien-que-ce-pays-nous-deteste-depuis-1962-declare-michel-onfray\\\/#breadcrumb\",\"itemListElement\":[{\"@type\":\"ListItem\",\"position\":1,\"name\":\"Accueil\",\"item\":\"https:\\\/\\\/jazairhope.org\\\/fr\\\/\"},{\"@type\":\"ListItem\",\"position\":2,\"name\":\"Alg\u00e9rie-France : \u00ab On sait tr\u00e8s bien que ce pays nous d\u00e9teste depuis 1962 \u00bb, d\u00e9clare Michel Onfray\"}]},{\"@type\":\"WebSite\",\"@id\":\"https:\\\/\\\/jazairhope.org\\\/fr\\\/#website\",\"url\":\"https:\\\/\\\/jazairhope.org\\\/fr\\\/\",\"name\":\"AAH.JZR\",\"description\":\"Environment, Health, Science, Art, Economics\",\"potentialAction\":[{\"@type\":\"SearchAction\",\"target\":{\"@type\":\"EntryPoint\",\"urlTemplate\":\"https:\\\/\\\/jazairhope.org\\\/fr\\\/?s={search_term_string}\"},\"query-input\":{\"@type\":\"PropertyValueSpecification\",\"valueRequired\":true,\"valueName\":\"search_term_string\"}}],\"inLanguage\":\"fr-FR\"},{\"@type\":\"Person\",\"@id\":\"https:\\\/\\\/jazairhope.org\\\/fr\\\/#\\\/schema\\\/person\\\/43650ebd889d8960700b5456ed9264c4\",\"name\":\"Ssuperadmin\",\"image\":{\"@type\":\"ImageObject\",\"inLanguage\":\"fr-FR\",\"@id\":\"https:\\\/\\\/secure.gravatar.com\\\/avatar\\\/b4068e88b9c557952c81ca0efc4e11e19a2ed480173b8cef95a240894b16bf22?s=96&d=mm&r=g\",\"url\":\"https:\\\/\\\/secure.gravatar.com\\\/avatar\\\/b4068e88b9c557952c81ca0efc4e11e19a2ed480173b8cef95a240894b16bf22?s=96&d=mm&r=g\",\"contentUrl\":\"https:\\\/\\\/secure.gravatar.com\\\/avatar\\\/b4068e88b9c557952c81ca0efc4e11e19a2ed480173b8cef95a240894b16bf22?s=96&d=mm&r=g\",\"caption\":\"Ssuperadmin\"},\"sameAs\":[\"https:\\\/\\\/jazairhope.org\"],\"url\":\"https:\\\/\\\/jazairhope.org\\\/fr\\\/author\\\/superadmin\\\/\"}]}<\/script>\n<!-- \/ Yoast SEO plugin. -->","yoast_head_json":{"title":"Alg\u00e9rie-France : \u00ab On sait tr\u00e8s bien que ce pays nous d\u00e9teste depuis 1962 \u00bb, d\u00e9clare Michel Onfray - AAH.JZR","robots":{"index":"index","follow":"follow","max-snippet":"max-snippet:-1","max-image-preview":"max-image-preview:large","max-video-preview":"max-video-preview:-1"},"canonical":"https:\/\/jazairhope.org\/fr\/algerie-france-on-sait-tres-bien-que-ce-pays-nous-deteste-depuis-1962-declare-michel-onfray\/","og_locale":"fr_FR","og_type":"article","og_title":"Alg\u00e9rie-France : \u00ab On sait tr\u00e8s bien que ce pays nous d\u00e9teste depuis 1962 \u00bb, d\u00e9clare Michel Onfray - AAH.JZR","og_description":"La derni\u00e8re visite d&#8217;Emmanuel Macron en Alg\u00e9rie continue de faire r\u00e9agir les Alg\u00e9riens et les Fran\u00e7ais. En effet, ils sont nombreux \u00e0&hellip;","og_url":"https:\/\/jazairhope.org\/fr\/algerie-france-on-sait-tres-bien-que-ce-pays-nous-deteste-depuis-1962-declare-michel-onfray\/","og_site_name":"AAH.JZR","article_publisher":"https:\/\/www.facebook.com\/jazairhope","article_published_time":"2022-08-31T18:00:30+00:00","article_modified_time":"2023-10-27T19:51:07+00:00","og_image":[{"width":300,"height":168,"url":"https:\/\/jazairhope.org\/wp-content\/uploads\/2022\/08\/telechargement-1-NV9nIU0Wbc7r.jpg","type":"image\/jpeg"}],"author":"Ssuperadmin","twitter_card":"summary_large_image","twitter_misc":{"\u00c9crit par":"Ssuperadmin","Dur\u00e9e de lecture estim\u00e9e":"6 minutes"},"schema":{"@context":"https:\/\/schema.org","@graph":[{"@type":"Article","@id":"https:\/\/jazairhope.org\/fr\/algerie-france-on-sait-tres-bien-que-ce-pays-nous-deteste-depuis-1962-declare-michel-onfray\/#article","isPartOf":{"@id":"https:\/\/jazairhope.org\/fr\/algerie-france-on-sait-tres-bien-que-ce-pays-nous-deteste-depuis-1962-declare-michel-onfray\/"},"author":{"name":"Ssuperadmin","@id":"https:\/\/jazairhope.org\/fr\/#\/schema\/person\/43650ebd889d8960700b5456ed9264c4"},"headline":"Alg\u00e9rie-France : \u00ab On sait tr\u00e8s bien que ce pays nous d\u00e9teste depuis 1962 \u00bb, d\u00e9clare Michel Onfray","datePublished":"2022-08-31T18:00:30+00:00","dateModified":"2023-10-27T19:51:07+00:00","mainEntityOfPage":{"@id":"https:\/\/jazairhope.org\/fr\/algerie-france-on-sait-tres-bien-que-ce-pays-nous-deteste-depuis-1962-declare-michel-onfray\/"},"wordCount":977,"commentCount":7,"image":{"@id":"https:\/\/jazairhope.org\/fr\/algerie-france-on-sait-tres-bien-que-ce-pays-nous-deteste-depuis-1962-declare-michel-onfray\/#primaryimage"},"thumbnailUrl":"https:\/\/jazairhope.org\/wp-content\/uploads\/2022\/08\/telechargement-1-NV9nIU0Wbc7r.jpg","articleSection":["Politique"],"inLanguage":"fr-FR","potentialAction":[{"@type":"CommentAction","name":"Comment","target":["https:\/\/jazairhope.org\/fr\/algerie-france-on-sait-tres-bien-que-ce-pays-nous-deteste-depuis-1962-declare-michel-onfray\/#respond"]}]},{"@type":"WebPage","@id":"https:\/\/jazairhope.org\/fr\/algerie-france-on-sait-tres-bien-que-ce-pays-nous-deteste-depuis-1962-declare-michel-onfray\/","url":"https:\/\/jazairhope.org\/fr\/algerie-france-on-sait-tres-bien-que-ce-pays-nous-deteste-depuis-1962-declare-michel-onfray\/","name":"Alg\u00e9rie-France : \u00ab On sait tr\u00e8s bien que ce pays nous d\u00e9teste depuis 1962 \u00bb, d\u00e9clare Michel Onfray - AAH.JZR","isPartOf":{"@id":"https:\/\/jazairhope.org\/fr\/#website"},"primaryImageOfPage":{"@id":"https:\/\/jazairhope.org\/fr\/algerie-france-on-sait-tres-bien-que-ce-pays-nous-deteste-depuis-1962-declare-michel-onfray\/#primaryimage"},"image":{"@id":"https:\/\/jazairhope.org\/fr\/algerie-france-on-sait-tres-bien-que-ce-pays-nous-deteste-depuis-1962-declare-michel-onfray\/#primaryimage"},"thumbnailUrl":"https:\/\/jazairhope.org\/wp-content\/uploads\/2022\/08\/telechargement-1-NV9nIU0Wbc7r.jpg","datePublished":"2022-08-31T18:00:30+00:00","dateModified":"2023-10-27T19:51:07+00:00","author":{"@id":"https:\/\/jazairhope.org\/fr\/#\/schema\/person\/43650ebd889d8960700b5456ed9264c4"},"breadcrumb":{"@id":"https:\/\/jazairhope.org\/fr\/algerie-france-on-sait-tres-bien-que-ce-pays-nous-deteste-depuis-1962-declare-michel-onfray\/#breadcrumb"},"inLanguage":"fr-FR","potentialAction":[{"@type":"ReadAction","target":["https:\/\/jazairhope.org\/fr\/algerie-france-on-sait-tres-bien-que-ce-pays-nous-deteste-depuis-1962-declare-michel-onfray\/"]}]},{"@type":"ImageObject","inLanguage":"fr-FR","@id":"https:\/\/jazairhope.org\/fr\/algerie-france-on-sait-tres-bien-que-ce-pays-nous-deteste-depuis-1962-declare-michel-onfray\/#primaryimage","url":"https:\/\/jazairhope.org\/wp-content\/uploads\/2022\/08\/telechargement-1-NV9nIU0Wbc7r.jpg","contentUrl":"https:\/\/jazairhope.org\/wp-content\/uploads\/2022\/08\/telechargement-1-NV9nIU0Wbc7r.jpg","width":300,"height":168},{"@type":"BreadcrumbList","@id":"https:\/\/jazairhope.org\/fr\/algerie-france-on-sait-tres-bien-que-ce-pays-nous-deteste-depuis-1962-declare-michel-onfray\/#breadcrumb","itemListElement":[{"@type":"ListItem","position":1,"name":"Accueil","item":"https:\/\/jazairhope.org\/fr\/"},{"@type":"ListItem","position":2,"name":"Alg\u00e9rie-France : \u00ab On sait tr\u00e8s bien que ce pays nous d\u00e9teste depuis 1962 \u00bb, d\u00e9clare Michel Onfray"}]},{"@type":"WebSite","@id":"https:\/\/jazairhope.org\/fr\/#website","url":"https:\/\/jazairhope.org\/fr\/","name":"AAH.JZR","description":"Environment, Health, Science, Art, Economics","potentialAction":[{"@type":"SearchAction","target":{"@type":"EntryPoint","urlTemplate":"https:\/\/jazairhope.org\/fr\/?s={search_term_string}"},"query-input":{"@type":"PropertyValueSpecification","valueRequired":true,"valueName":"search_term_string"}}],"inLanguage":"fr-FR"},{"@type":"Person","@id":"https:\/\/jazairhope.org\/fr\/#\/schema\/person\/43650ebd889d8960700b5456ed9264c4","name":"Ssuperadmin","image":{"@type":"ImageObject","inLanguage":"fr-FR","@id":"https:\/\/secure.gravatar.com\/avatar\/b4068e88b9c557952c81ca0efc4e11e19a2ed480173b8cef95a240894b16bf22?s=96&d=mm&r=g","url":"https:\/\/secure.gravatar.com\/avatar\/b4068e88b9c557952c81ca0efc4e11e19a2ed480173b8cef95a240894b16bf22?s=96&d=mm&r=g","contentUrl":"https:\/\/secure.gravatar.com\/avatar\/b4068e88b9c557952c81ca0efc4e11e19a2ed480173b8cef95a240894b16bf22?s=96&d=mm&r=g","caption":"Ssuperadmin"},"sameAs":["https:\/\/jazairhope.org"],"url":"https:\/\/jazairhope.org\/fr\/author\/superadmin\/"}]}},"views":852,"_links":{"self":[{"href":"https:\/\/jazairhope.org\/fr\/wp-json\/wp\/v2\/posts\/62065","targetHints":{"allow":["GET"]}}],"collection":[{"href":"https:\/\/jazairhope.org\/fr\/wp-json\/wp\/v2\/posts"}],"about":[{"href":"https:\/\/jazairhope.org\/fr\/wp-json\/wp\/v2\/types\/post"}],"author":[{"embeddable":true,"href":"https:\/\/jazairhope.org\/fr\/wp-json\/wp\/v2\/users\/1"}],"replies":[{"embeddable":true,"href":"https:\/\/jazairhope.org\/fr\/wp-json\/wp\/v2\/comments?post=62065"}],"version-history":[{"count":12,"href":"https:\/\/jazairhope.org\/fr\/wp-json\/wp\/v2\/posts\/62065\/revisions"}],"predecessor-version":[{"id":92332,"href":"https:\/\/jazairhope.org\/fr\/wp-json\/wp\/v2\/posts\/62065\/revisions\/92332"}],"wp:featuredmedia":[{"embeddable":true,"href":"https:\/\/jazairhope.org\/fr\/wp-json\/wp\/v2\/media\/62067"}],"wp:attachment":[{"href":"https:\/\/jazairhope.org\/fr\/wp-json\/wp\/v2\/media?parent=62065"}],"wp:term":[{"taxonomy":"category","embeddable":true,"href":"https:\/\/jazairhope.org\/fr\/wp-json\/wp\/v2\/categories?post=62065"},{"taxonomy":"post_tag","embeddable":true,"href":"https:\/\/jazairhope.org\/fr\/wp-json\/wp\/v2\/tags?post=62065"}],"curies":[{"name":"wp","href":"https:\/\/api.w.org\/{rel}","templated":true}]}}