{"id":62669,"date":"2022-11-17T12:00:26","date_gmt":"2022-11-17T11:00:26","guid":{"rendered":"https:\/\/jazairhope.org\/?p=62669"},"modified":"2022-11-16T23:41:08","modified_gmt":"2022-11-16T22:41:08","slug":"hamas-attache-a-la-mise-en-oeuvre-de-la-declaration-dalger-pour-la-reconciliation-palestinienne","status":"publish","type":"post","link":"https:\/\/jazairhope.org\/fr\/hamas-attache-a-la-mise-en-oeuvre-de-la-declaration-dalger-pour-la-reconciliation-palestinienne\/","title":{"rendered":"Hamas attach\u00e9 \u00e0 la mise en oeuvre de la &#8220;D\u00e9claration d&#8217;Alger&#8221; pour la r\u00e9conciliation palestinienne"},"content":{"rendered":"<div class=\"itemHeader\">\n<h2 class=\"itemTitle\">Hamas attach\u00e9 \u00e0 la mise en oeuvre de la &#8220;D\u00e9claration d&#8217;Alger&#8221; pour la r\u00e9conciliation palestinienne<\/h2>\n<\/div>\n<div class=\"itemToolbar\"><span class=\"itemDateCreated\"><i class=\"fa fa-clock-o\" aria-hidden=\"true\"><\/i>\u00a0Publi\u00e9 Le : Samedi, 12 Novembre 2022<\/span><\/div>\n<div class=\"itemBody\">\n<div class=\"itemIntroText col-xs-hidden \">\n<p><strong>BEYROUTH &#8211; Le Mouvement de r\u00e9sistance palestinien Hamas a r\u00e9affirm\u00e9, samedi depuis Beyrouth, son attachement \u00e0 la mise en oeuvre de la &#8220;D\u00e9claration d&#8217;Alger&#8221;, ayant couronn\u00e9 la Conf\u00e9rence d'&#8221;unification des factions palestiniennes&#8221;, soulignant que l&#8217;\u00e9tape actuelle exigeait la fin des diff\u00e9rends pour se consacrer \u00e0 la lutte contre les plans de l&#8217;occupation.<\/strong><\/p>\n<\/div>\n<div class=\"itemFullText\">\n<p>Cette d\u00e9claration a \u00e9t\u00e9 faite lors d&#8217;une rencontre entre une d\u00e9l\u00e9gation du Mouvement Hamas, pr\u00e9sid\u00e9e par le vice-pr\u00e9sident de son bureau politique \u00e0 l&#8217;\u00e9tranger, Moussa Abou Marzouk et le pr\u00e9sident du parlement libanais, Nabih Berri, consacr\u00e9e aux derniers d\u00e9veloppements de la cause palestinienne, selon le site officiel du Mouvement.<\/p>\n<p>Apr\u00e8s avoir inform\u00e9 M. Berri des r\u00e9sultats des discussions en Alg\u00e9rie, notamment la &#8220;D\u00e9claration d&#8217;Alger&#8221; pour l&#8217;unit\u00e9 nationale palestinienne, sign\u00e9e par quatorze factions palestiniennes le 13 octobre dernier, M. Abou Marzouk a exprim\u00e9 la disponibilit\u00e9 du Hamas \u00e0 mettre en oeuvre les points \u00e9nonc\u00e9s dans le document afin de parvenir \u00e0 une unification palestinienne, indiquant que l&#8217;\u00e9tape actuelle &#8220;requiert de mettre un terme \u00e0 tous les diff\u00e9rends et de se consacrer \u00e0 la lutte contre l&#8217;occupation&#8221;.<\/p>\n<p>A cette occasion, Abou Marzouk a pr\u00e9sent\u00e9 un expos\u00e9 sur les derniers d\u00e9veloppements de la question palestinienne, notamment les violences quotidiennes et syst\u00e9miques men\u00e9es par les forces de l&#8217;occupation sionistes contre le peuple palestinien en Cisjordanie occup\u00e9e et les assassinats de Palestiniens.<\/p>\n<p>De son c\u00f4t\u00e9, Nabih Berri s&#8217;est f\u00e9licit\u00e9 de la &#8220;D\u00e9claration d&#8217;Alger&#8221;, soulignant l&#8217;importance de ne m\u00e9nager aucun effort afin d&#8217;instaurer un climat favorable \u00e0 l&#8217;unification des forces de la r\u00e9sistance palestinienne.<\/p>\n<\/div>\n<\/div>\n","protected":false},"excerpt":{"rendered":"<p>Hamas attach\u00e9 \u00e0 la mise en oeuvre de la &#8220;D\u00e9claration d&#8217;Alger&#8221; pour la r\u00e9conciliation palestinienne \u00a0Publi\u00e9 Le : Samedi, 12 Novembre 2022&hellip;<\/p>\n","protected":false},"author":1,"featured_media":62671,"comment_status":"open","ping_status":"open","sticky":false,"template":"","format":"standard","meta":{"_lmt_disableupdate":"","_lmt_disable":"","footnotes":""},"categories":[49],"tags":[],"class_list":["post-62669","post","type-post","status-publish","format-standard","has-post-thumbnail","hentry","category-politique"],"yoast_head":"<!-- This site is optimized with the Yoast SEO plugin v27.3 - https:\/\/yoast.com\/product\/yoast-seo-wordpress\/ -->\n<title>Hamas attach\u00e9 \u00e0 la mise en oeuvre de la &quot;D\u00e9claration d&#039;Alger&quot; pour la r\u00e9conciliation palestinienne - AAH.JZR<\/title>\n<meta name=\"robots\" content=\"index, follow, max-snippet:-1, max-image-preview:large, max-video-preview:-1\" \/>\n<link rel=\"canonical\" href=\"https:\/\/jazairhope.org\/fr\/hamas-attache-a-la-mise-en-oeuvre-de-la-declaration-dalger-pour-la-reconciliation-palestinienne\/\" \/>\n<meta property=\"og:locale\" content=\"fr_FR\" \/>\n<meta property=\"og:type\" content=\"article\" \/>\n<meta property=\"og:title\" content=\"Hamas attach\u00e9 \u00e0 la mise en oeuvre de la &quot;D\u00e9claration d&#039;Alger&quot; pour la r\u00e9conciliation palestinienne - AAH.JZR\" \/>\n<meta property=\"og:description\" content=\"Hamas attach\u00e9 \u00e0 la mise en oeuvre de la &#8220;D\u00e9claration d&#8217;Alger&#8221; pour la r\u00e9conciliation palestinienne \u00a0Publi\u00e9 Le : Samedi, 12 Novembre 2022&hellip;\" \/>\n<meta property=\"og:url\" content=\"https:\/\/jazairhope.org\/fr\/hamas-attache-a-la-mise-en-oeuvre-de-la-declaration-dalger-pour-la-reconciliation-palestinienne\/\" \/>\n<meta property=\"og:site_name\" content=\"AAH.JZR\" \/>\n<meta property=\"article:publisher\" content=\"https:\/\/www.facebook.com\/jazairhope\" \/>\n<meta property=\"article:published_time\" content=\"2022-11-17T11:00:26+00:00\" \/>\n<meta property=\"og:image\" content=\"https:\/\/jazairhope.org\/wp-content\/uploads\/2022\/11\/b2364404c660b6522ad766a5d43b7430_M.jpg\" \/>\n\t<meta property=\"og:image:width\" content=\"580\" \/>\n\t<meta property=\"og:image:height\" content=\"350\" \/>\n\t<meta property=\"og:image:type\" content=\"image\/jpeg\" \/>\n<meta name=\"author\" content=\"Ssuperadmin\" \/>\n<meta name=\"twitter:card\" content=\"summary_large_image\" \/>\n<meta name=\"twitter:label1\" content=\"\u00c9crit par\" \/>\n\t<meta name=\"twitter:data1\" content=\"Ssuperadmin\" \/>\n\t<meta name=\"twitter:label2\" content=\"Dur\u00e9e de lecture estim\u00e9e\" \/>\n\t<meta name=\"twitter:data2\" content=\"1 minute\" \/>\n<script type=\"application\/ld+json\" class=\"yoast-schema-graph\">{\"@context\":\"https:\\\/\\\/schema.org\",\"@graph\":[{\"@type\":\"Article\",\"@id\":\"https:\\\/\\\/jazairhope.org\\\/fr\\\/hamas-attache-a-la-mise-en-oeuvre-de-la-declaration-dalger-pour-la-reconciliation-palestinienne\\\/#article\",\"isPartOf\":{\"@id\":\"https:\\\/\\\/jazairhope.org\\\/fr\\\/hamas-attache-a-la-mise-en-oeuvre-de-la-declaration-dalger-pour-la-reconciliation-palestinienne\\\/\"},\"author\":{\"name\":\"Ssuperadmin\",\"@id\":\"https:\\\/\\\/jazairhope.org\\\/fr\\\/#\\\/schema\\\/person\\\/43650ebd889d8960700b5456ed9264c4\"},\"headline\":\"Hamas attach\u00e9 \u00e0 la mise en oeuvre de la &#8220;D\u00e9claration d&#8217;Alger&#8221; pour la r\u00e9conciliation palestinienne\",\"datePublished\":\"2022-11-17T11:00:26+00:00\",\"mainEntityOfPage\":{\"@id\":\"https:\\\/\\\/jazairhope.org\\\/fr\\\/hamas-attache-a-la-mise-en-oeuvre-de-la-declaration-dalger-pour-la-reconciliation-palestinienne\\\/\"},\"wordCount\":326,\"commentCount\":0,\"image\":{\"@id\":\"https:\\\/\\\/jazairhope.org\\\/fr\\\/hamas-attache-a-la-mise-en-oeuvre-de-la-declaration-dalger-pour-la-reconciliation-palestinienne\\\/#primaryimage\"},\"thumbnailUrl\":\"https:\\\/\\\/jazairhope.org\\\/wp-content\\\/uploads\\\/2022\\\/11\\\/b2364404c660b6522ad766a5d43b7430_M.jpg\",\"articleSection\":[\"Politique\"],\"inLanguage\":\"fr-FR\",\"potentialAction\":[{\"@type\":\"CommentAction\",\"name\":\"Comment\",\"target\":[\"https:\\\/\\\/jazairhope.org\\\/fr\\\/hamas-attache-a-la-mise-en-oeuvre-de-la-declaration-dalger-pour-la-reconciliation-palestinienne\\\/#respond\"]}]},{\"@type\":\"WebPage\",\"@id\":\"https:\\\/\\\/jazairhope.org\\\/fr\\\/hamas-attache-a-la-mise-en-oeuvre-de-la-declaration-dalger-pour-la-reconciliation-palestinienne\\\/\",\"url\":\"https:\\\/\\\/jazairhope.org\\\/fr\\\/hamas-attache-a-la-mise-en-oeuvre-de-la-declaration-dalger-pour-la-reconciliation-palestinienne\\\/\",\"name\":\"Hamas attach\u00e9 \u00e0 la mise en oeuvre de la \\\"D\u00e9claration d'Alger\\\" pour la r\u00e9conciliation palestinienne - AAH.JZR\",\"isPartOf\":{\"@id\":\"https:\\\/\\\/jazairhope.org\\\/fr\\\/#website\"},\"primaryImageOfPage\":{\"@id\":\"https:\\\/\\\/jazairhope.org\\\/fr\\\/hamas-attache-a-la-mise-en-oeuvre-de-la-declaration-dalger-pour-la-reconciliation-palestinienne\\\/#primaryimage\"},\"image\":{\"@id\":\"https:\\\/\\\/jazairhope.org\\\/fr\\\/hamas-attache-a-la-mise-en-oeuvre-de-la-declaration-dalger-pour-la-reconciliation-palestinienne\\\/#primaryimage\"},\"thumbnailUrl\":\"https:\\\/\\\/jazairhope.org\\\/wp-content\\\/uploads\\\/2022\\\/11\\\/b2364404c660b6522ad766a5d43b7430_M.jpg\",\"datePublished\":\"2022-11-17T11:00:26+00:00\",\"author\":{\"@id\":\"https:\\\/\\\/jazairhope.org\\\/fr\\\/#\\\/schema\\\/person\\\/43650ebd889d8960700b5456ed9264c4\"},\"breadcrumb\":{\"@id\":\"https:\\\/\\\/jazairhope.org\\\/fr\\\/hamas-attache-a-la-mise-en-oeuvre-de-la-declaration-dalger-pour-la-reconciliation-palestinienne\\\/#breadcrumb\"},\"inLanguage\":\"fr-FR\",\"potentialAction\":[{\"@type\":\"ReadAction\",\"target\":[\"https:\\\/\\\/jazairhope.org\\\/fr\\\/hamas-attache-a-la-mise-en-oeuvre-de-la-declaration-dalger-pour-la-reconciliation-palestinienne\\\/\"]}]},{\"@type\":\"ImageObject\",\"inLanguage\":\"fr-FR\",\"@id\":\"https:\\\/\\\/jazairhope.org\\\/fr\\\/hamas-attache-a-la-mise-en-oeuvre-de-la-declaration-dalger-pour-la-reconciliation-palestinienne\\\/#primaryimage\",\"url\":\"https:\\\/\\\/jazairhope.org\\\/wp-content\\\/uploads\\\/2022\\\/11\\\/b2364404c660b6522ad766a5d43b7430_M.jpg\",\"contentUrl\":\"https:\\\/\\\/jazairhope.org\\\/wp-content\\\/uploads\\\/2022\\\/11\\\/b2364404c660b6522ad766a5d43b7430_M.jpg\",\"width\":580,\"height\":350},{\"@type\":\"BreadcrumbList\",\"@id\":\"https:\\\/\\\/jazairhope.org\\\/fr\\\/hamas-attache-a-la-mise-en-oeuvre-de-la-declaration-dalger-pour-la-reconciliation-palestinienne\\\/#breadcrumb\",\"itemListElement\":[{\"@type\":\"ListItem\",\"position\":1,\"name\":\"Accueil\",\"item\":\"https:\\\/\\\/jazairhope.org\\\/fr\\\/\"},{\"@type\":\"ListItem\",\"position\":2,\"name\":\"Hamas attach\u00e9 \u00e0 la mise en oeuvre de la \u00ab\u00a0D\u00e9claration d&rsquo;Alger\u00a0\u00bb pour la r\u00e9conciliation palestinienne\"}]},{\"@type\":\"WebSite\",\"@id\":\"https:\\\/\\\/jazairhope.org\\\/fr\\\/#website\",\"url\":\"https:\\\/\\\/jazairhope.org\\\/fr\\\/\",\"name\":\"AAH.JZR\",\"description\":\"Environment, Health, Science, Art, Economics\",\"potentialAction\":[{\"@type\":\"SearchAction\",\"target\":{\"@type\":\"EntryPoint\",\"urlTemplate\":\"https:\\\/\\\/jazairhope.org\\\/fr\\\/?s={search_term_string}\"},\"query-input\":{\"@type\":\"PropertyValueSpecification\",\"valueRequired\":true,\"valueName\":\"search_term_string\"}}],\"inLanguage\":\"fr-FR\"},{\"@type\":\"Person\",\"@id\":\"https:\\\/\\\/jazairhope.org\\\/fr\\\/#\\\/schema\\\/person\\\/43650ebd889d8960700b5456ed9264c4\",\"name\":\"Ssuperadmin\",\"image\":{\"@type\":\"ImageObject\",\"inLanguage\":\"fr-FR\",\"@id\":\"https:\\\/\\\/secure.gravatar.com\\\/avatar\\\/b4068e88b9c557952c81ca0efc4e11e19a2ed480173b8cef95a240894b16bf22?s=96&d=mm&r=g\",\"url\":\"https:\\\/\\\/secure.gravatar.com\\\/avatar\\\/b4068e88b9c557952c81ca0efc4e11e19a2ed480173b8cef95a240894b16bf22?s=96&d=mm&r=g\",\"contentUrl\":\"https:\\\/\\\/secure.gravatar.com\\\/avatar\\\/b4068e88b9c557952c81ca0efc4e11e19a2ed480173b8cef95a240894b16bf22?s=96&d=mm&r=g\",\"caption\":\"Ssuperadmin\"},\"sameAs\":[\"https:\\\/\\\/jazairhope.org\"],\"url\":\"https:\\\/\\\/jazairhope.org\\\/fr\\\/author\\\/superadmin\\\/\"}]}<\/script>\n<!-- \/ Yoast SEO plugin. -->","yoast_head_json":{"title":"Hamas attach\u00e9 \u00e0 la mise en oeuvre de la \"D\u00e9claration d'Alger\" pour la r\u00e9conciliation palestinienne - AAH.JZR","robots":{"index":"index","follow":"follow","max-snippet":"max-snippet:-1","max-image-preview":"max-image-preview:large","max-video-preview":"max-video-preview:-1"},"canonical":"https:\/\/jazairhope.org\/fr\/hamas-attache-a-la-mise-en-oeuvre-de-la-declaration-dalger-pour-la-reconciliation-palestinienne\/","og_locale":"fr_FR","og_type":"article","og_title":"Hamas attach\u00e9 \u00e0 la mise en oeuvre de la \"D\u00e9claration d'Alger\" pour la r\u00e9conciliation palestinienne - AAH.JZR","og_description":"Hamas attach\u00e9 \u00e0 la mise en oeuvre de la &#8220;D\u00e9claration d&#8217;Alger&#8221; pour la r\u00e9conciliation palestinienne \u00a0Publi\u00e9 Le : Samedi, 12 Novembre 2022&hellip;","og_url":"https:\/\/jazairhope.org\/fr\/hamas-attache-a-la-mise-en-oeuvre-de-la-declaration-dalger-pour-la-reconciliation-palestinienne\/","og_site_name":"AAH.JZR","article_publisher":"https:\/\/www.facebook.com\/jazairhope","article_published_time":"2022-11-17T11:00:26+00:00","og_image":[{"width":580,"height":350,"url":"https:\/\/jazairhope.org\/wp-content\/uploads\/2022\/11\/b2364404c660b6522ad766a5d43b7430_M.jpg","type":"image\/jpeg"}],"author":"Ssuperadmin","twitter_card":"summary_large_image","twitter_misc":{"\u00c9crit par":"Ssuperadmin","Dur\u00e9e de lecture estim\u00e9e":"1 minute"},"schema":{"@context":"https:\/\/schema.org","@graph":[{"@type":"Article","@id":"https:\/\/jazairhope.org\/fr\/hamas-attache-a-la-mise-en-oeuvre-de-la-declaration-dalger-pour-la-reconciliation-palestinienne\/#article","isPartOf":{"@id":"https:\/\/jazairhope.org\/fr\/hamas-attache-a-la-mise-en-oeuvre-de-la-declaration-dalger-pour-la-reconciliation-palestinienne\/"},"author":{"name":"Ssuperadmin","@id":"https:\/\/jazairhope.org\/fr\/#\/schema\/person\/43650ebd889d8960700b5456ed9264c4"},"headline":"Hamas attach\u00e9 \u00e0 la mise en oeuvre de la &#8220;D\u00e9claration d&#8217;Alger&#8221; pour la r\u00e9conciliation palestinienne","datePublished":"2022-11-17T11:00:26+00:00","mainEntityOfPage":{"@id":"https:\/\/jazairhope.org\/fr\/hamas-attache-a-la-mise-en-oeuvre-de-la-declaration-dalger-pour-la-reconciliation-palestinienne\/"},"wordCount":326,"commentCount":0,"image":{"@id":"https:\/\/jazairhope.org\/fr\/hamas-attache-a-la-mise-en-oeuvre-de-la-declaration-dalger-pour-la-reconciliation-palestinienne\/#primaryimage"},"thumbnailUrl":"https:\/\/jazairhope.org\/wp-content\/uploads\/2022\/11\/b2364404c660b6522ad766a5d43b7430_M.jpg","articleSection":["Politique"],"inLanguage":"fr-FR","potentialAction":[{"@type":"CommentAction","name":"Comment","target":["https:\/\/jazairhope.org\/fr\/hamas-attache-a-la-mise-en-oeuvre-de-la-declaration-dalger-pour-la-reconciliation-palestinienne\/#respond"]}]},{"@type":"WebPage","@id":"https:\/\/jazairhope.org\/fr\/hamas-attache-a-la-mise-en-oeuvre-de-la-declaration-dalger-pour-la-reconciliation-palestinienne\/","url":"https:\/\/jazairhope.org\/fr\/hamas-attache-a-la-mise-en-oeuvre-de-la-declaration-dalger-pour-la-reconciliation-palestinienne\/","name":"Hamas attach\u00e9 \u00e0 la mise en oeuvre de la \"D\u00e9claration d'Alger\" pour la r\u00e9conciliation palestinienne - AAH.JZR","isPartOf":{"@id":"https:\/\/jazairhope.org\/fr\/#website"},"primaryImageOfPage":{"@id":"https:\/\/jazairhope.org\/fr\/hamas-attache-a-la-mise-en-oeuvre-de-la-declaration-dalger-pour-la-reconciliation-palestinienne\/#primaryimage"},"image":{"@id":"https:\/\/jazairhope.org\/fr\/hamas-attache-a-la-mise-en-oeuvre-de-la-declaration-dalger-pour-la-reconciliation-palestinienne\/#primaryimage"},"thumbnailUrl":"https:\/\/jazairhope.org\/wp-content\/uploads\/2022\/11\/b2364404c660b6522ad766a5d43b7430_M.jpg","datePublished":"2022-11-17T11:00:26+00:00","author":{"@id":"https:\/\/jazairhope.org\/fr\/#\/schema\/person\/43650ebd889d8960700b5456ed9264c4"},"breadcrumb":{"@id":"https:\/\/jazairhope.org\/fr\/hamas-attache-a-la-mise-en-oeuvre-de-la-declaration-dalger-pour-la-reconciliation-palestinienne\/#breadcrumb"},"inLanguage":"fr-FR","potentialAction":[{"@type":"ReadAction","target":["https:\/\/jazairhope.org\/fr\/hamas-attache-a-la-mise-en-oeuvre-de-la-declaration-dalger-pour-la-reconciliation-palestinienne\/"]}]},{"@type":"ImageObject","inLanguage":"fr-FR","@id":"https:\/\/jazairhope.org\/fr\/hamas-attache-a-la-mise-en-oeuvre-de-la-declaration-dalger-pour-la-reconciliation-palestinienne\/#primaryimage","url":"https:\/\/jazairhope.org\/wp-content\/uploads\/2022\/11\/b2364404c660b6522ad766a5d43b7430_M.jpg","contentUrl":"https:\/\/jazairhope.org\/wp-content\/uploads\/2022\/11\/b2364404c660b6522ad766a5d43b7430_M.jpg","width":580,"height":350},{"@type":"BreadcrumbList","@id":"https:\/\/jazairhope.org\/fr\/hamas-attache-a-la-mise-en-oeuvre-de-la-declaration-dalger-pour-la-reconciliation-palestinienne\/#breadcrumb","itemListElement":[{"@type":"ListItem","position":1,"name":"Accueil","item":"https:\/\/jazairhope.org\/fr\/"},{"@type":"ListItem","position":2,"name":"Hamas attach\u00e9 \u00e0 la mise en oeuvre de la \u00ab\u00a0D\u00e9claration d&rsquo;Alger\u00a0\u00bb pour la r\u00e9conciliation palestinienne"}]},{"@type":"WebSite","@id":"https:\/\/jazairhope.org\/fr\/#website","url":"https:\/\/jazairhope.org\/fr\/","name":"AAH.JZR","description":"Environment, Health, Science, Art, Economics","potentialAction":[{"@type":"SearchAction","target":{"@type":"EntryPoint","urlTemplate":"https:\/\/jazairhope.org\/fr\/?s={search_term_string}"},"query-input":{"@type":"PropertyValueSpecification","valueRequired":true,"valueName":"search_term_string"}}],"inLanguage":"fr-FR"},{"@type":"Person","@id":"https:\/\/jazairhope.org\/fr\/#\/schema\/person\/43650ebd889d8960700b5456ed9264c4","name":"Ssuperadmin","image":{"@type":"ImageObject","inLanguage":"fr-FR","@id":"https:\/\/secure.gravatar.com\/avatar\/b4068e88b9c557952c81ca0efc4e11e19a2ed480173b8cef95a240894b16bf22?s=96&d=mm&r=g","url":"https:\/\/secure.gravatar.com\/avatar\/b4068e88b9c557952c81ca0efc4e11e19a2ed480173b8cef95a240894b16bf22?s=96&d=mm&r=g","contentUrl":"https:\/\/secure.gravatar.com\/avatar\/b4068e88b9c557952c81ca0efc4e11e19a2ed480173b8cef95a240894b16bf22?s=96&d=mm&r=g","caption":"Ssuperadmin"},"sameAs":["https:\/\/jazairhope.org"],"url":"https:\/\/jazairhope.org\/fr\/author\/superadmin\/"}]}},"views":235,"_links":{"self":[{"href":"https:\/\/jazairhope.org\/fr\/wp-json\/wp\/v2\/posts\/62669","targetHints":{"allow":["GET"]}}],"collection":[{"href":"https:\/\/jazairhope.org\/fr\/wp-json\/wp\/v2\/posts"}],"about":[{"href":"https:\/\/jazairhope.org\/fr\/wp-json\/wp\/v2\/types\/post"}],"author":[{"embeddable":true,"href":"https:\/\/jazairhope.org\/fr\/wp-json\/wp\/v2\/users\/1"}],"replies":[{"embeddable":true,"href":"https:\/\/jazairhope.org\/fr\/wp-json\/wp\/v2\/comments?post=62669"}],"version-history":[{"count":0,"href":"https:\/\/jazairhope.org\/fr\/wp-json\/wp\/v2\/posts\/62669\/revisions"}],"wp:featuredmedia":[{"embeddable":true,"href":"https:\/\/jazairhope.org\/fr\/wp-json\/wp\/v2\/media\/62671"}],"wp:attachment":[{"href":"https:\/\/jazairhope.org\/fr\/wp-json\/wp\/v2\/media?parent=62669"}],"wp:term":[{"taxonomy":"category","embeddable":true,"href":"https:\/\/jazairhope.org\/fr\/wp-json\/wp\/v2\/categories?post=62669"},{"taxonomy":"post_tag","embeddable":true,"href":"https:\/\/jazairhope.org\/fr\/wp-json\/wp\/v2\/tags?post=62669"}],"curies":[{"name":"wp","href":"https:\/\/api.w.org\/{rel}","templated":true}]}}