{"id":64226,"date":"2022-12-02T14:00:59","date_gmt":"2022-12-02T13:00:59","guid":{"rendered":"https:\/\/jazairhope.org\/?p=64226"},"modified":"2022-12-02T01:47:28","modified_gmt":"2022-12-02T00:47:28","slug":"journee-internationale-de-solidarite-avec-le-peuple-palestinien","status":"publish","type":"post","link":"https:\/\/jazairhope.org\/fr\/journee-internationale-de-solidarite-avec-le-peuple-palestinien\/","title":{"rendered":"Journ\u00e9e internationale de solidarit\u00e9 avec le peuple palestinien"},"content":{"rendered":"<h1 class=\"news-title-container\">Journ\u00e9e internationale de solidarit\u00e9 avec le peuple palestinien<\/h1>\n<div class=\"news-detail-top\">\n<div class=\"news-detail\">Wednesday, 30 November 2022<\/div>\n<div><\/div>\n<\/div>\n<div class=\"news-body-container\">\n<div class=\"news-attachment-container\">\n<div id=\"mediaplayer\">La mosqu\u00e9e al-Aqsa, premi\u00e8re \u00ab qiblah \u00bb des musulmans. (Photo d&#8217;Archives)<\/div>\n<\/div>\n<div>\n<p><strong>Le monde a c\u00e9l\u00e9br\u00e9, le mardi 29 novembre 2022, la Journ\u00e9e internationale de solidarit\u00e9 avec le peuple palestinien, une occasion pour r\u00e9affirmer le soutien \u00e0 ce peuple opprim\u00e9 dans sa lutte l\u00e9gitime pour le recouvrement de sa libert\u00e9 et l\u2019\u00e9tablissement de son \u00c9tat ind\u00e9pendant avec Qods pour capitale, dans un contexte marqu\u00e9 par une escalade dangereuse des agressions sionistes dans les territoires occup\u00e9s.<\/strong><\/p>\n<p>Des dirigeants et des personnalit\u00e9s politiques de divers pays ont exprim\u00e9 leur soutien \u00e0 la Palestine \u00e0 l\u2019occasion de la Journ\u00e9e internationale de solidarit\u00e9 avec le peuple palestinien.<\/p>\n<p>Le pr\u00e9sident chinois, Xi Jinping a d\u00e9clar\u00e9 que P\u00e9kin continuerait \u00e0 soutenir activement le peuple de la Palestine et son combat pour recouvrer ses droits l\u00e9gitimes.<\/p>\n<p>Dans son message adress\u00e9 lors d&#8217;une\u00a0c\u00e9r\u00e9monie tenue par l\u2019ONU pour c\u00e9l\u00e9brer la Journ\u00e9e mondiale de solidarit\u00e9 avec le peuple palestinien, Xi Jinping a soulign\u00e9 que la Palestine est le dossier central du Moyen-Orient et que la r\u00e9solution \u00e9quitable de cette question aurait un impact positif sur le renforcement de la paix et de la stabilit\u00e9 dans la r\u00e9gion et dans le monde.<\/p>\n<p>Le porte-parole du minist\u00e8re iranien des Affaires \u00e9trang\u00e8res, Nasser Kan\u2019ani, a \u00e9crit, pour sa part, que des efforts de certains \u00c9tats de la r\u00e9gion pour normaliser leurs relations avec le r\u00e9gime isra\u00e9lien n\u2019ont aucunement r\u00e9duit le sentiment de\u00a0haine des peuples arabes envers le r\u00e9gime d\u2019occupation. Il a soutenu la cause palestinienne et\u00a0fait \u00e9tat de la solidarit\u00e9 profonde de la R\u00e9publique islamique d\u2019Iran avec les Palestiniens.<\/p>\n<div data-oembed-url=\"https:\/\/french.presstv.ir\/Detail\/2022\/11\/29\/693618\/Palestine-d%C3%A9classifi%C3%A9e-Google-au-service-des-crimes-isra%C3%A9liens%C2%A0\"><\/div>\n<p>Au Maroc, une manifestation a \u00e9t\u00e9 organis\u00e9e devant le Parlement \u00e0 Rabat pour c\u00e9l\u00e9brer la Journ\u00e9e internationale de solidarit\u00e9 avec le peuple palestinien. Les manifestants ont vivement condamn\u00e9 la normalisation des relations entre le r\u00e9gime sioniste et le gouvernement marocain. Le rassemblement avait \u00e9t\u00e9 organis\u00e9 par plusieurs associations de militants pour d\u00e9fendre les droits des Palestiniens.<\/p>\n<p>En Alg\u00e9rie, le pr\u00e9sident Abdelmadjid Tebboune a publi\u00e9 un message \u00e0 l\u2019occasion de la Journ\u00e9e internationale de solidarit\u00e9 avec le peuple palestinien, dans lequelle il a affirm\u00e9 la ferme position de l\u2019Alg\u00e9rie \u00e0 l\u2019appui de la Palestine dans sa lutte pour restaurer ses droits usurp\u00e9s, qui sont garantis par la l\u00e9gitimit\u00e9 internationale.<\/p>\n<p><img fetchpriority=\"high\" decoding=\"async\" src=\"https:\/\/cdn.presstv.ir\/Photo\/2022\/11\/30\/7e6a097b-341f-4c2b-ba64-3a495b7aa98c.jpg\" alt=\"\" width=\"555\" height=\"312\" \/><\/p>\n<p>Image: le pr\u00e9sident alg\u00e9rien\u00a0Abdelmadjid Tebboune (Archives)<\/p>\n<p>\u00ab\u2009La comm\u00e9moration de cette journ\u00e9e est une affirmation explicite des droits inali\u00e9nables du peuple palestinien \u00e0 \u00e9tablir son \u00c9tat ind\u00e9pendant avec Qods pour capitale\u2009\u00bb, a d\u00e9clar\u00e9 le pr\u00e9sident alg\u00e9rien dans son message.<\/p>\n<div data-oembed-url=\"https:\/\/french.presstv.ir\/Detail\/2022\/11\/23\/693225\/Cette-decennie-est-la-d%C3%A9cennie-la-plus-sombre-d%E2%80%99Israel\"><\/div>\n<p>Le ministre syrien des Affaires \u00e9trang\u00e8res, Fay\u00e7al Meqdad, a r\u00e9affirm\u00e9 de son c\u00f4t\u00e9 que la cause palestinienne resterait toujours la question centrale pour la Syrie qui continuerait \u00e0 soutenir le peuple palestinien et son droit inali\u00e9nable \u00e0 l\u2019autod\u00e9termination.<\/p>\n<p>\u00ab\u2009La Syrie soutient le droit des Palestiniens \u00e0 \u00e9tablir leur \u00c9tat ind\u00e9pendant avec Qods comme capitale, donnant \u00e0 l\u2019\u00c9tat palestinien une adh\u00e9sion \u00e0 part enti\u00e8re \u00e0 l\u2019ONU avec le retour des r\u00e9fugi\u00e9s dans leur foyer conform\u00e9ment \u00e0 la r\u00e9solution\u00a0194 du Conseil de s\u00e9curit\u00e9 datant de 1948\u2009\u00bb, a-t-il d\u00e9clar\u00e9 dans un message \u00e0 l\u2019occasion de la Journ\u00e9e internationale de solidarit\u00e9 avec le peuple palestinien. Il a ajout\u00e9 que les \u00c9tats-Unis et leurs alli\u00e9s occidentaux sont complices des crimes commis depuis plus de 70 ans par le r\u00e9gime d\u2019occupation d\u2019Isra\u00ebl en Palestine et dans d\u2019autres territoires arabes occup\u00e9s par les Isra\u00e9liens.<\/p>\n<p>Le Pakistan a r\u00e9affirm\u00e9 lundi son \u00ab\u2009soutien constant et sans r\u00e9serve\u2009\u00bb \u00e0 la cause palestinienne qui a toujours \u00e9t\u00e9 un \u00ab\u2009principe d\u00e9terminant de la politique \u00e9trang\u00e8re\u2009\u00bb du pays.<\/p>\n<div data-oembed-url=\"https:\/\/french.presstv.ir\/Detail\/2022\/11\/28\/693542\/Qatar-2022-les-Isra%C3%A9liens-se-sentent-rejet%C3%A9s-Na%C3%AFm-Qassem\">\n<div class=\"oembed\">\n<p><a href=\"https:\/\/french.presstv.ir\/Detail\/2022\/11\/28\/693542\/Qatar-2022-les-Isra%C3%A9liens-se-sentent-rejet%C3%A9s-Na%C3%AFm-Qassem\" rel=\"noopener\"><img decoding=\"async\" class=\"thumbnail\" src=\"https:\/\/cdn.presstv.ir\/Photo\/2022\/11\/28\/d23021d3-b73f-47fb-95eb-40b690023b97.PNG\" alt=\"Qatar 2022: les Isra\u00e9liens se sentent d\u00e9test\u00e9s\" \/><\/a><\/p>\n<div class=\"title\"><a href=\"https:\/\/french.presstv.ir\/Detail\/2022\/11\/28\/693542\/Qatar-2022-les-Isra%C3%A9liens-se-sentent-rejet%C3%A9s-Na%C3%AFm-Qassem\" rel=\"noopener\">Qatar 2022: les Isra\u00e9liens se sentent d\u00e9test\u00e9s<\/a><\/div>\n<\/div>\n<p><a href=\"https:\/\/french.presstv.ir\/Detail\/2022\/11\/28\/693542\/Qatar-2022-les-Isra%C3%A9liens-se-sentent-rejet%C3%A9s-Na%C3%AFm-Qassem\" rel=\"noopener\">Le Hezbollah libanais r\u00e9it\u00e8re le rejet des peuples de la r\u00e9gion pour l\u2019existence d\u2019Isra\u00ebl, une r\u00e9alit\u00e9 que reconnaissent des m\u00e9dias isra\u00e9liens dans la foul\u00e9e de la Coupe du monde.<\/a><\/p>\n<\/div>\n<p>\u00ab\u2009Le gouvernement et le peuple pakistanais se joignent \u00e0 la communaut\u00e9 mondiale pour observer la Journ\u00e9e internationale de solidarit\u00e9 avec le peuple palestinien\u2009\u00bb, a annonc\u00e9 le minist\u00e8re pakistanais des Affaires \u00e9trang\u00e8res dans un communiqu\u00e9.<\/p>\n<p>Le Premier ministre pakistanais, Shehbaz Charif, a \u00e9crit sur sa page Twitter\u00a0: \u00ab\u2009Au nom du peuple et du gouvernement du Pakistan, je r\u00e9it\u00e8re notre soutien ind\u00e9fectible aux Palestiniens \u00e0 l\u2019occasion de la Journ\u00e9e internationale de solidarit\u00e9 avec le peuple palestinien. La journ\u00e9e met en lumi\u00e8re les souffrances extr\u00eames endur\u00e9es par les Palestiniens sous l\u2019occupation isra\u00e9lienne ill\u00e9gale.\u2009\u00bb<\/p>\n<p>Shehbaz Charif a ajout\u00e9\u00a0: \u00ab\u2009La pers\u00e9cution isra\u00e9lienne et les actions oppressives qui ne trouvent aucun parall\u00e8le dans l\u2019histoire contemporaine sont enhardies par l\u2019impunit\u00e9. Le probl\u00e8me de la Palestine n\u2019est pas seulement une question morale, mais un probl\u00e8me qui a des implications pour la paix mondiale.\u2009\u00bb<\/p>\n<p>La journ\u00e9e internationale de solidarit\u00e9 avec le peuple palestinien est une journ\u00e9e internationale \u00e9tablie par les Nations unies et elle est g\u00e9n\u00e9ralement tenue le 29 novembre de chaque ann\u00e9e.<\/p>\n<div data-oembed-url=\"https:\/\/french.presstv.ir\/Detail\/2022\/11\/30\/693674\/-Le\">\n<div class=\"oembed\"><\/div>\n<\/div>\n<\/div>\n<\/div>\n","protected":false},"excerpt":{"rendered":"<p>Journ\u00e9e internationale de solidarit\u00e9 avec le peuple palestinien Wednesday, 30 November 2022 La mosqu\u00e9e al-Aqsa, premi\u00e8re \u00ab qiblah \u00bb des musulmans. (Photo&hellip;<\/p>\n","protected":false},"author":1,"featured_media":64228,"comment_status":"open","ping_status":"open","sticky":false,"template":"","format":"standard","meta":{"_lmt_disableupdate":"","_lmt_disable":"","footnotes":""},"categories":[49],"tags":[],"class_list":["post-64226","post","type-post","status-publish","format-standard","has-post-thumbnail","hentry","category-politique"],"yoast_head":"<!-- This site is optimized with the Yoast SEO plugin v27.3 - https:\/\/yoast.com\/product\/yoast-seo-wordpress\/ -->\n<title>Journ\u00e9e internationale de solidarit\u00e9 avec le peuple palestinien - AAH.JZR<\/title>\n<meta name=\"robots\" content=\"index, follow, max-snippet:-1, max-image-preview:large, max-video-preview:-1\" \/>\n<link rel=\"canonical\" href=\"https:\/\/jazairhope.org\/fr\/journee-internationale-de-solidarite-avec-le-peuple-palestinien\/\" \/>\n<meta property=\"og:locale\" content=\"fr_FR\" \/>\n<meta property=\"og:type\" content=\"article\" \/>\n<meta property=\"og:title\" content=\"Journ\u00e9e internationale de solidarit\u00e9 avec le peuple palestinien - AAH.JZR\" \/>\n<meta property=\"og:description\" content=\"Journ\u00e9e internationale de solidarit\u00e9 avec le peuple palestinien Wednesday, 30 November 2022 La mosqu\u00e9e al-Aqsa, premi\u00e8re \u00ab qiblah \u00bb des musulmans. (Photo&hellip;\" \/>\n<meta property=\"og:url\" content=\"https:\/\/jazairhope.org\/fr\/journee-internationale-de-solidarite-avec-le-peuple-palestinien\/\" \/>\n<meta property=\"og:site_name\" content=\"AAH.JZR\" \/>\n<meta property=\"article:publisher\" content=\"https:\/\/www.facebook.com\/jazairhope\" \/>\n<meta property=\"article:published_time\" content=\"2022-12-02T13:00:59+00:00\" \/>\n<meta property=\"og:image\" content=\"https:\/\/jazairhope.org\/wp-content\/uploads\/2022\/12\/f9983d2f-0593-4077-8876-642717897777.jpg\" \/>\n\t<meta property=\"og:image:width\" content=\"1000\" \/>\n\t<meta property=\"og:image:height\" content=\"563\" \/>\n\t<meta property=\"og:image:type\" content=\"image\/jpeg\" \/>\n<meta name=\"author\" content=\"Ssuperadmin\" \/>\n<meta name=\"twitter:card\" content=\"summary_large_image\" \/>\n<meta name=\"twitter:label1\" content=\"\u00c9crit par\" \/>\n\t<meta name=\"twitter:data1\" content=\"Ssuperadmin\" \/>\n\t<meta name=\"twitter:label2\" content=\"Dur\u00e9e de lecture estim\u00e9e\" \/>\n\t<meta name=\"twitter:data2\" content=\"4 minutes\" \/>\n<script type=\"application\/ld+json\" class=\"yoast-schema-graph\">{\"@context\":\"https:\\\/\\\/schema.org\",\"@graph\":[{\"@type\":\"Article\",\"@id\":\"https:\\\/\\\/jazairhope.org\\\/fr\\\/journee-internationale-de-solidarite-avec-le-peuple-palestinien\\\/#article\",\"isPartOf\":{\"@id\":\"https:\\\/\\\/jazairhope.org\\\/fr\\\/journee-internationale-de-solidarite-avec-le-peuple-palestinien\\\/\"},\"author\":{\"name\":\"Ssuperadmin\",\"@id\":\"https:\\\/\\\/jazairhope.org\\\/fr\\\/#\\\/schema\\\/person\\\/43650ebd889d8960700b5456ed9264c4\"},\"headline\":\"Journ\u00e9e internationale de solidarit\u00e9 avec le peuple palestinien\",\"datePublished\":\"2022-12-02T13:00:59+00:00\",\"mainEntityOfPage\":{\"@id\":\"https:\\\/\\\/jazairhope.org\\\/fr\\\/journee-internationale-de-solidarite-avec-le-peuple-palestinien\\\/\"},\"wordCount\":899,\"commentCount\":0,\"image\":{\"@id\":\"https:\\\/\\\/jazairhope.org\\\/fr\\\/journee-internationale-de-solidarite-avec-le-peuple-palestinien\\\/#primaryimage\"},\"thumbnailUrl\":\"https:\\\/\\\/jazairhope.org\\\/wp-content\\\/uploads\\\/2022\\\/12\\\/f9983d2f-0593-4077-8876-642717897777.jpg\",\"articleSection\":[\"Politique\"],\"inLanguage\":\"fr-FR\",\"potentialAction\":[{\"@type\":\"CommentAction\",\"name\":\"Comment\",\"target\":[\"https:\\\/\\\/jazairhope.org\\\/fr\\\/journee-internationale-de-solidarite-avec-le-peuple-palestinien\\\/#respond\"]}]},{\"@type\":\"WebPage\",\"@id\":\"https:\\\/\\\/jazairhope.org\\\/fr\\\/journee-internationale-de-solidarite-avec-le-peuple-palestinien\\\/\",\"url\":\"https:\\\/\\\/jazairhope.org\\\/fr\\\/journee-internationale-de-solidarite-avec-le-peuple-palestinien\\\/\",\"name\":\"Journ\u00e9e internationale de solidarit\u00e9 avec le peuple palestinien - AAH.JZR\",\"isPartOf\":{\"@id\":\"https:\\\/\\\/jazairhope.org\\\/fr\\\/#website\"},\"primaryImageOfPage\":{\"@id\":\"https:\\\/\\\/jazairhope.org\\\/fr\\\/journee-internationale-de-solidarite-avec-le-peuple-palestinien\\\/#primaryimage\"},\"image\":{\"@id\":\"https:\\\/\\\/jazairhope.org\\\/fr\\\/journee-internationale-de-solidarite-avec-le-peuple-palestinien\\\/#primaryimage\"},\"thumbnailUrl\":\"https:\\\/\\\/jazairhope.org\\\/wp-content\\\/uploads\\\/2022\\\/12\\\/f9983d2f-0593-4077-8876-642717897777.jpg\",\"datePublished\":\"2022-12-02T13:00:59+00:00\",\"author\":{\"@id\":\"https:\\\/\\\/jazairhope.org\\\/fr\\\/#\\\/schema\\\/person\\\/43650ebd889d8960700b5456ed9264c4\"},\"breadcrumb\":{\"@id\":\"https:\\\/\\\/jazairhope.org\\\/fr\\\/journee-internationale-de-solidarite-avec-le-peuple-palestinien\\\/#breadcrumb\"},\"inLanguage\":\"fr-FR\",\"potentialAction\":[{\"@type\":\"ReadAction\",\"target\":[\"https:\\\/\\\/jazairhope.org\\\/fr\\\/journee-internationale-de-solidarite-avec-le-peuple-palestinien\\\/\"]}]},{\"@type\":\"ImageObject\",\"inLanguage\":\"fr-FR\",\"@id\":\"https:\\\/\\\/jazairhope.org\\\/fr\\\/journee-internationale-de-solidarite-avec-le-peuple-palestinien\\\/#primaryimage\",\"url\":\"https:\\\/\\\/jazairhope.org\\\/wp-content\\\/uploads\\\/2022\\\/12\\\/f9983d2f-0593-4077-8876-642717897777.jpg\",\"contentUrl\":\"https:\\\/\\\/jazairhope.org\\\/wp-content\\\/uploads\\\/2022\\\/12\\\/f9983d2f-0593-4077-8876-642717897777.jpg\",\"width\":1000,\"height\":563},{\"@type\":\"BreadcrumbList\",\"@id\":\"https:\\\/\\\/jazairhope.org\\\/fr\\\/journee-internationale-de-solidarite-avec-le-peuple-palestinien\\\/#breadcrumb\",\"itemListElement\":[{\"@type\":\"ListItem\",\"position\":1,\"name\":\"Accueil\",\"item\":\"https:\\\/\\\/jazairhope.org\\\/fr\\\/\"},{\"@type\":\"ListItem\",\"position\":2,\"name\":\"Journ\u00e9e internationale de solidarit\u00e9 avec le peuple palestinien\"}]},{\"@type\":\"WebSite\",\"@id\":\"https:\\\/\\\/jazairhope.org\\\/fr\\\/#website\",\"url\":\"https:\\\/\\\/jazairhope.org\\\/fr\\\/\",\"name\":\"AAH.JZR\",\"description\":\"Environment, Health, Science, Art, Economics\",\"potentialAction\":[{\"@type\":\"SearchAction\",\"target\":{\"@type\":\"EntryPoint\",\"urlTemplate\":\"https:\\\/\\\/jazairhope.org\\\/fr\\\/?s={search_term_string}\"},\"query-input\":{\"@type\":\"PropertyValueSpecification\",\"valueRequired\":true,\"valueName\":\"search_term_string\"}}],\"inLanguage\":\"fr-FR\"},{\"@type\":\"Person\",\"@id\":\"https:\\\/\\\/jazairhope.org\\\/fr\\\/#\\\/schema\\\/person\\\/43650ebd889d8960700b5456ed9264c4\",\"name\":\"Ssuperadmin\",\"image\":{\"@type\":\"ImageObject\",\"inLanguage\":\"fr-FR\",\"@id\":\"https:\\\/\\\/secure.gravatar.com\\\/avatar\\\/b4068e88b9c557952c81ca0efc4e11e19a2ed480173b8cef95a240894b16bf22?s=96&d=mm&r=g\",\"url\":\"https:\\\/\\\/secure.gravatar.com\\\/avatar\\\/b4068e88b9c557952c81ca0efc4e11e19a2ed480173b8cef95a240894b16bf22?s=96&d=mm&r=g\",\"contentUrl\":\"https:\\\/\\\/secure.gravatar.com\\\/avatar\\\/b4068e88b9c557952c81ca0efc4e11e19a2ed480173b8cef95a240894b16bf22?s=96&d=mm&r=g\",\"caption\":\"Ssuperadmin\"},\"sameAs\":[\"https:\\\/\\\/jazairhope.org\"],\"url\":\"https:\\\/\\\/jazairhope.org\\\/fr\\\/author\\\/superadmin\\\/\"}]}<\/script>\n<!-- \/ Yoast SEO plugin. -->","yoast_head_json":{"title":"Journ\u00e9e internationale de solidarit\u00e9 avec le peuple palestinien - AAH.JZR","robots":{"index":"index","follow":"follow","max-snippet":"max-snippet:-1","max-image-preview":"max-image-preview:large","max-video-preview":"max-video-preview:-1"},"canonical":"https:\/\/jazairhope.org\/fr\/journee-internationale-de-solidarite-avec-le-peuple-palestinien\/","og_locale":"fr_FR","og_type":"article","og_title":"Journ\u00e9e internationale de solidarit\u00e9 avec le peuple palestinien - AAH.JZR","og_description":"Journ\u00e9e internationale de solidarit\u00e9 avec le peuple palestinien Wednesday, 30 November 2022 La mosqu\u00e9e al-Aqsa, premi\u00e8re \u00ab qiblah \u00bb des musulmans. (Photo&hellip;","og_url":"https:\/\/jazairhope.org\/fr\/journee-internationale-de-solidarite-avec-le-peuple-palestinien\/","og_site_name":"AAH.JZR","article_publisher":"https:\/\/www.facebook.com\/jazairhope","article_published_time":"2022-12-02T13:00:59+00:00","og_image":[{"width":1000,"height":563,"url":"https:\/\/jazairhope.org\/wp-content\/uploads\/2022\/12\/f9983d2f-0593-4077-8876-642717897777.jpg","type":"image\/jpeg"}],"author":"Ssuperadmin","twitter_card":"summary_large_image","twitter_misc":{"\u00c9crit par":"Ssuperadmin","Dur\u00e9e de lecture estim\u00e9e":"4 minutes"},"schema":{"@context":"https:\/\/schema.org","@graph":[{"@type":"Article","@id":"https:\/\/jazairhope.org\/fr\/journee-internationale-de-solidarite-avec-le-peuple-palestinien\/#article","isPartOf":{"@id":"https:\/\/jazairhope.org\/fr\/journee-internationale-de-solidarite-avec-le-peuple-palestinien\/"},"author":{"name":"Ssuperadmin","@id":"https:\/\/jazairhope.org\/fr\/#\/schema\/person\/43650ebd889d8960700b5456ed9264c4"},"headline":"Journ\u00e9e internationale de solidarit\u00e9 avec le peuple palestinien","datePublished":"2022-12-02T13:00:59+00:00","mainEntityOfPage":{"@id":"https:\/\/jazairhope.org\/fr\/journee-internationale-de-solidarite-avec-le-peuple-palestinien\/"},"wordCount":899,"commentCount":0,"image":{"@id":"https:\/\/jazairhope.org\/fr\/journee-internationale-de-solidarite-avec-le-peuple-palestinien\/#primaryimage"},"thumbnailUrl":"https:\/\/jazairhope.org\/wp-content\/uploads\/2022\/12\/f9983d2f-0593-4077-8876-642717897777.jpg","articleSection":["Politique"],"inLanguage":"fr-FR","potentialAction":[{"@type":"CommentAction","name":"Comment","target":["https:\/\/jazairhope.org\/fr\/journee-internationale-de-solidarite-avec-le-peuple-palestinien\/#respond"]}]},{"@type":"WebPage","@id":"https:\/\/jazairhope.org\/fr\/journee-internationale-de-solidarite-avec-le-peuple-palestinien\/","url":"https:\/\/jazairhope.org\/fr\/journee-internationale-de-solidarite-avec-le-peuple-palestinien\/","name":"Journ\u00e9e internationale de solidarit\u00e9 avec le peuple palestinien - AAH.JZR","isPartOf":{"@id":"https:\/\/jazairhope.org\/fr\/#website"},"primaryImageOfPage":{"@id":"https:\/\/jazairhope.org\/fr\/journee-internationale-de-solidarite-avec-le-peuple-palestinien\/#primaryimage"},"image":{"@id":"https:\/\/jazairhope.org\/fr\/journee-internationale-de-solidarite-avec-le-peuple-palestinien\/#primaryimage"},"thumbnailUrl":"https:\/\/jazairhope.org\/wp-content\/uploads\/2022\/12\/f9983d2f-0593-4077-8876-642717897777.jpg","datePublished":"2022-12-02T13:00:59+00:00","author":{"@id":"https:\/\/jazairhope.org\/fr\/#\/schema\/person\/43650ebd889d8960700b5456ed9264c4"},"breadcrumb":{"@id":"https:\/\/jazairhope.org\/fr\/journee-internationale-de-solidarite-avec-le-peuple-palestinien\/#breadcrumb"},"inLanguage":"fr-FR","potentialAction":[{"@type":"ReadAction","target":["https:\/\/jazairhope.org\/fr\/journee-internationale-de-solidarite-avec-le-peuple-palestinien\/"]}]},{"@type":"ImageObject","inLanguage":"fr-FR","@id":"https:\/\/jazairhope.org\/fr\/journee-internationale-de-solidarite-avec-le-peuple-palestinien\/#primaryimage","url":"https:\/\/jazairhope.org\/wp-content\/uploads\/2022\/12\/f9983d2f-0593-4077-8876-642717897777.jpg","contentUrl":"https:\/\/jazairhope.org\/wp-content\/uploads\/2022\/12\/f9983d2f-0593-4077-8876-642717897777.jpg","width":1000,"height":563},{"@type":"BreadcrumbList","@id":"https:\/\/jazairhope.org\/fr\/journee-internationale-de-solidarite-avec-le-peuple-palestinien\/#breadcrumb","itemListElement":[{"@type":"ListItem","position":1,"name":"Accueil","item":"https:\/\/jazairhope.org\/fr\/"},{"@type":"ListItem","position":2,"name":"Journ\u00e9e internationale de solidarit\u00e9 avec le peuple palestinien"}]},{"@type":"WebSite","@id":"https:\/\/jazairhope.org\/fr\/#website","url":"https:\/\/jazairhope.org\/fr\/","name":"AAH.JZR","description":"Environment, Health, Science, Art, Economics","potentialAction":[{"@type":"SearchAction","target":{"@type":"EntryPoint","urlTemplate":"https:\/\/jazairhope.org\/fr\/?s={search_term_string}"},"query-input":{"@type":"PropertyValueSpecification","valueRequired":true,"valueName":"search_term_string"}}],"inLanguage":"fr-FR"},{"@type":"Person","@id":"https:\/\/jazairhope.org\/fr\/#\/schema\/person\/43650ebd889d8960700b5456ed9264c4","name":"Ssuperadmin","image":{"@type":"ImageObject","inLanguage":"fr-FR","@id":"https:\/\/secure.gravatar.com\/avatar\/b4068e88b9c557952c81ca0efc4e11e19a2ed480173b8cef95a240894b16bf22?s=96&d=mm&r=g","url":"https:\/\/secure.gravatar.com\/avatar\/b4068e88b9c557952c81ca0efc4e11e19a2ed480173b8cef95a240894b16bf22?s=96&d=mm&r=g","contentUrl":"https:\/\/secure.gravatar.com\/avatar\/b4068e88b9c557952c81ca0efc4e11e19a2ed480173b8cef95a240894b16bf22?s=96&d=mm&r=g","caption":"Ssuperadmin"},"sameAs":["https:\/\/jazairhope.org"],"url":"https:\/\/jazairhope.org\/fr\/author\/superadmin\/"}]}},"views":205,"_links":{"self":[{"href":"https:\/\/jazairhope.org\/fr\/wp-json\/wp\/v2\/posts\/64226","targetHints":{"allow":["GET"]}}],"collection":[{"href":"https:\/\/jazairhope.org\/fr\/wp-json\/wp\/v2\/posts"}],"about":[{"href":"https:\/\/jazairhope.org\/fr\/wp-json\/wp\/v2\/types\/post"}],"author":[{"embeddable":true,"href":"https:\/\/jazairhope.org\/fr\/wp-json\/wp\/v2\/users\/1"}],"replies":[{"embeddable":true,"href":"https:\/\/jazairhope.org\/fr\/wp-json\/wp\/v2\/comments?post=64226"}],"version-history":[{"count":0,"href":"https:\/\/jazairhope.org\/fr\/wp-json\/wp\/v2\/posts\/64226\/revisions"}],"wp:featuredmedia":[{"embeddable":true,"href":"https:\/\/jazairhope.org\/fr\/wp-json\/wp\/v2\/media\/64228"}],"wp:attachment":[{"href":"https:\/\/jazairhope.org\/fr\/wp-json\/wp\/v2\/media?parent=64226"}],"wp:term":[{"taxonomy":"category","embeddable":true,"href":"https:\/\/jazairhope.org\/fr\/wp-json\/wp\/v2\/categories?post=64226"},{"taxonomy":"post_tag","embeddable":true,"href":"https:\/\/jazairhope.org\/fr\/wp-json\/wp\/v2\/tags?post=64226"}],"curies":[{"name":"wp","href":"https:\/\/api.w.org\/{rel}","templated":true}]}}