{"id":64231,"date":"2022-12-02T01:46:28","date_gmt":"2022-12-02T00:46:28","guid":{"rendered":"https:\/\/jazairhope.org\/?p=64231"},"modified":"2022-12-02T01:46:28","modified_gmt":"2022-12-02T00:46:28","slug":"sahara-occidental-perissent-nos-principes-plutot-que-la-derniere-colonie-dafrique","status":"publish","type":"post","link":"https:\/\/jazairhope.org\/fr\/sahara-occidental-perissent-nos-principes-plutot-que-la-derniere-colonie-dafrique\/","title":{"rendered":"Sahara occidental : p\u00e9rissent nos principes plut\u00f4t que la derni\u00e8re colonie d\u2019Afrique ?"},"content":{"rendered":"<p><em><strong>Par Yazid Ben Hounet(*)<\/strong><\/em><br \/>\n<em><strong>et Se\u0301bastien Boulay(**)<\/strong><\/em><br \/>\nLe mercredi 18 avril 2018, l\u2019Humanite\u0301 publiait une lettre ouverte adresse\u0301e a\u0300 Emmanuel Macron, signe\u0301e par des dizaines de spe\u0301cialistes du droit international, des relations internationales, des droits humains et de l\u2019Afrique du Nord. Celle-ci pointait du doigt la responsabilite\u0301 de la France dans la non- de\u0301colonisation du Sahara occidental.<br \/>\nVue de France, la question du Sahara occidental, lorsqu\u2019elle est aborde\u0301e dans les me\u0301dias (c\u2019est-a\u0300-dire rarement), se re\u0301sume bien souvent a\u0300 un conflit de territoire, dispute\u0301 entre, d\u2019une part, le Maroc et, de l\u2019autre, un \u00abmouvement inde\u0301pendantiste\u00bb, le Front Polisaro, \u00absoutenu par l\u2019Alge\u0301rie\u00bb. Vue de l\u2019international et des spe\u0301cialistes en la matie\u0300re, la situation du Sahara occidental est avant tout celle d\u2019une de\u0301colonisation entrave\u0301e par le Maroc, qui occupe pre\u0300s de 80% du territoire, avec le soutien (en coulisse) de la France. Elle ge\u0301ne\u0300re des violations des droits humains et des crimes de colonisation dans les territoires sous occupation marocaine.<\/p>\n<p><strong>Une d\u00e9colonisation entrav\u00e9e<\/strong><br \/>\nColonie espagnole de 1884 a\u0300 1976, le Sahara occidental a tre\u0300s to\u0302t attise\u0301 les convoitises du voisin marocain puis, plus tardivement, de la Mauritanie, qui envahissent le territoire fin 1975-de\u0301but 1976, conforme\u0301ment a\u0300 un accord passe\u0301 avec le re\u0301gime de Franco (14 novembre 1975) a\u0300 l\u2019insu du peuple colonise\u0301 du Sahara occidental (les Sahraouis) et en infraction avec les re\u0301solutions onusiennes. Cette invasion de\u0301clenche une guerre de 16 ans avec le Front Polisario, mouvement de libe\u0301ration fonde\u0301 en 1973 qui lutte d\u2019abord contre l\u2019Espagne pour la de\u0301colonisation du territoire, et est reconnu comme unique repre\u0301sentant du peuple sahraoui par l\u2019ONU en mai 1975.<br \/>\nLe Front Polisario s\u2019inscrit dans le sillage des mouvements de libe\u0301ration africains, conforme\u0301ment aux re\u0301solutions de l\u2019ONU(1) et de la charte de l\u2019Organisation de l\u2019Unite\u0301 africaine (Addis-Abeba, 1963)(2), document fondateur de l\u2019Union africaine. Cette dernie\u0300re e\u0301tablissait deux principes clairs pour toute l\u2019Afrique : d\u2019une part, le respect des frontie\u0300res he\u0301rite\u0301es de la colonisation, afin d\u2019e\u0301viter les potentiels conflits de frontie\u0300re entre les pays nouvellement de\u0301colonise\u0301s (re\u0300gle rappele\u0301e a\u0300 la Confe\u0301rence du Caire de 1964) ; d\u2019autre part, le soutien des \u00c9tats nouvellement inde\u0301pendants aux mouvements de libe\u0301ration nationale dans les territoires non encore de\u0301colonise\u0301s (cas du Front Polisario).<br \/>\nLa guerre provoque un exode massif de re\u0301fugie\u0301s sahraouis dans des camps que le Croissant-Rouge alge\u0301rien installe dans le Sud-Ouest alge\u0301rien, pre\u0300s de Tindouf, ou\u0300 un \u00c9\u0301tat sahraoui inde\u0301pendant \u2013 la Re\u0301publique arabe sahraouie de\u0301mocratique (RASD) \u2013 est proclame\u0301 le 27 fe\u0301vrier 1976 par les nationalistes sahraouis. En 1979, la Mauritanie, exsangue, se retire du conflit. La RASD devient membre de l\u2019Union africaine en 1982.<br \/>\nEn 1991, un cessez-le-feu entre le Front Polisario et l\u2019\u00c9tat marocain pre\u0301voit l\u2019organisation d\u2019un re\u0301fe\u0301rendum d\u2019autode\u0301termination sous les auspices des Nations unies qui cre\u0301ent la Mission des Nations unies pour un re\u0301fe\u0301rendum au Sahara occidental (Minurso), charge\u0301e de surveiller le cessez-le-feu et d\u2019organiser la consultation e\u0301lectorale. Trente ans plus tard, le re\u0301fe\u0301rendum d\u2019autode\u0301termination n\u2019a toujours pas eu lieu, du fait de de\u0301saccords re\u0301currents sur les listes d\u2019e\u0301lecteurs ; le Maroc proposant de\u0301sormais (depuis 2007) un plan d\u2019autonomie e\u0301largie. En novembre 2020, le conflit reprend dans ce qui demeure la dernie\u0300re colonie d\u2019Afrique.<\/p>\n<p><strong>Une soci\u00e9t\u00e9 b\u00e2illonn\u00e9e<\/strong><br \/>\nDans la lettre ouverte mentionne\u0301e pre\u0301ce\u0301demment, il est explique\u0301 que la France \u00absoutient chaque anne\u0301e au mois d\u2019avril, au Conseil de se\u0301curite\u0301, la position marocaine de refus d\u2019e\u0301largissement du mandat de la mission de maintien de la paix des Nations unies (la Minurso) a\u0300 la surveillance des droits humains, mais aussi de mise en \u0153uvre d\u2019un re\u0301fe\u0301rendum d\u2019autode\u0301termination, objectif premier du cessez-le-feu de 1991 et, ne l\u2019oublions pas, exigence des Nations unies depuis 1966. Cette position franc\u0327aise permet a\u0300 l\u2019\u00c9tat marocain \u2013 que l\u2019ONU, l\u2019OUA-UA et l\u2019UE continuent de conside\u0301rer comme occupant ce territoire \u2013 de poursuivre son entreprise de colonisation en favorisant notamment le de\u0301placement de populations en provenance du Maroc, en emprisonnant et en \u2018\u2018jugeant\u2019\u2019 des prisonniers politiques sahraouis sur le sol marocain, deux motifs flagrants (parmi d\u2019autres) de violation du droit international et du droit humanitaire international\u00bb.<br \/>\nDe fait, la Minurso demeure la seule mission des Nations unies au monde a\u0300 ne pas avoir de mandat d\u2019observation des violations des droits humains. Le 11 juin 2022, la section espagnole de Reporters sans frontie\u0300res a pre\u0301sente\u0301 son rapport sur le Sahara occidental, ve\u0301ritable trou noir de l\u2019information, devenu une zone de non-droit pour les journalistes(3).<br \/>\nQuatre de\u0301cennies d\u2019abandon de la dernie\u0300re colonie d\u2019Afrique, un conflit de basse intensite\u0301 sur le terrain et dans les me\u0301dias ont fait du Sahara occidental une citadelle impe\u0301ne\u0301trable journalistiquement, une zone de violation des droits humains a\u0300 l\u2019e\u0301gard des Sahraouis et des journalistes inde\u0301pendants. Parmi le groupe de prisonniers du fameux camp de la dignite\u0301 \u2013 Gdeim Izik (2010) \u2013 figurent quatre journalistes aux co\u0302te\u0301s des militants, victimes de tortures, passages a\u0300 tabac, de pe\u0301riodes d\u2019isolement en plus de proce\u0300s tronque\u0301s assortis de peines tre\u0300s lourdes allant jusqu\u2019a\u0300 la perpe\u0301tuite\u0301. Naa\u0302ma Asfari, juriste, de\u0301fenseur des droits humains, e\u0301poux de Claude Mangin-Asfari, citoyen d\u2019honneur de la ville d\u2019Ivry, est l\u2019un de ces prisonniers. Il a e\u0301te\u0301 condamne\u0301, dans un proce\u0300s inique, a\u0300 30 ans de prison. 18 de ses compagnons demeurent en prison depuis 2010. Le 12 de\u0301cembre 2016, le Maroc e\u0301tait condamne\u0301 par le Comite\u0301 de l\u2019ONU contre la torture suite a\u0300 une plainte de\u0301pose\u0301e par l\u2019ACAT et les avocats de Naa\u0302ma Asfari.(4)<br \/>\nS\u2019ajoutent a\u0300 cela d\u2019autres emprisonnements non me\u0301diatise\u0301s et des violences re\u0301gulie\u0300res perpe\u0301tre\u0301es a\u0300 l\u2019encontre des militants sahraouis, et notamment des femmes comme Aminatou Haidar et Sultana Khaya. Dans un rapport accablant, publie\u0301 fin 2021(5), la Fe\u0301de\u0301ration d\u2019associations catalanes amies du peuple sahraoui et l\u2019association Novact (Institut international pour l\u2019action non-violente), en partenariat avec le Groupe de soutien de Gene\u0300ve pour la protection et la promotion des droits humains au Sahara occidental, re\u0301pertoriaient et de\u0301nombraient pas moins de 160 violations de droits humains sur la seule pe\u0301riode allant de novembre 2020 a\u0300 novembre 2021, soit une moyenne d\u2019une violation tous les deux jours : attaques contre les civils et leurs biens, dont des exe\u0301cutions ; restriction ge\u0301ne\u0301ralise\u0301e de circulation et de mouvement ; assignations a\u0300 re\u0301sidence, raids et destruction de biens ; de\u0301tentions arbitraires et autres mesures de privation de liberte\u0301 ; agressions physiques et tortures ; proce\u0300s iniques, etc. On mesure l\u2019intensite\u0301 de telles violations des droits humains lorsqu\u2019on la rapporte a\u0300 la taille de la population sahraouie vivant sous occupation (entre 100 000 et 200 000 personnes)(6).<br \/>\nCes violations sont enfin aggrave\u0301es par le mur marocain au Sahara occidental, l\u2019un des plus longs au monde, et paradoxalement l\u2019un des moins visibles dans les grands me\u0301dias. Il divise le Sahara occidental, et son peuple, en deux parties. Plus de 7 millions de mines antipersonnel, jonche\u0301es tout le long, mettent quotidiennement la vie des Sahraouis et de leurs troupeaux en danger(7).<br \/>\nDepuis la lettre ouverte (avril 2018), adresse\u0301e a\u0300 Emmanuel Macron, le soutien de la France a\u0300 cette entreprise coloniale s\u2019est renforce\u0301 : installation d\u2019une de\u0301le\u0301gation de la chambre franc\u0327aise de commerce et d\u2019industrie a\u0300 Dakhla, dans la partie ille\u0301galement occupe\u0301e par le Maroc (1er mars 2019), mise en place, via l\u2019Institut de recherche pour le de\u0301veloppement (IRD) de partenariats scientifiques maroco-franc\u0327ais couvrant le Sahara occidental(8), ouverture d\u2019une antenne du parti pre\u0301sidentiel LREM a\u0300 Dakhla e\u0301galement (8 avril 2021).<br \/>\nAujourd\u2019hui, tandis que la guerre fait rage en Ukraine et oblige les pays europe\u0301ens a\u0300 repenser leurs approvisionnements e\u0301nerge\u0301tiques, le gouvernement franc\u0327ais semble particulie\u0300rement investi dans son rapprochement avec l\u2019Alge\u0301rie&#8230; Gageons que le Pre\u0301sident franc\u0327ais saura se souvenir des propos qu\u2019il avait tenus a\u0300 Alger le 15 fe\u0301vrier 2017 : \u00abOui, la colonisation est un crime contre l\u2019humanit\u00e9.\u00bb<br \/>\n<em><strong>Y.\u2008B. et S. B.\u2008<\/strong><\/em><\/p>\n<p><em>(*)Yazid Ben Hounet,<\/em><br \/>\n<em>CNRS, Laboratoire d\u2019anthropologie sociale (CNRS-EHESS-Colle\u0300ge de France)<\/em><\/p>\n<p><em>(**) Se\u0301bastien Boulay<\/em><br \/>\n<em>Universite\u0301 de Paris, Centre population et de\u0301veloppement (Universite\u0301 de Paris, IRD)<\/em><\/p>\n<p><em>Sahara occidental : Esprit de censure ?<\/em><br \/>\n<em>Ce texte a e\u0301te\u0301 re\u0301dige\u0301 suite a\u0300 une demande du re\u0301dacteur adjoint de la revue Esprit (reque\u0302te datant du 12 septembre 2022, texte de 8 000 signes maximum sur le Sahara occidental). Le papier a e\u0301te\u0301 remis le 13 octobre 2022 et fait l\u2019objet d\u2019un accuse\u0301 de re\u0301ception. Il a finalement e\u0301te\u0301 refuse\u0301 le 15 novembre 2022 au motif que \u00abmalgre\u0301 les qualite\u0301s de votre article, particulie\u0300rement pre\u0301cis et bien informe\u0301\u00bb, un autre texte sur le Sahara occidental \u2013 dont il n\u2019a jamais e\u0301te\u0301 question auparavant \u2013 devait para\u00eetre dans le prochain nume\u0301ro de la revue. Nous mettons donc notre contribution en ligne sur le site de OUISO et autorisons celles et ceux qui le souhaitent a\u0300 la publier et a\u0300 la diffuser le plus largement possible.<\/em><\/p>\n<p><em>\u00abEt balaie-moi tous les obscurcisseurs, tous les inventeurs de subterfuges, tous les charlatans mystificateurs, tous les manieurs de charabia. Et n&#8217;essaie pas de savoir si ces messieurs sont personnellement de bonne ou de mauvaise foi, s&#8217;ils sont personnellement bien ou malintentionne\u0301s, s&#8217;ils sont personnellement, c&#8217;est-a\u0300-dire dans leur conscience intime de Pierre ou Paul, colonialistes ou non, l&#8217;essentiel e\u0301tant que leur tre\u0300s ale\u0301atoire bonne foi subjective est sans rapport aucun avec la porte\u0301e objective et sociale de la mauvaise besogne qu&#8217;ils font de chiens de garde du colonialisme.\u00bb<\/em><br \/>\n<em>(Aim\u00e9 C\u00e9saire, Discours sur le colonialisme, 1950)<\/em><\/p>\n<p><em>1. Re\u0301solution 1514 de l&#8217;Assemble\u0301e ge\u0301ne\u0301rale des Nations unies du 14 de\u0301cembre 1960.<\/em><br \/>\n<em>2. Re\u0301solutions de la Confe\u0301rence d&#8217;Addis-Abeba sur la de\u0301colonisation \u2013 document fondateur de l&#8217;Organisation de l&#8217;unite\u0301 africaine, e\u0301tabli du 22 au 25 mai 1963.<\/em><br \/>\n<em>3. Reporters Without Borders, Western Sahara. A Desert for Journalists, june 2022. https:\/\/rsf. org\/sites\/default\/files\/rapport_sahara_-_final_pdf2.pdf<\/em><br \/>\n<em>4. https:\/\/www.acatfrance.fr\/communique-de-presse\/le-maroc-condamne-par-le-comite-de-lonu-contre-la-torture- dans-laffaire-naama-asfari<\/em><br \/>\n<em>5. Fe\u0301de\u0301ration ACAPS et Novact, 2021, Visibiliser l\u2019occupation au Sahara occidental. Augmentation de la re\u0301pression et violations des droits humains un an apre\u0300s la rupture du cessez-le-feu. https:\/\/www.westernsaharareports.com\/fr\/home-fra\/<\/em><br \/>\n<em>6. L\u2019INED estime a\u0300 626 000 personnes la population du Sahara occidental en 2021. Du fait de la colonisation de peuplement massive, les Sahraouis se retrouvent en minorite\u0301 et repre\u0301senteraient, a\u0300 l\u2019heure actuelle, a\u0300 peu pre\u0300s le tiers de la population sur la partie occupe\u0301e par le Maroc. Diffe\u0301rents rapports d\u2019ONGs estiment a\u0300 environ 175 000 le nombre de Sahraouis re\u0301fugie\u0301s dans les camps pre\u0300s de Tindouf. A cela s\u2019ajoutent les Sahraouis vivant dans les territoires contro\u0302le\u0301s par la RASD (environ 20% du Sahara occidental), en Mauritanie et en exil (Europe \u2013 Espagne principalement ; USA, etc.).<\/em><br \/>\n<em>7. https:\/\/book.stopthewall.org\/the-moroccan-wall-in-western-sahara-a-silent-crime\/<\/em><br \/>\n<em>8.\u2008http:\/\/ ouiso.recherche. parisdescartes. fr\/fr\/2021\/07\/07\/linstitut-de-recherche-pour-le-developpement-ird-viole-le- droit-international-au-sahara-occidental\/<\/em><\/p>\n","protected":false},"excerpt":{"rendered":"<p>Par Yazid Ben Hounet(*) et Se\u0301bastien Boulay(**) Le mercredi 18 avril 2018, l\u2019Humanite\u0301 publiait une lettre ouverte adresse\u0301e a\u0300 Emmanuel Macron, signe\u0301e&hellip;<\/p>\n","protected":false},"author":1,"featured_media":64251,"comment_status":"open","ping_status":"open","sticky":false,"template":"","format":"standard","meta":{"_lmt_disableupdate":"","_lmt_disable":"","footnotes":""},"categories":[39,49],"tags":[],"class_list":["post-64231","post","type-post","status-publish","format-standard","has-post-thumbnail","hentry","category-articles-en-vedette","category-politique"],"yoast_head":"<!-- This site is optimized with the Yoast SEO plugin v27.3 - https:\/\/yoast.com\/product\/yoast-seo-wordpress\/ -->\n<title>Sahara occidental : p\u00e9rissent nos principes plut\u00f4t que la derni\u00e8re colonie d\u2019Afrique ? - AAH.JZR<\/title>\n<meta name=\"robots\" content=\"index, follow, max-snippet:-1, max-image-preview:large, max-video-preview:-1\" \/>\n<link rel=\"canonical\" href=\"https:\/\/jazairhope.org\/fr\/sahara-occidental-perissent-nos-principes-plutot-que-la-derniere-colonie-dafrique\/\" \/>\n<meta property=\"og:locale\" content=\"fr_FR\" \/>\n<meta property=\"og:type\" content=\"article\" \/>\n<meta property=\"og:title\" content=\"Sahara occidental : p\u00e9rissent nos principes plut\u00f4t que la derni\u00e8re colonie d\u2019Afrique ? - AAH.JZR\" \/>\n<meta property=\"og:description\" content=\"Par Yazid Ben Hounet(*) et Se\u0301bastien Boulay(**) Le mercredi 18 avril 2018, l\u2019Humanite\u0301 publiait une lettre ouverte adresse\u0301e a\u0300 Emmanuel Macron, signe\u0301e&hellip;\" \/>\n<meta property=\"og:url\" content=\"https:\/\/jazairhope.org\/fr\/sahara-occidental-perissent-nos-principes-plutot-que-la-derniere-colonie-dafrique\/\" \/>\n<meta property=\"og:site_name\" content=\"AAH.JZR\" \/>\n<meta property=\"article:publisher\" content=\"https:\/\/www.facebook.com\/jazairhope\" \/>\n<meta property=\"article:published_time\" content=\"2022-12-02T00:46:28+00:00\" \/>\n<meta property=\"og:image\" content=\"https:\/\/jazairhope.org\/wp-content\/uploads\/2022\/12\/jh-2.jpg\" \/>\n\t<meta property=\"og:image:width\" content=\"850\" \/>\n\t<meta property=\"og:image:height\" content=\"480\" \/>\n\t<meta property=\"og:image:type\" content=\"image\/jpeg\" \/>\n<meta name=\"author\" content=\"Ssuperadmin\" \/>\n<meta name=\"twitter:card\" content=\"summary_large_image\" \/>\n<meta name=\"twitter:label1\" content=\"\u00c9crit par\" \/>\n\t<meta name=\"twitter:data1\" content=\"Ssuperadmin\" \/>\n\t<meta name=\"twitter:label2\" content=\"Dur\u00e9e de lecture estim\u00e9e\" \/>\n\t<meta name=\"twitter:data2\" content=\"8 minutes\" \/>\n<script type=\"application\/ld+json\" class=\"yoast-schema-graph\">{\"@context\":\"https:\\\/\\\/schema.org\",\"@graph\":[{\"@type\":\"Article\",\"@id\":\"https:\\\/\\\/jazairhope.org\\\/fr\\\/sahara-occidental-perissent-nos-principes-plutot-que-la-derniere-colonie-dafrique\\\/#article\",\"isPartOf\":{\"@id\":\"https:\\\/\\\/jazairhope.org\\\/fr\\\/sahara-occidental-perissent-nos-principes-plutot-que-la-derniere-colonie-dafrique\\\/\"},\"author\":{\"name\":\"Ssuperadmin\",\"@id\":\"https:\\\/\\\/jazairhope.org\\\/fr\\\/#\\\/schema\\\/person\\\/43650ebd889d8960700b5456ed9264c4\"},\"headline\":\"Sahara occidental : p\u00e9rissent nos principes plut\u00f4t que la derni\u00e8re colonie d\u2019Afrique ?\",\"datePublished\":\"2022-12-02T00:46:28+00:00\",\"mainEntityOfPage\":{\"@id\":\"https:\\\/\\\/jazairhope.org\\\/fr\\\/sahara-occidental-perissent-nos-principes-plutot-que-la-derniere-colonie-dafrique\\\/\"},\"wordCount\":1940,\"commentCount\":0,\"image\":{\"@id\":\"https:\\\/\\\/jazairhope.org\\\/fr\\\/sahara-occidental-perissent-nos-principes-plutot-que-la-derniere-colonie-dafrique\\\/#primaryimage\"},\"thumbnailUrl\":\"https:\\\/\\\/jazairhope.org\\\/wp-content\\\/uploads\\\/2022\\\/12\\\/jh-2.jpg\",\"articleSection\":[\"Articles en vedette\",\"Politique\"],\"inLanguage\":\"fr-FR\",\"potentialAction\":[{\"@type\":\"CommentAction\",\"name\":\"Comment\",\"target\":[\"https:\\\/\\\/jazairhope.org\\\/fr\\\/sahara-occidental-perissent-nos-principes-plutot-que-la-derniere-colonie-dafrique\\\/#respond\"]}]},{\"@type\":\"WebPage\",\"@id\":\"https:\\\/\\\/jazairhope.org\\\/fr\\\/sahara-occidental-perissent-nos-principes-plutot-que-la-derniere-colonie-dafrique\\\/\",\"url\":\"https:\\\/\\\/jazairhope.org\\\/fr\\\/sahara-occidental-perissent-nos-principes-plutot-que-la-derniere-colonie-dafrique\\\/\",\"name\":\"Sahara occidental : p\u00e9rissent nos principes plut\u00f4t que la derni\u00e8re colonie d\u2019Afrique ? - AAH.JZR\",\"isPartOf\":{\"@id\":\"https:\\\/\\\/jazairhope.org\\\/fr\\\/#website\"},\"primaryImageOfPage\":{\"@id\":\"https:\\\/\\\/jazairhope.org\\\/fr\\\/sahara-occidental-perissent-nos-principes-plutot-que-la-derniere-colonie-dafrique\\\/#primaryimage\"},\"image\":{\"@id\":\"https:\\\/\\\/jazairhope.org\\\/fr\\\/sahara-occidental-perissent-nos-principes-plutot-que-la-derniere-colonie-dafrique\\\/#primaryimage\"},\"thumbnailUrl\":\"https:\\\/\\\/jazairhope.org\\\/wp-content\\\/uploads\\\/2022\\\/12\\\/jh-2.jpg\",\"datePublished\":\"2022-12-02T00:46:28+00:00\",\"author\":{\"@id\":\"https:\\\/\\\/jazairhope.org\\\/fr\\\/#\\\/schema\\\/person\\\/43650ebd889d8960700b5456ed9264c4\"},\"breadcrumb\":{\"@id\":\"https:\\\/\\\/jazairhope.org\\\/fr\\\/sahara-occidental-perissent-nos-principes-plutot-que-la-derniere-colonie-dafrique\\\/#breadcrumb\"},\"inLanguage\":\"fr-FR\",\"potentialAction\":[{\"@type\":\"ReadAction\",\"target\":[\"https:\\\/\\\/jazairhope.org\\\/fr\\\/sahara-occidental-perissent-nos-principes-plutot-que-la-derniere-colonie-dafrique\\\/\"]}]},{\"@type\":\"ImageObject\",\"inLanguage\":\"fr-FR\",\"@id\":\"https:\\\/\\\/jazairhope.org\\\/fr\\\/sahara-occidental-perissent-nos-principes-plutot-que-la-derniere-colonie-dafrique\\\/#primaryimage\",\"url\":\"https:\\\/\\\/jazairhope.org\\\/wp-content\\\/uploads\\\/2022\\\/12\\\/jh-2.jpg\",\"contentUrl\":\"https:\\\/\\\/jazairhope.org\\\/wp-content\\\/uploads\\\/2022\\\/12\\\/jh-2.jpg\",\"width\":850,\"height\":480},{\"@type\":\"BreadcrumbList\",\"@id\":\"https:\\\/\\\/jazairhope.org\\\/fr\\\/sahara-occidental-perissent-nos-principes-plutot-que-la-derniere-colonie-dafrique\\\/#breadcrumb\",\"itemListElement\":[{\"@type\":\"ListItem\",\"position\":1,\"name\":\"Accueil\",\"item\":\"https:\\\/\\\/jazairhope.org\\\/fr\\\/\"},{\"@type\":\"ListItem\",\"position\":2,\"name\":\"Sahara occidental : p\u00e9rissent nos principes plut\u00f4t que la derni\u00e8re colonie d\u2019Afrique ?\"}]},{\"@type\":\"WebSite\",\"@id\":\"https:\\\/\\\/jazairhope.org\\\/fr\\\/#website\",\"url\":\"https:\\\/\\\/jazairhope.org\\\/fr\\\/\",\"name\":\"AAH.JZR\",\"description\":\"Environment, Health, Science, Art, Economics\",\"potentialAction\":[{\"@type\":\"SearchAction\",\"target\":{\"@type\":\"EntryPoint\",\"urlTemplate\":\"https:\\\/\\\/jazairhope.org\\\/fr\\\/?s={search_term_string}\"},\"query-input\":{\"@type\":\"PropertyValueSpecification\",\"valueRequired\":true,\"valueName\":\"search_term_string\"}}],\"inLanguage\":\"fr-FR\"},{\"@type\":\"Person\",\"@id\":\"https:\\\/\\\/jazairhope.org\\\/fr\\\/#\\\/schema\\\/person\\\/43650ebd889d8960700b5456ed9264c4\",\"name\":\"Ssuperadmin\",\"image\":{\"@type\":\"ImageObject\",\"inLanguage\":\"fr-FR\",\"@id\":\"https:\\\/\\\/secure.gravatar.com\\\/avatar\\\/b4068e88b9c557952c81ca0efc4e11e19a2ed480173b8cef95a240894b16bf22?s=96&d=mm&r=g\",\"url\":\"https:\\\/\\\/secure.gravatar.com\\\/avatar\\\/b4068e88b9c557952c81ca0efc4e11e19a2ed480173b8cef95a240894b16bf22?s=96&d=mm&r=g\",\"contentUrl\":\"https:\\\/\\\/secure.gravatar.com\\\/avatar\\\/b4068e88b9c557952c81ca0efc4e11e19a2ed480173b8cef95a240894b16bf22?s=96&d=mm&r=g\",\"caption\":\"Ssuperadmin\"},\"sameAs\":[\"https:\\\/\\\/jazairhope.org\"],\"url\":\"https:\\\/\\\/jazairhope.org\\\/fr\\\/author\\\/superadmin\\\/\"}]}<\/script>\n<!-- \/ Yoast SEO plugin. -->","yoast_head_json":{"title":"Sahara occidental : p\u00e9rissent nos principes plut\u00f4t que la derni\u00e8re colonie d\u2019Afrique ? - AAH.JZR","robots":{"index":"index","follow":"follow","max-snippet":"max-snippet:-1","max-image-preview":"max-image-preview:large","max-video-preview":"max-video-preview:-1"},"canonical":"https:\/\/jazairhope.org\/fr\/sahara-occidental-perissent-nos-principes-plutot-que-la-derniere-colonie-dafrique\/","og_locale":"fr_FR","og_type":"article","og_title":"Sahara occidental : p\u00e9rissent nos principes plut\u00f4t que la derni\u00e8re colonie d\u2019Afrique ? - AAH.JZR","og_description":"Par Yazid Ben Hounet(*) et Se\u0301bastien Boulay(**) Le mercredi 18 avril 2018, l\u2019Humanite\u0301 publiait une lettre ouverte adresse\u0301e a\u0300 Emmanuel Macron, signe\u0301e&hellip;","og_url":"https:\/\/jazairhope.org\/fr\/sahara-occidental-perissent-nos-principes-plutot-que-la-derniere-colonie-dafrique\/","og_site_name":"AAH.JZR","article_publisher":"https:\/\/www.facebook.com\/jazairhope","article_published_time":"2022-12-02T00:46:28+00:00","og_image":[{"width":850,"height":480,"url":"https:\/\/jazairhope.org\/wp-content\/uploads\/2022\/12\/jh-2.jpg","type":"image\/jpeg"}],"author":"Ssuperadmin","twitter_card":"summary_large_image","twitter_misc":{"\u00c9crit par":"Ssuperadmin","Dur\u00e9e de lecture estim\u00e9e":"8 minutes"},"schema":{"@context":"https:\/\/schema.org","@graph":[{"@type":"Article","@id":"https:\/\/jazairhope.org\/fr\/sahara-occidental-perissent-nos-principes-plutot-que-la-derniere-colonie-dafrique\/#article","isPartOf":{"@id":"https:\/\/jazairhope.org\/fr\/sahara-occidental-perissent-nos-principes-plutot-que-la-derniere-colonie-dafrique\/"},"author":{"name":"Ssuperadmin","@id":"https:\/\/jazairhope.org\/fr\/#\/schema\/person\/43650ebd889d8960700b5456ed9264c4"},"headline":"Sahara occidental : p\u00e9rissent nos principes plut\u00f4t que la derni\u00e8re colonie d\u2019Afrique ?","datePublished":"2022-12-02T00:46:28+00:00","mainEntityOfPage":{"@id":"https:\/\/jazairhope.org\/fr\/sahara-occidental-perissent-nos-principes-plutot-que-la-derniere-colonie-dafrique\/"},"wordCount":1940,"commentCount":0,"image":{"@id":"https:\/\/jazairhope.org\/fr\/sahara-occidental-perissent-nos-principes-plutot-que-la-derniere-colonie-dafrique\/#primaryimage"},"thumbnailUrl":"https:\/\/jazairhope.org\/wp-content\/uploads\/2022\/12\/jh-2.jpg","articleSection":["Articles en vedette","Politique"],"inLanguage":"fr-FR","potentialAction":[{"@type":"CommentAction","name":"Comment","target":["https:\/\/jazairhope.org\/fr\/sahara-occidental-perissent-nos-principes-plutot-que-la-derniere-colonie-dafrique\/#respond"]}]},{"@type":"WebPage","@id":"https:\/\/jazairhope.org\/fr\/sahara-occidental-perissent-nos-principes-plutot-que-la-derniere-colonie-dafrique\/","url":"https:\/\/jazairhope.org\/fr\/sahara-occidental-perissent-nos-principes-plutot-que-la-derniere-colonie-dafrique\/","name":"Sahara occidental : p\u00e9rissent nos principes plut\u00f4t que la derni\u00e8re colonie d\u2019Afrique ? - AAH.JZR","isPartOf":{"@id":"https:\/\/jazairhope.org\/fr\/#website"},"primaryImageOfPage":{"@id":"https:\/\/jazairhope.org\/fr\/sahara-occidental-perissent-nos-principes-plutot-que-la-derniere-colonie-dafrique\/#primaryimage"},"image":{"@id":"https:\/\/jazairhope.org\/fr\/sahara-occidental-perissent-nos-principes-plutot-que-la-derniere-colonie-dafrique\/#primaryimage"},"thumbnailUrl":"https:\/\/jazairhope.org\/wp-content\/uploads\/2022\/12\/jh-2.jpg","datePublished":"2022-12-02T00:46:28+00:00","author":{"@id":"https:\/\/jazairhope.org\/fr\/#\/schema\/person\/43650ebd889d8960700b5456ed9264c4"},"breadcrumb":{"@id":"https:\/\/jazairhope.org\/fr\/sahara-occidental-perissent-nos-principes-plutot-que-la-derniere-colonie-dafrique\/#breadcrumb"},"inLanguage":"fr-FR","potentialAction":[{"@type":"ReadAction","target":["https:\/\/jazairhope.org\/fr\/sahara-occidental-perissent-nos-principes-plutot-que-la-derniere-colonie-dafrique\/"]}]},{"@type":"ImageObject","inLanguage":"fr-FR","@id":"https:\/\/jazairhope.org\/fr\/sahara-occidental-perissent-nos-principes-plutot-que-la-derniere-colonie-dafrique\/#primaryimage","url":"https:\/\/jazairhope.org\/wp-content\/uploads\/2022\/12\/jh-2.jpg","contentUrl":"https:\/\/jazairhope.org\/wp-content\/uploads\/2022\/12\/jh-2.jpg","width":850,"height":480},{"@type":"BreadcrumbList","@id":"https:\/\/jazairhope.org\/fr\/sahara-occidental-perissent-nos-principes-plutot-que-la-derniere-colonie-dafrique\/#breadcrumb","itemListElement":[{"@type":"ListItem","position":1,"name":"Accueil","item":"https:\/\/jazairhope.org\/fr\/"},{"@type":"ListItem","position":2,"name":"Sahara occidental : p\u00e9rissent nos principes plut\u00f4t que la derni\u00e8re colonie d\u2019Afrique ?"}]},{"@type":"WebSite","@id":"https:\/\/jazairhope.org\/fr\/#website","url":"https:\/\/jazairhope.org\/fr\/","name":"AAH.JZR","description":"Environment, Health, Science, Art, Economics","potentialAction":[{"@type":"SearchAction","target":{"@type":"EntryPoint","urlTemplate":"https:\/\/jazairhope.org\/fr\/?s={search_term_string}"},"query-input":{"@type":"PropertyValueSpecification","valueRequired":true,"valueName":"search_term_string"}}],"inLanguage":"fr-FR"},{"@type":"Person","@id":"https:\/\/jazairhope.org\/fr\/#\/schema\/person\/43650ebd889d8960700b5456ed9264c4","name":"Ssuperadmin","image":{"@type":"ImageObject","inLanguage":"fr-FR","@id":"https:\/\/secure.gravatar.com\/avatar\/b4068e88b9c557952c81ca0efc4e11e19a2ed480173b8cef95a240894b16bf22?s=96&d=mm&r=g","url":"https:\/\/secure.gravatar.com\/avatar\/b4068e88b9c557952c81ca0efc4e11e19a2ed480173b8cef95a240894b16bf22?s=96&d=mm&r=g","contentUrl":"https:\/\/secure.gravatar.com\/avatar\/b4068e88b9c557952c81ca0efc4e11e19a2ed480173b8cef95a240894b16bf22?s=96&d=mm&r=g","caption":"Ssuperadmin"},"sameAs":["https:\/\/jazairhope.org"],"url":"https:\/\/jazairhope.org\/fr\/author\/superadmin\/"}]}},"views":264,"_links":{"self":[{"href":"https:\/\/jazairhope.org\/fr\/wp-json\/wp\/v2\/posts\/64231","targetHints":{"allow":["GET"]}}],"collection":[{"href":"https:\/\/jazairhope.org\/fr\/wp-json\/wp\/v2\/posts"}],"about":[{"href":"https:\/\/jazairhope.org\/fr\/wp-json\/wp\/v2\/types\/post"}],"author":[{"embeddable":true,"href":"https:\/\/jazairhope.org\/fr\/wp-json\/wp\/v2\/users\/1"}],"replies":[{"embeddable":true,"href":"https:\/\/jazairhope.org\/fr\/wp-json\/wp\/v2\/comments?post=64231"}],"version-history":[{"count":0,"href":"https:\/\/jazairhope.org\/fr\/wp-json\/wp\/v2\/posts\/64231\/revisions"}],"wp:featuredmedia":[{"embeddable":true,"href":"https:\/\/jazairhope.org\/fr\/wp-json\/wp\/v2\/media\/64251"}],"wp:attachment":[{"href":"https:\/\/jazairhope.org\/fr\/wp-json\/wp\/v2\/media?parent=64231"}],"wp:term":[{"taxonomy":"category","embeddable":true,"href":"https:\/\/jazairhope.org\/fr\/wp-json\/wp\/v2\/categories?post=64231"},{"taxonomy":"post_tag","embeddable":true,"href":"https:\/\/jazairhope.org\/fr\/wp-json\/wp\/v2\/tags?post=64231"}],"curies":[{"name":"wp","href":"https:\/\/api.w.org\/{rel}","templated":true}]}}