{"id":64752,"date":"2022-12-07T14:18:51","date_gmt":"2022-12-07T13:18:51","guid":{"rendered":"https:\/\/jazairhope.org\/?p=64752"},"modified":"2022-12-07T14:18:51","modified_gmt":"2022-12-07T13:18:51","slug":"michel-ofrais-du-systeme-souffle-le-chaud-sur-lalgerie","status":"publish","type":"post","link":"https:\/\/jazairhope.org\/fr\/michel-ofrais-du-systeme-souffle-le-chaud-sur-lalgerie\/","title":{"rendered":"Michel, \u00ab O\u2019Frais du syst\u00e8me \u00bb, souffle le chaud sur l\u2019Alg\u00e9rie"},"content":{"rendered":"<div>\n<p><span style=\"text-transform: initial;\">Par Boualem Snaoui<\/span><\/p>\n<\/div>\n<div>\n<div>\n<div>\n<div>\n<div>\n<p>La violence avec laquelle presque toutes les annonces m\u00e9diatiques g\u00e9om\u00e9triquement identifi\u00e9es hexagonales (toujours bien orient\u00e9es comme \u00ab\u00a0<strong>avant 1962<\/strong>\u00a0\u00bb), confectionn\u00e9es d\u00e9mocratiquement sous forme de bulletins d\u2019informations, et placard\u00e9es par les forces, surtout politiques, du syst\u00e8me du FMI (France-Maroc-Isra\u00ebl), qui travaillent d\u2019arrache-pied pour le blindage des murs entre les deux rives), ne peut nous laisser indiff\u00e9rents, puisqu\u2019elles ont m\u00eame \u00ab born\u00e9 \u00bb, \u00e0 la barbe d\u2019Elisabeth (qui a mis les voiles sur Alger la blanche pour l\u2019assombrir avec un conseil des 16 ministres, dites donc !!!), le s\u00e9jour de notre commandeur O\u2019Macron en Alg\u00e9rie (du 25 au 27 ao\u00fbt 2022) !<\/p>\n<p>Dans ce pays, \u00e0 \u00ab l\u2019histoire officielle qui ne s\u2019appuie pas sur des v\u00e9rit\u00e9s \u00bb, avec son\u00a0<em>\u00ab syst\u00e8me politico-militaire \u00bb<\/em>\u00a0qui entretient une<em>\u00a0\u00ab rente m\u00e9morielle \u00bb en servant au peuple alg\u00e9rien une \u00ab histoire officielle \u00bb (pas comme en France), ont perc\u00e9 le mur du \u00ab \u00e7on \u00bb colonial, au point de rendre malades y compris les vaccin\u00e9s contre Daoud 19, sauf Michel \u00ab \u2018O Frais du syst\u00e8me \u00bb, qui souffle le chaud sur les braises, en injectant de l\u2019eau dans le gaz entre les deux rives.<\/em><\/p>\n<p><em>Pour celui qui n\u2019est donc pas encore dans les tuyaux de gaz, dans lesquels on inocule de l\u2019eau \u00e0 partir du syst\u00e8me du FMI (France-Maroc-Isra\u00ebl), de ce pays dont \u00abla construction de l&#8217;Alg\u00e9rie comme nation est un ph\u00e9nom\u00e8ne \u00e0 regarder<\/em>\u00a0\u00bb et puis surtout \u00ab<em>\u00a0Est-ce qu&#8217;il y avait une nation alg\u00e9rienne avant la colonisation fran\u00e7aise ? \u00bb, eh bien Michel \u00ab O\u2019Frais \u00bb est venu inaugurer la rentr\u00e9e (ou la rente ?) politique en France, le 30 ao\u00fbt 2022, pour le compte du syst\u00e8me, sur le plateau de la belle blonde, du r\u00e9gime \u00ab Z News \u00bb de notre Bollor\u00e9 multinational du grand capital ; et ceci pour peindre philosophiquement la jolie toile du \u00ab Dilem \u00bb colonial, comme magnifique avenir de guerre prolongeant ainsi la p\u00e9riode caniculaire.<\/em><\/p>\n<p><em>En principe, si l\u2019on croit (et on va continuer \u00e0 les croire, tiens !) l\u2019annonce officielle (l\u2019officieuse est toujours dans le \u00ab sucr\u00e9 \u00bb de leurs Dieux), notre tout \u00ab O\u2019Frais \u00bb philosophe Michel serait venu pour faire la promotion (et la vente ?) de sa production litt\u00e9raire et philosophique \u00e0 l\u2019envers,\u00a0<\/em>de sa grande nouvelle \u0153uvre sur la \u00ab\u00a0<em>Puissance et d\u00e9cadence \u00bb &#8211; Une politique de (choc ?) civilisation \u00bb de la France, mais pas de son manque d\u2019amour de l\u2019Alg\u00e9rie, qui le d\u00e9teste \u00ab depuis 1962 \u00bb. Mais il en a profit\u00e9 pour \u00e9mettre beaucoup de gaz \u00e0 effet de serre de guerre en direction du peuple alg\u00e9rien : c\u2019est l\u2019effet de serre politique du chaos, auquel m\u00eame les \u00e9colos participent pour gaver les gogos de leur libert\u00e9 perdue, et de leur d\u00e9mocratie verrouill\u00e9e.<\/em><\/p>\n<\/div>\n<\/div>\n<\/div>\n<\/div>\n<\/div>\n<div>\n<div>\n<div>\n<div>\n<div>\n<p><em>Comme Michel \u00ab O\u2019Frais \u00bb est dans l\u2019air du temps du syst\u00e8me, mais surtout des encerclements des peuples qui ne disent pas leurs noms, en chauffant les foules d\u2019un c\u00f4t\u00e9 de la rive, il en a profit\u00e9, avec ce monologue d\u00e9mocratique et philosophique, pour souffler un vent tr\u00e8s chaud en direction de l\u2019Alg\u00e9rie : \u00ab On sait bien que ce pays (l\u2019Alg\u00e9rie) nous \u2013le\u2013 d\u00e9teste depuis 1962 \u00bb. Parce que lui, tu comprends, il aime beaucoup l\u2019Alg\u00e9rie depuis sa lib\u00e9ration du joug colonial en 1962 ; et d\u2019ailleurs, c\u2019est pour cette raison qu\u2019il s\u2019est permis ce premier jeu m\u00e9diatique de mariage forc\u00e9, pourtant contraire au principe de l\u2019amour. Il faut ajouter, qu\u2019il n\u2019en est pas \u00e0 son premier coup d\u2019essai d\u2019attaque du peuple alg\u00e9rien, puisqu\u2019en 2012 d\u00e9j\u00e0, suite \u00e0 sa perc\u00e9e dans le canard de formation des \u00ab printemps arabes \u00bb (o\u00f9 les salari\u00e9s sont presque appel\u00e9s aujourd\u2019hui \u00e0 cirer les pompes des g\u00e9n\u00e9raux coloniaux pour b\u00e9queter), il s\u2019\u00e9tait permis d\u2019inoculer aux \u00ab indig\u00e8nes \u00bb une jolie histoire \u00e0 la \u00ab Albert Camus \u00bb. Des intellectuels alg\u00e9riens se sont charg\u00e9s heureusement de balayer le vent colonial qu\u2019il s\u2019est permis de souffler sur le pays des millions de martyrs de la vraie libert\u00e9, et pas celle des pingouins suppl\u00e9tifs construits pour l\u2019abattage du peuple :<\/em><\/p>\n<\/div>\n<\/div>\n<\/div>\n<\/div>\n<\/div>\n<div>\n<div>\n<div>\n<div>\n<div>\n<p><a href=\"https:\/\/www.ahmedbensaada.com\/index.php?option=com_content&amp;view=article&amp;id=192:polemique-onfray-camus-el-watan&amp;catid=49:poesie-et-litterature&amp;Itemid=135\" rel=\"noopener noreferrer\">https:\/\/www.ahmedbensaada.com\/index.php?option=com_content&amp;view=article&amp;id=192:polemique-onfray-camus-el-watan&amp;catid=49:poesie-et-litterature&amp;Itemid=135<\/a><\/p>\n<\/div>\n<\/div>\n<\/div>\n<\/div>\n<\/div>\n<div>\n<div>\n<div>\n<div>\n<div>\n<p><em>Kheir Eddine Merad Boudia : Onfray, Camus et nous.<\/em><\/p>\n<\/div>\n<\/div>\n<\/div>\n<\/div>\n<\/div>\n<div>\n<div>\n<div>\n<div>\n<div>\n<p><em>Ahmed Bensaada : Onfray, Camus et les \u00ab plumitifs du r\u00e9gime \u00bb.<\/em><\/p>\n<\/div>\n<\/div>\n<\/div>\n<\/div>\n<\/div>\n<div>\n<div>\n<div>\n<div>\n<div>\n<p><em>Nasser Djidjeli : Le temps des indignations s\u00e9lectives.<\/em><\/p>\n<\/div>\n<\/div>\n<\/div>\n<\/div>\n<\/div>\n<div>\n<div>\n<div>\n<div>\n<div>\n<p><em>Mohammed Yefsah : L\u2019imposture Onfray.<\/em><\/p>\n<\/div>\n<\/div>\n<\/div>\n<\/div>\n<\/div>\n<div>\n<div>\n<div>\n<div>\n<div>\n<p><em>Badre\u2019eddine Mili : Monsieur Onfray, fumez votre joint sans baver SVP !<\/em><\/p>\n<\/div>\n<\/div>\n<\/div>\n<\/div>\n<\/div>\n<div>\n<div>\n<div>\n<div>\n<div>\n<p><img decoding=\"async\" src=\"https:\/\/www.afrique-asie.fr\/wp-content\/uploads\/2022\/10\/Photo-2Michel-Onfrey-LCI-650x212.jpg\" \/><\/p>\n<p><em>En pr\u00e9ambule, on remarquera par hasard, et le hasard fait bien les choses, l\u2019usage (qui le trahit) du slogan fabriqu\u00e9 dans les laboratoires coloniaux, et diffus\u00e9 \u00e0 grande \u00e9chelle sur les r\u00e9seaux des Pok\u00e9mons-r\u00e9volutionnaires et des l\u00e9gumes de toutes les couleurs (bruns, rouges mais surtout jaunes) d\u2019abattage du peuple alg\u00e9rien : \u00ab depuis 1962 \u00bb, car \u00ab avant 1962 \u00bb, on f\u00eatait \u00e9videmment l\u2019amiti\u00e9, l\u2019amour, la joie, juste pour inspirer Graeme Allwright ! Apr\u00e8s les coups de poings et les coups de sang, buvons encore une derni\u00e8re fois, pour f\u00eater nos retrouvailles \u00ab de guerre \u00bb. Je me demande comment les slogans fabriqu\u00e9s par les laboratoires coloniaux, sp\u00e9cialement pour \u00ab les dessins allum\u00e9s \u00bb de la politique d\u2019attaque de l\u2019Alg\u00e9rie, se sont retrouv\u00e9s \u00e0 couler de la source de Michel \u00ab O\u2019 Frais \u00bb ?<\/em><\/p>\n<\/div>\n<\/div>\n<\/div>\n<\/div>\n<\/div>\n<div>\n<div>\n<div>\n<div>\n<div>\n<p><em>Il y a des \u00ab maux \u00bb qui ne \u00ab Trump \u00bb pas, puisque l\u2019IFG (l\u2019Institut Fran\u00e7ais de G\u00e9ostrat\u00e9gie) du titulaire du \u00ab Zelig d\u2019Or \u00bb -du 23 au 25 juillet 2022- (comme \u00e0 la con-f\u00e9rence fabriqu\u00e9e au \u00ab Beur Fm \u00bb de Nacer Kettane \u00e0 l\u2019Acad\u00e9mie de G\u00e9opolitique de Paris, le mardi 5 juillet 2022, ou encore \u00e0 l\u2019Institut du Monde des \u00ab Arabes \u00bb de Jack qui en dit \u00ab Lang \u00bb en politique, ainsi que chez les partis indig\u00e8nes et les \u00e9piciers id\u00e9ologiques sur terre (au Kamis) et sous terre (galeries berb\u00e9ristes)), ce mot d\u2019ordre colonial \u00ab depuis 1962 \u00bb est tr\u00e8s bien r\u00e9pandu. D\u2019ailleurs, l\u2019institut du monde des \u00ab Arabes \u00bb, dirig\u00e9 par l\u2019ind\u00e9boulonnable du syst\u00e8me, Jack qui en dit \u00ab Lang \u00bb, produit industriellement des cycles sur\u00a0<\/em><strong><em>\u00ab L&#8217;Alg\u00e9rie par-del\u00e0 la p\u00e9riode coloniale \u00bb<\/em><\/strong><strong>,<\/strong>\u00a0<strong>en partenariat avec l\u2019Obs. La p\u00e9riode coloniale, \u00e7a ne compte pas ! Il ne veut pas s\u2019embrouiller avec \u00e7a. Et comme Jack a \u00e9puis\u00e9 tout les sujets (coloniaux ?), il ne lui reste plus que l\u2019attaque de l\u2019Alg\u00e9rie, pour se refaire une sant\u00e9 d\u2019enfer de culture sur le dos des \u00ab ratons \u00bb.<\/strong><\/p>\n<\/div>\n<\/div>\n<\/div>\n<\/div>\n<\/div>\n<div>\n<div>\n<div>\n<div>\n<div>\n<p><em>M\u00eame Malika Rahal, cette \u00ab t\u00eate \u00bb chercheuse en Histoire au CNRS du temps pr\u00e9sent (IHTP \u2013 partenaire de direction bien canalis\u00e9e (<\/em><a href=\"https:\/\/www.geopolitique.net\/les-debuts-du-hirak-en-algerie\/\" rel=\"noopener noreferrer\">Maghreb-Machrek<\/a><em>) \u00e0 l\u2019Institut Fran\u00e7ais de G\u00e9ostrat\u00e9gie (IFG), avec le grand Ali Bensa\u00e2d, le titulaire du \u00ab\u00a0<\/em><a href=\"https:\/\/www.afrique-asie.fr\/ali-bensaad-decroche-le-zelig-dor\/\" rel=\"noopener noreferrer\">Zelig d\u2019Or\u00a0<\/a><em>\u00bb) plante le d\u00e9cor de son histoire populaire \u00ab depuis 1962 \u00bb, et ose parler de\u00a0<\/em>la lib\u00e9ration des \u00ab camps de concentration o\u00f9 \u00e9tait d\u00e9tenu un quart de la population alg\u00e9rienne colonis\u00e9e \u00bb (Ed. La D\u00e9couverte, 2022). Elle n\u2019a h\u00e9las pas sollicit\u00e9 le t\u00e9moignage de\u00a0<em>mon ami Ammi Makhlouf, cet Alg\u00e9rien, Kabyle du Djurdjura (pas celui imag\u00e9 \u00ab indig\u00e8ne \u00bb et d\u00e9crit par Nicolas Bibesco), qui a vu de ses propres yeux sa maman caress\u00e9e \u00e0 la g\u00e9g\u00e8ne, \u00e0 l\u2019\u00e2ge de 12 ans, qui en garde un souvenir ind\u00e9l\u00e9bile, et dont la famille a b\u00e9n\u00e9fici\u00e9, sans interm\u00e9diaires jaunes, des bienfaits de la colonisation dans la continuit\u00e9 du statut \u00ab d\u2019indig\u00e8ne \u00bb.<\/em><\/p>\n<p><img decoding=\"async\" class=\"alignleft\" src=\"https:\/\/www.afrique-asie.fr\/wp-content\/uploads\/2022\/10\/Photo-3-577x650.jpg\" \/><\/p>\n<\/div>\n<\/div>\n<\/div>\n<\/div>\n<\/div>\n<div>\n<div>\n<div>\n<div>\n<div>\n<p>\u00ab\u00a0<strong>Depuis 1962<\/strong>\u00a0\u00bb est donc le slogan ordonn\u00e9 par le syst\u00e8me colonial, pour effacer 1830.<\/p>\n<\/div>\n<\/div>\n<\/div>\n<\/div>\n<\/div>\n<div>\n<div>\n<div>\n<div>\n<div>\n<p>Ils sont o\u00f9, tous ces titulaires du brevet primaire de r\u00e9volutionnaires, ces partis-pris indig\u00e8nes des politiques du \u00ab kamis \u00bb et de \u00ab la fourchette \u2013 fourchetta \u00bb de Jacques B\u00e9net, ces \u00ab d\u00e9fonceurs \u00bb des Droits de l\u2019Homme au profit du grand capital, outils de clochardisation du peuple alg\u00e9rien, fabriqu\u00e9s dans les laboratoires n\u00e9ocoloniaux ? Ils ont r\u00e9ussi le coup de leur ma\u00eetre, avec pour mission de jeter tout un peuple dans les bras de la sauvagerie et du n\u00e9olib\u00e9ralisme farouche, en l\u2019initiant \u00e0 la danse de rue des reptiles politiques, sous les jolies couleurs de la libert\u00e9 et de \u00ab la d\u00e9mocrature \u00bb. Tu vois pourquoi notre commandeur \u00ab O\u2019Macron \u00bb est all\u00e9 \u00e0 Oran faire une visite, et recevoir le troph\u00e9e de \u00ab Cheb Macron \u00bb ? C\u2019est la musique \u00ab Ra\u00ef \u00bb sans fronti\u00e8res coloniales, au moment o\u00f9, en France, il visite plut\u00f4t les centres scientifiques et d\u2019a\u00e9rospatial-Ariane Groupe, avec \u00e0 la clef le pactole de 500 millions d\u2019euros d\u2019investissement pour le futur. A vous : la danse du ventre des \u00ab Fatma \u00bb, \u00e0 nous : l\u2019espace et les \u00e9toiles, c\u2019est tout \u00e0 fait \u00e9quitable avec les colonis\u00e9s !<\/p>\n<p><img decoding=\"async\" class=\"alignleft\" src=\"https:\/\/www.afrique-asie.fr\/wp-content\/uploads\/2022\/10\/PHOTO-4Cheb-Macron-400x650.jpg\" \/><\/p>\n<\/div>\n<\/div>\n<\/div>\n<\/div>\n<\/div>\n<div>\n<div>\n<div>\n<div>\n<div>\n<p>Au cours de son s\u00e9jour donc, dans ce pays o\u00f9 \u00ab l\u2019histoire officielle ne s\u2019appuie pas sur des v\u00e9rit\u00e9s \u00bb, il s\u2019est m\u00eame pay\u00e9 un \u00ab bain maure \u00bb de foules qui lui scandaient \u00ab One, two, three, viva l\u2019Alg\u00e9rie \u00bb ! Ce qui a \u00e9t\u00e9 insupportable pour le syst\u00e8me en France, et pour ses franchis\u00e9s \u00e0 Alger, comme le pistache-moustache (le barbouze El Kadi, de la radio de Momo) qui a placard\u00e9 sur son site la visite pr\u00e9siden-ciel de la maison natale d\u2019Yves Saint-Laurent, manufactur\u00e9e pour l\u2019occasion par la grande bourgeoisie \u00ab indig\u00e8ne \u00bb. Finalement, elle n\u2019a pas eu lieu, cette visite ! Sans doute parce qu\u2019ils ont oubli\u00e9 de pr\u00e9parer la bande sonore de G\u00e9rard Faur\u00e9 pour guider les visiteurs dans le pass\u00e9 glorieux de leur ic\u00f4ne (?) qui a m\u00eame \u00e9chapp\u00e9 \u00e0 l\u2019instance de d\u00e9fense de l\u2019enfance (l\u2019UNICEF) au niveau plan\u00e9taire.<\/p>\n<\/div>\n<\/div>\n<\/div>\n<\/div>\n<\/div>\n<div>\n<div>\n<div>\n<div>\n<div>\n<p><em>\u00ab Je t\u2019aime, moi non plus \u00bb : Restons \u00ab O\u2019 Frais \u00bb avec Michel qui vient chauffer ses foules, en personnalisant le pronom \u00ab Nous \u00bb, puisqu\u2019il parle au nom du peuple de France (qui l\u2019aime tant que \u00e7a ?) et qui l\u2019aurait d\u00e9sign\u00e9 pour le repr\u00e9senter, afin de mener la nouvelle 2<sup>\u00e8me<\/sup>\u00a0guerre d\u2019Alg\u00e9rie du syst\u00e8me du FMI, comme s\u2019il \u00e9tait d\u00e9j\u00e0 son repr\u00e9sentant ! Il est tellement impatient qu\u2019il ne veut m\u00eame pas attendre d\u2019\u00eatre d\u00e9sign\u00e9 au Parle-ment Europ\u00e9en, puisqu\u2019il a d\u00e9j\u00e0 mis les \u00ab voiles \u00bb (lui aussi) pour conqu\u00e9rir des si\u00e8ges bien au chaud \u00e0 Bruxelles en 2024; et peut \u00eatre m\u00eame pour faire voter une troisi\u00e8me r\u00e9solution contre l\u2019Alg\u00e9rie et son peuple qui ne l\u2019aime pas \u00ab depuis 1962 \u00bb, et faire p\u00e9ter les scores in\u00e9gal\u00e9s obtenus avec ce m\u00eame Parle-ment (<\/em><a href=\"https:\/\/www.afrique-asie.fr\/le-parlement-europeen-en-ordre-de-bataille-contre-lalgerie\/\" rel=\"noopener noreferrer\">le 28 novembre 2019, et le 26 novembre 2020<\/a>\u00a0) en faveur de<em>\u00a0la distribution des bananes en Alg\u00e9rie<\/em>. Il peut d\u2019ores et d\u00e9j\u00e0 se r\u00e9jouir, puisqu\u2019il a le soutien de Philippe Bilger, ce magistrat honoraire et pr\u00e9sident de l\u2019institut de la parole \u00ab confisqu\u00e9e \u00bb, pour qui Michel \u00ab O\u2019Frais du syst\u00e8me \u00bb est un \u00ab cogneur en libert\u00e9 \u00bb.<\/p>\n<\/div>\n<\/div>\n<\/div>\n<\/div>\n<\/div>\n<div>\n<p><em>Allez, les Alg\u00e9riens, \u00e0 vos claviers SVP ! Faites quelque chose, vite\u2026, Michel \u00ab O\u2019 Frais du syst\u00e8me \u00bb est en manque de votre amour et de votre affection, \u00ab depuis 1962 \u00bb ! Il est en train de mettre de l\u2019eau dans le gaz, pour (r\u00e9)chauffer les relations entre les peuples des deux rives. Si je l\u2019ai bien compris, c\u2019est qu\u2019apr\u00e8s la canicule estivale de cette ann\u00e9e 2022, il veut se tenir au chaud durant l\u2019hiver prochain, m\u00eame si officiellement son r\u00e9gime, qui nous dirige droit dans le mur \u00e9nerg\u00e9tique, a annonc\u00e9 le contraire.<\/em><\/p>\n<p><em>C\u2019est la renaissance en marche arri\u00e8re, comme cette puissance en d\u00e9cadence \u2026.<\/em><\/p>\n<p><em>Il ne vous rappelle pas Speedy Gonzales, celui qui du haut du perchoir de la tribu des \u00e9lu-E-s de France,\u00a0<\/em>en ce m\u00e9morable mardi 28 juin 2022, \u00e0 l\u2019ouverture de la nouvelle l\u00e9gislature au Palais Bourbon, avait convoqu\u00e9 et glorifi\u00e9 l\u2019Alg\u00e9rie-fran\u00e7aise ? Bien s\u00fbr qu\u2019on ne peut pas faire de lien entre \u00ab Speedy Gonzales \u00bb et le \u00ab\u00a0<a href=\"https:\/\/www.challenges.fr\/politique\/onfray-en-rouge-brun-decomplexe-c-est-maintenant_58891\" rel=\"noopener noreferrer\">Rouge Brun d\u00e9complex\u00e9, c\u2019est maintenant ?\u00a0<\/a>\u00bb de Bruno Roger-Petit, qui \u00ab a vant\u00e9 la pens\u00e9e du gourou \u00ab d\u2019El\u00e9ments \u00bb, Alain de Benoist \u00bb, d\u00e9fenseur de l\u2019Alg\u00e9rie fran\u00e7aise, de l\u2019OAS et du r\u00e9gime d\u2019apartheid en Afrique du Sud, au CV oh combien tr\u00e8s riche \u00e0 l\u2019aile de la droite, outranci\u00e8re m\u00eame \u00e0 droite et qui aurait des \u00ab id\u00e9es justes \u00bb ! On peut r\u00e9sumer son \u0153uvre bibliographique publi\u00e9e en 2009, d\u00e9crite sur Wikip\u00e9dia, o\u00f9 il donne la quasi- totalit\u00e9 de ses pseudonymes (une quinzaine), tout en omettant: Bastien O\u2019Danieli, une anagramme, et surtout Mortimer G. Davidson, utilis\u00e9 en Allemagne pour publier une encyclop\u00e9die sur l\u2019art nazi,\u00a0<em>Kunst in Deutschland<\/em>, parue en 4 volumes entre 1988 et 1995 chez l\u2019\u00e9diteur n\u00e9o-nazi Grabert, qui \u00e9tait aussi dans les ann\u00e9es 1980 et 1990, son \u00e9diteur et traducteur attitr\u00e9 en Allemagne.<\/p>\n<p>Bruno Roger-Petit n\u2019est donc pas cool ! Comment peut-il qualifier le titulaire de la petite usine de\u00a0<a href=\"https:\/\/www.cairn.info\/revue-du-crieur-2015-1-page-90.htm#no13\" rel=\"noopener noreferrer\">Nicolas Chevassus-au-Louis<\/a>\u00a0: \u00ab\u00a0<strong>Capable de passer sans transition de l\u2019\u00ab\u00a0<\/strong><em>ordre libertaire<\/em><strong>\u00a0\u00bb \u00e0 la saillie r\u00e9actionnaire, et qui est parvenu \u00e0 faire de sa position d\u2019outsider le centre d\u2019une petite galaxie rentable intellectuellement et financi\u00e8rement \u00bb ?\u00a0<\/strong>de \u00ab pont que se jettent Rouge et Brun des deux rives sous couvert de d\u00e9fendre les int\u00e9r\u00eats du peuple \u00bb. Il est \u00ab marron \u00bb Michel \u00ab O\u2019 Frais du syst\u00e8me \u00bb, puisqu\u2019avec le rouge, le brun, et m\u00eame le bleu, il assure un beau m\u00e9lange des couleurs avec les jaunes Alg\u00e9riens.<\/p>\n<p>Bruno Roger-Petit, ancien porte-la-parole du ch\u00e2teau \u2013 de septembre 2017 \u00e0 septembre 2018 \u2013 (d\u00e9j\u00e0 ?) \u2013 et conseiller \u00e0 la m\u00e9moire \u00ab courte \u00bb de notre commandeur \u00ab O\u2019 Macron \u00bb, va m\u00eame jusqu\u2019\u00e0 identifier en gras dans sa contribution honorifique \u00e0 l\u2019\u00e9gard de Michel \u00ab O\u2019 Frais \u00bb, en 2015, la position de celui qui va \u00ab\u00a0<strong>Conserver sa place m\u00e9diatique au soleil des r\u00e9acs<\/strong>\u00a0\u00bb. Yvan Najiels,\u00a0<a href=\"https:\/\/blogs.mediapart.fr\/yvan-najiels\/blog\/200915\/michel-pangloss-onfray-mediocre-voix-reactionnaire-de-la-france-rance\" rel=\"noopener noreferrer\">en date du 20 septembre 2015<\/a>, en rajoute une couche brune : \u00ab\u00a0<a href=\"https:\/\/blogs.mediapart.fr\/yvan-najiels\/blog\/200915\/michel-pangloss-onfray-mediocre-voix-reactionnaire-de-la-france-rance\" rel=\"noopener noreferrer\">Michel Pangloss Onfray, m\u00e9diocre voix r\u00e9actionnaire de la France rance<\/a>\u00a0\u00bb. Y. Najiels a d\u00fb sentir le roussi chez le\u00a0<em>\u00ab<\/em><a href=\"https:\/\/www.editions-lignes.com\/CONTRE-ONFRAY.html\" rel=\"noopener noreferrer\">faux philosophe et histrion de la pens\u00e9e contemporaine \u00bb<\/a><em>\u00a0d\u2019<\/em>Alain Jugnon<em>.<\/em><\/p>\n<p><em>Le texte le plus rigolo (mais qui ne fait pas rire) sur \u00ab le sujet \u00bb \u00ab O\u2019Frais du syst\u00e8me \u00bb, est venu de Jacques Marie Bourget : \u00ab\u00a0<\/em><a href=\"https:\/\/www.afrique-asie.fr\/ce-dont-onfray-est-le-nom\/\" rel=\"noopener noreferrer\">Ce dont Onfray est le nom<\/a><em>\u00a0\u00bb, qui l\u2019a install\u00e9 au : \u00ab Relay de la gare \u00bb. Le Normand double-cr\u00e8me, qui \u00e9crit sur du papier de \u00ab soi \u00bb, au destin cosmique de Jacques Marie Bourget, est all\u00e9 jusqu\u2019\u00e0 organiser une deuxi\u00e8me mort de Guy Mocquet, puisque ce jeune gar\u00e7on communiste de 16 ans, fusill\u00e9 par les nazis, ne serait pas un r\u00e9sistant, apr\u00e8s sa lecture d\u2019un roman policier de Jean<\/em>-Marc Berli\u00e8re et Franck Liaigre. L\u2019inversion des r\u00f4les, il s\u2019y connait Michel \u00ab O\u2019Frais du syst\u00e8me \u00bb.<\/p>\n<p><em>Il est vrai qu\u2019apr\u00e8s 132 ans de colonialisme et son cort\u00e8ge d\u2019horreurs humaines (d\u00e9portations, charniers, viols de femmes, disparitions, napalm, essais nucl\u00e9aires, gazage dans les grottes du Dahra, tortures, d\u00e9capitations, noyades, etc.) uniques, d\u00e9crit dans toutes les revues du monde, l\u2019Alg\u00e9rie, pour le remercier, aurait d\u00fb lui faire des c\u00e2lins, des mamours ainsi que de gros et tendres bisous, \u00ab depuis 1962 \u00bb.<\/em><\/p>\n<p><em><u>Il ajoute : \u00ab ils ont voil\u00e9 les femmes \u00bb \u2026<\/u><\/em><\/p>\n<p>S\u2019il vise la belle (et pas la b\u00eate en politique des reptiles et des chaos), Louisa A\u00eft Hamadouche, cette sir\u00e8ne politique voil\u00e9e des multinationales d\u2019exportation de la d\u00e9mocratie, et surtout de la \u00ab d\u00e9fonce \u00bb des droits de l\u2019Homme, trop tard, le grand militant Rafaa l\u2019a d\u00e9j\u00e0 d\u00e9voil\u00e9e.<\/p>\n<p>(\u00a0<a href=\"https:\/\/www.youtube.com\/watch?v=SJiTVVlUDDs\" rel=\"noopener noreferrer\">https:\/\/www.youtube.com\/watch?v=SJiTVVlUDDs<\/a>\u00a0&#8211;\u00a0<a href=\"https:\/\/www.youtube.com\/watch?v=XH5D9FlNpB8\" rel=\"noopener noreferrer\">https:\/\/www.youtube.com\/watch?v=XH5D9FlNpB8<\/a>\u00a0) ,<\/p>\n<p>Tout comme son Jules, le Sheriff Driss, avec lequel elle a \u00e9t\u00e9 convoqu\u00e9e au \u00ab\u00a0<a href=\"https:\/\/algerie54.dz\/2022\/06\/27\/neocolonisation-17\/\" rel=\"noopener noreferrer\">colloque-colons-colonis\u00e9s\u00a0<\/a>\u00bb (du 24 au 26 juin 2022) \u00e0 L\u2019institut de G\u00e9ostrat\u00e9gie Fran\u00e7ais, sous la direction du chef d\u2019orchestre, Ali Bensaad, le titulaire du \u00ab\u00a0<a href=\"https:\/\/www.afrique-asie.fr\/ali-bensaad-decroche-le-zelig-dor\/\" rel=\"noopener noreferrer\">Zelig d\u2019Or\u00a0<\/a>\u00bb. J\u2019ai donc appris que ce couple de tourtereaux a mis les voiles pour naviguer en sous marin dans les eaux troubles de la fondation allemande \u00ab\u00a0<a href=\"https:\/\/fr.wikipedia.org\/wiki\/Fondation_Konrad-Adenauer\" rel=\"noopener noreferrer\">Konrad Adenauer Stiftung\u00a0<\/a>\u00bb qui bataille pour abattre \u00ab la gauche \u00bb dans le monde.<\/p>\n<p><img decoding=\"async\" class=\"alignleft\" src=\"https:\/\/www.afrique-asie.fr\/wp-content\/uploads\/2022\/10\/Photo-5-Louisa-et-Cherif-Driss-650x237.jpg\" \/><\/p>\n<p>A moins qu\u2019il ne pense, un peu comme nous, \u00e0 ces deux sir\u00e8nes animatrices politiques-voil\u00e9es pour le Hirak \u00e0 la banane, recrut\u00e9es par le r\u00e9gime, pour scander \u00e0 notre \u00ab O\u2019Macron \u00bb (lors de sa visite en 2017, o\u00f9 un jeune Alg\u00e9rien est venu \u00ab l\u2019embrouiller avec \u00e7a \u00bb) : \u00ab bienvinir Missieu li priziden \u00bb. Elles ont \u00e9t\u00e9, malheureusement pour elles et leurs commanditaires, d\u00e9busqu\u00e9es par le peuple alg\u00e9rien, en plein \u00ab vol \u00bb de la libert\u00e9 de se d\u00e9barrasser des colons et de leurs descandants (Wled Frensa- Arew N\u2019Frensa).<\/p>\n<p><img decoding=\"async\" class=\"alignleft\" src=\"https:\/\/www.afrique-asie.fr\/wp-content\/uploads\/2022\/10\/photo-6-femme-voilee-hirak-macron-366x650.jpeg\" \/><\/p>\n<p>Sans oublier une autre sir\u00e8ne coloniale voil\u00e9e, Madame Nadia Oubaiche et sa colombe m\u00e9diterran\u00e9enne (qui fait penser \u00e0 l\u2019UPM-Union Pour la M\u00e9diterran\u00e9e de Starkozy et Hubert V\u00e9drine), produite par le syst\u00e8me, mais grill\u00e9e par une femme Alg\u00e9rienne, \u00ab Alg\u00e9roise Houmti \u00bb, militante de gauche. Cette femme voil\u00e9e en \u00ab politique de la banane \u00bb, fabriqu\u00e9e par le syst\u00e8me en France, racle les l\u00e9gumes des fonds des casseroles, sous couvert de solidarit\u00e9, avec beaucoup de doigt\u00e9. Elle est devenue experte dans la course \u00e0 l\u2019abattage des citoyens en Alg\u00e9rie. \u00c7a y est, elle a annonc\u00e9 qu\u2019elle va exporter son savoir-faire de soldat de la soci\u00e9t\u00e9 civile, au Cameroun, pour conqu\u00e9rir l\u2019Afrique au profit des puissants.<\/p>\n<p><img fetchpriority=\"high\" decoding=\"async\" class=\"alignleft\" src=\"https:\/\/www.afrique-asie.fr\/wp-content\/uploads\/2022\/10\/PHOTO-7-Madame-Oubaiche.jpg\" width=\"188\" height=\"338\" \/><\/p>\n<p>Alors Michel \u00ab O\u2019Frais \u00bb, qui produit les femmes voil\u00e9es en politique des reptiles, l\u2019Alg\u00e9rie ou le syst\u00e8me du FMI ?<\/p>\n<p>Michel \u00ab O\u2019Frais \u00bb a r\u00e9agi trop \u00e0 chaud sur le \u00ab voile politique \u00bb, car s\u2019il voulait vraiment s\u2019informer sur les femmes voil\u00e9es politiquement, il aurait pu s\u2019adresser directement \u00e0 l\u2019ancien islamiste : \u00ab Daoud 19 \u00bb, aujourd\u2019hui supporter de O\u2019Macron, que le syst\u00e8me lui a complaisamment pr\u00e9sent\u00e9 sur un plateau t\u00e9l\u00e9 (pour la premi\u00e8re fois, nous dit-il) pour qu\u2019ils secouent collectivement \u00ab la France \u00bb et \u00ab le monde \u00bb ! Ce qui est plaisant, dans cette image fabriqu\u00e9e par le syst\u00e8me, qui produit les \u00ab pour \u00bb et les \u00ab contre \u00bb afin d\u2019encercler le peuple, c\u2019est que Michel \u00ab O\u2019 Frais \u00bb n\u2019aime pas O\u2019Macron! Mais il aime son supporter \u00ab Daoud 19 \u00bb, qu\u2019il trouve courageux (il ne faut pas rire)\u2026 De m\u00eame sur les \u00ab Gilets Jaunes \u00bb, puisque Michel \u00ab O\u2019frais du syst\u00e8me \u00bb apporte son soutien \u00e0 ce mouvement populaire (tu comprends pourquoi, non ?), alors que \u00ab Daoud 19 \u00bb les a r\u00e9duits \u00e0 des stickers jaunes. Ces deux-l\u00e0, n\u2019ont pas l\u2019air d\u2019\u00eatre g\u00ean\u00e9s de s\u2019aimer philosophiquement, tout en empruntant g\u00e9om\u00e9triquement deux routes politiques parall\u00e8les qui ne se croisent jamais. C\u2019est bien leur nouvel ordre compl\u00e9mentaire \u00e9tabli.<\/p>\n<p><img decoding=\"async\" src=\"https:\/\/www.afrique-asie.fr\/wp-content\/uploads\/2022\/10\/PHOTO-8-Michel-Onfray-Kamel-Daoud-650x391.jpg\" \/><\/p>\n<p>Et puis, comme l\u2019occasion nous est ici offerte, on peut relever que ses slogans de plateau du syst\u00e8me ressemblent fortement \u00e0 ceux des groupes \u00ab islamistes \u00bb, \u00ab berb\u00e9ristes \u00bb et ONGistes, t\u00e9l\u00e9guid\u00e9s par le FMI (France-Maroc-Isra\u00ebl) pour faire exploser l\u2019Alg\u00e9rie, car ils ont pris en otage la R\u00e9publique et sa place parisienne, contrairement au peuple de France qui vit dans l\u2019ins\u00e9curit\u00e9 sociale et politique.<\/p>\n<p>Comment des groupes class\u00e9s terroristes en Alg\u00e9rie, peuvent-ils \u00eatre \u00e9lev\u00e9s par les m\u00e9dias du syst\u00e8me, les partis politiques et certains syndicats, en d\u00e9mocrates en France ? Une \u00e9quation d\u2019amour \u00ab\u00a0<strong>depuis 1962<\/strong>\u00a0\u00bb, que notre grand philosophe va bient\u00f4t r\u00e9soudre math\u00e9matiquement.<\/p>\n<p><em><u>Il poursuit : \u00ab ils se sont effondr\u00e9s intellectuellement \u00bb \u2026et \u00ab l\u2019id\u00e9ologie dominante est l\u2019islamisme \u00bb \u2026<\/u><\/em><\/p>\n<p><em>Au premier abord, je ne sais pas s\u2019il se rend compte qu\u2019il laboure avec la m\u00eame pioche qu\u2019Ahmed Raissouni, le grand imam du royaume d\u2019Isra\u00ebl, au moment m\u00eame o\u00f9 il pr\u00e9tend d\u00e9noncer son id\u00e9ologie de guerre. On ne peut pas dire qu\u2019il y a une entente, dans les vestiaires, entre les \u00e9quipes de deux imams de la politique du syst\u00e8me du FMI !&#8230;<\/em><\/p>\n<p><em>Dans ce cas pr\u00e9sent, est-ce un nouvel avertissement dirig\u00e9 contre les intellectuels alg\u00e9riens ? Puisque nous pouvons interpr\u00e9ter, sans efforts, sur cet affichage id\u00e9ologique, le r\u00e9sultat (sans nous donner le bilan comptable) du bon boulot de l\u2019organisation des barbus (bien install\u00e9e en France et ailleurs, ainsi que de leur leader Mourad \u00ab la Tartine \u00bb, dit Dhina, promoteur de la politique du \u00ab Kamis \u00bb alg\u00e9rien) et de ses supporters, gard\u00e9s douillettement par le r\u00e9gime du FMI, et biberonn\u00e9s \u00e0 la d\u00e9mocratie s\u00e9lective du chaos ; C\u2019est lui qui avait d\u00e9clar\u00e9\u00a0<\/em>que les intellectuels alg\u00e9riens de gauche assassin\u00e9s \u00abont choisi la voie de la confrontation\u00bb, qu\u2019\u00abils [en] ont pay\u00e9 le prix\u00bb et qu\u2019\u00abils en fassent des martyrs pour eux\u00bb.<\/p>\n<p>C\u2019est vrai que Mourad la \u00ab tartine \u00bb, dit Dhina, cet ancien r\u00e9sident de Saint-Genis, est forc\u00e9ment un d\u00e9mocrate -comme le rapporte S. Daniel, sur l\u2019enqu\u00eate du flic suisse L\u00e9on J.- avec les 130 kg de mat\u00e9riel militaire trouv\u00e9s dans le coffre de la Mercedes de M.B, ainsi qu\u2019avec les preuves commerciales du lien avec une soci\u00e9t\u00e9 de vente d\u2019armes (Cannet Technologies Group), les relev\u00e9s de comptes \u00e0 l\u2019UBS de Lausanne et aux ch\u00e8ques postaux de Zurich, comme les noms des responsables du massacre des sept marins italiens, \u00e9gorg\u00e9s en juillet 1994 \u00e0 Jijel (Est d\u2019Alger). Selon S. Daniel, le flic suisse L\u00e9on J. pr\u00e9cise que notre barbu \u00e9tait impliqu\u00e9 dans un vaste trafic d\u2019explosifs (Semtex) achet\u00e9s en Slovaquie, et achemin\u00e9s via B\u00e2le et Marseille, comme dans du \u00ab beurre FM \u00bb, pour finir les \u00ab ratons \u00bb en Alg\u00e9rie. Il pr\u00e9cise que les explosifs utilis\u00e9s par le GIA (Groupe Islamique Arm\u00e9), le 1<sup>er<\/sup>\u00a0novembre 1994 \u00e0 Sidi Ali (Wilaya de Mostaganem) \u2013 Alg\u00e9rie- o\u00f9 quatre enfants innocents ont \u00e9t\u00e9 d\u00e9chiquet\u00e9s et 17 autres gravement bless\u00e9s, avaient la m\u00eame origine ! Je t\u2019\u00e9pargne les noms de toute cette galaxie des barbus, qui gravitent autour, mais surtout sur le dos du peuple alg\u00e9rien, avec la b\u00e9n\u00e9diction des \u00ab d\u00e9fonseurs \u00bb des Droits de l\u2019Homme, et des partis de la politique de gauche des chaos.<\/p>\n<p>Et qui \u00e9tait procureur de la Conf\u00e9d\u00e9ration Helv\u00e9tique \u00e0 ce moment l\u00e0, qui a lass\u00e9 le flic Suisse ? Carla Del Ponte, laquelle selon lui, \u00ab ne s\u2019y prendrait pas autrement si elle voulait prot\u00e9ger les islamistes \u00bb.<\/p>\n<p><strong>Qui tue qui<\/strong>\u00a0?<\/p>\n<p>Depuis 1994, Carla Del Ponte a fait du chemin, et du beau chemin, puisqu\u2019elle a \u00e9t\u00e9 nomm\u00e9e en ao\u00fbt 1999 procureur du Tribunal p\u00e9nal international pour l\u2019ex-Yougoslavie et Tribunal international pour le Rwanda ; elle sera d\u00e9sign\u00e9e ambassadrice de Suisse en Argentine -du 1<sup>er<\/sup>\u00a0janvier 2008 \u00e0 f\u00e9vrier 2011 ; de septembre 2012 \u00e0 ao\u00fbt 2017, elle est membre de la commission d&#8217;enqu\u00eate charg\u00e9e d&#8217;enqu\u00eater en Syrie, cr\u00e9\u00e9e sous les auspices du Conseil des droits de l&#8217;homme des Nations unies. Alors que le flic du Jura a \u00e9t\u00e9 mis au placard (heureusement pour lui, pas au mitard), le physicien du \u00ab Kamis \u00bb acc\u00e8de, en plus de son statut de refugi\u00e9, aux pi\u00e8ces de dossier confidentielles, qui peuvent le renseigner sur le fonctionnement des services-secrets suisses.<\/p>\n<p>Alors, qui produit \u00ab l\u2019islamisme politique \u00bb ? C\u2019est son syst\u00e8me ou c\u2019est l\u2019Alg\u00e9rie qui le combat depuis 1988, (et m\u00eame avant), plus pr\u00e9cis\u00e9ment depuis le 5 octobre 1988, juste avant la proclamation de l\u2019\u00e9tat palestinien \u00e0 Alger, le 15 novembre 1988 ? Ce qui a \u00e9chapp\u00e9, encore une fois par hasard, \u00e0 toute la presse hexagonale et \u00e0 Julien Mongold qui s\u2019est donn\u00e9 \u00e9norm\u00e9ment de peine \u00e0 expliquer \u00ab pourquoi les Alg\u00e9riens se sont r\u00e9volt\u00e9s le 5 octobre 1988 ? \u00bb. Ils posent tous les bonnes questions, non ?<\/p>\n<p>Encore une \u00e9quation philosophique et \u00e9nigmatique \u00e0 r\u00e9soudre, cette fois-ci, pour Xavier \u00ab Le Drient Court toujours \u00bb, qu\u2019il peut exposer sur la cha\u00eene de la g\u00e9n\u00e9tique des populations identifi\u00e9es \u00ab Berb\u00e8res \u00bb -courb\u00e9es vers la terre, rudes, grossiers, nourries de la chair des fauves, mangeant de l\u2019herbe comme des b\u00eates\u2026- de Salluste.<\/p>\n<p>Il est cool avec \u00ab les bougnoules \u00bb qui roulent encore pour la langue arabe \u00ab\u00a0<strong>depuis 1962<\/strong>\u00a0\u00bb, cette langue qui a tant apport\u00e9 au fran\u00e7ais (Nos anc\u00eatres les Arabes \u2013 Ce que le fran\u00e7ais doit \u00e0 la langue fran\u00e7aise- Jean Pruvost, 2018- Ed. Points), puisque Michel \u00ab O\u2019 Frais du syst\u00e8me \u00bb qui a jet\u00e9 le peuple de France dans les bras de la collaboration (r\u00e9habilit\u00e9e par Eric Zoro, celui pour lequel il\u00a0<a href=\"https:\/\/www.lefigaro.fr\/politique\/michel-onfray-n-exclut-pas-de-voter-pour-zemmour-s-il-muscle-son-bras-gauche-20211024\" rel=\"noopener noreferrer\">n\u2019excluait pas de voter durant les derni\u00e8res \u00e9lections pr\u00e9sidentielles<\/a>\u00a0), au bout de 5 ans d\u2019occupation, appelle \u00e0 aider ce \u00ab pauvre peuple alg\u00e9rien\u00bb qui s\u2019est d\u00e9barrass\u00e9 de 132 ans de colonialisme. Il n\u2019y a pas quelque chose qui cloche au sein des \u00ab\u00a0<a href=\"https:\/\/www.liberation.fr\/debats\/2020\/05\/25\/michel-onfray-ou-les-errements-de-l-identitarisme_1789362\/\" rel=\"noopener noreferrer\">errements de l\u2019identitarisme<\/a>\u00a0\u00bb d\u2019Alain Policar (25 mai 2020) ? Remarque, ils ont produit beaucoup de collabos \u00e0 la tranche p\u00e9tainiste, avec une d\u00e9gaine plus vite que leurs ombres, en mode Lucky Luck de la politique, sp\u00e9cialement pour le peuple alg\u00e9rien. Du coup, le \u00ab Dilem \u00bb, c\u2019est qu\u2019ils peuvent se faire d\u00e9classer \u00e0 la seconde place, puisque la premi\u00e8re sera occup\u00e9e par tous les \u00ab Bousachi \u00bb, sans \u00ab Tabbou \u00bb.<\/p>\n<p>Michel \u00ab O\u2019 Frais du syst\u00e8me \u00bb aurait peut-\u00eatre pr\u00e9f\u00e9r\u00e9 que les Alg\u00e9riens soient sourds et muets, pour ne point raconter leur histoire livr\u00e9e \u00e0 des commissions politiques, ou qu\u2019ils parlent normand, cette \u00ab langue \u00bb pour laquelle il s\u2019est vaillamment battu dans son universit\u00e9 populaire \u00e0 Caen, au point qu\u2019elle a disparu de l\u2019espace linguistique en France. Je ne vois pas pourquoi il \u00e9pingle alors Benjamin S-Tora Bora, membre du club tr\u00e8s ferm\u00e9 \u00ab Fran\u00e7alg\u00e9rie \u00bb, l\u2019historien officiel du syst\u00e8me, qui a propos\u00e9 dans \u00ab\u00a0<a href=\"https:\/\/www.afrique-asie.fr\/rapport-de-benjamin-stora-le-conte-nest-pas-bon\/\" rel=\"noopener noreferrer\">son conte n\u2019est pas bon\u00a0<\/a>\u00bb d\u2019\u00e9crire dans la langue universelle des buchettes de Jacques B\u00e9net pour ne pas brouiller les pistes, naturellement ! Pourtant S-Tora Bora a m\u00eame invit\u00e9 (par hasard ?), dans son rapport, Andr\u00e9 Rossfelder, l\u2019auteur du \u00ab onzi\u00e8me commandement \u00bb, cet imminent membre de l\u2019OAS, condamn\u00e9 \u00e0 mort par contumace pour sa participation \u00e0 la tentative d\u2019assassinat du pr\u00e9sident de la R\u00e9publique, Charles de Gaulle, au mont Faron, \u00e0 Toulon, le 15 ao\u00fbt 1964.<\/p>\n<p>En mode \u00ab diviser pour r\u00e9gner \u00bb, il s\u2019attaque ensuite \u00e0 l\u2019immigration pour laquelle il d\u00e9clare \u00ab qu\u2019il n\u2019 y a pas de probl\u00e8me \u00bb, comme pour contredire Hamid Ait-Taleb, l\u2019auteur de \u00ab Un homme sans titre \u00bb, qui a expliqu\u00e9 que pour acc\u00e9der \u00e0 un emploi \u00e0 hauteur de ses comp\u00e9tences, il a d\u00fb gommer \u00ab l\u2019h\u00e9ritage du nom de son p\u00e8re, incompatible\u00bb dans le syst\u00e8me jud\u00e9o-chr\u00e9tien (de celui qui se dit ath\u00e9e), pour embrasser la normalisation sous la nouvelle appellation de Xavier Le Clerc. On n\u2019est pas convi\u00e9 \u00e0 leur choc des civilisations, non, non, non \u2026 !<\/p>\n<p>Rapidement, pour ne pas ennuyer le lecteur concernant l\u2019immigration, je me demande si ce n\u2019est pas l\u2019expression d\u2019une alerte, au regard de l\u2019exp\u00e9rience historique acquise (qu\u2019ils veulent effacer) avec plus de 2 millions d\u2019Alg\u00e9riens (soit un tiers de la population alg\u00e9rienne, et donc un quart de la population rurale) parqu\u00e9s et concentr\u00e9s par la France coloniale dans les tr\u00e8s jolis camps (au moins 2392 sont alors cr\u00e9\u00e9s), appel\u00e9s pudiquement de \u00ab pacification \u00bb ou de \u00ab regroupement \u00bb, comme le rapportait Michel Rocard d\u00e8s f\u00e9vrier 1959, dans son rapport qu\u2019il adressait \u00e0 Paul Delouvier (d\u00e9l\u00e9gu\u00e9 g\u00e9n\u00e9ral de l\u2019Alg\u00e9rie fran\u00e7aise). Il faut dire que si le rapport date de 1959, il a fallu attendre 2003 pour que ce document soit publi\u00e9 sous le nom de son auteur. Michel Rocard parle de 200 000 morts, et la mortalit\u00e9 infantile avait atteint le chiffre record de 50 % ; on verra si on battra les records des \u00ab bienfaits de la colonisation \u00bb dans les prochaines \u00e9ch\u00e9ances color\u00e9es du rouge au brun.<\/p>\n<p><strong>\u00ab Le pauvre peuple alg\u00e9rien \u00bb\u00a0<\/strong>est immature, incapable de discerner l\u2019\u00e9mancipation du syst\u00e8me \u00ab\u00a0<strong>avant 1962<\/strong>\u00a0\u00bb que lui propose Michel \u00ab O\u2019Frais \u00bb, de celui \u00ab\u00a0<strong>depuis 1962<\/strong>\u00a0\u00bb. Il ne faut pas traduire ici une quelconque incitation \u00e0 la haine, ni \u00e0 la r\u00e9bellion des pingouins estampill\u00e9s made in \u00ab ya bon banania \u00bb. A ce propos, soit il a lu \u00e0 l\u2019envers les r\u00e9cits de\u00a0<a href=\"https:\/\/www.youtube.com\/watch?v=UgrGVxjg7iE\" rel=\"noopener noreferrer\">G\u00e9rard Faur\u00e9\u00a0<\/a>(\u00ab Fournisseur des Stars parle \u00bb, \u00ab Le prince de la Coke \u00bb, \u00ab Dealer du Tout-Paris \u00bb, \u00ab L\u2019\u00e9ducation d\u2019un voyou \u00bb) dans le syst\u00e8me du FMI, soit il s\u2019appr\u00eate \u00e0 donner un coup de main pour faire aboutir les 219 commissions rogatoires internationales lanc\u00e9es par les tribunaux alg\u00e9riens (43 ex\u00e9cut\u00e9es et 156 toujours en souffrance), notamment en France, afin que le peuple alg\u00e9rien puisse r\u00e9cup\u00e9rer les biens mobiliers, immobiliers et plus que les fonds de caisse d\u00e9tourn\u00e9s, par cette \u00e9lite politique (elle se reconna\u00eetra) qui organisait les diners mondains de la Fran\u00e7alg\u00e9rie. Ou encore, il a anticip\u00e9 la r\u00e9cente publication de l\u2019\u00a0<a href=\"https:\/\/www.youtube.com\/watch?v=aCABk4PWTiE&amp;t=282s\" rel=\"noopener noreferrer\">enqu\u00eate de Martine Orange<\/a>, concernant le bras tr\u00e8s droit de notre O\u2019Macron. C\u2019est \u00e0 battre en \u00ab retraite \u00bb pour les gueux.<\/p>\n<p><img decoding=\"async\" src=\"https:\/\/www.afrique-asie.fr\/wp-content\/uploads\/2022\/10\/PHOTO-9-Martine-Orange-650x326.jpg\" \/><\/p>\n<p>Il poursuit son interminable propos indigeste pour l\u2019humanit\u00e9 toute enti\u00e8re, en brouillant ses ondes coloniales :\u00ab \u2026<em>Et cette mafia, on va lui demander pardon, proposer nos excuses \u2026 \u00bb. Ah bon, si Michel \u00ab O\u2019Frais \u00bb et son syst\u00e8me ne demandent pas des excuses au peuple alg\u00e9rien, pour les bienfaits de 132 ans de colonisation, c\u2019est parce qu\u2019il est dirig\u00e9 par une \u00ab mafia \u00bb \u00ab depuis 1962 \u00bb, et pas \u00ab avant 1962 \u00bb. \u00ab O\u2019Frais du syst\u00e8me \u00bb, cette reptation politique est p\u00e9rim\u00e9e !<\/em><\/p>\n<p><img decoding=\"async\" src=\"https:\/\/www.afrique-asie.fr\/wp-content\/uploads\/2022\/10\/PHOTO-10-Retraite-Alg.jpg\" \/><\/p>\n<p>Et puis, en ce qui nous concerne de tr\u00e8s pr\u00e8s, si on faisait une esp\u00e8ce d\u2019\u00e9change \u00e9quitable, pour pouvoir au moins r\u00e9cup\u00e9rer nos retraites (pr\u00e9vues dans le plan du syst\u00e8me \u00e0 65 ans) du menu du d\u00eener de l\u2019Elys\u00e9e, prises en sandwich entre les fruits de mer des 21 convives-membres du syst\u00e8me, ce mercredi 28 septembre 2022, afin de rattraper \u00ab la mafia \u00bb d\u2019Alger qui permet aux salari\u00e9s de prendre leur retraite \u00e0 60 ans, et aux femmes \u00e0 partir de 55 ans. Michel \u00ab O\u2019 Frais \u00bb du syst\u00e8me n\u2019est pas concern\u00e9 par le menu \u00ab Elys\u00e9e \u00bb de nos retraites d\u00e9coup\u00e9es d\u00e9mocratiquement et avec parcimonie par la fourchette (fourchetta) de Jacques B\u00e9net et le couteau sur la nuque d\u2019Agatha Christie.<\/p>\n<p><img decoding=\"async\" src=\"https:\/\/www.afrique-asie.fr\/wp-content\/uploads\/2022\/10\/PHOTO-11-650x404.jpg\" \/><\/p>\n<p>Comme il a enti\u00e8rement et d\u00e9finitivement sauv\u00e9 les 10 millions de citoyens (sur les 67 millions d\u2019habitants, presque 1 sur 7) qui vivent sous le seuil de pauvret\u00e9 en France, il se propose alors de \u00ab soutenir le peuple alg\u00e9rien \u00bb \u00e0 partir du plateau de \u00ab Merci patron \u00bb de Fran\u00e7ois Ruffin, si\u00e8ge de la promotion d\u2019Eric Zoro, d\u2019o\u00f9 le \u00ab kabyle \u00bb (qui fait le moine, Ferhat Mendel Mehenni-F2M-) vient de tirer une cartouche coloniale \u00e0 vide avec les tutoiements d\u2019usage de son promoteur Ivan Rioufol, lequel lui a fait une promesse :\u00ab je te tiens au courant \u00bb.<\/p>\n<p>Qui ne tutoie pas Ivan Rioufol, de la cha\u00eene ZNews \u2013 de Merci Patron \u00bb ?<\/p>\n<p>Je dois dire que cette op\u00e9ration m\u00e9diatique de la g\u00e9n\u00e9tique des populations me rappelle dr\u00f4lement celle de la fabrication de sanction de Rose Ameziane et Malik Yettou, animateurs du beurre et de l\u2019argent du beurre FM, radio du m\u00eame jeu d\u2019une m\u00eame famille Kettane, pour attaquer le peuple alg\u00e9rien en musique du FMI (France-Maroc-Isra\u00ebl). Nacer Kettane n\u2019a rien \u00e0 voir avec l\u2019AJC (American Jewish Committee), et il avait m\u00eame r\u00e9ussi \u00e0 vendre ses ondes, en 2014, \u00e0 Serge \u00ab D\u2019assaut \u00bb, le promoteur de la paix en France et dans le monde, comme tout le monde le sait. Elle rappelle aussi l\u2019op\u00e9ration \u00ab IN \u00bb d\u2019OFF investigation de Yanis Mhamdi, sur l\u2019instrumentalisation de l\u2019Islam de France par l\u2019Alg\u00e9rie, avec le repas d\u2019Iftar du 19 avril 2022, organis\u00e9 par la Grande Mosqu\u00e9e de Paris, en soutien \u00e0 la r\u00e9\u00e9lection du commandeur \u00ab O\u2019Macron \u00bb. Yanis Mhamdi, ce grand journaliste d\u2019investigation, aurait d\u00fb en profiter pour demander \u00e0 Chems-Eddine Hafiz, celui qui a pris d\u00e9mocratiquement la Grande Mosqu\u00e9e de Paris pour signer une fatwa LICRA le 19 mai 2021(pour lutter contre l\u2019islamophobie, nous disent-ils), de nous pr\u00e9ciser s\u2019il a organis\u00e9 ou pas le voyage, en f\u00e9vrier 2014, \u00ab le barreau de Paris qui montre l\u2019exemple \u00bb, \u00e0 J\u00e9rusalem-Est sous occupation isra\u00e9lienne, lorsqu\u2019il \u00e9tait avocat-conseil de la Mosqu\u00e9e de Paris.<\/p>\n<p><img decoding=\"async\" src=\"https:\/\/www.afrique-asie.fr\/wp-content\/uploads\/2022\/10\/PHOTO-12-650x365.jpg\" \/><\/p>\n<p>Et enfin, Yanis Mhamdi, ce grand investig \u00ab IN \u00bb (mais \u00ab OFF \u00bb selon le th\u00e9or\u00e8me des inversions des valeurs et des r\u00f4les, des math\u00e9matiques de la politique), n\u2019a pas cru bon de poursuivre son enqu\u00eate \u00e0 la \u00ab Colombo \u00bb, pour nous \u00e9clairer sur le prix litt\u00e9raire singulier construit par la Grande Mosqu\u00e9e de Paris sous la direction de Chems-Eddine Hafiz, taill\u00e9 sur mesure pour le syst\u00e8me, avec comme membre du jury (12 membres soigneusement s\u00e9lectionn\u00e9s ) Jean Pierre Elkabbach, H\u00e9l\u00e8ne Carr\u00e8re d\u2019Encausse, et surtout, surtout l\u2019homme qui fait toujours des bonds par les fen\u00eatres de toute l\u2019\u00ab Alg\u00e9rie \u00bb : Benjamin S-Tora Bora. Il va y avoir beaucoup de litt\u00e9rature n\u00e9ocoloniale en promotion, \u00e0 partir de la Grande Mosqu\u00e9e de Paris. Allez Yanis Mhamdi, fais un effort : A. Merdaci t\u2019a m\u00e2ch\u00e9 le boulot !\u00a0<a href=\"https:\/\/algerie54.dz\/2022\/10\/07\/grande-mosquee-de-paris-2\/\" rel=\"noopener noreferrer\">https:\/\/algerie54.dz\/2022\/10\/07\/grande-mosquee-de-paris-2\/<\/a><\/p>\n<p>Pour emprunter la pens\u00e9e d\u2019Alain Jugnon \u00ab\u00a0<a href=\"https:\/\/booknode.com\/contre_onfray_02080234\" rel=\"noopener noreferrer\">Contre \u2013 O\u2019Frais du syst\u00e8me\u00a0<\/a>-, \u00ab ce n\u2019est pas une charge contre une personne de ce nom ; c\u2019est la tentative \u00e0 la fois raisonn\u00e9e et passionn\u00e9e d\u2019un militant anticolonialiste qui refuse, de la part d\u2019un \u00ab panseur \u00bb dit moderne, la possibilit\u00e9 du mensonge th\u00e9orique et de la tricherie politique pratique \u00bb.<\/p>\n<p>En v\u00e9rit\u00e9, peut-on s\u2019interroger sur le fait que notre grand philosophe parisien, Michel \u00ab O\u2019 Frais du syst\u00e8me \u00bb, avec son propos \u00ab d\u2019amour d\u2019attaque sur l\u2019Alg\u00e9rie \u00bb, n\u2019est pas venu \u00e9touffer la proclamation de notre commandeur \u00ab O\u2019 Macron \u00bb au peuple de France, sur \u00ab la fin de l\u2019abondance, de l\u2019insouciance, des \u00e9vidences \u00bb, le 24 ao\u00fbt 2022, la veille de son d\u00e9part, le 25 ao\u00fbt 2022, vers l\u2019Alg\u00e9rie ? D\u2019ailleurs, qui n\u2019a pas vu ces enfants, ces femmes, ces familles, ces personnes \u00e2g\u00e9es, ces citoyens salari\u00e9s ou ch\u00f4meurs (selon la Fondation Abb\u00e9 Pierre 300 000 personnes vivent Sans Domicile Fixe) qui \u00ab d\u00e9corent \u00bb les rues et les carrefours en France, et qui vivent dans la grande abondance, surtout des cartons comme seuls abris \u00e0 vie.<\/p>\n<p><img decoding=\"async\" class=\"alignleft\" src=\"https:\/\/www.afrique-asie.fr\/wp-content\/uploads\/2022\/10\/PHOTO-13-Rachid-Temal.jpg\" \/><\/p>\n<p>Par la m\u00eame occasion, et concernant ce voyage de l\u2019\u00e9lite du r\u00e9gime au seul pays au monde de \u00ab la rente m\u00e9morielle \u00bb, il \u00e9pingle Benjamin S- Tora Bora, le m\u00e9morialiste officiel du syst\u00e8me, l\u2019auteur de beaucoup d\u2019histoires sur l\u2019Alg\u00e9rie, comme pour d\u00e9ployer un \u00e9cran de fum\u00e9e sur la composition du bataillon de plus de 90 membres des forces sp\u00e9ciales de cette \u00ab Fran\u00e7Alg\u00e9rie \u00bb, regroup\u00e9s en constellation autour de \u00ab Jupiter \u00bb, pour une r\u00e9conciliation en carton, tourn\u00e9e vers le cin\u00e9ma (et peut-\u00eatre m\u00eame le th\u00e9\u00e2tre) politique d\u2019Alexandre Arcady et vers la formation de la jeunesse, dans un incubateur aux r\u00e9seaux sociaux des guerres de 4<sup>\u00e8me<\/sup>\u00a0g\u00e9n\u00e9ration. Ils vont pouvoir d\u00e9localiser l\u2019industrie des reptiles et des l\u00e9gumes, au service du syst\u00e8me du FMI, qui tourne \u00e0 plein r\u00e9gime en France, pour faire exploser l\u2019Alg\u00e9rie.<\/p>\n<p>On est rassur\u00e9 sur la trajectoire de la Fran\u00e7alg\u00e9rie, d\u2019ailleurs d\u00e9crite \u00e0 l\u2019Institut Fran\u00e7ais de G\u00e9opolitique (IFG) par Ali Bensaad, le titulaire du \u00ab Zelig d\u2019Or \u00bb, imagin\u00e9e pour nous par Jack Attali, l\u2019un des 42 visionnaires du monde de demain, sous la direction de\u00a0<a href=\"https:\/\/www.librairie-gallimard.com\/livre\/9782818810392-imaginer-le-monde-de-demain-xavier-pavie-collectif\/\" rel=\"noopener noreferrer\">Xavier Pavie<\/a>\u00a0(Ed-Maxima, fev. 2021), qui appelle \u00e0 \u00ab\u00a0<strong>contribuer \u00e0 une nouvelle forme sup\u00e9rieure d\u2019organisation politique pour l\u2019humanit\u00e9<\/strong>\u00a0\u00bb -page 145-, pour les dindons de la farce que nous sommes. Des noms, des noms, des noms, \u2026 !<\/p>\n<p>Outre Jack Attali, on n\u2019y retrouve que du beau monde ! Comme Daoud 19, que les grands m\u00e9dias pr\u00e9sentent comme Alg\u00e9rien du bon c\u00f4t\u00e9 du manche; Karim Amellal, qui n\u2019est pas tout blanc (les kabylophones comprendront) ; Jack qui en dit \u00ab Lang \u00bb dont l\u2019Institut de son monde \u00ab Arabe \u00bb s\u2019est sp\u00e9cialis\u00e9 par hasard sur\u00a0<a href=\"https:\/\/www.imarabe.org\/fr\/actualites\/rencontres-debats\/2022\/les-rencontres-debats-de-l-ima-font-peau-neuve\" rel=\"noopener noreferrer\">l\u2019Alg\u00e9rie apr\u00e8s l\u2019ind\u00e9pendance<\/a>, avec un vrai coup de jeune pour \u00ab les vieux \u00bb du syst\u00e8me en France; Montebourg \u00ab\u00a0<a href=\"https:\/\/www.palestine-solidarite.fr\/les-voeux-pieux-de-montebourg-battant\/\" rel=\"noopener noreferrer\">battant et ses v\u0153ux pieux\u00a0<\/a>\u00bb est aussi dans le coup; le parrain \u00ab kabyle \u2013AOC\u2013 \u00e0 la man\u0153uvre \u00bb de\u00a0<a href=\"https:\/\/www.editions-stock.fr\/livres\/essais-documents\/le-grand-manipulateur-9782234086562\" rel=\"noopener noreferrer\">Marc Endeweld<\/a>\u00a0-Ed. Stock-2019-, Fran\u00e7ois Aissa Touzi ; Nacer Kettane du beurre et surtout l\u2019argent du Beur FM, Chevalier de la L\u00e9gion d\u2019honneur et pas d\u2019horreur (pour quel service rendu \u00e0 la France d\u2019en haut ?) celui qui a trouv\u00e9 une belle fen\u00eatre \u00ab d\u2019Expression d\u2019Alg\u00e9rie\u00bb m\u00e9diatique en Alg\u00e9rie pour placer ses deux amis historiens (l\u2019histoire est \u00e9crite d\u2019avance ?), Benjamin S-Tora Bora et Amar Mohand Amar (il a doubl\u00e9 la mise Mohand Amar 2), l\u2019un des membres du \u00ab\u00a0<a href=\"https:\/\/www.ahmedbensaada.com\/index.php?option=com_content&amp;view=article&amp;id=620:2022-06-27-01-53-44&amp;catid=46:qprintemps-arabeq&amp;Itemid=119\" rel=\"noopener noreferrer\">colloque colons et colonis\u00e9s\u00a0<\/a>\u00bb d\u2019Ahmed Bensaada, organis\u00e9 par notre \u00ab Zelig d\u2019Or \u00bb \u00e0 l\u2019IFG (Institut Fran\u00e7ais de G\u00e9ostrat\u00e9gie) du 23 au 25 juin 2022. Tu vois comment l\u2019histoire des \u00ab trajectoires d\u2019une nation et d\u2019une soci\u00e9t\u00e9 \u00bb est \u00e9crite d\u2019avance ?<\/p>\n<p>Allez, pour leur plaisir : l\u2019\u00e9ducateur Mohammed le \u00ab n\u00e9flier \u00bb, dit Mechmeche, (le pompier -pyromane ? &#8211; du syst\u00e8me en banlieue (depuis les r\u00e9voltes de 2005, parties de Clichy\/Bois, suite \u00e0 la mort des deux gosses de 15 et 17 ans, Zyed et Bouna) fait aussi partie du voyage dans le gaz de la soci\u00e9t\u00e9 civile politique. Ce qui est \u00e9trange avec son groupe, qui organise des balades pour les familles, afin de les sortir de la mis\u00e8re sociale, c\u2019est que j\u2019ai d\u00e9couvert qu\u2019avant de partir fi\u00e8rement (son travail est reconnu au-del\u00e0 des fronti\u00e8res) en Alg\u00e9rie avec le r\u00e9gime de Paris, il a men\u00e9 un projet -2022- comburant, intitul\u00e9 : \u00ab Oxyg\u00e8ne \u00bb. Ce n\u2019est pas ACleFeu en France ?<\/p>\n<p>Et puis, il y avait Rachid \u00ab T\u2019es mal \u00bb, un s\u00e9nateur socialiste (oui le PS existe encore pour les besoins du r\u00e9gime!) \u00e9lu par le syst\u00e8me, qui n\u2019est pas le romain Salluste, Galius Sallustius Crispus de la ville de Sabine. Membre de la commission des affaires \u00e9tranges \u2013\u00e8res et de l\u2019attaque par nos forces arm\u00e9es jusqu\u2019aux dents, il pr\u00e9side le groupe interparlementaire d\u2019amiti\u00e9 France-Alg\u00e9rie, ce qui pourrait expliquer les interventions d\u2019attaque de nos parlemen-taires au S\u00e9nat et dans leur Assembl\u00e9e Nationalis\u00e9e, contre le peuple alg\u00e9rien. Je pense notamment \u00e0 la \u00ab\u00a0<a href=\"https:\/\/www.afrique-asie.fr\/la-rossignol-et-les-choeurs-beaux\/\" rel=\"noopener noreferrer\">Rossignol et les ch\u0153urs beaux\u00a0<\/a>\u00bb, ou encore \u00e0 la \u00ab\u00a0<a href=\"https:\/\/www.afrique-asie.fr\/la-buffet-ma-tuer\/\" rel=\"noopener noreferrer\">Buffet m\u2019a tuer\u00a0<\/a>\u00bb en marchant sur Georges avec sa faucille et son marteau. Il est \u00ab T\u2019es mal \u00bb Rachid, puisque l\u2019amiti\u00e9 avec l\u2019Alg\u00e9rie consiste au moins \u00e0 se parlem-taire, lorsque le peuple alg\u00e9rien est lapid\u00e9 dans leur assembl\u00e9e d\u2019attaque. Et puis, il faut croire que ce membre de la Fran\u00e7alg\u00e9rie \u00e9tait en mission pour le compte du groupe \u00ab\u00a0<a href=\"https:\/\/www.senat.fr\/groupe-interparlementaire-amitie\/ami_595.html\" rel=\"noopener noreferrer\">France-Isra\u00ebl\u00a0<\/a>\u00bb dont il est membre au S\u00e9nat. Rachid \u00ab T\u2019es-pas- mal \u00bb ?<\/p>\n<p><em>Michel \u00ab O\u2019 Frais \u00bb du syst\u00e8me veut-il garder au chaud les centaines de cr\u00e2nes de ces r\u00e9sistants alg\u00e9riens au syst\u00e8me colonial (estim\u00e9 \u00e0 536 par Amel Blidi, sans compter ceux qui ont disparu) qui d\u00e9corent encore le Mus\u00e9um (MNHN) de Paris ? Remarque, y compris dans cette initiative que l\u2019on nous fait croire apaisante, entre le bourreau (bien avant Meyssonnier, depuis 1849) et les d\u00e9capit\u00e9s \u00e0 qui on a taill\u00e9 les oreilles, l\u2019anthropologue alg\u00e9rien, Ali Farid Belkadi (\u00e0 l\u2019origine de ce tr\u00e9sor colonial macabre, qui n\u2019a pas \u00e9chapp\u00e9 \u00e0 Benjamin S-Tora Bora, l\u2019historien officiel du syst\u00e8me), vient d\u2019annoncer que trois des vingt-quatre cr\u00e2nes des r\u00e9sistants alg\u00e9riens, rapatri\u00e9s en juillet 2020, sont des tirailleurs morts pour la France coloniale. Pour cet expert alg\u00e9rien, sans doute trop fris\u00e9 pour les scientifiques du syst\u00e8me, la pr\u00e9sence de ces trois t\u00eates taill\u00e9es sur mesure (r\u00e9f.\u00a0<\/em>\u00ab MNHN-HA-296. Amar Ben Soliman \u00bb &#8211; \u00ab MNHN-HA-300. Belkacem Ben Mohamed El-Djennadi \u00bb &#8211; \u00ab MNHN-HA-3860.Ali Kalifa Ben Mohammed \u00bb) \u00ab n\u2019est pas le fruit d\u2019une simple et excusable erreur, malheureuse et malencontreuse \u00bb. Il accuse les \u00ab redoutables \u00bb sp\u00e9cialistes du MNHN de Paris d\u2019\u00eatre derri\u00e8re ce \u00ab leurre \u00bb, et interroge le syst\u00e8me: \u00ab\u00a0<a href=\"https:\/\/www.algeriepatriotique.com\/2022\/10\/11\/le-marechal-philippe-petain-est-il-inhume-au-pantheon\/\" rel=\"noopener noreferrer\">Le mar\u00e9chal P. P\u00e9tain est-il inhum\u00e9 au Panth\u00e9on\u00a0<\/a>? \u00bb. Une belle banane pour glisser en musique sur du \u00ab Beur FM \u00bb, puisque Ali Farid Belkadi n\u2019est pas un pote de Nacer Kettane, pour qu\u2019il puisse le placer dans la commission officielle de l\u2019histoire liss\u00e9e, dans le sens du poil colonial.<\/p>\n<p>Va demander \u00e0 ce souverainiste moderne de s\u2019inqui\u00e9ter du sort r\u00e9serv\u00e9 \u00e0 Salah Hamouri, cet avocat franco-palestinien qui moisit dans les ge\u00f4les isra\u00e9liennes, \u00e0 c\u00f4t\u00e9 d\u2019autres prisonniers palestiniens, pour des d\u00e9lits imaginaires ; ou encore mieux, de s\u2019interroger au moins sur l\u2019espionnage de la France et de ses plus hauts dirigeants, avec le logiciel \u00ab Pegasus \u00bb au service du syst\u00e8me du FMI, et en exigeant une enqu\u00eate parlementaire, puisque c\u2019est le c\u0153ur de l\u2019\u00e9tat qui a \u00e9t\u00e9 cibl\u00e9. Remarque, l\u00e0, aucun d\u00e9put\u00e9, aucune organisation politique, ni m\u00eame les soldats de la soci\u00e9t\u00e9 civiles, n\u2019ont os\u00e9 s\u2019aventurer sur ce terrain glissant au \u00ab Beur FM \u00bb.<\/p>\n<p>Notre \u00ab Dilem \u00bb raciste de la caricature (l\u2019auteur de l\u2019\u00e9olienne complotiste du FMI, sans \u00ab Tabbou \u00bb), sait que les autorit\u00e9s de la communication et de la presse en Alg\u00e9rie, face \u00e0 ce d\u00e9ferlement de haine contre le peuple, continuent \u00e0 promouvoir des \u00e9missions de formation \u00e0 la p\u00e2tisserie et aux g\u00e2teaux-maures, pour les citoyens, et \u00e0 ignorer les militants engag\u00e9s \u00e0 leurs risques et p\u00e9rils, sur les voies de la r\u00e9sistance pour notre existence. Il nous restera les makrouts pour la route.<\/p>\n<p>Tu comprends maintenant pourquoi on inaugure plein de rues et de places, en France, portant le nom de chanteurs et de danseurs alg\u00e9riens, \u00e0 c\u00f4t\u00e9 de plus de 200 rues, boulevards, places, statues, etc. du guide colonial ? Les bourreaux et les victimes ont la m\u00eame m\u00e9moire ?<\/p>\n<p>Pour eux, l\u2019indig\u00e8ne restera \u00ab O\u2019Frais \u00bb avec Michel qui lui confectionne des croche-pieds politiques sous une banni\u00e8re philosophique, afin de conjuguer son avenir (<strong>apr\u00e8s 1962<\/strong>) au pass\u00e9 (<strong>avant 1962<\/strong>).<img decoding=\"async\" style=\"text-transform: initial;\" src=\"https:\/\/www.afrique-asie.fr\/wp-content\/uploads\/2022\/10\/Photo-5-Louisa-et-Cherif-Driss-650x237.jpg\" \/><\/p>\n<\/div>\n<div>\n<div>\n<div>\n<div>\n<div>\n<p>Au final, c\u2019est Michel \u00ab O\u2019Frais du syst\u00e8me \u00bb qui n\u2019aime pas l\u2019Alg\u00e9rie,\u00a0<strong>depuis 1962<\/strong>, ou c\u2019est l\u2019Alg\u00e9rie qui n\u2019aime pas le syst\u00e8me de Michel \u00ab O\u2019Frais \u00bb ?<\/p>\n<p><strong>Par Boualem SNAOUI<\/strong><\/p>\n<\/div>\n<\/div>\n<\/div>\n<\/div>\n<\/div>\n","protected":false},"excerpt":{"rendered":"<p>Par Boualem Snaoui La violence avec laquelle presque toutes les annonces m\u00e9diatiques g\u00e9om\u00e9triquement identifi\u00e9es hexagonales (toujours bien orient\u00e9es comme \u00ab\u00a0avant 1962\u00a0\u00bb), confectionn\u00e9es&hellip;<\/p>\n","protected":false},"author":1,"featured_media":64754,"comment_status":"open","ping_status":"open","sticky":false,"template":"","format":"standard","meta":{"_lmt_disableupdate":"","_lmt_disable":"","footnotes":""},"categories":[49],"tags":[],"class_list":["post-64752","post","type-post","status-publish","format-standard","has-post-thumbnail","hentry","category-politique"],"yoast_head":"<!-- This site is optimized with the Yoast SEO plugin v27.3 - https:\/\/yoast.com\/product\/yoast-seo-wordpress\/ -->\n<title>Michel, \u00ab O\u2019Frais du syst\u00e8me \u00bb, souffle le chaud sur l\u2019Alg\u00e9rie - AAH.JZR<\/title>\n<meta name=\"robots\" content=\"index, follow, max-snippet:-1, max-image-preview:large, max-video-preview:-1\" \/>\n<link rel=\"canonical\" href=\"https:\/\/jazairhope.org\/fr\/michel-ofrais-du-systeme-souffle-le-chaud-sur-lalgerie\/\" \/>\n<meta property=\"og:locale\" content=\"fr_FR\" \/>\n<meta property=\"og:type\" content=\"article\" \/>\n<meta property=\"og:title\" content=\"Michel, \u00ab O\u2019Frais du syst\u00e8me \u00bb, souffle le chaud sur l\u2019Alg\u00e9rie - AAH.JZR\" \/>\n<meta property=\"og:description\" content=\"Par Boualem Snaoui La violence avec laquelle presque toutes les annonces m\u00e9diatiques g\u00e9om\u00e9triquement identifi\u00e9es hexagonales (toujours bien orient\u00e9es comme \u00ab\u00a0avant 1962\u00a0\u00bb), confectionn\u00e9es&hellip;\" \/>\n<meta property=\"og:url\" content=\"https:\/\/jazairhope.org\/fr\/michel-ofrais-du-systeme-souffle-le-chaud-sur-lalgerie\/\" \/>\n<meta property=\"og:site_name\" content=\"AAH.JZR\" \/>\n<meta property=\"article:publisher\" content=\"https:\/\/www.facebook.com\/jazairhope\" \/>\n<meta property=\"article:published_time\" content=\"2022-12-07T13:18:51+00:00\" \/>\n<meta property=\"og:image\" content=\"https:\/\/jazairhope.org\/wp-content\/uploads\/2022\/12\/jh-9dlNrAFaGI5f.jpg\" \/>\n\t<meta property=\"og:image:width\" content=\"500\" \/>\n\t<meta property=\"og:image:height\" content=\"475\" \/>\n\t<meta property=\"og:image:type\" content=\"image\/jpeg\" \/>\n<meta name=\"author\" content=\"Ssuperadmin\" \/>\n<meta name=\"twitter:card\" content=\"summary_large_image\" \/>\n<meta name=\"twitter:label1\" content=\"\u00c9crit par\" \/>\n\t<meta name=\"twitter:data1\" content=\"Ssuperadmin\" \/>\n\t<meta name=\"twitter:label2\" content=\"Dur\u00e9e de lecture estim\u00e9e\" \/>\n\t<meta name=\"twitter:data2\" content=\"31 minutes\" \/>\n<script type=\"application\/ld+json\" class=\"yoast-schema-graph\">{\"@context\":\"https:\\\/\\\/schema.org\",\"@graph\":[{\"@type\":\"Article\",\"@id\":\"https:\\\/\\\/jazairhope.org\\\/fr\\\/michel-ofrais-du-systeme-souffle-le-chaud-sur-lalgerie\\\/#article\",\"isPartOf\":{\"@id\":\"https:\\\/\\\/jazairhope.org\\\/fr\\\/michel-ofrais-du-systeme-souffle-le-chaud-sur-lalgerie\\\/\"},\"author\":{\"name\":\"Ssuperadmin\",\"@id\":\"https:\\\/\\\/jazairhope.org\\\/fr\\\/#\\\/schema\\\/person\\\/43650ebd889d8960700b5456ed9264c4\"},\"headline\":\"Michel, \u00ab O\u2019Frais du syst\u00e8me \u00bb, souffle le chaud sur l\u2019Alg\u00e9rie\",\"datePublished\":\"2022-12-07T13:18:51+00:00\",\"mainEntityOfPage\":{\"@id\":\"https:\\\/\\\/jazairhope.org\\\/fr\\\/michel-ofrais-du-systeme-souffle-le-chaud-sur-lalgerie\\\/\"},\"wordCount\":7212,\"commentCount\":1,\"image\":{\"@id\":\"https:\\\/\\\/jazairhope.org\\\/fr\\\/michel-ofrais-du-systeme-souffle-le-chaud-sur-lalgerie\\\/#primaryimage\"},\"thumbnailUrl\":\"https:\\\/\\\/jazairhope.org\\\/wp-content\\\/uploads\\\/2022\\\/12\\\/jh-9dlNrAFaGI5f.jpg\",\"articleSection\":[\"Politique\"],\"inLanguage\":\"fr-FR\",\"potentialAction\":[{\"@type\":\"CommentAction\",\"name\":\"Comment\",\"target\":[\"https:\\\/\\\/jazairhope.org\\\/fr\\\/michel-ofrais-du-systeme-souffle-le-chaud-sur-lalgerie\\\/#respond\"]}]},{\"@type\":\"WebPage\",\"@id\":\"https:\\\/\\\/jazairhope.org\\\/fr\\\/michel-ofrais-du-systeme-souffle-le-chaud-sur-lalgerie\\\/\",\"url\":\"https:\\\/\\\/jazairhope.org\\\/fr\\\/michel-ofrais-du-systeme-souffle-le-chaud-sur-lalgerie\\\/\",\"name\":\"Michel, \u00ab O\u2019Frais du syst\u00e8me \u00bb, souffle le chaud sur l\u2019Alg\u00e9rie - AAH.JZR\",\"isPartOf\":{\"@id\":\"https:\\\/\\\/jazairhope.org\\\/fr\\\/#website\"},\"primaryImageOfPage\":{\"@id\":\"https:\\\/\\\/jazairhope.org\\\/fr\\\/michel-ofrais-du-systeme-souffle-le-chaud-sur-lalgerie\\\/#primaryimage\"},\"image\":{\"@id\":\"https:\\\/\\\/jazairhope.org\\\/fr\\\/michel-ofrais-du-systeme-souffle-le-chaud-sur-lalgerie\\\/#primaryimage\"},\"thumbnailUrl\":\"https:\\\/\\\/jazairhope.org\\\/wp-content\\\/uploads\\\/2022\\\/12\\\/jh-9dlNrAFaGI5f.jpg\",\"datePublished\":\"2022-12-07T13:18:51+00:00\",\"author\":{\"@id\":\"https:\\\/\\\/jazairhope.org\\\/fr\\\/#\\\/schema\\\/person\\\/43650ebd889d8960700b5456ed9264c4\"},\"breadcrumb\":{\"@id\":\"https:\\\/\\\/jazairhope.org\\\/fr\\\/michel-ofrais-du-systeme-souffle-le-chaud-sur-lalgerie\\\/#breadcrumb\"},\"inLanguage\":\"fr-FR\",\"potentialAction\":[{\"@type\":\"ReadAction\",\"target\":[\"https:\\\/\\\/jazairhope.org\\\/fr\\\/michel-ofrais-du-systeme-souffle-le-chaud-sur-lalgerie\\\/\"]}]},{\"@type\":\"ImageObject\",\"inLanguage\":\"fr-FR\",\"@id\":\"https:\\\/\\\/jazairhope.org\\\/fr\\\/michel-ofrais-du-systeme-souffle-le-chaud-sur-lalgerie\\\/#primaryimage\",\"url\":\"https:\\\/\\\/jazairhope.org\\\/wp-content\\\/uploads\\\/2022\\\/12\\\/jh-9dlNrAFaGI5f.jpg\",\"contentUrl\":\"https:\\\/\\\/jazairhope.org\\\/wp-content\\\/uploads\\\/2022\\\/12\\\/jh-9dlNrAFaGI5f.jpg\",\"width\":500,\"height\":475},{\"@type\":\"BreadcrumbList\",\"@id\":\"https:\\\/\\\/jazairhope.org\\\/fr\\\/michel-ofrais-du-systeme-souffle-le-chaud-sur-lalgerie\\\/#breadcrumb\",\"itemListElement\":[{\"@type\":\"ListItem\",\"position\":1,\"name\":\"Accueil\",\"item\":\"https:\\\/\\\/jazairhope.org\\\/fr\\\/\"},{\"@type\":\"ListItem\",\"position\":2,\"name\":\"Michel, \u00ab O\u2019Frais du syst\u00e8me \u00bb, souffle le chaud sur l\u2019Alg\u00e9rie\"}]},{\"@type\":\"WebSite\",\"@id\":\"https:\\\/\\\/jazairhope.org\\\/fr\\\/#website\",\"url\":\"https:\\\/\\\/jazairhope.org\\\/fr\\\/\",\"name\":\"AAH.JZR\",\"description\":\"Environment, Health, Science, Art, Economics\",\"potentialAction\":[{\"@type\":\"SearchAction\",\"target\":{\"@type\":\"EntryPoint\",\"urlTemplate\":\"https:\\\/\\\/jazairhope.org\\\/fr\\\/?s={search_term_string}\"},\"query-input\":{\"@type\":\"PropertyValueSpecification\",\"valueRequired\":true,\"valueName\":\"search_term_string\"}}],\"inLanguage\":\"fr-FR\"},{\"@type\":\"Person\",\"@id\":\"https:\\\/\\\/jazairhope.org\\\/fr\\\/#\\\/schema\\\/person\\\/43650ebd889d8960700b5456ed9264c4\",\"name\":\"Ssuperadmin\",\"image\":{\"@type\":\"ImageObject\",\"inLanguage\":\"fr-FR\",\"@id\":\"https:\\\/\\\/secure.gravatar.com\\\/avatar\\\/b4068e88b9c557952c81ca0efc4e11e19a2ed480173b8cef95a240894b16bf22?s=96&d=mm&r=g\",\"url\":\"https:\\\/\\\/secure.gravatar.com\\\/avatar\\\/b4068e88b9c557952c81ca0efc4e11e19a2ed480173b8cef95a240894b16bf22?s=96&d=mm&r=g\",\"contentUrl\":\"https:\\\/\\\/secure.gravatar.com\\\/avatar\\\/b4068e88b9c557952c81ca0efc4e11e19a2ed480173b8cef95a240894b16bf22?s=96&d=mm&r=g\",\"caption\":\"Ssuperadmin\"},\"sameAs\":[\"https:\\\/\\\/jazairhope.org\"],\"url\":\"https:\\\/\\\/jazairhope.org\\\/fr\\\/author\\\/superadmin\\\/\"}]}<\/script>\n<!-- \/ Yoast SEO plugin. -->","yoast_head_json":{"title":"Michel, \u00ab O\u2019Frais du syst\u00e8me \u00bb, souffle le chaud sur l\u2019Alg\u00e9rie - AAH.JZR","robots":{"index":"index","follow":"follow","max-snippet":"max-snippet:-1","max-image-preview":"max-image-preview:large","max-video-preview":"max-video-preview:-1"},"canonical":"https:\/\/jazairhope.org\/fr\/michel-ofrais-du-systeme-souffle-le-chaud-sur-lalgerie\/","og_locale":"fr_FR","og_type":"article","og_title":"Michel, \u00ab O\u2019Frais du syst\u00e8me \u00bb, souffle le chaud sur l\u2019Alg\u00e9rie - AAH.JZR","og_description":"Par Boualem Snaoui La violence avec laquelle presque toutes les annonces m\u00e9diatiques g\u00e9om\u00e9triquement identifi\u00e9es hexagonales (toujours bien orient\u00e9es comme \u00ab\u00a0avant 1962\u00a0\u00bb), confectionn\u00e9es&hellip;","og_url":"https:\/\/jazairhope.org\/fr\/michel-ofrais-du-systeme-souffle-le-chaud-sur-lalgerie\/","og_site_name":"AAH.JZR","article_publisher":"https:\/\/www.facebook.com\/jazairhope","article_published_time":"2022-12-07T13:18:51+00:00","og_image":[{"width":500,"height":475,"url":"https:\/\/jazairhope.org\/wp-content\/uploads\/2022\/12\/jh-9dlNrAFaGI5f.jpg","type":"image\/jpeg"}],"author":"Ssuperadmin","twitter_card":"summary_large_image","twitter_misc":{"\u00c9crit par":"Ssuperadmin","Dur\u00e9e de lecture estim\u00e9e":"31 minutes"},"schema":{"@context":"https:\/\/schema.org","@graph":[{"@type":"Article","@id":"https:\/\/jazairhope.org\/fr\/michel-ofrais-du-systeme-souffle-le-chaud-sur-lalgerie\/#article","isPartOf":{"@id":"https:\/\/jazairhope.org\/fr\/michel-ofrais-du-systeme-souffle-le-chaud-sur-lalgerie\/"},"author":{"name":"Ssuperadmin","@id":"https:\/\/jazairhope.org\/fr\/#\/schema\/person\/43650ebd889d8960700b5456ed9264c4"},"headline":"Michel, \u00ab O\u2019Frais du syst\u00e8me \u00bb, souffle le chaud sur l\u2019Alg\u00e9rie","datePublished":"2022-12-07T13:18:51+00:00","mainEntityOfPage":{"@id":"https:\/\/jazairhope.org\/fr\/michel-ofrais-du-systeme-souffle-le-chaud-sur-lalgerie\/"},"wordCount":7212,"commentCount":1,"image":{"@id":"https:\/\/jazairhope.org\/fr\/michel-ofrais-du-systeme-souffle-le-chaud-sur-lalgerie\/#primaryimage"},"thumbnailUrl":"https:\/\/jazairhope.org\/wp-content\/uploads\/2022\/12\/jh-9dlNrAFaGI5f.jpg","articleSection":["Politique"],"inLanguage":"fr-FR","potentialAction":[{"@type":"CommentAction","name":"Comment","target":["https:\/\/jazairhope.org\/fr\/michel-ofrais-du-systeme-souffle-le-chaud-sur-lalgerie\/#respond"]}]},{"@type":"WebPage","@id":"https:\/\/jazairhope.org\/fr\/michel-ofrais-du-systeme-souffle-le-chaud-sur-lalgerie\/","url":"https:\/\/jazairhope.org\/fr\/michel-ofrais-du-systeme-souffle-le-chaud-sur-lalgerie\/","name":"Michel, \u00ab O\u2019Frais du syst\u00e8me \u00bb, souffle le chaud sur l\u2019Alg\u00e9rie - AAH.JZR","isPartOf":{"@id":"https:\/\/jazairhope.org\/fr\/#website"},"primaryImageOfPage":{"@id":"https:\/\/jazairhope.org\/fr\/michel-ofrais-du-systeme-souffle-le-chaud-sur-lalgerie\/#primaryimage"},"image":{"@id":"https:\/\/jazairhope.org\/fr\/michel-ofrais-du-systeme-souffle-le-chaud-sur-lalgerie\/#primaryimage"},"thumbnailUrl":"https:\/\/jazairhope.org\/wp-content\/uploads\/2022\/12\/jh-9dlNrAFaGI5f.jpg","datePublished":"2022-12-07T13:18:51+00:00","author":{"@id":"https:\/\/jazairhope.org\/fr\/#\/schema\/person\/43650ebd889d8960700b5456ed9264c4"},"breadcrumb":{"@id":"https:\/\/jazairhope.org\/fr\/michel-ofrais-du-systeme-souffle-le-chaud-sur-lalgerie\/#breadcrumb"},"inLanguage":"fr-FR","potentialAction":[{"@type":"ReadAction","target":["https:\/\/jazairhope.org\/fr\/michel-ofrais-du-systeme-souffle-le-chaud-sur-lalgerie\/"]}]},{"@type":"ImageObject","inLanguage":"fr-FR","@id":"https:\/\/jazairhope.org\/fr\/michel-ofrais-du-systeme-souffle-le-chaud-sur-lalgerie\/#primaryimage","url":"https:\/\/jazairhope.org\/wp-content\/uploads\/2022\/12\/jh-9dlNrAFaGI5f.jpg","contentUrl":"https:\/\/jazairhope.org\/wp-content\/uploads\/2022\/12\/jh-9dlNrAFaGI5f.jpg","width":500,"height":475},{"@type":"BreadcrumbList","@id":"https:\/\/jazairhope.org\/fr\/michel-ofrais-du-systeme-souffle-le-chaud-sur-lalgerie\/#breadcrumb","itemListElement":[{"@type":"ListItem","position":1,"name":"Accueil","item":"https:\/\/jazairhope.org\/fr\/"},{"@type":"ListItem","position":2,"name":"Michel, \u00ab O\u2019Frais du syst\u00e8me \u00bb, souffle le chaud sur l\u2019Alg\u00e9rie"}]},{"@type":"WebSite","@id":"https:\/\/jazairhope.org\/fr\/#website","url":"https:\/\/jazairhope.org\/fr\/","name":"AAH.JZR","description":"Environment, Health, Science, Art, Economics","potentialAction":[{"@type":"SearchAction","target":{"@type":"EntryPoint","urlTemplate":"https:\/\/jazairhope.org\/fr\/?s={search_term_string}"},"query-input":{"@type":"PropertyValueSpecification","valueRequired":true,"valueName":"search_term_string"}}],"inLanguage":"fr-FR"},{"@type":"Person","@id":"https:\/\/jazairhope.org\/fr\/#\/schema\/person\/43650ebd889d8960700b5456ed9264c4","name":"Ssuperadmin","image":{"@type":"ImageObject","inLanguage":"fr-FR","@id":"https:\/\/secure.gravatar.com\/avatar\/b4068e88b9c557952c81ca0efc4e11e19a2ed480173b8cef95a240894b16bf22?s=96&d=mm&r=g","url":"https:\/\/secure.gravatar.com\/avatar\/b4068e88b9c557952c81ca0efc4e11e19a2ed480173b8cef95a240894b16bf22?s=96&d=mm&r=g","contentUrl":"https:\/\/secure.gravatar.com\/avatar\/b4068e88b9c557952c81ca0efc4e11e19a2ed480173b8cef95a240894b16bf22?s=96&d=mm&r=g","caption":"Ssuperadmin"},"sameAs":["https:\/\/jazairhope.org"],"url":"https:\/\/jazairhope.org\/fr\/author\/superadmin\/"}]}},"views":306,"_links":{"self":[{"href":"https:\/\/jazairhope.org\/fr\/wp-json\/wp\/v2\/posts\/64752","targetHints":{"allow":["GET"]}}],"collection":[{"href":"https:\/\/jazairhope.org\/fr\/wp-json\/wp\/v2\/posts"}],"about":[{"href":"https:\/\/jazairhope.org\/fr\/wp-json\/wp\/v2\/types\/post"}],"author":[{"embeddable":true,"href":"https:\/\/jazairhope.org\/fr\/wp-json\/wp\/v2\/users\/1"}],"replies":[{"embeddable":true,"href":"https:\/\/jazairhope.org\/fr\/wp-json\/wp\/v2\/comments?post=64752"}],"version-history":[{"count":0,"href":"https:\/\/jazairhope.org\/fr\/wp-json\/wp\/v2\/posts\/64752\/revisions"}],"wp:featuredmedia":[{"embeddable":true,"href":"https:\/\/jazairhope.org\/fr\/wp-json\/wp\/v2\/media\/64754"}],"wp:attachment":[{"href":"https:\/\/jazairhope.org\/fr\/wp-json\/wp\/v2\/media?parent=64752"}],"wp:term":[{"taxonomy":"category","embeddable":true,"href":"https:\/\/jazairhope.org\/fr\/wp-json\/wp\/v2\/categories?post=64752"},{"taxonomy":"post_tag","embeddable":true,"href":"https:\/\/jazairhope.org\/fr\/wp-json\/wp\/v2\/tags?post=64752"}],"curies":[{"name":"wp","href":"https:\/\/api.w.org\/{rel}","templated":true}]}}