{"id":66533,"date":"2022-12-29T00:05:03","date_gmt":"2022-12-28T23:05:03","guid":{"rendered":"https:\/\/jazairhope.org\/?p=66533"},"modified":"2022-12-28T19:36:50","modified_gmt":"2022-12-28T18:36:50","slug":"le-sahara-occidental-paradoxe-de-lunion-africaine","status":"publish","type":"post","link":"https:\/\/jazairhope.org\/fr\/le-sahara-occidental-paradoxe-de-lunion-africaine\/","title":{"rendered":"Le Sahara Occidental, paradoxe de l&#8217;Union Africaine"},"content":{"rendered":"<div dir=\"auto\">Quel triste sort que celui des Sahraouis tout de m\u00eame ! Apr\u00e8s avoir lutt\u00e9 tout au long de leur histoire contre toutes les forces imp\u00e9rialistes qui ont abord\u00e9 sur leurs c\u00f4tes (Portugais, Anglais, Fran\u00e7ais, Espagnols) et n&#8217;avoir jamais cess\u00e9 le combat, ils eurent une lueur d&#8217;espoir lorsque la couronne d&#8217;Espagne d\u00e9cida de quitter le territoire au courant de l&#8217;ann\u00e9e 1975.<\/div>\n<div dir=\"auto\"><\/div>\n<div dir=\"auto\">Bien fugace espoir, cruellement an\u00e9anti par un \u00e9v\u00e9nement inattendu, qui de sinistre m\u00e9moire a repr\u00e9sent\u00e9 pour les Sahraouis une v\u00e9ritable nakba (catastrophe) : l&#8217;invasion marocaine, que l&#8217;on a pr\u00e9tendu maquiller sous l&#8217;appellation cynique de &#8220;marche\u00a0 verte&#8221;.<\/div>\n<div dir=\"auto\"><a href=\"https:\/\/lapatrienews.dz\/lalgerie-et-les-causes-justes\/\" rel=\"noopener noreferrer noreferrer noreferrer noreferrer noreferrer noreferrer\" data-saferedirecturl=\"https:\/\/www.google.com\/url?q=https:\/\/lapatrienews.dz\/lalgerie-et-les-causes-justes\/&amp;source=gmail&amp;ust=1672319190294000&amp;usg=AOvVaw0Gtcm5-y10L6RwH91g9Kjr\">https:\/\/lapatrienews.dz\/lalgerie-et-les-causes-justes\/<\/a><\/div>\n<div dir=\"auto\"><\/div>\n<div dir=\"auto\">Pierre Galand en a d\u00e9voil\u00e9, en maintes occasions, l&#8217;envers (plut\u00f4t l&#8217;enfer) du d\u00e9cor. Des hordes de Marocains (entre 200 \u00e0 300 000), \u00e0 qui l&#8217;on fasait miroiter une terre de lait et de miel (la terre promise), d\u00e9ferl\u00e8rent en Palestine&#8230;pardon au Sahara Occidental.<\/div>\n<div dir=\"auto\"><\/div>\n<div dir=\"auto\">L&#8217;arm\u00e9e a pris soin, toutefois de &#8220;nettoyer&#8221; le terrain : empoisonnement de puits afin de briser la r\u00e9sistance des rebelles en les assoiffant, utilisation de napalm (probablement avec l&#8217;aide d&#8217;avions fran\u00e7ais).<\/div>\n<div dir=\"auto\"><\/div>\n<div dir=\"auto\">Ah ! Le napalm ! D\u00e9cid\u00e9ment une tradition des colonialistes. C&#8217;est toute une histoire. Histoire que l&#8217;on a, du reste, pr\u00e9tendu effacer des m\u00e9moires en br\u00fblant cette &#8220;mauvaise herbe&#8221;. Ironique image au regard de ces contr\u00e9es d\u00e9sertiques o\u00f9 toute verdure et toute vie y est si pr\u00e9cieuse et si rare, n&#8217;est-ce pas.<\/div>\n<div dir=\"auto\"><\/div>\n<div dir=\"auto\">Mais au juste, le Sahara Occidental est-il marocain ?<\/div>\n<div dir=\"auto\">Sur cette question, laissons la parole ou plus pr\u00e9cis\u00e9ment la plume au roi du Maroc, Mohamed III ben Abdallah, qui affirmait sans \u00e9quivoque, dans sa lettre dat\u00e9e du 28 mai 1767, que les territoires correspondants au Sahara Occidental actuel n&#8217;\u00e9taient pas sous son autorit\u00e9 et par cons\u00e9quent ne faisaient pas partie de son royaume. Cette lettre faisait suite aux pr\u00e9occupations du roi d&#8217;Espagne, Charles III quant \u00e0 la s\u00e9curit\u00e9 des p\u00eacheurs espagnols au large du Sahara Occidental. Voici la r\u00e9ponse du roi du Maroc :<\/div>\n<div dir=\"auto\">\n<div dir=\"auto\"><\/div>\n<div dir=\"auto\">&#8220;&#8230; ces arabes\u00a0 (les Sahraouis) n&#8217;ont pas de lieu s\u00fbr ; ils changent de lieu quand ils veulent.\u00a0<b>Jamais, ils n&#8217;ont \u00e9t\u00e9 assujettis, ni subordonn\u00e9s \u00e0 aucun gouvernement<\/b>. C&#8217;est la raison pour laquelle ce n&#8217;est pas normal que je donne mon consentement, \u00e9tant donn\u00e9 qu&#8217;il peut \u00eatre pr\u00e9judiciable aux habitants des \u00eeles Canaries&#8230;\u00a0<b>La c\u00f4te, depuis Santa Cruz\u00a0 (Cap Ghir) vers le sud n&#8217;\u00e9tant pas de ma juridiction, je ne peux pas la franchir,<\/b>\u00a0ni \u00eatre responsable de ce qui peut y arriver&#8230;&#8221;<\/div>\n<div dir=\"auto\"><\/div>\n<div dir=\"auto\">Ce document est consign\u00e9 en annexe 33B, page 266 des m\u00e9moires et plaidoiries de la cour Internationale de Justice relatifs au probl\u00e8me du Sahara Occidental (voir \u00e9galement en annexe 33A la lettre du m\u00eame roi au m\u00eame destinataire) :<\/div>\n<div dir=\"auto\"><\/div>\n<div dir=\"auto\"><a href=\"https:\/\/www.google.com\/url?sa=t&amp;source=web&amp;rct=j&amp;url=https:\/\/www.icj-cij.org\/public\/files\/case-related\/61\/9472.pdf&amp;ved=2ahUKEwjAh-Hw04D4AhV3gM4BHfNYDnAQFnoECAcQAQ&amp;usg=AOvVaw3S1D4aS7VvIwB3CehhS8Lo\" rel=\"noopener noreferrer noreferrer noreferrer noreferrer noreferrer noreferrer noreferrer noreferrer noreferrer noreferrer\" data-saferedirecturl=\"https:\/\/www.google.com\/url?q=https:\/\/www.google.com\/url?sa%3Dt%26source%3Dweb%26rct%3Dj%26url%3Dhttps:\/\/www.icj-cij.org\/public\/files\/case-related\/61\/9472.pdf%26ved%3D2ahUKEwjAh-Hw04D4AhV3gM4BHfNYDnAQFnoECAcQAQ%26usg%3DAOvVaw3S1D4aS7VvIwB3CehhS8Lo&amp;source=gmail&amp;ust=1672319190294000&amp;usg=AOvVaw3Hu76cPPPXvZ648GIHrZVp\">https:\/\/www.google.com\/url?sa=t&amp;source=web&amp;rct=j&amp;url=https:\/\/www.icj-cij.org\/public\/files\/case-related\/61\/9472.pdf&amp;ved=2ahUKEwjAh-Hw04D4AhV3gM4BHfNYDnAQFnoECAcQAQ&amp;usg=AOvVaw3S1D4aS7VvIwB3CehhS8Lo<\/a><\/div>\n<div dir=\"auto\"><\/div>\n<div dir=\"auto\">&#8220;L&#8217;Histoire ne se r\u00e9p\u00e8te pas, elle begaie&#8221; disait Marx. Pour les Sahraouis, elle est rest\u00e9e fig\u00e9e dans un autre espace-temps. Alors que l&#8217;immense majorit\u00e9 des peuples du monde \u00e0 connu un mouvement d&#8217;\u00e9mancipation et s&#8217;est lib\u00e9r\u00e9e du joug des puissances imp\u00e9rialistes, les Sahraouis (et les Palestiniens) subissent, encore de nos jours, la barbarie d&#8217;un si\u00e8cle sens\u00e9 \u00eatre r\u00e9volu, celui du colonialisme du 19\u00e8me si\u00e8cle. Heures sombres de peuples \u00e0 qui l&#8217;on prend et nie tout : la dignit\u00e9, la culture, l&#8217;histoire, l&#8217;humanit\u00e9.<\/div>\n<\/div>\n<div dir=\"auto\"><\/div>\n<div dir=\"auto\">La cause palestinienne et sahraouie est \u00e0 l&#8217;heure d&#8217;aujourd&#8217;hui l&#8217;\u00e9cueil sur lequel viennent s&#8217;\u00e9chouer toute logique et sagesse humaine. Elle est devenue le curseur qui situe les \u00c9tats dans le camp de la justice, du bien ou au contraire de l&#8217;arbitraire et de la c\u00e9cit\u00e9 morale. Car comment concevoir, pour ne prendre que cet exemple, que la d\u00e9fense et la protection de l&#8217;enfant pourtant plac\u00e9es parmi les priorit\u00e9s de l&#8217;organisation onusienne, celles-ci demeurent incompr\u00e9hensiblement et scandaleusement muettes et sans effet lorsqu&#8217;il s&#8217;agit des enfants palestiniens et sahraouis ?<\/div>\n<div dir=\"auto\"><\/div>\n<div dir=\"auto\">C&#8217;est pourquoi, l&#8217;Union Africaine ne doit pas souffrir qu&#8217;une telle injustice puisse perdurer, \u00e0 plus forte raison dans notre continent, spoli\u00e9 et violent\u00e9 durant des si\u00e8cles. Elle doit peser de tout son poids et oeuvrer sans rel\u00e2che pour int\u00e9grer la derni\u00e8re colonie d&#8217;Afrique au sein de la communaut\u00e9 internationale et permettre \u00e0 cet &#8220;orphelin&#8221;, perdu dans les limbes du temps, de rejoindre pleinement sa famille africaine.<\/div>\n<div dir=\"auto\"><\/div>\n<div dir=\"auto\">D&#8217;ailleurs, cette colonisation, outre la n\u00e9gation de tout un peuple et de ses droits fondamentaux, n&#8217;a que des effets n\u00e9fastes. Elle s&#8217;av\u00e8re contreproductive pour l&#8217;int\u00e9gration des ensembles r\u00e9gionaux, dont, entre autre, celui du Maghreb. En outre les revenus de l&#8217;exploitation des richesses du Sahara Occidental ont eu des emplois pas tr\u00e8s catholiques ni tr\u00e8s islamiques, semble-t-il, comme en t\u00e9moignent les r\u00e9cents scandales de corruption au sein l&#8217;UE, mais pas seulement, l&#8217;UA, n&#8217;est pas (passez-moi ce jeu de mots) toute Blanche non plus, Pegasus, blanchiment de l&#8217;argent de la drogue (le Maroc est le 1er producteur mondial :\u00a0 o\u00f9 va tout cet argent ?), implication des services marocains derri\u00e8re les activit\u00e9s du Mujao, etc.<\/div>\n<div dir=\"auto\"><\/div>\n<div dir=\"auto\">Par ailleurs, le Maroc s&#8217;av\u00e8re un &#8220;partenaire&#8221; peu fiable, car il a, \u00e0 maintes reprises, exerc\u00e9 des pressions et des chantages (\u00e0 l&#8217;immigration, tentative d&#8217;invasion de l&#8217;\u00eele Persil, ou de l&#8217;Alg\u00e9rie en 1963,etc) \u00e0 chaque fois qu&#8217;il en a l&#8217;occasion. D&#8217;ailleurs, \u00e0 l&#8217;instar de son alter ego sioniste, il ne reconna\u00eet que les fronti\u00e8res issues de ses chim\u00e8res : le &#8220;Grand Maroc&#8221;, territoire englobant une partie de l&#8217;ouest alg\u00e9rien et malien, toute la Mauritanie, jusqu&#8217;au fleuve S\u00e9n\u00e9gal. Et c&#8217;est, semble-t-il, ce qui est enseign\u00e9 par l&#8217;\u00e9ducation nationale. Cet empire, fond\u00e9 par les Almoravides, serait donc marocain, combien m\u00eame ces derniers sont issus de tribus mauritaniennes, et par cons\u00e9quent, s&#8217;il devait y avoir une quelconque pr\u00e9tention \u00e0 ces territoires, elle devrait \u00eatre revendiqu\u00e9e logiquement par les Mauritaniens puisque ce peuple existe encore (ou me trompe-je) et non \u00e0 des usurpateurs de l&#8217;Histoire.<\/div>\n<div dir=\"auto\"><\/div>\n<div dir=\"auto\">Ainsi, un Sahara Occidental occup\u00e9 menace la stabilit\u00e9, nuit au d\u00e9veloppement de la r\u00e9gion et partant, celle de tout le continent. Tandis que l&#8217;ind\u00e9pendance de cet \u00c9tat renforcerait l&#8217;unit\u00e9 africaine et servirait de mani\u00e8re la prosp\u00e9rit\u00e9 des peuples de la r\u00e9gion et la paix du monde. En somme, son ind\u00e9pendance ne g\u00eanerait qu&#8217;une seule et unique entit\u00e9 : le Makhzen.<\/div>\n","protected":false},"excerpt":{"rendered":"<p>Quel triste sort que celui des Sahraouis tout de m\u00eame ! Apr\u00e8s avoir lutt\u00e9 tout au long de leur histoire contre toutes&hellip;<\/p>\n","protected":false},"author":1,"featured_media":66535,"comment_status":"open","ping_status":"open","sticky":false,"template":"","format":"standard","meta":{"_lmt_disableupdate":"","_lmt_disable":"","footnotes":""},"categories":[49],"tags":[],"class_list":["post-66533","post","type-post","status-publish","format-standard","has-post-thumbnail","hentry","category-politique"],"yoast_head":"<!-- This site is optimized with the Yoast SEO plugin v27.3 - https:\/\/yoast.com\/product\/yoast-seo-wordpress\/ -->\n<title>Le Sahara Occidental, paradoxe de l&#039;Union Africaine - AAH.JZR<\/title>\n<meta name=\"robots\" content=\"index, follow, max-snippet:-1, max-image-preview:large, max-video-preview:-1\" \/>\n<link rel=\"canonical\" href=\"https:\/\/jazairhope.org\/fr\/le-sahara-occidental-paradoxe-de-lunion-africaine\/\" \/>\n<meta property=\"og:locale\" content=\"fr_FR\" \/>\n<meta property=\"og:type\" content=\"article\" \/>\n<meta property=\"og:title\" content=\"Le Sahara Occidental, paradoxe de l&#039;Union Africaine - AAH.JZR\" \/>\n<meta property=\"og:description\" content=\"Quel triste sort que celui des Sahraouis tout de m\u00eame ! Apr\u00e8s avoir lutt\u00e9 tout au long de leur histoire contre toutes&hellip;\" \/>\n<meta property=\"og:url\" content=\"https:\/\/jazairhope.org\/fr\/le-sahara-occidental-paradoxe-de-lunion-africaine\/\" \/>\n<meta property=\"og:site_name\" content=\"AAH.JZR\" \/>\n<meta property=\"article:publisher\" content=\"https:\/\/www.facebook.com\/jazairhope\" \/>\n<meta property=\"article:published_time\" content=\"2022-12-28T23:05:03+00:00\" \/>\n<meta property=\"og:image\" content=\"https:\/\/jazairhope.org\/wp-content\/uploads\/2022\/12\/jh-75.jpg\" \/>\n\t<meta property=\"og:image:width\" content=\"1881\" \/>\n\t<meta property=\"og:image:height\" content=\"1058\" \/>\n\t<meta property=\"og:image:type\" content=\"image\/jpeg\" \/>\n<meta name=\"author\" content=\"Ssuperadmin\" \/>\n<meta name=\"twitter:card\" content=\"summary_large_image\" \/>\n<meta name=\"twitter:label1\" content=\"\u00c9crit par\" \/>\n\t<meta name=\"twitter:data1\" content=\"Ssuperadmin\" \/>\n\t<meta name=\"twitter:label2\" content=\"Dur\u00e9e de lecture estim\u00e9e\" \/>\n\t<meta name=\"twitter:data2\" content=\"5 minutes\" \/>\n<script type=\"application\/ld+json\" class=\"yoast-schema-graph\">{\"@context\":\"https:\\\/\\\/schema.org\",\"@graph\":[{\"@type\":\"Article\",\"@id\":\"https:\\\/\\\/jazairhope.org\\\/fr\\\/le-sahara-occidental-paradoxe-de-lunion-africaine\\\/#article\",\"isPartOf\":{\"@id\":\"https:\\\/\\\/jazairhope.org\\\/fr\\\/le-sahara-occidental-paradoxe-de-lunion-africaine\\\/\"},\"author\":{\"name\":\"Ssuperadmin\",\"@id\":\"https:\\\/\\\/jazairhope.org\\\/fr\\\/#\\\/schema\\\/person\\\/43650ebd889d8960700b5456ed9264c4\"},\"headline\":\"Le Sahara Occidental, paradoxe de l&#8217;Union Africaine\",\"datePublished\":\"2022-12-28T23:05:03+00:00\",\"mainEntityOfPage\":{\"@id\":\"https:\\\/\\\/jazairhope.org\\\/fr\\\/le-sahara-occidental-paradoxe-de-lunion-africaine\\\/\"},\"wordCount\":1170,\"commentCount\":0,\"image\":{\"@id\":\"https:\\\/\\\/jazairhope.org\\\/fr\\\/le-sahara-occidental-paradoxe-de-lunion-africaine\\\/#primaryimage\"},\"thumbnailUrl\":\"https:\\\/\\\/jazairhope.org\\\/wp-content\\\/uploads\\\/2022\\\/12\\\/jh-75.jpg\",\"articleSection\":[\"Politique\"],\"inLanguage\":\"fr-FR\",\"potentialAction\":[{\"@type\":\"CommentAction\",\"name\":\"Comment\",\"target\":[\"https:\\\/\\\/jazairhope.org\\\/fr\\\/le-sahara-occidental-paradoxe-de-lunion-africaine\\\/#respond\"]}]},{\"@type\":\"WebPage\",\"@id\":\"https:\\\/\\\/jazairhope.org\\\/fr\\\/le-sahara-occidental-paradoxe-de-lunion-africaine\\\/\",\"url\":\"https:\\\/\\\/jazairhope.org\\\/fr\\\/le-sahara-occidental-paradoxe-de-lunion-africaine\\\/\",\"name\":\"Le Sahara Occidental, paradoxe de l'Union Africaine - AAH.JZR\",\"isPartOf\":{\"@id\":\"https:\\\/\\\/jazairhope.org\\\/fr\\\/#website\"},\"primaryImageOfPage\":{\"@id\":\"https:\\\/\\\/jazairhope.org\\\/fr\\\/le-sahara-occidental-paradoxe-de-lunion-africaine\\\/#primaryimage\"},\"image\":{\"@id\":\"https:\\\/\\\/jazairhope.org\\\/fr\\\/le-sahara-occidental-paradoxe-de-lunion-africaine\\\/#primaryimage\"},\"thumbnailUrl\":\"https:\\\/\\\/jazairhope.org\\\/wp-content\\\/uploads\\\/2022\\\/12\\\/jh-75.jpg\",\"datePublished\":\"2022-12-28T23:05:03+00:00\",\"author\":{\"@id\":\"https:\\\/\\\/jazairhope.org\\\/fr\\\/#\\\/schema\\\/person\\\/43650ebd889d8960700b5456ed9264c4\"},\"breadcrumb\":{\"@id\":\"https:\\\/\\\/jazairhope.org\\\/fr\\\/le-sahara-occidental-paradoxe-de-lunion-africaine\\\/#breadcrumb\"},\"inLanguage\":\"fr-FR\",\"potentialAction\":[{\"@type\":\"ReadAction\",\"target\":[\"https:\\\/\\\/jazairhope.org\\\/fr\\\/le-sahara-occidental-paradoxe-de-lunion-africaine\\\/\"]}]},{\"@type\":\"ImageObject\",\"inLanguage\":\"fr-FR\",\"@id\":\"https:\\\/\\\/jazairhope.org\\\/fr\\\/le-sahara-occidental-paradoxe-de-lunion-africaine\\\/#primaryimage\",\"url\":\"https:\\\/\\\/jazairhope.org\\\/wp-content\\\/uploads\\\/2022\\\/12\\\/jh-75.jpg\",\"contentUrl\":\"https:\\\/\\\/jazairhope.org\\\/wp-content\\\/uploads\\\/2022\\\/12\\\/jh-75.jpg\",\"width\":1881,\"height\":1058},{\"@type\":\"BreadcrumbList\",\"@id\":\"https:\\\/\\\/jazairhope.org\\\/fr\\\/le-sahara-occidental-paradoxe-de-lunion-africaine\\\/#breadcrumb\",\"itemListElement\":[{\"@type\":\"ListItem\",\"position\":1,\"name\":\"Accueil\",\"item\":\"https:\\\/\\\/jazairhope.org\\\/fr\\\/\"},{\"@type\":\"ListItem\",\"position\":2,\"name\":\"Le Sahara Occidental, paradoxe de l&rsquo;Union Africaine\"}]},{\"@type\":\"WebSite\",\"@id\":\"https:\\\/\\\/jazairhope.org\\\/fr\\\/#website\",\"url\":\"https:\\\/\\\/jazairhope.org\\\/fr\\\/\",\"name\":\"AAH.JZR\",\"description\":\"Environment, Health, Science, Art, Economics\",\"potentialAction\":[{\"@type\":\"SearchAction\",\"target\":{\"@type\":\"EntryPoint\",\"urlTemplate\":\"https:\\\/\\\/jazairhope.org\\\/fr\\\/?s={search_term_string}\"},\"query-input\":{\"@type\":\"PropertyValueSpecification\",\"valueRequired\":true,\"valueName\":\"search_term_string\"}}],\"inLanguage\":\"fr-FR\"},{\"@type\":\"Person\",\"@id\":\"https:\\\/\\\/jazairhope.org\\\/fr\\\/#\\\/schema\\\/person\\\/43650ebd889d8960700b5456ed9264c4\",\"name\":\"Ssuperadmin\",\"image\":{\"@type\":\"ImageObject\",\"inLanguage\":\"fr-FR\",\"@id\":\"https:\\\/\\\/secure.gravatar.com\\\/avatar\\\/b4068e88b9c557952c81ca0efc4e11e19a2ed480173b8cef95a240894b16bf22?s=96&d=mm&r=g\",\"url\":\"https:\\\/\\\/secure.gravatar.com\\\/avatar\\\/b4068e88b9c557952c81ca0efc4e11e19a2ed480173b8cef95a240894b16bf22?s=96&d=mm&r=g\",\"contentUrl\":\"https:\\\/\\\/secure.gravatar.com\\\/avatar\\\/b4068e88b9c557952c81ca0efc4e11e19a2ed480173b8cef95a240894b16bf22?s=96&d=mm&r=g\",\"caption\":\"Ssuperadmin\"},\"sameAs\":[\"https:\\\/\\\/jazairhope.org\"],\"url\":\"https:\\\/\\\/jazairhope.org\\\/fr\\\/author\\\/superadmin\\\/\"}]}<\/script>\n<!-- \/ Yoast SEO plugin. -->","yoast_head_json":{"title":"Le Sahara Occidental, paradoxe de l'Union Africaine - AAH.JZR","robots":{"index":"index","follow":"follow","max-snippet":"max-snippet:-1","max-image-preview":"max-image-preview:large","max-video-preview":"max-video-preview:-1"},"canonical":"https:\/\/jazairhope.org\/fr\/le-sahara-occidental-paradoxe-de-lunion-africaine\/","og_locale":"fr_FR","og_type":"article","og_title":"Le Sahara Occidental, paradoxe de l'Union Africaine - AAH.JZR","og_description":"Quel triste sort que celui des Sahraouis tout de m\u00eame ! Apr\u00e8s avoir lutt\u00e9 tout au long de leur histoire contre toutes&hellip;","og_url":"https:\/\/jazairhope.org\/fr\/le-sahara-occidental-paradoxe-de-lunion-africaine\/","og_site_name":"AAH.JZR","article_publisher":"https:\/\/www.facebook.com\/jazairhope","article_published_time":"2022-12-28T23:05:03+00:00","og_image":[{"width":1881,"height":1058,"url":"https:\/\/jazairhope.org\/wp-content\/uploads\/2022\/12\/jh-75.jpg","type":"image\/jpeg"}],"author":"Ssuperadmin","twitter_card":"summary_large_image","twitter_misc":{"\u00c9crit par":"Ssuperadmin","Dur\u00e9e de lecture estim\u00e9e":"5 minutes"},"schema":{"@context":"https:\/\/schema.org","@graph":[{"@type":"Article","@id":"https:\/\/jazairhope.org\/fr\/le-sahara-occidental-paradoxe-de-lunion-africaine\/#article","isPartOf":{"@id":"https:\/\/jazairhope.org\/fr\/le-sahara-occidental-paradoxe-de-lunion-africaine\/"},"author":{"name":"Ssuperadmin","@id":"https:\/\/jazairhope.org\/fr\/#\/schema\/person\/43650ebd889d8960700b5456ed9264c4"},"headline":"Le Sahara Occidental, paradoxe de l&#8217;Union Africaine","datePublished":"2022-12-28T23:05:03+00:00","mainEntityOfPage":{"@id":"https:\/\/jazairhope.org\/fr\/le-sahara-occidental-paradoxe-de-lunion-africaine\/"},"wordCount":1170,"commentCount":0,"image":{"@id":"https:\/\/jazairhope.org\/fr\/le-sahara-occidental-paradoxe-de-lunion-africaine\/#primaryimage"},"thumbnailUrl":"https:\/\/jazairhope.org\/wp-content\/uploads\/2022\/12\/jh-75.jpg","articleSection":["Politique"],"inLanguage":"fr-FR","potentialAction":[{"@type":"CommentAction","name":"Comment","target":["https:\/\/jazairhope.org\/fr\/le-sahara-occidental-paradoxe-de-lunion-africaine\/#respond"]}]},{"@type":"WebPage","@id":"https:\/\/jazairhope.org\/fr\/le-sahara-occidental-paradoxe-de-lunion-africaine\/","url":"https:\/\/jazairhope.org\/fr\/le-sahara-occidental-paradoxe-de-lunion-africaine\/","name":"Le Sahara Occidental, paradoxe de l'Union Africaine - AAH.JZR","isPartOf":{"@id":"https:\/\/jazairhope.org\/fr\/#website"},"primaryImageOfPage":{"@id":"https:\/\/jazairhope.org\/fr\/le-sahara-occidental-paradoxe-de-lunion-africaine\/#primaryimage"},"image":{"@id":"https:\/\/jazairhope.org\/fr\/le-sahara-occidental-paradoxe-de-lunion-africaine\/#primaryimage"},"thumbnailUrl":"https:\/\/jazairhope.org\/wp-content\/uploads\/2022\/12\/jh-75.jpg","datePublished":"2022-12-28T23:05:03+00:00","author":{"@id":"https:\/\/jazairhope.org\/fr\/#\/schema\/person\/43650ebd889d8960700b5456ed9264c4"},"breadcrumb":{"@id":"https:\/\/jazairhope.org\/fr\/le-sahara-occidental-paradoxe-de-lunion-africaine\/#breadcrumb"},"inLanguage":"fr-FR","potentialAction":[{"@type":"ReadAction","target":["https:\/\/jazairhope.org\/fr\/le-sahara-occidental-paradoxe-de-lunion-africaine\/"]}]},{"@type":"ImageObject","inLanguage":"fr-FR","@id":"https:\/\/jazairhope.org\/fr\/le-sahara-occidental-paradoxe-de-lunion-africaine\/#primaryimage","url":"https:\/\/jazairhope.org\/wp-content\/uploads\/2022\/12\/jh-75.jpg","contentUrl":"https:\/\/jazairhope.org\/wp-content\/uploads\/2022\/12\/jh-75.jpg","width":1881,"height":1058},{"@type":"BreadcrumbList","@id":"https:\/\/jazairhope.org\/fr\/le-sahara-occidental-paradoxe-de-lunion-africaine\/#breadcrumb","itemListElement":[{"@type":"ListItem","position":1,"name":"Accueil","item":"https:\/\/jazairhope.org\/fr\/"},{"@type":"ListItem","position":2,"name":"Le Sahara Occidental, paradoxe de l&rsquo;Union Africaine"}]},{"@type":"WebSite","@id":"https:\/\/jazairhope.org\/fr\/#website","url":"https:\/\/jazairhope.org\/fr\/","name":"AAH.JZR","description":"Environment, Health, Science, Art, Economics","potentialAction":[{"@type":"SearchAction","target":{"@type":"EntryPoint","urlTemplate":"https:\/\/jazairhope.org\/fr\/?s={search_term_string}"},"query-input":{"@type":"PropertyValueSpecification","valueRequired":true,"valueName":"search_term_string"}}],"inLanguage":"fr-FR"},{"@type":"Person","@id":"https:\/\/jazairhope.org\/fr\/#\/schema\/person\/43650ebd889d8960700b5456ed9264c4","name":"Ssuperadmin","image":{"@type":"ImageObject","inLanguage":"fr-FR","@id":"https:\/\/secure.gravatar.com\/avatar\/b4068e88b9c557952c81ca0efc4e11e19a2ed480173b8cef95a240894b16bf22?s=96&d=mm&r=g","url":"https:\/\/secure.gravatar.com\/avatar\/b4068e88b9c557952c81ca0efc4e11e19a2ed480173b8cef95a240894b16bf22?s=96&d=mm&r=g","contentUrl":"https:\/\/secure.gravatar.com\/avatar\/b4068e88b9c557952c81ca0efc4e11e19a2ed480173b8cef95a240894b16bf22?s=96&d=mm&r=g","caption":"Ssuperadmin"},"sameAs":["https:\/\/jazairhope.org"],"url":"https:\/\/jazairhope.org\/fr\/author\/superadmin\/"}]}},"views":250,"_links":{"self":[{"href":"https:\/\/jazairhope.org\/fr\/wp-json\/wp\/v2\/posts\/66533","targetHints":{"allow":["GET"]}}],"collection":[{"href":"https:\/\/jazairhope.org\/fr\/wp-json\/wp\/v2\/posts"}],"about":[{"href":"https:\/\/jazairhope.org\/fr\/wp-json\/wp\/v2\/types\/post"}],"author":[{"embeddable":true,"href":"https:\/\/jazairhope.org\/fr\/wp-json\/wp\/v2\/users\/1"}],"replies":[{"embeddable":true,"href":"https:\/\/jazairhope.org\/fr\/wp-json\/wp\/v2\/comments?post=66533"}],"version-history":[{"count":0,"href":"https:\/\/jazairhope.org\/fr\/wp-json\/wp\/v2\/posts\/66533\/revisions"}],"wp:featuredmedia":[{"embeddable":true,"href":"https:\/\/jazairhope.org\/fr\/wp-json\/wp\/v2\/media\/66535"}],"wp:attachment":[{"href":"https:\/\/jazairhope.org\/fr\/wp-json\/wp\/v2\/media?parent=66533"}],"wp:term":[{"taxonomy":"category","embeddable":true,"href":"https:\/\/jazairhope.org\/fr\/wp-json\/wp\/v2\/categories?post=66533"},{"taxonomy":"post_tag","embeddable":true,"href":"https:\/\/jazairhope.org\/fr\/wp-json\/wp\/v2\/tags?post=66533"}],"curies":[{"name":"wp","href":"https:\/\/api.w.org\/{rel}","templated":true}]}}