{"id":66905,"date":"2023-01-03T11:34:55","date_gmt":"2023-01-03T10:34:55","guid":{"rendered":"https:\/\/jazairhope.org\/?p=66905"},"modified":"2023-01-02T20:37:34","modified_gmt":"2023-01-02T19:37:34","slug":"une-afrique-de-tous-les-possibles","status":"publish","type":"post","link":"https:\/\/jazairhope.org\/fr\/une-afrique-de-tous-les-possibles\/","title":{"rendered":"Une Afrique de tous les possibles"},"content":{"rendered":"<div class=\"mail-message-header spacer\"><\/div>\n<div class=\"mail-message-content collapsible zoom-normal mail-show-images \">\n<div class=\"clear\">\n<div dir=\"auto\">\n<div dir=\"auto\">Dans les ann\u00e9es 40, une s\u00e9rie d&#8217;exp\u00e9riences sur des groupes d&#8217;\u00e9tudiants noirs et des groupes d&#8217;\u00e9tudiants blancs a \u00e9t\u00e9 conduite par les psychologues Preston et Bayton, puis MacIntosh.<\/div>\n<div dir=\"auto\"><\/div>\n<div dir=\"auto\">Elle consistait \u00e0 soumettre \u00e0 l&#8217;un et l&#8217;autre groupe un probl\u00e8me auquel ils devaient proposer des solutions. On communiquait ensuite \u00e0 un groupe les pr\u00e9tendues r\u00e9sultats (donc fictifs) de l&#8217;autre groupe.<\/div>\n<div dir=\"auto\"><\/div>\n<div dir=\"auto\">Toutes les exp\u00e9riences men\u00e9es sur les diff\u00e9rents groupes test\u00e9s ont conduit au m\u00eame r\u00e9sultat : les sujets noirs consid\u00e9raient leurs travaux comme inf\u00e9rieurs \u00e0 ceux des blancs, tandis que ces derniers estimaient les leurs sup\u00e9rieurs.<\/div>\n<div dir=\"auto\"><\/div>\n<div dir=\"auto\">Ainsi est-ce ce m\u00eame complexe qui semble animer certains de nos concitoyens, par exemple, dans leur pr\u00e9f\u00e9rence des produits \u00e9trangers \u00e0 ceux fabriqu\u00e9s localement (m\u00e9dicaments de laboratoires \u00e9trangers plut\u00f4t que Saidal, pour le cas alg\u00e9rien par exemple, etc).<\/div>\n<div dir=\"auto\"><\/div>\n<div dir=\"auto\">Parmi les maux qui accablent nos nations, la colonisation mentale est sans doute la plus grande arme de destruction massive pour r\u00e9duire \u00e0 n\u00e9ant toute vell\u00e9it\u00e9 de d\u00e9veloppement du continent. Et celui-ci \u00e9tant le moins avanc\u00e9 du globe, il n&#8217;y a pas loin \u00e0 consid\u00e9rer ce complexe comme un syndrome africain.<\/div>\n<div dir=\"auto\"><\/div>\n<div dir=\"auto\">Or dans ce monde despiritualis\u00e9, mat\u00e9rialiste o\u00f9 l&#8217;homme ne vaut que par ce qu&#8217;il poss\u00e8de, les d\u00e9munis sont m\u00e9pris\u00e9s. Ce que l&#8217;on prend alors pour du racisme n&#8217;est autre que le rejet d&#8217;un certain type de population repr\u00e9sentant l&#8217;\u00e9chec de la soci\u00e9t\u00e9.<\/div>\n<div dir=\"auto\"><\/div>\n<div dir=\"auto\">Les \u00e9mirs du golfe ou les stars noires am\u00e9ricaines, pour lesquels on d\u00e9roule le tapis rouge partout dans le monde, ne sont pas repr\u00e9sentatifs des groupes auxquels ils appartiennent. Le noir et l&#8217;arabe moyen continueront \u00e0 tenir le bas du pav\u00e9 tant qu&#8217;il se verront \u00e0 travers les yeux des occidentaux.<\/div>\n<div dir=\"auto\"><\/div>\n<div dir=\"auto\">Le &#8220;racisme&#8221; est donc d&#8217;essence sociale ou de classe. Les ressortissants des pays de l&#8217;est (Roumanie, Moldavie, etc), pourtant europ\u00e9ens et blancs ne semblent pas avoir bonne presse aupr\u00e8s des opinions publiques occidentales.<\/div>\n<div dir=\"auto\"><\/div>\n<div dir=\"auto\">Toutefois s&#8217;il est au moins une le\u00e7on que\u00a0 notre histoire nous a enseign\u00e9e, notamment nos mouvements de lib\u00e9ration, c&#8217;est qu&#8217;il n&#8217;y a pas de fatalit\u00e9, et qu&#8217;il n&#8217;existe aucune condition immuable, aucune difficult\u00e9 qu&#8217;un peuple uni, d\u00e9termin\u00e9 et ayant foi en sa cause ne puisse surmonter.<\/div>\n<div dir=\"auto\"><\/div>\n<div dir=\"auto\">D&#8217;ailleurs notre histoire a connu de grandes civilisations : l&#8217;\u00c9gypte pharaonique, l&#8217;empire du Ghana, du Mali ou le rayonnement des centres scientifiques et culturels du Maghreb au Moyen Age. Il appartient \u00e0 nos \u00e9lites de r\u00e9habiliter cette histoire, de l&#8217;enseigner \u00e0 notre jeunesse et de lui faire confiance pour refonder un nouveau mod\u00e8le de d\u00e9veloppement et un syst\u00e8me social issus des valeurs, des traditions et des cultures africaines. Nos h\u00e9ros, nos penseurs et hommes de lettres, symboles panafricains (Lumumba, Sankara, Boumedi\u00e8ne, etc), et autres artisans de nos luttes d&#8217;ind\u00e9pendance, doivent, de la m\u00eame mani\u00e8re, figurer en bonne place dans les manuels scolaires de tous les pays de l&#8217;Union.<\/div>\n<div dir=\"auto\"><\/div>\n<div dir=\"auto\">Or celle-ci, pour peser dans les relations internationales, n&#8217;a d&#8217;autre option que d&#8217;afficher une unit\u00e9 sans faille pour la d\u00e9fense de ses int\u00e9r\u00eats.\u00a0Une des priorit\u00e9s des membres sera donc de neutralier les &#8220;\u00c9tats-chevaux-de-Troie&#8221; de l&#8217;imp\u00e9rialisme et proscrire les discours semant la discorde et la division au sein de l&#8217;Union. Il faut garder \u00e0 l&#8217;esprit que les \u00e9tats n\u00e9ocoloniaux mettront tout en oeuvre pour que cette force africaine ne voie jamais le jour, et qu&#8217;ils ne sont pas \u00e9trangers \u00e0 ces machinations.<\/div>\n<div dir=\"auto\"><\/div>\n<div dir=\"auto\">La coop\u00e9ration du Mali et de l&#8217;Alg\u00e9rie, par exemple, qui repr\u00e9sente la plus grande menace pour les int\u00e9r\u00eats de certaines puissances occidentales, ne conna\u00eetra pas un moment de r\u00e9pit. D&#8217;ores et d\u00e9j\u00e0, l&#8217;accord d&#8217;Alger subit des attaques et des critiques infond\u00e9es, combien m\u00eame il a permis de r\u00e9unir autour d&#8217;une table les diff\u00e9rents groupes bellig\u00e9rants et nonobstant l&#8217;engagement personnel du pr\u00e9sident de la r\u00e9publique alg\u00e9rienne quant \u00e0 l&#8217;int\u00e9grit\u00e9 territoriale du Mali (qui du reste, rappelons-le, est dans l&#8217;int\u00e9r\u00eat de l&#8217;Alg\u00e9rie \u00e0 plus d&#8217;un titre).<\/div>\n<div dir=\"auto\"><\/div>\n<div dir=\"auto\">D&#8217;aucuns v\u00e9hiculent des discours racialistes pr\u00e9tendant essentialiser des peuples entiers et les pr\u00e9senter comme intrins\u00e8quement racistes, quand d&#8217;autres veulent exhumer un pass\u00e9 esclavagiste, oubliant d&#8217;une part que des empires, tel celui du Mali ou encore l&#8217;empire mauritanien des Almoravides qui s&#8217;\u00e9tendait du S\u00e9n\u00e9gal \u00e0 l&#8217;Espagne, sont n\u00e9s et ont connu leur essor de l&#8217;interaction avec l&#8217;islam et les Arabes.<\/div>\n<div dir=\"auto\"><\/div>\n<div dir=\"auto\">D&#8217;ailleurs, l&#8217;islam s&#8217;\u00e9tant tr\u00e8s vite propag\u00e9 en Afrique subsaharienne, les corsaires (essentiellement Alg\u00e9riens, il faut le reconna\u00eetre) partirent razzier les contr\u00e9es europ\u00e9ennes jusqu&#8217;aux c\u00f4tes scandinaves car non musulmanes, d&#8217;o\u00f9 les individus \u00e0 peau blanche et chevelure blonde ou rousse (pour ceux dont les anc\u00eatres ont \u00e9t\u00e9 razzi\u00e9s en territoire \u00e9cossais par exemple), que l&#8217;on retrouve dans certaines r\u00e9gions du nord de\u00a0 l&#8217;Alg\u00e9rie.<\/div>\n<div dir=\"auto\"><\/div>\n<div dir=\"auto\">Certains auteurs recensent \u00e0 plus d&#8217;un million de personnes cette traite d&#8217;esclaves blancs durant la p\u00e9riode musulmane, mais il est probable que ce chiffre soit bien plus \u00e9lev\u00e9. D&#8217;autres historiens croient voir dans ce type de trafic un int\u00e9r\u00eat particulier des marchands arabes pour les esclaves \u00e0 peau blanche.<\/div>\n<div dir=\"auto\"><\/div>\n<div dir=\"auto\">En r\u00e9alit\u00e9, il est bien plus plausible que l&#8217;on ait interpr\u00e9t\u00e9 la d\u00e9claration suivante du 2\u00e8me calife de l&#8217;Islam, Omar ibn al-Khattab (584-644), soit la plus haute autorit\u00e9 de l&#8217;Islam, comme une interdiction de l&#8217;esclavage :\u00a0 \u00ab Depuis quand vous attribuez-vous le droit de r\u00e9duire en esclavage des hommes, alors que leur m\u00e8re les a engendr\u00e9s libres ? \u00bb. Celui-ci s&#8217;inspirait du verset coranique (sourate 49, verset 13) :\u00a0\u00ab \u00f4 hommes ! Nous vous avons cr\u00e9\u00e9s d\u2019un m\u00e2le et d\u2019une femelle, et Nous avons fait de vous des nations et des tribus afin que vous vous entre-connaissiez. Le plus noble d\u2019entre vous aupr\u00e8s d\u2019Allah est le plus pieux. Allah est certes Omniscient et Grand-Connaisseur \u00bb<\/div>\n<div dir=\"auto\">\n<div dir=\"auto\"><\/div>\n<\/div>\n<div dir=\"auto\">Bien entendu, les marchands arabes en firent une autre interpr\u00e9tation et se lanc\u00e8rent au commerce des esclaves non musulmans, essentiellement europ\u00e9ens. Ainsi certaines voix, constatant qu&#8217;il n&#8217;existe que tr\u00e8s peu d&#8217;individus noirs dans les r\u00e9gions septentrionales de l&#8217;Afrique du Nord (il y a des populations noires, notamment au centre et au sud de l&#8217;Alg\u00e9rie par exemple), ont \u00e9chafaud\u00e9 des th\u00e9ories farfelues de castrations de masse et syst\u00e9matiques des esclaves noirs.<\/div>\n<div dir=\"auto\"><\/div>\n<div dir=\"auto\">Or d\u00e9barrass\u00e9e des 5\u00e8me colonnes ainsi que de ces discours haineux visant le s\u00e9paratisme entre peuples fr\u00e8res et voisins, l&#8217;Union Africaine sera plus \u00e0 m\u00eame de mettre en commun tous les moyens dont elle dispose pour \u00e9tablir des accords et des partenariats entre les \u00e9tats membres \u00e0 leurs plus grands b\u00e9n\u00e9fices.<\/div>\n<div dir=\"auto\"><\/div>\n<div dir=\"auto\">Les domaines de coop\u00e9ration sont innombrables, notamment dans les infrastructures (routes, ponts, tunnels, chemins de fer, a\u00e9roports, ports, centrales \u00e9lectriques, stations d&#8217;\u00e9puration, de dessalement, etc). Chaque \u00c9tat de l&#8217;Union a des comp\u00e9tences dans chacun de ces secteurs, il suffit de les mettre en commun pour r\u00e9aliser les projets prioritaires. Et pourquoi pas cr\u00e9er une entreprise africaine, filiale de grandes soci\u00e9t\u00e9s nationales.<\/div>\n<div dir=\"auto\"><\/div>\n<div dir=\"auto\">A cet effet, il s&#8217;agira de sp\u00e9cialiser une banque africaine dans ce type d&#8217;investissement et, l&#8217;Afrique \u00e9tant un continent riche, le remboursement ne devrait pas poser probl\u00e8me. Il s&#8217;agira d&#8217;adosser cette banque \u00e0 une &#8220;bourse africaine&#8221; des mati\u00e8res premi\u00e8res o\u00f9 l&#8217;UA pourra n\u00e9gocier les prix, une sorte &#8220;d&#8217;OPEP des ressources naturelles&#8221; pour que les prix restent stables. Ainsi, cette institution permettra d&#8217;accompagner le d\u00e9veloppement de certaines r\u00e9gions accusant de graves d\u00e9ficits, qualifi\u00e9es de zones d&#8217;ombre par les officiels alg\u00e9riens.<\/div>\n<div dir=\"auto\"><\/div>\n<div dir=\"auto\">Pour ce qui est des travailleurs clandestins, il s&#8217;agira, \u00e9tant donn\u00e9 l&#8217;immensit\u00e9 de la t\u00e2che \u00e0 accomplir pour le d\u00e9veloppement du continent, de les r\u00e9gulariser et d&#8217;octroyer des certificats de travail temporaire, renouvelables, en association avec les ambassades et consulats des pays respectifs. Un bureau, au sein de ces institutions, pourrait \u00eatre ouvert pour orienter les travailleurs vers les pays demandeurs, par exemple. Ceci permettrait d&#8217;une part d&#8217;\u00e9viter que les travailleurs au noir soient exploit\u00e9s et donc de pr\u00e9server leur dignit\u00e9 et d&#8217;autres part ils pourraient b\u00e9n\u00e9ficier d&#8217;une couverture sociale en cas d&#8217;accident. Celle-ci devra \u00eatre assur\u00e9e par le pays h\u00f4te en collaboration avec les pays d&#8217;origine et avec l&#8217;aide d&#8217;institutions africaines qui devront \u00eatre cr\u00e9\u00e9es pour la surveillance et le contr\u00f4le des conditions de travail et d&#8217;accueil des diff\u00e9rents ressortissants.<\/div>\n<div dir=\"auto\"><\/div>\n<div dir=\"auto\">L&#8217;argent \u00e9tant le fuel de l&#8217;\u00e9conomie et de son d\u00e9veloppement, une banque sp\u00e9cialis\u00e9e dans les prises de participation ou de rachat de soci\u00e9t\u00e9s occidentales devra voir le jour assez rapidement, notamment dans le contexte actuel, o\u00f9 un grand nombre de ces soci\u00e9t\u00e9s se trouve en difficult\u00e9.<\/div>\n<div dir=\"auto\"><\/div>\n<div dir=\"auto\">La sant\u00e9 rev\u00eat \u00e9galement un caract\u00e8re d&#8217;une extr\u00eame importance notamment au regard de la crise de pand\u00e9mie de covid que le monde a connue. Concernant ce volet, l&#8217;UA doit adopter une politique commune pour la surveillance, la pr\u00e9vention, le contr\u00f4le et l&#8217;\u00e9radication de certains maladies\u00a0 (chroniques, et autres) et pour lutter efficacement contre les \u00e9pid\u00e9mies. Il s&#8217;agira pour l&#8217;organisation africaine :<\/div>\n<div dir=\"auto\">&#8211; de cr\u00e9er ou d&#8217;aider \u00e0 la cr\u00e9ation de laboratoires de recherche, de bourses pour la formation des personnels m\u00e9dicaux,<\/div>\n<div dir=\"auto\">&#8211; de favoriser la coop\u00e9ration pour le transfert des cas complexes qui ne peuvent \u00eatre pris en charge localement,<\/div>\n<div dir=\"auto\">&#8211; \u00e9tablir une cartographie sanitaire pour identifier les r\u00e9gions d\u00e9pourvues de couverture sanitaire et leurs besoins (en m\u00e9dicaments, appareils et personnels de sant\u00e9, etc),<\/div>\n<div dir=\"auto\">&#8211; cr\u00e9er une agence ou centrale des m\u00e9dicaments pour l&#8217;approvisionnement des r\u00e9gions d\u00e9munies ou ayant subi des crises sanitaires.<\/div>\n<div dir=\"auto\"><\/div>\n<div dir=\"auto\">Dans le registre s\u00e9curit\u00e9 alimentaire, le continent dispose de vastes \u00e9tendues et de divers climats lui permettant d&#8217;assurer un approvisionnement en quantit\u00e9 suffisante pour l&#8217;ensemble de ses populations et au-del\u00e0. Il s&#8217;agira toutefois :<\/div>\n<div dir=\"auto\">&#8211; d&#8217;\u00e9tablir des normes (pesticides, engrais, etc) pour pr\u00e9server la sant\u00e9 des Africains<\/div>\n<div dir=\"auto\">&#8211; cr\u00e9er une agence pour la pr\u00e9vention des risques environnementaux, et des bourses pour la formation des personnels de contr\u00f4le, etc<\/div>\n<div dir=\"auto\"><\/div>\n<div dir=\"auto\">La recherche spatiale est un autre secteur strat\u00e9gique \u00e0 d\u00e9velopper. Primordiale \u00e0 plus d&#8217;un titre, elle repr\u00e9sente un levier de croissance important au regard de ses diverses applications et de ses consid\u00e9rables retomb\u00e9es. Symboles de r\u00e9ussite technologique et scientifique, la conception et le lancement de satellites (de communication, de recherche) par les comp\u00e9tences africaines permettront de cr\u00e9er un syst\u00e8me de radionavigation et de g\u00e9olocalisation (un GPS africain) afin d&#8217;assurer l&#8217;ind\u00e9pendance de l&#8217;UA dans le domaine de la communication et d&#8217;am\u00e9liorer la connectivit\u00e9 du continent. Le ciel africain doit \u00e9galement revenir en priorit\u00e9 aux chercheurs africains. Ainsi un r\u00e9seau africain constitu\u00e9 de laboratoires de recherche spatiale et d&#8217;observatoires astronomiques devra voir le jour.<\/div>\n<div dir=\"auto\"><\/div>\n<div dir=\"auto\">Il y a bien d&#8217;autres domaines de coop\u00e9ration que les &#8220;\u00c9tats-Unis d&#8217;Afrique&#8221; peuvent explorer et d\u00e9velopper. La coop\u00e9ration culturelle, au vu des diversit\u00e9s et de l&#8217;immensit\u00e9 du continent, offre par exemple d&#8217;extraordinaires opportunit\u00e9s aux artistes de tous nos pays \u00e0 l&#8217;occasion de festivals de musiques africaines (folklores, musiques modernes, etc), de cin\u00e9ma, th\u00e9\u00e2tre, litt\u00e9rature, etc.<\/div>\n<div dir=\"auto\"><\/div>\n<div dir=\"auto\">Ainsi ce renouveau africain, au lieu que nous avons \u00e9t\u00e9 jusqu&#8217;ici la 5\u00e8me roue du carrosse et \u00e0 la tra\u00eene du d\u00e9veloppement, fera de notre continent une force de proposition dans l&#8217;av\u00e8nement de ce monde multipolaire qui se dessine et un des leaders.<\/div>\n<\/div>\n<\/div>\n<\/div>\n","protected":false},"excerpt":{"rendered":"<p>Dans les ann\u00e9es 40, une s\u00e9rie d&#8217;exp\u00e9riences sur des groupes d&#8217;\u00e9tudiants noirs et des groupes d&#8217;\u00e9tudiants blancs a \u00e9t\u00e9 conduite par les&hellip;<\/p>\n","protected":false},"author":1,"featured_media":66926,"comment_status":"open","ping_status":"open","sticky":false,"template":"","format":"standard","meta":{"_lmt_disableupdate":"","_lmt_disable":"","footnotes":""},"categories":[49],"tags":[],"class_list":["post-66905","post","type-post","status-publish","format-standard","has-post-thumbnail","hentry","category-politique"],"yoast_head":"<!-- This site is optimized with the Yoast SEO plugin v27.3 - https:\/\/yoast.com\/product\/yoast-seo-wordpress\/ -->\n<title>Une Afrique de tous les possibles - AAH.JZR<\/title>\n<meta name=\"robots\" content=\"index, follow, max-snippet:-1, max-image-preview:large, max-video-preview:-1\" \/>\n<link rel=\"canonical\" href=\"https:\/\/jazairhope.org\/fr\/une-afrique-de-tous-les-possibles\/\" \/>\n<meta property=\"og:locale\" content=\"fr_FR\" \/>\n<meta property=\"og:type\" content=\"article\" \/>\n<meta property=\"og:title\" content=\"Une Afrique de tous les possibles - AAH.JZR\" \/>\n<meta property=\"og:description\" content=\"Dans les ann\u00e9es 40, une s\u00e9rie d&#8217;exp\u00e9riences sur des groupes d&#8217;\u00e9tudiants noirs et des groupes d&#8217;\u00e9tudiants blancs a \u00e9t\u00e9 conduite par les&hellip;\" \/>\n<meta property=\"og:url\" content=\"https:\/\/jazairhope.org\/fr\/une-afrique-de-tous-les-possibles\/\" \/>\n<meta property=\"og:site_name\" content=\"AAH.JZR\" \/>\n<meta property=\"article:publisher\" content=\"https:\/\/www.facebook.com\/jazairhope\" \/>\n<meta property=\"article:published_time\" content=\"2023-01-03T10:34:55+00:00\" \/>\n<meta property=\"og:image\" content=\"https:\/\/jazairhope.org\/wp-content\/uploads\/2023\/01\/Africa_orthographic_projection.svg.png\" \/>\n\t<meta property=\"og:image:width\" content=\"1200\" \/>\n\t<meta property=\"og:image:height\" content=\"1200\" \/>\n\t<meta property=\"og:image:type\" content=\"image\/png\" \/>\n<meta name=\"author\" content=\"Ssuperadmin\" \/>\n<meta name=\"twitter:card\" content=\"summary_large_image\" \/>\n<meta name=\"twitter:label1\" content=\"\u00c9crit par\" \/>\n\t<meta name=\"twitter:data1\" content=\"Ssuperadmin\" \/>\n\t<meta name=\"twitter:label2\" content=\"Dur\u00e9e de lecture estim\u00e9e\" \/>\n\t<meta name=\"twitter:data2\" content=\"10 minutes\" \/>\n<script type=\"application\/ld+json\" class=\"yoast-schema-graph\">{\"@context\":\"https:\\\/\\\/schema.org\",\"@graph\":[{\"@type\":\"Article\",\"@id\":\"https:\\\/\\\/jazairhope.org\\\/fr\\\/une-afrique-de-tous-les-possibles\\\/#article\",\"isPartOf\":{\"@id\":\"https:\\\/\\\/jazairhope.org\\\/fr\\\/une-afrique-de-tous-les-possibles\\\/\"},\"author\":{\"name\":\"Ssuperadmin\",\"@id\":\"https:\\\/\\\/jazairhope.org\\\/fr\\\/#\\\/schema\\\/person\\\/43650ebd889d8960700b5456ed9264c4\"},\"headline\":\"Une Afrique de tous les possibles\",\"datePublished\":\"2023-01-03T10:34:55+00:00\",\"mainEntityOfPage\":{\"@id\":\"https:\\\/\\\/jazairhope.org\\\/fr\\\/une-afrique-de-tous-les-possibles\\\/\"},\"wordCount\":2070,\"commentCount\":1,\"image\":{\"@id\":\"https:\\\/\\\/jazairhope.org\\\/fr\\\/une-afrique-de-tous-les-possibles\\\/#primaryimage\"},\"thumbnailUrl\":\"https:\\\/\\\/jazairhope.org\\\/wp-content\\\/uploads\\\/2023\\\/01\\\/Africa_orthographic_projection.svg.png\",\"articleSection\":[\"Politique\"],\"inLanguage\":\"fr-FR\",\"potentialAction\":[{\"@type\":\"CommentAction\",\"name\":\"Comment\",\"target\":[\"https:\\\/\\\/jazairhope.org\\\/fr\\\/une-afrique-de-tous-les-possibles\\\/#respond\"]}]},{\"@type\":\"WebPage\",\"@id\":\"https:\\\/\\\/jazairhope.org\\\/fr\\\/une-afrique-de-tous-les-possibles\\\/\",\"url\":\"https:\\\/\\\/jazairhope.org\\\/fr\\\/une-afrique-de-tous-les-possibles\\\/\",\"name\":\"Une Afrique de tous les possibles - AAH.JZR\",\"isPartOf\":{\"@id\":\"https:\\\/\\\/jazairhope.org\\\/fr\\\/#website\"},\"primaryImageOfPage\":{\"@id\":\"https:\\\/\\\/jazairhope.org\\\/fr\\\/une-afrique-de-tous-les-possibles\\\/#primaryimage\"},\"image\":{\"@id\":\"https:\\\/\\\/jazairhope.org\\\/fr\\\/une-afrique-de-tous-les-possibles\\\/#primaryimage\"},\"thumbnailUrl\":\"https:\\\/\\\/jazairhope.org\\\/wp-content\\\/uploads\\\/2023\\\/01\\\/Africa_orthographic_projection.svg.png\",\"datePublished\":\"2023-01-03T10:34:55+00:00\",\"author\":{\"@id\":\"https:\\\/\\\/jazairhope.org\\\/fr\\\/#\\\/schema\\\/person\\\/43650ebd889d8960700b5456ed9264c4\"},\"breadcrumb\":{\"@id\":\"https:\\\/\\\/jazairhope.org\\\/fr\\\/une-afrique-de-tous-les-possibles\\\/#breadcrumb\"},\"inLanguage\":\"fr-FR\",\"potentialAction\":[{\"@type\":\"ReadAction\",\"target\":[\"https:\\\/\\\/jazairhope.org\\\/fr\\\/une-afrique-de-tous-les-possibles\\\/\"]}]},{\"@type\":\"ImageObject\",\"inLanguage\":\"fr-FR\",\"@id\":\"https:\\\/\\\/jazairhope.org\\\/fr\\\/une-afrique-de-tous-les-possibles\\\/#primaryimage\",\"url\":\"https:\\\/\\\/jazairhope.org\\\/wp-content\\\/uploads\\\/2023\\\/01\\\/Africa_orthographic_projection.svg.png\",\"contentUrl\":\"https:\\\/\\\/jazairhope.org\\\/wp-content\\\/uploads\\\/2023\\\/01\\\/Africa_orthographic_projection.svg.png\",\"width\":1200,\"height\":1200},{\"@type\":\"BreadcrumbList\",\"@id\":\"https:\\\/\\\/jazairhope.org\\\/fr\\\/une-afrique-de-tous-les-possibles\\\/#breadcrumb\",\"itemListElement\":[{\"@type\":\"ListItem\",\"position\":1,\"name\":\"Accueil\",\"item\":\"https:\\\/\\\/jazairhope.org\\\/fr\\\/\"},{\"@type\":\"ListItem\",\"position\":2,\"name\":\"Une Afrique de tous les possibles\"}]},{\"@type\":\"WebSite\",\"@id\":\"https:\\\/\\\/jazairhope.org\\\/fr\\\/#website\",\"url\":\"https:\\\/\\\/jazairhope.org\\\/fr\\\/\",\"name\":\"AAH.JZR\",\"description\":\"Environment, Health, Science, Art, Economics\",\"potentialAction\":[{\"@type\":\"SearchAction\",\"target\":{\"@type\":\"EntryPoint\",\"urlTemplate\":\"https:\\\/\\\/jazairhope.org\\\/fr\\\/?s={search_term_string}\"},\"query-input\":{\"@type\":\"PropertyValueSpecification\",\"valueRequired\":true,\"valueName\":\"search_term_string\"}}],\"inLanguage\":\"fr-FR\"},{\"@type\":\"Person\",\"@id\":\"https:\\\/\\\/jazairhope.org\\\/fr\\\/#\\\/schema\\\/person\\\/43650ebd889d8960700b5456ed9264c4\",\"name\":\"Ssuperadmin\",\"image\":{\"@type\":\"ImageObject\",\"inLanguage\":\"fr-FR\",\"@id\":\"https:\\\/\\\/secure.gravatar.com\\\/avatar\\\/b4068e88b9c557952c81ca0efc4e11e19a2ed480173b8cef95a240894b16bf22?s=96&d=mm&r=g\",\"url\":\"https:\\\/\\\/secure.gravatar.com\\\/avatar\\\/b4068e88b9c557952c81ca0efc4e11e19a2ed480173b8cef95a240894b16bf22?s=96&d=mm&r=g\",\"contentUrl\":\"https:\\\/\\\/secure.gravatar.com\\\/avatar\\\/b4068e88b9c557952c81ca0efc4e11e19a2ed480173b8cef95a240894b16bf22?s=96&d=mm&r=g\",\"caption\":\"Ssuperadmin\"},\"sameAs\":[\"https:\\\/\\\/jazairhope.org\"],\"url\":\"https:\\\/\\\/jazairhope.org\\\/fr\\\/author\\\/superadmin\\\/\"}]}<\/script>\n<!-- \/ Yoast SEO plugin. -->","yoast_head_json":{"title":"Une Afrique de tous les possibles - AAH.JZR","robots":{"index":"index","follow":"follow","max-snippet":"max-snippet:-1","max-image-preview":"max-image-preview:large","max-video-preview":"max-video-preview:-1"},"canonical":"https:\/\/jazairhope.org\/fr\/une-afrique-de-tous-les-possibles\/","og_locale":"fr_FR","og_type":"article","og_title":"Une Afrique de tous les possibles - AAH.JZR","og_description":"Dans les ann\u00e9es 40, une s\u00e9rie d&#8217;exp\u00e9riences sur des groupes d&#8217;\u00e9tudiants noirs et des groupes d&#8217;\u00e9tudiants blancs a \u00e9t\u00e9 conduite par les&hellip;","og_url":"https:\/\/jazairhope.org\/fr\/une-afrique-de-tous-les-possibles\/","og_site_name":"AAH.JZR","article_publisher":"https:\/\/www.facebook.com\/jazairhope","article_published_time":"2023-01-03T10:34:55+00:00","og_image":[{"width":1200,"height":1200,"url":"https:\/\/jazairhope.org\/wp-content\/uploads\/2023\/01\/Africa_orthographic_projection.svg.png","type":"image\/png"}],"author":"Ssuperadmin","twitter_card":"summary_large_image","twitter_misc":{"\u00c9crit par":"Ssuperadmin","Dur\u00e9e de lecture estim\u00e9e":"10 minutes"},"schema":{"@context":"https:\/\/schema.org","@graph":[{"@type":"Article","@id":"https:\/\/jazairhope.org\/fr\/une-afrique-de-tous-les-possibles\/#article","isPartOf":{"@id":"https:\/\/jazairhope.org\/fr\/une-afrique-de-tous-les-possibles\/"},"author":{"name":"Ssuperadmin","@id":"https:\/\/jazairhope.org\/fr\/#\/schema\/person\/43650ebd889d8960700b5456ed9264c4"},"headline":"Une Afrique de tous les possibles","datePublished":"2023-01-03T10:34:55+00:00","mainEntityOfPage":{"@id":"https:\/\/jazairhope.org\/fr\/une-afrique-de-tous-les-possibles\/"},"wordCount":2070,"commentCount":1,"image":{"@id":"https:\/\/jazairhope.org\/fr\/une-afrique-de-tous-les-possibles\/#primaryimage"},"thumbnailUrl":"https:\/\/jazairhope.org\/wp-content\/uploads\/2023\/01\/Africa_orthographic_projection.svg.png","articleSection":["Politique"],"inLanguage":"fr-FR","potentialAction":[{"@type":"CommentAction","name":"Comment","target":["https:\/\/jazairhope.org\/fr\/une-afrique-de-tous-les-possibles\/#respond"]}]},{"@type":"WebPage","@id":"https:\/\/jazairhope.org\/fr\/une-afrique-de-tous-les-possibles\/","url":"https:\/\/jazairhope.org\/fr\/une-afrique-de-tous-les-possibles\/","name":"Une Afrique de tous les possibles - AAH.JZR","isPartOf":{"@id":"https:\/\/jazairhope.org\/fr\/#website"},"primaryImageOfPage":{"@id":"https:\/\/jazairhope.org\/fr\/une-afrique-de-tous-les-possibles\/#primaryimage"},"image":{"@id":"https:\/\/jazairhope.org\/fr\/une-afrique-de-tous-les-possibles\/#primaryimage"},"thumbnailUrl":"https:\/\/jazairhope.org\/wp-content\/uploads\/2023\/01\/Africa_orthographic_projection.svg.png","datePublished":"2023-01-03T10:34:55+00:00","author":{"@id":"https:\/\/jazairhope.org\/fr\/#\/schema\/person\/43650ebd889d8960700b5456ed9264c4"},"breadcrumb":{"@id":"https:\/\/jazairhope.org\/fr\/une-afrique-de-tous-les-possibles\/#breadcrumb"},"inLanguage":"fr-FR","potentialAction":[{"@type":"ReadAction","target":["https:\/\/jazairhope.org\/fr\/une-afrique-de-tous-les-possibles\/"]}]},{"@type":"ImageObject","inLanguage":"fr-FR","@id":"https:\/\/jazairhope.org\/fr\/une-afrique-de-tous-les-possibles\/#primaryimage","url":"https:\/\/jazairhope.org\/wp-content\/uploads\/2023\/01\/Africa_orthographic_projection.svg.png","contentUrl":"https:\/\/jazairhope.org\/wp-content\/uploads\/2023\/01\/Africa_orthographic_projection.svg.png","width":1200,"height":1200},{"@type":"BreadcrumbList","@id":"https:\/\/jazairhope.org\/fr\/une-afrique-de-tous-les-possibles\/#breadcrumb","itemListElement":[{"@type":"ListItem","position":1,"name":"Accueil","item":"https:\/\/jazairhope.org\/fr\/"},{"@type":"ListItem","position":2,"name":"Une Afrique de tous les possibles"}]},{"@type":"WebSite","@id":"https:\/\/jazairhope.org\/fr\/#website","url":"https:\/\/jazairhope.org\/fr\/","name":"AAH.JZR","description":"Environment, Health, Science, Art, Economics","potentialAction":[{"@type":"SearchAction","target":{"@type":"EntryPoint","urlTemplate":"https:\/\/jazairhope.org\/fr\/?s={search_term_string}"},"query-input":{"@type":"PropertyValueSpecification","valueRequired":true,"valueName":"search_term_string"}}],"inLanguage":"fr-FR"},{"@type":"Person","@id":"https:\/\/jazairhope.org\/fr\/#\/schema\/person\/43650ebd889d8960700b5456ed9264c4","name":"Ssuperadmin","image":{"@type":"ImageObject","inLanguage":"fr-FR","@id":"https:\/\/secure.gravatar.com\/avatar\/b4068e88b9c557952c81ca0efc4e11e19a2ed480173b8cef95a240894b16bf22?s=96&d=mm&r=g","url":"https:\/\/secure.gravatar.com\/avatar\/b4068e88b9c557952c81ca0efc4e11e19a2ed480173b8cef95a240894b16bf22?s=96&d=mm&r=g","contentUrl":"https:\/\/secure.gravatar.com\/avatar\/b4068e88b9c557952c81ca0efc4e11e19a2ed480173b8cef95a240894b16bf22?s=96&d=mm&r=g","caption":"Ssuperadmin"},"sameAs":["https:\/\/jazairhope.org"],"url":"https:\/\/jazairhope.org\/fr\/author\/superadmin\/"}]}},"views":263,"_links":{"self":[{"href":"https:\/\/jazairhope.org\/fr\/wp-json\/wp\/v2\/posts\/66905","targetHints":{"allow":["GET"]}}],"collection":[{"href":"https:\/\/jazairhope.org\/fr\/wp-json\/wp\/v2\/posts"}],"about":[{"href":"https:\/\/jazairhope.org\/fr\/wp-json\/wp\/v2\/types\/post"}],"author":[{"embeddable":true,"href":"https:\/\/jazairhope.org\/fr\/wp-json\/wp\/v2\/users\/1"}],"replies":[{"embeddable":true,"href":"https:\/\/jazairhope.org\/fr\/wp-json\/wp\/v2\/comments?post=66905"}],"version-history":[{"count":0,"href":"https:\/\/jazairhope.org\/fr\/wp-json\/wp\/v2\/posts\/66905\/revisions"}],"wp:featuredmedia":[{"embeddable":true,"href":"https:\/\/jazairhope.org\/fr\/wp-json\/wp\/v2\/media\/66926"}],"wp:attachment":[{"href":"https:\/\/jazairhope.org\/fr\/wp-json\/wp\/v2\/media?parent=66905"}],"wp:term":[{"taxonomy":"category","embeddable":true,"href":"https:\/\/jazairhope.org\/fr\/wp-json\/wp\/v2\/categories?post=66905"},{"taxonomy":"post_tag","embeddable":true,"href":"https:\/\/jazairhope.org\/fr\/wp-json\/wp\/v2\/tags?post=66905"}],"curies":[{"name":"wp","href":"https:\/\/api.w.org\/{rel}","templated":true}]}}