{"id":67180,"date":"2023-01-07T00:30:45","date_gmt":"2023-01-06T23:30:45","guid":{"rendered":"https:\/\/jazairhope.org\/?p=67180"},"modified":"2023-01-06T19:23:18","modified_gmt":"2023-01-06T18:23:18","slug":"https-www-lesoirdalgerie-com-actualites-le-representant-permanent-de-l-algerie-a-l-onu-appelle-a-une-action-arabe-a-al-quds-93070","status":"publish","type":"post","link":"https:\/\/jazairhope.org\/fr\/https-www-lesoirdalgerie-com-actualites-le-representant-permanent-de-l-algerie-a-l-onu-appelle-a-une-action-arabe-a-al-quds-93070\/","title":{"rendered":"Le Repr\u00e9sentant Permanent de l\u2019Alg\u00e9rie \u00e0 l\u2019ONU appelle \u00e0 une action arabe \u00e0 Al-Quds"},"content":{"rendered":"<p>Source : <a href=\"https:\/\/www.lesoirdalgerie.com\/actualites\/le-representant-permanent-de-l-algerie-a-l-onu-appelle-a-une-action-arabe-a-al-quds-93070\">https:\/\/www.lesoirdalgerie.com\/actualites\/le-representant-permanent-de-l-algerie-a-l-onu-appelle-a-une-action-arabe-a-al-quds-93070<\/a><\/p>\n<p>Dans le contexte de la r\u00e9cente \u00e9volution dangereuse de la situation dans les territoires palestiniens occup\u00e9s, en particulier la Mosqu\u00e9e Al-Aqsa Charif et \u00a0suite aux actes provocateurs du ministre isra\u00e9lien de la s\u00e9curit\u00e9 nationale qui a fait intrusion dans l\u2019esplanade de la mosqu\u00e9e Al-Aqsa, la Tro\u00efka arabe \u00e0 New York, , dont l&#8217;Alg\u00e9rie est membre, a entrepris\u00a0 des d\u00e9marches vigoureuses, pour mobiliser un large soutien international \u00e0 la cause palestinienne et \u00e0 \u00e9largir la sph\u00e8re des condamnations contre l&#8217;occupation isra\u00e9lienne.<\/p>\n<p>C\u2019est ainsi que le groupe arabe \u00e0 New York a tenu ce jour une r\u00e9union, \u00e0 la veille de la r\u00e9union d&#8217;urgence du Conseil de S\u00e9curit\u00e9 consacr\u00e9e \u00e0 la question palestinienne, pour \u00e9valuer la situation et prendre les mesures n\u00e9cessaires, au niveau des Nations-Unies, afin d&#8217;assurer une action efficace \u00e0 m\u00eame de faire face \u00e0 ces graves d\u00e9veloppements.<\/p>\n<p>La tro\u00efka arabe \u00e0 New York s\u2019est r\u00e9unie avec le Pr\u00e9sident du Conseil de S\u00e9curit\u00e9 pour le mois en cours, le Repr\u00e9sentant Permanent du Japon, avec la participation des Pr\u00e9sidents de l&#8217;Organisation de la Coop\u00e9ration Islamique et du Mouvement des Pays Non-Align\u00e9s et des repr\u00e9sentants de certains pays arabes.<\/p>\n<p>Au cours de ces r\u00e9unions, le Repr\u00e9sentant permanent de l&#8217;Alg\u00e9rie, l&#8217;Ambassadeur Nadir Larbaoui, a soulign\u00e9 que la condamnable incursion de la mosqu\u00e9e Al-Aqsa par le Ministre de l&#8217;occupation isra\u00e9lienne, s&#8217;ajoute \u00e0 une s\u00e9rie de violations syst\u00e9matiques commises par l&#8217;occupation contre le peuple palestinien et ses lieux saints, et s\u2019inscrit dans le cadre d&#8217;un plan expansionniste extr\u00eamement dangereux pour Al-Aqsa et Al-Quds. Ainsi, \u00a0a-t-il ajout\u00e9, l\u2019occupant passe de la phase de la gestion du Conflit \u00e0 celle de la r\u00e9solution du Conflit.<\/p>\n<p>Il a ajout\u00e9 que tous ces actes criminels commis contre le peuple palestinien fr\u00e8re sont fermement condamn\u00e9s par l&#8217;Alg\u00e9rie, \u00e9tant donn\u00e9 qu&#8217;ils constituent une violation flagrante du droit international et des r\u00e9solutions pertinentes de l&#8217;ONU, et en d\u00e9fiance aux sentiments des musulmans et des chr\u00e9tiens du monde entier.<\/p>\n<p>L\u2019ambassadeur Larbaoui a rappel\u00e9 que l&#8217;Alg\u00e9rie avait d\u00e9j\u00e0, par le biais d\u2019une lettre adress\u00e9e par le Pr\u00e9sident de la R\u00e9publique, M. Abdelmadjid Tebboune, au Secr\u00e9taire g\u00e9n\u00e9ral des Nations Unies, au sujet des violations commises contre la Mosqu\u00e9e Al-Aqsa et Al-Quods, appel\u00e9 \u00e0 mettre un terme aux pratiques criminelles commises par l&#8217;occupation isra\u00e9lienne et \u00e0 assurer la protection n\u00e9cessaire pour le peuple palestinien et ses lieux saints, en particulier dans la Mosqu\u00e9e Al-Aqsa et Al-Quds, qui font quotidiennement l\u2019objet\u00a0 de violations syst\u00e9matiques, dans un silence assourdissant de la communaut\u00e9 internationale.<\/p>\n<p>Face \u00e0 la gravit\u00e9 de la situation, Larbaoui a appel\u00e9 \u00e0 une action arabe commune effective et efficace, \u00e0 la mesure des d\u00e9fis majeurs et des sacrifices du peuple palestinien.<\/p>\n<p>L&#8217;Ambassadeur Nadir Larbaoui a \u00e9galement soulign\u00e9 que l&#8217;Alg\u00e9rie demeure fid\u00e8le \u00e0 ses principes concernant le droit des peuples \u00e0 disposer d&#8217;eux-m\u00eames et reste ferme dans ses positions traditionnelles de soutien au peuple palestinien fr\u00e8re, \u00a0afin qu\u2019il recouvre ses droits l\u00e9gitimes, dont son droit \u00e0 \u00e9tablir son \u00c9tat ind\u00e9pendant avec Al-Quods Al-Sharif comme capitale.<\/p>\n<p>L&#8217;Alg\u00e9rie reste pleinement convaincue qu&#8217;une paix juste et globale dans la r\u00e9gion, en tant qu&#8217;option strat\u00e9gique, ne sera possible qu&#8217;en mettant fin \u00e0 l&#8217;occupation isra\u00e9lienne et en mettant en \u0153uvre les r\u00e9solutions pertinentes de l\u2019ONU et l&#8217;initiative arabe de paix de 2002, a-t-il soulign\u00e9.<\/p>\n","protected":false},"excerpt":{"rendered":"<p>Source : https:\/\/www.lesoirdalgerie.com\/actualites\/le-representant-permanent-de-l-algerie-a-l-onu-appelle-a-une-action-arabe-a-al-quds-93070 Dans le contexte de la r\u00e9cente \u00e9volution dangereuse de la situation dans les territoires palestiniens occup\u00e9s, en particulier la&hellip;<\/p>\n","protected":false},"author":1,"featured_media":67235,"comment_status":"open","ping_status":"open","sticky":false,"template":"","format":"standard","meta":{"_lmt_disableupdate":"","_lmt_disable":"","footnotes":""},"categories":[32,49],"tags":[],"class_list":["post-67180","post","type-post","status-publish","format-standard","has-post-thumbnail","hentry","category-algerie","category-politique"],"yoast_head":"<!-- This site is optimized with the Yoast SEO plugin v27.3 - https:\/\/yoast.com\/product\/yoast-seo-wordpress\/ -->\n<title>Le Repr\u00e9sentant Permanent de l\u2019Alg\u00e9rie \u00e0 l\u2019ONU appelle \u00e0 une action arabe \u00e0 Al-Quds - AAH.JZR<\/title>\n<meta name=\"robots\" content=\"index, follow, max-snippet:-1, max-image-preview:large, max-video-preview:-1\" \/>\n<link rel=\"canonical\" href=\"https:\/\/jazairhope.org\/fr\/https-www-lesoirdalgerie-com-actualites-le-representant-permanent-de-l-algerie-a-l-onu-appelle-a-une-action-arabe-a-al-quds-93070\/\" \/>\n<meta property=\"og:locale\" content=\"fr_FR\" \/>\n<meta property=\"og:type\" content=\"article\" \/>\n<meta property=\"og:title\" content=\"Le Repr\u00e9sentant Permanent de l\u2019Alg\u00e9rie \u00e0 l\u2019ONU appelle \u00e0 une action arabe \u00e0 Al-Quds - AAH.JZR\" \/>\n<meta property=\"og:description\" content=\"Source : https:\/\/www.lesoirdalgerie.com\/actualites\/le-representant-permanent-de-l-algerie-a-l-onu-appelle-a-une-action-arabe-a-al-quds-93070 Dans le contexte de la r\u00e9cente \u00e9volution dangereuse de la situation dans les territoires palestiniens occup\u00e9s, en particulier la&hellip;\" \/>\n<meta property=\"og:url\" content=\"https:\/\/jazairhope.org\/fr\/https-www-lesoirdalgerie-com-actualites-le-representant-permanent-de-l-algerie-a-l-onu-appelle-a-une-action-arabe-a-al-quds-93070\/\" \/>\n<meta property=\"og:site_name\" content=\"AAH.JZR\" \/>\n<meta property=\"article:publisher\" content=\"https:\/\/www.facebook.com\/jazairhope\" \/>\n<meta property=\"article:published_time\" content=\"2023-01-06T23:30:45+00:00\" \/>\n<meta property=\"og:image\" content=\"https:\/\/jazairhope.org\/wp-content\/uploads\/2023\/01\/jh.jpeg\" \/>\n\t<meta property=\"og:image:width\" content=\"678\" \/>\n\t<meta property=\"og:image:height\" content=\"452\" \/>\n\t<meta property=\"og:image:type\" content=\"image\/jpeg\" \/>\n<meta name=\"author\" content=\"Ssuperadmin\" \/>\n<meta name=\"twitter:card\" content=\"summary_large_image\" \/>\n<meta name=\"twitter:label1\" content=\"\u00c9crit par\" \/>\n\t<meta name=\"twitter:data1\" content=\"Ssuperadmin\" \/>\n\t<meta name=\"twitter:label2\" content=\"Dur\u00e9e de lecture estim\u00e9e\" \/>\n\t<meta name=\"twitter:data2\" content=\"3 minutes\" \/>\n<script type=\"application\/ld+json\" class=\"yoast-schema-graph\">{\"@context\":\"https:\\\/\\\/schema.org\",\"@graph\":[{\"@type\":\"Article\",\"@id\":\"https:\\\/\\\/jazairhope.org\\\/fr\\\/https-www-lesoirdalgerie-com-actualites-le-representant-permanent-de-l-algerie-a-l-onu-appelle-a-une-action-arabe-a-al-quds-93070\\\/#article\",\"isPartOf\":{\"@id\":\"https:\\\/\\\/jazairhope.org\\\/fr\\\/https-www-lesoirdalgerie-com-actualites-le-representant-permanent-de-l-algerie-a-l-onu-appelle-a-une-action-arabe-a-al-quds-93070\\\/\"},\"author\":{\"name\":\"Ssuperadmin\",\"@id\":\"https:\\\/\\\/jazairhope.org\\\/fr\\\/#\\\/schema\\\/person\\\/43650ebd889d8960700b5456ed9264c4\"},\"headline\":\"Le Repr\u00e9sentant Permanent de l\u2019Alg\u00e9rie \u00e0 l\u2019ONU appelle \u00e0 une action arabe \u00e0 Al-Quds\",\"datePublished\":\"2023-01-06T23:30:45+00:00\",\"mainEntityOfPage\":{\"@id\":\"https:\\\/\\\/jazairhope.org\\\/fr\\\/https-www-lesoirdalgerie-com-actualites-le-representant-permanent-de-l-algerie-a-l-onu-appelle-a-une-action-arabe-a-al-quds-93070\\\/\"},\"wordCount\":634,\"commentCount\":0,\"image\":{\"@id\":\"https:\\\/\\\/jazairhope.org\\\/fr\\\/https-www-lesoirdalgerie-com-actualites-le-representant-permanent-de-l-algerie-a-l-onu-appelle-a-une-action-arabe-a-al-quds-93070\\\/#primaryimage\"},\"thumbnailUrl\":\"https:\\\/\\\/jazairhope.org\\\/wp-content\\\/uploads\\\/2023\\\/01\\\/jh.jpeg\",\"articleSection\":[\"Alg\u00e9rie Alg\u00e9rienne\",\"Politique\"],\"inLanguage\":\"fr-FR\",\"potentialAction\":[{\"@type\":\"CommentAction\",\"name\":\"Comment\",\"target\":[\"https:\\\/\\\/jazairhope.org\\\/fr\\\/https-www-lesoirdalgerie-com-actualites-le-representant-permanent-de-l-algerie-a-l-onu-appelle-a-une-action-arabe-a-al-quds-93070\\\/#respond\"]}]},{\"@type\":\"WebPage\",\"@id\":\"https:\\\/\\\/jazairhope.org\\\/fr\\\/https-www-lesoirdalgerie-com-actualites-le-representant-permanent-de-l-algerie-a-l-onu-appelle-a-une-action-arabe-a-al-quds-93070\\\/\",\"url\":\"https:\\\/\\\/jazairhope.org\\\/fr\\\/https-www-lesoirdalgerie-com-actualites-le-representant-permanent-de-l-algerie-a-l-onu-appelle-a-une-action-arabe-a-al-quds-93070\\\/\",\"name\":\"Le Repr\u00e9sentant Permanent de l\u2019Alg\u00e9rie \u00e0 l\u2019ONU appelle \u00e0 une action arabe \u00e0 Al-Quds - AAH.JZR\",\"isPartOf\":{\"@id\":\"https:\\\/\\\/jazairhope.org\\\/fr\\\/#website\"},\"primaryImageOfPage\":{\"@id\":\"https:\\\/\\\/jazairhope.org\\\/fr\\\/https-www-lesoirdalgerie-com-actualites-le-representant-permanent-de-l-algerie-a-l-onu-appelle-a-une-action-arabe-a-al-quds-93070\\\/#primaryimage\"},\"image\":{\"@id\":\"https:\\\/\\\/jazairhope.org\\\/fr\\\/https-www-lesoirdalgerie-com-actualites-le-representant-permanent-de-l-algerie-a-l-onu-appelle-a-une-action-arabe-a-al-quds-93070\\\/#primaryimage\"},\"thumbnailUrl\":\"https:\\\/\\\/jazairhope.org\\\/wp-content\\\/uploads\\\/2023\\\/01\\\/jh.jpeg\",\"datePublished\":\"2023-01-06T23:30:45+00:00\",\"author\":{\"@id\":\"https:\\\/\\\/jazairhope.org\\\/fr\\\/#\\\/schema\\\/person\\\/43650ebd889d8960700b5456ed9264c4\"},\"breadcrumb\":{\"@id\":\"https:\\\/\\\/jazairhope.org\\\/fr\\\/https-www-lesoirdalgerie-com-actualites-le-representant-permanent-de-l-algerie-a-l-onu-appelle-a-une-action-arabe-a-al-quds-93070\\\/#breadcrumb\"},\"inLanguage\":\"fr-FR\",\"potentialAction\":[{\"@type\":\"ReadAction\",\"target\":[\"https:\\\/\\\/jazairhope.org\\\/fr\\\/https-www-lesoirdalgerie-com-actualites-le-representant-permanent-de-l-algerie-a-l-onu-appelle-a-une-action-arabe-a-al-quds-93070\\\/\"]}]},{\"@type\":\"ImageObject\",\"inLanguage\":\"fr-FR\",\"@id\":\"https:\\\/\\\/jazairhope.org\\\/fr\\\/https-www-lesoirdalgerie-com-actualites-le-representant-permanent-de-l-algerie-a-l-onu-appelle-a-une-action-arabe-a-al-quds-93070\\\/#primaryimage\",\"url\":\"https:\\\/\\\/jazairhope.org\\\/wp-content\\\/uploads\\\/2023\\\/01\\\/jh.jpeg\",\"contentUrl\":\"https:\\\/\\\/jazairhope.org\\\/wp-content\\\/uploads\\\/2023\\\/01\\\/jh.jpeg\",\"width\":678,\"height\":452},{\"@type\":\"BreadcrumbList\",\"@id\":\"https:\\\/\\\/jazairhope.org\\\/fr\\\/https-www-lesoirdalgerie-com-actualites-le-representant-permanent-de-l-algerie-a-l-onu-appelle-a-une-action-arabe-a-al-quds-93070\\\/#breadcrumb\",\"itemListElement\":[{\"@type\":\"ListItem\",\"position\":1,\"name\":\"Accueil\",\"item\":\"https:\\\/\\\/jazairhope.org\\\/fr\\\/\"},{\"@type\":\"ListItem\",\"position\":2,\"name\":\"Le Repr\u00e9sentant Permanent de l\u2019Alg\u00e9rie \u00e0 l\u2019ONU appelle \u00e0 une action arabe \u00e0 Al-Quds\"}]},{\"@type\":\"WebSite\",\"@id\":\"https:\\\/\\\/jazairhope.org\\\/fr\\\/#website\",\"url\":\"https:\\\/\\\/jazairhope.org\\\/fr\\\/\",\"name\":\"AAH.JZR\",\"description\":\"Environment, Health, Science, Art, Economics\",\"potentialAction\":[{\"@type\":\"SearchAction\",\"target\":{\"@type\":\"EntryPoint\",\"urlTemplate\":\"https:\\\/\\\/jazairhope.org\\\/fr\\\/?s={search_term_string}\"},\"query-input\":{\"@type\":\"PropertyValueSpecification\",\"valueRequired\":true,\"valueName\":\"search_term_string\"}}],\"inLanguage\":\"fr-FR\"},{\"@type\":\"Person\",\"@id\":\"https:\\\/\\\/jazairhope.org\\\/fr\\\/#\\\/schema\\\/person\\\/43650ebd889d8960700b5456ed9264c4\",\"name\":\"Ssuperadmin\",\"image\":{\"@type\":\"ImageObject\",\"inLanguage\":\"fr-FR\",\"@id\":\"https:\\\/\\\/secure.gravatar.com\\\/avatar\\\/b4068e88b9c557952c81ca0efc4e11e19a2ed480173b8cef95a240894b16bf22?s=96&d=mm&r=g\",\"url\":\"https:\\\/\\\/secure.gravatar.com\\\/avatar\\\/b4068e88b9c557952c81ca0efc4e11e19a2ed480173b8cef95a240894b16bf22?s=96&d=mm&r=g\",\"contentUrl\":\"https:\\\/\\\/secure.gravatar.com\\\/avatar\\\/b4068e88b9c557952c81ca0efc4e11e19a2ed480173b8cef95a240894b16bf22?s=96&d=mm&r=g\",\"caption\":\"Ssuperadmin\"},\"sameAs\":[\"https:\\\/\\\/jazairhope.org\"],\"url\":\"https:\\\/\\\/jazairhope.org\\\/fr\\\/author\\\/superadmin\\\/\"}]}<\/script>\n<!-- \/ Yoast SEO plugin. -->","yoast_head_json":{"title":"Le Repr\u00e9sentant Permanent de l\u2019Alg\u00e9rie \u00e0 l\u2019ONU appelle \u00e0 une action arabe \u00e0 Al-Quds - AAH.JZR","robots":{"index":"index","follow":"follow","max-snippet":"max-snippet:-1","max-image-preview":"max-image-preview:large","max-video-preview":"max-video-preview:-1"},"canonical":"https:\/\/jazairhope.org\/fr\/https-www-lesoirdalgerie-com-actualites-le-representant-permanent-de-l-algerie-a-l-onu-appelle-a-une-action-arabe-a-al-quds-93070\/","og_locale":"fr_FR","og_type":"article","og_title":"Le Repr\u00e9sentant Permanent de l\u2019Alg\u00e9rie \u00e0 l\u2019ONU appelle \u00e0 une action arabe \u00e0 Al-Quds - AAH.JZR","og_description":"Source : https:\/\/www.lesoirdalgerie.com\/actualites\/le-representant-permanent-de-l-algerie-a-l-onu-appelle-a-une-action-arabe-a-al-quds-93070 Dans le contexte de la r\u00e9cente \u00e9volution dangereuse de la situation dans les territoires palestiniens occup\u00e9s, en particulier la&hellip;","og_url":"https:\/\/jazairhope.org\/fr\/https-www-lesoirdalgerie-com-actualites-le-representant-permanent-de-l-algerie-a-l-onu-appelle-a-une-action-arabe-a-al-quds-93070\/","og_site_name":"AAH.JZR","article_publisher":"https:\/\/www.facebook.com\/jazairhope","article_published_time":"2023-01-06T23:30:45+00:00","og_image":[{"width":678,"height":452,"url":"https:\/\/jazairhope.org\/wp-content\/uploads\/2023\/01\/jh.jpeg","type":"image\/jpeg"}],"author":"Ssuperadmin","twitter_card":"summary_large_image","twitter_misc":{"\u00c9crit par":"Ssuperadmin","Dur\u00e9e de lecture estim\u00e9e":"3 minutes"},"schema":{"@context":"https:\/\/schema.org","@graph":[{"@type":"Article","@id":"https:\/\/jazairhope.org\/fr\/https-www-lesoirdalgerie-com-actualites-le-representant-permanent-de-l-algerie-a-l-onu-appelle-a-une-action-arabe-a-al-quds-93070\/#article","isPartOf":{"@id":"https:\/\/jazairhope.org\/fr\/https-www-lesoirdalgerie-com-actualites-le-representant-permanent-de-l-algerie-a-l-onu-appelle-a-une-action-arabe-a-al-quds-93070\/"},"author":{"name":"Ssuperadmin","@id":"https:\/\/jazairhope.org\/fr\/#\/schema\/person\/43650ebd889d8960700b5456ed9264c4"},"headline":"Le Repr\u00e9sentant Permanent de l\u2019Alg\u00e9rie \u00e0 l\u2019ONU appelle \u00e0 une action arabe \u00e0 Al-Quds","datePublished":"2023-01-06T23:30:45+00:00","mainEntityOfPage":{"@id":"https:\/\/jazairhope.org\/fr\/https-www-lesoirdalgerie-com-actualites-le-representant-permanent-de-l-algerie-a-l-onu-appelle-a-une-action-arabe-a-al-quds-93070\/"},"wordCount":634,"commentCount":0,"image":{"@id":"https:\/\/jazairhope.org\/fr\/https-www-lesoirdalgerie-com-actualites-le-representant-permanent-de-l-algerie-a-l-onu-appelle-a-une-action-arabe-a-al-quds-93070\/#primaryimage"},"thumbnailUrl":"https:\/\/jazairhope.org\/wp-content\/uploads\/2023\/01\/jh.jpeg","articleSection":["Alg\u00e9rie Alg\u00e9rienne","Politique"],"inLanguage":"fr-FR","potentialAction":[{"@type":"CommentAction","name":"Comment","target":["https:\/\/jazairhope.org\/fr\/https-www-lesoirdalgerie-com-actualites-le-representant-permanent-de-l-algerie-a-l-onu-appelle-a-une-action-arabe-a-al-quds-93070\/#respond"]}]},{"@type":"WebPage","@id":"https:\/\/jazairhope.org\/fr\/https-www-lesoirdalgerie-com-actualites-le-representant-permanent-de-l-algerie-a-l-onu-appelle-a-une-action-arabe-a-al-quds-93070\/","url":"https:\/\/jazairhope.org\/fr\/https-www-lesoirdalgerie-com-actualites-le-representant-permanent-de-l-algerie-a-l-onu-appelle-a-une-action-arabe-a-al-quds-93070\/","name":"Le Repr\u00e9sentant Permanent de l\u2019Alg\u00e9rie \u00e0 l\u2019ONU appelle \u00e0 une action arabe \u00e0 Al-Quds - AAH.JZR","isPartOf":{"@id":"https:\/\/jazairhope.org\/fr\/#website"},"primaryImageOfPage":{"@id":"https:\/\/jazairhope.org\/fr\/https-www-lesoirdalgerie-com-actualites-le-representant-permanent-de-l-algerie-a-l-onu-appelle-a-une-action-arabe-a-al-quds-93070\/#primaryimage"},"image":{"@id":"https:\/\/jazairhope.org\/fr\/https-www-lesoirdalgerie-com-actualites-le-representant-permanent-de-l-algerie-a-l-onu-appelle-a-une-action-arabe-a-al-quds-93070\/#primaryimage"},"thumbnailUrl":"https:\/\/jazairhope.org\/wp-content\/uploads\/2023\/01\/jh.jpeg","datePublished":"2023-01-06T23:30:45+00:00","author":{"@id":"https:\/\/jazairhope.org\/fr\/#\/schema\/person\/43650ebd889d8960700b5456ed9264c4"},"breadcrumb":{"@id":"https:\/\/jazairhope.org\/fr\/https-www-lesoirdalgerie-com-actualites-le-representant-permanent-de-l-algerie-a-l-onu-appelle-a-une-action-arabe-a-al-quds-93070\/#breadcrumb"},"inLanguage":"fr-FR","potentialAction":[{"@type":"ReadAction","target":["https:\/\/jazairhope.org\/fr\/https-www-lesoirdalgerie-com-actualites-le-representant-permanent-de-l-algerie-a-l-onu-appelle-a-une-action-arabe-a-al-quds-93070\/"]}]},{"@type":"ImageObject","inLanguage":"fr-FR","@id":"https:\/\/jazairhope.org\/fr\/https-www-lesoirdalgerie-com-actualites-le-representant-permanent-de-l-algerie-a-l-onu-appelle-a-une-action-arabe-a-al-quds-93070\/#primaryimage","url":"https:\/\/jazairhope.org\/wp-content\/uploads\/2023\/01\/jh.jpeg","contentUrl":"https:\/\/jazairhope.org\/wp-content\/uploads\/2023\/01\/jh.jpeg","width":678,"height":452},{"@type":"BreadcrumbList","@id":"https:\/\/jazairhope.org\/fr\/https-www-lesoirdalgerie-com-actualites-le-representant-permanent-de-l-algerie-a-l-onu-appelle-a-une-action-arabe-a-al-quds-93070\/#breadcrumb","itemListElement":[{"@type":"ListItem","position":1,"name":"Accueil","item":"https:\/\/jazairhope.org\/fr\/"},{"@type":"ListItem","position":2,"name":"Le Repr\u00e9sentant Permanent de l\u2019Alg\u00e9rie \u00e0 l\u2019ONU appelle \u00e0 une action arabe \u00e0 Al-Quds"}]},{"@type":"WebSite","@id":"https:\/\/jazairhope.org\/fr\/#website","url":"https:\/\/jazairhope.org\/fr\/","name":"AAH.JZR","description":"Environment, Health, Science, Art, Economics","potentialAction":[{"@type":"SearchAction","target":{"@type":"EntryPoint","urlTemplate":"https:\/\/jazairhope.org\/fr\/?s={search_term_string}"},"query-input":{"@type":"PropertyValueSpecification","valueRequired":true,"valueName":"search_term_string"}}],"inLanguage":"fr-FR"},{"@type":"Person","@id":"https:\/\/jazairhope.org\/fr\/#\/schema\/person\/43650ebd889d8960700b5456ed9264c4","name":"Ssuperadmin","image":{"@type":"ImageObject","inLanguage":"fr-FR","@id":"https:\/\/secure.gravatar.com\/avatar\/b4068e88b9c557952c81ca0efc4e11e19a2ed480173b8cef95a240894b16bf22?s=96&d=mm&r=g","url":"https:\/\/secure.gravatar.com\/avatar\/b4068e88b9c557952c81ca0efc4e11e19a2ed480173b8cef95a240894b16bf22?s=96&d=mm&r=g","contentUrl":"https:\/\/secure.gravatar.com\/avatar\/b4068e88b9c557952c81ca0efc4e11e19a2ed480173b8cef95a240894b16bf22?s=96&d=mm&r=g","caption":"Ssuperadmin"},"sameAs":["https:\/\/jazairhope.org"],"url":"https:\/\/jazairhope.org\/fr\/author\/superadmin\/"}]}},"views":275,"_links":{"self":[{"href":"https:\/\/jazairhope.org\/fr\/wp-json\/wp\/v2\/posts\/67180","targetHints":{"allow":["GET"]}}],"collection":[{"href":"https:\/\/jazairhope.org\/fr\/wp-json\/wp\/v2\/posts"}],"about":[{"href":"https:\/\/jazairhope.org\/fr\/wp-json\/wp\/v2\/types\/post"}],"author":[{"embeddable":true,"href":"https:\/\/jazairhope.org\/fr\/wp-json\/wp\/v2\/users\/1"}],"replies":[{"embeddable":true,"href":"https:\/\/jazairhope.org\/fr\/wp-json\/wp\/v2\/comments?post=67180"}],"version-history":[{"count":0,"href":"https:\/\/jazairhope.org\/fr\/wp-json\/wp\/v2\/posts\/67180\/revisions"}],"wp:featuredmedia":[{"embeddable":true,"href":"https:\/\/jazairhope.org\/fr\/wp-json\/wp\/v2\/media\/67235"}],"wp:attachment":[{"href":"https:\/\/jazairhope.org\/fr\/wp-json\/wp\/v2\/media?parent=67180"}],"wp:term":[{"taxonomy":"category","embeddable":true,"href":"https:\/\/jazairhope.org\/fr\/wp-json\/wp\/v2\/categories?post=67180"},{"taxonomy":"post_tag","embeddable":true,"href":"https:\/\/jazairhope.org\/fr\/wp-json\/wp\/v2\/tags?post=67180"}],"curies":[{"name":"wp","href":"https:\/\/api.w.org\/{rel}","templated":true}]}}