{"id":67473,"date":"2023-01-10T13:25:17","date_gmt":"2023-01-10T12:25:17","guid":{"rendered":"https:\/\/jazairhope.org\/?p=67473"},"modified":"2023-01-10T11:26:40","modified_gmt":"2023-01-10T10:26:40","slug":"liran-pret-a-organiser-prochainement-une-commission-economique-conjointe-avec-lalgerie","status":"publish","type":"post","link":"https:\/\/jazairhope.org\/fr\/liran-pret-a-organiser-prochainement-une-commission-economique-conjointe-avec-lalgerie\/","title":{"rendered":"L&#8217;Iran pr\u00eat \u00e0 organiser prochainement une commission \u00e9conomique conjointe avec l&#8217;Alg\u00e9rie"},"content":{"rendered":"<p><u><strong>Les titres de la r\u00e9daction<\/strong><\/u><strong>\u00a0:<\/strong><\/p>\n<p><strong>1- L&#8217;Iran pr\u00eat \u00e0 organiser prochainement une commission \u00e9conomique conjointe avec l&#8217;Alg\u00e9rie<\/strong><\/p>\n<p>Lors d&#8217;une conversation t\u00e9l\u00e9phonique ce samedi avec son homologue alg\u00e9rien Ramtane Lamamra, le ministre iranien des Affaires \u00e9trang\u00e8res\u00a0Hossein Amir-Abdollahian a qualifi\u00e9 de \u00ab\u00a0bonnes et en expansion\u00a0\u00bb les relations entre les deux pays. La R\u00e9publique islamique d&#8217;Iran (RII) est pr\u00eat\u00a0\u00e0 tenir une commission \u00e9conomique conjointe avec l&#8217;Alg\u00e9rie \u00ab\u00a0dans un proche avenir\u00a0\u00bb, a-t-il d\u00e9clar\u00e9 cit\u00e9 par l&#8217;IRNA.<\/p>\n<p>M. Amir-Abdollahian s&#8217;est pench\u00e9 sur d\u2019importantes questions d\u2019int\u00e9r\u00eats commun,\u00a0les \u00e9volutions r\u00e9gionales et du\u00a0monde musulman. Les deux hommes se sont notamment attard\u00e9s sur la\u00a0profanation de la mosqu\u00e9e al-Aqsa par par le ministre\u00a0isra\u00e9lien\u00a0d&#8217;extr\u00eame droite et le r\u00e9cent\u00a0acte islamophobe du magazine fran\u00e7ais\u00a0<em>Charlie Hebdo<\/em>.<\/p>\n<p>Toujours lors de cette conversation t\u00e9l\u00e9phonique, Hossein Amir-Abdollahian a qualifi\u00e9 les relations T\u00e9h\u00e9ran-Alger de \u00ab\u00a0bonnes et en expansion\u00a0\u00bb avant de r\u00e9affirmer la volont\u00e9 de la RII de tenir une commission \u00e9conomique conjointe\u00a0\u00ab\u00a0dans un proche avenir\u00a0\u00bb.<\/p>\n<p>\u00c9voquant les offenses faites aux\u00a0valeurs islamiques et aux leaderships religieux de l&#8217;Iran, il\u00a0a appel\u00e9 \u00e0 la cr\u00e9ation d&#8217;\u00ab\u00a0un m\u00e9canisme juridique et international efficace\u00a0\u00bb pour dissuader les actions insultantes visant les valeurs religieuses et les lieux saints.<\/p>\n<p>Le tr\u00e8s haut diplomate iranien a \u00e9galement transmis les salutations du pr\u00e9sident Ra\u00efssi \u00e0 son homologue alg\u00e9rien qu&#8217;il a invit\u00e9\u00a0\u00e0 se rendre en Iran.<\/p>\n<p>Pour sa part, le chef de la diplomatie alg\u00e9rienne a condamn\u00e9 la profanation de la mosqu\u00e9e Al-Aqsa et l&#8217;hebdomadaire fran\u00e7ais. Il a soulign\u00e9 la n\u00e9cessit\u00e9 de renforcer la coop\u00e9ration entre les pays islamiques au sein des instances internationales, y compris les Nations unies et l&#8217;Organisation de la Coop\u00e9ration Islamique\u00a0afin de contrer le non-respect des valeurs d&#8217;autrui.<\/p>\n<p>Ramtane Lamamra s\u2019est dit \u00e9galement pr\u00eat \u00e0 tenir des consultations politiques entre les deux pays dans un proche avenir.<\/p>\n<p>Source : IRNA<\/p>\n<p><strong>2- En Alg\u00e9rie, les Etats-Unis soutiennent le passage du fran\u00e7ais \u00e0 l\u2019anglais dans le syst\u00e8me \u00e9ducatif<\/strong><\/p>\n<p>Dans l\u2019enseignement sup\u00e9rieur comme au niveau du primaire, l\u2019Alg\u00e9rie a entam\u00e9 une r\u00e9forme visant \u00e0 rendre plus pr\u00e9sente l\u2019anglais. Dans la mise en \u0153uvre de cette r\u00e9forme, le pays compte sur le soutien de nombreux partenaires internationaux.<\/p>\n<p>Les Etats-Unis se sont engag\u00e9s \u00e0 soutenir la promotion de la langue anglaise en Alg\u00e9rie. Le pays de l\u2019Oncle Sam s\u2019int\u00e9resse en particulier \u00e0 la formation des formateurs. A cet effet, l\u2019universit\u00e9 am\u00e9ricaine Massachusetts Institute of Technology (MIT) va accompagner la mise en \u0153uvre d\u2019une plateforme d\u2019apprentissage de la langue anglaise destin\u00e9e aux enseignants d\u2019universit\u00e9s alg\u00e9riens.<\/p>\n<p>Ladite plateforme a \u00e9t\u00e9 rendue publique le lundi 2 janvier, en collaboration avec le minist\u00e8re alg\u00e9rien de l\u2019Enseignement sup\u00e9rieur et de la Recherche scientifique.\u00a0\u00ab\u00a0L\u2019Alg\u00e9rie exploitera cette plateforme avec l\u2019accompagnement de l\u2019universit\u00e9 am\u00e9ricaine MIT, faisant \u00e9tat de plus de 30\u00a0000 enseignants universitaires qui b\u00e9n\u00e9ficieront de l\u2019accompagnement en mati\u00e8re d\u2019apprentissage de la langue anglaise\u00a0\u00bb,\u00a0renseigne une note du minist\u00e8re.<\/p>\n<p>La collaboration entre l&#8217;Alg\u00e9rie et le MIT s\u2019inscrit dans les efforts du pays d\u2019introduire l\u2019anglais comme principale langue d\u2019enseignement dans le syst\u00e8me \u00e9ducatif \u00e0 tous les niveaux. Au primaire aussi, les USA dirigent des programmes de formation en direction des formateurs. Ces programmes, sous forme de s\u00e9rie de cours, sont d\u00e9ploy\u00e9s par l\u2019ambassade des Etats-Unis en Alg\u00e9rie et l&#8217;universit\u00e9 Ohio online. Ils permettent aux professeurs de d\u00e9couvrir et d\u2019apprendre les techniques et th\u00e9ories d\u2019enseignement en anglais.<\/p>\n<p>Source : Agenceecofin.com<\/p>\n<p><strong>3- Le multimilliardaire am\u00e9ricain Elon Musk lorgne-t-il le Grand Sahara alg\u00e9rien ?<\/strong><\/p>\n<p>Elon Musk a mis en avant, dans un tweet, la position strat\u00e9gique de l\u2019Alg\u00e9rie et l\u2019impact mondial que pourrait avoir une exploitation de son potentiel solaire. Le milliardaire am\u00e9ricain r\u00e9pondait \u00e0 un message post\u00e9 par un expert en la mati\u00e8re qui remettait au go\u00fbt du jour la th\u00e8se d\u2019une chercheuse allemande de la facult\u00e9 de physique et des sciences g\u00e9ologiques, relevant de l\u2019universit\u00e9 technique de Braunschweig. \u00ab La surface totale de panneaux solaires qu\u2019il faudrait pour alimenter le monde, l\u2019Europe et l\u2019Allemagne. Cette carte est issue de la th\u00e8se de Nadine May \u00bb, a \u00e9crit l\u2019expert en reprenant une carte g\u00e9ographique o\u00f9 appara\u00eet le Grand Sahara alg\u00e9rien.<\/p>\n<p>\u00ab Une d\u00e9cision tellement \u00e9vidente \u00bb, a r\u00e9agi le magnat am\u00e9ricain qui vient de racheter le g\u00e9ant de la Toile Twitter, laissant entendre ainsi qu\u2019il pourrait m\u00eame investir lui-m\u00eame dans un tel m\u00e9ga projet, dans le contexte de la grave crise \u00e9nerg\u00e9tique qui frappe l\u2019Europe de plein fouet depuis le d\u00e9but de l\u2019op\u00e9ration militaire sp\u00e9ciale russe en Ukraine.<\/p>\n<p>Dans sa th\u00e8se publi\u00e9e en 2005 et intitul\u00e9e \u00ab Eco-bilan d\u2019une \u00e9lectricit\u00e9 solaire, transmission de l\u2019Afrique du Nord vers l\u2019Europe \u00bb, Nadine May \u00e9voquait le rendement total du potentiel solaire thermique de l\u2019Afrique du Nord, o\u00f9 la grand Sud alg\u00e9rien occupe la majeure partie de cette r\u00e9gion. \u00abUne superficie de 3,49 millions de km<sup>2<\/sup>\u00a0est disponible pour des emplacements potentiels d\u2019installations solaires thermiques et de centrales \u00e9lectriques dans les pays d\u2019Afrique du Nord\u00bb, \u00e9crit l\u2019universitaire allemande, pour laquelle \u00ab si un rendement d\u2019\u00e9lectricit\u00e9 solaire de 250 GWhel\/km2 est pris comme base pour cette zone, un rendement de 872 500 TWhel\/an en r\u00e9sulterait \u00bb.<\/p>\n<p>\u00ab L\u2019\u00e9nergie r\u00e9elle du monde demande de 16 076 TWh\/an et pourrait th\u00e9oriquement \u00eatre bien mieux satisfaite. En d\u2019autres termes, une superficie de 254 km x 254 km serait suffisante pour r\u00e9pondre \u00e0 la demande totale d\u2019\u00e9lectricit\u00e9 du monde\u00bb, explique-t-elle encore, en ajoutant que \u00ab la quantit\u00e9 d\u2019\u00e9lectricit\u00e9 n\u00e9cessaire \u00e0 l\u2019Union europ\u00e9enne, qui compte 25 Etats [en 2005, ndlr], pourrait \u00eatre produite sur une superficie de 110 km x 110 km \u00bb. \u00ab Pour l\u2019Allemagne, avec une demande de 500 TWh\/an, une zone de 45 km x 45 km est n\u00e9cessaire, ce qui concerne 0,03% de toutes les zones adapt\u00e9es en Afrique du Nord \u00bb, indique la chercheuse.<\/p>\n<p>Source : Algeriepatriotique.com<\/p>\n","protected":false},"excerpt":{"rendered":"<p>Les titres de la r\u00e9daction\u00a0: 1- L&#8217;Iran pr\u00eat \u00e0 organiser prochainement une commission \u00e9conomique conjointe avec l&#8217;Alg\u00e9rie Lors d&#8217;une conversation t\u00e9l\u00e9phonique ce&hellip;<\/p>\n","protected":false},"author":1,"featured_media":67475,"comment_status":"open","ping_status":"open","sticky":false,"template":"","format":"standard","meta":{"_lmt_disableupdate":"","_lmt_disable":"","footnotes":""},"categories":[49],"tags":[],"class_list":["post-67473","post","type-post","status-publish","format-standard","has-post-thumbnail","hentry","category-politique"],"yoast_head":"<!-- This site is optimized with the Yoast SEO plugin v27.3 - https:\/\/yoast.com\/product\/yoast-seo-wordpress\/ -->\n<title>L&#039;Iran pr\u00eat \u00e0 organiser prochainement une commission \u00e9conomique conjointe avec l&#039;Alg\u00e9rie - AAH.JZR<\/title>\n<meta name=\"robots\" content=\"index, follow, max-snippet:-1, max-image-preview:large, max-video-preview:-1\" \/>\n<link rel=\"canonical\" href=\"https:\/\/jazairhope.org\/fr\/liran-pret-a-organiser-prochainement-une-commission-economique-conjointe-avec-lalgerie\/\" \/>\n<meta property=\"og:locale\" content=\"fr_FR\" \/>\n<meta property=\"og:type\" content=\"article\" \/>\n<meta property=\"og:title\" content=\"L&#039;Iran pr\u00eat \u00e0 organiser prochainement une commission \u00e9conomique conjointe avec l&#039;Alg\u00e9rie - AAH.JZR\" \/>\n<meta property=\"og:description\" content=\"Les titres de la r\u00e9daction\u00a0: 1- L&#8217;Iran pr\u00eat \u00e0 organiser prochainement une commission \u00e9conomique conjointe avec l&#8217;Alg\u00e9rie Lors d&#8217;une conversation t\u00e9l\u00e9phonique ce&hellip;\" \/>\n<meta property=\"og:url\" content=\"https:\/\/jazairhope.org\/fr\/liran-pret-a-organiser-prochainement-une-commission-economique-conjointe-avec-lalgerie\/\" \/>\n<meta property=\"og:site_name\" content=\"AAH.JZR\" \/>\n<meta property=\"article:publisher\" content=\"https:\/\/www.facebook.com\/jazairhope\" \/>\n<meta property=\"article:published_time\" content=\"2023-01-10T12:25:17+00:00\" \/>\n<meta property=\"og:image\" content=\"https:\/\/jazairhope.org\/wp-content\/uploads\/2023\/01\/c6f66735-9ea3-4648-a746-ee0a7d5eb77e.jpg\" \/>\n\t<meta property=\"og:image:width\" content=\"1000\" \/>\n\t<meta property=\"og:image:height\" content=\"562\" \/>\n\t<meta property=\"og:image:type\" content=\"image\/jpeg\" \/>\n<meta name=\"author\" content=\"Ssuperadmin\" \/>\n<meta name=\"twitter:card\" content=\"summary_large_image\" \/>\n<meta name=\"twitter:label1\" content=\"\u00c9crit par\" \/>\n\t<meta name=\"twitter:data1\" content=\"Ssuperadmin\" \/>\n\t<meta name=\"twitter:label2\" content=\"Dur\u00e9e de lecture estim\u00e9e\" \/>\n\t<meta name=\"twitter:data2\" content=\"5 minutes\" \/>\n<script type=\"application\/ld+json\" class=\"yoast-schema-graph\">{\"@context\":\"https:\\\/\\\/schema.org\",\"@graph\":[{\"@type\":\"Article\",\"@id\":\"https:\\\/\\\/jazairhope.org\\\/fr\\\/liran-pret-a-organiser-prochainement-une-commission-economique-conjointe-avec-lalgerie\\\/#article\",\"isPartOf\":{\"@id\":\"https:\\\/\\\/jazairhope.org\\\/fr\\\/liran-pret-a-organiser-prochainement-une-commission-economique-conjointe-avec-lalgerie\\\/\"},\"author\":{\"name\":\"Ssuperadmin\",\"@id\":\"https:\\\/\\\/jazairhope.org\\\/fr\\\/#\\\/schema\\\/person\\\/43650ebd889d8960700b5456ed9264c4\"},\"headline\":\"L&#8217;Iran pr\u00eat \u00e0 organiser prochainement une commission \u00e9conomique conjointe avec l&#8217;Alg\u00e9rie\",\"datePublished\":\"2023-01-10T12:25:17+00:00\",\"mainEntityOfPage\":{\"@id\":\"https:\\\/\\\/jazairhope.org\\\/fr\\\/liran-pret-a-organiser-prochainement-une-commission-economique-conjointe-avec-lalgerie\\\/\"},\"wordCount\":1081,\"commentCount\":0,\"image\":{\"@id\":\"https:\\\/\\\/jazairhope.org\\\/fr\\\/liran-pret-a-organiser-prochainement-une-commission-economique-conjointe-avec-lalgerie\\\/#primaryimage\"},\"thumbnailUrl\":\"https:\\\/\\\/jazairhope.org\\\/wp-content\\\/uploads\\\/2023\\\/01\\\/c6f66735-9ea3-4648-a746-ee0a7d5eb77e.jpg\",\"articleSection\":[\"Politique\"],\"inLanguage\":\"fr-FR\",\"potentialAction\":[{\"@type\":\"CommentAction\",\"name\":\"Comment\",\"target\":[\"https:\\\/\\\/jazairhope.org\\\/fr\\\/liran-pret-a-organiser-prochainement-une-commission-economique-conjointe-avec-lalgerie\\\/#respond\"]}]},{\"@type\":\"WebPage\",\"@id\":\"https:\\\/\\\/jazairhope.org\\\/fr\\\/liran-pret-a-organiser-prochainement-une-commission-economique-conjointe-avec-lalgerie\\\/\",\"url\":\"https:\\\/\\\/jazairhope.org\\\/fr\\\/liran-pret-a-organiser-prochainement-une-commission-economique-conjointe-avec-lalgerie\\\/\",\"name\":\"L'Iran pr\u00eat \u00e0 organiser prochainement une commission \u00e9conomique conjointe avec l'Alg\u00e9rie - AAH.JZR\",\"isPartOf\":{\"@id\":\"https:\\\/\\\/jazairhope.org\\\/fr\\\/#website\"},\"primaryImageOfPage\":{\"@id\":\"https:\\\/\\\/jazairhope.org\\\/fr\\\/liran-pret-a-organiser-prochainement-une-commission-economique-conjointe-avec-lalgerie\\\/#primaryimage\"},\"image\":{\"@id\":\"https:\\\/\\\/jazairhope.org\\\/fr\\\/liran-pret-a-organiser-prochainement-une-commission-economique-conjointe-avec-lalgerie\\\/#primaryimage\"},\"thumbnailUrl\":\"https:\\\/\\\/jazairhope.org\\\/wp-content\\\/uploads\\\/2023\\\/01\\\/c6f66735-9ea3-4648-a746-ee0a7d5eb77e.jpg\",\"datePublished\":\"2023-01-10T12:25:17+00:00\",\"author\":{\"@id\":\"https:\\\/\\\/jazairhope.org\\\/fr\\\/#\\\/schema\\\/person\\\/43650ebd889d8960700b5456ed9264c4\"},\"breadcrumb\":{\"@id\":\"https:\\\/\\\/jazairhope.org\\\/fr\\\/liran-pret-a-organiser-prochainement-une-commission-economique-conjointe-avec-lalgerie\\\/#breadcrumb\"},\"inLanguage\":\"fr-FR\",\"potentialAction\":[{\"@type\":\"ReadAction\",\"target\":[\"https:\\\/\\\/jazairhope.org\\\/fr\\\/liran-pret-a-organiser-prochainement-une-commission-economique-conjointe-avec-lalgerie\\\/\"]}]},{\"@type\":\"ImageObject\",\"inLanguage\":\"fr-FR\",\"@id\":\"https:\\\/\\\/jazairhope.org\\\/fr\\\/liran-pret-a-organiser-prochainement-une-commission-economique-conjointe-avec-lalgerie\\\/#primaryimage\",\"url\":\"https:\\\/\\\/jazairhope.org\\\/wp-content\\\/uploads\\\/2023\\\/01\\\/c6f66735-9ea3-4648-a746-ee0a7d5eb77e.jpg\",\"contentUrl\":\"https:\\\/\\\/jazairhope.org\\\/wp-content\\\/uploads\\\/2023\\\/01\\\/c6f66735-9ea3-4648-a746-ee0a7d5eb77e.jpg\",\"width\":1000,\"height\":562},{\"@type\":\"BreadcrumbList\",\"@id\":\"https:\\\/\\\/jazairhope.org\\\/fr\\\/liran-pret-a-organiser-prochainement-une-commission-economique-conjointe-avec-lalgerie\\\/#breadcrumb\",\"itemListElement\":[{\"@type\":\"ListItem\",\"position\":1,\"name\":\"Accueil\",\"item\":\"https:\\\/\\\/jazairhope.org\\\/fr\\\/\"},{\"@type\":\"ListItem\",\"position\":2,\"name\":\"L&rsquo;Iran pr\u00eat \u00e0 organiser prochainement une commission \u00e9conomique conjointe avec l&rsquo;Alg\u00e9rie\"}]},{\"@type\":\"WebSite\",\"@id\":\"https:\\\/\\\/jazairhope.org\\\/fr\\\/#website\",\"url\":\"https:\\\/\\\/jazairhope.org\\\/fr\\\/\",\"name\":\"AAH.JZR\",\"description\":\"Environment, Health, Science, Art, Economics\",\"potentialAction\":[{\"@type\":\"SearchAction\",\"target\":{\"@type\":\"EntryPoint\",\"urlTemplate\":\"https:\\\/\\\/jazairhope.org\\\/fr\\\/?s={search_term_string}\"},\"query-input\":{\"@type\":\"PropertyValueSpecification\",\"valueRequired\":true,\"valueName\":\"search_term_string\"}}],\"inLanguage\":\"fr-FR\"},{\"@type\":\"Person\",\"@id\":\"https:\\\/\\\/jazairhope.org\\\/fr\\\/#\\\/schema\\\/person\\\/43650ebd889d8960700b5456ed9264c4\",\"name\":\"Ssuperadmin\",\"image\":{\"@type\":\"ImageObject\",\"inLanguage\":\"fr-FR\",\"@id\":\"https:\\\/\\\/secure.gravatar.com\\\/avatar\\\/b4068e88b9c557952c81ca0efc4e11e19a2ed480173b8cef95a240894b16bf22?s=96&d=mm&r=g\",\"url\":\"https:\\\/\\\/secure.gravatar.com\\\/avatar\\\/b4068e88b9c557952c81ca0efc4e11e19a2ed480173b8cef95a240894b16bf22?s=96&d=mm&r=g\",\"contentUrl\":\"https:\\\/\\\/secure.gravatar.com\\\/avatar\\\/b4068e88b9c557952c81ca0efc4e11e19a2ed480173b8cef95a240894b16bf22?s=96&d=mm&r=g\",\"caption\":\"Ssuperadmin\"},\"sameAs\":[\"https:\\\/\\\/jazairhope.org\"],\"url\":\"https:\\\/\\\/jazairhope.org\\\/fr\\\/author\\\/superadmin\\\/\"}]}<\/script>\n<!-- \/ Yoast SEO plugin. -->","yoast_head_json":{"title":"L'Iran pr\u00eat \u00e0 organiser prochainement une commission \u00e9conomique conjointe avec l'Alg\u00e9rie - AAH.JZR","robots":{"index":"index","follow":"follow","max-snippet":"max-snippet:-1","max-image-preview":"max-image-preview:large","max-video-preview":"max-video-preview:-1"},"canonical":"https:\/\/jazairhope.org\/fr\/liran-pret-a-organiser-prochainement-une-commission-economique-conjointe-avec-lalgerie\/","og_locale":"fr_FR","og_type":"article","og_title":"L'Iran pr\u00eat \u00e0 organiser prochainement une commission \u00e9conomique conjointe avec l'Alg\u00e9rie - AAH.JZR","og_description":"Les titres de la r\u00e9daction\u00a0: 1- L&#8217;Iran pr\u00eat \u00e0 organiser prochainement une commission \u00e9conomique conjointe avec l&#8217;Alg\u00e9rie Lors d&#8217;une conversation t\u00e9l\u00e9phonique ce&hellip;","og_url":"https:\/\/jazairhope.org\/fr\/liran-pret-a-organiser-prochainement-une-commission-economique-conjointe-avec-lalgerie\/","og_site_name":"AAH.JZR","article_publisher":"https:\/\/www.facebook.com\/jazairhope","article_published_time":"2023-01-10T12:25:17+00:00","og_image":[{"width":1000,"height":562,"url":"https:\/\/jazairhope.org\/wp-content\/uploads\/2023\/01\/c6f66735-9ea3-4648-a746-ee0a7d5eb77e.jpg","type":"image\/jpeg"}],"author":"Ssuperadmin","twitter_card":"summary_large_image","twitter_misc":{"\u00c9crit par":"Ssuperadmin","Dur\u00e9e de lecture estim\u00e9e":"5 minutes"},"schema":{"@context":"https:\/\/schema.org","@graph":[{"@type":"Article","@id":"https:\/\/jazairhope.org\/fr\/liran-pret-a-organiser-prochainement-une-commission-economique-conjointe-avec-lalgerie\/#article","isPartOf":{"@id":"https:\/\/jazairhope.org\/fr\/liran-pret-a-organiser-prochainement-une-commission-economique-conjointe-avec-lalgerie\/"},"author":{"name":"Ssuperadmin","@id":"https:\/\/jazairhope.org\/fr\/#\/schema\/person\/43650ebd889d8960700b5456ed9264c4"},"headline":"L&#8217;Iran pr\u00eat \u00e0 organiser prochainement une commission \u00e9conomique conjointe avec l&#8217;Alg\u00e9rie","datePublished":"2023-01-10T12:25:17+00:00","mainEntityOfPage":{"@id":"https:\/\/jazairhope.org\/fr\/liran-pret-a-organiser-prochainement-une-commission-economique-conjointe-avec-lalgerie\/"},"wordCount":1081,"commentCount":0,"image":{"@id":"https:\/\/jazairhope.org\/fr\/liran-pret-a-organiser-prochainement-une-commission-economique-conjointe-avec-lalgerie\/#primaryimage"},"thumbnailUrl":"https:\/\/jazairhope.org\/wp-content\/uploads\/2023\/01\/c6f66735-9ea3-4648-a746-ee0a7d5eb77e.jpg","articleSection":["Politique"],"inLanguage":"fr-FR","potentialAction":[{"@type":"CommentAction","name":"Comment","target":["https:\/\/jazairhope.org\/fr\/liran-pret-a-organiser-prochainement-une-commission-economique-conjointe-avec-lalgerie\/#respond"]}]},{"@type":"WebPage","@id":"https:\/\/jazairhope.org\/fr\/liran-pret-a-organiser-prochainement-une-commission-economique-conjointe-avec-lalgerie\/","url":"https:\/\/jazairhope.org\/fr\/liran-pret-a-organiser-prochainement-une-commission-economique-conjointe-avec-lalgerie\/","name":"L'Iran pr\u00eat \u00e0 organiser prochainement une commission \u00e9conomique conjointe avec l'Alg\u00e9rie - AAH.JZR","isPartOf":{"@id":"https:\/\/jazairhope.org\/fr\/#website"},"primaryImageOfPage":{"@id":"https:\/\/jazairhope.org\/fr\/liran-pret-a-organiser-prochainement-une-commission-economique-conjointe-avec-lalgerie\/#primaryimage"},"image":{"@id":"https:\/\/jazairhope.org\/fr\/liran-pret-a-organiser-prochainement-une-commission-economique-conjointe-avec-lalgerie\/#primaryimage"},"thumbnailUrl":"https:\/\/jazairhope.org\/wp-content\/uploads\/2023\/01\/c6f66735-9ea3-4648-a746-ee0a7d5eb77e.jpg","datePublished":"2023-01-10T12:25:17+00:00","author":{"@id":"https:\/\/jazairhope.org\/fr\/#\/schema\/person\/43650ebd889d8960700b5456ed9264c4"},"breadcrumb":{"@id":"https:\/\/jazairhope.org\/fr\/liran-pret-a-organiser-prochainement-une-commission-economique-conjointe-avec-lalgerie\/#breadcrumb"},"inLanguage":"fr-FR","potentialAction":[{"@type":"ReadAction","target":["https:\/\/jazairhope.org\/fr\/liran-pret-a-organiser-prochainement-une-commission-economique-conjointe-avec-lalgerie\/"]}]},{"@type":"ImageObject","inLanguage":"fr-FR","@id":"https:\/\/jazairhope.org\/fr\/liran-pret-a-organiser-prochainement-une-commission-economique-conjointe-avec-lalgerie\/#primaryimage","url":"https:\/\/jazairhope.org\/wp-content\/uploads\/2023\/01\/c6f66735-9ea3-4648-a746-ee0a7d5eb77e.jpg","contentUrl":"https:\/\/jazairhope.org\/wp-content\/uploads\/2023\/01\/c6f66735-9ea3-4648-a746-ee0a7d5eb77e.jpg","width":1000,"height":562},{"@type":"BreadcrumbList","@id":"https:\/\/jazairhope.org\/fr\/liran-pret-a-organiser-prochainement-une-commission-economique-conjointe-avec-lalgerie\/#breadcrumb","itemListElement":[{"@type":"ListItem","position":1,"name":"Accueil","item":"https:\/\/jazairhope.org\/fr\/"},{"@type":"ListItem","position":2,"name":"L&rsquo;Iran pr\u00eat \u00e0 organiser prochainement une commission \u00e9conomique conjointe avec l&rsquo;Alg\u00e9rie"}]},{"@type":"WebSite","@id":"https:\/\/jazairhope.org\/fr\/#website","url":"https:\/\/jazairhope.org\/fr\/","name":"AAH.JZR","description":"Environment, Health, Science, Art, Economics","potentialAction":[{"@type":"SearchAction","target":{"@type":"EntryPoint","urlTemplate":"https:\/\/jazairhope.org\/fr\/?s={search_term_string}"},"query-input":{"@type":"PropertyValueSpecification","valueRequired":true,"valueName":"search_term_string"}}],"inLanguage":"fr-FR"},{"@type":"Person","@id":"https:\/\/jazairhope.org\/fr\/#\/schema\/person\/43650ebd889d8960700b5456ed9264c4","name":"Ssuperadmin","image":{"@type":"ImageObject","inLanguage":"fr-FR","@id":"https:\/\/secure.gravatar.com\/avatar\/b4068e88b9c557952c81ca0efc4e11e19a2ed480173b8cef95a240894b16bf22?s=96&d=mm&r=g","url":"https:\/\/secure.gravatar.com\/avatar\/b4068e88b9c557952c81ca0efc4e11e19a2ed480173b8cef95a240894b16bf22?s=96&d=mm&r=g","contentUrl":"https:\/\/secure.gravatar.com\/avatar\/b4068e88b9c557952c81ca0efc4e11e19a2ed480173b8cef95a240894b16bf22?s=96&d=mm&r=g","caption":"Ssuperadmin"},"sameAs":["https:\/\/jazairhope.org"],"url":"https:\/\/jazairhope.org\/fr\/author\/superadmin\/"}]}},"views":265,"_links":{"self":[{"href":"https:\/\/jazairhope.org\/fr\/wp-json\/wp\/v2\/posts\/67473","targetHints":{"allow":["GET"]}}],"collection":[{"href":"https:\/\/jazairhope.org\/fr\/wp-json\/wp\/v2\/posts"}],"about":[{"href":"https:\/\/jazairhope.org\/fr\/wp-json\/wp\/v2\/types\/post"}],"author":[{"embeddable":true,"href":"https:\/\/jazairhope.org\/fr\/wp-json\/wp\/v2\/users\/1"}],"replies":[{"embeddable":true,"href":"https:\/\/jazairhope.org\/fr\/wp-json\/wp\/v2\/comments?post=67473"}],"version-history":[{"count":0,"href":"https:\/\/jazairhope.org\/fr\/wp-json\/wp\/v2\/posts\/67473\/revisions"}],"wp:featuredmedia":[{"embeddable":true,"href":"https:\/\/jazairhope.org\/fr\/wp-json\/wp\/v2\/media\/67475"}],"wp:attachment":[{"href":"https:\/\/jazairhope.org\/fr\/wp-json\/wp\/v2\/media?parent=67473"}],"wp:term":[{"taxonomy":"category","embeddable":true,"href":"https:\/\/jazairhope.org\/fr\/wp-json\/wp\/v2\/categories?post=67473"},{"taxonomy":"post_tag","embeddable":true,"href":"https:\/\/jazairhope.org\/fr\/wp-json\/wp\/v2\/tags?post=67473"}],"curies":[{"name":"wp","href":"https:\/\/api.w.org\/{rel}","templated":true}]}}