{"id":68389,"date":"2023-01-20T12:23:22","date_gmt":"2023-01-20T11:23:22","guid":{"rendered":"https:\/\/jazairhope.org\/?p=68389"},"modified":"2023-01-20T17:07:29","modified_gmt":"2023-01-20T16:07:29","slug":"lunion-europeenne-sanctionne-le-maroc","status":"publish","type":"post","link":"https:\/\/jazairhope.org\/fr\/lunion-europeenne-sanctionne-le-maroc\/","title":{"rendered":"L&#8217;Union Europ\u00e9enne Sanctionne Le Maroc, le roi mohamed6 dans la Tourmente"},"content":{"rendered":"<h6><img decoding=\"async\" class=\"alignleft\" src=\"https:\/\/jazairhope.org\/wp-content\/uploads\/2022\/05\/Capture-16-300x297.png\" width=\"94\" height=\"93\" \/>Par <a href=\"https:\/\/www.facebook.com\/hassen.kacimi.1\">Mr Hassen Kacimi<\/a><\/h6>\n<p>Le compte \u00e0 rebours de la descente aux enfers du roi et de son makhzen a sonn\u00e9 comme un glas, avec force et violence, que personne ne pourra arr\u00eater, m\u00eame pas l&#8217;argent de la drogue, cultiv\u00e9e \u00e0 une \u00e9chelle industrielle dans ce pays.<\/p>\n<p>Le parlement europ\u00e9en se r\u00e9veille sur de tr\u00e8s graves malversations du Maroc qui a r\u00e9ussi \u00e0 corrompre plusieurs parlementaires europ\u00e9ens, dont l&#8217;immunit\u00e9 leur a \u00e9t\u00e9 retir\u00e9e, puis incarc\u00e9r\u00e9s par la justice de Bruxelles.<\/p>\n<p>Le parlement europ\u00e9en se venge et sanctionne durement le Maroc, en attendant d&#8217;autres sanctions \u00e9conomiques et politiques \u00e0 venir, sur des dossiers importants, o\u00f9 le Maroc est accus\u00e9 de corruption et d&#8217;ing\u00e9rence dans les affaires souveraines et int\u00e9rieures de l&#8217;Union Europ\u00e9enne.<\/p>\n<blockquote><p><strong>En effet, la <a href=\"https:\/\/www.europarl.europa.eu\/news\/fr\/press-room\/20230113IPR66659\/violations-des-droits-humains-au-bresil-au-maroc-et-au-haut-karabakh\">r\u00e9solution<\/a> a \u00e9t\u00e9 adopt\u00e9e par le parlement europ\u00e9en en s\u00e9ance pl\u00e9ni\u00e8re et frappe de plein fouet le Maroc si l\u2019on consid\u00e8re que c\u2019est une premi\u00e8re depuis 25 ans et qu\u2019elle a \u00e9t\u00e9 adopt\u00e9e par 356 voix pour, 32 contre, soit une majorit\u00e9 \u00e9crasante de 83% et 42 abstentions.<\/strong><\/p><\/blockquote>\n<p>La descente aux enfers du makhzan d\u00e9linquant a \u00e9t\u00e9 d\u00e9clench\u00e9e par les parlementaires Europ\u00e9ens, qui se sont r\u00e9volt\u00e9s, apr\u00e8s que leur honneur ait \u00e9t\u00e9 souill\u00e9 par les r\u00e9seaux occultes du makhzen, du blanchiment des capitaux de la drogue.<\/p>\n<p>L&#8217;Algerie est souvent la cible privil\u00e9gi\u00e9e, depuis fort longtemps, d&#8217;un makhzen aux abois qui s&#8217;est sp\u00e9cialis\u00e9 dans les coups tordus, dans le banditisme, la piraterie internationale et le vol du patrimoine culturel de l&#8217;Algerie.<\/p>\n<p>Pegasus est aussi une grave affaire d&#8217;espionnage qui a cibl\u00e9 l&#8217;Union Europ\u00e9enne.<\/p>\n<p>Celle ci n&#8217;a pas encore pris de sanctions sur ce dossier d&#8217;atteinte \u00e0 la s\u00e9curit\u00e9 de cette organisation.<\/p>\n<blockquote><p>L&#8217;ancien pr\u00e9sident de la CAF, le malgache Ahmed Ahmed, dont la famille et ses enfants sont install\u00e9s au Maroc, est connu pour ses accointances douteuses, avec le makhzen qui lui a servi d&#8217;\u00e9normes privil\u00e8ges pour faciliter la prise en otage de\u00a0 cette prestigieuse organisation Africaine de football.Une plainte \u00e0 \u00e9t\u00e9 d\u00e9pos\u00e9e par l&#8217;ancien secr\u00e9taire g\u00e9n\u00e9ral de la Caf, Amr Fahmy, contre le pr\u00e9sident de la Caf qui a \u00e9t\u00e9 suspendu par la FIFA et condamn\u00e9 \u00e0 une amende de 220 000 dollars.<\/p><\/blockquote>\n<p>Nous devons absolument\u00a0 rappeler que le Maroc est aussi inscrit sur la liste grise du Gafi, une organisation intergouvernementale, comprenant deux cent pays.<\/p>\n<p>Le Gafi est un partenaire de l&#8217;organisation des Nations Unies pour la lutte contre le crime, le blanchiment d&#8217;argent et la drogue- ONUDC , qui a sanctionn\u00e9\u00a0 le makhzen de blanchiment de l&#8217;argent de la drogue.<\/p>\n<p>Les r\u00e9seaux de la drogue et les capitaux de ces revenus servent, principalement, \u00e0 corrompre des personnalit\u00e9s politiques occidentales, influentes, au sein du parlement europ\u00e9en, notamment aux Etats Unis, au sein de plusieurs organisations internationales des Nations Unies, ainsi que d&#8217;autres organisation r\u00e9gionales, ou continentales Africaines.<\/p>\n<blockquote>\n<div dir=\"auto\">Josep Borrell, Haut repr\u00e9sentant de l&#8217;Union Europ\u00e9enne, pour les affaires \u00e9trang\u00e8res et la politique de s\u00e9curit\u00e9, s&#8217;est d\u00e9plac\u00e9, r\u00e9cemment, au Maroc et il n&#8217;a pas h\u00e9sit\u00e9, lors d&#8217;une conf\u00e9rence de presse, en pr\u00e9sence du ministre des affaires \u00e9trang\u00e8res Bourita, de menacer, en promettant que nul n&#8217;\u00e9chappera aux sanctions judiciaires de l&#8217;Union Europ\u00e9enne, dans le scandale de corruption qui a \u00e9clabouss\u00e9 plusieurs d\u00e9put\u00e9s europ\u00e9ens. <strong>Tout le monde aura compris que ces menaces s&#8217;adressent directement, sans m\u00e9nagement, au roi du Maroc et \u00e0 sa cour.<\/strong><\/div>\n<\/blockquote>\n<div dir=\"auto\">\n<p>La s\u00e9rie des revers et des scandales du Maroc se poursuit et s&#8217;amplifie dans le monde.<\/p>\n<p>Le licenciement, ces derniers jours, de la Marocaine, d\u00e9nomm\u00e9e Wafa Beraichi, cheffe d&#8217;unit\u00e9 administrative \u00e0 l&#8217;Organisation des Nations Unies pour l&#8217;\u00e9ducation, la science et la culture (UNESCO), pour connivence avec les services de renseignements marocains, est un autre coup dur, qui accable le Maroc.<\/p>\n<p>Cela est un autre acte d&#8217;accusation contre le makhzen qui se retranche, dans son dernier refuge des lobbys sionistes, qui ne peuvent plus lui assurer l&#8217;impunit\u00e9, face \u00e0 une redoutable justice internationale.<\/p>\n<p>Cette \u00e9ni\u00e8me trahison du Maroc est un acte qui met \u00e0 nu les pratiques d&#8217;un makhzen qui se met lui m\u00eame au banc des accus\u00e9s de la communaut\u00e9 internationale.<\/p>\n<p>Un retour de manivelle impr\u00e9vu, d&#8217;un roi sioniste et v\u00e9reux qui\u00a0 joue et perd et il re\u00e7oit, contre toute attente, une vol\u00e9e de bois vert, un fort desavoeu et une condamnation, cassant une impunit\u00e9 fortement r\u00e9tribu\u00e9e,devant faire du Maroc, sur le plan international, un pariat et un pays infr\u00e9quentable.<\/p>\n<p>Le nouveau roi du Maroc, le fameux Azoulay, a r\u00e9ussi de faire de ce pays une petite province, o\u00f9 viennent se reposer, les judas, les pervers et les d\u00e9prav\u00e9s, dans le paradis des filles de joie du makhzen.<\/p>\n<p>Cela est un coup dur pour le peuple Marocain qui a perdu son honneur et sa dignit\u00e9.<\/p>\n<p>Il vient d&#8217;apprendre, \u00e0 ses d\u00e9pends, que la normalisation avec l&#8217;entit\u00e9 sioniste ne lui a valu que des malheurs et des d\u00e9boires, en s\u00e9rie.<\/p>\n<p>Au Maroc, le vent de la r\u00e9volte populaire gronde et enfle.<\/p>\n<p>Un v\u00e9ritable ouragan s&#8217;annonce, avec violence, comme une justice divine, pour punir les multiples trahisons d&#8217;un roi f\u00e9lon, d\u00e9prav\u00e9, dont l&#8217;honneur a \u00e9t\u00e9 souill\u00e9 par les fr\u00e8res zater, en concubinage, au Gabon, avec Mohamed 6.<\/p>\n<\/div>\n<div dir=\"auto\"><\/div>\n<div dir=\"auto\">Les fr\u00e8res zater ont pris en otage le roi et sa cour, livr\u00e9e \u00e0 de piteux d\u00e9linquants, notoirement connus.<\/div>\n<blockquote>\n<div dir=\"auto\">Il est temps, pour le parlement Europ\u00e9en de retirer les verrous de l&#8217;argent sal du Maroc, sur le dossier du Sahara Occident, et de mettre en oeuvre les d\u00e9cisions de la cour de justice internationale et de la cour de justice Europ\u00e9enne, pour organiser, rapidement, le r\u00e9f\u00e9rendum d&#8217;autod\u00e9termination du peuple Sahraoui.<\/div>\n<\/blockquote>\n<div dir=\"auto\">Apr\u00e8s la decolonisation du Sahara occidental, il faudra penser, s\u00e9rieusement, \u00e0 d\u00e9coloniser le Maroc, pour installer la r\u00e9publique du peuple, qui chassera, de ce pays, une famille corrompue et perverse.<\/div>\n<div dir=\"auto\"><\/div>\n<div dir=\"auto\">\n<h6 id=\":qj\" class=\"hP\" tabindex=\"-1\" data-thread-perm-id=\"thread-f:1679747815238234137\" data-legacy-thread-id=\"174fa9bcff837019\"><strong>Biographie M. <a href=\"https:\/\/www.facebook.com\/hassen.kacimi.1\">Hassen Kacimi<\/a> :<\/strong><\/h6>\n<div dir=\"ltr\">\n<p><img decoding=\"async\" class=\"wp-image-52647 alignright\" src=\"https:\/\/jazairhope.org\/wp-content\/uploads\/2022\/05\/Capture-16-300x297.png\" alt=\"\" width=\"166\" height=\"164\" srcset=\"https:\/\/jazairhope.org\/wp-content\/uploads\/2022\/05\/Capture-16-300x297.png 300w, https:\/\/jazairhope.org\/wp-content\/uploads\/2022\/05\/Capture-16.png 330w\" sizes=\"(max-width: 166px) 100vw, 166px\" \/><\/p>\n<ul>\n<li aria-level=\"1\">Chef de bureau minist\u00e8re des transports- 1978 -1980<\/li>\n<li aria-level=\"1\">Charg\u00e9 de mission wilaya Tamanrasset, 1980 &#8211; 1984 .<\/li>\n<li aria-level=\"1\">1984 &#8211; 1998 &#8211; directeur administration territoriale<\/li>\n<li aria-level=\"1\">Sous directeur de la circulation des personnes, ministere de l\u2019inte\u0301rieur , 1998- 2008.<\/li>\n<li aria-level=\"1\">Directeur ministe\u0300re de l\u2019inte\u0301rieur, 2008 &#8211; premier trimestre 2020.<\/li>\n<li style=\"font-weight: 400;\" aria-level=\"1\">Pre\u0301sident du comite\u0301 interministe\u0301riel , charge\u0301 de l\u2019e\u0301tude et du suivi des proble\u0301matiques migratoires ( 2015 &#8211; premier trimestre 2020)<\/li>\n<li style=\"font-weight: 400;\" aria-level=\"1\">Gestion des crises au sein du centre op\u00e9rationnel ( 2015 &#8211; premier trimestre 2020)<\/li>\n<li>Repr\u00e9sentation de l&#8217;Alg\u00e9rie , \u00e0 l\u2019\u00e9tranger , en tant qu\u2019expert.<\/li>\n<li style=\"font-weight: 400;\" aria-level=\"1\"><span style=\"font-weight: 400;\">Expert international des flux migratoires, reconnu par des organisations onusiennes. <\/span><span style=\"font-weight: 400;\">Expert du Sahel et de la gestion des crises .<\/span><\/li>\n<li><span style=\"font-weight: 400;\">Plusieurs communications, \u00e0 l\u2019universit\u00e9 de sciences politiques et l\u2019\u00e9cole des sciences politiques, ainsi qu&#8217;<\/span><span style=\"font-weight: 400;\">\u00e0\u00a0 l\u2019\u00e9cole de guerre de Tamentfoust et l\u2019institut des \u00e9tudes strat\u00e9giques globales ( INESG )<\/span><\/li>\n<li><span style=\"font-weight: 400;\">Distinction de l\u2019institut f\u00e9d\u00e9ral allemand des hautes \u00e9tudes de s\u00e9curit\u00e9 .<\/span><\/li>\n<\/ul>\n<\/div>\n<\/div>\n","protected":false},"excerpt":{"rendered":"<p>Par Mr Hassen Kacimi Le compte \u00e0 rebours de la descente aux enfers du roi et de son makhzen a sonn\u00e9 comme&hellip;<\/p>\n","protected":false},"author":1,"featured_media":68392,"comment_status":"open","ping_status":"open","sticky":false,"template":"","format":"standard","meta":{"_lmt_disableupdate":"","_lmt_disable":"","footnotes":""},"categories":[49],"tags":[],"class_list":["post-68389","post","type-post","status-publish","format-standard","has-post-thumbnail","hentry","category-politique"],"yoast_head":"<!-- This site is optimized with the Yoast SEO plugin v27.3 - https:\/\/yoast.com\/product\/yoast-seo-wordpress\/ -->\n<title>L&#039;Union Europ\u00e9enne Sanctionne Le Maroc, le roi mohamed6 dans la Tourmente - AAH.JZR<\/title>\n<meta name=\"robots\" content=\"index, follow, max-snippet:-1, max-image-preview:large, max-video-preview:-1\" \/>\n<link rel=\"canonical\" href=\"https:\/\/jazairhope.org\/fr\/lunion-europeenne-sanctionne-le-maroc\/\" \/>\n<meta property=\"og:locale\" content=\"fr_FR\" \/>\n<meta property=\"og:type\" content=\"article\" \/>\n<meta property=\"og:title\" content=\"L&#039;Union Europ\u00e9enne Sanctionne Le Maroc, le roi mohamed6 dans la Tourmente - AAH.JZR\" \/>\n<meta property=\"og:description\" content=\"Par Mr Hassen Kacimi Le compte \u00e0 rebours de la descente aux enfers du roi et de son makhzen a sonn\u00e9 comme&hellip;\" \/>\n<meta property=\"og:url\" content=\"https:\/\/jazairhope.org\/fr\/lunion-europeenne-sanctionne-le-maroc\/\" \/>\n<meta property=\"og:site_name\" content=\"AAH.JZR\" \/>\n<meta property=\"article:publisher\" content=\"https:\/\/www.facebook.com\/jazairhope\" \/>\n<meta property=\"article:published_time\" content=\"2023-01-20T11:23:22+00:00\" \/>\n<meta property=\"article:modified_time\" content=\"2023-01-20T16:07:29+00:00\" \/>\n<meta property=\"og:image\" content=\"https:\/\/jazairhope.org\/wp-content\/uploads\/2023\/01\/jh-75.jpg\" \/>\n\t<meta property=\"og:image:width\" content=\"1166\" \/>\n\t<meta property=\"og:image:height\" content=\"648\" \/>\n\t<meta property=\"og:image:type\" content=\"image\/jpeg\" \/>\n<meta name=\"author\" content=\"Ssuperadmin\" \/>\n<meta name=\"twitter:card\" content=\"summary_large_image\" \/>\n<meta name=\"twitter:label1\" content=\"\u00c9crit par\" \/>\n\t<meta name=\"twitter:data1\" content=\"Ssuperadmin\" \/>\n\t<meta name=\"twitter:label2\" content=\"Dur\u00e9e de lecture estim\u00e9e\" \/>\n\t<meta name=\"twitter:data2\" content=\"6 minutes\" \/>\n<script type=\"application\/ld+json\" class=\"yoast-schema-graph\">{\"@context\":\"https:\\\/\\\/schema.org\",\"@graph\":[{\"@type\":\"Article\",\"@id\":\"https:\\\/\\\/jazairhope.org\\\/fr\\\/lunion-europeenne-sanctionne-le-maroc\\\/#article\",\"isPartOf\":{\"@id\":\"https:\\\/\\\/jazairhope.org\\\/fr\\\/lunion-europeenne-sanctionne-le-maroc\\\/\"},\"author\":{\"name\":\"Ssuperadmin\",\"@id\":\"https:\\\/\\\/jazairhope.org\\\/fr\\\/#\\\/schema\\\/person\\\/43650ebd889d8960700b5456ed9264c4\"},\"headline\":\"L&#8217;Union Europ\u00e9enne Sanctionne Le Maroc, le roi mohamed6 dans la Tourmente\",\"datePublished\":\"2023-01-20T11:23:22+00:00\",\"dateModified\":\"2023-01-20T16:07:29+00:00\",\"mainEntityOfPage\":{\"@id\":\"https:\\\/\\\/jazairhope.org\\\/fr\\\/lunion-europeenne-sanctionne-le-maroc\\\/\"},\"wordCount\":1231,\"commentCount\":1,\"image\":{\"@id\":\"https:\\\/\\\/jazairhope.org\\\/fr\\\/lunion-europeenne-sanctionne-le-maroc\\\/#primaryimage\"},\"thumbnailUrl\":\"https:\\\/\\\/jazairhope.org\\\/wp-content\\\/uploads\\\/2023\\\/01\\\/jh-75.jpg\",\"articleSection\":[\"Politique\"],\"inLanguage\":\"fr-FR\",\"potentialAction\":[{\"@type\":\"CommentAction\",\"name\":\"Comment\",\"target\":[\"https:\\\/\\\/jazairhope.org\\\/fr\\\/lunion-europeenne-sanctionne-le-maroc\\\/#respond\"]}]},{\"@type\":\"WebPage\",\"@id\":\"https:\\\/\\\/jazairhope.org\\\/fr\\\/lunion-europeenne-sanctionne-le-maroc\\\/\",\"url\":\"https:\\\/\\\/jazairhope.org\\\/fr\\\/lunion-europeenne-sanctionne-le-maroc\\\/\",\"name\":\"L'Union Europ\u00e9enne Sanctionne Le Maroc, le roi mohamed6 dans la Tourmente - AAH.JZR\",\"isPartOf\":{\"@id\":\"https:\\\/\\\/jazairhope.org\\\/fr\\\/#website\"},\"primaryImageOfPage\":{\"@id\":\"https:\\\/\\\/jazairhope.org\\\/fr\\\/lunion-europeenne-sanctionne-le-maroc\\\/#primaryimage\"},\"image\":{\"@id\":\"https:\\\/\\\/jazairhope.org\\\/fr\\\/lunion-europeenne-sanctionne-le-maroc\\\/#primaryimage\"},\"thumbnailUrl\":\"https:\\\/\\\/jazairhope.org\\\/wp-content\\\/uploads\\\/2023\\\/01\\\/jh-75.jpg\",\"datePublished\":\"2023-01-20T11:23:22+00:00\",\"dateModified\":\"2023-01-20T16:07:29+00:00\",\"author\":{\"@id\":\"https:\\\/\\\/jazairhope.org\\\/fr\\\/#\\\/schema\\\/person\\\/43650ebd889d8960700b5456ed9264c4\"},\"breadcrumb\":{\"@id\":\"https:\\\/\\\/jazairhope.org\\\/fr\\\/lunion-europeenne-sanctionne-le-maroc\\\/#breadcrumb\"},\"inLanguage\":\"fr-FR\",\"potentialAction\":[{\"@type\":\"ReadAction\",\"target\":[\"https:\\\/\\\/jazairhope.org\\\/fr\\\/lunion-europeenne-sanctionne-le-maroc\\\/\"]}]},{\"@type\":\"ImageObject\",\"inLanguage\":\"fr-FR\",\"@id\":\"https:\\\/\\\/jazairhope.org\\\/fr\\\/lunion-europeenne-sanctionne-le-maroc\\\/#primaryimage\",\"url\":\"https:\\\/\\\/jazairhope.org\\\/wp-content\\\/uploads\\\/2023\\\/01\\\/jh-75.jpg\",\"contentUrl\":\"https:\\\/\\\/jazairhope.org\\\/wp-content\\\/uploads\\\/2023\\\/01\\\/jh-75.jpg\",\"width\":1166,\"height\":648},{\"@type\":\"BreadcrumbList\",\"@id\":\"https:\\\/\\\/jazairhope.org\\\/fr\\\/lunion-europeenne-sanctionne-le-maroc\\\/#breadcrumb\",\"itemListElement\":[{\"@type\":\"ListItem\",\"position\":1,\"name\":\"Accueil\",\"item\":\"https:\\\/\\\/jazairhope.org\\\/fr\\\/\"},{\"@type\":\"ListItem\",\"position\":2,\"name\":\"L&rsquo;Union Europ\u00e9enne Sanctionne Le Maroc, le roi mohamed6 dans la Tourmente\"}]},{\"@type\":\"WebSite\",\"@id\":\"https:\\\/\\\/jazairhope.org\\\/fr\\\/#website\",\"url\":\"https:\\\/\\\/jazairhope.org\\\/fr\\\/\",\"name\":\"AAH.JZR\",\"description\":\"Environment, Health, Science, Art, Economics\",\"potentialAction\":[{\"@type\":\"SearchAction\",\"target\":{\"@type\":\"EntryPoint\",\"urlTemplate\":\"https:\\\/\\\/jazairhope.org\\\/fr\\\/?s={search_term_string}\"},\"query-input\":{\"@type\":\"PropertyValueSpecification\",\"valueRequired\":true,\"valueName\":\"search_term_string\"}}],\"inLanguage\":\"fr-FR\"},{\"@type\":\"Person\",\"@id\":\"https:\\\/\\\/jazairhope.org\\\/fr\\\/#\\\/schema\\\/person\\\/43650ebd889d8960700b5456ed9264c4\",\"name\":\"Ssuperadmin\",\"image\":{\"@type\":\"ImageObject\",\"inLanguage\":\"fr-FR\",\"@id\":\"https:\\\/\\\/secure.gravatar.com\\\/avatar\\\/b4068e88b9c557952c81ca0efc4e11e19a2ed480173b8cef95a240894b16bf22?s=96&d=mm&r=g\",\"url\":\"https:\\\/\\\/secure.gravatar.com\\\/avatar\\\/b4068e88b9c557952c81ca0efc4e11e19a2ed480173b8cef95a240894b16bf22?s=96&d=mm&r=g\",\"contentUrl\":\"https:\\\/\\\/secure.gravatar.com\\\/avatar\\\/b4068e88b9c557952c81ca0efc4e11e19a2ed480173b8cef95a240894b16bf22?s=96&d=mm&r=g\",\"caption\":\"Ssuperadmin\"},\"sameAs\":[\"https:\\\/\\\/jazairhope.org\"],\"url\":\"https:\\\/\\\/jazairhope.org\\\/fr\\\/author\\\/superadmin\\\/\"}]}<\/script>\n<!-- \/ Yoast SEO plugin. -->","yoast_head_json":{"title":"L'Union Europ\u00e9enne Sanctionne Le Maroc, le roi mohamed6 dans la Tourmente - AAH.JZR","robots":{"index":"index","follow":"follow","max-snippet":"max-snippet:-1","max-image-preview":"max-image-preview:large","max-video-preview":"max-video-preview:-1"},"canonical":"https:\/\/jazairhope.org\/fr\/lunion-europeenne-sanctionne-le-maroc\/","og_locale":"fr_FR","og_type":"article","og_title":"L'Union Europ\u00e9enne Sanctionne Le Maroc, le roi mohamed6 dans la Tourmente - AAH.JZR","og_description":"Par Mr Hassen Kacimi Le compte \u00e0 rebours de la descente aux enfers du roi et de son makhzen a sonn\u00e9 comme&hellip;","og_url":"https:\/\/jazairhope.org\/fr\/lunion-europeenne-sanctionne-le-maroc\/","og_site_name":"AAH.JZR","article_publisher":"https:\/\/www.facebook.com\/jazairhope","article_published_time":"2023-01-20T11:23:22+00:00","article_modified_time":"2023-01-20T16:07:29+00:00","og_image":[{"width":1166,"height":648,"url":"https:\/\/jazairhope.org\/wp-content\/uploads\/2023\/01\/jh-75.jpg","type":"image\/jpeg"}],"author":"Ssuperadmin","twitter_card":"summary_large_image","twitter_misc":{"\u00c9crit par":"Ssuperadmin","Dur\u00e9e de lecture estim\u00e9e":"6 minutes"},"schema":{"@context":"https:\/\/schema.org","@graph":[{"@type":"Article","@id":"https:\/\/jazairhope.org\/fr\/lunion-europeenne-sanctionne-le-maroc\/#article","isPartOf":{"@id":"https:\/\/jazairhope.org\/fr\/lunion-europeenne-sanctionne-le-maroc\/"},"author":{"name":"Ssuperadmin","@id":"https:\/\/jazairhope.org\/fr\/#\/schema\/person\/43650ebd889d8960700b5456ed9264c4"},"headline":"L&#8217;Union Europ\u00e9enne Sanctionne Le Maroc, le roi mohamed6 dans la Tourmente","datePublished":"2023-01-20T11:23:22+00:00","dateModified":"2023-01-20T16:07:29+00:00","mainEntityOfPage":{"@id":"https:\/\/jazairhope.org\/fr\/lunion-europeenne-sanctionne-le-maroc\/"},"wordCount":1231,"commentCount":1,"image":{"@id":"https:\/\/jazairhope.org\/fr\/lunion-europeenne-sanctionne-le-maroc\/#primaryimage"},"thumbnailUrl":"https:\/\/jazairhope.org\/wp-content\/uploads\/2023\/01\/jh-75.jpg","articleSection":["Politique"],"inLanguage":"fr-FR","potentialAction":[{"@type":"CommentAction","name":"Comment","target":["https:\/\/jazairhope.org\/fr\/lunion-europeenne-sanctionne-le-maroc\/#respond"]}]},{"@type":"WebPage","@id":"https:\/\/jazairhope.org\/fr\/lunion-europeenne-sanctionne-le-maroc\/","url":"https:\/\/jazairhope.org\/fr\/lunion-europeenne-sanctionne-le-maroc\/","name":"L'Union Europ\u00e9enne Sanctionne Le Maroc, le roi mohamed6 dans la Tourmente - AAH.JZR","isPartOf":{"@id":"https:\/\/jazairhope.org\/fr\/#website"},"primaryImageOfPage":{"@id":"https:\/\/jazairhope.org\/fr\/lunion-europeenne-sanctionne-le-maroc\/#primaryimage"},"image":{"@id":"https:\/\/jazairhope.org\/fr\/lunion-europeenne-sanctionne-le-maroc\/#primaryimage"},"thumbnailUrl":"https:\/\/jazairhope.org\/wp-content\/uploads\/2023\/01\/jh-75.jpg","datePublished":"2023-01-20T11:23:22+00:00","dateModified":"2023-01-20T16:07:29+00:00","author":{"@id":"https:\/\/jazairhope.org\/fr\/#\/schema\/person\/43650ebd889d8960700b5456ed9264c4"},"breadcrumb":{"@id":"https:\/\/jazairhope.org\/fr\/lunion-europeenne-sanctionne-le-maroc\/#breadcrumb"},"inLanguage":"fr-FR","potentialAction":[{"@type":"ReadAction","target":["https:\/\/jazairhope.org\/fr\/lunion-europeenne-sanctionne-le-maroc\/"]}]},{"@type":"ImageObject","inLanguage":"fr-FR","@id":"https:\/\/jazairhope.org\/fr\/lunion-europeenne-sanctionne-le-maroc\/#primaryimage","url":"https:\/\/jazairhope.org\/wp-content\/uploads\/2023\/01\/jh-75.jpg","contentUrl":"https:\/\/jazairhope.org\/wp-content\/uploads\/2023\/01\/jh-75.jpg","width":1166,"height":648},{"@type":"BreadcrumbList","@id":"https:\/\/jazairhope.org\/fr\/lunion-europeenne-sanctionne-le-maroc\/#breadcrumb","itemListElement":[{"@type":"ListItem","position":1,"name":"Accueil","item":"https:\/\/jazairhope.org\/fr\/"},{"@type":"ListItem","position":2,"name":"L&rsquo;Union Europ\u00e9enne Sanctionne Le Maroc, le roi mohamed6 dans la Tourmente"}]},{"@type":"WebSite","@id":"https:\/\/jazairhope.org\/fr\/#website","url":"https:\/\/jazairhope.org\/fr\/","name":"AAH.JZR","description":"Environment, Health, Science, Art, Economics","potentialAction":[{"@type":"SearchAction","target":{"@type":"EntryPoint","urlTemplate":"https:\/\/jazairhope.org\/fr\/?s={search_term_string}"},"query-input":{"@type":"PropertyValueSpecification","valueRequired":true,"valueName":"search_term_string"}}],"inLanguage":"fr-FR"},{"@type":"Person","@id":"https:\/\/jazairhope.org\/fr\/#\/schema\/person\/43650ebd889d8960700b5456ed9264c4","name":"Ssuperadmin","image":{"@type":"ImageObject","inLanguage":"fr-FR","@id":"https:\/\/secure.gravatar.com\/avatar\/b4068e88b9c557952c81ca0efc4e11e19a2ed480173b8cef95a240894b16bf22?s=96&d=mm&r=g","url":"https:\/\/secure.gravatar.com\/avatar\/b4068e88b9c557952c81ca0efc4e11e19a2ed480173b8cef95a240894b16bf22?s=96&d=mm&r=g","contentUrl":"https:\/\/secure.gravatar.com\/avatar\/b4068e88b9c557952c81ca0efc4e11e19a2ed480173b8cef95a240894b16bf22?s=96&d=mm&r=g","caption":"Ssuperadmin"},"sameAs":["https:\/\/jazairhope.org"],"url":"https:\/\/jazairhope.org\/fr\/author\/superadmin\/"}]}},"views":352,"_links":{"self":[{"href":"https:\/\/jazairhope.org\/fr\/wp-json\/wp\/v2\/posts\/68389","targetHints":{"allow":["GET"]}}],"collection":[{"href":"https:\/\/jazairhope.org\/fr\/wp-json\/wp\/v2\/posts"}],"about":[{"href":"https:\/\/jazairhope.org\/fr\/wp-json\/wp\/v2\/types\/post"}],"author":[{"embeddable":true,"href":"https:\/\/jazairhope.org\/fr\/wp-json\/wp\/v2\/users\/1"}],"replies":[{"embeddable":true,"href":"https:\/\/jazairhope.org\/fr\/wp-json\/wp\/v2\/comments?post=68389"}],"version-history":[{"count":0,"href":"https:\/\/jazairhope.org\/fr\/wp-json\/wp\/v2\/posts\/68389\/revisions"}],"wp:featuredmedia":[{"embeddable":true,"href":"https:\/\/jazairhope.org\/fr\/wp-json\/wp\/v2\/media\/68392"}],"wp:attachment":[{"href":"https:\/\/jazairhope.org\/fr\/wp-json\/wp\/v2\/media?parent=68389"}],"wp:term":[{"taxonomy":"category","embeddable":true,"href":"https:\/\/jazairhope.org\/fr\/wp-json\/wp\/v2\/categories?post=68389"},{"taxonomy":"post_tag","embeddable":true,"href":"https:\/\/jazairhope.org\/fr\/wp-json\/wp\/v2\/tags?post=68389"}],"curies":[{"name":"wp","href":"https:\/\/api.w.org\/{rel}","templated":true}]}}