{"id":68606,"date":"2023-01-24T08:33:11","date_gmt":"2023-01-24T07:33:11","guid":{"rendered":"https:\/\/jazairhope.org\/?p=68606"},"modified":"2023-01-23T22:35:25","modified_gmt":"2023-01-23T21:35:25","slug":"16e-salon-national-de-lemploi-et-de-la-formation","status":"publish","type":"post","link":"https:\/\/jazairhope.org\/fr\/16e-salon-national-de-lemploi-et-de-la-formation\/","title":{"rendered":"16e Salon national de l&#8217;emploi et de la formation"},"content":{"rendered":"<div class=\"itemImageBlock\">\n<div class=\"clr\"><strong style=\"text-transform: initial;\">ALGER &#8211; Pr\u00e8s de 50 participants et exposants repr\u00e9sentant des entreprises \u00e9conomiques et des \u00e9coles de formation sont attendus \u00e0 la 16e \u00e9dition du Salon national de l&#8217;emploi et de la formation pr\u00e9vu du 26 au 28 janvier au Palais de la culture &#8220;Moufdi Zakaria&#8221;, sous le slogan &#8220;La num\u00e9risation, un outil au service de la dynamique \u00e9conomique&#8221;, a annonc\u00e9 lundi \u00e0 Alger, le Commissaire du salon, Ali Belkhiri.<\/strong><\/div>\n<div><\/div>\n<\/div>\n<div class=\"itemFullText\">\n<p>Invit\u00e9 du forum El Moudjahid, M. Belkhiri a fait savoir que cet &#8220;espace de recrutement et de formation&#8221; constituait l&#8217;un des rendez-vous phares en la mati\u00e8re en attirant, notamment, les soci\u00e9t\u00e9s \u00e9conomiques, les \u00e9coles de formation, les demandeurs d&#8217;emploi ou encore ceux qui d\u00e9sirent cr\u00e9er des startups.<\/p>\n<blockquote><p><strong>Il fait \u00e9tat, dans ce cadre, de la &#8220;participation de pr\u00e8s de 50 participants et exposants repr\u00e9sentant des entreprises \u00e9conomiques et des \u00e9coles de formation&#8221;. Le nombre de visiteurs qui tournait pr\u00e9c\u00e9demment autour des 20.000 visiteurs est appel\u00e9 \u00e0 augmenter lors de cette 16 \u00e9dition.<\/strong><\/p><\/blockquote>\n<p>&#8220;Partant de l&#8217;importance de la ressource humaine et du r\u00f4le du recrutement et de la formation dans le renforcement de l&#8217;\u00e9conomie nationale et le d\u00e9veloppement de la capacit\u00e9 concurrentielle et productive des entreprises alg\u00e9riennes, il a \u00e9t\u00e9 proc\u00e9d\u00e9 \u00e0 l&#8217;organisation de cette \u00e9dition regroupant le recrutement et la formation&#8221;, a-t-il expliqu\u00e9.<\/p>\n<p>Le slogan retenu pour cette \u00e9dition refl\u00e8te l&#8217;importance de la g\u00e9n\u00e9ralisation de l&#8217;\u00e9conomie num\u00e9rique et l&#8217;introduction des outils de l&#8217;intelligence artificielle au niveau des \u00e9tablissements de formation afin de contribuer \u00e0 l&#8217;acc\u00e9l\u00e9ration de la croissance, de la productivit\u00e9 et de la capacit\u00e9 comp\u00e9titive des entreprises, enchaine-t-il.<\/p>\n<p>Le Salon se veut &#8220;un carrefour de rencontre entre les entreprises et les administrations en qu\u00eate de comp\u00e9tences et de nouveaux employ\u00e9s, de m\u00eame pour les instituts et les \u00e9tablissements de formation, outre les instances activant sous la tutelle des minist\u00e8res du Travail, de l&#8217;emploi et de la formation professionnelle, ainsi que les universitaires et les cadres en qu\u00eate d&#8217;un emploi, d&#8217;une formation ou d&#8217;informations pour monter leurs propres entreprises&#8221;, a affirm\u00e9 M. Belkhiri, ajoutant que ce rendez-vous &#8220;se veut une occasion pour conclure des accords de partenariat et trouver les cadres futurs&#8221;.<\/p>\n<p>A cette occasion, le commissaire du salon a mis en avant &#8220;le r\u00f4le des start-up dans la relance de l&#8217;\u00e9conomie nationale qui a besoin de projets innovants pour faire face aux perturbations de l&#8217;\u00e9conomie mondiale&#8221;, soulignant qu&#8217;apr\u00e8s deux ans d&#8217;effets et de retomb\u00e9es de la crise sanitaire du Covid-19 &#8220;l&#8217;\u00e9conomie nationale amorce une phase de relance, \u00e0 la faveur de laquelle une nouvelle dynamique a \u00e9t\u00e9 insuffl\u00e9e au march\u00e9 de l&#8217;emploi, pr\u00e9voyant la lev\u00e9e du gel sur plusieurs projets et la hausse de la demande sur la main d&#8217;\u0153uvre qualifi\u00e9e&#8221;.<\/p>\n<blockquote><p><strong>Le Salon national de l&#8217;emploi et de la formation qui durera trois jours sera marqu\u00e9 par l&#8217;organisation de conf\u00e9rences, d&#8217;ateliers et de tables rondes th\u00e9matiques consacr\u00e9es \u00e0 expliquer les syst\u00e8mes et r\u00e9solutions, la fiscalit\u00e9, la politique de recrutement, le d\u00e9veloppement de la vie professionnelle et des m\u00e9tiers, les programmes de formation et les modalit\u00e9s et conseils de r\u00e9daction des CV et l&#8217;organisation d&#8217;entretiens d&#8217;embauche et l&#8217;\u00e9valuation des comp\u00e9tences.<\/strong><\/p><\/blockquote>\n<p>Pour la premi\u00e8re fois depuis le lancement du Salon en 2007, &#8220;une base de donn\u00e9es \u00e9lectronique sera mise en place en faveur des participants regroupant tous les CV des demandeurs d&#8217;emploi y compris les personnes aux besoins sp\u00e9cifiques, dont un bon nombre\u00a0 remplit les crit\u00e8res de comp\u00e9tences requises et susceptibles d&#8217;apporter un plus qualitatif aux entreprises \u00e9conomiques&#8221;.<\/p>\n<p>APS<\/p>\n<\/div>\n","protected":false},"excerpt":{"rendered":"<p>ALGER &#8211; Pr\u00e8s de 50 participants et exposants repr\u00e9sentant des entreprises \u00e9conomiques et des \u00e9coles de formation sont attendus \u00e0 la 16e&hellip;<\/p>\n","protected":false},"author":50,"featured_media":68607,"comment_status":"open","ping_status":"open","sticky":false,"template":"","format":"standard","meta":{"_lmt_disableupdate":"","_lmt_disable":"","footnotes":""},"categories":[35],"tags":[],"class_list":["post-68606","post","type-post","status-publish","format-standard","has-post-thumbnail","hentry","category-economie"],"yoast_head":"<!-- This site is optimized with the Yoast SEO plugin v27.3 - https:\/\/yoast.com\/product\/yoast-seo-wordpress\/ -->\n<title>16e Salon national de l&#039;emploi et de la formation - AAH.JZR<\/title>\n<meta name=\"robots\" content=\"index, follow, max-snippet:-1, max-image-preview:large, max-video-preview:-1\" \/>\n<link rel=\"canonical\" href=\"https:\/\/jazairhope.org\/fr\/16e-salon-national-de-lemploi-et-de-la-formation\/\" \/>\n<meta property=\"og:locale\" content=\"fr_FR\" \/>\n<meta property=\"og:type\" content=\"article\" \/>\n<meta property=\"og:title\" content=\"16e Salon national de l&#039;emploi et de la formation - AAH.JZR\" \/>\n<meta property=\"og:description\" content=\"ALGER &#8211; Pr\u00e8s de 50 participants et exposants repr\u00e9sentant des entreprises \u00e9conomiques et des \u00e9coles de formation sont attendus \u00e0 la 16e&hellip;\" \/>\n<meta property=\"og:url\" content=\"https:\/\/jazairhope.org\/fr\/16e-salon-national-de-lemploi-et-de-la-formation\/\" \/>\n<meta property=\"og:site_name\" content=\"AAH.JZR\" \/>\n<meta property=\"article:publisher\" content=\"https:\/\/www.facebook.com\/jazairhope\" \/>\n<meta property=\"article:published_time\" content=\"2023-01-24T07:33:11+00:00\" \/>\n<meta property=\"og:image\" content=\"https:\/\/jazairhope.org\/wp-content\/uploads\/2023\/01\/jh-89.jpg\" \/>\n\t<meta property=\"og:image:width\" content=\"580\" \/>\n\t<meta property=\"og:image:height\" content=\"350\" \/>\n\t<meta property=\"og:image:type\" content=\"image\/jpeg\" \/>\n<meta name=\"author\" content=\"Hope Jzr\" \/>\n<meta name=\"twitter:card\" content=\"summary_large_image\" \/>\n<meta name=\"twitter:label1\" content=\"\u00c9crit par\" \/>\n\t<meta name=\"twitter:data1\" content=\"Hope Jzr\" \/>\n\t<meta name=\"twitter:label2\" content=\"Dur\u00e9e de lecture estim\u00e9e\" \/>\n\t<meta name=\"twitter:data2\" content=\"3 minutes\" \/>\n<script type=\"application\/ld+json\" class=\"yoast-schema-graph\">{\"@context\":\"https:\\\/\\\/schema.org\",\"@graph\":[{\"@type\":\"Article\",\"@id\":\"https:\\\/\\\/jazairhope.org\\\/fr\\\/16e-salon-national-de-lemploi-et-de-la-formation\\\/#article\",\"isPartOf\":{\"@id\":\"https:\\\/\\\/jazairhope.org\\\/fr\\\/16e-salon-national-de-lemploi-et-de-la-formation\\\/\"},\"author\":{\"name\":\"Hope Jzr\",\"@id\":\"https:\\\/\\\/jazairhope.org\\\/fr\\\/#\\\/schema\\\/person\\\/0b50f60fad840cf92313307e38c9d20d\"},\"headline\":\"16e Salon national de l&#8217;emploi et de la formation\",\"datePublished\":\"2023-01-24T07:33:11+00:00\",\"mainEntityOfPage\":{\"@id\":\"https:\\\/\\\/jazairhope.org\\\/fr\\\/16e-salon-national-de-lemploi-et-de-la-formation\\\/\"},\"wordCount\":646,\"commentCount\":0,\"image\":{\"@id\":\"https:\\\/\\\/jazairhope.org\\\/fr\\\/16e-salon-national-de-lemploi-et-de-la-formation\\\/#primaryimage\"},\"thumbnailUrl\":\"https:\\\/\\\/jazairhope.org\\\/wp-content\\\/uploads\\\/2023\\\/01\\\/jh-89.jpg\",\"articleSection\":[\"\u00c9conomie\"],\"inLanguage\":\"fr-FR\",\"potentialAction\":[{\"@type\":\"CommentAction\",\"name\":\"Comment\",\"target\":[\"https:\\\/\\\/jazairhope.org\\\/fr\\\/16e-salon-national-de-lemploi-et-de-la-formation\\\/#respond\"]}]},{\"@type\":\"WebPage\",\"@id\":\"https:\\\/\\\/jazairhope.org\\\/fr\\\/16e-salon-national-de-lemploi-et-de-la-formation\\\/\",\"url\":\"https:\\\/\\\/jazairhope.org\\\/fr\\\/16e-salon-national-de-lemploi-et-de-la-formation\\\/\",\"name\":\"16e Salon national de l'emploi et de la formation - AAH.JZR\",\"isPartOf\":{\"@id\":\"https:\\\/\\\/jazairhope.org\\\/fr\\\/#website\"},\"primaryImageOfPage\":{\"@id\":\"https:\\\/\\\/jazairhope.org\\\/fr\\\/16e-salon-national-de-lemploi-et-de-la-formation\\\/#primaryimage\"},\"image\":{\"@id\":\"https:\\\/\\\/jazairhope.org\\\/fr\\\/16e-salon-national-de-lemploi-et-de-la-formation\\\/#primaryimage\"},\"thumbnailUrl\":\"https:\\\/\\\/jazairhope.org\\\/wp-content\\\/uploads\\\/2023\\\/01\\\/jh-89.jpg\",\"datePublished\":\"2023-01-24T07:33:11+00:00\",\"author\":{\"@id\":\"https:\\\/\\\/jazairhope.org\\\/fr\\\/#\\\/schema\\\/person\\\/0b50f60fad840cf92313307e38c9d20d\"},\"breadcrumb\":{\"@id\":\"https:\\\/\\\/jazairhope.org\\\/fr\\\/16e-salon-national-de-lemploi-et-de-la-formation\\\/#breadcrumb\"},\"inLanguage\":\"fr-FR\",\"potentialAction\":[{\"@type\":\"ReadAction\",\"target\":[\"https:\\\/\\\/jazairhope.org\\\/fr\\\/16e-salon-national-de-lemploi-et-de-la-formation\\\/\"]}]},{\"@type\":\"ImageObject\",\"inLanguage\":\"fr-FR\",\"@id\":\"https:\\\/\\\/jazairhope.org\\\/fr\\\/16e-salon-national-de-lemploi-et-de-la-formation\\\/#primaryimage\",\"url\":\"https:\\\/\\\/jazairhope.org\\\/wp-content\\\/uploads\\\/2023\\\/01\\\/jh-89.jpg\",\"contentUrl\":\"https:\\\/\\\/jazairhope.org\\\/wp-content\\\/uploads\\\/2023\\\/01\\\/jh-89.jpg\",\"width\":580,\"height\":350},{\"@type\":\"BreadcrumbList\",\"@id\":\"https:\\\/\\\/jazairhope.org\\\/fr\\\/16e-salon-national-de-lemploi-et-de-la-formation\\\/#breadcrumb\",\"itemListElement\":[{\"@type\":\"ListItem\",\"position\":1,\"name\":\"Accueil\",\"item\":\"https:\\\/\\\/jazairhope.org\\\/fr\\\/\"},{\"@type\":\"ListItem\",\"position\":2,\"name\":\"16e Salon national de l&#8217;emploi et de la formation\"}]},{\"@type\":\"WebSite\",\"@id\":\"https:\\\/\\\/jazairhope.org\\\/fr\\\/#website\",\"url\":\"https:\\\/\\\/jazairhope.org\\\/fr\\\/\",\"name\":\"AAH.JZR\",\"description\":\"Environment, Health, Science, Art, Economics\",\"potentialAction\":[{\"@type\":\"SearchAction\",\"target\":{\"@type\":\"EntryPoint\",\"urlTemplate\":\"https:\\\/\\\/jazairhope.org\\\/fr\\\/?s={search_term_string}\"},\"query-input\":{\"@type\":\"PropertyValueSpecification\",\"valueRequired\":true,\"valueName\":\"search_term_string\"}}],\"inLanguage\":\"fr-FR\"},{\"@type\":\"Person\",\"@id\":\"https:\\\/\\\/jazairhope.org\\\/fr\\\/#\\\/schema\\\/person\\\/0b50f60fad840cf92313307e38c9d20d\",\"name\":\"Hope Jzr\",\"image\":{\"@type\":\"ImageObject\",\"inLanguage\":\"fr-FR\",\"@id\":\"https:\\\/\\\/secure.gravatar.com\\\/avatar\\\/0a42f66f14ba94b77f351f3bb2f3b9389c4063acb1697ffb32f5d3944782d3e7?s=96&d=mm&r=g\",\"url\":\"https:\\\/\\\/secure.gravatar.com\\\/avatar\\\/0a42f66f14ba94b77f351f3bb2f3b9389c4063acb1697ffb32f5d3944782d3e7?s=96&d=mm&r=g\",\"contentUrl\":\"https:\\\/\\\/secure.gravatar.com\\\/avatar\\\/0a42f66f14ba94b77f351f3bb2f3b9389c4063acb1697ffb32f5d3944782d3e7?s=96&d=mm&r=g\",\"caption\":\"Hope Jzr\"},\"description\":\"\u00c0 propos de Hope&amp;ChaDia Hope&amp;ChaDia n\u2019est pas un pseudonyme, mais une m\u00e9thode de travail. Hope : l\u2019id\u00e9e, l\u2019esprit, la structure, la vision. C\u2019est l\u2019impulsion humaine qui choisit l\u2019angle, trace la ligne \u00e9ditoriale et donne le sens. ChaDia : l\u2019assistante, qui met en forme, d\u00e9veloppe, affine le style et v\u00e9rifie les faits. Une aide technologique qui amplifie mais ne cr\u00e9e pas. Ensemble, Hope&amp;ChaDia produisent des textes hybrides : profond\u00e9ment humains dans leur inspiration, rigoureux et pr\u00e9cis dans leur r\u00e9alisation. . . SUPPORTEZ JAZAIRHOPE ET FAITES CONNA\u00ceTRE LE PATRIMOINE ET L\u2019HISTOIRE DE L\u2019ALG\u00c9RIE, EN ACHETANT LE LIVRE DE JAZAIRHOPE POUR VOUS OU POUR L\u2019OFFRIR A VOS PROCHES, ICI : https:\\\/\\\/jazairhope.org\\\/fr\\\/ebook\\\/ CEUX EN ALG\u00c9RIE ET CEUX QUI PEUVENT PAS L\u2019ACHETER ON OFFRE UNE COPIE DIGITALE GRATUITE, POUR CELA ENVOYEZ UN EMAIL \u00c0 : INFO@JAZAIRHOPE.ORG\",\"url\":\"https:\\\/\\\/jazairhope.org\\\/fr\\\/author\\\/hope-jazair\\\/\"}]}<\/script>\n<!-- \/ Yoast SEO plugin. -->","yoast_head_json":{"title":"16e Salon national de l'emploi et de la formation - AAH.JZR","robots":{"index":"index","follow":"follow","max-snippet":"max-snippet:-1","max-image-preview":"max-image-preview:large","max-video-preview":"max-video-preview:-1"},"canonical":"https:\/\/jazairhope.org\/fr\/16e-salon-national-de-lemploi-et-de-la-formation\/","og_locale":"fr_FR","og_type":"article","og_title":"16e Salon national de l'emploi et de la formation - AAH.JZR","og_description":"ALGER &#8211; Pr\u00e8s de 50 participants et exposants repr\u00e9sentant des entreprises \u00e9conomiques et des \u00e9coles de formation sont attendus \u00e0 la 16e&hellip;","og_url":"https:\/\/jazairhope.org\/fr\/16e-salon-national-de-lemploi-et-de-la-formation\/","og_site_name":"AAH.JZR","article_publisher":"https:\/\/www.facebook.com\/jazairhope","article_published_time":"2023-01-24T07:33:11+00:00","og_image":[{"width":580,"height":350,"url":"https:\/\/jazairhope.org\/wp-content\/uploads\/2023\/01\/jh-89.jpg","type":"image\/jpeg"}],"author":"Hope Jzr","twitter_card":"summary_large_image","twitter_misc":{"\u00c9crit par":"Hope Jzr","Dur\u00e9e de lecture estim\u00e9e":"3 minutes"},"schema":{"@context":"https:\/\/schema.org","@graph":[{"@type":"Article","@id":"https:\/\/jazairhope.org\/fr\/16e-salon-national-de-lemploi-et-de-la-formation\/#article","isPartOf":{"@id":"https:\/\/jazairhope.org\/fr\/16e-salon-national-de-lemploi-et-de-la-formation\/"},"author":{"name":"Hope Jzr","@id":"https:\/\/jazairhope.org\/fr\/#\/schema\/person\/0b50f60fad840cf92313307e38c9d20d"},"headline":"16e Salon national de l&#8217;emploi et de la formation","datePublished":"2023-01-24T07:33:11+00:00","mainEntityOfPage":{"@id":"https:\/\/jazairhope.org\/fr\/16e-salon-national-de-lemploi-et-de-la-formation\/"},"wordCount":646,"commentCount":0,"image":{"@id":"https:\/\/jazairhope.org\/fr\/16e-salon-national-de-lemploi-et-de-la-formation\/#primaryimage"},"thumbnailUrl":"https:\/\/jazairhope.org\/wp-content\/uploads\/2023\/01\/jh-89.jpg","articleSection":["\u00c9conomie"],"inLanguage":"fr-FR","potentialAction":[{"@type":"CommentAction","name":"Comment","target":["https:\/\/jazairhope.org\/fr\/16e-salon-national-de-lemploi-et-de-la-formation\/#respond"]}]},{"@type":"WebPage","@id":"https:\/\/jazairhope.org\/fr\/16e-salon-national-de-lemploi-et-de-la-formation\/","url":"https:\/\/jazairhope.org\/fr\/16e-salon-national-de-lemploi-et-de-la-formation\/","name":"16e Salon national de l'emploi et de la formation - AAH.JZR","isPartOf":{"@id":"https:\/\/jazairhope.org\/fr\/#website"},"primaryImageOfPage":{"@id":"https:\/\/jazairhope.org\/fr\/16e-salon-national-de-lemploi-et-de-la-formation\/#primaryimage"},"image":{"@id":"https:\/\/jazairhope.org\/fr\/16e-salon-national-de-lemploi-et-de-la-formation\/#primaryimage"},"thumbnailUrl":"https:\/\/jazairhope.org\/wp-content\/uploads\/2023\/01\/jh-89.jpg","datePublished":"2023-01-24T07:33:11+00:00","author":{"@id":"https:\/\/jazairhope.org\/fr\/#\/schema\/person\/0b50f60fad840cf92313307e38c9d20d"},"breadcrumb":{"@id":"https:\/\/jazairhope.org\/fr\/16e-salon-national-de-lemploi-et-de-la-formation\/#breadcrumb"},"inLanguage":"fr-FR","potentialAction":[{"@type":"ReadAction","target":["https:\/\/jazairhope.org\/fr\/16e-salon-national-de-lemploi-et-de-la-formation\/"]}]},{"@type":"ImageObject","inLanguage":"fr-FR","@id":"https:\/\/jazairhope.org\/fr\/16e-salon-national-de-lemploi-et-de-la-formation\/#primaryimage","url":"https:\/\/jazairhope.org\/wp-content\/uploads\/2023\/01\/jh-89.jpg","contentUrl":"https:\/\/jazairhope.org\/wp-content\/uploads\/2023\/01\/jh-89.jpg","width":580,"height":350},{"@type":"BreadcrumbList","@id":"https:\/\/jazairhope.org\/fr\/16e-salon-national-de-lemploi-et-de-la-formation\/#breadcrumb","itemListElement":[{"@type":"ListItem","position":1,"name":"Accueil","item":"https:\/\/jazairhope.org\/fr\/"},{"@type":"ListItem","position":2,"name":"16e Salon national de l&#8217;emploi et de la formation"}]},{"@type":"WebSite","@id":"https:\/\/jazairhope.org\/fr\/#website","url":"https:\/\/jazairhope.org\/fr\/","name":"AAH.JZR","description":"Environment, Health, Science, Art, Economics","potentialAction":[{"@type":"SearchAction","target":{"@type":"EntryPoint","urlTemplate":"https:\/\/jazairhope.org\/fr\/?s={search_term_string}"},"query-input":{"@type":"PropertyValueSpecification","valueRequired":true,"valueName":"search_term_string"}}],"inLanguage":"fr-FR"},{"@type":"Person","@id":"https:\/\/jazairhope.org\/fr\/#\/schema\/person\/0b50f60fad840cf92313307e38c9d20d","name":"Hope Jzr","image":{"@type":"ImageObject","inLanguage":"fr-FR","@id":"https:\/\/secure.gravatar.com\/avatar\/0a42f66f14ba94b77f351f3bb2f3b9389c4063acb1697ffb32f5d3944782d3e7?s=96&d=mm&r=g","url":"https:\/\/secure.gravatar.com\/avatar\/0a42f66f14ba94b77f351f3bb2f3b9389c4063acb1697ffb32f5d3944782d3e7?s=96&d=mm&r=g","contentUrl":"https:\/\/secure.gravatar.com\/avatar\/0a42f66f14ba94b77f351f3bb2f3b9389c4063acb1697ffb32f5d3944782d3e7?s=96&d=mm&r=g","caption":"Hope Jzr"},"description":"\u00c0 propos de Hope&amp;ChaDia Hope&amp;ChaDia n\u2019est pas un pseudonyme, mais une m\u00e9thode de travail. Hope : l\u2019id\u00e9e, l\u2019esprit, la structure, la vision. C\u2019est l\u2019impulsion humaine qui choisit l\u2019angle, trace la ligne \u00e9ditoriale et donne le sens. ChaDia : l\u2019assistante, qui met en forme, d\u00e9veloppe, affine le style et v\u00e9rifie les faits. Une aide technologique qui amplifie mais ne cr\u00e9e pas. Ensemble, Hope&amp;ChaDia produisent des textes hybrides : profond\u00e9ment humains dans leur inspiration, rigoureux et pr\u00e9cis dans leur r\u00e9alisation. . . SUPPORTEZ JAZAIRHOPE ET FAITES CONNA\u00ceTRE LE PATRIMOINE ET L\u2019HISTOIRE DE L\u2019ALG\u00c9RIE, EN ACHETANT LE LIVRE DE JAZAIRHOPE POUR VOUS OU POUR L\u2019OFFRIR A VOS PROCHES, ICI : https:\/\/jazairhope.org\/fr\/ebook\/ CEUX EN ALG\u00c9RIE ET CEUX QUI PEUVENT PAS L\u2019ACHETER ON OFFRE UNE COPIE DIGITALE GRATUITE, POUR CELA ENVOYEZ UN EMAIL \u00c0 : INFO@JAZAIRHOPE.ORG","url":"https:\/\/jazairhope.org\/fr\/author\/hope-jazair\/"}]}},"views":218,"_links":{"self":[{"href":"https:\/\/jazairhope.org\/fr\/wp-json\/wp\/v2\/posts\/68606","targetHints":{"allow":["GET"]}}],"collection":[{"href":"https:\/\/jazairhope.org\/fr\/wp-json\/wp\/v2\/posts"}],"about":[{"href":"https:\/\/jazairhope.org\/fr\/wp-json\/wp\/v2\/types\/post"}],"author":[{"embeddable":true,"href":"https:\/\/jazairhope.org\/fr\/wp-json\/wp\/v2\/users\/50"}],"replies":[{"embeddable":true,"href":"https:\/\/jazairhope.org\/fr\/wp-json\/wp\/v2\/comments?post=68606"}],"version-history":[{"count":0,"href":"https:\/\/jazairhope.org\/fr\/wp-json\/wp\/v2\/posts\/68606\/revisions"}],"wp:featuredmedia":[{"embeddable":true,"href":"https:\/\/jazairhope.org\/fr\/wp-json\/wp\/v2\/media\/68607"}],"wp:attachment":[{"href":"https:\/\/jazairhope.org\/fr\/wp-json\/wp\/v2\/media?parent=68606"}],"wp:term":[{"taxonomy":"category","embeddable":true,"href":"https:\/\/jazairhope.org\/fr\/wp-json\/wp\/v2\/categories?post=68606"},{"taxonomy":"post_tag","embeddable":true,"href":"https:\/\/jazairhope.org\/fr\/wp-json\/wp\/v2\/tags?post=68606"}],"curies":[{"name":"wp","href":"https:\/\/api.w.org\/{rel}","templated":true}]}}