{"id":68991,"date":"2023-01-29T14:11:55","date_gmt":"2023-01-29T13:11:55","guid":{"rendered":"https:\/\/jazairhope.org\/?p=68991"},"modified":"2023-01-29T09:19:47","modified_gmt":"2023-01-29T08:19:47","slug":"lafrique-ou-le-peril-noir","status":"publish","type":"post","link":"https:\/\/jazairhope.org\/fr\/lafrique-ou-le-peril-noir\/","title":{"rendered":"L&#8217;Afrique ou le P\u00e9ril Noir"},"content":{"rendered":"<div dir=\"auto\">Sans doute atteints de daltonisme ou souffrant de phobie de certaines couleurs, les occidentaux se croient permis de repeindre le monde selon leurs fantaisies.<\/div>\n<div dir=\"auto\"><\/div>\n<div dir=\"auto\">Ainsi, pour les \u00c9tats indociles, leurs gouvernements se verront renvers\u00e9s apr\u00e8s des r\u00e9volutions de couleur ou encore impos\u00e9s l&#8217;arc-en-ciel LGBT. Quant aux concurrents directs et s\u00e9rieux, cette menace sera sch\u00e9matis\u00e9e, pour ne pas dire caricatur\u00e9e, sous le concept de &#8220;p\u00e9ril&#8221; auquel on accole un adjectif de couleur.<\/div>\n<div dir=\"auto\"><\/div>\n<div dir=\"auto\">Ainsi apr\u00e8s le &#8220;p\u00e9ril rouge&#8221; (l&#8217;URSS), l&#8217;on a vu surgir le &#8220;p\u00e9ril vert&#8221; (Islam). Or si le &#8220;p\u00e9ril jaune&#8221; (Chine) est pr\u00e9sent\u00e9 comme le principal d\u00e9fi de l&#8217;heure, c&#8217;est bel et bien le &#8220;p\u00e9ril noir&#8221;, l&#8217;Afrique, qui est au centre de toutes les pr\u00e9occupations. Car une ind\u00e9pendance et une souverainet\u00e9 du continent constituerait en r\u00e9alit\u00e9 la v\u00e9ritable menace existentielle pour l&#8217;occident. En effet, plus question d\u00e8s lors de mati\u00e8res premi\u00e8res bon march\u00e9 ou m\u00eame gratuites dans certains cas.<\/div>\n<div dir=\"auto\"><\/div>\n<div dir=\"auto\">Le narratif autour du conflit ukrainien n&#8217;est en effet que d\u00e9sinformation et d\u00e9tournement du v\u00e9ritable enjeu qu&#8217;est le continent africain. Les annonces de livraisons d&#8217;armes et autres gesticulations ne sauraient faire oublier que la Russie est tout d&#8217;abord un territoire plus vaste qu&#8217;un continent, qu&#8217;elle est dot\u00e9e en abondance de toutes les ressources naturelles possibles, qu&#8217;elle est la 1\u00e8re puissance nucl\u00e9aire au monde et par cons\u00e9quent elle ne pourra en aucun cas \u00eatre vaincue. Nous dirons m\u00eame qu&#8217;elle ne DOIT pas \u00eatre vaincue ou m\u00eame mise en difficult\u00e9 car un ours est d&#8217;autant plus dangereux qu&#8217;il bless\u00e9.<\/div>\n<div dir=\"auto\"><\/div>\n<div dir=\"auto\">N&#8217;oublions pas que l&#8217;arsenal nucl\u00e9aire russe est le plus important de la plan\u00e8te et que quelques missiles (supersoniques) suffiraient \u00e0 an\u00e9antir la petite Europe et les minuscules \u00c9tats qui la composent.<\/div>\n<div dir=\"auto\"><\/div>\n<div dir=\"auto\">Quel est alors l&#8217;objectif de la guerre que l&#8217;OTAN, \u00e0 leur t\u00eate les USA, m\u00e8ne contre la Russie par Ukraine interpos\u00e9e ?<\/div>\n<div dir=\"auto\"><\/div>\n<div dir=\"auto\">De la m\u00eame mani\u00e8re que la crise ta\u00efwanaise, ces 2 conflits ne servent qu&#8217;\u00e0 fixer les principaux partenaires des pays africains dans d&#8217;autres th\u00e9\u00e2tres d&#8217;op\u00e9rations et ainsi les \u00e9loigner du continent afin d&#8217;en retarder le d\u00e9veloppement. La Chine et la Russie sont en effet compl\u00e9mentaires et essentiels aux pays africains pour permettre un r\u00e9el d\u00e9collage \u00e9conomique, la Chine investissant dans les infrastructures et les industries, et la Russie assurant la s\u00e9curit\u00e9 militaire par ses fournitures d&#8217;armements performants aux arm\u00e9es nationales.<\/div>\n<div dir=\"auto\"><\/div>\n<div dir=\"auto\">D&#8217;ores et d\u00e9j\u00e0, l&#8217;on apprend que des armes sens\u00e9es destin\u00e9es \u00e0 l&#8217;Ukraine se retrouvent au Sahel et dans d&#8217;autres r\u00e9gions d&#8217;Afrique. Or il est peu vraisemblable que celles-ci puissent &#8220;dispara\u00eetre&#8221; et subitement appara\u00eetre dans nos voisinages sans que les puissances occidentales n&#8217;en aient connaissance ou qu&#8217;elles en aient tout bonnement donn\u00e9 l&#8217;ordre, pas plus que les mouvements de &#8220;jihadistes&#8221;, qui sont transf\u00e9r\u00e9s de Syrie en Libye, et au Sahel.<\/div>\n<div dir=\"auto\"><\/div>\n<div dir=\"auto\">C&#8217;est donc que la strat\u00e9gie du chaos et du conflit perp\u00e9tuel est plus que jamais \u00e0 pied d&#8217;\u0153uvre afin de justifier l&#8217;intervention imp\u00e9rialiste et l&#8217;\u00e9tablissement de bases militaires et ainsi continuer le pillage des ressources naturelles du continent.<\/div>\n<div dir=\"auto\"><\/div>\n<div dir=\"auto\">Quoi qu&#8217;il en soit, force est de constater que le flux d&#8217;armes \u00e0 destination de l&#8217;Ukraine prend une f\u00e2cheuse tendance \u00e0 d\u00e9vier de sa trajectoire pour se retrouver \u00e0 nos portes.\u00a0 \u00c0 charge d\u00e8s lors \u00e0 nos dirigeants africains de prendre leurs dispositions pour aider \u00e0 \u00e9liminer \u00e0 la source ces menaces \u00e0 notre s\u00e9curit\u00e9&#8230; &#8220;by any means necessary&#8221;.<\/div>\n","protected":false},"excerpt":{"rendered":"<p>Sans doute atteints de daltonisme ou souffrant de phobie de certaines couleurs, les occidentaux se croient permis de repeindre le monde selon&hellip;<\/p>\n","protected":false},"author":1,"featured_media":69038,"comment_status":"open","ping_status":"open","sticky":false,"template":"","format":"standard","meta":{"_lmt_disableupdate":"","_lmt_disable":"","footnotes":""},"categories":[49],"tags":[],"class_list":["post-68991","post","type-post","status-publish","format-standard","has-post-thumbnail","hentry","category-politique"],"yoast_head":"<!-- This site is optimized with the Yoast SEO plugin v27.3 - https:\/\/yoast.com\/product\/yoast-seo-wordpress\/ -->\n<title>L&#039;Afrique ou le P\u00e9ril Noir - AAH.JZR<\/title>\n<meta name=\"robots\" content=\"index, follow, max-snippet:-1, max-image-preview:large, max-video-preview:-1\" \/>\n<link rel=\"canonical\" href=\"https:\/\/jazairhope.org\/fr\/lafrique-ou-le-peril-noir\/\" \/>\n<meta property=\"og:locale\" content=\"fr_FR\" \/>\n<meta property=\"og:type\" content=\"article\" \/>\n<meta property=\"og:title\" content=\"L&#039;Afrique ou le P\u00e9ril Noir - AAH.JZR\" \/>\n<meta property=\"og:description\" content=\"Sans doute atteints de daltonisme ou souffrant de phobie de certaines couleurs, les occidentaux se croient permis de repeindre le monde selon&hellip;\" \/>\n<meta property=\"og:url\" content=\"https:\/\/jazairhope.org\/fr\/lafrique-ou-le-peril-noir\/\" \/>\n<meta property=\"og:site_name\" content=\"AAH.JZR\" \/>\n<meta property=\"article:publisher\" content=\"https:\/\/www.facebook.com\/jazairhope\" \/>\n<meta property=\"article:published_time\" content=\"2023-01-29T13:11:55+00:00\" \/>\n<meta property=\"og:image\" content=\"https:\/\/jazairhope.org\/wp-content\/uploads\/2023\/01\/Afrique-noire.jpg\" \/>\n\t<meta property=\"og:image:width\" content=\"940\" \/>\n\t<meta property=\"og:image:height\" content=\"940\" \/>\n\t<meta property=\"og:image:type\" content=\"image\/jpeg\" \/>\n<meta name=\"author\" content=\"Ssuperadmin\" \/>\n<meta name=\"twitter:card\" content=\"summary_large_image\" \/>\n<meta name=\"twitter:label1\" content=\"\u00c9crit par\" \/>\n\t<meta name=\"twitter:data1\" content=\"Ssuperadmin\" \/>\n\t<meta name=\"twitter:label2\" content=\"Dur\u00e9e de lecture estim\u00e9e\" \/>\n\t<meta name=\"twitter:data2\" content=\"3 minutes\" \/>\n<script type=\"application\/ld+json\" class=\"yoast-schema-graph\">{\"@context\":\"https:\\\/\\\/schema.org\",\"@graph\":[{\"@type\":\"Article\",\"@id\":\"https:\\\/\\\/jazairhope.org\\\/fr\\\/lafrique-ou-le-peril-noir\\\/#article\",\"isPartOf\":{\"@id\":\"https:\\\/\\\/jazairhope.org\\\/fr\\\/lafrique-ou-le-peril-noir\\\/\"},\"author\":{\"name\":\"Ssuperadmin\",\"@id\":\"https:\\\/\\\/jazairhope.org\\\/fr\\\/#\\\/schema\\\/person\\\/43650ebd889d8960700b5456ed9264c4\"},\"headline\":\"L&#8217;Afrique ou le P\u00e9ril Noir\",\"datePublished\":\"2023-01-29T13:11:55+00:00\",\"mainEntityOfPage\":{\"@id\":\"https:\\\/\\\/jazairhope.org\\\/fr\\\/lafrique-ou-le-peril-noir\\\/\"},\"wordCount\":642,\"commentCount\":0,\"image\":{\"@id\":\"https:\\\/\\\/jazairhope.org\\\/fr\\\/lafrique-ou-le-peril-noir\\\/#primaryimage\"},\"thumbnailUrl\":\"https:\\\/\\\/jazairhope.org\\\/wp-content\\\/uploads\\\/2023\\\/01\\\/Afrique-noire.jpg\",\"articleSection\":[\"Politique\"],\"inLanguage\":\"fr-FR\",\"potentialAction\":[{\"@type\":\"CommentAction\",\"name\":\"Comment\",\"target\":[\"https:\\\/\\\/jazairhope.org\\\/fr\\\/lafrique-ou-le-peril-noir\\\/#respond\"]}]},{\"@type\":\"WebPage\",\"@id\":\"https:\\\/\\\/jazairhope.org\\\/fr\\\/lafrique-ou-le-peril-noir\\\/\",\"url\":\"https:\\\/\\\/jazairhope.org\\\/fr\\\/lafrique-ou-le-peril-noir\\\/\",\"name\":\"L'Afrique ou le P\u00e9ril Noir - AAH.JZR\",\"isPartOf\":{\"@id\":\"https:\\\/\\\/jazairhope.org\\\/fr\\\/#website\"},\"primaryImageOfPage\":{\"@id\":\"https:\\\/\\\/jazairhope.org\\\/fr\\\/lafrique-ou-le-peril-noir\\\/#primaryimage\"},\"image\":{\"@id\":\"https:\\\/\\\/jazairhope.org\\\/fr\\\/lafrique-ou-le-peril-noir\\\/#primaryimage\"},\"thumbnailUrl\":\"https:\\\/\\\/jazairhope.org\\\/wp-content\\\/uploads\\\/2023\\\/01\\\/Afrique-noire.jpg\",\"datePublished\":\"2023-01-29T13:11:55+00:00\",\"author\":{\"@id\":\"https:\\\/\\\/jazairhope.org\\\/fr\\\/#\\\/schema\\\/person\\\/43650ebd889d8960700b5456ed9264c4\"},\"breadcrumb\":{\"@id\":\"https:\\\/\\\/jazairhope.org\\\/fr\\\/lafrique-ou-le-peril-noir\\\/#breadcrumb\"},\"inLanguage\":\"fr-FR\",\"potentialAction\":[{\"@type\":\"ReadAction\",\"target\":[\"https:\\\/\\\/jazairhope.org\\\/fr\\\/lafrique-ou-le-peril-noir\\\/\"]}]},{\"@type\":\"ImageObject\",\"inLanguage\":\"fr-FR\",\"@id\":\"https:\\\/\\\/jazairhope.org\\\/fr\\\/lafrique-ou-le-peril-noir\\\/#primaryimage\",\"url\":\"https:\\\/\\\/jazairhope.org\\\/wp-content\\\/uploads\\\/2023\\\/01\\\/Afrique-noire.jpg\",\"contentUrl\":\"https:\\\/\\\/jazairhope.org\\\/wp-content\\\/uploads\\\/2023\\\/01\\\/Afrique-noire.jpg\",\"width\":940,\"height\":940},{\"@type\":\"BreadcrumbList\",\"@id\":\"https:\\\/\\\/jazairhope.org\\\/fr\\\/lafrique-ou-le-peril-noir\\\/#breadcrumb\",\"itemListElement\":[{\"@type\":\"ListItem\",\"position\":1,\"name\":\"Accueil\",\"item\":\"https:\\\/\\\/jazairhope.org\\\/fr\\\/\"},{\"@type\":\"ListItem\",\"position\":2,\"name\":\"L&rsquo;Afrique ou le P\u00e9ril Noir\"}]},{\"@type\":\"WebSite\",\"@id\":\"https:\\\/\\\/jazairhope.org\\\/fr\\\/#website\",\"url\":\"https:\\\/\\\/jazairhope.org\\\/fr\\\/\",\"name\":\"AAH.JZR\",\"description\":\"Environment, Health, Science, Art, Economics\",\"potentialAction\":[{\"@type\":\"SearchAction\",\"target\":{\"@type\":\"EntryPoint\",\"urlTemplate\":\"https:\\\/\\\/jazairhope.org\\\/fr\\\/?s={search_term_string}\"},\"query-input\":{\"@type\":\"PropertyValueSpecification\",\"valueRequired\":true,\"valueName\":\"search_term_string\"}}],\"inLanguage\":\"fr-FR\"},{\"@type\":\"Person\",\"@id\":\"https:\\\/\\\/jazairhope.org\\\/fr\\\/#\\\/schema\\\/person\\\/43650ebd889d8960700b5456ed9264c4\",\"name\":\"Ssuperadmin\",\"image\":{\"@type\":\"ImageObject\",\"inLanguage\":\"fr-FR\",\"@id\":\"https:\\\/\\\/secure.gravatar.com\\\/avatar\\\/b4068e88b9c557952c81ca0efc4e11e19a2ed480173b8cef95a240894b16bf22?s=96&d=mm&r=g\",\"url\":\"https:\\\/\\\/secure.gravatar.com\\\/avatar\\\/b4068e88b9c557952c81ca0efc4e11e19a2ed480173b8cef95a240894b16bf22?s=96&d=mm&r=g\",\"contentUrl\":\"https:\\\/\\\/secure.gravatar.com\\\/avatar\\\/b4068e88b9c557952c81ca0efc4e11e19a2ed480173b8cef95a240894b16bf22?s=96&d=mm&r=g\",\"caption\":\"Ssuperadmin\"},\"sameAs\":[\"https:\\\/\\\/jazairhope.org\"],\"url\":\"https:\\\/\\\/jazairhope.org\\\/fr\\\/author\\\/superadmin\\\/\"}]}<\/script>\n<!-- \/ Yoast SEO plugin. -->","yoast_head_json":{"title":"L'Afrique ou le P\u00e9ril Noir - AAH.JZR","robots":{"index":"index","follow":"follow","max-snippet":"max-snippet:-1","max-image-preview":"max-image-preview:large","max-video-preview":"max-video-preview:-1"},"canonical":"https:\/\/jazairhope.org\/fr\/lafrique-ou-le-peril-noir\/","og_locale":"fr_FR","og_type":"article","og_title":"L'Afrique ou le P\u00e9ril Noir - AAH.JZR","og_description":"Sans doute atteints de daltonisme ou souffrant de phobie de certaines couleurs, les occidentaux se croient permis de repeindre le monde selon&hellip;","og_url":"https:\/\/jazairhope.org\/fr\/lafrique-ou-le-peril-noir\/","og_site_name":"AAH.JZR","article_publisher":"https:\/\/www.facebook.com\/jazairhope","article_published_time":"2023-01-29T13:11:55+00:00","og_image":[{"width":940,"height":940,"url":"https:\/\/jazairhope.org\/wp-content\/uploads\/2023\/01\/Afrique-noire.jpg","type":"image\/jpeg"}],"author":"Ssuperadmin","twitter_card":"summary_large_image","twitter_misc":{"\u00c9crit par":"Ssuperadmin","Dur\u00e9e de lecture estim\u00e9e":"3 minutes"},"schema":{"@context":"https:\/\/schema.org","@graph":[{"@type":"Article","@id":"https:\/\/jazairhope.org\/fr\/lafrique-ou-le-peril-noir\/#article","isPartOf":{"@id":"https:\/\/jazairhope.org\/fr\/lafrique-ou-le-peril-noir\/"},"author":{"name":"Ssuperadmin","@id":"https:\/\/jazairhope.org\/fr\/#\/schema\/person\/43650ebd889d8960700b5456ed9264c4"},"headline":"L&#8217;Afrique ou le P\u00e9ril Noir","datePublished":"2023-01-29T13:11:55+00:00","mainEntityOfPage":{"@id":"https:\/\/jazairhope.org\/fr\/lafrique-ou-le-peril-noir\/"},"wordCount":642,"commentCount":0,"image":{"@id":"https:\/\/jazairhope.org\/fr\/lafrique-ou-le-peril-noir\/#primaryimage"},"thumbnailUrl":"https:\/\/jazairhope.org\/wp-content\/uploads\/2023\/01\/Afrique-noire.jpg","articleSection":["Politique"],"inLanguage":"fr-FR","potentialAction":[{"@type":"CommentAction","name":"Comment","target":["https:\/\/jazairhope.org\/fr\/lafrique-ou-le-peril-noir\/#respond"]}]},{"@type":"WebPage","@id":"https:\/\/jazairhope.org\/fr\/lafrique-ou-le-peril-noir\/","url":"https:\/\/jazairhope.org\/fr\/lafrique-ou-le-peril-noir\/","name":"L'Afrique ou le P\u00e9ril Noir - AAH.JZR","isPartOf":{"@id":"https:\/\/jazairhope.org\/fr\/#website"},"primaryImageOfPage":{"@id":"https:\/\/jazairhope.org\/fr\/lafrique-ou-le-peril-noir\/#primaryimage"},"image":{"@id":"https:\/\/jazairhope.org\/fr\/lafrique-ou-le-peril-noir\/#primaryimage"},"thumbnailUrl":"https:\/\/jazairhope.org\/wp-content\/uploads\/2023\/01\/Afrique-noire.jpg","datePublished":"2023-01-29T13:11:55+00:00","author":{"@id":"https:\/\/jazairhope.org\/fr\/#\/schema\/person\/43650ebd889d8960700b5456ed9264c4"},"breadcrumb":{"@id":"https:\/\/jazairhope.org\/fr\/lafrique-ou-le-peril-noir\/#breadcrumb"},"inLanguage":"fr-FR","potentialAction":[{"@type":"ReadAction","target":["https:\/\/jazairhope.org\/fr\/lafrique-ou-le-peril-noir\/"]}]},{"@type":"ImageObject","inLanguage":"fr-FR","@id":"https:\/\/jazairhope.org\/fr\/lafrique-ou-le-peril-noir\/#primaryimage","url":"https:\/\/jazairhope.org\/wp-content\/uploads\/2023\/01\/Afrique-noire.jpg","contentUrl":"https:\/\/jazairhope.org\/wp-content\/uploads\/2023\/01\/Afrique-noire.jpg","width":940,"height":940},{"@type":"BreadcrumbList","@id":"https:\/\/jazairhope.org\/fr\/lafrique-ou-le-peril-noir\/#breadcrumb","itemListElement":[{"@type":"ListItem","position":1,"name":"Accueil","item":"https:\/\/jazairhope.org\/fr\/"},{"@type":"ListItem","position":2,"name":"L&rsquo;Afrique ou le P\u00e9ril Noir"}]},{"@type":"WebSite","@id":"https:\/\/jazairhope.org\/fr\/#website","url":"https:\/\/jazairhope.org\/fr\/","name":"AAH.JZR","description":"Environment, Health, Science, Art, Economics","potentialAction":[{"@type":"SearchAction","target":{"@type":"EntryPoint","urlTemplate":"https:\/\/jazairhope.org\/fr\/?s={search_term_string}"},"query-input":{"@type":"PropertyValueSpecification","valueRequired":true,"valueName":"search_term_string"}}],"inLanguage":"fr-FR"},{"@type":"Person","@id":"https:\/\/jazairhope.org\/fr\/#\/schema\/person\/43650ebd889d8960700b5456ed9264c4","name":"Ssuperadmin","image":{"@type":"ImageObject","inLanguage":"fr-FR","@id":"https:\/\/secure.gravatar.com\/avatar\/b4068e88b9c557952c81ca0efc4e11e19a2ed480173b8cef95a240894b16bf22?s=96&d=mm&r=g","url":"https:\/\/secure.gravatar.com\/avatar\/b4068e88b9c557952c81ca0efc4e11e19a2ed480173b8cef95a240894b16bf22?s=96&d=mm&r=g","contentUrl":"https:\/\/secure.gravatar.com\/avatar\/b4068e88b9c557952c81ca0efc4e11e19a2ed480173b8cef95a240894b16bf22?s=96&d=mm&r=g","caption":"Ssuperadmin"},"sameAs":["https:\/\/jazairhope.org"],"url":"https:\/\/jazairhope.org\/fr\/author\/superadmin\/"}]}},"views":241,"_links":{"self":[{"href":"https:\/\/jazairhope.org\/fr\/wp-json\/wp\/v2\/posts\/68991","targetHints":{"allow":["GET"]}}],"collection":[{"href":"https:\/\/jazairhope.org\/fr\/wp-json\/wp\/v2\/posts"}],"about":[{"href":"https:\/\/jazairhope.org\/fr\/wp-json\/wp\/v2\/types\/post"}],"author":[{"embeddable":true,"href":"https:\/\/jazairhope.org\/fr\/wp-json\/wp\/v2\/users\/1"}],"replies":[{"embeddable":true,"href":"https:\/\/jazairhope.org\/fr\/wp-json\/wp\/v2\/comments?post=68991"}],"version-history":[{"count":0,"href":"https:\/\/jazairhope.org\/fr\/wp-json\/wp\/v2\/posts\/68991\/revisions"}],"wp:featuredmedia":[{"embeddable":true,"href":"https:\/\/jazairhope.org\/fr\/wp-json\/wp\/v2\/media\/69038"}],"wp:attachment":[{"href":"https:\/\/jazairhope.org\/fr\/wp-json\/wp\/v2\/media?parent=68991"}],"wp:term":[{"taxonomy":"category","embeddable":true,"href":"https:\/\/jazairhope.org\/fr\/wp-json\/wp\/v2\/categories?post=68991"},{"taxonomy":"post_tag","embeddable":true,"href":"https:\/\/jazairhope.org\/fr\/wp-json\/wp\/v2\/tags?post=68991"}],"curies":[{"name":"wp","href":"https:\/\/api.w.org\/{rel}","templated":true}]}}