{"id":69601,"date":"2023-02-08T08:30:11","date_gmt":"2023-02-08T07:30:11","guid":{"rendered":"https:\/\/jazairhope.org\/?p=69601"},"modified":"2023-02-07T19:22:42","modified_gmt":"2023-02-07T18:22:42","slug":"poesie-haiku-trait-dunion-entre-lexpression-spontanee-et-la-condensation-semantique","status":"publish","type":"post","link":"https:\/\/jazairhope.org\/fr\/poesie-haiku-trait-dunion-entre-lexpression-spontanee-et-la-condensation-semantique\/","title":{"rendered":"PO\u00c9SIE HA\u00cfKU, TRAIT D\u2019UNION ENTRE L\u2019EXPRESSION SPONTAN\u00c9E ET LA CONDENSATION S\u00c9MANTIQUE"},"content":{"rendered":"<p><strong>BISKRA &#8211; La po\u00e9sie ha\u00efku, un genre litt\u00e9raire d&#8217;origine japonaise extr\u00eamement bref, est le &#8220;trait d&#8217;union entre l&#8217;expression spontan\u00e9e et la condensation s\u00e9mantique&#8221;, ont estim\u00e9 les participants aux Journ\u00e9es nationales de cet art po\u00e9tique venu de l\u2019extr\u00eame Orient organis\u00e9es samedi \u00e0 Biskra.<\/strong><\/p>\n<p>Ce genre litt\u00e9raire, venu du Japon, et qui a des similitudes avec les quatrains et tercets arabes, &#8220;a pu acqu\u00e9rir une particularit\u00e9 arabe apr\u00e8s avoir \u00e9t\u00e9 enrichi par la langue du Coran&#8221;, a pr\u00e9cis\u00e9 la chercheuse en litt\u00e9rature et culture Amel Boulahmam de l\u2019universit\u00e9 de Batna dans son intervention intitul\u00e9e &#8220;l\u2019exp\u00e9rience ha\u00efku \u00e0 travers les clubs \u00e9lectroniques&#8221;.<\/p>\n<p>Pour la chercheuse, &#8221; tout a commenc\u00e9 par la m\u00e9ditation en pleine nature et a \u00e9t\u00e9 impos\u00e9 par le besoin psychologique de l\u2019homme actuel \u00e0 s\u2019exprimer dans une \u00e9poque marqu\u00e9e par la promptitude&#8221;. La po\u00e9sie ha\u00efku, a-t-elle expliqu\u00e9, &#8220;a la possibilit\u00e9 de r\u00e9sumer des images de la vie au travers des expressions traduisant la profondeur s\u00e9mantique des significations par des formules spontan\u00e9es et une \u00e9conomie linguistique&#8221;.<\/p>\n<p>Mme Boulahmam a indiqu\u00e9 que &#8220;ce nouveau venu (genre litt\u00e9raire) s\u2019impose comme style artistique, voyage et se r\u00e9pand gr\u00e2ce \u00e0 l\u2019espace virtuel&#8221;. Il s\u2019agit, a-t-elle ajout\u00e9, d\u2019une &#8220;suggestion esth\u00e9tique et non pas d&#8217;une alternative \u00e0 la po\u00e9sie classique&#8221;.<\/p>\n<blockquote><p><strong><em>La po\u00e9sie haiku, a d\u00e9taill\u00e9 l&#8217;intervenante au cours de la rencontre qui s&#8217;est tenue \u00e0 la salle Ahmed Redha Houhou de Biskra, &#8220;s\u2019\u00e9crit g\u00e9n\u00e9ralement en trois lignes qui commencent par la liaison entre la description et l\u2019\u00e9v\u00e8nement. Elle (la po\u00e9sie) traite de la nature ou une s\u00e9quence particuli\u00e8re prise de la r\u00e9alit\u00e9 ou une image ou encore une contradiction entre deux images ou des s\u00e9quences. Cette forme po\u00e9tique a vu l\u2019adh\u00e9sion de plusieurs po\u00e8tes comme R\u00e9da Didani, Lakhdar Barak, Mohamed Lakhdari, Ma\u00e2chou Kerour, Afra Gamir Talbi et Anfouane Fouad qui ont fait preuve de cr\u00e9ativit\u00e9 dans la consolidation de son pouls en Alg\u00e9rie&#8221;.<\/em><\/strong><\/p><\/blockquote>\n<p>Pour sa part, la po\u00e9tesse Samia Benassou a indiqu\u00e9, dans son intervention intitul\u00e9e &#8220;Ha\u00efku et les techniques de son \u00e9criture&#8221;, que &#8220;ce genre litt\u00e9raire sont des prises capt\u00e9s par le &#8220;Haikist&#8221; qui prend l\u2019image d\u2019un angle diff\u00e9rent suscitant l\u2019\u00e9tonnement et la surprise chez le r\u00e9cepteur&#8221;.<\/p>\n<p>La po\u00e9sie haiku est une expression po\u00e9tique \u00e9clair et intensifi\u00e9 avec un langage simple exprimant la sagesse de l\u2019auteur du po\u00e8me et se caract\u00e9rise par la s\u00e9quence (le panorama), la continuit\u00e9 et le paradoxe (l&#8217;\u00e9tonnement).<\/p>\n<p>Dans son intervention, le po\u00e8te Lazhar Adjiri a indiqu\u00e9 qu\u2019&#8221;en d\u00e9pit du fait que cette po\u00e9sie jouit du respect et est pr\u00e9sente comme une culture humaine dans le monde car impos\u00e9e par les r\u00e9seaux sociaux, elle demeure cependant rejet\u00e9e par les critiques qui la consid\u00e8rent comme une intruse, impactant les mod\u00e8les litt\u00e9raires originaux&#8221;.<\/p>\n<p>Pour M. Adjiri, &#8220;la question qui se pose et dont le futur r\u00e9pondra est: ce nouveau venu r\u00e9sistera-t-il aux critiques?&#8221;.<\/p>\n<p>La manifestation culturelle de deux jours, organis\u00e9e \u00e0 l\u2019initiative du club Sanabil de la cr\u00e9ativit\u00e9 culturelle de Biskra en collaboration avec la Direction locale de la culture et des arts et la maison de la culture Ahmed-R\u00e9da Houhou, sera ponctu\u00e9e par des lectures po\u00e9tiques du genre ha\u00efku d\u00e9clam\u00e9es par des po\u00e8tes du pays et sera marqu\u00e9e par des interventions suivies de d\u00e9bats pour faire conna\u00eetre ce genre litt\u00e9raire, selon le programme.<\/p>\n<p><em>FC-DZ<\/em><\/p>\n<p>Source\u00a0: APS<\/p>\n","protected":false},"excerpt":{"rendered":"<p>BISKRA &#8211; La po\u00e9sie ha\u00efku, un genre litt\u00e9raire d&#8217;origine japonaise extr\u00eamement bref, est le &#8220;trait d&#8217;union entre l&#8217;expression spontan\u00e9e et la condensation&hellip;<\/p>\n","protected":false},"author":1,"featured_media":69603,"comment_status":"open","ping_status":"open","sticky":false,"template":"","format":"standard","meta":{"_lmt_disableupdate":"","_lmt_disable":"","footnotes":""},"categories":[34],"tags":[],"class_list":["post-69601","post","type-post","status-publish","format-standard","has-post-thumbnail","hentry","category-art-fr"],"yoast_head":"<!-- This site is optimized with the Yoast SEO plugin v27.3 - https:\/\/yoast.com\/product\/yoast-seo-wordpress\/ -->\n<title>PO\u00c9SIE HA\u00cfKU, TRAIT D\u2019UNION ENTRE L\u2019EXPRESSION SPONTAN\u00c9E ET LA CONDENSATION S\u00c9MANTIQUE - AAH.JZR<\/title>\n<meta name=\"robots\" content=\"index, follow, max-snippet:-1, max-image-preview:large, max-video-preview:-1\" \/>\n<link rel=\"canonical\" href=\"https:\/\/jazairhope.org\/fr\/poesie-haiku-trait-dunion-entre-lexpression-spontanee-et-la-condensation-semantique\/\" \/>\n<meta property=\"og:locale\" content=\"fr_FR\" \/>\n<meta property=\"og:type\" content=\"article\" \/>\n<meta property=\"og:title\" content=\"PO\u00c9SIE HA\u00cfKU, TRAIT D\u2019UNION ENTRE L\u2019EXPRESSION SPONTAN\u00c9E ET LA CONDENSATION S\u00c9MANTIQUE - AAH.JZR\" \/>\n<meta property=\"og:description\" content=\"BISKRA &#8211; La po\u00e9sie ha\u00efku, un genre litt\u00e9raire d&#8217;origine japonaise extr\u00eamement bref, est le &#8220;trait d&#8217;union entre l&#8217;expression spontan\u00e9e et la condensation&hellip;\" \/>\n<meta property=\"og:url\" content=\"https:\/\/jazairhope.org\/fr\/poesie-haiku-trait-dunion-entre-lexpression-spontanee-et-la-condensation-semantique\/\" \/>\n<meta property=\"og:site_name\" content=\"AAH.JZR\" \/>\n<meta property=\"article:publisher\" content=\"https:\/\/www.facebook.com\/jazairhope\" \/>\n<meta property=\"article:published_time\" content=\"2023-02-08T07:30:11+00:00\" \/>\n<meta property=\"og:image\" content=\"https:\/\/jazairhope.org\/wp-content\/uploads\/2023\/02\/Poesie.jpg\" \/>\n\t<meta property=\"og:image:width\" content=\"580\" \/>\n\t<meta property=\"og:image:height\" content=\"350\" \/>\n\t<meta property=\"og:image:type\" content=\"image\/jpeg\" \/>\n<meta name=\"author\" content=\"Ssuperadmin\" \/>\n<meta name=\"twitter:card\" content=\"summary_large_image\" \/>\n<meta name=\"twitter:label1\" content=\"\u00c9crit par\" \/>\n\t<meta name=\"twitter:data1\" content=\"Ssuperadmin\" \/>\n\t<meta name=\"twitter:label2\" content=\"Dur\u00e9e de lecture estim\u00e9e\" \/>\n\t<meta name=\"twitter:data2\" content=\"3 minutes\" \/>\n<script type=\"application\/ld+json\" class=\"yoast-schema-graph\">{\"@context\":\"https:\\\/\\\/schema.org\",\"@graph\":[{\"@type\":\"Article\",\"@id\":\"https:\\\/\\\/jazairhope.org\\\/fr\\\/poesie-haiku-trait-dunion-entre-lexpression-spontanee-et-la-condensation-semantique\\\/#article\",\"isPartOf\":{\"@id\":\"https:\\\/\\\/jazairhope.org\\\/fr\\\/poesie-haiku-trait-dunion-entre-lexpression-spontanee-et-la-condensation-semantique\\\/\"},\"author\":{\"name\":\"Ssuperadmin\",\"@id\":\"https:\\\/\\\/jazairhope.org\\\/fr\\\/#\\\/schema\\\/person\\\/43650ebd889d8960700b5456ed9264c4\"},\"headline\":\"PO\u00c9SIE HA\u00cfKU, TRAIT D\u2019UNION ENTRE L\u2019EXPRESSION SPONTAN\u00c9E ET LA CONDENSATION S\u00c9MANTIQUE\",\"datePublished\":\"2023-02-08T07:30:11+00:00\",\"mainEntityOfPage\":{\"@id\":\"https:\\\/\\\/jazairhope.org\\\/fr\\\/poesie-haiku-trait-dunion-entre-lexpression-spontanee-et-la-condensation-semantique\\\/\"},\"wordCount\":651,\"commentCount\":2,\"image\":{\"@id\":\"https:\\\/\\\/jazairhope.org\\\/fr\\\/poesie-haiku-trait-dunion-entre-lexpression-spontanee-et-la-condensation-semantique\\\/#primaryimage\"},\"thumbnailUrl\":\"https:\\\/\\\/jazairhope.org\\\/wp-content\\\/uploads\\\/2023\\\/02\\\/Poesie.jpg\",\"articleSection\":[\"Art &amp; Culture\"],\"inLanguage\":\"fr-FR\",\"potentialAction\":[{\"@type\":\"CommentAction\",\"name\":\"Comment\",\"target\":[\"https:\\\/\\\/jazairhope.org\\\/fr\\\/poesie-haiku-trait-dunion-entre-lexpression-spontanee-et-la-condensation-semantique\\\/#respond\"]}]},{\"@type\":\"WebPage\",\"@id\":\"https:\\\/\\\/jazairhope.org\\\/fr\\\/poesie-haiku-trait-dunion-entre-lexpression-spontanee-et-la-condensation-semantique\\\/\",\"url\":\"https:\\\/\\\/jazairhope.org\\\/fr\\\/poesie-haiku-trait-dunion-entre-lexpression-spontanee-et-la-condensation-semantique\\\/\",\"name\":\"PO\u00c9SIE HA\u00cfKU, TRAIT D\u2019UNION ENTRE L\u2019EXPRESSION SPONTAN\u00c9E ET LA CONDENSATION S\u00c9MANTIQUE - AAH.JZR\",\"isPartOf\":{\"@id\":\"https:\\\/\\\/jazairhope.org\\\/fr\\\/#website\"},\"primaryImageOfPage\":{\"@id\":\"https:\\\/\\\/jazairhope.org\\\/fr\\\/poesie-haiku-trait-dunion-entre-lexpression-spontanee-et-la-condensation-semantique\\\/#primaryimage\"},\"image\":{\"@id\":\"https:\\\/\\\/jazairhope.org\\\/fr\\\/poesie-haiku-trait-dunion-entre-lexpression-spontanee-et-la-condensation-semantique\\\/#primaryimage\"},\"thumbnailUrl\":\"https:\\\/\\\/jazairhope.org\\\/wp-content\\\/uploads\\\/2023\\\/02\\\/Poesie.jpg\",\"datePublished\":\"2023-02-08T07:30:11+00:00\",\"author\":{\"@id\":\"https:\\\/\\\/jazairhope.org\\\/fr\\\/#\\\/schema\\\/person\\\/43650ebd889d8960700b5456ed9264c4\"},\"breadcrumb\":{\"@id\":\"https:\\\/\\\/jazairhope.org\\\/fr\\\/poesie-haiku-trait-dunion-entre-lexpression-spontanee-et-la-condensation-semantique\\\/#breadcrumb\"},\"inLanguage\":\"fr-FR\",\"potentialAction\":[{\"@type\":\"ReadAction\",\"target\":[\"https:\\\/\\\/jazairhope.org\\\/fr\\\/poesie-haiku-trait-dunion-entre-lexpression-spontanee-et-la-condensation-semantique\\\/\"]}]},{\"@type\":\"ImageObject\",\"inLanguage\":\"fr-FR\",\"@id\":\"https:\\\/\\\/jazairhope.org\\\/fr\\\/poesie-haiku-trait-dunion-entre-lexpression-spontanee-et-la-condensation-semantique\\\/#primaryimage\",\"url\":\"https:\\\/\\\/jazairhope.org\\\/wp-content\\\/uploads\\\/2023\\\/02\\\/Poesie.jpg\",\"contentUrl\":\"https:\\\/\\\/jazairhope.org\\\/wp-content\\\/uploads\\\/2023\\\/02\\\/Poesie.jpg\",\"width\":580,\"height\":350},{\"@type\":\"BreadcrumbList\",\"@id\":\"https:\\\/\\\/jazairhope.org\\\/fr\\\/poesie-haiku-trait-dunion-entre-lexpression-spontanee-et-la-condensation-semantique\\\/#breadcrumb\",\"itemListElement\":[{\"@type\":\"ListItem\",\"position\":1,\"name\":\"Accueil\",\"item\":\"https:\\\/\\\/jazairhope.org\\\/fr\\\/\"},{\"@type\":\"ListItem\",\"position\":2,\"name\":\"PO\u00c9SIE HA\u00cfKU, TRAIT D\u2019UNION ENTRE L\u2019EXPRESSION SPONTAN\u00c9E ET LA CONDENSATION S\u00c9MANTIQUE\"}]},{\"@type\":\"WebSite\",\"@id\":\"https:\\\/\\\/jazairhope.org\\\/fr\\\/#website\",\"url\":\"https:\\\/\\\/jazairhope.org\\\/fr\\\/\",\"name\":\"AAH.JZR\",\"description\":\"Environment, Health, Science, Art, Economics\",\"potentialAction\":[{\"@type\":\"SearchAction\",\"target\":{\"@type\":\"EntryPoint\",\"urlTemplate\":\"https:\\\/\\\/jazairhope.org\\\/fr\\\/?s={search_term_string}\"},\"query-input\":{\"@type\":\"PropertyValueSpecification\",\"valueRequired\":true,\"valueName\":\"search_term_string\"}}],\"inLanguage\":\"fr-FR\"},{\"@type\":\"Person\",\"@id\":\"https:\\\/\\\/jazairhope.org\\\/fr\\\/#\\\/schema\\\/person\\\/43650ebd889d8960700b5456ed9264c4\",\"name\":\"Ssuperadmin\",\"image\":{\"@type\":\"ImageObject\",\"inLanguage\":\"fr-FR\",\"@id\":\"https:\\\/\\\/secure.gravatar.com\\\/avatar\\\/b4068e88b9c557952c81ca0efc4e11e19a2ed480173b8cef95a240894b16bf22?s=96&d=mm&r=g\",\"url\":\"https:\\\/\\\/secure.gravatar.com\\\/avatar\\\/b4068e88b9c557952c81ca0efc4e11e19a2ed480173b8cef95a240894b16bf22?s=96&d=mm&r=g\",\"contentUrl\":\"https:\\\/\\\/secure.gravatar.com\\\/avatar\\\/b4068e88b9c557952c81ca0efc4e11e19a2ed480173b8cef95a240894b16bf22?s=96&d=mm&r=g\",\"caption\":\"Ssuperadmin\"},\"sameAs\":[\"https:\\\/\\\/jazairhope.org\"],\"url\":\"https:\\\/\\\/jazairhope.org\\\/fr\\\/author\\\/superadmin\\\/\"}]}<\/script>\n<!-- \/ Yoast SEO plugin. -->","yoast_head_json":{"title":"PO\u00c9SIE HA\u00cfKU, TRAIT D\u2019UNION ENTRE L\u2019EXPRESSION SPONTAN\u00c9E ET LA CONDENSATION S\u00c9MANTIQUE - AAH.JZR","robots":{"index":"index","follow":"follow","max-snippet":"max-snippet:-1","max-image-preview":"max-image-preview:large","max-video-preview":"max-video-preview:-1"},"canonical":"https:\/\/jazairhope.org\/fr\/poesie-haiku-trait-dunion-entre-lexpression-spontanee-et-la-condensation-semantique\/","og_locale":"fr_FR","og_type":"article","og_title":"PO\u00c9SIE HA\u00cfKU, TRAIT D\u2019UNION ENTRE L\u2019EXPRESSION SPONTAN\u00c9E ET LA CONDENSATION S\u00c9MANTIQUE - AAH.JZR","og_description":"BISKRA &#8211; La po\u00e9sie ha\u00efku, un genre litt\u00e9raire d&#8217;origine japonaise extr\u00eamement bref, est le &#8220;trait d&#8217;union entre l&#8217;expression spontan\u00e9e et la condensation&hellip;","og_url":"https:\/\/jazairhope.org\/fr\/poesie-haiku-trait-dunion-entre-lexpression-spontanee-et-la-condensation-semantique\/","og_site_name":"AAH.JZR","article_publisher":"https:\/\/www.facebook.com\/jazairhope","article_published_time":"2023-02-08T07:30:11+00:00","og_image":[{"width":580,"height":350,"url":"https:\/\/jazairhope.org\/wp-content\/uploads\/2023\/02\/Poesie.jpg","type":"image\/jpeg"}],"author":"Ssuperadmin","twitter_card":"summary_large_image","twitter_misc":{"\u00c9crit par":"Ssuperadmin","Dur\u00e9e de lecture estim\u00e9e":"3 minutes"},"schema":{"@context":"https:\/\/schema.org","@graph":[{"@type":"Article","@id":"https:\/\/jazairhope.org\/fr\/poesie-haiku-trait-dunion-entre-lexpression-spontanee-et-la-condensation-semantique\/#article","isPartOf":{"@id":"https:\/\/jazairhope.org\/fr\/poesie-haiku-trait-dunion-entre-lexpression-spontanee-et-la-condensation-semantique\/"},"author":{"name":"Ssuperadmin","@id":"https:\/\/jazairhope.org\/fr\/#\/schema\/person\/43650ebd889d8960700b5456ed9264c4"},"headline":"PO\u00c9SIE HA\u00cfKU, TRAIT D\u2019UNION ENTRE L\u2019EXPRESSION SPONTAN\u00c9E ET LA CONDENSATION S\u00c9MANTIQUE","datePublished":"2023-02-08T07:30:11+00:00","mainEntityOfPage":{"@id":"https:\/\/jazairhope.org\/fr\/poesie-haiku-trait-dunion-entre-lexpression-spontanee-et-la-condensation-semantique\/"},"wordCount":651,"commentCount":2,"image":{"@id":"https:\/\/jazairhope.org\/fr\/poesie-haiku-trait-dunion-entre-lexpression-spontanee-et-la-condensation-semantique\/#primaryimage"},"thumbnailUrl":"https:\/\/jazairhope.org\/wp-content\/uploads\/2023\/02\/Poesie.jpg","articleSection":["Art &amp; Culture"],"inLanguage":"fr-FR","potentialAction":[{"@type":"CommentAction","name":"Comment","target":["https:\/\/jazairhope.org\/fr\/poesie-haiku-trait-dunion-entre-lexpression-spontanee-et-la-condensation-semantique\/#respond"]}]},{"@type":"WebPage","@id":"https:\/\/jazairhope.org\/fr\/poesie-haiku-trait-dunion-entre-lexpression-spontanee-et-la-condensation-semantique\/","url":"https:\/\/jazairhope.org\/fr\/poesie-haiku-trait-dunion-entre-lexpression-spontanee-et-la-condensation-semantique\/","name":"PO\u00c9SIE HA\u00cfKU, TRAIT D\u2019UNION ENTRE L\u2019EXPRESSION SPONTAN\u00c9E ET LA CONDENSATION S\u00c9MANTIQUE - AAH.JZR","isPartOf":{"@id":"https:\/\/jazairhope.org\/fr\/#website"},"primaryImageOfPage":{"@id":"https:\/\/jazairhope.org\/fr\/poesie-haiku-trait-dunion-entre-lexpression-spontanee-et-la-condensation-semantique\/#primaryimage"},"image":{"@id":"https:\/\/jazairhope.org\/fr\/poesie-haiku-trait-dunion-entre-lexpression-spontanee-et-la-condensation-semantique\/#primaryimage"},"thumbnailUrl":"https:\/\/jazairhope.org\/wp-content\/uploads\/2023\/02\/Poesie.jpg","datePublished":"2023-02-08T07:30:11+00:00","author":{"@id":"https:\/\/jazairhope.org\/fr\/#\/schema\/person\/43650ebd889d8960700b5456ed9264c4"},"breadcrumb":{"@id":"https:\/\/jazairhope.org\/fr\/poesie-haiku-trait-dunion-entre-lexpression-spontanee-et-la-condensation-semantique\/#breadcrumb"},"inLanguage":"fr-FR","potentialAction":[{"@type":"ReadAction","target":["https:\/\/jazairhope.org\/fr\/poesie-haiku-trait-dunion-entre-lexpression-spontanee-et-la-condensation-semantique\/"]}]},{"@type":"ImageObject","inLanguage":"fr-FR","@id":"https:\/\/jazairhope.org\/fr\/poesie-haiku-trait-dunion-entre-lexpression-spontanee-et-la-condensation-semantique\/#primaryimage","url":"https:\/\/jazairhope.org\/wp-content\/uploads\/2023\/02\/Poesie.jpg","contentUrl":"https:\/\/jazairhope.org\/wp-content\/uploads\/2023\/02\/Poesie.jpg","width":580,"height":350},{"@type":"BreadcrumbList","@id":"https:\/\/jazairhope.org\/fr\/poesie-haiku-trait-dunion-entre-lexpression-spontanee-et-la-condensation-semantique\/#breadcrumb","itemListElement":[{"@type":"ListItem","position":1,"name":"Accueil","item":"https:\/\/jazairhope.org\/fr\/"},{"@type":"ListItem","position":2,"name":"PO\u00c9SIE HA\u00cfKU, TRAIT D\u2019UNION ENTRE L\u2019EXPRESSION SPONTAN\u00c9E ET LA CONDENSATION S\u00c9MANTIQUE"}]},{"@type":"WebSite","@id":"https:\/\/jazairhope.org\/fr\/#website","url":"https:\/\/jazairhope.org\/fr\/","name":"AAH.JZR","description":"Environment, Health, Science, Art, Economics","potentialAction":[{"@type":"SearchAction","target":{"@type":"EntryPoint","urlTemplate":"https:\/\/jazairhope.org\/fr\/?s={search_term_string}"},"query-input":{"@type":"PropertyValueSpecification","valueRequired":true,"valueName":"search_term_string"}}],"inLanguage":"fr-FR"},{"@type":"Person","@id":"https:\/\/jazairhope.org\/fr\/#\/schema\/person\/43650ebd889d8960700b5456ed9264c4","name":"Ssuperadmin","image":{"@type":"ImageObject","inLanguage":"fr-FR","@id":"https:\/\/secure.gravatar.com\/avatar\/b4068e88b9c557952c81ca0efc4e11e19a2ed480173b8cef95a240894b16bf22?s=96&d=mm&r=g","url":"https:\/\/secure.gravatar.com\/avatar\/b4068e88b9c557952c81ca0efc4e11e19a2ed480173b8cef95a240894b16bf22?s=96&d=mm&r=g","contentUrl":"https:\/\/secure.gravatar.com\/avatar\/b4068e88b9c557952c81ca0efc4e11e19a2ed480173b8cef95a240894b16bf22?s=96&d=mm&r=g","caption":"Ssuperadmin"},"sameAs":["https:\/\/jazairhope.org"],"url":"https:\/\/jazairhope.org\/fr\/author\/superadmin\/"}]}},"views":262,"_links":{"self":[{"href":"https:\/\/jazairhope.org\/fr\/wp-json\/wp\/v2\/posts\/69601","targetHints":{"allow":["GET"]}}],"collection":[{"href":"https:\/\/jazairhope.org\/fr\/wp-json\/wp\/v2\/posts"}],"about":[{"href":"https:\/\/jazairhope.org\/fr\/wp-json\/wp\/v2\/types\/post"}],"author":[{"embeddable":true,"href":"https:\/\/jazairhope.org\/fr\/wp-json\/wp\/v2\/users\/1"}],"replies":[{"embeddable":true,"href":"https:\/\/jazairhope.org\/fr\/wp-json\/wp\/v2\/comments?post=69601"}],"version-history":[{"count":1,"href":"https:\/\/jazairhope.org\/fr\/wp-json\/wp\/v2\/posts\/69601\/revisions"}],"predecessor-version":[{"id":69602,"href":"https:\/\/jazairhope.org\/fr\/wp-json\/wp\/v2\/posts\/69601\/revisions\/69602"}],"wp:featuredmedia":[{"embeddable":true,"href":"https:\/\/jazairhope.org\/fr\/wp-json\/wp\/v2\/media\/69603"}],"wp:attachment":[{"href":"https:\/\/jazairhope.org\/fr\/wp-json\/wp\/v2\/media?parent=69601"}],"wp:term":[{"taxonomy":"category","embeddable":true,"href":"https:\/\/jazairhope.org\/fr\/wp-json\/wp\/v2\/categories?post=69601"},{"taxonomy":"post_tag","embeddable":true,"href":"https:\/\/jazairhope.org\/fr\/wp-json\/wp\/v2\/tags?post=69601"}],"curies":[{"name":"wp","href":"https:\/\/api.w.org\/{rel}","templated":true}]}}