{"id":69735,"date":"2023-02-08T01:00:12","date_gmt":"2023-02-08T00:00:12","guid":{"rendered":"https:\/\/jazairhope.org\/?p=69735"},"modified":"2023-02-07T19:21:40","modified_gmt":"2023-02-07T18:21:40","slug":"__trashed-5","status":"publish","type":"post","link":"https:\/\/jazairhope.org\/fr\/__trashed-5\/","title":{"rendered":"Conflit Russie \/ OTAN : le Maroc co-bellig\u00e9rant ?"},"content":{"rendered":"<div dir=\"auto\">Alors que la majorit\u00e9 des \u00c9tats africains se sont gard\u00e9 de toute immixtion dans cette crise, le Maroc semble s&#8217;\u00eatre totalement align\u00e9 au clan occidental et aurait d\u00e9cid\u00e9 d&#8217;offrir des chars au r\u00e9gime de Kiev :<\/div>\n<div dir=\"auto\"><\/div>\n<div dir=\"auto\"><a href=\"https:\/\/www.menadefense.net\/afnord\/le-maroc-offre-ses-chars-a-lukraine\/\" rel=\"noopener noreferrer noreferrer noreferrer noreferrer noreferrer noreferrer noreferrer noreferrer noreferrer noreferrer noreferrer noreferrer noreferrer noreferrer noreferrer noreferrer noreferrer noreferrer noreferrer noreferrer noreferrer noreferrer noreferrer noreferrer noreferrer noreferrer noreferrer noreferrer noreferrer noreferrer noreferrer noreferrer noreferrer noreferrer noreferrer noreferrer noreferrer\" data-saferedirecturl=\"https:\/\/www.google.com\/url?q=https:\/\/www.menadefense.net\/afnord\/le-maroc-offre-ses-chars-a-lukraine\/&amp;source=gmail&amp;ust=1675847871164000&amp;usg=AOvVaw0yIiYzAFHVWF42AGeFbIX2\">https:\/\/www.menadefense.net\/afnord\/le-maroc-offre-ses-chars-a-lukraine\/<\/a><\/div>\n<div dir=\"auto\"><\/div>\n<div dir=\"auto\">Certains m\u00e9dias rapportent en outre que des centaines de mercenaires marocains prennent part aux champs de bataille aux c\u00f4t\u00e9s des Ukrainiens.<\/div>\n<div dir=\"auto\"><\/div>\n<div dir=\"auto\"><a href=\"https:\/\/strategika51.org\/2022\/04\/27\/les-marocains-de-mariupol\/\" rel=\"noopener noreferrer noreferrer noreferrer noreferrer noreferrer noreferrer noreferrer noreferrer noreferrer noreferrer noreferrer noreferrer noreferrer noreferrer noreferrer noreferrer noreferrer noreferrer noreferrer noreferrer noreferrer noreferrer noreferrer noreferrer noreferrer noreferrer noreferrer noreferrer noreferrer noreferrer noreferrer noreferrer noreferrer noreferrer\" data-saferedirecturl=\"https:\/\/www.google.com\/url?q=https:\/\/strategika51.org\/2022\/04\/27\/les-marocains-de-mariupol\/&amp;source=gmail&amp;ust=1675847871165000&amp;usg=AOvVaw2BUJFqOJbedvYi97RGhNK4\">https:\/\/strategika51.org\/2022\/04\/27\/les-marocains-de-mariupol\/<\/a><\/div>\n<div dir=\"auto\"><\/div>\n<div dir=\"auto\">La pr\u00e9tendue neutralit\u00e9 du royaume ch\u00e9rifien dans le conflit ukrainien n&#8217;aura certes pas fait long feu. Il n&#8217;y a l\u00e0 toutefois rien d&#8217;\u00e9tonnant pour un \u00c9tat qui s&#8217;est rang\u00e9, pour ne pas dire vassalis\u00e9, d\u00e8s les premi\u00e8res heures de son &#8220;ind\u00e9pendance&#8221;<b>(*)<\/b>\u00a0au camp imp\u00e9rialiste (soutien \u00e0 l&#8217;intervention fran\u00e7aise au Mali, par exemple :\u00a0<a href=\"https:\/\/www.google.com\/amp\/s\/amp.rfi.fr\/fr\/afrique\/20130126-mali-le-maroc-affirme-son-soutien-politique-intervention-francaise\" rel=\"noopener noreferrer noreferrer noreferrer noreferrer noreferrer noreferrer noreferrer noreferrer noreferrer noreferrer noreferrer noreferrer noreferrer noreferrer noreferrer noreferrer noreferrer noreferrer noreferrer noreferrer noreferrer noreferrer noreferrer noreferrer noreferrer\" data-saferedirecturl=\"https:\/\/www.google.com\/url?q=https:\/\/www.google.com\/amp\/s\/amp.rfi.fr\/fr\/afrique\/20130126-mali-le-maroc-affirme-son-soutien-politique-intervention-francaise&amp;source=gmail&amp;ust=1675847871165000&amp;usg=AOvVaw1gDsDM6p76Ktbf_USdWi55\">https:\/\/www.google.com\/amp\/s\/amp.rfi.fr\/fr\/afrique\/20130126-mali-le-maroc-affirme-son-soutien-politique-intervention-francaise<\/a>), ni par cons\u00e9quent rien d&#8217;\u00e9trange en ce qui concerne son hostilit\u00e9 \u00e0 l&#8217;encontre de la r\u00e9publique islamique d&#8217;Iran, pourtant situ\u00e9e dans un autre continent, \u00e0 des milliers de kilom\u00e8tres de ses fronti\u00e8res.<\/div>\n<div dir=\"auto\"><\/div>\n<div dir=\"auto\"><b>(*)<\/b>Les guillemets ne doivent pas \u00eatre interpr\u00e9t\u00e9s ici comme un signe minoratif ou d\u00e9pr\u00e9ciatif ; ils ne traduisent rien moins que la r\u00e9alit\u00e9 de la situation politique du pays, \u00e0 qui il fut accord\u00e9 non pas une ind\u00e9pendance totale mais l&#8217;interd\u00e9pendance en vertu des accords de la Celle-Saint-Cloud :<\/div>\n<div dir=\"auto\"><\/div>\n<div dir=\"auto\"><a href=\"https:\/\/www.monde-diplomatique.fr\/1956\/04\/WESTPHAL\/21739\" rel=\"noopener noreferrer noreferrer noreferrer noreferrer noreferrer noreferrer noreferrer noreferrer noreferrer noreferrer noreferrer noreferrer noreferrer noreferrer noreferrer noreferrer noreferrer noreferrer noreferrer noreferrer noreferrer noreferrer noreferrer noreferrer noreferrer noreferrer noreferrer noreferrer noreferrer\" data-saferedirecturl=\"https:\/\/www.google.com\/url?q=https:\/\/www.monde-diplomatique.fr\/1956\/04\/WESTPHAL\/21739&amp;source=gmail&amp;ust=1675847871165000&amp;usg=AOvVaw121l8SqC5CCGBV9cIVbPEo\">https:\/\/www.monde-diplomatique.fr\/1956\/04\/WESTPHAL\/21739<\/a><\/div>\n<div dir=\"auto\"><\/div>\n<div dir=\"auto\">Or, cet alignement n&#8217;a, semble-t-il, rapport\u00e9 que peu de fruits au peuple marocain, dont un grand nombre vit sous le seuil de pauvret\u00e9 (<a href=\"https:\/\/eljadidascoop.com\/la-banque-mondiale-dresse-un-rapport-choquant-sur-la-pauvrete-au-maroc\/\" rel=\"noopener noreferrer noreferrer noreferrer noreferrer noreferrer noreferrer noreferrer noreferrer noreferrer noreferrer noreferrer noreferrer noreferrer noreferrer noreferrer noreferrer noreferrer noreferrer noreferrer noreferrer noreferrer noreferrer\" data-saferedirecturl=\"https:\/\/www.google.com\/url?q=https:\/\/eljadidascoop.com\/la-banque-mondiale-dresse-un-rapport-choquant-sur-la-pauvrete-au-maroc\/&amp;source=gmail&amp;ust=1675847871165000&amp;usg=AOvVaw3PsaPSHWKZi3QsCnQ4Axfp\">https:\/\/eljadidascoop.com\/la-banque-mondiale-dresse-un-rapport-choquant-sur-la-pauvrete-au-maroc\/<\/a>), pas plus que les dividendes escompt\u00e9s de l&#8217;occupation du Sahara Occidental.<\/div>\n<div dir=\"auto\"><\/div>\n<div dir=\"auto\">Notez, \u00e0 ce propos, le deux poids deux mesures, les condamnations \u00e0 g\u00e9om\u00e9trie variable des occidentaux qui, loin de bl\u00e2mer cette invasion, l&#8217;ont encourag\u00e9e et ferm\u00e9 les yeux (voire sans doute particip\u00e9) sur les bombardements au napalm et phosphore blanc contre les populations Saharaouies (<a href=\"https:\/\/www.revue-ballast.fr\/sahara-occidental-la-derniere-colonie-du-continent-africain-portfolio\/\" rel=\"noopener noreferrer noreferrer noreferrer noreferrer noreferrer noreferrer noreferrer noreferrer noreferrer noreferrer noreferrer noreferrer noreferrer noreferrer noreferrer noreferrer noreferrer noreferrer noreferrer\" data-saferedirecturl=\"https:\/\/www.google.com\/url?q=https:\/\/www.revue-ballast.fr\/sahara-occidental-la-derniere-colonie-du-continent-africain-portfolio\/&amp;source=gmail&amp;ust=1675847871165000&amp;usg=AOvVaw0cbPMTgPPUxSkjaBcQ1Tdf\">https:\/\/www.revue-ballast.fr\/sahara-occidental-la-derniere-colonie-du-continent-africain-portfolio\/<\/a>), alors qu&#8217;ils se sont empress\u00e9s de condamner l&#8217;intervention russe en Ukraine, combien m\u00eame celle-ci visait \u00e0 sauver les populations russophones apr\u00e8s, excusez du peu, plus de 8 ans de bombardements par les troupes kieviennes. Mais les vies russes ont, semble-t-il, peu de valeur \u00e0 leurs yeux. Au passage, celle des Ukrainiens ne vaut pas mieux puisque c&#8217;est eux qu&#8217;on sacrifie \u00e0 l&#8217;autel de l&#8217;h\u00e9g\u00e9monie imp\u00e9rialiste.<\/div>\n<div dir=\"auto\"><\/div>\n<div dir=\"auto\">Le makhzen croit par ailleurs (se) jouer de ce soutien pour se pr\u00e9senter comme acteur incontournable de la s\u00e9curit\u00e9 \u00e9nerg\u00e9tique europ\u00e9enne. Dans son fantasme expansionniste, il pense ainsi, une fois les r\u00eanes \u00e9nerg\u00e9tiques entre ses mains, \u00eatre certain de pouvoir exercer des pressions et chantages (immigration), voire des agressions (\u00eeles Persil) comme il l&#8217;a toujours fait lorsqu&#8217;il s&#8217;est senti enhardi par je ne sais quelle mirage de puissance.<\/div>\n<div dir=\"auto\"><\/div>\n<div dir=\"auto\">L&#8217;on pourra attribuer tout qualificatif au royaume marocain sauf celui de fiable. S&#8217;il a trahi en maintes occasions ses &#8220;fr\u00e8res&#8221; Palestiniens (en 1967 et aujourd&#8217;hui encore en normalisant et concluant une alliance militaire avec l&#8217;entit\u00e9 sioniste) que pourront bien attendre les Europ\u00e9ens d&#8217;un tel alli\u00e9 ?<\/div>\n<div dir=\"auto\"><\/div>\n<div dir=\"auto\">Quant \u00e0 son action dans le continent, les Africains pourront appr\u00e9cier son r\u00f4le, notamment dans le Sahel, \u00e0 la lumi\u00e8re de ces quelques articles :<\/div>\n<div dir=\"auto\"><\/div>\n<div dir=\"auto\"><a href=\"http:\/\/niarela.net\/nord-mali\/le-maroc-est-lorigine-du-mujao-selon-larmee-francaise\" rel=\"noopener noreferrer noreferrer noreferrer noreferrer noreferrer noreferrer noreferrer noreferrer noreferrer noreferrer noreferrer noreferrer noreferrer\" data-saferedirecturl=\"https:\/\/www.google.com\/url?q=http:\/\/niarela.net\/nord-mali\/le-maroc-est-lorigine-du-mujao-selon-larmee-francaise&amp;source=gmail&amp;ust=1675847871165000&amp;usg=AOvVaw0Tt8bS0Z0y7qdS28MNJZz_\">http:\/\/niarela.net\/nord-mali\/le-maroc-est-lorigine-du-mujao-selon-larmee-francaise<\/a><\/div>\n<div dir=\"auto\"><\/div>\n<div dir=\"auto\"><a href=\"https:\/\/www.afrique-asie.fr\/liaison-entre-la-dged-marocaine-et-les-assassins-des-diplomates-algeriens-a-gao\" rel=\"noopener noreferrer noreferrer noreferrer noreferrer noreferrer noreferrer noreferrer noreferrer noreferrer noreferrer noreferrer noreferrer\" data-saferedirecturl=\"https:\/\/www.google.com\/url?q=https:\/\/www.afrique-asie.fr\/liaison-entre-la-dged-marocaine-et-les-assassins-des-diplomates-algeriens-a-gao&amp;source=gmail&amp;ust=1675847871165000&amp;usg=AOvVaw0RUcQ25HyX1WQjS2LhjBR-\">https:\/\/www.afrique-asie.fr\/liaison-entre-la-dged-marocaine-et-les-assassins-des-diplomates-algeriens-a-gao<\/a><\/div>\n<div dir=\"auto\"><\/div>\n<div dir=\"auto\"><a href=\"https:\/\/algeria-watch.org\/?p=42252\" rel=\"noopener noreferrer noreferrer noreferrer noreferrer noreferrer noreferrer noreferrer noreferrer noreferrer noreferrer noreferrer\" data-saferedirecturl=\"https:\/\/www.google.com\/url?q=https:\/\/algeria-watch.org\/?p%3D42252&amp;source=gmail&amp;ust=1675847871165000&amp;usg=AOvVaw1MFAERcvkU8tifdMWOBAlo\">https:\/\/algeria-watch.org\/?p=42252<\/a><\/div>\n<div dir=\"auto\">\n<div dir=\"auto\"><\/div>\n<div dir=\"auto\">Pour ce qui est de l&#8217;occupation du Sahara Occidental, celle-ci participe \u00e9galement de la d\u00e9stabilisation r\u00e9gionale, d&#8217;autant que le peuple Sahraoui ne c\u00e9dera jamais sur ses droits l\u00e9gitimes, et face \u00e0 l&#8217;inaction de la &#8220;communaut\u00e9 internationale&#8221;, il durcira in\u00e9luctablement la lutte pour les faire valoir par la force.<\/div>\n<div dir=\"auto\"><\/div>\n<div dir=\"auto\">C&#8217;est pourquoi la solution d&#8217;un Sahara Occidental ind\u00e9pendant est la seule option p\u00e9renne permettant le d\u00e9veloppement et la prosp\u00e9rit\u00e9 des populations de la r\u00e9gion dans un environnement de paix durable.<\/div>\n<div dir=\"auto\"><\/div>\n<div dir=\"auto\">Mais au juste, \u00e0 qui appartient le Sahara Occidental ? est-il marocain ?<\/div>\n<div dir=\"auto\"><\/div>\n<div dir=\"auto\">Sur cette question, laissons la parole ou plus pr\u00e9cis\u00e9ment la plume au roi du Maroc, Mohamed III ben Abdallah, qui affirmait sans \u00e9quivoque, dans sa lettre dat\u00e9e du\u00a0<b>28 mai 1767<\/b>, que les territoires correspondants au Sahara Occidental actuel n\u2019\u00e9taient pas sous son autorit\u00e9 et par cons\u00e9quent ne faisaient pas partie de son royaume. Cette lettre faisait suite aux pr\u00e9occupations du roi d\u2019Espagne, Charles III quant \u00e0 la s\u00e9curit\u00e9 des p\u00eacheurs espagnols au large du Sahara Occidental. Voici la r\u00e9ponse du roi du Maroc :<\/div>\n<div dir=\"auto\"><\/div>\n<div dir=\"auto\">\u201c\u2026 ces arabes\u00a0 (les Sahraouis) n\u2019ont pas de lieu s\u00fbr ; ils changent de lieu quand ils veulent.\u00a0<b>Jamais, ils n\u2019ont \u00e9t\u00e9 assujettis, ni subordonn\u00e9s \u00e0 aucun gouvernement<\/b>. C\u2019est la raison pour laquelle ce n\u2019est pas normal que je donne mon consentement, \u00e9tant donn\u00e9 qu\u2019il peut \u00eatre pr\u00e9judiciable aux habitants des \u00eeles Canaries\u2026\u00a0<b>La c\u00f4te, depuis Santa Cruz\u00a0 (Cap Ghir) vers le sud n\u2019\u00e9tant pas de ma juridiction<\/b>, je ne peux pas la franchir, ni \u00eatre responsable de ce qui peut y arriver\u2026\u201d<\/div>\n<div dir=\"auto\"><\/div>\n<div dir=\"auto\">Ce document est consign\u00e9 en annexe 33B, page 266 des m\u00e9moires et plaidoiries de la cour Internationale de Justice relatifs au probl\u00e8me du Sahara Occidental (voir \u00e9galement en annexe 33A la lettre du m\u00eame roi au m\u00eame destinataire) :<\/div>\n<div dir=\"auto\"><\/div>\n<div dir=\"auto\"><a href=\"https:\/\/www.google.com\/url?sa=t&amp;source=web&amp;rct=j&amp;url=https:\/\/www.icj-cij.org\/public\/files\/case-related\/61\/9472.pdf&amp;ved=2ahUKEwjAh-Hw04D4AhV3gM4BHfNYDnAQFnoECAcQAQ&amp;usg=AOvVaw3S1D4aS7VvIwB3CehhS8Lo\" rel=\"noopener noreferrer noreferrer noreferrer noreferrer noreferrer noreferrer noreferrer noreferrer noreferrer\" data-saferedirecturl=\"https:\/\/www.google.com\/url?q=https:\/\/www.google.com\/url?sa%3Dt%26source%3Dweb%26rct%3Dj%26url%3Dhttps:\/\/www.icj-cij.org\/public\/files\/case-related\/61\/9472.pdf%26ved%3D2ahUKEwjAh-Hw04D4AhV3gM4BHfNYDnAQFnoECAcQAQ%26usg%3DAOvVaw3S1D4aS7VvIwB3CehhS8Lo&amp;source=gmail&amp;ust=1675847871165000&amp;usg=AOvVaw3uMiJ1Cd1KM-CGbTt2JsxO\">https:\/\/www.google.com\/url?sa=t&amp;source=web&amp;rct=j&amp;url=https:\/\/www.icj-cij.org\/public\/files\/case-related\/61\/9472.pdf&amp;ved=2ahUKEwjAh-Hw04D4AhV3gM4BHfNYDnAQFnoECAcQAQ&amp;usg=AOvVaw3S1D4aS7VvIwB3CehhS8Lo<\/a><\/div>\n<\/div>\n<div dir=\"auto\"><\/div>\n<div dir=\"auto\">Or cette fiction du &#8220;grand Maroc&#8221; (en r\u00e9alit\u00e9 empire fond\u00e9 par des tribus mauritaniennes, si ce n&#8217;est saharaouies), a entra\u00een\u00e9 le makhzen dans une voie sans issue et contreproductive qui le m\u00e8nera \u00e0 son implosion, car fond\u00e9e sur une imposture et une injustice flagrante qui le placent, comme son alignement sur le camp imp\u00e9rialistes, du mauvais c\u00f4t\u00e9 de l&#8217;Histoire.<\/div>\n","protected":false},"excerpt":{"rendered":"<p>Alors que la majorit\u00e9 des \u00c9tats africains se sont gard\u00e9 de toute immixtion dans cette crise, le Maroc semble s&#8217;\u00eatre totalement align\u00e9&hellip;<\/p>\n","protected":false},"author":1,"featured_media":69777,"comment_status":"open","ping_status":"open","sticky":false,"template":"","format":"standard","meta":{"_lmt_disableupdate":"","_lmt_disable":"","footnotes":""},"categories":[49],"tags":[],"class_list":["post-69735","post","type-post","status-publish","format-standard","has-post-thumbnail","hentry","category-politique"],"yoast_head":"<!-- This site is optimized with the Yoast SEO plugin v27.3 - https:\/\/yoast.com\/product\/yoast-seo-wordpress\/ -->\n<title>Conflit Russie \/ OTAN : le Maroc co-bellig\u00e9rant ? - AAH.JZR<\/title>\n<meta name=\"robots\" content=\"index, follow, max-snippet:-1, max-image-preview:large, max-video-preview:-1\" \/>\n<link rel=\"canonical\" href=\"https:\/\/jazairhope.org\/fr\/__trashed-5\/\" \/>\n<meta property=\"og:locale\" content=\"fr_FR\" \/>\n<meta property=\"og:type\" content=\"article\" \/>\n<meta property=\"og:title\" content=\"Conflit Russie \/ OTAN : le Maroc co-bellig\u00e9rant ? - AAH.JZR\" \/>\n<meta property=\"og:description\" content=\"Alors que la majorit\u00e9 des \u00c9tats africains se sont gard\u00e9 de toute immixtion dans cette crise, le Maroc semble s&#8217;\u00eatre totalement align\u00e9&hellip;\" \/>\n<meta property=\"og:url\" content=\"https:\/\/jazairhope.org\/fr\/__trashed-5\/\" \/>\n<meta property=\"og:site_name\" content=\"AAH.JZR\" \/>\n<meta property=\"article:publisher\" content=\"https:\/\/www.facebook.com\/jazairhope\" \/>\n<meta property=\"article:published_time\" content=\"2023-02-08T00:00:12+00:00\" \/>\n<meta property=\"og:image\" content=\"https:\/\/jazairhope.org\/wp-content\/uploads\/2023\/02\/jh-25.jpg\" \/>\n\t<meta property=\"og:image:width\" content=\"800\" \/>\n\t<meta property=\"og:image:height\" content=\"533\" \/>\n\t<meta property=\"og:image:type\" content=\"image\/jpeg\" \/>\n<meta name=\"author\" content=\"Ssuperadmin\" \/>\n<meta name=\"twitter:card\" content=\"summary_large_image\" \/>\n<meta name=\"twitter:label1\" content=\"\u00c9crit par\" \/>\n\t<meta name=\"twitter:data1\" content=\"Ssuperadmin\" \/>\n\t<meta name=\"twitter:label2\" content=\"Dur\u00e9e de lecture estim\u00e9e\" \/>\n\t<meta name=\"twitter:data2\" content=\"4 minutes\" \/>\n<script type=\"application\/ld+json\" class=\"yoast-schema-graph\">{\"@context\":\"https:\\\/\\\/schema.org\",\"@graph\":[{\"@type\":\"Article\",\"@id\":\"https:\\\/\\\/jazairhope.org\\\/fr\\\/__trashed-5\\\/#article\",\"isPartOf\":{\"@id\":\"https:\\\/\\\/jazairhope.org\\\/fr\\\/__trashed-5\\\/\"},\"author\":{\"name\":\"Ssuperadmin\",\"@id\":\"https:\\\/\\\/jazairhope.org\\\/fr\\\/#\\\/schema\\\/person\\\/43650ebd889d8960700b5456ed9264c4\"},\"headline\":\"Conflit Russie \\\/ OTAN : le Maroc co-bellig\u00e9rant ?\",\"datePublished\":\"2023-02-08T00:00:12+00:00\",\"mainEntityOfPage\":{\"@id\":\"https:\\\/\\\/jazairhope.org\\\/fr\\\/__trashed-5\\\/\"},\"wordCount\":1014,\"commentCount\":0,\"image\":{\"@id\":\"https:\\\/\\\/jazairhope.org\\\/fr\\\/__trashed-5\\\/#primaryimage\"},\"thumbnailUrl\":\"https:\\\/\\\/jazairhope.org\\\/wp-content\\\/uploads\\\/2023\\\/02\\\/jh-25.jpg\",\"articleSection\":[\"Politique\"],\"inLanguage\":\"fr-FR\",\"potentialAction\":[{\"@type\":\"CommentAction\",\"name\":\"Comment\",\"target\":[\"https:\\\/\\\/jazairhope.org\\\/fr\\\/__trashed-5\\\/#respond\"]}]},{\"@type\":\"WebPage\",\"@id\":\"https:\\\/\\\/jazairhope.org\\\/fr\\\/__trashed-5\\\/\",\"url\":\"https:\\\/\\\/jazairhope.org\\\/fr\\\/__trashed-5\\\/\",\"name\":\"Conflit Russie \\\/ OTAN : le Maroc co-bellig\u00e9rant ? - AAH.JZR\",\"isPartOf\":{\"@id\":\"https:\\\/\\\/jazairhope.org\\\/fr\\\/#website\"},\"primaryImageOfPage\":{\"@id\":\"https:\\\/\\\/jazairhope.org\\\/fr\\\/__trashed-5\\\/#primaryimage\"},\"image\":{\"@id\":\"https:\\\/\\\/jazairhope.org\\\/fr\\\/__trashed-5\\\/#primaryimage\"},\"thumbnailUrl\":\"https:\\\/\\\/jazairhope.org\\\/wp-content\\\/uploads\\\/2023\\\/02\\\/jh-25.jpg\",\"datePublished\":\"2023-02-08T00:00:12+00:00\",\"author\":{\"@id\":\"https:\\\/\\\/jazairhope.org\\\/fr\\\/#\\\/schema\\\/person\\\/43650ebd889d8960700b5456ed9264c4\"},\"breadcrumb\":{\"@id\":\"https:\\\/\\\/jazairhope.org\\\/fr\\\/__trashed-5\\\/#breadcrumb\"},\"inLanguage\":\"fr-FR\",\"potentialAction\":[{\"@type\":\"ReadAction\",\"target\":[\"https:\\\/\\\/jazairhope.org\\\/fr\\\/__trashed-5\\\/\"]}]},{\"@type\":\"ImageObject\",\"inLanguage\":\"fr-FR\",\"@id\":\"https:\\\/\\\/jazairhope.org\\\/fr\\\/__trashed-5\\\/#primaryimage\",\"url\":\"https:\\\/\\\/jazairhope.org\\\/wp-content\\\/uploads\\\/2023\\\/02\\\/jh-25.jpg\",\"contentUrl\":\"https:\\\/\\\/jazairhope.org\\\/wp-content\\\/uploads\\\/2023\\\/02\\\/jh-25.jpg\",\"width\":800,\"height\":533},{\"@type\":\"BreadcrumbList\",\"@id\":\"https:\\\/\\\/jazairhope.org\\\/fr\\\/__trashed-5\\\/#breadcrumb\",\"itemListElement\":[{\"@type\":\"ListItem\",\"position\":1,\"name\":\"Accueil\",\"item\":\"https:\\\/\\\/jazairhope.org\\\/fr\\\/\"},{\"@type\":\"ListItem\",\"position\":2,\"name\":\"Conflit Russie \\\/ OTAN : le Maroc co-bellig\u00e9rant ?\"}]},{\"@type\":\"WebSite\",\"@id\":\"https:\\\/\\\/jazairhope.org\\\/fr\\\/#website\",\"url\":\"https:\\\/\\\/jazairhope.org\\\/fr\\\/\",\"name\":\"AAH.JZR\",\"description\":\"Environment, Health, Science, Art, Economics\",\"potentialAction\":[{\"@type\":\"SearchAction\",\"target\":{\"@type\":\"EntryPoint\",\"urlTemplate\":\"https:\\\/\\\/jazairhope.org\\\/fr\\\/?s={search_term_string}\"},\"query-input\":{\"@type\":\"PropertyValueSpecification\",\"valueRequired\":true,\"valueName\":\"search_term_string\"}}],\"inLanguage\":\"fr-FR\"},{\"@type\":\"Person\",\"@id\":\"https:\\\/\\\/jazairhope.org\\\/fr\\\/#\\\/schema\\\/person\\\/43650ebd889d8960700b5456ed9264c4\",\"name\":\"Ssuperadmin\",\"image\":{\"@type\":\"ImageObject\",\"inLanguage\":\"fr-FR\",\"@id\":\"https:\\\/\\\/secure.gravatar.com\\\/avatar\\\/b4068e88b9c557952c81ca0efc4e11e19a2ed480173b8cef95a240894b16bf22?s=96&d=mm&r=g\",\"url\":\"https:\\\/\\\/secure.gravatar.com\\\/avatar\\\/b4068e88b9c557952c81ca0efc4e11e19a2ed480173b8cef95a240894b16bf22?s=96&d=mm&r=g\",\"contentUrl\":\"https:\\\/\\\/secure.gravatar.com\\\/avatar\\\/b4068e88b9c557952c81ca0efc4e11e19a2ed480173b8cef95a240894b16bf22?s=96&d=mm&r=g\",\"caption\":\"Ssuperadmin\"},\"sameAs\":[\"https:\\\/\\\/jazairhope.org\"],\"url\":\"https:\\\/\\\/jazairhope.org\\\/fr\\\/author\\\/superadmin\\\/\"}]}<\/script>\n<!-- \/ Yoast SEO plugin. -->","yoast_head_json":{"title":"Conflit Russie \/ OTAN : le Maroc co-bellig\u00e9rant ? - AAH.JZR","robots":{"index":"index","follow":"follow","max-snippet":"max-snippet:-1","max-image-preview":"max-image-preview:large","max-video-preview":"max-video-preview:-1"},"canonical":"https:\/\/jazairhope.org\/fr\/__trashed-5\/","og_locale":"fr_FR","og_type":"article","og_title":"Conflit Russie \/ OTAN : le Maroc co-bellig\u00e9rant ? - AAH.JZR","og_description":"Alors que la majorit\u00e9 des \u00c9tats africains se sont gard\u00e9 de toute immixtion dans cette crise, le Maroc semble s&#8217;\u00eatre totalement align\u00e9&hellip;","og_url":"https:\/\/jazairhope.org\/fr\/__trashed-5\/","og_site_name":"AAH.JZR","article_publisher":"https:\/\/www.facebook.com\/jazairhope","article_published_time":"2023-02-08T00:00:12+00:00","og_image":[{"width":800,"height":533,"url":"https:\/\/jazairhope.org\/wp-content\/uploads\/2023\/02\/jh-25.jpg","type":"image\/jpeg"}],"author":"Ssuperadmin","twitter_card":"summary_large_image","twitter_misc":{"\u00c9crit par":"Ssuperadmin","Dur\u00e9e de lecture estim\u00e9e":"4 minutes"},"schema":{"@context":"https:\/\/schema.org","@graph":[{"@type":"Article","@id":"https:\/\/jazairhope.org\/fr\/__trashed-5\/#article","isPartOf":{"@id":"https:\/\/jazairhope.org\/fr\/__trashed-5\/"},"author":{"name":"Ssuperadmin","@id":"https:\/\/jazairhope.org\/fr\/#\/schema\/person\/43650ebd889d8960700b5456ed9264c4"},"headline":"Conflit Russie \/ OTAN : le Maroc co-bellig\u00e9rant ?","datePublished":"2023-02-08T00:00:12+00:00","mainEntityOfPage":{"@id":"https:\/\/jazairhope.org\/fr\/__trashed-5\/"},"wordCount":1014,"commentCount":0,"image":{"@id":"https:\/\/jazairhope.org\/fr\/__trashed-5\/#primaryimage"},"thumbnailUrl":"https:\/\/jazairhope.org\/wp-content\/uploads\/2023\/02\/jh-25.jpg","articleSection":["Politique"],"inLanguage":"fr-FR","potentialAction":[{"@type":"CommentAction","name":"Comment","target":["https:\/\/jazairhope.org\/fr\/__trashed-5\/#respond"]}]},{"@type":"WebPage","@id":"https:\/\/jazairhope.org\/fr\/__trashed-5\/","url":"https:\/\/jazairhope.org\/fr\/__trashed-5\/","name":"Conflit Russie \/ OTAN : le Maroc co-bellig\u00e9rant ? - AAH.JZR","isPartOf":{"@id":"https:\/\/jazairhope.org\/fr\/#website"},"primaryImageOfPage":{"@id":"https:\/\/jazairhope.org\/fr\/__trashed-5\/#primaryimage"},"image":{"@id":"https:\/\/jazairhope.org\/fr\/__trashed-5\/#primaryimage"},"thumbnailUrl":"https:\/\/jazairhope.org\/wp-content\/uploads\/2023\/02\/jh-25.jpg","datePublished":"2023-02-08T00:00:12+00:00","author":{"@id":"https:\/\/jazairhope.org\/fr\/#\/schema\/person\/43650ebd889d8960700b5456ed9264c4"},"breadcrumb":{"@id":"https:\/\/jazairhope.org\/fr\/__trashed-5\/#breadcrumb"},"inLanguage":"fr-FR","potentialAction":[{"@type":"ReadAction","target":["https:\/\/jazairhope.org\/fr\/__trashed-5\/"]}]},{"@type":"ImageObject","inLanguage":"fr-FR","@id":"https:\/\/jazairhope.org\/fr\/__trashed-5\/#primaryimage","url":"https:\/\/jazairhope.org\/wp-content\/uploads\/2023\/02\/jh-25.jpg","contentUrl":"https:\/\/jazairhope.org\/wp-content\/uploads\/2023\/02\/jh-25.jpg","width":800,"height":533},{"@type":"BreadcrumbList","@id":"https:\/\/jazairhope.org\/fr\/__trashed-5\/#breadcrumb","itemListElement":[{"@type":"ListItem","position":1,"name":"Accueil","item":"https:\/\/jazairhope.org\/fr\/"},{"@type":"ListItem","position":2,"name":"Conflit Russie \/ OTAN : le Maroc co-bellig\u00e9rant ?"}]},{"@type":"WebSite","@id":"https:\/\/jazairhope.org\/fr\/#website","url":"https:\/\/jazairhope.org\/fr\/","name":"AAH.JZR","description":"Environment, Health, Science, Art, Economics","potentialAction":[{"@type":"SearchAction","target":{"@type":"EntryPoint","urlTemplate":"https:\/\/jazairhope.org\/fr\/?s={search_term_string}"},"query-input":{"@type":"PropertyValueSpecification","valueRequired":true,"valueName":"search_term_string"}}],"inLanguage":"fr-FR"},{"@type":"Person","@id":"https:\/\/jazairhope.org\/fr\/#\/schema\/person\/43650ebd889d8960700b5456ed9264c4","name":"Ssuperadmin","image":{"@type":"ImageObject","inLanguage":"fr-FR","@id":"https:\/\/secure.gravatar.com\/avatar\/b4068e88b9c557952c81ca0efc4e11e19a2ed480173b8cef95a240894b16bf22?s=96&d=mm&r=g","url":"https:\/\/secure.gravatar.com\/avatar\/b4068e88b9c557952c81ca0efc4e11e19a2ed480173b8cef95a240894b16bf22?s=96&d=mm&r=g","contentUrl":"https:\/\/secure.gravatar.com\/avatar\/b4068e88b9c557952c81ca0efc4e11e19a2ed480173b8cef95a240894b16bf22?s=96&d=mm&r=g","caption":"Ssuperadmin"},"sameAs":["https:\/\/jazairhope.org"],"url":"https:\/\/jazairhope.org\/fr\/author\/superadmin\/"}]}},"views":356,"_links":{"self":[{"href":"https:\/\/jazairhope.org\/fr\/wp-json\/wp\/v2\/posts\/69735","targetHints":{"allow":["GET"]}}],"collection":[{"href":"https:\/\/jazairhope.org\/fr\/wp-json\/wp\/v2\/posts"}],"about":[{"href":"https:\/\/jazairhope.org\/fr\/wp-json\/wp\/v2\/types\/post"}],"author":[{"embeddable":true,"href":"https:\/\/jazairhope.org\/fr\/wp-json\/wp\/v2\/users\/1"}],"replies":[{"embeddable":true,"href":"https:\/\/jazairhope.org\/fr\/wp-json\/wp\/v2\/comments?post=69735"}],"version-history":[{"count":1,"href":"https:\/\/jazairhope.org\/fr\/wp-json\/wp\/v2\/posts\/69735\/revisions"}],"predecessor-version":[{"id":69736,"href":"https:\/\/jazairhope.org\/fr\/wp-json\/wp\/v2\/posts\/69735\/revisions\/69736"}],"wp:featuredmedia":[{"embeddable":true,"href":"https:\/\/jazairhope.org\/fr\/wp-json\/wp\/v2\/media\/69777"}],"wp:attachment":[{"href":"https:\/\/jazairhope.org\/fr\/wp-json\/wp\/v2\/media?parent=69735"}],"wp:term":[{"taxonomy":"category","embeddable":true,"href":"https:\/\/jazairhope.org\/fr\/wp-json\/wp\/v2\/categories?post=69735"},{"taxonomy":"post_tag","embeddable":true,"href":"https:\/\/jazairhope.org\/fr\/wp-json\/wp\/v2\/tags?post=69735"}],"curies":[{"name":"wp","href":"https:\/\/api.w.org\/{rel}","templated":true}]}}