{"id":70266,"date":"2023-02-13T19:04:00","date_gmt":"2023-02-13T18:04:00","guid":{"rendered":"https:\/\/jazairhope.org\/?p=70266"},"modified":"2023-02-13T19:04:00","modified_gmt":"2023-02-13T18:04:00","slug":"seisme-en-turquie-syrie-meme-detresse-plaidoyer-pour-une-meme-humanite","status":"publish","type":"post","link":"https:\/\/jazairhope.org\/fr\/seisme-en-turquie-syrie-meme-detresse-plaidoyer-pour-une-meme-humanite\/","title":{"rendered":"S\u00e9isme en Turquie \u2013 Syrie : M\u00eame d\u00e9tresse. Plaidoyer pour une m\u00eame humanit\u00e9"},"content":{"rendered":"<p><i>\u00d4 malheureux mortels ! \u00f4 terre d\u00e9plorable !<br \/>\nAccourez, contemplez ces ruines affreuses,<br \/>\nCes d\u00e9bris, ces lambeaux, ces cendres malheureuses,<br \/>\nCes femmes, ces enfants l\u2019un sur l\u2019autre entass\u00e9s,<br \/>\nCent mille infortun\u00e9s que la terre d\u00e9vore,<br \/>\nQui, sanglants, d\u00e9chir\u00e9s, et palpitants encore,<br \/>\nEnterr\u00e9s sous leurs toits, terminent sans secours<br \/>\nQuel crime, quelle faute ont commis ces enfants<br \/>\nSur le sein maternel \u00e9cras\u00e9s et sanglants ?<br \/>\nLisbonne est ab\u00eem\u00e9e, et l\u2019on danse \u00e0 Paris.<br \/>\nTranquilles spectateurs, intr\u00e9pides esprits,<br \/>\nDe vos fr\u00e8res mourants contemplant les naufrages,<br \/>\nDevenus plus humains, vous pleurez comme nous\u00a0\u00bb.<br \/>\n<span class=\"Apple-converted-space\">\u00a0<\/span><\/i>Po\u00e8me de Voltaire s\u2019exprime\u00a0<span class=\"Apple-converted-space\">\u00a0\u00a0<\/span>sur le d\u00e9sastre de Lisbonne de 1756 (1)<\/p>\n<h4>R\u00e9sum\u00e9<b><span class=\"Apple-converted-space\">\u00a0<\/span><\/b><\/h4>\n<p>Une calamit\u00e9 naturelle s\u2019est abattue sur la Turquie et la Syrie fauchant des milliers de personnes dans une r\u00e9gion certes propice \u00e0 ces convulsions du c\u0153ur de la Terre de ces r\u00e9gions qui se trouvent<span class=\"Apple-converted-space\">\u00a0\u00a0<\/span>sur les plaques arabiques anatoliennes et africaine . Il n\u2019emp\u00eache ce sont des milliers d\u2019hommes de femmes et d\u2019enfants terroris\u00e9es par la puissance des r\u00e9pliques dans les conditions hivernales les plus dures.<span class=\"Apple-converted-space\">\u00a0\u00a0<\/span>Les secours ont \u00e9t\u00e9 g\u00e9n\u00e9s par le froid et la neige<\/p>\n<p>Nous allons<span class=\"Apple-converted-space\">\u00a0\u00a0<\/span>expliquer pourquoi la Syrie n\u2019a pas b\u00e9n\u00e9fici\u00e9 de l\u2019aide humanitaire des pays occidentaux t\u00e9tanis\u00e9s par le\u00a0<i>Cesar act<\/i>\u00a0impos\u00e9 par les Etats Unis condamnant l\u2019Etat syrien \u00e0 la double peine. Catastrophes naturelles et manque de moyens dans un pays harass\u00e9 par 12 ans de guerre et appel\u00e9 \u00e0 la tol\u00e9rance et \u00e0 l\u2019empathie en citant Voltaire<\/p>\n<h4>17.000 morts en 45 secondes : le spectre du 17 ao\u00fbt 1999<\/h4>\n<p>Un puissant s\u00e9isme de magnitude 7,8 a frapp\u00e9, lundi 6 f\u00e9vrier, \u00e0 l\u2019aube, le sud de la Turquie et la Syrie voisine, faisant des centaines de victimes.<span class=\"Apple-converted-space\">\u00a0\u00a0<\/span>Ce tremblement de terre meurtrier ravive de mauvais souvenirs en Turquie, d\u00e9j\u00e0 endeuill\u00e9e au tournant du si\u00e8cle dernier. Le 17 ao\u00fbt 1999, \u00e0 3h02 (heure locale) et pendant 45 secondes, la terre avait trembl\u00e9 \u00e0 une magnitude de 7,2 \u00e0 7,6 sur l\u2019\u00e9chelle de Richter<span class=\"Apple-converted-space\">\u00a0\u00a0<\/span>l\u2019hypocentre avait \u00e9t\u00e9 localis\u00e9 \u00e0 proximit\u00e9 d\u2019Izmit, dans la ville de G\u00f6lc\u00fck, a fait 17.480 morts et 23.781 bless\u00e9s\u00a0\u00bb<span class=\"Apple-converted-space\">\u00a0\u00a0<\/span>(2)<\/p>\n<p>La plupart des habitants du village de Tloul ont d\u00e9sert\u00e9 leur village inond\u00e9 jeudi apr\u00e8s qu\u2019un barrage en terre s\u2019est effondr\u00e9 des suites du s\u00e9isme qui a secou\u00e9 la r\u00e9gion. Dans ce village situ\u00e9 dans le nord de la province d\u2019Idleb, pr\u00e8s de la fronti\u00e8re turque, l\u2019eau recouvrait partiellement les habitations et les troncs des arbres fruitiers, tandis que les champs de bl\u00e9 et de haricots \u00e9taient totalement submerg\u00e9s. Les\u00a0biens culturels et historiques syriens\u00a0ont \u00e9norm\u00e9ment souffert de la guerre en cours. Des monuments, des mus\u00e9es et des sites remarquables ont \u00e9t\u00e9 d\u00e9vast\u00e9s par les bombardements, les pillages et les travaux de retranchement. Des sites du patrimoine syrien ont \u00e9t\u00e9 endommag\u00e9s, parfois irr\u00e9m\u00e9diablement.<span class=\"Apple-converted-space\">\u00a0\u00a0<\/span>\u00a0Palmyre, le\u00a0Krak des chevaliers, l\u2019\u00e9glise Saint-Sim\u00e9on-le-Stylite\u00a0et la vieille ville d\u2019Alep (dont\u00a0la citadelle)<span class=\"Apple-converted-space\">\u00a0\u00a0<\/span>En\u00a0avril 2014, les grandes statues des lions Assyriens de\u00a0Raqqa\u00a0(Raqqua), vieilles de 2\u00a0700\u00a0ans, sont d\u00e9truites par l\u2019\u00c9tat islamique\u00a0\u00bb (3).\u00a0<span class=\"Apple-converted-space\">\u00a0<\/span><\/p>\n<p><b>Le s\u00e9isme a \u00e9t\u00e9 annonc\u00e9 trois jours avant la catastrophe<span class=\"Apple-converted-space\">\u00a0 \u00a0<\/span><\/b><\/p>\n<p>Dans un tweet proph\u00e9tique publi\u00e9 le 3 f\u00e9vrier, le chercheur n\u00e9erlandais Frank Hoogerbeets, qui travaille pour le Solar System Geometry Survey (SSGS), aux Pays-Bas avait anticip\u00e9 le s\u00e9isme d\u00e9vastateur survenu en Turquie et en Syrie.\u00a0Ce message\u00a0qui r\u00e9sonne aujourd\u2019hui comme une sinistre proph\u00e9tie<span class=\"Apple-converted-space\">\u00a0\u00a0<\/span>est d\u2019une implacable pr\u00e9cision\u00a0:<\/p>\n<blockquote><p>\u00ab\u00a0T\u00f4t ou tard, il y aura un s\u00e9isme d\u2019une magnitude de 7,5 dans cette r\u00e9gion (sud centre de la Turquie, Jordanie, Syrie, Liban).\u00a0\u00bb Le scientifique ne s\u2019\u00e9tait tromp\u00e9 ni sur la localisation globale du s\u00e9isme, ni sur magnitude exacte.<span class=\"Apple-converted-space\">\u00a0\u00a0<\/span>Ces tremblements de terre sont toujours pr\u00e9c\u00e9d\u00e9s d\u2019une g\u00e9om\u00e9trie plan\u00e9taire critique, comme celle que nous avons connue en d\u00e9but de mois.\u00a0\u00bb<span class=\"Apple-converted-space\">\u00a0<\/span>(4)\u00a0<span class=\"Apple-converted-space\">\u00a0<\/span><\/p><\/blockquote>\n<h4>Cinq s\u00e9ismes meurtriers au Moyen-Orient \u00e0 travers l\u2019histoire<\/h4>\n<p>La r\u00e9gion a connu certains des pires tremblements de terre au monde, notamment dans les zones de Turquie et de Syrie touch\u00e9es\u00a0<span class=\"Apple-converted-space\">\u00a0\u00a0<\/span>lundi qui a touch\u00e9 la province de Hatay en Turquie le<span class=\"Apple-converted-space\">\u00a0\u00a0<\/span>nord-ouest de la Syrie, des zones qui avaient d\u00e9j\u00e0 connu deux des s\u00e9ismes les plus meurtriers au monde.\u00a0 L\u2019Iran, la\u00a0Palestine\u00a0et l\u2019\u00c9gypte\u00a0ont \u00e9galement \u00e9t\u00e9 d\u00e9vast\u00e9s par des secousses sismiques qui ont endommag\u00e9 des b\u00e2timents historiques et tu\u00e9 des dizaines de milliers de personnes.\u00a0\u00a0<i>Middle East Eye<\/i>\u00a0a list\u00e9<span class=\"Apple-converted-space\">\u00a0\u00a0<\/span>cinq\u00a0des plus importantes catastrophes dans la r\u00e9gion au cours de ces deux derniers mill\u00e9naires.<span class=\"Apple-converted-space\">\u00a0\u00a0<\/span>Izmir 1999, 1138\u00a0: Alep, Syrie\u00a0 856\u00a0: Damghan, Iran 526\u00a0: Antioche, Turquie En 526,\u00a0cette catastrophe naturelle tua 250\u00a0000\u00a0personnes\u00a0<span class=\"Apple-converted-space\">\u00a0\u00a0<\/span>1033\u00a0: vall\u00e9e du Jourdain, Palestine.\u00a0 1754\u00a0: Le Caire, 1999 Turquie 2023\u00a0: Turquie et Syrie\u00a0\u00bb. (5)<\/p>\n<h4>Fragilit\u00e9 potentielle du barrage Ataturk<\/h4>\n<p>Une des cons\u00e9quences tragiques de ces tremblements de Terre \u00e0 intensit\u00e9 sup\u00e9rieure \u00e0<span class=\"Apple-converted-space\">\u00a0\u00a0<\/span>7 est de fragiliser le sol et le sous sol sur des profondeurs et des superficies importantes\u00a0<span class=\"Apple-converted-space\">\u00a0\u00a0<\/span>On sait qu\u2019il y a Une douzaine de barrages sont sur les fleuves Tigre et Euphrate . Ces barrages sont<span class=\"Apple-converted-space\">\u00a0\u00a0<\/span>sources<span class=\"Apple-converted-space\">\u00a0\u00a0<\/span>de conflit<span class=\"Apple-converted-space\">\u00a0\u00a0<\/span>pour l\u2019eau entre les diff\u00e9rents pays de la r\u00e9gion Le barrage Ataturk<span class=\"Apple-converted-space\">\u00a0\u00a0<\/span>contient<span class=\"Apple-converted-space\">\u00a0\u00a0<\/span>48 milliards de m3 Et il y a 8 autres apr\u00e8s lui sur l\u2019Euphrate ! qui ne tiendraient si le barrage en amont est fragile comme l\u2019explique cette publication \u00a0:<span class=\"Apple-converted-space\">\u00a0<\/span><\/p>\n<blockquote><p>\u00ab\u00a0Le barrage Atat\u00fcrk est le quatri\u00e8me plus grand barrage en enrochement carott\u00e9 d\u2019argile au monde. Situ\u00e9 dans le sud-est de la Turquie, il est la pi\u00e8ce ma\u00eetresse d\u2019un projet appel\u00e9 le projet anatolien du sud-est (GAP). La construction du barrage a \u00e9t\u00e9 achev\u00e9e en un court laps de temps de 3 ans et 8 mois en ao\u00fbt 1990. Lorsque le niveau du r\u00e9servoir a commenc\u00e9 \u00e0 monter, des probl\u00e8mes de tassement ont commenc\u00e9 \u00e0 se produire le long de la cr\u00eate pour atteindre des niveaux consid\u00e9rables en mai 1992 et le basalte v\u00e9siculeux alt\u00e9r\u00e9 utilis\u00e9 dans la section en enrochement du barrage a commenc\u00e9 \u00e0 s\u2019\u00e9teindre s\u00e9rieusement. L\u2019\u00e9l\u00e9vation de la cr\u00eate a tellement baiss\u00e9 que la partie sup\u00e9rieure du barrage est maintenant reconstruite \u00e0 la hauteur initiale de 549 m afin de maintenir le franc-bord de 7 m et de maintenir le barrage op\u00e9rationnel\u00a0\u00bb.<span class=\"Apple-converted-space\">\u00a0\u00a0<\/span>(6)<span class=\"Apple-converted-space\">\u00a0<\/span><\/p><\/blockquote>\n<h4>L\u2019appel au secours de la Turquie et de la Syrie<\/h4>\n<p>Si<span class=\"Apple-converted-space\">\u00a0\u00a0<\/span>l\u2019aide \u00e0 la Turquie n\u2019a pas tard\u00e9 \u00e0 arriver<span class=\"Apple-converted-space\">\u00a0\u00a0<\/span>45 pays ont r\u00e9pondu<span class=\"Apple-converted-space\">\u00a0\u00a0<\/span>il n\u2019en est pas de m\u00eame\u00a0<span class=\"Apple-converted-space\">\u00a0\u00a0<\/span>pour la Syrie\u00a0<span class=\"Apple-converted-space\">\u00a0\u00a0<\/span>Damas, sous sanctions, a sollicit\u00e9 l\u2019aide de l\u2019UE. Les sauveteurs travaillent par un froid glacial depuis deux jours.<span class=\"Apple-converted-space\">\u00a0<\/span>Le mauvais temps complique la t\u00e2che des secours alors que les 72 premi\u00e8res heures sont cruciales pour retrouver des survivants, selon le responsable du Croissant Rouge turc, Kerem Kinik. La Syrie a sollicit\u00e9 \u00e0 son tour, apr\u00e8s la Turquie, l\u2019aide de l\u2019Union europ\u00e9enne, a annonc\u00e9 le 8 f\u00e9vrier le commissaire europ\u00e9en Janez Lenarcic. Il a encourag\u00e9 les \u00c9tats de l\u2019UE \u00e0 soutenir ce pays frapp\u00e9 par des sanctions internationales depuis le d\u00e9but en 2011 de la guerre civile qui a ravag\u00e9 ses infrastructures notamment dans le Nord. \u00c0 l\u2019issue de son audience g\u00e9n\u00e9rale hebdomadaire au Vatican, le pape Fran\u00e7ois a d\u00e9clar\u00e9 prier pour les victimes de \u00ab\u00a0<i>cette calamit\u00e9 d\u00e9vastatrice<\/i>\u00a0\u00bb et encourag\u00e9 \u00ab\u00a0<i>tout le monde \u00e0 \u00eatre solidaire avec ces terres en partie d\u00e9j\u00e0 martyris\u00e9es par une longue guerre<\/i>\u00a0\u00bb. (7)<\/p>\n<h4>Pourquoi la Syrie peine \u00e0 r\u00e9pondre \u00e0 cette situation de chaos\u00a0?<\/h4>\n<p>On sait que<span class=\"Apple-converted-space\">\u00a0\u00a0<\/span>la Syrie<span class=\"Apple-converted-space\">\u00a0\u00a0<\/span><i>bilad cham<\/i><span class=\"Apple-converted-space\">\u00a0\u00a0<\/span>a connu l\u2019enfance de l\u2019humanit\u00e9 . les premiers villages fond\u00e9s il y a 8000 ans sur les rives de l\u2019Euphrate. La Syrie c\u2019est la civilisation humaine Un sort funeste a voulu qu\u2019elle sombre dans le chaos du fait de sa gouvernance aggrav\u00e9e r\u00e9guli\u00e8rement par la s\u00e9cheresse.<span class=\"Apple-converted-space\">\u00a0\u00a0<\/span>Comme<span class=\"Apple-converted-space\">\u00a0ce\u00a0<\/span>qui a frapp\u00e9 la Syrie entre 2006 et 2010<span class=\"Apple-converted-space\">\u00a0\u00a0<\/span>et a contribu\u00e9 \u00e0 faire \u00e9clater la r\u00e9volte. 800\u00a0000\u00a0Syriens ont vu leurs revenus chuter de 90\u00a0%, leurs terres s\u2019\u00e9tant ass\u00e9ch\u00e9es. Ce ras le bol du peuple\u00a0<span class=\"Apple-converted-space\">\u00a0\u00a0<\/span>a \u00e9t\u00e9 catalys\u00e9 de l\u2019ext\u00e9rieur avec un\u00a0<i>regime change<\/i>\u00a0qui a abouti au d\u00e9pe\u00e7age de la Syrie Pr\u00e8s de 30<span class=\"Apple-converted-space\">\u00a0\u00a0<\/span>organisations avec chacune ses bailleurs de fond ont mis le pays \u00e0 feu et \u00e0 sang.<span class=\"Apple-converted-space\">\u00a0<\/span><\/p>\n<blockquote><p>\u00ab\u00a0Durant les onze ann\u00e9es de conflit, 350 000 Syriens, au moins, ont \u00e9t\u00e9 tu\u00e9s et 13 millions de personnes ont \u00e9t\u00e9 d\u00e9plac\u00e9es<span class=\"Apple-converted-space\">\u00a0\u00a0<\/span>L\u2019ins\u00e9curit\u00e9 alimentaire, dont souffrent 12 millions de personnes, est renforc\u00e9e par le conflit en Ukraine, qui provoque une augmentation des prix de l\u2019\u00e9nergie et du bl\u00e9. Assad contr\u00f4le aujourd\u2019hui environ 70\u00a0% du territoire syrien.\u00a0<span class=\"Apple-converted-space\">\u00a0\u00a0<\/span>Le Nord Ouest \u00e9chappe \u00e0 l\u2019Etat central Fin 2012, la France commence \u00e0 fournir des armes et de l\u2019\u00e9quipement \u00e0 des groupes de l\u2019Arm\u00e9e syrienne libre<span class=\"Apple-converted-space\">\u00a0\u00a0<\/span>(\u2026) En\u00a0ao\u00fbt 2013,<span class=\"Apple-converted-space\">\u00a0\u00a0<\/span>prenant pr\u00e9texte d\u2019un massacre ( La Ghouta)<span class=\"Apple-converted-space\">\u00a0\u00a0<\/span>attribu\u00e9 \u00e0 l\u2019arm\u00e9e r\u00e9guli\u00e8re\u00a0<span class=\"Apple-converted-space\">\u00a0\u00a0<\/span>la France veut<span class=\"Apple-converted-space\">\u00a0\u00a0<\/span>intervenir militairement mais Obama d\u00e9cide de ne pas s\u2019impliquer<span class=\"Apple-converted-space\">\u00a0 \u00a0\u00a0<\/span>la France a<span class=\"Apple-converted-space\">\u00a0\u00a0<\/span>prudemment renonc\u00e9.<span class=\"Apple-converted-space\">\u00a0\u00a0<\/span>En\u00a0ao\u00fbt 2014, la France s\u2019associe dans une campagne de frappes a\u00e9riennes<span class=\"Apple-converted-space\">\u00a0\u00a0<\/span>\u00a0en\u00a0Irak\u00a0et en\u00a0Syrie\u00a0\u00bb. (8)<\/p>\n<p><span class=\"Apple-converted-space\">\u00a0\u00a0<\/span>\u00ab\u00a0 En d\u00e9finitive durant les onze ann\u00e9es de conflit, 350 000 Syriens, au moins, ont \u00e9t\u00e9 tu\u00e9s et 13 millions de personnes ont \u00e9t\u00e9 d\u00e9plac\u00e9es<span class=\"Apple-converted-space\">\u00a0\u00a0<\/span>Le gouvernement syrien<span class=\"Apple-converted-space\">\u00a0\u00a0<\/span>contr\u00f4le aujourd\u2019hui environ 70\u00a0% du territoire syrien.<span class=\"Apple-converted-space\">\u00a0\u00a0<\/span>La question de la reconstruction du pays, dont le co\u00fbt est estim\u00e9 \u00e0 250 milliards d\u2019euros,\u00a0lors de la sixi\u00e8me conf\u00e9rence des donateurs pour la Syrie Les promesses de dons qui y ont \u00e9t\u00e9 formul\u00e9es sont de l\u2019ordre de 6,7 milliards de dollars, 10,5 milliards de dollars que les Nations unies jugeaient n\u00e9cessaires\u00a0<span class=\"Apple-converted-space\">\u00a0\u00a0<\/span>Sur le plan g\u00e9opolitique, la guerre en Ukraine aura certainement des effets sur l\u2019influence russe en Syrie. Une d\u00e9faite de la Russie en Ukraine pourrait alt\u00e9rer sa pr\u00e9sence en Syrie au profit de l\u2019Occident.\u00a0\u00bb (8)\u00a0<sup>\u00a0<\/sup><\/p><\/blockquote>\n<h4>Au nom de l\u2019humanit\u00e9, les pays qui ont brav\u00e9 le Ceasar Act<b>\u00a0<span class=\"Apple-converted-space\">\u00a0<\/span><\/b><\/h4>\n<p>Au nom de la d\u00e9tresse et du devoir de secourir plusieurs pays par compassion ont apport\u00e9 leur secours \u00e0 la Syrie bl\u00e9ss\u00e9e malgr\u00e9<span class=\"Apple-converted-space\">\u00a0\u00a0<\/span><i>le Cesart act<\/i>\u00a0le blocus am\u00e9ricain\u00a0<span class=\"Apple-converted-space\">\u00a0\u00a0<\/span>Dans le Journal Al Manar , nous lisons\u00a0 ce constat gla\u00e7ant que m\u00eame dans la douleur il y a un double standard\u00a0: :<\/p>\n<blockquote><p>\u00ab\u00a0Alors que l\u2019aide coule \u00e0 flots vers la Turquie o\u00f9 se trouve l\u2019\u00e9picentre du s\u00e9isme meurtrier et destructeur qui a frapp\u00e9 le lundi 6 f\u00e9vrier des zones situ\u00e9es entre le sud de la Turquie et le nord de la Syrie, cette derni\u00e8re est abandonn\u00e9e \u00e0 son destin par crainte des sanctions occidentales d\u00e9cr\u00e9t\u00e9e par les \u00c9tats-Unis dans le cadre du Ceasar Act.<b><span class=\"Apple-converted-space\">\u00a0\u00a0<\/span><\/b>Mais quelques pays ont brav\u00e9\u00a0<i>le Ceasar Act<\/i>\u00a0promulgu\u00e9 par les \u00c9tats-Unis et qui entravent l\u2019envoi de<span class=\"Apple-converted-space\">\u00a0\u00a0<\/span>l\u2019aide et des secours n\u00e9cessaires a ce pays , sachant que le s\u00e9isme y a caus\u00e9 la mort de 2300 personnes, selon un bilan livr\u00e9 au milieu de la journ\u00e9e de ce mardi 7 f\u00e9vrier, a bless\u00e9 plus de 3500 personnes et d\u00e9truit ou endommag\u00e9 3000 maisons. Plusieurs centaines de syriens sont port\u00e9s disparus\u00a0\u00bb. (9)<\/p>\n<p>\u00ab\u00a0Les deux provinces d\u2019Alep et de Lattaqui\u00e9 sont les plus affect\u00e9es. Les autres provinces touch\u00e9es sont Hama, Tartous et celle d\u2019Idleb occup\u00e9e par les groupes soutenus par la Turquie.<\/p>\n<p>La Syrie souffre \u00ab\u00a0<i>d\u2019un manque d\u2019\u00e9quipements sp\u00e9ciaux pour sauver les gens bloqu\u00e9s sous les d\u00e9combres<\/i>\u00a0\u00bb, a d\u00e9plor\u00e9 le chef de Croissant-Rouge syrien. Il a pr\u00e9cis\u00e9 que son pays avait besoin d\u2019\u00e9quipements lourds, de v\u00e9hicules d\u2019ambulance et anti-incendie. (\u2026)<span class=\"Apple-converted-space\">\u00a0\u00a0<\/span>Le ministre syrien des Affaires \u00e9trang\u00e8res\u00a0<span class=\"Apple-converted-space\">\u00a0\u00a0<\/span>a r\u00e9v\u00e9l\u00e9 que les groupes terroristes ont d\u00e9truit toutes les capacit\u00e9s syriennes dont les ambulances, les bulldozers et autres. \u00ab\u00a0<i>Les sanctions am\u00e9ricaines emp\u00eachent tout m\u00eame l\u2019achat de m\u00e9dicaments<\/i>\u00a0\u00bb, a-t-il affirm\u00e9, estimant que les assistances humanitaires ne sont pas soumises aux sanctions, selon le droit international\u00a0\u00bb (9).<\/p>\n<p><b><span class=\"Apple-converted-space\">\u00a0<\/span>\u00ab\u00a0\u00a0<\/b>L\u2019Iran a \u00e9t\u00e9 l\u2019un des premiers pays \u00e0 envoyer de l\u2019aide d\u00e8s lundi soir lorsqu\u2019un premier avion d\u2019aide humanitaire transportant une cargaison de 45 tonnes a atterri \u00e0 l\u2019a\u00e9roport de Damas. Selon l\u2019ambassadeur iranien en Syrie Sobhani, c\u2019est le premier convoi d\u2019aides qui sont form\u00e9es de couvertures, de tentes, de m\u00e9dicaments de produits alimentaires et autres. Des consultants militaires iraniens \u00e9taient arriv\u00e9s en Syrie quelques heures apr\u00e8s le s\u00e9isme,. Ils ont contribu\u00e9 \u00e0 am\u00e9nager l\u2019a\u00e9roport d\u2019Alep afin qu\u2019il puisse accueillir les avions d\u2019aides humanitaires. Le lendemain, un deuxi\u00e8me avion iranien a atterri \u00e0 l\u2019a\u00e9roport de Lattaqui\u00e9.\u00a0<span class=\"Apple-converted-space\">\u00a0\u00a0<\/span>L\u2019Irak aussi est l\u2019un des premiers pays qui ont accouru pour aider les Syriens. Des dizaines de convois comptant quelque 200 camions d\u2019aides ont \u00e9t\u00e9 envoy\u00e9es par les forces de mobilisation populaires Hachd al-Chaabi\u00a0<span class=\"Apple-converted-space\">\u00a0\u00a0<\/span>Le ministre du p\u00e9trole irakien a quant a lui assur\u00e9 vouloir envoyer un convoi de 28 camions citernes transportant de carburant\u00a0\u00bb (9).\u00a0<span class=\"Apple-converted-space\">\u00a0<\/span><\/p>\n<p><span class=\"Apple-converted-space\">\u00a0<\/span>\u00ab\u00a0La Russie qui dispose de plusieurs bases militaires d\u2019une force militaire en Syrie a envoy\u00e9 300 militaires pour participer aux travaux de secours. .Le Hezbollah aussi a pr\u00eat\u00e9 main forte \u00e0 la Syrie. Selon son num\u00e9ro deux cheikh Naim Qassem, il a envoy\u00e9 des d\u00e9l\u00e9gations m\u00e9dicales en Syrie. Selon ce tableau ci-dessous r\u00e9alis\u00e9 par l\u2019agence\u00a0<i>athrpres<\/i>s,\u00a0<span class=\"Apple-converted-space\">\u00a0\u00a0<\/span>Le total de ces pays 13 en tout et pour tout est sans commune mesure avec les 42 pays qui ont pr\u00eat\u00e9 main forte \u00e0 la Turquie\u00a0\u00bb. (9)<\/p><\/blockquote>\n<h4>Pour l\u2019organisation<span class=\"Apple-converted-space\">\u00a0\u00a0<\/span>humanitaire M\u00e9decins sans fronti\u00e8res\u00a0: la peur du chol\u00e9ra<\/h4>\n<p>Les tremblements de terre qui ont touch\u00e9 la Turquie et la Syrie ont,<span class=\"Apple-converted-space\">\u00a0\u00a0<\/span>provoqu\u00e9 le d\u00e9c\u00e8s de plus de 21 000 personnes.<span class=\"Apple-converted-space\">\u00a0\u00a0<\/span>M\u00e9decins Sans Fronti\u00e8res<span class=\"Apple-converted-space\">\u00a0\u00a0<\/span>d\u00e9clare\u00a0:<\/p>\n<blockquote><p>\u00ab\u00a0Pour l\u2019instant, nous recevons tr\u00e8s peu de soutien<span class=\"Apple-converted-space\">\u00a0\u00a0<\/span>international.\u00a0Notre travail est essentiel, mais c\u2019est aussi une goutte d\u2019eau dans l\u2019oc\u00e9an :La plupart des h\u00f4pitaux syriens \u00e9taient d\u00e9j\u00e0 confront\u00e9s \u00e0 de nombreuses difficult\u00e9s et p\u00e9nuries, en raison du manque de fonds pour l\u2019aide humanitaire et des difficult\u00e9s d\u2019acc\u00e8s \u00e0 cette r\u00e9gion enclav\u00e9e<span class=\"Apple-converted-space\">\u00a0\u00a0<\/span>Deux millions de personnes vivent dans des camps de d\u00e9plac\u00e9s, souvent sous des tentes ouvertes au vent.\u00a0<span class=\"Apple-converted-space\">\u00a0\u00a0<\/span>Les conditions de vie se sont nettement d\u00e9grad\u00e9es.<span class=\"Apple-converted-space\">\u00a0\u00a0<\/span>\u00a0Aujourd\u2019hui, des milliers de nouvelles personnes sont oblig\u00e9es de rejoindre ces sites\u00a0;<span class=\"Apple-converted-space\">\u00a0<\/span>Certaines personnes qui ont surv\u00e9cu, ont tout perdu : leurs maisons, leurs v\u00eatements, l\u2019acc\u00e8s \u00e0 la nourriture, parfois une partie de leur famille, leur argent,\u00a0<span class=\"Apple-converted-space\">\u00a0\u00a0<\/span>elles vivent sous des tentes. Elles ont besoin de tout. Les \u00e9quipes humanitaires doivent \u00e9galement prot\u00e9ger ces populations contre le chol\u00e9ra,\u00a0qui a touch\u00e9 la r\u00e9gion depuis septembre dernier\u00a0\u00bb. (10)<span class=\"Apple-converted-space\">\u00a0<\/span><\/p><\/blockquote>\n<h4>Face \u00e0 la d\u00e9tresse humaine le deux poids deux mesures<\/h4>\n<p>Sous le coup de sanctions internationales, la Syrie ne peut recevoir d\u2019aides.<span class=\"Apple-converted-space\">\u00a0\u00a0<\/span>Nos dirigeants\u00a0\u00ab\u00a0font comme si la Syrie \u00e9tait ray\u00e9e de la carte, comme si elle n\u2019existait pas\u00a0\u00bb, selon Benjamin Blanchard, directeur de SOS Chr\u00e9tiens d\u2019Orient<span class=\"Apple-converted-space\">\u00a0<\/span>\u00a0Devant une telle catastrophe et devant ces d\u00e9tresses des vivants<span class=\"Apple-converted-space\">\u00a0\u00a0<\/span>qui affrontent les \u00e9l\u00e9ments naturels il est connu que les tr\u00eaves permettent de renouer<span class=\"Apple-converted-space\">\u00a0\u00a0<\/span>avec des comportements humains<span class=\"Apple-converted-space\">\u00a0\u00a0<\/span>Ce ne sera pas le cas.\u00a0!<span class=\"Apple-converted-space\">\u00a0\u00a0<\/span>Les pays occidentaux europ\u00e9ens droits dans leurs bottes<span class=\"Apple-converted-space\">\u00a0\u00a0<\/span>ont peur de d\u00e9plaire dans une sorte de solidarit\u00e9 dans la punition des peuples faibles.\u00a0<span class=\"Apple-converted-space\">\u00a0\u00a0<\/span>Pourtant dans une d\u00e9p\u00eache de l\u2019AFP du\u00a009\/02\/2023 le premier convoi de l\u2019ONU a franchi la fronti\u00e8re\u00a0<span class=\"Apple-converted-space\">\u00a0\u00a0<\/span>de Bab el Hawa 6 camions charg\u00e9s de mat\u00e9riel m\u00e9dical, de vivre et d\u2019\u00e9quipements d\u2019urgence.<span class=\"Apple-converted-space\">\u00a0\u00a0<\/span>\u00ab\u00a0<b>L\u2019aide d\u2019urgence ne doit pas \u00eatre politis\u00e9e\u00a0\u00bb<\/b>. a d\u00e9clar\u00e9 le repr\u00e9sentant du SG des Nations Unies Nous devons plut\u00f4t nous concentrer sur ce qui est n\u00e9cessaire de toute urgence pour aider les hommes, les femmes et les enfants, dans cette<span class=\"Apple-converted-space\">\u00a0\u00a0<\/span>pire catastrophique<span class=\"Apple-converted-space\">\u00a0\u00a0<\/span>que la r\u00e9gion ait connus depuis environ un si\u00e8cle\u00a0\u00bb.\u00a0<span class=\"Apple-converted-space\">\u00a0<\/span><\/p>\n<p>La Banque mondiale a annonc\u00e9 qu\u2019elle apporterait une aide de 1,78\u00a0milliard de dollars \u00e0 la Turquie. Cette aide doit en premier lieu permettre d\u2019aider les secours, a d\u00e9taill\u00e9 la Banque mondiale. Mais aussi cibler les besoins n\u00e9cessaires \u00e0 la reconstruction. Peu apr\u00e8s, Washington a promis \u00e0 son tour une aide de 85\u00a0millions de dollars \u00e0 la Turquie et \u00e0 la Syrie. L\u2019Agence am\u00e9ricaine de d\u00e9veloppement (USAID) a pr\u00e9cis\u00e9 que le financement serait vers\u00e9 \u00e0 des partenaires sur le terrain.\u00a0<i>\u00ab\u00a0<\/i>L\u2019aide en Syrie passe par des partenaires locaux, les Etats-Unis refusant tout contact avec le pr\u00e9sident syrien, Bachar Al-Assad. L\u2019Allemagne a envoy\u00e9 90\u00a0tonnes de mat\u00e9riel par avion en Turquie.\u00a0Le d\u00e9partement du Tr\u00e9sor am\u00e9ricain a toutefois annonc\u00e9 la lev\u00e9e temporaire de certaines sanctions en lien avec la Syrie, avec l\u2019objectif de voir l\u2019aide \u00eatre achemin\u00e9e aussi vite que possible aux populations touch\u00e9es..<\/p>\n<h4>Syrie. Un s\u00e9isme vu<span class=\"Apple-converted-space\">\u00a0\u00a0<\/span>comme traumatisme suppl\u00e9mentaire<b><span class=\"Apple-converted-space\">\u00a0 \u00a0<\/span><\/b><\/h4>\n<blockquote><p>Si la Turquie<span class=\"Apple-converted-space\">\u00a0\u00a0<\/span>\u00e9crit Henri Manarbachi est la premi\u00e8re victime du terrible tremblement de terre qui a frapp\u00e9 la r\u00e9gion, la Syrie est aussi durement touch\u00e9e. Avec des cons\u00e9quences encore plus d\u00e9sastreuses, dues \u00e0 une d\u00e9cennie de r\u00e9pression et de guerre et \u00e0 des sanctions qui frappent avant tout les populations civiles. Oubli\u00e9e par la communaut\u00e9 internationale et les m\u00e9dias occidentaux apr\u00e8s de longues ann\u00e9es de\u00a0guerre\u00a0dont les cons\u00e9quences continuent de se faire sentir, la Syrie s\u2019est de fa\u00e7on brutale et tragique rappel\u00e9e au monde au lendemain du s\u00e9isme.<span class=\"Apple-converted-space\">\u00a0<\/span>Quelques 23\u00a0millions de personnes pourraient avoir \u00e9t\u00e9 touch\u00e9es, indique l\u2019Organisation mondiale de la sant\u00e9 (OMS) mardi 7\u00a0f\u00e9vrier\u00a0\u00bb.(11)<\/p>\n<p>\u00ab\u00a0Les sanctions sont une s\u00e9rie de mesures \u00e9conomiques prises par l\u2019Union europ\u00e9enne (UE), les \u00c9tats-Unis, le Canada, l\u2019Australie, la Suisse et la Ligue arabe.\u00a0Malgr\u00e9 des appels \u00e0 lever les sanctions contre la Syrie, mettant en avant les souffrances de la population locale, celles-ci sont toujours en vigueur et leurs effets induits sur les gens sont r\u00e9els, bien que difficiles \u00e0 mesurer. (\u2026) Aux yeux de Paris et de Washington, qui pr\u00f4nent une politique dure vis-\u00e0-vis de Damas, le r\u00e9gime syrien demeure le principal responsable de la crise humanitaire en Syrie, o\u00f9 13\u00a0millions de personnes ont besoin d\u2019assistance humanitaire d\u2019urgence et commencent \u00e0 subir les rigueurs de l\u2019hiver sans mazout, ni essence ni \u00e9lectricit\u00e9, avec une monnaie nationale en chute libre.\u00a0Cependant, face \u00e0 cette nouvelle catastrophe,\u00a0\u00ab\u00a0la Syrie appelle les \u00c9tats membres de l\u2019ONU\u00a0(\u2026) le Comit\u00e9 international de la Croix-Rouge et d\u2019autres groupes humanitaires (\u2026) \u00e0 soutenir les efforts du gouvernement syrien pour faire face au s\u00e9isme d\u00e9vastateur\u00a0\u00bb,\u00a0 Damas a promis son aide aux sinistr\u00e9s dans la r\u00e9gion sous contr\u00f4le des rebelles, malgr\u00e9 la pauvret\u00e9 de ses moyens. L\u2019espoir au milieu des d\u00e9combres\u00a0\u00bb.<\/p>\n<p>\u00ab\u00a0En attendant, le s\u00e9isme a t\u00f4t fait de traumatiser autrement, mais autant des villes comme\u00a0Alep\u00a0avec ses deux millions d\u2019habitants qui ont pourtant une terrible souvenir des bombardements traumatisants des ann\u00e9es 2012-2018.<\/p>\n<p>\u00ab\u00a0La situation est catastrophique, les gens ont pass\u00e9 ce qui restait de la nuit et la journ\u00e9e de lundi dans les rues. D\u2019autres habitants racontent qu\u2019ils comptent passer les prochaines nuits dans la rue, dans les abris ou dans les \u00e9glises et mosqu\u00e9es. Immeubles effondr\u00e9s et \u00e9difices publics et arch\u00e9ologiques fissur\u00e9s font craindre de fatales r\u00e9pliques. Cependant, comme souvent, les d\u00e9g\u00e2ts les plus importants se situent dans les quartiers p\u00e9riph\u00e9riques et populaires de la ville mill\u00e9naire\u00a0 (..)<\/p>\n<p>Alep est r\u00e9put\u00e9e notamment pour sa citadelle, endommag\u00e9e en plusieurs endroits par l\u2019impact du s\u00e9isme. C\u2019est un joyau architectural de l\u2019\u00e9poque m\u00e9di\u00e9vale ainsi que sa vieille ville, class\u00e9e en 2018 au patrimoine mondial en p\u00e9ril de l\u2019Unesco, apr\u00e8s des ann\u00e9es de guerre\u00bb. \u00a0(11)<span class=\"Apple-converted-space\">\u00a0<\/span><\/p><\/blockquote>\n<p>Samer R. Zoughaib va plus loin<span class=\"Apple-converted-space\">\u00a0\u00a0<\/span>il pointe du doigt la faute de l\u2019Occident\u00a0:<\/p>\n<blockquote><p>\u00ab\u00a0Le s\u00e9isme qui a frapp\u00e9 la Syrie a apport\u00e9 la preuve \u2013 s\u2019il en fallait \u2013 que l\u2019Occident est en r\u00e9alit\u00e9 d\u00e9pourvu d\u2019humanit\u00e9 et qu\u2019il est le premier \u00e0 violer les valeurs qu\u2019il pr\u00e9tend d\u00e9fendre et promouvoir.<b>.\u00a0<\/b>Il a montr\u00e9, \u00e0 tous ceux qui sont encore pr\u00eats \u00e0 \u00e9couter et \u00e0 voir honn\u00eatement, que la politique des doubles standards est au c\u0153ur de son action et qu\u2019il n\u2019h\u00e9site pas \u00e0 politiser tout \u00e9v\u00e9nement, m\u00eame s\u2019il s\u2019agit d\u2019un drame humain\u00a0<span class=\"Apple-converted-space\">\u00a0 \u00a0\u00a0<\/span>Aux yeux de l\u2019Occident, les morts et les terribles destructions qui ont touch\u00e9 cinq provinces en Syrie n\u2019ont pas la m\u00eame valeur que les victimes et les d\u00e9g\u00e2ts en Turquie.\u00a0<span class=\"Apple-converted-space\">\u00a0\u00a0<\/span>Avec la Turquie, les pays occidentaux, Etats-Unis et Europe en t\u00eate, ont fait preuve d\u2019un g\u00e9n\u00e9reux \u00e9lan de solidarit\u00e9.<span class=\"Apple-converted-space\">\u00a0<\/span>Avec la Syrie, rien de tout cela ne s\u2019est produit.\u00a0<span class=\"Apple-converted-space\">\u00a0\u00a0<\/span>La Syrie est un pays au bord de la famine \u00e0 cause des sanctions am\u00e9ricaines et europ\u00e9ennes d\u00e9cr\u00e9t\u00e9es unilat\u00e9ralement, sans mandat des Nations unies, et que tous les pays de la plan\u00e8te sont somm\u00e9s d\u2019appliquer \u00e0 la lettre sous peine d\u2019\u00eatre eux-m\u00eames soumis \u00e0 des sanctions.\u00a0<span class=\"Apple-converted-space\">\u00a0\u00a0<\/span>la Loi C\u00e9sar est la plus injuste et la plus inhumaine, car elle interdit pratiquement toute transaction commerciale et financi\u00e8re avec des individus et des entit\u00e9s syriennes.<b>\u00a0<\/b>\u00c0 cause de ces sanctions la plupart des compagnies a\u00e9riennes n\u2019osent plus desservir l\u2019a\u00e9roport de Damas ou les autres a\u00e9rodromes du pays, ce qui emp\u00eache l\u2019acheminement de l\u2019aide d\u2019urgence en Syrie\u00a0\u00bb.(12) \u00a0\u00a0<span class=\"Apple-converted-space\">\u00a0<\/span><\/p><\/blockquote>\n<p>Pourtant<span class=\"Apple-converted-space\">\u00a0\u00a0<\/span>comme le souligne. Samer R. Zoughaib :<\/p>\n<p>\u00ab\u00a0<strong>L\u2019ambassadeur de Syrie aux Nations unies, Bassam Sabbbagh, a assur\u00e9 que l\u2019aide internationale irait \u00ab\u00a0<i>\u00e0 tous les Syriens sur tout le territoire<\/i>\u00a0<\/strong><b>\u00bb,<\/b>\u00a0sous-entendu que m\u00eame les r\u00e9gions qui \u00e9chappent encore au contr\u00f4le de Damas, comme Idleb et le nord d\u2019Alep, profiteraient de cette aide. La r\u00e9ponse am\u00e9ricaine n\u2019a pas tard\u00e9. Le secr\u00e9taire d\u2019Etat Antony Blinken a refus\u00e9 toute aide \u00ab\u00a0<i>au r\u00e9gime de Damas<\/i>\u00a0\u00bb, affirmant que son pays travaillait avec des \u00ab\u00a0<i>ONG locales financ\u00e9es par les \u00c9tats-Unis<\/i>\u00a0\u00bb. Directement sollicit\u00e9e par la Syrie,\u00a0l\u2019Union europ\u00e9enne, qui craint de m\u00e9contenter son alli\u00e9 (ou son ma\u00eetre\u00a0?) am\u00e9ricain, a donn\u00e9 une r\u00e9ponse ambig\u00fce.\u00a0\u00a0<i><\/i><\/p>\n<p>\u00ab\u00a0Il est \u00e9galement important de s\u2019assurer, je tiens \u00e0 le souligner, que cette aide va aux personnes qui en ont besoin, et qu\u2019elle n\u2019est pas d\u00e9tourn\u00e9e. C\u2019est quelque chose que nous allons surveiller<i>\u00a0\u00bb.<\/i>\u00a0Pourtant, le facteur temps est primordial. Lundi, l\u2019Organisation mondiale de la sant\u00e9 (OMS) a d\u00e9clar\u00e9 que quelque 23 millions de personnes pourraient \u00eatre touch\u00e9es par les s\u00e9ismes en Turquie et en Syrie.\u00a0<i>dont environ 5 millions de personnes vuln\u00e9rables<\/i>\u00a0\u00bb, a d\u00e9clar\u00e9 une responsable de l\u2019OMS, Adelheid Marschang.\u00a0<span class=\"Apple-converted-space\">\u00a0\u00a0<\/span>Les premiers \u00e0 avoir r\u00e9agi \u00e0 la catastrophe qui a frapp\u00e9 la Syrie sont l\u2019Iran, la Russie, la Chine et quelques pays arabes, en t\u00eate desquels figurent\u00a0l\u2019Irak et l\u2019Alg\u00e9rie Le contingent militaire russe d\u00e9ploy\u00e9 en Syrie a fourni 300 soldats et 60 v\u00e9hicules pour les premiers secours. La chine a envoy\u00e9 des \u00e9quipes de sauvetage et du mat\u00e9riel\u00a0\u00bb (12).<\/p>\n<blockquote>\n<h4 style=\"text-align: left;\">L\u2019apport humanitaire de l\u2019Alg\u00e9rie<\/h4>\n<p style=\"text-align: left;\">N\u2019\u00e9coutant que sa conscience l\u2019Alg\u00e9riea traduit dans les faits sa solidarit\u00e9 humanitaire\u00a0Le d\u00e9part du premier groupe de secouristes alg\u00e9riens, compos\u00e9 de 89 \u00e9l\u00e9ments de la Protection civile, de m\u00e9decins et d\u2019une brigade cynotechnique.\u00a0Une seconde \u00e9quipe compos\u00e9e de 86 secouristes alg\u00e9riens sp\u00e9cialis\u00e9s dans les catastrophes naturelles a \u00e9t\u00e9 envoy\u00e9e vers la Syrie, ainsi que 40 secouristes b\u00e9n\u00e9voles du Croissant-rouge alg\u00e9rien. Cela, outre l\u2019envoi de 115 et 95 tonnes d\u2019aide humanitaire vers la Syrie et la Turquie respectivement. L\u2019\u00e9quipe de secouristes alg\u00e9riens s\u2019est illustr\u00e9e d\u00e8s son arriv\u00e9e en apportant son savoir-faire et son professionnalisme\u00a0elle a sauv\u00e9 d\u00e8s mardi une femme rest\u00e9e coinc\u00e9e sous les d\u00e9combres pendant 32 heures, dans la r\u00e9gion d\u2019Adiyaman, dans le sud-est de la Turquie,Les secouristes alg\u00e9riens ont\u00a0<i>sauv\u00e9 en cinq jours 13 vies<\/i>\u00a0et retir\u00e9 102 d\u00e9pouilles des d\u00e9combres en Turquie et en Syrie, le puissant s\u00e9isme de magnitude 7,8\u00a0a fait plus de 21.000 morts et des milliers de bless\u00e9s. En Syrie, les secouristes alg\u00e9riens,ont sauv\u00e9 une vie et retir\u00e9 33 personnes mortes des d\u00e9combres. En Turquie, les secouristes alg\u00e9riens ont sauv\u00e9 12 personnes et retir\u00e9 69 corps des d\u00e9combres.(13)<\/p>\n<p style=\"text-align: left;\">La Protection civile alg\u00e9rienne a immortalis\u00e9 le moment o\u00f9 un secouriste alg\u00e9rien a retir\u00e9 le petit gar\u00e7on vivant des d\u00e9combres. Une vid\u00e9o de 40 secondes est plus \u00e9loquente que 100 discours. Un alg\u00e9rien au p\u00e9ril de sa vie a sauv\u00e9 un enfant et a fondu en larmes en criant \u00ab O mon enfant O mon c\u0153ur \u00bb.\u00a0La sc\u00e8ne \u00e9mouvante a fait le tour des r\u00e9seaux sociaux.Selon le classement de la Plateforme de coordination et de gestion des op\u00e9rations de terrain du Groupe consultatif international pour la recherche et le sauvetage, la Protection civile alg\u00e9rienne a obtenu jeudi 9 f\u00e9vrier la premi\u00e8re place en termes de nombre de personnes retrouv\u00e9es apr\u00e8s d\u00e9blaiement et de survivants\u00a0\u00bb. (14)<\/p>\n<\/blockquote>\n<p><b>Conclusion<\/b><\/p>\n<p>Ces mots d\u2019affection ont rassur\u00e9 l\u2019enfant. Il n\u2019y a<span class=\"Apple-converted-space\">\u00a0\u00a0<\/span>dans ce geste ni politique ni \u00ab\u00a0calcul\u2019 il y a l\u2019humanit\u00e9 souffrante \u00e0 sauver. Cet Occident qui dicte la norme du bien et du mal devrait s\u2019en inspirer devant la d\u00e9tresse<span class=\"Apple-converted-space\">\u00a0\u00a0<\/span>humaine en Syrie et ne pas appliquer le double standard Nous donnons la parole \u00e0 un syrien expatri\u00e9 qui<span class=\"Apple-converted-space\">\u00a0\u00a0<\/span>r\u00e9sume correctement la d\u00e9tresse des Syriens\u00a0:<\/p>\n<blockquote><p>\u00ab\u00a0Depuis hier,<span class=\"Apple-converted-space\">\u00a0 \u00a0<\/span>\u00e9crit-il tous les Syriens<span class=\"Apple-converted-space\">\u00a0\u00a0<\/span>ont<span class=\"Apple-converted-space\">\u00a0\u00a0<\/span>observ\u00e9 les cartes du trafic a\u00e9rien au-dessus de leur pays. Tous les Syriens ont vu les avions \u00e9viter leur ciel et boucher leurs oreilles aux cris des centaines de milliers de victimes innocentes sous les d\u00e9combres ou dans les rues d\u00e9sert\u00e9es sauf par le gel, le froid et la douleur. Au soir de ce mercredi 8 f\u00e9vrier, seuls 13 pays ont annonc\u00e9 leur volont\u00e9 d\u2019aider les Syriens et certains sont arriv\u00e9s sur place d\u00e8s les premi\u00e8res heures. (\u2026)le cas du ministre libanais lequel, en d\u00e9pit des sanctions et des catastrophes subies par son pays, n\u2019a pas h\u00e9sit\u00e9 \u00e0 annoncer devant le monde entier que les ports et a\u00e9roports du Liban sont ouverts \u00e0 tous ceux qui voudraient les emprunter pour secourir le fr\u00e8re syrien gravement bless\u00e9.<span class=\"Apple-converted-space\">\u00a0\u00a0<\/span>(\u2026)<\/p>\n<p>Aujourd\u2019hui, apr\u00e8s plus de dix ans d\u2019une guerre dirig\u00e9e par les \u00c9tats-Unis d\u2019Am\u00e9rique et financ\u00e9e par des pays arabes et occidentaux, le s\u00e9isme du 6 f\u00e9vrier est venu transformer notre pays en un lieu sinistr\u00e9 et notre peuple en une masse humaine p\u00e9trie de douleurs et de d\u00e9solations\u00a0\u00bb (14).\u00a0<span class=\"Apple-converted-space\">\u00a0<\/span><\/p><\/blockquote>\n<p>Les<span class=\"Apple-converted-space\">\u00a0\u00a0<\/span>phrases de Voltaire dans son<span class=\"Apple-converted-space\">\u00a0\u00a0<\/span><i>Trait\u00e9 sur la tol\u00e9rance<\/i><span class=\"Apple-converted-space\">\u00a0\u00a0<\/span>devraient r\u00e9sonner dans nos oreilles :<\/p>\n<blockquote><p>\u00ab\u00a0Puissent tous les hommes se souvenir qu\u2019ils sont fr\u00e8res ! Qu\u2019ils aient en horreur la tyrannie exerc\u00e9e sur les \u00e2mes,! Si les fl\u00e9aux de la guerre sont in\u00e9vitables, ne nous ha\u00efssons pas, ne nous d\u00e9chirons pas les uns les autres dans le sein de la paix, et employons l\u2019instant de notre existence \u00e0 b\u00e9nir \u00e9galement en mille langages divers, depuis Siam jusqu\u2019\u00e0 la Californie, ta bont\u00e9 qui nous a donn\u00e9 cet instant.\u00a0\u00bb<\/p><\/blockquote>\n<p>Paix et Mis\u00e9ricorde aux disparus.\u00a0<span class=\"Apple-converted-space\">\u00a0<\/span>Amen<span class=\"Apple-converted-space\">\u00a0<\/span><\/p>\n<p><strong>Professeur Chems Eddine Chitour<\/strong><\/p>\n<p>&nbsp;<\/p>\n<h4>Source\u00a0 ;<\/h4>\n<p>https:\/\/www.mondialisation.ca\/seisme-en-turquie-syrie-meme-detresse-plaidoyer-pour-une-meme-humanite\/5674960<\/p>\n","protected":false},"excerpt":{"rendered":"<p>\u00d4 malheureux mortels ! \u00f4 terre d\u00e9plorable ! Accourez, contemplez ces ruines affreuses, Ces d\u00e9bris, ces lambeaux, ces cendres malheureuses, Ces femmes,&hellip;<\/p>\n","protected":false},"author":1,"featured_media":70268,"comment_status":"open","ping_status":"open","sticky":false,"template":"","format":"standard","meta":{"_lmt_disableupdate":"","_lmt_disable":"","footnotes":""},"categories":[49],"tags":[],"class_list":["post-70266","post","type-post","status-publish","format-standard","has-post-thumbnail","hentry","category-politique"],"yoast_head":"<!-- This site is optimized with the Yoast SEO plugin v27.3 - https:\/\/yoast.com\/product\/yoast-seo-wordpress\/ -->\n<title>S\u00e9isme en Turquie \u2013 Syrie : M\u00eame d\u00e9tresse. Plaidoyer pour une m\u00eame humanit\u00e9 - AAH.JZR<\/title>\n<meta name=\"robots\" content=\"index, follow, max-snippet:-1, max-image-preview:large, max-video-preview:-1\" \/>\n<link rel=\"canonical\" href=\"https:\/\/jazairhope.org\/fr\/seisme-en-turquie-syrie-meme-detresse-plaidoyer-pour-une-meme-humanite\/\" \/>\n<meta property=\"og:locale\" content=\"fr_FR\" \/>\n<meta property=\"og:type\" content=\"article\" \/>\n<meta property=\"og:title\" content=\"S\u00e9isme en Turquie \u2013 Syrie : M\u00eame d\u00e9tresse. Plaidoyer pour une m\u00eame humanit\u00e9 - AAH.JZR\" \/>\n<meta property=\"og:description\" content=\"\u00d4 malheureux mortels ! \u00f4 terre d\u00e9plorable ! Accourez, contemplez ces ruines affreuses, Ces d\u00e9bris, ces lambeaux, ces cendres malheureuses, Ces femmes,&hellip;\" \/>\n<meta property=\"og:url\" content=\"https:\/\/jazairhope.org\/fr\/seisme-en-turquie-syrie-meme-detresse-plaidoyer-pour-une-meme-humanite\/\" \/>\n<meta property=\"og:site_name\" content=\"AAH.JZR\" \/>\n<meta property=\"article:publisher\" content=\"https:\/\/www.facebook.com\/jazairhope\" \/>\n<meta property=\"article:published_time\" content=\"2023-02-13T18:04:00+00:00\" \/>\n<meta property=\"og:image\" content=\"https:\/\/jazairhope.org\/wp-content\/uploads\/2023\/02\/Capture-decran-le-2023-02-12-a-16.40.07-400x286.png\" \/>\n\t<meta property=\"og:image:width\" content=\"400\" \/>\n\t<meta property=\"og:image:height\" content=\"286\" \/>\n\t<meta property=\"og:image:type\" content=\"image\/png\" \/>\n<meta name=\"author\" content=\"Ssuperadmin\" \/>\n<meta name=\"twitter:card\" content=\"summary_large_image\" \/>\n<meta name=\"twitter:label1\" content=\"\u00c9crit par\" \/>\n\t<meta name=\"twitter:data1\" content=\"Ssuperadmin\" \/>\n\t<meta name=\"twitter:label2\" content=\"Dur\u00e9e de lecture estim\u00e9e\" \/>\n\t<meta name=\"twitter:data2\" content=\"19 minutes\" \/>\n<script type=\"application\/ld+json\" class=\"yoast-schema-graph\">{\"@context\":\"https:\\\/\\\/schema.org\",\"@graph\":[{\"@type\":\"Article\",\"@id\":\"https:\\\/\\\/jazairhope.org\\\/fr\\\/seisme-en-turquie-syrie-meme-detresse-plaidoyer-pour-une-meme-humanite\\\/#article\",\"isPartOf\":{\"@id\":\"https:\\\/\\\/jazairhope.org\\\/fr\\\/seisme-en-turquie-syrie-meme-detresse-plaidoyer-pour-une-meme-humanite\\\/\"},\"author\":{\"name\":\"Ssuperadmin\",\"@id\":\"https:\\\/\\\/jazairhope.org\\\/fr\\\/#\\\/schema\\\/person\\\/43650ebd889d8960700b5456ed9264c4\"},\"headline\":\"S\u00e9isme en Turquie \u2013 Syrie : M\u00eame d\u00e9tresse. Plaidoyer pour une m\u00eame humanit\u00e9\",\"datePublished\":\"2023-02-13T18:04:00+00:00\",\"mainEntityOfPage\":{\"@id\":\"https:\\\/\\\/jazairhope.org\\\/fr\\\/seisme-en-turquie-syrie-meme-detresse-plaidoyer-pour-une-meme-humanite\\\/\"},\"wordCount\":4730,\"commentCount\":0,\"image\":{\"@id\":\"https:\\\/\\\/jazairhope.org\\\/fr\\\/seisme-en-turquie-syrie-meme-detresse-plaidoyer-pour-une-meme-humanite\\\/#primaryimage\"},\"thumbnailUrl\":\"https:\\\/\\\/jazairhope.org\\\/wp-content\\\/uploads\\\/2023\\\/02\\\/Capture-decran-le-2023-02-12-a-16.40.07-400x286.png\",\"articleSection\":[\"Politique\"],\"inLanguage\":\"fr-FR\",\"potentialAction\":[{\"@type\":\"CommentAction\",\"name\":\"Comment\",\"target\":[\"https:\\\/\\\/jazairhope.org\\\/fr\\\/seisme-en-turquie-syrie-meme-detresse-plaidoyer-pour-une-meme-humanite\\\/#respond\"]}]},{\"@type\":\"WebPage\",\"@id\":\"https:\\\/\\\/jazairhope.org\\\/fr\\\/seisme-en-turquie-syrie-meme-detresse-plaidoyer-pour-une-meme-humanite\\\/\",\"url\":\"https:\\\/\\\/jazairhope.org\\\/fr\\\/seisme-en-turquie-syrie-meme-detresse-plaidoyer-pour-une-meme-humanite\\\/\",\"name\":\"S\u00e9isme en Turquie \u2013 Syrie : M\u00eame d\u00e9tresse. Plaidoyer pour une m\u00eame humanit\u00e9 - AAH.JZR\",\"isPartOf\":{\"@id\":\"https:\\\/\\\/jazairhope.org\\\/fr\\\/#website\"},\"primaryImageOfPage\":{\"@id\":\"https:\\\/\\\/jazairhope.org\\\/fr\\\/seisme-en-turquie-syrie-meme-detresse-plaidoyer-pour-une-meme-humanite\\\/#primaryimage\"},\"image\":{\"@id\":\"https:\\\/\\\/jazairhope.org\\\/fr\\\/seisme-en-turquie-syrie-meme-detresse-plaidoyer-pour-une-meme-humanite\\\/#primaryimage\"},\"thumbnailUrl\":\"https:\\\/\\\/jazairhope.org\\\/wp-content\\\/uploads\\\/2023\\\/02\\\/Capture-decran-le-2023-02-12-a-16.40.07-400x286.png\",\"datePublished\":\"2023-02-13T18:04:00+00:00\",\"author\":{\"@id\":\"https:\\\/\\\/jazairhope.org\\\/fr\\\/#\\\/schema\\\/person\\\/43650ebd889d8960700b5456ed9264c4\"},\"breadcrumb\":{\"@id\":\"https:\\\/\\\/jazairhope.org\\\/fr\\\/seisme-en-turquie-syrie-meme-detresse-plaidoyer-pour-une-meme-humanite\\\/#breadcrumb\"},\"inLanguage\":\"fr-FR\",\"potentialAction\":[{\"@type\":\"ReadAction\",\"target\":[\"https:\\\/\\\/jazairhope.org\\\/fr\\\/seisme-en-turquie-syrie-meme-detresse-plaidoyer-pour-une-meme-humanite\\\/\"]}]},{\"@type\":\"ImageObject\",\"inLanguage\":\"fr-FR\",\"@id\":\"https:\\\/\\\/jazairhope.org\\\/fr\\\/seisme-en-turquie-syrie-meme-detresse-plaidoyer-pour-une-meme-humanite\\\/#primaryimage\",\"url\":\"https:\\\/\\\/jazairhope.org\\\/wp-content\\\/uploads\\\/2023\\\/02\\\/Capture-decran-le-2023-02-12-a-16.40.07-400x286.png\",\"contentUrl\":\"https:\\\/\\\/jazairhope.org\\\/wp-content\\\/uploads\\\/2023\\\/02\\\/Capture-decran-le-2023-02-12-a-16.40.07-400x286.png\",\"width\":400,\"height\":286},{\"@type\":\"BreadcrumbList\",\"@id\":\"https:\\\/\\\/jazairhope.org\\\/fr\\\/seisme-en-turquie-syrie-meme-detresse-plaidoyer-pour-une-meme-humanite\\\/#breadcrumb\",\"itemListElement\":[{\"@type\":\"ListItem\",\"position\":1,\"name\":\"Accueil\",\"item\":\"https:\\\/\\\/jazairhope.org\\\/fr\\\/\"},{\"@type\":\"ListItem\",\"position\":2,\"name\":\"S\u00e9isme en Turquie \u2013 Syrie : M\u00eame d\u00e9tresse. Plaidoyer pour une m\u00eame humanit\u00e9\"}]},{\"@type\":\"WebSite\",\"@id\":\"https:\\\/\\\/jazairhope.org\\\/fr\\\/#website\",\"url\":\"https:\\\/\\\/jazairhope.org\\\/fr\\\/\",\"name\":\"AAH.JZR\",\"description\":\"Environment, Health, Science, Art, Economics\",\"potentialAction\":[{\"@type\":\"SearchAction\",\"target\":{\"@type\":\"EntryPoint\",\"urlTemplate\":\"https:\\\/\\\/jazairhope.org\\\/fr\\\/?s={search_term_string}\"},\"query-input\":{\"@type\":\"PropertyValueSpecification\",\"valueRequired\":true,\"valueName\":\"search_term_string\"}}],\"inLanguage\":\"fr-FR\"},{\"@type\":\"Person\",\"@id\":\"https:\\\/\\\/jazairhope.org\\\/fr\\\/#\\\/schema\\\/person\\\/43650ebd889d8960700b5456ed9264c4\",\"name\":\"Ssuperadmin\",\"image\":{\"@type\":\"ImageObject\",\"inLanguage\":\"fr-FR\",\"@id\":\"https:\\\/\\\/secure.gravatar.com\\\/avatar\\\/b4068e88b9c557952c81ca0efc4e11e19a2ed480173b8cef95a240894b16bf22?s=96&d=mm&r=g\",\"url\":\"https:\\\/\\\/secure.gravatar.com\\\/avatar\\\/b4068e88b9c557952c81ca0efc4e11e19a2ed480173b8cef95a240894b16bf22?s=96&d=mm&r=g\",\"contentUrl\":\"https:\\\/\\\/secure.gravatar.com\\\/avatar\\\/b4068e88b9c557952c81ca0efc4e11e19a2ed480173b8cef95a240894b16bf22?s=96&d=mm&r=g\",\"caption\":\"Ssuperadmin\"},\"sameAs\":[\"https:\\\/\\\/jazairhope.org\"],\"url\":\"https:\\\/\\\/jazairhope.org\\\/fr\\\/author\\\/superadmin\\\/\"}]}<\/script>\n<!-- \/ Yoast SEO plugin. -->","yoast_head_json":{"title":"S\u00e9isme en Turquie \u2013 Syrie : M\u00eame d\u00e9tresse. Plaidoyer pour une m\u00eame humanit\u00e9 - AAH.JZR","robots":{"index":"index","follow":"follow","max-snippet":"max-snippet:-1","max-image-preview":"max-image-preview:large","max-video-preview":"max-video-preview:-1"},"canonical":"https:\/\/jazairhope.org\/fr\/seisme-en-turquie-syrie-meme-detresse-plaidoyer-pour-une-meme-humanite\/","og_locale":"fr_FR","og_type":"article","og_title":"S\u00e9isme en Turquie \u2013 Syrie : M\u00eame d\u00e9tresse. Plaidoyer pour une m\u00eame humanit\u00e9 - AAH.JZR","og_description":"\u00d4 malheureux mortels ! \u00f4 terre d\u00e9plorable ! Accourez, contemplez ces ruines affreuses, Ces d\u00e9bris, ces lambeaux, ces cendres malheureuses, Ces femmes,&hellip;","og_url":"https:\/\/jazairhope.org\/fr\/seisme-en-turquie-syrie-meme-detresse-plaidoyer-pour-une-meme-humanite\/","og_site_name":"AAH.JZR","article_publisher":"https:\/\/www.facebook.com\/jazairhope","article_published_time":"2023-02-13T18:04:00+00:00","og_image":[{"width":400,"height":286,"url":"https:\/\/jazairhope.org\/wp-content\/uploads\/2023\/02\/Capture-decran-le-2023-02-12-a-16.40.07-400x286.png","type":"image\/png"}],"author":"Ssuperadmin","twitter_card":"summary_large_image","twitter_misc":{"\u00c9crit par":"Ssuperadmin","Dur\u00e9e de lecture estim\u00e9e":"19 minutes"},"schema":{"@context":"https:\/\/schema.org","@graph":[{"@type":"Article","@id":"https:\/\/jazairhope.org\/fr\/seisme-en-turquie-syrie-meme-detresse-plaidoyer-pour-une-meme-humanite\/#article","isPartOf":{"@id":"https:\/\/jazairhope.org\/fr\/seisme-en-turquie-syrie-meme-detresse-plaidoyer-pour-une-meme-humanite\/"},"author":{"name":"Ssuperadmin","@id":"https:\/\/jazairhope.org\/fr\/#\/schema\/person\/43650ebd889d8960700b5456ed9264c4"},"headline":"S\u00e9isme en Turquie \u2013 Syrie : M\u00eame d\u00e9tresse. Plaidoyer pour une m\u00eame humanit\u00e9","datePublished":"2023-02-13T18:04:00+00:00","mainEntityOfPage":{"@id":"https:\/\/jazairhope.org\/fr\/seisme-en-turquie-syrie-meme-detresse-plaidoyer-pour-une-meme-humanite\/"},"wordCount":4730,"commentCount":0,"image":{"@id":"https:\/\/jazairhope.org\/fr\/seisme-en-turquie-syrie-meme-detresse-plaidoyer-pour-une-meme-humanite\/#primaryimage"},"thumbnailUrl":"https:\/\/jazairhope.org\/wp-content\/uploads\/2023\/02\/Capture-decran-le-2023-02-12-a-16.40.07-400x286.png","articleSection":["Politique"],"inLanguage":"fr-FR","potentialAction":[{"@type":"CommentAction","name":"Comment","target":["https:\/\/jazairhope.org\/fr\/seisme-en-turquie-syrie-meme-detresse-plaidoyer-pour-une-meme-humanite\/#respond"]}]},{"@type":"WebPage","@id":"https:\/\/jazairhope.org\/fr\/seisme-en-turquie-syrie-meme-detresse-plaidoyer-pour-une-meme-humanite\/","url":"https:\/\/jazairhope.org\/fr\/seisme-en-turquie-syrie-meme-detresse-plaidoyer-pour-une-meme-humanite\/","name":"S\u00e9isme en Turquie \u2013 Syrie : M\u00eame d\u00e9tresse. Plaidoyer pour une m\u00eame humanit\u00e9 - AAH.JZR","isPartOf":{"@id":"https:\/\/jazairhope.org\/fr\/#website"},"primaryImageOfPage":{"@id":"https:\/\/jazairhope.org\/fr\/seisme-en-turquie-syrie-meme-detresse-plaidoyer-pour-une-meme-humanite\/#primaryimage"},"image":{"@id":"https:\/\/jazairhope.org\/fr\/seisme-en-turquie-syrie-meme-detresse-plaidoyer-pour-une-meme-humanite\/#primaryimage"},"thumbnailUrl":"https:\/\/jazairhope.org\/wp-content\/uploads\/2023\/02\/Capture-decran-le-2023-02-12-a-16.40.07-400x286.png","datePublished":"2023-02-13T18:04:00+00:00","author":{"@id":"https:\/\/jazairhope.org\/fr\/#\/schema\/person\/43650ebd889d8960700b5456ed9264c4"},"breadcrumb":{"@id":"https:\/\/jazairhope.org\/fr\/seisme-en-turquie-syrie-meme-detresse-plaidoyer-pour-une-meme-humanite\/#breadcrumb"},"inLanguage":"fr-FR","potentialAction":[{"@type":"ReadAction","target":["https:\/\/jazairhope.org\/fr\/seisme-en-turquie-syrie-meme-detresse-plaidoyer-pour-une-meme-humanite\/"]}]},{"@type":"ImageObject","inLanguage":"fr-FR","@id":"https:\/\/jazairhope.org\/fr\/seisme-en-turquie-syrie-meme-detresse-plaidoyer-pour-une-meme-humanite\/#primaryimage","url":"https:\/\/jazairhope.org\/wp-content\/uploads\/2023\/02\/Capture-decran-le-2023-02-12-a-16.40.07-400x286.png","contentUrl":"https:\/\/jazairhope.org\/wp-content\/uploads\/2023\/02\/Capture-decran-le-2023-02-12-a-16.40.07-400x286.png","width":400,"height":286},{"@type":"BreadcrumbList","@id":"https:\/\/jazairhope.org\/fr\/seisme-en-turquie-syrie-meme-detresse-plaidoyer-pour-une-meme-humanite\/#breadcrumb","itemListElement":[{"@type":"ListItem","position":1,"name":"Accueil","item":"https:\/\/jazairhope.org\/fr\/"},{"@type":"ListItem","position":2,"name":"S\u00e9isme en Turquie \u2013 Syrie : M\u00eame d\u00e9tresse. Plaidoyer pour une m\u00eame humanit\u00e9"}]},{"@type":"WebSite","@id":"https:\/\/jazairhope.org\/fr\/#website","url":"https:\/\/jazairhope.org\/fr\/","name":"AAH.JZR","description":"Environment, Health, Science, Art, Economics","potentialAction":[{"@type":"SearchAction","target":{"@type":"EntryPoint","urlTemplate":"https:\/\/jazairhope.org\/fr\/?s={search_term_string}"},"query-input":{"@type":"PropertyValueSpecification","valueRequired":true,"valueName":"search_term_string"}}],"inLanguage":"fr-FR"},{"@type":"Person","@id":"https:\/\/jazairhope.org\/fr\/#\/schema\/person\/43650ebd889d8960700b5456ed9264c4","name":"Ssuperadmin","image":{"@type":"ImageObject","inLanguage":"fr-FR","@id":"https:\/\/secure.gravatar.com\/avatar\/b4068e88b9c557952c81ca0efc4e11e19a2ed480173b8cef95a240894b16bf22?s=96&d=mm&r=g","url":"https:\/\/secure.gravatar.com\/avatar\/b4068e88b9c557952c81ca0efc4e11e19a2ed480173b8cef95a240894b16bf22?s=96&d=mm&r=g","contentUrl":"https:\/\/secure.gravatar.com\/avatar\/b4068e88b9c557952c81ca0efc4e11e19a2ed480173b8cef95a240894b16bf22?s=96&d=mm&r=g","caption":"Ssuperadmin"},"sameAs":["https:\/\/jazairhope.org"],"url":"https:\/\/jazairhope.org\/fr\/author\/superadmin\/"}]}},"views":203,"_links":{"self":[{"href":"https:\/\/jazairhope.org\/fr\/wp-json\/wp\/v2\/posts\/70266","targetHints":{"allow":["GET"]}}],"collection":[{"href":"https:\/\/jazairhope.org\/fr\/wp-json\/wp\/v2\/posts"}],"about":[{"href":"https:\/\/jazairhope.org\/fr\/wp-json\/wp\/v2\/types\/post"}],"author":[{"embeddable":true,"href":"https:\/\/jazairhope.org\/fr\/wp-json\/wp\/v2\/users\/1"}],"replies":[{"embeddable":true,"href":"https:\/\/jazairhope.org\/fr\/wp-json\/wp\/v2\/comments?post=70266"}],"version-history":[{"count":3,"href":"https:\/\/jazairhope.org\/fr\/wp-json\/wp\/v2\/posts\/70266\/revisions"}],"predecessor-version":[{"id":70272,"href":"https:\/\/jazairhope.org\/fr\/wp-json\/wp\/v2\/posts\/70266\/revisions\/70272"}],"wp:featuredmedia":[{"embeddable":true,"href":"https:\/\/jazairhope.org\/fr\/wp-json\/wp\/v2\/media\/70268"}],"wp:attachment":[{"href":"https:\/\/jazairhope.org\/fr\/wp-json\/wp\/v2\/media?parent=70266"}],"wp:term":[{"taxonomy":"category","embeddable":true,"href":"https:\/\/jazairhope.org\/fr\/wp-json\/wp\/v2\/categories?post=70266"},{"taxonomy":"post_tag","embeddable":true,"href":"https:\/\/jazairhope.org\/fr\/wp-json\/wp\/v2\/tags?post=70266"}],"curies":[{"name":"wp","href":"https:\/\/api.w.org\/{rel}","templated":true}]}}