{"id":70617,"date":"2023-02-19T11:45:38","date_gmt":"2023-02-19T10:45:38","guid":{"rendered":"https:\/\/jazairhope.org\/?p=70617"},"modified":"2023-02-19T11:45:38","modified_gmt":"2023-02-19T10:45:38","slug":"le-president-tebboune-reitere-lattachement-de-lalgerie-au-droit-de-lafrique-a-la-qualite-de-membre-permanent-au-conseil-de-securite","status":"publish","type":"post","link":"https:\/\/jazairhope.org\/fr\/le-president-tebboune-reitere-lattachement-de-lalgerie-au-droit-de-lafrique-a-la-qualite-de-membre-permanent-au-conseil-de-securite\/","title":{"rendered":"Le Pr\u00e9sident Tebboune r\u00e9it\u00e8re l\u2019attachement de l\u2019Alg\u00e9rie au droit de l\u2019Afrique \u00e0 la qualit\u00e9 de membre permanent au Conseil de s\u00e9curit\u00e9"},"content":{"rendered":"<p>&nbsp;<\/p>\n<p><b><strong>Le pr\u00e9sident de la R\u00e9publique, M. Abdelmadjid Tebboune, a r\u00e9affirm\u00e9, samedi \u00e0 Addis-Abeba, l\u2019attachement de l\u2019Alg\u00e9rie au droit l\u00e9gitime de l\u2019Afrique \u00e0 acc\u00e9der \u00e0 la qualit\u00e9 de membre permanent au Conseil de s\u00e9curit\u00e9 de l\u2019ONU, soulignant son engagement \u00e0 \u0153uvrer sans rel\u00e2che pour faire entendre la voix du continent et ses revendications l\u00e9gitimes.<\/strong><\/b><\/p>\n<p>Dans une allocution lors des travaux de la r\u00e9union minist\u00e9rielle du Comit\u00e9 des dix de l\u2019Union africaine (UA) sur la r\u00e9forme du Conseil de s\u00e9curit\u00e9 des Nations unies tenue \u00e0 l\u2019occasion du 36e Sommet des chefs d\u2019Etat et de gouvernement de l\u2019UA, lue en son nom par le Premier ministre, M. A\u00efmene Benabderrahmane, le Pr\u00e9sident de la R\u00e9publique a salu\u00e9 \u00ab\u00a0l\u2019esprit de coop\u00e9ration continue et la coordination fructueuse \u00e9tablie entre les repr\u00e9sentants des pays africains fr\u00e8res dans les fora internationaux et r\u00e9gionaux pour faire entendre la voix de la position africaine unifi\u00e9e\u00a0\u00bb.<\/p>\n<p>Cette d\u00e9marche, pr\u00e9cise le Pr\u00e9sident de la R\u00e9publique, a pour objectif d\u2019insister sur la n\u00e9cessit\u00e9 de permettre au continent d\u2019obtenir deux si\u00e8ges permanents au sein de l\u2019instance onusienne et d\u2019accroitre son quota de repr\u00e9sentativit\u00e9 au niveau des si\u00e8ges non permanents, de trois \u00e0 cinq si\u00e8ges, conform\u00e9ment \u00e0 la teneur du \u00ab\u00a0Consensus d\u2019Ezulwini\u00a0\u00bb et de \u00ab\u00a0la D\u00e9claration de Syrte\u00a0\u00bb.<\/p>\n<p>Pour l\u2019Alg\u00e9rie, la question de la r\u00e9forme du Conseil de s\u00e9curit\u00e9 est imp\u00e9rative pour parvenir \u00e0 un ordre mondial plus repr\u00e9sentatif, plus juste et plus \u00e9quilibr\u00e9, notamment en cette conjoncture d\u00e9licate marqu\u00e9e par une succession de crises et leurs retomb\u00e9es porteuses de pr\u00e9mices de nouveaux changements dans les rapports de forces sur la sc\u00e8ne internationale\u00a0\u00bb.<\/p>\n<p>\u00ab\u00a0Notre continent fait face \u00e0 des menaces multiformes et multidimensionnelles qui entament la paix et la s\u00e9curit\u00e9 tels que le ph\u00e9nom\u00e8ne du terrorisme, les guerres, les changements climatiques, les crises alimentaires, \u00e9nerg\u00e9tiques et sanitaires accentu\u00e9es par la pand\u00e9mie du Covid-19 et le conflit russo-ukrainien\u00a0\u00bb, a poursuivi le Pr\u00e9sident Tebboune dans son allocution.<\/p>\n<p>Dans ce sillage, le Pr\u00e9sident de la R\u00e9publique a r\u00e9affirm\u00e9 \u00e0 ses homologues du Comit\u00e9 l\u2019engagement de l\u2019Alg\u00e9rie en faveur\u00a0 du droit l\u00e9gitime de l\u2019Afrique pour acc\u00e9der au Conseil de s\u00e9curit\u00e9 tel que stipul\u00e9 dans la D\u00e9claration de Syrte et du Consensus d\u2019Ezulwini.<\/p>\n<p>\u00ab\u00a0Nous allons continuer \u00e0 \u0153uvrer sans rel\u00e2che pour faire entendre la voix de l\u2019Afrique et ses revendications l\u00e9gitimes et r\u00e9parer l\u2019injustice historique faite \u00e0 notre continent\u00a0\u00bb, a-t-il rassur\u00e9.<\/p>\n<p>Il a, dans ce sens, r\u00e9it\u00e9r\u00e9 \u00ab\u00a0l\u2019engagement de l\u2019Alg\u00e9rie \u00e0 \u0153uvrer de concert avec les pays membres du Comit\u00e9 \u00e0 l\u2019effet de maintenir cet \u00e9lan de soutien international, important et de plus en plus croissant en faveur de la position africaine\u00a0\u00bb, et ce dans l\u2019objectif de \u00ab\u00a0r\u00e9aliser un progr\u00e8s dans les pourparlers concernant la r\u00e9forme du Conseil de s\u00e9curit\u00e9\u00a0\u00bb.<\/p>\n<p>L\u2019obtention par le continent africain de la qualit\u00e9 de membre permanent au Conseil de s\u00e9curit\u00e9 \u00ab\u00a0est \u00e9troitement li\u00e9e \u00e0 la r\u00e9ussite des n\u00e9gociations intergouvernementales dans le cadre de l\u2019Assembl\u00e9e g\u00e9n\u00e9rale de l\u2019ONU en tant que cadre unique et idoine pour d\u00e9battre de la question de la r\u00e9forme du Conseil de s\u00e9curit\u00e9\u00a0\u00bb, a-t-il fait observer.<\/p>\n<p>Le pr\u00e9sident de la R\u00e9publique a appel\u00e9 \u00e0 \u00ab\u00a0intensifier et \u00e0 mobiliser\u00a0\u00bb les efforts n\u00e9cessaires pour que les prochaines n\u00e9gociations reposent sur le document-cadre d\u2019action de 2015 en tant que document de r\u00e9f\u00e9rence refl\u00e9tant les positions et les propositions de pr\u00e8s de 120 Etats membres de l\u2019ONU, y compris la position africaine unifi\u00e9e, tout en \u0153uvrant \u00e0 \u00ab\u00a0faire face aux diff\u00e9rentes tentatives visant \u00e0 mettre \u00e0 mal ou \u00e0 emp\u00eacher le processus de r\u00e9forme, voire m\u00eame affaiblir les positions et diviser\u00a0 les partisans\u00a0\u00bb.<\/p>\n<p>\u00ab\u00a0Nous souhaitons que le groupe africain prenne part de mani\u00e8re constructive et efficace aux c\u00f4t\u00e9s de tous les pays membres et les groupes d\u2019int\u00e9r\u00eat dans les prochaines n\u00e9gociations intergouvernementales et collabore avec les pays membres permanents au Conseil de s\u00e9curit\u00e9 en vue de mobiliser le soutien et l\u2019appui \u00e0 la position africaine unifi\u00e9e et d\u2019assurer un grand rapprochement sur la r\u00e9forme du Conseil de s\u00e9curit\u00e9 et de consolider son r\u00f4le dans la pr\u00e9servation de la paix et de la s\u00e9curit\u00e9 internationales de fa\u00e7on \u00e0 ce qu\u2019il soit davantage repr\u00e9sentatif, neutre, transparent et cr\u00e9dible\u00a0\u00bb, a soutenu le pr\u00e9sident Tebboune.<\/p>\n<p>\u00ab\u00a0Nous devons poursuivre l\u2019unification de notre rang et de notre parole sur la sc\u00e8ne internationale et nous engager au respect des d\u00e9cisions de l\u2019UA pertinentes en restant fid\u00e8le au groupe africain et en appuyant l\u2019adh\u00e9sion aux autres groupes d\u2019int\u00e9r\u00eat pour parler d\u2019une seule voix africaine jusqu\u2019\u00e0 satisfaction des exigences de la position africaine unifi\u00e9e\u00a0\u00bb.<\/p>\n<p>En conclusion, le pr\u00e9sident Tebboune a rappel\u00e9 que l\u2019Alg\u00e9rie repr\u00e9sentera \u00e0 partir de l\u2019ann\u00e9e prochaine le continent au sein du Conseil de s\u00e9curit\u00e9, soulignant qu&#8217;\u00a0\u00bbelle \u0153uvrera \u00e0 faire entendre sa voix et ses exigences en coordination avec les fr\u00e8res africains conform\u00e9ment au +processus d\u2019Oran+ et \u00e0 l\u2019occasion de la tenue de la 12e r\u00e9union minist\u00e9rielle du comit\u00e9 des dix de l\u2019UA concern\u00e9 par la r\u00e9forme du Conseil de s\u00e9curit\u00e9 onusien, pr\u00e9vue en Alg\u00e9rie en janvier 2024\u2033.<\/p>\n<p>Le pr\u00e9sident de la R\u00e9publique a exprim\u00e9 la disposition totale de l\u2019Alg\u00e9rie \u00ab\u00a0\u00e0 contribuer aux discussions fructueuses pr\u00e9vues pour sortir avec des recommandations devant nous permettre de cristalliser notre position africaine unifi\u00e9e pour mener le processus de n\u00e9gociation en cours \u00e0 l\u2019ONU\u00a0\u00bb.<\/p>\n<p>&nbsp;<\/p>\n<div class=\"td-author-by\">par mehdi messaoudi: https:\/\/algerie54.dz\/2023\/02\/18\/ua-sommet-6\/<\/div>\n<p>&nbsp;<\/p>\n","protected":false},"excerpt":{"rendered":"<p>&nbsp; Le pr\u00e9sident de la R\u00e9publique, M. Abdelmadjid Tebboune, a r\u00e9affirm\u00e9, samedi \u00e0 Addis-Abeba, l\u2019attachement de l\u2019Alg\u00e9rie au droit l\u00e9gitime de l\u2019Afrique&hellip;<\/p>\n","protected":false},"author":1,"featured_media":70619,"comment_status":"open","ping_status":"open","sticky":false,"template":"","format":"standard","meta":{"_lmt_disableupdate":"","_lmt_disable":"","footnotes":""},"categories":[49],"tags":[],"class_list":["post-70617","post","type-post","status-publish","format-standard","has-post-thumbnail","hentry","category-politique"],"yoast_head":"<!-- This site is optimized with the Yoast SEO plugin v27.3 - https:\/\/yoast.com\/product\/yoast-seo-wordpress\/ -->\n<title>Le Pr\u00e9sident Tebboune r\u00e9it\u00e8re l\u2019attachement de l\u2019Alg\u00e9rie au droit de l\u2019Afrique \u00e0 la qualit\u00e9 de membre permanent au Conseil de s\u00e9curit\u00e9 - AAH.JZR<\/title>\n<meta name=\"robots\" content=\"index, follow, max-snippet:-1, max-image-preview:large, max-video-preview:-1\" \/>\n<link rel=\"canonical\" href=\"https:\/\/jazairhope.org\/fr\/le-president-tebboune-reitere-lattachement-de-lalgerie-au-droit-de-lafrique-a-la-qualite-de-membre-permanent-au-conseil-de-securite\/\" \/>\n<meta property=\"og:locale\" content=\"fr_FR\" \/>\n<meta property=\"og:type\" content=\"article\" \/>\n<meta property=\"og:title\" content=\"Le Pr\u00e9sident Tebboune r\u00e9it\u00e8re l\u2019attachement de l\u2019Alg\u00e9rie au droit de l\u2019Afrique \u00e0 la qualit\u00e9 de membre permanent au Conseil de s\u00e9curit\u00e9 - AAH.JZR\" \/>\n<meta property=\"og:description\" content=\"&nbsp; Le pr\u00e9sident de la R\u00e9publique, M. Abdelmadjid Tebboune, a r\u00e9affirm\u00e9, samedi \u00e0 Addis-Abeba, l\u2019attachement de l\u2019Alg\u00e9rie au droit l\u00e9gitime de l\u2019Afrique&hellip;\" \/>\n<meta property=\"og:url\" content=\"https:\/\/jazairhope.org\/fr\/le-president-tebboune-reitere-lattachement-de-lalgerie-au-droit-de-lafrique-a-la-qualite-de-membre-permanent-au-conseil-de-securite\/\" \/>\n<meta property=\"og:site_name\" content=\"AAH.JZR\" \/>\n<meta property=\"article:publisher\" content=\"https:\/\/www.facebook.com\/jazairhope\" \/>\n<meta property=\"article:published_time\" content=\"2023-02-19T10:45:38+00:00\" \/>\n<meta property=\"og:image\" content=\"https:\/\/jazairhope.org\/wp-content\/uploads\/2023\/02\/alge.jpg\" \/>\n\t<meta property=\"og:image:width\" content=\"580\" \/>\n\t<meta property=\"og:image:height\" content=\"350\" \/>\n\t<meta property=\"og:image:type\" content=\"image\/jpeg\" \/>\n<meta name=\"author\" content=\"Ssuperadmin\" \/>\n<meta name=\"twitter:card\" content=\"summary_large_image\" \/>\n<meta name=\"twitter:label1\" content=\"\u00c9crit par\" \/>\n\t<meta name=\"twitter:data1\" content=\"Ssuperadmin\" \/>\n\t<meta name=\"twitter:label2\" content=\"Dur\u00e9e de lecture estim\u00e9e\" \/>\n\t<meta name=\"twitter:data2\" content=\"4 minutes\" \/>\n<script type=\"application\/ld+json\" class=\"yoast-schema-graph\">{\"@context\":\"https:\\\/\\\/schema.org\",\"@graph\":[{\"@type\":\"Article\",\"@id\":\"https:\\\/\\\/jazairhope.org\\\/fr\\\/le-president-tebboune-reitere-lattachement-de-lalgerie-au-droit-de-lafrique-a-la-qualite-de-membre-permanent-au-conseil-de-securite\\\/#article\",\"isPartOf\":{\"@id\":\"https:\\\/\\\/jazairhope.org\\\/fr\\\/le-president-tebboune-reitere-lattachement-de-lalgerie-au-droit-de-lafrique-a-la-qualite-de-membre-permanent-au-conseil-de-securite\\\/\"},\"author\":{\"name\":\"Ssuperadmin\",\"@id\":\"https:\\\/\\\/jazairhope.org\\\/fr\\\/#\\\/schema\\\/person\\\/43650ebd889d8960700b5456ed9264c4\"},\"headline\":\"Le Pr\u00e9sident Tebboune r\u00e9it\u00e8re l\u2019attachement de l\u2019Alg\u00e9rie au droit de l\u2019Afrique \u00e0 la qualit\u00e9 de membre permanent au Conseil de s\u00e9curit\u00e9\",\"datePublished\":\"2023-02-19T10:45:38+00:00\",\"mainEntityOfPage\":{\"@id\":\"https:\\\/\\\/jazairhope.org\\\/fr\\\/le-president-tebboune-reitere-lattachement-de-lalgerie-au-droit-de-lafrique-a-la-qualite-de-membre-permanent-au-conseil-de-securite\\\/\"},\"wordCount\":1034,\"commentCount\":0,\"image\":{\"@id\":\"https:\\\/\\\/jazairhope.org\\\/fr\\\/le-president-tebboune-reitere-lattachement-de-lalgerie-au-droit-de-lafrique-a-la-qualite-de-membre-permanent-au-conseil-de-securite\\\/#primaryimage\"},\"thumbnailUrl\":\"https:\\\/\\\/jazairhope.org\\\/wp-content\\\/uploads\\\/2023\\\/02\\\/alge.jpg\",\"articleSection\":[\"Politique\"],\"inLanguage\":\"fr-FR\",\"potentialAction\":[{\"@type\":\"CommentAction\",\"name\":\"Comment\",\"target\":[\"https:\\\/\\\/jazairhope.org\\\/fr\\\/le-president-tebboune-reitere-lattachement-de-lalgerie-au-droit-de-lafrique-a-la-qualite-de-membre-permanent-au-conseil-de-securite\\\/#respond\"]}]},{\"@type\":\"WebPage\",\"@id\":\"https:\\\/\\\/jazairhope.org\\\/fr\\\/le-president-tebboune-reitere-lattachement-de-lalgerie-au-droit-de-lafrique-a-la-qualite-de-membre-permanent-au-conseil-de-securite\\\/\",\"url\":\"https:\\\/\\\/jazairhope.org\\\/fr\\\/le-president-tebboune-reitere-lattachement-de-lalgerie-au-droit-de-lafrique-a-la-qualite-de-membre-permanent-au-conseil-de-securite\\\/\",\"name\":\"Le Pr\u00e9sident Tebboune r\u00e9it\u00e8re l\u2019attachement de l\u2019Alg\u00e9rie au droit de l\u2019Afrique \u00e0 la qualit\u00e9 de membre permanent au Conseil de s\u00e9curit\u00e9 - AAH.JZR\",\"isPartOf\":{\"@id\":\"https:\\\/\\\/jazairhope.org\\\/fr\\\/#website\"},\"primaryImageOfPage\":{\"@id\":\"https:\\\/\\\/jazairhope.org\\\/fr\\\/le-president-tebboune-reitere-lattachement-de-lalgerie-au-droit-de-lafrique-a-la-qualite-de-membre-permanent-au-conseil-de-securite\\\/#primaryimage\"},\"image\":{\"@id\":\"https:\\\/\\\/jazairhope.org\\\/fr\\\/le-president-tebboune-reitere-lattachement-de-lalgerie-au-droit-de-lafrique-a-la-qualite-de-membre-permanent-au-conseil-de-securite\\\/#primaryimage\"},\"thumbnailUrl\":\"https:\\\/\\\/jazairhope.org\\\/wp-content\\\/uploads\\\/2023\\\/02\\\/alge.jpg\",\"datePublished\":\"2023-02-19T10:45:38+00:00\",\"author\":{\"@id\":\"https:\\\/\\\/jazairhope.org\\\/fr\\\/#\\\/schema\\\/person\\\/43650ebd889d8960700b5456ed9264c4\"},\"breadcrumb\":{\"@id\":\"https:\\\/\\\/jazairhope.org\\\/fr\\\/le-president-tebboune-reitere-lattachement-de-lalgerie-au-droit-de-lafrique-a-la-qualite-de-membre-permanent-au-conseil-de-securite\\\/#breadcrumb\"},\"inLanguage\":\"fr-FR\",\"potentialAction\":[{\"@type\":\"ReadAction\",\"target\":[\"https:\\\/\\\/jazairhope.org\\\/fr\\\/le-president-tebboune-reitere-lattachement-de-lalgerie-au-droit-de-lafrique-a-la-qualite-de-membre-permanent-au-conseil-de-securite\\\/\"]}]},{\"@type\":\"ImageObject\",\"inLanguage\":\"fr-FR\",\"@id\":\"https:\\\/\\\/jazairhope.org\\\/fr\\\/le-president-tebboune-reitere-lattachement-de-lalgerie-au-droit-de-lafrique-a-la-qualite-de-membre-permanent-au-conseil-de-securite\\\/#primaryimage\",\"url\":\"https:\\\/\\\/jazairhope.org\\\/wp-content\\\/uploads\\\/2023\\\/02\\\/alge.jpg\",\"contentUrl\":\"https:\\\/\\\/jazairhope.org\\\/wp-content\\\/uploads\\\/2023\\\/02\\\/alge.jpg\",\"width\":580,\"height\":350},{\"@type\":\"BreadcrumbList\",\"@id\":\"https:\\\/\\\/jazairhope.org\\\/fr\\\/le-president-tebboune-reitere-lattachement-de-lalgerie-au-droit-de-lafrique-a-la-qualite-de-membre-permanent-au-conseil-de-securite\\\/#breadcrumb\",\"itemListElement\":[{\"@type\":\"ListItem\",\"position\":1,\"name\":\"Accueil\",\"item\":\"https:\\\/\\\/jazairhope.org\\\/fr\\\/\"},{\"@type\":\"ListItem\",\"position\":2,\"name\":\"Le Pr\u00e9sident Tebboune r\u00e9it\u00e8re l\u2019attachement de l\u2019Alg\u00e9rie au droit de l\u2019Afrique \u00e0 la qualit\u00e9 de membre permanent au Conseil de s\u00e9curit\u00e9\"}]},{\"@type\":\"WebSite\",\"@id\":\"https:\\\/\\\/jazairhope.org\\\/fr\\\/#website\",\"url\":\"https:\\\/\\\/jazairhope.org\\\/fr\\\/\",\"name\":\"AAH.JZR\",\"description\":\"Environment, Health, Science, Art, Economics\",\"potentialAction\":[{\"@type\":\"SearchAction\",\"target\":{\"@type\":\"EntryPoint\",\"urlTemplate\":\"https:\\\/\\\/jazairhope.org\\\/fr\\\/?s={search_term_string}\"},\"query-input\":{\"@type\":\"PropertyValueSpecification\",\"valueRequired\":true,\"valueName\":\"search_term_string\"}}],\"inLanguage\":\"fr-FR\"},{\"@type\":\"Person\",\"@id\":\"https:\\\/\\\/jazairhope.org\\\/fr\\\/#\\\/schema\\\/person\\\/43650ebd889d8960700b5456ed9264c4\",\"name\":\"Ssuperadmin\",\"image\":{\"@type\":\"ImageObject\",\"inLanguage\":\"fr-FR\",\"@id\":\"https:\\\/\\\/secure.gravatar.com\\\/avatar\\\/b4068e88b9c557952c81ca0efc4e11e19a2ed480173b8cef95a240894b16bf22?s=96&d=mm&r=g\",\"url\":\"https:\\\/\\\/secure.gravatar.com\\\/avatar\\\/b4068e88b9c557952c81ca0efc4e11e19a2ed480173b8cef95a240894b16bf22?s=96&d=mm&r=g\",\"contentUrl\":\"https:\\\/\\\/secure.gravatar.com\\\/avatar\\\/b4068e88b9c557952c81ca0efc4e11e19a2ed480173b8cef95a240894b16bf22?s=96&d=mm&r=g\",\"caption\":\"Ssuperadmin\"},\"sameAs\":[\"https:\\\/\\\/jazairhope.org\"],\"url\":\"https:\\\/\\\/jazairhope.org\\\/fr\\\/author\\\/superadmin\\\/\"}]}<\/script>\n<!-- \/ Yoast SEO plugin. -->","yoast_head_json":{"title":"Le Pr\u00e9sident Tebboune r\u00e9it\u00e8re l\u2019attachement de l\u2019Alg\u00e9rie au droit de l\u2019Afrique \u00e0 la qualit\u00e9 de membre permanent au Conseil de s\u00e9curit\u00e9 - AAH.JZR","robots":{"index":"index","follow":"follow","max-snippet":"max-snippet:-1","max-image-preview":"max-image-preview:large","max-video-preview":"max-video-preview:-1"},"canonical":"https:\/\/jazairhope.org\/fr\/le-president-tebboune-reitere-lattachement-de-lalgerie-au-droit-de-lafrique-a-la-qualite-de-membre-permanent-au-conseil-de-securite\/","og_locale":"fr_FR","og_type":"article","og_title":"Le Pr\u00e9sident Tebboune r\u00e9it\u00e8re l\u2019attachement de l\u2019Alg\u00e9rie au droit de l\u2019Afrique \u00e0 la qualit\u00e9 de membre permanent au Conseil de s\u00e9curit\u00e9 - AAH.JZR","og_description":"&nbsp; Le pr\u00e9sident de la R\u00e9publique, M. Abdelmadjid Tebboune, a r\u00e9affirm\u00e9, samedi \u00e0 Addis-Abeba, l\u2019attachement de l\u2019Alg\u00e9rie au droit l\u00e9gitime de l\u2019Afrique&hellip;","og_url":"https:\/\/jazairhope.org\/fr\/le-president-tebboune-reitere-lattachement-de-lalgerie-au-droit-de-lafrique-a-la-qualite-de-membre-permanent-au-conseil-de-securite\/","og_site_name":"AAH.JZR","article_publisher":"https:\/\/www.facebook.com\/jazairhope","article_published_time":"2023-02-19T10:45:38+00:00","og_image":[{"width":580,"height":350,"url":"https:\/\/jazairhope.org\/wp-content\/uploads\/2023\/02\/alge.jpg","type":"image\/jpeg"}],"author":"Ssuperadmin","twitter_card":"summary_large_image","twitter_misc":{"\u00c9crit par":"Ssuperadmin","Dur\u00e9e de lecture estim\u00e9e":"4 minutes"},"schema":{"@context":"https:\/\/schema.org","@graph":[{"@type":"Article","@id":"https:\/\/jazairhope.org\/fr\/le-president-tebboune-reitere-lattachement-de-lalgerie-au-droit-de-lafrique-a-la-qualite-de-membre-permanent-au-conseil-de-securite\/#article","isPartOf":{"@id":"https:\/\/jazairhope.org\/fr\/le-president-tebboune-reitere-lattachement-de-lalgerie-au-droit-de-lafrique-a-la-qualite-de-membre-permanent-au-conseil-de-securite\/"},"author":{"name":"Ssuperadmin","@id":"https:\/\/jazairhope.org\/fr\/#\/schema\/person\/43650ebd889d8960700b5456ed9264c4"},"headline":"Le Pr\u00e9sident Tebboune r\u00e9it\u00e8re l\u2019attachement de l\u2019Alg\u00e9rie au droit de l\u2019Afrique \u00e0 la qualit\u00e9 de membre permanent au Conseil de s\u00e9curit\u00e9","datePublished":"2023-02-19T10:45:38+00:00","mainEntityOfPage":{"@id":"https:\/\/jazairhope.org\/fr\/le-president-tebboune-reitere-lattachement-de-lalgerie-au-droit-de-lafrique-a-la-qualite-de-membre-permanent-au-conseil-de-securite\/"},"wordCount":1034,"commentCount":0,"image":{"@id":"https:\/\/jazairhope.org\/fr\/le-president-tebboune-reitere-lattachement-de-lalgerie-au-droit-de-lafrique-a-la-qualite-de-membre-permanent-au-conseil-de-securite\/#primaryimage"},"thumbnailUrl":"https:\/\/jazairhope.org\/wp-content\/uploads\/2023\/02\/alge.jpg","articleSection":["Politique"],"inLanguage":"fr-FR","potentialAction":[{"@type":"CommentAction","name":"Comment","target":["https:\/\/jazairhope.org\/fr\/le-president-tebboune-reitere-lattachement-de-lalgerie-au-droit-de-lafrique-a-la-qualite-de-membre-permanent-au-conseil-de-securite\/#respond"]}]},{"@type":"WebPage","@id":"https:\/\/jazairhope.org\/fr\/le-president-tebboune-reitere-lattachement-de-lalgerie-au-droit-de-lafrique-a-la-qualite-de-membre-permanent-au-conseil-de-securite\/","url":"https:\/\/jazairhope.org\/fr\/le-president-tebboune-reitere-lattachement-de-lalgerie-au-droit-de-lafrique-a-la-qualite-de-membre-permanent-au-conseil-de-securite\/","name":"Le Pr\u00e9sident Tebboune r\u00e9it\u00e8re l\u2019attachement de l\u2019Alg\u00e9rie au droit de l\u2019Afrique \u00e0 la qualit\u00e9 de membre permanent au Conseil de s\u00e9curit\u00e9 - AAH.JZR","isPartOf":{"@id":"https:\/\/jazairhope.org\/fr\/#website"},"primaryImageOfPage":{"@id":"https:\/\/jazairhope.org\/fr\/le-president-tebboune-reitere-lattachement-de-lalgerie-au-droit-de-lafrique-a-la-qualite-de-membre-permanent-au-conseil-de-securite\/#primaryimage"},"image":{"@id":"https:\/\/jazairhope.org\/fr\/le-president-tebboune-reitere-lattachement-de-lalgerie-au-droit-de-lafrique-a-la-qualite-de-membre-permanent-au-conseil-de-securite\/#primaryimage"},"thumbnailUrl":"https:\/\/jazairhope.org\/wp-content\/uploads\/2023\/02\/alge.jpg","datePublished":"2023-02-19T10:45:38+00:00","author":{"@id":"https:\/\/jazairhope.org\/fr\/#\/schema\/person\/43650ebd889d8960700b5456ed9264c4"},"breadcrumb":{"@id":"https:\/\/jazairhope.org\/fr\/le-president-tebboune-reitere-lattachement-de-lalgerie-au-droit-de-lafrique-a-la-qualite-de-membre-permanent-au-conseil-de-securite\/#breadcrumb"},"inLanguage":"fr-FR","potentialAction":[{"@type":"ReadAction","target":["https:\/\/jazairhope.org\/fr\/le-president-tebboune-reitere-lattachement-de-lalgerie-au-droit-de-lafrique-a-la-qualite-de-membre-permanent-au-conseil-de-securite\/"]}]},{"@type":"ImageObject","inLanguage":"fr-FR","@id":"https:\/\/jazairhope.org\/fr\/le-president-tebboune-reitere-lattachement-de-lalgerie-au-droit-de-lafrique-a-la-qualite-de-membre-permanent-au-conseil-de-securite\/#primaryimage","url":"https:\/\/jazairhope.org\/wp-content\/uploads\/2023\/02\/alge.jpg","contentUrl":"https:\/\/jazairhope.org\/wp-content\/uploads\/2023\/02\/alge.jpg","width":580,"height":350},{"@type":"BreadcrumbList","@id":"https:\/\/jazairhope.org\/fr\/le-president-tebboune-reitere-lattachement-de-lalgerie-au-droit-de-lafrique-a-la-qualite-de-membre-permanent-au-conseil-de-securite\/#breadcrumb","itemListElement":[{"@type":"ListItem","position":1,"name":"Accueil","item":"https:\/\/jazairhope.org\/fr\/"},{"@type":"ListItem","position":2,"name":"Le Pr\u00e9sident Tebboune r\u00e9it\u00e8re l\u2019attachement de l\u2019Alg\u00e9rie au droit de l\u2019Afrique \u00e0 la qualit\u00e9 de membre permanent au Conseil de s\u00e9curit\u00e9"}]},{"@type":"WebSite","@id":"https:\/\/jazairhope.org\/fr\/#website","url":"https:\/\/jazairhope.org\/fr\/","name":"AAH.JZR","description":"Environment, Health, Science, Art, Economics","potentialAction":[{"@type":"SearchAction","target":{"@type":"EntryPoint","urlTemplate":"https:\/\/jazairhope.org\/fr\/?s={search_term_string}"},"query-input":{"@type":"PropertyValueSpecification","valueRequired":true,"valueName":"search_term_string"}}],"inLanguage":"fr-FR"},{"@type":"Person","@id":"https:\/\/jazairhope.org\/fr\/#\/schema\/person\/43650ebd889d8960700b5456ed9264c4","name":"Ssuperadmin","image":{"@type":"ImageObject","inLanguage":"fr-FR","@id":"https:\/\/secure.gravatar.com\/avatar\/b4068e88b9c557952c81ca0efc4e11e19a2ed480173b8cef95a240894b16bf22?s=96&d=mm&r=g","url":"https:\/\/secure.gravatar.com\/avatar\/b4068e88b9c557952c81ca0efc4e11e19a2ed480173b8cef95a240894b16bf22?s=96&d=mm&r=g","contentUrl":"https:\/\/secure.gravatar.com\/avatar\/b4068e88b9c557952c81ca0efc4e11e19a2ed480173b8cef95a240894b16bf22?s=96&d=mm&r=g","caption":"Ssuperadmin"},"sameAs":["https:\/\/jazairhope.org"],"url":"https:\/\/jazairhope.org\/fr\/author\/superadmin\/"}]}},"views":260,"_links":{"self":[{"href":"https:\/\/jazairhope.org\/fr\/wp-json\/wp\/v2\/posts\/70617","targetHints":{"allow":["GET"]}}],"collection":[{"href":"https:\/\/jazairhope.org\/fr\/wp-json\/wp\/v2\/posts"}],"about":[{"href":"https:\/\/jazairhope.org\/fr\/wp-json\/wp\/v2\/types\/post"}],"author":[{"embeddable":true,"href":"https:\/\/jazairhope.org\/fr\/wp-json\/wp\/v2\/users\/1"}],"replies":[{"embeddable":true,"href":"https:\/\/jazairhope.org\/fr\/wp-json\/wp\/v2\/comments?post=70617"}],"version-history":[{"count":1,"href":"https:\/\/jazairhope.org\/fr\/wp-json\/wp\/v2\/posts\/70617\/revisions"}],"predecessor-version":[{"id":70618,"href":"https:\/\/jazairhope.org\/fr\/wp-json\/wp\/v2\/posts\/70617\/revisions\/70618"}],"wp:featuredmedia":[{"embeddable":true,"href":"https:\/\/jazairhope.org\/fr\/wp-json\/wp\/v2\/media\/70619"}],"wp:attachment":[{"href":"https:\/\/jazairhope.org\/fr\/wp-json\/wp\/v2\/media?parent=70617"}],"wp:term":[{"taxonomy":"category","embeddable":true,"href":"https:\/\/jazairhope.org\/fr\/wp-json\/wp\/v2\/categories?post=70617"},{"taxonomy":"post_tag","embeddable":true,"href":"https:\/\/jazairhope.org\/fr\/wp-json\/wp\/v2\/tags?post=70617"}],"curies":[{"name":"wp","href":"https:\/\/api.w.org\/{rel}","templated":true}]}}