{"id":71508,"date":"2023-03-04T00:05:19","date_gmt":"2023-03-03T23:05:19","guid":{"rendered":"https:\/\/jazairhope.org\/?p=71508"},"modified":"2023-03-03T20:42:37","modified_gmt":"2023-03-03T19:42:37","slug":"le-business-des-droits-de-lhomme-la-ldh-et-la-fidh-au-service-du-grand-capital","status":"publish","type":"post","link":"https:\/\/jazairhope.org\/fr\/le-business-des-droits-de-lhomme-la-ldh-et-la-fidh-au-service-du-grand-capital\/","title":{"rendered":"Le business des Droits de l\u2019Homme : La LDH et la FIDH au service du grand Capital"},"content":{"rendered":"<div class=\"td-author-by\">Par: Mehdi Messaoudi<\/div>\n<p><strong><em>La multiplication des attaques m\u00e9diatiques arborant les valeurs d\u00e9tourn\u00e9es des droits de l\u2019hommiste et la libert\u00e9 d\u2019expression comme arme de guerre, \u00e0 partir de l\u2019ancienne puissance coloniale qui se consid\u00e8re toujours comme civilisatrice des peuples qui se sont lib\u00e9r\u00e9s de ses griffes criminelles contre\u00a0 l\u2019humanit\u00e9, n\u2019a pas laiss\u00e9 le peuple alg\u00e9rien indiff\u00e9rent, puisque des d\u00e9nonciations et des condamnations de cette attitude ouvertement imp\u00e9rialiste alli\u00e9e aux racistes,\u00a0 s\u2019expriment de plus en plus dans la rue, comme dans la presse\u00a0 alg\u00e9rienne.<\/em><\/strong><\/p>\n<p>Le syst\u00e8me colonial ne recule devant rien, et ses repr\u00e9sentants n\u2019ont aucune honte, aucun remords \u00e0 s\u2019\u00e9riger en donneurs de le\u00e7ons de \u00ab\u00a0Droits de l\u2019Homme\u00a0\u00bb aux peuples meurtris des anciennes colonies, notamment au peuple alg\u00e9rien toujours traumatis\u00e9 par les 132 ans d\u2019horreurs inhumaines. Ces repr\u00e9sentants de l\u2019ancienne puissance coloniale, qui n\u2019a pas h\u00e9sit\u00e9 \u00e0 l\u00e9gif\u00e9rer sur ses bienfaits (loi 2005-158 du 23 f\u00e9vrier 2005) en Alg\u00e9rie, s\u2019autoproclament leaders de la d\u00e9fense des droits de l\u2019Homme et de la d\u00e9mocratie. Le comble, c\u2019est de voir ces d\u00e9l\u00e9gu\u00e9s droits de l\u2019hommiste\u00a0 constituer la caution \u00a0de l\u2019extr\u00eame droite proche de l\u2019OAS, qui se r\u00e9clame de l\u2019amiti\u00e9 France-Alg\u00e9rie! Sans oublier l\u2019appel lanc\u00e9 depuis l\u2019Assembl\u00e9e Nationale fran\u00e7aise,\u00a0<a href=\"https:\/\/algerie54.dz\/2021\/11\/18\/complot-ong\/\">le 15 octobre 2021<\/a>, par des pseudos militants en service command\u00e9, pour une intervention internationale contre l\u2019Alg\u00e9rie.\u00a0 Ils n\u2019ont plus aucune limite.<\/p>\n<p>Parmi cette n\u00e9buleuse de guerre internationale install\u00e9e principalement en France, qui n\u2019a aucun scrupule \u00e0 consid\u00e9rer encore et encore l\u2019Alg\u00e9rie comme une colonie, et met le peuple alg\u00e9rien sous le statut\u00a0 d\u2019indig\u00e8ne, 60 ans apr\u00e8s l\u2019ind\u00e9pendance, c\u2019est dans le journal l\u2019Humanit\u00e9, devenu organe de propagande des colons, que la fugitive Amira Bouraoui a trouv\u00e9 refuge. Elle a donn\u00e9 une interview \u00e0 deux agents fran\u00e7ais \u00ab\u00a0berb\u00e9ristes\u00a0\u00bb de la doxa, Rosa Moussaoui et Rachida El Azzouzi. La premi\u00e8re est bien connue comme \u00e9tant la blanchisseuse des terroristes du MAK (sur ce sujet lire\u00a0<a href=\"https:\/\/www.ahmedbensaada.com\/index.php?option=com_content&amp;view=article&amp;id=496:2019-05-29-21-33-29&amp;catid=46:qprintemps-arabeq&amp;Itemid=119\">l\u2019excellente analyse de Ahmed Bensaada<\/a>) et la seconde, Rachida El Azouzi, du journal Mediapart, produit du \u00ab\u00a0printemps arabe\u00a0\u00bb \u00e9gyptien, sp\u00e9cialis\u00e9e dans les agressions virulentes contre le peuple alg\u00e9rien.<\/p>\n<p><img decoding=\"async\" class=\"alignnone size-medium wp-image-35691 lazyloaded td-animation-stack-type0-2\" src=\"https:\/\/algerie54.dz\/wp-content\/uploads\/2023\/03\/Photo-1-300x76.jpg\" alt=\"\" width=\"300\" height=\"76\" data-lazy-srcset=\"https:\/\/algerie54.dz\/wp-content\/uploads\/2023\/03\/Photo-1-300x76.jpg 300w, https:\/\/algerie54.dz\/wp-content\/uploads\/2023\/03\/Photo-1-1024x259.jpg 1024w, https:\/\/algerie54.dz\/wp-content\/uploads\/2023\/03\/Photo-1-768x194.jpg 768w, https:\/\/algerie54.dz\/wp-content\/uploads\/2023\/03\/Photo-1-1536x388.jpg 1536w, https:\/\/algerie54.dz\/wp-content\/uploads\/2023\/03\/Photo-1-2048x518.jpg 2048w, https:\/\/algerie54.dz\/wp-content\/uploads\/2023\/03\/Photo-1-696x176.jpg 696w, https:\/\/algerie54.dz\/wp-content\/uploads\/2023\/03\/Photo-1-1068x270.jpg 1068w, https:\/\/algerie54.dz\/wp-content\/uploads\/2023\/03\/Photo-1-1662x420.jpg 1662w, https:\/\/algerie54.dz\/wp-content\/uploads\/2023\/03\/Photo-1-1920x485.jpg 1920w\" data-lazy-sizes=\"(max-width: 300px) 100vw, 300px\" data-lazy-src=\"https:\/\/algerie54.dz\/wp-content\/uploads\/2023\/03\/Photo-1-300x76.jpg\" data-was-processed=\"true\" \/><\/p>\n<p>On n\u2019a pas l\u2019habitude d\u2019\u00e9crire en dehors \u00a0d\u2019un cadre pr\u00e9sentement contradictoire et public, pour diffamer, mais avec des preuves irr\u00e9futables, auxquelles d\u2019ailleurs le camp des multinationales des \u00ab\u00a0droits de l\u2019Homme\u00a0\u00bb, men\u00e9 par la LDH et la FIDH, n\u2019apporte aucune r\u00e9ponse aux t\u00e9moignages qu\u2019on \u00e9tale sous les yeux des lecteurs. Patrick Baudoin, sa LDH et la FIDH, chantres des droits de l\u2019Homme en France et dans le monde, pr\u00e9f\u00e8rent fuir le d\u00e9bat d\u2019id\u00e9es, au moyen d\u2019un vocabulaire rest\u00e9 colonial. Les seules r\u00e9pliques de ces civilisateurs, au nom des \u00ab\u00a0Droits de l\u2019Homme\u00a0\u00bb, sont la menace et les proc\u00e8s devant des tribunaux m\u00e9tropolitains, comme l\u2019a rapport\u00e9 le site\u00a0<a href=\"https:\/\/radio-m.net\/lavocat-pierre-brunisso-nous-poursuivrons-tous-ceux-qui-denigrent-ihsane-el-kadi-et-son-collectif-international-de-defense\/\">RadioM.net<\/a>\u00a0inf\u00e9od\u00e9 \u00e0 leur id\u00e9ologie coloniale, et financ\u00e9 par le Quai d\u2019Orsay.\u00a0 Cela rappelle la belle formule \u00ab\u00a0Touche pas \u00e0 leur pote\u00a0\u00bb, celui que tout le monde conna\u00eet maintenant en Alg\u00e9rie comme \u00e9tant un serviteur de la France coloniale, \u00e0 l\u2019origine de beaucoup de malheurs du peuple, depuis la fabrication du \u00ab\u00a0pseudo-printemps berb\u00e9riste\u00a0\u00bb de 1980 o\u00f9 il \u00e9tait un des acteurs principaux.<\/p>\n<p>La LDH, par la bouche de son pr\u00e9sident Patrick Baudoin (lors de la conf\u00e9rence que les civilisateurs et leurs serviteurs ont organis\u00e9 le 21 f\u00e9vrier 2023, au si\u00e8ge de cette organisation \u00e0 Paris,\u00a0 en solidarit\u00e9 avec l\u2019ennemi av\u00e9r\u00e9 de l\u2019Alg\u00e9rie Ihsen El Kadi) a brandi\u00a0<a href=\"https:\/\/algerie54.dz\/2023\/02\/04\/neocolonisation-droit-de-lhomme\/\">notre article<\/a>\u00a0comme objet \u00e0 \u00ab conviction d\u00e9mocratique d\u2019un d\u00e9lit imaginaire \u00bb ! Sans apporter la moindre r\u00e9ponse au\u00a0<a href=\"https:\/\/algerie54.dz\/2023\/02\/04\/neocolonisation-droit-de-lhomme\/\">contenu de notre contribution<\/a>\u00a0visant ces ONG qui ne le sont pas, puisqu\u2019elles sont financ\u00e9es par le Grand Capital, il s\u2019est content\u00e9 d\u2019un commentaire creux et agressif contre nous: \u00ab organe financ\u00e9 par le r\u00e9gime \u00bb. D\u2019une part, nous aurions bien aim\u00e9 b\u00e9n\u00e9ficier d\u2019importantes finances publiques de notre Etat (et non de notre r\u00e9gime, comme le sien), ce qui nous aurait permis d\u2019avoir un site beaucoup plus riche, plus actif, et \u00e9galant au moins celui des organisations de presse vendues \u00e0 la finance internationale, \u00e0 l\u2019image de la FIDH, de la LDH, ou encore de leur radio M. Et par la m\u00eame occasion, on aurait bien aim\u00e9 \u00e9changer les budgets avec les sites de fonctionnement de la LDH fran\u00e7aise, au regard des capitaux brass\u00e9s par ces structures \u00ab droits de \u00a0l\u2019houmiste \u00bb.<\/p>\n<p>Rachid M\u2019Barki n\u2019\u00e9marge pas chez nous, et nous ne b\u00e9n\u00e9ficions pas de la manne de presque\u00a0 2 milliards d\u2019euros (sur un total de plus de 5 milliards) d\u00e9bloqu\u00e9e gratuitement en 2020, par le r\u00e9gime d\u2019E. Macron pour les m\u00e9dias en France.<\/p>\n<p><img fetchpriority=\"high\" decoding=\"async\" class=\"alignnone  wp-image-35692 lazyloaded td-animation-stack-type0-2\" src=\"https:\/\/algerie54.dz\/wp-content\/uploads\/2023\/03\/Soutiens-de-la-FIDH-249x300.jpg\" alt=\"\" width=\"797\" height=\"960\" data-lazy-srcset=\"https:\/\/algerie54.dz\/wp-content\/uploads\/2023\/03\/Soutiens-de-la-FIDH-249x300.jpg 249w, https:\/\/algerie54.dz\/wp-content\/uploads\/2023\/03\/Soutiens-de-la-FIDH-850x1024.jpg 850w, https:\/\/algerie54.dz\/wp-content\/uploads\/2023\/03\/Soutiens-de-la-FIDH-768x925.jpg 768w, https:\/\/algerie54.dz\/wp-content\/uploads\/2023\/03\/Soutiens-de-la-FIDH-1276x1536.jpg 1276w, https:\/\/algerie54.dz\/wp-content\/uploads\/2023\/03\/Soutiens-de-la-FIDH-696x838.jpg 696w, https:\/\/algerie54.dz\/wp-content\/uploads\/2023\/03\/Soutiens-de-la-FIDH-1068x1286.jpg 1068w, https:\/\/algerie54.dz\/wp-content\/uploads\/2023\/03\/Soutiens-de-la-FIDH-349x420.jpg 349w, https:\/\/algerie54.dz\/wp-content\/uploads\/2023\/03\/Soutiens-de-la-FIDH.jpg 1333w\" data-lazy-sizes=\"(max-width: 249px) 100vw, 249px\" data-lazy-src=\"https:\/\/algerie54.dz\/wp-content\/uploads\/2023\/03\/Soutiens-de-la-FIDH-249x300.jpg\" data-was-processed=\"true\" \/><\/p>\n<p>D\u2019autre part, puisque Patrick Baudouin, expert mondial des chaises musicales dans la sph\u00e8re politique tr\u00e8s prot\u00e9g\u00e9e des \u00ab\u00a0Droits de l\u2019Homme\u00a0\u00bb (vu qu\u2019il est pass\u00e9 de la Pr\u00e9sidence de la FIDH \u00e0 la pr\u00e9sidence de la LDH), est devenu un fid\u00e8le lecteur de notre site, il pourra alors nous expliquer, sans langue de bois et sans menaces, les soutiens dont b\u00e9n\u00e9ficie la multinationale (FIDH) des Droits de l\u2019Homme, par la Commission Europ\u00e9enne embourb\u00e9e dans des affaires de corruption, d\u2019Open Society Foundations de Georges Soros, de la Fondation du milliardaire Nicolas Puech (petit-fils d\u2019Emile Hem\u00e8s, le\u00a0 fondateur\u00a0 du groupe familial Herm\u00e8s International), de la Fondation MacArthur de l\u2019homme d\u2019affaires John et de sa femme Catherine, de TrustAfrica de la \u00ab\u00a0Ford Foundation\u00a0\u00bb qui infiltre l\u2019Afrique par la sombre \u00ab\u00a0soci\u00e9t\u00e9-civile\u00a0\u00bb \u00e0 partir de Dakar, de la tr\u00e8s grande fondation politique allemande\u00a0 Heinrich-B\u00f6ll, sans compter tous ses autres partenaires milliardaires ou institutionnels de divers pays occidentaux des Affaires Etrang\u00e8res, et autres. Parmi les soutiens de la FIDH, on a pu relever que beaucoup de bureaux de liaisons occidentaux sont situ\u00e9s \u00e0 Ta\u00efwan, dans la ville de Taipei.<\/p>\n<p>Voil\u00e0 donc les \u00ab\u00a0Droits de l\u2019Homme des affaires\u00a0\u00bb de la FIDH et de ses filiales du business, que soutiennent les richissimes personnages \u00e0 la t\u00eate des multinationales du business, et les organisations du monde capitaliste n\u00e9olib\u00e9ral. Pour sauver son capital, la bourgeoisie mondialis\u00e9e a trouv\u00e9 des partenaires commerciaux pour vendre la d\u00e9fense des \u00ab\u00a0droits de l\u2019Homme\u00a0\u00bb, dans le cadre des guerres de 4<sup>\u00e8me<\/sup>\u00a0g\u00e9n\u00e9ration, contre les pays du Sud. C\u2019est ce que Patrick Baudouin aurait du brandir pour convaincre son auditoire d\u00e9j\u00e0 acquis \u00e0 la cause du patron de la radio M de collaboration \u00e0 Alger, durant cette r\u00e9union entre amis.<\/p>\n<p><img decoding=\"async\" class=\"alignnone  wp-image-35694 lazyloaded td-animation-stack-type0-2\" src=\"https:\/\/algerie54.dz\/wp-content\/uploads\/2023\/03\/financement-FIDH-1-300x148.jpg\" alt=\"\" width=\"805\" height=\"397\" data-lazy-srcset=\"https:\/\/algerie54.dz\/wp-content\/uploads\/2023\/03\/financement-FIDH-1-300x148.jpg 300w, https:\/\/algerie54.dz\/wp-content\/uploads\/2023\/03\/financement-FIDH-1-1024x506.jpg 1024w, https:\/\/algerie54.dz\/wp-content\/uploads\/2023\/03\/financement-FIDH-1-768x379.jpg 768w, https:\/\/algerie54.dz\/wp-content\/uploads\/2023\/03\/financement-FIDH-1-324x160.jpg 324w, https:\/\/algerie54.dz\/wp-content\/uploads\/2023\/03\/financement-FIDH-1-533x261.jpg 533w, https:\/\/algerie54.dz\/wp-content\/uploads\/2023\/03\/financement-FIDH-1-696x344.jpg 696w, https:\/\/algerie54.dz\/wp-content\/uploads\/2023\/03\/financement-FIDH-1-1068x527.jpg 1068w, https:\/\/algerie54.dz\/wp-content\/uploads\/2023\/03\/financement-FIDH-1-851x420.jpg 851w, https:\/\/algerie54.dz\/wp-content\/uploads\/2023\/03\/financement-FIDH-1.jpg 1126w\" data-lazy-sizes=\"(max-width: 300px) 100vw, 300px\" data-lazy-src=\"https:\/\/algerie54.dz\/wp-content\/uploads\/2023\/03\/financement-FIDH-1-300x148.jpg\" data-was-processed=\"true\" \/><\/p>\n<p>Le rapport financier publi\u00e9 par la FIDH, sur son propre site, pour l\u2019ann\u00e9e 2020\/2021,\u00a0 \u00e9num\u00e8re les bailleurs de fonds de cette organisation, et les subventions allou\u00e9es pour un total de : 16 281 281 \u20ac. On retrouve la Commission Europ\u00e9enne, gangren\u00e9e par la corruption (avec plus de 4 millions d\u2019euros), l\u2019AFD (Agence Fran\u00e7aise de D\u00e9veloppement, organe de financement de la propagande du Quai d\u2019Orsay), avec presque 3 millions d\u2019euros restant (\u00e0 utiliser) pour 2021, un bailleur appel\u00e9 SIDA ( ?) avec presque 5 millions d\u2019euros, la Fondation Nicolas Puech (groupe familial Herm\u00e8s International), la fameuse organisation d\u2019exportation de la d\u00e9mocratie \u2013 Freedom House-, deux fondations anonymes qui apportent plus de 500 000 euros ! Et m\u00eame CARREFOUR (les magasins ?) apporte sa contribution \u00e0 hauteur de 30 000 \u20ac.\u00a0\u00a0\u00a0 Et ce n\u2019est pas A\u00efssa Rahmoune, d\u00e9sign\u00e9 vice\/pr\u00e9sident de leur FIDH, qui d\u00e9clare sur l\u2019une de ses pages Facebook qu\u2019il est salari\u00e9 chez Meta, la soci\u00e9t\u00e9 de Mark Zuckerberg, l\u2019un des g\u00e9ants du Web (Facebook, Instagram, WatsApp et Oculus VR) regroup\u00e9s sous l\u2019acronyme GAFAM, aux c\u00f4t\u00e9s de Google, Apple, Amazon et Microsoft, qui va nous d\u00e9mentir.<\/p>\n<p><img loading=\"lazy\" decoding=\"async\" class=\"alignnone  wp-image-35693 td-animation-stack-type0-2 lazyloaded\" src=\"https:\/\/algerie54.dz\/wp-content\/uploads\/2023\/03\/LDH-open-society-300x248.jpg\" alt=\"\" width=\"790\" height=\"653\" data-lazy-srcset=\"https:\/\/algerie54.dz\/wp-content\/uploads\/2023\/03\/LDH-open-society-300x248.jpg 300w, https:\/\/algerie54.dz\/wp-content\/uploads\/2023\/03\/LDH-open-society-768x634.jpg 768w, https:\/\/algerie54.dz\/wp-content\/uploads\/2023\/03\/LDH-open-society-696x574.jpg 696w, https:\/\/algerie54.dz\/wp-content\/uploads\/2023\/03\/LDH-open-society-509x420.jpg 509w, https:\/\/algerie54.dz\/wp-content\/uploads\/2023\/03\/LDH-open-society.jpg 790w\" data-lazy-sizes=\"(max-width: 300px) 100vw, 300px\" data-lazy-src=\"https:\/\/algerie54.dz\/wp-content\/uploads\/2023\/03\/LDH-open-society-300x248.jpg\" data-was-processed=\"true\" \/><\/p>\n<p>La LDH ne montre pas non plus une rigueur accrue dans la gestion de ses ressources, puisqu\u2019elle a \u00e9t\u00e9 \u00e9pingl\u00e9e par la Cour des Comptes. Cette derni\u00e8re, dans son rapport dat\u00e9 de f\u00e9vrier 2021, examin\u00e9 le 7 janvier 2021 (sur la base du d\u00e9lib\u00e9r\u00e9 du 24 juin 2020 par la quatri\u00e8me chambre de la Cour des Comptes, pr\u00e9sid\u00e9e par M. Rolland) relatif \u00e0 l\u2019exercice comptable 2013-2018. Parmi toutes les d\u00e9faillances relev\u00e9es par la Cour des Comptes, on peut noter le manque de rigueur des proc\u00e9dures suivies par la LDH pour la gestion des dons et legs, l\u2019\u00e9laboration du compte d\u2019emploi des ressources de l\u2019association et du fonds de dotation, qui lui est attach\u00e9.<\/p>\n<p>Dans ce m\u00eame rapport, il est indiqu\u00e9 \u00e0 la page 28 que la LDH a b\u00e9n\u00e9ficie de financements priv\u00e9s, notamment du fonds de dotation du Barreau de Paris\u00a0; et, en 2017, de la fondation internationale Open society de Georges Soros.<\/p>\n<p>A l\u2019issue de ce contr\u00f4le de la LDH, la Cour des Comptes a \u00e9mis trois r\u00e9serves :<\/p>\n<ul>\n<li>Les comptes d\u2019emploi des ressources collect\u00e9es n\u2019ont pas respect\u00e9 les dispositions<br \/>\nr\u00e9glementaires en vigueur, au cours des exercices contr\u00f4l\u00e9s\u00a0; et les annexes aux comptes<br \/>\npr\u00e9vues par le r\u00e8glement comptable n\u2019ont pas \u00e9t\u00e9 syst\u00e9matiquement publi\u00e9es\u00a0;<\/li>\n<li>Le suivi-comptable analytique reste incomplet, car il n\u2019existe que pour les charges et<br \/>\nproduits relevant du si\u00e8ge, les charges assum\u00e9es par les sections locales n\u2019\u00e9tant pas r\u00e9parties<br \/>\nde mani\u00e8re analytique mais globalis\u00e9e ;<\/li>\n<li>Les supports de communication ne mentionnent pas le soutien apport\u00e9 aux actions de<br \/>\nl\u2019Association europ\u00e9enne des Droits de l\u2019Homme (AEDH) ; et les supports de campagne de collectes ne mentionnent pas l\u2019articulation entre la LDH et l\u2019AEDH.<\/li>\n<\/ul>\n<p>Au passage, notons que l\u2019AEDH (qui est en r\u00e9alit\u00e9 la m\u00eame ligne qu\u2019Euromed Rights) est l\u2019un des nombreux r\u00e9seaux arm\u00e9s des Droits de l\u2019Homme, dont l\u2019acharnement visc\u00e9ral contre l\u2019Alg\u00e9rie n\u2019est plus \u00e0 d\u00e9montrer,\u00a0 et o\u00f9 l\u2019on retrouve en tant que membres : la LADDH de Sa\u00efd Salhi, le CFDA (Collectif des Familles de Disparus en Alg\u00e9rie) et le SNAPAP (Syndicat artificiel de \u00a0Rachid Malaoui).<\/p>\n<p>Dans ses conclusions, la Cour des Comptes a \u00e9mis 9 recommandations, dont\u00a0 4 concernent la gestion de l\u2019association, et 5 autres relatives aux appels publics \u00e0 la g\u00e9n\u00e9rosit\u00e9.<\/p>\n<p><img loading=\"lazy\" decoding=\"async\" class=\"alignnone  wp-image-35695 td-animation-stack-type0-2 lazyloaded\" src=\"https:\/\/algerie54.dz\/wp-content\/uploads\/2023\/03\/Euromed-2-300x290.jpg\" alt=\"\" width=\"821\" height=\"794\" data-lazy-srcset=\"https:\/\/algerie54.dz\/wp-content\/uploads\/2023\/03\/Euromed-2-300x290.jpg 300w, https:\/\/algerie54.dz\/wp-content\/uploads\/2023\/03\/Euromed-2-1024x990.jpg 1024w, https:\/\/algerie54.dz\/wp-content\/uploads\/2023\/03\/Euromed-2-768x742.jpg 768w, https:\/\/algerie54.dz\/wp-content\/uploads\/2023\/03\/Euromed-2-696x673.jpg 696w, https:\/\/algerie54.dz\/wp-content\/uploads\/2023\/03\/Euromed-2-1068x1032.jpg 1068w, https:\/\/algerie54.dz\/wp-content\/uploads\/2023\/03\/Euromed-2-435x420.jpg 435w, https:\/\/algerie54.dz\/wp-content\/uploads\/2023\/03\/Euromed-2.jpg 1282w\" data-lazy-sizes=\"(max-width: 300px) 100vw, 300px\" data-lazy-src=\"https:\/\/algerie54.dz\/wp-content\/uploads\/2023\/03\/Euromed-2-300x290.jpg\" data-was-processed=\"true\" \/><\/p>\n<p>Si sur le plan financier, comme on vient de le voir, la LDH et la FIDH sont financ\u00e9es par les grandes fondations philanthropiques, cr\u00e9\u00e9es par des milliardaires du monde capitaliste (afin de mettre en p\u00e9ril l\u2019int\u00e9r\u00eat collectif au profit de richissimes entit\u00e9s priv\u00e9es \u00e0 l\u2019\u00e9chelle mondiale), sur le plan id\u00e9ologique\u00a0: ce n\u2019est pas mieux\u00a0! Au-del\u00e0 du fait que leurs repr\u00e9sentants s\u2019affichent ostensiblement (comme d\u2019ailleurs toute la gauche fran\u00e7aise) devant le drapeau identitaire de Jacques B\u00e9net, fabriqu\u00e9 par la France coloniale pour maintenir le peuple alg\u00e9rien en laisse, ils n\u2019ont aucun mal \u00e0 s\u2019associer avec les groupes \u00a0\u00ab\u00a0berb\u00e9ro-terroristes\u00a0\u00bb en Alg\u00e9rie.<\/p>\n<p><img loading=\"lazy\" decoding=\"async\" class=\"alignnone size-medium wp-image-35696 lazyloaded td-animation-stack-type0-2\" src=\"https:\/\/algerie54.dz\/wp-content\/uploads\/2023\/03\/Ait-Djoudi-Ferhat-170x300.jpg\" alt=\"\" width=\"170\" height=\"300\" data-lazy-srcset=\"https:\/\/algerie54.dz\/wp-content\/uploads\/2023\/03\/Ait-Djoudi-Ferhat-170x300.jpg 170w, https:\/\/algerie54.dz\/wp-content\/uploads\/2023\/03\/Ait-Djoudi-Ferhat.jpg 171w\" data-lazy-sizes=\"(max-width: 170px) 100vw, 170px\" data-lazy-src=\"https:\/\/algerie54.dz\/wp-content\/uploads\/2023\/03\/Ait-Djoudi-Ferhat-170x300.jpg\" data-was-processed=\"true\" \/><\/p>\n<p>Le groupuscule\u00a0 \u00ab\u00a0Riposte Internationale\u00a0\u00bb, qui s\u2019active en France pour l\u2019effondrement de l\u2019Alg\u00e9rie, en appelant \u00e0 l\u2019intervention de l\u2019OTAN,\u00a0 est dirig\u00e9 par Ali Ait-Djoudi, un partenaire des terroristes du \u00ab\u00a0MAK\u00a0\u00bb, comme l\u2019a d\u00e9montr\u00e9 le docteur A. Bensaada, dans son excellent travail, que nous avons\u00a0<a href=\"https:\/\/algerie54.dz\/2022\/10\/07\/exportation-de-la-democratie-4\/\">publi\u00e9 le 7 octobre 2022<\/a>.<\/p>\n<p><img loading=\"lazy\" decoding=\"async\" class=\"alignnone size-medium wp-image-35697 lazyloaded td-animation-stack-type0-2\" src=\"https:\/\/algerie54.dz\/wp-content\/uploads\/2023\/03\/Yazid-Temim-et-Kader-Dahmani-300x86.jpg\" alt=\"\" width=\"300\" height=\"86\" data-lazy-srcset=\"https:\/\/algerie54.dz\/wp-content\/uploads\/2023\/03\/Yazid-Temim-et-Kader-Dahmani-300x86.jpg 300w, https:\/\/algerie54.dz\/wp-content\/uploads\/2023\/03\/Yazid-Temim-et-Kader-Dahmani.jpg 583w\" data-lazy-sizes=\"(max-width: 300px) 100vw, 300px\" data-lazy-src=\"https:\/\/algerie54.dz\/wp-content\/uploads\/2023\/03\/Yazid-Temim-et-Kader-Dahmani-300x86.jpg\" data-was-processed=\"true\" \/><\/p>\n<p>Le travail de propagande de ces \u00ab\u00a0n\u00e9buleuses du chaos\u00a0\u00bb est assur\u00e9 principalement par Ahmed Dahmani et Yazid Temim, de pr\u00e9tendus d\u00e9fenseurs des Droits de l\u2019Homme au sein de la LDH, qui auraient \u00e9t\u00e9 pris en flagrant d\u00e9lit de racolage contre le peuple alg\u00e9rien, au dernier congr\u00e8s (du 4 au 6 juin 2022) de cette organisation \u00e0 Marseille, qui a vu d\u2019ailleurs \u00a0la d\u00e9signation de Patrick Baudoin, pr\u00e9sident d\u2019honneur de la FIDH,\u00a0 \u00e0 la t\u00eate de la LDH.<\/p>\n<p>Sur l\u2019injure \u00a0de \u00ab\u00a0caniveau\u00a0\u00bb, que nous serions aux yeux de Patrick Baudouin, l\u2019acharn\u00e9 contre l\u2019Alg\u00e9rie, nous voulons juste lui rappeler que ces groupes terroristes sont ceux qui ont particip\u00e9 \u00e0 la grande messe islamophobe du \u00ab\u00a0choc des civilisations\u00a0\u00bb de toute l\u2019extr\u00eame droite europ\u00e9enne, \u00e0 l\u2019Espace Charenton, dans le XII<sup>\u00e8me<\/sup>\u00a0arrondissement de Paris, le 18 d\u00e9cembre 2010. Aux manettes de ces assises de la haine des Musulmans, on trouve la cr\u00e8me de l\u2019extr\u00eame-droite fran\u00e7aise\u00a0: Riposte La\u00efque et le Bloc identitaire, les cr\u00e9ateurs des ap\u00e9ros saucisson-pinard.<\/p>\n<p>La LDH ne devrait pas avoir besoin de ces interm\u00e9diaires haineux envers le peuple alg\u00e9rien, pour s\u2019associer \u00e0 l\u2019extr\u00eame-droite fran\u00e7aise.<\/p>\n<p><img loading=\"lazy\" decoding=\"async\" class=\"alignnone size-medium wp-image-35698 lazyloaded td-animation-stack-type0-2\" src=\"https:\/\/algerie54.dz\/wp-content\/uploads\/2023\/03\/malika-rahal-ali-guenoun-gilles-manceron-300x173.jpg\" alt=\"\" width=\"300\" height=\"173\" data-lazy-srcset=\"https:\/\/algerie54.dz\/wp-content\/uploads\/2023\/03\/malika-rahal-ali-guenoun-gilles-manceron-300x173.jpg 300w, https:\/\/algerie54.dz\/wp-content\/uploads\/2023\/03\/malika-rahal-ali-guenoun-gilles-manceron-1024x589.jpg 1024w, https:\/\/algerie54.dz\/wp-content\/uploads\/2023\/03\/malika-rahal-ali-guenoun-gilles-manceron-768x442.jpg 768w, https:\/\/algerie54.dz\/wp-content\/uploads\/2023\/03\/malika-rahal-ali-guenoun-gilles-manceron-696x400.jpg 696w, https:\/\/algerie54.dz\/wp-content\/uploads\/2023\/03\/malika-rahal-ali-guenoun-gilles-manceron-1068x615.jpg 1068w, https:\/\/algerie54.dz\/wp-content\/uploads\/2023\/03\/malika-rahal-ali-guenoun-gilles-manceron-730x420.jpg 730w, https:\/\/algerie54.dz\/wp-content\/uploads\/2023\/03\/malika-rahal-ali-guenoun-gilles-manceron.jpg 1286w\" data-lazy-sizes=\"(max-width: 300px) 100vw, 300px\" data-lazy-src=\"https:\/\/algerie54.dz\/wp-content\/uploads\/2023\/03\/malika-rahal-ali-guenoun-gilles-manceron-300x173.jpg\" data-was-processed=\"true\" \/><\/p>\n<p>Ce n\u2019est certainement pas Gilles Manceron, sp\u00e9cialis\u00e9 lui aussi sur l\u2019Alg\u00e9rie, et membre du comit\u00e9 national de la LDH, qui nous d\u00e9mentira, lui qui anime avec Fran\u00e7ois G\u00e8ze (le d\u00e9fenseur des islamistes et de la th\u00e9orie complotiste \u00ab\u00a0Qui tu qui\u00a0?\u00a0\u00bb ) le site histoirecoloniale.net, ancien site ldh-toulon.net. Il organise des conf\u00e9rences avec\u00a0<a href=\"https:\/\/www.youtube.com\/watch?v=ps9x4H3aCn8\">Ali Guennoun<\/a>, un pro-d\u00e9fenseur de l\u2019organisation terroriste du MAK et avec\u00a0<a href=\"https:\/\/www.cairn.info\/revue-maghreb-machrek-2020-2-page-5.htm\">\u00a0Malika Rahal<\/a>, la partenaire de Ali Bensaad, qui a organis\u00e9 la<a href=\"https:\/\/algerie54.dz\/2021\/12\/23\/neocolonisation-14\/\">\u00a0conf\u00e9rence<\/a>\u00a0\u00e0 l\u2019IFG (institut Fran\u00e7ais de G\u00e9ostrat\u00e9gie), comme nous avons d\u00e9j\u00e0 eu\u00a0<a href=\"https:\/\/algerie54.dz\/2023\/01\/20\/cca-conference\/\">l\u2019occasion de le d\u00e9noncer<\/a>\u00a0le 20 janvier 2023.<\/p>\n<p>Avec ce tableau des graves d\u00e9rives de ces organisations des \u00ab\u00a0droits de l\u2019hommiste\u00a0\u00bb,\u00a0 en plus de ses proc\u00e8s perdus contre l\u2019arm\u00e9e alg\u00e9rienne, contre des patriotes alg\u00e9riens (qui ont d\u00e9fendus la population contre les terroristes islamistes), contre les militants BDS (Boycott-D\u00e9sinvestiment-Sanctions) aux c\u00f4t\u00e9s de l\u2019extr\u00eame-droite franco-isra\u00e9lienne, du viol \u00e9touff\u00e9 par la LDH, du d\u00e9sengagement de la LDH en France du collectif national pour une paix juste et durable entre Palestiniens et Isra\u00e9liens,\u00a0 la LDH et sa maison m\u00e8re la FIDH (financ\u00e9es par les maisons philanthropiques de la bourgeoisie mondialis\u00e9e) vont probablement continuer \u00e0 se consid\u00e9rer comme promotrices du \u00ab\u00a0business\u00a0\u00bb des valeurs des \u00ab\u00a0Droits de l\u2019Homme\u00a0 des affaires\u00bb au profit de la finance internationale\u00a0!<\/p>\n<p>https:\/\/algerie54.dz\/2023\/03\/02\/neocolonisation-droits-de-lhomme\/<\/p>\n","protected":false},"excerpt":{"rendered":"<p>Par: Mehdi Messaoudi La multiplication des attaques m\u00e9diatiques arborant les valeurs d\u00e9tourn\u00e9es des droits de l\u2019hommiste et la libert\u00e9 d\u2019expression comme arme&hellip;<\/p>\n","protected":false},"author":1,"featured_media":71510,"comment_status":"open","ping_status":"open","sticky":false,"template":"","format":"standard","meta":{"_lmt_disableupdate":"","_lmt_disable":"","footnotes":""},"categories":[49],"tags":[],"class_list":["post-71508","post","type-post","status-publish","format-standard","has-post-thumbnail","hentry","category-politique"],"yoast_head":"<!-- This site is optimized with the Yoast SEO plugin v27.3 - https:\/\/yoast.com\/product\/yoast-seo-wordpress\/ -->\n<title>Le business des Droits de l\u2019Homme : La LDH et la FIDH au service du grand Capital - AAH.JZR<\/title>\n<meta name=\"robots\" content=\"index, follow, max-snippet:-1, max-image-preview:large, max-video-preview:-1\" \/>\n<link rel=\"canonical\" href=\"https:\/\/jazairhope.org\/fr\/le-business-des-droits-de-lhomme-la-ldh-et-la-fidh-au-service-du-grand-capital\/\" \/>\n<meta property=\"og:locale\" content=\"fr_FR\" \/>\n<meta property=\"og:type\" content=\"article\" \/>\n<meta property=\"og:title\" content=\"Le business des Droits de l\u2019Homme : La LDH et la FIDH au service du grand Capital - AAH.JZR\" \/>\n<meta property=\"og:description\" content=\"Par: Mehdi Messaoudi La multiplication des attaques m\u00e9diatiques arborant les valeurs d\u00e9tourn\u00e9es des droits de l\u2019hommiste et la libert\u00e9 d\u2019expression comme arme&hellip;\" \/>\n<meta property=\"og:url\" content=\"https:\/\/jazairhope.org\/fr\/le-business-des-droits-de-lhomme-la-ldh-et-la-fidh-au-service-du-grand-capital\/\" \/>\n<meta property=\"og:site_name\" content=\"AAH.JZR\" \/>\n<meta property=\"article:publisher\" content=\"https:\/\/www.facebook.com\/jazairhope\" \/>\n<meta property=\"article:published_time\" content=\"2023-03-03T23:05:19+00:00\" \/>\n<meta property=\"og:image\" content=\"https:\/\/jazairhope.org\/wp-content\/uploads\/2023\/03\/LDH-FIDH-696x465.jpg\" \/>\n\t<meta property=\"og:image:width\" content=\"696\" \/>\n\t<meta property=\"og:image:height\" content=\"465\" \/>\n\t<meta property=\"og:image:type\" content=\"image\/jpeg\" \/>\n<meta name=\"author\" content=\"Ssuperadmin\" \/>\n<meta name=\"twitter:card\" content=\"summary_large_image\" \/>\n<meta name=\"twitter:label1\" content=\"\u00c9crit par\" \/>\n\t<meta name=\"twitter:data1\" content=\"Ssuperadmin\" \/>\n\t<meta name=\"twitter:label2\" content=\"Dur\u00e9e de lecture estim\u00e9e\" \/>\n\t<meta name=\"twitter:data2\" content=\"11 minutes\" \/>\n<script type=\"application\/ld+json\" class=\"yoast-schema-graph\">{\"@context\":\"https:\\\/\\\/schema.org\",\"@graph\":[{\"@type\":\"Article\",\"@id\":\"https:\\\/\\\/jazairhope.org\\\/fr\\\/le-business-des-droits-de-lhomme-la-ldh-et-la-fidh-au-service-du-grand-capital\\\/#article\",\"isPartOf\":{\"@id\":\"https:\\\/\\\/jazairhope.org\\\/fr\\\/le-business-des-droits-de-lhomme-la-ldh-et-la-fidh-au-service-du-grand-capital\\\/\"},\"author\":{\"name\":\"Ssuperadmin\",\"@id\":\"https:\\\/\\\/jazairhope.org\\\/fr\\\/#\\\/schema\\\/person\\\/43650ebd889d8960700b5456ed9264c4\"},\"headline\":\"Le business des Droits de l\u2019Homme : La LDH et la FIDH au service du grand Capital\",\"datePublished\":\"2023-03-03T23:05:19+00:00\",\"mainEntityOfPage\":{\"@id\":\"https:\\\/\\\/jazairhope.org\\\/fr\\\/le-business-des-droits-de-lhomme-la-ldh-et-la-fidh-au-service-du-grand-capital\\\/\"},\"wordCount\":2425,\"commentCount\":0,\"image\":{\"@id\":\"https:\\\/\\\/jazairhope.org\\\/fr\\\/le-business-des-droits-de-lhomme-la-ldh-et-la-fidh-au-service-du-grand-capital\\\/#primaryimage\"},\"thumbnailUrl\":\"https:\\\/\\\/jazairhope.org\\\/wp-content\\\/uploads\\\/2023\\\/03\\\/LDH-FIDH-696x465.jpg\",\"articleSection\":[\"Politique\"],\"inLanguage\":\"fr-FR\",\"potentialAction\":[{\"@type\":\"CommentAction\",\"name\":\"Comment\",\"target\":[\"https:\\\/\\\/jazairhope.org\\\/fr\\\/le-business-des-droits-de-lhomme-la-ldh-et-la-fidh-au-service-du-grand-capital\\\/#respond\"]}]},{\"@type\":\"WebPage\",\"@id\":\"https:\\\/\\\/jazairhope.org\\\/fr\\\/le-business-des-droits-de-lhomme-la-ldh-et-la-fidh-au-service-du-grand-capital\\\/\",\"url\":\"https:\\\/\\\/jazairhope.org\\\/fr\\\/le-business-des-droits-de-lhomme-la-ldh-et-la-fidh-au-service-du-grand-capital\\\/\",\"name\":\"Le business des Droits de l\u2019Homme : La LDH et la FIDH au service du grand Capital - AAH.JZR\",\"isPartOf\":{\"@id\":\"https:\\\/\\\/jazairhope.org\\\/fr\\\/#website\"},\"primaryImageOfPage\":{\"@id\":\"https:\\\/\\\/jazairhope.org\\\/fr\\\/le-business-des-droits-de-lhomme-la-ldh-et-la-fidh-au-service-du-grand-capital\\\/#primaryimage\"},\"image\":{\"@id\":\"https:\\\/\\\/jazairhope.org\\\/fr\\\/le-business-des-droits-de-lhomme-la-ldh-et-la-fidh-au-service-du-grand-capital\\\/#primaryimage\"},\"thumbnailUrl\":\"https:\\\/\\\/jazairhope.org\\\/wp-content\\\/uploads\\\/2023\\\/03\\\/LDH-FIDH-696x465.jpg\",\"datePublished\":\"2023-03-03T23:05:19+00:00\",\"author\":{\"@id\":\"https:\\\/\\\/jazairhope.org\\\/fr\\\/#\\\/schema\\\/person\\\/43650ebd889d8960700b5456ed9264c4\"},\"breadcrumb\":{\"@id\":\"https:\\\/\\\/jazairhope.org\\\/fr\\\/le-business-des-droits-de-lhomme-la-ldh-et-la-fidh-au-service-du-grand-capital\\\/#breadcrumb\"},\"inLanguage\":\"fr-FR\",\"potentialAction\":[{\"@type\":\"ReadAction\",\"target\":[\"https:\\\/\\\/jazairhope.org\\\/fr\\\/le-business-des-droits-de-lhomme-la-ldh-et-la-fidh-au-service-du-grand-capital\\\/\"]}]},{\"@type\":\"ImageObject\",\"inLanguage\":\"fr-FR\",\"@id\":\"https:\\\/\\\/jazairhope.org\\\/fr\\\/le-business-des-droits-de-lhomme-la-ldh-et-la-fidh-au-service-du-grand-capital\\\/#primaryimage\",\"url\":\"https:\\\/\\\/jazairhope.org\\\/wp-content\\\/uploads\\\/2023\\\/03\\\/LDH-FIDH-696x465.jpg\",\"contentUrl\":\"https:\\\/\\\/jazairhope.org\\\/wp-content\\\/uploads\\\/2023\\\/03\\\/LDH-FIDH-696x465.jpg\",\"width\":696,\"height\":465},{\"@type\":\"BreadcrumbList\",\"@id\":\"https:\\\/\\\/jazairhope.org\\\/fr\\\/le-business-des-droits-de-lhomme-la-ldh-et-la-fidh-au-service-du-grand-capital\\\/#breadcrumb\",\"itemListElement\":[{\"@type\":\"ListItem\",\"position\":1,\"name\":\"Accueil\",\"item\":\"https:\\\/\\\/jazairhope.org\\\/fr\\\/\"},{\"@type\":\"ListItem\",\"position\":2,\"name\":\"Le business des Droits de l\u2019Homme : La LDH et la FIDH au service du grand Capital\"}]},{\"@type\":\"WebSite\",\"@id\":\"https:\\\/\\\/jazairhope.org\\\/fr\\\/#website\",\"url\":\"https:\\\/\\\/jazairhope.org\\\/fr\\\/\",\"name\":\"AAH.JZR\",\"description\":\"Environment, Health, Science, Art, Economics\",\"potentialAction\":[{\"@type\":\"SearchAction\",\"target\":{\"@type\":\"EntryPoint\",\"urlTemplate\":\"https:\\\/\\\/jazairhope.org\\\/fr\\\/?s={search_term_string}\"},\"query-input\":{\"@type\":\"PropertyValueSpecification\",\"valueRequired\":true,\"valueName\":\"search_term_string\"}}],\"inLanguage\":\"fr-FR\"},{\"@type\":\"Person\",\"@id\":\"https:\\\/\\\/jazairhope.org\\\/fr\\\/#\\\/schema\\\/person\\\/43650ebd889d8960700b5456ed9264c4\",\"name\":\"Ssuperadmin\",\"image\":{\"@type\":\"ImageObject\",\"inLanguage\":\"fr-FR\",\"@id\":\"https:\\\/\\\/secure.gravatar.com\\\/avatar\\\/b4068e88b9c557952c81ca0efc4e11e19a2ed480173b8cef95a240894b16bf22?s=96&d=mm&r=g\",\"url\":\"https:\\\/\\\/secure.gravatar.com\\\/avatar\\\/b4068e88b9c557952c81ca0efc4e11e19a2ed480173b8cef95a240894b16bf22?s=96&d=mm&r=g\",\"contentUrl\":\"https:\\\/\\\/secure.gravatar.com\\\/avatar\\\/b4068e88b9c557952c81ca0efc4e11e19a2ed480173b8cef95a240894b16bf22?s=96&d=mm&r=g\",\"caption\":\"Ssuperadmin\"},\"sameAs\":[\"https:\\\/\\\/jazairhope.org\"],\"url\":\"https:\\\/\\\/jazairhope.org\\\/fr\\\/author\\\/superadmin\\\/\"}]}<\/script>\n<!-- \/ Yoast SEO plugin. -->","yoast_head_json":{"title":"Le business des Droits de l\u2019Homme : La LDH et la FIDH au service du grand Capital - AAH.JZR","robots":{"index":"index","follow":"follow","max-snippet":"max-snippet:-1","max-image-preview":"max-image-preview:large","max-video-preview":"max-video-preview:-1"},"canonical":"https:\/\/jazairhope.org\/fr\/le-business-des-droits-de-lhomme-la-ldh-et-la-fidh-au-service-du-grand-capital\/","og_locale":"fr_FR","og_type":"article","og_title":"Le business des Droits de l\u2019Homme : La LDH et la FIDH au service du grand Capital - AAH.JZR","og_description":"Par: Mehdi Messaoudi La multiplication des attaques m\u00e9diatiques arborant les valeurs d\u00e9tourn\u00e9es des droits de l\u2019hommiste et la libert\u00e9 d\u2019expression comme arme&hellip;","og_url":"https:\/\/jazairhope.org\/fr\/le-business-des-droits-de-lhomme-la-ldh-et-la-fidh-au-service-du-grand-capital\/","og_site_name":"AAH.JZR","article_publisher":"https:\/\/www.facebook.com\/jazairhope","article_published_time":"2023-03-03T23:05:19+00:00","og_image":[{"width":696,"height":465,"url":"https:\/\/jazairhope.org\/wp-content\/uploads\/2023\/03\/LDH-FIDH-696x465.jpg","type":"image\/jpeg"}],"author":"Ssuperadmin","twitter_card":"summary_large_image","twitter_misc":{"\u00c9crit par":"Ssuperadmin","Dur\u00e9e de lecture estim\u00e9e":"11 minutes"},"schema":{"@context":"https:\/\/schema.org","@graph":[{"@type":"Article","@id":"https:\/\/jazairhope.org\/fr\/le-business-des-droits-de-lhomme-la-ldh-et-la-fidh-au-service-du-grand-capital\/#article","isPartOf":{"@id":"https:\/\/jazairhope.org\/fr\/le-business-des-droits-de-lhomme-la-ldh-et-la-fidh-au-service-du-grand-capital\/"},"author":{"name":"Ssuperadmin","@id":"https:\/\/jazairhope.org\/fr\/#\/schema\/person\/43650ebd889d8960700b5456ed9264c4"},"headline":"Le business des Droits de l\u2019Homme : La LDH et la FIDH au service du grand Capital","datePublished":"2023-03-03T23:05:19+00:00","mainEntityOfPage":{"@id":"https:\/\/jazairhope.org\/fr\/le-business-des-droits-de-lhomme-la-ldh-et-la-fidh-au-service-du-grand-capital\/"},"wordCount":2425,"commentCount":0,"image":{"@id":"https:\/\/jazairhope.org\/fr\/le-business-des-droits-de-lhomme-la-ldh-et-la-fidh-au-service-du-grand-capital\/#primaryimage"},"thumbnailUrl":"https:\/\/jazairhope.org\/wp-content\/uploads\/2023\/03\/LDH-FIDH-696x465.jpg","articleSection":["Politique"],"inLanguage":"fr-FR","potentialAction":[{"@type":"CommentAction","name":"Comment","target":["https:\/\/jazairhope.org\/fr\/le-business-des-droits-de-lhomme-la-ldh-et-la-fidh-au-service-du-grand-capital\/#respond"]}]},{"@type":"WebPage","@id":"https:\/\/jazairhope.org\/fr\/le-business-des-droits-de-lhomme-la-ldh-et-la-fidh-au-service-du-grand-capital\/","url":"https:\/\/jazairhope.org\/fr\/le-business-des-droits-de-lhomme-la-ldh-et-la-fidh-au-service-du-grand-capital\/","name":"Le business des Droits de l\u2019Homme : La LDH et la FIDH au service du grand Capital - AAH.JZR","isPartOf":{"@id":"https:\/\/jazairhope.org\/fr\/#website"},"primaryImageOfPage":{"@id":"https:\/\/jazairhope.org\/fr\/le-business-des-droits-de-lhomme-la-ldh-et-la-fidh-au-service-du-grand-capital\/#primaryimage"},"image":{"@id":"https:\/\/jazairhope.org\/fr\/le-business-des-droits-de-lhomme-la-ldh-et-la-fidh-au-service-du-grand-capital\/#primaryimage"},"thumbnailUrl":"https:\/\/jazairhope.org\/wp-content\/uploads\/2023\/03\/LDH-FIDH-696x465.jpg","datePublished":"2023-03-03T23:05:19+00:00","author":{"@id":"https:\/\/jazairhope.org\/fr\/#\/schema\/person\/43650ebd889d8960700b5456ed9264c4"},"breadcrumb":{"@id":"https:\/\/jazairhope.org\/fr\/le-business-des-droits-de-lhomme-la-ldh-et-la-fidh-au-service-du-grand-capital\/#breadcrumb"},"inLanguage":"fr-FR","potentialAction":[{"@type":"ReadAction","target":["https:\/\/jazairhope.org\/fr\/le-business-des-droits-de-lhomme-la-ldh-et-la-fidh-au-service-du-grand-capital\/"]}]},{"@type":"ImageObject","inLanguage":"fr-FR","@id":"https:\/\/jazairhope.org\/fr\/le-business-des-droits-de-lhomme-la-ldh-et-la-fidh-au-service-du-grand-capital\/#primaryimage","url":"https:\/\/jazairhope.org\/wp-content\/uploads\/2023\/03\/LDH-FIDH-696x465.jpg","contentUrl":"https:\/\/jazairhope.org\/wp-content\/uploads\/2023\/03\/LDH-FIDH-696x465.jpg","width":696,"height":465},{"@type":"BreadcrumbList","@id":"https:\/\/jazairhope.org\/fr\/le-business-des-droits-de-lhomme-la-ldh-et-la-fidh-au-service-du-grand-capital\/#breadcrumb","itemListElement":[{"@type":"ListItem","position":1,"name":"Accueil","item":"https:\/\/jazairhope.org\/fr\/"},{"@type":"ListItem","position":2,"name":"Le business des Droits de l\u2019Homme : La LDH et la FIDH au service du grand Capital"}]},{"@type":"WebSite","@id":"https:\/\/jazairhope.org\/fr\/#website","url":"https:\/\/jazairhope.org\/fr\/","name":"AAH.JZR","description":"Environment, Health, Science, Art, Economics","potentialAction":[{"@type":"SearchAction","target":{"@type":"EntryPoint","urlTemplate":"https:\/\/jazairhope.org\/fr\/?s={search_term_string}"},"query-input":{"@type":"PropertyValueSpecification","valueRequired":true,"valueName":"search_term_string"}}],"inLanguage":"fr-FR"},{"@type":"Person","@id":"https:\/\/jazairhope.org\/fr\/#\/schema\/person\/43650ebd889d8960700b5456ed9264c4","name":"Ssuperadmin","image":{"@type":"ImageObject","inLanguage":"fr-FR","@id":"https:\/\/secure.gravatar.com\/avatar\/b4068e88b9c557952c81ca0efc4e11e19a2ed480173b8cef95a240894b16bf22?s=96&d=mm&r=g","url":"https:\/\/secure.gravatar.com\/avatar\/b4068e88b9c557952c81ca0efc4e11e19a2ed480173b8cef95a240894b16bf22?s=96&d=mm&r=g","contentUrl":"https:\/\/secure.gravatar.com\/avatar\/b4068e88b9c557952c81ca0efc4e11e19a2ed480173b8cef95a240894b16bf22?s=96&d=mm&r=g","caption":"Ssuperadmin"},"sameAs":["https:\/\/jazairhope.org"],"url":"https:\/\/jazairhope.org\/fr\/author\/superadmin\/"}]}},"views":391,"_links":{"self":[{"href":"https:\/\/jazairhope.org\/fr\/wp-json\/wp\/v2\/posts\/71508","targetHints":{"allow":["GET"]}}],"collection":[{"href":"https:\/\/jazairhope.org\/fr\/wp-json\/wp\/v2\/posts"}],"about":[{"href":"https:\/\/jazairhope.org\/fr\/wp-json\/wp\/v2\/types\/post"}],"author":[{"embeddable":true,"href":"https:\/\/jazairhope.org\/fr\/wp-json\/wp\/v2\/users\/1"}],"replies":[{"embeddable":true,"href":"https:\/\/jazairhope.org\/fr\/wp-json\/wp\/v2\/comments?post=71508"}],"version-history":[{"count":3,"href":"https:\/\/jazairhope.org\/fr\/wp-json\/wp\/v2\/posts\/71508\/revisions"}],"predecessor-version":[{"id":71514,"href":"https:\/\/jazairhope.org\/fr\/wp-json\/wp\/v2\/posts\/71508\/revisions\/71514"}],"wp:featuredmedia":[{"embeddable":true,"href":"https:\/\/jazairhope.org\/fr\/wp-json\/wp\/v2\/media\/71510"}],"wp:attachment":[{"href":"https:\/\/jazairhope.org\/fr\/wp-json\/wp\/v2\/media?parent=71508"}],"wp:term":[{"taxonomy":"category","embeddable":true,"href":"https:\/\/jazairhope.org\/fr\/wp-json\/wp\/v2\/categories?post=71508"},{"taxonomy":"post_tag","embeddable":true,"href":"https:\/\/jazairhope.org\/fr\/wp-json\/wp\/v2\/tags?post=71508"}],"curies":[{"name":"wp","href":"https:\/\/api.w.org\/{rel}","templated":true}]}}