{"id":71516,"date":"2023-03-04T00:01:02","date_gmt":"2023-03-03T23:01:02","guid":{"rendered":"https:\/\/jazairhope.org\/?p=71516"},"modified":"2023-03-03T22:42:53","modified_gmt":"2023-03-03T21:42:53","slug":"une-marche-massive-des-migrants-dans-le-sahel-et-des-interrogations","status":"publish","type":"post","link":"https:\/\/jazairhope.org\/fr\/une-marche-massive-des-migrants-dans-le-sahel-et-des-interrogations\/","title":{"rendered":"Une marche massive des migrants dans le Sahel et des interrogations ?"},"content":{"rendered":"<h6><img decoding=\"async\" class=\"alignleft\" src=\"https:\/\/jazairhope.org\/wp-content\/uploads\/2022\/05\/Capture-16-300x297.png\" width=\"119\" height=\"118\" \/>Par <a href=\"https:\/\/www.facebook.com\/hassen.kacimi.1\">Mr Hassen Kacimi<\/a><\/h6>\n<p>Le spectacle d&#8217;une migration massive dans le Sahel ne doit pas laisser indiff\u00e9rent l&#8217;Union Africaine et les pays gros producteurs de migration, qui ne pourront b\u00e9n\u00e9ficier d&#8217;aucune compassion s&#8217;ils ne d\u00e9cident pas \u00e0 rapatrier leurs compatriotes, abandonn\u00e9s par les r\u00e9seaux de trafic des migrants, dans le d\u00e9sert du nord du Niger, le T\u00e9n\u00e9r\u00e9, le d\u00e9sert des d\u00e9serts, le cimeti\u00e8re \u00e0 ciel ouvert des migrants.<\/p>\n<p>La conclusion urgente d&#8217;accords de r\u00e9admission avec les pays de la CEDEAO doit permettre de prendre en charge ce dossier, sans provoquer de confrontations avec les autorit\u00e9s des pays d&#8217;accueil.<\/p>\n<p>Une telle confrontation est in\u00e9vitable si les pays producteurs de migration continuent de se complaire dans des d\u00e9clarations \u00e9motives, st\u00e9riles et creuses.<\/p>\n<p>Ce mouvement massif de population qui cherche \u00e0 venir s&#8217;installer, de mani\u00e8re ill\u00e9gale, sur des territoires \u00e9trangers, constitue une violation de la loi et une rupture de la s\u00e9curit\u00e9, mettant le migrant dans une situation d&#8217;ill\u00e9galit\u00e9 o\u00f9 sa s\u00e9curit\u00e9 et son int\u00e9grit\u00e9 sont menac\u00e9s.<\/p>\n<p>Ce qui est arriv\u00e9 en Tunisie, en Libye ou ailleurs, est le r\u00e9sultat d&#8217;une confrontation entre la migration et la s\u00e9curit\u00e9.<\/p>\n<p>La convention internationale sur les droits civils et politiques n&#8217;a jamais consacr\u00e9 le droit d&#8217;entrer librement sur le territoire d&#8217;un autre pays, mettant un terme aux pr\u00e9tentions des ONG de la Fondation Rothschild qui cherchent, au nom de la protection des migrants, \u00e0 remettre en cause ce principe d&#8217;ordre public, de droit international.<\/p>\n<p>Personne ne peut reprocher aux pays confront\u00e9s \u00e0 ce ph\u00e9nom\u00e8ne, de mani\u00e8re massive, de prendre des mesures pour emp\u00eacher des \u00e9trangers d&#8217;entrer sur leur territoire, de mani\u00e8re ill\u00e9gale.<\/p>\n<p>L&#8217;Union Europ\u00e9enne a cadenass\u00e9 ses fronti\u00e8res ext\u00e9rieures, transformant la m\u00e9diterran\u00e9e en cimeti\u00e8re des migrants.<\/p>\n<p>Plus de vingt millions de migrants abandonn\u00e9s et morts en M\u00e9diterran\u00e9e et personne ne crie au scandale, m\u00eames les pays de ces migrants qui se r\u00e9signent, comme une fatalit\u00e9, \u00e0 ce dramatique naufrage de leur population.<\/p>\n<p>En 2018 l&#8217;Angola a massivement expuls\u00e9, pour des raisons de s\u00e9curit\u00e9 et d&#8217;ordre public, plus de 500.000 Congolais<\/p>\n<p>Les op\u00e9rations d&#8217;expulsion se poursuivent dans plusieurs pays en Afrique, parfois pour des raisons de s\u00e9curit\u00e9, parfois pour des raisons \u00e9conomiques et parfois pour des raisons politiques, en raison de contentieux bilat\u00e9raux, tr\u00e8s graves.<\/p>\n<p>La d\u00e9tresse du migrant et les atteintes aux droits de l&#8217;homme na\u00eessent dans son pays d&#8217;origine, qui a \u00e9t\u00e9 incapable de r\u00e9pondre aux besoins d&#8217;une population et d&#8217;une jeunesse, abandonn\u00e9e \u00e0 son sort.<\/p>\n<p>C&#8217;est pourquoi, on ne comprend pas les d\u00e9clarations populistes et partiales, de certaines autorit\u00e9s politiques,destin\u00e9es \u00e0 la consommation interne, mettant sur la sc\u00e8ne publique un patriotisme mal plac\u00e9 et un discours haineux et raciste, fustigeant les autorit\u00e9s des pays d&#8217;accueil, pour masquer leur culpabilit\u00e9 et leur \u00e9chec, dans la prise en charge de la d\u00e9tresse de leurs compatriotes.<\/p>\n<p>Un nombre tr\u00e8s important de migrants qui entrent ill\u00e9galement dans un pays et qui organisent des marches non autoris\u00e9es, en affichant des slogans provoquants, d\u00e9fiant les autorit\u00e9s du pays o\u00f9 ils sont entr\u00e9s, est un acte politique grave et inacceptable.<\/p>\n<p>L&#8217;instrumentalisation des droits de l&#8217;homme, pour faire des pressions sur les Etats,devant provoquer le d\u00e9mantelement des fronti\u00e8res d&#8217;un pays, dans le but de laisser des \u00e9trangers entrer librement sur le territoire d&#8217;un pays, est condamnable au regard de la loi et des conventions internationales.<\/p>\n<p>Sur le plan continental, on commence \u00e0 percevoir une volont\u00e9 d\u00e9lib\u00e9r\u00e9e de vouloir cr\u00e9er des clivages entre certains pays du Maghreb, et des pays Africains, dans un sc\u00e9nario futur, devant renforcer le poids de l&#8217;entit\u00e9 sioniste, au sein de l&#8217;Unite Africaine.<\/p>\n<p>La grenade de la migration doit \u00eatre degoupill\u00e9e au plus vite, pour qu&#8217;elle ne nous explose pas au visage.<\/p>\n<p>On est tent\u00e9 de croire, que c&#8217;est les m\u00eames lobbys qui ont agit au parlement Europ\u00e9en et qui agissent sur le continent Africain.<\/p>\n<p>Le lobby qui agit au sein de l&#8217;organisation continentale Africaine et connu et \u00e0 ce sujet nous avons tout le loisir de penser qu&#8217;il y&#8217;a de tr\u00e9s fortes suspiscions de corruption, dans un scandale de l&#8217;Afrigate.<\/p>\n<p>L&#8217;attribution de la qualit\u00e9 d&#8217;observateur, au sein de l&#8217;UA, \u00e0 l&#8217;entit\u00e9 sioniste, ne s&#8217;est pas faite sans contrepartie, et cela constitue un \u00e9l\u00e9ment de ce puzzle subversif qui se d\u00e9ploie furtivement sur le terrain.<br \/>\n.<br \/>\nNous connaissons les r\u00e9seaux des droits de l&#8217;homme et les fondations sionistes qui les financent, pour instrumentaliser le dossier de la migration.<\/p>\n<p>En Afrique, nous avons plus de vingt millions d&#8217;une migration interne qui se redeploie massivement vers le nord, comme si un chef d&#8217;orchestre est \u00e0 la man\u0153uvre, pour leur indiquer le chemin \u00e0 suivre.<\/p>\n<p>Dans ce chemin de l&#8217;exil des migrants, les forces \u00e9trang\u00e8res et certains acteurs locaux sont l\u00e0 pour organiser les fili\u00e8res, baliser la route et prot\u00e9ger, par des groupes arm\u00e9s, ce commerce juteux, plus important que le trafic des armes et de la drogue, qui rapporte plus de 40 millions d&#8217;euros par an.<\/p>\n<p>Face \u00e0 ce ph\u00e9nom\u00e8ne subversif et dramatique, en m\u00eame temps, o\u00f9 des populations enti\u00e8res sont livr\u00e9es \u00e0 elles m\u00eames, l&#8217;Algerie a compris tous ces enjeux, et elle a d\u00e9cid\u00e9 d&#8217;agir, dans une situation de d\u00e9tresse humanitaire urgente sur le continent Africain, en d\u00e9gageant un milliards de dollars, \u00e0 l&#8217;agence Alg\u00e9rienne de coop\u00e9ration, pour soutenir les populations en d\u00e9tresse.<\/p>\n<p>Au m\u00eame moment, les Nations Unies n&#8217;arrivent pas \u00e0 mobiliser 1,3 milliards de dollars, pour soutenir les populations qui souffrent de famine.<\/p>\n<p>Ailleurs, l&#8217;occident continue de faire la guerre en Ukraine, et il a d\u00e9j\u00e0 d\u00e9pens\u00e9 plus de 200 milliards de dollars, qui ont \u00e9t\u00e9 vir\u00e9s dans les comptes des complexes militaro industriels.<\/p>\n<p>L&#8217;Algerie le champion de l&#8217;humanitaire en Afrique, est \u00e9ligible au prix Nobel des droits de l&#8217;homme !<\/p>\n<div dir=\"auto\">\n<h6 tabindex=\"-1\" data-thread-perm-id=\"thread-f:1679747815238234137\" data-legacy-thread-id=\"174fa9bcff837019\"><\/h6>\n<h6 id=\":qj\" class=\"hP\" tabindex=\"-1\" data-thread-perm-id=\"thread-f:1679747815238234137\" data-legacy-thread-id=\"174fa9bcff837019\"><strong>Biographie M. <a href=\"https:\/\/www.facebook.com\/hassen.kacimi.1\">Hassen Kacimi<\/a> :<\/strong><\/h6>\n<div dir=\"ltr\">\n<p><img decoding=\"async\" class=\"wp-image-52647 alignright\" src=\"https:\/\/jazairhope.org\/wp-content\/uploads\/2022\/05\/Capture-16-300x297.png\" alt=\"\" width=\"166\" height=\"164\" srcset=\"https:\/\/jazairhope.org\/wp-content\/uploads\/2022\/05\/Capture-16-300x297.png 300w, https:\/\/jazairhope.org\/wp-content\/uploads\/2022\/05\/Capture-16.png 330w\" sizes=\"(max-width: 166px) 100vw, 166px\" \/><\/p>\n<ul>\n<li aria-level=\"1\">Chef de bureau minist\u00e8re des transports- 1978 -1980<\/li>\n<li aria-level=\"1\">Charg\u00e9 de mission wilaya Tamanrasset, 1980 &#8211; 1984 .<\/li>\n<li aria-level=\"1\">1984 &#8211; 1998 &#8211; directeur administration territoriale<\/li>\n<li aria-level=\"1\">Sous directeur de la circulation des personnes, ministere de l\u2019inte\u0301rieur , 1998- 2008.<\/li>\n<li aria-level=\"1\">Directeur ministe\u0300re de l\u2019inte\u0301rieur, 2008 &#8211; premier trimestre 2020.<\/li>\n<li style=\"font-weight: 400;\" aria-level=\"1\">Pre\u0301sident du comite\u0301 interministe\u0301riel , charge\u0301 de l\u2019e\u0301tude et du suivi des proble\u0301matiques migratoires ( 2015 &#8211; premier trimestre 2020)<\/li>\n<li style=\"font-weight: 400;\" aria-level=\"1\">Gestion des crises au sein du centre op\u00e9rationnel ( 2015 &#8211; premier trimestre 2020)<\/li>\n<li>Repr\u00e9sentation de l&#8217;Alg\u00e9rie , \u00e0 l\u2019\u00e9tranger , en tant qu\u2019expert.<\/li>\n<li style=\"font-weight: 400;\" aria-level=\"1\"><span style=\"font-weight: 400;\">Expert international des flux migratoires, reconnu par des organisations onusiennes. <\/span><span style=\"font-weight: 400;\">Expert du Sahel et de la gestion des crises .<\/span><\/li>\n<li><span style=\"font-weight: 400;\">Plusieurs communications, \u00e0 l\u2019universit\u00e9 de sciences politiques et l\u2019\u00e9cole des sciences politiques, ainsi qu&#8217;<\/span><span style=\"font-weight: 400;\">\u00e0\u00a0 l\u2019\u00e9cole de guerre de Tamentfoust et l\u2019institut des \u00e9tudes strat\u00e9giques globales ( INESG )<\/span><\/li>\n<li><span style=\"font-weight: 400;\">Distinction de l\u2019institut f\u00e9d\u00e9ral allemand des hautes \u00e9tudes de s\u00e9curit\u00e9 .<\/span><\/li>\n<\/ul>\n<\/div>\n<\/div>\n","protected":false},"excerpt":{"rendered":"<p>Par Mr Hassen Kacimi Le spectacle d&#8217;une migration massive dans le Sahel ne doit pas laisser indiff\u00e9rent l&#8217;Union Africaine et les pays&hellip;<\/p>\n","protected":false},"author":50,"featured_media":71517,"comment_status":"open","ping_status":"open","sticky":false,"template":"","format":"standard","meta":{"_lmt_disableupdate":"","_lmt_disable":"","footnotes":""},"categories":[53,49],"tags":[],"class_list":["post-71516","post","type-post","status-publish","format-standard","has-post-thumbnail","hentry","category-le-sahara-algerien","category-politique"],"yoast_head":"<!-- This site is optimized with the Yoast SEO plugin v27.3 - https:\/\/yoast.com\/product\/yoast-seo-wordpress\/ -->\n<title>Une marche massive des migrants dans le Sahel et des interrogations ? - AAH.JZR<\/title>\n<meta name=\"robots\" content=\"index, follow, max-snippet:-1, max-image-preview:large, max-video-preview:-1\" \/>\n<link rel=\"canonical\" href=\"https:\/\/jazairhope.org\/fr\/une-marche-massive-des-migrants-dans-le-sahel-et-des-interrogations\/\" \/>\n<meta property=\"og:locale\" content=\"fr_FR\" \/>\n<meta property=\"og:type\" content=\"article\" \/>\n<meta property=\"og:title\" content=\"Une marche massive des migrants dans le Sahel et des interrogations ? - AAH.JZR\" \/>\n<meta property=\"og:description\" content=\"Par Mr Hassen Kacimi Le spectacle d&#8217;une migration massive dans le Sahel ne doit pas laisser indiff\u00e9rent l&#8217;Union Africaine et les pays&hellip;\" \/>\n<meta property=\"og:url\" content=\"https:\/\/jazairhope.org\/fr\/une-marche-massive-des-migrants-dans-le-sahel-et-des-interrogations\/\" \/>\n<meta property=\"og:site_name\" content=\"AAH.JZR\" \/>\n<meta property=\"article:publisher\" content=\"https:\/\/www.facebook.com\/jazairhope\" \/>\n<meta property=\"article:published_time\" content=\"2023-03-03T23:01:02+00:00\" \/>\n<meta property=\"og:image\" content=\"https:\/\/jazairhope.org\/wp-content\/uploads\/2023\/03\/jh-7.jpg\" \/>\n\t<meta property=\"og:image:width\" content=\"534\" \/>\n\t<meta property=\"og:image:height\" content=\"599\" \/>\n\t<meta property=\"og:image:type\" content=\"image\/jpeg\" \/>\n<meta name=\"author\" content=\"Hope Jzr\" \/>\n<meta name=\"twitter:card\" content=\"summary_large_image\" \/>\n<meta name=\"twitter:label1\" content=\"\u00c9crit par\" \/>\n\t<meta name=\"twitter:data1\" content=\"Hope Jzr\" \/>\n\t<meta name=\"twitter:label2\" content=\"Dur\u00e9e de lecture estim\u00e9e\" \/>\n\t<meta name=\"twitter:data2\" content=\"6 minutes\" \/>\n<script type=\"application\/ld+json\" class=\"yoast-schema-graph\">{\"@context\":\"https:\\\/\\\/schema.org\",\"@graph\":[{\"@type\":\"Article\",\"@id\":\"https:\\\/\\\/jazairhope.org\\\/fr\\\/une-marche-massive-des-migrants-dans-le-sahel-et-des-interrogations\\\/#article\",\"isPartOf\":{\"@id\":\"https:\\\/\\\/jazairhope.org\\\/fr\\\/une-marche-massive-des-migrants-dans-le-sahel-et-des-interrogations\\\/\"},\"author\":{\"name\":\"Hope Jzr\",\"@id\":\"https:\\\/\\\/jazairhope.org\\\/fr\\\/#\\\/schema\\\/person\\\/0b50f60fad840cf92313307e38c9d20d\"},\"headline\":\"Une marche massive des migrants dans le Sahel et des interrogations ?\",\"datePublished\":\"2023-03-03T23:01:02+00:00\",\"mainEntityOfPage\":{\"@id\":\"https:\\\/\\\/jazairhope.org\\\/fr\\\/une-marche-massive-des-migrants-dans-le-sahel-et-des-interrogations\\\/\"},\"wordCount\":1231,\"commentCount\":0,\"image\":{\"@id\":\"https:\\\/\\\/jazairhope.org\\\/fr\\\/une-marche-massive-des-migrants-dans-le-sahel-et-des-interrogations\\\/#primaryimage\"},\"thumbnailUrl\":\"https:\\\/\\\/jazairhope.org\\\/wp-content\\\/uploads\\\/2023\\\/03\\\/jh-7.jpg\",\"articleSection\":[\"Le Sahara Alg\u00e9rien\",\"Politique\"],\"inLanguage\":\"fr-FR\",\"potentialAction\":[{\"@type\":\"CommentAction\",\"name\":\"Comment\",\"target\":[\"https:\\\/\\\/jazairhope.org\\\/fr\\\/une-marche-massive-des-migrants-dans-le-sahel-et-des-interrogations\\\/#respond\"]}]},{\"@type\":\"WebPage\",\"@id\":\"https:\\\/\\\/jazairhope.org\\\/fr\\\/une-marche-massive-des-migrants-dans-le-sahel-et-des-interrogations\\\/\",\"url\":\"https:\\\/\\\/jazairhope.org\\\/fr\\\/une-marche-massive-des-migrants-dans-le-sahel-et-des-interrogations\\\/\",\"name\":\"Une marche massive des migrants dans le Sahel et des interrogations ? - AAH.JZR\",\"isPartOf\":{\"@id\":\"https:\\\/\\\/jazairhope.org\\\/fr\\\/#website\"},\"primaryImageOfPage\":{\"@id\":\"https:\\\/\\\/jazairhope.org\\\/fr\\\/une-marche-massive-des-migrants-dans-le-sahel-et-des-interrogations\\\/#primaryimage\"},\"image\":{\"@id\":\"https:\\\/\\\/jazairhope.org\\\/fr\\\/une-marche-massive-des-migrants-dans-le-sahel-et-des-interrogations\\\/#primaryimage\"},\"thumbnailUrl\":\"https:\\\/\\\/jazairhope.org\\\/wp-content\\\/uploads\\\/2023\\\/03\\\/jh-7.jpg\",\"datePublished\":\"2023-03-03T23:01:02+00:00\",\"author\":{\"@id\":\"https:\\\/\\\/jazairhope.org\\\/fr\\\/#\\\/schema\\\/person\\\/0b50f60fad840cf92313307e38c9d20d\"},\"breadcrumb\":{\"@id\":\"https:\\\/\\\/jazairhope.org\\\/fr\\\/une-marche-massive-des-migrants-dans-le-sahel-et-des-interrogations\\\/#breadcrumb\"},\"inLanguage\":\"fr-FR\",\"potentialAction\":[{\"@type\":\"ReadAction\",\"target\":[\"https:\\\/\\\/jazairhope.org\\\/fr\\\/une-marche-massive-des-migrants-dans-le-sahel-et-des-interrogations\\\/\"]}]},{\"@type\":\"ImageObject\",\"inLanguage\":\"fr-FR\",\"@id\":\"https:\\\/\\\/jazairhope.org\\\/fr\\\/une-marche-massive-des-migrants-dans-le-sahel-et-des-interrogations\\\/#primaryimage\",\"url\":\"https:\\\/\\\/jazairhope.org\\\/wp-content\\\/uploads\\\/2023\\\/03\\\/jh-7.jpg\",\"contentUrl\":\"https:\\\/\\\/jazairhope.org\\\/wp-content\\\/uploads\\\/2023\\\/03\\\/jh-7.jpg\",\"width\":534,\"height\":599},{\"@type\":\"BreadcrumbList\",\"@id\":\"https:\\\/\\\/jazairhope.org\\\/fr\\\/une-marche-massive-des-migrants-dans-le-sahel-et-des-interrogations\\\/#breadcrumb\",\"itemListElement\":[{\"@type\":\"ListItem\",\"position\":1,\"name\":\"Accueil\",\"item\":\"https:\\\/\\\/jazairhope.org\\\/fr\\\/\"},{\"@type\":\"ListItem\",\"position\":2,\"name\":\"Une marche massive des migrants dans le Sahel et des interrogations ?\"}]},{\"@type\":\"WebSite\",\"@id\":\"https:\\\/\\\/jazairhope.org\\\/fr\\\/#website\",\"url\":\"https:\\\/\\\/jazairhope.org\\\/fr\\\/\",\"name\":\"AAH.JZR\",\"description\":\"Environment, Health, Science, Art, Economics\",\"potentialAction\":[{\"@type\":\"SearchAction\",\"target\":{\"@type\":\"EntryPoint\",\"urlTemplate\":\"https:\\\/\\\/jazairhope.org\\\/fr\\\/?s={search_term_string}\"},\"query-input\":{\"@type\":\"PropertyValueSpecification\",\"valueRequired\":true,\"valueName\":\"search_term_string\"}}],\"inLanguage\":\"fr-FR\"},{\"@type\":\"Person\",\"@id\":\"https:\\\/\\\/jazairhope.org\\\/fr\\\/#\\\/schema\\\/person\\\/0b50f60fad840cf92313307e38c9d20d\",\"name\":\"Hope Jzr\",\"image\":{\"@type\":\"ImageObject\",\"inLanguage\":\"fr-FR\",\"@id\":\"https:\\\/\\\/secure.gravatar.com\\\/avatar\\\/0a42f66f14ba94b77f351f3bb2f3b9389c4063acb1697ffb32f5d3944782d3e7?s=96&d=mm&r=g\",\"url\":\"https:\\\/\\\/secure.gravatar.com\\\/avatar\\\/0a42f66f14ba94b77f351f3bb2f3b9389c4063acb1697ffb32f5d3944782d3e7?s=96&d=mm&r=g\",\"contentUrl\":\"https:\\\/\\\/secure.gravatar.com\\\/avatar\\\/0a42f66f14ba94b77f351f3bb2f3b9389c4063acb1697ffb32f5d3944782d3e7?s=96&d=mm&r=g\",\"caption\":\"Hope Jzr\"},\"description\":\"\u00c0 propos de Hope&amp;ChaDia Hope&amp;ChaDia n\u2019est pas un pseudonyme, mais une m\u00e9thode de travail. Hope : l\u2019id\u00e9e, l\u2019esprit, la structure, la vision. C\u2019est l\u2019impulsion humaine qui choisit l\u2019angle, trace la ligne \u00e9ditoriale et donne le sens. ChaDia : l\u2019assistante, qui met en forme, d\u00e9veloppe, affine le style et v\u00e9rifie les faits. Une aide technologique qui amplifie mais ne cr\u00e9e pas. Ensemble, Hope&amp;ChaDia produisent des textes hybrides : profond\u00e9ment humains dans leur inspiration, rigoureux et pr\u00e9cis dans leur r\u00e9alisation. . . SUPPORTEZ JAZAIRHOPE ET FAITES CONNA\u00ceTRE LE PATRIMOINE ET L\u2019HISTOIRE DE L\u2019ALG\u00c9RIE, EN ACHETANT LE LIVRE DE JAZAIRHOPE POUR VOUS OU POUR L\u2019OFFRIR A VOS PROCHES, ICI : https:\\\/\\\/jazairhope.org\\\/fr\\\/ebook\\\/ CEUX EN ALG\u00c9RIE ET CEUX QUI PEUVENT PAS L\u2019ACHETER ON OFFRE UNE COPIE DIGITALE GRATUITE, POUR CELA ENVOYEZ UN EMAIL \u00c0 : INFO@JAZAIRHOPE.ORG\",\"url\":\"https:\\\/\\\/jazairhope.org\\\/fr\\\/author\\\/hope-jazair\\\/\"}]}<\/script>\n<!-- \/ Yoast SEO plugin. -->","yoast_head_json":{"title":"Une marche massive des migrants dans le Sahel et des interrogations ? - AAH.JZR","robots":{"index":"index","follow":"follow","max-snippet":"max-snippet:-1","max-image-preview":"max-image-preview:large","max-video-preview":"max-video-preview:-1"},"canonical":"https:\/\/jazairhope.org\/fr\/une-marche-massive-des-migrants-dans-le-sahel-et-des-interrogations\/","og_locale":"fr_FR","og_type":"article","og_title":"Une marche massive des migrants dans le Sahel et des interrogations ? - AAH.JZR","og_description":"Par Mr Hassen Kacimi Le spectacle d&#8217;une migration massive dans le Sahel ne doit pas laisser indiff\u00e9rent l&#8217;Union Africaine et les pays&hellip;","og_url":"https:\/\/jazairhope.org\/fr\/une-marche-massive-des-migrants-dans-le-sahel-et-des-interrogations\/","og_site_name":"AAH.JZR","article_publisher":"https:\/\/www.facebook.com\/jazairhope","article_published_time":"2023-03-03T23:01:02+00:00","og_image":[{"width":534,"height":599,"url":"https:\/\/jazairhope.org\/wp-content\/uploads\/2023\/03\/jh-7.jpg","type":"image\/jpeg"}],"author":"Hope Jzr","twitter_card":"summary_large_image","twitter_misc":{"\u00c9crit par":"Hope Jzr","Dur\u00e9e de lecture estim\u00e9e":"6 minutes"},"schema":{"@context":"https:\/\/schema.org","@graph":[{"@type":"Article","@id":"https:\/\/jazairhope.org\/fr\/une-marche-massive-des-migrants-dans-le-sahel-et-des-interrogations\/#article","isPartOf":{"@id":"https:\/\/jazairhope.org\/fr\/une-marche-massive-des-migrants-dans-le-sahel-et-des-interrogations\/"},"author":{"name":"Hope Jzr","@id":"https:\/\/jazairhope.org\/fr\/#\/schema\/person\/0b50f60fad840cf92313307e38c9d20d"},"headline":"Une marche massive des migrants dans le Sahel et des interrogations ?","datePublished":"2023-03-03T23:01:02+00:00","mainEntityOfPage":{"@id":"https:\/\/jazairhope.org\/fr\/une-marche-massive-des-migrants-dans-le-sahel-et-des-interrogations\/"},"wordCount":1231,"commentCount":0,"image":{"@id":"https:\/\/jazairhope.org\/fr\/une-marche-massive-des-migrants-dans-le-sahel-et-des-interrogations\/#primaryimage"},"thumbnailUrl":"https:\/\/jazairhope.org\/wp-content\/uploads\/2023\/03\/jh-7.jpg","articleSection":["Le Sahara Alg\u00e9rien","Politique"],"inLanguage":"fr-FR","potentialAction":[{"@type":"CommentAction","name":"Comment","target":["https:\/\/jazairhope.org\/fr\/une-marche-massive-des-migrants-dans-le-sahel-et-des-interrogations\/#respond"]}]},{"@type":"WebPage","@id":"https:\/\/jazairhope.org\/fr\/une-marche-massive-des-migrants-dans-le-sahel-et-des-interrogations\/","url":"https:\/\/jazairhope.org\/fr\/une-marche-massive-des-migrants-dans-le-sahel-et-des-interrogations\/","name":"Une marche massive des migrants dans le Sahel et des interrogations ? - AAH.JZR","isPartOf":{"@id":"https:\/\/jazairhope.org\/fr\/#website"},"primaryImageOfPage":{"@id":"https:\/\/jazairhope.org\/fr\/une-marche-massive-des-migrants-dans-le-sahel-et-des-interrogations\/#primaryimage"},"image":{"@id":"https:\/\/jazairhope.org\/fr\/une-marche-massive-des-migrants-dans-le-sahel-et-des-interrogations\/#primaryimage"},"thumbnailUrl":"https:\/\/jazairhope.org\/wp-content\/uploads\/2023\/03\/jh-7.jpg","datePublished":"2023-03-03T23:01:02+00:00","author":{"@id":"https:\/\/jazairhope.org\/fr\/#\/schema\/person\/0b50f60fad840cf92313307e38c9d20d"},"breadcrumb":{"@id":"https:\/\/jazairhope.org\/fr\/une-marche-massive-des-migrants-dans-le-sahel-et-des-interrogations\/#breadcrumb"},"inLanguage":"fr-FR","potentialAction":[{"@type":"ReadAction","target":["https:\/\/jazairhope.org\/fr\/une-marche-massive-des-migrants-dans-le-sahel-et-des-interrogations\/"]}]},{"@type":"ImageObject","inLanguage":"fr-FR","@id":"https:\/\/jazairhope.org\/fr\/une-marche-massive-des-migrants-dans-le-sahel-et-des-interrogations\/#primaryimage","url":"https:\/\/jazairhope.org\/wp-content\/uploads\/2023\/03\/jh-7.jpg","contentUrl":"https:\/\/jazairhope.org\/wp-content\/uploads\/2023\/03\/jh-7.jpg","width":534,"height":599},{"@type":"BreadcrumbList","@id":"https:\/\/jazairhope.org\/fr\/une-marche-massive-des-migrants-dans-le-sahel-et-des-interrogations\/#breadcrumb","itemListElement":[{"@type":"ListItem","position":1,"name":"Accueil","item":"https:\/\/jazairhope.org\/fr\/"},{"@type":"ListItem","position":2,"name":"Une marche massive des migrants dans le Sahel et des interrogations ?"}]},{"@type":"WebSite","@id":"https:\/\/jazairhope.org\/fr\/#website","url":"https:\/\/jazairhope.org\/fr\/","name":"AAH.JZR","description":"Environment, Health, Science, Art, Economics","potentialAction":[{"@type":"SearchAction","target":{"@type":"EntryPoint","urlTemplate":"https:\/\/jazairhope.org\/fr\/?s={search_term_string}"},"query-input":{"@type":"PropertyValueSpecification","valueRequired":true,"valueName":"search_term_string"}}],"inLanguage":"fr-FR"},{"@type":"Person","@id":"https:\/\/jazairhope.org\/fr\/#\/schema\/person\/0b50f60fad840cf92313307e38c9d20d","name":"Hope Jzr","image":{"@type":"ImageObject","inLanguage":"fr-FR","@id":"https:\/\/secure.gravatar.com\/avatar\/0a42f66f14ba94b77f351f3bb2f3b9389c4063acb1697ffb32f5d3944782d3e7?s=96&d=mm&r=g","url":"https:\/\/secure.gravatar.com\/avatar\/0a42f66f14ba94b77f351f3bb2f3b9389c4063acb1697ffb32f5d3944782d3e7?s=96&d=mm&r=g","contentUrl":"https:\/\/secure.gravatar.com\/avatar\/0a42f66f14ba94b77f351f3bb2f3b9389c4063acb1697ffb32f5d3944782d3e7?s=96&d=mm&r=g","caption":"Hope Jzr"},"description":"\u00c0 propos de Hope&amp;ChaDia Hope&amp;ChaDia n\u2019est pas un pseudonyme, mais une m\u00e9thode de travail. Hope : l\u2019id\u00e9e, l\u2019esprit, la structure, la vision. C\u2019est l\u2019impulsion humaine qui choisit l\u2019angle, trace la ligne \u00e9ditoriale et donne le sens. ChaDia : l\u2019assistante, qui met en forme, d\u00e9veloppe, affine le style et v\u00e9rifie les faits. Une aide technologique qui amplifie mais ne cr\u00e9e pas. Ensemble, Hope&amp;ChaDia produisent des textes hybrides : profond\u00e9ment humains dans leur inspiration, rigoureux et pr\u00e9cis dans leur r\u00e9alisation. . . SUPPORTEZ JAZAIRHOPE ET FAITES CONNA\u00ceTRE LE PATRIMOINE ET L\u2019HISTOIRE DE L\u2019ALG\u00c9RIE, EN ACHETANT LE LIVRE DE JAZAIRHOPE POUR VOUS OU POUR L\u2019OFFRIR A VOS PROCHES, ICI : https:\/\/jazairhope.org\/fr\/ebook\/ CEUX EN ALG\u00c9RIE ET CEUX QUI PEUVENT PAS L\u2019ACHETER ON OFFRE UNE COPIE DIGITALE GRATUITE, POUR CELA ENVOYEZ UN EMAIL \u00c0 : INFO@JAZAIRHOPE.ORG","url":"https:\/\/jazairhope.org\/fr\/author\/hope-jazair\/"}]}},"views":997,"_links":{"self":[{"href":"https:\/\/jazairhope.org\/fr\/wp-json\/wp\/v2\/posts\/71516","targetHints":{"allow":["GET"]}}],"collection":[{"href":"https:\/\/jazairhope.org\/fr\/wp-json\/wp\/v2\/posts"}],"about":[{"href":"https:\/\/jazairhope.org\/fr\/wp-json\/wp\/v2\/types\/post"}],"author":[{"embeddable":true,"href":"https:\/\/jazairhope.org\/fr\/wp-json\/wp\/v2\/users\/50"}],"replies":[{"embeddable":true,"href":"https:\/\/jazairhope.org\/fr\/wp-json\/wp\/v2\/comments?post=71516"}],"version-history":[{"count":2,"href":"https:\/\/jazairhope.org\/fr\/wp-json\/wp\/v2\/posts\/71516\/revisions"}],"predecessor-version":[{"id":71521,"href":"https:\/\/jazairhope.org\/fr\/wp-json\/wp\/v2\/posts\/71516\/revisions\/71521"}],"wp:featuredmedia":[{"embeddable":true,"href":"https:\/\/jazairhope.org\/fr\/wp-json\/wp\/v2\/media\/71517"}],"wp:attachment":[{"href":"https:\/\/jazairhope.org\/fr\/wp-json\/wp\/v2\/media?parent=71516"}],"wp:term":[{"taxonomy":"category","embeddable":true,"href":"https:\/\/jazairhope.org\/fr\/wp-json\/wp\/v2\/categories?post=71516"},{"taxonomy":"post_tag","embeddable":true,"href":"https:\/\/jazairhope.org\/fr\/wp-json\/wp\/v2\/tags?post=71516"}],"curies":[{"name":"wp","href":"https:\/\/api.w.org\/{rel}","templated":true}]}}