{"id":71618,"date":"2023-03-06T12:41:17","date_gmt":"2023-03-06T11:41:17","guid":{"rendered":"https:\/\/jazairhope.org\/?p=71618"},"modified":"2023-03-06T12:41:17","modified_gmt":"2023-03-06T11:41:17","slug":"ouverture-a-alger-de-la-deuxieme-edition-du-salon-africain-des-affaires","status":"publish","type":"post","link":"https:\/\/jazairhope.org\/fr\/ouverture-a-alger-de-la-deuxieme-edition-du-salon-africain-des-affaires\/","title":{"rendered":"OUVERTURE \u00c0 ALGER DE LA DEUXI\u00c8ME \u00c9DITION DU SALON AFRICAIN DES AFFAIRES"},"content":{"rendered":"<p><strong>ALGER &#8211; La deuxi\u00e8me \u00e9dition du Salon africain des affaires &#8220;SADA 2023&#8221; s&#8217;est ouverte, dimanche au Palais des expositions \u00e0 Alger, avec la participation de 80 exposants repr\u00e9sentant diff\u00e9rents secteurs d&#8217;activit\u00e9.<\/strong><\/p>\n<p>Cet \u00e9v\u00e8nement \u00e9conomique, plac\u00e9 sous le th\u00e8me &#8220;Ensemble pour une Afrique plus forte&#8221;,\u00a0 a pour objectif majeur de consolider le partenariat \u00e9conomique et les \u00e9changes commerciaux entre l&#8217;Alg\u00e9rie et les autres pays du continent, a soulign\u00e9 le responsable de la communication du salon, Hassen Moali.<\/p>\n<p><strong><em>&#8220;SADA 2023 marque la nouvelle orientation de l&#8217;Alg\u00e9rie qui veut renouer avec sa profondeur africaine, en misant surtout sur les capacit\u00e9s des op\u00e9rateurs alg\u00e9riens \u00e0 s&#8217;imposer sur les march\u00e9s du continent&#8221;, a-t-il d\u00e9clar\u00e9.<\/em><\/strong><\/p>\n<p>Il s&#8217;agit d&#8217;une occasion importante permettant de faire conna\u00eetre les produits et les capacit\u00e9s nationales aux Africains pr\u00e9sents \u00e0 cette manifestation, selon M. Moali ajoutant que les entreprises alg\u00e9riennes peuvent capter des march\u00e9s et conclure des partenariats fructueux gr\u00e2ce notamment aux rencontres d&#8217;affaires &#8220;B to B&#8221; et ateliers qui seront organis\u00e9s.<\/p>\n<p>Les exposants alg\u00e9riens repr\u00e9sentant notamment les secteurs de l&#8217;\u00e9nergie et des mines, de l&#8217;agriculture, des travaux publics, de l&#8217;industrie pharmaceutique, des startups et des services logistiques, pr\u00e9senteront leurs produits phares et discuteront avec leurs homologues africains des possibilit\u00e9s de se placer sur les march\u00e9s du continent.<\/p>\n<p>Le responsable a fait observer, par ailleurs, que beaucoup d&#8217;entreprises africaines peuvent de leur c\u00f4t\u00e9 venir investir en Alg\u00e9rie et injecter leurs capitaux, suite aux facilitations accord\u00e9es dans le cadre du nouveau code de l&#8217;investissement.<\/p>\n<p>Ce salon qui se poursuit jusqu&#8217;\u00e0 mardi prochain, verra \u00e9galement la participation d&#8217;une vingtaine de repr\u00e9sentations diplomatiques de pays africains accr\u00e9dit\u00e9es en Alg\u00e9rie, selon la m\u00eame source.<\/p>\n<p><strong><em>FC-DZ<\/em><\/strong><\/p>\n<p><strong><em>Source\u00a0: APS<\/em><\/strong><\/p>\n","protected":false},"excerpt":{"rendered":"<p>ALGER &#8211; La deuxi\u00e8me \u00e9dition du Salon africain des affaires &#8220;SADA 2023&#8221; s&#8217;est ouverte, dimanche au Palais des expositions \u00e0 Alger, avec&hellip;<\/p>\n","protected":false},"author":1,"featured_media":71620,"comment_status":"open","ping_status":"open","sticky":false,"template":"","format":"standard","meta":{"_lmt_disableupdate":"","_lmt_disable":"","footnotes":""},"categories":[35],"tags":[],"class_list":["post-71618","post","type-post","status-publish","format-standard","has-post-thumbnail","hentry","category-economie"],"yoast_head":"<!-- This site is optimized with the Yoast SEO plugin v27.3 - https:\/\/yoast.com\/product\/yoast-seo-wordpress\/ -->\n<title>OUVERTURE \u00c0 ALGER DE LA DEUXI\u00c8ME \u00c9DITION DU SALON AFRICAIN DES AFFAIRES - AAH.JZR<\/title>\n<meta name=\"robots\" content=\"index, follow, max-snippet:-1, max-image-preview:large, max-video-preview:-1\" \/>\n<link rel=\"canonical\" href=\"https:\/\/jazairhope.org\/fr\/ouverture-a-alger-de-la-deuxieme-edition-du-salon-africain-des-affaires\/\" \/>\n<meta property=\"og:locale\" content=\"fr_FR\" \/>\n<meta property=\"og:type\" content=\"article\" \/>\n<meta property=\"og:title\" content=\"OUVERTURE \u00c0 ALGER DE LA DEUXI\u00c8ME \u00c9DITION DU SALON AFRICAIN DES AFFAIRES - AAH.JZR\" \/>\n<meta property=\"og:description\" content=\"ALGER &#8211; La deuxi\u00e8me \u00e9dition du Salon africain des affaires &#8220;SADA 2023&#8221; s&#8217;est ouverte, dimanche au Palais des expositions \u00e0 Alger, avec&hellip;\" \/>\n<meta property=\"og:url\" content=\"https:\/\/jazairhope.org\/fr\/ouverture-a-alger-de-la-deuxieme-edition-du-salon-africain-des-affaires\/\" \/>\n<meta property=\"og:site_name\" content=\"AAH.JZR\" \/>\n<meta property=\"article:publisher\" content=\"https:\/\/www.facebook.com\/jazairhope\" \/>\n<meta property=\"article:published_time\" content=\"2023-03-06T11:41:17+00:00\" \/>\n<meta property=\"og:image\" content=\"https:\/\/jazairhope.org\/wp-content\/uploads\/2023\/03\/2e-edition-Salon-Africain-.jpg\" \/>\n\t<meta property=\"og:image:width\" content=\"715\" \/>\n\t<meta property=\"og:image:height\" content=\"462\" \/>\n\t<meta property=\"og:image:type\" content=\"image\/jpeg\" \/>\n<meta name=\"author\" content=\"Ssuperadmin\" \/>\n<meta name=\"twitter:card\" content=\"summary_large_image\" \/>\n<meta name=\"twitter:label1\" content=\"\u00c9crit par\" \/>\n\t<meta name=\"twitter:data1\" content=\"Ssuperadmin\" \/>\n\t<meta name=\"twitter:label2\" content=\"Dur\u00e9e de lecture estim\u00e9e\" \/>\n\t<meta name=\"twitter:data2\" content=\"2 minutes\" \/>\n<script type=\"application\/ld+json\" class=\"yoast-schema-graph\">{\"@context\":\"https:\\\/\\\/schema.org\",\"@graph\":[{\"@type\":\"Article\",\"@id\":\"https:\\\/\\\/jazairhope.org\\\/fr\\\/ouverture-a-alger-de-la-deuxieme-edition-du-salon-africain-des-affaires\\\/#article\",\"isPartOf\":{\"@id\":\"https:\\\/\\\/jazairhope.org\\\/fr\\\/ouverture-a-alger-de-la-deuxieme-edition-du-salon-africain-des-affaires\\\/\"},\"author\":{\"name\":\"Ssuperadmin\",\"@id\":\"https:\\\/\\\/jazairhope.org\\\/fr\\\/#\\\/schema\\\/person\\\/43650ebd889d8960700b5456ed9264c4\"},\"headline\":\"OUVERTURE \u00c0 ALGER DE LA DEUXI\u00c8ME \u00c9DITION DU SALON AFRICAIN DES AFFAIRES\",\"datePublished\":\"2023-03-06T11:41:17+00:00\",\"mainEntityOfPage\":{\"@id\":\"https:\\\/\\\/jazairhope.org\\\/fr\\\/ouverture-a-alger-de-la-deuxieme-edition-du-salon-africain-des-affaires\\\/\"},\"wordCount\":323,\"commentCount\":0,\"image\":{\"@id\":\"https:\\\/\\\/jazairhope.org\\\/fr\\\/ouverture-a-alger-de-la-deuxieme-edition-du-salon-africain-des-affaires\\\/#primaryimage\"},\"thumbnailUrl\":\"https:\\\/\\\/jazairhope.org\\\/wp-content\\\/uploads\\\/2023\\\/03\\\/2e-edition-Salon-Africain-.jpg\",\"articleSection\":[\"\u00c9conomie\"],\"inLanguage\":\"fr-FR\",\"potentialAction\":[{\"@type\":\"CommentAction\",\"name\":\"Comment\",\"target\":[\"https:\\\/\\\/jazairhope.org\\\/fr\\\/ouverture-a-alger-de-la-deuxieme-edition-du-salon-africain-des-affaires\\\/#respond\"]}]},{\"@type\":\"WebPage\",\"@id\":\"https:\\\/\\\/jazairhope.org\\\/fr\\\/ouverture-a-alger-de-la-deuxieme-edition-du-salon-africain-des-affaires\\\/\",\"url\":\"https:\\\/\\\/jazairhope.org\\\/fr\\\/ouverture-a-alger-de-la-deuxieme-edition-du-salon-africain-des-affaires\\\/\",\"name\":\"OUVERTURE \u00c0 ALGER DE LA DEUXI\u00c8ME \u00c9DITION DU SALON AFRICAIN DES AFFAIRES - AAH.JZR\",\"isPartOf\":{\"@id\":\"https:\\\/\\\/jazairhope.org\\\/fr\\\/#website\"},\"primaryImageOfPage\":{\"@id\":\"https:\\\/\\\/jazairhope.org\\\/fr\\\/ouverture-a-alger-de-la-deuxieme-edition-du-salon-africain-des-affaires\\\/#primaryimage\"},\"image\":{\"@id\":\"https:\\\/\\\/jazairhope.org\\\/fr\\\/ouverture-a-alger-de-la-deuxieme-edition-du-salon-africain-des-affaires\\\/#primaryimage\"},\"thumbnailUrl\":\"https:\\\/\\\/jazairhope.org\\\/wp-content\\\/uploads\\\/2023\\\/03\\\/2e-edition-Salon-Africain-.jpg\",\"datePublished\":\"2023-03-06T11:41:17+00:00\",\"author\":{\"@id\":\"https:\\\/\\\/jazairhope.org\\\/fr\\\/#\\\/schema\\\/person\\\/43650ebd889d8960700b5456ed9264c4\"},\"breadcrumb\":{\"@id\":\"https:\\\/\\\/jazairhope.org\\\/fr\\\/ouverture-a-alger-de-la-deuxieme-edition-du-salon-africain-des-affaires\\\/#breadcrumb\"},\"inLanguage\":\"fr-FR\",\"potentialAction\":[{\"@type\":\"ReadAction\",\"target\":[\"https:\\\/\\\/jazairhope.org\\\/fr\\\/ouverture-a-alger-de-la-deuxieme-edition-du-salon-africain-des-affaires\\\/\"]}]},{\"@type\":\"ImageObject\",\"inLanguage\":\"fr-FR\",\"@id\":\"https:\\\/\\\/jazairhope.org\\\/fr\\\/ouverture-a-alger-de-la-deuxieme-edition-du-salon-africain-des-affaires\\\/#primaryimage\",\"url\":\"https:\\\/\\\/jazairhope.org\\\/wp-content\\\/uploads\\\/2023\\\/03\\\/2e-edition-Salon-Africain-.jpg\",\"contentUrl\":\"https:\\\/\\\/jazairhope.org\\\/wp-content\\\/uploads\\\/2023\\\/03\\\/2e-edition-Salon-Africain-.jpg\",\"width\":715,\"height\":462},{\"@type\":\"BreadcrumbList\",\"@id\":\"https:\\\/\\\/jazairhope.org\\\/fr\\\/ouverture-a-alger-de-la-deuxieme-edition-du-salon-africain-des-affaires\\\/#breadcrumb\",\"itemListElement\":[{\"@type\":\"ListItem\",\"position\":1,\"name\":\"Accueil\",\"item\":\"https:\\\/\\\/jazairhope.org\\\/fr\\\/\"},{\"@type\":\"ListItem\",\"position\":2,\"name\":\"OUVERTURE \u00c0 ALGER DE LA DEUXI\u00c8ME \u00c9DITION DU SALON AFRICAIN DES AFFAIRES\"}]},{\"@type\":\"WebSite\",\"@id\":\"https:\\\/\\\/jazairhope.org\\\/fr\\\/#website\",\"url\":\"https:\\\/\\\/jazairhope.org\\\/fr\\\/\",\"name\":\"AAH.JZR\",\"description\":\"Environment, Health, Science, Art, Economics\",\"potentialAction\":[{\"@type\":\"SearchAction\",\"target\":{\"@type\":\"EntryPoint\",\"urlTemplate\":\"https:\\\/\\\/jazairhope.org\\\/fr\\\/?s={search_term_string}\"},\"query-input\":{\"@type\":\"PropertyValueSpecification\",\"valueRequired\":true,\"valueName\":\"search_term_string\"}}],\"inLanguage\":\"fr-FR\"},{\"@type\":\"Person\",\"@id\":\"https:\\\/\\\/jazairhope.org\\\/fr\\\/#\\\/schema\\\/person\\\/43650ebd889d8960700b5456ed9264c4\",\"name\":\"Ssuperadmin\",\"image\":{\"@type\":\"ImageObject\",\"inLanguage\":\"fr-FR\",\"@id\":\"https:\\\/\\\/secure.gravatar.com\\\/avatar\\\/b4068e88b9c557952c81ca0efc4e11e19a2ed480173b8cef95a240894b16bf22?s=96&d=mm&r=g\",\"url\":\"https:\\\/\\\/secure.gravatar.com\\\/avatar\\\/b4068e88b9c557952c81ca0efc4e11e19a2ed480173b8cef95a240894b16bf22?s=96&d=mm&r=g\",\"contentUrl\":\"https:\\\/\\\/secure.gravatar.com\\\/avatar\\\/b4068e88b9c557952c81ca0efc4e11e19a2ed480173b8cef95a240894b16bf22?s=96&d=mm&r=g\",\"caption\":\"Ssuperadmin\"},\"sameAs\":[\"https:\\\/\\\/jazairhope.org\"],\"url\":\"https:\\\/\\\/jazairhope.org\\\/fr\\\/author\\\/superadmin\\\/\"}]}<\/script>\n<!-- \/ Yoast SEO plugin. -->","yoast_head_json":{"title":"OUVERTURE \u00c0 ALGER DE LA DEUXI\u00c8ME \u00c9DITION DU SALON AFRICAIN DES AFFAIRES - AAH.JZR","robots":{"index":"index","follow":"follow","max-snippet":"max-snippet:-1","max-image-preview":"max-image-preview:large","max-video-preview":"max-video-preview:-1"},"canonical":"https:\/\/jazairhope.org\/fr\/ouverture-a-alger-de-la-deuxieme-edition-du-salon-africain-des-affaires\/","og_locale":"fr_FR","og_type":"article","og_title":"OUVERTURE \u00c0 ALGER DE LA DEUXI\u00c8ME \u00c9DITION DU SALON AFRICAIN DES AFFAIRES - AAH.JZR","og_description":"ALGER &#8211; La deuxi\u00e8me \u00e9dition du Salon africain des affaires &#8220;SADA 2023&#8221; s&#8217;est ouverte, dimanche au Palais des expositions \u00e0 Alger, avec&hellip;","og_url":"https:\/\/jazairhope.org\/fr\/ouverture-a-alger-de-la-deuxieme-edition-du-salon-africain-des-affaires\/","og_site_name":"AAH.JZR","article_publisher":"https:\/\/www.facebook.com\/jazairhope","article_published_time":"2023-03-06T11:41:17+00:00","og_image":[{"width":715,"height":462,"url":"https:\/\/jazairhope.org\/wp-content\/uploads\/2023\/03\/2e-edition-Salon-Africain-.jpg","type":"image\/jpeg"}],"author":"Ssuperadmin","twitter_card":"summary_large_image","twitter_misc":{"\u00c9crit par":"Ssuperadmin","Dur\u00e9e de lecture estim\u00e9e":"2 minutes"},"schema":{"@context":"https:\/\/schema.org","@graph":[{"@type":"Article","@id":"https:\/\/jazairhope.org\/fr\/ouverture-a-alger-de-la-deuxieme-edition-du-salon-africain-des-affaires\/#article","isPartOf":{"@id":"https:\/\/jazairhope.org\/fr\/ouverture-a-alger-de-la-deuxieme-edition-du-salon-africain-des-affaires\/"},"author":{"name":"Ssuperadmin","@id":"https:\/\/jazairhope.org\/fr\/#\/schema\/person\/43650ebd889d8960700b5456ed9264c4"},"headline":"OUVERTURE \u00c0 ALGER DE LA DEUXI\u00c8ME \u00c9DITION DU SALON AFRICAIN DES AFFAIRES","datePublished":"2023-03-06T11:41:17+00:00","mainEntityOfPage":{"@id":"https:\/\/jazairhope.org\/fr\/ouverture-a-alger-de-la-deuxieme-edition-du-salon-africain-des-affaires\/"},"wordCount":323,"commentCount":0,"image":{"@id":"https:\/\/jazairhope.org\/fr\/ouverture-a-alger-de-la-deuxieme-edition-du-salon-africain-des-affaires\/#primaryimage"},"thumbnailUrl":"https:\/\/jazairhope.org\/wp-content\/uploads\/2023\/03\/2e-edition-Salon-Africain-.jpg","articleSection":["\u00c9conomie"],"inLanguage":"fr-FR","potentialAction":[{"@type":"CommentAction","name":"Comment","target":["https:\/\/jazairhope.org\/fr\/ouverture-a-alger-de-la-deuxieme-edition-du-salon-africain-des-affaires\/#respond"]}]},{"@type":"WebPage","@id":"https:\/\/jazairhope.org\/fr\/ouverture-a-alger-de-la-deuxieme-edition-du-salon-africain-des-affaires\/","url":"https:\/\/jazairhope.org\/fr\/ouverture-a-alger-de-la-deuxieme-edition-du-salon-africain-des-affaires\/","name":"OUVERTURE \u00c0 ALGER DE LA DEUXI\u00c8ME \u00c9DITION DU SALON AFRICAIN DES AFFAIRES - AAH.JZR","isPartOf":{"@id":"https:\/\/jazairhope.org\/fr\/#website"},"primaryImageOfPage":{"@id":"https:\/\/jazairhope.org\/fr\/ouverture-a-alger-de-la-deuxieme-edition-du-salon-africain-des-affaires\/#primaryimage"},"image":{"@id":"https:\/\/jazairhope.org\/fr\/ouverture-a-alger-de-la-deuxieme-edition-du-salon-africain-des-affaires\/#primaryimage"},"thumbnailUrl":"https:\/\/jazairhope.org\/wp-content\/uploads\/2023\/03\/2e-edition-Salon-Africain-.jpg","datePublished":"2023-03-06T11:41:17+00:00","author":{"@id":"https:\/\/jazairhope.org\/fr\/#\/schema\/person\/43650ebd889d8960700b5456ed9264c4"},"breadcrumb":{"@id":"https:\/\/jazairhope.org\/fr\/ouverture-a-alger-de-la-deuxieme-edition-du-salon-africain-des-affaires\/#breadcrumb"},"inLanguage":"fr-FR","potentialAction":[{"@type":"ReadAction","target":["https:\/\/jazairhope.org\/fr\/ouverture-a-alger-de-la-deuxieme-edition-du-salon-africain-des-affaires\/"]}]},{"@type":"ImageObject","inLanguage":"fr-FR","@id":"https:\/\/jazairhope.org\/fr\/ouverture-a-alger-de-la-deuxieme-edition-du-salon-africain-des-affaires\/#primaryimage","url":"https:\/\/jazairhope.org\/wp-content\/uploads\/2023\/03\/2e-edition-Salon-Africain-.jpg","contentUrl":"https:\/\/jazairhope.org\/wp-content\/uploads\/2023\/03\/2e-edition-Salon-Africain-.jpg","width":715,"height":462},{"@type":"BreadcrumbList","@id":"https:\/\/jazairhope.org\/fr\/ouverture-a-alger-de-la-deuxieme-edition-du-salon-africain-des-affaires\/#breadcrumb","itemListElement":[{"@type":"ListItem","position":1,"name":"Accueil","item":"https:\/\/jazairhope.org\/fr\/"},{"@type":"ListItem","position":2,"name":"OUVERTURE \u00c0 ALGER DE LA DEUXI\u00c8ME \u00c9DITION DU SALON AFRICAIN DES AFFAIRES"}]},{"@type":"WebSite","@id":"https:\/\/jazairhope.org\/fr\/#website","url":"https:\/\/jazairhope.org\/fr\/","name":"AAH.JZR","description":"Environment, Health, Science, Art, Economics","potentialAction":[{"@type":"SearchAction","target":{"@type":"EntryPoint","urlTemplate":"https:\/\/jazairhope.org\/fr\/?s={search_term_string}"},"query-input":{"@type":"PropertyValueSpecification","valueRequired":true,"valueName":"search_term_string"}}],"inLanguage":"fr-FR"},{"@type":"Person","@id":"https:\/\/jazairhope.org\/fr\/#\/schema\/person\/43650ebd889d8960700b5456ed9264c4","name":"Ssuperadmin","image":{"@type":"ImageObject","inLanguage":"fr-FR","@id":"https:\/\/secure.gravatar.com\/avatar\/b4068e88b9c557952c81ca0efc4e11e19a2ed480173b8cef95a240894b16bf22?s=96&d=mm&r=g","url":"https:\/\/secure.gravatar.com\/avatar\/b4068e88b9c557952c81ca0efc4e11e19a2ed480173b8cef95a240894b16bf22?s=96&d=mm&r=g","contentUrl":"https:\/\/secure.gravatar.com\/avatar\/b4068e88b9c557952c81ca0efc4e11e19a2ed480173b8cef95a240894b16bf22?s=96&d=mm&r=g","caption":"Ssuperadmin"},"sameAs":["https:\/\/jazairhope.org"],"url":"https:\/\/jazairhope.org\/fr\/author\/superadmin\/"}]}},"views":205,"_links":{"self":[{"href":"https:\/\/jazairhope.org\/fr\/wp-json\/wp\/v2\/posts\/71618","targetHints":{"allow":["GET"]}}],"collection":[{"href":"https:\/\/jazairhope.org\/fr\/wp-json\/wp\/v2\/posts"}],"about":[{"href":"https:\/\/jazairhope.org\/fr\/wp-json\/wp\/v2\/types\/post"}],"author":[{"embeddable":true,"href":"https:\/\/jazairhope.org\/fr\/wp-json\/wp\/v2\/users\/1"}],"replies":[{"embeddable":true,"href":"https:\/\/jazairhope.org\/fr\/wp-json\/wp\/v2\/comments?post=71618"}],"version-history":[{"count":1,"href":"https:\/\/jazairhope.org\/fr\/wp-json\/wp\/v2\/posts\/71618\/revisions"}],"predecessor-version":[{"id":71619,"href":"https:\/\/jazairhope.org\/fr\/wp-json\/wp\/v2\/posts\/71618\/revisions\/71619"}],"wp:featuredmedia":[{"embeddable":true,"href":"https:\/\/jazairhope.org\/fr\/wp-json\/wp\/v2\/media\/71620"}],"wp:attachment":[{"href":"https:\/\/jazairhope.org\/fr\/wp-json\/wp\/v2\/media?parent=71618"}],"wp:term":[{"taxonomy":"category","embeddable":true,"href":"https:\/\/jazairhope.org\/fr\/wp-json\/wp\/v2\/categories?post=71618"},{"taxonomy":"post_tag","embeddable":true,"href":"https:\/\/jazairhope.org\/fr\/wp-json\/wp\/v2\/tags?post=71618"}],"curies":[{"name":"wp","href":"https:\/\/api.w.org\/{rel}","templated":true}]}}