{"id":71842,"date":"2023-03-09T11:29:56","date_gmt":"2023-03-09T10:29:56","guid":{"rendered":"https:\/\/jazairhope.org\/?p=71842"},"modified":"2023-03-09T17:07:46","modified_gmt":"2023-03-09T16:07:46","slug":"le-chef-terroriste-daqmi-dans-le-sahel-abou-obeida-el-annabi-consultant-de-france-24","status":"publish","type":"post","link":"https:\/\/jazairhope.org\/fr\/le-chef-terroriste-daqmi-dans-le-sahel-abou-obeida-el-annabi-consultant-de-france-24\/","title":{"rendered":"Le chef terroriste d&#8217;AQMI dans le Sahel, Abou Obeida El Annabi, consultant de France 24."},"content":{"rendered":"<h6><img decoding=\"async\" class=\"alignleft\" src=\"https:\/\/jazairhope.org\/wp-content\/uploads\/2022\/05\/Capture-16-300x297.png\" width=\"119\" height=\"118\" \/>Par <a href=\"https:\/\/www.facebook.com\/hassen.kacimi.1\">Mr Hassen Kacimi<\/a><\/h6>\n<p>Le plus grand terroriste du monde, le chef d&#8217;AQMI dans le Sahel, comme une grande star, donne une interview exclusive \u00e0 France 24.<\/p>\n<p>Une telle information tellement brutale nous a fait sursauter quand on a appris qu&#8217;une t\u00e9l\u00e9vision publique Fran\u00e7aise, France 24 a r\u00e9ussi le &#8221;scoop&#8221; d&#8217;organiser un interview avec l&#8217;homme le plus recherch\u00e9 du monde, un sanguinaire qui a les mains t\u00e2ch\u00e9s de sang et qui continue \u00e0 tuer, dans le Sahel, des civils et des innocents.<\/p>\n<p>Un tel interview n&#8217;est pas un fait banal. Il ne doit absolument pas passer comme un fait divers, tant la gravit\u00e9 de la faute commise par France 24 doit \u00eatre d\u00e9nonc\u00e9e, avec force et vigueur, pour tenir \u00e0 t\u00e9moin l&#8217;opinion publique et les organisations internationales.<\/p>\n<p>Il est bon de rappeler que France 24 est une cha\u00eene de la soci\u00e9t\u00e9 nationale de programmes France M\u00e9dias Monde, d\u00e9tenue \u00e0 100 % par l&#8217;\u00c9tat fran\u00e7ais, via l&#8217;Agence des participations de l&#8217;\u00c9tat (APE).<\/p>\n<div dir=\"auto\">L&#8217;interview r\u00e9alis\u00e9 par France 24 implique la responsabilit\u00e9 directe de l&#8217;Etat Fran\u00e7ais.Un tel acte peut \u00eatre consid\u00e9r\u00e9 comme un soutien actif au chef d&#8217;une organisation terroriste, d\u00e9s lors qu&#8217;on lui ouvre l&#8217;antenne, comme un homme respectable, pour lui donner la possibilit\u00e9\u00a0 d&#8217;annoncer, par des canaux publics et l\u00e9gaux qu&#8217;il va commettre des actes terroristes, en menacant, notamment, un \u00c9tat et en annon\u00e7ant que la tr\u00eave a \u00e9t\u00e9 rompue et qu&#8217;il va reprendre les actes terroristes en Algerie.<\/p>\n<p>Au plus haut sommet de l&#8217;Etat Fran\u00e7ais, aucune r\u00e9action. La classe politique Fran\u00e7aise ne semble pas \u00eatre choqu\u00e9e et ne condamne pas un tel acte, d&#8217;une gravit\u00e9 sans pr\u00e9c\u00e9dent.<\/p>\n<p>La Justice Fran\u00e7aise qui connait parfaitement le chef terroriste d&#8217;AQMI, Abou Oubeida El Annabi, comme tous les autres chefs d&#8217;El Qaida, d&#8217;Aqmi ou de Daesh, recherch\u00e9 par Interpol et par toutes les\u00a0 polices du monde, n&#8217;a pas fait r\u00e9agir, pour le moment, les juges anti terroristes de Paris.<\/p>\n<p>Sur ce cr\u00e9neau, on est tent\u00e9 de penser que Zbigniew Brzezi\u0144ski, ancien conseiller \u00e0 la s\u00e9curit\u00e9 nationale aux Etats Unis, avait raison quand il a dit dans son livre, le grand \u00e9chiquier &#8220;que l&#8217;Amerique est pass\u00e9e ma\u00eetre dans la cr\u00e9ation de ses propres ennemis pour les combattre&#8221;.<\/p>\n<p>Une telle strat\u00e9gie semble avoir fait beaucoup d&#8217;\u00e9mules en France.<\/p>\n<p>Maintenant que l&#8217;Etat Fran\u00e7ais, sous couvert de France 24, est d\u00e9masqu\u00e9, avec toute la logistique souterraine qui soutient ces organisations terroristes, l&#8217;Alg\u00e9rie ne risque pas d&#8217;\u00eatre surprise, comme au temps de la d\u00e9cennies noire, en Alg\u00e9rie, o\u00f9 les moyens de communication Fran\u00e7ais, nous ont fait la guerre, en faisant passer des terroristes pour des combattants de la libert\u00e9, et en faisant passer la guerre du terrorisme international contre l&#8217;Algerie, pour une guerre civile.<\/p>\n<p>Si Macron a d\u00e9clar\u00e9 au Gabon que la Francafrique n&#8217;existe plus, on est tent\u00e9 de lui r\u00e9pliquer, apr\u00e8s un tel d\u00e9rapage, que la Francafrique a \u00e9t\u00e9 remplac\u00e9e par &#8220;la Franceterroriste&#8221;.<\/p>\n<p>Le double langage des officiels fran\u00e7ais est devenu une constante qui soul\u00e8ve, en Afrique, le toll\u00e9 et la reprobation des populations et des autorit\u00e9s politiques de ce continent qui ne supportent plus ces ing\u00e9rences coloniales, violentes et brutales.<\/p>\n<p>Face \u00e0 un tel \u00e9v\u00e9nement aussi grave, les juges anti-terroristes Francais sont habilit\u00e9s, par la loi, \u00e0 poursuivre la t\u00e9l\u00e9vision France 24, pour le d\u00e9lit &#8220;de complicit\u00e9 et de participation \u00e0 une association de malfaiteurs, en relation avec une entreprise terroriste&#8221;, par le simple fait d&#8217;avoir ouvert l&#8217;antenne \u00e0 un chef terroriste, mondialement recherch\u00e9 et qui annonce, publiquement, qu&#8217;il va organiser des actes terroristes contre un \u00c9tat et sa population.<\/p>\n<p>Un chef terroriste qui annonce sur une chaine de t\u00e9l\u00e9vision Fran\u00e7aise, la pr\u00e9paration d&#8217;actes terroristes, doit imm\u00e9diatement \u00eatre suivie, pour des raisons de s\u00e9curit\u00e9 publique, par la fermeture de cette t\u00e9l\u00e9vision et par l&#8217;arrestatation de ceux qui ont autoris\u00e9 une telle interview, pour complicit\u00e9 avec une organisation terroriste, menacant la s\u00e9curit\u00e9 des personnes et des \u00c9tats.<\/p>\n<p>Si la France officielle ne r\u00e9agit pas, suite \u00e0 un tel derapage, on peut alors se poser d&#8217;autres questions pr\u00e9occupantes.<\/p>\n<p>Les moyens de communications Fran\u00e7ais ont t&#8217;ils \u00e9t\u00e9 mis \u00e0 la disposition des groupes terroristes, pour communiquer et annoncer qu&#8217;ils vont commettre des actes terroristes ?<\/p>\n<p>On se demande alors \u00e0 quoi joue les autorit\u00e9s politiques Fran\u00e7aises, en facilitant et en amplifiant le discours d&#8217;un chef terroriste, sur leur propre cha\u00eene de t\u00e9l\u00e9vision ?<\/p>\n<p>Un tel interview ne s&#8217;est pas fait sur un simple coup de t\u00eate d&#8217;un journaliste, peu exp\u00e9riment\u00e9, ou d&#8217;un ombrageux porte plume, travaillant pour le compte de services sp\u00e9ciaux.<\/p>\n<p>Cet interview \u00e0 \u00e9t\u00e9 valid\u00e9 au plus haut niveau de la hi\u00e9rarchie, et m\u00eame plus loin, au plus haut sommet de l&#8217;Etat Fran\u00e7ais. Ce ne sera pas alors &#8220;le dernier coup de grisou&#8221; qu&#8217;on fera subir \u00e0 Macron, dans son entreprise de &#8220;b\u00e2tir des relations exemplaires avec l&#8217;Algerie&#8221;.<\/p>\n<p>Alors, on peut aussi se demander si on n&#8217;est pas dans une entreprise occulte ou des cercles parall\u00e8les, t\u00e9n\u00e9breux, cherchent \u00e0 faire du chantage \u00e0 l&#8217;Algerie, en lui opposant une menace terroriste imminente ?<\/p>\n<p>L&#8217;homme le plus recherch\u00e9 du monde, le chef terroriste d&#8217;AQMI, dans le SAHEL, Abou Oubeida Annabi,\u00a0 qu&#8217;aucune police ou arm\u00e9e du monde n&#8217;a pu retrouver, s&#8217;est \u00e9gar\u00e9 dans le d\u00e9sert, et a \u00e9t\u00e9 retrouv\u00e9 par hasard, sans aucun doute, par un petit journaliste de France 24, qui a \u00e9t\u00e9 invit\u00e9 par AQMI du Sahel, pour rejoindre le fief de cette organisation terroriste, quelque part dans un maquis, dans le Sahel ou &#8230;. dans un grand h\u00f4tel VIP, sous bonne garde.<\/p>\n<p>La force Fran\u00e7aise Barkhan avec 5000 hommes et toute la force sp\u00e9ciale TAKOUBA de l&#8217;Union Europ\u00e9enne, au nord du Mali, puis redeploy\u00e9e \u00e0 Niamey, avec une armada de satellites, de radars et de moyens de surveillance, n&#8217;ont pas r\u00e9ussi \u00e0 situer le lieu &#8230; &#8220;imp\u00e9n\u00e9trable du quartier g\u00e9n\u00e9ral d&#8217;AQMI, dans le Sahel&#8221;.<\/p>\n<p>Ce sacr\u00e9 journaliste a eu du g\u00e9nie, et il doit nous dire comment il a fait, alors que toute l&#8217;arm\u00e9e Fran\u00e7aise n&#8217;a pas r\u00e9ussi \u00e0 le d\u00e9nicher ?<\/p>\n<p>Cela nous rappelle, de mani\u00e8re \u00e9trange, durant les ann\u00e9es 1990, les liaisons secr\u00e8tes des groupes terroristes, dans les maquis en Alg\u00e9rie, travaillant en \u00e9troite collaboration avec les services sp\u00e9ciaux de l&#8217;ambassade de France \u00e0 Alger.<\/p>\n<p>Une marche massive des migrants de la CEDEAO, dans le Sahel, se dirigeant vers le nord du Niger, dans le d\u00e9sert du T\u00e9n\u00e9r\u00e9, le tombeau \u00e0 ciel ouvert des migrants, ne fait r\u00e9agir personne et cela nous laisse penser que les autorit\u00e9s des pays d&#8217;origine acceptent de laisser mourir leurs compatriotes, abandonn\u00e9s dans le d\u00e9sert, par les r\u00e9seaux de trafic de migrants, dans une complicit\u00e9 parfaite avec des ONG et d&#8217;autres acteurs subversifs, dans le Sahel, devant inonder le Maghreb d&#8217;une migration insoutenable.<\/p>\n<p>En Afrique, la s\u00e9curit\u00e9 est indivisible et globale et on ne doit pas rester indiff\u00e9rent \u00e0 de tels complots, sauf si on est complice, quand des acteurs subversifs d\u00e9placent l&#8217;ins\u00e9curit\u00e9 du Sahel vers le Maghreb.<\/p>\n<p>Apr\u00e8s avoir mis en place un processus interminable de marches de migrants, dans le Sahel, acheminer de nouvelles armes d&#8217;Ukraine vers le Sahel, au profit des organisations terroristes, celles ci, revigor\u00e9es, ont \u00e9t\u00e9 somm\u00e9es de lancer le halali, pour organiser de nouvelles attaques terroristes, annonc\u00e9es, tenez vous bien,\u00a0 officiellement, sur la t\u00e9l\u00e9vision de l&#8217;Etat Fran\u00e7ais, France 24.<\/p>\n<p>Beaucoup se posent la question pour savoir qui est le g\u00e9niteur de ces organisations terroristes, dont les chefs sont introuvables, mais qui peuvent, \u00e0 tout moment, intervenir sur des t\u00e9l\u00e9visions de l&#8217;Etat Fran\u00e7ais, comme des consultants ?<\/p>\n<p>Si le monde change tr\u00e8s vite, par contre les empires coloniaux r\u00e9sistent et refusent de changer et ils pensent toujours qu&#8217;ils pourront continuer \u00e0 diriger le monde, par le chantage.<\/p>\n<p>AQMI a \u00e9t\u00e9 vaincue en Alg\u00e9rie, et le consultant de France 24, le chef terroriste d&#8217;AQMI dans le SAHEL, Abou Oubeida Annabi, peut continuer \u00e0 faire la star sur France 24, parceque dans le Sahel, ses jours sont compt\u00e9s.<\/p>\n<p>Dans le Sahel, les jours du G5 du Sahel et de la force Barkhane sont aussi compt\u00e9s, parceque les pays Africains savent qui prot\u00e8ge les terroristes, qui les arme et qui est leur chef, en mati\u00e8re de communication.<\/p>\n<p>France 24 une caisse de r\u00e9sonnance des organisations terroristes dans le Sahel, est une r\u00e9alit\u00e9 que personne ne peut contester ou nier.<\/p>\n<p>Le Conseil de S\u00e9curit\u00e9 est interpell\u00e9 pour r\u00e9agir et clarifier, solonellement, le jeu trouble et \u00e9trange de la France officielle, dans la promotion de chefs sanguinaires, d&#8217;organisations terroristes dans le Sahel.<\/p>\n<p>L&#8217;Algerie doit condamner un tel acte grave et inacceptable.<\/p>\n<\/div>\n<div dir=\"auto\">\n<h6 tabindex=\"-1\" data-thread-perm-id=\"thread-f:1679747815238234137\" data-legacy-thread-id=\"174fa9bcff837019\"><\/h6>\n<h6 id=\":qj\" class=\"hP\" tabindex=\"-1\" data-thread-perm-id=\"thread-f:1679747815238234137\" data-legacy-thread-id=\"174fa9bcff837019\"><strong>Biographie M. <a href=\"https:\/\/www.facebook.com\/hassen.kacimi.1\">Hassen Kacimi<\/a> :<\/strong><\/h6>\n<div dir=\"ltr\">\n<p><img decoding=\"async\" class=\"wp-image-52647 alignright\" src=\"https:\/\/jazairhope.org\/wp-content\/uploads\/2022\/05\/Capture-16-300x297.png\" alt=\"\" width=\"166\" height=\"164\" srcset=\"https:\/\/jazairhope.org\/wp-content\/uploads\/2022\/05\/Capture-16-300x297.png 300w, https:\/\/jazairhope.org\/wp-content\/uploads\/2022\/05\/Capture-16.png 330w\" sizes=\"(max-width: 166px) 100vw, 166px\" \/><\/p>\n<ul>\n<li aria-level=\"1\">Chef de bureau minist\u00e8re des transports- 1978 -1980<\/li>\n<li aria-level=\"1\">Charg\u00e9 de mission wilaya Tamanrasset, 1980 &#8211; 1984 .<\/li>\n<li aria-level=\"1\">1984 &#8211; 1998 &#8211; directeur administration territoriale<\/li>\n<li aria-level=\"1\">Sous directeur de la circulation des personnes, ministere de l\u2019inte\u0301rieur , 1998- 2008.<\/li>\n<li aria-level=\"1\">Directeur ministe\u0300re de l\u2019inte\u0301rieur, 2008 &#8211; premier trimestre 2020.<\/li>\n<li style=\"font-weight: 400;\" aria-level=\"1\">Pre\u0301sident du comite\u0301 interministe\u0301riel , charge\u0301 de l\u2019e\u0301tude et du suivi des proble\u0301matiques migratoires ( 2015 &#8211; premier trimestre 2020)<\/li>\n<li style=\"font-weight: 400;\" aria-level=\"1\">Gestion des crises au sein du centre op\u00e9rationnel ( 2015 &#8211; premier trimestre 2020)<\/li>\n<li>Repr\u00e9sentation de l&#8217;Alg\u00e9rie , \u00e0 l\u2019\u00e9tranger , en tant qu\u2019expert.<\/li>\n<li style=\"font-weight: 400;\" aria-level=\"1\"><span style=\"font-weight: 400;\">Expert international des flux migratoires, reconnu par des organisations onusiennes. <\/span><span style=\"font-weight: 400;\">Expert du Sahel et de la gestion des crises .<\/span><\/li>\n<li><span style=\"font-weight: 400;\">Plusieurs communications, \u00e0 l\u2019universit\u00e9 de sciences politiques et l\u2019\u00e9cole des sciences politiques, ainsi qu&#8217;<\/span><span style=\"font-weight: 400;\">\u00e0\u00a0 l\u2019\u00e9cole de guerre de Tamentfoust et l\u2019institut des \u00e9tudes strat\u00e9giques globales ( INESG )<\/span><\/li>\n<li><span style=\"font-weight: 400;\">Distinction de l\u2019institut f\u00e9d\u00e9ral allemand des hautes \u00e9tudes de s\u00e9curit\u00e9 .<\/span><\/li>\n<\/ul>\n<\/div>\n<\/div>\n","protected":false},"excerpt":{"rendered":"<p>Par Mr Hassen Kacimi Le plus grand terroriste du monde, le chef d&#8217;AQMI dans le Sahel, comme une grande star, donne une&hellip;<\/p>\n","protected":false},"author":50,"featured_media":71846,"comment_status":"open","ping_status":"open","sticky":false,"template":"","format":"standard","meta":{"_lmt_disableupdate":"","_lmt_disable":"","footnotes":""},"categories":[49],"tags":[],"class_list":["post-71842","post","type-post","status-publish","format-standard","has-post-thumbnail","hentry","category-politique"],"yoast_head":"<!-- This site is optimized with the Yoast SEO plugin v27.3 - https:\/\/yoast.com\/product\/yoast-seo-wordpress\/ -->\n<title>Le chef terroriste d&#039;AQMI dans le Sahel, Abou Obeida El Annabi, consultant de France 24. - AAH.JZR<\/title>\n<meta name=\"robots\" content=\"index, follow, max-snippet:-1, max-image-preview:large, max-video-preview:-1\" \/>\n<link rel=\"canonical\" href=\"https:\/\/jazairhope.org\/fr\/le-chef-terroriste-daqmi-dans-le-sahel-abou-obeida-el-annabi-consultant-de-france-24\/\" \/>\n<meta property=\"og:locale\" content=\"fr_FR\" \/>\n<meta property=\"og:type\" content=\"article\" \/>\n<meta property=\"og:title\" content=\"Le chef terroriste d&#039;AQMI dans le Sahel, Abou Obeida El Annabi, consultant de France 24. - AAH.JZR\" \/>\n<meta property=\"og:description\" content=\"Par Mr Hassen Kacimi Le plus grand terroriste du monde, le chef d&#8217;AQMI dans le Sahel, comme une grande star, donne une&hellip;\" \/>\n<meta property=\"og:url\" content=\"https:\/\/jazairhope.org\/fr\/le-chef-terroriste-daqmi-dans-le-sahel-abou-obeida-el-annabi-consultant-de-france-24\/\" \/>\n<meta property=\"og:site_name\" content=\"AAH.JZR\" \/>\n<meta property=\"article:publisher\" content=\"https:\/\/www.facebook.com\/jazairhope\" \/>\n<meta property=\"article:published_time\" content=\"2023-03-09T10:29:56+00:00\" \/>\n<meta property=\"article:modified_time\" content=\"2023-03-09T16:07:46+00:00\" \/>\n<meta property=\"og:image\" content=\"https:\/\/jazairhope.org\/wp-content\/uploads\/2023\/03\/Sans-titre-1.png\" \/>\n\t<meta property=\"og:image:width\" content=\"940\" \/>\n\t<meta property=\"og:image:height\" content=\"788\" \/>\n\t<meta property=\"og:image:type\" content=\"image\/png\" \/>\n<meta name=\"author\" content=\"Hope Jzr\" \/>\n<meta name=\"twitter:card\" content=\"summary_large_image\" \/>\n<meta name=\"twitter:label1\" content=\"\u00c9crit par\" \/>\n\t<meta name=\"twitter:data1\" content=\"Hope Jzr\" \/>\n\t<meta name=\"twitter:label2\" content=\"Dur\u00e9e de lecture estim\u00e9e\" \/>\n\t<meta name=\"twitter:data2\" content=\"8 minutes\" \/>\n<script type=\"application\/ld+json\" class=\"yoast-schema-graph\">{\"@context\":\"https:\\\/\\\/schema.org\",\"@graph\":[{\"@type\":\"Article\",\"@id\":\"https:\\\/\\\/jazairhope.org\\\/fr\\\/le-chef-terroriste-daqmi-dans-le-sahel-abou-obeida-el-annabi-consultant-de-france-24\\\/#article\",\"isPartOf\":{\"@id\":\"https:\\\/\\\/jazairhope.org\\\/fr\\\/le-chef-terroriste-daqmi-dans-le-sahel-abou-obeida-el-annabi-consultant-de-france-24\\\/\"},\"author\":{\"name\":\"Hope Jzr\",\"@id\":\"https:\\\/\\\/jazairhope.org\\\/fr\\\/#\\\/schema\\\/person\\\/0b50f60fad840cf92313307e38c9d20d\"},\"headline\":\"Le chef terroriste d&#8217;AQMI dans le Sahel, Abou Obeida El Annabi, consultant de France 24.\",\"datePublished\":\"2023-03-09T10:29:56+00:00\",\"dateModified\":\"2023-03-09T16:07:46+00:00\",\"mainEntityOfPage\":{\"@id\":\"https:\\\/\\\/jazairhope.org\\\/fr\\\/le-chef-terroriste-daqmi-dans-le-sahel-abou-obeida-el-annabi-consultant-de-france-24\\\/\"},\"wordCount\":1730,\"commentCount\":0,\"image\":{\"@id\":\"https:\\\/\\\/jazairhope.org\\\/fr\\\/le-chef-terroriste-daqmi-dans-le-sahel-abou-obeida-el-annabi-consultant-de-france-24\\\/#primaryimage\"},\"thumbnailUrl\":\"https:\\\/\\\/jazairhope.org\\\/wp-content\\\/uploads\\\/2023\\\/03\\\/Sans-titre-1.png\",\"articleSection\":[\"Politique\"],\"inLanguage\":\"fr-FR\",\"potentialAction\":[{\"@type\":\"CommentAction\",\"name\":\"Comment\",\"target\":[\"https:\\\/\\\/jazairhope.org\\\/fr\\\/le-chef-terroriste-daqmi-dans-le-sahel-abou-obeida-el-annabi-consultant-de-france-24\\\/#respond\"]}]},{\"@type\":\"WebPage\",\"@id\":\"https:\\\/\\\/jazairhope.org\\\/fr\\\/le-chef-terroriste-daqmi-dans-le-sahel-abou-obeida-el-annabi-consultant-de-france-24\\\/\",\"url\":\"https:\\\/\\\/jazairhope.org\\\/fr\\\/le-chef-terroriste-daqmi-dans-le-sahel-abou-obeida-el-annabi-consultant-de-france-24\\\/\",\"name\":\"Le chef terroriste d'AQMI dans le Sahel, Abou Obeida El Annabi, consultant de France 24. - AAH.JZR\",\"isPartOf\":{\"@id\":\"https:\\\/\\\/jazairhope.org\\\/fr\\\/#website\"},\"primaryImageOfPage\":{\"@id\":\"https:\\\/\\\/jazairhope.org\\\/fr\\\/le-chef-terroriste-daqmi-dans-le-sahel-abou-obeida-el-annabi-consultant-de-france-24\\\/#primaryimage\"},\"image\":{\"@id\":\"https:\\\/\\\/jazairhope.org\\\/fr\\\/le-chef-terroriste-daqmi-dans-le-sahel-abou-obeida-el-annabi-consultant-de-france-24\\\/#primaryimage\"},\"thumbnailUrl\":\"https:\\\/\\\/jazairhope.org\\\/wp-content\\\/uploads\\\/2023\\\/03\\\/Sans-titre-1.png\",\"datePublished\":\"2023-03-09T10:29:56+00:00\",\"dateModified\":\"2023-03-09T16:07:46+00:00\",\"author\":{\"@id\":\"https:\\\/\\\/jazairhope.org\\\/fr\\\/#\\\/schema\\\/person\\\/0b50f60fad840cf92313307e38c9d20d\"},\"breadcrumb\":{\"@id\":\"https:\\\/\\\/jazairhope.org\\\/fr\\\/le-chef-terroriste-daqmi-dans-le-sahel-abou-obeida-el-annabi-consultant-de-france-24\\\/#breadcrumb\"},\"inLanguage\":\"fr-FR\",\"potentialAction\":[{\"@type\":\"ReadAction\",\"target\":[\"https:\\\/\\\/jazairhope.org\\\/fr\\\/le-chef-terroriste-daqmi-dans-le-sahel-abou-obeida-el-annabi-consultant-de-france-24\\\/\"]}]},{\"@type\":\"ImageObject\",\"inLanguage\":\"fr-FR\",\"@id\":\"https:\\\/\\\/jazairhope.org\\\/fr\\\/le-chef-terroriste-daqmi-dans-le-sahel-abou-obeida-el-annabi-consultant-de-france-24\\\/#primaryimage\",\"url\":\"https:\\\/\\\/jazairhope.org\\\/wp-content\\\/uploads\\\/2023\\\/03\\\/Sans-titre-1.png\",\"contentUrl\":\"https:\\\/\\\/jazairhope.org\\\/wp-content\\\/uploads\\\/2023\\\/03\\\/Sans-titre-1.png\",\"width\":940,\"height\":788},{\"@type\":\"BreadcrumbList\",\"@id\":\"https:\\\/\\\/jazairhope.org\\\/fr\\\/le-chef-terroriste-daqmi-dans-le-sahel-abou-obeida-el-annabi-consultant-de-france-24\\\/#breadcrumb\",\"itemListElement\":[{\"@type\":\"ListItem\",\"position\":1,\"name\":\"Accueil\",\"item\":\"https:\\\/\\\/jazairhope.org\\\/fr\\\/\"},{\"@type\":\"ListItem\",\"position\":2,\"name\":\"Le chef terroriste d&rsquo;AQMI dans le Sahel, Abou Obeida El Annabi, consultant de France 24.\"}]},{\"@type\":\"WebSite\",\"@id\":\"https:\\\/\\\/jazairhope.org\\\/fr\\\/#website\",\"url\":\"https:\\\/\\\/jazairhope.org\\\/fr\\\/\",\"name\":\"AAH.JZR\",\"description\":\"Environment, Health, Science, Art, Economics\",\"potentialAction\":[{\"@type\":\"SearchAction\",\"target\":{\"@type\":\"EntryPoint\",\"urlTemplate\":\"https:\\\/\\\/jazairhope.org\\\/fr\\\/?s={search_term_string}\"},\"query-input\":{\"@type\":\"PropertyValueSpecification\",\"valueRequired\":true,\"valueName\":\"search_term_string\"}}],\"inLanguage\":\"fr-FR\"},{\"@type\":\"Person\",\"@id\":\"https:\\\/\\\/jazairhope.org\\\/fr\\\/#\\\/schema\\\/person\\\/0b50f60fad840cf92313307e38c9d20d\",\"name\":\"Hope Jzr\",\"image\":{\"@type\":\"ImageObject\",\"inLanguage\":\"fr-FR\",\"@id\":\"https:\\\/\\\/secure.gravatar.com\\\/avatar\\\/0a42f66f14ba94b77f351f3bb2f3b9389c4063acb1697ffb32f5d3944782d3e7?s=96&d=mm&r=g\",\"url\":\"https:\\\/\\\/secure.gravatar.com\\\/avatar\\\/0a42f66f14ba94b77f351f3bb2f3b9389c4063acb1697ffb32f5d3944782d3e7?s=96&d=mm&r=g\",\"contentUrl\":\"https:\\\/\\\/secure.gravatar.com\\\/avatar\\\/0a42f66f14ba94b77f351f3bb2f3b9389c4063acb1697ffb32f5d3944782d3e7?s=96&d=mm&r=g\",\"caption\":\"Hope Jzr\"},\"description\":\"\u00c0 propos de Hope&amp;ChaDia Hope&amp;ChaDia n\u2019est pas un pseudonyme, mais une m\u00e9thode de travail. Hope : l\u2019id\u00e9e, l\u2019esprit, la structure, la vision. C\u2019est l\u2019impulsion humaine qui choisit l\u2019angle, trace la ligne \u00e9ditoriale et donne le sens. ChaDia : l\u2019assistante, qui met en forme, d\u00e9veloppe, affine le style et v\u00e9rifie les faits. Une aide technologique qui amplifie mais ne cr\u00e9e pas. Ensemble, Hope&amp;ChaDia produisent des textes hybrides : profond\u00e9ment humains dans leur inspiration, rigoureux et pr\u00e9cis dans leur r\u00e9alisation. . . SUPPORTEZ JAZAIRHOPE ET FAITES CONNA\u00ceTRE LE PATRIMOINE ET L\u2019HISTOIRE DE L\u2019ALG\u00c9RIE, EN ACHETANT LE LIVRE DE JAZAIRHOPE POUR VOUS OU POUR L\u2019OFFRIR A VOS PROCHES, ICI : https:\\\/\\\/jazairhope.org\\\/fr\\\/ebook\\\/ CEUX EN ALG\u00c9RIE ET CEUX QUI PEUVENT PAS L\u2019ACHETER ON OFFRE UNE COPIE DIGITALE GRATUITE, POUR CELA ENVOYEZ UN EMAIL \u00c0 : INFO@JAZAIRHOPE.ORG\",\"url\":\"https:\\\/\\\/jazairhope.org\\\/fr\\\/author\\\/hope-jazair\\\/\"}]}<\/script>\n<!-- \/ Yoast SEO plugin. -->","yoast_head_json":{"title":"Le chef terroriste d'AQMI dans le Sahel, Abou Obeida El Annabi, consultant de France 24. - AAH.JZR","robots":{"index":"index","follow":"follow","max-snippet":"max-snippet:-1","max-image-preview":"max-image-preview:large","max-video-preview":"max-video-preview:-1"},"canonical":"https:\/\/jazairhope.org\/fr\/le-chef-terroriste-daqmi-dans-le-sahel-abou-obeida-el-annabi-consultant-de-france-24\/","og_locale":"fr_FR","og_type":"article","og_title":"Le chef terroriste d'AQMI dans le Sahel, Abou Obeida El Annabi, consultant de France 24. - AAH.JZR","og_description":"Par Mr Hassen Kacimi Le plus grand terroriste du monde, le chef d&#8217;AQMI dans le Sahel, comme une grande star, donne une&hellip;","og_url":"https:\/\/jazairhope.org\/fr\/le-chef-terroriste-daqmi-dans-le-sahel-abou-obeida-el-annabi-consultant-de-france-24\/","og_site_name":"AAH.JZR","article_publisher":"https:\/\/www.facebook.com\/jazairhope","article_published_time":"2023-03-09T10:29:56+00:00","article_modified_time":"2023-03-09T16:07:46+00:00","og_image":[{"width":940,"height":788,"url":"https:\/\/jazairhope.org\/wp-content\/uploads\/2023\/03\/Sans-titre-1.png","type":"image\/png"}],"author":"Hope Jzr","twitter_card":"summary_large_image","twitter_misc":{"\u00c9crit par":"Hope Jzr","Dur\u00e9e de lecture estim\u00e9e":"8 minutes"},"schema":{"@context":"https:\/\/schema.org","@graph":[{"@type":"Article","@id":"https:\/\/jazairhope.org\/fr\/le-chef-terroriste-daqmi-dans-le-sahel-abou-obeida-el-annabi-consultant-de-france-24\/#article","isPartOf":{"@id":"https:\/\/jazairhope.org\/fr\/le-chef-terroriste-daqmi-dans-le-sahel-abou-obeida-el-annabi-consultant-de-france-24\/"},"author":{"name":"Hope Jzr","@id":"https:\/\/jazairhope.org\/fr\/#\/schema\/person\/0b50f60fad840cf92313307e38c9d20d"},"headline":"Le chef terroriste d&#8217;AQMI dans le Sahel, Abou Obeida El Annabi, consultant de France 24.","datePublished":"2023-03-09T10:29:56+00:00","dateModified":"2023-03-09T16:07:46+00:00","mainEntityOfPage":{"@id":"https:\/\/jazairhope.org\/fr\/le-chef-terroriste-daqmi-dans-le-sahel-abou-obeida-el-annabi-consultant-de-france-24\/"},"wordCount":1730,"commentCount":0,"image":{"@id":"https:\/\/jazairhope.org\/fr\/le-chef-terroriste-daqmi-dans-le-sahel-abou-obeida-el-annabi-consultant-de-france-24\/#primaryimage"},"thumbnailUrl":"https:\/\/jazairhope.org\/wp-content\/uploads\/2023\/03\/Sans-titre-1.png","articleSection":["Politique"],"inLanguage":"fr-FR","potentialAction":[{"@type":"CommentAction","name":"Comment","target":["https:\/\/jazairhope.org\/fr\/le-chef-terroriste-daqmi-dans-le-sahel-abou-obeida-el-annabi-consultant-de-france-24\/#respond"]}]},{"@type":"WebPage","@id":"https:\/\/jazairhope.org\/fr\/le-chef-terroriste-daqmi-dans-le-sahel-abou-obeida-el-annabi-consultant-de-france-24\/","url":"https:\/\/jazairhope.org\/fr\/le-chef-terroriste-daqmi-dans-le-sahel-abou-obeida-el-annabi-consultant-de-france-24\/","name":"Le chef terroriste d'AQMI dans le Sahel, Abou Obeida El Annabi, consultant de France 24. - AAH.JZR","isPartOf":{"@id":"https:\/\/jazairhope.org\/fr\/#website"},"primaryImageOfPage":{"@id":"https:\/\/jazairhope.org\/fr\/le-chef-terroriste-daqmi-dans-le-sahel-abou-obeida-el-annabi-consultant-de-france-24\/#primaryimage"},"image":{"@id":"https:\/\/jazairhope.org\/fr\/le-chef-terroriste-daqmi-dans-le-sahel-abou-obeida-el-annabi-consultant-de-france-24\/#primaryimage"},"thumbnailUrl":"https:\/\/jazairhope.org\/wp-content\/uploads\/2023\/03\/Sans-titre-1.png","datePublished":"2023-03-09T10:29:56+00:00","dateModified":"2023-03-09T16:07:46+00:00","author":{"@id":"https:\/\/jazairhope.org\/fr\/#\/schema\/person\/0b50f60fad840cf92313307e38c9d20d"},"breadcrumb":{"@id":"https:\/\/jazairhope.org\/fr\/le-chef-terroriste-daqmi-dans-le-sahel-abou-obeida-el-annabi-consultant-de-france-24\/#breadcrumb"},"inLanguage":"fr-FR","potentialAction":[{"@type":"ReadAction","target":["https:\/\/jazairhope.org\/fr\/le-chef-terroriste-daqmi-dans-le-sahel-abou-obeida-el-annabi-consultant-de-france-24\/"]}]},{"@type":"ImageObject","inLanguage":"fr-FR","@id":"https:\/\/jazairhope.org\/fr\/le-chef-terroriste-daqmi-dans-le-sahel-abou-obeida-el-annabi-consultant-de-france-24\/#primaryimage","url":"https:\/\/jazairhope.org\/wp-content\/uploads\/2023\/03\/Sans-titre-1.png","contentUrl":"https:\/\/jazairhope.org\/wp-content\/uploads\/2023\/03\/Sans-titre-1.png","width":940,"height":788},{"@type":"BreadcrumbList","@id":"https:\/\/jazairhope.org\/fr\/le-chef-terroriste-daqmi-dans-le-sahel-abou-obeida-el-annabi-consultant-de-france-24\/#breadcrumb","itemListElement":[{"@type":"ListItem","position":1,"name":"Accueil","item":"https:\/\/jazairhope.org\/fr\/"},{"@type":"ListItem","position":2,"name":"Le chef terroriste d&rsquo;AQMI dans le Sahel, Abou Obeida El Annabi, consultant de France 24."}]},{"@type":"WebSite","@id":"https:\/\/jazairhope.org\/fr\/#website","url":"https:\/\/jazairhope.org\/fr\/","name":"AAH.JZR","description":"Environment, Health, Science, Art, Economics","potentialAction":[{"@type":"SearchAction","target":{"@type":"EntryPoint","urlTemplate":"https:\/\/jazairhope.org\/fr\/?s={search_term_string}"},"query-input":{"@type":"PropertyValueSpecification","valueRequired":true,"valueName":"search_term_string"}}],"inLanguage":"fr-FR"},{"@type":"Person","@id":"https:\/\/jazairhope.org\/fr\/#\/schema\/person\/0b50f60fad840cf92313307e38c9d20d","name":"Hope Jzr","image":{"@type":"ImageObject","inLanguage":"fr-FR","@id":"https:\/\/secure.gravatar.com\/avatar\/0a42f66f14ba94b77f351f3bb2f3b9389c4063acb1697ffb32f5d3944782d3e7?s=96&d=mm&r=g","url":"https:\/\/secure.gravatar.com\/avatar\/0a42f66f14ba94b77f351f3bb2f3b9389c4063acb1697ffb32f5d3944782d3e7?s=96&d=mm&r=g","contentUrl":"https:\/\/secure.gravatar.com\/avatar\/0a42f66f14ba94b77f351f3bb2f3b9389c4063acb1697ffb32f5d3944782d3e7?s=96&d=mm&r=g","caption":"Hope Jzr"},"description":"\u00c0 propos de Hope&amp;ChaDia Hope&amp;ChaDia n\u2019est pas un pseudonyme, mais une m\u00e9thode de travail. Hope : l\u2019id\u00e9e, l\u2019esprit, la structure, la vision. C\u2019est l\u2019impulsion humaine qui choisit l\u2019angle, trace la ligne \u00e9ditoriale et donne le sens. ChaDia : l\u2019assistante, qui met en forme, d\u00e9veloppe, affine le style et v\u00e9rifie les faits. Une aide technologique qui amplifie mais ne cr\u00e9e pas. Ensemble, Hope&amp;ChaDia produisent des textes hybrides : profond\u00e9ment humains dans leur inspiration, rigoureux et pr\u00e9cis dans leur r\u00e9alisation. . . SUPPORTEZ JAZAIRHOPE ET FAITES CONNA\u00ceTRE LE PATRIMOINE ET L\u2019HISTOIRE DE L\u2019ALG\u00c9RIE, EN ACHETANT LE LIVRE DE JAZAIRHOPE POUR VOUS OU POUR L\u2019OFFRIR A VOS PROCHES, ICI : https:\/\/jazairhope.org\/fr\/ebook\/ CEUX EN ALG\u00c9RIE ET CEUX QUI PEUVENT PAS L\u2019ACHETER ON OFFRE UNE COPIE DIGITALE GRATUITE, POUR CELA ENVOYEZ UN EMAIL \u00c0 : INFO@JAZAIRHOPE.ORG","url":"https:\/\/jazairhope.org\/fr\/author\/hope-jazair\/"}]}},"views":1220,"_links":{"self":[{"href":"https:\/\/jazairhope.org\/fr\/wp-json\/wp\/v2\/posts\/71842","targetHints":{"allow":["GET"]}}],"collection":[{"href":"https:\/\/jazairhope.org\/fr\/wp-json\/wp\/v2\/posts"}],"about":[{"href":"https:\/\/jazairhope.org\/fr\/wp-json\/wp\/v2\/types\/post"}],"author":[{"embeddable":true,"href":"https:\/\/jazairhope.org\/fr\/wp-json\/wp\/v2\/users\/50"}],"replies":[{"embeddable":true,"href":"https:\/\/jazairhope.org\/fr\/wp-json\/wp\/v2\/comments?post=71842"}],"version-history":[{"count":3,"href":"https:\/\/jazairhope.org\/fr\/wp-json\/wp\/v2\/posts\/71842\/revisions"}],"predecessor-version":[{"id":71874,"href":"https:\/\/jazairhope.org\/fr\/wp-json\/wp\/v2\/posts\/71842\/revisions\/71874"}],"wp:featuredmedia":[{"embeddable":true,"href":"https:\/\/jazairhope.org\/fr\/wp-json\/wp\/v2\/media\/71846"}],"wp:attachment":[{"href":"https:\/\/jazairhope.org\/fr\/wp-json\/wp\/v2\/media?parent=71842"}],"wp:term":[{"taxonomy":"category","embeddable":true,"href":"https:\/\/jazairhope.org\/fr\/wp-json\/wp\/v2\/categories?post=71842"},{"taxonomy":"post_tag","embeddable":true,"href":"https:\/\/jazairhope.org\/fr\/wp-json\/wp\/v2\/tags?post=71842"}],"curies":[{"name":"wp","href":"https:\/\/api.w.org\/{rel}","templated":true}]}}