{"id":72310,"date":"2023-03-16T01:00:59","date_gmt":"2023-03-16T00:00:59","guid":{"rendered":"https:\/\/jazairhope.org\/?p=72310"},"modified":"2023-03-15T23:25:27","modified_gmt":"2023-03-15T22:25:27","slug":"dans-le-sillage-des-bourdes-recurrentes-de-la-politique-francaise-en-afrique","status":"publish","type":"post","link":"https:\/\/jazairhope.org\/fr\/dans-le-sillage-des-bourdes-recurrentes-de-la-politique-francaise-en-afrique\/","title":{"rendered":"Dans le sillage des bourdes r\u00e9currentes de la politique fran\u00e7aise en Afrique"},"content":{"rendered":"<p class=\"ydpaa7ca484yiv7808402712ydpdbe32cbcMsoNormal\"><b>Dans le sillage des bourdes r\u00e9currentes de la politique fran\u00e7aise en Afrique et tout r\u00e9cemment de cette funeste action de barbouzerie relative \u00e0 l\u2019exfiltration d\u2019une alg\u00e9ro-fran\u00e7aise dans laquelle sont impliqu\u00e9s deux ambassadeurs et un colonel des \u2018\u2018services\u2019\u2019 fran\u00e7ais mettant l\u2019Alg\u00e9rie et la Tunisie dans une situation de conflit avec le gouvernement fran\u00e7ais, le Pr\u00e9sident fran\u00e7ais E. Macron \u2013 \u00e0 la veille d\u2019une tourn\u00e9e diplomatique en Afrique qualifi\u00e9e de cruciale \u2013 a cru bon, mais sur le tard, s\u2019expliquer d\u2019une fa\u00e7on pour le moins ambigu\u00eb.<\/b><\/p>\n<h4 class=\"ydpaa7ca484yiv7808402712ydpdbe32cbcMsoNormal\">Explication et banalisation de l\u2019acte d\u2019exfiltration,\u00a0Selon le pr\u00e9sident Macron,<\/h4>\n<blockquote>\n<p class=\"ydpaa7ca484yiv7808402712ydpdbe32cbcMsoNormal\">\u00ab\u00a0<i>Il y a une pol\u00e9mique sur le retour en France d\u2019une franco-alg\u00e9rienne depuis la Tunisie avec beaucoup de choses qui ont \u00e9t\u00e9 racont\u00e9es et un discours qui s\u2019est construit.\u00a0Je pense qu\u2019il y a beaucoup de gens qui ont int\u00e9r\u00eat \u00e0 ce que ce qu\u2019on fait depuis des ann\u00e9es avec l\u2019Alg\u00e9rie ne r\u00e9ussisse pas \u2026\u00a0je vais continuer. Ce n\u2019est pas le premier coup de grisou.\u00a0J\u2019en ai d\u00e9j\u00e0 eu<\/i>\u00a0\u00bb (victime de sa doxa\u00a0?). En se gardant d\u2019identifier clairement ceux qui sapent le travail, il dit compter \u00ab\u00a0<i>sur l\u2019amiti\u00e9 et l\u2019engagement du pr\u00e9sident Abdelmadjid Tebboune pour aller de l\u2019avant\u00a0<\/i>\u00bb.<\/p>\n<\/blockquote>\n<p class=\"ydpaa7ca484yiv7808402712ydpdbe32cbcMsoNormal\">\u00ab\u00a0Pol\u00e9mique\u00a0\u00bb \u00ab\u00a0racont\u00e9es\u00a0\u00bb \u00ab\u00a0s\u2019est construit\u00a0\u00bb \u00ab\u00a0coup de grisou\u00a0\u00bb ne sont pas les termes ad\u00e9quats pour qualifier une exfiltration par des m\u00e9thodes de barbouzes ! Il s\u2019agit d\u2019une grave action que condamne le droit international qu\u2019un pays dit des \u00ab\u00a0droits de l\u2019homme\u00a0\u00bb ne doit jamais laisser passer par seulement des commentaires \u00e9quivoques, car il est question d\u2019une atteinte \u00e0 l\u2019int\u00e9grit\u00e9 et \u00e0 la souverainet\u00e9 de deux pays voisins avec lesquels la France est li\u00e9e par des relations dans plusieurs domaines.<\/p>\n<p class=\"ydpaa7ca484yiv7808402712ydpdbe32cbcMsoNormal\">M. Macron semble banaliser l\u2019acte abject d\u2019exfiltration ! \u00c0 notre sens, cela s\u2019apparente \u00e0 un enfumage pour surpasser le sentiment de honte surtout que sa tourn\u00e9e en Afrique a pour objectif de convaincre de sa \u00ab\u00a0nouvelle relation\u00a0\u00bb avec le continent apr\u00e8s avoir expos\u00e9, depuis Paris, sa \u00ab\u00a0<i>strat\u00e9gie africaine pour les quatre ans \u00e0 venir<\/i>\u00a0\u00bb. Avec plus de 80 ans de n\u00e9ocolonialisme, de pillage, d\u2019ing\u00e9rence et de coups d\u2019\u00c9tat, il lui sera difficile de regagner une quelconque confiance suite \u00e0 cette salauderie qui ne peut \u00eatre ex\u00e9cut\u00e9e sans l\u2019approbation des hautes autorit\u00e9s de l\u2019\u00c9tat fran\u00e7ais ! Que peut donc bien faire le pr\u00e9sident alg\u00e9rien face \u00e0 un acte agressif que l\u2019opinion alg\u00e9rienne (et tunisienne) n\u2019admettra jamais. Deux pays respectueux qui n\u2019ont jamais provoqu\u00e9 la France.<\/p>\n<p class=\"ydpaa7ca484yiv7808402712ydpdbe32cbcMsoNormal\">Le moindre reflexe positif, devant ce genre de b\u00e9vue, aurait \u00e9t\u00e9, au moins, de prendre des sanctions et d\u2019instruire les m\u00e9dias publics (en particulier visuels) \u00e0 dire la v\u00e9rit\u00e9 au lieu de les instrumentaliser pour encore fustiger ces deux pays victimes en faisant d\u00e9filer sur les plateaux de leur TV des \u00ab\u00a0opposants aux r\u00e9gimes\u00a0\u00bb esp\u00e9rant faire admettre la validit\u00e9 et la lic\u00e9it\u00e9 de leurs agissements condamnables par le droit et la morale !<\/p>\n<h2 class=\"ydpaa7ca484yiv7808402712ydpdbe32cbcMsoNormal\">Deux pantins \u2018requis\u2019 \u00e0 charge contre deux pays<\/h2>\n<p class=\"ydpaa7ca484yiv7808402712ydpdbe32cbcMsoNormal\">C\u2019est ainsi que l\u2019on a vu,\u00a0<strong>Mme Bouraoui<\/strong>\u00a0ressortissante alg\u00e9rienne, gyn\u00e9cologue travestie en politicarde d\u2019occasion \u2013 l\u2019exfiltr\u00e9e depuis la Tunisie alors que sa\u00a0pr\u00e9sence physique sur le territoire national est prescrite par la justice alg\u00e9rienne \u2013 devenir l\u2019invit\u00e9e privil\u00e9gi\u00e9e, pour d\u00e9verser ses insanit\u00e9s sur l\u2019Alg\u00e9rie, ses gouvernants et ses institutions apr\u00e8s avoir \u00e9t\u00e9 pr\u00e9sent\u00e9e comme opposante au \u00ab\u00a0r\u00e9gime\u00a0\u00bb, activiste lors du\u00a0<i>hirak<\/i>\u00a0avec son organisation \u00ab\u00a0barakat\u00a0\u00bb (\u00e7a suffit) pr\u00f4nant le \u00ab\u00a0<i>regime change<\/i>\u00a0\u00bb\u00a0dans le cadre de la strat\u00e9gie \u2018\u2018<i>printaniste<\/i>\u2019\u2019\u00a0!<\/p>\n<p class=\"ydpaa7ca484yiv7808402712ydpdbe32cbcMsoNormal\">Mme Bouraoui n\u2019a fait en fait que confirmer sa soumission au service des int\u00e9r\u00eats fran\u00e7ais ; qu\u2019elle est leur produit \u00ab grill\u00e9 \u00bb, elle, la \u2018patriote\u2019 qui ne cessait de vocif\u00e9rer avec ses ouailles de \u00ab barakat \u00bb, lors des multiples pseudos hirak, des slogans r\u00e9volutionnaires pour le bien du peuple et surtout pour imposer \u00ab\u00a0phase de transition\u00a0\u00bb inconstitutionnelle sugg\u00e9r\u00e9e depuis l\u2019\u00e9tranger ! Citoyenne Alg\u00e9rienne bien publicis\u00e9e par la presse mainstream fran\u00e7aise lorsqu\u2019elle faisait de la subversion lors du hirak, elle devient subitement citoyenne fran\u00e7aise apr\u00e8s son exfiltration\u00a0!<\/p>\n<p class=\"ydpaa7ca484yiv7808402712ydpdbe32cbcMsoNormal\">L\u2019autre invit\u00e9 choisi, pour cette occasion, est\u00a0<strong>Moncef Marzouki<\/strong>\u00a0l\u2019ex chef d\u2019\u00c9tat de Tunisie d\u00e9sign\u00e9, un ami des \u2018\u2018fr\u00e8res musulmans\u2019\u2019, surnomm\u00e9 le \u00ab\u00a0tartour\u00a0\u00bb (pantin) par les Tunisiens.\u00a0Son intervention \u00e9tait de charger le\u00a0<strong>pr\u00e9sident \u00e9lu Ka\u00efs Sa\u00efed<\/strong>\u00a0le qualifiant de \u00ab putschiste \u00bb, d\u2019\u00eatre responsable d\u2019un \u00ab ensemble de catastrophes politiques, \u00e9conomiques, et diplomatiques \u00bb, de couper la Tunisie de \u00ab son milieu africain \u00bb, d\u2019avoir cr\u00e9\u00e9 un \u00ab division entre Tunis et Rabat \u00bb, d\u2019avoir ramen\u00e9 la Tunisie \u00ab trente ans en arri\u00e8re \u00bb. On retient entre autres de ses livres, \u00ab\u00a0<i>On gagne\u2026ou on gagne. Pour un printemps arabe<\/i>\u00a0\u00bb.<\/p>\n<p class=\"ydpaa7ca484yiv7808402712ydpdbe32cbcMsoNormal\">Son hostilit\u00e9 \u00e0 l\u2019Alg\u00e9rie est bien visible par ses positions pro makhzen sur la fermeture des fronti\u00e8res et le blocage par l\u2019Alg\u00e9rie de \u00ab l\u2019Union Maghr\u00e9bine \u00bb.<\/p>\n<p class=\"ydpaa7ca484yiv7808402712ydpdbe32cbcMsoNormal\">Dans son article intitul\u00e9 \u00ab\u00a0<i>Sale temps pour le Tartour de Tunis<\/i>\u00a0\u00bb, le professeur Bensaada met \u00e0 nu ses errances politiques sulfureuses. Dans sa conclusion, il le qualifie de \u00ab\u00a0<i>Droit de l\u00a0\u00bbhommiste d\u00e9voy\u00e9, politicard rat\u00e9, va-t-en-guerre inv\u00e9t\u00e9r\u00e9, \u2018\u2018islamawiste\u2019\u2019 haineux, ce Don Quichotte en burnous a fini par se battre contre les moulins de son propre pays. Va-t-il finalement en tirer des le\u00e7ons et s\u2019\u00e9vaporer dans la nature pour ne plus continuer \u00e0 polluer tout ce qu\u2019il touche ?\u00a0<\/i>\u00bb<\/p>\n<p class=\"ydpaa7ca484yiv7808402712ydpdbe32cbcMsoNormal\">Rappelons qu\u2019\u00e0 la parution du livre\u00a0du professeur Bensaada\u00a0<i>\u00ab Qui sont ces t\u00e9nors autoproclam\u00e9s du Hirak alg\u00e9rien ? \u00bb<\/i>, les premiers \u00e0 avoir r\u00e9agi de mani\u00e8re violente et sordide est l\u2019organisation islamiste \u2018\u2018Rachad\u2019\u2019 qui produit pr\u00e9cipitamment un livre collectif, en r\u00e9ponse, pr\u00e9fac\u00e9 par\u2026 Moncef Marzouki.<\/p>\n<h2 class=\"ydpaa7ca484yiv7808402712ydpdbe32cbcMsoNormal\">Au-del\u00e0 de ces deux \u2018\u2018invit\u00e9s\u2019\u2019\u00a0: une France inhib\u00e9e<b>\u00a0!<\/b><\/h2>\n<p class=\"ydpaa7ca484yiv7808402712ydpdbe32cbcMsoNormal\">Au-del\u00e0 des deux \u2018\u2018invit\u00e9s\u2019\u2019, cette action fran\u00e7aise viole d\u00e9lib\u00e9r\u00e9ment les r\u00e8gles et usages des relations internationales au d\u00e9triment d\u2019\u00c9tats souverains. Les planificateurs de cet acte n\u2019ont cure des cons\u00e9quences pr\u00e9visibles sur les relations avec l\u2019Alg\u00e9rie, la Tunisie, au m\u00eame moment o\u00f9 le Pr\u00e9sident Macron s\u2019\u00e9vertue \u00e0 convaincre des pays africains \u00e0 rester dans l\u2019espace, \u00e9conomique, politique et culturel fran\u00e7ais en vertu de sa \u00ab \u00ab\u00a0nouvelle relation \u00bb avec l\u2019Afrique qui est annonc\u00e9e plus \u00e9quilibr\u00e9e et respectueuse des \u00c9tats. Cette grave m\u00e9prise constitue la preuve \u00e9clatante de sa non cr\u00e9dibilit\u00e9, malgr\u00e9 tous les narratifs et rh\u00e9toriques qu\u2019il pourrait leur d\u00e9biter\u00a0!<\/p>\n<p class=\"ydpaa7ca484yiv7808402712ydpdbe32cbcMsoNormal\">La France officielle, embastill\u00e9e dans son arrogance et sa mentalit\u00e9 n\u00e9ocoloniale ne pourra \u00eatre digne de confiance en restant fig\u00e9e dans les m\u00eames travers et syst\u00e8mes de pens\u00e9es malsains qui ont pr\u00e9valu durant la colonisation puis le n\u00e9ocolonialisme qui persistent encore sous des formes et concepts plus sournois.<\/p>\n<p class=\"ydpaa7ca484yiv7808402712ydpdbe32cbcMsoNormal\">A voir le t\u00eate-\u00e0-t\u00eate entre les Pr\u00e9sidents F. Tshisekedi et E. Macron face \u00e0 la presse, on s\u2019aper\u00e7oit que le foss\u00e9 est encore assez large pour esp\u00e9rer des relations de confiances et \u00e9quilibr\u00e9es. (\u00e9couter la vid\u00e9o suivante \u00e0 partir de 2.24.50, jusqu\u2019\u00e0 2.46.00).<\/p>\n<p><iframe title=\"YouTube video player\" src=\"https:\/\/www.youtube.com\/embed\/UfRNYGGMUpM\" width=\"690\" height=\"400\" frameborder=\"0\" allowfullscreen=\"allowfullscreen\" data-mce-fragment=\"1\"><\/iframe><\/p>\n<p class=\"ydpaa7ca484yiv7808402712ydpdbe32cbcMsoNormal\">La France gagnerait bien plus en confiance et en cr\u00e9dibilit\u00e9 si ses dirigeants d\u00e9fendaient les int\u00e9r\u00eats de la France au lieu de ceux des USA au d\u00e9triment des siens\u00a0!<\/p>\n<p class=\"ydpaa7ca484yiv7808402712ydpdbe32cbcMsoNormal\">Quand les Africains voient cette France devenir depuis quelques ann\u00e9es une d\u00e9pendance am\u00e9ricaine, voire un faire-valoir, il n\u2019est pas \u00e9tonnant qu\u2019ils r\u00e9pondent au moins par l\u2019inconsid\u00e9ration.<\/p>\n<p class=\"ydpaa7ca484yiv7808402712ydpdbe32cbcMsoNormal\">Un twitternaute a jug\u00e9 qu\u2019avec les propos \u00ab\u00a0<i>la France n\u2019a plus de pr\u00e9 carr\u00e9 en Afrique<\/i>\u00a0\u00bb, il aurait pu rajouter \u00ab puisque nous sommes dans le pr\u00e9 carr\u00e9 am\u00e9ricain \u00bb.<\/p>\n<p class=\"ydpaa7ca484yiv7808402712ydpdbe32cbcMsoNormal\">Sp\u00e9culer sur le fait que de simples annonces flatteuses telles \u00ab\u00a0l\u2019\u00e8re de la Fran\u00e7afrique est r\u00e9volue\u00a0\u00bb, \u00ab\u00a0la France\u00a0interlocuteur neutre\u00a0\u00bb sur le continent, \u00ab\u00a0adoption d\u2019une posture de modestie et d\u2019\u00e9coute\u00a0\u00bb, \u00ab\u00a0cogestion des bases militaires\u00a0\u00bb suffisent \u00e0 inverser le sentiment de haine et de rejet des africains \u00e0 l\u2019\u00e9gard des anciens colonisateurs puis n\u00e9o-colonisateurs, c\u2019est soit se bercer d\u2019illusions soit prendre encore les africains pour des idiots\u00a0! Les Africains fondent dor\u00e9navant leurs opinions sur la r\u00e9alit\u00e9. Ils savent mieux que quiconque ce qu\u2019ont \u00e9t\u00e9 les anciennes puissances coloniales, leur n\u00e9ocolonialisme actuel, leurs ing\u00e9rences et manigances. Ils savent choisir leurs partenaires et distinguer le bon grain de l\u2019ivraie\u00a0! Ce n\u2019est pas le discours thurif\u00e9raire de Macron qui fera de la Russie et la Chine des diables et de la France un ange\u00a0! Le fait m\u00eame de se d\u00e9placer en Afrique pour leur r\u00e9it\u00e9rer, avec culot, des boniments \u00e9cul\u00e9s en croyant toujours les convaincre est d\u00e9j\u00e0 une attitude arrogante.<\/p>\n<p class=\"ydpaa7ca484yiv7808402712ydpdbe32cbcMsoNormal\">Les r\u00e9actions hostiles \u00e0 cette visite viennent essentiellement de France\u00a0!\u00a0\u00ab\u00a0<i>L\u2019arrogance de Macron est la meilleure chose qui soit arriv\u00e9e \u00e0 l\u2019Afrique francophone, depuis les ind\u00e9pendances<\/i>\u00a0\u00bb, a lanc\u00e9 un twitternaute.<\/p>\n<p class=\"ydpaa7ca484yiv7808402712ydpdbe32cbcMsoNormal\">\u00ab\u00a0<i>Qui le croit ?\u00a0<\/i>\u00bb se demande Fran\u00e7ois Asselineau<i>. \u00ab\u00a0Avec arrogance et n\u2019\u00e9coutant personne, Macron annonce que sa \u00ab\u00a0strat\u00e9gie pour l\u2019Afrique\u00a0\u00bb consiste \u00e0 \u00ab\u00a0adopter une posture plus claire\u2026 de modestie et d\u2019\u00e9coute\u00a0\u00bb. C\u2019est aussi cr\u00e9dible que Palmade fustigeant les chauffards et s\u2019indignant des ravages de la drogue<\/i>\u00a0\u00bb.<\/p>\n<p class=\"ydpaa7ca484yiv7808402712ydpdbe32cbcMsoNormal\">Pour Florian Philippot \u00ab\u00a0<i>La tourn\u00e9e de Macron en Afrique est jug\u00e9e par Florian Philippot de calamiteuse\u2026 des choix curieux\u2026 et une strat\u00e9gie \u00e9trange\u2026il multiple les gaffes\u2026 il est rabrou\u00e9 et humili\u00e9 en permanence \u2026\u00a0<\/i>(surtout en RDC) \u00bb. Selon lui \u00ab\u00a0<i>Macron est bien l\u00e0 pour d\u00e9truire la France et ses int\u00e9r\u00eats ! Arr\u00eatons-le d\u2019urgence<\/i>\u00a0! \u00bb. Il s\u2019adresse aux africains \u00ab\u00a0<i>ne r\u00e9duisez la France \u00e0 Macron<\/i>\u00a0\u00bb.<\/p>\n<p class=\"ydpaa7ca484yiv7808402712ydpdbe32cbcMsoNormal\">D\u2019autres ont vu dans les propos de Macron autre chose :<\/p>\n<blockquote>\n<p class=\"ydpaa7ca484yiv7808402712ydpdbe32cbcMsoNormal\">\u00ab\u00a0<i>Macron veut dire, nous avons besoin des pays africains et des DOM-TOM pour continuer \u00e0 leur prendre leurs richesses naturelles comme le gaz, p\u00e9trole, et les minerais pr\u00e9cieux\u2026<\/i>\u00a0\u00bb<\/p>\n<\/blockquote>\n<p class=\"ydpaa7ca484yiv7808402712ydpdbe32cbcMsoNormal\">Selon un m\u00e9dia africain, les jeunes (Africains), contestent carr\u00e9ment la pr\u00e9sence de la France dans leur pays !<\/p>\n<blockquote>\n<p class=\"ydpaa7ca484yiv7808402712ydpdbe32cbcMsoNormal\">\u00ab\u00a0<i>Pour la jeunesse africaine consciente, il ne s\u2019agit ni de r\u00e9duire les effectifs militaires fran\u00e7ais ni de cog\u00e9rer les bases militaires, mais de les fermer purement et simplement et d\u2019envoyer les soldats fran\u00e7ais en Ukraine dont la population a plus de ressemblance que les Noirs avec celle de France, de demander pardon et de verser des r\u00e9parations aux descendants d\u2019esclaves d\u2019Afrique pour l\u2019esclavage (4 si\u00e8cles), la colonisation et le n\u00e9ocolonialisme subis par les Noirs.<\/i>\u00a0\u00bb (Jean-Claude Djereke, in Cameroon Voice)<\/p>\n<\/blockquote>\n<p class=\"ydpaa7ca484yiv7808402712ydpdbe32cbcMsoNormal\">Une gabonaise face aux pr\u00e9sidents Fran\u00e7ais et Gabonais leur fait cette proposition\u00a0:\u00ab\u00a0<i>les chefs d\u2019\u00e9tats et de gouvernements c\u2019est \u00e0 vous et \u00e0 nous de prot\u00e9ger notre foret ; on ne va pas attendre les occidentaux pour venir le faire<\/i>\u00a0\u00bb (<a href=\"https:\/\/www.tiktok.com\/@cinkanse57\/video\/7206601064878017798\" target=\"_blank\" rel=\"nofollow noopener noreferrer\" shape=\"rect\">https:\/\/www.tiktok.com\/@cinkanse57\/video\/7206601064878017798<\/a>)<\/p>\n<p class=\"ydpaa7ca484yiv7808402712ydpdbe32cbcMsoNormal\"><strong>Lavrov<\/strong>\u00a0n\u2019a pas manqu\u00e9 aussi de donner son avis\u00a0en d\u00e9clarant<\/p>\n<blockquote>\n<p class=\"ydpaa7ca484yiv7808402712ydpdbe32cbcMsoNormal\">\u00ab\u00a0<i>La voix solidaire de l\u2019Afrique dans les affaires mondiales sonne de plus en plus juste, et nous nous f\u00e9licitons du processus d\u2019\u00e9mancipation globale des pays du continent. Cela est observable dans le r\u00e9tr\u00e9cissement de la sph\u00e8re d\u2019influence n\u00e9ocoloniale de la France en Afrique centrale et occidentale, ce qui provoque une r\u00e9action plut\u00f4t nerveuse \u00e0 Paris<\/i>\u00a0\u00bb.<\/p>\n<\/blockquote>\n<h2 class=\"ydpaa7ca484yiv7808402712ydpdbe32cbcMsoNormal\">Conclusion<\/h2>\n<p class=\"ydpaa7ca484yiv7808402712ydpdbe32cbcMsoNormal\">Il est clair que la France a perdu consid\u00e9rablement de son influence en Afrique devant la concurrence russe et chinoise et aussi turque. La tourn\u00e9e de Macron est d\u2019essayer de r\u00e9tablir cette influence perdue, mais que l\u2019arrogance et les tartuferies fran\u00e7aises emp\u00eachent de percevoir. La France est bien dans le cas des \u00ab Caract\u00e8res \u00bb que d\u00e9crit La Bruy\u00e8re \u00ab\u00a0<i>A quelques-uns l\u2019arrogance tient lieu de grandeur; l\u2019inhumanit\u00e9 de fermet\u00e9; et la fourberie, d\u2019esprit.\u00a0<\/i>\u00bb.<\/p>\n<p class=\"ydpaa7ca484yiv7808402712ydpdbe32cbcMsoNormal\">Les bonimenteurs manipulent par des discours \u00e9logieux pour mieux abrutir et mobiliser. De belles formules et d\u2019habiles manipulations \u2013 usant parfois de ce que l\u2019on appelle la psychologie invers\u00e9e \u2013 destin\u00e9es \u00e0 cacher les v\u00e9ritables objectifs en particulier celui de la subordination des \u00c9tats !<\/p>\n<p class=\"ydpaa7ca484yiv7808402712ydpdbe32cbcMsoNormal\">Pour ce faire, ils usent de tous les moyens de propagande que m\u00e8nent des organisations manipulatrices dites \u00ab\u00a0non-gouvernementales\u00a0\u00bb en y mettant les moyens financiers n\u00e9cessaires pour corrompre. Selon Wikip\u00e9dia, l\u2019ancien directeur de la CIA, William Colby, d\u00e9clarait en 1982, dans le Washington Post, \u00e0 propos du programme de la NED :<\/p>\n<blockquote>\n<p class=\"ydpaa7ca484yiv7808402712ydpdbe32cbcMsoNormal\">\u00ab\u00a0<i>Il n\u2019est pas n\u00e9cessaire de faire appel \u00e0 des m\u00e9thodes clandestines. Nombre des programmes qui [\u2026] \u00e9taient men\u00e9s en sous-main, peuvent d\u00e9sormais l\u2019\u00eatre au grand jour, et par voie de cons\u00e9quence, sans controverse\u00a0<\/i>\u00bb.<\/p>\n<\/blockquote>\n<p class=\"ydpaa7ca484yiv7808402712ydpdbe32cbcMsoNormal\">En 1991, un des fondateurs de la NED, Allen Weinstein, expliquait au Washington Post que \u00ab\u00a0<i>bien des choses qu\u2019ils<\/i>\u00a0[\u00e0 la NED]\u00a0<i>faisaient maintenant \u00e9taient faites clandestinement par la CIA 25 ans auparavant\u00a0<\/i>\u00bb.<\/p>\n<p class=\"ydpaa7ca484yiv7808402712ydpdbe32cbcMsoNormal\">Ces ONG b\u00e9n\u00e9ficient de financements am\u00e9ricains, vot\u00e9s par le Congr\u00e8s, par le biais de la NED (National Endowment for Democracy), l\u2019Agence des \u00c9tats-Unis pour le d\u00e9veloppement international (USAID) l\u2019International Republican Institute (IRI), le National Democratic Institute for International Affairs (NDI), et la Freedom House (FH).D\u2019autres sont financ\u00e9s par des capitaux priv\u00e9s comme l\u2019Open Society Institute (OSI), fondation de George Soros, et \u00e9galement de multinationales am\u00e9ricaines, telles que Chevron, Coca-Cola, Goldman Sachs, Google, Microsoft, etc., ainsi que d\u2019institutions publiques comme la Chambre de commerce des \u00c9tats-Unis. Tous ces organismes sont impliqu\u00e9s dans les \u00ab r\u00e9volutions color\u00e9es \u00bb que d\u00e9crit le Dr Ahmed Bensaada dans son \u00ab\u00a0<i>Arabesque$: Enqu\u00eate sur le r\u00f4le des USA dans les r\u00e9voltes arabes<\/i>\u00a0\u00bb.<\/p>\n<p class=\"ydpaa7ca484yiv7808402712ydpdbe32cbcMsoNormal\">Bien que la France en soit elle-m\u00eame victime des pressions am\u00e9ricaines par le biais de ces \u00ab ONG \u00bb, elle trouve le culot d\u2019user, m\u00e9diocrement, des m\u00eames m\u00e9thodes pour imposer sa politique nuisible en Afrique. Cependant, ses r\u00e9seaux pour \u00ab exporter \u00bb sa \u00ab d\u00e9mocratie \u00bb, ses \u00ab droits de l\u2019homme \u00bb et ses \u00ab libert\u00e9s \u00bb ne sont pas assez \u00e9labor\u00e9s que ceux des USA, eux-m\u00eames non-consistant et en perte de vitesse.<\/p>\n<p class=\"ydpaa7ca484yiv7808402712ydpdbe32cbcMsoNormal\">\u2013\u00a0La France officielle doit, \u00e0 notre sens, se d\u00e9barrasser de ses psychoses qui l\u2019emp\u00eachent de discerner le r\u00e9el de l\u2019irr\u00e9el, la r\u00e9flexion de l\u2019\u00e9motionnel ; se d\u00e9gager de sa vision chauvine et manich\u00e9enne dans sa politique ext\u00e9rieure globale et africaine en particulier ; sortir de ses r\u00eaveries et de son complexe de sup\u00e9riorit\u00e9 paralysant ; rompre avec ses mensonges, manipulations et propagande que sa presse aux ordres perroquetant leurs maitres ; revenir \u00e0 l\u2019ordre international bas\u00e9 sur le droit international onusien et non un ordre bas\u00e9 sur les \u00ab r\u00e8gles \u00bb qu\u2019\u00e9dictent les \u00c9tats-Unis. Il faut aussi qu\u2019elle soit sinc\u00e8re, rationnelle dans ses actions tout en s\u2019abstenant de s\u2019ing\u00e9rer dans les affaires, d\u2019autres \u00c9tats, qui ne la regardent pas ; apprendre \u00e0 vivre dans les limites de ses propres moyens et non au-dessus en accaparant ind\u00fbment les richesses de certains pays.<\/p>\n<p class=\"ydpaa7ca484yiv7808402712ydpdbe32cbcMsoNormal\">\u2013 Les Africains ne sont plus ceux que la doxa occidentale assimile encore \u00e0 leurs parents, grands-parents. Sa jeunesse est plus instruite, consciente, opini\u00e2tre et r\u00e9sistante. Cette jeunesse doit se prendre en main en contribuant au d\u00e9veloppement de leur pays, de leur Afrique, au lieu de s\u2019aventurer dangereusement \u00e0 s\u2019exiler clandestinement vers une Europe qui n\u2019est pas celle qu\u2019elle croit. Elle ne doit surtout pas se laisser berner par ceux qui ont vendu leur \u00e2me au diable en optant pour la f\u00e9lonie afin d\u2019esp\u00e9rer obtenir des avantages au go\u00fbt malsain et qui au final demeureront indignes et inf\u00e2mes, m\u00eame pour leurs ma\u00eetres\/employeurs ! Certains dirigeants africains doivent, de leur c\u00f4t\u00e9, redoubler d\u2019efforts et de courage pour prot\u00e9ger mordicus les int\u00e9r\u00eats de leur pays. L\u2019aisance et la s\u00e9curit\u00e9, m\u00eame \u00e0 minima, se trouve chez soi. Comme on dit en Alg\u00e9rie (ou Maghreb) \u00ab\u00a0<i>orge de mon pays vaut mieux que bl\u00e9 \u00e9tranger<\/i>\u00a0\u00bb. L\u2019Europe ce n\u2019est pas le \u00ab\u00a0paradis\u00a0\u00bb, c\u2019est la mer \u00e0 boire\u00a0pour les africains !<\/p>\n<div><strong>Amar Djerrad<\/strong><\/div>\n<div>\n<div class=\"copyright\">La source originale de cet article est Mondialisation.ca<\/div>\n<div class=\"copyright\">Copyright \u00a9\u00a0<a title=\"Articles par Amar Djerrad\" href=\"https:\/\/www.mondialisation.ca\/author\/amar-djerrad\">Amar Djerrad<\/a>, Mondialisation.ca, 2023<\/div>\n<\/div>\n","protected":false},"excerpt":{"rendered":"<p>Dans le sillage des bourdes r\u00e9currentes de la politique fran\u00e7aise en Afrique et tout r\u00e9cemment de cette funeste action de barbouzerie relative&hellip;<\/p>\n","protected":false},"author":1,"featured_media":72313,"comment_status":"open","ping_status":"open","sticky":false,"template":"","format":"standard","meta":{"_lmt_disableupdate":"","_lmt_disable":"","footnotes":""},"categories":[49],"tags":[],"class_list":["post-72310","post","type-post","status-publish","format-standard","has-post-thumbnail","hentry","category-politique"],"yoast_head":"<!-- This site is optimized with the Yoast SEO plugin v27.3 - https:\/\/yoast.com\/product\/yoast-seo-wordpress\/ -->\n<title>Dans le sillage des bourdes r\u00e9currentes de la politique fran\u00e7aise en Afrique - AAH.JZR<\/title>\n<meta name=\"robots\" content=\"index, follow, max-snippet:-1, max-image-preview:large, max-video-preview:-1\" \/>\n<link rel=\"canonical\" href=\"https:\/\/jazairhope.org\/fr\/dans-le-sillage-des-bourdes-recurrentes-de-la-politique-francaise-en-afrique\/\" \/>\n<meta property=\"og:locale\" content=\"fr_FR\" \/>\n<meta property=\"og:type\" content=\"article\" \/>\n<meta property=\"og:title\" content=\"Dans le sillage des bourdes r\u00e9currentes de la politique fran\u00e7aise en Afrique - AAH.JZR\" \/>\n<meta property=\"og:description\" content=\"Dans le sillage des bourdes r\u00e9currentes de la politique fran\u00e7aise en Afrique et tout r\u00e9cemment de cette funeste action de barbouzerie relative&hellip;\" \/>\n<meta property=\"og:url\" content=\"https:\/\/jazairhope.org\/fr\/dans-le-sillage-des-bourdes-recurrentes-de-la-politique-francaise-en-afrique\/\" \/>\n<meta property=\"og:site_name\" content=\"AAH.JZR\" \/>\n<meta property=\"article:publisher\" content=\"https:\/\/www.facebook.com\/jazairhope\" \/>\n<meta property=\"article:published_time\" content=\"2023-03-16T00:00:59+00:00\" \/>\n<meta property=\"og:image\" content=\"https:\/\/jazairhope.org\/wp-content\/uploads\/2023\/03\/jh-3.png\" \/>\n\t<meta property=\"og:image:width\" content=\"768\" \/>\n\t<meta property=\"og:image:height\" content=\"387\" \/>\n\t<meta property=\"og:image:type\" content=\"image\/png\" \/>\n<meta name=\"author\" content=\"Ssuperadmin\" \/>\n<meta name=\"twitter:card\" content=\"summary_large_image\" \/>\n<meta name=\"twitter:label1\" content=\"\u00c9crit par\" \/>\n\t<meta name=\"twitter:data1\" content=\"Ssuperadmin\" \/>\n\t<meta name=\"twitter:label2\" content=\"Dur\u00e9e de lecture estim\u00e9e\" \/>\n\t<meta name=\"twitter:data2\" content=\"11 minutes\" \/>\n<script type=\"application\/ld+json\" class=\"yoast-schema-graph\">{\"@context\":\"https:\\\/\\\/schema.org\",\"@graph\":[{\"@type\":\"Article\",\"@id\":\"https:\\\/\\\/jazairhope.org\\\/fr\\\/dans-le-sillage-des-bourdes-recurrentes-de-la-politique-francaise-en-afrique\\\/#article\",\"isPartOf\":{\"@id\":\"https:\\\/\\\/jazairhope.org\\\/fr\\\/dans-le-sillage-des-bourdes-recurrentes-de-la-politique-francaise-en-afrique\\\/\"},\"author\":{\"name\":\"Ssuperadmin\",\"@id\":\"https:\\\/\\\/jazairhope.org\\\/fr\\\/#\\\/schema\\\/person\\\/43650ebd889d8960700b5456ed9264c4\"},\"headline\":\"Dans le sillage des bourdes r\u00e9currentes de la politique fran\u00e7aise en Afrique\",\"datePublished\":\"2023-03-16T00:00:59+00:00\",\"mainEntityOfPage\":{\"@id\":\"https:\\\/\\\/jazairhope.org\\\/fr\\\/dans-le-sillage-des-bourdes-recurrentes-de-la-politique-francaise-en-afrique\\\/\"},\"wordCount\":2783,\"commentCount\":1,\"image\":{\"@id\":\"https:\\\/\\\/jazairhope.org\\\/fr\\\/dans-le-sillage-des-bourdes-recurrentes-de-la-politique-francaise-en-afrique\\\/#primaryimage\"},\"thumbnailUrl\":\"https:\\\/\\\/jazairhope.org\\\/wp-content\\\/uploads\\\/2023\\\/03\\\/jh-3.png\",\"articleSection\":[\"Politique\"],\"inLanguage\":\"fr-FR\",\"potentialAction\":[{\"@type\":\"CommentAction\",\"name\":\"Comment\",\"target\":[\"https:\\\/\\\/jazairhope.org\\\/fr\\\/dans-le-sillage-des-bourdes-recurrentes-de-la-politique-francaise-en-afrique\\\/#respond\"]}]},{\"@type\":\"WebPage\",\"@id\":\"https:\\\/\\\/jazairhope.org\\\/fr\\\/dans-le-sillage-des-bourdes-recurrentes-de-la-politique-francaise-en-afrique\\\/\",\"url\":\"https:\\\/\\\/jazairhope.org\\\/fr\\\/dans-le-sillage-des-bourdes-recurrentes-de-la-politique-francaise-en-afrique\\\/\",\"name\":\"Dans le sillage des bourdes r\u00e9currentes de la politique fran\u00e7aise en Afrique - AAH.JZR\",\"isPartOf\":{\"@id\":\"https:\\\/\\\/jazairhope.org\\\/fr\\\/#website\"},\"primaryImageOfPage\":{\"@id\":\"https:\\\/\\\/jazairhope.org\\\/fr\\\/dans-le-sillage-des-bourdes-recurrentes-de-la-politique-francaise-en-afrique\\\/#primaryimage\"},\"image\":{\"@id\":\"https:\\\/\\\/jazairhope.org\\\/fr\\\/dans-le-sillage-des-bourdes-recurrentes-de-la-politique-francaise-en-afrique\\\/#primaryimage\"},\"thumbnailUrl\":\"https:\\\/\\\/jazairhope.org\\\/wp-content\\\/uploads\\\/2023\\\/03\\\/jh-3.png\",\"datePublished\":\"2023-03-16T00:00:59+00:00\",\"author\":{\"@id\":\"https:\\\/\\\/jazairhope.org\\\/fr\\\/#\\\/schema\\\/person\\\/43650ebd889d8960700b5456ed9264c4\"},\"breadcrumb\":{\"@id\":\"https:\\\/\\\/jazairhope.org\\\/fr\\\/dans-le-sillage-des-bourdes-recurrentes-de-la-politique-francaise-en-afrique\\\/#breadcrumb\"},\"inLanguage\":\"fr-FR\",\"potentialAction\":[{\"@type\":\"ReadAction\",\"target\":[\"https:\\\/\\\/jazairhope.org\\\/fr\\\/dans-le-sillage-des-bourdes-recurrentes-de-la-politique-francaise-en-afrique\\\/\"]}]},{\"@type\":\"ImageObject\",\"inLanguage\":\"fr-FR\",\"@id\":\"https:\\\/\\\/jazairhope.org\\\/fr\\\/dans-le-sillage-des-bourdes-recurrentes-de-la-politique-francaise-en-afrique\\\/#primaryimage\",\"url\":\"https:\\\/\\\/jazairhope.org\\\/wp-content\\\/uploads\\\/2023\\\/03\\\/jh-3.png\",\"contentUrl\":\"https:\\\/\\\/jazairhope.org\\\/wp-content\\\/uploads\\\/2023\\\/03\\\/jh-3.png\",\"width\":768,\"height\":387},{\"@type\":\"BreadcrumbList\",\"@id\":\"https:\\\/\\\/jazairhope.org\\\/fr\\\/dans-le-sillage-des-bourdes-recurrentes-de-la-politique-francaise-en-afrique\\\/#breadcrumb\",\"itemListElement\":[{\"@type\":\"ListItem\",\"position\":1,\"name\":\"Accueil\",\"item\":\"https:\\\/\\\/jazairhope.org\\\/fr\\\/\"},{\"@type\":\"ListItem\",\"position\":2,\"name\":\"Dans le sillage des bourdes r\u00e9currentes de la politique fran\u00e7aise en Afrique\"}]},{\"@type\":\"WebSite\",\"@id\":\"https:\\\/\\\/jazairhope.org\\\/fr\\\/#website\",\"url\":\"https:\\\/\\\/jazairhope.org\\\/fr\\\/\",\"name\":\"AAH.JZR\",\"description\":\"Environment, Health, Science, Art, Economics\",\"potentialAction\":[{\"@type\":\"SearchAction\",\"target\":{\"@type\":\"EntryPoint\",\"urlTemplate\":\"https:\\\/\\\/jazairhope.org\\\/fr\\\/?s={search_term_string}\"},\"query-input\":{\"@type\":\"PropertyValueSpecification\",\"valueRequired\":true,\"valueName\":\"search_term_string\"}}],\"inLanguage\":\"fr-FR\"},{\"@type\":\"Person\",\"@id\":\"https:\\\/\\\/jazairhope.org\\\/fr\\\/#\\\/schema\\\/person\\\/43650ebd889d8960700b5456ed9264c4\",\"name\":\"Ssuperadmin\",\"image\":{\"@type\":\"ImageObject\",\"inLanguage\":\"fr-FR\",\"@id\":\"https:\\\/\\\/secure.gravatar.com\\\/avatar\\\/b4068e88b9c557952c81ca0efc4e11e19a2ed480173b8cef95a240894b16bf22?s=96&d=mm&r=g\",\"url\":\"https:\\\/\\\/secure.gravatar.com\\\/avatar\\\/b4068e88b9c557952c81ca0efc4e11e19a2ed480173b8cef95a240894b16bf22?s=96&d=mm&r=g\",\"contentUrl\":\"https:\\\/\\\/secure.gravatar.com\\\/avatar\\\/b4068e88b9c557952c81ca0efc4e11e19a2ed480173b8cef95a240894b16bf22?s=96&d=mm&r=g\",\"caption\":\"Ssuperadmin\"},\"sameAs\":[\"https:\\\/\\\/jazairhope.org\"],\"url\":\"https:\\\/\\\/jazairhope.org\\\/fr\\\/author\\\/superadmin\\\/\"}]}<\/script>\n<!-- \/ Yoast SEO plugin. -->","yoast_head_json":{"title":"Dans le sillage des bourdes r\u00e9currentes de la politique fran\u00e7aise en Afrique - AAH.JZR","robots":{"index":"index","follow":"follow","max-snippet":"max-snippet:-1","max-image-preview":"max-image-preview:large","max-video-preview":"max-video-preview:-1"},"canonical":"https:\/\/jazairhope.org\/fr\/dans-le-sillage-des-bourdes-recurrentes-de-la-politique-francaise-en-afrique\/","og_locale":"fr_FR","og_type":"article","og_title":"Dans le sillage des bourdes r\u00e9currentes de la politique fran\u00e7aise en Afrique - AAH.JZR","og_description":"Dans le sillage des bourdes r\u00e9currentes de la politique fran\u00e7aise en Afrique et tout r\u00e9cemment de cette funeste action de barbouzerie relative&hellip;","og_url":"https:\/\/jazairhope.org\/fr\/dans-le-sillage-des-bourdes-recurrentes-de-la-politique-francaise-en-afrique\/","og_site_name":"AAH.JZR","article_publisher":"https:\/\/www.facebook.com\/jazairhope","article_published_time":"2023-03-16T00:00:59+00:00","og_image":[{"width":768,"height":387,"url":"https:\/\/jazairhope.org\/wp-content\/uploads\/2023\/03\/jh-3.png","type":"image\/png"}],"author":"Ssuperadmin","twitter_card":"summary_large_image","twitter_misc":{"\u00c9crit par":"Ssuperadmin","Dur\u00e9e de lecture estim\u00e9e":"11 minutes"},"schema":{"@context":"https:\/\/schema.org","@graph":[{"@type":"Article","@id":"https:\/\/jazairhope.org\/fr\/dans-le-sillage-des-bourdes-recurrentes-de-la-politique-francaise-en-afrique\/#article","isPartOf":{"@id":"https:\/\/jazairhope.org\/fr\/dans-le-sillage-des-bourdes-recurrentes-de-la-politique-francaise-en-afrique\/"},"author":{"name":"Ssuperadmin","@id":"https:\/\/jazairhope.org\/fr\/#\/schema\/person\/43650ebd889d8960700b5456ed9264c4"},"headline":"Dans le sillage des bourdes r\u00e9currentes de la politique fran\u00e7aise en Afrique","datePublished":"2023-03-16T00:00:59+00:00","mainEntityOfPage":{"@id":"https:\/\/jazairhope.org\/fr\/dans-le-sillage-des-bourdes-recurrentes-de-la-politique-francaise-en-afrique\/"},"wordCount":2783,"commentCount":1,"image":{"@id":"https:\/\/jazairhope.org\/fr\/dans-le-sillage-des-bourdes-recurrentes-de-la-politique-francaise-en-afrique\/#primaryimage"},"thumbnailUrl":"https:\/\/jazairhope.org\/wp-content\/uploads\/2023\/03\/jh-3.png","articleSection":["Politique"],"inLanguage":"fr-FR","potentialAction":[{"@type":"CommentAction","name":"Comment","target":["https:\/\/jazairhope.org\/fr\/dans-le-sillage-des-bourdes-recurrentes-de-la-politique-francaise-en-afrique\/#respond"]}]},{"@type":"WebPage","@id":"https:\/\/jazairhope.org\/fr\/dans-le-sillage-des-bourdes-recurrentes-de-la-politique-francaise-en-afrique\/","url":"https:\/\/jazairhope.org\/fr\/dans-le-sillage-des-bourdes-recurrentes-de-la-politique-francaise-en-afrique\/","name":"Dans le sillage des bourdes r\u00e9currentes de la politique fran\u00e7aise en Afrique - AAH.JZR","isPartOf":{"@id":"https:\/\/jazairhope.org\/fr\/#website"},"primaryImageOfPage":{"@id":"https:\/\/jazairhope.org\/fr\/dans-le-sillage-des-bourdes-recurrentes-de-la-politique-francaise-en-afrique\/#primaryimage"},"image":{"@id":"https:\/\/jazairhope.org\/fr\/dans-le-sillage-des-bourdes-recurrentes-de-la-politique-francaise-en-afrique\/#primaryimage"},"thumbnailUrl":"https:\/\/jazairhope.org\/wp-content\/uploads\/2023\/03\/jh-3.png","datePublished":"2023-03-16T00:00:59+00:00","author":{"@id":"https:\/\/jazairhope.org\/fr\/#\/schema\/person\/43650ebd889d8960700b5456ed9264c4"},"breadcrumb":{"@id":"https:\/\/jazairhope.org\/fr\/dans-le-sillage-des-bourdes-recurrentes-de-la-politique-francaise-en-afrique\/#breadcrumb"},"inLanguage":"fr-FR","potentialAction":[{"@type":"ReadAction","target":["https:\/\/jazairhope.org\/fr\/dans-le-sillage-des-bourdes-recurrentes-de-la-politique-francaise-en-afrique\/"]}]},{"@type":"ImageObject","inLanguage":"fr-FR","@id":"https:\/\/jazairhope.org\/fr\/dans-le-sillage-des-bourdes-recurrentes-de-la-politique-francaise-en-afrique\/#primaryimage","url":"https:\/\/jazairhope.org\/wp-content\/uploads\/2023\/03\/jh-3.png","contentUrl":"https:\/\/jazairhope.org\/wp-content\/uploads\/2023\/03\/jh-3.png","width":768,"height":387},{"@type":"BreadcrumbList","@id":"https:\/\/jazairhope.org\/fr\/dans-le-sillage-des-bourdes-recurrentes-de-la-politique-francaise-en-afrique\/#breadcrumb","itemListElement":[{"@type":"ListItem","position":1,"name":"Accueil","item":"https:\/\/jazairhope.org\/fr\/"},{"@type":"ListItem","position":2,"name":"Dans le sillage des bourdes r\u00e9currentes de la politique fran\u00e7aise en Afrique"}]},{"@type":"WebSite","@id":"https:\/\/jazairhope.org\/fr\/#website","url":"https:\/\/jazairhope.org\/fr\/","name":"AAH.JZR","description":"Environment, Health, Science, Art, Economics","potentialAction":[{"@type":"SearchAction","target":{"@type":"EntryPoint","urlTemplate":"https:\/\/jazairhope.org\/fr\/?s={search_term_string}"},"query-input":{"@type":"PropertyValueSpecification","valueRequired":true,"valueName":"search_term_string"}}],"inLanguage":"fr-FR"},{"@type":"Person","@id":"https:\/\/jazairhope.org\/fr\/#\/schema\/person\/43650ebd889d8960700b5456ed9264c4","name":"Ssuperadmin","image":{"@type":"ImageObject","inLanguage":"fr-FR","@id":"https:\/\/secure.gravatar.com\/avatar\/b4068e88b9c557952c81ca0efc4e11e19a2ed480173b8cef95a240894b16bf22?s=96&d=mm&r=g","url":"https:\/\/secure.gravatar.com\/avatar\/b4068e88b9c557952c81ca0efc4e11e19a2ed480173b8cef95a240894b16bf22?s=96&d=mm&r=g","contentUrl":"https:\/\/secure.gravatar.com\/avatar\/b4068e88b9c557952c81ca0efc4e11e19a2ed480173b8cef95a240894b16bf22?s=96&d=mm&r=g","caption":"Ssuperadmin"},"sameAs":["https:\/\/jazairhope.org"],"url":"https:\/\/jazairhope.org\/fr\/author\/superadmin\/"}]}},"views":257,"_links":{"self":[{"href":"https:\/\/jazairhope.org\/fr\/wp-json\/wp\/v2\/posts\/72310","targetHints":{"allow":["GET"]}}],"collection":[{"href":"https:\/\/jazairhope.org\/fr\/wp-json\/wp\/v2\/posts"}],"about":[{"href":"https:\/\/jazairhope.org\/fr\/wp-json\/wp\/v2\/types\/post"}],"author":[{"embeddable":true,"href":"https:\/\/jazairhope.org\/fr\/wp-json\/wp\/v2\/users\/1"}],"replies":[{"embeddable":true,"href":"https:\/\/jazairhope.org\/fr\/wp-json\/wp\/v2\/comments?post=72310"}],"version-history":[{"count":3,"href":"https:\/\/jazairhope.org\/fr\/wp-json\/wp\/v2\/posts\/72310\/revisions"}],"predecessor-version":[{"id":72312,"href":"https:\/\/jazairhope.org\/fr\/wp-json\/wp\/v2\/posts\/72310\/revisions\/72312"}],"wp:featuredmedia":[{"embeddable":true,"href":"https:\/\/jazairhope.org\/fr\/wp-json\/wp\/v2\/media\/72313"}],"wp:attachment":[{"href":"https:\/\/jazairhope.org\/fr\/wp-json\/wp\/v2\/media?parent=72310"}],"wp:term":[{"taxonomy":"category","embeddable":true,"href":"https:\/\/jazairhope.org\/fr\/wp-json\/wp\/v2\/categories?post=72310"},{"taxonomy":"post_tag","embeddable":true,"href":"https:\/\/jazairhope.org\/fr\/wp-json\/wp\/v2\/tags?post=72310"}],"curies":[{"name":"wp","href":"https:\/\/api.w.org\/{rel}","templated":true}]}}