{"id":7291,"date":"2020-12-31T18:54:10","date_gmt":"2020-12-31T23:54:10","guid":{"rendered":"https:\/\/jazairhope.org\/?p=7291"},"modified":"2020-12-31T18:54:10","modified_gmt":"2020-12-31T23:54:10","slug":"djamel-yalaoui-lavocat-qui-a-battu-le-diable","status":"publish","type":"post","link":"https:\/\/jazairhope.org\/fr\/djamel-yalaoui-lavocat-qui-a-battu-le-diable\/","title":{"rendered":"Djamel Yalaoui l&#8217;avocat qui a battu le diable"},"content":{"rendered":"<div class=\"article-inner\">\n<h2><strong>L&#8217;avocat Djamel Yalaoui interview\u00e9 par le journaliste <em><span lang=\"EN-US\">Mohsen Abdelmoumen<\/span><\/em><\/strong><\/h2>\n<p>journal: tribune diplomatique internationale<\/p>\n<p><em><strong><span lang=\"EN-US\">Mohsen Abdelmoumen\u00a0<\/span><span lang=\"EN-US\">: Pourquoi avez-vous d\u00e9fendu ma cause gratuitement?<\/span><\/strong><\/em><\/p>\n<p><strong><span lang=\"EN\">M. Djamal Yalaoui\u00a0<\/span><\/strong><strong><span lang=\"EN-US\">:\u00a0<\/span><\/strong><span lang=\"EN-US\">\u00a0Je n\u2019ai pas pris la vocation de D\u00e9fendre par hasard.\u00a0Tout dans ma carri\u00e8re, depuis le d\u00e9but de mon adolescence, \u00e9tait destin\u00e9 \u00e0 m\u2019engager dans la lutte pour les plus humbles \u2013 mes origines culturelles et sociales n\u2019y sont pas \u00e9trang\u00e8res \u2013 et pour la Justice.\u00a0Il m\u2019a sembl\u00e9, \u00e0 juste titre, \u00eatre une preuve pour d\u00e9fendre \u00abun f\u00e9lin harcel\u00e9 et maltrait\u00e9 par une bande d\u2019hy\u00e8nes sanguinaires\u00bb!<\/span><\/p>\n<p><span lang=\"EN-US\">Je d\u00e9fends Mohsen ABDELMOUMEN non pas comme un gracieux mais comme un faternal car nous partageons les m\u00eames valeurs et nous d\u00e9fendons les m\u00eames causes.\u00a0Mes principes sont au-dessus de l\u2019argent et m\u00eame au-dessus de ma personne.<\/span><\/p>\n<p><strong><span lang=\"EN-US\">Vous \u00eates un juriste \u00e9minent;\u00a0pouvez-vous nous dire s\u2019il y a diffamation ou calomnie dans ce cas?<\/span><\/strong><\/p>\n<div class=\"article_advertise\"><\/div>\n<p><span lang=\"EN-US\">Nous sommes en pr\u00e9sence d\u2019un cas d\u2019\u00e9cole de l\u2019application du principe juridique \u00abexceptio veritatis\u00bb ou exception de v\u00e9rit\u00e9.\u00a0Ce terme juridique, qui constitue une exception \u00e0 la r\u00e8gle g\u00e9n\u00e9rale, indique qu\u2019une personne poursuivie pour diffamation peut \u00e9chapper \u00e0 la condamnation si elle prouve la v\u00e9racit\u00e9 de ses all\u00e9gations ou d\u00e9nonciations.\u00a0Cependant, dans notre cas, Mohsen ABDELMOUMEN a qualifi\u00e9 l\u2019organisation Rachad d\u2019organisation \u00ab\u00a0terroriste\u00a0\u00bb en s\u2019appuyant sur les d\u00e9clarations des dirigeants de Rachad et plus pr\u00e9cis\u00e9ment sur celle de Mourad DHINA: \u00ab\u00a0Nous n\u2019avons pas \u00e0 sombrer dans la couverture m\u00e9diatique, la s\u00e9lection et la condamnation. (\u2026) Que ces intellectuels aient le courage d\u2019assumer la responsabilit\u00e9 de leurs actes, puissent-ils dire que nous sommes engag\u00e9s dans une guerre et que certains d\u2019entre nous ont pay\u00e9 de notre vie. Qu\u2019ils en fassent des martyrs. \u00bb .<\/span><\/p>\n<div class=\"article-related-inner\"><\/div>\n<p><span lang=\"EN-US\">De plus, les dirigeants de Rachad ont pour guide spirituel \u2013 en fait leur id\u00e9ologue \u2013 Hakim El MATERI qui est le Secr\u00e9taire G\u00e9n\u00e9ral de la Conf\u00e9rence de la Nation Islamique (\u00a0<\/span><span lang=\"EN-US\">le congr\u00e8s de l\u2019UMA\u00a0<\/span><span lang=\"EN-US\">), en particulier, et surtout ce dernier a l\u00e9gitim\u00e9 l\u2019assassinat par d\u00e9capitation. du professeur fran\u00e7ais d\u2019histoire et de g\u00e9ographie.\u00a0\u00c0 la lumi\u00e8re de ces br\u00e8ves observations, la r\u00e8gle de droit de l\u2019exception de la v\u00e9rit\u00e9 s\u2019applique pleinement dans notre cas pr\u00e9sent et, par cons\u00e9quent, la diffamation n\u2019est pas caract\u00e9ris\u00e9e.\u00a0Par cons\u00e9quent, la diffamation n\u2019existe pas l\u00e9galement dans notre cas.<\/span><\/p>\n<p><span lang=\"EN-US\"><br \/>\n<\/span><strong><span lang=\"EN-US\">Nous savons que l\u2019organisation terroriste Rashad est soumise \u00e0 un agenda sioniste.\u00a0Pourquoi pensez-vous que cette organisation, li\u00e9e au terrorisme international (Cf.\u00a0\u00a0<\/span><\/strong><strong><span lang=\"EN\">le\u00a0<\/span><\/strong><strong><span lang=\"EN-US\">congr\u00e8s\u00a0<\/span><\/strong><strong><span lang=\"EN\">UMA\u00a0\u00a0<\/span><\/strong><strong><span lang=\"EN-US\">de Hakim EL MATIRI), a cibl\u00e9 Mohsen ABDELMOUMEN?<\/span><\/strong><\/p>\n<p><span lang=\"EN-US\">Mohsen ABDELMOUMEN appartient \u00e0 cette rare cat\u00e9gorie de personnes dont la raison de vivre \u2013 le sel de sa vie \u2013 sont ses luttes contre l\u2019imp\u00e9rialisme, le sionisme et l\u2019injustice en g\u00e9n\u00e9ral.\u00a0\u00c0 plus d\u2019un titre, il est une cible privil\u00e9gi\u00e9e pour \u00abces gens\u00bb.\u00a0En effet, ils tentent de terroriser Mohsen ABDELMOUMEN qui est un adversaire de l\u2019ext\u00e9rieur!\u00a0Mon client est avant tout le symbole de la lutte contre les islamistes alg\u00e9riens, transfuge du FIS et autres \u2026 Apr\u00e8s les avoir affront\u00e9s en Alg\u00e9rie pendant une d\u00e9cennie, il est rattrap\u00e9 par \u00ab\u00a0ces gens\u00a0\u00bb en Belgique o\u00f9 il a v\u00e9cu depuis 2005. Je rappelle \u00e0 nos lecteurs qu\u2019en 2014 il fera l\u2019objet d\u2019une tentative d\u2019assassinat par balle.\u00a0Mohsen ABDELMOUMEN d\u00e9range \u00ab\u00a0ces gens\u00a0\u00bb parce que, comme il me l\u2019a rappel\u00e9, \u00ab\u00a0j\u2019\u00e9coute Rachad quand ils parlent, mais j\u2019entends ce qu\u2019ils ne disent pas \u2026<\/span><\/p>\n<p><strong><span lang=\"EN-US\">Pourquoi l\u2019organisation terroriste Rachad a-t-elle pris l\u2019Alg\u00e9rie comme une cible privil\u00e9gi\u00e9e?\u00a0Pourquoi vise-t-il l\u2019arm\u00e9e alg\u00e9rienne et les services de renseignement alg\u00e9riens?<\/span><\/strong><\/p>\n<p><span lang=\"EN-US\">Comme l\u2019a dit Bernanos, \u00ab\u00a0les \u00e9checs ne vous manqueront pas\u00a0\u00bb et les sionistes et leurs partisans ne manqueront pas l\u2019Alg\u00e9rie.<\/span><\/p>\n<p><span lang=\"EN-US\">Cependant, l\u2019organisation Rachad n\u2019est qu\u2019un conglom\u00e9rat de gens l\u00e2ches, m\u00e9diocres et frustr\u00e9s qui consid\u00e8rent que tous leurs \u00e9checs sont de la responsabilit\u00e9 de l\u2019Etat alg\u00e9rien.\u00a0L\u2019activisme total de l\u2019organisation Rachad n\u2019est qu\u2019un front de la grande offensive de l\u2019empire am\u00e9ricano-sioniste pour d\u00e9truire la souverainet\u00e9 des peuples et imposer leur agenda postcolonial!\u00a0L\u2019Alg\u00e9rie est aujourd\u2019hui en grand danger, tant \u00e0 l\u2019int\u00e9rieur qu\u2019\u00e0 l\u2019ext\u00e9rieur de ses fronti\u00e8res.\u00a0Je rappelle que l\u2019Alg\u00e9rie est le plus grand pays d\u2019Afrique, elle poss\u00e8de des richesses min\u00e9rales in\u00e9puisables, elle poss\u00e8de l\u2019arm\u00e9e la plus puissante et la plus exp\u00e9riment\u00e9e d\u2019Afrique et les services de renseignement alg\u00e9riens sont consid\u00e9r\u00e9s parmi les meilleurs au monde.\u00a0Les Alg\u00e9riens d\u2019Europe doivent \u00abse tenir pr\u00eats\u00bb \u00e0 faire face \u00e0 la menace que \u00abcertaines parties ennemies font peser sur la s\u00e9curit\u00e9\u00bb de l\u2019Alg\u00e9rie.\u00a0Il faut \u00ab\u00a0<\/span><\/p>\n<p><strong><span lang=\"EN-US\">R\u00e9cemment, il y a eu des r\u00e9v\u00e9lations publiques sur la cellule Rachad Benelux, pouvez-vous \u00e9clairer nos lecteurs \u00e0 ce sujet?<\/span><\/strong><\/p>\n<p><span lang=\"EN-US\">En effet, dans le cadre de notre contre-enqu\u00eate, nos investigations nous ont permis de mieux comprendre l\u2019organisation et les modes de fonctionnement de Rachad et de ses \u00abcellules, agences ou filiales\u00bb qui ont \u00e9t\u00e9 sem\u00e9es dans le monde entier.\u00a0J\u2019essaierai d\u2019\u00eatre synth\u00e9tique, en vous pr\u00e9cisant que je compte consacrer un article juridique \u00e0 une date ult\u00e9rieure uniquement \u00e0 ce sujet.<\/span><\/p>\n<p><span lang=\"EN-US\">Les \u00abidiots utiles et dociles\u00bb de RACHAD BENELUX (RBNL) sont, pour la vitrine officielle, constitu\u00e9s en association \u00e0 but non lucratif le 4 mai 2012 \u00e0 Bruxelles.\u00a0Cette association est une coquille vide.\u00a0Au d\u00e9part, ils \u00e9taient 4 individus, aujourd\u2019hui ils ne sont que 3: RAKIK Abderrahim, ALI AMMAR Hamid Abdelhak et ZITOUT Tahar.\u00a0Ensemble, ils forment l\u2019Assembl\u00e9e g\u00e9n\u00e9rale (tous les membres), le conseil d\u2019administration (les administrateurs) et l\u2019ex\u00e9cutif (pr\u00e9sident, tr\u00e9sorier, secr\u00e9taire).<\/span><\/p>\n<p><span lang=\"EN-US\">Cette structure n\u2019a qu\u2019une seule vocation: se donner une belle image m\u00e9diatique (\u00ab\u00a0Rachad veut \u00eatre un rassemblement politique, social et intellectuel pour un r\u00e9el changement du syst\u00e8me politique alg\u00e9rien\u00a0\u00bb \u2013 statut RBNL) et collecter des subventions publiques des Etats europ\u00e9ens et l\u2019Union europ\u00e9enne.\u00a0Comme vous pouvez le voir, RACHAD BENELUX, est insignifiant au niveau de son \u00abarm\u00e9e\u00bb mais a un r\u00e9el pouvoir de nuisance, comme toute nuisance, envers l\u2019Alg\u00e9rie et les pays d\u2019accueil o\u00f9 les gouvernements leur accordent le statut de r\u00e9fugi\u00e9s politiques, notamment.\u00a0Cependant, on d\u00e9couvre qu\u2019ils constituent \u00ab\u00a0en m\u00eame temps\u00a0\u00bb des myriades de soci\u00e9t\u00e9s commerciales (SPRL IDEAL, SPRL ROYAL, SPRL TRADING \u2026) qui leur ont permis de collecter 260.000 \u20ac de chiffre d\u2019affaires sans d\u00e9clarer leurs salari\u00e9s (immigr\u00e9s clandestins)\u00a0sans payer de cotisation sociale (Arr\u00eat de la Cour d\u2019Appel de LIEGE du 6 septembre 2016) ni d\u2019imp\u00f4t!\u00a0Et en plus de cela, une fois que la soci\u00e9t\u00e9 de citron a \u00e9t\u00e9 press\u00e9e au dernier centime d\u2019euros, elle incendie les locaux pour obtenir les indemnit\u00e9s d\u2019assurance et les d\u00e9clare en faillite.\u00a0Ce sont des m\u00e9thodes mafieuses qui ont permis \u00e0 RACHAD BENELUX de r\u00e9colter plus ou moins, plus de 10 millions d\u2019euros rien qu\u2019en Belgique!<\/span><\/p>\n<p><strong><span lang=\"EN-US\">Comment voyez-vous l\u2019issue de ce proc\u00e8s?\u00a0Ne pensez-vous pas qu\u2019une plainte devrait \u00eatre d\u00e9pos\u00e9e contre Rachad Benelux?<\/span><\/strong><\/p>\n<p><span lang=\"EN-US\">Comme je l\u2019ai indiqu\u00e9 plus haut et je le confirme ici: il n\u2019y a pas de diffamation.\u00a0Par cons\u00e9quent, le parquet de LIEGE n\u2019a d\u2019autre issue que de \u00ab\u00a0rejeter\u00a0\u00bb cette plainte \u00ab\u00a0morte-n\u00e9e\u00a0\u00bb.<\/span><\/p>\n<p><span lang=\"EN-US\">Cependant, je vous rappelle que c\u2019est RACHAD BENELUX qui a port\u00e9 plainte contre Mohsen ABDELMOUMEN, m\u00eame si ce dernier est totalement \u00e9tranger aux bourses, objet de l\u2019action en justice.\u00a0C\u2019est pourquoi, non seulement RACHAD BENELUX n\u2019avait aucun \u00ab\u00a0int\u00e9r\u00eat \u00e0 agir\u00a0\u00bb (L\u2019int\u00e9r\u00eat d\u2019agir est la condition premi\u00e8re de la recevabilit\u00e9 de toute plainte ou action en justice. Il faut toujours avoir int\u00e9r\u00eat \u00e0 agir. C\u2019est une condition syst\u00e9matique solidit\u00e9) mais de plus leur intervention n\u2019avait qu\u2019un seul objectif: nuire \u00e0 mon client!\u00a0La proc\u00e9dure p\u00e9nale a \u00e9t\u00e9 totalement d\u00e9tourn\u00e9e, d\u00e9tourn\u00e9e par \u00abces personnes\u00bb et ce comportement r\u00e9pr\u00e9hensible a caus\u00e9 un pr\u00e9judice grave \u00e0 mon client.<\/span><\/p>\n<p><span lang=\"EN-US\">En cons\u00e9quence, nous engagerons des poursuites contre RACHAD BENELUX, d\u00e8s que la plainte pour diffamation sera d\u00e9pos\u00e9e sans aucun suivi officiel.<\/span><\/p>\n<p><strong><span lang=\"EN-US\">Le Professeur Ahmed BENSAADA a d\u00e9montr\u00e9 \u00e0 l\u2019aide de documents officiels, les liens entre certaines organisations alg\u00e9riennes et le NED qui est une vitrine de la CIA, ces m\u00eames organisations ont des liens avec l\u2019organisation terroriste Rachad.\u00a0Comment expliquez-vous l\u2019alliance entre l\u2019organisation Rachad et ces organisations alg\u00e9riennes?<\/span><\/strong><\/p>\n<p><span lang=\"EN-US\">Votre question m\u00e9rite un livre pour y r\u00e9pondre.\u00a0C\u2019est d\u00e9j\u00e0 fait!\u00a0Je ne peux qu\u2019inviter vos lecteurs \u00e0 lire et relire (les livres, notamment \u00ab\u00a0Qui sont les dirigeants autoproclam\u00e9s du Hirak\u00a0\u00bb et ses nombreux articles) le remarquable travail d\u2019expertise que le Professeur Ahmed BENSAADA m\u00e8ne depuis plusieurs ann\u00e9es sur le sujet, et que je salue fraternellement au passage.\u00a0Ce que je peux vous dire, c\u2019est que tout ce n\u00e9buleux d\u2019organisations et d\u2019associations ont tous la m\u00eame vocation \u2013 \u00abnuire \u00e0 l\u2019Alg\u00e9rie\u00bb \u2013 et le m\u00eame projet, livrer l\u2019Alg\u00e9rie \u00e0 des puissances \u00e9trang\u00e8res par une \u00abspringanisation\u00bb\u00a0<\/span><span lang=\"EN-US\">\u00a0(<\/span><span lang=\"EN-US\">Printemps arabe) d\u2019Alg\u00e9rie.\u00a0Nous utilisons la m\u00eame m\u00e9thode que celle exp\u00e9riment\u00e9e sur l\u2019Etat syrien: nous connaissons le r\u00e9sultat!\u00a0Sans l\u2019intervention vigoureuse de la Russie du pr\u00e9sident Poutine, la Syrie serait d\u00e9mantel\u00e9e comme la Tch\u00e9coslovaquie.\u00a0L\u2019intensification des liens commerciaux et le renforcement des relations militaires d\u00e9montrent que l\u2019Alg\u00e9rie est bien consciente des nombreux dangers qui la guettent et des nombreux ennemis de l\u2019int\u00e9rieur et de l\u2019ext\u00e9rieur qui l\u2019ont harcel\u00e9e par des campagnes de d\u00e9nigrement m\u00e9diatique ou des pr\u00e9tendues requ\u00eates \u00ab\u00a0pour violation des droits de l\u2019homme \u00bb.\u00a0Les responsables de Rachad font partie de ces mercenaires \u00e9trangers qui m\u00e8nent une guerre totale contre l\u2019Etat alg\u00e9rien.\u00a0Le post-colonialisme du XXIe si\u00e8cle prend diff\u00e9rentes formes: \u00e9conomique, culturelle, sanitaire \u2026<strong>\u00a0<\/strong><\/span><\/p>\n<p><strong><span lang=\"EN-US\">Ne pensez-vous pas que l\u2019Alg\u00e9rie est la cible de toutes ces organisations occultes parce qu\u2019elle refuse toute normalisation dans ses relations avec l\u2019entit\u00e9 sioniste d\u2019Isra\u00ebl?<\/span><\/strong><\/p>\n<p><span lang=\"EN-US\">La Nation alg\u00e9rienne n\u2019est que la somme de ses actes et engagements.<\/span><\/p>\n<p><span lang=\"EN-US\">L\u2019Alg\u00e9rie est plus qu\u2019une entit\u00e9 g\u00e9ographique: c\u2019est un pont entre deux continents, entre deux rives de la mer M\u00e9diterran\u00e9e, qui est l\u2019\u00e9tendue d\u2019eau du globe o\u00f9 se trouve la plus grande concentration de bellig\u00e9rants et d\u2019armements.<\/span><\/p>\n<p><span lang=\"EN-US\">Par sa lutte contre le sionisme et pour la libert\u00e9 des peuples palestinien et sahraoui en particulier, l\u2019Alg\u00e9rie apporte une le\u00e7on.\u00a0Enseigner, ce n\u2019est pas remplir un vase mais allumer un feu!\u00a0C\u2019est pourquoi l\u2019Alg\u00e9rie fait aussi peur!\u00a0Pour l\u2019Alg\u00e9rie, le sionisme est le cancer de l\u2019humanit\u00e9 et j\u2019ajouterais que consid\u00e9rer un sioniste comme un \u00eatre humain est un oxymore.<\/span><\/p>\n<p><span lang=\"EN-US\">De plus, il ne faut pas sous-estimer toutes ces \u00ab\u00a0nostalg\u00e9ria\u00a0\u00bb ou vengeance du \u00ab\u00a0<\/span><span lang=\"EN-US\">L\u2019Alg\u00e9rie franco-fran\u00e7aise \u00ab\u00a0, de l\u2019ext\u00e9rieur et de l\u2019int\u00e9rieur. Prenons par exemple l\u2019actuel gouvernement fran\u00e7ais, qui est compos\u00e9 d\u2019un ministre de l\u2019Int\u00e9rieur (DARMANAIN) dont le grand-p\u00e8re \u00e9tait un harkis pendant la p\u00e9riode de la guerre de lib\u00e9ration d\u2019Alg\u00e9rie, le ministre de l\u2019\u00c9ducation nationale (BLANQUER) dont le p\u00e8re \u00e9tait avocat pour les membres de l\u2019OEA, la liste est longue!<\/span><\/p>\n<p><strong><span lang=\"EN-US\">Que pensez-vous de l\u2019\u00e9lan de solidarit\u00e9 dont vous et votre client avez b\u00e9n\u00e9fici\u00e9 ces derniers jours?<\/span><\/strong><\/p>\n<p><span lang=\"EN-US\">J\u2019ai \u00e9t\u00e9 tr\u00e8s sensible \u00e0 cet \u00e9norme \u00e9lan de solidarit\u00e9 qui a surgi aux quatre coins du village plan\u00e9taire.\u00a0Mais surtout, c\u2019est un hommage \u00e0 un noble combat, la reconnaissance du travail de toute une \u00e9quipe de \u00ab\u00a0Fr\u00e8res d\u2019armes\u00a0\u00bb et l\u2019adh\u00e9sion \u00e0 notre qu\u00eate de justice pour la \u00ab\u00a0Nouvelle Alg\u00e9rie\u00a0\u00bb.<\/span><\/p>\n<p><span lang=\"EN-US\">Je suis passionn\u00e9 par les mots, le verbe, synonyme de tout un univers o\u00f9 le beau pr\u00e9vaut sur le vilain ou le mot fid\u00e8le l\u2019emporte sur le mensonge et la trahison \u2026 J\u2019offre ces quelques vers de po\u00e9sie \u00e0 vos lecteurs et \u00e0 tous les patriotes:<\/span><\/p>\n<p><span lang=\"EN-US\">\u2013 Heureux ceux qui sont morts pour la terre charnelle,<\/span><\/p>\n<p><span lang=\"EN-US\">\u2013 Mais tant que c\u2019\u00e9tait dans une guerre juste.<\/span><\/p>\n<p><span lang=\"EN-US\">\u2013 Heureux ceux qui sont morts aux quatre coins de la terre.<\/span><\/p>\n<p><span lang=\"EN-US\">\u2013 Heureux ceux qui sont morts d\u2019une mort solennelle.<\/span><\/p>\n<p><span lang=\"EN-US\">\u2013 Heureux ceux qui sont morts dans de grandes batailles,<\/span><\/p>\n<p><span lang=\"EN-US\">\u2013 Allong\u00e9 par terre face \u00e0 Dieu.<\/span><\/p>\n<p><span lang=\"EN-US\">\u2013 Heureux ceux qui sont morts dans cette \u00e9treinte,<\/span><\/p>\n<p><span lang=\"EN-US\">\u2013 Dans l\u2019\u00e9treinte de l\u2019honneur et de la confession terrestre.<\/span><\/p>\n<p><span style=\"color: #ff0000;\"><strong><span lang=\"EN-US\">Interview r\u00e9alis\u00e9e par Mohsen Abdelmoumen<\/span><\/strong><\/span><\/p>\n<p><strong><span lang=\"EN-US\">Qui est DJAMAL YALAOUI?<\/span><\/strong><\/p>\n<p><strong><span lang=\"EN-US\">Avocat au Barreau de Paris et associ\u00e9 correspondant au Barreau d\u2019Oran<\/span><\/strong><\/p>\n<p><span lang=\"EN-US\">\u00a8\u00a0\u00a0\u00a0\u00a0\u00a0\u00a0<\/span><span lang=\"EN-US\">Plus de 15 ans d\u2019exp\u00e9rience av\u00e9r\u00e9e en tant qu\u2019avocat en droit commercial, droits de l\u2019homme ou action en justice pour le compte de clients particuliers, en droit de la famille, en droit de la responsabilit\u00e9, en r\u00e9solution de litiges p\u00e9naux et administratifs.<\/span><\/p>\n<p><span lang=\"EN-US\">\u00a8\u00a0\u00a0\u00a0\u00a0\u00a0\u00a0<\/span><span lang=\"EN-US\">Fondateur de YALAOUI &amp; Associates \u2013 un cabinet d\u2019avocats sp\u00e9cialis\u00e9 en droits de l\u2019homme (notariat, n\u00e9gligence clinique,) r\u00e9solution des litiges p\u00e9naux et administratifs, droit commercial.<\/span><\/p>\n<p><span lang=\"EN-US\">\u00a8\u00a0\u00a0\u00a0\u00a0\u00a0\u00a0<\/span><span lang=\"EN-US\">5 ans de conseil juridique dans le domaine des fusions \/ acquisitions et des litiges.\u00a0Coordinateur d\u2019une \u00e9quipe de 8 collaborateurs.<\/span><\/p>\n<p><span lang=\"EN-US\">\u00a8\u00a0\u00a0\u00a0\u00a0\u00a0\u00a0<\/span><span lang=\"EN-US\">3 ans d\u2019exp\u00e9rience d\u2019enseignement \u00e0 l\u2019Institut d\u2019Etudes Judiciaires de la Facult\u00e9 de Droit de l\u2019Universit\u00e9 de Paris XI (Institut des Affaires Juridiques de la Facult\u00e9 de Droit de l\u2019Universit\u00e9 de Paris XI), et \u00e0 l\u2019Ecole des Avocats du ressort de la Cour d\u2019Appel de Paris \u00bb(Facult\u00e9 de droit sous la juridiction de la Cour d\u2019Appel, Paris)<\/span><\/p>\n<p><span lang=\"EN-US\">\u00a8\u00a0\u00a0\u00a0\u00a0\u00a0\u00a0<\/span><span lang=\"EN-US\">Conseiller municipal de Guyancourt (Les Yvelines), D\u00e9l\u00e9gu\u00e9 \u00e0 l\u2019environnement (1995-2001)\u00a0<\/span><\/p>\n<p><span lang=\"EN-US\">\u00a8\u00a0\u00a0\u00a0\u00a0\u00a0\u00a0<\/span><span lang=\"EN-US\">Adjoint au maire de Trappes (les Yvelines) charg\u00e9 des services \u00e0 l\u2019enfance et de l\u2019\u00e9ducation (2001-2007)<\/span><\/p>\n<p><span lang=\"EN-US\">\u00a8\u00a0\u00a0\u00a0\u00a0\u00a0\u00a0<\/span><span lang=\"EN-US\">\u00a0Aptitude av\u00e9r\u00e9e \u00e0 r\u00e9diger<\/span><\/p>\n<p><span lang=\"EN-US\">\u2013\u00a0\u00a0\u00a0\u00a0\u00a0<\/span><span lang=\"EN-US\">En droit fiscal et des finances publiques\u00a0<\/span><span lang=\"EN-US\">\u00a0(la notion d\u2019immobilisation en droit fiscal fran\u00e7ais?. Prix de transfert en droit fiscal international, avec le soutien? De Michel de GILLENSCHMIDT, Conseiller d\u2019Etat, Echanges interg\u00e9n\u00e9rationnels et protection sociale avec l\u2019aide? De Denis KESSLER)<\/span><\/p>\n<p><span lang=\"EN-US\">\u2013\u00a0\u00a0\u00a0\u00a0\u00a0\u00a0\u00a0<\/span><span lang=\"EN-US\">Dans la diplomatie\u00a0\u00a0<\/span><span lang=\"EN-US\">(Le complexe militaro-industriel am\u00e9ricain: son impact sur l\u2019\u00e9conomie et son influence dans l\u2019ar\u00e8ne politique, les caract\u00e9ristiques sp\u00e9cifiques de la diplomatie alg\u00e9rienne)?<\/span><\/p>\n<p><span lang=\"EN-US\">\u00a8\u00a0\u00a0\u00a0\u00a0\u00a0\u00a0<\/span><span lang=\"FR\">Comp\u00e9tences pour parler en public<\/span><\/p>\n<p><span lang=\"EN-US\">\u2013\u00a0\u00a0\u00a0\u00a0\u00a0\u00a0\u00a0<\/span><span lang=\"EN-US\">Laur\u00e9at du Concours International de Mooting (1998)<\/span><\/p>\n<p><span lang=\"EN-US\">\u2013\u00a0\u00a0\u00a0\u00a0\u00a0\u00a0\u00a0<\/span><span lang=\"EN-US\">Secr\u00e9taire de la \u00ab\u00a0Conf\u00e9rence du Stage\u00a0\u00bb (1996\/1997)<\/span><\/p>\n<p><span lang=\"EN-US\">\u00a8\u00a0\u00a0\u00a0\u00a0\u00a0\u00a0<\/span><span lang=\"EN-US\">Bonne connaissance du quartier en g\u00e9n\u00e9ral et des probl\u00e8mes de la banlieue et des quartiers populaires, en particulier:<\/span><\/p>\n<p><span lang=\"EN-US\">\u2013\u00a0\u00a0\u00a0\u00a0\u00a0\u00a0\u00a0<\/span><span lang=\"EN-US\">Copr\u00e9sident du Trappes Football Club<\/span><\/p>\n<p><span lang=\"EN-US\">\u2013\u00a0\u00a0\u00a0\u00a0\u00a0\u00a0\u00a0<\/span><span lang=\"EN-US\">Membre actif des associations suivantes: \u00abBlack \/ Blanc \/ Beur\u00bb (compagnie de danse) \u00abGrands Fr\u00e8res\u00bb, \u00abAvenir Citoyen\u00bb, AVESY (Association des Verts et \u00c9cologistes du Sud Yvelines, ADT (Association pour le D\u00e9veloppement des Trappes) )<\/span><\/p>\n<p><span lang=\"EN-US\">\u00a8\u00a0<\/span><span lang=\"EN-US\">\u00a0Athl\u00e8te de\u00a0<\/span><span lang=\"EN-US\">haut niveau\u00a0<\/span><span lang=\"EN-US\">: marathonien (2h19) \u2013 100 km\u00a0\u00a0<\/span><span lang=\"EN-US\">(7h09) \u2013 Vainqueur du Cross-country Figaro<\/span><\/p>\n<p><span lang=\"EN-US\">\u00a8\u00a0\u00a0\u00a0\u00a0\u00a0\u00a0<\/span><span lang=\"FR\">Tr\u00e8s engag\u00e9\u00a0<\/span><\/p>\n<p><span lang=\"EN-US\">\u00a8\u00a0\u00a0\u00a0\u00a0\u00a0\u00a0<\/span><span lang=\"EN-US\">Une aptitude \u00e0 la pugnacit\u00e9, \u00e0 la d\u00e9termination et \u00e0 la n\u00e9gociation<\/span><\/p>\n<\/div>\n<p>&nbsp;<\/p>\n","protected":false},"excerpt":{"rendered":"<p>L&#8217;avocat Djamel Yalaoui interview\u00e9 par le journaliste Mohsen Abdelmoumen journal: tribune diplomatique internationale Mohsen Abdelmoumen\u00a0: Pourquoi avez-vous d\u00e9fendu ma cause gratuitement? M.&hellip;<\/p>\n","protected":false},"author":58,"featured_media":7292,"comment_status":"open","ping_status":"open","sticky":false,"template":"","format":"standard","meta":{"_lmt_disableupdate":"","_lmt_disable":"","footnotes":""},"categories":[39,45,49],"tags":[],"class_list":["post-7291","post","type-post","status-publish","format-standard","has-post-thumbnail","hentry","category-articles-en-vedette","category-derniers-articles","category-politique"],"yoast_head":"<!-- This site is optimized with the Yoast SEO plugin v27.3 - https:\/\/yoast.com\/product\/yoast-seo-wordpress\/ -->\n<title>Djamel Yalaoui l&#039;avocat qui a battu le diable - AAH.JZR<\/title>\n<meta name=\"robots\" content=\"index, follow, max-snippet:-1, max-image-preview:large, max-video-preview:-1\" \/>\n<link rel=\"canonical\" href=\"https:\/\/jazairhope.org\/fr\/djamel-yalaoui-lavocat-qui-a-battu-le-diable\/\" \/>\n<meta property=\"og:locale\" content=\"fr_FR\" \/>\n<meta property=\"og:type\" content=\"article\" \/>\n<meta property=\"og:title\" content=\"Djamel Yalaoui l&#039;avocat qui a battu le diable - AAH.JZR\" \/>\n<meta property=\"og:description\" content=\"L&#8217;avocat Djamel Yalaoui interview\u00e9 par le journaliste Mohsen Abdelmoumen journal: tribune diplomatique internationale Mohsen Abdelmoumen\u00a0: Pourquoi avez-vous d\u00e9fendu ma cause gratuitement? M.&hellip;\" \/>\n<meta property=\"og:url\" content=\"https:\/\/jazairhope.org\/fr\/djamel-yalaoui-lavocat-qui-a-battu-le-diable\/\" \/>\n<meta property=\"og:site_name\" content=\"AAH.JZR\" \/>\n<meta property=\"article:publisher\" content=\"https:\/\/www.facebook.com\/jazairhope\" \/>\n<meta property=\"article:published_time\" content=\"2020-12-31T23:54:10+00:00\" \/>\n<meta property=\"og:image\" content=\"https:\/\/jazairhope.org\/wp-content\/uploads\/2020\/12\/Djamal_YALAOUI_90962.jpg\" \/>\n\t<meta property=\"og:image:width\" content=\"542\" \/>\n\t<meta property=\"og:image:height\" content=\"577\" \/>\n\t<meta property=\"og:image:type\" content=\"image\/jpeg\" \/>\n<meta name=\"author\" content=\"Mohamed Redha Chettibi\" \/>\n<meta name=\"twitter:card\" content=\"summary_large_image\" \/>\n<meta name=\"twitter:label1\" content=\"\u00c9crit par\" \/>\n\t<meta name=\"twitter:data1\" content=\"Mohamed Redha Chettibi\" \/>\n\t<meta name=\"twitter:label2\" content=\"Dur\u00e9e de lecture estim\u00e9e\" \/>\n\t<meta name=\"twitter:data2\" content=\"13 minutes\" \/>\n<script type=\"application\/ld+json\" class=\"yoast-schema-graph\">{\"@context\":\"https:\\\/\\\/schema.org\",\"@graph\":[{\"@type\":\"Article\",\"@id\":\"https:\\\/\\\/jazairhope.org\\\/fr\\\/djamel-yalaoui-lavocat-qui-a-battu-le-diable\\\/#article\",\"isPartOf\":{\"@id\":\"https:\\\/\\\/jazairhope.org\\\/fr\\\/djamel-yalaoui-lavocat-qui-a-battu-le-diable\\\/\"},\"author\":{\"name\":\"Mohamed Redha Chettibi\",\"@id\":\"https:\\\/\\\/jazairhope.org\\\/fr\\\/#\\\/schema\\\/person\\\/25f89793241399d8600e452019d99b77\"},\"headline\":\"Djamel Yalaoui l&#8217;avocat qui a battu le diable\",\"datePublished\":\"2020-12-31T23:54:10+00:00\",\"mainEntityOfPage\":{\"@id\":\"https:\\\/\\\/jazairhope.org\\\/fr\\\/djamel-yalaoui-lavocat-qui-a-battu-le-diable\\\/\"},\"wordCount\":2629,\"commentCount\":2,\"image\":{\"@id\":\"https:\\\/\\\/jazairhope.org\\\/fr\\\/djamel-yalaoui-lavocat-qui-a-battu-le-diable\\\/#primaryimage\"},\"thumbnailUrl\":\"https:\\\/\\\/jazairhope.org\\\/wp-content\\\/uploads\\\/2020\\\/12\\\/Djamal_YALAOUI_90962.jpg\",\"articleSection\":[\"Articles en vedette\",\"Derniers articles\",\"Politique\"],\"inLanguage\":\"fr-FR\",\"potentialAction\":[{\"@type\":\"CommentAction\",\"name\":\"Comment\",\"target\":[\"https:\\\/\\\/jazairhope.org\\\/fr\\\/djamel-yalaoui-lavocat-qui-a-battu-le-diable\\\/#respond\"]}]},{\"@type\":\"WebPage\",\"@id\":\"https:\\\/\\\/jazairhope.org\\\/fr\\\/djamel-yalaoui-lavocat-qui-a-battu-le-diable\\\/\",\"url\":\"https:\\\/\\\/jazairhope.org\\\/fr\\\/djamel-yalaoui-lavocat-qui-a-battu-le-diable\\\/\",\"name\":\"Djamel Yalaoui l'avocat qui a battu le diable - AAH.JZR\",\"isPartOf\":{\"@id\":\"https:\\\/\\\/jazairhope.org\\\/fr\\\/#website\"},\"primaryImageOfPage\":{\"@id\":\"https:\\\/\\\/jazairhope.org\\\/fr\\\/djamel-yalaoui-lavocat-qui-a-battu-le-diable\\\/#primaryimage\"},\"image\":{\"@id\":\"https:\\\/\\\/jazairhope.org\\\/fr\\\/djamel-yalaoui-lavocat-qui-a-battu-le-diable\\\/#primaryimage\"},\"thumbnailUrl\":\"https:\\\/\\\/jazairhope.org\\\/wp-content\\\/uploads\\\/2020\\\/12\\\/Djamal_YALAOUI_90962.jpg\",\"datePublished\":\"2020-12-31T23:54:10+00:00\",\"author\":{\"@id\":\"https:\\\/\\\/jazairhope.org\\\/fr\\\/#\\\/schema\\\/person\\\/25f89793241399d8600e452019d99b77\"},\"breadcrumb\":{\"@id\":\"https:\\\/\\\/jazairhope.org\\\/fr\\\/djamel-yalaoui-lavocat-qui-a-battu-le-diable\\\/#breadcrumb\"},\"inLanguage\":\"fr-FR\",\"potentialAction\":[{\"@type\":\"ReadAction\",\"target\":[\"https:\\\/\\\/jazairhope.org\\\/fr\\\/djamel-yalaoui-lavocat-qui-a-battu-le-diable\\\/\"]}]},{\"@type\":\"ImageObject\",\"inLanguage\":\"fr-FR\",\"@id\":\"https:\\\/\\\/jazairhope.org\\\/fr\\\/djamel-yalaoui-lavocat-qui-a-battu-le-diable\\\/#primaryimage\",\"url\":\"https:\\\/\\\/jazairhope.org\\\/wp-content\\\/uploads\\\/2020\\\/12\\\/Djamal_YALAOUI_90962.jpg\",\"contentUrl\":\"https:\\\/\\\/jazairhope.org\\\/wp-content\\\/uploads\\\/2020\\\/12\\\/Djamal_YALAOUI_90962.jpg\",\"width\":542,\"height\":577},{\"@type\":\"BreadcrumbList\",\"@id\":\"https:\\\/\\\/jazairhope.org\\\/fr\\\/djamel-yalaoui-lavocat-qui-a-battu-le-diable\\\/#breadcrumb\",\"itemListElement\":[{\"@type\":\"ListItem\",\"position\":1,\"name\":\"Accueil\",\"item\":\"https:\\\/\\\/jazairhope.org\\\/fr\\\/\"},{\"@type\":\"ListItem\",\"position\":2,\"name\":\"Djamel Yalaoui l&rsquo;avocat qui a battu le diable\"}]},{\"@type\":\"WebSite\",\"@id\":\"https:\\\/\\\/jazairhope.org\\\/fr\\\/#website\",\"url\":\"https:\\\/\\\/jazairhope.org\\\/fr\\\/\",\"name\":\"AAH.JZR\",\"description\":\"Environment, Health, Science, Art, Economics\",\"potentialAction\":[{\"@type\":\"SearchAction\",\"target\":{\"@type\":\"EntryPoint\",\"urlTemplate\":\"https:\\\/\\\/jazairhope.org\\\/fr\\\/?s={search_term_string}\"},\"query-input\":{\"@type\":\"PropertyValueSpecification\",\"valueRequired\":true,\"valueName\":\"search_term_string\"}}],\"inLanguage\":\"fr-FR\"},{\"@type\":\"Person\",\"@id\":\"https:\\\/\\\/jazairhope.org\\\/fr\\\/#\\\/schema\\\/person\\\/25f89793241399d8600e452019d99b77\",\"name\":\"Mohamed Redha Chettibi\",\"image\":{\"@type\":\"ImageObject\",\"inLanguage\":\"fr-FR\",\"@id\":\"https:\\\/\\\/secure.gravatar.com\\\/avatar\\\/fbd403d607af3d36f26025d8726b5d4b27c7ea4fe21ef10d17299a6c717ed442?s=96&d=mm&r=g\",\"url\":\"https:\\\/\\\/secure.gravatar.com\\\/avatar\\\/fbd403d607af3d36f26025d8726b5d4b27c7ea4fe21ef10d17299a6c717ed442?s=96&d=mm&r=g\",\"contentUrl\":\"https:\\\/\\\/secure.gravatar.com\\\/avatar\\\/fbd403d607af3d36f26025d8726b5d4b27c7ea4fe21ef10d17299a6c717ed442?s=96&d=mm&r=g\",\"caption\":\"Mohamed Redha Chettibi\"},\"url\":\"https:\\\/\\\/jazairhope.org\\\/fr\\\/author\\\/mrc\\\/\"}]}<\/script>\n<!-- \/ Yoast SEO plugin. -->","yoast_head_json":{"title":"Djamel Yalaoui l'avocat qui a battu le diable - AAH.JZR","robots":{"index":"index","follow":"follow","max-snippet":"max-snippet:-1","max-image-preview":"max-image-preview:large","max-video-preview":"max-video-preview:-1"},"canonical":"https:\/\/jazairhope.org\/fr\/djamel-yalaoui-lavocat-qui-a-battu-le-diable\/","og_locale":"fr_FR","og_type":"article","og_title":"Djamel Yalaoui l'avocat qui a battu le diable - AAH.JZR","og_description":"L&#8217;avocat Djamel Yalaoui interview\u00e9 par le journaliste Mohsen Abdelmoumen journal: tribune diplomatique internationale Mohsen Abdelmoumen\u00a0: Pourquoi avez-vous d\u00e9fendu ma cause gratuitement? M.&hellip;","og_url":"https:\/\/jazairhope.org\/fr\/djamel-yalaoui-lavocat-qui-a-battu-le-diable\/","og_site_name":"AAH.JZR","article_publisher":"https:\/\/www.facebook.com\/jazairhope","article_published_time":"2020-12-31T23:54:10+00:00","og_image":[{"width":542,"height":577,"url":"https:\/\/jazairhope.org\/wp-content\/uploads\/2020\/12\/Djamal_YALAOUI_90962.jpg","type":"image\/jpeg"}],"author":"Mohamed Redha Chettibi","twitter_card":"summary_large_image","twitter_misc":{"\u00c9crit par":"Mohamed Redha Chettibi","Dur\u00e9e de lecture estim\u00e9e":"13 minutes"},"schema":{"@context":"https:\/\/schema.org","@graph":[{"@type":"Article","@id":"https:\/\/jazairhope.org\/fr\/djamel-yalaoui-lavocat-qui-a-battu-le-diable\/#article","isPartOf":{"@id":"https:\/\/jazairhope.org\/fr\/djamel-yalaoui-lavocat-qui-a-battu-le-diable\/"},"author":{"name":"Mohamed Redha Chettibi","@id":"https:\/\/jazairhope.org\/fr\/#\/schema\/person\/25f89793241399d8600e452019d99b77"},"headline":"Djamel Yalaoui l&#8217;avocat qui a battu le diable","datePublished":"2020-12-31T23:54:10+00:00","mainEntityOfPage":{"@id":"https:\/\/jazairhope.org\/fr\/djamel-yalaoui-lavocat-qui-a-battu-le-diable\/"},"wordCount":2629,"commentCount":2,"image":{"@id":"https:\/\/jazairhope.org\/fr\/djamel-yalaoui-lavocat-qui-a-battu-le-diable\/#primaryimage"},"thumbnailUrl":"https:\/\/jazairhope.org\/wp-content\/uploads\/2020\/12\/Djamal_YALAOUI_90962.jpg","articleSection":["Articles en vedette","Derniers articles","Politique"],"inLanguage":"fr-FR","potentialAction":[{"@type":"CommentAction","name":"Comment","target":["https:\/\/jazairhope.org\/fr\/djamel-yalaoui-lavocat-qui-a-battu-le-diable\/#respond"]}]},{"@type":"WebPage","@id":"https:\/\/jazairhope.org\/fr\/djamel-yalaoui-lavocat-qui-a-battu-le-diable\/","url":"https:\/\/jazairhope.org\/fr\/djamel-yalaoui-lavocat-qui-a-battu-le-diable\/","name":"Djamel Yalaoui l'avocat qui a battu le diable - AAH.JZR","isPartOf":{"@id":"https:\/\/jazairhope.org\/fr\/#website"},"primaryImageOfPage":{"@id":"https:\/\/jazairhope.org\/fr\/djamel-yalaoui-lavocat-qui-a-battu-le-diable\/#primaryimage"},"image":{"@id":"https:\/\/jazairhope.org\/fr\/djamel-yalaoui-lavocat-qui-a-battu-le-diable\/#primaryimage"},"thumbnailUrl":"https:\/\/jazairhope.org\/wp-content\/uploads\/2020\/12\/Djamal_YALAOUI_90962.jpg","datePublished":"2020-12-31T23:54:10+00:00","author":{"@id":"https:\/\/jazairhope.org\/fr\/#\/schema\/person\/25f89793241399d8600e452019d99b77"},"breadcrumb":{"@id":"https:\/\/jazairhope.org\/fr\/djamel-yalaoui-lavocat-qui-a-battu-le-diable\/#breadcrumb"},"inLanguage":"fr-FR","potentialAction":[{"@type":"ReadAction","target":["https:\/\/jazairhope.org\/fr\/djamel-yalaoui-lavocat-qui-a-battu-le-diable\/"]}]},{"@type":"ImageObject","inLanguage":"fr-FR","@id":"https:\/\/jazairhope.org\/fr\/djamel-yalaoui-lavocat-qui-a-battu-le-diable\/#primaryimage","url":"https:\/\/jazairhope.org\/wp-content\/uploads\/2020\/12\/Djamal_YALAOUI_90962.jpg","contentUrl":"https:\/\/jazairhope.org\/wp-content\/uploads\/2020\/12\/Djamal_YALAOUI_90962.jpg","width":542,"height":577},{"@type":"BreadcrumbList","@id":"https:\/\/jazairhope.org\/fr\/djamel-yalaoui-lavocat-qui-a-battu-le-diable\/#breadcrumb","itemListElement":[{"@type":"ListItem","position":1,"name":"Accueil","item":"https:\/\/jazairhope.org\/fr\/"},{"@type":"ListItem","position":2,"name":"Djamel Yalaoui l&rsquo;avocat qui a battu le diable"}]},{"@type":"WebSite","@id":"https:\/\/jazairhope.org\/fr\/#website","url":"https:\/\/jazairhope.org\/fr\/","name":"AAH.JZR","description":"Environment, Health, Science, Art, Economics","potentialAction":[{"@type":"SearchAction","target":{"@type":"EntryPoint","urlTemplate":"https:\/\/jazairhope.org\/fr\/?s={search_term_string}"},"query-input":{"@type":"PropertyValueSpecification","valueRequired":true,"valueName":"search_term_string"}}],"inLanguage":"fr-FR"},{"@type":"Person","@id":"https:\/\/jazairhope.org\/fr\/#\/schema\/person\/25f89793241399d8600e452019d99b77","name":"Mohamed Redha Chettibi","image":{"@type":"ImageObject","inLanguage":"fr-FR","@id":"https:\/\/secure.gravatar.com\/avatar\/fbd403d607af3d36f26025d8726b5d4b27c7ea4fe21ef10d17299a6c717ed442?s=96&d=mm&r=g","url":"https:\/\/secure.gravatar.com\/avatar\/fbd403d607af3d36f26025d8726b5d4b27c7ea4fe21ef10d17299a6c717ed442?s=96&d=mm&r=g","contentUrl":"https:\/\/secure.gravatar.com\/avatar\/fbd403d607af3d36f26025d8726b5d4b27c7ea4fe21ef10d17299a6c717ed442?s=96&d=mm&r=g","caption":"Mohamed Redha Chettibi"},"url":"https:\/\/jazairhope.org\/fr\/author\/mrc\/"}]}},"views":968,"_links":{"self":[{"href":"https:\/\/jazairhope.org\/fr\/wp-json\/wp\/v2\/posts\/7291","targetHints":{"allow":["GET"]}}],"collection":[{"href":"https:\/\/jazairhope.org\/fr\/wp-json\/wp\/v2\/posts"}],"about":[{"href":"https:\/\/jazairhope.org\/fr\/wp-json\/wp\/v2\/types\/post"}],"author":[{"embeddable":true,"href":"https:\/\/jazairhope.org\/fr\/wp-json\/wp\/v2\/users\/58"}],"replies":[{"embeddable":true,"href":"https:\/\/jazairhope.org\/fr\/wp-json\/wp\/v2\/comments?post=7291"}],"version-history":[{"count":0,"href":"https:\/\/jazairhope.org\/fr\/wp-json\/wp\/v2\/posts\/7291\/revisions"}],"wp:featuredmedia":[{"embeddable":true,"href":"https:\/\/jazairhope.org\/fr\/wp-json\/wp\/v2\/media\/7292"}],"wp:attachment":[{"href":"https:\/\/jazairhope.org\/fr\/wp-json\/wp\/v2\/media?parent=7291"}],"wp:term":[{"taxonomy":"category","embeddable":true,"href":"https:\/\/jazairhope.org\/fr\/wp-json\/wp\/v2\/categories?post=7291"},{"taxonomy":"post_tag","embeddable":true,"href":"https:\/\/jazairhope.org\/fr\/wp-json\/wp\/v2\/tags?post=7291"}],"curies":[{"name":"wp","href":"https:\/\/api.w.org\/{rel}","templated":true}]}}