{"id":73127,"date":"2023-03-29T13:51:39","date_gmt":"2023-03-29T12:51:39","guid":{"rendered":"https:\/\/jazairhope.org\/?p=73127"},"modified":"2023-03-29T13:51:39","modified_gmt":"2023-03-29T12:51:39","slug":"la-secheresse-sinvite-au-debat","status":"publish","type":"post","link":"https:\/\/jazairhope.org\/fr\/la-secheresse-sinvite-au-debat\/","title":{"rendered":"La s\u00e9cheresse s\u2019invite au d\u00e9bat"},"content":{"rendered":"<p><span style=\"color: #003366\">lexpressiondz.com<\/span><\/p>\n<p><span style=\"color: #003366\">Dans un contexte m\u00e9t\u00e9orologique marqu\u00e9 tr\u00e8s s\u00e9v\u00e8rement par la s\u00e9cheresse qui se prolonge ind\u00e9finiment au grand d\u00e9sespoir des agriculteurs, le comit\u00e9 de suivi et d&#8217;\u00e9valuation de la campagne agricole 2022-2023 se r\u00e9unissait dimanche au niveau de la direction des ressources en eaux de la wilaya. Copr\u00e9sid\u00e9 par les directeurs des deux secteurs (hydraulique et DAS), le comit\u00e9 a rassembl\u00e9 une vingtaine d&#8217;agriculteurs. Etaient \u00e9galement pr\u00e9sents le responsable de l&#8217;Onid, qui tenait dans ses mains les vannes des r\u00e9seaux d&#8217;irrigation, et le pr\u00e9sident de la Chambre d&#8217;agriculture.<\/span><br \/>\n<span style=\"color: #003366\">Le th\u00e8me abord\u00e9 en cette occasion a eu trait, bien s\u00fbr, \u00e0 l&#8217;irrigation et \u00e0 la fa\u00e7on dont celle-ci devait \u00eatre conduite rationnellement de mani\u00e8re \u00e0 sauver les cultures sans mettre \u00e0 mal le syst\u00e8me ni le programme de dotations mis en place dans un contexte de crise s\u00e9v\u00e8re qui a vu l&#8217;eau des barrages atteindre leur niveau le plus bas de leur histoire.<\/span><br \/>\n<span style=\"color: #003366\">Prenant la parole, le responsable des ressources en eau a fait pr\u00e9valoir la fermet\u00e9: tous ceux qui ont sem\u00e9 apr\u00e8s le recensement de la derni\u00e8re r\u00e9union ne peuvent esp\u00e9rer b\u00e9n\u00e9ficier de la dotation allou\u00e9e \u00e0 l&#8217;irrigation. Celle-ci, estim\u00e9e \u00e0 4 millions de m3 d&#8217;eau, dont 1,700 000 million m3 pour les cultures c\u00e9r\u00e9ali\u00e8res. Et alors que les p\u00e9rim\u00e8tres irrigu\u00e9s des plaines des Aribs (A\u00efn Bessem), r\u00e9serv\u00e9s jusqu&#8217;ici aux mara\u00eechages, ont \u00e9t\u00e9 convertis \u00e0 la production des c\u00e9r\u00e9ales, le barrage de Oued Lakhal ne disposant plus de dotations pour l&#8217;irrigation, \u00e0 cause de sa faible capacit\u00e9, de la baisse drastique de son niveau et de son taux d&#8217;envasement, les p\u00e9rim\u00e8tres irrigu\u00e9s d&#8217;El Esnam et de M&#8217;Chedellah n&#8217;ont pu r\u00e9server que 850 ha \u00e0 la culture de pomme de terre.<\/span><br \/>\n<span style=\"color: #003366\">La superficie r\u00e9serv\u00e9e \u00e0 cette culture \u00e0 l&#8217;ouest de la wilaya, hors p\u00e9rim\u00e8tres irrigu\u00e9s, est de 400 ha, selon le pr\u00e9sident de la Chambre d&#8217;agriculture.<\/span><br \/>\n<span style=\"color: #003366\">La grande question \u00e0 cette r\u00e9union est, en cette p\u00e9riode de s\u00e9cheresse, la suivante: laquelle des cultures faudrait-il sacrifier? Si lors des d\u00e9bats, il a \u00e9t\u00e9 admis qu&#8217;en certains endroits, au sud-est et au sud de la wilaya, les c\u00e9r\u00e9ales sont d\u00e9finitivement perdues m\u00eame \u00e0 l&#8217;aide de syst\u00e8me d&#8217;irrigation, il reste, pour certains c\u00e9r\u00e9aliers, que la priorit\u00e9 devrait \u00eatre accord\u00e9e \u00e0 cette culture. D&#8217;autres s&#8217;insurgeaient et faisaient valoir le gros investissement que repr\u00e9sente l&#8217;arboriculture, dont la superficie est de 350 ha. Et soudain, une autre question surgit: et si le niveau des barrages venait \u00e0 baisser plus t\u00f4t, rendant le programme arr\u00eat\u00e9 inapplicable? Mais si les pluies arrivaient plus vite et en telle quantit\u00e9 que la donne s&#8217;en trouverait chang\u00e9e d&#8217;un coup, r\u00e9torquait le responsable de l&#8217;hydraulique qui demeurait d\u00e9cid\u00e9ment optimiste. Tous ne sont pas du m\u00eame avis.<\/span><br \/>\n<span style=\"color: #003366\">Car, d&#8217;autres, revenant \u00e0 la charge, voulaient encore que l&#8217;on sacrifi\u00e2t la tomate cultiv\u00e9e sur 70 ha. Mais la directrice du secteur agricole est rest\u00e9e in\u00e9branlable sur ce point. Pour elle, la question a \u00e9t\u00e9 tranch\u00e9e lors de la pr\u00e9c\u00e9dente r\u00e9union qui s&#8217;est tenue le 15 mars. Il s&#8217;agissait, pour elle, de r\u00e9partir la dotation de mani\u00e8re \u00e9quitable afin de ne l\u00e9ser aucun agriculteur. Pour les nouveaux souscripteurs, elle accorde un d\u00e9lai d&#8217;une semaine. Quant \u00e0 ceux qui ont pris le risque de semer apr\u00e8s le recensement fait lors de la premi\u00e8re r\u00e9union du comit\u00e9, abondant dans le sens du directeur des ressources en eaux, elle les renvoyait \u00e0 leur responsabilit\u00e9. Devant l&#8217;inqui\u00e9tude du responsable de l&#8217;Onid qui a mis en avant l&#8217;\u00e9tat et les capacit\u00e9s de ces pompes et des r\u00e9seaux existants, et qui ne voyait pas comment il pouvait faire pour satisfaire tout le monde sans malmener son mat\u00e9riel, la directrice ne transigea pas davantage, et, finalement, une discussion prenant fin avec certains agriculteurs.<\/span><br \/>\n<span style=\"color: #003366\">La r\u00e9union a pris fin avec le sentiment que rien n&#8217;est irr\u00e9m\u00e9diablement perdu, et que tant qu&#8217;il restait cette ardeur au combat, cette hargne qui caract\u00e9risait les bons agriculteurs face aux dures conditions de leur vie, l&#8217;espoir restait permis.<\/span><\/p>\n","protected":false},"excerpt":{"rendered":"<p>lexpressiondz.com Dans un contexte m\u00e9t\u00e9orologique marqu\u00e9 tr\u00e8s s\u00e9v\u00e8rement par la s\u00e9cheresse qui se prolonge ind\u00e9finiment au grand d\u00e9sespoir des agriculteurs, le comit\u00e9&hellip;<\/p>\n","protected":false},"author":58,"featured_media":73128,"comment_status":"open","ping_status":"open","sticky":false,"template":"","format":"standard","meta":{"_lmt_disableupdate":"","_lmt_disable":"","footnotes":""},"categories":[35],"tags":[],"class_list":["post-73127","post","type-post","status-publish","format-standard","has-post-thumbnail","hentry","category-economie"],"yoast_head":"<!-- This site is optimized with the Yoast SEO plugin v27.3 - https:\/\/yoast.com\/product\/yoast-seo-wordpress\/ -->\n<title>La s\u00e9cheresse s\u2019invite au d\u00e9bat - AAH.JZR<\/title>\n<meta name=\"robots\" content=\"index, follow, max-snippet:-1, max-image-preview:large, max-video-preview:-1\" \/>\n<link rel=\"canonical\" href=\"https:\/\/jazairhope.org\/fr\/la-secheresse-sinvite-au-debat\/\" \/>\n<meta property=\"og:locale\" content=\"fr_FR\" \/>\n<meta property=\"og:type\" content=\"article\" \/>\n<meta property=\"og:title\" content=\"La s\u00e9cheresse s\u2019invite au d\u00e9bat - AAH.JZR\" \/>\n<meta property=\"og:description\" content=\"lexpressiondz.com Dans un contexte m\u00e9t\u00e9orologique marqu\u00e9 tr\u00e8s s\u00e9v\u00e8rement par la s\u00e9cheresse qui se prolonge ind\u00e9finiment au grand d\u00e9sespoir des agriculteurs, le comit\u00e9&hellip;\" \/>\n<meta property=\"og:url\" content=\"https:\/\/jazairhope.org\/fr\/la-secheresse-sinvite-au-debat\/\" \/>\n<meta property=\"og:site_name\" content=\"AAH.JZR\" \/>\n<meta property=\"article:publisher\" content=\"https:\/\/www.facebook.com\/jazairhope\" \/>\n<meta property=\"article:published_time\" content=\"2023-03-29T12:51:39+00:00\" \/>\n<meta property=\"og:image\" content=\"https:\/\/jazairhope.org\/wp-content\/uploads\/2023\/03\/Capture-68.png\" \/>\n\t<meta property=\"og:image:width\" content=\"840\" \/>\n\t<meta property=\"og:image:height\" content=\"466\" \/>\n\t<meta property=\"og:image:type\" content=\"image\/png\" \/>\n<meta name=\"author\" content=\"Mohamed Redha Chettibi\" \/>\n<meta name=\"twitter:card\" content=\"summary_large_image\" \/>\n<meta name=\"twitter:label1\" content=\"\u00c9crit par\" \/>\n\t<meta name=\"twitter:data1\" content=\"Mohamed Redha Chettibi\" \/>\n\t<meta name=\"twitter:label2\" content=\"Dur\u00e9e de lecture estim\u00e9e\" \/>\n\t<meta name=\"twitter:data2\" content=\"4 minutes\" \/>\n<script type=\"application\/ld+json\" class=\"yoast-schema-graph\">{\"@context\":\"https:\\\/\\\/schema.org\",\"@graph\":[{\"@type\":\"Article\",\"@id\":\"https:\\\/\\\/jazairhope.org\\\/fr\\\/la-secheresse-sinvite-au-debat\\\/#article\",\"isPartOf\":{\"@id\":\"https:\\\/\\\/jazairhope.org\\\/fr\\\/la-secheresse-sinvite-au-debat\\\/\"},\"author\":{\"name\":\"Mohamed Redha Chettibi\",\"@id\":\"https:\\\/\\\/jazairhope.org\\\/fr\\\/#\\\/schema\\\/person\\\/25f89793241399d8600e452019d99b77\"},\"headline\":\"La s\u00e9cheresse s\u2019invite au d\u00e9bat\",\"datePublished\":\"2023-03-29T12:51:39+00:00\",\"mainEntityOfPage\":{\"@id\":\"https:\\\/\\\/jazairhope.org\\\/fr\\\/la-secheresse-sinvite-au-debat\\\/\"},\"wordCount\":761,\"commentCount\":0,\"image\":{\"@id\":\"https:\\\/\\\/jazairhope.org\\\/fr\\\/la-secheresse-sinvite-au-debat\\\/#primaryimage\"},\"thumbnailUrl\":\"https:\\\/\\\/jazairhope.org\\\/wp-content\\\/uploads\\\/2023\\\/03\\\/Capture-68.png\",\"articleSection\":[\"\u00c9conomie\"],\"inLanguage\":\"fr-FR\",\"potentialAction\":[{\"@type\":\"CommentAction\",\"name\":\"Comment\",\"target\":[\"https:\\\/\\\/jazairhope.org\\\/fr\\\/la-secheresse-sinvite-au-debat\\\/#respond\"]}]},{\"@type\":\"WebPage\",\"@id\":\"https:\\\/\\\/jazairhope.org\\\/fr\\\/la-secheresse-sinvite-au-debat\\\/\",\"url\":\"https:\\\/\\\/jazairhope.org\\\/fr\\\/la-secheresse-sinvite-au-debat\\\/\",\"name\":\"La s\u00e9cheresse s\u2019invite au d\u00e9bat - AAH.JZR\",\"isPartOf\":{\"@id\":\"https:\\\/\\\/jazairhope.org\\\/fr\\\/#website\"},\"primaryImageOfPage\":{\"@id\":\"https:\\\/\\\/jazairhope.org\\\/fr\\\/la-secheresse-sinvite-au-debat\\\/#primaryimage\"},\"image\":{\"@id\":\"https:\\\/\\\/jazairhope.org\\\/fr\\\/la-secheresse-sinvite-au-debat\\\/#primaryimage\"},\"thumbnailUrl\":\"https:\\\/\\\/jazairhope.org\\\/wp-content\\\/uploads\\\/2023\\\/03\\\/Capture-68.png\",\"datePublished\":\"2023-03-29T12:51:39+00:00\",\"author\":{\"@id\":\"https:\\\/\\\/jazairhope.org\\\/fr\\\/#\\\/schema\\\/person\\\/25f89793241399d8600e452019d99b77\"},\"breadcrumb\":{\"@id\":\"https:\\\/\\\/jazairhope.org\\\/fr\\\/la-secheresse-sinvite-au-debat\\\/#breadcrumb\"},\"inLanguage\":\"fr-FR\",\"potentialAction\":[{\"@type\":\"ReadAction\",\"target\":[\"https:\\\/\\\/jazairhope.org\\\/fr\\\/la-secheresse-sinvite-au-debat\\\/\"]}]},{\"@type\":\"ImageObject\",\"inLanguage\":\"fr-FR\",\"@id\":\"https:\\\/\\\/jazairhope.org\\\/fr\\\/la-secheresse-sinvite-au-debat\\\/#primaryimage\",\"url\":\"https:\\\/\\\/jazairhope.org\\\/wp-content\\\/uploads\\\/2023\\\/03\\\/Capture-68.png\",\"contentUrl\":\"https:\\\/\\\/jazairhope.org\\\/wp-content\\\/uploads\\\/2023\\\/03\\\/Capture-68.png\",\"width\":840,\"height\":466},{\"@type\":\"BreadcrumbList\",\"@id\":\"https:\\\/\\\/jazairhope.org\\\/fr\\\/la-secheresse-sinvite-au-debat\\\/#breadcrumb\",\"itemListElement\":[{\"@type\":\"ListItem\",\"position\":1,\"name\":\"Accueil\",\"item\":\"https:\\\/\\\/jazairhope.org\\\/fr\\\/\"},{\"@type\":\"ListItem\",\"position\":2,\"name\":\"La s\u00e9cheresse s\u2019invite au d\u00e9bat\"}]},{\"@type\":\"WebSite\",\"@id\":\"https:\\\/\\\/jazairhope.org\\\/fr\\\/#website\",\"url\":\"https:\\\/\\\/jazairhope.org\\\/fr\\\/\",\"name\":\"AAH.JZR\",\"description\":\"Environment, Health, Science, Art, Economics\",\"potentialAction\":[{\"@type\":\"SearchAction\",\"target\":{\"@type\":\"EntryPoint\",\"urlTemplate\":\"https:\\\/\\\/jazairhope.org\\\/fr\\\/?s={search_term_string}\"},\"query-input\":{\"@type\":\"PropertyValueSpecification\",\"valueRequired\":true,\"valueName\":\"search_term_string\"}}],\"inLanguage\":\"fr-FR\"},{\"@type\":\"Person\",\"@id\":\"https:\\\/\\\/jazairhope.org\\\/fr\\\/#\\\/schema\\\/person\\\/25f89793241399d8600e452019d99b77\",\"name\":\"Mohamed Redha Chettibi\",\"image\":{\"@type\":\"ImageObject\",\"inLanguage\":\"fr-FR\",\"@id\":\"https:\\\/\\\/secure.gravatar.com\\\/avatar\\\/fbd403d607af3d36f26025d8726b5d4b27c7ea4fe21ef10d17299a6c717ed442?s=96&d=mm&r=g\",\"url\":\"https:\\\/\\\/secure.gravatar.com\\\/avatar\\\/fbd403d607af3d36f26025d8726b5d4b27c7ea4fe21ef10d17299a6c717ed442?s=96&d=mm&r=g\",\"contentUrl\":\"https:\\\/\\\/secure.gravatar.com\\\/avatar\\\/fbd403d607af3d36f26025d8726b5d4b27c7ea4fe21ef10d17299a6c717ed442?s=96&d=mm&r=g\",\"caption\":\"Mohamed Redha Chettibi\"},\"url\":\"https:\\\/\\\/jazairhope.org\\\/fr\\\/author\\\/mrc\\\/\"}]}<\/script>\n<!-- \/ Yoast SEO plugin. -->","yoast_head_json":{"title":"La s\u00e9cheresse s\u2019invite au d\u00e9bat - AAH.JZR","robots":{"index":"index","follow":"follow","max-snippet":"max-snippet:-1","max-image-preview":"max-image-preview:large","max-video-preview":"max-video-preview:-1"},"canonical":"https:\/\/jazairhope.org\/fr\/la-secheresse-sinvite-au-debat\/","og_locale":"fr_FR","og_type":"article","og_title":"La s\u00e9cheresse s\u2019invite au d\u00e9bat - AAH.JZR","og_description":"lexpressiondz.com Dans un contexte m\u00e9t\u00e9orologique marqu\u00e9 tr\u00e8s s\u00e9v\u00e8rement par la s\u00e9cheresse qui se prolonge ind\u00e9finiment au grand d\u00e9sespoir des agriculteurs, le comit\u00e9&hellip;","og_url":"https:\/\/jazairhope.org\/fr\/la-secheresse-sinvite-au-debat\/","og_site_name":"AAH.JZR","article_publisher":"https:\/\/www.facebook.com\/jazairhope","article_published_time":"2023-03-29T12:51:39+00:00","og_image":[{"width":840,"height":466,"url":"https:\/\/jazairhope.org\/wp-content\/uploads\/2023\/03\/Capture-68.png","type":"image\/png"}],"author":"Mohamed Redha Chettibi","twitter_card":"summary_large_image","twitter_misc":{"\u00c9crit par":"Mohamed Redha Chettibi","Dur\u00e9e de lecture estim\u00e9e":"4 minutes"},"schema":{"@context":"https:\/\/schema.org","@graph":[{"@type":"Article","@id":"https:\/\/jazairhope.org\/fr\/la-secheresse-sinvite-au-debat\/#article","isPartOf":{"@id":"https:\/\/jazairhope.org\/fr\/la-secheresse-sinvite-au-debat\/"},"author":{"name":"Mohamed Redha Chettibi","@id":"https:\/\/jazairhope.org\/fr\/#\/schema\/person\/25f89793241399d8600e452019d99b77"},"headline":"La s\u00e9cheresse s\u2019invite au d\u00e9bat","datePublished":"2023-03-29T12:51:39+00:00","mainEntityOfPage":{"@id":"https:\/\/jazairhope.org\/fr\/la-secheresse-sinvite-au-debat\/"},"wordCount":761,"commentCount":0,"image":{"@id":"https:\/\/jazairhope.org\/fr\/la-secheresse-sinvite-au-debat\/#primaryimage"},"thumbnailUrl":"https:\/\/jazairhope.org\/wp-content\/uploads\/2023\/03\/Capture-68.png","articleSection":["\u00c9conomie"],"inLanguage":"fr-FR","potentialAction":[{"@type":"CommentAction","name":"Comment","target":["https:\/\/jazairhope.org\/fr\/la-secheresse-sinvite-au-debat\/#respond"]}]},{"@type":"WebPage","@id":"https:\/\/jazairhope.org\/fr\/la-secheresse-sinvite-au-debat\/","url":"https:\/\/jazairhope.org\/fr\/la-secheresse-sinvite-au-debat\/","name":"La s\u00e9cheresse s\u2019invite au d\u00e9bat - AAH.JZR","isPartOf":{"@id":"https:\/\/jazairhope.org\/fr\/#website"},"primaryImageOfPage":{"@id":"https:\/\/jazairhope.org\/fr\/la-secheresse-sinvite-au-debat\/#primaryimage"},"image":{"@id":"https:\/\/jazairhope.org\/fr\/la-secheresse-sinvite-au-debat\/#primaryimage"},"thumbnailUrl":"https:\/\/jazairhope.org\/wp-content\/uploads\/2023\/03\/Capture-68.png","datePublished":"2023-03-29T12:51:39+00:00","author":{"@id":"https:\/\/jazairhope.org\/fr\/#\/schema\/person\/25f89793241399d8600e452019d99b77"},"breadcrumb":{"@id":"https:\/\/jazairhope.org\/fr\/la-secheresse-sinvite-au-debat\/#breadcrumb"},"inLanguage":"fr-FR","potentialAction":[{"@type":"ReadAction","target":["https:\/\/jazairhope.org\/fr\/la-secheresse-sinvite-au-debat\/"]}]},{"@type":"ImageObject","inLanguage":"fr-FR","@id":"https:\/\/jazairhope.org\/fr\/la-secheresse-sinvite-au-debat\/#primaryimage","url":"https:\/\/jazairhope.org\/wp-content\/uploads\/2023\/03\/Capture-68.png","contentUrl":"https:\/\/jazairhope.org\/wp-content\/uploads\/2023\/03\/Capture-68.png","width":840,"height":466},{"@type":"BreadcrumbList","@id":"https:\/\/jazairhope.org\/fr\/la-secheresse-sinvite-au-debat\/#breadcrumb","itemListElement":[{"@type":"ListItem","position":1,"name":"Accueil","item":"https:\/\/jazairhope.org\/fr\/"},{"@type":"ListItem","position":2,"name":"La s\u00e9cheresse s\u2019invite au d\u00e9bat"}]},{"@type":"WebSite","@id":"https:\/\/jazairhope.org\/fr\/#website","url":"https:\/\/jazairhope.org\/fr\/","name":"AAH.JZR","description":"Environment, Health, Science, Art, Economics","potentialAction":[{"@type":"SearchAction","target":{"@type":"EntryPoint","urlTemplate":"https:\/\/jazairhope.org\/fr\/?s={search_term_string}"},"query-input":{"@type":"PropertyValueSpecification","valueRequired":true,"valueName":"search_term_string"}}],"inLanguage":"fr-FR"},{"@type":"Person","@id":"https:\/\/jazairhope.org\/fr\/#\/schema\/person\/25f89793241399d8600e452019d99b77","name":"Mohamed Redha Chettibi","image":{"@type":"ImageObject","inLanguage":"fr-FR","@id":"https:\/\/secure.gravatar.com\/avatar\/fbd403d607af3d36f26025d8726b5d4b27c7ea4fe21ef10d17299a6c717ed442?s=96&d=mm&r=g","url":"https:\/\/secure.gravatar.com\/avatar\/fbd403d607af3d36f26025d8726b5d4b27c7ea4fe21ef10d17299a6c717ed442?s=96&d=mm&r=g","contentUrl":"https:\/\/secure.gravatar.com\/avatar\/fbd403d607af3d36f26025d8726b5d4b27c7ea4fe21ef10d17299a6c717ed442?s=96&d=mm&r=g","caption":"Mohamed Redha Chettibi"},"url":"https:\/\/jazairhope.org\/fr\/author\/mrc\/"}]}},"views":201,"_links":{"self":[{"href":"https:\/\/jazairhope.org\/fr\/wp-json\/wp\/v2\/posts\/73127","targetHints":{"allow":["GET"]}}],"collection":[{"href":"https:\/\/jazairhope.org\/fr\/wp-json\/wp\/v2\/posts"}],"about":[{"href":"https:\/\/jazairhope.org\/fr\/wp-json\/wp\/v2\/types\/post"}],"author":[{"embeddable":true,"href":"https:\/\/jazairhope.org\/fr\/wp-json\/wp\/v2\/users\/58"}],"replies":[{"embeddable":true,"href":"https:\/\/jazairhope.org\/fr\/wp-json\/wp\/v2\/comments?post=73127"}],"version-history":[{"count":1,"href":"https:\/\/jazairhope.org\/fr\/wp-json\/wp\/v2\/posts\/73127\/revisions"}],"predecessor-version":[{"id":73131,"href":"https:\/\/jazairhope.org\/fr\/wp-json\/wp\/v2\/posts\/73127\/revisions\/73131"}],"wp:featuredmedia":[{"embeddable":true,"href":"https:\/\/jazairhope.org\/fr\/wp-json\/wp\/v2\/media\/73128"}],"wp:attachment":[{"href":"https:\/\/jazairhope.org\/fr\/wp-json\/wp\/v2\/media?parent=73127"}],"wp:term":[{"taxonomy":"category","embeddable":true,"href":"https:\/\/jazairhope.org\/fr\/wp-json\/wp\/v2\/categories?post=73127"},{"taxonomy":"post_tag","embeddable":true,"href":"https:\/\/jazairhope.org\/fr\/wp-json\/wp\/v2\/tags?post=73127"}],"curies":[{"name":"wp","href":"https:\/\/api.w.org\/{rel}","templated":true}]}}