{"id":73451,"date":"2023-04-02T17:34:40","date_gmt":"2023-04-02T16:34:40","guid":{"rendered":"https:\/\/jazairhope.org\/?p=73451"},"modified":"2023-04-02T17:34:40","modified_gmt":"2023-04-02T16:34:40","slug":"khaled-drareni-journaliste-auto-autoproclame-du-hirak","status":"publish","type":"post","link":"https:\/\/jazairhope.org\/fr\/khaled-drareni-journaliste-auto-autoproclame-du-hirak\/","title":{"rendered":"Khaled Drareni, journaliste \u00ab auto-autoproclam\u00e9 \u00bb du Hirak"},"content":{"rendered":"<p><strong><span style=\"color: #003366\">ahmedbensaada.com<\/span><\/strong><\/p>\n<p><strong><span style=\"color: #003366\">Par Ahmed Bensaada\u00a0<\/span><\/strong><\/p>\n<p><span style=\"color: #003366\">Le 9 juin 2020, soit quelques jours apr\u00e8s la sortie de mon livre\u00a0<a style=\"color: #003366\" href=\"\/Ahmed%20Documents\/Articles%20Ahmed\/Drareni\/Khaled%20Drareni_MEPI_VF.docx#_ftn1\"><strong>[1]<\/strong><\/a>\u00a0\u00ab\u00a0<em>Qui sont ces t\u00e9nors autoproclam\u00e9s du Hirak alg\u00e9rien?\u00a0<\/em>\u00bb, Khaled Drareni, alors en prison, transmit un message qui me concernait\u00a0:<\/span><\/p>\n<p><span style=\"color: #003366\"><img decoding=\"async\" src=\"https:\/\/www.ahmedbensaada.com\/images\/stories\/Images\/Drareni_MEPI_RSF\/tweet_assoul2.jpg\" border=\"0\" \/><\/span><\/p>\n<p>&nbsp;<\/p>\n<p><span style=\"color: #003366\">Au risque de me r\u00e9p\u00e9ter, je suis par principe contre l\u2019emprisonnement des journalistes dans l\u2019exercice de leur fonction. Et je dis bien \u00ab\u00a0<em>dans l\u2019exercice de leur fonction\u00a0<\/em>\u00bb, car tout citoyen, quelle que soit sa profession, est justiciable selon le principe fondamental de l\u2019\u00e9galit\u00e9 devant la loi.<\/span><\/p>\n<p><span style=\"color: #003366\"><strong>L\u2019humour et la prison<\/strong><\/span><\/p>\n<p><span style=\"color: #003366\">Mais, vous conviendrez avec moi que le ton sarcastique et narquois de ce tweet nous r\u00e9v\u00e8le qu\u2019il est possible de faire de l\u2019humour lorsqu\u2019on est incarc\u00e9r\u00e9 dans une prison alg\u00e9rienne, ce qui est difficilement le cas ailleurs dans le monde, m\u00eame celui qualifi\u00e9 de \u00ab\u00a0civilis\u00e9\u00a0\u00bb.<\/span><\/p>\n<p><span style=\"color: #003366\">Ceci \u00e9tant dit, ce petit texte nous apprend beaucoup d\u2019autres choses\u00a0: i) que M. Drareni s\u2019est (ironiquement?) \u00ab\u00a0auto-autoproclam\u00e9\u00a0\u00bb journaliste du Hirak, ii) qu\u2019il veut un exemplaire d\u00e9dicac\u00e9 de mon livre (encore de l\u2019humour, wow!) et iii) que je sois invit\u00e9 par Radio M pour disserter de mon livre. Bien qu\u2019il n\u2019en ait pas l\u2019air, ce dernier point est aussi humoristique que les autres car je n\u2019ai jamais \u00e9t\u00e9 invit\u00e9 par ce m\u00e9dia. Pourtant, j\u2019aurais volontiers accept\u00e9 de discuter de mes \u00e9crits sur leur plateau et en pr\u00e9sence des invit\u00e9s de leur choix.<\/span><\/p>\n<p><span style=\"color: #003366\">Je dois avouer que je n\u2019aurais jamais cru que les ge\u00f4les alg\u00e9riennes pouvaient inspirer autant d\u2019humour!<\/span><\/p>\n<p><span style=\"color: #003366\">Le tweet a aussi soulev\u00e9 l\u2019hilarit\u00e9 de quelques internautes si on se fie aux \u00e9motic\u00f4nes\u00a0figurant en bas du message. Mais, plus int\u00e9ressant encore, ce m\u00eame humour \u00e9tait pr\u00e9sent sur le plateau de Radio M lors de l\u2019\u00e9mission du CPP du 10 juin 2020 o\u00f9 le tweet a \u00e9t\u00e9 ironiquement lu par le directeur de Radio M en personne, arrachant des sourires moqueurs aux deux invit\u00e9s de l\u2019\u00e9mission\u00a0<a style=\"color: #003366\" href=\"\/Ahmed%20Documents\/Articles%20Ahmed\/Drareni\/Khaled%20Drareni_MEPI_VF.docx#_ftn2\"><strong>[2]<\/strong><\/a>, en particulier M. Bouchachi. Ce dernier, longuement cit\u00e9 dans mon livre, pouvait bien rigoler \u00e0 son aise. Il n\u2019a, en effet, \u00e9t\u00e9 inqui\u00e9t\u00e9 par aucune question relative \u00e0 mon ouvrage et ce n\u2019est pas les sujets qui manquaient. Mais rire en groupe sur un plateau est bien plus agr\u00e9able lorsqu\u2019on range l\u2019\u00e9thique journalistique dans les tiroirs de la collusion et de la connivence, n&#8217;est-ce pas?<\/span><\/p>\n<p><span style=\"color: #003366\">Pourtant, et contrairement \u00e0 M. Bouchachi, ni le nom de Khaled Drareni ni celui du directeur et de sa radio n\u2019ont \u00e9t\u00e9 mentionn\u00e9s dans mon livre. Peut-\u00eatre, comme pour le Mouvement Rachad, se sentaient-ils indirectement vis\u00e9s par les informations qui y figuraient?<\/span><\/p>\n<p><span style=\"color: #003366\">Cela a effectivement \u00e9t\u00e9 prouv\u00e9 pour Radio M dans un article fouill\u00e9\u00a0<a style=\"color: #003366\" href=\"\/Ahmed%20Documents\/Articles%20Ahmed\/Drareni\/Khaled%20Drareni_MEPI_VF.docx#_ftn3\"><strong>[3]<\/strong><\/a>\u00a0que j\u2019ai publi\u00e9 en avril 2021 apr\u00e8s avoir \u00e9t\u00e9 gratuitement et publiquement trait\u00e9 de \u00ab\u00a0<em>barbouze<\/em>\u00a0\u00bb par le directeur de ce m\u00e9dia en personne\u00a0<a style=\"color: #003366\" href=\"\/Ahmed%20Documents\/Articles%20Ahmed\/Drareni\/Khaled%20Drareni_MEPI_VF.docx#_ftn4\"><strong>[4]<\/strong><\/a>.<\/span><\/p>\n<p><span style=\"color: #003366\">Mais qu\u2019en est-il de Khaled Drareni? Pourquoi autant d\u2019ironie \u00e0 travers les barreaux d\u2019une ge\u00f4le?<\/span><\/p>\n<p><span style=\"color: #003366\"><strong>Drareni et le MEPI<\/strong><\/span><\/p>\n<p><span style=\"color: #003366\">Flashback. Deux ans plus t\u00f4t, Khaled Drareni signait un tweet dans lequel il nous apprend qu\u2019il est \u00e0 Oran pour la derni\u00e8re session d\u2019une formation intitul\u00e9e \u00ab\u00a0<em>Pour un journalisme sp\u00e9cialis\u00e9 en Alg\u00e9rie<\/em>\u00a0\u00bb.<\/span><\/p>\n<p><span style=\"color: #003366\"><img decoding=\"async\" src=\"https:\/\/www.ahmedbensaada.com\/images\/stories\/Images\/Drareni_MEPI_RSF\/drareni_mepi.jpg\" width=\"700\" border=\"0\" \/><\/span><\/p>\n<p><span style=\"color: #003366\">Dat\u00e9 du 8 mai 2018, ce tweet mentionne aussi un partenariat avec le \u00ab\u00a0MEPI\u00a0\u00bb (Middle East Partnership Initiative). Sur la marge droite, quelques lignes nous expliquent succinctement ce qu\u2019est le MEPI\u00a0:<\/span><\/p>\n<p><span style=\"color: #003366\">\u00ab\u00a0<em>L&#8217;Initiative de partenariat avec le Moyen-Orient\u00a0<\/em><em>[<\/em><em>MEPI<\/em><em>]<\/em><em>\u00a0du D\u00e9partement d\u2019\u00c9tat aide les gouvernements de la r\u00e9gion MENA\u00a0<\/em><em>[<\/em><em>Middle East and North Africa \u2013 Moyen-Orient et Afrique du Nord<\/em><em>]<\/em><em>\u00a0et leurs citoyens \u00e0 atteindre des objectifs politiques, \u00e9conomiques et de stabilit\u00e9 communs<\/em>\u00a0\u00bb<\/span><\/p>\n<p><span style=\"color: #003366\">Cette pr\u00e9sentation tr\u00e8s idyllique du MEPI a, quand m\u00eame, le m\u00e9rite de pr\u00e9ciser qu\u2019il s\u2019agit d\u2019un programme du D\u00e9partement d\u2019\u00c9tat am\u00e9ricain. Nous y reviendrons plus en d\u00e9tail par la suite.<\/span><\/p>\n<p><span style=\"color: #003366\">Int\u00e9ressons-nous tout d\u2019abord \u00e0 cette formation. Pour cela, il faut remonter une ann\u00e9e plus t\u00f4t. En effet, dans un article publi\u00e9 le 16 novembre 2017 dans les colonnes de \u00ab\u00a0L\u2019Expression\u00a0\u00bb\u00a0<a style=\"color: #003366\" href=\"\/Ahmed%20Documents\/Articles%20Ahmed\/Drareni\/Khaled%20Drareni_MEPI_VF.docx#_ftn5\"><strong>[5]<\/strong><\/a>, on peut trouver bon nombre d\u2019informations int\u00e9ressantes, malgr\u00e9 un titre tr\u00e8s \u00ab\u00a0bisounours\u00a0\u00bb\u00a0: \u00ab\u00a0<em>Pour que le r\u00eave am\u00e9ricain devienne alg\u00e9rien !\u00a0<\/em>\u00bb. WOW! Rien que \u00e7a! Le journaliste devait r\u00eaver en couleur car, nagu\u00e8re, d\u2019autres contr\u00e9es de la r\u00e9gion MENA avaient plut\u00f4t gout\u00e9 au cauchemar am\u00e9ricain. Mais bon, passons.<\/span><\/p>\n<p><span style=\"color: #003366\">On y apprend ainsi que le MEPI a octroy\u00e9 700 000 dollars \u00e0 six (6) projets visant la soci\u00e9t\u00e9 civile en Alg\u00e9rie.<\/span><\/p>\n<p><span style=\"color: #003366\">\u00ab\u00a0<em>Le montant de la subvention variait selon l&#8217;impact des r\u00e9sultats et des activit\u00e9s de chaque projet, entre 80 000 et 200 000 dollars\u00a0\u00bb, a indiqu\u00e9 le directeur du bureau r\u00e9gional du MEPI, Manu Bahili, lors d&#8217;un point de presse tenu, hier, au si\u00e8ge de l&#8217;ambassade des Etats-Unis \u00e0 Alger<\/em>.\u00a0\u00bb<\/span><\/p>\n<p><span style=\"color: #003366\">Il s\u2019agit donc d\u2019un financement assez important pour que le directeur r\u00e9gional du MEPI vienne en personne se photographier avec les six (6) laur\u00e9ats.<\/span><\/p>\n<p><span style=\"color: #003366\"><img decoding=\"async\" src=\"https:\/\/www.ahmedbensaada.com\/images\/stories\/Images\/Drareni_MEPI_RSF\/laureats_mepi_algerie_couleur.jpg\" width=\"600\" border=\"0\" \/><\/span><\/p>\n<p>&nbsp;<\/p>\n<p><span style=\"color: #003366\"><img decoding=\"async\" src=\"https:\/\/www.ahmedbensaada.com\/images\/stories\/Images\/Drareni_MEPI_RSF\/dsc-4582.jpg\" width=\"600\" border=\"0\" \/><\/span><\/p>\n<p><span style=\"color: #003366\">Les six laur\u00e9ats du programme MEPI<\/span><\/p>\n<p><span style=\"color: #003366\">(Ambassade des \u00c9tats-Unis \u00e0 Alger, le 15 novembre 2017)<\/span><\/p>\n<p><span style=\"color: #003366\">Voici les six projets retenus\u00a0:<\/span><\/p>\n<p><span style=\"color: #003366\"><img decoding=\"async\" src=\"https:\/\/www.ahmedbensaada.com\/images\/stories\/Images\/Drareni_MEPI_RSF\/mepi_local_grants.jpg\" width=\"500\" border=\"0\" \/><\/span><\/p>\n<p><span style=\"color: #003366\">Le cinqui\u00e8me projet est celui qui figure dans le tweet de Khaled Drareni\u00a0du 6 mai 2018. Voici sa description\u00a0:<\/span><\/p>\n<p><span style=\"color: #003366\">\u00ab\u00a0<em>Pour un journalisme sp\u00e9cialis\u00e9 en Alg\u00e9rie \u00bb mis en \u0153uvre par IN-tuition pour former 80 journalistes d&#8217;Alger, Gharda\u00efa, Constantine et Oran afin d&#8217;am\u00e9liorer leurs comp\u00e9tences sur le journalisme \u00e9conomique et local, et cr\u00e9er un r\u00e9f\u00e9rentiel\/site de r\u00e9seautage en ligne pour les journalistes sp\u00e9cialis\u00e9s.<\/em>\u00a0\u00bb<\/span><\/p>\n<p><span style=\"color: #003366\">Pour conna\u00eetre le responsable de ce projet, revenons \u00e0 l\u2019article de \u00ab\u00a0L\u2019Expression\u00a0\u00bb cit\u00e9 pr\u00e9c\u00e9demment\u00a0:<\/span><\/p>\n<p><span style=\"color: #003366\">\u00ab\u00a0<em>Ces subventions ont \u00e9t\u00e9 attribu\u00e9es au terme d&#8217;un processus assez comp\u00e9titif en raison du m\u00e9rite du projet\u00a0\u00bb, a soulign\u00e9 avec une grande fiert\u00e9 ce m\u00eame responsable\u00a0<\/em><em>[<\/em><em>\u00a0Manu Bahili<\/em><em>]<\/em><em>. \u00ab\u00a0Le MEPI est tr\u00e8s diff\u00e9rent des autres donneurs de fonds, nous ne donnons pas juste une simple subvention. Nous restons tr\u00e8s impliqu\u00e9s et nous pouvons \u00eatre tr\u00e8s exigeants\u00bb, a soutenu Manu Bahili, avant de donner la parole aux porteurs de projet, dont l&#8217;un d&#8217;eux n&#8217;est autre que notre talentueux conf\u00e8re, Khaled Drareni qui a mis en place, en partenariat avec l&#8217;\u00e9cole de langue IN-tuition, un projet portant sur \u00abune sp\u00e9cialisation en journalisme\u00bb, \u00ab80 journalistes confirm\u00e9s, d\u00e9butants ou m\u00eame \u00e9tudiants sont vis\u00e9s par ce programme qui se d\u00e9roulera \u00e0 Alger, Gharda\u00efa, Constantine et Oran\u00bb, a-t-il affirm\u00e9, avec un large sourire.<\/em>\u00a0\u00bb<\/span><\/p>\n<p><span style=\"color: #003366\">Ainsi, Khaled Drareni est bel et bien le responsable du projet \u00ab\u00a0<em>Pour un journalisme sp\u00e9cialis\u00e9 en Alg\u00e9rie\u00a0\u00bb\u00a0<\/em>dot\u00e9 d\u2019une enveloppe variant entre 80 000 et 200 000 dollars octroy\u00e9e par le MEPI.<\/span><\/p>\n<p><span style=\"color: #003366\"><img decoding=\"async\" src=\"https:\/\/www.ahmedbensaada.com\/images\/stories\/Images\/Drareni_MEPI_RSF\/dz7qk6gw0aauzzl.jpg\" width=\"600\" border=\"0\" \/><\/span><\/p>\n<p><span style=\"color: #003366\">Khaled Drareni posant avec des \u00ab\u00a0apprenants\u00a0\u00bb journalistes dans le cadre du projet \u00ab\u00a0Pour un journalisme sp\u00e9cialis\u00e9 en Alg\u00e9rie\u00a0\u00bb financ\u00e9 par le MEPI<\/span><\/p>\n<p><span style=\"color: #003366\">La dur\u00e9e de cette formation est pr\u00e9cis\u00e9e dans un article publi\u00e9 sur \u00ab\u00a0Casbah Tribune\u00a0\u00bb\u00a0<a style=\"color: #003366\" href=\"\/Ahmed%20Documents\/Articles%20Ahmed\/Drareni\/Khaled%20Drareni_MEPI_VF.docx#_ftn6\"><strong>[6]<\/strong><\/a>, site dont le fondateur n\u2019est autre que Khaled Drareni en personne\u00a0<a style=\"color: #003366\" href=\"\/Ahmed%20Documents\/Articles%20Ahmed\/Drareni\/Khaled%20Drareni_MEPI_VF.docx#_ftn7\"><strong>[7]<\/strong><\/a>\u00a0:<\/span><\/p>\n<p><span style=\"color: #003366\">\u00ab\u00a0<em>En partenariat avec le programme \u00ab Middle East Partnership Initiative \u00bb, le Groupe IN-tuition compte former 80 journalistes en journalisme local et \u00e9conomique entre les mois de janvier et mai 2018, sur quatre Wilaya, Alger, Gharda\u00efa, Constantine et Oran<\/em>.\u00a0\u00bb<\/span><\/p>\n<p><span style=\"color: #003366\">Si on r\u00e9sume tout cela on obtient le tableau suivant\u00a0:<\/span><\/p>\n<table border=\"1\" cellspacing=\"10\" cellpadding=\"10\" align=\"center\">\n<tbody>\n<tr>\n<td valign=\"top\" width=\"228\"><span style=\"color: #003366\">Projet<\/span><\/td>\n<td valign=\"top\" width=\"240\"><span style=\"color: #003366\">Pour un journalisme sp\u00e9cialis\u00e9 en Alg\u00e9rie<\/span><\/td>\n<\/tr>\n<tr>\n<td valign=\"top\" width=\"228\"><span style=\"color: #003366\">Responsable<\/span><\/td>\n<td valign=\"top\" width=\"240\"><span style=\"color: #003366\">Khaled Drareni<\/span><\/td>\n<\/tr>\n<tr>\n<td valign=\"top\" width=\"228\"><span style=\"color: #003366\">Partenariat<\/span><\/td>\n<td valign=\"top\" width=\"240\"><span style=\"color: #003366\">IN-tuition<\/span><\/td>\n<\/tr>\n<tr>\n<td valign=\"top\" width=\"228\"><span style=\"color: #003366\">Financement<\/span><\/td>\n<td valign=\"top\" width=\"240\"><span style=\"color: #003366\">MEPI<\/span><\/td>\n<\/tr>\n<tr>\n<td valign=\"top\" width=\"228\"><span style=\"color: #003366\">Montant<\/span><\/td>\n<td valign=\"top\" width=\"240\"><span style=\"color: #003366\">80 000 \u00e0 200 000$<\/span><\/td>\n<\/tr>\n<tr>\n<td valign=\"top\" width=\"228\"><span style=\"color: #003366\">Nombre d\u2019apprenants<\/span><\/td>\n<td valign=\"top\" width=\"240\"><span style=\"color: #003366\">80<\/span><\/td>\n<\/tr>\n<tr>\n<td valign=\"top\" width=\"228\"><span style=\"color: #003366\">Nombre de wilayas<\/span><\/td>\n<td valign=\"top\" width=\"240\"><span style=\"color: #003366\">4<\/span><\/td>\n<\/tr>\n<tr>\n<td valign=\"top\" width=\"228\"><span style=\"color: #003366\">Dur\u00e9e<\/span><\/td>\n<td valign=\"top\" width=\"240\"><span style=\"color: #003366\">Environ 4 mois<\/span><\/td>\n<\/tr>\n<\/tbody>\n<\/table>\n<p><span style=\"color: #003366\">Puisque d\u2019apr\u00e8s le tweet de M. Drareni la derni\u00e8re session de la formation s\u2019est d\u00e9roul\u00e9e le 6 mai 2018, et que le programme a d\u00e9but\u00e9 en janvier de la m\u00eame ann\u00e9e, on en d\u00e9duit que le projet a dur\u00e9 environ 4 mois. Comme les projets sont dot\u00e9s d\u2019une enveloppe comprise entre 80 000 et 200 000$, cela donne une coquette somme comprise entre 20 ooo et 50 000 $ par mois!<\/span><\/p>\n<p><span style=\"color: #003366\">D\u2019un autre c\u00f4t\u00e9, si on s\u2019int\u00e9resse au montant moyen d\u00e9pens\u00e9 pour chaque apprenant, il varie entre 1000 et 2500$ pour une formation aussi courte puisqu\u2019il a cibl\u00e9 \u00e0 chaque fois une wilaya! Et tout cela offert gracieusement par le MEPI puisque la formation \u00e9tait gratuite pour les 80 \u00e9tudiants.<\/span><\/p>\n<p>&nbsp;<\/p>\n<p><span style=\"color: #003366\"><img decoding=\"async\" src=\"https:\/\/www.ahmedbensaada.com\/images\/stories\/Images\/Drareni_MEPI_RSF\/formation_gratuite_mepi.jpg\" border=\"0\" \/><\/span><\/p>\n<p><span style=\"color: #003366\">On ne savait pas que le D\u00e9partement d\u2019\u00c9tat am\u00e9ricain, dont d\u00e9pend le MEPI, \u00e9tait devenu une association caritative!<\/span><\/p>\n<h1><span style=\"color: #003366\">Le MEPI, c\u2019est quoi?<\/span><\/h1>\n<p><span style=\"color: #003366\">Le MEPI fait partie int\u00e9grante de l\u2019arsenal d\u2019organisations am\u00e9ricaines sp\u00e9cialis\u00e9es dans l\u2019\u00a0\u00ab\u00a0exportation de la d\u00e9mocratie\u00a0\u00bb, tout comme l\u2019USAID (United States Agency for International Development), la NED (National Endowment for Democracy), Freedom House et l\u2019Open Society Foundations (OSF) du milliardaire am\u00e9ricain George Soros\u00a0<a style=\"color: #003366\" href=\"\/Ahmed%20Documents\/Articles%20Ahmed\/Drareni\/Khaled%20Drareni_MEPI_VF.docx#_ftn8\"><strong>[8]<\/strong><\/a>. Compar\u00e9 \u00e0 ces organisations, la cr\u00e9ation du MEPI est beaucoup plus r\u00e9cente. Il s\u2019agit d\u2019un programme du D\u00e9partement d&#8217;\u00c9tat cr\u00e9\u00e9 en 2002 par l&#8217;administration George W. Bush.<\/span><\/p>\n<p><span style=\"color: #003366\">Jeremy M. Sharp, sp\u00e9cialiste des affaires du Moyen-Orient au Service de recherche du Congr\u00e8s am\u00e9ricain, \u00e9crivait en 2005\u00a0:\u00ab\u00a0<em>le MEPI est un \u00e9l\u00e9ment cl\u00e9 de la politique de promotion de la d\u00e9mocratie au Moyen-Orient de l&#8217;administration Bush<\/em>\u00a0\u00bb\u00a0<a style=\"color: #003366\" href=\"\/Ahmed%20Documents\/Articles%20Ahmed\/Drareni\/Khaled%20Drareni_MEPI_VF.docx#_ftn9\"><strong>[9]<\/strong><\/a>.<\/span><\/p>\n<p><span style=\"color: #003366\">Plus r\u00e9cemment, en 2019, Elly Rostoum, politologue et ancienne membre du Conseil de s\u00e9curit\u00e9 nationale \u00e9tasunien, mentionnait que le MEPI \u00ab\u00a0<em>l&#8217;outil de soft power le plus innovant du D\u00e9partement d&#8217;\u00c9tat am\u00e9ricain finance des<\/em>\u00a0<em>projets dans la r\u00e9gion du Moyen-Orient et de l&#8217;Afrique du Nord (MENA) qui font progresser les valeurs d\u00e9mocratiques am\u00e9ricaines<\/em>\u00a0\u00bb\u00a0<a style=\"color: #003366\" href=\"\/Ahmed%20Documents\/Articles%20Ahmed\/Drareni\/Khaled%20Drareni_MEPI_VF.docx#_ftn10\"><strong>[10]<\/strong><\/a>.<\/span><\/p>\n<p><span style=\"color: #003366\">Le rapport 2020 du POMED (Project on Middle East Democracy &#8211; Projet\u00a0pour la\u00a0d\u00e9mocratie\u00a0au Moyen-Orient), regorge d\u2019informations int\u00e9ressantes sur le MEPI\u00a0<a style=\"color: #003366\" href=\"\/Ahmed%20Documents\/Articles%20Ahmed\/Drareni\/Khaled%20Drareni_MEPI_VF.docx#_ftn11\"><strong>[11]<\/strong><\/a>. On peut lire, par exemple\u00a0:<\/span><\/p>\n<p><span style=\"color: #003366\"><em>\u00ab\u00a0L&#8217;Initiative de partenariat avec le Moyen-Orient (MEPI) est un programme d&#8217;assistance r\u00e9gionale du D\u00e9partement d&#8217;\u00c9tat financ\u00e9 par l\u2019ESF\u00a0<\/em><em>[<\/em><em>\u00a0Economic Support Fund<\/em><em>]<\/em><em>\u00a0et cr\u00e9\u00e9 en 2002 dans le cadre du \u00ab Programme de libert\u00e9 \u00bb de l&#8217;administration George W. Bush. L&#8217;administration Bush consid\u00e9rait le MEPI comme un compl\u00e9ment tourn\u00e9 vers l&#8217;avenir et ax\u00e9 sur les r\u00e9formes \u00e0 l&#8217;approche de d\u00e9veloppement plus traditionnelle de gouvernement \u00e0 gouvernement de l&#8217;USAID. Il a donn\u00e9 \u00e0 MEPI un mandat politique pour \u00e9tablir des partenariats avec les citoyens et poursuivre des projets de promotion de la d\u00e9mocratie plus avant-gardistes, y compris le soutien aux groupes ind\u00e9pendants de la soci\u00e9t\u00e9 civile,\u00a0m\u00eame malgr\u00e9 les objections des gouvernements r\u00e9gionaux.\u00a0<\/em>\u00bb<\/span><\/p>\n<p><span style=\"color: #003366\">En r\u00e9sum\u00e9, le MEPI est un organisme qui d\u00e9pend directement du D\u00e9partement d\u2019\u00c9tat, qui est financ\u00e9 par le gouvernement am\u00e9ricain, qui a pour mission d\u2019\u00ab\u00a0exporter\u00a0\u00bb (\u00ab\u00a0promouvoir\u00a0\u00bb dans le langage politique am\u00e9ricain) la d\u00e9mocratie \u00ab\u00a0made in USA\u00a0\u00bb et ce, \u00ab\u00a0<em>m\u00eame malgr\u00e9 les objections des gouvernements r\u00e9gionaux\u00a0\u00bb<\/em>!<\/span><\/p>\n<p><span style=\"color: #003366\">\u00c0 propos du r\u00f4le du MEPI dans le financement des activistes de la r\u00e9gion MENA durant le \u00ab\u00a0printemps\u00a0\u00bb arabe, le rapport du POMED ne peut pas \u00eatre plus clair\u00a0<a style=\"color: #003366\" href=\"\/Ahmed%20Documents\/Articles%20Ahmed\/Drareni\/Khaled%20Drareni_MEPI_VF.docx#_ftn12\"><strong>[12]<\/strong><\/a>\u00a0:<\/span><\/p>\n<p><span style=\"color: #003366\">\u00ab\u00a0<em>Malgr\u00e9 le scepticisme de certains responsables de carri\u00e8re de l&#8217;\u00c9tat qui y voyaient un irritant, le MEPI a soutenu des projets ambitieux dans les domaines de la construction de la d\u00e9mocratie, de l&#8217;\u00e9ducation et de la soci\u00e9t\u00e9 civile, en particulier dans les ann\u00e9es qui ont pr\u00e9c\u00e9d\u00e9 les soul\u00e8vements arabes de 2011. MEPI a financ\u00e9 des groupes d\u00e9mocratiques \u00e9gyptiens face au m\u00e9contentement du r\u00e9gime de Moubarak, s&#8217;est engag\u00e9 avec des militants pour la d\u00e9mocratie dans toute la r\u00e9gion et a \u00e9t\u00e9 l&#8217;un des rares donateurs \u00e0 travailler avec des organisations ind\u00e9pendantes de la soci\u00e9t\u00e9 civile tunisienne pendant la dictature de Zine el-Abidine Ben Ali<\/em>.\u00a0\u00bb<\/span><\/p>\n<p><span style=\"color: #003366\">Comme maintes fois expliqu\u00e9 dans mes \u00e9crits, les organisations am\u00e9ricaines d\u2019\u00ab\u00a0exportation de la d\u00e9mocratie\u00a0\u00bb cit\u00e9es pr\u00e9c\u00e9demment ont toutes particip\u00e9 \u00e0 la formation et au financement des activistes arabes bien avant le d\u00e9but du \u00ab\u00a0printemps\u00a0\u00bb arabe\u00a0\u00bb. La lecture de ce paragraphe nous permet de constater qu\u2019il en \u00e9tait de m\u00eame pour le MEPI.<\/span><\/p>\n<p><span style=\"color: #003366\">Rita Stephan, directrice du MEPI entre 2016 et 2021, se vanta m\u00eame de compter deux (2) prix Nobel parmi les personnes ayant b\u00e9n\u00e9fici\u00e9 du financement MEPI\u00a0: Tawakkol Karman (Y\u00e9men, 2011) et le quartet du dialogue national tunisien (Tunisie, 2015)\u00a0<a style=\"color: #003366\" href=\"\/Ahmed%20Documents\/Articles%20Ahmed\/Drareni\/Khaled%20Drareni_MEPI_VF.docx#_ftn13\"><strong>[13]<\/strong><\/a>. Rappelons que Tawakkol Karman, l\u2019\u00e9g\u00e9rie du \u00ab\u00a0printemps\u00a0\u00bb y\u00e9m\u00e9nite, a \u00e9t\u00e9 \u00e9galement financ\u00e9e par la NED\u00a0<a style=\"color: #003366\" href=\"\/Ahmed%20Documents\/Articles%20Ahmed\/Drareni\/Khaled%20Drareni_MEPI_VF.docx#_ftn14\"><strong>[14]<\/strong><\/a>.<\/span><\/p>\n<p><span style=\"color: #003366\">Dans un article publi\u00e9 par le Washington Post en 2011 et intitul\u00e9 \u00ab\u00a0<em>Les \u00c9tats-Unis ont secr\u00e8tement soutenu des groupes d&#8217;opposition syriens, selon des c\u00e2bles publi\u00e9s par Wikileaks<\/em>\u00a0\u00bb\u00a0<a style=\"color: #003366\" href=\"\/Ahmed%20Documents\/Articles%20Ahmed\/Drareni\/Khaled%20Drareni_MEPI_VF.docx#_ftn15\"><strong>[15]<\/strong><\/a>, Craig Whitlock r\u00e9v\u00e8le que le MEPI a octroy\u00e9, entre 2005 et 2010, une somme s\u2019\u00e9levant \u00e0 12 millions de dollars \u00e0 des dissidents syriens\u00a0:<\/span><\/p>\n<p><span style=\"color: #003366\">\u00ab\u00a0<em>Plusieurs c\u00e2bles diplomatiques am\u00e9ricains de l&#8217;ambassade \u00e0 Damas r\u00e9v\u00e8lent que les exil\u00e9s syriens ont re\u00e7u de l&#8217;argent d&#8217;un programme du d\u00e9partement d&#8217;\u00c9tat appel\u00e9 l&#8217;Initiative de partenariat avec le Moyen-Orient\u00a0<\/em><em>[<\/em><em>MEPI<\/em><em>]<\/em><em>. Selon les c\u00e2bles, le d\u00e9partement d&#8217;\u00c9tat a achemin\u00e9 de l&#8217;argent au groupe d&#8217;exil\u00e9s via le Conseil de la d\u00e9mocratie, une organisation \u00e0 but non lucratif bas\u00e9e \u00e0 Los Angeles.<\/em>\u00a0\u00bb<\/span><\/p>\n<p><span style=\"color: #003366\">Ouvertement oppos\u00e9s au Pr\u00e9sident Bachar El-Assad, ces \u00ab\u00a0exil\u00e9s\u00a0\u00bb syriens financ\u00e9s par le MEPI sont identifi\u00e9s dans l\u2019article comme des islamistes proches des Fr\u00e8res musulmans, regroup\u00e9s dans une organisation bas\u00e9e \u00e0 Londres nomm\u00e9e \u00ab\u00a0Mouvement pour la justice et le d\u00e9veloppement\u00a0\u00bb (MJD).<\/span><\/p>\n<p><span style=\"color: #003366\">Ancienne sous-secr\u00e9taire d\u2019\u00c9tat adjointe au D\u00e9partement d\u2019\u00c9tat, Tamara Cofman Wittes a \u00e9t\u00e9\u00a0nomm\u00e9e par le Pr\u00e9sident Joe Biden\u00a0au poste d&#8217;administrateur adjoint pour le Moyen-Orient de l\u2019USAID\u00a0<a style=\"color: #003366\" href=\"\/Ahmed%20Documents\/Articles%20Ahmed\/Drareni\/Khaled%20Drareni_MEPI_VF.docx#_ftn16\"><strong>[16]<\/strong><\/a>. Entre 2009 et 2012, elle a supervis\u00e9 le MEPI \u00e0 propos duquel elle avait d\u00e9clar\u00e9\u00a0<a style=\"color: #003366\" href=\"\/Ahmed%20Documents\/Articles%20Ahmed\/Drareni\/Khaled%20Drareni_MEPI_VF.docx#_ftn17\"><strong>[17]<\/strong><\/a>\u00a0:<\/span><\/p>\n<p><span style=\"color: #003366\">\u00ab\u00a0<em>Il y a beaucoup d\u2019organisations en Syrie et dans d\u2019autres pays qui cherchent \u00e0 changer leur gouvernement \u2026 C\u2019est un programme auquel nous croyons et que nous allons soutenir.<\/em>\u00a0\u00bb<\/span><\/p>\n<p><span style=\"color: #003366\">Le Liban a connu en 2005 une r\u00e9volution \u00ab\u00a0color\u00e9e\u00a0\u00bb supervis\u00e9e par les formateurs serbes de CANVAS\u00a0<a style=\"color: #003366\" href=\"\/Ahmed%20Documents\/Articles%20Ahmed\/Drareni\/Khaled%20Drareni_MEPI_VF.docx#_ftn18\"><strong>[18]<\/strong><\/a>. Nomm\u00e9e la \u00ab\u00a0r\u00e9volution du C\u00e8dre\u00a0\u00bb, elle a abouti au retrait des troupes syriennes du Liban apr\u00e8s l\u2019assassinat du Premier ministre libanais, Rafiq Hariri. Il a \u00e9t\u00e9 montr\u00e9 que le MEPI avait financ\u00e9 certains activistes impliqu\u00e9s dans cette \u00ab\u00a0r\u00e9volution\u00a0\u00bb, tout comme la NED, Freedom House et l\u2019OSF\u00a0<a style=\"color: #003366\" href=\"\/Ahmed%20Documents\/Articles%20Ahmed\/Drareni\/Khaled%20Drareni_MEPI_VF.docx#_ftn19\"><strong>[19]<\/strong><\/a>. En 2015, soit dix ans plus tard, le MEPI a aussi \u00e9t\u00e9 tr\u00e8s impliqu\u00e9 dans le financement des leaders de la contestation populaire libanaise surnomm\u00e9e \u00ab\u00a0la r\u00e9volution des ordures\u00a0\u00bb<a style=\"color: #003366\" href=\"\/Ahmed%20Documents\/Articles%20Ahmed\/Drareni\/Khaled%20Drareni_MEPI_VF.docx#_ftn20\"><strong>[20]<\/strong><\/a>.<\/span><\/p>\n<p><span style=\"color: #003366\">Y\u00e9men, Tunisie, \u00c9gypte, Syrie, Liban\u2026\u00a0: qu\u2019en est-il de l\u2019Alg\u00e9rie? Pour cela, consultons certains c\u00e2bles Wikileaks.<\/span><\/p>\n<p><span style=\"color: #003366\">Dans celui sp\u00e9cialement d\u00e9di\u00e9 au MEPI tel qu\u2019indiqu\u00e9 par son titre \u00ab\u00a0Algeria and MEPI \u2013 Moving forward\u00a0\u00bb, il est question du syndicat SNAPAP (Syndicat national autonome des personnels de l\u2019administration publique) de Rachid Malaoui\u00a0<a style=\"color: #003366\" href=\"\/Ahmed%20Documents\/Articles%20Ahmed\/Drareni\/Khaled%20Drareni_MEPI_VF.docx#_ftn21\"><strong>[21]<\/strong><\/a>. Dat\u00e9 du 26 avril 2009 et portant la r\u00e9f\u00e9rence\u00a0<a style=\"color: #003366\" href=\"https:\/\/www.calameo.com\/read\/000366846d9bbb16d1d47\">09Algiers415_a<\/a>, on peut y lire\u00a0:<\/span><\/p>\n<p><span style=\"color: #003366\">\u00ab\u00a0<em>En outre, nous avons demand\u00e9 un financement au MEPI [The U.S. \u2013Middle East Partnership Initiative] pour un projet du Solidarity Center travaillant avec les syndicats alg\u00e9riens, ainsi qu&#8217;une petite subvention pour le SNAPAP, le plus grand syndicat alg\u00e9rien autonome (c&#8217;est-\u00e0-dire non affili\u00e9 au gouvernement). Le Solidarity Center est actuellement le meilleur v\u00e9hicule pour un engagement soutenu avec les syndicats autonomes, mais l&#8217;exercice de\u00a0<strong>petites subventions<\/strong>\u00a0SNAPAP est un effort pour renforcer la capacit\u00e9 organisationnelle et de collecte de fonds d&#8217;un syndicat avec peu ou pas d&#8217;exp\u00e9rience dans l&#8217;un ou l&#8217;autre domaine. En cas de succ\u00e8s, la subvention SNAPAP pourrait conduire \u00e0 un engagement direct plus important, bien que dans un avenir lointain, sans un responsable de la mise en \u0153uvre de MEPI comme interm\u00e9diaire<\/em>\u00a0\u00bb.<\/span><\/p>\n<p><span style=\"color: #003366\">Sachant que le Solidarity Center est un des quatre (4) satellites de la NED, ce c\u00e2ble confirme tout d\u2019abord que le MEPI travaille de concert avec les autres organismes d\u2019\u00ab\u00a0exportation\u00a0\u00bb de la d\u00e9mocratie.<\/span><\/p>\n<p><span style=\"color: #003366\">Il confirme aussi que le SNAPAP, qui a des relations \u00e9troites avec le Solidarity Center\u00a0<a style=\"color: #003366\" href=\"\/Ahmed%20Documents\/Articles%20Ahmed\/Drareni\/Khaled%20Drareni_MEPI_VF.docx#_ftn22\"><strong>[22]<\/strong><\/a>, a \u00e9t\u00e9 (est encore?) financ\u00e9 par le MEPI.<\/span><\/p>\n<p>&nbsp;<\/p>\n<p><span style=\"color: #003366\"><img decoding=\"async\" src=\"https:\/\/www.ahmedbensaada.com\/images\/stories\/Images\/Drareni_MEPI_RSF\/ned_satellites2.jpg\" width=\"600\" border=\"0\" \/><\/span><\/p>\n<p><span style=\"color: #003366\">Les quatre satellites de la NED<\/span><\/p>\n<p><span style=\"color: #003366\">Si on se fie au r\u00f4le n\u00e9faste que joue le SNAPAP et son pr\u00e9sident contre la souverainet\u00e9 et la stabilit\u00e9 de l\u2019Alg\u00e9rie\u00a0<a style=\"color: #003366\" href=\"\/Ahmed%20Documents\/Articles%20Ahmed\/Drareni\/Khaled%20Drareni_MEPI_VF.docx#_ftn23\"><strong>[23]<\/strong><\/a>, on en d\u00e9duit que les subventions du MEPI ne servent pas les int\u00e9r\u00eats de l\u2019Alg\u00e9rie, bien au contraire.<\/span><\/p>\n<p><span style=\"color: #003366\">En plus du SNAPAP, la Ligue alg\u00e9rienne de d\u00e9fense des droits de l\u2019Homme (LADDH) a \u00e9t\u00e9 cit\u00e9e dans le c\u00e2ble Wikileaks\u00a0<a style=\"color: #003366\" href=\"https:\/\/www.calameo.com\/read\/0003668467a6d854fdc89\">08ALGIERS521_a<\/a>\u00a0dat\u00e9 du 7 mai 2008. Ce dernier montre que la LADDH a \u00e9t\u00e9 en relation avec les diplomates am\u00e9ricains dans le cadre des subventions MEPI\u00a0:<\/span><\/p>\n<p><span style=\"color: #003366\">\u00ab\u00a0<em>Le 15 avril\u00a0<\/em><em>[<\/em><em>2008<\/em><em>]<\/em><em>, l&#8217;ambassadeur\u00a0<\/em><em>[<\/em><em>des \u00c9tats-Unis<\/em><em>]<\/em><em>\u00a0s&#8217;est rendu \u00e0 Annaba et a visit\u00e9 le centre de la Ligue alg\u00e9rienne pour la d\u00e9fense des droits de l&#8217;Homme (LADDH) \u00e0 Annaba. L&#8217;ambassadeur a rencontr\u00e9 le directeur du centre, Kamel Daoud, ainsi que d&#8217;autres militants travaillant dans le centre. Encore une fois, l&#8217;ambassadeur a soulign\u00e9 le soutien des \u00c9tats-Unis aux droits de l&#8217;homme, et nous avons encourag\u00e9 le centre \u00e0 soumettre une proposition de financement\u00a0<strong>de<\/strong><strong>\u00a0petites subventions\u00a0<\/strong>MEPI.<\/em>\u00a0\u00bb<\/span><\/p>\n<p><span style=\"color: #003366\">L\u2019histoire ne nous dit pas si la LADDH a re\u00e7u cette subvention MEPI, mais sachant que cette ligue a \u00e9t\u00e9, pendant plusieurs ann\u00e9es, financ\u00e9e par la NED\u00a0<a style=\"color: #003366\" href=\"\/Ahmed%20Documents\/Articles%20Ahmed\/Drareni\/Khaled%20Drareni_MEPI_VF.docx#_ftn24\"><strong>[24]<\/strong><\/a>\u00a0et que ses dirigeants ont eu des contacts \u00e9troits avec l\u2019ambassade des \u00c9tats-Unis \u00e0 Alger\u00a0<a style=\"color: #003366\" href=\"\/Ahmed%20Documents\/Articles%20Ahmed\/Drareni\/Khaled%20Drareni_MEPI_VF.docx#_ftn25\"><strong>[25]<\/strong><\/a>, il est ais\u00e9 de se faire une bonne id\u00e9e sur la r\u00e9ponse. Les actions politiques de la LADDH, qui a \u00e9t\u00e9 dissoute par d\u00e9cision de justice\u00a0<a style=\"color: #003366\" href=\"\/Ahmed%20Documents\/Articles%20Ahmed\/Drareni\/Khaled%20Drareni_MEPI_VF.docx#_ftn26\"><strong>[26]<\/strong><\/a>, ont \u00e9t\u00e9 tr\u00e8s pr\u00e9judiciables \u00e0 la stabilit\u00e9 de l\u2019Alg\u00e9rie et \u00e0 son image dans le concert des nations. De nombreux exemples peuvent \u00eatre cit\u00e9s, mais contentons-nous du plus r\u00e9cent qui s\u2019est d\u00e9roul\u00e9 au Parlement europ\u00e9en\u00a0<a style=\"color: #003366\" href=\"\/Ahmed%20Documents\/Articles%20Ahmed\/Drareni\/Khaled%20Drareni_MEPI_VF.docx#_ftn27\"><strong>[27]<\/strong><\/a>.<\/span><\/p>\n<p><span style=\"color: #003366\">Stephen McInerney a \u00e9t\u00e9 le directeur ex\u00e9cutif du POMED (dont le rapport 2020 a \u00e9t\u00e9 cit\u00e9 pr\u00e9c\u00e9demment) entre 2010 et 2022\u00a0<a style=\"color: #003366\" href=\"\/Ahmed%20Documents\/Articles%20Ahmed\/Drareni\/Khaled%20Drareni_MEPI_VF.docx#_ftn28\"><strong>[28]<\/strong><\/a>. Dans un rapport intitul\u00e9 \u00ab\u00a0<em>Le budget f\u00e9d\u00e9ral et des cr\u00e9dits pour l&#8217;exercice 2010. D\u00e9mocratie, gouvernance et droits de l\u2019homme dans le Moyen-Orient<\/em>\u00a0\u00bb, il donne une information int\u00e9ressante concernant les \u00ab\u00a0petites subventions\u00a0\u00bb du MEPI cit\u00e9s dans les deux (2) c\u00e2bles Wikileaks pr\u00e9c\u00e9dents et le r\u00f4le des ambassades am\u00e9ricaines dans la r\u00e9gion MENA\u00a0<a style=\"color: #003366\" href=\"\/Ahmed%20Documents\/Articles%20Ahmed\/Drareni\/Khaled%20Drareni_MEPI_VF.docx#_ftn27\"><strong>[29]<\/strong><\/a>:<\/span><\/p>\n<p><span style=\"color: #003366\">\u00ab\u00a0<em>Le programme de petites subventions [mis en place par MEPI] a favoris\u00e9 l&#8217;interaction entre les agents politiques dans les ambassades des \u00c9tats-Unis et les activistes de la d\u00e9mocratie dans la r\u00e9gion, ce qui a contribu\u00e9 \u00e0 int\u00e9grer les pr\u00e9occupations pour la d\u00e9mocratie et les droits de l&#8217;Homme dans les efforts diplomatiques quotidiens de ces ambassades<\/em>\u00a0\u00bb.<\/span><\/p>\n<p><span style=\"color: #003366\">Cela met la lumi\u00e8re sur le r\u00f4le du MEPI dans le financement des activistes alg\u00e9riens (et plus g\u00e9n\u00e9ralement des activistes arabes) par l\u2019interm\u00e9diaire des ambassades am\u00e9ricaines de la r\u00e9gion MENA, mais aussi, et surtout, dans l\u2019utilisation des \u00ab\u00a0droits de l\u2019Homme\u00a0\u00bb dans le but d\u2019\u00ab\u00a0exporter\u00a0\u00bb la d\u00e9mocratie \u00e0 saveur am\u00e9ricaine.<\/span><\/p>\n<p><span style=\"color: #003366\">En plus du financement du MEPI, rappelons que le SNAPAP et la LADDH sont tous deux membres r\u00e9guliers de EuroMed Droits\u00a0<a style=\"color: #003366\" href=\"\/Ahmed%20Documents\/Articles%20Ahmed\/Drareni\/Khaled%20Drareni_MEPI_VF.docx#_ftn30\"><strong>[30]<\/strong><\/a>, une ONG\u00a0<a style=\"color: #003366\" href=\"https:\/\/www.calameo.com\/read\/0003668469beb50e77d8d\">ouvertement financ\u00e9e par l\u2019OSF<\/a>\u00a0de Georges Soros.<\/span><\/p>\n<p><span style=\"color: #003366\">Ces deux (2) c\u00e2bles et l\u2019explication de Stephen McInerney nous am\u00e8nent \u00e0 nous poser une question importante\u00a0: pourquoi le gouvernement des \u00c9tats-Unis financerait-il, par l\u2019interm\u00e9diaire du MEPI (et autres), des organismes alg\u00e9riens qui passent leur temps \u00e0 d\u00e9nigrer l\u2019Alg\u00e9rie et \u00e0 cr\u00e9er des conditions d\u2019instabilit\u00e9 politique dans notre pays? La r\u00e9ponse? Juste \u00e0 regarder le chaos et la d\u00e9solation qui r\u00e8gnent dans certains pays de la r\u00e9gion MENA, cette r\u00e9gion o\u00f9 \u00ab\u00a0travaille\u00a0\u00bb le MEPI.<\/span><\/p>\n<p><span style=\"color: #003366\"><strong>Pour un journalisme sp\u00e9cialis\u00e9 (en quoi?) en Alg\u00e9rie<\/strong><\/span><\/p>\n<p><span style=\"color: #003366\">Apr\u00e8s avoir pass\u00e9 en revue la mission du MEPI expliqu\u00e9e par des acteurs proches de ce programme du D\u00e9partement d\u2019\u00c9tat am\u00e9ricain et l\u2019avoir vu en \u0153uvre dans diff\u00e9rents pays arabes, on est en droit de nous questionner sur le financement du projet \u00ab\u00a0Pour un journalisme sp\u00e9cialis\u00e9 en Alg\u00e9rie\u00a0\u00bb dont Khaled Drareni est l\u2019instigateur.<\/span><\/p>\n<p><span style=\"color: #003366\">1-\u00a0\u00a0\u00a0 Pourquoi le MEPI, c\u2019est-\u00e0-dire le D\u00e9partement d\u2019\u00c9tat am\u00e9ricain, s\u2019int\u00e9resse-t-il \u00e0 la formation des journalistes alg\u00e9riens?<\/span><\/p>\n<p><span style=\"color: #003366\">2-\u00a0\u00a0 Pourquoi un programme sp\u00e9cialis\u00e9 dans l\u2019\u00a0\u00ab\u00a0exportation\u00a0\u00bb de la d\u00e9mocratie comme le MEPI est-il impliqu\u00e9 dans la formation des journalistes alg\u00e9riens?<\/span><\/p>\n<p><span style=\"color: #003366\">3-\u00a0\u00a0 Pourquoi un tel programme (le MEPI) qui a d\u00e9j\u00e0 financ\u00e9 des activistes arabes par le pass\u00e9 pour r\u00e9aliser des \u00ab\u00a0<em>regime change<\/em>\u00a0\u00bb sanglants dans leurs pays est-il en activit\u00e9 en Alg\u00e9rie?<\/span><\/p>\n<p><span style=\"color: #003366\">4-\u00a0\u00a0 Pourquoi des journalistes (et des \u00e9tudiants en journalisme)\u00a0alg\u00e9riens\u00a0sont-ils form\u00e9s en\u00a0Alg\u00e9rie\u00a0avec des subventions \u00e9trang\u00e8res?<\/span><\/p>\n<p><span style=\"color: #003366\">5-\u00a0\u00a0 Pourquoi cette formation \u00ab\u00a0sp\u00e9cialis\u00e9e\u00a0\u00bb a-t-elle \u00e9t\u00e9 offerte\u00a0gratuitement\u00a0\u00e0 des journalistes?<\/span><\/p>\n<p><span style=\"color: #003366\">6-\u00a0\u00a0 Pourquoi un projet de formation aussi limit\u00e9 dans le temps \u00e9tait-il dot\u00e9 d\u2019un financement si \u00e9lev\u00e9?<\/span><\/p>\n<p><span style=\"color: #003366\">7-\u00a0\u00a0 Qui a form\u00e9 les 80 journalistes (et \u00e9tudiants en journalisme)? Est-ce que les formateurs avaient les comp\u00e9tences requises pour cette fonction? \u00c9tait-ce des Alg\u00e9riens ou des \u00e9trangers? Khaled Drareni en faisait-il partie? Qui a v\u00e9rifi\u00e9 tout cela?<\/span><\/p>\n<p><span style=\"color: #003366\">8-\u00a0\u00a0 Quel \u00e9tait le contenu notionnel enseign\u00e9 durant cette formation?<\/span><\/p>\n<p><span style=\"color: #003366\">9-\u00a0\u00a0 Pourquoi le Minist\u00e8re de l\u2019enseignement sup\u00e9rieur n\u2019\u00e9tait-il pas impliqu\u00e9 dans cette formation?<\/span><\/p>\n<p><span style=\"color: #003366\">10-\u00a0 Pourquoi cette formation n\u2019a-t-elle pas \u00e9t\u00e9 prise en charge par nos \u00e9tablissements universitaires sp\u00e9cialis\u00e9s dans l\u2019enseignement du journalisme?<\/span><\/p>\n<p><span style=\"color: #003366\">Il faut bien comprendre que pour mener \u00e0 bien les \u00ab\u00a0guerres\u00a0de 4<sup>e<\/sup>\u00a0g\u00e9n\u00e9ration\u00a0\u00bb (G4G) l\u2019Alg\u00e9rie doit poss\u00e9der une \u00ab\u00a0arm\u00e9e\u00a0\u00bb de journalistes patriotes qui d\u00e9fendent l\u2019\u00c9tat-nation et ses institutions, qui lutte efficacement contre les \u00ab\u00a0fake news\u00a0\u00bb et la d\u00e9sinformation et qui analyse et pr\u00e9sente l\u2019information avec lucidit\u00e9 et comp\u00e9tence. La couverture biais\u00e9e et non professionnelle du conflit russo-ukrainien par les m\u00e9dias occidentaux (y compris ceux des \u00c9tats-Unis) nous a prouv\u00e9 que ces gens-l\u00e0 n\u2019ont aucune le\u00e7on \u00e0 nous donner dans le domaine journalistique, bien au contraire. L\u2019Alg\u00e9rie doit investir les moyens n\u00e9cessaires pour former ad\u00e9quatement ses propres journalistes et interdire aux pays \u00e9trangers de s\u2019immiscer dans ce secteur \u00e0 l\u2019int\u00e9rieur de notre pays pour prodiguer des formations \u00ab\u00a0sp\u00e9cialis\u00e9es\u00a0\u00bb. Cela emp\u00eachera \u00e9galement certains opportunistes de se sucrer le bec au passage.<\/span><\/p>\n<p><span style=\"color: #003366\">Cela ne veut pas dire que nous devons limiter la mobilit\u00e9 universitaire de nos enseignants et de nos \u00e9tudiants en journalisme, loin de l\u00e0. Il faut leur permettre d\u2019acqu\u00e9rir le savoir partout dans le monde.<\/span><\/p>\n<p><span style=\"color: #003366\">Par contre, l\u2019Alg\u00e9rie n\u2019a pas besoin, sur son sol, de ce type d\u2019aide qui n\u2019est, en d\u00e9finitive, qu\u2019un leurre faisant partie de l\u2019arsenal du soft power occidental. Surtout que ces programmes ont fait la preuve de leur \u00ab\u00a0efficacit\u00e9\u00a0\u00bb dans des pays de notre r\u00e9gion qui ont am\u00e8rement go\u00fbt\u00e9 \u00e0 la \u00ab\u00a0d\u00e9mocratisation\u00a0\u00bb sous les bombes.<\/span><\/p>\n<p><span style=\"color: #003366\">\u00c0 travers son projet de \u00ab\u00a0formation\u00a0\u00bb de journalistes sponsoris\u00e9 par le MEPI, Khaled Drareni, lui, le journaliste auto-autoproclam\u00e9 du Hirak aurait-il particip\u00e9 \u00e0 une n-i\u00e8me tentative de \u00ab\u00a0d\u00e9mocratisation\u00a0made in USA\u00a0\u00bb de l\u2019Alg\u00e9rie?<\/span><\/p>\n<p>&nbsp;<\/p>\n<p><span style=\"color: #003366\">P.S.\u00a0: Dans cette \u00e9tude, nous nous sommes focalis\u00e9s sur un des six projets financ\u00e9s par le MEPI. Un travail tout \u00e0 fait similaire peut \u00eatre r\u00e9alis\u00e9 pour les cinq autres.<\/span><\/p>\n<p>&nbsp;<\/p>\n<hr size=\"1\" width=\"33%\" \/>\n<p><span style=\"color: #003366\"><a style=\"color: #003366\" href=\"\/Ahmed%20Documents\/Articles%20Ahmed\/Drareni\/Khaled%20Drareni_MEPI_VF.docx#_ftnref1\">[1]<\/a>\u00a0Ahmed Bensaada, \u00ab\u00a0Qui sont ces t\u00e9nors autoproclam\u00e9s du Hirak alg\u00e9rien?\u00a0\u00bb, APIC \u00c9ditions, Alger 2020, p. 55<\/span><\/p>\n<p><span style=\"color: #003366\"><a style=\"color: #003366\" href=\"\/Ahmed%20Documents\/Articles%20Ahmed\/Drareni\/Khaled%20Drareni_MEPI_VF.docx#_ftnref2\">[2]<\/a>\u00a0CPP Radio M, \u00ab Le Hirak est press\u00e9 de reprendre la rue, mais &#8230; \u00bb, Youtube, 10 juin 2020,\u00a0<a style=\"color: #003366\" href=\"https:\/\/www.youtube.com\/watch?v=HaDlXQGuNmY&amp;feature=youtu.be\">https:\/\/www.youtube.com\/watch?v=HaDlXQGuNmY&amp;feature=youtu.be<\/a><\/span><\/p>\n<p><span style=\"color: #003366\">@ 56\u2019 20\u2019\u2019<\/span><\/p>\n<p><span style=\"color: #003366\"><a style=\"color: #003366\" href=\"\/Ahmed%20Documents\/Articles%20Ahmed\/Drareni\/Khaled%20Drareni_MEPI_VF.docx#_ftnref3\">[3]<\/a>\u00a0Ahmed Bensaada, \u00ab\u00a0Hirak\u00a0: la barbouzerie de Radio M\u00a0\u00bb, ahmedbensaada.com, le 5 avril 2021,\u00a0<a style=\"color: #003366\" href=\"https:\/\/www.ahmedbensaada.com\/index.php?option=com_content&amp;view=article&amp;id=555:hirak-la-barbouzerie-de-radio-m&amp;catid=46:qprintemps-arabeq&amp;Itemid=119\">http:\/\/www.ahmedbensaada.com\/index.php?option=com_content&amp;view=article&amp;id=555:hirak-la-barbouzerie-de-radio-m&amp;catid=46:qprintemps-arabeq&amp;Itemid=119<\/a><\/span><\/p>\n<p><span style=\"color: #003366\"><a style=\"color: #003366\" href=\"\/Ahmed%20Documents\/Articles%20Ahmed\/Drareni\/Khaled%20Drareni_MEPI_VF.docx#_ftnref4\">[4]<\/a>\u00a0Ali Baba, \u00ab\u00a0Le journaleux Ihsane El-Kadi insulte le Dr Ahmed Bensaada sur les ondes de Radio M\u00a0\u00bb &#8211; CEE du 16 mars 2021, Youtube,\u00a0<a style=\"color: #003366\" href=\"https:\/\/www.youtube.com\/watch?v=3mC6cpvqfic&amp;ab_channel=alibaba\">https:\/\/www.youtube.com\/watch?v=3mC6cpvqfic&amp;ab_channel=alibaba<\/a><\/span><\/p>\n<p><span style=\"color: #003366\"><a style=\"color: #003366\" href=\"\/Ahmed%20Documents\/Articles%20Ahmed\/Drareni\/Khaled%20Drareni_MEPI_VF.docx#_ftnref5\">[5]<\/a>\u00a0Walid Ait Said, : \u00ab\u00a0Pour que le r\u00eave am\u00e9ricain devienne alg\u00e9rien !\u00a0\u00bb, L\u2019Expression, 16 novembre 2017,\u00a0<a style=\"color: #003366\" href=\"https:\/\/www.lexpressiondz.com\/nationale\/pour-que-le-reve-americain-deviennealgerien-27998\">https:\/\/www.lexpressiondz.com\/nationale\/pour-que-le-reve-americain-deviennealgerien-27998<\/a><\/span><\/p>\n<p><span style=\"color: #003366\"><a style=\"color: #003366\" href=\"\/Ahmed%20Documents\/Articles%20Ahmed\/Drareni\/Khaled%20Drareni_MEPI_VF.docx#_ftnref6\">[6]<\/a>\u00a0Salim Khaldi, \u00ab\u00a0Une formation professionnelle sp\u00e9cialis\u00e9e pour les journalistes alg\u00e9riens\u00a0\u00bb, Casbah Tribune, 27 d\u00e9cembre 2017,\u00a0<a style=\"color: #003366\" href=\"https:\/\/casbah-tribune.com\/formation-professionnelle-specialisee-journalistes-algeriens\/\">https:\/\/casbah-tribune.com\/formation-professionnelle-specialisee-journalistes-algeriens\/<\/a><\/span><\/p>\n<p><span style=\"color: #003366\"><a style=\"color: #003366\" href=\"\/Ahmed%20Documents\/Articles%20Ahmed\/Drareni\/Khaled%20Drareni_MEPI_VF.docx#_ftnref7\">[7]<\/a>Yasmine Marouf-Araibi, \u00ab\u00a0Le site Casbah Tribune, fond\u00e9 par Khaled Drareni, bloqu\u00e9 en Alg\u00e9rie\u00a0\u00bb, Inter-Lignes, 2 d\u00e9cembre 2020,\u00a0<a style=\"color: #003366\" href=\"https:\/\/inter-lignes.com\/le-site-casbah-tribune-fonde-par-khaled-drareni-bloque-en-algerie\/\">https:\/\/inter-lignes.com\/le-site-casbah-tribune-fonde-par-khaled-drareni-bloque-en-algerie\/<\/a><\/span><\/p>\n<p><span style=\"color: #003366\"><a style=\"color: #003366\" href=\"\/Ahmed%20Documents\/Articles%20Ahmed\/Drareni\/Khaled%20Drareni_MEPI_VF.docx#_ftnref8\">[8]<\/a>\u00a0Pour plus d\u2019information sur ces organisations, lire\u00a0: Ahmed Bensaada, \u00ab\u00a0Arabesque$ &#8211; Enqu\u00eate sur le r\u00f4le des \u00c9tats-Unis dans les r\u00e9voltes arabes\u00a0\u00bb, Ed. Investig\u2019Action, Bruxelles (Belgique), 2015 \u2013 Ed. ANEP, Alger (Alg\u00e9rie), 2016, Chapitre 2\u00a0: \u00ab\u00a0Ces organismes am\u00e9ricains qui \u2033exportent\u2033 la d\u00e9mocratie\u00a0\u00bb.<\/span><\/p>\n<p><span style=\"color: #003366\"><a style=\"color: #003366\" href=\"\/Ahmed%20Documents\/Articles%20Ahmed\/Drareni\/Khaled%20Drareni_MEPI_VF.docx#_ftnref9\">[9]<\/a>\u00a0Jeremy M. Sharp, \u00ab\u00a0The Middle East Partnership Initiative: An Overview\u00a0\u00bb, CRS Report for Congress, 8 f\u00e9vrier 2005,\u00a0<a style=\"color: #003366\" href=\"https:\/\/sgp.fas.org\/crs\/mideast\/RS21457.pdf\">https:\/\/sgp.fas.org\/crs\/mideast\/RS21457.pdf<\/a><\/span><\/p>\n<p><span style=\"color: #003366\"><a style=\"color: #003366\" href=\"\/Ahmed%20Documents\/Articles%20Ahmed\/Drareni\/Khaled%20Drareni_MEPI_VF.docx#_ftnref10\">[10]<\/a>\u00a0Elly Rostoum, \u00ab\u00a0MEPI Revolutionizes U.S. Soft Power Engagement in the Middle East\u00a0\u00bb, Kennedy School Review, 5 septembre 2019,\u00a0<a style=\"color: #003366\" href=\"https:\/\/ksr.hkspublications.org\/2019\/09\/05\/mepi-revolutionizes-u-s-soft-power-engagement-in-the-middle-east\/\">https:\/\/ksr.hkspublications.org\/2019\/09\/05\/mepi-revolutionizes-u-s-soft-power-engagement-in-the-middle-east\/<\/a><\/span><\/p>\n<p><span style=\"color: #003366\"><a style=\"color: #003366\" href=\"\/Ahmed%20Documents\/Articles%20Ahmed\/Drareni\/Khaled%20Drareni_MEPI_VF.docx#_ftnref11\">[11]<\/a>\u00a0POMED, \u00ab\u00a0President Trump\u2019s FY21 Budget &#8211; Examining U.S. Assistance to the Middle East and North Africa in the Shadow of COVID-19\u00a0\u00bb, Juin 2020,\u00a0<a style=\"color: #003366\" href=\"https:\/\/pomed.org\/wp-content\/uploads\/2020\/06\/POMED_FY21BudgetReport.pdf\">https:\/\/pomed.org\/wp-content\/uploads\/2020\/06\/POMED_FY21BudgetReport.pdf<\/a><\/span><\/p>\n<p><span style=\"color: #003366\"><a style=\"color: #003366\" href=\"\/Ahmed%20Documents\/Articles%20Ahmed\/Drareni\/Khaled%20Drareni_MEPI_VF.docx#_ftnref12\">[12]<\/a>\u00a0<em>Ibid<\/em>.<\/span><\/p>\n<p><span style=\"color: #003366\"><a style=\"color: #003366\" href=\"\/Ahmed%20Documents\/Articles%20Ahmed\/Drareni\/Khaled%20Drareni_MEPI_VF.docx#_ftnref13\">[13]<\/a>\u00a0Elly Rostoum, \u00ab\u00a0MEPI Revolutionizes U.S. Soft Power Engagement in the Middle East\u00a0\u00bb,\u00a0<em>Op. Cit.<\/em><\/span><\/p>\n<p><span style=\"color: #003366\"><a style=\"color: #003366\" href=\"\/Ahmed%20Documents\/Articles%20Ahmed\/Drareni\/Khaled%20Drareni_MEPI_VF.docx#_ftnref14\">[14]<\/a>\u00a0Ahmed Bensaada, \u00ab\u00a0Mais qui est donc Tawakkol Karman, la premi\u00e8re femme arabe nob\u00e9lis\u00e9e?\u00a0\u00bb, Ahmedbensaada.com, 12 octobre 2011,\u00a0<a style=\"color: #003366\" href=\"https:\/\/www.ahmedbensaada.com\/index.php?option=com_content&amp;view=article&amp;id=141:mais-qui-est-donc-tawakkol-karman-la-premiere-femme-arabe-nobelisee&amp;catid=46:qprintemps-arabeq&amp;Itemid=119\">http:\/\/www.ahmedbensaada.com\/index.php?option=com_content&amp;view=article&amp;id=141:mais-qui-est-donc-tawakkol-karman-la-premiere-femme-arabe-nobelisee&amp;catid=46:qprintemps-arabeq&amp;Itemid=119<\/a><\/span><\/p>\n<p><span style=\"color: #003366\"><a style=\"color: #003366\" href=\"\/Ahmed%20Documents\/Articles%20Ahmed\/Drareni\/Khaled%20Drareni_MEPI_VF.docx#_ftnref15\">[15]<\/a>\u00a0Craig Whitlock, \u00ab U.S. secretly backed Syrian opposition groups, cables released by WikiLeaks show \u00bb, Washington Post, 17 avril 2011,\u00a0<a style=\"color: #003366\" href=\"https:\/\/www.washingtonpost.com\/world\/us-secretly-backed-syrian-opposition-groups-cables-released-by-wikileaks-show\/2011\/04\/14\/AF1p9hwD_story.html\">https:\/\/www.washingtonpost.com\/world\/us-secretly-backed-syrian-opposition-groups-cables-released-by-wikileaks-show\/2011\/04\/14\/AF1p9hwD_story.html<\/a><\/span><\/p>\n<p><span style=\"color: #003366\"><a style=\"color: #003366\" href=\"\/Ahmed%20Documents\/Articles%20Ahmed\/Drareni\/Khaled%20Drareni_MEPI_VF.docx#_ftnref16\">[16]<\/a>\u00a0The Media Line, \u00ab\u00a0Tamara Wittes Nominated for USAID Middle East Post\u00a0\u00bb, 25 juillet 2021,\u00a0<a style=\"color: #003366\" href=\"https:\/\/themedialine.org\/headlines\/tamara-wittes-nominated-for-usaid-middle-east-post\/\">https:\/\/themedialine.org\/headlines\/tamara-wittes-nominated-for-usaid-middle-east-post\/<\/a><\/span><\/p>\n<p><span style=\"color: #003366\"><a style=\"color: #003366\" href=\"\/Ahmed%20Documents\/Articles%20Ahmed\/Drareni\/Khaled%20Drareni_MEPI_VF.docx#_ftnref17\">[17]<\/a>\u00a0Charlie Skelton, \u00ab The Syrian opposition: who&#8217;s doing the talking? \u00bb, The Guardian, 12 juillet 2012,\u00a0<a style=\"color: #003366\" href=\"http:\/\/www.theguardian.com\/commentisfree\/2012\/jul\/12\/syrian-opposition-doing-the-talking\">http:\/\/www.theguardian.com\/commentisfree\/2012\/jul\/12\/syrian-opposition-doing-the-talking<\/a><\/span><\/p>\n<p><span style=\"color: #003366\"><a style=\"color: #003366\" href=\"\/Ahmed%20Documents\/Articles%20Ahmed\/Drareni\/Khaled%20Drareni_MEPI_VF.docx#_ftnref18\">[18]<\/a>\u00a0Pour plus de d\u00e9tails sur CANVAS lire, par exemple, l\u2019article suivant\u00a0: Ahmed Bensaada, \u00ab\u00a0Huit ans apr\u00e8s : la \u00ab printanisation \u00bb de l\u2019Alg\u00e9rie\u00a0\u00bb, Ahmedbensaada.com, 4 avril 2019,\u00a0<a style=\"color: #003366\" href=\"https:\/\/www.ahmedbensaada.com\/index.php?option=com_content&amp;view=article&amp;id=475:2019-04-04-22-50-13&amp;catid=46:qprintemps-arabeq&amp;Itemid=119\">http:\/\/www.ahmedbensaada.com\/index.php?option=com_content&amp;view=article&amp;id=475:2019-04-04-22-50-13&amp;catid=46:qprintemps-arabeq&amp;Itemid=119<\/a><\/span><\/p>\n<p><span style=\"color: #003366\"><a style=\"color: #003366\" href=\"\/Ahmed%20Documents\/Articles%20Ahmed\/Drareni\/Khaled%20Drareni_MEPI_VF.docx#_ftnref19\">[19]<\/a>\u00a0Ahmed Bensaada, \u00ab\u00a0Liban 2005-2015 : d\u2019une \u00ab r\u00e9volution \u00bb color\u00e9e \u00e0 l&#8217;autre\u00a0\u00bb, Ahmedbensaada.com, 14 Septembre 2015,\u00a0<a style=\"color: #003366\" href=\"https:\/\/www.ahmedbensaada.com\/index.php?option=com_content&amp;view=article&amp;id=323:liban-2005-2015-dune-l-revolution-r-coloree-a-une-autre&amp;catid=46:qprintemps-arabeq&amp;Itemid=119\">http:\/\/www.ahmedbensaada.com\/index.php?option=com_content&amp;view=article&amp;id=323:liban-2005-2015-dune-l-revolution-r-coloree-a-une-autre&amp;catid=46:qprintemps-arabeq&amp;Itemid=119<\/a><\/span><\/p>\n<p><span style=\"color: #003366\"><a style=\"color: #003366\" href=\"\/Ahmed%20Documents\/Articles%20Ahmed\/Drareni\/Khaled%20Drareni_MEPI_VF.docx#_ftnref20\">[20]<\/a>\u00a0<em>Ibid<\/em>.<\/span><\/p>\n<p><span style=\"color: #003366\"><a style=\"color: #003366\" href=\"\/Ahmed%20Documents\/Articles%20Ahmed\/Drareni\/Khaled%20Drareni_MEPI_VF.docx#_ftnref21\">[21]<\/a>\u00a0Pour plus de d\u00e9tails sur Rachid Malaoui et le SNAPAP, lire mon article suivant\u00a0: Ahmed Bensaada. \u00ab\u00a0Alg\u00e9rie : les tribulations tartarinesques de Marie-George Buffet\u00a0\u00bb, Ahmedbensaada.com, 17 Novembre 2021,\u00a0<a style=\"color: #003366\" href=\"https:\/\/www.ahmedbensaada.com\/index.php?option=com_content&amp;view=article&amp;id=586:2021-11-17-21-55-07&amp;catid=46:qprintemps-arabeq&amp;Itemid=119\">http:\/\/www.ahmedbensaada.com\/index.php?option=com_content&amp;view=article&amp;id=586:2021-11-17-21-55-07&amp;catid=46:qprintemps-arabeq&amp;Itemid=119<\/a><\/span><\/p>\n<p><span style=\"color: #003366\"><a style=\"color: #003366\" href=\"\/Ahmed%20Documents\/Articles%20Ahmed\/Drareni\/Khaled%20Drareni_MEPI_VF.docx#_ftnref22\">[22]<\/a>\u00a0<em>Ibid<\/em>.<\/span><\/p>\n<p><span style=\"color: #003366\"><a style=\"color: #003366\" href=\"\/Ahmed%20Documents\/Articles%20Ahmed\/Drareni\/Khaled%20Drareni_MEPI_VF.docx#_ftnref23\">[23]<\/a>\u00a0<em>Ibid<\/em>.<\/span><\/p>\n<p><span style=\"color: #003366\"><a style=\"color: #003366\" href=\"\/Ahmed%20Documents\/Articles%20Ahmed\/Drareni\/Khaled%20Drareni_MEPI_VF.docx#_ftnref24\">[24]<\/a>\u00a0Ahmed Bensaada, \u00ab\u00a0Huit ans apr\u00e8s : la \u00ab printanisation \u00bb de l\u2019Alg\u00e9rie\u00a0\u00bb,\u00a0<em>Op. Cit.<\/em><\/span><\/p>\n<p><span style=\"color: #003366\"><a style=\"color: #003366\" href=\"\/Ahmed%20Documents\/Articles%20Ahmed\/Drareni\/Khaled%20Drareni_MEPI_VF.docx#_ftnref25\">[25]<\/a>\u00a0Ahmed Bensaada, \u00ab\u00a0Alg\u00e9rie : Wikileaks et les \u2033khabardjia \u2033\u00a0\u00bb,<\/span><\/p>\n<p><span style=\"color: #003366\">Ahmedbensaada.com, 17 mars 2023,\u00a0<a style=\"color: #003366\" href=\"https:\/\/www.ahmedbensaada.com\/index.php?option=com_content&amp;view=article&amp;id=6&amp;Itemid=119\">http:\/\/www.ahmedbensaada.com\/index.php?option=com_content&amp;view=article&amp;id=6<\/a><\/span><\/p>\n<p><span style=\"color: #003366\"><a style=\"color: #003366\" href=\"\/Ahmed%20Documents\/Articles%20Ahmed\/Drareni\/Khaled%20Drareni_MEPI_VF.docx#_ftnref26\">[26]<\/a>\u00a0M.B., \u00ab\u00a0La LADDH dissoute sur d\u00e9cision de la justice\u00a0\u00bb, Le Jeune Ind\u00e9pendant, 20 janvier 2023,\u00a0<a style=\"color: #003366\" href=\"https:\/\/www.jeune-independant.net\/la-laddh-dissoute-sur-decision-de-la-justice\">https:\/\/www.jeune-independant.net\/la-laddh-dissoute-sur-decision-de-la-justice<\/a><\/span><\/p>\n<p><span style=\"color: #003366\"><a style=\"color: #003366\" href=\"\/Ahmed%20Documents\/Articles%20Ahmed\/Drareni\/Khaled%20Drareni_MEPI_VF.docx#_ftnref27\">[27]<\/a>\u00a0\u00c1lvaro Escalonilla, \u00ab L\u2019Alg\u00e9rie durcit la r\u00e9pression interne : &#8220;Le respect des droits de l&#8217;homme recule&#8221;\u00a0\u00bb, Atalayar, 21 mars 2023,\u00a0<a style=\"color: #003366\" href=\"https:\/\/atalayar.com\/fr\/content\/lalgerie-durcit-la-repression-interne-le-respect-des-droits-de-lhomme-recule\">https:\/\/atalayar.com\/fr\/content\/lalgerie-durcit-la-repression-interne-le-respect-des-droits-de-lhomme-recule<\/a><\/span><\/p>\n<p><span style=\"color: #003366\"><a style=\"color: #003366\" href=\"\/Ahmed%20Documents\/Articles%20Ahmed\/Drareni\/Khaled%20Drareni_MEPI_VF.docx#_ftnref28\">[28]<\/a>\u00a0POMED, \u00ab\u00a0Stephen McInerney\u00a0\u00bb,\u00a0<a style=\"color: #003366\" href=\"https:\/\/pomed.org\/people\/stephen-mcinerney\/\">https:\/\/pomed.org\/people\/stephen-mcinerney\/<\/a><\/span><\/p>\n<p><span style=\"color: #003366\"><a style=\"color: #003366\" href=\"\/Ahmed%20Documents\/Articles%20Ahmed\/Drareni\/Khaled%20Drareni_MEPI_VF.docx#_ftnref29\">[29]<\/a>\u00a0Stephen McInerney, \u00ab The Federal Budget and Appropriations for Fiscal Year 2010, Democracy, Governance, and Human Rights In The Middle East\u00bb, 2009, p. 11,\u00a0<a style=\"color: #003366\" href=\"http:\/\/pomed.org\/wp-content\/uploads\/2009\/07\/FY2010-Budget-Report.pdf\">http:\/\/pomed.org\/wp-content\/uploads\/2009\/07\/FY2010-Budget-Report.pdf<\/a><\/span><\/p>\n<p><span style=\"color: #003366\"><a style=\"color: #003366\" href=\"\/Ahmed%20Documents\/Articles%20Ahmed\/Drareni\/Khaled%20Drareni_MEPI_VF.docx#_ftnref30\">[30]<\/a>\u00a0EuroMed Droits, \u00ab\u00a0Membres r\u00e9guliers\u00a0\u00bb,\u00a0<a style=\"color: #003366\" href=\"https:\/\/euromedrights.org\/fr\/membres\/\">https:\/\/euromedrights.org\/fr\/membres\/<\/a><\/span><\/p>\n","protected":false},"excerpt":{"rendered":"<p>ahmedbensaada.com Par Ahmed Bensaada\u00a0 Le 9 juin 2020, soit quelques jours apr\u00e8s la sortie de mon livre\u00a0[1]\u00a0\u00ab\u00a0Qui sont ces t\u00e9nors autoproclam\u00e9s du&hellip;<\/p>\n","protected":false},"author":58,"featured_media":73452,"comment_status":"open","ping_status":"open","sticky":false,"template":"","format":"standard","meta":{"_lmt_disableupdate":"","_lmt_disable":"","footnotes":""},"categories":[49],"tags":[],"class_list":["post-73451","post","type-post","status-publish","format-standard","has-post-thumbnail","hentry","category-politique"],"yoast_head":"<!-- This site is optimized with the Yoast SEO plugin v27.3 - https:\/\/yoast.com\/product\/yoast-seo-wordpress\/ -->\n<title>Khaled Drareni, journaliste \u00ab auto-autoproclam\u00e9 \u00bb du Hirak - AAH.JZR<\/title>\n<meta name=\"robots\" content=\"index, follow, max-snippet:-1, max-image-preview:large, max-video-preview:-1\" \/>\n<link rel=\"canonical\" href=\"https:\/\/jazairhope.org\/fr\/khaled-drareni-journaliste-auto-autoproclame-du-hirak\/\" \/>\n<meta property=\"og:locale\" content=\"fr_FR\" \/>\n<meta property=\"og:type\" content=\"article\" \/>\n<meta property=\"og:title\" content=\"Khaled Drareni, journaliste \u00ab auto-autoproclam\u00e9 \u00bb du Hirak - AAH.JZR\" \/>\n<meta property=\"og:description\" content=\"ahmedbensaada.com Par Ahmed Bensaada\u00a0 Le 9 juin 2020, soit quelques jours apr\u00e8s la sortie de mon livre\u00a0[1]\u00a0\u00ab\u00a0Qui sont ces t\u00e9nors autoproclam\u00e9s du&hellip;\" \/>\n<meta property=\"og:url\" content=\"https:\/\/jazairhope.org\/fr\/khaled-drareni-journaliste-auto-autoproclame-du-hirak\/\" \/>\n<meta property=\"og:site_name\" content=\"AAH.JZR\" \/>\n<meta property=\"article:publisher\" content=\"https:\/\/www.facebook.com\/jazairhope\" \/>\n<meta property=\"article:published_time\" content=\"2023-04-02T16:34:40+00:00\" \/>\n<meta property=\"og:image\" content=\"https:\/\/jazairhope.org\/wp-content\/uploads\/2023\/04\/Capture-4.png\" \/>\n\t<meta property=\"og:image:width\" content=\"549\" \/>\n\t<meta property=\"og:image:height\" content=\"589\" \/>\n\t<meta property=\"og:image:type\" content=\"image\/png\" \/>\n<meta name=\"author\" content=\"Mohamed Redha Chettibi\" \/>\n<meta name=\"twitter:card\" content=\"summary_large_image\" \/>\n<meta name=\"twitter:label1\" content=\"\u00c9crit par\" \/>\n\t<meta name=\"twitter:data1\" content=\"Mohamed Redha Chettibi\" \/>\n\t<meta name=\"twitter:label2\" content=\"Dur\u00e9e de lecture estim\u00e9e\" \/>\n\t<meta name=\"twitter:data2\" content=\"23 minutes\" \/>\n<script type=\"application\/ld+json\" class=\"yoast-schema-graph\">{\"@context\":\"https:\\\/\\\/schema.org\",\"@graph\":[{\"@type\":\"Article\",\"@id\":\"https:\\\/\\\/jazairhope.org\\\/fr\\\/khaled-drareni-journaliste-auto-autoproclame-du-hirak\\\/#article\",\"isPartOf\":{\"@id\":\"https:\\\/\\\/jazairhope.org\\\/fr\\\/khaled-drareni-journaliste-auto-autoproclame-du-hirak\\\/\"},\"author\":{\"name\":\"Mohamed Redha Chettibi\",\"@id\":\"https:\\\/\\\/jazairhope.org\\\/fr\\\/#\\\/schema\\\/person\\\/25f89793241399d8600e452019d99b77\"},\"headline\":\"Khaled Drareni, journaliste \u00ab auto-autoproclam\u00e9 \u00bb du Hirak\",\"datePublished\":\"2023-04-02T16:34:40+00:00\",\"mainEntityOfPage\":{\"@id\":\"https:\\\/\\\/jazairhope.org\\\/fr\\\/khaled-drareni-journaliste-auto-autoproclame-du-hirak\\\/\"},\"wordCount\":4680,\"commentCount\":0,\"image\":{\"@id\":\"https:\\\/\\\/jazairhope.org\\\/fr\\\/khaled-drareni-journaliste-auto-autoproclame-du-hirak\\\/#primaryimage\"},\"thumbnailUrl\":\"https:\\\/\\\/jazairhope.org\\\/wp-content\\\/uploads\\\/2023\\\/04\\\/Capture-4.png\",\"articleSection\":[\"Politique\"],\"inLanguage\":\"fr-FR\",\"potentialAction\":[{\"@type\":\"CommentAction\",\"name\":\"Comment\",\"target\":[\"https:\\\/\\\/jazairhope.org\\\/fr\\\/khaled-drareni-journaliste-auto-autoproclame-du-hirak\\\/#respond\"]}]},{\"@type\":\"WebPage\",\"@id\":\"https:\\\/\\\/jazairhope.org\\\/fr\\\/khaled-drareni-journaliste-auto-autoproclame-du-hirak\\\/\",\"url\":\"https:\\\/\\\/jazairhope.org\\\/fr\\\/khaled-drareni-journaliste-auto-autoproclame-du-hirak\\\/\",\"name\":\"Khaled Drareni, journaliste \u00ab auto-autoproclam\u00e9 \u00bb du Hirak - AAH.JZR\",\"isPartOf\":{\"@id\":\"https:\\\/\\\/jazairhope.org\\\/fr\\\/#website\"},\"primaryImageOfPage\":{\"@id\":\"https:\\\/\\\/jazairhope.org\\\/fr\\\/khaled-drareni-journaliste-auto-autoproclame-du-hirak\\\/#primaryimage\"},\"image\":{\"@id\":\"https:\\\/\\\/jazairhope.org\\\/fr\\\/khaled-drareni-journaliste-auto-autoproclame-du-hirak\\\/#primaryimage\"},\"thumbnailUrl\":\"https:\\\/\\\/jazairhope.org\\\/wp-content\\\/uploads\\\/2023\\\/04\\\/Capture-4.png\",\"datePublished\":\"2023-04-02T16:34:40+00:00\",\"author\":{\"@id\":\"https:\\\/\\\/jazairhope.org\\\/fr\\\/#\\\/schema\\\/person\\\/25f89793241399d8600e452019d99b77\"},\"breadcrumb\":{\"@id\":\"https:\\\/\\\/jazairhope.org\\\/fr\\\/khaled-drareni-journaliste-auto-autoproclame-du-hirak\\\/#breadcrumb\"},\"inLanguage\":\"fr-FR\",\"potentialAction\":[{\"@type\":\"ReadAction\",\"target\":[\"https:\\\/\\\/jazairhope.org\\\/fr\\\/khaled-drareni-journaliste-auto-autoproclame-du-hirak\\\/\"]}]},{\"@type\":\"ImageObject\",\"inLanguage\":\"fr-FR\",\"@id\":\"https:\\\/\\\/jazairhope.org\\\/fr\\\/khaled-drareni-journaliste-auto-autoproclame-du-hirak\\\/#primaryimage\",\"url\":\"https:\\\/\\\/jazairhope.org\\\/wp-content\\\/uploads\\\/2023\\\/04\\\/Capture-4.png\",\"contentUrl\":\"https:\\\/\\\/jazairhope.org\\\/wp-content\\\/uploads\\\/2023\\\/04\\\/Capture-4.png\",\"width\":549,\"height\":589},{\"@type\":\"BreadcrumbList\",\"@id\":\"https:\\\/\\\/jazairhope.org\\\/fr\\\/khaled-drareni-journaliste-auto-autoproclame-du-hirak\\\/#breadcrumb\",\"itemListElement\":[{\"@type\":\"ListItem\",\"position\":1,\"name\":\"Accueil\",\"item\":\"https:\\\/\\\/jazairhope.org\\\/fr\\\/\"},{\"@type\":\"ListItem\",\"position\":2,\"name\":\"Khaled Drareni, journaliste \u00ab auto-autoproclam\u00e9 \u00bb du Hirak\"}]},{\"@type\":\"WebSite\",\"@id\":\"https:\\\/\\\/jazairhope.org\\\/fr\\\/#website\",\"url\":\"https:\\\/\\\/jazairhope.org\\\/fr\\\/\",\"name\":\"AAH.JZR\",\"description\":\"Environment, Health, Science, Art, Economics\",\"potentialAction\":[{\"@type\":\"SearchAction\",\"target\":{\"@type\":\"EntryPoint\",\"urlTemplate\":\"https:\\\/\\\/jazairhope.org\\\/fr\\\/?s={search_term_string}\"},\"query-input\":{\"@type\":\"PropertyValueSpecification\",\"valueRequired\":true,\"valueName\":\"search_term_string\"}}],\"inLanguage\":\"fr-FR\"},{\"@type\":\"Person\",\"@id\":\"https:\\\/\\\/jazairhope.org\\\/fr\\\/#\\\/schema\\\/person\\\/25f89793241399d8600e452019d99b77\",\"name\":\"Mohamed Redha Chettibi\",\"image\":{\"@type\":\"ImageObject\",\"inLanguage\":\"fr-FR\",\"@id\":\"https:\\\/\\\/secure.gravatar.com\\\/avatar\\\/fbd403d607af3d36f26025d8726b5d4b27c7ea4fe21ef10d17299a6c717ed442?s=96&d=mm&r=g\",\"url\":\"https:\\\/\\\/secure.gravatar.com\\\/avatar\\\/fbd403d607af3d36f26025d8726b5d4b27c7ea4fe21ef10d17299a6c717ed442?s=96&d=mm&r=g\",\"contentUrl\":\"https:\\\/\\\/secure.gravatar.com\\\/avatar\\\/fbd403d607af3d36f26025d8726b5d4b27c7ea4fe21ef10d17299a6c717ed442?s=96&d=mm&r=g\",\"caption\":\"Mohamed Redha Chettibi\"},\"url\":\"https:\\\/\\\/jazairhope.org\\\/fr\\\/author\\\/mrc\\\/\"}]}<\/script>\n<!-- \/ Yoast SEO plugin. -->","yoast_head_json":{"title":"Khaled Drareni, journaliste \u00ab auto-autoproclam\u00e9 \u00bb du Hirak - AAH.JZR","robots":{"index":"index","follow":"follow","max-snippet":"max-snippet:-1","max-image-preview":"max-image-preview:large","max-video-preview":"max-video-preview:-1"},"canonical":"https:\/\/jazairhope.org\/fr\/khaled-drareni-journaliste-auto-autoproclame-du-hirak\/","og_locale":"fr_FR","og_type":"article","og_title":"Khaled Drareni, journaliste \u00ab auto-autoproclam\u00e9 \u00bb du Hirak - AAH.JZR","og_description":"ahmedbensaada.com Par Ahmed Bensaada\u00a0 Le 9 juin 2020, soit quelques jours apr\u00e8s la sortie de mon livre\u00a0[1]\u00a0\u00ab\u00a0Qui sont ces t\u00e9nors autoproclam\u00e9s du&hellip;","og_url":"https:\/\/jazairhope.org\/fr\/khaled-drareni-journaliste-auto-autoproclame-du-hirak\/","og_site_name":"AAH.JZR","article_publisher":"https:\/\/www.facebook.com\/jazairhope","article_published_time":"2023-04-02T16:34:40+00:00","og_image":[{"width":549,"height":589,"url":"https:\/\/jazairhope.org\/wp-content\/uploads\/2023\/04\/Capture-4.png","type":"image\/png"}],"author":"Mohamed Redha Chettibi","twitter_card":"summary_large_image","twitter_misc":{"\u00c9crit par":"Mohamed Redha Chettibi","Dur\u00e9e de lecture estim\u00e9e":"23 minutes"},"schema":{"@context":"https:\/\/schema.org","@graph":[{"@type":"Article","@id":"https:\/\/jazairhope.org\/fr\/khaled-drareni-journaliste-auto-autoproclame-du-hirak\/#article","isPartOf":{"@id":"https:\/\/jazairhope.org\/fr\/khaled-drareni-journaliste-auto-autoproclame-du-hirak\/"},"author":{"name":"Mohamed Redha Chettibi","@id":"https:\/\/jazairhope.org\/fr\/#\/schema\/person\/25f89793241399d8600e452019d99b77"},"headline":"Khaled Drareni, journaliste \u00ab auto-autoproclam\u00e9 \u00bb du Hirak","datePublished":"2023-04-02T16:34:40+00:00","mainEntityOfPage":{"@id":"https:\/\/jazairhope.org\/fr\/khaled-drareni-journaliste-auto-autoproclame-du-hirak\/"},"wordCount":4680,"commentCount":0,"image":{"@id":"https:\/\/jazairhope.org\/fr\/khaled-drareni-journaliste-auto-autoproclame-du-hirak\/#primaryimage"},"thumbnailUrl":"https:\/\/jazairhope.org\/wp-content\/uploads\/2023\/04\/Capture-4.png","articleSection":["Politique"],"inLanguage":"fr-FR","potentialAction":[{"@type":"CommentAction","name":"Comment","target":["https:\/\/jazairhope.org\/fr\/khaled-drareni-journaliste-auto-autoproclame-du-hirak\/#respond"]}]},{"@type":"WebPage","@id":"https:\/\/jazairhope.org\/fr\/khaled-drareni-journaliste-auto-autoproclame-du-hirak\/","url":"https:\/\/jazairhope.org\/fr\/khaled-drareni-journaliste-auto-autoproclame-du-hirak\/","name":"Khaled Drareni, journaliste \u00ab auto-autoproclam\u00e9 \u00bb du Hirak - AAH.JZR","isPartOf":{"@id":"https:\/\/jazairhope.org\/fr\/#website"},"primaryImageOfPage":{"@id":"https:\/\/jazairhope.org\/fr\/khaled-drareni-journaliste-auto-autoproclame-du-hirak\/#primaryimage"},"image":{"@id":"https:\/\/jazairhope.org\/fr\/khaled-drareni-journaliste-auto-autoproclame-du-hirak\/#primaryimage"},"thumbnailUrl":"https:\/\/jazairhope.org\/wp-content\/uploads\/2023\/04\/Capture-4.png","datePublished":"2023-04-02T16:34:40+00:00","author":{"@id":"https:\/\/jazairhope.org\/fr\/#\/schema\/person\/25f89793241399d8600e452019d99b77"},"breadcrumb":{"@id":"https:\/\/jazairhope.org\/fr\/khaled-drareni-journaliste-auto-autoproclame-du-hirak\/#breadcrumb"},"inLanguage":"fr-FR","potentialAction":[{"@type":"ReadAction","target":["https:\/\/jazairhope.org\/fr\/khaled-drareni-journaliste-auto-autoproclame-du-hirak\/"]}]},{"@type":"ImageObject","inLanguage":"fr-FR","@id":"https:\/\/jazairhope.org\/fr\/khaled-drareni-journaliste-auto-autoproclame-du-hirak\/#primaryimage","url":"https:\/\/jazairhope.org\/wp-content\/uploads\/2023\/04\/Capture-4.png","contentUrl":"https:\/\/jazairhope.org\/wp-content\/uploads\/2023\/04\/Capture-4.png","width":549,"height":589},{"@type":"BreadcrumbList","@id":"https:\/\/jazairhope.org\/fr\/khaled-drareni-journaliste-auto-autoproclame-du-hirak\/#breadcrumb","itemListElement":[{"@type":"ListItem","position":1,"name":"Accueil","item":"https:\/\/jazairhope.org\/fr\/"},{"@type":"ListItem","position":2,"name":"Khaled Drareni, journaliste \u00ab auto-autoproclam\u00e9 \u00bb du Hirak"}]},{"@type":"WebSite","@id":"https:\/\/jazairhope.org\/fr\/#website","url":"https:\/\/jazairhope.org\/fr\/","name":"AAH.JZR","description":"Environment, Health, Science, Art, Economics","potentialAction":[{"@type":"SearchAction","target":{"@type":"EntryPoint","urlTemplate":"https:\/\/jazairhope.org\/fr\/?s={search_term_string}"},"query-input":{"@type":"PropertyValueSpecification","valueRequired":true,"valueName":"search_term_string"}}],"inLanguage":"fr-FR"},{"@type":"Person","@id":"https:\/\/jazairhope.org\/fr\/#\/schema\/person\/25f89793241399d8600e452019d99b77","name":"Mohamed Redha Chettibi","image":{"@type":"ImageObject","inLanguage":"fr-FR","@id":"https:\/\/secure.gravatar.com\/avatar\/fbd403d607af3d36f26025d8726b5d4b27c7ea4fe21ef10d17299a6c717ed442?s=96&d=mm&r=g","url":"https:\/\/secure.gravatar.com\/avatar\/fbd403d607af3d36f26025d8726b5d4b27c7ea4fe21ef10d17299a6c717ed442?s=96&d=mm&r=g","contentUrl":"https:\/\/secure.gravatar.com\/avatar\/fbd403d607af3d36f26025d8726b5d4b27c7ea4fe21ef10d17299a6c717ed442?s=96&d=mm&r=g","caption":"Mohamed Redha Chettibi"},"url":"https:\/\/jazairhope.org\/fr\/author\/mrc\/"}]}},"views":449,"_links":{"self":[{"href":"https:\/\/jazairhope.org\/fr\/wp-json\/wp\/v2\/posts\/73451","targetHints":{"allow":["GET"]}}],"collection":[{"href":"https:\/\/jazairhope.org\/fr\/wp-json\/wp\/v2\/posts"}],"about":[{"href":"https:\/\/jazairhope.org\/fr\/wp-json\/wp\/v2\/types\/post"}],"author":[{"embeddable":true,"href":"https:\/\/jazairhope.org\/fr\/wp-json\/wp\/v2\/users\/58"}],"replies":[{"embeddable":true,"href":"https:\/\/jazairhope.org\/fr\/wp-json\/wp\/v2\/comments?post=73451"}],"version-history":[{"count":1,"href":"https:\/\/jazairhope.org\/fr\/wp-json\/wp\/v2\/posts\/73451\/revisions"}],"predecessor-version":[{"id":73455,"href":"https:\/\/jazairhope.org\/fr\/wp-json\/wp\/v2\/posts\/73451\/revisions\/73455"}],"wp:featuredmedia":[{"embeddable":true,"href":"https:\/\/jazairhope.org\/fr\/wp-json\/wp\/v2\/media\/73452"}],"wp:attachment":[{"href":"https:\/\/jazairhope.org\/fr\/wp-json\/wp\/v2\/media?parent=73451"}],"wp:term":[{"taxonomy":"category","embeddable":true,"href":"https:\/\/jazairhope.org\/fr\/wp-json\/wp\/v2\/categories?post=73451"},{"taxonomy":"post_tag","embeddable":true,"href":"https:\/\/jazairhope.org\/fr\/wp-json\/wp\/v2\/tags?post=73451"}],"curies":[{"name":"wp","href":"https:\/\/api.w.org\/{rel}","templated":true}]}}