{"id":73619,"date":"2023-04-04T21:26:39","date_gmt":"2023-04-04T20:26:39","guid":{"rendered":"https:\/\/jazairhope.org\/?p=73619"},"modified":"2023-04-04T21:26:39","modified_gmt":"2023-04-04T20:26:39","slug":"fermeture-de-la-radio-m-algerienne-sur-les-traces-dune-liberte-dexpression-a-geometrie-variable","status":"publish","type":"post","link":"https:\/\/jazairhope.org\/fr\/fermeture-de-la-radio-m-algerienne-sur-les-traces-dune-liberte-dexpression-a-geometrie-variable\/","title":{"rendered":"Fermeture de la Radio M alg\u00e9rienne: sur les traces d&#8217;une libert\u00e9 d&#8217;expression &#8220;\u00e0 g\u00e9om\u00e9trie variable&#8221;"},"content":{"rendered":"<p><strong><span style=\"color: #003366\">fr.sputniknews.africa<\/span><\/strong><\/p>\n<div class=\"article__header\">\n<div class=\"article__announce-text\"><span style=\"color: #003366\">Si la presse occidentale accuse le &#8220;r\u00e9gime alg\u00e9rien&#8221; d\u2019&#8221;achever de museler la presse libre&#8221; en fermant la Radio M, cette derni\u00e8re est-elle si ind\u00e9pendante que \u00e7a? Pointant le financement du Quai d\u2019Orsay, des analystes jugent que les m\u00e9dias mainstream ne rel\u00e8vent gu\u00e8re des principes d\u00e9mocratiques qu\u2019ils d\u00e9fendent.<\/span><\/div>\n<\/div>\n<div class=\"article__body\">\n<div class=\"article__block\" data-type=\"text\">\n<div class=\"article__text\"><span style=\"color: #003366\">Le fondateur interpell\u00e9 pour plusieurs jours, les locaux sous scell\u00e9s. Fin d\u00e9cembre, le si\u00e8ge du m\u00e9dia alg\u00e9rien Radio M a fait l\u2019objet d\u2019une perquisition et de saisies de mat\u00e9riels. Cette fermeture a \u00e9t\u00e9 vite stigmatis\u00e9e dans la presse fran\u00e7aise comme une atteinte \u00e0 la libert\u00e9 d\u2019expression.<\/span><\/div>\n<\/div>\n<div class=\"article__block\" data-type=\"text\">\n<div class=\"article__text\"><span style=\"color: #003366\">Or, pendant que les m\u00e9dias fran\u00e7ais stipulaient que &#8220;le pouvoir ach\u00e8ve [ainsi] de museler la presse libre&#8221;, Amar Djerrad, dans les colonnes d\u2019Algerie54, accuse la Radio M de se baser sur &#8220;les quatre principes des &#8220;journaleux&#8221;: barbouzerie, hypocrisie, opportunisme et f\u00e9lonie&#8221;.<\/span><\/div>\n<\/div>\n<div class=\"article__block\" data-type=\"text\">\n<div class=\"article__text\"><span style=\"color: #003366\">D\u2019apr\u00e8s lui, ce m\u00e9dia se fait passer pour une &#8220;victime d\u2019une injustice d\u2019un pouvoir autoritaire&#8221;, mais en r\u00e9alit\u00e9 il n\u2019est que &#8220;le porte-voix de ceux qui la financent, c\u2019est-\u00e0-dire le Quai d\u2019Orsay par le biais de Canal France International&#8221;.<\/span><\/div>\n<\/div>\n<div class=\"article__block\" data-type=\"quote\">\n<div class=\"article__quote\">\n<div class=\"article__quote-bg\">\n<div class=\"article__quote-bg-line\"><\/div>\n<\/div>\n<blockquote>\n<div class=\"article__quote-text\"><strong><span style=\"color: #003366\">&#8220;Ce n\u2019est pas un hasard si le 1er organisme qui l\u2019a d\u00e9fendu est Reporters Sans Fronti\u00e8res RSF [\u2026] dont le fondateur n\u2019est autre que Robert M\u00e9nard, Pied noir, maire de B\u00e9ziers, un fervent partisan de l\u2019Alg\u00e9rie fran\u00e7aise, auteur du livre Vive l\u2019Alg\u00e9rie fran\u00e7aise&#8221;,<\/span><\/strong><\/div>\n<\/blockquote>\n<div><\/div>\n<div class=\"article__quote-text\"><span style=\"color: #003366\"> poursuit l\u2019auteur.<\/span><\/div>\n<div class=\"article__quote-info\">\n<div class=\"elem-info\">\n<div class=\"elem-info__share\">\n<div class=\"share m-active\" data-id=\"1057555678\" data-url=\"https:\/\/fr.sputniknews.africa\/20230110\/fermeture-de-la-radio-m-algerienne-pretendant-etre-libre-elle-est-le-porte-voix-du-quai-dorsay--1057555678.html?share-block=1057555682\" data-title=\"&quot;Ce n\u2019est pas un hasard si le 1er organisme qui l\u2019a d\u00e9fendu est Reporters Sans Fronti\u00e8res RSF [\u2026] dont le fondateur n\u2019est autre que Robert M\u00e9nard, Pied noir, maire de B\u00e9ziers, un fervent partisan de l\u2019Alg\u00e9rie fran\u00e7aise, auteur du livre Vive l\u2019Alg\u00e9rie fran\u00e7aise&quot;, poursuit l\u2019auteur.\"><\/div>\n<\/div>\n<\/div>\n<\/div>\n<\/div>\n<\/div>\n<div class=\"article__block\" data-type=\"h3\">\n<h3 class=\"article__h2\"><span style=\"color: #003366\">&#8220;La politique de deux poids, deux mesures&#8221;<\/span><\/h3>\n<\/div>\n<div class=\"article__block\" data-type=\"text\">\n<div class=\"article__text\"><span style=\"color: #003366\">Le financement de la Radio M a d\u2019ailleurs \u00e9t\u00e9 analys\u00e9 dans l\u2019article du chercheur alg\u00e9rien Ahmed Bensaada. Dans son \u00e9tude parue d\u00e9but janvier, il a d\u00e9cortiqu\u00e9 la fermeture du m\u00e9dia ainsi que sa politique de r\u00e9daction.<\/span><\/div>\n<\/div>\n<div class=\"article__block\" data-type=\"text\">\n<div class=\"article__text\"><span style=\"color: #003366\">Bien que la r\u00e9action de la presse fran\u00e7aise suive les principes de la libert\u00e9 d\u2019expression, elle rel\u00e8ve de &#8220;la politique de deux poids, deux mesures&#8221;, poursuit M.Bensaada.<\/span><\/div>\n<\/div>\n<div class=\"article__block\" data-type=\"quote\">\n<div class=\"article__quote\">\n<div class=\"article__quote-bg\">\n<div class=\"article__quote-bg-line\"><\/div>\n<\/div>\n<blockquote>\n<div class=\"article__quote-text\"><strong><span style=\"color: #003366\">&#8220;Derri\u00e8re les prises de position dict\u00e9es en apparence par le souci de d\u00e9fendre les libert\u00e9s se cachent tout simplement des campagnes qui n\u2019ont rien \u00e0 voir avec les motifs d\u00e9mocratiques invoqu\u00e9s&#8221;, <\/span><\/strong><\/div>\n<\/blockquote>\n<div class=\"article__quote-info\">\n<div class=\"elem-info\">\n<div class=\"elem-info__share\">\n<div class=\"share m-active\" data-id=\"1057555678\" data-url=\"https:\/\/fr.sputniknews.africa\/20230110\/fermeture-de-la-radio-m-algerienne-pretendant-etre-libre-elle-est-le-porte-voix-du-quai-dorsay--1057555678.html?share-block=1057555686\" data-title=\"&quot;Derri\u00e8re les prises de position dict\u00e9es en apparence par le souci de d\u00e9fendre les libert\u00e9s se cachent tout simplement des campagnes qui n\u2019ont rien \u00e0 voir avec les motifs d\u00e9mocratiques invoqu\u00e9s&quot;, indique-t-il.\"><span style=\"color: #003366\">indique-t-il.<\/span><\/div>\n<\/div>\n<\/div>\n<\/div>\n<\/div>\n<\/div>\n<div class=\"article__block\" data-type=\"h3\">\n<h3 class=\"article__h2\"><span style=\"color: #003366\">La libert\u00e9 d\u2019expression &#8220;\u00e0 g\u00e9om\u00e9trie variable&#8221;<\/span><\/h3>\n<\/div>\n<div class=\"article__block\" data-type=\"text\">\n<div class=\"article__text\"><span style=\"color: #003366\">L\u2019auteur de l\u2019article souligne que si les m\u00e9dias iraniens ou alg\u00e9riens ne peuvent pas \u00eatre qualifi\u00e9s de libres &#8220;au sens o\u00f9 l\u2019entendent les nouveaux directeurs de conscience de notre \u00e9poque, les m\u00e9dias mainstream fran\u00e7ais et europ\u00e9ens en g\u00e9n\u00e9ral ne le sont pas plus&#8221;.<\/span><\/div>\n<\/div>\n<div class=\"article__block\" data-type=\"quote\">\n<div class=\"article__quote\">\n<div class=\"article__quote-bg\">\n<div class=\"article__quote-bg-line\"><\/div>\n<\/div>\n<blockquote>\n<div class=\"article__quote-text\"><strong><span style=\"color: #003366\">&#8220;Seuls diff\u00e8rent les moyens utilis\u00e9s pour arriver au m\u00eame but: formater l\u2019opinion publique au gr\u00e9 des int\u00e9r\u00eats des pouvoirs \u00e9tablis&#8221;.<\/span><\/strong><\/div>\n<\/blockquote>\n<div class=\"article__quote-info\">\n<div class=\"elem-info\">\n<div class=\"elem-info__share\">\n<div class=\"share m-active\" data-id=\"1057555678\" data-url=\"https:\/\/fr.sputniknews.africa\/20230110\/fermeture-de-la-radio-m-algerienne-pretendant-etre-libre-elle-est-le-porte-voix-du-quai-dorsay--1057555678.html?share-block=1057555689\" data-title=\"&quot;Seuls diff\u00e8rent les moyens utilis\u00e9s pour arriver au m\u00eame but: formater l\u2019opinion publique au gr\u00e9 des int\u00e9r\u00eats des pouvoirs \u00e9tablis&quot;.\"><\/div>\n<\/div>\n<\/div>\n<\/div>\n<\/div>\n<\/div>\n<div class=\"article__block\" data-type=\"text\">\n<div class=\"article__text\"><span style=\"color: #003366\">Dans ce sillage, Ahmed Bensaada rappelle le bannissement de RT et Sputnik France dans les pays de l\u2019Union europ\u00e9enne sur fond du conflit ukrainien.<\/span><\/div>\n<\/div>\n<div class=\"article__block\" data-type=\"quote\">\n<div class=\"article__quote\">\n<div class=\"article__quote-bg\">\n<div class=\"article__quote-bg-line\"><\/div>\n<\/div>\n<blockquote>\n<div class=\"article__quote-text\"><strong><span style=\"color: #003366\">&#8220;La conception que se font les pays europ\u00e9ens de la libert\u00e9 de la presse est donc \u00e0 g\u00e9om\u00e9trie variable&#8221;,<\/span><\/strong><\/div>\n<\/blockquote>\n<div><\/div>\n<div class=\"article__quote-text\"><span style=\"color: #003366\"> r\u00e9sume-t-il.<\/span><\/div>\n<\/div>\n<\/div>\n<\/div>\n","protected":false},"excerpt":{"rendered":"<p>fr.sputniknews.africa Si la presse occidentale accuse le &#8220;r\u00e9gime alg\u00e9rien&#8221; d\u2019&#8221;achever de museler la presse libre&#8221; en fermant la Radio M, cette derni\u00e8re&hellip;<\/p>\n","protected":false},"author":58,"featured_media":73620,"comment_status":"open","ping_status":"open","sticky":false,"template":"","format":"standard","meta":{"_lmt_disableupdate":"","_lmt_disable":"","footnotes":""},"categories":[49],"tags":[],"class_list":["post-73619","post","type-post","status-publish","format-standard","has-post-thumbnail","hentry","category-politique"],"yoast_head":"<!-- This site is optimized with the Yoast SEO plugin v27.3 - https:\/\/yoast.com\/product\/yoast-seo-wordpress\/ -->\n<title>Fermeture de la Radio M alg\u00e9rienne: sur les traces d&#039;une libert\u00e9 d&#039;expression &quot;\u00e0 g\u00e9om\u00e9trie variable&quot; - AAH.JZR<\/title>\n<meta name=\"robots\" content=\"index, follow, max-snippet:-1, max-image-preview:large, max-video-preview:-1\" \/>\n<link rel=\"canonical\" href=\"https:\/\/jazairhope.org\/fr\/fermeture-de-la-radio-m-algerienne-sur-les-traces-dune-liberte-dexpression-a-geometrie-variable\/\" \/>\n<meta property=\"og:locale\" content=\"fr_FR\" \/>\n<meta property=\"og:type\" content=\"article\" \/>\n<meta property=\"og:title\" content=\"Fermeture de la Radio M alg\u00e9rienne: sur les traces d&#039;une libert\u00e9 d&#039;expression &quot;\u00e0 g\u00e9om\u00e9trie variable&quot; - AAH.JZR\" \/>\n<meta property=\"og:description\" content=\"fr.sputniknews.africa Si la presse occidentale accuse le &#8220;r\u00e9gime alg\u00e9rien&#8221; d\u2019&#8221;achever de museler la presse libre&#8221; en fermant la Radio M, cette derni\u00e8re&hellip;\" \/>\n<meta property=\"og:url\" content=\"https:\/\/jazairhope.org\/fr\/fermeture-de-la-radio-m-algerienne-sur-les-traces-dune-liberte-dexpression-a-geometrie-variable\/\" \/>\n<meta property=\"og:site_name\" content=\"AAH.JZR\" \/>\n<meta property=\"article:publisher\" content=\"https:\/\/www.facebook.com\/jazairhope\" \/>\n<meta property=\"article:published_time\" content=\"2023-04-04T20:26:39+00:00\" \/>\n<meta property=\"og:image\" content=\"https:\/\/jazairhope.org\/wp-content\/uploads\/2023\/04\/Capture-8.png\" \/>\n\t<meta property=\"og:image:width\" content=\"604\" \/>\n\t<meta property=\"og:image:height\" content=\"335\" \/>\n\t<meta property=\"og:image:type\" content=\"image\/png\" \/>\n<meta name=\"author\" content=\"Mohamed Redha Chettibi\" \/>\n<meta name=\"twitter:card\" content=\"summary_large_image\" \/>\n<meta name=\"twitter:label1\" content=\"\u00c9crit par\" \/>\n\t<meta name=\"twitter:data1\" content=\"Mohamed Redha Chettibi\" \/>\n\t<meta name=\"twitter:label2\" content=\"Dur\u00e9e de lecture estim\u00e9e\" \/>\n\t<meta name=\"twitter:data2\" content=\"3 minutes\" \/>\n<script type=\"application\/ld+json\" class=\"yoast-schema-graph\">{\"@context\":\"https:\\\/\\\/schema.org\",\"@graph\":[{\"@type\":\"Article\",\"@id\":\"https:\\\/\\\/jazairhope.org\\\/fr\\\/fermeture-de-la-radio-m-algerienne-sur-les-traces-dune-liberte-dexpression-a-geometrie-variable\\\/#article\",\"isPartOf\":{\"@id\":\"https:\\\/\\\/jazairhope.org\\\/fr\\\/fermeture-de-la-radio-m-algerienne-sur-les-traces-dune-liberte-dexpression-a-geometrie-variable\\\/\"},\"author\":{\"name\":\"Mohamed Redha Chettibi\",\"@id\":\"https:\\\/\\\/jazairhope.org\\\/fr\\\/#\\\/schema\\\/person\\\/25f89793241399d8600e452019d99b77\"},\"headline\":\"Fermeture de la Radio M alg\u00e9rienne: sur les traces d&#8217;une libert\u00e9 d&#8217;expression &#8220;\u00e0 g\u00e9om\u00e9trie variable&#8221;\",\"datePublished\":\"2023-04-04T20:26:39+00:00\",\"mainEntityOfPage\":{\"@id\":\"https:\\\/\\\/jazairhope.org\\\/fr\\\/fermeture-de-la-radio-m-algerienne-sur-les-traces-dune-liberte-dexpression-a-geometrie-variable\\\/\"},\"wordCount\":547,\"commentCount\":0,\"image\":{\"@id\":\"https:\\\/\\\/jazairhope.org\\\/fr\\\/fermeture-de-la-radio-m-algerienne-sur-les-traces-dune-liberte-dexpression-a-geometrie-variable\\\/#primaryimage\"},\"thumbnailUrl\":\"https:\\\/\\\/jazairhope.org\\\/wp-content\\\/uploads\\\/2023\\\/04\\\/Capture-8.png\",\"articleSection\":[\"Politique\"],\"inLanguage\":\"fr-FR\",\"potentialAction\":[{\"@type\":\"CommentAction\",\"name\":\"Comment\",\"target\":[\"https:\\\/\\\/jazairhope.org\\\/fr\\\/fermeture-de-la-radio-m-algerienne-sur-les-traces-dune-liberte-dexpression-a-geometrie-variable\\\/#respond\"]}]},{\"@type\":\"WebPage\",\"@id\":\"https:\\\/\\\/jazairhope.org\\\/fr\\\/fermeture-de-la-radio-m-algerienne-sur-les-traces-dune-liberte-dexpression-a-geometrie-variable\\\/\",\"url\":\"https:\\\/\\\/jazairhope.org\\\/fr\\\/fermeture-de-la-radio-m-algerienne-sur-les-traces-dune-liberte-dexpression-a-geometrie-variable\\\/\",\"name\":\"Fermeture de la Radio M alg\u00e9rienne: sur les traces d'une libert\u00e9 d'expression \\\"\u00e0 g\u00e9om\u00e9trie variable\\\" - AAH.JZR\",\"isPartOf\":{\"@id\":\"https:\\\/\\\/jazairhope.org\\\/fr\\\/#website\"},\"primaryImageOfPage\":{\"@id\":\"https:\\\/\\\/jazairhope.org\\\/fr\\\/fermeture-de-la-radio-m-algerienne-sur-les-traces-dune-liberte-dexpression-a-geometrie-variable\\\/#primaryimage\"},\"image\":{\"@id\":\"https:\\\/\\\/jazairhope.org\\\/fr\\\/fermeture-de-la-radio-m-algerienne-sur-les-traces-dune-liberte-dexpression-a-geometrie-variable\\\/#primaryimage\"},\"thumbnailUrl\":\"https:\\\/\\\/jazairhope.org\\\/wp-content\\\/uploads\\\/2023\\\/04\\\/Capture-8.png\",\"datePublished\":\"2023-04-04T20:26:39+00:00\",\"author\":{\"@id\":\"https:\\\/\\\/jazairhope.org\\\/fr\\\/#\\\/schema\\\/person\\\/25f89793241399d8600e452019d99b77\"},\"breadcrumb\":{\"@id\":\"https:\\\/\\\/jazairhope.org\\\/fr\\\/fermeture-de-la-radio-m-algerienne-sur-les-traces-dune-liberte-dexpression-a-geometrie-variable\\\/#breadcrumb\"},\"inLanguage\":\"fr-FR\",\"potentialAction\":[{\"@type\":\"ReadAction\",\"target\":[\"https:\\\/\\\/jazairhope.org\\\/fr\\\/fermeture-de-la-radio-m-algerienne-sur-les-traces-dune-liberte-dexpression-a-geometrie-variable\\\/\"]}]},{\"@type\":\"ImageObject\",\"inLanguage\":\"fr-FR\",\"@id\":\"https:\\\/\\\/jazairhope.org\\\/fr\\\/fermeture-de-la-radio-m-algerienne-sur-les-traces-dune-liberte-dexpression-a-geometrie-variable\\\/#primaryimage\",\"url\":\"https:\\\/\\\/jazairhope.org\\\/wp-content\\\/uploads\\\/2023\\\/04\\\/Capture-8.png\",\"contentUrl\":\"https:\\\/\\\/jazairhope.org\\\/wp-content\\\/uploads\\\/2023\\\/04\\\/Capture-8.png\",\"width\":604,\"height\":335},{\"@type\":\"BreadcrumbList\",\"@id\":\"https:\\\/\\\/jazairhope.org\\\/fr\\\/fermeture-de-la-radio-m-algerienne-sur-les-traces-dune-liberte-dexpression-a-geometrie-variable\\\/#breadcrumb\",\"itemListElement\":[{\"@type\":\"ListItem\",\"position\":1,\"name\":\"Accueil\",\"item\":\"https:\\\/\\\/jazairhope.org\\\/fr\\\/\"},{\"@type\":\"ListItem\",\"position\":2,\"name\":\"Fermeture de la Radio M alg\u00e9rienne: sur les traces d&rsquo;une libert\u00e9 d&rsquo;expression \u00ab\u00a0\u00e0 g\u00e9om\u00e9trie variable\u00a0\u00bb\"}]},{\"@type\":\"WebSite\",\"@id\":\"https:\\\/\\\/jazairhope.org\\\/fr\\\/#website\",\"url\":\"https:\\\/\\\/jazairhope.org\\\/fr\\\/\",\"name\":\"AAH.JZR\",\"description\":\"Environment, Health, Science, Art, Economics\",\"potentialAction\":[{\"@type\":\"SearchAction\",\"target\":{\"@type\":\"EntryPoint\",\"urlTemplate\":\"https:\\\/\\\/jazairhope.org\\\/fr\\\/?s={search_term_string}\"},\"query-input\":{\"@type\":\"PropertyValueSpecification\",\"valueRequired\":true,\"valueName\":\"search_term_string\"}}],\"inLanguage\":\"fr-FR\"},{\"@type\":\"Person\",\"@id\":\"https:\\\/\\\/jazairhope.org\\\/fr\\\/#\\\/schema\\\/person\\\/25f89793241399d8600e452019d99b77\",\"name\":\"Mohamed Redha Chettibi\",\"image\":{\"@type\":\"ImageObject\",\"inLanguage\":\"fr-FR\",\"@id\":\"https:\\\/\\\/secure.gravatar.com\\\/avatar\\\/fbd403d607af3d36f26025d8726b5d4b27c7ea4fe21ef10d17299a6c717ed442?s=96&d=mm&r=g\",\"url\":\"https:\\\/\\\/secure.gravatar.com\\\/avatar\\\/fbd403d607af3d36f26025d8726b5d4b27c7ea4fe21ef10d17299a6c717ed442?s=96&d=mm&r=g\",\"contentUrl\":\"https:\\\/\\\/secure.gravatar.com\\\/avatar\\\/fbd403d607af3d36f26025d8726b5d4b27c7ea4fe21ef10d17299a6c717ed442?s=96&d=mm&r=g\",\"caption\":\"Mohamed Redha Chettibi\"},\"url\":\"https:\\\/\\\/jazairhope.org\\\/fr\\\/author\\\/mrc\\\/\"}]}<\/script>\n<!-- \/ Yoast SEO plugin. -->","yoast_head_json":{"title":"Fermeture de la Radio M alg\u00e9rienne: sur les traces d'une libert\u00e9 d'expression \"\u00e0 g\u00e9om\u00e9trie variable\" - AAH.JZR","robots":{"index":"index","follow":"follow","max-snippet":"max-snippet:-1","max-image-preview":"max-image-preview:large","max-video-preview":"max-video-preview:-1"},"canonical":"https:\/\/jazairhope.org\/fr\/fermeture-de-la-radio-m-algerienne-sur-les-traces-dune-liberte-dexpression-a-geometrie-variable\/","og_locale":"fr_FR","og_type":"article","og_title":"Fermeture de la Radio M alg\u00e9rienne: sur les traces d'une libert\u00e9 d'expression \"\u00e0 g\u00e9om\u00e9trie variable\" - AAH.JZR","og_description":"fr.sputniknews.africa Si la presse occidentale accuse le &#8220;r\u00e9gime alg\u00e9rien&#8221; d\u2019&#8221;achever de museler la presse libre&#8221; en fermant la Radio M, cette derni\u00e8re&hellip;","og_url":"https:\/\/jazairhope.org\/fr\/fermeture-de-la-radio-m-algerienne-sur-les-traces-dune-liberte-dexpression-a-geometrie-variable\/","og_site_name":"AAH.JZR","article_publisher":"https:\/\/www.facebook.com\/jazairhope","article_published_time":"2023-04-04T20:26:39+00:00","og_image":[{"width":604,"height":335,"url":"https:\/\/jazairhope.org\/wp-content\/uploads\/2023\/04\/Capture-8.png","type":"image\/png"}],"author":"Mohamed Redha Chettibi","twitter_card":"summary_large_image","twitter_misc":{"\u00c9crit par":"Mohamed Redha Chettibi","Dur\u00e9e de lecture estim\u00e9e":"3 minutes"},"schema":{"@context":"https:\/\/schema.org","@graph":[{"@type":"Article","@id":"https:\/\/jazairhope.org\/fr\/fermeture-de-la-radio-m-algerienne-sur-les-traces-dune-liberte-dexpression-a-geometrie-variable\/#article","isPartOf":{"@id":"https:\/\/jazairhope.org\/fr\/fermeture-de-la-radio-m-algerienne-sur-les-traces-dune-liberte-dexpression-a-geometrie-variable\/"},"author":{"name":"Mohamed Redha Chettibi","@id":"https:\/\/jazairhope.org\/fr\/#\/schema\/person\/25f89793241399d8600e452019d99b77"},"headline":"Fermeture de la Radio M alg\u00e9rienne: sur les traces d&#8217;une libert\u00e9 d&#8217;expression &#8220;\u00e0 g\u00e9om\u00e9trie variable&#8221;","datePublished":"2023-04-04T20:26:39+00:00","mainEntityOfPage":{"@id":"https:\/\/jazairhope.org\/fr\/fermeture-de-la-radio-m-algerienne-sur-les-traces-dune-liberte-dexpression-a-geometrie-variable\/"},"wordCount":547,"commentCount":0,"image":{"@id":"https:\/\/jazairhope.org\/fr\/fermeture-de-la-radio-m-algerienne-sur-les-traces-dune-liberte-dexpression-a-geometrie-variable\/#primaryimage"},"thumbnailUrl":"https:\/\/jazairhope.org\/wp-content\/uploads\/2023\/04\/Capture-8.png","articleSection":["Politique"],"inLanguage":"fr-FR","potentialAction":[{"@type":"CommentAction","name":"Comment","target":["https:\/\/jazairhope.org\/fr\/fermeture-de-la-radio-m-algerienne-sur-les-traces-dune-liberte-dexpression-a-geometrie-variable\/#respond"]}]},{"@type":"WebPage","@id":"https:\/\/jazairhope.org\/fr\/fermeture-de-la-radio-m-algerienne-sur-les-traces-dune-liberte-dexpression-a-geometrie-variable\/","url":"https:\/\/jazairhope.org\/fr\/fermeture-de-la-radio-m-algerienne-sur-les-traces-dune-liberte-dexpression-a-geometrie-variable\/","name":"Fermeture de la Radio M alg\u00e9rienne: sur les traces d'une libert\u00e9 d'expression \"\u00e0 g\u00e9om\u00e9trie variable\" - AAH.JZR","isPartOf":{"@id":"https:\/\/jazairhope.org\/fr\/#website"},"primaryImageOfPage":{"@id":"https:\/\/jazairhope.org\/fr\/fermeture-de-la-radio-m-algerienne-sur-les-traces-dune-liberte-dexpression-a-geometrie-variable\/#primaryimage"},"image":{"@id":"https:\/\/jazairhope.org\/fr\/fermeture-de-la-radio-m-algerienne-sur-les-traces-dune-liberte-dexpression-a-geometrie-variable\/#primaryimage"},"thumbnailUrl":"https:\/\/jazairhope.org\/wp-content\/uploads\/2023\/04\/Capture-8.png","datePublished":"2023-04-04T20:26:39+00:00","author":{"@id":"https:\/\/jazairhope.org\/fr\/#\/schema\/person\/25f89793241399d8600e452019d99b77"},"breadcrumb":{"@id":"https:\/\/jazairhope.org\/fr\/fermeture-de-la-radio-m-algerienne-sur-les-traces-dune-liberte-dexpression-a-geometrie-variable\/#breadcrumb"},"inLanguage":"fr-FR","potentialAction":[{"@type":"ReadAction","target":["https:\/\/jazairhope.org\/fr\/fermeture-de-la-radio-m-algerienne-sur-les-traces-dune-liberte-dexpression-a-geometrie-variable\/"]}]},{"@type":"ImageObject","inLanguage":"fr-FR","@id":"https:\/\/jazairhope.org\/fr\/fermeture-de-la-radio-m-algerienne-sur-les-traces-dune-liberte-dexpression-a-geometrie-variable\/#primaryimage","url":"https:\/\/jazairhope.org\/wp-content\/uploads\/2023\/04\/Capture-8.png","contentUrl":"https:\/\/jazairhope.org\/wp-content\/uploads\/2023\/04\/Capture-8.png","width":604,"height":335},{"@type":"BreadcrumbList","@id":"https:\/\/jazairhope.org\/fr\/fermeture-de-la-radio-m-algerienne-sur-les-traces-dune-liberte-dexpression-a-geometrie-variable\/#breadcrumb","itemListElement":[{"@type":"ListItem","position":1,"name":"Accueil","item":"https:\/\/jazairhope.org\/fr\/"},{"@type":"ListItem","position":2,"name":"Fermeture de la Radio M alg\u00e9rienne: sur les traces d&rsquo;une libert\u00e9 d&rsquo;expression \u00ab\u00a0\u00e0 g\u00e9om\u00e9trie variable\u00a0\u00bb"}]},{"@type":"WebSite","@id":"https:\/\/jazairhope.org\/fr\/#website","url":"https:\/\/jazairhope.org\/fr\/","name":"AAH.JZR","description":"Environment, Health, Science, Art, Economics","potentialAction":[{"@type":"SearchAction","target":{"@type":"EntryPoint","urlTemplate":"https:\/\/jazairhope.org\/fr\/?s={search_term_string}"},"query-input":{"@type":"PropertyValueSpecification","valueRequired":true,"valueName":"search_term_string"}}],"inLanguage":"fr-FR"},{"@type":"Person","@id":"https:\/\/jazairhope.org\/fr\/#\/schema\/person\/25f89793241399d8600e452019d99b77","name":"Mohamed Redha Chettibi","image":{"@type":"ImageObject","inLanguage":"fr-FR","@id":"https:\/\/secure.gravatar.com\/avatar\/fbd403d607af3d36f26025d8726b5d4b27c7ea4fe21ef10d17299a6c717ed442?s=96&d=mm&r=g","url":"https:\/\/secure.gravatar.com\/avatar\/fbd403d607af3d36f26025d8726b5d4b27c7ea4fe21ef10d17299a6c717ed442?s=96&d=mm&r=g","contentUrl":"https:\/\/secure.gravatar.com\/avatar\/fbd403d607af3d36f26025d8726b5d4b27c7ea4fe21ef10d17299a6c717ed442?s=96&d=mm&r=g","caption":"Mohamed Redha Chettibi"},"url":"https:\/\/jazairhope.org\/fr\/author\/mrc\/"}]}},"views":340,"_links":{"self":[{"href":"https:\/\/jazairhope.org\/fr\/wp-json\/wp\/v2\/posts\/73619","targetHints":{"allow":["GET"]}}],"collection":[{"href":"https:\/\/jazairhope.org\/fr\/wp-json\/wp\/v2\/posts"}],"about":[{"href":"https:\/\/jazairhope.org\/fr\/wp-json\/wp\/v2\/types\/post"}],"author":[{"embeddable":true,"href":"https:\/\/jazairhope.org\/fr\/wp-json\/wp\/v2\/users\/58"}],"replies":[{"embeddable":true,"href":"https:\/\/jazairhope.org\/fr\/wp-json\/wp\/v2\/comments?post=73619"}],"version-history":[{"count":1,"href":"https:\/\/jazairhope.org\/fr\/wp-json\/wp\/v2\/posts\/73619\/revisions"}],"predecessor-version":[{"id":73623,"href":"https:\/\/jazairhope.org\/fr\/wp-json\/wp\/v2\/posts\/73619\/revisions\/73623"}],"wp:featuredmedia":[{"embeddable":true,"href":"https:\/\/jazairhope.org\/fr\/wp-json\/wp\/v2\/media\/73620"}],"wp:attachment":[{"href":"https:\/\/jazairhope.org\/fr\/wp-json\/wp\/v2\/media?parent=73619"}],"wp:term":[{"taxonomy":"category","embeddable":true,"href":"https:\/\/jazairhope.org\/fr\/wp-json\/wp\/v2\/categories?post=73619"},{"taxonomy":"post_tag","embeddable":true,"href":"https:\/\/jazairhope.org\/fr\/wp-json\/wp\/v2\/tags?post=73619"}],"curies":[{"name":"wp","href":"https:\/\/api.w.org\/{rel}","templated":true}]}}