{"id":73892,"date":"2023-04-07T15:23:13","date_gmt":"2023-04-07T14:23:13","guid":{"rendered":"https:\/\/jazairhope.org\/?p=73892"},"modified":"2023-04-07T15:23:13","modified_gmt":"2023-04-07T14:23:13","slug":"la-safex-chargee-du-marche-africain","status":"publish","type":"post","link":"https:\/\/jazairhope.org\/fr\/la-safex-chargee-du-marche-africain\/","title":{"rendered":"La Safex charg\u00e9e du march\u00e9 africain"},"content":{"rendered":"<p><strong><span style=\"color: #003366\">lalgerieaujourdhui.dz<\/span><\/strong><\/p>\n<p><span style=\"color: #003366\"><strong>PAR DJILALI B.<\/strong><\/span><\/p>\n<p><span style=\"color: #003366\">La Safex h\u00e9rite d\u2019une nouvelle mission dans la strat\u00e9gie de promotion des exportations hors hydrocarbures.<\/span><\/p>\n<p><span style=\"color: #003366\">Elle se consacre dans un premier temps, selon l\u2019optique gouvernementale, au march\u00e9 africain. Certains pays seront sa cible.<\/span><\/p>\n<p><span style=\"color: #003366\">L\u2019Alg\u00e9rie pr\u00e9pare activement le recentrage des priorit\u00e9s de sa politique africaine ax\u00e9e principalement sur le commerce et les \u00e9changes commerciaux interafricains. Une politique qui tranche nettement avec les anciennes pratiques domin\u00e9es par les pr\u00e9occupations strictement politiques, purement id\u00e9ologiques.<\/span><\/p>\n<p><span style=\"color: #003366\">Son retour sur le continent auquel elle a tourn\u00e9 le dos en raison de sa tradition diplomatique h\u00e9rit\u00e9e de la guerre de lib\u00e9ration a connu plusieurs \u00e9tapes o\u00f9 l\u2019\u00e9conomique est rest\u00e9 accessoire.<\/span><\/p>\n<p><span style=\"color: #003366\">La parenth\u00e8se ouverte au d\u00e9but des ann\u00e9es 2000 a \u00e9t\u00e9 vite referm\u00e9e en raison de l\u2019ego diplomatique surdimensionn\u00e9 du chef de l\u2019Etat d\u2019alors qui voulait tout contr\u00f4ler.<\/span><\/p>\n<p><span style=\"color: #003366\">En qu\u00eate de d\u00e9bouch\u00e9s pour ses produits manufactur\u00e9s, l\u2019Alg\u00e9rie a trouv\u00e9 l\u2019issue \u00e0 travers le march\u00e9 africain. Il suffisait de mettre en avant les atouts du pays et des investissements pour conqu\u00e9rir ce march\u00e9.<\/span><\/p>\n<p><span style=\"color: #003366\">C\u2019est \u00e0 l\u2019initiative de quelques op\u00e9rateurs \u00e9conomiques, soutenus en sous-main par des responsables, que le produit alg\u00e9rien, l\u2019investisseur alg\u00e9rien, sont descendus d\u00e9couvrir un march\u00e9 o\u00f9 ils ont leur place.<\/span><\/p>\n<p><span style=\"color: #003366\">Les autorit\u00e9s ont suivi apr\u00e8s en mettant en branle les instruments con\u00e7us pour ce genre d\u2019op\u00e9rations mais rest\u00e9s en veilleuse en raison des entraves et obstacles qui se dressaient devant l\u2019acte d\u2019exporter, de l\u2019avis des op\u00e9rateurs.<\/span><\/p>\n<h3><span style=\"color: #003366\"><strong>Les AE mises \u00e0 contribution<\/strong><\/span><\/h3>\n<p><span style=\"color: #003366\">Et ce n\u2019est que r\u00e9cemment que l\u2019id\u00e9e de jumeler les activit\u00e9s diplomatiques avec les op\u00e9rations commerciales a commenc\u00e9 \u00e0 prendre forme.<\/span><\/p>\n<p><span style=\"color: #003366\">Et dire que des charg\u00e9s d\u2019affaires et des attach\u00e9s commerciaux sont affect\u00e9s dans<\/span><br \/>\n<span style=\"color: #003366\">les ambassades.<\/span><\/p>\n<p><span style=\"color: #003366\">De nouvelles tentatives ont vu le jour, lanc\u00e9es \u00e0 partir de Nouakchott, la capitale de la<\/span><br \/>\n<span style=\"color: #003366\">Mauritanie. Le Soudan, l\u2019Ethiopie et la C\u00f4te d\u2019Ivoire ont depuis ouvert les bras non seulement aux produits alg\u00e9riens mais offert bien des avantages aux op\u00e9rateurs alg\u00e9riens pour implanter des installations similaires \u00e0 celles qu\u2019ils ont en Alg\u00e9rie.<\/span><\/p>\n<p><span style=\"color: #003366\">Et les pouvoirs publics ont enfin compris l\u2019enjeu de partir \u00e0 la conqu\u00eate de ce march\u00e9. Et pas uniquement sur e plan \u00e9conomique.<\/span><\/p>\n<p><span style=\"color: #003366\">D\u00e9cision a donc \u00e9t\u00e9 prise de mettre en place les moyens d\u2019accompagnement de cette op\u00e9ration strat\u00e9gique.<\/span><\/p>\n<p><span style=\"color: #003366\">Ouverture de nouvelles lignes a\u00e9riennes vers plusieurs capitales en Afrique,<\/span><br \/>\n<span style=\"color: #003366\">cr\u00e9ation d\u2019un hub \u00e0 Tamanrasset, adh\u00e9sion \u00e0 la zone de libre-\u00e9change africaine (Zlecaf), ouverture du fret a\u00e9rien au priv\u00e9, autorisation des banques \u00e0 ouvrir des agences \u00e0 l\u2019\u00e9tranger.<\/span><\/p>\n<p><span style=\"color: #003366\">Et enfin cette d\u00e9cision du gouvernement de prendre en charge les frais des showrooms que les op\u00e9rateurs installent dans les pays africains.<\/span><\/p>\n<p><span style=\"color: #003366\">Le gouvernement vient de proposer une nouvelle mission \u00e0 la Safex, la chargeant de participer \u00e0 la promotion des exportations hors hydrocarbures en se d\u00e9ployant \u00e0 l\u2019\u00e9tranger.<\/span><\/p>\n<p><span style=\"color: #003366\">Une communication en ce sens a \u00e9t\u00e9 pr\u00e9sent\u00e9e hier en conseil du gouvernement par le d\u00e9partement des affaires \u00e9trang\u00e8res et celui du commerce et de la promotion des<\/span><br \/>\n<span style=\"color: #003366\">exportations.<\/span><\/p>\n<h3><span style=\"color: #003366\"><strong>Ambition africaine<\/strong><\/span><\/h3>\n<p><span style=\"color: #003366\">La Safex, organisme qui g\u00e8re habituellement les foires nationales et internationales \u00e0 Alger,<\/span><br \/>\n<span style=\"color: #003366\">entamera sa nouvelle mission \u00e0 partir de certaines capitales africaines, selon le communiqu\u00e9 du gouvernement.<\/span><\/p>\n<p><span style=\"color: #003366\">La Safex n\u2019a certes aucune exp\u00e9rience en la mati\u00e8re \u00e0 l\u2019\u00e9tranger, il n\u2019en demeure pas<\/span><br \/>\n<span style=\"color: #003366\">moins qu\u2019elle capitalise plusieurs ann\u00e9es dans l\u2019organisation d\u2019\u00e9v\u00e9nements majeurs comme les foires de production nationale, les foires internationales ou encore les salons comme celui de l\u2019automobile, du livre\u2026<\/span><\/p>\n<p><span style=\"color: #003366\">Elle sera d\u2019un apport certain pour les op\u00e9rateurs, notamment dans l\u2019implantation des showrooms, financi\u00e8rement soutenus par l\u2019Etat, et leur gestion. Elle sera \u00e9galement pr\u00e9sente lors des \u00e9v\u00e9nements commerciaux consacr\u00e9s par certaines<\/span><br \/>\n<span style=\"color: #003366\">capitales pour les produits alg\u00e9riens o\u00f9 participent des producteurs nationaux.<\/span><\/p>\n<p><span style=\"color: #003366\">C\u2019est l\u00e0 aussi qu\u2019interviennent les ambassades, charg\u00e9es elles aussi \u00e0 la fois d\u2019accompagner les op\u00e9rations et, en amont, de travailler \u00e0 \u00ab\u00a0d\u00e9nicher\u00a0\u00bb les opportunit\u00e9s pour placer les produits alg\u00e9riens, \u00e0 leur trouver des march\u00e9s potentiels et \u00e0 faire leur promotion.<\/span><\/p>\n<p><span style=\"color: #003366\">A charge \u00e9galement aux responsables politiques, ministres et diplomates de joindre dans leurs d\u00e9l\u00e9gations des op\u00e9rateurs \u00e9conomiques, des producteurs et des membres des organisations patronales pour discuter, promouvoir leurs produits et conclure des contrats avec des partenaires du continent.<\/span><\/p>\n<p><span style=\"color: #003366\">Car le continent a besoin aussi de produits locaux dans ses march\u00e9s, d\u2019investissements interafricains dont il manque terriblement. C\u2019est dans cet esprit que s\u2019inscrit l\u2019ambition africaine du gouvernement, et qui commence \u00e0 prendre forme.<\/span><\/p>\n","protected":false},"excerpt":{"rendered":"<p>lalgerieaujourdhui.dz PAR DJILALI B. La Safex h\u00e9rite d\u2019une nouvelle mission dans la strat\u00e9gie de promotion des exportations hors hydrocarbures. Elle se consacre&hellip;<\/p>\n","protected":false},"author":58,"featured_media":73893,"comment_status":"open","ping_status":"open","sticky":false,"template":"","format":"standard","meta":{"_lmt_disableupdate":"","_lmt_disable":"","footnotes":""},"categories":[35],"tags":[],"class_list":["post-73892","post","type-post","status-publish","format-standard","has-post-thumbnail","hentry","category-economie"],"yoast_head":"<!-- This site is optimized with the Yoast SEO plugin v27.3 - https:\/\/yoast.com\/product\/yoast-seo-wordpress\/ -->\n<title>La Safex charg\u00e9e du march\u00e9 africain - AAH.JZR<\/title>\n<meta name=\"robots\" content=\"index, follow, max-snippet:-1, max-image-preview:large, max-video-preview:-1\" \/>\n<link rel=\"canonical\" href=\"https:\/\/jazairhope.org\/fr\/la-safex-chargee-du-marche-africain\/\" \/>\n<meta property=\"og:locale\" content=\"fr_FR\" \/>\n<meta property=\"og:type\" content=\"article\" \/>\n<meta property=\"og:title\" content=\"La Safex charg\u00e9e du march\u00e9 africain - AAH.JZR\" \/>\n<meta property=\"og:description\" content=\"lalgerieaujourdhui.dz PAR DJILALI B. La Safex h\u00e9rite d\u2019une nouvelle mission dans la strat\u00e9gie de promotion des exportations hors hydrocarbures. Elle se consacre&hellip;\" \/>\n<meta property=\"og:url\" content=\"https:\/\/jazairhope.org\/fr\/la-safex-chargee-du-marche-africain\/\" \/>\n<meta property=\"og:site_name\" content=\"AAH.JZR\" \/>\n<meta property=\"article:publisher\" content=\"https:\/\/www.facebook.com\/jazairhope\" \/>\n<meta property=\"article:published_time\" content=\"2023-04-07T14:23:13+00:00\" \/>\n<meta property=\"og:image\" content=\"https:\/\/jazairhope.org\/wp-content\/uploads\/2023\/04\/Capture-16.png\" \/>\n\t<meta property=\"og:image:width\" content=\"583\" \/>\n\t<meta property=\"og:image:height\" content=\"358\" \/>\n\t<meta property=\"og:image:type\" content=\"image\/png\" \/>\n<meta name=\"author\" content=\"Mohamed Redha Chettibi\" \/>\n<meta name=\"twitter:card\" content=\"summary_large_image\" \/>\n<meta name=\"twitter:label1\" content=\"\u00c9crit par\" \/>\n\t<meta name=\"twitter:data1\" content=\"Mohamed Redha Chettibi\" \/>\n\t<meta name=\"twitter:label2\" content=\"Dur\u00e9e de lecture estim\u00e9e\" \/>\n\t<meta name=\"twitter:data2\" content=\"4 minutes\" \/>\n<script type=\"application\/ld+json\" class=\"yoast-schema-graph\">{\"@context\":\"https:\\\/\\\/schema.org\",\"@graph\":[{\"@type\":\"Article\",\"@id\":\"https:\\\/\\\/jazairhope.org\\\/fr\\\/la-safex-chargee-du-marche-africain\\\/#article\",\"isPartOf\":{\"@id\":\"https:\\\/\\\/jazairhope.org\\\/fr\\\/la-safex-chargee-du-marche-africain\\\/\"},\"author\":{\"name\":\"Mohamed Redha Chettibi\",\"@id\":\"https:\\\/\\\/jazairhope.org\\\/fr\\\/#\\\/schema\\\/person\\\/25f89793241399d8600e452019d99b77\"},\"headline\":\"La Safex charg\u00e9e du march\u00e9 africain\",\"datePublished\":\"2023-04-07T14:23:13+00:00\",\"mainEntityOfPage\":{\"@id\":\"https:\\\/\\\/jazairhope.org\\\/fr\\\/la-safex-chargee-du-marche-africain\\\/\"},\"wordCount\":821,\"commentCount\":0,\"image\":{\"@id\":\"https:\\\/\\\/jazairhope.org\\\/fr\\\/la-safex-chargee-du-marche-africain\\\/#primaryimage\"},\"thumbnailUrl\":\"https:\\\/\\\/jazairhope.org\\\/wp-content\\\/uploads\\\/2023\\\/04\\\/Capture-16.png\",\"articleSection\":[\"\u00c9conomie\"],\"inLanguage\":\"fr-FR\",\"potentialAction\":[{\"@type\":\"CommentAction\",\"name\":\"Comment\",\"target\":[\"https:\\\/\\\/jazairhope.org\\\/fr\\\/la-safex-chargee-du-marche-africain\\\/#respond\"]}]},{\"@type\":\"WebPage\",\"@id\":\"https:\\\/\\\/jazairhope.org\\\/fr\\\/la-safex-chargee-du-marche-africain\\\/\",\"url\":\"https:\\\/\\\/jazairhope.org\\\/fr\\\/la-safex-chargee-du-marche-africain\\\/\",\"name\":\"La Safex charg\u00e9e du march\u00e9 africain - AAH.JZR\",\"isPartOf\":{\"@id\":\"https:\\\/\\\/jazairhope.org\\\/fr\\\/#website\"},\"primaryImageOfPage\":{\"@id\":\"https:\\\/\\\/jazairhope.org\\\/fr\\\/la-safex-chargee-du-marche-africain\\\/#primaryimage\"},\"image\":{\"@id\":\"https:\\\/\\\/jazairhope.org\\\/fr\\\/la-safex-chargee-du-marche-africain\\\/#primaryimage\"},\"thumbnailUrl\":\"https:\\\/\\\/jazairhope.org\\\/wp-content\\\/uploads\\\/2023\\\/04\\\/Capture-16.png\",\"datePublished\":\"2023-04-07T14:23:13+00:00\",\"author\":{\"@id\":\"https:\\\/\\\/jazairhope.org\\\/fr\\\/#\\\/schema\\\/person\\\/25f89793241399d8600e452019d99b77\"},\"breadcrumb\":{\"@id\":\"https:\\\/\\\/jazairhope.org\\\/fr\\\/la-safex-chargee-du-marche-africain\\\/#breadcrumb\"},\"inLanguage\":\"fr-FR\",\"potentialAction\":[{\"@type\":\"ReadAction\",\"target\":[\"https:\\\/\\\/jazairhope.org\\\/fr\\\/la-safex-chargee-du-marche-africain\\\/\"]}]},{\"@type\":\"ImageObject\",\"inLanguage\":\"fr-FR\",\"@id\":\"https:\\\/\\\/jazairhope.org\\\/fr\\\/la-safex-chargee-du-marche-africain\\\/#primaryimage\",\"url\":\"https:\\\/\\\/jazairhope.org\\\/wp-content\\\/uploads\\\/2023\\\/04\\\/Capture-16.png\",\"contentUrl\":\"https:\\\/\\\/jazairhope.org\\\/wp-content\\\/uploads\\\/2023\\\/04\\\/Capture-16.png\",\"width\":583,\"height\":358},{\"@type\":\"BreadcrumbList\",\"@id\":\"https:\\\/\\\/jazairhope.org\\\/fr\\\/la-safex-chargee-du-marche-africain\\\/#breadcrumb\",\"itemListElement\":[{\"@type\":\"ListItem\",\"position\":1,\"name\":\"Accueil\",\"item\":\"https:\\\/\\\/jazairhope.org\\\/fr\\\/\"},{\"@type\":\"ListItem\",\"position\":2,\"name\":\"La Safex charg\u00e9e du march\u00e9 africain\"}]},{\"@type\":\"WebSite\",\"@id\":\"https:\\\/\\\/jazairhope.org\\\/fr\\\/#website\",\"url\":\"https:\\\/\\\/jazairhope.org\\\/fr\\\/\",\"name\":\"AAH.JZR\",\"description\":\"Environment, Health, Science, Art, Economics\",\"potentialAction\":[{\"@type\":\"SearchAction\",\"target\":{\"@type\":\"EntryPoint\",\"urlTemplate\":\"https:\\\/\\\/jazairhope.org\\\/fr\\\/?s={search_term_string}\"},\"query-input\":{\"@type\":\"PropertyValueSpecification\",\"valueRequired\":true,\"valueName\":\"search_term_string\"}}],\"inLanguage\":\"fr-FR\"},{\"@type\":\"Person\",\"@id\":\"https:\\\/\\\/jazairhope.org\\\/fr\\\/#\\\/schema\\\/person\\\/25f89793241399d8600e452019d99b77\",\"name\":\"Mohamed Redha Chettibi\",\"image\":{\"@type\":\"ImageObject\",\"inLanguage\":\"fr-FR\",\"@id\":\"https:\\\/\\\/secure.gravatar.com\\\/avatar\\\/fbd403d607af3d36f26025d8726b5d4b27c7ea4fe21ef10d17299a6c717ed442?s=96&d=mm&r=g\",\"url\":\"https:\\\/\\\/secure.gravatar.com\\\/avatar\\\/fbd403d607af3d36f26025d8726b5d4b27c7ea4fe21ef10d17299a6c717ed442?s=96&d=mm&r=g\",\"contentUrl\":\"https:\\\/\\\/secure.gravatar.com\\\/avatar\\\/fbd403d607af3d36f26025d8726b5d4b27c7ea4fe21ef10d17299a6c717ed442?s=96&d=mm&r=g\",\"caption\":\"Mohamed Redha Chettibi\"},\"url\":\"https:\\\/\\\/jazairhope.org\\\/fr\\\/author\\\/mrc\\\/\"}]}<\/script>\n<!-- \/ Yoast SEO plugin. -->","yoast_head_json":{"title":"La Safex charg\u00e9e du march\u00e9 africain - AAH.JZR","robots":{"index":"index","follow":"follow","max-snippet":"max-snippet:-1","max-image-preview":"max-image-preview:large","max-video-preview":"max-video-preview:-1"},"canonical":"https:\/\/jazairhope.org\/fr\/la-safex-chargee-du-marche-africain\/","og_locale":"fr_FR","og_type":"article","og_title":"La Safex charg\u00e9e du march\u00e9 africain - AAH.JZR","og_description":"lalgerieaujourdhui.dz PAR DJILALI B. La Safex h\u00e9rite d\u2019une nouvelle mission dans la strat\u00e9gie de promotion des exportations hors hydrocarbures. Elle se consacre&hellip;","og_url":"https:\/\/jazairhope.org\/fr\/la-safex-chargee-du-marche-africain\/","og_site_name":"AAH.JZR","article_publisher":"https:\/\/www.facebook.com\/jazairhope","article_published_time":"2023-04-07T14:23:13+00:00","og_image":[{"width":583,"height":358,"url":"https:\/\/jazairhope.org\/wp-content\/uploads\/2023\/04\/Capture-16.png","type":"image\/png"}],"author":"Mohamed Redha Chettibi","twitter_card":"summary_large_image","twitter_misc":{"\u00c9crit par":"Mohamed Redha Chettibi","Dur\u00e9e de lecture estim\u00e9e":"4 minutes"},"schema":{"@context":"https:\/\/schema.org","@graph":[{"@type":"Article","@id":"https:\/\/jazairhope.org\/fr\/la-safex-chargee-du-marche-africain\/#article","isPartOf":{"@id":"https:\/\/jazairhope.org\/fr\/la-safex-chargee-du-marche-africain\/"},"author":{"name":"Mohamed Redha Chettibi","@id":"https:\/\/jazairhope.org\/fr\/#\/schema\/person\/25f89793241399d8600e452019d99b77"},"headline":"La Safex charg\u00e9e du march\u00e9 africain","datePublished":"2023-04-07T14:23:13+00:00","mainEntityOfPage":{"@id":"https:\/\/jazairhope.org\/fr\/la-safex-chargee-du-marche-africain\/"},"wordCount":821,"commentCount":0,"image":{"@id":"https:\/\/jazairhope.org\/fr\/la-safex-chargee-du-marche-africain\/#primaryimage"},"thumbnailUrl":"https:\/\/jazairhope.org\/wp-content\/uploads\/2023\/04\/Capture-16.png","articleSection":["\u00c9conomie"],"inLanguage":"fr-FR","potentialAction":[{"@type":"CommentAction","name":"Comment","target":["https:\/\/jazairhope.org\/fr\/la-safex-chargee-du-marche-africain\/#respond"]}]},{"@type":"WebPage","@id":"https:\/\/jazairhope.org\/fr\/la-safex-chargee-du-marche-africain\/","url":"https:\/\/jazairhope.org\/fr\/la-safex-chargee-du-marche-africain\/","name":"La Safex charg\u00e9e du march\u00e9 africain - AAH.JZR","isPartOf":{"@id":"https:\/\/jazairhope.org\/fr\/#website"},"primaryImageOfPage":{"@id":"https:\/\/jazairhope.org\/fr\/la-safex-chargee-du-marche-africain\/#primaryimage"},"image":{"@id":"https:\/\/jazairhope.org\/fr\/la-safex-chargee-du-marche-africain\/#primaryimage"},"thumbnailUrl":"https:\/\/jazairhope.org\/wp-content\/uploads\/2023\/04\/Capture-16.png","datePublished":"2023-04-07T14:23:13+00:00","author":{"@id":"https:\/\/jazairhope.org\/fr\/#\/schema\/person\/25f89793241399d8600e452019d99b77"},"breadcrumb":{"@id":"https:\/\/jazairhope.org\/fr\/la-safex-chargee-du-marche-africain\/#breadcrumb"},"inLanguage":"fr-FR","potentialAction":[{"@type":"ReadAction","target":["https:\/\/jazairhope.org\/fr\/la-safex-chargee-du-marche-africain\/"]}]},{"@type":"ImageObject","inLanguage":"fr-FR","@id":"https:\/\/jazairhope.org\/fr\/la-safex-chargee-du-marche-africain\/#primaryimage","url":"https:\/\/jazairhope.org\/wp-content\/uploads\/2023\/04\/Capture-16.png","contentUrl":"https:\/\/jazairhope.org\/wp-content\/uploads\/2023\/04\/Capture-16.png","width":583,"height":358},{"@type":"BreadcrumbList","@id":"https:\/\/jazairhope.org\/fr\/la-safex-chargee-du-marche-africain\/#breadcrumb","itemListElement":[{"@type":"ListItem","position":1,"name":"Accueil","item":"https:\/\/jazairhope.org\/fr\/"},{"@type":"ListItem","position":2,"name":"La Safex charg\u00e9e du march\u00e9 africain"}]},{"@type":"WebSite","@id":"https:\/\/jazairhope.org\/fr\/#website","url":"https:\/\/jazairhope.org\/fr\/","name":"AAH.JZR","description":"Environment, Health, Science, Art, Economics","potentialAction":[{"@type":"SearchAction","target":{"@type":"EntryPoint","urlTemplate":"https:\/\/jazairhope.org\/fr\/?s={search_term_string}"},"query-input":{"@type":"PropertyValueSpecification","valueRequired":true,"valueName":"search_term_string"}}],"inLanguage":"fr-FR"},{"@type":"Person","@id":"https:\/\/jazairhope.org\/fr\/#\/schema\/person\/25f89793241399d8600e452019d99b77","name":"Mohamed Redha Chettibi","image":{"@type":"ImageObject","inLanguage":"fr-FR","@id":"https:\/\/secure.gravatar.com\/avatar\/fbd403d607af3d36f26025d8726b5d4b27c7ea4fe21ef10d17299a6c717ed442?s=96&d=mm&r=g","url":"https:\/\/secure.gravatar.com\/avatar\/fbd403d607af3d36f26025d8726b5d4b27c7ea4fe21ef10d17299a6c717ed442?s=96&d=mm&r=g","contentUrl":"https:\/\/secure.gravatar.com\/avatar\/fbd403d607af3d36f26025d8726b5d4b27c7ea4fe21ef10d17299a6c717ed442?s=96&d=mm&r=g","caption":"Mohamed Redha Chettibi"},"url":"https:\/\/jazairhope.org\/fr\/author\/mrc\/"}]}},"views":246,"_links":{"self":[{"href":"https:\/\/jazairhope.org\/fr\/wp-json\/wp\/v2\/posts\/73892","targetHints":{"allow":["GET"]}}],"collection":[{"href":"https:\/\/jazairhope.org\/fr\/wp-json\/wp\/v2\/posts"}],"about":[{"href":"https:\/\/jazairhope.org\/fr\/wp-json\/wp\/v2\/types\/post"}],"author":[{"embeddable":true,"href":"https:\/\/jazairhope.org\/fr\/wp-json\/wp\/v2\/users\/58"}],"replies":[{"embeddable":true,"href":"https:\/\/jazairhope.org\/fr\/wp-json\/wp\/v2\/comments?post=73892"}],"version-history":[{"count":1,"href":"https:\/\/jazairhope.org\/fr\/wp-json\/wp\/v2\/posts\/73892\/revisions"}],"predecessor-version":[{"id":73896,"href":"https:\/\/jazairhope.org\/fr\/wp-json\/wp\/v2\/posts\/73892\/revisions\/73896"}],"wp:featuredmedia":[{"embeddable":true,"href":"https:\/\/jazairhope.org\/fr\/wp-json\/wp\/v2\/media\/73893"}],"wp:attachment":[{"href":"https:\/\/jazairhope.org\/fr\/wp-json\/wp\/v2\/media?parent=73892"}],"wp:term":[{"taxonomy":"category","embeddable":true,"href":"https:\/\/jazairhope.org\/fr\/wp-json\/wp\/v2\/categories?post=73892"},{"taxonomy":"post_tag","embeddable":true,"href":"https:\/\/jazairhope.org\/fr\/wp-json\/wp\/v2\/tags?post=73892"}],"curies":[{"name":"wp","href":"https:\/\/api.w.org\/{rel}","templated":true}]}}