{"id":74987,"date":"2023-04-23T15:45:04","date_gmt":"2023-04-23T14:45:04","guid":{"rendered":"https:\/\/jazairhope.org\/?p=74987"},"modified":"2023-04-23T15:45:04","modified_gmt":"2023-04-23T14:45:04","slug":"apres-le-lancement-de-fiat-et-opel-en-algerie-la-marque-aux-chevrons-pointe-le-bout-de-son-nez","status":"publish","type":"post","link":"https:\/\/jazairhope.org\/fr\/apres-le-lancement-de-fiat-et-opel-en-algerie-la-marque-aux-chevrons-pointe-le-bout-de-son-nez\/","title":{"rendered":"Apr\u00e8s le lancement de Fiat et Opel en Alg\u00e9rie : La marque aux Chevrons pointe le bout de son nez"},"content":{"rendered":"<p><i><strong>En attendant l\u2019agr\u00e9ment d\u00e9finitif, une gamme adapt\u00e9e a \u00e9t\u00e9 choisie pour amorcer, en compagnie de Fiat et Opel, le retour de la marque Citro\u00ebn dans groupe Stellantis en Alg\u00e9rie.<\/strong><\/i><\/p>\n<p>Le groupe Stellantis, qui d\u00e9tient dans son giron plusieurs marques, promet beaucoup pour le march\u00e9 automobile national. Apr\u00e8s Fiat et Opel, l\u2019autre s\u0153ur du groupe, en l\u2019occurrence la marque Citro\u00ebn, est en passe de poser les valises chez nous. Le choix du repr\u00e9sentant s\u2019est port\u00e9 pour le groupe Elsecom dont ce dernier est sp\u00e9cialis\u00e9 dans l\u2019importation, la distribution et le service automobile.<\/p>\n<p>Fond\u00e9 en 1981 par M. Abderrahmane Acha\u00efbou qui avait pour premi\u00e8re activit\u00e9 la commercialisation des syst\u00e8mes de d\u00e9tection d\u2019incendie et d\u2019installation de s\u00e9curit\u00e9 \u00e9lectronique, Elsecom \u00e9tend son activit\u00e9 au secteur de l\u2019automobile en 1996. Derri\u00e8re ce groupe multimarques reposent pas moins de huit marques mondiales \u00e0 savoir Kia, Ford, FAW, Maruti, Suzuki, Tata, Isuzu bus et Daewoo industriel en plus de Nissan Diesel et tout r\u00e9cemment il devient le nouveau repr\u00e9sentant de la marque fran\u00e7aise du groupe Stellantis, Citro\u00ebn.<\/p>\n<p>Mais pas que, Elsecom Automobile relance son activit\u00e9 d\u2019abord en tant qu\u2019agent distributeur de Fiat \u00e0 Oran, et nouveau repr\u00e9sentant de la marque Citro\u00ebn et ce, gr\u00e2ce au nouveau cahier des charges relatif \u00e0 l\u2019activit\u00e9 des concessionnaires automobiles. L\u2019agr\u00e9ment d\u00e9finitif pour la commercialisation de la marque aux deux chevrons est attendu incessamment pour que le groupe Elsecom Automobile reprenne l\u2019activit\u00e9.<\/p>\n<p>Ainsi, une gamme adapt\u00e9e a \u00e9t\u00e9 choisie pour amorcer en compagnie de Fiat et Opel, le retour des marques du groupe Stellantis en Alg\u00e9rie, avons-nous appris.<\/p>\n<p>C\u2019est la politique adopt\u00e9e par les responsables actuels du secteur pour la marque aux chevrons, affichant de nouvelles ambitions pour le march\u00e9 local. Citro\u00ebn profite de son aura et son capital sympathie des amateurs de la marque pour repartir du bon pied avec le groupe Elsecom lequel cumule \u00e0 son actif une grande exp\u00e9rience et des moyens n\u00e9cessaires pour r\u00e9ussir \u00e0 replacer la marque dans le cosmique du secteur automobile.<\/p>\n<p>Car, faut-il le dire, la marque aux cheverons a connu, ces derni\u00e8res ann\u00e9es, une restriction dans les quotas de ventes, aussi bien sur notre march\u00e9 domestique qu\u2019en Europe. Son retour sur le march\u00e9 alg\u00e9rien renouera incontestablement avec une client\u00e8le de connaisseurs, amoureux de la marque.<\/p>\n<p>En attendant ce retour pr\u00e9vu dans quelques semaines, la gamme qui sera propos\u00e9e sera compos\u00e9e de v\u00e9hicules particuliers et utilitaires, d\u2019apr\u00e8s la presse sp\u00e9cialis\u00e9e. Mourad Sa\u00e2di, journaliste sp\u00e9cialis\u00e9 dans l\u2019automobile, mentionne dans un article paru sur le site carvision que la gamme VP s\u2019articule autour des citadines polyvalentes C3 1.2L 75ch BVM et C3 1.2L 110ch BVA, C3 Aircross 1.2l 110ch BVA, de la compacte C4 1.2l 130 ch BVA et C4X 1.2L 130 ch BVA.<\/p>\n<p>Le SUV C5 Aircross 1.6l BVA viendra couronner cette offre en v\u00e9hicules particuliers. Sur le segment des utilitaires, Citro\u00ebn arrivera avec trois mod\u00e8les connus sur notre march\u00e9 dont le Berlingo sera encore la locomotive des ventes.<\/p>\n<p>Ce mod\u00e8le sera anim\u00e9 de la m\u00e9canique 1.6l HDI 92ch avec BVM. Pour offrir davantage de volume de chargement le Jumpy et le Jumper compl\u00e8tent cette offre utilitaire. Le premier est anim\u00e9 par le moteur 2.0L HDI 150ch et transmission manuelle. Le Jumper, quant \u00e0 lui, s\u2019anime de la m\u00e9canique 2.2L HDI 140ch.<\/p>\n<p>Source : <a href=\"https:\/\/elwatan-dz.com\/apres-le-lancement-de-fiat-et-opel-en-algerie-la-marque-aux-chevrons-pointe-le-bout-de-son-nez\">https:\/\/elwatan-dz.com\/apres-le-lancement-de-fiat-et-opel-en-algerie-la-marque-aux-chevrons-pointe-le-bout-de-son-nez<\/a><\/p>\n","protected":false},"excerpt":{"rendered":"<p>En attendant l\u2019agr\u00e9ment d\u00e9finitif, une gamme adapt\u00e9e a \u00e9t\u00e9 choisie pour amorcer, en compagnie de Fiat et Opel, le retour de la&hellip;<\/p>\n","protected":false},"author":50,"featured_media":74988,"comment_status":"open","ping_status":"open","sticky":false,"template":"","format":"standard","meta":{"_lmt_disableupdate":"","_lmt_disable":"","footnotes":""},"categories":[35],"tags":[],"class_list":["post-74987","post","type-post","status-publish","format-standard","has-post-thumbnail","hentry","category-economie"],"yoast_head":"<!-- This site is optimized with the Yoast SEO plugin v27.3 - https:\/\/yoast.com\/product\/yoast-seo-wordpress\/ -->\n<title>Apr\u00e8s le lancement de Fiat et Opel en Alg\u00e9rie : La marque aux Chevrons pointe le bout de son nez - AAH.JZR<\/title>\n<meta name=\"robots\" content=\"index, follow, max-snippet:-1, max-image-preview:large, max-video-preview:-1\" \/>\n<link rel=\"canonical\" href=\"https:\/\/jazairhope.org\/fr\/apres-le-lancement-de-fiat-et-opel-en-algerie-la-marque-aux-chevrons-pointe-le-bout-de-son-nez\/\" \/>\n<meta property=\"og:locale\" content=\"fr_FR\" \/>\n<meta property=\"og:type\" content=\"article\" \/>\n<meta property=\"og:title\" content=\"Apr\u00e8s le lancement de Fiat et Opel en Alg\u00e9rie : La marque aux Chevrons pointe le bout de son nez - AAH.JZR\" \/>\n<meta property=\"og:description\" content=\"En attendant l\u2019agr\u00e9ment d\u00e9finitif, une gamme adapt\u00e9e a \u00e9t\u00e9 choisie pour amorcer, en compagnie de Fiat et Opel, le retour de la&hellip;\" \/>\n<meta property=\"og:url\" content=\"https:\/\/jazairhope.org\/fr\/apres-le-lancement-de-fiat-et-opel-en-algerie-la-marque-aux-chevrons-pointe-le-bout-de-son-nez\/\" \/>\n<meta property=\"og:site_name\" content=\"AAH.JZR\" \/>\n<meta property=\"article:publisher\" content=\"https:\/\/www.facebook.com\/jazairhope\" \/>\n<meta property=\"article:published_time\" content=\"2023-04-23T14:45:04+00:00\" \/>\n<meta property=\"og:image\" content=\"https:\/\/jazairhope.org\/wp-content\/uploads\/2023\/04\/jh-81.jpg\" \/>\n\t<meta property=\"og:image:width\" content=\"1478\" \/>\n\t<meta property=\"og:image:height\" content=\"883\" \/>\n\t<meta property=\"og:image:type\" content=\"image\/jpeg\" \/>\n<meta name=\"author\" content=\"Hope Jzr\" \/>\n<meta name=\"twitter:card\" content=\"summary_large_image\" \/>\n<meta name=\"twitter:label1\" content=\"\u00c9crit par\" \/>\n\t<meta name=\"twitter:data1\" content=\"Hope Jzr\" \/>\n\t<meta name=\"twitter:label2\" content=\"Dur\u00e9e de lecture estim\u00e9e\" \/>\n\t<meta name=\"twitter:data2\" content=\"3 minutes\" \/>\n<script type=\"application\/ld+json\" class=\"yoast-schema-graph\">{\"@context\":\"https:\\\/\\\/schema.org\",\"@graph\":[{\"@type\":\"Article\",\"@id\":\"https:\\\/\\\/jazairhope.org\\\/fr\\\/apres-le-lancement-de-fiat-et-opel-en-algerie-la-marque-aux-chevrons-pointe-le-bout-de-son-nez\\\/#article\",\"isPartOf\":{\"@id\":\"https:\\\/\\\/jazairhope.org\\\/fr\\\/apres-le-lancement-de-fiat-et-opel-en-algerie-la-marque-aux-chevrons-pointe-le-bout-de-son-nez\\\/\"},\"author\":{\"name\":\"Hope Jzr\",\"@id\":\"https:\\\/\\\/jazairhope.org\\\/fr\\\/#\\\/schema\\\/person\\\/0b50f60fad840cf92313307e38c9d20d\"},\"headline\":\"Apr\u00e8s le lancement de Fiat et Opel en Alg\u00e9rie : La marque aux Chevrons pointe le bout de son nez\",\"datePublished\":\"2023-04-23T14:45:04+00:00\",\"mainEntityOfPage\":{\"@id\":\"https:\\\/\\\/jazairhope.org\\\/fr\\\/apres-le-lancement-de-fiat-et-opel-en-algerie-la-marque-aux-chevrons-pointe-le-bout-de-son-nez\\\/\"},\"wordCount\":625,\"commentCount\":0,\"image\":{\"@id\":\"https:\\\/\\\/jazairhope.org\\\/fr\\\/apres-le-lancement-de-fiat-et-opel-en-algerie-la-marque-aux-chevrons-pointe-le-bout-de-son-nez\\\/#primaryimage\"},\"thumbnailUrl\":\"https:\\\/\\\/jazairhope.org\\\/wp-content\\\/uploads\\\/2023\\\/04\\\/jh-81.jpg\",\"articleSection\":[\"\u00c9conomie\"],\"inLanguage\":\"fr-FR\",\"potentialAction\":[{\"@type\":\"CommentAction\",\"name\":\"Comment\",\"target\":[\"https:\\\/\\\/jazairhope.org\\\/fr\\\/apres-le-lancement-de-fiat-et-opel-en-algerie-la-marque-aux-chevrons-pointe-le-bout-de-son-nez\\\/#respond\"]}]},{\"@type\":\"WebPage\",\"@id\":\"https:\\\/\\\/jazairhope.org\\\/fr\\\/apres-le-lancement-de-fiat-et-opel-en-algerie-la-marque-aux-chevrons-pointe-le-bout-de-son-nez\\\/\",\"url\":\"https:\\\/\\\/jazairhope.org\\\/fr\\\/apres-le-lancement-de-fiat-et-opel-en-algerie-la-marque-aux-chevrons-pointe-le-bout-de-son-nez\\\/\",\"name\":\"Apr\u00e8s le lancement de Fiat et Opel en Alg\u00e9rie : La marque aux Chevrons pointe le bout de son nez - AAH.JZR\",\"isPartOf\":{\"@id\":\"https:\\\/\\\/jazairhope.org\\\/fr\\\/#website\"},\"primaryImageOfPage\":{\"@id\":\"https:\\\/\\\/jazairhope.org\\\/fr\\\/apres-le-lancement-de-fiat-et-opel-en-algerie-la-marque-aux-chevrons-pointe-le-bout-de-son-nez\\\/#primaryimage\"},\"image\":{\"@id\":\"https:\\\/\\\/jazairhope.org\\\/fr\\\/apres-le-lancement-de-fiat-et-opel-en-algerie-la-marque-aux-chevrons-pointe-le-bout-de-son-nez\\\/#primaryimage\"},\"thumbnailUrl\":\"https:\\\/\\\/jazairhope.org\\\/wp-content\\\/uploads\\\/2023\\\/04\\\/jh-81.jpg\",\"datePublished\":\"2023-04-23T14:45:04+00:00\",\"author\":{\"@id\":\"https:\\\/\\\/jazairhope.org\\\/fr\\\/#\\\/schema\\\/person\\\/0b50f60fad840cf92313307e38c9d20d\"},\"breadcrumb\":{\"@id\":\"https:\\\/\\\/jazairhope.org\\\/fr\\\/apres-le-lancement-de-fiat-et-opel-en-algerie-la-marque-aux-chevrons-pointe-le-bout-de-son-nez\\\/#breadcrumb\"},\"inLanguage\":\"fr-FR\",\"potentialAction\":[{\"@type\":\"ReadAction\",\"target\":[\"https:\\\/\\\/jazairhope.org\\\/fr\\\/apres-le-lancement-de-fiat-et-opel-en-algerie-la-marque-aux-chevrons-pointe-le-bout-de-son-nez\\\/\"]}]},{\"@type\":\"ImageObject\",\"inLanguage\":\"fr-FR\",\"@id\":\"https:\\\/\\\/jazairhope.org\\\/fr\\\/apres-le-lancement-de-fiat-et-opel-en-algerie-la-marque-aux-chevrons-pointe-le-bout-de-son-nez\\\/#primaryimage\",\"url\":\"https:\\\/\\\/jazairhope.org\\\/wp-content\\\/uploads\\\/2023\\\/04\\\/jh-81.jpg\",\"contentUrl\":\"https:\\\/\\\/jazairhope.org\\\/wp-content\\\/uploads\\\/2023\\\/04\\\/jh-81.jpg\",\"width\":1478,\"height\":883},{\"@type\":\"BreadcrumbList\",\"@id\":\"https:\\\/\\\/jazairhope.org\\\/fr\\\/apres-le-lancement-de-fiat-et-opel-en-algerie-la-marque-aux-chevrons-pointe-le-bout-de-son-nez\\\/#breadcrumb\",\"itemListElement\":[{\"@type\":\"ListItem\",\"position\":1,\"name\":\"Accueil\",\"item\":\"https:\\\/\\\/jazairhope.org\\\/fr\\\/\"},{\"@type\":\"ListItem\",\"position\":2,\"name\":\"Apr\u00e8s le lancement de Fiat et Opel en Alg\u00e9rie : La marque aux Chevrons pointe le bout de son nez\"}]},{\"@type\":\"WebSite\",\"@id\":\"https:\\\/\\\/jazairhope.org\\\/fr\\\/#website\",\"url\":\"https:\\\/\\\/jazairhope.org\\\/fr\\\/\",\"name\":\"AAH.JZR\",\"description\":\"Environment, Health, Science, Art, Economics\",\"potentialAction\":[{\"@type\":\"SearchAction\",\"target\":{\"@type\":\"EntryPoint\",\"urlTemplate\":\"https:\\\/\\\/jazairhope.org\\\/fr\\\/?s={search_term_string}\"},\"query-input\":{\"@type\":\"PropertyValueSpecification\",\"valueRequired\":true,\"valueName\":\"search_term_string\"}}],\"inLanguage\":\"fr-FR\"},{\"@type\":\"Person\",\"@id\":\"https:\\\/\\\/jazairhope.org\\\/fr\\\/#\\\/schema\\\/person\\\/0b50f60fad840cf92313307e38c9d20d\",\"name\":\"Hope Jzr\",\"image\":{\"@type\":\"ImageObject\",\"inLanguage\":\"fr-FR\",\"@id\":\"https:\\\/\\\/secure.gravatar.com\\\/avatar\\\/0a42f66f14ba94b77f351f3bb2f3b9389c4063acb1697ffb32f5d3944782d3e7?s=96&d=mm&r=g\",\"url\":\"https:\\\/\\\/secure.gravatar.com\\\/avatar\\\/0a42f66f14ba94b77f351f3bb2f3b9389c4063acb1697ffb32f5d3944782d3e7?s=96&d=mm&r=g\",\"contentUrl\":\"https:\\\/\\\/secure.gravatar.com\\\/avatar\\\/0a42f66f14ba94b77f351f3bb2f3b9389c4063acb1697ffb32f5d3944782d3e7?s=96&d=mm&r=g\",\"caption\":\"Hope Jzr\"},\"description\":\"\u00c0 propos de Hope&amp;ChaDia Hope&amp;ChaDia n\u2019est pas un pseudonyme, mais une m\u00e9thode de travail. Hope : l\u2019id\u00e9e, l\u2019esprit, la structure, la vision. C\u2019est l\u2019impulsion humaine qui choisit l\u2019angle, trace la ligne \u00e9ditoriale et donne le sens. ChaDia : l\u2019assistante, qui met en forme, d\u00e9veloppe, affine le style et v\u00e9rifie les faits. Une aide technologique qui amplifie mais ne cr\u00e9e pas. Ensemble, Hope&amp;ChaDia produisent des textes hybrides : profond\u00e9ment humains dans leur inspiration, rigoureux et pr\u00e9cis dans leur r\u00e9alisation. . . SUPPORTEZ JAZAIRHOPE ET FAITES CONNA\u00ceTRE LE PATRIMOINE ET L\u2019HISTOIRE DE L\u2019ALG\u00c9RIE, EN ACHETANT LE LIVRE DE JAZAIRHOPE POUR VOUS OU POUR L\u2019OFFRIR A VOS PROCHES, ICI : https:\\\/\\\/jazairhope.org\\\/fr\\\/ebook\\\/ CEUX EN ALG\u00c9RIE ET CEUX QUI PEUVENT PAS L\u2019ACHETER ON OFFRE UNE COPIE DIGITALE GRATUITE, POUR CELA ENVOYEZ UN EMAIL \u00c0 : INFO@JAZAIRHOPE.ORG\",\"url\":\"https:\\\/\\\/jazairhope.org\\\/fr\\\/author\\\/hope-jazair\\\/\"}]}<\/script>\n<!-- \/ Yoast SEO plugin. -->","yoast_head_json":{"title":"Apr\u00e8s le lancement de Fiat et Opel en Alg\u00e9rie : La marque aux Chevrons pointe le bout de son nez - AAH.JZR","robots":{"index":"index","follow":"follow","max-snippet":"max-snippet:-1","max-image-preview":"max-image-preview:large","max-video-preview":"max-video-preview:-1"},"canonical":"https:\/\/jazairhope.org\/fr\/apres-le-lancement-de-fiat-et-opel-en-algerie-la-marque-aux-chevrons-pointe-le-bout-de-son-nez\/","og_locale":"fr_FR","og_type":"article","og_title":"Apr\u00e8s le lancement de Fiat et Opel en Alg\u00e9rie : La marque aux Chevrons pointe le bout de son nez - AAH.JZR","og_description":"En attendant l\u2019agr\u00e9ment d\u00e9finitif, une gamme adapt\u00e9e a \u00e9t\u00e9 choisie pour amorcer, en compagnie de Fiat et Opel, le retour de la&hellip;","og_url":"https:\/\/jazairhope.org\/fr\/apres-le-lancement-de-fiat-et-opel-en-algerie-la-marque-aux-chevrons-pointe-le-bout-de-son-nez\/","og_site_name":"AAH.JZR","article_publisher":"https:\/\/www.facebook.com\/jazairhope","article_published_time":"2023-04-23T14:45:04+00:00","og_image":[{"width":1478,"height":883,"url":"https:\/\/jazairhope.org\/wp-content\/uploads\/2023\/04\/jh-81.jpg","type":"image\/jpeg"}],"author":"Hope Jzr","twitter_card":"summary_large_image","twitter_misc":{"\u00c9crit par":"Hope Jzr","Dur\u00e9e de lecture estim\u00e9e":"3 minutes"},"schema":{"@context":"https:\/\/schema.org","@graph":[{"@type":"Article","@id":"https:\/\/jazairhope.org\/fr\/apres-le-lancement-de-fiat-et-opel-en-algerie-la-marque-aux-chevrons-pointe-le-bout-de-son-nez\/#article","isPartOf":{"@id":"https:\/\/jazairhope.org\/fr\/apres-le-lancement-de-fiat-et-opel-en-algerie-la-marque-aux-chevrons-pointe-le-bout-de-son-nez\/"},"author":{"name":"Hope Jzr","@id":"https:\/\/jazairhope.org\/fr\/#\/schema\/person\/0b50f60fad840cf92313307e38c9d20d"},"headline":"Apr\u00e8s le lancement de Fiat et Opel en Alg\u00e9rie : La marque aux Chevrons pointe le bout de son nez","datePublished":"2023-04-23T14:45:04+00:00","mainEntityOfPage":{"@id":"https:\/\/jazairhope.org\/fr\/apres-le-lancement-de-fiat-et-opel-en-algerie-la-marque-aux-chevrons-pointe-le-bout-de-son-nez\/"},"wordCount":625,"commentCount":0,"image":{"@id":"https:\/\/jazairhope.org\/fr\/apres-le-lancement-de-fiat-et-opel-en-algerie-la-marque-aux-chevrons-pointe-le-bout-de-son-nez\/#primaryimage"},"thumbnailUrl":"https:\/\/jazairhope.org\/wp-content\/uploads\/2023\/04\/jh-81.jpg","articleSection":["\u00c9conomie"],"inLanguage":"fr-FR","potentialAction":[{"@type":"CommentAction","name":"Comment","target":["https:\/\/jazairhope.org\/fr\/apres-le-lancement-de-fiat-et-opel-en-algerie-la-marque-aux-chevrons-pointe-le-bout-de-son-nez\/#respond"]}]},{"@type":"WebPage","@id":"https:\/\/jazairhope.org\/fr\/apres-le-lancement-de-fiat-et-opel-en-algerie-la-marque-aux-chevrons-pointe-le-bout-de-son-nez\/","url":"https:\/\/jazairhope.org\/fr\/apres-le-lancement-de-fiat-et-opel-en-algerie-la-marque-aux-chevrons-pointe-le-bout-de-son-nez\/","name":"Apr\u00e8s le lancement de Fiat et Opel en Alg\u00e9rie : La marque aux Chevrons pointe le bout de son nez - AAH.JZR","isPartOf":{"@id":"https:\/\/jazairhope.org\/fr\/#website"},"primaryImageOfPage":{"@id":"https:\/\/jazairhope.org\/fr\/apres-le-lancement-de-fiat-et-opel-en-algerie-la-marque-aux-chevrons-pointe-le-bout-de-son-nez\/#primaryimage"},"image":{"@id":"https:\/\/jazairhope.org\/fr\/apres-le-lancement-de-fiat-et-opel-en-algerie-la-marque-aux-chevrons-pointe-le-bout-de-son-nez\/#primaryimage"},"thumbnailUrl":"https:\/\/jazairhope.org\/wp-content\/uploads\/2023\/04\/jh-81.jpg","datePublished":"2023-04-23T14:45:04+00:00","author":{"@id":"https:\/\/jazairhope.org\/fr\/#\/schema\/person\/0b50f60fad840cf92313307e38c9d20d"},"breadcrumb":{"@id":"https:\/\/jazairhope.org\/fr\/apres-le-lancement-de-fiat-et-opel-en-algerie-la-marque-aux-chevrons-pointe-le-bout-de-son-nez\/#breadcrumb"},"inLanguage":"fr-FR","potentialAction":[{"@type":"ReadAction","target":["https:\/\/jazairhope.org\/fr\/apres-le-lancement-de-fiat-et-opel-en-algerie-la-marque-aux-chevrons-pointe-le-bout-de-son-nez\/"]}]},{"@type":"ImageObject","inLanguage":"fr-FR","@id":"https:\/\/jazairhope.org\/fr\/apres-le-lancement-de-fiat-et-opel-en-algerie-la-marque-aux-chevrons-pointe-le-bout-de-son-nez\/#primaryimage","url":"https:\/\/jazairhope.org\/wp-content\/uploads\/2023\/04\/jh-81.jpg","contentUrl":"https:\/\/jazairhope.org\/wp-content\/uploads\/2023\/04\/jh-81.jpg","width":1478,"height":883},{"@type":"BreadcrumbList","@id":"https:\/\/jazairhope.org\/fr\/apres-le-lancement-de-fiat-et-opel-en-algerie-la-marque-aux-chevrons-pointe-le-bout-de-son-nez\/#breadcrumb","itemListElement":[{"@type":"ListItem","position":1,"name":"Accueil","item":"https:\/\/jazairhope.org\/fr\/"},{"@type":"ListItem","position":2,"name":"Apr\u00e8s le lancement de Fiat et Opel en Alg\u00e9rie : La marque aux Chevrons pointe le bout de son nez"}]},{"@type":"WebSite","@id":"https:\/\/jazairhope.org\/fr\/#website","url":"https:\/\/jazairhope.org\/fr\/","name":"AAH.JZR","description":"Environment, Health, Science, Art, Economics","potentialAction":[{"@type":"SearchAction","target":{"@type":"EntryPoint","urlTemplate":"https:\/\/jazairhope.org\/fr\/?s={search_term_string}"},"query-input":{"@type":"PropertyValueSpecification","valueRequired":true,"valueName":"search_term_string"}}],"inLanguage":"fr-FR"},{"@type":"Person","@id":"https:\/\/jazairhope.org\/fr\/#\/schema\/person\/0b50f60fad840cf92313307e38c9d20d","name":"Hope Jzr","image":{"@type":"ImageObject","inLanguage":"fr-FR","@id":"https:\/\/secure.gravatar.com\/avatar\/0a42f66f14ba94b77f351f3bb2f3b9389c4063acb1697ffb32f5d3944782d3e7?s=96&d=mm&r=g","url":"https:\/\/secure.gravatar.com\/avatar\/0a42f66f14ba94b77f351f3bb2f3b9389c4063acb1697ffb32f5d3944782d3e7?s=96&d=mm&r=g","contentUrl":"https:\/\/secure.gravatar.com\/avatar\/0a42f66f14ba94b77f351f3bb2f3b9389c4063acb1697ffb32f5d3944782d3e7?s=96&d=mm&r=g","caption":"Hope Jzr"},"description":"\u00c0 propos de Hope&amp;ChaDia Hope&amp;ChaDia n\u2019est pas un pseudonyme, mais une m\u00e9thode de travail. Hope : l\u2019id\u00e9e, l\u2019esprit, la structure, la vision. C\u2019est l\u2019impulsion humaine qui choisit l\u2019angle, trace la ligne \u00e9ditoriale et donne le sens. ChaDia : l\u2019assistante, qui met en forme, d\u00e9veloppe, affine le style et v\u00e9rifie les faits. Une aide technologique qui amplifie mais ne cr\u00e9e pas. Ensemble, Hope&amp;ChaDia produisent des textes hybrides : profond\u00e9ment humains dans leur inspiration, rigoureux et pr\u00e9cis dans leur r\u00e9alisation. . . SUPPORTEZ JAZAIRHOPE ET FAITES CONNA\u00ceTRE LE PATRIMOINE ET L\u2019HISTOIRE DE L\u2019ALG\u00c9RIE, EN ACHETANT LE LIVRE DE JAZAIRHOPE POUR VOUS OU POUR L\u2019OFFRIR A VOS PROCHES, ICI : https:\/\/jazairhope.org\/fr\/ebook\/ CEUX EN ALG\u00c9RIE ET CEUX QUI PEUVENT PAS L\u2019ACHETER ON OFFRE UNE COPIE DIGITALE GRATUITE, POUR CELA ENVOYEZ UN EMAIL \u00c0 : INFO@JAZAIRHOPE.ORG","url":"https:\/\/jazairhope.org\/fr\/author\/hope-jazair\/"}]}},"views":408,"_links":{"self":[{"href":"https:\/\/jazairhope.org\/fr\/wp-json\/wp\/v2\/posts\/74987","targetHints":{"allow":["GET"]}}],"collection":[{"href":"https:\/\/jazairhope.org\/fr\/wp-json\/wp\/v2\/posts"}],"about":[{"href":"https:\/\/jazairhope.org\/fr\/wp-json\/wp\/v2\/types\/post"}],"author":[{"embeddable":true,"href":"https:\/\/jazairhope.org\/fr\/wp-json\/wp\/v2\/users\/50"}],"replies":[{"embeddable":true,"href":"https:\/\/jazairhope.org\/fr\/wp-json\/wp\/v2\/comments?post=74987"}],"version-history":[{"count":1,"href":"https:\/\/jazairhope.org\/fr\/wp-json\/wp\/v2\/posts\/74987\/revisions"}],"predecessor-version":[{"id":74991,"href":"https:\/\/jazairhope.org\/fr\/wp-json\/wp\/v2\/posts\/74987\/revisions\/74991"}],"wp:featuredmedia":[{"embeddable":true,"href":"https:\/\/jazairhope.org\/fr\/wp-json\/wp\/v2\/media\/74988"}],"wp:attachment":[{"href":"https:\/\/jazairhope.org\/fr\/wp-json\/wp\/v2\/media?parent=74987"}],"wp:term":[{"taxonomy":"category","embeddable":true,"href":"https:\/\/jazairhope.org\/fr\/wp-json\/wp\/v2\/categories?post=74987"},{"taxonomy":"post_tag","embeddable":true,"href":"https:\/\/jazairhope.org\/fr\/wp-json\/wp\/v2\/tags?post=74987"}],"curies":[{"name":"wp","href":"https:\/\/api.w.org\/{rel}","templated":true}]}}