{"id":80340,"date":"2023-07-10T14:44:19","date_gmt":"2023-07-10T13:44:19","guid":{"rendered":"https:\/\/jazairhope.org\/?p=80340"},"modified":"2023-07-10T14:44:19","modified_gmt":"2023-07-10T13:44:19","slug":"vernissage-de-lexposition-des-oeuvres-realisees-pendant-la-residence-de-jeunes-artistes-jeunesse-et-creativite","status":"publish","type":"post","link":"https:\/\/jazairhope.org\/fr\/vernissage-de-lexposition-des-oeuvres-realisees-pendant-la-residence-de-jeunes-artistes-jeunesse-et-creativite\/","title":{"rendered":"Vernissage : Exposition des \u0153uvres r\u00e9alis\u00e9es pendant la R\u00e9sidence de  jeunes artistes &#8220;Jeunesse et cr\u00e9ativit\u00e9&#8221; \u00c0 Dar Abdelatif"},"content":{"rendered":"<div class=\"xdj266r x11i5rnm xat24cr x1mh8g0r x1vvkbs x126k92a\">\n<div dir=\"auto\"><span class=\"x3nfvp2 x1j61x8r x1fcty0u xdj266r xhhsvwb xat24cr xgzva0m xxymvpz xlup9mm x1kky2od\"><img decoding=\"async\" src=\"https:\/\/jazairhope.org\/wp-content\/uploads\/2023\/07\/1f534.png\" alt=\"????\" width=\"16\" height=\"16\" \/><\/span> jeudi 13 juillet 2023 \u00e0 17h00 en pr\u00e9sence des artistes participants .<\/div>\n<div dir=\"auto\"><\/div>\n<div dir=\"auto\"><span class=\"x3nfvp2 x1j61x8r x1fcty0u xdj266r xhhsvwb xat24cr xgzva0m xxymvpz xlup9mm x1kky2od\"><img decoding=\"async\" src=\"https:\/\/jazairhope.org\/wp-content\/uploads\/2023\/07\/1f534.png\" alt=\"????\" width=\"16\" height=\"16\" \/><\/span>Sous l&#8217;\u00e9gide de Mme la Ministre de la Culture et des Arts, Dr. Soraya Mouloudji, et dans le cadre du 60\u00e8me anniversaire de l\u2019ind\u00e9pendance, l\u2019Agence Alg\u00e9rienne pour le Rayonnement Culturel AARC, organise une exposition des \u0153uvres r\u00e9alis\u00e9es pendant la r\u00e9sidence d\u2019artistes \u00ab jeunesse et cr\u00e9ativit\u00e9 \u00bb ,qui s\u2019est tenue du 10 au 25 juin 2023 \u00e0 Dar Abdelatif,<\/div>\n<div dir=\"auto\"><\/div>\n<div dir=\"auto\"><span class=\"x3nfvp2 x1j61x8r x1fcty0u xdj266r xhhsvwb xat24cr xgzva0m xxymvpz xlup9mm x1kky2od\"><img decoding=\"async\" src=\"https:\/\/jazairhope.org\/wp-content\/uploads\/2023\/07\/1f534.png\" alt=\"????\" width=\"16\" height=\"16\" \/><\/span> une r\u00e9sidence qui avait regroup\u00e9 dix (10) artistes plasticiens de diff\u00e9rentes wilayas, notamment Ouargla, El Bayadh, Tizi Ouzou, Laghouat, B\u00e9char, El Djelfa, Boumerdes et Guelma.<\/div>\n<div dir=\"auto\"><\/div>\n<div dir=\"auto\"><span class=\"x3nfvp2 x1j61x8r x1fcty0u xdj266r xhhsvwb xat24cr xgzva0m xxymvpz xlup9mm x1kky2od\"><img decoding=\"async\" src=\"https:\/\/jazairhope.org\/wp-content\/uploads\/2023\/07\/1f534.png\" alt=\"????\" width=\"16\" height=\"16\" \/><\/span>La dur\u00e9e de cette r\u00e9sidence avait \u00e9t\u00e9 de quinze (15) jours, pendant lesquels nous leur avions offert un espace de cr\u00e9ation o\u00f9 ils avaient eu \u00e0 r\u00e9aliser deux (2) \u0153uvres de dimensions 120\/120 cm en utilisant leurs propres styles.<\/div>\n<div dir=\"auto\"><\/div>\n<div dir=\"auto\"><span class=\"x3nfvp2 x1j61x8r x1fcty0u xdj266r xhhsvwb xat24cr xgzva0m xxymvpz xlup9mm x1kky2od\"><img decoding=\"async\" src=\"https:\/\/jazairhope.org\/wp-content\/uploads\/2023\/07\/1f534.png\" alt=\"????\" width=\"16\" height=\"16\" \/><\/span>Cette r\u00e9sidence avait eu pour but de r\u00e9unir le g\u00e9nie cr\u00e9atif d&#8217;une nouvelle g\u00e9n\u00e9ration d&#8217;artistes plasticiens venant de diff\u00e9rents p\u00f4les de l&#8217;Alg\u00e9rie, avec des influences diverses. Nous avions mis en avant leurs exp\u00e9riences picturales afin de cr\u00e9er des \u0153uvres originales refl\u00e9tant leur personnalit\u00e9 , c&#8217;\u00e9tait l&#8217;occasion pour eux de vivre ensemble et de partager leurs connaissances durant ce s\u00e9jour.<\/div>\n<div dir=\"auto\"><\/div>\n<div dir=\"auto\"><strong><span class=\"x3nfvp2 x1j61x8r x1fcty0u xdj266r xhhsvwb xat24cr xgzva0m xxymvpz xlup9mm x1kky2od\"><img decoding=\"async\" src=\"https:\/\/jazairhope.org\/wp-content\/uploads\/2023\/07\/1f534.png\" alt=\"????\" width=\"16\" height=\"16\" \/><\/span>Les artistes participants :<\/strong><\/div>\n<div dir=\"auto\">Amine hacini-El Bayadh<\/div>\n<div dir=\"auto\">Belkheiri el bahi yahya -Djelfa<\/div>\n<div dir=\"auto\">Kedjar Houcine-Tizi ouzou<\/div>\n<div dir=\"auto\">Mohamed boucetta- Boumerdes<\/div>\n<div dir=\"auto\">Rauiya Ferradji &#8211; Ourgela<\/div>\n<div dir=\"auto\">Said hachemi- Tizi ouzou<\/div>\n<div dir=\"auto\">Salah tbaibia- Guelma<\/div>\n<div dir=\"auto\">Saliha Bentayeb- Tizi ouzou<\/div>\n<div dir=\"auto\">Tabaa Mustapha &#8211; Laghouat<\/div>\n<div dir=\"auto\">Achouak yachir- Bechar<\/div>\n<\/div>\n<p>&nbsp;<\/p>\n<p>Source : <a class=\"x1i10hfl xjbqb8w x6umtig x1b1mbwd xaqea5y xav7gou x9f619 x1ypdohk xt0psk2 xe8uvvx xdj266r x11i5rnm xat24cr x1mh8g0r xexx8yu x4uap5 x18d9i69 xkhd6sd x16tdsg8 x1hl2dhg xggy1nq x1a2a7pz xt0b8zv x1qq9wsj xo1l8bm\" style=\"text-transform: initial;\" tabindex=\"0\" role=\"link\" href=\"https:\/\/www.facebook.com\/hashtag\/ministere_de_la_culture_et_des_arts?__eep__=6&amp;__cft__[0]=AZWU7aY39kd_LcbDMshHyv-F-f6rNDoXgOZU53WUzA8I6-YwuFMNHSMLbPYI541xb6njMx7-zms40YpzFrgMSqCORrle-RfdE9H7L4JUfxaQPWbw_MOZWXooDji1k0ZYZvg1C77CDw47JrdC_JwIalBRgJbBDiiNK-cibQ1dJgvW4-vs2Ghw-XU7yNIh0pWtYsQ&amp;__tn__=*NK-R\">#ministere_de_la_culture_et_des_arts<\/a>\u00a0 \u00a0 <a class=\"x1i10hfl xjbqb8w x6umtig x1b1mbwd xaqea5y xav7gou x9f619 x1ypdohk xt0psk2 xe8uvvx xdj266r x11i5rnm xat24cr x1mh8g0r xexx8yu x4uap5 x18d9i69 xkhd6sd x16tdsg8 x1hl2dhg xggy1nq x1a2a7pz xt0b8zv x1qq9wsj xo1l8bm\" style=\"text-transform: initial;\" tabindex=\"0\" role=\"link\" href=\"https:\/\/www.facebook.com\/hashtag\/aarc?__eep__=6&amp;__cft__[0]=AZWU7aY39kd_LcbDMshHyv-F-f6rNDoXgOZU53WUzA8I6-YwuFMNHSMLbPYI541xb6njMx7-zms40YpzFrgMSqCORrle-RfdE9H7L4JUfxaQPWbw_MOZWXooDji1k0ZYZvg1C77CDw47JrdC_JwIalBRgJbBDiiNK-cibQ1dJgvW4-vs2Ghw-XU7yNIh0pWtYsQ&amp;__tn__=*NK-R\">#AARC<\/a><\/p>\n","protected":false},"excerpt":{"rendered":"<p>jeudi 13 juillet 2023 \u00e0 17h00 en pr\u00e9sence des artistes participants . Sous l&#8217;\u00e9gide de Mme la Ministre de la Culture et&hellip;<\/p>\n","protected":false},"author":50,"featured_media":80341,"comment_status":"open","ping_status":"open","sticky":false,"template":"","format":"standard","meta":{"_lmt_disableupdate":"","_lmt_disable":"","footnotes":""},"categories":[10,34,33],"tags":[],"class_list":["post-80340","post","type-post","status-publish","format-standard","has-post-thumbnail","hentry","category-art","category-art-fr","category-33"],"yoast_head":"<!-- This site is optimized with the Yoast SEO plugin v27.3 - https:\/\/yoast.com\/product\/yoast-seo-wordpress\/ -->\n<title>Vernissage : Exposition des \u0153uvres r\u00e9alis\u00e9es pendant la R\u00e9sidence de jeunes artistes &quot;Jeunesse et cr\u00e9ativit\u00e9&quot; \u00c0 Dar Abdelatif - AAH.JZR<\/title>\n<meta name=\"robots\" content=\"index, follow, max-snippet:-1, max-image-preview:large, max-video-preview:-1\" \/>\n<link rel=\"canonical\" href=\"https:\/\/jazairhope.org\/fr\/vernissage-de-lexposition-des-oeuvres-realisees-pendant-la-residence-de-jeunes-artistes-jeunesse-et-creativite\/\" \/>\n<meta property=\"og:locale\" content=\"fr_FR\" \/>\n<meta property=\"og:type\" content=\"article\" \/>\n<meta property=\"og:title\" content=\"Vernissage : Exposition des \u0153uvres r\u00e9alis\u00e9es pendant la R\u00e9sidence de jeunes artistes &quot;Jeunesse et cr\u00e9ativit\u00e9&quot; \u00c0 Dar Abdelatif - AAH.JZR\" \/>\n<meta property=\"og:description\" content=\"jeudi 13 juillet 2023 \u00e0 17h00 en pr\u00e9sence des artistes participants . Sous l&#8217;\u00e9gide de Mme la Ministre de la Culture et&hellip;\" \/>\n<meta property=\"og:url\" content=\"https:\/\/jazairhope.org\/fr\/vernissage-de-lexposition-des-oeuvres-realisees-pendant-la-residence-de-jeunes-artistes-jeunesse-et-creativite\/\" \/>\n<meta property=\"og:site_name\" content=\"AAH.JZR\" \/>\n<meta property=\"article:publisher\" content=\"https:\/\/www.facebook.com\/jazairhope\" \/>\n<meta property=\"article:published_time\" content=\"2023-07-10T13:44:19+00:00\" \/>\n<meta property=\"og:image\" content=\"https:\/\/jazairhope.org\/wp-content\/uploads\/2023\/07\/JH-26.jpg\" \/>\n\t<meta property=\"og:image:width\" content=\"2000\" \/>\n\t<meta property=\"og:image:height\" content=\"1390\" \/>\n\t<meta property=\"og:image:type\" content=\"image\/jpeg\" \/>\n<meta name=\"author\" content=\"Hope Jzr\" \/>\n<meta name=\"twitter:card\" content=\"summary_large_image\" \/>\n<meta name=\"twitter:label1\" content=\"\u00c9crit par\" \/>\n\t<meta name=\"twitter:data1\" content=\"Hope Jzr\" \/>\n\t<meta name=\"twitter:label2\" content=\"Dur\u00e9e de lecture estim\u00e9e\" \/>\n\t<meta name=\"twitter:data2\" content=\"3 minutes\" \/>\n<script type=\"application\/ld+json\" class=\"yoast-schema-graph\">{\"@context\":\"https:\\\/\\\/schema.org\",\"@graph\":[{\"@type\":\"Article\",\"@id\":\"https:\\\/\\\/jazairhope.org\\\/fr\\\/vernissage-de-lexposition-des-oeuvres-realisees-pendant-la-residence-de-jeunes-artistes-jeunesse-et-creativite\\\/#article\",\"isPartOf\":{\"@id\":\"https:\\\/\\\/jazairhope.org\\\/fr\\\/vernissage-de-lexposition-des-oeuvres-realisees-pendant-la-residence-de-jeunes-artistes-jeunesse-et-creativite\\\/\"},\"author\":{\"name\":\"Hope Jzr\",\"@id\":\"https:\\\/\\\/jazairhope.org\\\/fr\\\/#\\\/schema\\\/person\\\/0b50f60fad840cf92313307e38c9d20d\"},\"headline\":\"Vernissage : Exposition des \u0153uvres r\u00e9alis\u00e9es pendant la R\u00e9sidence de jeunes artistes &#8220;Jeunesse et cr\u00e9ativit\u00e9&#8221; \u00c0 Dar Abdelatif\",\"datePublished\":\"2023-07-10T13:44:19+00:00\",\"mainEntityOfPage\":{\"@id\":\"https:\\\/\\\/jazairhope.org\\\/fr\\\/vernissage-de-lexposition-des-oeuvres-realisees-pendant-la-residence-de-jeunes-artistes-jeunesse-et-creativite\\\/\"},\"wordCount\":283,\"commentCount\":0,\"image\":{\"@id\":\"https:\\\/\\\/jazairhope.org\\\/fr\\\/vernissage-de-lexposition-des-oeuvres-realisees-pendant-la-residence-de-jeunes-artistes-jeunesse-et-creativite\\\/#primaryimage\"},\"thumbnailUrl\":\"https:\\\/\\\/jazairhope.org\\\/wp-content\\\/uploads\\\/2023\\\/07\\\/JH-26.jpg\",\"articleSection\":[\"Art &amp; Culture\",\"Art &amp; Culture\",\"\u0641\u0646 &amp; \u062b\u0642\u0627\u0641\u0629\"],\"inLanguage\":\"fr-FR\",\"potentialAction\":[{\"@type\":\"CommentAction\",\"name\":\"Comment\",\"target\":[\"https:\\\/\\\/jazairhope.org\\\/fr\\\/vernissage-de-lexposition-des-oeuvres-realisees-pendant-la-residence-de-jeunes-artistes-jeunesse-et-creativite\\\/#respond\"]}]},{\"@type\":\"WebPage\",\"@id\":\"https:\\\/\\\/jazairhope.org\\\/fr\\\/vernissage-de-lexposition-des-oeuvres-realisees-pendant-la-residence-de-jeunes-artistes-jeunesse-et-creativite\\\/\",\"url\":\"https:\\\/\\\/jazairhope.org\\\/fr\\\/vernissage-de-lexposition-des-oeuvres-realisees-pendant-la-residence-de-jeunes-artistes-jeunesse-et-creativite\\\/\",\"name\":\"Vernissage : Exposition des \u0153uvres r\u00e9alis\u00e9es pendant la R\u00e9sidence de jeunes artistes \\\"Jeunesse et cr\u00e9ativit\u00e9\\\" \u00c0 Dar Abdelatif - AAH.JZR\",\"isPartOf\":{\"@id\":\"https:\\\/\\\/jazairhope.org\\\/fr\\\/#website\"},\"primaryImageOfPage\":{\"@id\":\"https:\\\/\\\/jazairhope.org\\\/fr\\\/vernissage-de-lexposition-des-oeuvres-realisees-pendant-la-residence-de-jeunes-artistes-jeunesse-et-creativite\\\/#primaryimage\"},\"image\":{\"@id\":\"https:\\\/\\\/jazairhope.org\\\/fr\\\/vernissage-de-lexposition-des-oeuvres-realisees-pendant-la-residence-de-jeunes-artistes-jeunesse-et-creativite\\\/#primaryimage\"},\"thumbnailUrl\":\"https:\\\/\\\/jazairhope.org\\\/wp-content\\\/uploads\\\/2023\\\/07\\\/JH-26.jpg\",\"datePublished\":\"2023-07-10T13:44:19+00:00\",\"author\":{\"@id\":\"https:\\\/\\\/jazairhope.org\\\/fr\\\/#\\\/schema\\\/person\\\/0b50f60fad840cf92313307e38c9d20d\"},\"breadcrumb\":{\"@id\":\"https:\\\/\\\/jazairhope.org\\\/fr\\\/vernissage-de-lexposition-des-oeuvres-realisees-pendant-la-residence-de-jeunes-artistes-jeunesse-et-creativite\\\/#breadcrumb\"},\"inLanguage\":\"fr-FR\",\"potentialAction\":[{\"@type\":\"ReadAction\",\"target\":[\"https:\\\/\\\/jazairhope.org\\\/fr\\\/vernissage-de-lexposition-des-oeuvres-realisees-pendant-la-residence-de-jeunes-artistes-jeunesse-et-creativite\\\/\"]}]},{\"@type\":\"ImageObject\",\"inLanguage\":\"fr-FR\",\"@id\":\"https:\\\/\\\/jazairhope.org\\\/fr\\\/vernissage-de-lexposition-des-oeuvres-realisees-pendant-la-residence-de-jeunes-artistes-jeunesse-et-creativite\\\/#primaryimage\",\"url\":\"https:\\\/\\\/jazairhope.org\\\/wp-content\\\/uploads\\\/2023\\\/07\\\/JH-26.jpg\",\"contentUrl\":\"https:\\\/\\\/jazairhope.org\\\/wp-content\\\/uploads\\\/2023\\\/07\\\/JH-26.jpg\",\"width\":1920,\"height\":1334},{\"@type\":\"BreadcrumbList\",\"@id\":\"https:\\\/\\\/jazairhope.org\\\/fr\\\/vernissage-de-lexposition-des-oeuvres-realisees-pendant-la-residence-de-jeunes-artistes-jeunesse-et-creativite\\\/#breadcrumb\",\"itemListElement\":[{\"@type\":\"ListItem\",\"position\":1,\"name\":\"Accueil\",\"item\":\"https:\\\/\\\/jazairhope.org\\\/fr\\\/\"},{\"@type\":\"ListItem\",\"position\":2,\"name\":\"Vernissage : Exposition des \u0153uvres r\u00e9alis\u00e9es pendant la R\u00e9sidence de jeunes artistes \u00ab\u00a0Jeunesse et cr\u00e9ativit\u00e9\u00a0\u00bb \u00c0 Dar Abdelatif\"}]},{\"@type\":\"WebSite\",\"@id\":\"https:\\\/\\\/jazairhope.org\\\/fr\\\/#website\",\"url\":\"https:\\\/\\\/jazairhope.org\\\/fr\\\/\",\"name\":\"AAH.JZR\",\"description\":\"Environment, Health, Science, Art, Economics\",\"potentialAction\":[{\"@type\":\"SearchAction\",\"target\":{\"@type\":\"EntryPoint\",\"urlTemplate\":\"https:\\\/\\\/jazairhope.org\\\/fr\\\/?s={search_term_string}\"},\"query-input\":{\"@type\":\"PropertyValueSpecification\",\"valueRequired\":true,\"valueName\":\"search_term_string\"}}],\"inLanguage\":\"fr-FR\"},{\"@type\":\"Person\",\"@id\":\"https:\\\/\\\/jazairhope.org\\\/fr\\\/#\\\/schema\\\/person\\\/0b50f60fad840cf92313307e38c9d20d\",\"name\":\"Hope Jzr\",\"image\":{\"@type\":\"ImageObject\",\"inLanguage\":\"fr-FR\",\"@id\":\"https:\\\/\\\/secure.gravatar.com\\\/avatar\\\/0a42f66f14ba94b77f351f3bb2f3b9389c4063acb1697ffb32f5d3944782d3e7?s=96&d=mm&r=g\",\"url\":\"https:\\\/\\\/secure.gravatar.com\\\/avatar\\\/0a42f66f14ba94b77f351f3bb2f3b9389c4063acb1697ffb32f5d3944782d3e7?s=96&d=mm&r=g\",\"contentUrl\":\"https:\\\/\\\/secure.gravatar.com\\\/avatar\\\/0a42f66f14ba94b77f351f3bb2f3b9389c4063acb1697ffb32f5d3944782d3e7?s=96&d=mm&r=g\",\"caption\":\"Hope Jzr\"},\"description\":\"\u00c0 propos de Hope&amp;ChaDia Hope&amp;ChaDia n\u2019est pas un pseudonyme, mais une m\u00e9thode de travail. Hope : l\u2019id\u00e9e, l\u2019esprit, la structure, la vision. C\u2019est l\u2019impulsion humaine qui choisit l\u2019angle, trace la ligne \u00e9ditoriale et donne le sens. ChaDia : l\u2019assistante, qui met en forme, d\u00e9veloppe, affine le style et v\u00e9rifie les faits. Une aide technologique qui amplifie mais ne cr\u00e9e pas. Ensemble, Hope&amp;ChaDia produisent des textes hybrides : profond\u00e9ment humains dans leur inspiration, rigoureux et pr\u00e9cis dans leur r\u00e9alisation. . . SUPPORTEZ JAZAIRHOPE ET FAITES CONNA\u00ceTRE LE PATRIMOINE ET L\u2019HISTOIRE DE L\u2019ALG\u00c9RIE, EN ACHETANT LE LIVRE DE JAZAIRHOPE POUR VOUS OU POUR L\u2019OFFRIR A VOS PROCHES, ICI : https:\\\/\\\/jazairhope.org\\\/fr\\\/ebook\\\/ CEUX EN ALG\u00c9RIE ET CEUX QUI PEUVENT PAS L\u2019ACHETER ON OFFRE UNE COPIE DIGITALE GRATUITE, POUR CELA ENVOYEZ UN EMAIL \u00c0 : INFO@JAZAIRHOPE.ORG\",\"url\":\"https:\\\/\\\/jazairhope.org\\\/fr\\\/author\\\/hope-jazair\\\/\"}]}<\/script>\n<!-- \/ Yoast SEO plugin. -->","yoast_head_json":{"title":"Vernissage : Exposition des \u0153uvres r\u00e9alis\u00e9es pendant la R\u00e9sidence de jeunes artistes \"Jeunesse et cr\u00e9ativit\u00e9\" \u00c0 Dar Abdelatif - AAH.JZR","robots":{"index":"index","follow":"follow","max-snippet":"max-snippet:-1","max-image-preview":"max-image-preview:large","max-video-preview":"max-video-preview:-1"},"canonical":"https:\/\/jazairhope.org\/fr\/vernissage-de-lexposition-des-oeuvres-realisees-pendant-la-residence-de-jeunes-artistes-jeunesse-et-creativite\/","og_locale":"fr_FR","og_type":"article","og_title":"Vernissage : Exposition des \u0153uvres r\u00e9alis\u00e9es pendant la R\u00e9sidence de jeunes artistes \"Jeunesse et cr\u00e9ativit\u00e9\" \u00c0 Dar Abdelatif - AAH.JZR","og_description":"jeudi 13 juillet 2023 \u00e0 17h00 en pr\u00e9sence des artistes participants . Sous l&#8217;\u00e9gide de Mme la Ministre de la Culture et&hellip;","og_url":"https:\/\/jazairhope.org\/fr\/vernissage-de-lexposition-des-oeuvres-realisees-pendant-la-residence-de-jeunes-artistes-jeunesse-et-creativite\/","og_site_name":"AAH.JZR","article_publisher":"https:\/\/www.facebook.com\/jazairhope","article_published_time":"2023-07-10T13:44:19+00:00","og_image":[{"width":2000,"height":1390,"url":"https:\/\/jazairhope.org\/wp-content\/uploads\/2023\/07\/JH-26.jpg","type":"image\/jpeg"}],"author":"Hope Jzr","twitter_card":"summary_large_image","twitter_misc":{"\u00c9crit par":"Hope Jzr","Dur\u00e9e de lecture estim\u00e9e":"3 minutes"},"schema":{"@context":"https:\/\/schema.org","@graph":[{"@type":"Article","@id":"https:\/\/jazairhope.org\/fr\/vernissage-de-lexposition-des-oeuvres-realisees-pendant-la-residence-de-jeunes-artistes-jeunesse-et-creativite\/#article","isPartOf":{"@id":"https:\/\/jazairhope.org\/fr\/vernissage-de-lexposition-des-oeuvres-realisees-pendant-la-residence-de-jeunes-artistes-jeunesse-et-creativite\/"},"author":{"name":"Hope Jzr","@id":"https:\/\/jazairhope.org\/fr\/#\/schema\/person\/0b50f60fad840cf92313307e38c9d20d"},"headline":"Vernissage : Exposition des \u0153uvres r\u00e9alis\u00e9es pendant la R\u00e9sidence de jeunes artistes &#8220;Jeunesse et cr\u00e9ativit\u00e9&#8221; \u00c0 Dar Abdelatif","datePublished":"2023-07-10T13:44:19+00:00","mainEntityOfPage":{"@id":"https:\/\/jazairhope.org\/fr\/vernissage-de-lexposition-des-oeuvres-realisees-pendant-la-residence-de-jeunes-artistes-jeunesse-et-creativite\/"},"wordCount":283,"commentCount":0,"image":{"@id":"https:\/\/jazairhope.org\/fr\/vernissage-de-lexposition-des-oeuvres-realisees-pendant-la-residence-de-jeunes-artistes-jeunesse-et-creativite\/#primaryimage"},"thumbnailUrl":"https:\/\/jazairhope.org\/wp-content\/uploads\/2023\/07\/JH-26.jpg","articleSection":["Art &amp; Culture","Art &amp; Culture","\u0641\u0646 &amp; \u062b\u0642\u0627\u0641\u0629"],"inLanguage":"fr-FR","potentialAction":[{"@type":"CommentAction","name":"Comment","target":["https:\/\/jazairhope.org\/fr\/vernissage-de-lexposition-des-oeuvres-realisees-pendant-la-residence-de-jeunes-artistes-jeunesse-et-creativite\/#respond"]}]},{"@type":"WebPage","@id":"https:\/\/jazairhope.org\/fr\/vernissage-de-lexposition-des-oeuvres-realisees-pendant-la-residence-de-jeunes-artistes-jeunesse-et-creativite\/","url":"https:\/\/jazairhope.org\/fr\/vernissage-de-lexposition-des-oeuvres-realisees-pendant-la-residence-de-jeunes-artistes-jeunesse-et-creativite\/","name":"Vernissage : Exposition des \u0153uvres r\u00e9alis\u00e9es pendant la R\u00e9sidence de jeunes artistes \"Jeunesse et cr\u00e9ativit\u00e9\" \u00c0 Dar Abdelatif - AAH.JZR","isPartOf":{"@id":"https:\/\/jazairhope.org\/fr\/#website"},"primaryImageOfPage":{"@id":"https:\/\/jazairhope.org\/fr\/vernissage-de-lexposition-des-oeuvres-realisees-pendant-la-residence-de-jeunes-artistes-jeunesse-et-creativite\/#primaryimage"},"image":{"@id":"https:\/\/jazairhope.org\/fr\/vernissage-de-lexposition-des-oeuvres-realisees-pendant-la-residence-de-jeunes-artistes-jeunesse-et-creativite\/#primaryimage"},"thumbnailUrl":"https:\/\/jazairhope.org\/wp-content\/uploads\/2023\/07\/JH-26.jpg","datePublished":"2023-07-10T13:44:19+00:00","author":{"@id":"https:\/\/jazairhope.org\/fr\/#\/schema\/person\/0b50f60fad840cf92313307e38c9d20d"},"breadcrumb":{"@id":"https:\/\/jazairhope.org\/fr\/vernissage-de-lexposition-des-oeuvres-realisees-pendant-la-residence-de-jeunes-artistes-jeunesse-et-creativite\/#breadcrumb"},"inLanguage":"fr-FR","potentialAction":[{"@type":"ReadAction","target":["https:\/\/jazairhope.org\/fr\/vernissage-de-lexposition-des-oeuvres-realisees-pendant-la-residence-de-jeunes-artistes-jeunesse-et-creativite\/"]}]},{"@type":"ImageObject","inLanguage":"fr-FR","@id":"https:\/\/jazairhope.org\/fr\/vernissage-de-lexposition-des-oeuvres-realisees-pendant-la-residence-de-jeunes-artistes-jeunesse-et-creativite\/#primaryimage","url":"https:\/\/jazairhope.org\/wp-content\/uploads\/2023\/07\/JH-26.jpg","contentUrl":"https:\/\/jazairhope.org\/wp-content\/uploads\/2023\/07\/JH-26.jpg","width":1920,"height":1334},{"@type":"BreadcrumbList","@id":"https:\/\/jazairhope.org\/fr\/vernissage-de-lexposition-des-oeuvres-realisees-pendant-la-residence-de-jeunes-artistes-jeunesse-et-creativite\/#breadcrumb","itemListElement":[{"@type":"ListItem","position":1,"name":"Accueil","item":"https:\/\/jazairhope.org\/fr\/"},{"@type":"ListItem","position":2,"name":"Vernissage : Exposition des \u0153uvres r\u00e9alis\u00e9es pendant la R\u00e9sidence de jeunes artistes \u00ab\u00a0Jeunesse et cr\u00e9ativit\u00e9\u00a0\u00bb \u00c0 Dar Abdelatif"}]},{"@type":"WebSite","@id":"https:\/\/jazairhope.org\/fr\/#website","url":"https:\/\/jazairhope.org\/fr\/","name":"AAH.JZR","description":"Environment, Health, Science, Art, Economics","potentialAction":[{"@type":"SearchAction","target":{"@type":"EntryPoint","urlTemplate":"https:\/\/jazairhope.org\/fr\/?s={search_term_string}"},"query-input":{"@type":"PropertyValueSpecification","valueRequired":true,"valueName":"search_term_string"}}],"inLanguage":"fr-FR"},{"@type":"Person","@id":"https:\/\/jazairhope.org\/fr\/#\/schema\/person\/0b50f60fad840cf92313307e38c9d20d","name":"Hope Jzr","image":{"@type":"ImageObject","inLanguage":"fr-FR","@id":"https:\/\/secure.gravatar.com\/avatar\/0a42f66f14ba94b77f351f3bb2f3b9389c4063acb1697ffb32f5d3944782d3e7?s=96&d=mm&r=g","url":"https:\/\/secure.gravatar.com\/avatar\/0a42f66f14ba94b77f351f3bb2f3b9389c4063acb1697ffb32f5d3944782d3e7?s=96&d=mm&r=g","contentUrl":"https:\/\/secure.gravatar.com\/avatar\/0a42f66f14ba94b77f351f3bb2f3b9389c4063acb1697ffb32f5d3944782d3e7?s=96&d=mm&r=g","caption":"Hope Jzr"},"description":"\u00c0 propos de Hope&amp;ChaDia Hope&amp;ChaDia n\u2019est pas un pseudonyme, mais une m\u00e9thode de travail. Hope : l\u2019id\u00e9e, l\u2019esprit, la structure, la vision. C\u2019est l\u2019impulsion humaine qui choisit l\u2019angle, trace la ligne \u00e9ditoriale et donne le sens. ChaDia : l\u2019assistante, qui met en forme, d\u00e9veloppe, affine le style et v\u00e9rifie les faits. Une aide technologique qui amplifie mais ne cr\u00e9e pas. Ensemble, Hope&amp;ChaDia produisent des textes hybrides : profond\u00e9ment humains dans leur inspiration, rigoureux et pr\u00e9cis dans leur r\u00e9alisation. . . SUPPORTEZ JAZAIRHOPE ET FAITES CONNA\u00ceTRE LE PATRIMOINE ET L\u2019HISTOIRE DE L\u2019ALG\u00c9RIE, EN ACHETANT LE LIVRE DE JAZAIRHOPE POUR VOUS OU POUR L\u2019OFFRIR A VOS PROCHES, ICI : https:\/\/jazairhope.org\/fr\/ebook\/ CEUX EN ALG\u00c9RIE ET CEUX QUI PEUVENT PAS L\u2019ACHETER ON OFFRE UNE COPIE DIGITALE GRATUITE, POUR CELA ENVOYEZ UN EMAIL \u00c0 : INFO@JAZAIRHOPE.ORG","url":"https:\/\/jazairhope.org\/fr\/author\/hope-jazair\/"}]}},"views":115,"_links":{"self":[{"href":"https:\/\/jazairhope.org\/fr\/wp-json\/wp\/v2\/posts\/80340","targetHints":{"allow":["GET"]}}],"collection":[{"href":"https:\/\/jazairhope.org\/fr\/wp-json\/wp\/v2\/posts"}],"about":[{"href":"https:\/\/jazairhope.org\/fr\/wp-json\/wp\/v2\/types\/post"}],"author":[{"embeddable":true,"href":"https:\/\/jazairhope.org\/fr\/wp-json\/wp\/v2\/users\/50"}],"replies":[{"embeddable":true,"href":"https:\/\/jazairhope.org\/fr\/wp-json\/wp\/v2\/comments?post=80340"}],"version-history":[{"count":0,"href":"https:\/\/jazairhope.org\/fr\/wp-json\/wp\/v2\/posts\/80340\/revisions"}],"wp:featuredmedia":[{"embeddable":true,"href":"https:\/\/jazairhope.org\/fr\/wp-json\/wp\/v2\/media\/80341"}],"wp:attachment":[{"href":"https:\/\/jazairhope.org\/fr\/wp-json\/wp\/v2\/media?parent=80340"}],"wp:term":[{"taxonomy":"category","embeddable":true,"href":"https:\/\/jazairhope.org\/fr\/wp-json\/wp\/v2\/categories?post=80340"},{"taxonomy":"post_tag","embeddable":true,"href":"https:\/\/jazairhope.org\/fr\/wp-json\/wp\/v2\/tags?post=80340"}],"curies":[{"name":"wp","href":"https:\/\/api.w.org\/{rel}","templated":true}]}}