{"id":80442,"date":"2023-05-23T10:38:58","date_gmt":"2023-05-23T09:38:58","guid":{"rendered":"https:\/\/jazairhope.org\/?p=76886"},"modified":"2023-06-27T18:59:43","modified_gmt":"2023-06-27T17:59:43","slug":"visite-du-president-de-la-republique-au-portugal-approfondir-la-cooperation-economique-entre-lalgerie-et-le-portugal","status":"publish","type":"post","link":"https:\/\/jazairhope.org\/fr\/visite-du-president-de-la-republique-au-portugal-approfondir-la-cooperation-economique-entre-lalgerie-et-le-portugal\/","title":{"rendered":"Visite du pr\u00e9sident de la r\u00e9publique au Portugal : Approfondir la coop\u00e9ration \u00e9conomique entre l&#8217;Alg\u00e9rie et le Portugal"},"content":{"rendered":"<p class=\"v1MsoNormal\" style=\"text-align: left;\" align=\"center\"><b><img decoding=\"async\" class=\"wp-image-75671 alignleft\" src=\"https:\/\/jazairhope.org\/wp-content\/uploads\/2023\/05\/jh-13-233x300.jpg\" alt=\"\" width=\"83\" height=\"107\" srcset=\"https:\/\/jazairhope.org\/wp-content\/uploads\/2023\/05\/jh-13-233x300.jpg 233w, https:\/\/jazairhope.org\/wp-content\/uploads\/2023\/05\/jh-13-796x1024.jpg 796w, https:\/\/jazairhope.org\/wp-content\/uploads\/2023\/05\/jh-13-768x988.jpg 768w, https:\/\/jazairhope.org\/wp-content\/uploads\/2023\/05\/jh-13-1194x1536.jpg 1194w, https:\/\/jazairhope.org\/wp-content\/uploads\/2023\/05\/jh-13-1593x2048.jpg 1593w, https:\/\/jazairhope.org\/wp-content\/uploads\/2023\/05\/jh-13-scaled.jpg 1493w\" sizes=\"(max-width: 83px) 100vw, 83px\" \/><\/b><\/p>\n<p>Professeur des universit\u00e9s, expert international Dr Abderrahmane MEBTOUL<\/p>\n<p class=\"v1MsoNormal\" style=\"text-align: left;\" align=\"center\"><strong>Le pr\u00e9sident de la R\u00e9publique, Abdelmadjid Tebboune entame , le lundi 22 mai 2023 une visite d&#8217;Etat de deux jours au Portugal. Cette visite a pour but de renforcer les relations \u00e9conomiques et politiques entre les deux pays, selon un communiqu\u00e9 rendu public par la Pr\u00e9sidence de la R\u00e9publique.\u00a0<\/strong><b>Cette visite qui survient environ une semaine apr\u00e8s la tenue \u00e0 Alger de la 6e session du Groupe de travail conjoint sur la coop\u00e9ration \u00e9conomique alg\u00e9ro-portugaise, lors \u00a0de son s\u00e9jour au Portugal, le pr\u00e9sident de\u00a0\u00a0 la r\u00e9publique \u00a0\u00a0rencontrera le pr\u00e9sident portugais, le pr\u00e9sident du Parlement\u00a0 ainsi que le Premier ministre et assistera au Forum \u00e9conomique Portugal-Alg\u00e9rie (voir\u00a0 notre\u00a0\u00a0 interview\u00a0\u00a0 \u00e0\u00a0\u00a0 ce\u00a0 sujet\u00a0 \u00e0\u00a0 Radio\u00a0 Alg\u00e9rie \u00a0\u00a0Internationale\u00a0 (22\/05\/2023)<\/b><\/p>\n<p class=\"v1MsoNormal\" style=\"text-align: left;\" align=\"center\"><b>\u00a0<\/b><b>1.-En 2022,\u00a0 le Portugal\u00a0 comptait \u00a010,27 \u00a0millions d&#8217;habitants \u00a0pour un PIB fin 2022 de \u00a0\u00a0214,48 milliards d&#8217;Euro<\/b><b>\u00a0se situant \u00a0\u00a0avec\u00a0\u00a0 des\u00a0 r\u00e9serves\u00a0 de change y compris\u00a0 l&#8217;or,(383 tonnes) \u00a0\u00a0fin\u00a0\u00a0 2022,\u00a0 selon\u00a0 la\u00a0 Banque mondiale d&#8217;environ 32\u00a0 milliards\u00a0 de\u00a0 dollars.\u00a0<\/b>Selon les donn\u00e9es officielles, (source\u00a0&#8211; Statistics Portugal)\u00a0\u00a0 \u00a0les exportations en 2021<b>\u00a0\u00a0<\/b>des biens ont\u00a0 \u00e9t\u00e9\u00a0 de \u00a075,1 milliards de USD constitu\u00e9es \u00a0traditionnellement des produits agricoles, de produits min\u00e9raux, de p\u00e2te de cellulose et de papier, d&#8217;habillement et de chaussures des textiles , et r\u00e9cemment depuis 2020\u00a0 \u00a0des machines et des appareils m\u00e9caniques (14,3 %) et des v\u00e9hicules et autres \u00e9quipements de transport (13,2 %). Les importations ont\u00a0\u00a0 \u00e9t\u00e9\u00a0 de \u00a0\u00a097,7 milliards de USD, constitu\u00e9es principalement\u00a0 des machines (18,6%),\u00a0 des produits chimiques (12,3%), de combustibles min\u00e9raux (11,4%) , des v\u00e9hicules et des pi\u00e8ces d\u00e9tach\u00e9es (10,4%).\u00a0 Concernant la balance des services, nous avons 32 milliards de dollars d&#8217;exportations contre 20,8 milliards de dollars d&#8217;importations .et de janvier \u00e0 octobre 2022, par rapport \u00e0 la m\u00eame p\u00e9riode \u00a0les exportations ont augment\u00e9 de 24,4 % (72,5 milliards d&#8217;euros) et les importations de 33,4%\u00a0\u00a0Pour les principaux partenaires selon\u00a0\u00a0 les \u00a0donn\u00e9es de Statistics Portugal (INE)en 2021, \u00a0l&#8217;Union europ\u00e9enne a repr\u00e9sent\u00e9 71,5 % des exportations et 73,6 % des importations.\u00a0Les principaux partenaires sont \u00a0l&#8217;Espagne (26,7 % du total des exportations), la France (13,1 %), l&#8217;Allemagne (11 %) et les \u00c9tats-Unis (5,6 %) et les \u00a0principaux fournisseurs sont l&#8217;Espagne (32,8%), l&#8217;Allemagne (12,4%), la France (6,7%) et les Pays-Bas (5,3%), mais avec la perc\u00e9e\u00a0 de\u00a0 la Chine, les importations ayant augment\u00e9 de 28,6% (4,7% des importations totales).<\/p>\n<p class=\"v1MsoNormal\" style=\"text-align: left;\" align=\"center\"><b>2.-Qu&#8217;en est-il de\u00a0 la coop\u00e9ration \u00e9conomique\u00a0 Alg\u00e9rie\/Portugal\u00a0?<\/b>\u00a0\u00a0Rappelons\u00a0 au pr\u00e9alable ,que l&#8217;Alg\u00e9rie a\u00a0 \u00e9t\u00e9 un des pays qui a accueilli des r\u00e9fugi\u00e9s politiques portugais pendant la p\u00e9riode salazariste , le\u00a0\u00a0\u00a0Portugal s&#8217;\u00e9tant \u00a0toujours montr\u00e9 reconnaissant envers l&#8217;Alg\u00e9rie pour son r\u00f4le dans la R\u00e9volution des \u0153illets en 1974, en soutenant l&#8217;opposition d\u00e9mocratique..<b>\u00a0<\/b>Sur le plan \u00e9conomique , l&#8217;Alg\u00e9rie \u00a0est<b>\u00a0\u00a0<\/b>\u00a0consid\u00e9r\u00e9e comme le plus important fournisseur d&#8217;\u00e9nergie au Portugal, qui couvre environ 40% des besoins de ce pays en \u00e9nergie.\u00a0Mais entre\u00a0 \u00a0l&#8217;Alg\u00e9rie et le Portugal, les \u00e9changes commerciaux sont encore \u00e0 un stade peu d\u00e9velopp\u00e9s\u00a0.l&#8217;Alg\u00e9rie occupant \u00a0la trenti\u00e8me place dans la liste des clients du Portugal, repr\u00e9sentant \u00e0 peine 0,5% des \u00e9changes globaux entre le Portugal et l&#8217;\u00e9tranger. Selon le directeur g\u00e9n\u00e9ral de l&#8217;Agence alg\u00e9rienne de promotion de l&#8217;investissement (AAPI), jusqu&#8217;\u00e0 2022, il y a eu seulement huit projets d&#8217;investissements portugais, malgr\u00e9\u00a0 que \u00a080 entreprises portugaises actives en Alg\u00e9rie,\u00a0\u00a0relevant \u00a0la n\u00e9cessit\u00e9 de consolider la dynamique commerciale avec le Portugal en augmentant les \u00e9changes commerciaux qui restent en de\u00e7\u00e0 du potentiel existant entre les deux pays. L&#8217;Alg\u00e9rie est le plus important fournisseur en \u00e9nergie du Portugal, avec un volume annuel couvrant 40% de ses besoins. Plus pr\u00e9cis,\u00a0<b>\u00a0<\/b>selon le quotidien\u00a0 espagnol El Independiente ,en 2022, les importations du Portugal en provenance d&#8217;Alg\u00e9rie ont\u00a0\u00a0 \u00e9t\u00e9\u00a0 de 1120 millions de dollars (environ 1060 millions d&#8217;euros) plus de 878 millions d&#8217;euros correspondent aux \u00e9nergies\u00a0\u00a0 et , les exportations portugaises vers l&#8217;Alg\u00e9rie ont atteint \u00a0\u00e0 peine 300 millions d&#8217;euros, principalement pour les produits de l&#8217;industrie papeti\u00e8re et la vente de machines.\u00a0\u00a0<b>En \u00a0dehors des hydrocarbures,\u00a0 le volumes\u00a0 des\u00a0 \u00e9changes\u00a0 entre\u00a0 450\/ 500\u00a0 millions de\u00a0dollars,\u00a0 le m\u00eame montant \u00e9quivalant \u00e0 la hausse d&#8217; un (1) dollar du cours du p\u00e9trole , moyenne annuelle, qui\u00a0 procure pour l&#8217;Alg\u00e9rie \u00a0une recette entre\u00a0\u00a0 500\/700 millions de dollars, donc un montant d\u00e9risoire<\/b>. \u00a0.<b>\u00a0L<\/b>ors de sa visite \u00e0 Alger en mars 2022, le ministre d&#8217;Etat et des Affaires \u00e9trang\u00e8res du Portugal, Augusto Santos Silva\u00a0\u00a0\u00a0a qualifi\u00e9 l&#8217;Alg\u00e9rie de \u00abpartenaire cl\u00e9 et cr\u00e9dible dans un monde de plus en plus incertain au niveau \u00e9conomique et g\u00e9opolitique, affirmant\u00a0 que son pays compte \u00a0augmenter et diversifier ses investissements en Alg\u00e9rie en touchant divers secteurs d&#8217;activit\u00e9s, comme les nouvelles technologies, les travaux publics, les finances, l&#8217;industrie, la production pharmaceutique, l&#8217;hydraulique, l&#8217;agriculture, l&#8217;\u00e9nergie et les transports., ces principes ayant \u00e9t\u00e9 r\u00e9affirm\u00e9s\u00a0\u00a0 lors\u00a0de la 6e session du groupe de travail mixte de coop\u00e9ration \u00e9conomique\u00a0 le 15 mai 2023<\/p>\n<p class=\"v1MsoNormal\" style=\"text-align: left;\" align=\"center\"><b>En conclusion,\u00a0<\/b>\u00a0\u00a0dans les relations\u00a0 internationales\u00a0 n&#8217;existant pas de sentiments\u00a0 \u00a0mais que\u00a0 \u00a0des\u00a0 \u00a0int\u00e9r\u00eats,\u00a0\u00a0esp\u00e9rons que\u00a0cette visite permettra\u00a0\u00a0 dans\u00a0 le\u00a0 \u00a0cadre\u00a0 \u00a0du\u00a0 \u00a0respect\u00a0 \u00a0mutuel, de renforcer la coop\u00e9ration\u00a0 politique\u00a0, s\u00e9curitaire et \u00e9conomique entre\u00a0 l&#8217;Alg\u00e9rie\u00a0 et\u00a0 le\u00a0 \u00a0Portugal.<\/p>\n<p>ademmebtoul@gmail.com<\/p>\n<p class=\"v1MsoNormal\" style=\"text-align: left;\" align=\"center\"><b>\u00a0<\/b><\/p>\n","protected":false},"excerpt":{"rendered":"<p>Professeur des universit\u00e9s, expert international Dr Abderrahmane MEBTOUL Le pr\u00e9sident de la R\u00e9publique, Abdelmadjid Tebboune entame , le lundi 22 mai 2023&hellip;<\/p>\n","protected":false},"author":50,"featured_media":75674,"comment_status":"open","ping_status":"open","sticky":false,"template":"","format":"standard","meta":{"_lmt_disableupdate":"","_lmt_disable":"","footnotes":""},"categories":[35],"tags":[],"class_list":["post-80442","post","type-post","status-publish","format-standard","has-post-thumbnail","hentry","category-economie"],"yoast_head":"<!-- This site is optimized with the Yoast SEO plugin v27.3 - https:\/\/yoast.com\/product\/yoast-seo-wordpress\/ -->\n<title>Visite du pr\u00e9sident de la r\u00e9publique au Portugal : Approfondir la coop\u00e9ration \u00e9conomique entre l&#039;Alg\u00e9rie et le Portugal - AAH.JZR<\/title>\n<meta name=\"robots\" content=\"index, follow, max-snippet:-1, max-image-preview:large, max-video-preview:-1\" \/>\n<link rel=\"canonical\" href=\"https:\/\/jazairhope.org\/fr\/visite-du-president-de-la-republique-au-portugal-approfondir-la-cooperation-economique-entre-lalgerie-et-le-portugal\/\" \/>\n<meta property=\"og:locale\" content=\"fr_FR\" \/>\n<meta property=\"og:type\" content=\"article\" \/>\n<meta property=\"og:title\" content=\"Visite du pr\u00e9sident de la r\u00e9publique au Portugal : Approfondir la coop\u00e9ration \u00e9conomique entre l&#039;Alg\u00e9rie et le Portugal - AAH.JZR\" \/>\n<meta property=\"og:description\" content=\"Professeur des universit\u00e9s, expert international Dr Abderrahmane MEBTOUL Le pr\u00e9sident de la R\u00e9publique, Abdelmadjid Tebboune entame , le lundi 22 mai 2023&hellip;\" \/>\n<meta property=\"og:url\" content=\"https:\/\/jazairhope.org\/fr\/visite-du-president-de-la-republique-au-portugal-approfondir-la-cooperation-economique-entre-lalgerie-et-le-portugal\/\" \/>\n<meta property=\"og:site_name\" content=\"AAH.JZR\" \/>\n<meta property=\"article:publisher\" content=\"https:\/\/www.facebook.com\/jazairhope\" \/>\n<meta property=\"article:published_time\" content=\"2023-05-23T09:38:58+00:00\" \/>\n<meta property=\"article:modified_time\" content=\"2023-06-27T17:59:43+00:00\" \/>\n<meta property=\"og:image\" content=\"https:\/\/jazairhope.org\/wp-content\/uploads\/2023\/05\/jh-14.jpg\" \/>\n\t<meta property=\"og:image:width\" content=\"800\" \/>\n\t<meta property=\"og:image:height\" content=\"455\" \/>\n\t<meta property=\"og:image:type\" content=\"image\/jpeg\" \/>\n<meta name=\"author\" content=\"Hope Jzr\" \/>\n<meta name=\"twitter:card\" content=\"summary_large_image\" \/>\n<meta name=\"twitter:label1\" content=\"\u00c9crit par\" \/>\n\t<meta name=\"twitter:data1\" content=\"Hope Jzr\" \/>\n\t<meta name=\"twitter:label2\" content=\"Dur\u00e9e de lecture estim\u00e9e\" \/>\n\t<meta name=\"twitter:data2\" content=\"4 minutes\" \/>\n<script type=\"application\/ld+json\" class=\"yoast-schema-graph\">{\"@context\":\"https:\\\/\\\/schema.org\",\"@graph\":[{\"@type\":\"Article\",\"@id\":\"https:\\\/\\\/jazairhope.org\\\/fr\\\/visite-du-president-de-la-republique-au-portugal-approfondir-la-cooperation-economique-entre-lalgerie-et-le-portugal\\\/#article\",\"isPartOf\":{\"@id\":\"https:\\\/\\\/jazairhope.org\\\/fr\\\/visite-du-president-de-la-republique-au-portugal-approfondir-la-cooperation-economique-entre-lalgerie-et-le-portugal\\\/\"},\"author\":{\"name\":\"Hope Jzr\",\"@id\":\"https:\\\/\\\/jazairhope.org\\\/fr\\\/#\\\/schema\\\/person\\\/0b50f60fad840cf92313307e38c9d20d\"},\"headline\":\"Visite du pr\u00e9sident de la r\u00e9publique au Portugal : Approfondir la coop\u00e9ration \u00e9conomique entre l&#8217;Alg\u00e9rie et le Portugal\",\"datePublished\":\"2023-05-23T09:38:58+00:00\",\"dateModified\":\"2023-06-27T17:59:43+00:00\",\"mainEntityOfPage\":{\"@id\":\"https:\\\/\\\/jazairhope.org\\\/fr\\\/visite-du-president-de-la-republique-au-portugal-approfondir-la-cooperation-economique-entre-lalgerie-et-le-portugal\\\/\"},\"wordCount\":899,\"commentCount\":0,\"image\":{\"@id\":\"https:\\\/\\\/jazairhope.org\\\/fr\\\/visite-du-president-de-la-republique-au-portugal-approfondir-la-cooperation-economique-entre-lalgerie-et-le-portugal\\\/#primaryimage\"},\"thumbnailUrl\":\"https:\\\/\\\/jazairhope.org\\\/wp-content\\\/uploads\\\/2023\\\/05\\\/jh-14.jpg\",\"articleSection\":[\"\u00c9conomie\"],\"inLanguage\":\"fr-FR\",\"potentialAction\":[{\"@type\":\"CommentAction\",\"name\":\"Comment\",\"target\":[\"https:\\\/\\\/jazairhope.org\\\/fr\\\/visite-du-president-de-la-republique-au-portugal-approfondir-la-cooperation-economique-entre-lalgerie-et-le-portugal\\\/#respond\"]}]},{\"@type\":\"WebPage\",\"@id\":\"https:\\\/\\\/jazairhope.org\\\/fr\\\/visite-du-president-de-la-republique-au-portugal-approfondir-la-cooperation-economique-entre-lalgerie-et-le-portugal\\\/\",\"url\":\"https:\\\/\\\/jazairhope.org\\\/fr\\\/visite-du-president-de-la-republique-au-portugal-approfondir-la-cooperation-economique-entre-lalgerie-et-le-portugal\\\/\",\"name\":\"Visite du pr\u00e9sident de la r\u00e9publique au Portugal : Approfondir la coop\u00e9ration \u00e9conomique entre l'Alg\u00e9rie et le Portugal - AAH.JZR\",\"isPartOf\":{\"@id\":\"https:\\\/\\\/jazairhope.org\\\/fr\\\/#website\"},\"primaryImageOfPage\":{\"@id\":\"https:\\\/\\\/jazairhope.org\\\/fr\\\/visite-du-president-de-la-republique-au-portugal-approfondir-la-cooperation-economique-entre-lalgerie-et-le-portugal\\\/#primaryimage\"},\"image\":{\"@id\":\"https:\\\/\\\/jazairhope.org\\\/fr\\\/visite-du-president-de-la-republique-au-portugal-approfondir-la-cooperation-economique-entre-lalgerie-et-le-portugal\\\/#primaryimage\"},\"thumbnailUrl\":\"https:\\\/\\\/jazairhope.org\\\/wp-content\\\/uploads\\\/2023\\\/05\\\/jh-14.jpg\",\"datePublished\":\"2023-05-23T09:38:58+00:00\",\"dateModified\":\"2023-06-27T17:59:43+00:00\",\"author\":{\"@id\":\"https:\\\/\\\/jazairhope.org\\\/fr\\\/#\\\/schema\\\/person\\\/0b50f60fad840cf92313307e38c9d20d\"},\"breadcrumb\":{\"@id\":\"https:\\\/\\\/jazairhope.org\\\/fr\\\/visite-du-president-de-la-republique-au-portugal-approfondir-la-cooperation-economique-entre-lalgerie-et-le-portugal\\\/#breadcrumb\"},\"inLanguage\":\"fr-FR\",\"potentialAction\":[{\"@type\":\"ReadAction\",\"target\":[\"https:\\\/\\\/jazairhope.org\\\/fr\\\/visite-du-president-de-la-republique-au-portugal-approfondir-la-cooperation-economique-entre-lalgerie-et-le-portugal\\\/\"]}]},{\"@type\":\"ImageObject\",\"inLanguage\":\"fr-FR\",\"@id\":\"https:\\\/\\\/jazairhope.org\\\/fr\\\/visite-du-president-de-la-republique-au-portugal-approfondir-la-cooperation-economique-entre-lalgerie-et-le-portugal\\\/#primaryimage\",\"url\":\"https:\\\/\\\/jazairhope.org\\\/wp-content\\\/uploads\\\/2023\\\/05\\\/jh-14.jpg\",\"contentUrl\":\"https:\\\/\\\/jazairhope.org\\\/wp-content\\\/uploads\\\/2023\\\/05\\\/jh-14.jpg\",\"width\":800,\"height\":455},{\"@type\":\"BreadcrumbList\",\"@id\":\"https:\\\/\\\/jazairhope.org\\\/fr\\\/visite-du-president-de-la-republique-au-portugal-approfondir-la-cooperation-economique-entre-lalgerie-et-le-portugal\\\/#breadcrumb\",\"itemListElement\":[{\"@type\":\"ListItem\",\"position\":1,\"name\":\"Accueil\",\"item\":\"https:\\\/\\\/jazairhope.org\\\/fr\\\/\"},{\"@type\":\"ListItem\",\"position\":2,\"name\":\"Visite du pr\u00e9sident de la r\u00e9publique au Portugal : Approfondir la coop\u00e9ration \u00e9conomique entre l&rsquo;Alg\u00e9rie et le Portugal\"}]},{\"@type\":\"WebSite\",\"@id\":\"https:\\\/\\\/jazairhope.org\\\/fr\\\/#website\",\"url\":\"https:\\\/\\\/jazairhope.org\\\/fr\\\/\",\"name\":\"AAH.JZR\",\"description\":\"Environment, Health, Science, Art, Economics\",\"potentialAction\":[{\"@type\":\"SearchAction\",\"target\":{\"@type\":\"EntryPoint\",\"urlTemplate\":\"https:\\\/\\\/jazairhope.org\\\/fr\\\/?s={search_term_string}\"},\"query-input\":{\"@type\":\"PropertyValueSpecification\",\"valueRequired\":true,\"valueName\":\"search_term_string\"}}],\"inLanguage\":\"fr-FR\"},{\"@type\":\"Person\",\"@id\":\"https:\\\/\\\/jazairhope.org\\\/fr\\\/#\\\/schema\\\/person\\\/0b50f60fad840cf92313307e38c9d20d\",\"name\":\"Hope Jzr\",\"image\":{\"@type\":\"ImageObject\",\"inLanguage\":\"fr-FR\",\"@id\":\"https:\\\/\\\/secure.gravatar.com\\\/avatar\\\/0a42f66f14ba94b77f351f3bb2f3b9389c4063acb1697ffb32f5d3944782d3e7?s=96&d=mm&r=g\",\"url\":\"https:\\\/\\\/secure.gravatar.com\\\/avatar\\\/0a42f66f14ba94b77f351f3bb2f3b9389c4063acb1697ffb32f5d3944782d3e7?s=96&d=mm&r=g\",\"contentUrl\":\"https:\\\/\\\/secure.gravatar.com\\\/avatar\\\/0a42f66f14ba94b77f351f3bb2f3b9389c4063acb1697ffb32f5d3944782d3e7?s=96&d=mm&r=g\",\"caption\":\"Hope Jzr\"},\"description\":\"\u00c0 propos de Hope&amp;ChaDia Hope&amp;ChaDia n\u2019est pas un pseudonyme, mais une m\u00e9thode de travail. Hope : l\u2019id\u00e9e, l\u2019esprit, la structure, la vision. C\u2019est l\u2019impulsion humaine qui choisit l\u2019angle, trace la ligne \u00e9ditoriale et donne le sens. ChaDia : l\u2019assistante, qui met en forme, d\u00e9veloppe, affine le style et v\u00e9rifie les faits. Une aide technologique qui amplifie mais ne cr\u00e9e pas. Ensemble, Hope&amp;ChaDia produisent des textes hybrides : profond\u00e9ment humains dans leur inspiration, rigoureux et pr\u00e9cis dans leur r\u00e9alisation. . . SUPPORTEZ JAZAIRHOPE ET FAITES CONNA\u00ceTRE LE PATRIMOINE ET L\u2019HISTOIRE DE L\u2019ALG\u00c9RIE, EN ACHETANT LE LIVRE DE JAZAIRHOPE POUR VOUS OU POUR L\u2019OFFRIR A VOS PROCHES, ICI : https:\\\/\\\/jazairhope.org\\\/fr\\\/ebook\\\/ CEUX EN ALG\u00c9RIE ET CEUX QUI PEUVENT PAS L\u2019ACHETER ON OFFRE UNE COPIE DIGITALE GRATUITE, POUR CELA ENVOYEZ UN EMAIL \u00c0 : INFO@JAZAIRHOPE.ORG\",\"url\":\"https:\\\/\\\/jazairhope.org\\\/fr\\\/author\\\/hope-jazair\\\/\"}]}<\/script>\n<!-- \/ Yoast SEO plugin. -->","yoast_head_json":{"title":"Visite du pr\u00e9sident de la r\u00e9publique au Portugal : Approfondir la coop\u00e9ration \u00e9conomique entre l'Alg\u00e9rie et le Portugal - AAH.JZR","robots":{"index":"index","follow":"follow","max-snippet":"max-snippet:-1","max-image-preview":"max-image-preview:large","max-video-preview":"max-video-preview:-1"},"canonical":"https:\/\/jazairhope.org\/fr\/visite-du-president-de-la-republique-au-portugal-approfondir-la-cooperation-economique-entre-lalgerie-et-le-portugal\/","og_locale":"fr_FR","og_type":"article","og_title":"Visite du pr\u00e9sident de la r\u00e9publique au Portugal : Approfondir la coop\u00e9ration \u00e9conomique entre l'Alg\u00e9rie et le Portugal - AAH.JZR","og_description":"Professeur des universit\u00e9s, expert international Dr Abderrahmane MEBTOUL Le pr\u00e9sident de la R\u00e9publique, Abdelmadjid Tebboune entame , le lundi 22 mai 2023&hellip;","og_url":"https:\/\/jazairhope.org\/fr\/visite-du-president-de-la-republique-au-portugal-approfondir-la-cooperation-economique-entre-lalgerie-et-le-portugal\/","og_site_name":"AAH.JZR","article_publisher":"https:\/\/www.facebook.com\/jazairhope","article_published_time":"2023-05-23T09:38:58+00:00","article_modified_time":"2023-06-27T17:59:43+00:00","og_image":[{"width":800,"height":455,"url":"https:\/\/jazairhope.org\/wp-content\/uploads\/2023\/05\/jh-14.jpg","type":"image\/jpeg"}],"author":"Hope Jzr","twitter_card":"summary_large_image","twitter_misc":{"\u00c9crit par":"Hope Jzr","Dur\u00e9e de lecture estim\u00e9e":"4 minutes"},"schema":{"@context":"https:\/\/schema.org","@graph":[{"@type":"Article","@id":"https:\/\/jazairhope.org\/fr\/visite-du-president-de-la-republique-au-portugal-approfondir-la-cooperation-economique-entre-lalgerie-et-le-portugal\/#article","isPartOf":{"@id":"https:\/\/jazairhope.org\/fr\/visite-du-president-de-la-republique-au-portugal-approfondir-la-cooperation-economique-entre-lalgerie-et-le-portugal\/"},"author":{"name":"Hope Jzr","@id":"https:\/\/jazairhope.org\/fr\/#\/schema\/person\/0b50f60fad840cf92313307e38c9d20d"},"headline":"Visite du pr\u00e9sident de la r\u00e9publique au Portugal : Approfondir la coop\u00e9ration \u00e9conomique entre l&#8217;Alg\u00e9rie et le Portugal","datePublished":"2023-05-23T09:38:58+00:00","dateModified":"2023-06-27T17:59:43+00:00","mainEntityOfPage":{"@id":"https:\/\/jazairhope.org\/fr\/visite-du-president-de-la-republique-au-portugal-approfondir-la-cooperation-economique-entre-lalgerie-et-le-portugal\/"},"wordCount":899,"commentCount":0,"image":{"@id":"https:\/\/jazairhope.org\/fr\/visite-du-president-de-la-republique-au-portugal-approfondir-la-cooperation-economique-entre-lalgerie-et-le-portugal\/#primaryimage"},"thumbnailUrl":"https:\/\/jazairhope.org\/wp-content\/uploads\/2023\/05\/jh-14.jpg","articleSection":["\u00c9conomie"],"inLanguage":"fr-FR","potentialAction":[{"@type":"CommentAction","name":"Comment","target":["https:\/\/jazairhope.org\/fr\/visite-du-president-de-la-republique-au-portugal-approfondir-la-cooperation-economique-entre-lalgerie-et-le-portugal\/#respond"]}]},{"@type":"WebPage","@id":"https:\/\/jazairhope.org\/fr\/visite-du-president-de-la-republique-au-portugal-approfondir-la-cooperation-economique-entre-lalgerie-et-le-portugal\/","url":"https:\/\/jazairhope.org\/fr\/visite-du-president-de-la-republique-au-portugal-approfondir-la-cooperation-economique-entre-lalgerie-et-le-portugal\/","name":"Visite du pr\u00e9sident de la r\u00e9publique au Portugal : Approfondir la coop\u00e9ration \u00e9conomique entre l'Alg\u00e9rie et le Portugal - AAH.JZR","isPartOf":{"@id":"https:\/\/jazairhope.org\/fr\/#website"},"primaryImageOfPage":{"@id":"https:\/\/jazairhope.org\/fr\/visite-du-president-de-la-republique-au-portugal-approfondir-la-cooperation-economique-entre-lalgerie-et-le-portugal\/#primaryimage"},"image":{"@id":"https:\/\/jazairhope.org\/fr\/visite-du-president-de-la-republique-au-portugal-approfondir-la-cooperation-economique-entre-lalgerie-et-le-portugal\/#primaryimage"},"thumbnailUrl":"https:\/\/jazairhope.org\/wp-content\/uploads\/2023\/05\/jh-14.jpg","datePublished":"2023-05-23T09:38:58+00:00","dateModified":"2023-06-27T17:59:43+00:00","author":{"@id":"https:\/\/jazairhope.org\/fr\/#\/schema\/person\/0b50f60fad840cf92313307e38c9d20d"},"breadcrumb":{"@id":"https:\/\/jazairhope.org\/fr\/visite-du-president-de-la-republique-au-portugal-approfondir-la-cooperation-economique-entre-lalgerie-et-le-portugal\/#breadcrumb"},"inLanguage":"fr-FR","potentialAction":[{"@type":"ReadAction","target":["https:\/\/jazairhope.org\/fr\/visite-du-president-de-la-republique-au-portugal-approfondir-la-cooperation-economique-entre-lalgerie-et-le-portugal\/"]}]},{"@type":"ImageObject","inLanguage":"fr-FR","@id":"https:\/\/jazairhope.org\/fr\/visite-du-president-de-la-republique-au-portugal-approfondir-la-cooperation-economique-entre-lalgerie-et-le-portugal\/#primaryimage","url":"https:\/\/jazairhope.org\/wp-content\/uploads\/2023\/05\/jh-14.jpg","contentUrl":"https:\/\/jazairhope.org\/wp-content\/uploads\/2023\/05\/jh-14.jpg","width":800,"height":455},{"@type":"BreadcrumbList","@id":"https:\/\/jazairhope.org\/fr\/visite-du-president-de-la-republique-au-portugal-approfondir-la-cooperation-economique-entre-lalgerie-et-le-portugal\/#breadcrumb","itemListElement":[{"@type":"ListItem","position":1,"name":"Accueil","item":"https:\/\/jazairhope.org\/fr\/"},{"@type":"ListItem","position":2,"name":"Visite du pr\u00e9sident de la r\u00e9publique au Portugal : Approfondir la coop\u00e9ration \u00e9conomique entre l&rsquo;Alg\u00e9rie et le Portugal"}]},{"@type":"WebSite","@id":"https:\/\/jazairhope.org\/fr\/#website","url":"https:\/\/jazairhope.org\/fr\/","name":"AAH.JZR","description":"Environment, Health, Science, Art, Economics","potentialAction":[{"@type":"SearchAction","target":{"@type":"EntryPoint","urlTemplate":"https:\/\/jazairhope.org\/fr\/?s={search_term_string}"},"query-input":{"@type":"PropertyValueSpecification","valueRequired":true,"valueName":"search_term_string"}}],"inLanguage":"fr-FR"},{"@type":"Person","@id":"https:\/\/jazairhope.org\/fr\/#\/schema\/person\/0b50f60fad840cf92313307e38c9d20d","name":"Hope Jzr","image":{"@type":"ImageObject","inLanguage":"fr-FR","@id":"https:\/\/secure.gravatar.com\/avatar\/0a42f66f14ba94b77f351f3bb2f3b9389c4063acb1697ffb32f5d3944782d3e7?s=96&d=mm&r=g","url":"https:\/\/secure.gravatar.com\/avatar\/0a42f66f14ba94b77f351f3bb2f3b9389c4063acb1697ffb32f5d3944782d3e7?s=96&d=mm&r=g","contentUrl":"https:\/\/secure.gravatar.com\/avatar\/0a42f66f14ba94b77f351f3bb2f3b9389c4063acb1697ffb32f5d3944782d3e7?s=96&d=mm&r=g","caption":"Hope Jzr"},"description":"\u00c0 propos de Hope&amp;ChaDia Hope&amp;ChaDia n\u2019est pas un pseudonyme, mais une m\u00e9thode de travail. Hope : l\u2019id\u00e9e, l\u2019esprit, la structure, la vision. C\u2019est l\u2019impulsion humaine qui choisit l\u2019angle, trace la ligne \u00e9ditoriale et donne le sens. ChaDia : l\u2019assistante, qui met en forme, d\u00e9veloppe, affine le style et v\u00e9rifie les faits. Une aide technologique qui amplifie mais ne cr\u00e9e pas. Ensemble, Hope&amp;ChaDia produisent des textes hybrides : profond\u00e9ment humains dans leur inspiration, rigoureux et pr\u00e9cis dans leur r\u00e9alisation. . . SUPPORTEZ JAZAIRHOPE ET FAITES CONNA\u00ceTRE LE PATRIMOINE ET L\u2019HISTOIRE DE L\u2019ALG\u00c9RIE, EN ACHETANT LE LIVRE DE JAZAIRHOPE POUR VOUS OU POUR L\u2019OFFRIR A VOS PROCHES, ICI : https:\/\/jazairhope.org\/fr\/ebook\/ CEUX EN ALG\u00c9RIE ET CEUX QUI PEUVENT PAS L\u2019ACHETER ON OFFRE UNE COPIE DIGITALE GRATUITE, POUR CELA ENVOYEZ UN EMAIL \u00c0 : INFO@JAZAIRHOPE.ORG","url":"https:\/\/jazairhope.org\/fr\/author\/hope-jazair\/"}]}},"views":161,"_links":{"self":[{"href":"https:\/\/jazairhope.org\/fr\/wp-json\/wp\/v2\/posts\/80442","targetHints":{"allow":["GET"]}}],"collection":[{"href":"https:\/\/jazairhope.org\/fr\/wp-json\/wp\/v2\/posts"}],"about":[{"href":"https:\/\/jazairhope.org\/fr\/wp-json\/wp\/v2\/types\/post"}],"author":[{"embeddable":true,"href":"https:\/\/jazairhope.org\/fr\/wp-json\/wp\/v2\/users\/50"}],"replies":[{"embeddable":true,"href":"https:\/\/jazairhope.org\/fr\/wp-json\/wp\/v2\/comments?post=80442"}],"version-history":[{"count":1,"href":"https:\/\/jazairhope.org\/fr\/wp-json\/wp\/v2\/posts\/80442\/revisions"}],"predecessor-version":[{"id":80788,"href":"https:\/\/jazairhope.org\/fr\/wp-json\/wp\/v2\/posts\/80442\/revisions\/80788"}],"wp:featuredmedia":[{"embeddable":true,"href":"https:\/\/jazairhope.org\/fr\/wp-json\/wp\/v2\/media\/75674"}],"wp:attachment":[{"href":"https:\/\/jazairhope.org\/fr\/wp-json\/wp\/v2\/media?parent=80442"}],"wp:term":[{"taxonomy":"category","embeddable":true,"href":"https:\/\/jazairhope.org\/fr\/wp-json\/wp\/v2\/categories?post=80442"},{"taxonomy":"post_tag","embeddable":true,"href":"https:\/\/jazairhope.org\/fr\/wp-json\/wp\/v2\/tags?post=80442"}],"curies":[{"name":"wp","href":"https:\/\/api.w.org\/{rel}","templated":true}]}}