{"id":85432,"date":"2023-08-07T01:00:41","date_gmt":"2023-08-07T00:00:41","guid":{"rendered":"https:\/\/jazairhope.org\/?p=85432"},"modified":"2023-08-07T00:29:59","modified_gmt":"2023-08-06T23:29:59","slug":"hommage-a-lanp-et-aux-forces-de-securite-garantes-de-la-securite-nationale-face-aux-tensions-geostrategiques-et-au-terrorisme","status":"publish","type":"post","link":"https:\/\/jazairhope.org\/fr\/hommage-a-lanp-et-aux-forces-de-securite-garantes-de-la-securite-nationale-face-aux-tensions-geostrategiques-et-au-terrorisme\/","title":{"rendered":"Hommage \u00e0 l&#8217;ANP et aux forces de s\u00e9curit\u00e9, garantes de la s\u00e9curit\u00e9 nationale, face   aux tensions g\u00e9ostrat\u00e9giques et au terrorisme"},"content":{"rendered":"<p class=\"v1MsoNormal\" style=\"text-align: left;\" align=\"center\"><b><img decoding=\"async\" class=\"wp-image-75671 alignleft\" src=\"https:\/\/jazairhope.org\/wp-content\/uploads\/2023\/05\/jh-13-233x300.jpg\" alt=\"\" width=\"83\" height=\"107\" srcset=\"https:\/\/jazairhope.org\/wp-content\/uploads\/2023\/05\/jh-13-233x300.jpg 233w, https:\/\/jazairhope.org\/wp-content\/uploads\/2023\/05\/jh-13-796x1024.jpg 796w, https:\/\/jazairhope.org\/wp-content\/uploads\/2023\/05\/jh-13-768x988.jpg 768w, https:\/\/jazairhope.org\/wp-content\/uploads\/2023\/05\/jh-13-1194x1536.jpg 1194w, https:\/\/jazairhope.org\/wp-content\/uploads\/2023\/05\/jh-13-1593x2048.jpg 1593w, https:\/\/jazairhope.org\/wp-content\/uploads\/2023\/05\/jh-13-scaled.jpg 1493w\" sizes=\"(max-width: 83px) 100vw, 83px\" \/>Professeur Des universit\u00e9s, docteur d&#8217;Etat 1974\u00a0<\/b><b>Expert international Abderrahmane MEBTOUL<\/b><\/p>\n<p class=\"v1MsoNormal\" style=\"text-align: left;\" align=\"center\"><b>L&#8217;Alg\u00e9rie a c\u00e9l\u00e9br\u00e9, le 04 ao\u00fbt 2023 , la Journ\u00e9e nationale de l&#8217;Arm\u00e9e nationale populaire (ANP), en reconnaissance des r\u00f4les pionniers de l&#8217;institution militaire dans la protection de la patrie et l&#8217;accomplissement de ses \u00a0missions constitutionnelles pour assurer la s\u00e9curit\u00e9 globale.\u00a0<\/b><b>Dans ce contexte, il \u00a0faut rendre hommage \u00e0\u00a0\u00a0 l&#8217;ANP et toutes les forces de s\u00e9curit\u00e9, dont l&#8217;objectif essentiel est la protection du territoire, ciment de l&#8217;unit\u00e9 nationale,\u00a0 qui contribuent\u00a0 \u00e9galement \u00e0\u00a0 apaiser les tensions r\u00e9gionales, le terrorisme \u00e9tant une menace plan\u00e9taire supposant une large coop\u00e9ration r\u00e9gionale et internationale. Car l&#8217;Alg\u00e9rie ne saurait \u00e0 la fois supporter seul le fardeau financier, devant s&#8217;orienter vers une coop\u00e9ration internationale et une \u00a0mutualisation\u00a0 des d\u00e9penses miliaires car l&#8217;instabilit\u00e9 r\u00e9gionale et le terrorisme menace \u00e0 la fois l&#8217;Europe et le \u00a0monde.\u00a0<\/b><b>Des strat\u00e9gies d&#8217;adaptation qui interpellent tant l&#8217;Alg\u00e9rie sous-continent de l&#8217;Afrique du Nord et plus globalement l&#8217;Afrique,<\/b><\/p>\n<p class=\"v1MsoNormal\" style=\"text-align: left;\" align=\"center\"><b>1<\/b>.-Les derniers \u00e9v\u00e8nements au Niger semble avoir fait oublier\u00a0que le principal \u00a0d\u00e9fi du monde est le d\u00e9veloppement sur un nouveau mod\u00e8le\u00a0 du fait \u00a0du \u00a0r\u00e9chauffement \u00a0climatique qui menace l&#8217;humanit\u00e9, d&#8217;un cot\u00e9 pluies diluviennes et de &#8216;l&#8217;autre cot\u00e9 s\u00e9cheresse avec des incendies&#8217; voir notre intervention revue DGSN Chorfa juillet 2023) \u00a0\u00a0et surtout \u00a0\u00a0les importants conflits\u00a0 dans le monde\u00a0: le conflit isra\u00e9lo-palestinien, les sc\u00e8nes dramatiques\u00a0\u00a0 les conflits \u00a0en Libye au Soudan, au Y\u00e9men au Liban avec des interf\u00e9rences \u00e9trang\u00e8res \u00a0entrainant une mis\u00e8re d\u00e9vastatrice , le conflit\u00a0 en Ukraine avec ses incidences\u00a0 sur la crise \u00a0alimentaire et dans bien d&#8217;autres contr\u00e9es dont la non r\u00e9solution du conflit au Sahara occidental.\u00a0 D&#8217;une mani\u00e8re g\u00e9n\u00e9rale nous vivons \u00a0dans un monde d\u00e9s\u00e9quilibr\u00e9 o\u00f9 l&#8217;opulence \u00a0\u00a0c\u00f4toie la mis\u00e8re au niveau mondial et au sein des Nations, \u00a0le foss\u00e9 entre les riches et les pauvres se creusant \u00a0davantage o\u00f9 \u00a0\u00a0l&#8217;\u00e9cart des revenus renforce \u00a0\u00a0les in\u00e9galit\u00e9s\u00a0 dans , l&#8217;\u00e9ducation, la sant\u00e9 \u00a0avec des cons\u00e9quences pernicieuses du ch\u00f4mage. En ce mois d&#8217;ao\u00fbt \u00a02023 \u00e9tant \u00e0 l&#8217;or\u00e9e d&#8217;une p\u00e9riode d&#8217;incertitude croissante, aux racines ancr\u00e9es dans la polarisation des soci\u00e9t\u00e9s, avec l&#8217;ampleur de la r\u00e9cession mondiale et des gouvernances mitig\u00e9es, nous assistons \u00e0 des cicatrices profondes, sp\u00e9cialement parmi la jeunesse totalement d\u00e9sorient\u00e9e surtout en Afrique<b>.\u00a0<\/b>D\u00e9j\u00e0 dans une contribution sous ma direction parue en d\u00e9cembre 2011 \u00e0 l&#8217;Institut Fran\u00e7ais des Relations Internationales IFRI\u00a0 \u00ab l&#8217;Afrique du Nord\u00a0 face aux enjeux g\u00e9ostrat\u00e9giques j&#8217;avais soulev\u00e9 certains questionnements \u00e0 savoir la s\u00e9curit\u00e9 du Maghreb et de l&#8217;Europe. Et par la suite dans plusieurs contributions \u00a0j&#8217;avais mis\u00a0\u00a0 particuli\u00e8rement\u00a0 en relief\u00a0 les facteurs d\u00e9stabilisants notamment en Afrique \u00a0r\u00f4le strat\u00e9gique de l&#8217;Alg\u00e9rie comme facteur de stabilisation de la r\u00e9gion.( voir \u00a0 six (06) de mes \u00a0interventions\u00a0: la \u00a0premi\u00e8re \u00e0 l&#8217;invitation\u00a0 \u00a0des fondations \u2013Bill Gates- Rockefeller\u00a0\u00a0New York USA\u00a0\u00a0 en novembre 2012\u00a0 USA\/Maghreb-Afrique,\u00a0 la seconde \u00a0\u00e0 Malte \u00e0 l&#8217;invitation de la commission europ\u00e9enne avril 2014 sur les enjeux g\u00e9ostrat\u00e9giques en M\u00e9diterran\u00e9e, \u00a0\u00a0\u00a0la troisi\u00e8me \u00a0en mars 2015 au s\u00e9nat fran\u00e7ais \u00e0 l&#8217;invitation de Jean Pierre Chev\u00e8nement sur les relations Maghreb Europe,\u00a0 \u00a0la quatri\u00e8me \u00a0\u00a0de l&#8217;association internationale africaine ARGA\u00a0en mai 2015 sur les enjeux du d\u00e9veloppement \u00a0de l&#8217;Afrique , \u00a0la cinqui\u00e8me \u00e0 l&#8217;invitation de l&#8217;Institut militaire de documentation et de prospective Minist\u00e8re de la d\u00e9fense nationale \u2013 IMDEP Alg\u00e9rie en octobre 2019 \u00a0sur les enjeux au Sahel et le trafic aux fronti\u00e8res et la \u00a0\u00a0sixi\u00e8me \u00e0 l&#8217;invitation simultan\u00e9ment \u00e0 l&#8217;\u00e9cole Sup\u00e9rieur de Guerre \u00a0ESG\/MDN \u00a0et au si\u00e8ge de l&#8217;ambassade de l&#8217;Union europ\u00e9enne \u00e0 Alger en 2021 o\u00f9 \u00e9taient pr\u00e9sents\u00a0 la majorit\u00e9 des ambassades \u00e9trangers\u00a0 accr\u00e9dit\u00e9s \u00e0 Alger sur les enjeux \u00e9nerg\u00e9tiques mondiaux\u00a0)\u00a0\u00a0.Au cours de ces rencontres,\u00a0 il\u00a0 a \u00e9t\u00e9 soulign\u00e9\u00a0 les relations entre les deux rives du Sahara et les dynamiques de la conflictualit\u00e9 saharienne actuelle interpellent l&#8217;espace m\u00e9diterran\u00e9en et africain , n\u00e9cessitant\u00a0 des strat\u00e9gies nouvelles en direction de leur Sud et sur les relations de toutes natures entre le Maghreb et l&#8217;Afrique subsaharienne.<\/p>\n<p class=\"v1MsoNormal\" style=\"text-align: left;\" align=\"center\">2.- C&#8217;est que nous assistons\u00a0 \u00e0 des\u00a0 mutations de la g\u00e9opolitique saharienne apr\u00e8s l&#8217;effondrement du r\u00e9gime libyen, car comment ne pas rappeler aussit\u00f4t Kadhafi disparu,\u00a0 des centaines de milliers, dont 15 000 missiles sol-air \u00e9taient dans les entrep\u00f4ts de l&#8217;arm\u00e9e libyenne, puis ont \u00e9quip\u00e9 les rebelles au fur et \u00e0 mesure de leur avanc\u00e9e dont une partie a \u00e9t\u00e9 accapar\u00e9e par diff\u00e9rents groupes qui op\u00e8rent au Sahel, puis par d&#8217;autres groupes\u00a0 terroristes venus d&#8217;autres r\u00e9gions\u00a0 et\u00a0 les cons\u00e9quences pour la r\u00e9gion des tensions au Mali,. Les enjeux g\u00e9ostrat\u00e9giques au niveau de cet espace renvoient\u00a0 \u00e0\u00a0 des logiques g\u00e9opolitiques divergentes tenant compte\u00a0 de l&#8217;histoire et des anthropologies culturelles\u00a0 devant\u00a0 \u00e9viter\u00a0 la\u00a0 vision europ\u00e9o- centriste car le monde depuis qu&#8217;il est monde a connu diff\u00e9rentes formes de civilisations et le dialogue des cultures est source d&#8217;enrichissement mutuel devant tenir compte de l&#8217;importance des \u00e9changes \u00e9conomiques (formels et informels) , des flux migratoires notamment des migrants subsahariens notamment en direction vers l&#8217;Europe. Du point de vue g\u00e9ographique et politique, l&#8217;Afrique du Nord\u00a0 comme mis en relief\u00a0 dans \u00a0 deux ouvrages r\u00e9alis\u00e9s sous ma direction et celle du docteur Camille Sari,\u00a0 sur le Maghreb\u00a0 face aux enjeux g\u00e9ostrat\u00e9giques (&#8216;\u00c9dition\u00a0 edition Harmattan Paris\u00a0 2014\/2015)\u00a0\u00a0 \u00e9tait et reste toujours une sorte de barri\u00e8re sur la voie des r\u00e9fugi\u00e9s ill\u00e9gaux des pays d&#8217;Afrique subsaharienne en Europe. Bien avant et surtout depuis la chute du r\u00e9gime de Kadhafi le Sahel est l&#8217;un de ces espaces \u00e9chappant \u00e0 toute autorit\u00e9 centrale, o\u00f9 se sont install\u00e9s groupes arm\u00e9s et contrebandiers.\u00a0 Cet espace est caract\u00e9ris\u00e9 par\u00a0 l&#8217;anciennet\u00e9 du syst\u00e8me caravanier transsaharien, l&#8217;unit\u00e9 culturelle forg\u00e9e autour de l&#8217;Islam et l&#8217;existence d&#8217;un \u00abcomplexe de s\u00e9curit\u00e9\u00bb dans la bande sah\u00e9lienne et les dangers de la p\u00e9n\u00e9tration de l&#8217;islamisme radical \u00e0 ne pas confondre avec l&#8217;Islam religion de tol\u00e9rance \u00e0 l&#8217;instar du juda\u00efsme ou du christianisme. Il\u00a0 y a lieu\u00a0 d&#8217;\u00e9viter\u00a0 des d\u00e9clarations h\u00e2tives de verser dans la x\u00e9nophobie qui alimente le discours des extr\u00eames, ce qui se passe actuellement ne saurait en aucune mani\u00e8re refl\u00e9ter les id\u00e9aux de l&#8217;Islam fond\u00e9s sur la tol\u00e9rance. Et sans oublier qu&#8217;existent des influences religieuses autour de la conception de l&#8217;Islam qui influence largement les dirigeants politiques au niveau du Sahel, entre les fr\u00e8res musulmans qui encouragent\u00a0 le maraboutisme (zaouias) dominantes d&#8217;ailleurs au Maghreb, et les djihadistes\u00a0 qui y voient une d\u00e9rive de la religion. Il s&#8217;agit donc de lever les contraintes du fait que la corruptibilit\u00e9 g\u00e9n\u00e9rale des institutions, p\u00e8sent lourdement sur les syst\u00e8mes charg\u00e9s de l&#8217;application des lois et la justice p\u00e9nale en g\u00e9n\u00e9ral qui ont des difficult\u00e9s \u00e0 s&#8217;adapter aux nouveaux d\u00e9fis pos\u00e9s par la sophistication des r\u00e9seaux du crime organis\u00e9. La collaboration inter-juridictionnelle est ralentie par l&#8217;h\u00e9t\u00e9rog\u00e9n\u00e9it\u00e9 des syst\u00e8mes juridiques notamment en Afrique du Nord et en Afrique noire. De plus, la porosit\u00e9 des fronti\u00e8res aussi bien que la coordination entre un grand nombre d&#8217;agences charg\u00e9es de la s\u00e9curit\u00e9 aux fronti\u00e8res posent de grands probl\u00e8mes. \u00c0 terme, la strat\u00e9gie vise \u00e0 attirer graduellement les utilisateurs du syst\u00e8me informel vers le r\u00e9seau formel et ainsi isoler les \u00e9l\u00e9ments criminels pour mieux les cibler tout en diminuant les dommages collat\u00e9raux pour les utilisateurs l\u00e9gitimes.\u00a0\u00a0D&#8217;une\u00a0mani\u00e8re g\u00e9n\u00e9rale, l&#8217;on devra diff\u00e9rencier tactiques\u00a0 \u00e0 court terme et strat\u00e9gie \u00e0 moyen et long terme et les \u00a0d\u00e9fis collectifs nouveaux sont une autre source de menace :\u00a0 ils \u00a0ont pour noms terrorisme, prolif\u00e9ration des armes de destruction massive, cybers attaques et maitrise des technologies, d\u00e9veloppement des drones sur le plan miliaire, \u00a0crises r\u00e9gionales et d\u00e9litement de certains Etats , \u00a0les ressources hydriques, la pauvret\u00e9, les \u00e9pid\u00e9mies, l&#8217;environnement. Ils sont d&#8217;ordre r\u00e9gional et global.<\/p>\n<p class=\"v1MsoNormal\" style=\"text-align: left;\" align=\"center\"><b>3.<\/b><b>&#8211;<\/b>L&#8217;instabilit\u00e9 du Niger\u00a0<b>\u00a0<\/b>qui s&#8217;\u00e9tend\u00a0 sur 1.267.000 km2, ayant une position g\u00e9ographique strat\u00e9gique \u00a0partageant \u00a0ses fronti\u00e8res avec sept pays \u00e0 savoir l&#8217;Alg\u00e9rie 956 km, le B\u00e9nin 266 km, le Burkina Faso 628 km, la Libye 354 km, le Mali 821 km, le Nigeria 1497 et le Tchad 1175 soit au total 5697 km risque d&#8217;avoir une r\u00e9percussion sur toute la stabilit\u00e9 r\u00e9gionale notamment sur le Nigeria qui partage la plus longue fronti\u00e8re \u00a0confront\u00e9 \u00e0 la lutte contre les djihadistes , ayant \u00a0une position strat\u00e9gique au Sahel \u00e9tant un carrefour d&#8217;\u00e9changes entre l&#8217;Afrique du Nord\u00a0 et l&#8217;Afrique du Sud au Sahara.\u00a0\u00a0Face \u00e0 la \u00a0situation au Niger, \u00a0\u00a0le sommet de la C\u00e9d\u00e9ao \u00a0qui a gel\u00e9 toute coop\u00e9ration \u00e9conomique \u00a0bien que privil\u00e9giant le dialogue, avant toute intervention militaire \u00a0a donn\u00e9 un ultimatum d&#8217;une semaine aux putschistes nig\u00e9riens pour r\u00e9tablir \u00e0 son poste le pr\u00e9sident Mohamed Bazoum, \u00a0encore que cela ne fait pas l&#8217;unanimit\u00e9 \u00a0du fait de relations complexes \u00a0tribales entre une fraction de militaires \u00a0du Niger et certains pays de la C\u00e9d\u00e9ao.\u00a0Aussi la situation est complexe et\u00a0toute intervention militaire, en plus des r\u00e9voltes des populations locales qui y verraient une atteinte \u00e0 la souverainet\u00e9 nationale \u00a0pourrait conduire \u00e0 une escalade incontr\u00f4l\u00e9e dans l&#8217;ensemble de la r\u00e9gion.\u00a0Dans un communiqu\u00e9 commun\u00a0 le Burkina Faso , le Mali, rejoints par la Guin\u00e9e ont affirm\u00e9 qu&#8217;une intervention militaire au Niger , serait consid\u00e9r\u00e9e comme une d\u00e9claration de guerre \u00e0 leurs \u00a0pays. Dans ce contexte, selon la Sous-Secr\u00e9taire g\u00e9n\u00e9ral adjointe de l&#8217;ONU aux affaires humanitaires, 2,9 millions de personnes ont \u00a0besoin d&#8217;aide humanitaire en 2020, \u00a0une augmentation de 26% par rapport \u00e0 2019.,\u00a0la\u00a0situation\u00a0sociale restant \u00a0pr\u00e9caire avec un taux de pauvret\u00e9 extr\u00eame d&#8217;environ 42 % en 2021, soit plus de 10 millions d&#8217;habitants. Entre 1991 et 2021, le budget de la dette du Niger a vari\u00e9 entre 478,0 millions et 5,5 milliards d&#8217;euros et en \u00a02021, derni\u00e8re ann\u00e9e \u00e9valu\u00e9e, le montant a \u00e9t\u00e9 de\u00a05,46 milliards d&#8217;euros\u00a0le plus \u00e9lev\u00e9 des 30 derni\u00e8res ann\u00e9es et\u00a0 rapport\u00e9 au nombre d&#8217;habitants, cela correspond au Niger \u00e0 un endettement de 216 euros par personne.\u00a0\u00a0En r\u00e9action, la France principal pourvoyeur de fonds a d\u00e9cid\u00e9 de suspendre son aide au d\u00e9veloppement et pour le \u00a0\u00a0chef de la diplomatie de l&#8217;Union Europ\u00e9enne et la Banque mondiale \u00a0toutes les\u00a0<i>actions de coop\u00e9ration\u00a0<\/i>sont suspendues, le Nigeria en plus ayant coup\u00e9 les exportations \u00e9nerg\u00e9tiques , \u00a0ce qui risque d&#8217;accro\u00eetre les tensions sociales et un sentiment anti-occidental de la population.\u00a0Paradoxe, le Niger comme bon, nombre de pays d&#8217;Afrique l&#8217;arc sah\u00e9lien \u00e9tant \u00a0riche en ressources, sel, or, p\u00e9trole, gaz, fer,\u00a0\u00a0phosphate, cuivre, \u00e9tain et uranium autant de richesses nourrissant les convoitises de puissances expliquant \u00a0les sommets r\u00e9guliers, USA\/Afrique, Chine\/ Afrique, Europe\/Afrique, Japon\/Afrique Turquie\/Afrique, est un des pays\u00a0\u00a0avec \u00a010 autres \u00a0les plus pauvres du monde.\u00a0avec un produit int\u00e9rieure brut PIB\u00a0 de 14,91 milliards de dollars\u00a0 en 2021 pour une population de 25,25 millions d&#8217;habitants\u00a0\u00a0et selon le rapport du PNUD de 2022, en \u00a02021, le Niger est \u00e0 la derni\u00e8re place mondiale \u00a0selon l&#8217;Indice de d\u00e9veloppement humain (IDH), le\u00a0\u00a0PIB \u00e0 parit\u00e9 de pouvoir d&#8217;achat (PPA) par habitant \u00e9tant de 761 de dollars.<\/p>\n<p class=\"v1MsoNormal\" style=\"text-align: left;\" align=\"center\">\n<p class=\"v1MsoNormal\" style=\"text-align: left;\" align=\"center\"><b>4-<\/b>.\u00a0.Face\u00a0 aux tensions g\u00e9ostrat\u00e9giques, quelles positions pour l&#8217;Alg\u00e9rie\u00a0?\u00a0 Privil\u00e9giant en premier lieu ses int\u00e9r\u00eats strat\u00e9giques propres, l&#8217;Alg\u00e9rie agit \u00a0en fonction \u00a0\u00e0 partir d&#8217;une volont\u00e9 av\u00e9r\u00e9e de contribuer \u00e0 la promotion de la s\u00e9curit\u00e9 et de la stabilit\u00e9 dans la r\u00e9gion, \u00a0\u00a0ayant \u00a0adopt\u00e9 une position de neutralit\u00e9 dans les conflits, privil\u00e9giant le dialogue productif, s&#8217;interroge l\u00e9gitimement sur le r\u00f4le, la place ou l&#8217;int\u00e9r\u00eat partie prenante \u00a0du Dialogue m\u00e9diterran\u00e9en de l&#8217;Otan, du partenariat euro-m\u00e9diterran\u00e9en, des trait\u00e9s strat\u00e9giques \u00a0qui la lient \u00e0 la Russie et \u00e0 la Chine o\u00f9 les nouveaux d\u00e9fis d\u00e9passent en importance et en ampleur les d\u00e9fis qu&#8217;elle a eu \u00e0 relever jusqu&#8217;\u00e0 pr\u00e9sent.. Pour\u00a0Eric Den\u00e9c\u00e9, ex Directeur du Centre fran\u00e7ais de recherche sur le renseignement, est clair sur l&#8217;origine de la situation pr\u00e9sente : \u00abil faut dire et r\u00e9p\u00e9ter que le facteur d\u00e9clenchant de l&#8217;instabilit\u00e9 r\u00e9gionale est l&#8217;intervention occidentale en Irak et en Libye. Ce qui ne disculpe pas l&#8217;ancien r\u00e9gime fond\u00e9 non pas\u00a0 sur des institutions mais sur des relations personnalis\u00e9es qui explique l&#8217;effondrement\u00a0\u00a0 actuel de l&#8217;Etat libyen et dont bon nombre d&#8217;Etat\u00a0 devraient tirer les le\u00e7ons renvoyant \u00e0\u00a0 un Etat de droit et donc\u00a0 au processus d\u00e9mocratique, devant \u00e9viter de plaquer des sch\u00e9mas import\u00e9s. L&#8217;ex\u00a0 directeur du FBI, James Comey a affirm\u00e9 le 14 novembre 2013 devant le Congr\u00e8s \u00abqu&#8217;Al Qaida au Maghreb Islamique \u00a0constituait une forte menace dans la r\u00e9gion de l&#8217;Afrique du nord et du Sahel\u00bb et pour\u00a0 l&#8217;ex directeur du Centre am\u00e9ricain du contre-terrorisme, Quant \u00e0 Matthew Olsen, devant la commission s\u00e9natoriale que\u00a0 l&#8217;Alg\u00e9rie est\u00a0 un acteur strat\u00e9gique de la stabilisation de la r\u00e9gion. C&#8217;est dans le cadre de cette position constante dans ses relations internationales que \u00a0r\u00e9cemment ,( voir nos interviews \u00e0 la t\u00e9l\u00e9vision internationale Alg24 du 23\/01\/2023, aux quotidiens gouvernementaux El Moudjahid du 24\/01\/2023 et El Massa 25\/01\/2023), qu&#8217;elle entretient dans le cadre du respect mutuel, d&#8217;excellentes relations avec les USA, la majorit\u00e9 des pays, comme en t\u00e9moigne la r\u00e9cente visite de la premi\u00e8re ministre de l&#8217;Italie , de la Grande Bretagne en Alg\u00e9rie l&#8217;Air Marshal Martin Elliott Sampson, haut conseiller de la D\u00e9fense pour la r\u00e9gion MENA, du minist\u00e8re de la D\u00e9fense britannique, la Chine et la Russie pour ne parler que de certains acteurs. Comme l&#8217;ont \u00a0 soulign\u00e9 la premi\u00e8re ministre de l&#8217;Italie et la Secr\u00e9taire d&#8217;\u00c9tat adjointe am\u00e9ricaine en charge des organisations internationales, Michele Sison lors leurs visites \u00e0 Alger, les pr\u00e9sidents russe et chinois lors de la visite du pr\u00e9sident de la R\u00e9publique, l&#8217;Alg\u00e9rie est un pays leader dans le r\u00e8glement des conflits au niveau r\u00e9gional, par son r\u00f4le central dans la cons\u00e9cration de la stabilit\u00e9, particuli\u00e8rement dans la r\u00e9gion du Sahel et \u00e9tant un acteur d\u00e9terminant de la s\u00e9curit\u00e9 \u00e9nerg\u00e9tique pour l&#8217;Europe.\u00a0\u00a0Ce th\u00e8me des dangers de l&#8217;instabilit\u00e9 au Sahel notamment \u00a0a \u00e9t\u00e9\u00a0 d\u00e9velopp\u00e9 lors d&#8217;une rencontre internationale des experts le 04 d\u00e9cembre 2013 \u00e0 Paris, en marge du sommet des chefs d&#8217;Etat 06\/07 d\u00e9cembre 2013\u00a0 \u00e0 laquelle j&#8217;ai eu l&#8217;honneur de\u00a0 participer. La r\u00e9solution finale a mis\u00a0 l&#8217;accent sur l&#8217;obligation de mettre en application une strat\u00e9gie interr\u00e9gionale qui associe l&#8217;ensemble des pays de la zone\u00a0\u00a0 et de\u00a0 l&#8217;urgence d&#8217;une coop\u00e9ration tant africaine que mondiale \u00a0 n\u00e9cessitant une am\u00e9lioration des bases de donn\u00e9es afin de lutter efficacement contre le crime transfrontalier et le terrorisme.\u00a0\u00a0 C&#8217;est dans cet objectif que se sont \u00e9tablis des dialogues strat\u00e9giques notamment entre les USA\/Alg\u00e9rie et Europe\/Alg\u00e9rie, Alg\u00e9rie\/Russie et Alg\u00e9rie Chine consid\u00e9rant le dialogue \u00a0comme \u00ab le fondement \u00bb pour\u00a0 lutter contre le terrorisme international et favoriser le d\u00e9veloppement sur la base d&#8217;un partenariat gagnant-gagnant.. C&#8217;est dans ce contexte que l&#8217;Alg\u00e9rie\u00a0\u00a0a mis\u00a0 en garde, tout en respectant la l\u00e9galit\u00e9 internationale, \u00a0contre les \u00a0effets n\u00e9gatifs\u00a0 d&#8217;une intervention militaire au Niger<b>\u00a0.\u00a0<\/b>Car \u00a0l&#8217;Alg\u00e9rie partage \u00a0des fronti\u00e8res avec des pays instables \u00a0o\u00f9 sa la s\u00e9curit\u00e9 \u00a0est pos\u00e9e\u00a0 dont \u00a0la Libye 982 km, le Mali 1329, la Mauritanie, 461,\u00a0 \u00a0le Maroc\u00a01739, le Niger 961, la Tunisie \u00a0\u00a01010\u00a0 et \u00a0le Sahara occidental 39 km \u00a0(dossier au niveau de l&#8217;ONU pour sa r\u00e9solution), soit un total de 6511\u00a0km (source\u00a0Wikip\u00e9dia).<\/p>\n<p class=\"v1MsoNormal\" style=\"text-align: left;\" align=\"center\"><b>En conclusion<\/b>, consciente des enjeux tant \u00e9conomiques que s\u00e9curitaires, \u00a0l&#8217;Alg\u00e9rie , facteur de \u00a0la stabilit\u00e9 euro-m\u00e9diterran\u00e9enne et\u00a0 africaine\u00a0 qui constitue son espace naturel, gr\u00e2ce aux efforts de l&#8217;ANP et de toutes les forces de s\u00e9curit\u00e9 par une politique plus clairement affich\u00e9e se traduisant par des actes, peut faire aboutir le processus des r\u00e9formes ins\u00e9parables d&#8217;une profonde d\u00e9mocratisation de la soci\u00e9t\u00e9. C&#8217;est que les mutations mondiales \u00e9conomiques, culturelles, politiques, sociales et militaires \u00a0entre 2023\/2030 \u00a0pr\u00e9figurent un bouleversement mondial, o\u00f9 le monde ne sera plus jamais comme avant . La strat\u00e9gie diplomatique et militaire de l&#8217;Alg\u00e9rie est guid\u00e9e par des principes fondamentaux h\u00e9rit\u00e9s de sa longue histoire de lib\u00e9ration nationale : la mise en place d&#8217;un dispositif de s\u00e9curit\u00e9 aux fronti\u00e8res et la restructuration des forces arm\u00e9es et de s\u00e9curit\u00e9 ; l&#8217;amorce de processus bilat\u00e9raux de coop\u00e9ration avec les pays voisins ; le d\u00e9veloppement d&#8217;un processus multilat\u00e9ral \u00e0 travers l&#8217;initiative des pays de Champ ; la non-ing\u00e9rence dans les affaires int\u00e9rieures des Etats. Pour l&#8217;Alg\u00e9rie, l&#8217;objectif strat\u00e9gique est de traduire en termes concrets ses potentialit\u00e9s \u00e9conomiques , pour \u00eatre en mesure de relever avec succ\u00e8s les d\u00e9fis innombrables qui nous sont lanc\u00e9s par le monde moderne, \u00e9tant \u00e0 l&#8217;aube de la quatri\u00e8me r\u00e9volution \u00e9conomique mondiale fond\u00e9e sur les nouvelles technologies et les d\u00e9fis de la transition num\u00e9rique et \u00e9nerg\u00e9tique. L&#8217;Alg\u00e9rie a toujours \u00e9t\u00e9 au carrefour des \u00e9changes en M\u00e9diterran\u00e9e et en Afrique. De Saint-Augustin \u00e0 l&#8217;\u00c9mir Abdelkader, les apports de l&#8217;Alg\u00e9rie \u00e0 la spiritualit\u00e9, \u00e0 la tol\u00e9rance et \u00e0 la culture universelle ne peuvent que nous pr\u00e9disposer \u00e0 \u00eatre attentifs aux r\u00e9centes fractures contemporaines. C&#8217;est pourquoi, je tiens \u00e0 consid\u00e9rer que la stabilit\u00e9 de l&#8217;Alg\u00e9rie et la reconqu\u00eate de notre coh\u00e9sion nationale passe par la construction d&#8217;un front int\u00e9rieur solide et durable en faveur des r\u00e9formes. Il s&#8217;agit l\u00e0 de l&#8217;unique voie que doivent emprunter les Alg\u00e9riens afin de transcender leurs diff\u00e9rends, \u00e0 vaincre la haine et les peurs qui les habitent, et \u00e0 trouver les raisons de vivre harmonieusement ensemble et de construire s ensemble, le destin exceptionnel que de glorieux a\u00een\u00e9s de la g\u00e9n\u00e9ration du 1er Novembre 1954 ont voulu d\u00e9sesp\u00e9r\u00e9ment pour eux.<\/p>\n<p class=\"v1MsoNormal\" style=\"text-align: left;\" align=\"center\"><b>ademmebtoul@gmailcom\u00a0<\/b><\/p>\n","protected":false},"excerpt":{"rendered":"<p>Professeur Des universit\u00e9s, docteur d&#8217;Etat 1974\u00a0Expert international Abderrahmane MEBTOUL L&#8217;Alg\u00e9rie a c\u00e9l\u00e9br\u00e9, le 04 ao\u00fbt 2023 , la Journ\u00e9e nationale de l&#8217;Arm\u00e9e&hellip;<\/p>\n","protected":false},"author":50,"featured_media":85433,"comment_status":"open","ping_status":"open","sticky":false,"template":"","format":"standard","meta":{"_lmt_disableupdate":"","_lmt_disable":"","footnotes":""},"categories":[39,49],"tags":[],"class_list":["post-85432","post","type-post","status-publish","format-standard","has-post-thumbnail","hentry","category-articles-en-vedette","category-politique"],"yoast_head":"<!-- This site is optimized with the Yoast SEO plugin v27.3 - https:\/\/yoast.com\/product\/yoast-seo-wordpress\/ -->\n<title>Hommage \u00e0 l&#039;ANP et aux forces de s\u00e9curit\u00e9, garantes de la s\u00e9curit\u00e9 nationale, face  aux tensions g\u00e9ostrat\u00e9giques et au terrorisme - AAH.JZR<\/title>\n<meta name=\"robots\" content=\"index, follow, max-snippet:-1, max-image-preview:large, max-video-preview:-1\" \/>\n<link rel=\"canonical\" href=\"https:\/\/jazairhope.org\/fr\/hommage-a-lanp-et-aux-forces-de-securite-garantes-de-la-securite-nationale-face-aux-tensions-geostrategiques-et-au-terrorisme\/\" \/>\n<meta property=\"og:locale\" content=\"fr_FR\" \/>\n<meta property=\"og:type\" content=\"article\" \/>\n<meta property=\"og:title\" content=\"Hommage \u00e0 l&#039;ANP et aux forces de s\u00e9curit\u00e9, garantes de la s\u00e9curit\u00e9 nationale, face  aux tensions g\u00e9ostrat\u00e9giques et au terrorisme - AAH.JZR\" \/>\n<meta property=\"og:description\" content=\"Professeur Des universit\u00e9s, docteur d&#8217;Etat 1974\u00a0Expert international Abderrahmane MEBTOUL L&#8217;Alg\u00e9rie a c\u00e9l\u00e9br\u00e9, le 04 ao\u00fbt 2023 , la Journ\u00e9e nationale de l&#8217;Arm\u00e9e&hellip;\" \/>\n<meta property=\"og:url\" content=\"https:\/\/jazairhope.org\/fr\/hommage-a-lanp-et-aux-forces-de-securite-garantes-de-la-securite-nationale-face-aux-tensions-geostrategiques-et-au-terrorisme\/\" \/>\n<meta property=\"og:site_name\" content=\"AAH.JZR\" \/>\n<meta property=\"article:publisher\" content=\"https:\/\/www.facebook.com\/jazairhope\" \/>\n<meta property=\"article:published_time\" content=\"2023-08-07T00:00:41+00:00\" \/>\n<meta property=\"og:image\" content=\"https:\/\/jazairhope.org\/wp-content\/uploads\/2023\/08\/jh-24.jpg\" \/>\n\t<meta property=\"og:image:width\" content=\"960\" \/>\n\t<meta property=\"og:image:height\" content=\"640\" \/>\n\t<meta property=\"og:image:type\" content=\"image\/jpeg\" \/>\n<meta name=\"author\" content=\"Hope Jzr\" \/>\n<meta name=\"twitter:card\" content=\"summary_large_image\" \/>\n<meta name=\"twitter:label1\" content=\"\u00c9crit par\" \/>\n\t<meta name=\"twitter:data1\" content=\"Hope Jzr\" \/>\n\t<meta name=\"twitter:label2\" content=\"Dur\u00e9e de lecture estim\u00e9e\" \/>\n\t<meta name=\"twitter:data2\" content=\"13 minutes\" \/>\n<script type=\"application\/ld+json\" class=\"yoast-schema-graph\">{\"@context\":\"https:\\\/\\\/schema.org\",\"@graph\":[{\"@type\":\"Article\",\"@id\":\"https:\\\/\\\/jazairhope.org\\\/fr\\\/hommage-a-lanp-et-aux-forces-de-securite-garantes-de-la-securite-nationale-face-aux-tensions-geostrategiques-et-au-terrorisme\\\/#article\",\"isPartOf\":{\"@id\":\"https:\\\/\\\/jazairhope.org\\\/fr\\\/hommage-a-lanp-et-aux-forces-de-securite-garantes-de-la-securite-nationale-face-aux-tensions-geostrategiques-et-au-terrorisme\\\/\"},\"author\":{\"name\":\"Hope Jzr\",\"@id\":\"https:\\\/\\\/jazairhope.org\\\/fr\\\/#\\\/schema\\\/person\\\/0b50f60fad840cf92313307e38c9d20d\"},\"headline\":\"Hommage \u00e0 l&#8217;ANP et aux forces de s\u00e9curit\u00e9, garantes de la s\u00e9curit\u00e9 nationale, face aux tensions g\u00e9ostrat\u00e9giques et au terrorisme\",\"datePublished\":\"2023-08-07T00:00:41+00:00\",\"mainEntityOfPage\":{\"@id\":\"https:\\\/\\\/jazairhope.org\\\/fr\\\/hommage-a-lanp-et-aux-forces-de-securite-garantes-de-la-securite-nationale-face-aux-tensions-geostrategiques-et-au-terrorisme\\\/\"},\"wordCount\":3217,\"commentCount\":0,\"image\":{\"@id\":\"https:\\\/\\\/jazairhope.org\\\/fr\\\/hommage-a-lanp-et-aux-forces-de-securite-garantes-de-la-securite-nationale-face-aux-tensions-geostrategiques-et-au-terrorisme\\\/#primaryimage\"},\"thumbnailUrl\":\"https:\\\/\\\/jazairhope.org\\\/wp-content\\\/uploads\\\/2023\\\/08\\\/jh-24.jpg\",\"articleSection\":[\"Articles en vedette\",\"Politique\"],\"inLanguage\":\"fr-FR\",\"potentialAction\":[{\"@type\":\"CommentAction\",\"name\":\"Comment\",\"target\":[\"https:\\\/\\\/jazairhope.org\\\/fr\\\/hommage-a-lanp-et-aux-forces-de-securite-garantes-de-la-securite-nationale-face-aux-tensions-geostrategiques-et-au-terrorisme\\\/#respond\"]}]},{\"@type\":\"WebPage\",\"@id\":\"https:\\\/\\\/jazairhope.org\\\/fr\\\/hommage-a-lanp-et-aux-forces-de-securite-garantes-de-la-securite-nationale-face-aux-tensions-geostrategiques-et-au-terrorisme\\\/\",\"url\":\"https:\\\/\\\/jazairhope.org\\\/fr\\\/hommage-a-lanp-et-aux-forces-de-securite-garantes-de-la-securite-nationale-face-aux-tensions-geostrategiques-et-au-terrorisme\\\/\",\"name\":\"Hommage \u00e0 l'ANP et aux forces de s\u00e9curit\u00e9, garantes de la s\u00e9curit\u00e9 nationale, face aux tensions g\u00e9ostrat\u00e9giques et au terrorisme - AAH.JZR\",\"isPartOf\":{\"@id\":\"https:\\\/\\\/jazairhope.org\\\/fr\\\/#website\"},\"primaryImageOfPage\":{\"@id\":\"https:\\\/\\\/jazairhope.org\\\/fr\\\/hommage-a-lanp-et-aux-forces-de-securite-garantes-de-la-securite-nationale-face-aux-tensions-geostrategiques-et-au-terrorisme\\\/#primaryimage\"},\"image\":{\"@id\":\"https:\\\/\\\/jazairhope.org\\\/fr\\\/hommage-a-lanp-et-aux-forces-de-securite-garantes-de-la-securite-nationale-face-aux-tensions-geostrategiques-et-au-terrorisme\\\/#primaryimage\"},\"thumbnailUrl\":\"https:\\\/\\\/jazairhope.org\\\/wp-content\\\/uploads\\\/2023\\\/08\\\/jh-24.jpg\",\"datePublished\":\"2023-08-07T00:00:41+00:00\",\"author\":{\"@id\":\"https:\\\/\\\/jazairhope.org\\\/fr\\\/#\\\/schema\\\/person\\\/0b50f60fad840cf92313307e38c9d20d\"},\"breadcrumb\":{\"@id\":\"https:\\\/\\\/jazairhope.org\\\/fr\\\/hommage-a-lanp-et-aux-forces-de-securite-garantes-de-la-securite-nationale-face-aux-tensions-geostrategiques-et-au-terrorisme\\\/#breadcrumb\"},\"inLanguage\":\"fr-FR\",\"potentialAction\":[{\"@type\":\"ReadAction\",\"target\":[\"https:\\\/\\\/jazairhope.org\\\/fr\\\/hommage-a-lanp-et-aux-forces-de-securite-garantes-de-la-securite-nationale-face-aux-tensions-geostrategiques-et-au-terrorisme\\\/\"]}]},{\"@type\":\"ImageObject\",\"inLanguage\":\"fr-FR\",\"@id\":\"https:\\\/\\\/jazairhope.org\\\/fr\\\/hommage-a-lanp-et-aux-forces-de-securite-garantes-de-la-securite-nationale-face-aux-tensions-geostrategiques-et-au-terrorisme\\\/#primaryimage\",\"url\":\"https:\\\/\\\/jazairhope.org\\\/wp-content\\\/uploads\\\/2023\\\/08\\\/jh-24.jpg\",\"contentUrl\":\"https:\\\/\\\/jazairhope.org\\\/wp-content\\\/uploads\\\/2023\\\/08\\\/jh-24.jpg\",\"width\":960,\"height\":640},{\"@type\":\"BreadcrumbList\",\"@id\":\"https:\\\/\\\/jazairhope.org\\\/fr\\\/hommage-a-lanp-et-aux-forces-de-securite-garantes-de-la-securite-nationale-face-aux-tensions-geostrategiques-et-au-terrorisme\\\/#breadcrumb\",\"itemListElement\":[{\"@type\":\"ListItem\",\"position\":1,\"name\":\"Accueil\",\"item\":\"https:\\\/\\\/jazairhope.org\\\/fr\\\/\"},{\"@type\":\"ListItem\",\"position\":2,\"name\":\"Hommage \u00e0 l&rsquo;ANP et aux forces de s\u00e9curit\u00e9, garantes de la s\u00e9curit\u00e9 nationale, face aux tensions g\u00e9ostrat\u00e9giques et au terrorisme\"}]},{\"@type\":\"WebSite\",\"@id\":\"https:\\\/\\\/jazairhope.org\\\/fr\\\/#website\",\"url\":\"https:\\\/\\\/jazairhope.org\\\/fr\\\/\",\"name\":\"AAH.JZR\",\"description\":\"Environment, Health, Science, Art, Economics\",\"potentialAction\":[{\"@type\":\"SearchAction\",\"target\":{\"@type\":\"EntryPoint\",\"urlTemplate\":\"https:\\\/\\\/jazairhope.org\\\/fr\\\/?s={search_term_string}\"},\"query-input\":{\"@type\":\"PropertyValueSpecification\",\"valueRequired\":true,\"valueName\":\"search_term_string\"}}],\"inLanguage\":\"fr-FR\"},{\"@type\":\"Person\",\"@id\":\"https:\\\/\\\/jazairhope.org\\\/fr\\\/#\\\/schema\\\/person\\\/0b50f60fad840cf92313307e38c9d20d\",\"name\":\"Hope Jzr\",\"image\":{\"@type\":\"ImageObject\",\"inLanguage\":\"fr-FR\",\"@id\":\"https:\\\/\\\/secure.gravatar.com\\\/avatar\\\/0a42f66f14ba94b77f351f3bb2f3b9389c4063acb1697ffb32f5d3944782d3e7?s=96&d=mm&r=g\",\"url\":\"https:\\\/\\\/secure.gravatar.com\\\/avatar\\\/0a42f66f14ba94b77f351f3bb2f3b9389c4063acb1697ffb32f5d3944782d3e7?s=96&d=mm&r=g\",\"contentUrl\":\"https:\\\/\\\/secure.gravatar.com\\\/avatar\\\/0a42f66f14ba94b77f351f3bb2f3b9389c4063acb1697ffb32f5d3944782d3e7?s=96&d=mm&r=g\",\"caption\":\"Hope Jzr\"},\"description\":\"\u00c0 propos de Hope&amp;ChaDia Hope&amp;ChaDia n\u2019est pas un pseudonyme, mais une m\u00e9thode de travail. Hope : l\u2019id\u00e9e, l\u2019esprit, la structure, la vision. C\u2019est l\u2019impulsion humaine qui choisit l\u2019angle, trace la ligne \u00e9ditoriale et donne le sens. ChaDia : l\u2019assistante, qui met en forme, d\u00e9veloppe, affine le style et v\u00e9rifie les faits. Une aide technologique qui amplifie mais ne cr\u00e9e pas. Ensemble, Hope&amp;ChaDia produisent des textes hybrides : profond\u00e9ment humains dans leur inspiration, rigoureux et pr\u00e9cis dans leur r\u00e9alisation. . . SUPPORTEZ JAZAIRHOPE ET FAITES CONNA\u00ceTRE LE PATRIMOINE ET L\u2019HISTOIRE DE L\u2019ALG\u00c9RIE, EN ACHETANT LE LIVRE DE JAZAIRHOPE POUR VOUS OU POUR L\u2019OFFRIR A VOS PROCHES, ICI : https:\\\/\\\/jazairhope.org\\\/fr\\\/ebook\\\/ CEUX EN ALG\u00c9RIE ET CEUX QUI PEUVENT PAS L\u2019ACHETER ON OFFRE UNE COPIE DIGITALE GRATUITE, POUR CELA ENVOYEZ UN EMAIL \u00c0 : INFO@JAZAIRHOPE.ORG\",\"url\":\"https:\\\/\\\/jazairhope.org\\\/fr\\\/author\\\/hope-jazair\\\/\"}]}<\/script>\n<!-- \/ Yoast SEO plugin. -->","yoast_head_json":{"title":"Hommage \u00e0 l'ANP et aux forces de s\u00e9curit\u00e9, garantes de la s\u00e9curit\u00e9 nationale, face  aux tensions g\u00e9ostrat\u00e9giques et au terrorisme - AAH.JZR","robots":{"index":"index","follow":"follow","max-snippet":"max-snippet:-1","max-image-preview":"max-image-preview:large","max-video-preview":"max-video-preview:-1"},"canonical":"https:\/\/jazairhope.org\/fr\/hommage-a-lanp-et-aux-forces-de-securite-garantes-de-la-securite-nationale-face-aux-tensions-geostrategiques-et-au-terrorisme\/","og_locale":"fr_FR","og_type":"article","og_title":"Hommage \u00e0 l'ANP et aux forces de s\u00e9curit\u00e9, garantes de la s\u00e9curit\u00e9 nationale, face  aux tensions g\u00e9ostrat\u00e9giques et au terrorisme - AAH.JZR","og_description":"Professeur Des universit\u00e9s, docteur d&#8217;Etat 1974\u00a0Expert international Abderrahmane MEBTOUL L&#8217;Alg\u00e9rie a c\u00e9l\u00e9br\u00e9, le 04 ao\u00fbt 2023 , la Journ\u00e9e nationale de l&#8217;Arm\u00e9e&hellip;","og_url":"https:\/\/jazairhope.org\/fr\/hommage-a-lanp-et-aux-forces-de-securite-garantes-de-la-securite-nationale-face-aux-tensions-geostrategiques-et-au-terrorisme\/","og_site_name":"AAH.JZR","article_publisher":"https:\/\/www.facebook.com\/jazairhope","article_published_time":"2023-08-07T00:00:41+00:00","og_image":[{"width":960,"height":640,"url":"https:\/\/jazairhope.org\/wp-content\/uploads\/2023\/08\/jh-24.jpg","type":"image\/jpeg"}],"author":"Hope Jzr","twitter_card":"summary_large_image","twitter_misc":{"\u00c9crit par":"Hope Jzr","Dur\u00e9e de lecture estim\u00e9e":"13 minutes"},"schema":{"@context":"https:\/\/schema.org","@graph":[{"@type":"Article","@id":"https:\/\/jazairhope.org\/fr\/hommage-a-lanp-et-aux-forces-de-securite-garantes-de-la-securite-nationale-face-aux-tensions-geostrategiques-et-au-terrorisme\/#article","isPartOf":{"@id":"https:\/\/jazairhope.org\/fr\/hommage-a-lanp-et-aux-forces-de-securite-garantes-de-la-securite-nationale-face-aux-tensions-geostrategiques-et-au-terrorisme\/"},"author":{"name":"Hope Jzr","@id":"https:\/\/jazairhope.org\/fr\/#\/schema\/person\/0b50f60fad840cf92313307e38c9d20d"},"headline":"Hommage \u00e0 l&#8217;ANP et aux forces de s\u00e9curit\u00e9, garantes de la s\u00e9curit\u00e9 nationale, face aux tensions g\u00e9ostrat\u00e9giques et au terrorisme","datePublished":"2023-08-07T00:00:41+00:00","mainEntityOfPage":{"@id":"https:\/\/jazairhope.org\/fr\/hommage-a-lanp-et-aux-forces-de-securite-garantes-de-la-securite-nationale-face-aux-tensions-geostrategiques-et-au-terrorisme\/"},"wordCount":3217,"commentCount":0,"image":{"@id":"https:\/\/jazairhope.org\/fr\/hommage-a-lanp-et-aux-forces-de-securite-garantes-de-la-securite-nationale-face-aux-tensions-geostrategiques-et-au-terrorisme\/#primaryimage"},"thumbnailUrl":"https:\/\/jazairhope.org\/wp-content\/uploads\/2023\/08\/jh-24.jpg","articleSection":["Articles en vedette","Politique"],"inLanguage":"fr-FR","potentialAction":[{"@type":"CommentAction","name":"Comment","target":["https:\/\/jazairhope.org\/fr\/hommage-a-lanp-et-aux-forces-de-securite-garantes-de-la-securite-nationale-face-aux-tensions-geostrategiques-et-au-terrorisme\/#respond"]}]},{"@type":"WebPage","@id":"https:\/\/jazairhope.org\/fr\/hommage-a-lanp-et-aux-forces-de-securite-garantes-de-la-securite-nationale-face-aux-tensions-geostrategiques-et-au-terrorisme\/","url":"https:\/\/jazairhope.org\/fr\/hommage-a-lanp-et-aux-forces-de-securite-garantes-de-la-securite-nationale-face-aux-tensions-geostrategiques-et-au-terrorisme\/","name":"Hommage \u00e0 l'ANP et aux forces de s\u00e9curit\u00e9, garantes de la s\u00e9curit\u00e9 nationale, face aux tensions g\u00e9ostrat\u00e9giques et au terrorisme - AAH.JZR","isPartOf":{"@id":"https:\/\/jazairhope.org\/fr\/#website"},"primaryImageOfPage":{"@id":"https:\/\/jazairhope.org\/fr\/hommage-a-lanp-et-aux-forces-de-securite-garantes-de-la-securite-nationale-face-aux-tensions-geostrategiques-et-au-terrorisme\/#primaryimage"},"image":{"@id":"https:\/\/jazairhope.org\/fr\/hommage-a-lanp-et-aux-forces-de-securite-garantes-de-la-securite-nationale-face-aux-tensions-geostrategiques-et-au-terrorisme\/#primaryimage"},"thumbnailUrl":"https:\/\/jazairhope.org\/wp-content\/uploads\/2023\/08\/jh-24.jpg","datePublished":"2023-08-07T00:00:41+00:00","author":{"@id":"https:\/\/jazairhope.org\/fr\/#\/schema\/person\/0b50f60fad840cf92313307e38c9d20d"},"breadcrumb":{"@id":"https:\/\/jazairhope.org\/fr\/hommage-a-lanp-et-aux-forces-de-securite-garantes-de-la-securite-nationale-face-aux-tensions-geostrategiques-et-au-terrorisme\/#breadcrumb"},"inLanguage":"fr-FR","potentialAction":[{"@type":"ReadAction","target":["https:\/\/jazairhope.org\/fr\/hommage-a-lanp-et-aux-forces-de-securite-garantes-de-la-securite-nationale-face-aux-tensions-geostrategiques-et-au-terrorisme\/"]}]},{"@type":"ImageObject","inLanguage":"fr-FR","@id":"https:\/\/jazairhope.org\/fr\/hommage-a-lanp-et-aux-forces-de-securite-garantes-de-la-securite-nationale-face-aux-tensions-geostrategiques-et-au-terrorisme\/#primaryimage","url":"https:\/\/jazairhope.org\/wp-content\/uploads\/2023\/08\/jh-24.jpg","contentUrl":"https:\/\/jazairhope.org\/wp-content\/uploads\/2023\/08\/jh-24.jpg","width":960,"height":640},{"@type":"BreadcrumbList","@id":"https:\/\/jazairhope.org\/fr\/hommage-a-lanp-et-aux-forces-de-securite-garantes-de-la-securite-nationale-face-aux-tensions-geostrategiques-et-au-terrorisme\/#breadcrumb","itemListElement":[{"@type":"ListItem","position":1,"name":"Accueil","item":"https:\/\/jazairhope.org\/fr\/"},{"@type":"ListItem","position":2,"name":"Hommage \u00e0 l&rsquo;ANP et aux forces de s\u00e9curit\u00e9, garantes de la s\u00e9curit\u00e9 nationale, face aux tensions g\u00e9ostrat\u00e9giques et au terrorisme"}]},{"@type":"WebSite","@id":"https:\/\/jazairhope.org\/fr\/#website","url":"https:\/\/jazairhope.org\/fr\/","name":"AAH.JZR","description":"Environment, Health, Science, Art, Economics","potentialAction":[{"@type":"SearchAction","target":{"@type":"EntryPoint","urlTemplate":"https:\/\/jazairhope.org\/fr\/?s={search_term_string}"},"query-input":{"@type":"PropertyValueSpecification","valueRequired":true,"valueName":"search_term_string"}}],"inLanguage":"fr-FR"},{"@type":"Person","@id":"https:\/\/jazairhope.org\/fr\/#\/schema\/person\/0b50f60fad840cf92313307e38c9d20d","name":"Hope Jzr","image":{"@type":"ImageObject","inLanguage":"fr-FR","@id":"https:\/\/secure.gravatar.com\/avatar\/0a42f66f14ba94b77f351f3bb2f3b9389c4063acb1697ffb32f5d3944782d3e7?s=96&d=mm&r=g","url":"https:\/\/secure.gravatar.com\/avatar\/0a42f66f14ba94b77f351f3bb2f3b9389c4063acb1697ffb32f5d3944782d3e7?s=96&d=mm&r=g","contentUrl":"https:\/\/secure.gravatar.com\/avatar\/0a42f66f14ba94b77f351f3bb2f3b9389c4063acb1697ffb32f5d3944782d3e7?s=96&d=mm&r=g","caption":"Hope Jzr"},"description":"\u00c0 propos de Hope&amp;ChaDia Hope&amp;ChaDia n\u2019est pas un pseudonyme, mais une m\u00e9thode de travail. Hope : l\u2019id\u00e9e, l\u2019esprit, la structure, la vision. C\u2019est l\u2019impulsion humaine qui choisit l\u2019angle, trace la ligne \u00e9ditoriale et donne le sens. ChaDia : l\u2019assistante, qui met en forme, d\u00e9veloppe, affine le style et v\u00e9rifie les faits. Une aide technologique qui amplifie mais ne cr\u00e9e pas. Ensemble, Hope&amp;ChaDia produisent des textes hybrides : profond\u00e9ment humains dans leur inspiration, rigoureux et pr\u00e9cis dans leur r\u00e9alisation. . . SUPPORTEZ JAZAIRHOPE ET FAITES CONNA\u00ceTRE LE PATRIMOINE ET L\u2019HISTOIRE DE L\u2019ALG\u00c9RIE, EN ACHETANT LE LIVRE DE JAZAIRHOPE POUR VOUS OU POUR L\u2019OFFRIR A VOS PROCHES, ICI : https:\/\/jazairhope.org\/fr\/ebook\/ CEUX EN ALG\u00c9RIE ET CEUX QUI PEUVENT PAS L\u2019ACHETER ON OFFRE UNE COPIE DIGITALE GRATUITE, POUR CELA ENVOYEZ UN EMAIL \u00c0 : INFO@JAZAIRHOPE.ORG","url":"https:\/\/jazairhope.org\/fr\/author\/hope-jazair\/"}]}},"views":328,"_links":{"self":[{"href":"https:\/\/jazairhope.org\/fr\/wp-json\/wp\/v2\/posts\/85432","targetHints":{"allow":["GET"]}}],"collection":[{"href":"https:\/\/jazairhope.org\/fr\/wp-json\/wp\/v2\/posts"}],"about":[{"href":"https:\/\/jazairhope.org\/fr\/wp-json\/wp\/v2\/types\/post"}],"author":[{"embeddable":true,"href":"https:\/\/jazairhope.org\/fr\/wp-json\/wp\/v2\/users\/50"}],"replies":[{"embeddable":true,"href":"https:\/\/jazairhope.org\/fr\/wp-json\/wp\/v2\/comments?post=85432"}],"version-history":[{"count":1,"href":"https:\/\/jazairhope.org\/fr\/wp-json\/wp\/v2\/posts\/85432\/revisions"}],"predecessor-version":[{"id":85436,"href":"https:\/\/jazairhope.org\/fr\/wp-json\/wp\/v2\/posts\/85432\/revisions\/85436"}],"wp:featuredmedia":[{"embeddable":true,"href":"https:\/\/jazairhope.org\/fr\/wp-json\/wp\/v2\/media\/85433"}],"wp:attachment":[{"href":"https:\/\/jazairhope.org\/fr\/wp-json\/wp\/v2\/media?parent=85432"}],"wp:term":[{"taxonomy":"category","embeddable":true,"href":"https:\/\/jazairhope.org\/fr\/wp-json\/wp\/v2\/categories?post=85432"},{"taxonomy":"post_tag","embeddable":true,"href":"https:\/\/jazairhope.org\/fr\/wp-json\/wp\/v2\/tags?post=85432"}],"curies":[{"name":"wp","href":"https:\/\/api.w.org\/{rel}","templated":true}]}}